{"id":4619,"date":"2026-05-28T11:18:19","date_gmt":"2026-05-28T14:18:19","guid":{"rendered":"https:\/\/www.encontrapiracicaba.com.br\/sobre\/camara-aprova-denominacoes-de-espacos-publicos\/"},"modified":"2026-05-28T11:18:19","modified_gmt":"2026-05-28T14:18:19","slug":"camara-aprova-denominacoes-de-espacos-publicos","status":"publish","type":"post","link":"https:\/\/www.encontrapiracicaba.com.br\/sobre\/camara-aprova-denominacoes-de-espacos-publicos\/","title":{"rendered":"C\u00e2mara aprova denomina\u00e7\u00f5es de espa\u00e7os p\u00fablicos"},"content":{"rendered":"<div class=\"85df007ed5c0c4d4b453fd13a37855e8\" data-index=\"1\" style=\"float: none; margin:0px;\">\n<!-- Anuncio display - global -->\r\n<ins class=\"adsbygoogle\"\r\n     style=\"display:block\"\r\n     data-ad-client=\"ca-pub-8585364105181520\"\r\n     data-ad-slot=\"8789329856\"\r\n     data-ad-format=\"auto\"\r\n     data-full-width-responsive=\"true\"><\/ins>\r\n<script>\r\n     (adsbygoogle = window.adsbygoogle || []).push({});\r\n<\/script>\n<\/div>\n<h2>O que motivou as novas denomina\u00e7\u00f5es de espa\u00e7os?<\/h2>\n<p>A recente aprova\u00e7\u00e3o de novas denomina\u00e7\u00f5es de espa\u00e7os p\u00fablicos em Piracicaba reflete uma a\u00e7\u00e3o deliberada para reconhecer e honrar a contribui\u00e7\u00e3o de cidad\u00e3os que impactaram positivamente a comunidade. Essas homenagens n\u00e3o apenas perpetuam a mem\u00f3ria dos homenageados, mas tamb\u00e9m fortalecem o sentimento de pertencimento e identidade na cidade. Em um mundo onde a conex\u00e3o comunit\u00e1ria \u00e9 frequentemente negligenciada, essas iniciativas desempenham um papel vital em unir os moradores em torno de suas ra\u00edzes e tradi\u00e7\u00f5es.<\/p>\n<h2>Quem s\u00e3o os cidad\u00e3os homenageados?<\/h2>\n<p>Os projetos aprovados trazem \u00e0 tona hist\u00f3rias de vida de indiv\u00edduos que se destacaram por suas obras e a\u00e7\u00f5es em benef\u00edcio do bem-estar social. Por exemplo, um dos projetos busca dar o nome de Jo\u00e3o Magrini a um espa\u00e7o de lazer no Residencial Reserva do Engenho 2. Origin\u00e1rio da Argentina, Jo\u00e3o estabeleceu-se no bairro Tanquinho, onde deixou sua marca como trabalhador rural. Outra proposta exalta a figura de Jo\u00e3o Matias Gardenal, cujo nome ser\u00e1 atribu\u00eddo a uma \u00e1rea recreativa no loteamento Uninorte, em reconhecimento a seu profundo v\u00ednculo com a comunidade que o cercava.<\/p>\n<h2>A import\u00e2ncia do reconhecimento comunit\u00e1rio<\/h2>\n<p>Reconhecer a contribui\u00e7\u00e3o de cidad\u00e3os \u00e9 vital para a constru\u00e7\u00e3o de um legado positivo e inspirador. Ao nomear espa\u00e7os p\u00fablicos em honra a pessoas que dedicaram suas vidas \u00e0 constru\u00e7\u00e3o de uma sociedade melhor, a C\u00e2mara Municipal de Piracicaba destaca valores como compromisso, solidariedade e respeito. Esse reconhecimento vai al\u00e9m de uma simples nomenclatura; \u00e9 uma forma de ensinar \u00e0s futuras gera\u00e7\u00f5es sobre o valor do engajamento c\u00edvico e do altru\u00edsmo.<\/p>\n<p><img decoding=\"async\" src=\"https:\/\/www.encontrapiracicaba.com.br\/sobre\/wp-content\/uploads\/camara-aprova-denominacoes-de-espacos-publicos.webp\" alt=\"denomina\u00e7\u00f5es de espa\u00e7os p\u00fablicos\" loading=\"lazy\" \/><\/p>\n<h2>Como as denomina\u00e7\u00f5es afetam a cultura local<\/h2>\n<p>A afetividade que esses nomes carregam pode transformar a maneira como os moradores se relacionam com os espa\u00e7os p\u00fablicos. Cada nome traz consigo uma narrativa que infunde significado ao local. Os cidad\u00e3os que frequentam esses lugares n\u00e3o se limitam a utiliz\u00e1-los; passam a vivenci\u00e1-los atrav\u00e9s das hist\u00f3rias de vida que ali est\u00e3o incorporadas, criando uma cultura de respeito e valoriza\u00e7\u00e3o do que \u00e9 local.<\/p>\n<h2>Entendendo o processo legislativo por tr\u00e1s das homenagens<\/h2>\n<p>O processo de cria\u00e7\u00e3o e aprova\u00e7\u00e3o das denomina\u00e7\u00f5es de espa\u00e7os p\u00fablicos na C\u00e2mara \u00e9 uma tarefa estruturada e cuidadosa. As propostas, que passam pela Comiss\u00e3o de Legisla\u00e7\u00e3o, Justi\u00e7a e Reda\u00e7\u00e3o, recebem uma an\u00e1lise rigorosa antes de serem submetidas a vota\u00e7\u00e3o. Essa estrutura busca garantir que as homenagens sejam feitas em respeito aos crit\u00e9rios legais e \u00e0 relev\u00e2ncia p\u00fablica das figuras homenageadas. \u00c9 uma forma de assegurar que o legado de cada homenageado ter\u00e1 um lugar de destaque na mem\u00f3ria coletiva do munic\u00edpio.<\/p>\n<h2>Impacto na identidade da cidade<\/h2>\n<p>A ado\u00e7\u00e3o de novos nomes para espa\u00e7os p\u00fablicos contribui diretamente para a constru\u00e7\u00e3o da identidade de Piracicaba. Esses espa\u00e7os tornam-se pontos de refer\u00eancia que, em \u00faltima an\u00e1lise, facilitam a forma\u00e7\u00e3o de uma narrativa urbana mais rica e diversificada. Com o tempo, ser\u00e3o reconhecidos n\u00e3o apenas por suas fun\u00e7\u00f5es, mas tamb\u00e9m como lugares de lembran\u00e7a e aprendizado, moldando o car\u00e1ter da cidade e seu lugar na hist\u00f3ria.<\/p>\n<h2>Hist\u00f3rias inspiradoras por tr\u00e1s das denomina\u00e7\u00f5es<\/h2>\n<p>Cada nome representa uma hist\u00f3ria \u00fanica que deve ser compartilhada. Por exemplo, Marcelina Casotti Cavicchiolli, cujo nome ser\u00e1 atribu\u00eddo a uma via p\u00fablica, \u00e9 lembrada por sua contribui\u00e7\u00e3o \u00e0 Rede S\u00e3o Vicente e pela sua dedica\u00e7\u00e3o a a\u00e7\u00f5es de caridade. Essas hist\u00f3rias, quando contadas, servem como inspira\u00e7\u00e3o e motiva\u00e7\u00e3o para que outros tamb\u00e9m se empenhem em causas sociais, criando um ciclo de promo\u00e7\u00e3o do bem-estar comunit\u00e1rio.<\/p>\n<h2>O papel da C\u00e2mara Municipal na comunidade<\/h2>\n<p>A C\u00e2mara Municipal n\u00e3o atua apenas como um \u00f3rg\u00e3o legislativo, mas tamb\u00e9m como um catalisador de mudan\u00e7as socioculturais. Suas decis\u00f5es t\u00eam um papel significativo em moldar a percep\u00e7\u00e3o p\u00fablica e em promover a valoriza\u00e7\u00e3o cultural. Ao promover homenagens que representam a diversidade da popula\u00e7\u00e3o local, a C\u00e2mara ratifica seu compromisso com a inclus\u00e3o e a participa\u00e7\u00e3o cidad\u00e3.<\/p>\n<h2>Feedback da popula\u00e7\u00e3o sobre as homenagens<\/h2>\n<p>O envolvimento da popula\u00e7\u00e3o no processo de denomina\u00e7\u00e3o \u00e9 muitos vezes impactante. Atrav\u00e9s de consultas e intera\u00e7\u00f5es, a C\u00e2mara pode ouvir sugest\u00f5es e receios dos moradores, enriquecendo assim o processo legislativo. Muitas vezes, o feedback positivo gerado por essas homenagens cresceu na comunidade, resultando em um sentimento de orgulho compartilhado e pertencimento entre os cidad\u00e3os.<\/p>\n<h2>Pr\u00f3ximos passos para novas denomina\u00e7\u00f5es<\/h2>\n<p>O sucesso da recente aprova\u00e7\u00e3o das denomina\u00e7\u00f5es abre espa\u00e7o para que mais espa\u00e7os possam receber homenagens no futuro. A C\u00e2mara Municipal deve manter um di\u00e1logo aberto com a popula\u00e7\u00e3o, incentivando a apresenta\u00e7\u00e3o de novas sugest\u00f5es e a valoriza\u00e7\u00e3o de outras figuras que merecem reconhecimento. Esse processo cont\u00ednuo \u00e9 fundamental para garantir que a hist\u00f3ria e a cultura de Piracicaba sejam preservadas e celebradas.<\/p>\n\n<div style=\"font-size: 0px; height: 0px; line-height: 0px; margin: 0; padding: 0; clear: both;\"><\/div>","protected":false},"excerpt":{"rendered":"<p>C\u00e2mara aprova denomina\u00e7\u00f5es de espa\u00e7os p\u00fablicos em homenagem a cidad\u00e3os significativos.<\/p>\n","protected":false},"author":1,"featured_media":4618,"comment_status":"closed","ping_status":"closed","sticky":false,"template":"","format":"standard","meta":{"footnotes":""},"categories":[6],"tags":[],"class_list":["post-4619","post","type-post","status-publish","format-standard","has-post-thumbnail","hentry","category-noticias-em-piracicaba","has_thumb"],"aioseo_notices":[],"aioseo_head":"\n\t\t<!-- All in One SEO 5.0.0.1 - aioseo.com -->\n\t<meta name=\"robots\" content=\"max-image-preview:large\" \/>\n\t<meta name=\"author\" content=\"Encontra Piracicaba\"\/>\n\t<link rel=\"canonical\" href=\"https:\/\/www.encontrapiracicaba.com.br\/sobre\/camara-aprova-denominacoes-de-espacos-publicos\/\" \/>\n\t<meta name=\"generator\" content=\"All in One SEO (AIOSEO) 5.0.0.1\" \/>\n\t\t<meta property=\"og:locale\" content=\"pt_BR\" \/>\n\t\t<meta property=\"og:site_name\" content=\"Encontra Piracicaba | Not\u00edcias, eventos, informa\u00e7\u00f5es e dicas na cidade de Piracicaba e regi\u00e3o\" \/>\n\t\t<meta property=\"og:type\" content=\"article\" \/>\n\t\t<meta property=\"og:title\" content=\"C\u00e2mara aprova denomina\u00e7\u00f5es de espa\u00e7os p\u00fablicos | Encontra Piracicaba\" \/>\n\t\t<meta property=\"og:url\" content=\"https:\/\/www.encontrapiracicaba.com.br\/sobre\/camara-aprova-denominacoes-de-espacos-publicos\/\" \/>\n\t\t<meta property=\"article:published_time\" content=\"2026-05-28T14:18:19+00:00\" \/>\n\t\t<meta property=\"article:modified_time\" content=\"2026-05-28T14:18:19+00:00\" \/>\n\t\t<meta name=\"twitter:card\" content=\"summary\" \/>\n\t\t<meta name=\"twitter:title\" content=\"C\u00e2mara aprova denomina\u00e7\u00f5es de espa\u00e7os p\u00fablicos | Encontra Piracicaba\" \/>\n\t\t<script type=\"application\/ld+json\" class=\"aioseo-schema\">\n\t\t\t{\"@context\":\"https:\\\/\\\/schema.org\",\"@graph\":[{\"@type\":\"Article\",\"@id\":\"https:\\\/\\\/www.encontrapiracicaba.com.br\\\/sobre\\\/camara-aprova-denominacoes-de-espacos-publicos\\\/#article\",\"name\":\"C\\u00e2mara aprova denomina\\u00e7\\u00f5es de espa\\u00e7os p\\u00fablicos | Encontra Piracicaba\",\"headline\":\"C\\u00e2mara aprova denomina\\u00e7\\u00f5es de espa\\u00e7os p\\u00fablicos\",\"author\":{\"@id\":\"https:\\\/\\\/www.encontrapiracicaba.com.br\\\/sobre\\\/author\\\/epiracicaba\\\/#author\"},\"publisher\":{\"@id\":\"https:\\\/\\\/www.encontrapiracicaba.com.br\\\/sobre\\\/#organization\"},\"image\":{\"@type\":\"ImageObject\",\"url\":\"https:\\\/\\\/www.encontrapiracicaba.com.br\\\/sobre\\\/wp-content\\\/uploads\\\/camara-aprova-denominacoes-de-espacos-publicos.webp\",\"width\":280,\"height\":280,\"caption\":\"denomina\\u00e7\\u00f5es de espa\\u00e7os p\\u00fablicos\"},\"datePublished\":\"2026-05-28T11:18:19-03:00\",\"dateModified\":\"2026-05-28T11:18:19-03:00\",\"inLanguage\":\"pt-BR\",\"mainEntityOfPage\":{\"@id\":\"https:\\\/\\\/www.encontrapiracicaba.com.br\\\/sobre\\\/camara-aprova-denominacoes-de-espacos-publicos\\\/#webpage\"},\"isPartOf\":{\"@id\":\"https:\\\/\\\/www.encontrapiracicaba.com.br\\\/sobre\\\/camara-aprova-denominacoes-de-espacos-publicos\\\/#webpage\"},\"articleSection\":\"Not\\u00edcias Piracicaba\"},{\"@type\":\"BreadcrumbList\",\"@id\":\"https:\\\/\\\/www.encontrapiracicaba.com.br\\\/sobre\\\/camara-aprova-denominacoes-de-espacos-publicos\\\/#breadcrumblist\",\"itemListElement\":[{\"@type\":\"ListItem\",\"@id\":\"https:\\\/\\\/www.encontrapiracicaba.com.br\\\/sobre#listItem\",\"position\":1,\"name\":\"In\\u00edcio\",\"item\":\"https:\\\/\\\/www.encontrapiracicaba.com.br\\\/sobre\",\"nextItem\":{\"@type\":\"ListItem\",\"@id\":\"https:\\\/\\\/www.encontrapiracicaba.com.br\\\/sobre\\\/noticias-em-piracicaba\\\/#listItem\",\"name\":\"Not\\u00edcias Piracicaba\"}},{\"@type\":\"ListItem\",\"@id\":\"https:\\\/\\\/www.encontrapiracicaba.com.br\\\/sobre\\\/noticias-em-piracicaba\\\/#listItem\",\"position\":2,\"name\":\"Not\\u00edcias Piracicaba\",\"item\":\"https:\\\/\\\/www.encontrapiracicaba.com.br\\\/sobre\\\/noticias-em-piracicaba\\\/\",\"nextItem\":{\"@type\":\"ListItem\",\"@id\":\"https:\\\/\\\/www.encontrapiracicaba.com.br\\\/sobre\\\/camara-aprova-denominacoes-de-espacos-publicos\\\/#listItem\",\"name\":\"C\\u00e2mara aprova denomina\\u00e7\\u00f5es de espa\\u00e7os p\\u00fablicos\"},\"previousItem\":{\"@type\":\"ListItem\",\"@id\":\"https:\\\/\\\/www.encontrapiracicaba.com.br\\\/sobre#listItem\",\"name\":\"In\\u00edcio\"}},{\"@type\":\"ListItem\",\"@id\":\"https:\\\/\\\/www.encontrapiracicaba.com.br\\\/sobre\\\/camara-aprova-denominacoes-de-espacos-publicos\\\/#listItem\",\"position\":3,\"name\":\"C\\u00e2mara aprova denomina\\u00e7\\u00f5es de espa\\u00e7os p\\u00fablicos\",\"previousItem\":{\"@type\":\"ListItem\",\"@id\":\"https:\\\/\\\/www.encontrapiracicaba.com.br\\\/sobre\\\/noticias-em-piracicaba\\\/#listItem\",\"name\":\"Not\\u00edcias Piracicaba\"}}]},{\"@type\":\"Organization\",\"@id\":\"https:\\\/\\\/www.encontrapiracicaba.com.br\\\/sobre\\\/#organization\",\"name\":\"Encontra Piracicaba\",\"description\":\"Not\\u00edcias, eventos, informa\\u00e7\\u00f5es e dicas na cidade de Piracicaba e regi\\u00e3o\",\"url\":\"https:\\\/\\\/www.encontrapiracicaba.com.br\\\/sobre\\\/\"},{\"@type\":\"Person\",\"@id\":\"https:\\\/\\\/www.encontrapiracicaba.com.br\\\/sobre\\\/author\\\/epiracicaba\\\/#author\",\"url\":\"https:\\\/\\\/www.encontrapiracicaba.com.br\\\/sobre\\\/author\\\/epiracicaba\\\/\",\"name\":\"Encontra Piracicaba\",\"image\":{\"@type\":\"ImageObject\",\"@id\":\"https:\\\/\\\/www.encontrapiracicaba.com.br\\\/sobre\\\/camara-aprova-denominacoes-de-espacos-publicos\\\/#authorImage\",\"url\":\"https:\\\/\\\/secure.gravatar.com\\\/avatar\\\/507340682b8270222e1f208e23198b6ae7e2c6a1033ae84e99bc6bce4f82a387?s=96&d=mm&r=g\",\"width\":96,\"height\":96,\"caption\":\"Encontra Piracicaba\"}},{\"@type\":\"WebPage\",\"@id\":\"https:\\\/\\\/www.encontrapiracicaba.com.br\\\/sobre\\\/camara-aprova-denominacoes-de-espacos-publicos\\\/#webpage\",\"url\":\"https:\\\/\\\/www.encontrapiracicaba.com.br\\\/sobre\\\/camara-aprova-denominacoes-de-espacos-publicos\\\/\",\"name\":\"C\\u00e2mara aprova denomina\\u00e7\\u00f5es de espa\\u00e7os p\\u00fablicos | Encontra Piracicaba\",\"inLanguage\":\"pt-BR\",\"isPartOf\":{\"@id\":\"https:\\\/\\\/www.encontrapiracicaba.com.br\\\/sobre\\\/#website\"},\"breadcrumb\":{\"@id\":\"https:\\\/\\\/www.encontrapiracicaba.com.br\\\/sobre\\\/camara-aprova-denominacoes-de-espacos-publicos\\\/#breadcrumblist\"},\"author\":{\"@id\":\"https:\\\/\\\/www.encontrapiracicaba.com.br\\\/sobre\\\/author\\\/epiracicaba\\\/#author\"},\"creator\":{\"@id\":\"https:\\\/\\\/www.encontrapiracicaba.com.br\\\/sobre\\\/author\\\/epiracicaba\\\/#author\"},\"image\":{\"@type\":\"ImageObject\",\"url\":\"https:\\\/\\\/www.encontrapiracicaba.com.br\\\/sobre\\\/wp-content\\\/uploads\\\/camara-aprova-denominacoes-de-espacos-publicos.webp\",\"@id\":\"https:\\\/\\\/www.encontrapiracicaba.com.br\\\/sobre\\\/camara-aprova-denominacoes-de-espacos-publicos\\\/#mainImage\",\"width\":280,\"height\":280,\"caption\":\"denomina\\u00e7\\u00f5es de espa\\u00e7os p\\u00fablicos\"},\"primaryImageOfPage\":{\"@id\":\"https:\\\/\\\/www.encontrapiracicaba.com.br\\\/sobre\\\/camara-aprova-denominacoes-de-espacos-publicos\\\/#mainImage\"},\"datePublished\":\"2026-05-28T11:18:19-03:00\",\"dateModified\":\"2026-05-28T11:18:19-03:00\"},{\"@type\":\"WebSite\",\"@id\":\"https:\\\/\\\/www.encontrapiracicaba.com.br\\\/sobre\\\/#website\",\"url\":\"https:\\\/\\\/www.encontrapiracicaba.com.br\\\/sobre\\\/\",\"name\":\"Encontra Piracicaba\",\"description\":\"Not\\u00edcias, eventos, informa\\u00e7\\u00f5es e dicas na cidade de Piracicaba e regi\\u00e3o\",\"inLanguage\":\"pt-BR\",\"publisher\":{\"@id\":\"https:\\\/\\\/www.encontrapiracicaba.com.br\\\/sobre\\\/#organization\"}}]}\n\t\t<\/script>\n\t\t<!-- All in One SEO -->\n\n","aioseo_head_json":{"title":"C\u00e2mara aprova denomina\u00e7\u00f5es de espa\u00e7os p\u00fablicos | Encontra Piracicaba","description":"","canonical_url":"https:\/\/www.encontrapiracicaba.com.br\/sobre\/camara-aprova-denominacoes-de-espacos-publicos\/","robots":"max-image-preview:large","keywords":"","webmasterTools":{"miscellaneous":""},"schema":{"@context":"https:\/\/schema.org","@graph":[{"@type":"Article","@id":"https:\/\/www.encontrapiracicaba.com.br\/sobre\/camara-aprova-denominacoes-de-espacos-publicos\/#article","name":"C\u00e2mara aprova denomina\u00e7\u00f5es de espa\u00e7os p\u00fablicos | Encontra Piracicaba","headline":"C\u00e2mara aprova denomina\u00e7\u00f5es de espa\u00e7os p\u00fablicos","author":{"@id":"https:\/\/www.encontrapiracicaba.com.br\/sobre\/author\/epiracicaba\/#author"},"publisher":{"@id":"https:\/\/www.encontrapiracicaba.com.br\/sobre\/#organization"},"image":{"@type":"ImageObject","url":"https:\/\/www.encontrapiracicaba.com.br\/sobre\/wp-content\/uploads\/camara-aprova-denominacoes-de-espacos-publicos.webp","width":280,"height":280,"caption":"denomina\u00e7\u00f5es de espa\u00e7os p\u00fablicos"},"datePublished":"2026-05-28T11:18:19-03:00","dateModified":"2026-05-28T11:18:19-03:00","inLanguage":"pt-BR","mainEntityOfPage":{"@id":"https:\/\/www.encontrapiracicaba.com.br\/sobre\/camara-aprova-denominacoes-de-espacos-publicos\/#webpage"},"isPartOf":{"@id":"https:\/\/www.encontrapiracicaba.com.br\/sobre\/camara-aprova-denominacoes-de-espacos-publicos\/#webpage"},"articleSection":"Not\u00edcias Piracicaba"},{"@type":"BreadcrumbList","@id":"https:\/\/www.encontrapiracicaba.com.br\/sobre\/camara-aprova-denominacoes-de-espacos-publicos\/#breadcrumblist","itemListElement":[{"@type":"ListItem","@id":"https:\/\/www.encontrapiracicaba.com.br\/sobre#listItem","position":1,"name":"In\u00edcio","item":"https:\/\/www.encontrapiracicaba.com.br\/sobre","nextItem":{"@type":"ListItem","@id":"https:\/\/www.encontrapiracicaba.com.br\/sobre\/noticias-em-piracicaba\/#listItem","name":"Not\u00edcias Piracicaba"}},{"@type":"ListItem","@id":"https:\/\/www.encontrapiracicaba.com.br\/sobre\/noticias-em-piracicaba\/#listItem","position":2,"name":"Not\u00edcias Piracicaba","item":"https:\/\/www.encontrapiracicaba.com.br\/sobre\/noticias-em-piracicaba\/","nextItem":{"@type":"ListItem","@id":"https:\/\/www.encontrapiracicaba.com.br\/sobre\/camara-aprova-denominacoes-de-espacos-publicos\/#listItem","name":"C\u00e2mara aprova denomina\u00e7\u00f5es de espa\u00e7os p\u00fablicos"},"previousItem":{"@type":"ListItem","@id":"https:\/\/www.encontrapiracicaba.com.br\/sobre#listItem","name":"In\u00edcio"}},{"@type":"ListItem","@id":"https:\/\/www.encontrapiracicaba.com.br\/sobre\/camara-aprova-denominacoes-de-espacos-publicos\/#listItem","position":3,"name":"C\u00e2mara aprova denomina\u00e7\u00f5es de espa\u00e7os p\u00fablicos","previousItem":{"@type":"ListItem","@id":"https:\/\/www.encontrapiracicaba.com.br\/sobre\/noticias-em-piracicaba\/#listItem","name":"Not\u00edcias Piracicaba"}}]},{"@type":"Organization","@id":"https:\/\/www.encontrapiracicaba.com.br\/sobre\/#organization","name":"Encontra Piracicaba","description":"Not\u00edcias, eventos, informa\u00e7\u00f5es e dicas na cidade de Piracicaba e regi\u00e3o","url":"https:\/\/www.encontrapiracicaba.com.br\/sobre\/"},{"@type":"Person","@id":"https:\/\/www.encontrapiracicaba.com.br\/sobre\/author\/epiracicaba\/#author","url":"https:\/\/www.encontrapiracicaba.com.br\/sobre\/author\/epiracicaba\/","name":"Encontra Piracicaba","image":{"@type":"ImageObject","@id":"https:\/\/www.encontrapiracicaba.com.br\/sobre\/camara-aprova-denominacoes-de-espacos-publicos\/#authorImage","url":"https:\/\/secure.gravatar.com\/avatar\/507340682b8270222e1f208e23198b6ae7e2c6a1033ae84e99bc6bce4f82a387?s=96&d=mm&r=g","width":96,"height":96,"caption":"Encontra Piracicaba"}},{"@type":"WebPage","@id":"https:\/\/www.encontrapiracicaba.com.br\/sobre\/camara-aprova-denominacoes-de-espacos-publicos\/#webpage","url":"https:\/\/www.encontrapiracicaba.com.br\/sobre\/camara-aprova-denominacoes-de-espacos-publicos\/","name":"C\u00e2mara aprova denomina\u00e7\u00f5es de espa\u00e7os p\u00fablicos | Encontra Piracicaba","inLanguage":"pt-BR","isPartOf":{"@id":"https:\/\/www.encontrapiracicaba.com.br\/sobre\/#website"},"breadcrumb":{"@id":"https:\/\/www.encontrapiracicaba.com.br\/sobre\/camara-aprova-denominacoes-de-espacos-publicos\/#breadcrumblist"},"author":{"@id":"https:\/\/www.encontrapiracicaba.com.br\/sobre\/author\/epiracicaba\/#author"},"creator":{"@id":"https:\/\/www.encontrapiracicaba.com.br\/sobre\/author\/epiracicaba\/#author"},"image":{"@type":"ImageObject","url":"https:\/\/www.encontrapiracicaba.com.br\/sobre\/wp-content\/uploads\/camara-aprova-denominacoes-de-espacos-publicos.webp","@id":"https:\/\/www.encontrapiracicaba.com.br\/sobre\/camara-aprova-denominacoes-de-espacos-publicos\/#mainImage","width":280,"height":280,"caption":"denomina\u00e7\u00f5es de espa\u00e7os p\u00fablicos"},"primaryImageOfPage":{"@id":"https:\/\/www.encontrapiracicaba.com.br\/sobre\/camara-aprova-denominacoes-de-espacos-publicos\/#mainImage"},"datePublished":"2026-05-28T11:18:19-03:00","dateModified":"2026-05-28T11:18:19-03:00"},{"@type":"WebSite","@id":"https:\/\/www.encontrapiracicaba.com.br\/sobre\/#website","url":"https:\/\/www.encontrapiracicaba.com.br\/sobre\/","name":"Encontra Piracicaba","description":"Not\u00edcias, eventos, informa\u00e7\u00f5es e dicas na cidade de Piracicaba e regi\u00e3o","inLanguage":"pt-BR","publisher":{"@id":"https:\/\/www.encontrapiracicaba.com.br\/sobre\/#organization"}}]},"og:locale":"pt_BR","og:site_name":"Encontra Piracicaba | Not\u00edcias, eventos, informa\u00e7\u00f5es e dicas na cidade de Piracicaba e regi\u00e3o","og:type":"article","og:title":"C\u00e2mara aprova denomina\u00e7\u00f5es de espa\u00e7os p\u00fablicos | Encontra Piracicaba","og:url":"https:\/\/www.encontrapiracicaba.com.br\/sobre\/camara-aprova-denominacoes-de-espacos-publicos\/","article:published_time":"2026-05-28T14:18:19+00:00","article:modified_time":"2026-05-28T14:18:19+00:00","twitter:card":"summary","twitter:title":"C\u00e2mara aprova denomina\u00e7\u00f5es de espa\u00e7os p\u00fablicos | Encontra Piracicaba"},"aioseo_meta_data":{"post_id":"4619","title":null,"description":null,"keywords":null,"keyphrases":null,"primary_term":null,"canonical_url":null,"og_title":null,"og_description":null,"og_object_type":"default","og_image_type":"default","og_image_url":null,"og_image_width":null,"og_image_height":null,"og_image_custom_url":null,"og_image_custom_fields":null,"og_video":null,"og_custom_url":null,"og_article_section":null,"og_article_tags":null,"twitter_use_og":false,"twitter_card":"default","twitter_image_type":"default","twitter_image_url":null,"twitter_image_custom_url":null,"twitter_image_custom_fields":null,"twitter_title":null,"twitter_description":null,"schema":{"blockGraphs":[],"customGraphs":[],"default":{"data":{"Article":[],"Course":[],"Dataset":[],"FAQPage":[],"Movie":[],"Person":[],"Product":[],"ProductReview":[],"Car":[],"Recipe":[],"Service":[],"SoftwareApplication":[],"WebPage":[]},"graphName":"Article","isEnabled":true},"graphs":[]},"schema_type":"default","schema_type_options":null,"pillar_content":false,"robots_default":true,"robots_noindex":false,"robots_noarchive":false,"robots_nosnippet":false,"robots_nofollow":false,"robots_noimageindex":false,"robots_noodp":false,"robots_notranslate":false,"robots_max_snippet":null,"robots_max_videopreview":null,"robots_max_imagepreview":"large","priority":null,"frequency":null,"local_seo":null,"breadcrumb_settings":null,"limit_modified_date":false,"ai":null,"created":"2026-05-28 14:18:23","updated":"2026-05-28 14:23:24","focus_keyword":null,"additional_keywords":null,"truseo_locale":null,"seo_analyzer_scan_date":null},"aioseo_breadcrumb":"<div class=\"aioseo-breadcrumbs\"><span class=\"aioseo-breadcrumb\">\n\t\t\t<a href=\"https:\/\/www.encontrapiracicaba.com.br\/sobre\" title=\"In\u00edcio\">In\u00edcio<\/a>\n\t\t<\/span><span class=\"aioseo-breadcrumb-separator\">&raquo;<\/span><span class=\"aioseo-breadcrumb\">\n\t\t\t<a href=\"https:\/\/www.encontrapiracicaba.com.br\/sobre\/noticias-em-piracicaba\/\" title=\"Not\u00edcias Piracicaba\">Not\u00edcias Piracicaba<\/a>\n\t\t<\/span><span class=\"aioseo-breadcrumb-separator\">&raquo;<\/span><span class=\"aioseo-breadcrumb\">\n\t\t\tC\u00e2mara aprova denomina\u00e7\u00f5es de espa\u00e7os p\u00fablicos\n\t\t<\/span><\/div>","aioseo_breadcrumb_json":[{"label":"In\u00edcio","link":"https:\/\/www.encontrapiracicaba.com.br\/sobre"},{"label":"Not\u00edcias Piracicaba","link":"https:\/\/www.encontrapiracicaba.com.br\/sobre\/noticias-em-piracicaba\/"},{"label":"C\u00e2mara aprova denomina\u00e7\u00f5es de espa\u00e7os p\u00fablicos","link":"https:\/\/www.encontrapiracicaba.com.br\/sobre\/camara-aprova-denominacoes-de-espacos-publicos\/"}],"_links":{"self":[{"href":"https:\/\/www.encontrapiracicaba.com.br\/sobre\/wp-json\/wp\/v2\/posts\/4619","targetHints":{"allow":["GET"]}}],"collection":[{"href":"https:\/\/www.encontrapiracicaba.com.br\/sobre\/wp-json\/wp\/v2\/posts"}],"about":[{"href":"https:\/\/www.encontrapiracicaba.com.br\/sobre\/wp-json\/wp\/v2\/types\/post"}],"author":[{"embeddable":true,"href":"https:\/\/www.encontrapiracicaba.com.br\/sobre\/wp-json\/wp\/v2\/users\/1"}],"replies":[{"embeddable":true,"href":"https:\/\/www.encontrapiracicaba.com.br\/sobre\/wp-json\/wp\/v2\/comments?post=4619"}],"version-history":[{"count":0,"href":"https:\/\/www.encontrapiracicaba.com.br\/sobre\/wp-json\/wp\/v2\/posts\/4619\/revisions"}],"wp:featuredmedia":[{"embeddable":true,"href":"https:\/\/www.encontrapiracicaba.com.br\/sobre\/wp-json\/wp\/v2\/media\/4618"}],"wp:attachment":[{"href":"https:\/\/www.encontrapiracicaba.com.br\/sobre\/wp-json\/wp\/v2\/media?parent=4619"}],"wp:term":[{"taxonomy":"category","embeddable":true,"href":"https:\/\/www.encontrapiracicaba.com.br\/sobre\/wp-json\/wp\/v2\/categories?post=4619"},{"taxonomy":"post_tag","embeddable":true,"href":"https:\/\/www.encontrapiracicaba.com.br\/sobre\/wp-json\/wp\/v2\/tags?post=4619"}],"curies":[{"name":"wp","href":"https:\/\/api.w.org\/{rel}","templated":true}]}}