{"id":4635,"date":"2026-06-01T11:17:04","date_gmt":"2026-06-01T14:17:04","guid":{"rendered":"https:\/\/www.encontrapiracicaba.com.br\/sobre\/camara-aprova-a-realizacao-de-mais-3-audiencias-publicas-confira-as-datas\/"},"modified":"2026-06-01T11:17:04","modified_gmt":"2026-06-01T14:17:04","slug":"camara-aprova-a-realizacao-de-mais-3-audiencias-publicas-confira-as-datas","status":"publish","type":"post","link":"https:\/\/www.encontrapiracicaba.com.br\/sobre\/camara-aprova-a-realizacao-de-mais-3-audiencias-publicas-confira-as-datas\/","title":{"rendered":"C\u00e2mara aprova a realiza\u00e7\u00e3o de mais 3 audi\u00eancias p\u00fablicas; confira as datas"},"content":{"rendered":"<div class=\"85df007ed5c0c4d4b453fd13a37855e8\" data-index=\"1\" style=\"float: none; margin:0px;\">\n<!-- Anuncio display - global -->\r\n<ins class=\"adsbygoogle\"\r\n     style=\"display:block\"\r\n     data-ad-client=\"ca-pub-8585364105181520\"\r\n     data-ad-slot=\"8789329856\"\r\n     data-ad-format=\"auto\"\r\n     data-full-width-responsive=\"true\"><\/ins>\r\n<script>\r\n     (adsbygoogle = window.adsbygoogle || []).push({});\r\n<\/script>\n<\/div>\n<h2>Entendendo a Import\u00e2ncia das Audi\u00eancias P\u00fablicas<\/h2>\n<p>As audi\u00eancias p\u00fablicas s\u00e3o ferramentas fundamentais no processo democr\u00e1tico, permitindo a participa\u00e7\u00e3o ativa da sociedade em quest\u00f5es relevantes para a gest\u00e3o p\u00fablica. Elas representam uma oportunidade para que cidad\u00e3os expressem suas opini\u00f5es, preocupa\u00e7\u00f5es e sugest\u00f5es sobre diversos temas que impactam suas vidas e o funcionamento da comunidade.<\/p>\n<p>Esses eventos promovem um di\u00e1logo aberto entre a administra\u00e7\u00e3o p\u00fablica e a popula\u00e7\u00e3o, trazendo transpar\u00eancia e contribuindo para decis\u00f5es mais informadas e efetivas. Atrav\u00e9s das audi\u00eancias, \u00e9 poss\u00edvel garantir que diferentes vozes sejam ouvidas, especialmente aquelas de grupos que frequentemente n\u00e3o t\u00eam espa\u00e7o nas discuss\u00f5es formais.<\/p>\n<h2>Datas das Audi\u00eancias P\u00fablicas em Maio<\/h2>\n<p>No m\u00eas de maio de 2026, a C\u00e2mara Municipal de Piracicaba ir\u00e1 realizar tr\u00eas audi\u00eancias p\u00fablicas, abrangendo \u00e1reas cruciais para a cidade. Os eventos est\u00e3o programados para:<\/p>\n<p><img decoding=\"async\" src=\"https:\/\/www.encontrapiracicaba.com.br\/sobre\/wp-content\/uploads\/camara-aprova-a-realizacao-de-mais-3-audiencias-publicas-confira-as-datas.webp\" alt=\"audi\u00eancias p\u00fablicas\" loading=\"lazy\" \/><\/p>\n<ul>\n<li><strong>19 de maio, \u00e0s 19h:<\/strong> Discuss\u00e3o sobre o projeto de Lei de Diretrizes Or\u00e7ament\u00e1rias (LDO) para 2027.<\/li>\n<li><strong>26 de maio, \u00e0s 19h:<\/strong> Audi\u00eancia dedicada \u00e0 arboriza\u00e7\u00e3o urbana em Piracicaba.<\/li>\n<li><strong>27 de maio, \u00e0s 14h:<\/strong> Apresenta\u00e7\u00e3o e an\u00e1lise das metas fiscais do primeiro quadrimestre de 2026.<\/li>\n<\/ul>\n<p>Essas datas s\u00e3o fundamentais para que os cidad\u00e3os possam se preparar para participar ativamente das discuss\u00f5es e contribuir com suas vis\u00f5es e propostas.<\/p>\n<h2>Como Participar das Audi\u00eancias<\/h2>\n<p>Participar das audi\u00eancias p\u00fablicas \u00e9 um direito de todo cidad\u00e3o. Para isso, alguns passos podem ser seguidos:<\/p>\n<ol>\n<li><strong>Verifique a Agenda:<\/strong> Acesse o site da C\u00e2mara Municipal ou acompanhe as redes sociais para se informar sobre as audi\u00eancias programadas.<\/li>\n<li><strong>Prepare suas Quest\u00f5es:<\/strong> Elabore perguntas ou coment\u00e1rios que voc\u00ea gostaria de apresentar durante a audi\u00eancia.<\/li>\n<li><strong>Compare\u00e7a ao Plen\u00e1rio:<\/strong> Esteja presente no local e hor\u00e1rio marcado para garantir sua participa\u00e7\u00e3o.<\/li>\n<li><strong>Interven\u00e7\u00f5es:<\/strong> Durante a audi\u00eancia, voc\u00ea ter\u00e1 a oportunidade de se pronunciar e contribuir com suas ideias.<\/li>\n<\/ol>\n<p>Al\u00e9m disso, \u00e9 poss\u00edvel que algumas audi\u00eancias sejam transmitidas ao vivo, permitindo que mais pessoas participem, mesmo de suas casas.<\/p>\n<h2>O que \u00e9 a LDO e sua Relev\u00e2ncia<\/h2>\n<p>A Lei de Diretrizes Or\u00e7ament\u00e1rias (LDO) \u00e9 um importante instrumento de planejamento e gest\u00e3o financeira p\u00fablica. Ela serve como um guia para a elabora\u00e7\u00e3o do or\u00e7amento anual da cidade, estabelecendo prioridades e metas para o exerc\u00edcio financeiro seguinte. A LDO \u00e9 essencial pois:<\/p>\n<ul>\n<li><strong>Define Prioridades:<\/strong> Ajuda a organizar o que ser\u00e1 tratado durante o ano, indicando onde os recursos devem ser alocados.<\/li>\n<li><strong>Transpar\u00eancia e Controle:<\/strong> Permite que a popula\u00e7\u00e3o acompanhe e cobre as a\u00e7\u00f5es do governo.<\/li>\n<li><strong>Planejamento de Pol\u00edticas P\u00fablicas:<\/strong> \u00c9 a base para a implementa\u00e7\u00e3o de servi\u00e7os e investimentos essenciais nas \u00e1reas de sa\u00fade, educa\u00e7\u00e3o, e infraestrutura.<\/li>\n<\/ul>\n<h2>Discutindo as Metas Fiscais: O que Voc\u00ea Precisa Saber<\/h2>\n<p>As metas fiscais s\u00e3o par\u00e2metros estabelecidos pelo governo para garantir a sa\u00fade financeira do munic\u00edpio. Elas s\u00e3o fundamentais para o planejamento e a gest\u00e3o fiscal, pois:<\/p>\n<ul>\n<li><strong>Avalia\u00e7\u00e3o de Desempenho:<\/strong> Permitem que a popula\u00e7\u00e3o entenda como os recursos est\u00e3o sendo utilizados e o resultado dessas a\u00e7\u00f5es.<\/li>\n<li><strong>Responsabilidade Fiscal:<\/strong> Contribuem para evitar desequil\u00edbrios or\u00e7ament\u00e1rios e garantir o uso adequado do dinheiro p\u00fablico.<\/li>\n<\/ul>\n<p>Durante a audi\u00eancia de 27 de maio, haver\u00e1 uma apresenta\u00e7\u00e3o detalhada sobre o cumprimento dessas metas e a avalia\u00e7\u00e3o do resultado financeiro do primeiro quadrimestre de 2026.<\/p>\n<h2>Arboriza\u00e7\u00e3o Urbana: Um Passo para a Sustentabilidade<\/h2>\n<p>A arboriza\u00e7\u00e3o urbana \u00e9 um tema crucial para a qualidade de vida nas cidades. Durante a audi\u00eancia de 26 de maio, a discuss\u00e3o se centrar\u00e1 na import\u00e2ncia do verde urbano, que traz diversos benef\u00edcios, tais como:<\/p>\n<ul>\n<li><strong>Melhorias na Qualidade do Ar:<\/strong> As \u00e1rvores ajudam a purificar o ar e a reduzir a polui\u00e7\u00e3o.<\/li>\n<li><strong>Conforto T\u00e9rmico:<\/strong> Proporcionam sombra e ajudam a baixar a temperatura nas \u00e1reas urbanas.<\/li>\n<li><strong>Valoriza\u00e7\u00e3o do Espa\u00e7o P\u00fablico:<\/strong> Pra\u00e7as e ruas arborizadas s\u00e3o mais atraentes e confort\u00e1veis para os cidad\u00e3os.<\/li>\n<\/ul>\n<p>Essa audi\u00eancia fornecer\u00e1 a oportunidade de discutir estrat\u00e9gias e a\u00e7\u00f5es para promover a arboriza\u00e7\u00e3o em Piracicaba, incluindo parcerias com ONGs e a popula\u00e7\u00e3o.<\/p>\n<h2>Quem Est\u00e1 Convidado a Participar?<\/h2>\n<p>Todas as audi\u00eancias p\u00fablicas est\u00e3o abertas \u00e0 popula\u00e7\u00e3o e convidam a participa\u00e7\u00e3o de diversos atores, incluindo:<\/p>\n<ul>\n<li><strong>Servidores P\u00fablicos:<\/strong> Representantes das secretarias municipais est\u00e3o convocados para esclarecer quest\u00f5es e apresentar dados relevantes.<\/li>\n<li><strong>Institui\u00e7\u00f5es e Entidades:<\/strong> ONGs, associa\u00e7\u00f5es e grupos comunit\u00e1rios s\u00e3o bem-vindos para expor suas ideias e preocupa\u00e7\u00f5es.<\/li>\n<li><strong>P\u00fablico Geral:<\/strong> Qualquer cidad\u00e3o pode participar, desde que respeitando as normas e a ordem do evento.<\/li>\n<\/ul>\n<p>A presen\u00e7a de diferentes segmentos \u00e9 fundamental para enriquecer o debate e garantir que diversas perspectivas sejam consideradas.<\/p>\n<h2>A Transmiss\u00e3o ao Vivo das Audi\u00eancias<\/h2>\n<p>A C\u00e2mara Municipal de Piracicaba oferecer\u00e1 a transmiss\u00e3o ao vivo das audi\u00eancias, facilitando a participa\u00e7\u00e3o de quem n\u00e3o puder comparecer fisicamente. Os detalhes sobre como sintonizar podem ser encontrados:<\/p>\n<ul>\n<li><strong>TV C\u00e2mara:<\/strong> Acompanhe nos canais digitais dispon\u00edveis.<\/li>\n<li><strong>Internet:<\/strong> Assista pela p\u00e1gina oficial da C\u00e2mara no Facebook e YouTube.<\/li>\n<\/ul>\n<p>Al\u00e9m disso, as grava\u00e7\u00f5es das audi\u00eancias tamb\u00e9m poder\u00e3o ser acessadas posteriormente, permitindo que todos tenham a chance de se informar e participar mesmo ap\u00f3s o evento.<\/p>\n<h2>Impacto das Audi\u00eancias na Gest\u00e3o Municipal<\/h2>\n<p>As audi\u00eancias p\u00fablicas t\u00eam um impacto significativo na gest\u00e3o municipal. Ao proporcionar um espa\u00e7o de di\u00e1logo, elas favorecem:<\/p>\n<ul>\n<li><strong>Gest\u00e3o Transparente:<\/strong> Ocorre um aumento na transpar\u00eancia das a\u00e7\u00f5es governamentais.<\/li>\n<li><strong>Participa\u00e7\u00e3o Cidad\u00e3:<\/strong> Estimula o envolvimento da popula\u00e7\u00e3o nas decis\u00f5es que favorecem a coletividade.<\/li>\n<li><strong>Efici\u00eancia nas Pol\u00edticas P\u00fablicas:<\/strong> Ajuda a identificar necessidades reais da popula\u00e7\u00e3o, possibilitando que o governo atenda com mais efic\u00e1cia.<\/li>\n<\/ul>\n<p>O impacto \u00e9 n\u00e3o apenas imediato, mas tamb\u00e9m a longo prazo, contribuindo para um governo mais responsivo e alinhado com as aspira\u00e7\u00f5es da comunidade.<\/p>\n\n<div style=\"font-size: 0px; height: 0px; line-height: 0px; margin: 0; padding: 0; clear: both;\"><\/div>","protected":false},"excerpt":{"rendered":"<p>Audi\u00eancias p\u00fablicas sobre finan\u00e7as e arboriza\u00e7\u00e3o urbana est\u00e3o com datas marcadas para maio.<\/p>\n","protected":false},"author":1,"featured_media":4634,"comment_status":"closed","ping_status":"closed","sticky":false,"template":"","format":"standard","meta":{"footnotes":""},"categories":[6],"tags":[],"class_list":["post-4635","post","type-post","status-publish","format-standard","has-post-thumbnail","hentry","category-noticias-em-piracicaba","has_thumb"],"aioseo_notices":[],"aioseo_head":"\n\t\t<!-- All in One SEO 5.0.0.1 - aioseo.com -->\n\t<meta name=\"robots\" content=\"max-image-preview:large\" \/>\n\t<meta name=\"author\" content=\"Encontra Piracicaba\"\/>\n\t<link rel=\"canonical\" href=\"https:\/\/www.encontrapiracicaba.com.br\/sobre\/camara-aprova-a-realizacao-de-mais-3-audiencias-publicas-confira-as-datas\/\" \/>\n\t<meta name=\"generator\" content=\"All in One SEO (AIOSEO) 5.0.0.1\" \/>\n\t\t<meta property=\"og:locale\" content=\"pt_BR\" \/>\n\t\t<meta property=\"og:site_name\" content=\"Encontra Piracicaba | Not\u00edcias, eventos, informa\u00e7\u00f5es e dicas na cidade de Piracicaba e regi\u00e3o\" \/>\n\t\t<meta property=\"og:type\" content=\"article\" \/>\n\t\t<meta property=\"og:title\" content=\"C\u00e2mara aprova a realiza\u00e7\u00e3o de mais 3 audi\u00eancias p\u00fablicas; confira as datas | Encontra Piracicaba\" \/>\n\t\t<meta property=\"og:url\" content=\"https:\/\/www.encontrapiracicaba.com.br\/sobre\/camara-aprova-a-realizacao-de-mais-3-audiencias-publicas-confira-as-datas\/\" \/>\n\t\t<meta property=\"article:published_time\" content=\"2026-06-01T14:17:04+00:00\" \/>\n\t\t<meta property=\"article:modified_time\" content=\"2026-06-01T14:17:04+00:00\" \/>\n\t\t<meta name=\"twitter:card\" content=\"summary\" \/>\n\t\t<meta name=\"twitter:title\" content=\"C\u00e2mara aprova a realiza\u00e7\u00e3o de mais 3 audi\u00eancias p\u00fablicas; confira as datas | Encontra Piracicaba\" \/>\n\t\t<script type=\"application\/ld+json\" class=\"aioseo-schema\">\n\t\t\t{\"@context\":\"https:\\\/\\\/schema.org\",\"@graph\":[{\"@type\":\"Article\",\"@id\":\"https:\\\/\\\/www.encontrapiracicaba.com.br\\\/sobre\\\/camara-aprova-a-realizacao-de-mais-3-audiencias-publicas-confira-as-datas\\\/#article\",\"name\":\"C\\u00e2mara aprova a realiza\\u00e7\\u00e3o de mais 3 audi\\u00eancias p\\u00fablicas; confira as datas | Encontra Piracicaba\",\"headline\":\"C\\u00e2mara aprova a realiza\\u00e7\\u00e3o de mais 3 audi\\u00eancias p\\u00fablicas; confira as datas\",\"author\":{\"@id\":\"https:\\\/\\\/www.encontrapiracicaba.com.br\\\/sobre\\\/author\\\/epiracicaba\\\/#author\"},\"publisher\":{\"@id\":\"https:\\\/\\\/www.encontrapiracicaba.com.br\\\/sobre\\\/#organization\"},\"image\":{\"@type\":\"ImageObject\",\"url\":\"https:\\\/\\\/www.encontrapiracicaba.com.br\\\/sobre\\\/wp-content\\\/uploads\\\/camara-aprova-a-realizacao-de-mais-3-audiencias-publicas-confira-as-datas.webp\",\"width\":280,\"height\":280,\"caption\":\"audi\\u00eancias p\\u00fablicas\"},\"datePublished\":\"2026-06-01T11:17:04-03:00\",\"dateModified\":\"2026-06-01T11:17:04-03:00\",\"inLanguage\":\"pt-BR\",\"mainEntityOfPage\":{\"@id\":\"https:\\\/\\\/www.encontrapiracicaba.com.br\\\/sobre\\\/camara-aprova-a-realizacao-de-mais-3-audiencias-publicas-confira-as-datas\\\/#webpage\"},\"isPartOf\":{\"@id\":\"https:\\\/\\\/www.encontrapiracicaba.com.br\\\/sobre\\\/camara-aprova-a-realizacao-de-mais-3-audiencias-publicas-confira-as-datas\\\/#webpage\"},\"articleSection\":\"Not\\u00edcias Piracicaba\"},{\"@type\":\"BreadcrumbList\",\"@id\":\"https:\\\/\\\/www.encontrapiracicaba.com.br\\\/sobre\\\/camara-aprova-a-realizacao-de-mais-3-audiencias-publicas-confira-as-datas\\\/#breadcrumblist\",\"itemListElement\":[{\"@type\":\"ListItem\",\"@id\":\"https:\\\/\\\/www.encontrapiracicaba.com.br\\\/sobre#listItem\",\"position\":1,\"name\":\"In\\u00edcio\",\"item\":\"https:\\\/\\\/www.encontrapiracicaba.com.br\\\/sobre\",\"nextItem\":{\"@type\":\"ListItem\",\"@id\":\"https:\\\/\\\/www.encontrapiracicaba.com.br\\\/sobre\\\/noticias-em-piracicaba\\\/#listItem\",\"name\":\"Not\\u00edcias Piracicaba\"}},{\"@type\":\"ListItem\",\"@id\":\"https:\\\/\\\/www.encontrapiracicaba.com.br\\\/sobre\\\/noticias-em-piracicaba\\\/#listItem\",\"position\":2,\"name\":\"Not\\u00edcias Piracicaba\",\"item\":\"https:\\\/\\\/www.encontrapiracicaba.com.br\\\/sobre\\\/noticias-em-piracicaba\\\/\",\"nextItem\":{\"@type\":\"ListItem\",\"@id\":\"https:\\\/\\\/www.encontrapiracicaba.com.br\\\/sobre\\\/camara-aprova-a-realizacao-de-mais-3-audiencias-publicas-confira-as-datas\\\/#listItem\",\"name\":\"C\\u00e2mara aprova a realiza\\u00e7\\u00e3o de mais 3 audi\\u00eancias p\\u00fablicas; confira as datas\"},\"previousItem\":{\"@type\":\"ListItem\",\"@id\":\"https:\\\/\\\/www.encontrapiracicaba.com.br\\\/sobre#listItem\",\"name\":\"In\\u00edcio\"}},{\"@type\":\"ListItem\",\"@id\":\"https:\\\/\\\/www.encontrapiracicaba.com.br\\\/sobre\\\/camara-aprova-a-realizacao-de-mais-3-audiencias-publicas-confira-as-datas\\\/#listItem\",\"position\":3,\"name\":\"C\\u00e2mara aprova a realiza\\u00e7\\u00e3o de mais 3 audi\\u00eancias p\\u00fablicas; confira as datas\",\"previousItem\":{\"@type\":\"ListItem\",\"@id\":\"https:\\\/\\\/www.encontrapiracicaba.com.br\\\/sobre\\\/noticias-em-piracicaba\\\/#listItem\",\"name\":\"Not\\u00edcias Piracicaba\"}}]},{\"@type\":\"Organization\",\"@id\":\"https:\\\/\\\/www.encontrapiracicaba.com.br\\\/sobre\\\/#organization\",\"name\":\"Encontra Piracicaba\",\"description\":\"Not\\u00edcias, eventos, informa\\u00e7\\u00f5es e dicas na cidade de Piracicaba e regi\\u00e3o\",\"url\":\"https:\\\/\\\/www.encontrapiracicaba.com.br\\\/sobre\\\/\"},{\"@type\":\"Person\",\"@id\":\"https:\\\/\\\/www.encontrapiracicaba.com.br\\\/sobre\\\/author\\\/epiracicaba\\\/#author\",\"url\":\"https:\\\/\\\/www.encontrapiracicaba.com.br\\\/sobre\\\/author\\\/epiracicaba\\\/\",\"name\":\"Encontra Piracicaba\",\"image\":{\"@type\":\"ImageObject\",\"@id\":\"https:\\\/\\\/www.encontrapiracicaba.com.br\\\/sobre\\\/camara-aprova-a-realizacao-de-mais-3-audiencias-publicas-confira-as-datas\\\/#authorImage\",\"url\":\"https:\\\/\\\/secure.gravatar.com\\\/avatar\\\/507340682b8270222e1f208e23198b6ae7e2c6a1033ae84e99bc6bce4f82a387?s=96&d=mm&r=g\",\"width\":96,\"height\":96,\"caption\":\"Encontra Piracicaba\"}},{\"@type\":\"WebPage\",\"@id\":\"https:\\\/\\\/www.encontrapiracicaba.com.br\\\/sobre\\\/camara-aprova-a-realizacao-de-mais-3-audiencias-publicas-confira-as-datas\\\/#webpage\",\"url\":\"https:\\\/\\\/www.encontrapiracicaba.com.br\\\/sobre\\\/camara-aprova-a-realizacao-de-mais-3-audiencias-publicas-confira-as-datas\\\/\",\"name\":\"C\\u00e2mara aprova a realiza\\u00e7\\u00e3o de mais 3 audi\\u00eancias p\\u00fablicas; confira as datas | Encontra Piracicaba\",\"inLanguage\":\"pt-BR\",\"isPartOf\":{\"@id\":\"https:\\\/\\\/www.encontrapiracicaba.com.br\\\/sobre\\\/#website\"},\"breadcrumb\":{\"@id\":\"https:\\\/\\\/www.encontrapiracicaba.com.br\\\/sobre\\\/camara-aprova-a-realizacao-de-mais-3-audiencias-publicas-confira-as-datas\\\/#breadcrumblist\"},\"author\":{\"@id\":\"https:\\\/\\\/www.encontrapiracicaba.com.br\\\/sobre\\\/author\\\/epiracicaba\\\/#author\"},\"creator\":{\"@id\":\"https:\\\/\\\/www.encontrapiracicaba.com.br\\\/sobre\\\/author\\\/epiracicaba\\\/#author\"},\"image\":{\"@type\":\"ImageObject\",\"url\":\"https:\\\/\\\/www.encontrapiracicaba.com.br\\\/sobre\\\/wp-content\\\/uploads\\\/camara-aprova-a-realizacao-de-mais-3-audiencias-publicas-confira-as-datas.webp\",\"@id\":\"https:\\\/\\\/www.encontrapiracicaba.com.br\\\/sobre\\\/camara-aprova-a-realizacao-de-mais-3-audiencias-publicas-confira-as-datas\\\/#mainImage\",\"width\":280,\"height\":280,\"caption\":\"audi\\u00eancias p\\u00fablicas\"},\"primaryImageOfPage\":{\"@id\":\"https:\\\/\\\/www.encontrapiracicaba.com.br\\\/sobre\\\/camara-aprova-a-realizacao-de-mais-3-audiencias-publicas-confira-as-datas\\\/#mainImage\"},\"datePublished\":\"2026-06-01T11:17:04-03:00\",\"dateModified\":\"2026-06-01T11:17:04-03:00\"},{\"@type\":\"WebSite\",\"@id\":\"https:\\\/\\\/www.encontrapiracicaba.com.br\\\/sobre\\\/#website\",\"url\":\"https:\\\/\\\/www.encontrapiracicaba.com.br\\\/sobre\\\/\",\"name\":\"Encontra Piracicaba\",\"description\":\"Not\\u00edcias, eventos, informa\\u00e7\\u00f5es e dicas na cidade de Piracicaba e regi\\u00e3o\",\"inLanguage\":\"pt-BR\",\"publisher\":{\"@id\":\"https:\\\/\\\/www.encontrapiracicaba.com.br\\\/sobre\\\/#organization\"}}]}\n\t\t<\/script>\n\t\t<!-- All in One SEO -->\n\n","aioseo_head_json":{"title":"C\u00e2mara aprova a realiza\u00e7\u00e3o de mais 3 audi\u00eancias p\u00fablicas; confira as datas | Encontra Piracicaba","description":"","canonical_url":"https:\/\/www.encontrapiracicaba.com.br\/sobre\/camara-aprova-a-realizacao-de-mais-3-audiencias-publicas-confira-as-datas\/","robots":"max-image-preview:large","keywords":"","webmasterTools":{"miscellaneous":""},"schema":{"@context":"https:\/\/schema.org","@graph":[{"@type":"Article","@id":"https:\/\/www.encontrapiracicaba.com.br\/sobre\/camara-aprova-a-realizacao-de-mais-3-audiencias-publicas-confira-as-datas\/#article","name":"C\u00e2mara aprova a realiza\u00e7\u00e3o de mais 3 audi\u00eancias p\u00fablicas; confira as datas | Encontra Piracicaba","headline":"C\u00e2mara aprova a realiza\u00e7\u00e3o de mais 3 audi\u00eancias p\u00fablicas; confira as datas","author":{"@id":"https:\/\/www.encontrapiracicaba.com.br\/sobre\/author\/epiracicaba\/#author"},"publisher":{"@id":"https:\/\/www.encontrapiracicaba.com.br\/sobre\/#organization"},"image":{"@type":"ImageObject","url":"https:\/\/www.encontrapiracicaba.com.br\/sobre\/wp-content\/uploads\/camara-aprova-a-realizacao-de-mais-3-audiencias-publicas-confira-as-datas.webp","width":280,"height":280,"caption":"audi\u00eancias p\u00fablicas"},"datePublished":"2026-06-01T11:17:04-03:00","dateModified":"2026-06-01T11:17:04-03:00","inLanguage":"pt-BR","mainEntityOfPage":{"@id":"https:\/\/www.encontrapiracicaba.com.br\/sobre\/camara-aprova-a-realizacao-de-mais-3-audiencias-publicas-confira-as-datas\/#webpage"},"isPartOf":{"@id":"https:\/\/www.encontrapiracicaba.com.br\/sobre\/camara-aprova-a-realizacao-de-mais-3-audiencias-publicas-confira-as-datas\/#webpage"},"articleSection":"Not\u00edcias Piracicaba"},{"@type":"BreadcrumbList","@id":"https:\/\/www.encontrapiracicaba.com.br\/sobre\/camara-aprova-a-realizacao-de-mais-3-audiencias-publicas-confira-as-datas\/#breadcrumblist","itemListElement":[{"@type":"ListItem","@id":"https:\/\/www.encontrapiracicaba.com.br\/sobre#listItem","position":1,"name":"In\u00edcio","item":"https:\/\/www.encontrapiracicaba.com.br\/sobre","nextItem":{"@type":"ListItem","@id":"https:\/\/www.encontrapiracicaba.com.br\/sobre\/noticias-em-piracicaba\/#listItem","name":"Not\u00edcias Piracicaba"}},{"@type":"ListItem","@id":"https:\/\/www.encontrapiracicaba.com.br\/sobre\/noticias-em-piracicaba\/#listItem","position":2,"name":"Not\u00edcias Piracicaba","item":"https:\/\/www.encontrapiracicaba.com.br\/sobre\/noticias-em-piracicaba\/","nextItem":{"@type":"ListItem","@id":"https:\/\/www.encontrapiracicaba.com.br\/sobre\/camara-aprova-a-realizacao-de-mais-3-audiencias-publicas-confira-as-datas\/#listItem","name":"C\u00e2mara aprova a realiza\u00e7\u00e3o de mais 3 audi\u00eancias p\u00fablicas; confira as datas"},"previousItem":{"@type":"ListItem","@id":"https:\/\/www.encontrapiracicaba.com.br\/sobre#listItem","name":"In\u00edcio"}},{"@type":"ListItem","@id":"https:\/\/www.encontrapiracicaba.com.br\/sobre\/camara-aprova-a-realizacao-de-mais-3-audiencias-publicas-confira-as-datas\/#listItem","position":3,"name":"C\u00e2mara aprova a realiza\u00e7\u00e3o de mais 3 audi\u00eancias p\u00fablicas; confira as datas","previousItem":{"@type":"ListItem","@id":"https:\/\/www.encontrapiracicaba.com.br\/sobre\/noticias-em-piracicaba\/#listItem","name":"Not\u00edcias Piracicaba"}}]},{"@type":"Organization","@id":"https:\/\/www.encontrapiracicaba.com.br\/sobre\/#organization","name":"Encontra Piracicaba","description":"Not\u00edcias, eventos, informa\u00e7\u00f5es e dicas na cidade de Piracicaba e regi\u00e3o","url":"https:\/\/www.encontrapiracicaba.com.br\/sobre\/"},{"@type":"Person","@id":"https:\/\/www.encontrapiracicaba.com.br\/sobre\/author\/epiracicaba\/#author","url":"https:\/\/www.encontrapiracicaba.com.br\/sobre\/author\/epiracicaba\/","name":"Encontra Piracicaba","image":{"@type":"ImageObject","@id":"https:\/\/www.encontrapiracicaba.com.br\/sobre\/camara-aprova-a-realizacao-de-mais-3-audiencias-publicas-confira-as-datas\/#authorImage","url":"https:\/\/secure.gravatar.com\/avatar\/507340682b8270222e1f208e23198b6ae7e2c6a1033ae84e99bc6bce4f82a387?s=96&d=mm&r=g","width":96,"height":96,"caption":"Encontra Piracicaba"}},{"@type":"WebPage","@id":"https:\/\/www.encontrapiracicaba.com.br\/sobre\/camara-aprova-a-realizacao-de-mais-3-audiencias-publicas-confira-as-datas\/#webpage","url":"https:\/\/www.encontrapiracicaba.com.br\/sobre\/camara-aprova-a-realizacao-de-mais-3-audiencias-publicas-confira-as-datas\/","name":"C\u00e2mara aprova a realiza\u00e7\u00e3o de mais 3 audi\u00eancias p\u00fablicas; confira as datas | Encontra Piracicaba","inLanguage":"pt-BR","isPartOf":{"@id":"https:\/\/www.encontrapiracicaba.com.br\/sobre\/#website"},"breadcrumb":{"@id":"https:\/\/www.encontrapiracicaba.com.br\/sobre\/camara-aprova-a-realizacao-de-mais-3-audiencias-publicas-confira-as-datas\/#breadcrumblist"},"author":{"@id":"https:\/\/www.encontrapiracicaba.com.br\/sobre\/author\/epiracicaba\/#author"},"creator":{"@id":"https:\/\/www.encontrapiracicaba.com.br\/sobre\/author\/epiracicaba\/#author"},"image":{"@type":"ImageObject","url":"https:\/\/www.encontrapiracicaba.com.br\/sobre\/wp-content\/uploads\/camara-aprova-a-realizacao-de-mais-3-audiencias-publicas-confira-as-datas.webp","@id":"https:\/\/www.encontrapiracicaba.com.br\/sobre\/camara-aprova-a-realizacao-de-mais-3-audiencias-publicas-confira-as-datas\/#mainImage","width":280,"height":280,"caption":"audi\u00eancias p\u00fablicas"},"primaryImageOfPage":{"@id":"https:\/\/www.encontrapiracicaba.com.br\/sobre\/camara-aprova-a-realizacao-de-mais-3-audiencias-publicas-confira-as-datas\/#mainImage"},"datePublished":"2026-06-01T11:17:04-03:00","dateModified":"2026-06-01T11:17:04-03:00"},{"@type":"WebSite","@id":"https:\/\/www.encontrapiracicaba.com.br\/sobre\/#website","url":"https:\/\/www.encontrapiracicaba.com.br\/sobre\/","name":"Encontra Piracicaba","description":"Not\u00edcias, eventos, informa\u00e7\u00f5es e dicas na cidade de Piracicaba e regi\u00e3o","inLanguage":"pt-BR","publisher":{"@id":"https:\/\/www.encontrapiracicaba.com.br\/sobre\/#organization"}}]},"og:locale":"pt_BR","og:site_name":"Encontra Piracicaba | Not\u00edcias, eventos, informa\u00e7\u00f5es e dicas na cidade de Piracicaba e regi\u00e3o","og:type":"article","og:title":"C\u00e2mara aprova a realiza\u00e7\u00e3o de mais 3 audi\u00eancias p\u00fablicas; confira as datas | Encontra Piracicaba","og:url":"https:\/\/www.encontrapiracicaba.com.br\/sobre\/camara-aprova-a-realizacao-de-mais-3-audiencias-publicas-confira-as-datas\/","article:published_time":"2026-06-01T14:17:04+00:00","article:modified_time":"2026-06-01T14:17:04+00:00","twitter:card":"summary","twitter:title":"C\u00e2mara aprova a realiza\u00e7\u00e3o de mais 3 audi\u00eancias p\u00fablicas; confira as datas | Encontra Piracicaba"},"aioseo_meta_data":{"post_id":"4635","title":null,"description":null,"keywords":null,"keyphrases":null,"primary_term":null,"canonical_url":null,"og_title":null,"og_description":null,"og_object_type":"default","og_image_type":"default","og_image_url":null,"og_image_width":null,"og_image_height":null,"og_image_custom_url":null,"og_image_custom_fields":null,"og_video":null,"og_custom_url":null,"og_article_section":null,"og_article_tags":null,"twitter_use_og":false,"twitter_card":"default","twitter_image_type":"default","twitter_image_url":null,"twitter_image_custom_url":null,"twitter_image_custom_fields":null,"twitter_title":null,"twitter_description":null,"schema":{"blockGraphs":[],"customGraphs":[],"default":{"data":{"Article":[],"Course":[],"Dataset":[],"FAQPage":[],"Movie":[],"Person":[],"Product":[],"ProductReview":[],"Car":[],"Recipe":[],"Service":[],"SoftwareApplication":[],"WebPage":[]},"graphName":"Article","isEnabled":true},"graphs":[]},"schema_type":"default","schema_type_options":null,"pillar_content":false,"robots_default":true,"robots_noindex":false,"robots_noarchive":false,"robots_nosnippet":false,"robots_nofollow":false,"robots_noimageindex":false,"robots_noodp":false,"robots_notranslate":false,"robots_max_snippet":null,"robots_max_videopreview":null,"robots_max_imagepreview":"large","priority":null,"frequency":null,"local_seo":null,"breadcrumb_settings":null,"limit_modified_date":false,"ai":null,"created":"2026-06-01 14:17:08","updated":"2026-06-01 14:19:16","focus_keyword":null,"additional_keywords":null,"truseo_locale":null,"seo_analyzer_scan_date":null},"aioseo_breadcrumb":"<div class=\"aioseo-breadcrumbs\"><span class=\"aioseo-breadcrumb\">\n\t\t\t<a href=\"https:\/\/www.encontrapiracicaba.com.br\/sobre\" title=\"In\u00edcio\">In\u00edcio<\/a>\n\t\t<\/span><span class=\"aioseo-breadcrumb-separator\">&raquo;<\/span><span class=\"aioseo-breadcrumb\">\n\t\t\t<a href=\"https:\/\/www.encontrapiracicaba.com.br\/sobre\/noticias-em-piracicaba\/\" title=\"Not\u00edcias Piracicaba\">Not\u00edcias Piracicaba<\/a>\n\t\t<\/span><span class=\"aioseo-breadcrumb-separator\">&raquo;<\/span><span class=\"aioseo-breadcrumb\">\n\t\t\tC\u00e2mara aprova a realiza\u00e7\u00e3o de mais 3 audi\u00eancias p\u00fablicas; confira as datas\n\t\t<\/span><\/div>","aioseo_breadcrumb_json":[{"label":"In\u00edcio","link":"https:\/\/www.encontrapiracicaba.com.br\/sobre"},{"label":"Not\u00edcias Piracicaba","link":"https:\/\/www.encontrapiracicaba.com.br\/sobre\/noticias-em-piracicaba\/"},{"label":"C\u00e2mara aprova a realiza\u00e7\u00e3o de mais 3 audi\u00eancias p\u00fablicas; confira as datas","link":"https:\/\/www.encontrapiracicaba.com.br\/sobre\/camara-aprova-a-realizacao-de-mais-3-audiencias-publicas-confira-as-datas\/"}],"_links":{"self":[{"href":"https:\/\/www.encontrapiracicaba.com.br\/sobre\/wp-json\/wp\/v2\/posts\/4635","targetHints":{"allow":["GET"]}}],"collection":[{"href":"https:\/\/www.encontrapiracicaba.com.br\/sobre\/wp-json\/wp\/v2\/posts"}],"about":[{"href":"https:\/\/www.encontrapiracicaba.com.br\/sobre\/wp-json\/wp\/v2\/types\/post"}],"author":[{"embeddable":true,"href":"https:\/\/www.encontrapiracicaba.com.br\/sobre\/wp-json\/wp\/v2\/users\/1"}],"replies":[{"embeddable":true,"href":"https:\/\/www.encontrapiracicaba.com.br\/sobre\/wp-json\/wp\/v2\/comments?post=4635"}],"version-history":[{"count":0,"href":"https:\/\/www.encontrapiracicaba.com.br\/sobre\/wp-json\/wp\/v2\/posts\/4635\/revisions"}],"wp:featuredmedia":[{"embeddable":true,"href":"https:\/\/www.encontrapiracicaba.com.br\/sobre\/wp-json\/wp\/v2\/media\/4634"}],"wp:attachment":[{"href":"https:\/\/www.encontrapiracicaba.com.br\/sobre\/wp-json\/wp\/v2\/media?parent=4635"}],"wp:term":[{"taxonomy":"category","embeddable":true,"href":"https:\/\/www.encontrapiracicaba.com.br\/sobre\/wp-json\/wp\/v2\/categories?post=4635"},{"taxonomy":"post_tag","embeddable":true,"href":"https:\/\/www.encontrapiracicaba.com.br\/sobre\/wp-json\/wp\/v2\/tags?post=4635"}],"curies":[{"name":"wp","href":"https:\/\/api.w.org\/{rel}","templated":true}]}}