{"id":4639,"date":"2026-06-03T11:02:03","date_gmt":"2026-06-03T14:02:03","guid":{"rendered":"https:\/\/www.encontrapiracicaba.com.br\/sobre\/diante-de-mudancas-recentes-camara-discute-futuro-da-fumep-em-audiencia-publica\/"},"modified":"2026-06-03T11:02:03","modified_gmt":"2026-06-03T14:02:03","slug":"diante-de-mudancas-recentes-camara-discute-futuro-da-fumep-em-audiencia-publica","status":"publish","type":"post","link":"https:\/\/www.encontrapiracicaba.com.br\/sobre\/diante-de-mudancas-recentes-camara-discute-futuro-da-fumep-em-audiencia-publica\/","title":{"rendered":"Diante de mudan\u00e7as recentes, C\u00e2mara discute futuro da Fumep em audi\u00eancia p\u00fablica"},"content":{"rendered":"<div class=\"85df007ed5c0c4d4b453fd13a37855e8\" data-index=\"1\" style=\"float: none; margin:0px;\">\n<!-- Anuncio display - global -->\r\n<ins class=\"adsbygoogle\"\r\n     style=\"display:block\"\r\n     data-ad-client=\"ca-pub-8585364105181520\"\r\n     data-ad-slot=\"8789329856\"\r\n     data-ad-format=\"auto\"\r\n     data-full-width-responsive=\"true\"><\/ins>\r\n<script>\r\n     (adsbygoogle = window.adsbygoogle || []).push({});\r\n<\/script>\n<\/div>\n<h2>O que Motiva a Discuss\u00e3o sobre a Fumep?<\/h2>\n<p>A Funda\u00e7\u00e3o Municipal de Ensino de Piracicaba, conhecida como Fumep, entrou em foco recentemente devido a mudan\u00e7as administrativas significativas, que impactam diretamente o funcionamento e a estrutura da institui\u00e7\u00e3o. A necessidade de discutir o futuro da Fumep foi impulsionada ap\u00f3s a posse da nova diretoria, que trouxe consigo altera\u00e7\u00f5es not\u00e1veis e algumas controv\u00e9rsias, incluindo cancelamentos de cursos e demiss\u00f5es. A atua\u00e7\u00e3o da Fumep \u00e9 crucial, pois abrange v\u00e1rias modalidades de ensino e atende uma ampla gama de alunos.<\/p>\n<h2>A Import\u00e2ncia da Audi\u00eancia P\u00fablica para a Comunidade<\/h2>\n<p>As audi\u00eancias p\u00fablicas s\u00e3o momentos essenciais de intera\u00e7\u00e3o entre a comunidade e os gestores da Fumep. Este tipo de evento proporciona um espa\u00e7o onde as preocupa\u00e7\u00f5es e sugest\u00f5es dos cidad\u00e3os podem ser ouvidas e discutidas. A audi\u00eancia p\u00fablica convocada pela vereadora Rai de Almeida visa esclarecer as mudan\u00e7as na Fumep e permitir que a comunidade se manifeste sobre o que est\u00e1 acontecendo, fortalecendo a transpar\u00eancia nas a\u00e7\u00f5es governamentais e acad\u00eamicas.<\/p>\n<h2>Mudan\u00e7as Administrativas Recorrentes na Fumep<\/h2>\n<p>A nova administra\u00e7\u00e3o da Fumep tem introduzido uma s\u00e9rie de mudan\u00e7as. Desde o in\u00edcio da nova gest\u00e3o, v\u00e1rias decis\u00f5es administrativas t\u00eam gerado inquieta\u00e7\u00e3o tanto entre professores quanto alunos. A decis\u00e3o de cancelar a abertura de turmas em cursos de engenharia de produ\u00e7\u00e3o e ci\u00eancias cont\u00e1beis neste semestre foi um dos pontos mais criticados, refletindo uma mudan\u00e7a no enfoque acad\u00eamico da institui\u00e7\u00e3o que precisa ser discutido.<\/p>\n<p><img decoding=\"async\" src=\"https:\/\/www.encontrapiracicaba.com.br\/sobre\/wp-content\/uploads\/diante-de-mudancas-recentes-camara-discute-futuro-da-fumep-em-audiencia-publica.webp\" alt=\"Fumep\" loading=\"lazy\" \/><\/p>\n<h2>Impactos das Demiss\u00f5es de Professores na Educa\u00e7\u00e3o<\/h2>\n<p>A demiss\u00e3o repentina de professores tem gerado preocupa\u00e7\u00f5es em rela\u00e7\u00e3o \u00e0 qualidade do ensino e \u00e0 continuidade dos cursos. Com a sa\u00edda de profissionais experientes, restam d\u00favidas sobre a substitui\u00e7\u00e3o e os impactos que isso pode ter na forma\u00e7\u00e3o dos alunos. O ensino de qualidade depende diretamente da presen\u00e7a de educadores qualificados, e a mudan\u00e7a brusca na equipe docente pode comprometer todo o processo educacional na Fumep.<\/p>\n<h2>Cancelamento de Cursos: O Que Isso Significa?<\/h2>\n<p>O cancelamento de turmas pode ser interpretado de v\u00e1rias formas. Para muitos, isso significa uma diminui\u00e7\u00e3o no acesso \u00e0 educa\u00e7\u00e3o superior, essencial para o desenvolvimento profissional e pessoal. Al\u00e9m disso, \u00e9 uma preocupa\u00e7\u00e3o para o mercado de trabalho, pois significa que menos profissionais estar\u00e3o qualificados nas \u00e1reas afetadas. Com isso, surgem reflex\u00f5es sobre a adequa\u00e7\u00e3o dos cursos oferecidos e se a Fumep est\u00e1 em sintonia com as demandas atuais do mercado.<\/p>\n<h2>Quem S\u00e3o os Convocados para a Audi\u00eancia?<\/h2>\n<p>Para a audi\u00eancia p\u00fablica marcada, est\u00e3o convocados importantes figuras do cen\u00e1rio educacional de Piracicaba. A presen\u00e7a da secret\u00e1ria municipal de Educa\u00e7\u00e3o, Juliana Vicentin, e o diretor-executivo da Fumep, Luis Chorilli Neto, \u00e9 fundamental para a discuss\u00e3o. Al\u00e9m deles, ser\u00e3o ouvidos diretores de outras institui\u00e7\u00f5es de ensino t\u00e9cnico e superior, que tamb\u00e9m compartilham o compromisso com a forma\u00e7\u00e3o de qualidade na regi\u00e3o.<\/p>\n<h2>As Expectativas da Vereadora Rai de Almeida<\/h2>\n<p>A vereadora Rai de Almeida enfatizou a import\u00e2ncia deste debate ao expressar suas expectativas quanto \u00e0 transpar\u00eancia e \u00e0 busca de solu\u00e7\u00f5es que melhorem a qualidade do ensino na Fumep. Ela espera que a audi\u00eancia resulte em um di\u00e1logo produtivo, onde as necessidades da comunidade educativa sejam consideradas nas decis\u00f5es futuras. O objetivo \u00e9 fortalecer a Fumep como uma institui\u00e7\u00e3o de ensino refer\u00eancia na regi\u00e3o.<\/p>\n<h2>A Vis\u00e3o da Dire\u00e7\u00e3o Executiva da Fumep<\/h2>\n<p>A diretoria da Fumep precisa equilibrar quest\u00f5es financeiras e administrativas com a miss\u00e3o de oferecer uma educa\u00e7\u00e3o de qualidade. A vis\u00e3o da nova gest\u00e3o deve incorporar a necessidade de adapta\u00e7\u00e3o \u00e0s mudan\u00e7as do cen\u00e1rio educacional, ao mesmo tempo que busca manter o legado da institui\u00e7\u00e3o. A capacidade de ouvir a comunidade e aplicar melhorias ser\u00e1 crucial para a condu\u00e7\u00e3o dos pr\u00f3ximos passos da Fumep.<\/p>\n<h2>Rela\u00e7\u00e3o da Fumep com a Comunidade Escolar<\/h2>\n<p>A liga\u00e7\u00e3o da Fumep com a comunidade escolar \u00e9 vital e deve ser refor\u00e7ada para garantir a continuidade da confian\u00e7a na institui\u00e7\u00e3o. A comunica\u00e7\u00e3o consistente entre gestores, alunos e familiares \u00e9 fundamental para o sucesso da institui\u00e7\u00e3o. A audi\u00eancia p\u00fablica representa uma tentativa de recuperar essa conex\u00e3o e restaurar a credibilidade da Fumep junto \u00e0 popula\u00e7\u00e3o.<\/p>\n<h2>Pr\u00f3ximos Passos Ap\u00f3s a Audi\u00eancia P\u00fablica<\/h2>\n<p>Ap\u00f3s a realiza\u00e7\u00e3o da audi\u00eancia p\u00fablica, \u00e9 esperado que a Fumep e seus representantes se comprometam a considerar as opini\u00f5es e sugest\u00f5es apresentadas pela comunidade. As decis\u00f5es devem ser comunicadas de forma clara, demonstrando como feedback da sociedade influenciar\u00e1 as diretrizes futuras da institui\u00e7\u00e3o. A busca por um futuro mais s\u00f3lido para a Fumep depender\u00e1 dessas a\u00e7\u00f5es e do comprometimento em resolver os problemas apontados.<\/p>\n\n<div style=\"font-size: 0px; height: 0px; line-height: 0px; margin: 0; padding: 0; clear: both;\"><\/div>","protected":false},"excerpt":{"rendered":"<p>C\u00e2mara discute futuro da Fumep. Participe da audi\u00eancia p\u00fablica nesta sexta-feira!<\/p>\n","protected":false},"author":1,"featured_media":4638,"comment_status":"closed","ping_status":"closed","sticky":false,"template":"","format":"standard","meta":{"footnotes":""},"categories":[6],"tags":[],"class_list":["post-4639","post","type-post","status-publish","format-standard","has-post-thumbnail","hentry","category-noticias-em-piracicaba","has_thumb"],"aioseo_notices":[],"aioseo_head":"\n\t\t<!-- All in One SEO 5.0.0.1 - aioseo.com -->\n\t<meta name=\"robots\" content=\"max-image-preview:large\" \/>\n\t<meta name=\"author\" content=\"Encontra Piracicaba\"\/>\n\t<link rel=\"canonical\" href=\"https:\/\/www.encontrapiracicaba.com.br\/sobre\/diante-de-mudancas-recentes-camara-discute-futuro-da-fumep-em-audiencia-publica\/\" \/>\n\t<meta name=\"generator\" content=\"All in One SEO (AIOSEO) 5.0.0.1\" \/>\n\t\t<meta property=\"og:locale\" content=\"pt_BR\" \/>\n\t\t<meta property=\"og:site_name\" content=\"Encontra Piracicaba | Not\u00edcias, eventos, informa\u00e7\u00f5es e dicas na cidade de Piracicaba e regi\u00e3o\" \/>\n\t\t<meta property=\"og:type\" content=\"article\" \/>\n\t\t<meta property=\"og:title\" content=\"Diante de mudan\u00e7as recentes, C\u00e2mara discute futuro da Fumep em audi\u00eancia p\u00fablica | Encontra Piracicaba\" \/>\n\t\t<meta property=\"og:url\" content=\"https:\/\/www.encontrapiracicaba.com.br\/sobre\/diante-de-mudancas-recentes-camara-discute-futuro-da-fumep-em-audiencia-publica\/\" \/>\n\t\t<meta property=\"article:published_time\" content=\"2026-06-03T14:02:03+00:00\" \/>\n\t\t<meta property=\"article:modified_time\" content=\"2026-06-03T14:02:03+00:00\" \/>\n\t\t<meta name=\"twitter:card\" content=\"summary\" \/>\n\t\t<meta name=\"twitter:title\" content=\"Diante de mudan\u00e7as recentes, C\u00e2mara discute futuro da Fumep em audi\u00eancia p\u00fablica | Encontra Piracicaba\" \/>\n\t\t<script type=\"application\/ld+json\" class=\"aioseo-schema\">\n\t\t\t{\"@context\":\"https:\\\/\\\/schema.org\",\"@graph\":[{\"@type\":\"Article\",\"@id\":\"https:\\\/\\\/www.encontrapiracicaba.com.br\\\/sobre\\\/diante-de-mudancas-recentes-camara-discute-futuro-da-fumep-em-audiencia-publica\\\/#article\",\"name\":\"Diante de mudan\\u00e7as recentes, C\\u00e2mara discute futuro da Fumep em audi\\u00eancia p\\u00fablica | Encontra Piracicaba\",\"headline\":\"Diante de mudan\\u00e7as recentes, C\\u00e2mara discute futuro da Fumep em audi\\u00eancia p\\u00fablica\",\"author\":{\"@id\":\"https:\\\/\\\/www.encontrapiracicaba.com.br\\\/sobre\\\/author\\\/epiracicaba\\\/#author\"},\"publisher\":{\"@id\":\"https:\\\/\\\/www.encontrapiracicaba.com.br\\\/sobre\\\/#organization\"},\"image\":{\"@type\":\"ImageObject\",\"url\":\"https:\\\/\\\/www.encontrapiracicaba.com.br\\\/sobre\\\/wp-content\\\/uploads\\\/diante-de-mudancas-recentes-camara-discute-futuro-da-fumep-em-audiencia-publica.webp\",\"width\":280,\"height\":280,\"caption\":\"Fumep\"},\"datePublished\":\"2026-06-03T11:02:03-03:00\",\"dateModified\":\"2026-06-03T11:02:03-03:00\",\"inLanguage\":\"pt-BR\",\"mainEntityOfPage\":{\"@id\":\"https:\\\/\\\/www.encontrapiracicaba.com.br\\\/sobre\\\/diante-de-mudancas-recentes-camara-discute-futuro-da-fumep-em-audiencia-publica\\\/#webpage\"},\"isPartOf\":{\"@id\":\"https:\\\/\\\/www.encontrapiracicaba.com.br\\\/sobre\\\/diante-de-mudancas-recentes-camara-discute-futuro-da-fumep-em-audiencia-publica\\\/#webpage\"},\"articleSection\":\"Not\\u00edcias Piracicaba\"},{\"@type\":\"BreadcrumbList\",\"@id\":\"https:\\\/\\\/www.encontrapiracicaba.com.br\\\/sobre\\\/diante-de-mudancas-recentes-camara-discute-futuro-da-fumep-em-audiencia-publica\\\/#breadcrumblist\",\"itemListElement\":[{\"@type\":\"ListItem\",\"@id\":\"https:\\\/\\\/www.encontrapiracicaba.com.br\\\/sobre#listItem\",\"position\":1,\"name\":\"In\\u00edcio\",\"item\":\"https:\\\/\\\/www.encontrapiracicaba.com.br\\\/sobre\",\"nextItem\":{\"@type\":\"ListItem\",\"@id\":\"https:\\\/\\\/www.encontrapiracicaba.com.br\\\/sobre\\\/noticias-em-piracicaba\\\/#listItem\",\"name\":\"Not\\u00edcias Piracicaba\"}},{\"@type\":\"ListItem\",\"@id\":\"https:\\\/\\\/www.encontrapiracicaba.com.br\\\/sobre\\\/noticias-em-piracicaba\\\/#listItem\",\"position\":2,\"name\":\"Not\\u00edcias Piracicaba\",\"item\":\"https:\\\/\\\/www.encontrapiracicaba.com.br\\\/sobre\\\/noticias-em-piracicaba\\\/\",\"nextItem\":{\"@type\":\"ListItem\",\"@id\":\"https:\\\/\\\/www.encontrapiracicaba.com.br\\\/sobre\\\/diante-de-mudancas-recentes-camara-discute-futuro-da-fumep-em-audiencia-publica\\\/#listItem\",\"name\":\"Diante de mudan\\u00e7as recentes, C\\u00e2mara discute futuro da Fumep em audi\\u00eancia p\\u00fablica\"},\"previousItem\":{\"@type\":\"ListItem\",\"@id\":\"https:\\\/\\\/www.encontrapiracicaba.com.br\\\/sobre#listItem\",\"name\":\"In\\u00edcio\"}},{\"@type\":\"ListItem\",\"@id\":\"https:\\\/\\\/www.encontrapiracicaba.com.br\\\/sobre\\\/diante-de-mudancas-recentes-camara-discute-futuro-da-fumep-em-audiencia-publica\\\/#listItem\",\"position\":3,\"name\":\"Diante de mudan\\u00e7as recentes, C\\u00e2mara discute futuro da Fumep em audi\\u00eancia p\\u00fablica\",\"previousItem\":{\"@type\":\"ListItem\",\"@id\":\"https:\\\/\\\/www.encontrapiracicaba.com.br\\\/sobre\\\/noticias-em-piracicaba\\\/#listItem\",\"name\":\"Not\\u00edcias Piracicaba\"}}]},{\"@type\":\"Organization\",\"@id\":\"https:\\\/\\\/www.encontrapiracicaba.com.br\\\/sobre\\\/#organization\",\"name\":\"Encontra Piracicaba\",\"description\":\"Not\\u00edcias, eventos, informa\\u00e7\\u00f5es e dicas na cidade de Piracicaba e regi\\u00e3o\",\"url\":\"https:\\\/\\\/www.encontrapiracicaba.com.br\\\/sobre\\\/\"},{\"@type\":\"Person\",\"@id\":\"https:\\\/\\\/www.encontrapiracicaba.com.br\\\/sobre\\\/author\\\/epiracicaba\\\/#author\",\"url\":\"https:\\\/\\\/www.encontrapiracicaba.com.br\\\/sobre\\\/author\\\/epiracicaba\\\/\",\"name\":\"Encontra Piracicaba\",\"image\":{\"@type\":\"ImageObject\",\"@id\":\"https:\\\/\\\/www.encontrapiracicaba.com.br\\\/sobre\\\/diante-de-mudancas-recentes-camara-discute-futuro-da-fumep-em-audiencia-publica\\\/#authorImage\",\"url\":\"https:\\\/\\\/secure.gravatar.com\\\/avatar\\\/507340682b8270222e1f208e23198b6ae7e2c6a1033ae84e99bc6bce4f82a387?s=96&d=mm&r=g\",\"width\":96,\"height\":96,\"caption\":\"Encontra Piracicaba\"}},{\"@type\":\"WebPage\",\"@id\":\"https:\\\/\\\/www.encontrapiracicaba.com.br\\\/sobre\\\/diante-de-mudancas-recentes-camara-discute-futuro-da-fumep-em-audiencia-publica\\\/#webpage\",\"url\":\"https:\\\/\\\/www.encontrapiracicaba.com.br\\\/sobre\\\/diante-de-mudancas-recentes-camara-discute-futuro-da-fumep-em-audiencia-publica\\\/\",\"name\":\"Diante de mudan\\u00e7as recentes, C\\u00e2mara discute futuro da Fumep em audi\\u00eancia p\\u00fablica | Encontra Piracicaba\",\"inLanguage\":\"pt-BR\",\"isPartOf\":{\"@id\":\"https:\\\/\\\/www.encontrapiracicaba.com.br\\\/sobre\\\/#website\"},\"breadcrumb\":{\"@id\":\"https:\\\/\\\/www.encontrapiracicaba.com.br\\\/sobre\\\/diante-de-mudancas-recentes-camara-discute-futuro-da-fumep-em-audiencia-publica\\\/#breadcrumblist\"},\"author\":{\"@id\":\"https:\\\/\\\/www.encontrapiracicaba.com.br\\\/sobre\\\/author\\\/epiracicaba\\\/#author\"},\"creator\":{\"@id\":\"https:\\\/\\\/www.encontrapiracicaba.com.br\\\/sobre\\\/author\\\/epiracicaba\\\/#author\"},\"image\":{\"@type\":\"ImageObject\",\"url\":\"https:\\\/\\\/www.encontrapiracicaba.com.br\\\/sobre\\\/wp-content\\\/uploads\\\/diante-de-mudancas-recentes-camara-discute-futuro-da-fumep-em-audiencia-publica.webp\",\"@id\":\"https:\\\/\\\/www.encontrapiracicaba.com.br\\\/sobre\\\/diante-de-mudancas-recentes-camara-discute-futuro-da-fumep-em-audiencia-publica\\\/#mainImage\",\"width\":280,\"height\":280,\"caption\":\"Fumep\"},\"primaryImageOfPage\":{\"@id\":\"https:\\\/\\\/www.encontrapiracicaba.com.br\\\/sobre\\\/diante-de-mudancas-recentes-camara-discute-futuro-da-fumep-em-audiencia-publica\\\/#mainImage\"},\"datePublished\":\"2026-06-03T11:02:03-03:00\",\"dateModified\":\"2026-06-03T11:02:03-03:00\"},{\"@type\":\"WebSite\",\"@id\":\"https:\\\/\\\/www.encontrapiracicaba.com.br\\\/sobre\\\/#website\",\"url\":\"https:\\\/\\\/www.encontrapiracicaba.com.br\\\/sobre\\\/\",\"name\":\"Encontra Piracicaba\",\"description\":\"Not\\u00edcias, eventos, informa\\u00e7\\u00f5es e dicas na cidade de Piracicaba e regi\\u00e3o\",\"inLanguage\":\"pt-BR\",\"publisher\":{\"@id\":\"https:\\\/\\\/www.encontrapiracicaba.com.br\\\/sobre\\\/#organization\"}}]}\n\t\t<\/script>\n\t\t<!-- All in One SEO -->\n\n","aioseo_head_json":{"title":"Diante de mudan\u00e7as recentes, C\u00e2mara discute futuro da Fumep em audi\u00eancia p\u00fablica | Encontra Piracicaba","description":"","canonical_url":"https:\/\/www.encontrapiracicaba.com.br\/sobre\/diante-de-mudancas-recentes-camara-discute-futuro-da-fumep-em-audiencia-publica\/","robots":"max-image-preview:large","keywords":"","webmasterTools":{"miscellaneous":""},"schema":{"@context":"https:\/\/schema.org","@graph":[{"@type":"Article","@id":"https:\/\/www.encontrapiracicaba.com.br\/sobre\/diante-de-mudancas-recentes-camara-discute-futuro-da-fumep-em-audiencia-publica\/#article","name":"Diante de mudan\u00e7as recentes, C\u00e2mara discute futuro da Fumep em audi\u00eancia p\u00fablica | Encontra Piracicaba","headline":"Diante de mudan\u00e7as recentes, C\u00e2mara discute futuro da Fumep em audi\u00eancia p\u00fablica","author":{"@id":"https:\/\/www.encontrapiracicaba.com.br\/sobre\/author\/epiracicaba\/#author"},"publisher":{"@id":"https:\/\/www.encontrapiracicaba.com.br\/sobre\/#organization"},"image":{"@type":"ImageObject","url":"https:\/\/www.encontrapiracicaba.com.br\/sobre\/wp-content\/uploads\/diante-de-mudancas-recentes-camara-discute-futuro-da-fumep-em-audiencia-publica.webp","width":280,"height":280,"caption":"Fumep"},"datePublished":"2026-06-03T11:02:03-03:00","dateModified":"2026-06-03T11:02:03-03:00","inLanguage":"pt-BR","mainEntityOfPage":{"@id":"https:\/\/www.encontrapiracicaba.com.br\/sobre\/diante-de-mudancas-recentes-camara-discute-futuro-da-fumep-em-audiencia-publica\/#webpage"},"isPartOf":{"@id":"https:\/\/www.encontrapiracicaba.com.br\/sobre\/diante-de-mudancas-recentes-camara-discute-futuro-da-fumep-em-audiencia-publica\/#webpage"},"articleSection":"Not\u00edcias Piracicaba"},{"@type":"BreadcrumbList","@id":"https:\/\/www.encontrapiracicaba.com.br\/sobre\/diante-de-mudancas-recentes-camara-discute-futuro-da-fumep-em-audiencia-publica\/#breadcrumblist","itemListElement":[{"@type":"ListItem","@id":"https:\/\/www.encontrapiracicaba.com.br\/sobre#listItem","position":1,"name":"In\u00edcio","item":"https:\/\/www.encontrapiracicaba.com.br\/sobre","nextItem":{"@type":"ListItem","@id":"https:\/\/www.encontrapiracicaba.com.br\/sobre\/noticias-em-piracicaba\/#listItem","name":"Not\u00edcias Piracicaba"}},{"@type":"ListItem","@id":"https:\/\/www.encontrapiracicaba.com.br\/sobre\/noticias-em-piracicaba\/#listItem","position":2,"name":"Not\u00edcias Piracicaba","item":"https:\/\/www.encontrapiracicaba.com.br\/sobre\/noticias-em-piracicaba\/","nextItem":{"@type":"ListItem","@id":"https:\/\/www.encontrapiracicaba.com.br\/sobre\/diante-de-mudancas-recentes-camara-discute-futuro-da-fumep-em-audiencia-publica\/#listItem","name":"Diante de mudan\u00e7as recentes, C\u00e2mara discute futuro da Fumep em audi\u00eancia p\u00fablica"},"previousItem":{"@type":"ListItem","@id":"https:\/\/www.encontrapiracicaba.com.br\/sobre#listItem","name":"In\u00edcio"}},{"@type":"ListItem","@id":"https:\/\/www.encontrapiracicaba.com.br\/sobre\/diante-de-mudancas-recentes-camara-discute-futuro-da-fumep-em-audiencia-publica\/#listItem","position":3,"name":"Diante de mudan\u00e7as recentes, C\u00e2mara discute futuro da Fumep em audi\u00eancia p\u00fablica","previousItem":{"@type":"ListItem","@id":"https:\/\/www.encontrapiracicaba.com.br\/sobre\/noticias-em-piracicaba\/#listItem","name":"Not\u00edcias Piracicaba"}}]},{"@type":"Organization","@id":"https:\/\/www.encontrapiracicaba.com.br\/sobre\/#organization","name":"Encontra Piracicaba","description":"Not\u00edcias, eventos, informa\u00e7\u00f5es e dicas na cidade de Piracicaba e regi\u00e3o","url":"https:\/\/www.encontrapiracicaba.com.br\/sobre\/"},{"@type":"Person","@id":"https:\/\/www.encontrapiracicaba.com.br\/sobre\/author\/epiracicaba\/#author","url":"https:\/\/www.encontrapiracicaba.com.br\/sobre\/author\/epiracicaba\/","name":"Encontra Piracicaba","image":{"@type":"ImageObject","@id":"https:\/\/www.encontrapiracicaba.com.br\/sobre\/diante-de-mudancas-recentes-camara-discute-futuro-da-fumep-em-audiencia-publica\/#authorImage","url":"https:\/\/secure.gravatar.com\/avatar\/507340682b8270222e1f208e23198b6ae7e2c6a1033ae84e99bc6bce4f82a387?s=96&d=mm&r=g","width":96,"height":96,"caption":"Encontra Piracicaba"}},{"@type":"WebPage","@id":"https:\/\/www.encontrapiracicaba.com.br\/sobre\/diante-de-mudancas-recentes-camara-discute-futuro-da-fumep-em-audiencia-publica\/#webpage","url":"https:\/\/www.encontrapiracicaba.com.br\/sobre\/diante-de-mudancas-recentes-camara-discute-futuro-da-fumep-em-audiencia-publica\/","name":"Diante de mudan\u00e7as recentes, C\u00e2mara discute futuro da Fumep em audi\u00eancia p\u00fablica | Encontra Piracicaba","inLanguage":"pt-BR","isPartOf":{"@id":"https:\/\/www.encontrapiracicaba.com.br\/sobre\/#website"},"breadcrumb":{"@id":"https:\/\/www.encontrapiracicaba.com.br\/sobre\/diante-de-mudancas-recentes-camara-discute-futuro-da-fumep-em-audiencia-publica\/#breadcrumblist"},"author":{"@id":"https:\/\/www.encontrapiracicaba.com.br\/sobre\/author\/epiracicaba\/#author"},"creator":{"@id":"https:\/\/www.encontrapiracicaba.com.br\/sobre\/author\/epiracicaba\/#author"},"image":{"@type":"ImageObject","url":"https:\/\/www.encontrapiracicaba.com.br\/sobre\/wp-content\/uploads\/diante-de-mudancas-recentes-camara-discute-futuro-da-fumep-em-audiencia-publica.webp","@id":"https:\/\/www.encontrapiracicaba.com.br\/sobre\/diante-de-mudancas-recentes-camara-discute-futuro-da-fumep-em-audiencia-publica\/#mainImage","width":280,"height":280,"caption":"Fumep"},"primaryImageOfPage":{"@id":"https:\/\/www.encontrapiracicaba.com.br\/sobre\/diante-de-mudancas-recentes-camara-discute-futuro-da-fumep-em-audiencia-publica\/#mainImage"},"datePublished":"2026-06-03T11:02:03-03:00","dateModified":"2026-06-03T11:02:03-03:00"},{"@type":"WebSite","@id":"https:\/\/www.encontrapiracicaba.com.br\/sobre\/#website","url":"https:\/\/www.encontrapiracicaba.com.br\/sobre\/","name":"Encontra Piracicaba","description":"Not\u00edcias, eventos, informa\u00e7\u00f5es e dicas na cidade de Piracicaba e regi\u00e3o","inLanguage":"pt-BR","publisher":{"@id":"https:\/\/www.encontrapiracicaba.com.br\/sobre\/#organization"}}]},"og:locale":"pt_BR","og:site_name":"Encontra Piracicaba | Not\u00edcias, eventos, informa\u00e7\u00f5es e dicas na cidade de Piracicaba e regi\u00e3o","og:type":"article","og:title":"Diante de mudan\u00e7as recentes, C\u00e2mara discute futuro da Fumep em audi\u00eancia p\u00fablica | Encontra Piracicaba","og:url":"https:\/\/www.encontrapiracicaba.com.br\/sobre\/diante-de-mudancas-recentes-camara-discute-futuro-da-fumep-em-audiencia-publica\/","article:published_time":"2026-06-03T14:02:03+00:00","article:modified_time":"2026-06-03T14:02:03+00:00","twitter:card":"summary","twitter:title":"Diante de mudan\u00e7as recentes, C\u00e2mara discute futuro da Fumep em audi\u00eancia p\u00fablica | Encontra Piracicaba"},"aioseo_meta_data":{"post_id":"4639","title":null,"description":null,"keywords":null,"keyphrases":null,"primary_term":null,"canonical_url":null,"og_title":null,"og_description":null,"og_object_type":"default","og_image_type":"default","og_image_url":null,"og_image_width":null,"og_image_height":null,"og_image_custom_url":null,"og_image_custom_fields":null,"og_video":null,"og_custom_url":null,"og_article_section":null,"og_article_tags":null,"twitter_use_og":false,"twitter_card":"default","twitter_image_type":"default","twitter_image_url":null,"twitter_image_custom_url":null,"twitter_image_custom_fields":null,"twitter_title":null,"twitter_description":null,"schema":{"blockGraphs":[],"customGraphs":[],"default":{"data":{"Article":[],"Course":[],"Dataset":[],"FAQPage":[],"Movie":[],"Person":[],"Product":[],"ProductReview":[],"Car":[],"Recipe":[],"Service":[],"SoftwareApplication":[],"WebPage":[]},"graphName":"Article","isEnabled":true},"graphs":[]},"schema_type":"default","schema_type_options":null,"pillar_content":false,"robots_default":true,"robots_noindex":false,"robots_noarchive":false,"robots_nosnippet":false,"robots_nofollow":false,"robots_noimageindex":false,"robots_noodp":false,"robots_notranslate":false,"robots_max_snippet":null,"robots_max_videopreview":null,"robots_max_imagepreview":"large","priority":null,"frequency":null,"local_seo":null,"breadcrumb_settings":null,"limit_modified_date":false,"ai":null,"created":"2026-06-03 14:02:11","updated":"2026-06-03 14:08:11","focus_keyword":null,"additional_keywords":null,"truseo_locale":null,"seo_analyzer_scan_date":null},"aioseo_breadcrumb":"<div class=\"aioseo-breadcrumbs\"><span class=\"aioseo-breadcrumb\">\n\t\t\t<a href=\"https:\/\/www.encontrapiracicaba.com.br\/sobre\" title=\"In\u00edcio\">In\u00edcio<\/a>\n\t\t<\/span><span class=\"aioseo-breadcrumb-separator\">&raquo;<\/span><span class=\"aioseo-breadcrumb\">\n\t\t\t<a href=\"https:\/\/www.encontrapiracicaba.com.br\/sobre\/noticias-em-piracicaba\/\" title=\"Not\u00edcias Piracicaba\">Not\u00edcias Piracicaba<\/a>\n\t\t<\/span><span class=\"aioseo-breadcrumb-separator\">&raquo;<\/span><span class=\"aioseo-breadcrumb\">\n\t\t\tDiante de mudan\u00e7as recentes, C\u00e2mara discute futuro da Fumep em audi\u00eancia p\u00fablica\n\t\t<\/span><\/div>","aioseo_breadcrumb_json":[{"label":"In\u00edcio","link":"https:\/\/www.encontrapiracicaba.com.br\/sobre"},{"label":"Not\u00edcias Piracicaba","link":"https:\/\/www.encontrapiracicaba.com.br\/sobre\/noticias-em-piracicaba\/"},{"label":"Diante de mudan\u00e7as recentes, C\u00e2mara discute futuro da Fumep em audi\u00eancia p\u00fablica","link":"https:\/\/www.encontrapiracicaba.com.br\/sobre\/diante-de-mudancas-recentes-camara-discute-futuro-da-fumep-em-audiencia-publica\/"}],"_links":{"self":[{"href":"https:\/\/www.encontrapiracicaba.com.br\/sobre\/wp-json\/wp\/v2\/posts\/4639","targetHints":{"allow":["GET"]}}],"collection":[{"href":"https:\/\/www.encontrapiracicaba.com.br\/sobre\/wp-json\/wp\/v2\/posts"}],"about":[{"href":"https:\/\/www.encontrapiracicaba.com.br\/sobre\/wp-json\/wp\/v2\/types\/post"}],"author":[{"embeddable":true,"href":"https:\/\/www.encontrapiracicaba.com.br\/sobre\/wp-json\/wp\/v2\/users\/1"}],"replies":[{"embeddable":true,"href":"https:\/\/www.encontrapiracicaba.com.br\/sobre\/wp-json\/wp\/v2\/comments?post=4639"}],"version-history":[{"count":0,"href":"https:\/\/www.encontrapiracicaba.com.br\/sobre\/wp-json\/wp\/v2\/posts\/4639\/revisions"}],"wp:featuredmedia":[{"embeddable":true,"href":"https:\/\/www.encontrapiracicaba.com.br\/sobre\/wp-json\/wp\/v2\/media\/4638"}],"wp:attachment":[{"href":"https:\/\/www.encontrapiracicaba.com.br\/sobre\/wp-json\/wp\/v2\/media?parent=4639"}],"wp:term":[{"taxonomy":"category","embeddable":true,"href":"https:\/\/www.encontrapiracicaba.com.br\/sobre\/wp-json\/wp\/v2\/categories?post=4639"},{"taxonomy":"post_tag","embeddable":true,"href":"https:\/\/www.encontrapiracicaba.com.br\/sobre\/wp-json\/wp\/v2\/tags?post=4639"}],"curies":[{"name":"wp","href":"https:\/\/api.w.org\/{rel}","templated":true}]}}