{"id":4645,"date":"2026-06-03T11:08:32","date_gmt":"2026-06-03T14:08:32","guid":{"rendered":"https:\/\/www.encontrapiracicaba.com.br\/sobre\/tarifas-de-pedagio-sao-reajustadas-em-quatro-trechos-da-regiao-de-piracicaba-veja-novos-valores\/"},"modified":"2026-06-03T11:08:32","modified_gmt":"2026-06-03T14:08:32","slug":"tarifas-de-pedagio-sao-reajustadas-em-quatro-trechos-da-regiao-de-piracicaba-veja-novos-valores","status":"publish","type":"post","link":"https:\/\/www.encontrapiracicaba.com.br\/sobre\/tarifas-de-pedagio-sao-reajustadas-em-quatro-trechos-da-regiao-de-piracicaba-veja-novos-valores\/","title":{"rendered":"Tarifas de ped\u00e1gio s\u00e3o reajustadas em quatro trechos da regi\u00e3o de Piracicaba; veja novos valores"},"content":{"rendered":"<div class=\"85df007ed5c0c4d4b453fd13a37855e8\" data-index=\"1\" style=\"float: none; margin:0px;\">\n<!-- Anuncio display - global -->\r\n<ins class=\"adsbygoogle\"\r\n     style=\"display:block\"\r\n     data-ad-client=\"ca-pub-8585364105181520\"\r\n     data-ad-slot=\"8789329856\"\r\n     data-ad-format=\"auto\"\r\n     data-full-width-responsive=\"true\"><\/ins>\r\n<script>\r\n     (adsbygoogle = window.adsbygoogle || []).push({});\r\n<\/script>\n<\/div>\n<h2>Entenda o Reajuste nas Tarifas de Ped\u00e1gio<\/h2>\n<p>A tarifa\u00e7\u00e3o de ped\u00e1gio nas estradas \u00e9 um tema crucial para motoristas e viajantes, especialmente quando h\u00e1 aumentos programados. O reajuste das tarifas em quatro trechos de rodovias na regi\u00e3o de Piracicaba est\u00e1 agendado para entrar em vigor no dia 4 de junho, com um aumento fixado em 4,39%. Este ajuste \u00e9 aplicado anualmente e, conforme estipulado em contrato, reflete as oscila\u00e7\u00f5es do \u00cdndice Nacional de Pre\u00e7os ao Consumidor Amplo (IPCA).<\/p>\n<h2>Novos Valores e Vantagens para Motoristas<\/h2>\n<p>Ap\u00f3s o reajuste, as tarifas de ped\u00e1gio para carros de passeio e motocicletas nos trechos afetados ir\u00e3o variar entre R$ 3,00 e R$ 11,00. Essa varia\u00e7\u00e3o garante certa flexibilidade e acesso a diferentes op\u00e7\u00f5es de pagamento para os usu\u00e1rios. \u00c9 importante frisar que motoristas que optam pelo pagamento autom\u00e1tico t\u00eam acesso a benef\u00edcios adicionais.<\/p>\n<h2>Como Funciona o Desconto de Usu\u00e1rio Frequente<\/h2>\n<p>Para aqueles que usam carro de passeio e realizam pagamentos autom\u00e1ticos, existe o Desconto de Usu\u00e1rio Frequente (DUF). Esse desconto reduz progressivamente o pre\u00e7o da tarifa conforme o n\u00famero de passagens realizadas no m\u00eas. A partir da segunda passagem, o valor come\u00e7a a ter uma redu\u00e7\u00e3o, que pode chegar at\u00e9 90% ap\u00f3s a 30\u00aa passagem. Este desconto \u00e9 autom\u00e1tico para usu\u00e1rios que utilizam tags de qualquer operadora de ped\u00e1gio.<\/p>\n<p><img decoding=\"async\" src=\"https:\/\/www.encontrapiracicaba.com.br\/sobre\/wp-content\/uploads\/tarifas-de-pedagio-sao-reajustadas-em-quatro-trechos-da-regiao-de-piracicaba-veja-novos-valores.webp\" alt=\"tarifas de ped\u00e1gio\" loading=\"lazy\" \/><\/p>\n<h2>Impactos do Reajuste para os Usu\u00e1rios<\/h2>\n<p>Os motoristas da regi\u00e3o de Piracicaba devem ficar atentos para os novos valores de ped\u00e1gio, uma vez que os reajustes podem impactar diretamente no custo das viagens. Viajantes frequentes e trabalhadores que dependem das rodovias para deslocamento di\u00e1rio podem perceber um aumento nas despesas, sendo assim, \u00e9 fundamental ajustar o planejamento financeiro para acomodar essas mudan\u00e7as.<\/p>\n<h2>Rodovias Afetadas pelo Reajuste<\/h2>\n<p>Os reajustes afetar\u00e3o quatro rodovias principais que cortam a \u00e1rea de Piracicaba. S\u00e3o elas:<\/p>\n<ul>\n<li><strong>Rodovia Geraldo de Barros (SP-304)<\/strong>: trecho entre Piracicaba e S\u00e3o Pedro.<\/li>\n<li><strong>Rodovia Herm\u00ednio Petrin (SP-308)<\/strong>: entre Charqueada e Piracicaba.<\/li>\n<li><strong>Rodovia Washington Lu\u00eds (SP-310)<\/strong>: que atravessa Cordeir\u00f3polis.<\/li>\n<\/ul>\n<h2>Hist\u00f3rico de Reajustes e IPCA<\/h2>\n<p>A pr\u00e1tica de reajustes anuais nas tarifas de ped\u00e1gio \u00e9 uma norma que busca equilibrar os custos de manuten\u00e7\u00e3o das vias e investimentos em infraestrutura. O IPCA \u00e9 a refer\u00eancia utilizada para determinar a magnifica\u00e7\u00e3o dessas tarifas e, com isso, garante que os valores estejam em conson\u00e2ncia com a infla\u00e7\u00e3o e a realidade econ\u00f4mica do pa\u00eds.<\/p>\n<h2>O que Significa o Reajuste Anual<\/h2>\n<p>O ajuste anual nas tarifas de ped\u00e1gio \u00e9 um mecanismo que visa refor\u00e7ar a qualidade dos servi\u00e7os prestados aos usu\u00e1rios. Com os valores alinhados ao IPCA, espera-se que as rodovias continuem recebendo a devida manuten\u00e7\u00e3o e melhorias, garantindo maior seguran\u00e7a e conforto aos motoristas.<\/p>\n<h2>Benef\u00edcios do Pagamento Autom\u00e1tico<\/h2>\n<p>Optar por sistemas de pagamento autom\u00e1tico n\u00e3o s\u00f3 proporciona a conveni\u00eancia de evitar filas, mas tamb\u00e9m permite ao motorista acessar descontos significativos. A capacidade de planejamento e controle sobre os gastos com ped\u00e1gios \u00e9 uma vantagem adicional oferecida aos usu\u00e1rios que aderem a este m\u00e9todo de pagamento.<\/p>\n<h2>Como se Preparar para os Novos Pre\u00e7os<\/h2>\n<p>Com a aproxima\u00e7\u00e3o do reajuste, \u00e9 essencial que os motoristas se preparem. Isso inclui:<\/p>\n<ul>\n<li>Revisar itiner\u00e1rios e planejar a quantidade de viagens mensais.<\/li>\n<li>Avaliar a possibilidade de ades\u00e3o a pagamento autom\u00e1tico para garantir os descontos dispon\u00edveis.<\/li>\n<li>Conduzir an\u00e1lises de custo-benef\u00edcio quanto ao uso das rodovias afetadas para otimizar os gastos.<\/li>\n<\/ul>\n<h2>Expectativas Futuras sobre as Tarifas<\/h2>\n<p>Eventuais aumentos nas tarifas de ped\u00e1gio s\u00e3o esperados, visto que o contrato de concess\u00e3o prev\u00ea esses reajustes anualmente. Assim sendo, \u00e9 importante que os motoristas estejam sempre informados e preparados para ajustes financeiros referentes a suas viagens nas estradas.<\/p>\n\n<div style=\"font-size: 0px; height: 0px; line-height: 0px; margin: 0; padding: 0; clear: both;\"><\/div>","protected":false},"excerpt":{"rendered":"<p>Reajuste nas tarifas de ped\u00e1gio traz novos valores em Piracicaba.<\/p>\n","protected":false},"author":1,"featured_media":4644,"comment_status":"closed","ping_status":"closed","sticky":false,"template":"","format":"standard","meta":{"footnotes":""},"categories":[6],"tags":[],"class_list":["post-4645","post","type-post","status-publish","format-standard","has-post-thumbnail","hentry","category-noticias-em-piracicaba","has_thumb"],"aioseo_notices":[],"aioseo_head":"\n\t\t<!-- All in One SEO 5.0.0.1 - aioseo.com -->\n\t<meta name=\"robots\" content=\"max-image-preview:large\" \/>\n\t<meta name=\"author\" content=\"Encontra Piracicaba\"\/>\n\t<link rel=\"canonical\" href=\"https:\/\/www.encontrapiracicaba.com.br\/sobre\/tarifas-de-pedagio-sao-reajustadas-em-quatro-trechos-da-regiao-de-piracicaba-veja-novos-valores\/\" \/>\n\t<meta name=\"generator\" content=\"All in One SEO (AIOSEO) 5.0.0.1\" \/>\n\t\t<meta property=\"og:locale\" content=\"pt_BR\" \/>\n\t\t<meta property=\"og:site_name\" content=\"Encontra Piracicaba | Not\u00edcias, eventos, informa\u00e7\u00f5es e dicas na cidade de Piracicaba e regi\u00e3o\" \/>\n\t\t<meta property=\"og:type\" content=\"article\" \/>\n\t\t<meta property=\"og:title\" content=\"Tarifas de ped\u00e1gio s\u00e3o reajustadas em quatro trechos da regi\u00e3o de Piracicaba; veja novos valores | Encontra Piracicaba\" \/>\n\t\t<meta property=\"og:url\" content=\"https:\/\/www.encontrapiracicaba.com.br\/sobre\/tarifas-de-pedagio-sao-reajustadas-em-quatro-trechos-da-regiao-de-piracicaba-veja-novos-valores\/\" \/>\n\t\t<meta property=\"article:published_time\" content=\"2026-06-03T14:08:32+00:00\" \/>\n\t\t<meta property=\"article:modified_time\" content=\"2026-06-03T14:08:32+00:00\" \/>\n\t\t<meta name=\"twitter:card\" content=\"summary\" \/>\n\t\t<meta name=\"twitter:title\" content=\"Tarifas de ped\u00e1gio s\u00e3o reajustadas em quatro trechos da regi\u00e3o de Piracicaba; veja novos valores | Encontra Piracicaba\" \/>\n\t\t<script type=\"application\/ld+json\" class=\"aioseo-schema\">\n\t\t\t{\"@context\":\"https:\\\/\\\/schema.org\",\"@graph\":[{\"@type\":\"Article\",\"@id\":\"https:\\\/\\\/www.encontrapiracicaba.com.br\\\/sobre\\\/tarifas-de-pedagio-sao-reajustadas-em-quatro-trechos-da-regiao-de-piracicaba-veja-novos-valores\\\/#article\",\"name\":\"Tarifas de ped\\u00e1gio s\\u00e3o reajustadas em quatro trechos da regi\\u00e3o de Piracicaba; veja novos valores | Encontra Piracicaba\",\"headline\":\"Tarifas de ped\\u00e1gio s\\u00e3o reajustadas em quatro trechos da regi\\u00e3o de Piracicaba; veja novos valores\",\"author\":{\"@id\":\"https:\\\/\\\/www.encontrapiracicaba.com.br\\\/sobre\\\/author\\\/epiracicaba\\\/#author\"},\"publisher\":{\"@id\":\"https:\\\/\\\/www.encontrapiracicaba.com.br\\\/sobre\\\/#organization\"},\"image\":{\"@type\":\"ImageObject\",\"url\":\"https:\\\/\\\/www.encontrapiracicaba.com.br\\\/sobre\\\/wp-content\\\/uploads\\\/tarifas-de-pedagio-sao-reajustadas-em-quatro-trechos-da-regiao-de-piracicaba-veja-novos-valores.webp\",\"width\":280,\"height\":280,\"caption\":\"tarifas de ped\\u00e1gio\"},\"datePublished\":\"2026-06-03T11:08:32-03:00\",\"dateModified\":\"2026-06-03T11:08:32-03:00\",\"inLanguage\":\"pt-BR\",\"mainEntityOfPage\":{\"@id\":\"https:\\\/\\\/www.encontrapiracicaba.com.br\\\/sobre\\\/tarifas-de-pedagio-sao-reajustadas-em-quatro-trechos-da-regiao-de-piracicaba-veja-novos-valores\\\/#webpage\"},\"isPartOf\":{\"@id\":\"https:\\\/\\\/www.encontrapiracicaba.com.br\\\/sobre\\\/tarifas-de-pedagio-sao-reajustadas-em-quatro-trechos-da-regiao-de-piracicaba-veja-novos-valores\\\/#webpage\"},\"articleSection\":\"Not\\u00edcias Piracicaba\"},{\"@type\":\"BreadcrumbList\",\"@id\":\"https:\\\/\\\/www.encontrapiracicaba.com.br\\\/sobre\\\/tarifas-de-pedagio-sao-reajustadas-em-quatro-trechos-da-regiao-de-piracicaba-veja-novos-valores\\\/#breadcrumblist\",\"itemListElement\":[{\"@type\":\"ListItem\",\"@id\":\"https:\\\/\\\/www.encontrapiracicaba.com.br\\\/sobre#listItem\",\"position\":1,\"name\":\"In\\u00edcio\",\"item\":\"https:\\\/\\\/www.encontrapiracicaba.com.br\\\/sobre\",\"nextItem\":{\"@type\":\"ListItem\",\"@id\":\"https:\\\/\\\/www.encontrapiracicaba.com.br\\\/sobre\\\/noticias-em-piracicaba\\\/#listItem\",\"name\":\"Not\\u00edcias Piracicaba\"}},{\"@type\":\"ListItem\",\"@id\":\"https:\\\/\\\/www.encontrapiracicaba.com.br\\\/sobre\\\/noticias-em-piracicaba\\\/#listItem\",\"position\":2,\"name\":\"Not\\u00edcias Piracicaba\",\"item\":\"https:\\\/\\\/www.encontrapiracicaba.com.br\\\/sobre\\\/noticias-em-piracicaba\\\/\",\"nextItem\":{\"@type\":\"ListItem\",\"@id\":\"https:\\\/\\\/www.encontrapiracicaba.com.br\\\/sobre\\\/tarifas-de-pedagio-sao-reajustadas-em-quatro-trechos-da-regiao-de-piracicaba-veja-novos-valores\\\/#listItem\",\"name\":\"Tarifas de ped\\u00e1gio s\\u00e3o reajustadas em quatro trechos da regi\\u00e3o de Piracicaba; veja novos valores\"},\"previousItem\":{\"@type\":\"ListItem\",\"@id\":\"https:\\\/\\\/www.encontrapiracicaba.com.br\\\/sobre#listItem\",\"name\":\"In\\u00edcio\"}},{\"@type\":\"ListItem\",\"@id\":\"https:\\\/\\\/www.encontrapiracicaba.com.br\\\/sobre\\\/tarifas-de-pedagio-sao-reajustadas-em-quatro-trechos-da-regiao-de-piracicaba-veja-novos-valores\\\/#listItem\",\"position\":3,\"name\":\"Tarifas de ped\\u00e1gio s\\u00e3o reajustadas em quatro trechos da regi\\u00e3o de Piracicaba; veja novos valores\",\"previousItem\":{\"@type\":\"ListItem\",\"@id\":\"https:\\\/\\\/www.encontrapiracicaba.com.br\\\/sobre\\\/noticias-em-piracicaba\\\/#listItem\",\"name\":\"Not\\u00edcias Piracicaba\"}}]},{\"@type\":\"Organization\",\"@id\":\"https:\\\/\\\/www.encontrapiracicaba.com.br\\\/sobre\\\/#organization\",\"name\":\"Encontra Piracicaba\",\"description\":\"Not\\u00edcias, eventos, informa\\u00e7\\u00f5es e dicas na cidade de Piracicaba e regi\\u00e3o\",\"url\":\"https:\\\/\\\/www.encontrapiracicaba.com.br\\\/sobre\\\/\"},{\"@type\":\"Person\",\"@id\":\"https:\\\/\\\/www.encontrapiracicaba.com.br\\\/sobre\\\/author\\\/epiracicaba\\\/#author\",\"url\":\"https:\\\/\\\/www.encontrapiracicaba.com.br\\\/sobre\\\/author\\\/epiracicaba\\\/\",\"name\":\"Encontra Piracicaba\",\"image\":{\"@type\":\"ImageObject\",\"@id\":\"https:\\\/\\\/www.encontrapiracicaba.com.br\\\/sobre\\\/tarifas-de-pedagio-sao-reajustadas-em-quatro-trechos-da-regiao-de-piracicaba-veja-novos-valores\\\/#authorImage\",\"url\":\"https:\\\/\\\/secure.gravatar.com\\\/avatar\\\/507340682b8270222e1f208e23198b6ae7e2c6a1033ae84e99bc6bce4f82a387?s=96&d=mm&r=g\",\"width\":96,\"height\":96,\"caption\":\"Encontra Piracicaba\"}},{\"@type\":\"WebPage\",\"@id\":\"https:\\\/\\\/www.encontrapiracicaba.com.br\\\/sobre\\\/tarifas-de-pedagio-sao-reajustadas-em-quatro-trechos-da-regiao-de-piracicaba-veja-novos-valores\\\/#webpage\",\"url\":\"https:\\\/\\\/www.encontrapiracicaba.com.br\\\/sobre\\\/tarifas-de-pedagio-sao-reajustadas-em-quatro-trechos-da-regiao-de-piracicaba-veja-novos-valores\\\/\",\"name\":\"Tarifas de ped\\u00e1gio s\\u00e3o reajustadas em quatro trechos da regi\\u00e3o de Piracicaba; veja novos valores | Encontra Piracicaba\",\"inLanguage\":\"pt-BR\",\"isPartOf\":{\"@id\":\"https:\\\/\\\/www.encontrapiracicaba.com.br\\\/sobre\\\/#website\"},\"breadcrumb\":{\"@id\":\"https:\\\/\\\/www.encontrapiracicaba.com.br\\\/sobre\\\/tarifas-de-pedagio-sao-reajustadas-em-quatro-trechos-da-regiao-de-piracicaba-veja-novos-valores\\\/#breadcrumblist\"},\"author\":{\"@id\":\"https:\\\/\\\/www.encontrapiracicaba.com.br\\\/sobre\\\/author\\\/epiracicaba\\\/#author\"},\"creator\":{\"@id\":\"https:\\\/\\\/www.encontrapiracicaba.com.br\\\/sobre\\\/author\\\/epiracicaba\\\/#author\"},\"image\":{\"@type\":\"ImageObject\",\"url\":\"https:\\\/\\\/www.encontrapiracicaba.com.br\\\/sobre\\\/wp-content\\\/uploads\\\/tarifas-de-pedagio-sao-reajustadas-em-quatro-trechos-da-regiao-de-piracicaba-veja-novos-valores.webp\",\"@id\":\"https:\\\/\\\/www.encontrapiracicaba.com.br\\\/sobre\\\/tarifas-de-pedagio-sao-reajustadas-em-quatro-trechos-da-regiao-de-piracicaba-veja-novos-valores\\\/#mainImage\",\"width\":280,\"height\":280,\"caption\":\"tarifas de ped\\u00e1gio\"},\"primaryImageOfPage\":{\"@id\":\"https:\\\/\\\/www.encontrapiracicaba.com.br\\\/sobre\\\/tarifas-de-pedagio-sao-reajustadas-em-quatro-trechos-da-regiao-de-piracicaba-veja-novos-valores\\\/#mainImage\"},\"datePublished\":\"2026-06-03T11:08:32-03:00\",\"dateModified\":\"2026-06-03T11:08:32-03:00\"},{\"@type\":\"WebSite\",\"@id\":\"https:\\\/\\\/www.encontrapiracicaba.com.br\\\/sobre\\\/#website\",\"url\":\"https:\\\/\\\/www.encontrapiracicaba.com.br\\\/sobre\\\/\",\"name\":\"Encontra Piracicaba\",\"description\":\"Not\\u00edcias, eventos, informa\\u00e7\\u00f5es e dicas na cidade de Piracicaba e regi\\u00e3o\",\"inLanguage\":\"pt-BR\",\"publisher\":{\"@id\":\"https:\\\/\\\/www.encontrapiracicaba.com.br\\\/sobre\\\/#organization\"}}]}\n\t\t<\/script>\n\t\t<!-- All in One SEO -->\n\n","aioseo_head_json":{"title":"Tarifas de ped\u00e1gio s\u00e3o reajustadas em quatro trechos da regi\u00e3o de Piracicaba; veja novos valores | Encontra Piracicaba","description":"","canonical_url":"https:\/\/www.encontrapiracicaba.com.br\/sobre\/tarifas-de-pedagio-sao-reajustadas-em-quatro-trechos-da-regiao-de-piracicaba-veja-novos-valores\/","robots":"max-image-preview:large","keywords":"","webmasterTools":{"miscellaneous":""},"schema":{"@context":"https:\/\/schema.org","@graph":[{"@type":"Article","@id":"https:\/\/www.encontrapiracicaba.com.br\/sobre\/tarifas-de-pedagio-sao-reajustadas-em-quatro-trechos-da-regiao-de-piracicaba-veja-novos-valores\/#article","name":"Tarifas de ped\u00e1gio s\u00e3o reajustadas em quatro trechos da regi\u00e3o de Piracicaba; veja novos valores | Encontra Piracicaba","headline":"Tarifas de ped\u00e1gio s\u00e3o reajustadas em quatro trechos da regi\u00e3o de Piracicaba; veja novos valores","author":{"@id":"https:\/\/www.encontrapiracicaba.com.br\/sobre\/author\/epiracicaba\/#author"},"publisher":{"@id":"https:\/\/www.encontrapiracicaba.com.br\/sobre\/#organization"},"image":{"@type":"ImageObject","url":"https:\/\/www.encontrapiracicaba.com.br\/sobre\/wp-content\/uploads\/tarifas-de-pedagio-sao-reajustadas-em-quatro-trechos-da-regiao-de-piracicaba-veja-novos-valores.webp","width":280,"height":280,"caption":"tarifas de ped\u00e1gio"},"datePublished":"2026-06-03T11:08:32-03:00","dateModified":"2026-06-03T11:08:32-03:00","inLanguage":"pt-BR","mainEntityOfPage":{"@id":"https:\/\/www.encontrapiracicaba.com.br\/sobre\/tarifas-de-pedagio-sao-reajustadas-em-quatro-trechos-da-regiao-de-piracicaba-veja-novos-valores\/#webpage"},"isPartOf":{"@id":"https:\/\/www.encontrapiracicaba.com.br\/sobre\/tarifas-de-pedagio-sao-reajustadas-em-quatro-trechos-da-regiao-de-piracicaba-veja-novos-valores\/#webpage"},"articleSection":"Not\u00edcias Piracicaba"},{"@type":"BreadcrumbList","@id":"https:\/\/www.encontrapiracicaba.com.br\/sobre\/tarifas-de-pedagio-sao-reajustadas-em-quatro-trechos-da-regiao-de-piracicaba-veja-novos-valores\/#breadcrumblist","itemListElement":[{"@type":"ListItem","@id":"https:\/\/www.encontrapiracicaba.com.br\/sobre#listItem","position":1,"name":"In\u00edcio","item":"https:\/\/www.encontrapiracicaba.com.br\/sobre","nextItem":{"@type":"ListItem","@id":"https:\/\/www.encontrapiracicaba.com.br\/sobre\/noticias-em-piracicaba\/#listItem","name":"Not\u00edcias Piracicaba"}},{"@type":"ListItem","@id":"https:\/\/www.encontrapiracicaba.com.br\/sobre\/noticias-em-piracicaba\/#listItem","position":2,"name":"Not\u00edcias Piracicaba","item":"https:\/\/www.encontrapiracicaba.com.br\/sobre\/noticias-em-piracicaba\/","nextItem":{"@type":"ListItem","@id":"https:\/\/www.encontrapiracicaba.com.br\/sobre\/tarifas-de-pedagio-sao-reajustadas-em-quatro-trechos-da-regiao-de-piracicaba-veja-novos-valores\/#listItem","name":"Tarifas de ped\u00e1gio s\u00e3o reajustadas em quatro trechos da regi\u00e3o de Piracicaba; veja novos valores"},"previousItem":{"@type":"ListItem","@id":"https:\/\/www.encontrapiracicaba.com.br\/sobre#listItem","name":"In\u00edcio"}},{"@type":"ListItem","@id":"https:\/\/www.encontrapiracicaba.com.br\/sobre\/tarifas-de-pedagio-sao-reajustadas-em-quatro-trechos-da-regiao-de-piracicaba-veja-novos-valores\/#listItem","position":3,"name":"Tarifas de ped\u00e1gio s\u00e3o reajustadas em quatro trechos da regi\u00e3o de Piracicaba; veja novos valores","previousItem":{"@type":"ListItem","@id":"https:\/\/www.encontrapiracicaba.com.br\/sobre\/noticias-em-piracicaba\/#listItem","name":"Not\u00edcias Piracicaba"}}]},{"@type":"Organization","@id":"https:\/\/www.encontrapiracicaba.com.br\/sobre\/#organization","name":"Encontra Piracicaba","description":"Not\u00edcias, eventos, informa\u00e7\u00f5es e dicas na cidade de Piracicaba e regi\u00e3o","url":"https:\/\/www.encontrapiracicaba.com.br\/sobre\/"},{"@type":"Person","@id":"https:\/\/www.encontrapiracicaba.com.br\/sobre\/author\/epiracicaba\/#author","url":"https:\/\/www.encontrapiracicaba.com.br\/sobre\/author\/epiracicaba\/","name":"Encontra Piracicaba","image":{"@type":"ImageObject","@id":"https:\/\/www.encontrapiracicaba.com.br\/sobre\/tarifas-de-pedagio-sao-reajustadas-em-quatro-trechos-da-regiao-de-piracicaba-veja-novos-valores\/#authorImage","url":"https:\/\/secure.gravatar.com\/avatar\/507340682b8270222e1f208e23198b6ae7e2c6a1033ae84e99bc6bce4f82a387?s=96&d=mm&r=g","width":96,"height":96,"caption":"Encontra Piracicaba"}},{"@type":"WebPage","@id":"https:\/\/www.encontrapiracicaba.com.br\/sobre\/tarifas-de-pedagio-sao-reajustadas-em-quatro-trechos-da-regiao-de-piracicaba-veja-novos-valores\/#webpage","url":"https:\/\/www.encontrapiracicaba.com.br\/sobre\/tarifas-de-pedagio-sao-reajustadas-em-quatro-trechos-da-regiao-de-piracicaba-veja-novos-valores\/","name":"Tarifas de ped\u00e1gio s\u00e3o reajustadas em quatro trechos da regi\u00e3o de Piracicaba; veja novos valores | Encontra Piracicaba","inLanguage":"pt-BR","isPartOf":{"@id":"https:\/\/www.encontrapiracicaba.com.br\/sobre\/#website"},"breadcrumb":{"@id":"https:\/\/www.encontrapiracicaba.com.br\/sobre\/tarifas-de-pedagio-sao-reajustadas-em-quatro-trechos-da-regiao-de-piracicaba-veja-novos-valores\/#breadcrumblist"},"author":{"@id":"https:\/\/www.encontrapiracicaba.com.br\/sobre\/author\/epiracicaba\/#author"},"creator":{"@id":"https:\/\/www.encontrapiracicaba.com.br\/sobre\/author\/epiracicaba\/#author"},"image":{"@type":"ImageObject","url":"https:\/\/www.encontrapiracicaba.com.br\/sobre\/wp-content\/uploads\/tarifas-de-pedagio-sao-reajustadas-em-quatro-trechos-da-regiao-de-piracicaba-veja-novos-valores.webp","@id":"https:\/\/www.encontrapiracicaba.com.br\/sobre\/tarifas-de-pedagio-sao-reajustadas-em-quatro-trechos-da-regiao-de-piracicaba-veja-novos-valores\/#mainImage","width":280,"height":280,"caption":"tarifas de ped\u00e1gio"},"primaryImageOfPage":{"@id":"https:\/\/www.encontrapiracicaba.com.br\/sobre\/tarifas-de-pedagio-sao-reajustadas-em-quatro-trechos-da-regiao-de-piracicaba-veja-novos-valores\/#mainImage"},"datePublished":"2026-06-03T11:08:32-03:00","dateModified":"2026-06-03T11:08:32-03:00"},{"@type":"WebSite","@id":"https:\/\/www.encontrapiracicaba.com.br\/sobre\/#website","url":"https:\/\/www.encontrapiracicaba.com.br\/sobre\/","name":"Encontra Piracicaba","description":"Not\u00edcias, eventos, informa\u00e7\u00f5es e dicas na cidade de Piracicaba e regi\u00e3o","inLanguage":"pt-BR","publisher":{"@id":"https:\/\/www.encontrapiracicaba.com.br\/sobre\/#organization"}}]},"og:locale":"pt_BR","og:site_name":"Encontra Piracicaba | Not\u00edcias, eventos, informa\u00e7\u00f5es e dicas na cidade de Piracicaba e regi\u00e3o","og:type":"article","og:title":"Tarifas de ped\u00e1gio s\u00e3o reajustadas em quatro trechos da regi\u00e3o de Piracicaba; veja novos valores | Encontra Piracicaba","og:url":"https:\/\/www.encontrapiracicaba.com.br\/sobre\/tarifas-de-pedagio-sao-reajustadas-em-quatro-trechos-da-regiao-de-piracicaba-veja-novos-valores\/","article:published_time":"2026-06-03T14:08:32+00:00","article:modified_time":"2026-06-03T14:08:32+00:00","twitter:card":"summary","twitter:title":"Tarifas de ped\u00e1gio s\u00e3o reajustadas em quatro trechos da regi\u00e3o de Piracicaba; veja novos valores | Encontra Piracicaba"},"aioseo_meta_data":{"post_id":"4645","title":null,"description":null,"keywords":null,"keyphrases":null,"primary_term":null,"canonical_url":null,"og_title":null,"og_description":null,"og_object_type":"default","og_image_type":"default","og_image_url":null,"og_image_width":null,"og_image_height":null,"og_image_custom_url":null,"og_image_custom_fields":null,"og_video":null,"og_custom_url":null,"og_article_section":null,"og_article_tags":null,"twitter_use_og":false,"twitter_card":"default","twitter_image_type":"default","twitter_image_url":null,"twitter_image_custom_url":null,"twitter_image_custom_fields":null,"twitter_title":null,"twitter_description":null,"schema":{"blockGraphs":[],"customGraphs":[],"default":{"data":{"Article":[],"Course":[],"Dataset":[],"FAQPage":[],"Movie":[],"Person":[],"Product":[],"ProductReview":[],"Car":[],"Recipe":[],"Service":[],"SoftwareApplication":[],"WebPage":[]},"graphName":"Article","isEnabled":true},"graphs":[]},"schema_type":"default","schema_type_options":null,"pillar_content":false,"robots_default":true,"robots_noindex":false,"robots_noarchive":false,"robots_nosnippet":false,"robots_nofollow":false,"robots_noimageindex":false,"robots_noodp":false,"robots_notranslate":false,"robots_max_snippet":null,"robots_max_videopreview":null,"robots_max_imagepreview":"large","priority":null,"frequency":null,"local_seo":null,"breadcrumb_settings":null,"limit_modified_date":false,"ai":null,"created":"2026-06-03 14:08:38","updated":"2026-06-03 14:17:50","focus_keyword":null,"additional_keywords":null,"truseo_locale":null,"seo_analyzer_scan_date":null},"aioseo_breadcrumb":"<div class=\"aioseo-breadcrumbs\"><span class=\"aioseo-breadcrumb\">\n\t\t\t<a href=\"https:\/\/www.encontrapiracicaba.com.br\/sobre\" title=\"In\u00edcio\">In\u00edcio<\/a>\n\t\t<\/span><span class=\"aioseo-breadcrumb-separator\">&raquo;<\/span><span class=\"aioseo-breadcrumb\">\n\t\t\t<a href=\"https:\/\/www.encontrapiracicaba.com.br\/sobre\/noticias-em-piracicaba\/\" title=\"Not\u00edcias Piracicaba\">Not\u00edcias Piracicaba<\/a>\n\t\t<\/span><span class=\"aioseo-breadcrumb-separator\">&raquo;<\/span><span class=\"aioseo-breadcrumb\">\n\t\t\tTarifas de ped\u00e1gio s\u00e3o reajustadas em quatro trechos da regi\u00e3o de Piracicaba; veja novos valores\n\t\t<\/span><\/div>","aioseo_breadcrumb_json":[{"label":"In\u00edcio","link":"https:\/\/www.encontrapiracicaba.com.br\/sobre"},{"label":"Not\u00edcias Piracicaba","link":"https:\/\/www.encontrapiracicaba.com.br\/sobre\/noticias-em-piracicaba\/"},{"label":"Tarifas de ped\u00e1gio s\u00e3o reajustadas em quatro trechos da regi\u00e3o de Piracicaba; veja novos valores","link":"https:\/\/www.encontrapiracicaba.com.br\/sobre\/tarifas-de-pedagio-sao-reajustadas-em-quatro-trechos-da-regiao-de-piracicaba-veja-novos-valores\/"}],"_links":{"self":[{"href":"https:\/\/www.encontrapiracicaba.com.br\/sobre\/wp-json\/wp\/v2\/posts\/4645","targetHints":{"allow":["GET"]}}],"collection":[{"href":"https:\/\/www.encontrapiracicaba.com.br\/sobre\/wp-json\/wp\/v2\/posts"}],"about":[{"href":"https:\/\/www.encontrapiracicaba.com.br\/sobre\/wp-json\/wp\/v2\/types\/post"}],"author":[{"embeddable":true,"href":"https:\/\/www.encontrapiracicaba.com.br\/sobre\/wp-json\/wp\/v2\/users\/1"}],"replies":[{"embeddable":true,"href":"https:\/\/www.encontrapiracicaba.com.br\/sobre\/wp-json\/wp\/v2\/comments?post=4645"}],"version-history":[{"count":0,"href":"https:\/\/www.encontrapiracicaba.com.br\/sobre\/wp-json\/wp\/v2\/posts\/4645\/revisions"}],"wp:featuredmedia":[{"embeddable":true,"href":"https:\/\/www.encontrapiracicaba.com.br\/sobre\/wp-json\/wp\/v2\/media\/4644"}],"wp:attachment":[{"href":"https:\/\/www.encontrapiracicaba.com.br\/sobre\/wp-json\/wp\/v2\/media?parent=4645"}],"wp:term":[{"taxonomy":"category","embeddable":true,"href":"https:\/\/www.encontrapiracicaba.com.br\/sobre\/wp-json\/wp\/v2\/categories?post=4645"},{"taxonomy":"post_tag","embeddable":true,"href":"https:\/\/www.encontrapiracicaba.com.br\/sobre\/wp-json\/wp\/v2\/tags?post=4645"}],"curies":[{"name":"wp","href":"https:\/\/api.w.org\/{rel}","templated":true}]}}