{"id":4667,"date":"2026-06-09T10:54:32","date_gmt":"2026-06-09T13:54:32","guid":{"rendered":"https:\/\/www.encontrapiracicaba.com.br\/sobre\/alvo-de-criticas-coleta-de-lixo-vira-tema-de-requerimento-e-falas-de-vereadores\/"},"modified":"2026-06-09T10:54:32","modified_gmt":"2026-06-09T13:54:32","slug":"alvo-de-criticas-coleta-de-lixo-vira-tema-de-requerimento-e-falas-de-vereadores","status":"publish","type":"post","link":"https:\/\/www.encontrapiracicaba.com.br\/sobre\/alvo-de-criticas-coleta-de-lixo-vira-tema-de-requerimento-e-falas-de-vereadores\/","title":{"rendered":"Alvo de cr\u00edticas, coleta de lixo vira tema de requerimento e falas de vereadores"},"content":{"rendered":"<div class=\"85df007ed5c0c4d4b453fd13a37855e8\" data-index=\"1\" style=\"float: none; margin:0px;\">\n<!-- Anuncio display - global -->\r\n<ins class=\"adsbygoogle\"\r\n     style=\"display:block\"\r\n     data-ad-client=\"ca-pub-8585364105181520\"\r\n     data-ad-slot=\"8789329856\"\r\n     data-ad-format=\"auto\"\r\n     data-full-width-responsive=\"true\"><\/ins>\r\n<script>\r\n     (adsbygoogle = window.adsbygoogle || []).push({});\r\n<\/script>\n<\/div>\n<h2>Cr\u00edticas contundentes dos vereadores<\/h2>\n<p>Durante a 32\u00aa Reuni\u00e3o Ordin\u00e1ria realizada na \u00faltima segunda-feira, membros da C\u00e2mara Municipal de Piracicaba expressaram severas cr\u00edticas em rela\u00e7\u00e3o ao servi\u00e7o de coleta de lixo prestado pela Piracicaba Ambiental. Os parlamentares apontaram v\u00e1rias falhas na implementa\u00e7\u00e3o do servi\u00e7o, incluindo a falta de regularidade na passagem dos caminh\u00f5es de coleta pelos bairros, que resultou em queixas dos moradores.<\/p>\n<h2>Irregularidades na coleta de lixo<\/h2>\n<p>A coleta de res\u00edduos na cidade tem sido motivo de descontentamento entre os cidad\u00e3os, que relataram que o lixo acumulado em determinadas \u00e1reas ficou sem ser recolhido por dias. Durante a reuni\u00e3o, os vereadores destacaram que as obriga\u00e7\u00f5es descritas no contrato entre a Prefeitura e a empresa n\u00e3o est\u00e3o sendo cumpridas adequadamente. Os parlamentares enfatizaram que a frequ\u00eancia da coleta irregular est\u00e1 afetando diretamente a qualidade de vida dos moradores, tornando a situa\u00e7\u00e3o insustent\u00e1vel.<\/p>\n<h2>O impacto da frequ\u00eancia dos servi\u00e7os<\/h2>\n<p>As queixas sobre a coleta de lixo v\u00e3o al\u00e9m do simples atraso na passagem dos caminh\u00f5es. Muitas pessoas mencionaram que a movimenta\u00e7\u00e3o inadequada de res\u00edduos recicl\u00e1veis e objetos inserv\u00edveis provoca ac\u00famulo de lixo, resultando em problemas de sa\u00fade p\u00fablica e degrada\u00e7\u00e3o ambiental. A frequ\u00eancia das coletas apresenta-se como um dos principais fatores de insatisfa\u00e7\u00e3o entre os piracicabanos, levando a um apelo crescente por medidas de fiscaliza\u00e7\u00e3o e melhorias.<\/p>\n<p><img decoding=\"async\" src=\"https:\/\/www.encontrapiracicaba.com.br\/sobre\/wp-content\/uploads\/alvo-de-criticas-coleta-de-lixo-vira-tema-de-requerimento-e-falas-de-vereadores.webp\" alt=\"coleta de lixo\" loading=\"lazy\" \/><\/p>\n<h2>Requerimento 601\/2026 e suas implica\u00e7\u00f5es<\/h2>\n<p>No contexto das cr\u00edticas, o requerimento 601\/2026, autoria do vereador Andr\u00e9 Bandeira (PSDB), foi um dos 25 documentos aprovados na sess\u00e3o. Este requerimento pede informa\u00e7\u00f5es detalhadas ao Executivo sobre os par\u00e2metros utilizados para a Taxa de Servi\u00e7os P\u00fablicos, comumente chamada de &#8220;taxa do lixo&#8221;, que \u00e9 cobrada junto ao IPTU. O parlamentar destacou que diversos cidad\u00e3os t\u00eam reclamado dos valores altos da taxa, especialmente diante da insatisfa\u00e7\u00e3o com a presta\u00e7\u00e3o do servi\u00e7o.<\/p>\n<h2>Desafios da parceria p\u00fablico-privada<\/h2>\n<p>Os vereadores tamb\u00e9m discutiram a natureza da parceria p\u00fablico-privada estabelecida entre a Prefeitura de Piracicaba e a Piracicaba Ambiental. Alguns vereadores qualificaram essa rela\u00e7\u00e3o como um &#8220;casamento arranjado&#8221;, indicando que os problemas com a empresa se arrastam h\u00e1 anos. A falta de fiscaliza\u00e7\u00e3o efetiva e a persist\u00eancia de falhas n\u00edtidas no servi\u00e7o foram amplamente debatidas. Gustavo Pompeo (Avante) trouxe \u00e0 tona a necessidade de revisar a continuidade do contrato, que tem uma dura\u00e7\u00e3o de 30 anos, alegando que os ind\u00edcios de insatisfa\u00e7\u00e3o se acumulam.<\/p>\n<h2>Resultados das fiscaliza\u00e7\u00f5es realizadas<\/h2>\n<p>As fiscaliza\u00e7\u00f5es dos servi\u00e7os prestados pela Piracicaba Ambiental foram mencionadas por v\u00e1rios vereadores durante a reuni\u00e3o. Felipe Gema (Solidariedade) e outros colegas relataram resultados preocupantes, como a maneira desleixada com que o lixo \u00e9 tratado ao ser colocado nos caminh\u00f5es. Felipe destacou que os acidentes ocorrendo devido \u00e0 coleta incompetente s\u00e3o inaceit\u00e1veis. Isso n\u00e3o s\u00f3 contribui para a desordem nas ruas, mas tamb\u00e9m leva a riscos \u00e0 seguran\u00e7a dos cidad\u00e3os.<\/p>\n<h2>A controv\u00e9rsia do servi\u00e7o Cata Cacareco<\/h2>\n<p>Outro ponto de cr\u00edtica foi o servi\u00e7o Cata Cacareco, respons\u00e1vel pela retirada de itens inserv\u00edveis como eletrodom\u00e9sticos, colch\u00f5es e m\u00f3veis. Fabr\u00edcio Polezi (PL) mencionou falhas na opera\u00e7\u00e3o, como a aus\u00eancia de um sistema organizado para garantir que todos os objetos solicitados sejam recolhidos. Isso levou a queixas de moradores que se sentem frustrados com a inefici\u00eancia do servi\u00e7o, resultando em uma situa\u00e7\u00e3o ca\u00f3tica nas cal\u00e7adas e vias p\u00fablicas.<\/p>\n<h2>O papel do contrato com a Prefeitura<\/h2>\n<p>O contrato entre a Prefeitura de Piracicaba e a Piracicaba Ambiental, que envolve um repasse mensal superior a R$ 11 milh\u00f5es, foi questionado. V\u00e1rios vereadores expressaram d\u00favidas sobre a efic\u00e1cia da aplica\u00e7\u00e3o desses recursos e a qualidade dos servi\u00e7os em troca desse investimento. O quadro atual levanta a quest\u00e3o se o valor pago \u00e9 proporcional \u00e0 qualidade dos servi\u00e7os prestados em rela\u00e7\u00e3o \u00e0 coleta de lixo e \u00e0 limpeza urbana.<\/p>\n<h2>Sugest\u00f5es para melhorias na coleta<\/h2>\n<p>Diante das in\u00fameras cr\u00edticas, alguns vereadores sugeriram a cria\u00e7\u00e3o de uma Comiss\u00e3o Parlamentar de Inqu\u00e9rito (CPI) para investigar a situa\u00e7\u00e3o do contrato com a Piracicaba Ambiental. Entre as propostas est\u00e3o medidas de melhoria na coleta, desde a solicita\u00e7\u00e3o de maior frequ\u00eancia nas coletas at\u00e9 a implementa\u00e7\u00e3o de um sistema mais eficiente para a retirada de itens inserv\u00edveis. O objetivo \u00e9 oferecer servi\u00e7os mais adequados aos cidad\u00e3os e assegurar uma resposta mais eficiente \u00e0s queixas j\u00e1 apresentadas.<\/p>\n<h2>A necessidade de uma CPI<\/h2>\n<p>O clamor por uma nova abordagem na presta\u00e7\u00e3o de servi\u00e7os de coleta de lixo \u00e9 crescente. Os vereadores, como Zezinho Pereira (Uni\u00e3o Brasil), indicaram que \u00e9 hora de agir para assegurar que o contrato firmado com a empresa seja revisado. A proposta de uma CPI v\u00ea como essencial. \u00c9 necess\u00e1rio trazer \u00e0 luz as falhas operacionais da Piracicaba Ambiental. Assim, a investiga\u00e7\u00e3o pode revelar n\u00e3o apenas a m\u00e1 gest\u00e3o, mas tamb\u00e9m potenciais desvios que precisam ser corrigidos.<\/p>\n\n<div style=\"font-size: 0px; height: 0px; line-height: 0px; margin: 0; padding: 0; clear: both;\"><\/div>","protected":false},"excerpt":{"rendered":"<p>Cr\u00edticas \u00e0 coleta de lixo levantam preocupa\u00e7\u00f5es entre vereadores sobre a atua\u00e7\u00e3o da Piracicaba Ambiental.<\/p>\n","protected":false},"author":1,"featured_media":4666,"comment_status":"closed","ping_status":"closed","sticky":false,"template":"","format":"standard","meta":{"footnotes":""},"categories":[6],"tags":[],"class_list":["post-4667","post","type-post","status-publish","format-standard","has-post-thumbnail","hentry","category-noticias-em-piracicaba","has_thumb"],"aioseo_notices":[],"aioseo_head":"\n\t\t<!-- All in One SEO 5.0.0.1 - aioseo.com -->\n\t<meta name=\"robots\" content=\"max-image-preview:large\" \/>\n\t<meta name=\"author\" content=\"Encontra Piracicaba\"\/>\n\t<link rel=\"canonical\" href=\"https:\/\/www.encontrapiracicaba.com.br\/sobre\/alvo-de-criticas-coleta-de-lixo-vira-tema-de-requerimento-e-falas-de-vereadores\/\" \/>\n\t<meta name=\"generator\" content=\"All in One SEO (AIOSEO) 5.0.0.1\" \/>\n\t\t<meta property=\"og:locale\" content=\"pt_BR\" \/>\n\t\t<meta property=\"og:site_name\" content=\"Encontra Piracicaba | Not\u00edcias, eventos, informa\u00e7\u00f5es e dicas na cidade de Piracicaba e regi\u00e3o\" \/>\n\t\t<meta property=\"og:type\" content=\"article\" \/>\n\t\t<meta property=\"og:title\" content=\"Alvo de cr\u00edticas, coleta de lixo vira tema de requerimento e falas de vereadores | Encontra Piracicaba\" \/>\n\t\t<meta property=\"og:url\" content=\"https:\/\/www.encontrapiracicaba.com.br\/sobre\/alvo-de-criticas-coleta-de-lixo-vira-tema-de-requerimento-e-falas-de-vereadores\/\" \/>\n\t\t<meta property=\"article:published_time\" content=\"2026-06-09T13:54:32+00:00\" \/>\n\t\t<meta property=\"article:modified_time\" content=\"2026-06-09T13:54:32+00:00\" \/>\n\t\t<meta name=\"twitter:card\" content=\"summary\" \/>\n\t\t<meta name=\"twitter:title\" content=\"Alvo de cr\u00edticas, coleta de lixo vira tema de requerimento e falas de vereadores | Encontra Piracicaba\" \/>\n\t\t<script type=\"application\/ld+json\" class=\"aioseo-schema\">\n\t\t\t{\"@context\":\"https:\\\/\\\/schema.org\",\"@graph\":[{\"@type\":\"Article\",\"@id\":\"https:\\\/\\\/www.encontrapiracicaba.com.br\\\/sobre\\\/alvo-de-criticas-coleta-de-lixo-vira-tema-de-requerimento-e-falas-de-vereadores\\\/#article\",\"name\":\"Alvo de cr\\u00edticas, coleta de lixo vira tema de requerimento e falas de vereadores | Encontra Piracicaba\",\"headline\":\"Alvo de cr\\u00edticas, coleta de lixo vira tema de requerimento e falas de vereadores\",\"author\":{\"@id\":\"https:\\\/\\\/www.encontrapiracicaba.com.br\\\/sobre\\\/author\\\/epiracicaba\\\/#author\"},\"publisher\":{\"@id\":\"https:\\\/\\\/www.encontrapiracicaba.com.br\\\/sobre\\\/#organization\"},\"image\":{\"@type\":\"ImageObject\",\"url\":\"https:\\\/\\\/www.encontrapiracicaba.com.br\\\/sobre\\\/wp-content\\\/uploads\\\/alvo-de-criticas-coleta-de-lixo-vira-tema-de-requerimento-e-falas-de-vereadores.webp\",\"width\":280,\"height\":280,\"caption\":\"coleta de lixo\"},\"datePublished\":\"2026-06-09T10:54:32-03:00\",\"dateModified\":\"2026-06-09T10:54:32-03:00\",\"inLanguage\":\"pt-BR\",\"mainEntityOfPage\":{\"@id\":\"https:\\\/\\\/www.encontrapiracicaba.com.br\\\/sobre\\\/alvo-de-criticas-coleta-de-lixo-vira-tema-de-requerimento-e-falas-de-vereadores\\\/#webpage\"},\"isPartOf\":{\"@id\":\"https:\\\/\\\/www.encontrapiracicaba.com.br\\\/sobre\\\/alvo-de-criticas-coleta-de-lixo-vira-tema-de-requerimento-e-falas-de-vereadores\\\/#webpage\"},\"articleSection\":\"Not\\u00edcias Piracicaba\"},{\"@type\":\"BreadcrumbList\",\"@id\":\"https:\\\/\\\/www.encontrapiracicaba.com.br\\\/sobre\\\/alvo-de-criticas-coleta-de-lixo-vira-tema-de-requerimento-e-falas-de-vereadores\\\/#breadcrumblist\",\"itemListElement\":[{\"@type\":\"ListItem\",\"@id\":\"https:\\\/\\\/www.encontrapiracicaba.com.br\\\/sobre#listItem\",\"position\":1,\"name\":\"In\\u00edcio\",\"item\":\"https:\\\/\\\/www.encontrapiracicaba.com.br\\\/sobre\",\"nextItem\":{\"@type\":\"ListItem\",\"@id\":\"https:\\\/\\\/www.encontrapiracicaba.com.br\\\/sobre\\\/noticias-em-piracicaba\\\/#listItem\",\"name\":\"Not\\u00edcias Piracicaba\"}},{\"@type\":\"ListItem\",\"@id\":\"https:\\\/\\\/www.encontrapiracicaba.com.br\\\/sobre\\\/noticias-em-piracicaba\\\/#listItem\",\"position\":2,\"name\":\"Not\\u00edcias Piracicaba\",\"item\":\"https:\\\/\\\/www.encontrapiracicaba.com.br\\\/sobre\\\/noticias-em-piracicaba\\\/\",\"nextItem\":{\"@type\":\"ListItem\",\"@id\":\"https:\\\/\\\/www.encontrapiracicaba.com.br\\\/sobre\\\/alvo-de-criticas-coleta-de-lixo-vira-tema-de-requerimento-e-falas-de-vereadores\\\/#listItem\",\"name\":\"Alvo de cr\\u00edticas, coleta de lixo vira tema de requerimento e falas de vereadores\"},\"previousItem\":{\"@type\":\"ListItem\",\"@id\":\"https:\\\/\\\/www.encontrapiracicaba.com.br\\\/sobre#listItem\",\"name\":\"In\\u00edcio\"}},{\"@type\":\"ListItem\",\"@id\":\"https:\\\/\\\/www.encontrapiracicaba.com.br\\\/sobre\\\/alvo-de-criticas-coleta-de-lixo-vira-tema-de-requerimento-e-falas-de-vereadores\\\/#listItem\",\"position\":3,\"name\":\"Alvo de cr\\u00edticas, coleta de lixo vira tema de requerimento e falas de vereadores\",\"previousItem\":{\"@type\":\"ListItem\",\"@id\":\"https:\\\/\\\/www.encontrapiracicaba.com.br\\\/sobre\\\/noticias-em-piracicaba\\\/#listItem\",\"name\":\"Not\\u00edcias Piracicaba\"}}]},{\"@type\":\"Organization\",\"@id\":\"https:\\\/\\\/www.encontrapiracicaba.com.br\\\/sobre\\\/#organization\",\"name\":\"Encontra Piracicaba\",\"description\":\"Not\\u00edcias, eventos, informa\\u00e7\\u00f5es e dicas na cidade de Piracicaba e regi\\u00e3o\",\"url\":\"https:\\\/\\\/www.encontrapiracicaba.com.br\\\/sobre\\\/\"},{\"@type\":\"Person\",\"@id\":\"https:\\\/\\\/www.encontrapiracicaba.com.br\\\/sobre\\\/author\\\/epiracicaba\\\/#author\",\"url\":\"https:\\\/\\\/www.encontrapiracicaba.com.br\\\/sobre\\\/author\\\/epiracicaba\\\/\",\"name\":\"Encontra Piracicaba\",\"image\":{\"@type\":\"ImageObject\",\"@id\":\"https:\\\/\\\/www.encontrapiracicaba.com.br\\\/sobre\\\/alvo-de-criticas-coleta-de-lixo-vira-tema-de-requerimento-e-falas-de-vereadores\\\/#authorImage\",\"url\":\"https:\\\/\\\/secure.gravatar.com\\\/avatar\\\/507340682b8270222e1f208e23198b6ae7e2c6a1033ae84e99bc6bce4f82a387?s=96&d=mm&r=g\",\"width\":96,\"height\":96,\"caption\":\"Encontra Piracicaba\"}},{\"@type\":\"WebPage\",\"@id\":\"https:\\\/\\\/www.encontrapiracicaba.com.br\\\/sobre\\\/alvo-de-criticas-coleta-de-lixo-vira-tema-de-requerimento-e-falas-de-vereadores\\\/#webpage\",\"url\":\"https:\\\/\\\/www.encontrapiracicaba.com.br\\\/sobre\\\/alvo-de-criticas-coleta-de-lixo-vira-tema-de-requerimento-e-falas-de-vereadores\\\/\",\"name\":\"Alvo de cr\\u00edticas, coleta de lixo vira tema de requerimento e falas de vereadores | Encontra Piracicaba\",\"inLanguage\":\"pt-BR\",\"isPartOf\":{\"@id\":\"https:\\\/\\\/www.encontrapiracicaba.com.br\\\/sobre\\\/#website\"},\"breadcrumb\":{\"@id\":\"https:\\\/\\\/www.encontrapiracicaba.com.br\\\/sobre\\\/alvo-de-criticas-coleta-de-lixo-vira-tema-de-requerimento-e-falas-de-vereadores\\\/#breadcrumblist\"},\"author\":{\"@id\":\"https:\\\/\\\/www.encontrapiracicaba.com.br\\\/sobre\\\/author\\\/epiracicaba\\\/#author\"},\"creator\":{\"@id\":\"https:\\\/\\\/www.encontrapiracicaba.com.br\\\/sobre\\\/author\\\/epiracicaba\\\/#author\"},\"image\":{\"@type\":\"ImageObject\",\"url\":\"https:\\\/\\\/www.encontrapiracicaba.com.br\\\/sobre\\\/wp-content\\\/uploads\\\/alvo-de-criticas-coleta-de-lixo-vira-tema-de-requerimento-e-falas-de-vereadores.webp\",\"@id\":\"https:\\\/\\\/www.encontrapiracicaba.com.br\\\/sobre\\\/alvo-de-criticas-coleta-de-lixo-vira-tema-de-requerimento-e-falas-de-vereadores\\\/#mainImage\",\"width\":280,\"height\":280,\"caption\":\"coleta de lixo\"},\"primaryImageOfPage\":{\"@id\":\"https:\\\/\\\/www.encontrapiracicaba.com.br\\\/sobre\\\/alvo-de-criticas-coleta-de-lixo-vira-tema-de-requerimento-e-falas-de-vereadores\\\/#mainImage\"},\"datePublished\":\"2026-06-09T10:54:32-03:00\",\"dateModified\":\"2026-06-09T10:54:32-03:00\"},{\"@type\":\"WebSite\",\"@id\":\"https:\\\/\\\/www.encontrapiracicaba.com.br\\\/sobre\\\/#website\",\"url\":\"https:\\\/\\\/www.encontrapiracicaba.com.br\\\/sobre\\\/\",\"name\":\"Encontra Piracicaba\",\"description\":\"Not\\u00edcias, eventos, informa\\u00e7\\u00f5es e dicas na cidade de Piracicaba e regi\\u00e3o\",\"inLanguage\":\"pt-BR\",\"publisher\":{\"@id\":\"https:\\\/\\\/www.encontrapiracicaba.com.br\\\/sobre\\\/#organization\"}}]}\n\t\t<\/script>\n\t\t<!-- All in One SEO -->\n\n","aioseo_head_json":{"title":"Alvo de cr\u00edticas, coleta de lixo vira tema de requerimento e falas de vereadores | Encontra Piracicaba","description":"","canonical_url":"https:\/\/www.encontrapiracicaba.com.br\/sobre\/alvo-de-criticas-coleta-de-lixo-vira-tema-de-requerimento-e-falas-de-vereadores\/","robots":"max-image-preview:large","keywords":"","webmasterTools":{"miscellaneous":""},"schema":{"@context":"https:\/\/schema.org","@graph":[{"@type":"Article","@id":"https:\/\/www.encontrapiracicaba.com.br\/sobre\/alvo-de-criticas-coleta-de-lixo-vira-tema-de-requerimento-e-falas-de-vereadores\/#article","name":"Alvo de cr\u00edticas, coleta de lixo vira tema de requerimento e falas de vereadores | Encontra Piracicaba","headline":"Alvo de cr\u00edticas, coleta de lixo vira tema de requerimento e falas de vereadores","author":{"@id":"https:\/\/www.encontrapiracicaba.com.br\/sobre\/author\/epiracicaba\/#author"},"publisher":{"@id":"https:\/\/www.encontrapiracicaba.com.br\/sobre\/#organization"},"image":{"@type":"ImageObject","url":"https:\/\/www.encontrapiracicaba.com.br\/sobre\/wp-content\/uploads\/alvo-de-criticas-coleta-de-lixo-vira-tema-de-requerimento-e-falas-de-vereadores.webp","width":280,"height":280,"caption":"coleta de lixo"},"datePublished":"2026-06-09T10:54:32-03:00","dateModified":"2026-06-09T10:54:32-03:00","inLanguage":"pt-BR","mainEntityOfPage":{"@id":"https:\/\/www.encontrapiracicaba.com.br\/sobre\/alvo-de-criticas-coleta-de-lixo-vira-tema-de-requerimento-e-falas-de-vereadores\/#webpage"},"isPartOf":{"@id":"https:\/\/www.encontrapiracicaba.com.br\/sobre\/alvo-de-criticas-coleta-de-lixo-vira-tema-de-requerimento-e-falas-de-vereadores\/#webpage"},"articleSection":"Not\u00edcias Piracicaba"},{"@type":"BreadcrumbList","@id":"https:\/\/www.encontrapiracicaba.com.br\/sobre\/alvo-de-criticas-coleta-de-lixo-vira-tema-de-requerimento-e-falas-de-vereadores\/#breadcrumblist","itemListElement":[{"@type":"ListItem","@id":"https:\/\/www.encontrapiracicaba.com.br\/sobre#listItem","position":1,"name":"In\u00edcio","item":"https:\/\/www.encontrapiracicaba.com.br\/sobre","nextItem":{"@type":"ListItem","@id":"https:\/\/www.encontrapiracicaba.com.br\/sobre\/noticias-em-piracicaba\/#listItem","name":"Not\u00edcias Piracicaba"}},{"@type":"ListItem","@id":"https:\/\/www.encontrapiracicaba.com.br\/sobre\/noticias-em-piracicaba\/#listItem","position":2,"name":"Not\u00edcias Piracicaba","item":"https:\/\/www.encontrapiracicaba.com.br\/sobre\/noticias-em-piracicaba\/","nextItem":{"@type":"ListItem","@id":"https:\/\/www.encontrapiracicaba.com.br\/sobre\/alvo-de-criticas-coleta-de-lixo-vira-tema-de-requerimento-e-falas-de-vereadores\/#listItem","name":"Alvo de cr\u00edticas, coleta de lixo vira tema de requerimento e falas de vereadores"},"previousItem":{"@type":"ListItem","@id":"https:\/\/www.encontrapiracicaba.com.br\/sobre#listItem","name":"In\u00edcio"}},{"@type":"ListItem","@id":"https:\/\/www.encontrapiracicaba.com.br\/sobre\/alvo-de-criticas-coleta-de-lixo-vira-tema-de-requerimento-e-falas-de-vereadores\/#listItem","position":3,"name":"Alvo de cr\u00edticas, coleta de lixo vira tema de requerimento e falas de vereadores","previousItem":{"@type":"ListItem","@id":"https:\/\/www.encontrapiracicaba.com.br\/sobre\/noticias-em-piracicaba\/#listItem","name":"Not\u00edcias Piracicaba"}}]},{"@type":"Organization","@id":"https:\/\/www.encontrapiracicaba.com.br\/sobre\/#organization","name":"Encontra Piracicaba","description":"Not\u00edcias, eventos, informa\u00e7\u00f5es e dicas na cidade de Piracicaba e regi\u00e3o","url":"https:\/\/www.encontrapiracicaba.com.br\/sobre\/"},{"@type":"Person","@id":"https:\/\/www.encontrapiracicaba.com.br\/sobre\/author\/epiracicaba\/#author","url":"https:\/\/www.encontrapiracicaba.com.br\/sobre\/author\/epiracicaba\/","name":"Encontra Piracicaba","image":{"@type":"ImageObject","@id":"https:\/\/www.encontrapiracicaba.com.br\/sobre\/alvo-de-criticas-coleta-de-lixo-vira-tema-de-requerimento-e-falas-de-vereadores\/#authorImage","url":"https:\/\/secure.gravatar.com\/avatar\/507340682b8270222e1f208e23198b6ae7e2c6a1033ae84e99bc6bce4f82a387?s=96&d=mm&r=g","width":96,"height":96,"caption":"Encontra Piracicaba"}},{"@type":"WebPage","@id":"https:\/\/www.encontrapiracicaba.com.br\/sobre\/alvo-de-criticas-coleta-de-lixo-vira-tema-de-requerimento-e-falas-de-vereadores\/#webpage","url":"https:\/\/www.encontrapiracicaba.com.br\/sobre\/alvo-de-criticas-coleta-de-lixo-vira-tema-de-requerimento-e-falas-de-vereadores\/","name":"Alvo de cr\u00edticas, coleta de lixo vira tema de requerimento e falas de vereadores | Encontra Piracicaba","inLanguage":"pt-BR","isPartOf":{"@id":"https:\/\/www.encontrapiracicaba.com.br\/sobre\/#website"},"breadcrumb":{"@id":"https:\/\/www.encontrapiracicaba.com.br\/sobre\/alvo-de-criticas-coleta-de-lixo-vira-tema-de-requerimento-e-falas-de-vereadores\/#breadcrumblist"},"author":{"@id":"https:\/\/www.encontrapiracicaba.com.br\/sobre\/author\/epiracicaba\/#author"},"creator":{"@id":"https:\/\/www.encontrapiracicaba.com.br\/sobre\/author\/epiracicaba\/#author"},"image":{"@type":"ImageObject","url":"https:\/\/www.encontrapiracicaba.com.br\/sobre\/wp-content\/uploads\/alvo-de-criticas-coleta-de-lixo-vira-tema-de-requerimento-e-falas-de-vereadores.webp","@id":"https:\/\/www.encontrapiracicaba.com.br\/sobre\/alvo-de-criticas-coleta-de-lixo-vira-tema-de-requerimento-e-falas-de-vereadores\/#mainImage","width":280,"height":280,"caption":"coleta de lixo"},"primaryImageOfPage":{"@id":"https:\/\/www.encontrapiracicaba.com.br\/sobre\/alvo-de-criticas-coleta-de-lixo-vira-tema-de-requerimento-e-falas-de-vereadores\/#mainImage"},"datePublished":"2026-06-09T10:54:32-03:00","dateModified":"2026-06-09T10:54:32-03:00"},{"@type":"WebSite","@id":"https:\/\/www.encontrapiracicaba.com.br\/sobre\/#website","url":"https:\/\/www.encontrapiracicaba.com.br\/sobre\/","name":"Encontra Piracicaba","description":"Not\u00edcias, eventos, informa\u00e7\u00f5es e dicas na cidade de Piracicaba e regi\u00e3o","inLanguage":"pt-BR","publisher":{"@id":"https:\/\/www.encontrapiracicaba.com.br\/sobre\/#organization"}}]},"og:locale":"pt_BR","og:site_name":"Encontra Piracicaba | Not\u00edcias, eventos, informa\u00e7\u00f5es e dicas na cidade de Piracicaba e regi\u00e3o","og:type":"article","og:title":"Alvo de cr\u00edticas, coleta de lixo vira tema de requerimento e falas de vereadores | Encontra Piracicaba","og:url":"https:\/\/www.encontrapiracicaba.com.br\/sobre\/alvo-de-criticas-coleta-de-lixo-vira-tema-de-requerimento-e-falas-de-vereadores\/","article:published_time":"2026-06-09T13:54:32+00:00","article:modified_time":"2026-06-09T13:54:32+00:00","twitter:card":"summary","twitter:title":"Alvo de cr\u00edticas, coleta de lixo vira tema de requerimento e falas de vereadores | Encontra Piracicaba"},"aioseo_meta_data":{"post_id":"4667","title":null,"description":null,"keywords":null,"keyphrases":null,"primary_term":null,"canonical_url":null,"og_title":null,"og_description":null,"og_object_type":"default","og_image_type":"default","og_image_url":null,"og_image_width":null,"og_image_height":null,"og_image_custom_url":null,"og_image_custom_fields":null,"og_video":null,"og_custom_url":null,"og_article_section":null,"og_article_tags":null,"twitter_use_og":false,"twitter_card":"default","twitter_image_type":"default","twitter_image_url":null,"twitter_image_custom_url":null,"twitter_image_custom_fields":null,"twitter_title":null,"twitter_description":null,"schema":{"blockGraphs":[],"customGraphs":[],"default":{"data":{"Article":[],"Course":[],"Dataset":[],"FAQPage":[],"Movie":[],"Person":[],"Product":[],"ProductReview":[],"Car":[],"Recipe":[],"Service":[],"SoftwareApplication":[],"WebPage":[]},"graphName":"Article","isEnabled":true},"graphs":[]},"schema_type":"default","schema_type_options":null,"pillar_content":false,"robots_default":true,"robots_noindex":false,"robots_noarchive":false,"robots_nosnippet":false,"robots_nofollow":false,"robots_noimageindex":false,"robots_noodp":false,"robots_notranslate":false,"robots_max_snippet":null,"robots_max_videopreview":null,"robots_max_imagepreview":"large","priority":null,"frequency":null,"local_seo":null,"breadcrumb_settings":null,"limit_modified_date":false,"ai":null,"created":"2026-06-09 13:54:38","updated":"2026-06-09 14:09:13","focus_keyword":null,"additional_keywords":null,"truseo_locale":null,"seo_analyzer_scan_date":null},"aioseo_breadcrumb":"<div class=\"aioseo-breadcrumbs\"><span class=\"aioseo-breadcrumb\">\n\t\t\t<a href=\"https:\/\/www.encontrapiracicaba.com.br\/sobre\" title=\"In\u00edcio\">In\u00edcio<\/a>\n\t\t<\/span><span class=\"aioseo-breadcrumb-separator\">&raquo;<\/span><span class=\"aioseo-breadcrumb\">\n\t\t\t<a href=\"https:\/\/www.encontrapiracicaba.com.br\/sobre\/noticias-em-piracicaba\/\" title=\"Not\u00edcias Piracicaba\">Not\u00edcias Piracicaba<\/a>\n\t\t<\/span><span class=\"aioseo-breadcrumb-separator\">&raquo;<\/span><span class=\"aioseo-breadcrumb\">\n\t\t\tAlvo de cr\u00edticas, coleta de lixo vira tema de requerimento e falas de vereadores\n\t\t<\/span><\/div>","aioseo_breadcrumb_json":[{"label":"In\u00edcio","link":"https:\/\/www.encontrapiracicaba.com.br\/sobre"},{"label":"Not\u00edcias Piracicaba","link":"https:\/\/www.encontrapiracicaba.com.br\/sobre\/noticias-em-piracicaba\/"},{"label":"Alvo de cr\u00edticas, coleta de lixo vira tema de requerimento e falas de vereadores","link":"https:\/\/www.encontrapiracicaba.com.br\/sobre\/alvo-de-criticas-coleta-de-lixo-vira-tema-de-requerimento-e-falas-de-vereadores\/"}],"_links":{"self":[{"href":"https:\/\/www.encontrapiracicaba.com.br\/sobre\/wp-json\/wp\/v2\/posts\/4667","targetHints":{"allow":["GET"]}}],"collection":[{"href":"https:\/\/www.encontrapiracicaba.com.br\/sobre\/wp-json\/wp\/v2\/posts"}],"about":[{"href":"https:\/\/www.encontrapiracicaba.com.br\/sobre\/wp-json\/wp\/v2\/types\/post"}],"author":[{"embeddable":true,"href":"https:\/\/www.encontrapiracicaba.com.br\/sobre\/wp-json\/wp\/v2\/users\/1"}],"replies":[{"embeddable":true,"href":"https:\/\/www.encontrapiracicaba.com.br\/sobre\/wp-json\/wp\/v2\/comments?post=4667"}],"version-history":[{"count":0,"href":"https:\/\/www.encontrapiracicaba.com.br\/sobre\/wp-json\/wp\/v2\/posts\/4667\/revisions"}],"wp:featuredmedia":[{"embeddable":true,"href":"https:\/\/www.encontrapiracicaba.com.br\/sobre\/wp-json\/wp\/v2\/media\/4666"}],"wp:attachment":[{"href":"https:\/\/www.encontrapiracicaba.com.br\/sobre\/wp-json\/wp\/v2\/media?parent=4667"}],"wp:term":[{"taxonomy":"category","embeddable":true,"href":"https:\/\/www.encontrapiracicaba.com.br\/sobre\/wp-json\/wp\/v2\/categories?post=4667"},{"taxonomy":"post_tag","embeddable":true,"href":"https:\/\/www.encontrapiracicaba.com.br\/sobre\/wp-json\/wp\/v2\/tags?post=4667"}],"curies":[{"name":"wp","href":"https:\/\/api.w.org\/{rel}","templated":true}]}}