{"id":4671,"date":"2026-06-11T11:17:36","date_gmt":"2026-06-11T14:17:36","guid":{"rendered":"https:\/\/www.encontrapiracicaba.com.br\/sobre\/camara-realiza-reuniao-solene-alusiva-ao-dia-do-exercito-brasileiro\/"},"modified":"2026-06-11T11:17:36","modified_gmt":"2026-06-11T14:17:36","slug":"camara-realiza-reuniao-solene-alusiva-ao-dia-do-exercito-brasileiro","status":"publish","type":"post","link":"https:\/\/www.encontrapiracicaba.com.br\/sobre\/camara-realiza-reuniao-solene-alusiva-ao-dia-do-exercito-brasileiro\/","title":{"rendered":"C\u00e2mara realiza reuni\u00e3o solene alusiva ao Dia do Ex\u00e9rcito Brasileiro"},"content":{"rendered":"<div class=\"85df007ed5c0c4d4b453fd13a37855e8\" data-index=\"1\" style=\"float: none; margin:0px;\">\n<!-- Anuncio display - global -->\r\n<ins class=\"adsbygoogle\"\r\n     style=\"display:block\"\r\n     data-ad-client=\"ca-pub-8585364105181520\"\r\n     data-ad-slot=\"8789329856\"\r\n     data-ad-format=\"auto\"\r\n     data-full-width-responsive=\"true\"><\/ins>\r\n<script>\r\n     (adsbygoogle = window.adsbygoogle || []).push({});\r\n<\/script>\n<\/div>\n<h2>O que \u00e9 o Dia do Ex\u00e9rcito Brasileiro?<\/h2>\n<p>O Dia do Ex\u00e9rcito Brasileiro \u00e9 uma data significativa que celebra a contribui\u00e7\u00e3o das For\u00e7as Armadas para a na\u00e7\u00e3o. Este dia \u00e9 lembrado anualmente no dia 19 de abril, sendo uma ocasi\u00e3o para reconhecer n\u00e3o s\u00f3 a hist\u00f3ria do Ex\u00e9rcito, mas tamb\u00e9m os valores de patriotismo e sacrif\u00edcio que cada soldado representa. \u00c9 um momento de reflex\u00e3o sobre o papel dos militares na defesa do Brasil e na preserva\u00e7\u00e3o da soberania nacional.<\/p>\n<h2>Hist\u00f3ria do Tiro de Guerra 02-028<\/h2>\n<p>O Tiro de Guerra 02-028, situado em Piracicaba, possui uma rica hist\u00f3ria que remonta ao seu estabelecimento em 31 de outubro de 1945. Localizado na rua Anhanguera, n\u00ba 362, no bairro Morumbi, ele teve sua rotula\u00e7\u00e3o alterada em 1979. Desde a sua funda\u00e7\u00e3o, essa unidade tem desempenhado um papel vital na forma\u00e7\u00e3o de jovens e na promo\u00e7\u00e3o de atividades c\u00edvicas na comunidade. O Tiro de Guerra \u00e9 uma institui\u00e7\u00e3o que visa a integra\u00e7\u00e3o c\u00edvica e militar dos cidad\u00e3os, preparando-os tanto para a vida civil quanto para eventual servi\u00e7o militar.<\/p>\n<h2>Objetivos da Reuni\u00e3o Solene<\/h2>\n<p>A reuni\u00e3o solene em fun\u00e7\u00e3o do Dia do Ex\u00e9rcito Brasileiro, planejada para o dia 20 de maio \u00e0s 19h, no Sal\u00e3o Nobre <\/p>\n<p><img decoding=\"async\" src=\"https:\/\/www.encontrapiracicaba.com.br\/sobre\/wp-content\/uploads\/camara-realiza-reuniao-solene-alusiva-ao-dia-do-exercito-brasileiro.webp\" alt=\"reuni\u00e3o solene do Dia do Ex\u00e9rcito Brasileiro\" loading=\"lazy\" \/><\/p>\n\n<div style=\"font-size: 0px; height: 0px; line-height: 0px; margin: 0; padding: 0; clear: both;\"><\/div>","protected":false},"excerpt":{"rendered":"<p>Reuni\u00e3o solene do Dia do Ex\u00e9rcito Brasileiro acontece nesta quarta-feira.<\/p>\n","protected":false},"author":1,"featured_media":4670,"comment_status":"closed","ping_status":"closed","sticky":false,"template":"","format":"standard","meta":{"footnotes":""},"categories":[6],"tags":[],"class_list":["post-4671","post","type-post","status-publish","format-standard","has-post-thumbnail","hentry","category-noticias-em-piracicaba","has_thumb"],"aioseo_notices":[],"aioseo_head":"\n\t\t<!-- All in One SEO 5.0.0.1 - aioseo.com -->\n\t<meta name=\"robots\" content=\"max-image-preview:large\" \/>\n\t<meta name=\"author\" content=\"Encontra Piracicaba\"\/>\n\t<link rel=\"canonical\" href=\"https:\/\/www.encontrapiracicaba.com.br\/sobre\/camara-realiza-reuniao-solene-alusiva-ao-dia-do-exercito-brasileiro\/\" \/>\n\t<meta name=\"generator\" content=\"All in One SEO (AIOSEO) 5.0.0.1\" \/>\n\t\t<meta property=\"og:locale\" content=\"pt_BR\" \/>\n\t\t<meta property=\"og:site_name\" content=\"Encontra Piracicaba | Not\u00edcias, eventos, informa\u00e7\u00f5es e dicas na cidade de Piracicaba e regi\u00e3o\" \/>\n\t\t<meta property=\"og:type\" content=\"article\" \/>\n\t\t<meta property=\"og:title\" content=\"C\u00e2mara realiza reuni\u00e3o solene alusiva ao Dia do Ex\u00e9rcito Brasileiro | Encontra Piracicaba\" \/>\n\t\t<meta property=\"og:url\" content=\"https:\/\/www.encontrapiracicaba.com.br\/sobre\/camara-realiza-reuniao-solene-alusiva-ao-dia-do-exercito-brasileiro\/\" \/>\n\t\t<meta property=\"article:published_time\" content=\"2026-06-11T14:17:36+00:00\" \/>\n\t\t<meta property=\"article:modified_time\" content=\"2026-06-11T14:17:36+00:00\" \/>\n\t\t<meta name=\"twitter:card\" content=\"summary\" \/>\n\t\t<meta name=\"twitter:title\" content=\"C\u00e2mara realiza reuni\u00e3o solene alusiva ao Dia do Ex\u00e9rcito Brasileiro | Encontra Piracicaba\" \/>\n\t\t<script type=\"application\/ld+json\" class=\"aioseo-schema\">\n\t\t\t{\"@context\":\"https:\\\/\\\/schema.org\",\"@graph\":[{\"@type\":\"Article\",\"@id\":\"https:\\\/\\\/www.encontrapiracicaba.com.br\\\/sobre\\\/camara-realiza-reuniao-solene-alusiva-ao-dia-do-exercito-brasileiro\\\/#article\",\"name\":\"C\\u00e2mara realiza reuni\\u00e3o solene alusiva ao Dia do Ex\\u00e9rcito Brasileiro | Encontra Piracicaba\",\"headline\":\"C\\u00e2mara realiza reuni\\u00e3o solene alusiva ao Dia do Ex\\u00e9rcito Brasileiro\",\"author\":{\"@id\":\"https:\\\/\\\/www.encontrapiracicaba.com.br\\\/sobre\\\/author\\\/epiracicaba\\\/#author\"},\"publisher\":{\"@id\":\"https:\\\/\\\/www.encontrapiracicaba.com.br\\\/sobre\\\/#organization\"},\"image\":{\"@type\":\"ImageObject\",\"url\":\"https:\\\/\\\/www.encontrapiracicaba.com.br\\\/sobre\\\/wp-content\\\/uploads\\\/camara-realiza-reuniao-solene-alusiva-ao-dia-do-exercito-brasileiro.webp\",\"width\":280,\"height\":280,\"caption\":\"reuni\\u00e3o solene do Dia do Ex\\u00e9rcito Brasileiro\"},\"datePublished\":\"2026-06-11T11:17:36-03:00\",\"dateModified\":\"2026-06-11T11:17:36-03:00\",\"inLanguage\":\"pt-BR\",\"mainEntityOfPage\":{\"@id\":\"https:\\\/\\\/www.encontrapiracicaba.com.br\\\/sobre\\\/camara-realiza-reuniao-solene-alusiva-ao-dia-do-exercito-brasileiro\\\/#webpage\"},\"isPartOf\":{\"@id\":\"https:\\\/\\\/www.encontrapiracicaba.com.br\\\/sobre\\\/camara-realiza-reuniao-solene-alusiva-ao-dia-do-exercito-brasileiro\\\/#webpage\"},\"articleSection\":\"Not\\u00edcias Piracicaba\"},{\"@type\":\"BreadcrumbList\",\"@id\":\"https:\\\/\\\/www.encontrapiracicaba.com.br\\\/sobre\\\/camara-realiza-reuniao-solene-alusiva-ao-dia-do-exercito-brasileiro\\\/#breadcrumblist\",\"itemListElement\":[{\"@type\":\"ListItem\",\"@id\":\"https:\\\/\\\/www.encontrapiracicaba.com.br\\\/sobre#listItem\",\"position\":1,\"name\":\"In\\u00edcio\",\"item\":\"https:\\\/\\\/www.encontrapiracicaba.com.br\\\/sobre\",\"nextItem\":{\"@type\":\"ListItem\",\"@id\":\"https:\\\/\\\/www.encontrapiracicaba.com.br\\\/sobre\\\/noticias-em-piracicaba\\\/#listItem\",\"name\":\"Not\\u00edcias Piracicaba\"}},{\"@type\":\"ListItem\",\"@id\":\"https:\\\/\\\/www.encontrapiracicaba.com.br\\\/sobre\\\/noticias-em-piracicaba\\\/#listItem\",\"position\":2,\"name\":\"Not\\u00edcias Piracicaba\",\"item\":\"https:\\\/\\\/www.encontrapiracicaba.com.br\\\/sobre\\\/noticias-em-piracicaba\\\/\",\"nextItem\":{\"@type\":\"ListItem\",\"@id\":\"https:\\\/\\\/www.encontrapiracicaba.com.br\\\/sobre\\\/camara-realiza-reuniao-solene-alusiva-ao-dia-do-exercito-brasileiro\\\/#listItem\",\"name\":\"C\\u00e2mara realiza reuni\\u00e3o solene alusiva ao Dia do Ex\\u00e9rcito Brasileiro\"},\"previousItem\":{\"@type\":\"ListItem\",\"@id\":\"https:\\\/\\\/www.encontrapiracicaba.com.br\\\/sobre#listItem\",\"name\":\"In\\u00edcio\"}},{\"@type\":\"ListItem\",\"@id\":\"https:\\\/\\\/www.encontrapiracicaba.com.br\\\/sobre\\\/camara-realiza-reuniao-solene-alusiva-ao-dia-do-exercito-brasileiro\\\/#listItem\",\"position\":3,\"name\":\"C\\u00e2mara realiza reuni\\u00e3o solene alusiva ao Dia do Ex\\u00e9rcito Brasileiro\",\"previousItem\":{\"@type\":\"ListItem\",\"@id\":\"https:\\\/\\\/www.encontrapiracicaba.com.br\\\/sobre\\\/noticias-em-piracicaba\\\/#listItem\",\"name\":\"Not\\u00edcias Piracicaba\"}}]},{\"@type\":\"Organization\",\"@id\":\"https:\\\/\\\/www.encontrapiracicaba.com.br\\\/sobre\\\/#organization\",\"name\":\"Encontra Piracicaba\",\"description\":\"Not\\u00edcias, eventos, informa\\u00e7\\u00f5es e dicas na cidade de Piracicaba e regi\\u00e3o\",\"url\":\"https:\\\/\\\/www.encontrapiracicaba.com.br\\\/sobre\\\/\"},{\"@type\":\"Person\",\"@id\":\"https:\\\/\\\/www.encontrapiracicaba.com.br\\\/sobre\\\/author\\\/epiracicaba\\\/#author\",\"url\":\"https:\\\/\\\/www.encontrapiracicaba.com.br\\\/sobre\\\/author\\\/epiracicaba\\\/\",\"name\":\"Encontra Piracicaba\",\"image\":{\"@type\":\"ImageObject\",\"@id\":\"https:\\\/\\\/www.encontrapiracicaba.com.br\\\/sobre\\\/camara-realiza-reuniao-solene-alusiva-ao-dia-do-exercito-brasileiro\\\/#authorImage\",\"url\":\"https:\\\/\\\/secure.gravatar.com\\\/avatar\\\/507340682b8270222e1f208e23198b6ae7e2c6a1033ae84e99bc6bce4f82a387?s=96&d=mm&r=g\",\"width\":96,\"height\":96,\"caption\":\"Encontra Piracicaba\"}},{\"@type\":\"WebPage\",\"@id\":\"https:\\\/\\\/www.encontrapiracicaba.com.br\\\/sobre\\\/camara-realiza-reuniao-solene-alusiva-ao-dia-do-exercito-brasileiro\\\/#webpage\",\"url\":\"https:\\\/\\\/www.encontrapiracicaba.com.br\\\/sobre\\\/camara-realiza-reuniao-solene-alusiva-ao-dia-do-exercito-brasileiro\\\/\",\"name\":\"C\\u00e2mara realiza reuni\\u00e3o solene alusiva ao Dia do Ex\\u00e9rcito Brasileiro | Encontra Piracicaba\",\"inLanguage\":\"pt-BR\",\"isPartOf\":{\"@id\":\"https:\\\/\\\/www.encontrapiracicaba.com.br\\\/sobre\\\/#website\"},\"breadcrumb\":{\"@id\":\"https:\\\/\\\/www.encontrapiracicaba.com.br\\\/sobre\\\/camara-realiza-reuniao-solene-alusiva-ao-dia-do-exercito-brasileiro\\\/#breadcrumblist\"},\"author\":{\"@id\":\"https:\\\/\\\/www.encontrapiracicaba.com.br\\\/sobre\\\/author\\\/epiracicaba\\\/#author\"},\"creator\":{\"@id\":\"https:\\\/\\\/www.encontrapiracicaba.com.br\\\/sobre\\\/author\\\/epiracicaba\\\/#author\"},\"image\":{\"@type\":\"ImageObject\",\"url\":\"https:\\\/\\\/www.encontrapiracicaba.com.br\\\/sobre\\\/wp-content\\\/uploads\\\/camara-realiza-reuniao-solene-alusiva-ao-dia-do-exercito-brasileiro.webp\",\"@id\":\"https:\\\/\\\/www.encontrapiracicaba.com.br\\\/sobre\\\/camara-realiza-reuniao-solene-alusiva-ao-dia-do-exercito-brasileiro\\\/#mainImage\",\"width\":280,\"height\":280,\"caption\":\"reuni\\u00e3o solene do Dia do Ex\\u00e9rcito Brasileiro\"},\"primaryImageOfPage\":{\"@id\":\"https:\\\/\\\/www.encontrapiracicaba.com.br\\\/sobre\\\/camara-realiza-reuniao-solene-alusiva-ao-dia-do-exercito-brasileiro\\\/#mainImage\"},\"datePublished\":\"2026-06-11T11:17:36-03:00\",\"dateModified\":\"2026-06-11T11:17:36-03:00\"},{\"@type\":\"WebSite\",\"@id\":\"https:\\\/\\\/www.encontrapiracicaba.com.br\\\/sobre\\\/#website\",\"url\":\"https:\\\/\\\/www.encontrapiracicaba.com.br\\\/sobre\\\/\",\"name\":\"Encontra Piracicaba\",\"description\":\"Not\\u00edcias, eventos, informa\\u00e7\\u00f5es e dicas na cidade de Piracicaba e regi\\u00e3o\",\"inLanguage\":\"pt-BR\",\"publisher\":{\"@id\":\"https:\\\/\\\/www.encontrapiracicaba.com.br\\\/sobre\\\/#organization\"}}]}\n\t\t<\/script>\n\t\t<!-- All in One SEO -->\n\n","aioseo_head_json":{"title":"C\u00e2mara realiza reuni\u00e3o solene alusiva ao Dia do Ex\u00e9rcito Brasileiro | Encontra Piracicaba","description":"","canonical_url":"https:\/\/www.encontrapiracicaba.com.br\/sobre\/camara-realiza-reuniao-solene-alusiva-ao-dia-do-exercito-brasileiro\/","robots":"max-image-preview:large","keywords":"","webmasterTools":{"miscellaneous":""},"schema":{"@context":"https:\/\/schema.org","@graph":[{"@type":"Article","@id":"https:\/\/www.encontrapiracicaba.com.br\/sobre\/camara-realiza-reuniao-solene-alusiva-ao-dia-do-exercito-brasileiro\/#article","name":"C\u00e2mara realiza reuni\u00e3o solene alusiva ao Dia do Ex\u00e9rcito Brasileiro | Encontra Piracicaba","headline":"C\u00e2mara realiza reuni\u00e3o solene alusiva ao Dia do Ex\u00e9rcito Brasileiro","author":{"@id":"https:\/\/www.encontrapiracicaba.com.br\/sobre\/author\/epiracicaba\/#author"},"publisher":{"@id":"https:\/\/www.encontrapiracicaba.com.br\/sobre\/#organization"},"image":{"@type":"ImageObject","url":"https:\/\/www.encontrapiracicaba.com.br\/sobre\/wp-content\/uploads\/camara-realiza-reuniao-solene-alusiva-ao-dia-do-exercito-brasileiro.webp","width":280,"height":280,"caption":"reuni\u00e3o solene do Dia do Ex\u00e9rcito Brasileiro"},"datePublished":"2026-06-11T11:17:36-03:00","dateModified":"2026-06-11T11:17:36-03:00","inLanguage":"pt-BR","mainEntityOfPage":{"@id":"https:\/\/www.encontrapiracicaba.com.br\/sobre\/camara-realiza-reuniao-solene-alusiva-ao-dia-do-exercito-brasileiro\/#webpage"},"isPartOf":{"@id":"https:\/\/www.encontrapiracicaba.com.br\/sobre\/camara-realiza-reuniao-solene-alusiva-ao-dia-do-exercito-brasileiro\/#webpage"},"articleSection":"Not\u00edcias Piracicaba"},{"@type":"BreadcrumbList","@id":"https:\/\/www.encontrapiracicaba.com.br\/sobre\/camara-realiza-reuniao-solene-alusiva-ao-dia-do-exercito-brasileiro\/#breadcrumblist","itemListElement":[{"@type":"ListItem","@id":"https:\/\/www.encontrapiracicaba.com.br\/sobre#listItem","position":1,"name":"In\u00edcio","item":"https:\/\/www.encontrapiracicaba.com.br\/sobre","nextItem":{"@type":"ListItem","@id":"https:\/\/www.encontrapiracicaba.com.br\/sobre\/noticias-em-piracicaba\/#listItem","name":"Not\u00edcias Piracicaba"}},{"@type":"ListItem","@id":"https:\/\/www.encontrapiracicaba.com.br\/sobre\/noticias-em-piracicaba\/#listItem","position":2,"name":"Not\u00edcias Piracicaba","item":"https:\/\/www.encontrapiracicaba.com.br\/sobre\/noticias-em-piracicaba\/","nextItem":{"@type":"ListItem","@id":"https:\/\/www.encontrapiracicaba.com.br\/sobre\/camara-realiza-reuniao-solene-alusiva-ao-dia-do-exercito-brasileiro\/#listItem","name":"C\u00e2mara realiza reuni\u00e3o solene alusiva ao Dia do Ex\u00e9rcito Brasileiro"},"previousItem":{"@type":"ListItem","@id":"https:\/\/www.encontrapiracicaba.com.br\/sobre#listItem","name":"In\u00edcio"}},{"@type":"ListItem","@id":"https:\/\/www.encontrapiracicaba.com.br\/sobre\/camara-realiza-reuniao-solene-alusiva-ao-dia-do-exercito-brasileiro\/#listItem","position":3,"name":"C\u00e2mara realiza reuni\u00e3o solene alusiva ao Dia do Ex\u00e9rcito Brasileiro","previousItem":{"@type":"ListItem","@id":"https:\/\/www.encontrapiracicaba.com.br\/sobre\/noticias-em-piracicaba\/#listItem","name":"Not\u00edcias Piracicaba"}}]},{"@type":"Organization","@id":"https:\/\/www.encontrapiracicaba.com.br\/sobre\/#organization","name":"Encontra Piracicaba","description":"Not\u00edcias, eventos, informa\u00e7\u00f5es e dicas na cidade de Piracicaba e regi\u00e3o","url":"https:\/\/www.encontrapiracicaba.com.br\/sobre\/"},{"@type":"Person","@id":"https:\/\/www.encontrapiracicaba.com.br\/sobre\/author\/epiracicaba\/#author","url":"https:\/\/www.encontrapiracicaba.com.br\/sobre\/author\/epiracicaba\/","name":"Encontra Piracicaba","image":{"@type":"ImageObject","@id":"https:\/\/www.encontrapiracicaba.com.br\/sobre\/camara-realiza-reuniao-solene-alusiva-ao-dia-do-exercito-brasileiro\/#authorImage","url":"https:\/\/secure.gravatar.com\/avatar\/507340682b8270222e1f208e23198b6ae7e2c6a1033ae84e99bc6bce4f82a387?s=96&d=mm&r=g","width":96,"height":96,"caption":"Encontra Piracicaba"}},{"@type":"WebPage","@id":"https:\/\/www.encontrapiracicaba.com.br\/sobre\/camara-realiza-reuniao-solene-alusiva-ao-dia-do-exercito-brasileiro\/#webpage","url":"https:\/\/www.encontrapiracicaba.com.br\/sobre\/camara-realiza-reuniao-solene-alusiva-ao-dia-do-exercito-brasileiro\/","name":"C\u00e2mara realiza reuni\u00e3o solene alusiva ao Dia do Ex\u00e9rcito Brasileiro | Encontra Piracicaba","inLanguage":"pt-BR","isPartOf":{"@id":"https:\/\/www.encontrapiracicaba.com.br\/sobre\/#website"},"breadcrumb":{"@id":"https:\/\/www.encontrapiracicaba.com.br\/sobre\/camara-realiza-reuniao-solene-alusiva-ao-dia-do-exercito-brasileiro\/#breadcrumblist"},"author":{"@id":"https:\/\/www.encontrapiracicaba.com.br\/sobre\/author\/epiracicaba\/#author"},"creator":{"@id":"https:\/\/www.encontrapiracicaba.com.br\/sobre\/author\/epiracicaba\/#author"},"image":{"@type":"ImageObject","url":"https:\/\/www.encontrapiracicaba.com.br\/sobre\/wp-content\/uploads\/camara-realiza-reuniao-solene-alusiva-ao-dia-do-exercito-brasileiro.webp","@id":"https:\/\/www.encontrapiracicaba.com.br\/sobre\/camara-realiza-reuniao-solene-alusiva-ao-dia-do-exercito-brasileiro\/#mainImage","width":280,"height":280,"caption":"reuni\u00e3o solene do Dia do Ex\u00e9rcito Brasileiro"},"primaryImageOfPage":{"@id":"https:\/\/www.encontrapiracicaba.com.br\/sobre\/camara-realiza-reuniao-solene-alusiva-ao-dia-do-exercito-brasileiro\/#mainImage"},"datePublished":"2026-06-11T11:17:36-03:00","dateModified":"2026-06-11T11:17:36-03:00"},{"@type":"WebSite","@id":"https:\/\/www.encontrapiracicaba.com.br\/sobre\/#website","url":"https:\/\/www.encontrapiracicaba.com.br\/sobre\/","name":"Encontra Piracicaba","description":"Not\u00edcias, eventos, informa\u00e7\u00f5es e dicas na cidade de Piracicaba e regi\u00e3o","inLanguage":"pt-BR","publisher":{"@id":"https:\/\/www.encontrapiracicaba.com.br\/sobre\/#organization"}}]},"og:locale":"pt_BR","og:site_name":"Encontra Piracicaba | Not\u00edcias, eventos, informa\u00e7\u00f5es e dicas na cidade de Piracicaba e regi\u00e3o","og:type":"article","og:title":"C\u00e2mara realiza reuni\u00e3o solene alusiva ao Dia do Ex\u00e9rcito Brasileiro | Encontra Piracicaba","og:url":"https:\/\/www.encontrapiracicaba.com.br\/sobre\/camara-realiza-reuniao-solene-alusiva-ao-dia-do-exercito-brasileiro\/","article:published_time":"2026-06-11T14:17:36+00:00","article:modified_time":"2026-06-11T14:17:36+00:00","twitter:card":"summary","twitter:title":"C\u00e2mara realiza reuni\u00e3o solene alusiva ao Dia do Ex\u00e9rcito Brasileiro | Encontra Piracicaba"},"aioseo_meta_data":{"post_id":"4671","title":null,"description":null,"keywords":null,"keyphrases":null,"primary_term":null,"canonical_url":null,"og_title":null,"og_description":null,"og_object_type":"default","og_image_type":"default","og_image_url":null,"og_image_width":null,"og_image_height":null,"og_image_custom_url":null,"og_image_custom_fields":null,"og_video":null,"og_custom_url":null,"og_article_section":null,"og_article_tags":null,"twitter_use_og":false,"twitter_card":"default","twitter_image_type":"default","twitter_image_url":null,"twitter_image_custom_url":null,"twitter_image_custom_fields":null,"twitter_title":null,"twitter_description":null,"schema":{"blockGraphs":[],"customGraphs":[],"default":{"data":{"Article":[],"Course":[],"Dataset":[],"FAQPage":[],"Movie":[],"Person":[],"Product":[],"ProductReview":[],"Car":[],"Recipe":[],"Service":[],"SoftwareApplication":[],"WebPage":[]},"graphName":"Article","isEnabled":true},"graphs":[]},"schema_type":"default","schema_type_options":null,"pillar_content":false,"robots_default":true,"robots_noindex":false,"robots_noarchive":false,"robots_nosnippet":false,"robots_nofollow":false,"robots_noimageindex":false,"robots_noodp":false,"robots_notranslate":false,"robots_max_snippet":null,"robots_max_videopreview":null,"robots_max_imagepreview":"large","priority":null,"frequency":null,"local_seo":null,"breadcrumb_settings":null,"limit_modified_date":false,"ai":null,"created":"2026-06-11 14:17:46","updated":"2026-06-11 14:29:11","focus_keyword":null,"additional_keywords":null,"truseo_locale":null,"seo_analyzer_scan_date":null},"aioseo_breadcrumb":"<div class=\"aioseo-breadcrumbs\"><span class=\"aioseo-breadcrumb\">\n\t\t\t<a href=\"https:\/\/www.encontrapiracicaba.com.br\/sobre\" title=\"In\u00edcio\">In\u00edcio<\/a>\n\t\t<\/span><span class=\"aioseo-breadcrumb-separator\">&raquo;<\/span><span class=\"aioseo-breadcrumb\">\n\t\t\t<a href=\"https:\/\/www.encontrapiracicaba.com.br\/sobre\/noticias-em-piracicaba\/\" title=\"Not\u00edcias Piracicaba\">Not\u00edcias Piracicaba<\/a>\n\t\t<\/span><span class=\"aioseo-breadcrumb-separator\">&raquo;<\/span><span class=\"aioseo-breadcrumb\">\n\t\t\tC\u00e2mara realiza reuni\u00e3o solene alusiva ao Dia do Ex\u00e9rcito Brasileiro\n\t\t<\/span><\/div>","aioseo_breadcrumb_json":[{"label":"In\u00edcio","link":"https:\/\/www.encontrapiracicaba.com.br\/sobre"},{"label":"Not\u00edcias Piracicaba","link":"https:\/\/www.encontrapiracicaba.com.br\/sobre\/noticias-em-piracicaba\/"},{"label":"C\u00e2mara realiza reuni\u00e3o solene alusiva ao Dia do Ex\u00e9rcito Brasileiro","link":"https:\/\/www.encontrapiracicaba.com.br\/sobre\/camara-realiza-reuniao-solene-alusiva-ao-dia-do-exercito-brasileiro\/"}],"_links":{"self":[{"href":"https:\/\/www.encontrapiracicaba.com.br\/sobre\/wp-json\/wp\/v2\/posts\/4671","targetHints":{"allow":["GET"]}}],"collection":[{"href":"https:\/\/www.encontrapiracicaba.com.br\/sobre\/wp-json\/wp\/v2\/posts"}],"about":[{"href":"https:\/\/www.encontrapiracicaba.com.br\/sobre\/wp-json\/wp\/v2\/types\/post"}],"author":[{"embeddable":true,"href":"https:\/\/www.encontrapiracicaba.com.br\/sobre\/wp-json\/wp\/v2\/users\/1"}],"replies":[{"embeddable":true,"href":"https:\/\/www.encontrapiracicaba.com.br\/sobre\/wp-json\/wp\/v2\/comments?post=4671"}],"version-history":[{"count":0,"href":"https:\/\/www.encontrapiracicaba.com.br\/sobre\/wp-json\/wp\/v2\/posts\/4671\/revisions"}],"wp:featuredmedia":[{"embeddable":true,"href":"https:\/\/www.encontrapiracicaba.com.br\/sobre\/wp-json\/wp\/v2\/media\/4670"}],"wp:attachment":[{"href":"https:\/\/www.encontrapiracicaba.com.br\/sobre\/wp-json\/wp\/v2\/media?parent=4671"}],"wp:term":[{"taxonomy":"category","embeddable":true,"href":"https:\/\/www.encontrapiracicaba.com.br\/sobre\/wp-json\/wp\/v2\/categories?post=4671"},{"taxonomy":"post_tag","embeddable":true,"href":"https:\/\/www.encontrapiracicaba.com.br\/sobre\/wp-json\/wp\/v2\/tags?post=4671"}],"curies":[{"name":"wp","href":"https:\/\/api.w.org\/{rel}","templated":true}]}}