{"id":4673,"date":"2026-06-11T11:20:30","date_gmt":"2026-06-11T14:20:30","guid":{"rendered":"https:\/\/www.encontrapiracicaba.com.br\/sobre\/prefeitura-de-piracicaba-protocola-na-camara-programa-de-demissao-voluntaria-entenda-projeto\/"},"modified":"2026-06-11T11:20:30","modified_gmt":"2026-06-11T14:20:30","slug":"prefeitura-de-piracicaba-protocola-na-camara-programa-de-demissao-voluntaria-entenda-projeto","status":"publish","type":"post","link":"https:\/\/www.encontrapiracicaba.com.br\/sobre\/prefeitura-de-piracicaba-protocola-na-camara-programa-de-demissao-voluntaria-entenda-projeto\/","title":{"rendered":"Prefeitura de Piracicaba protocola na C\u00e2mara programa de demiss\u00e3o volunt\u00e1ria; entenda projeto"},"content":{"rendered":"<div class=\"85df007ed5c0c4d4b453fd13a37855e8\" data-index=\"1\" style=\"float: none; margin:0px;\">\n<!-- Anuncio display - global -->\r\n<ins class=\"adsbygoogle\"\r\n     style=\"display:block\"\r\n     data-ad-client=\"ca-pub-8585364105181520\"\r\n     data-ad-slot=\"8789329856\"\r\n     data-ad-format=\"auto\"\r\n     data-full-width-responsive=\"true\"><\/ins>\r\n<script>\r\n     (adsbygoogle = window.adsbygoogle || []).push({});\r\n<\/script>\n<\/div>\n<h2>Entenda o Programa de Demiss\u00e3o Volunt\u00e1ria<\/h2>\n<p>A Prefeitura de Piracicaba prop\u00f4s um Programa de Demiss\u00e3o Volunt\u00e1ria (PDV) que se destina a servidores da administra\u00e7\u00e3o direta e indireta. A ideia \u00e9 oferecer uma sa\u00edda planejada e consensual para servidores p\u00fablicos que desejam deixar seus cargos. Este programa est\u00e1 sendo analisado pelas comiss\u00f5es da C\u00e2mara Municipal e, se aprovado, permitir\u00e1 que servidores fa\u00e7am a ades\u00e3o de forma volunt\u00e1ria.<\/p>\n<h2>Objetivos da Administra\u00e7\u00e3o Municipal<\/h2>\n<p>O principal objetivo do PDV \u00e9 modernizar a gest\u00e3o administrativa da prefeitura. Ao promover a sa\u00edda volunt\u00e1ria de servidores, a administra\u00e7\u00e3o pretende reorganizar o quadro de funcion\u00e1rios, otimizando a utiliza\u00e7\u00e3o de recursos humanos. Al\u00e9m disso, o programa visa garantir a sustentabilidade fiscal do munic\u00edpio, contribuindo para um equil\u00edbrio nas contas p\u00fablicas em tempos de restri\u00e7\u00e3o or\u00e7ament\u00e1ria.<\/p>\n<h2>Quem pode participar do Programa?<\/h2>\n<p>Podem aderir ao PDV tanto servidores p\u00fablicos estatut\u00e1rios, que ocupam cargos efetivos, quanto empregados celetistas, que firmaram contrato sob o regime da CLT. A proposta abrange todas as esferas de atua\u00e7\u00e3o do funcionalismo p\u00fablico municipal, buscando engajar um maior n\u00famero de colaboradores que estejam dispostos a participar.<\/p>\n<p><img decoding=\"async\" src=\"https:\/\/www.encontrapiracicaba.com.br\/sobre\/wp-content\/uploads\/prefeitura-de-piracicaba-protocola-na-camara-programa-de-demissao-voluntaria-entenda-projeto.webp\" alt=\"Programa de Demiss\u00e3o Volunt\u00e1ria\" loading=\"lazy\" \/><\/p>\n<h2>Processo de ades\u00e3o ao PDV<\/h2>\n<p>Os interessados em participar do programa devem solicitar a ades\u00e3o junto \u00e0 administra\u00e7\u00e3o municipal. \u00c9 importante ressaltar que essa ades\u00e3o \u00e9 completamente volunt\u00e1ria. O pedido pode ser negado pela administra\u00e7\u00e3o se houver a possibilidade de impacto negativo na qualidade dos servi\u00e7os p\u00fablicos essenciais, garantindo assim a continuidade das atividades sem preju\u00edzo \u00e0 popula\u00e7\u00e3o.<\/p>\n<h2>O que significa a ades\u00e3o ao PDV?<\/h2>\n<p>A ades\u00e3o ao Programa de Demiss\u00e3o Volunt\u00e1ria indica a desocupa\u00e7\u00e3o definitiva do cargo que o servidor ocupa. Se o servidor for estatut\u00e1rio, essa sa\u00edda se dar\u00e1 por meio de exonera\u00e7\u00e3o a seu pedido. J\u00e1 os celetistas ter\u00e3o suas a\u00e7\u00f5es finalizadas atrav\u00e9s de rescis\u00e3o contratual. \u00c9 uma maneira de permitir que os funcion\u00e1rios deixem seus postos de forma organizada e com possibilidades de compensa\u00e7\u00e3o.<\/p>\n<h2>D\u00favidas sobre a participa\u00e7\u00e3o no programa<\/h2>\n<p>Um ponto relevante do PDV \u00e9 o tempo de vig\u00eancia do programa. Aprovado, ele ter\u00e1 dura\u00e7\u00e3o de 120 dias, podendo ser renovado por mais um per\u00edodo igual dentro dos 24 meses subsequentes. Al\u00e9m disso, aqueles que aderirem n\u00e3o poder\u00e3o ser readmitidos pela prefeitura durante dois anos ap\u00f3s a rescis\u00e3o, o que visa evitar a reincid\u00eancia imediata de contrata\u00e7\u00f5es.<\/p>\n<h2>Quais os benef\u00edcios para os servidores?<\/h2>\n<p>Os servidores que decidirem participar do PDV poder\u00e3o contar com a remunera\u00e7\u00e3o das verbas rescis\u00f3rias conforme a legisla\u00e7\u00e3o vigente. Al\u00e9m disso, incentivos financeiros espec\u00edficos poder\u00e3o ser oferecidos para tornar a sa\u00edda mais atrativa. Essa compensa\u00e7\u00e3o \u00e9 uma forma de valorizar a contribui\u00e7\u00e3o do servidor e facilitar a transi\u00e7\u00e3o para novos desafios fora da administra\u00e7\u00e3o municipal.<\/p>\n<h2>Dura\u00e7\u00e3o do programa<\/h2>\n<p>Conforme mencionado, o Programa de Demiss\u00e3o Volunt\u00e1ria ter\u00e1 uma vig\u00eancia de 120 dias, podendo ser renovado por mais 120 dias, totalizando um m\u00e1ximo de 240 dias de dura\u00e7\u00e3o para as ades\u00f5es. Essa janela de tempo \u00e9 estrat\u00e9gica para permitir que os servidores possam avaliar sua decis\u00e3o e a prefeitura, por sua vez, adequar suas necessidades de pessoal.<\/p>\n<h2>Ascens\u00e3o e readmiss\u00e3o de servidores<\/h2>\n<p>Temporariamente, os servidores que sa\u00edrem pelo PDV n\u00e3o ter\u00e3o a possibilidade de retorno \u00e0 Prefeitura. Essa decis\u00e3o foi tomada para assegurar a reestrutura\u00e7\u00e3o eficiente do quadro de funcion\u00e1rios sem a preocupa\u00e7\u00e3o de uma alta de contrata\u00e7\u00f5es logo ap\u00f3s as demiss\u00f5es. O intervalo de dois anos \u00e9 considerado uma estrat\u00e9gia para estabilizar os gastos e reavaliar a necessidade de novos colaboradores.<\/p>\n<h2>Justificativa da Prefeitura para o programa<\/h2>\n<p>A justificativa apresentada pela Prefeitura enfatiza o objetivo de manter a sustentabilidade fiscal das contas p\u00fablicas, visando atender aos limites de despesas com pessoal estabelecidos por legisla\u00e7\u00f5es. A administra\u00e7\u00e3o acredita que a ades\u00e3o ao PDV promover\u00e1 uma administra\u00e7\u00e3o mais leve e eficiente, especialmente durante momentos de crise econ\u00f4mica e de diminui\u00e7\u00e3o nas receitas municipais. Dessa forma, o programa n\u00e3o \u00e9 apenas um meio de diminuir o quadro de funcion\u00e1rios, mas uma estrat\u00e9gia de reorganiza\u00e7\u00e3o e otimiza\u00e7\u00e3o dos recursos humanos \u00e0 disposi\u00e7\u00e3o da gest\u00e3o municipal.<\/p>\n\n<div style=\"font-size: 0px; height: 0px; line-height: 0px; margin: 0; padding: 0; clear: both;\"><\/div>","protected":false},"excerpt":{"rendered":"<p>Programa de demiss\u00e3o volunt\u00e1ria da prefeitura de Piracicaba visa mudan\u00e7as significativas.<\/p>\n","protected":false},"author":1,"featured_media":4672,"comment_status":"closed","ping_status":"closed","sticky":false,"template":"","format":"standard","meta":{"footnotes":""},"categories":[6],"tags":[],"class_list":["post-4673","post","type-post","status-publish","format-standard","has-post-thumbnail","hentry","category-noticias-em-piracicaba","has_thumb"],"aioseo_notices":[],"aioseo_head":"\n\t\t<!-- All in One SEO 5.0.0.1 - aioseo.com -->\n\t<meta name=\"robots\" content=\"max-image-preview:large\" \/>\n\t<meta name=\"author\" content=\"Encontra Piracicaba\"\/>\n\t<link rel=\"canonical\" href=\"https:\/\/www.encontrapiracicaba.com.br\/sobre\/prefeitura-de-piracicaba-protocola-na-camara-programa-de-demissao-voluntaria-entenda-projeto\/\" \/>\n\t<meta name=\"generator\" content=\"All in One SEO (AIOSEO) 5.0.0.1\" \/>\n\t\t<meta property=\"og:locale\" content=\"pt_BR\" \/>\n\t\t<meta property=\"og:site_name\" content=\"Encontra Piracicaba | Not\u00edcias, eventos, informa\u00e7\u00f5es e dicas na cidade de Piracicaba e regi\u00e3o\" \/>\n\t\t<meta property=\"og:type\" content=\"article\" \/>\n\t\t<meta property=\"og:title\" content=\"Prefeitura de Piracicaba protocola na C\u00e2mara programa de demiss\u00e3o volunt\u00e1ria; entenda projeto | Encontra Piracicaba\" \/>\n\t\t<meta property=\"og:url\" content=\"https:\/\/www.encontrapiracicaba.com.br\/sobre\/prefeitura-de-piracicaba-protocola-na-camara-programa-de-demissao-voluntaria-entenda-projeto\/\" \/>\n\t\t<meta property=\"article:published_time\" content=\"2026-06-11T14:20:30+00:00\" \/>\n\t\t<meta property=\"article:modified_time\" content=\"2026-06-11T14:20:30+00:00\" \/>\n\t\t<meta name=\"twitter:card\" content=\"summary\" \/>\n\t\t<meta name=\"twitter:title\" content=\"Prefeitura de Piracicaba protocola na C\u00e2mara programa de demiss\u00e3o volunt\u00e1ria; entenda projeto | Encontra Piracicaba\" \/>\n\t\t<script type=\"application\/ld+json\" class=\"aioseo-schema\">\n\t\t\t{\"@context\":\"https:\\\/\\\/schema.org\",\"@graph\":[{\"@type\":\"Article\",\"@id\":\"https:\\\/\\\/www.encontrapiracicaba.com.br\\\/sobre\\\/prefeitura-de-piracicaba-protocola-na-camara-programa-de-demissao-voluntaria-entenda-projeto\\\/#article\",\"name\":\"Prefeitura de Piracicaba protocola na C\\u00e2mara programa de demiss\\u00e3o volunt\\u00e1ria; entenda projeto | Encontra Piracicaba\",\"headline\":\"Prefeitura de Piracicaba protocola na C\\u00e2mara programa de demiss\\u00e3o volunt\\u00e1ria; entenda projeto\",\"author\":{\"@id\":\"https:\\\/\\\/www.encontrapiracicaba.com.br\\\/sobre\\\/author\\\/epiracicaba\\\/#author\"},\"publisher\":{\"@id\":\"https:\\\/\\\/www.encontrapiracicaba.com.br\\\/sobre\\\/#organization\"},\"image\":{\"@type\":\"ImageObject\",\"url\":\"https:\\\/\\\/www.encontrapiracicaba.com.br\\\/sobre\\\/wp-content\\\/uploads\\\/prefeitura-de-piracicaba-protocola-na-camara-programa-de-demissao-voluntaria-entenda-projeto.webp\",\"width\":280,\"height\":280,\"caption\":\"Programa de Demiss\\u00e3o Volunt\\u00e1ria\"},\"datePublished\":\"2026-06-11T11:20:30-03:00\",\"dateModified\":\"2026-06-11T11:20:30-03:00\",\"inLanguage\":\"pt-BR\",\"mainEntityOfPage\":{\"@id\":\"https:\\\/\\\/www.encontrapiracicaba.com.br\\\/sobre\\\/prefeitura-de-piracicaba-protocola-na-camara-programa-de-demissao-voluntaria-entenda-projeto\\\/#webpage\"},\"isPartOf\":{\"@id\":\"https:\\\/\\\/www.encontrapiracicaba.com.br\\\/sobre\\\/prefeitura-de-piracicaba-protocola-na-camara-programa-de-demissao-voluntaria-entenda-projeto\\\/#webpage\"},\"articleSection\":\"Not\\u00edcias Piracicaba\"},{\"@type\":\"BreadcrumbList\",\"@id\":\"https:\\\/\\\/www.encontrapiracicaba.com.br\\\/sobre\\\/prefeitura-de-piracicaba-protocola-na-camara-programa-de-demissao-voluntaria-entenda-projeto\\\/#breadcrumblist\",\"itemListElement\":[{\"@type\":\"ListItem\",\"@id\":\"https:\\\/\\\/www.encontrapiracicaba.com.br\\\/sobre#listItem\",\"position\":1,\"name\":\"In\\u00edcio\",\"item\":\"https:\\\/\\\/www.encontrapiracicaba.com.br\\\/sobre\",\"nextItem\":{\"@type\":\"ListItem\",\"@id\":\"https:\\\/\\\/www.encontrapiracicaba.com.br\\\/sobre\\\/noticias-em-piracicaba\\\/#listItem\",\"name\":\"Not\\u00edcias Piracicaba\"}},{\"@type\":\"ListItem\",\"@id\":\"https:\\\/\\\/www.encontrapiracicaba.com.br\\\/sobre\\\/noticias-em-piracicaba\\\/#listItem\",\"position\":2,\"name\":\"Not\\u00edcias Piracicaba\",\"item\":\"https:\\\/\\\/www.encontrapiracicaba.com.br\\\/sobre\\\/noticias-em-piracicaba\\\/\",\"nextItem\":{\"@type\":\"ListItem\",\"@id\":\"https:\\\/\\\/www.encontrapiracicaba.com.br\\\/sobre\\\/prefeitura-de-piracicaba-protocola-na-camara-programa-de-demissao-voluntaria-entenda-projeto\\\/#listItem\",\"name\":\"Prefeitura de Piracicaba protocola na C\\u00e2mara programa de demiss\\u00e3o volunt\\u00e1ria; entenda projeto\"},\"previousItem\":{\"@type\":\"ListItem\",\"@id\":\"https:\\\/\\\/www.encontrapiracicaba.com.br\\\/sobre#listItem\",\"name\":\"In\\u00edcio\"}},{\"@type\":\"ListItem\",\"@id\":\"https:\\\/\\\/www.encontrapiracicaba.com.br\\\/sobre\\\/prefeitura-de-piracicaba-protocola-na-camara-programa-de-demissao-voluntaria-entenda-projeto\\\/#listItem\",\"position\":3,\"name\":\"Prefeitura de Piracicaba protocola na C\\u00e2mara programa de demiss\\u00e3o volunt\\u00e1ria; entenda projeto\",\"previousItem\":{\"@type\":\"ListItem\",\"@id\":\"https:\\\/\\\/www.encontrapiracicaba.com.br\\\/sobre\\\/noticias-em-piracicaba\\\/#listItem\",\"name\":\"Not\\u00edcias Piracicaba\"}}]},{\"@type\":\"Organization\",\"@id\":\"https:\\\/\\\/www.encontrapiracicaba.com.br\\\/sobre\\\/#organization\",\"name\":\"Encontra Piracicaba\",\"description\":\"Not\\u00edcias, eventos, informa\\u00e7\\u00f5es e dicas na cidade de Piracicaba e regi\\u00e3o\",\"url\":\"https:\\\/\\\/www.encontrapiracicaba.com.br\\\/sobre\\\/\"},{\"@type\":\"Person\",\"@id\":\"https:\\\/\\\/www.encontrapiracicaba.com.br\\\/sobre\\\/author\\\/epiracicaba\\\/#author\",\"url\":\"https:\\\/\\\/www.encontrapiracicaba.com.br\\\/sobre\\\/author\\\/epiracicaba\\\/\",\"name\":\"Encontra Piracicaba\",\"image\":{\"@type\":\"ImageObject\",\"@id\":\"https:\\\/\\\/www.encontrapiracicaba.com.br\\\/sobre\\\/prefeitura-de-piracicaba-protocola-na-camara-programa-de-demissao-voluntaria-entenda-projeto\\\/#authorImage\",\"url\":\"https:\\\/\\\/secure.gravatar.com\\\/avatar\\\/507340682b8270222e1f208e23198b6ae7e2c6a1033ae84e99bc6bce4f82a387?s=96&d=mm&r=g\",\"width\":96,\"height\":96,\"caption\":\"Encontra Piracicaba\"}},{\"@type\":\"WebPage\",\"@id\":\"https:\\\/\\\/www.encontrapiracicaba.com.br\\\/sobre\\\/prefeitura-de-piracicaba-protocola-na-camara-programa-de-demissao-voluntaria-entenda-projeto\\\/#webpage\",\"url\":\"https:\\\/\\\/www.encontrapiracicaba.com.br\\\/sobre\\\/prefeitura-de-piracicaba-protocola-na-camara-programa-de-demissao-voluntaria-entenda-projeto\\\/\",\"name\":\"Prefeitura de Piracicaba protocola na C\\u00e2mara programa de demiss\\u00e3o volunt\\u00e1ria; entenda projeto | Encontra Piracicaba\",\"inLanguage\":\"pt-BR\",\"isPartOf\":{\"@id\":\"https:\\\/\\\/www.encontrapiracicaba.com.br\\\/sobre\\\/#website\"},\"breadcrumb\":{\"@id\":\"https:\\\/\\\/www.encontrapiracicaba.com.br\\\/sobre\\\/prefeitura-de-piracicaba-protocola-na-camara-programa-de-demissao-voluntaria-entenda-projeto\\\/#breadcrumblist\"},\"author\":{\"@id\":\"https:\\\/\\\/www.encontrapiracicaba.com.br\\\/sobre\\\/author\\\/epiracicaba\\\/#author\"},\"creator\":{\"@id\":\"https:\\\/\\\/www.encontrapiracicaba.com.br\\\/sobre\\\/author\\\/epiracicaba\\\/#author\"},\"image\":{\"@type\":\"ImageObject\",\"url\":\"https:\\\/\\\/www.encontrapiracicaba.com.br\\\/sobre\\\/wp-content\\\/uploads\\\/prefeitura-de-piracicaba-protocola-na-camara-programa-de-demissao-voluntaria-entenda-projeto.webp\",\"@id\":\"https:\\\/\\\/www.encontrapiracicaba.com.br\\\/sobre\\\/prefeitura-de-piracicaba-protocola-na-camara-programa-de-demissao-voluntaria-entenda-projeto\\\/#mainImage\",\"width\":280,\"height\":280,\"caption\":\"Programa de Demiss\\u00e3o Volunt\\u00e1ria\"},\"primaryImageOfPage\":{\"@id\":\"https:\\\/\\\/www.encontrapiracicaba.com.br\\\/sobre\\\/prefeitura-de-piracicaba-protocola-na-camara-programa-de-demissao-voluntaria-entenda-projeto\\\/#mainImage\"},\"datePublished\":\"2026-06-11T11:20:30-03:00\",\"dateModified\":\"2026-06-11T11:20:30-03:00\"},{\"@type\":\"WebSite\",\"@id\":\"https:\\\/\\\/www.encontrapiracicaba.com.br\\\/sobre\\\/#website\",\"url\":\"https:\\\/\\\/www.encontrapiracicaba.com.br\\\/sobre\\\/\",\"name\":\"Encontra Piracicaba\",\"description\":\"Not\\u00edcias, eventos, informa\\u00e7\\u00f5es e dicas na cidade de Piracicaba e regi\\u00e3o\",\"inLanguage\":\"pt-BR\",\"publisher\":{\"@id\":\"https:\\\/\\\/www.encontrapiracicaba.com.br\\\/sobre\\\/#organization\"}}]}\n\t\t<\/script>\n\t\t<!-- All in One SEO -->\n\n","aioseo_head_json":{"title":"Prefeitura de Piracicaba protocola na C\u00e2mara programa de demiss\u00e3o volunt\u00e1ria; entenda projeto | Encontra Piracicaba","description":"","canonical_url":"https:\/\/www.encontrapiracicaba.com.br\/sobre\/prefeitura-de-piracicaba-protocola-na-camara-programa-de-demissao-voluntaria-entenda-projeto\/","robots":"max-image-preview:large","keywords":"","webmasterTools":{"miscellaneous":""},"schema":{"@context":"https:\/\/schema.org","@graph":[{"@type":"Article","@id":"https:\/\/www.encontrapiracicaba.com.br\/sobre\/prefeitura-de-piracicaba-protocola-na-camara-programa-de-demissao-voluntaria-entenda-projeto\/#article","name":"Prefeitura de Piracicaba protocola na C\u00e2mara programa de demiss\u00e3o volunt\u00e1ria; entenda projeto | Encontra Piracicaba","headline":"Prefeitura de Piracicaba protocola na C\u00e2mara programa de demiss\u00e3o volunt\u00e1ria; entenda projeto","author":{"@id":"https:\/\/www.encontrapiracicaba.com.br\/sobre\/author\/epiracicaba\/#author"},"publisher":{"@id":"https:\/\/www.encontrapiracicaba.com.br\/sobre\/#organization"},"image":{"@type":"ImageObject","url":"https:\/\/www.encontrapiracicaba.com.br\/sobre\/wp-content\/uploads\/prefeitura-de-piracicaba-protocola-na-camara-programa-de-demissao-voluntaria-entenda-projeto.webp","width":280,"height":280,"caption":"Programa de Demiss\u00e3o Volunt\u00e1ria"},"datePublished":"2026-06-11T11:20:30-03:00","dateModified":"2026-06-11T11:20:30-03:00","inLanguage":"pt-BR","mainEntityOfPage":{"@id":"https:\/\/www.encontrapiracicaba.com.br\/sobre\/prefeitura-de-piracicaba-protocola-na-camara-programa-de-demissao-voluntaria-entenda-projeto\/#webpage"},"isPartOf":{"@id":"https:\/\/www.encontrapiracicaba.com.br\/sobre\/prefeitura-de-piracicaba-protocola-na-camara-programa-de-demissao-voluntaria-entenda-projeto\/#webpage"},"articleSection":"Not\u00edcias Piracicaba"},{"@type":"BreadcrumbList","@id":"https:\/\/www.encontrapiracicaba.com.br\/sobre\/prefeitura-de-piracicaba-protocola-na-camara-programa-de-demissao-voluntaria-entenda-projeto\/#breadcrumblist","itemListElement":[{"@type":"ListItem","@id":"https:\/\/www.encontrapiracicaba.com.br\/sobre#listItem","position":1,"name":"In\u00edcio","item":"https:\/\/www.encontrapiracicaba.com.br\/sobre","nextItem":{"@type":"ListItem","@id":"https:\/\/www.encontrapiracicaba.com.br\/sobre\/noticias-em-piracicaba\/#listItem","name":"Not\u00edcias Piracicaba"}},{"@type":"ListItem","@id":"https:\/\/www.encontrapiracicaba.com.br\/sobre\/noticias-em-piracicaba\/#listItem","position":2,"name":"Not\u00edcias Piracicaba","item":"https:\/\/www.encontrapiracicaba.com.br\/sobre\/noticias-em-piracicaba\/","nextItem":{"@type":"ListItem","@id":"https:\/\/www.encontrapiracicaba.com.br\/sobre\/prefeitura-de-piracicaba-protocola-na-camara-programa-de-demissao-voluntaria-entenda-projeto\/#listItem","name":"Prefeitura de Piracicaba protocola na C\u00e2mara programa de demiss\u00e3o volunt\u00e1ria; entenda projeto"},"previousItem":{"@type":"ListItem","@id":"https:\/\/www.encontrapiracicaba.com.br\/sobre#listItem","name":"In\u00edcio"}},{"@type":"ListItem","@id":"https:\/\/www.encontrapiracicaba.com.br\/sobre\/prefeitura-de-piracicaba-protocola-na-camara-programa-de-demissao-voluntaria-entenda-projeto\/#listItem","position":3,"name":"Prefeitura de Piracicaba protocola na C\u00e2mara programa de demiss\u00e3o volunt\u00e1ria; entenda projeto","previousItem":{"@type":"ListItem","@id":"https:\/\/www.encontrapiracicaba.com.br\/sobre\/noticias-em-piracicaba\/#listItem","name":"Not\u00edcias Piracicaba"}}]},{"@type":"Organization","@id":"https:\/\/www.encontrapiracicaba.com.br\/sobre\/#organization","name":"Encontra Piracicaba","description":"Not\u00edcias, eventos, informa\u00e7\u00f5es e dicas na cidade de Piracicaba e regi\u00e3o","url":"https:\/\/www.encontrapiracicaba.com.br\/sobre\/"},{"@type":"Person","@id":"https:\/\/www.encontrapiracicaba.com.br\/sobre\/author\/epiracicaba\/#author","url":"https:\/\/www.encontrapiracicaba.com.br\/sobre\/author\/epiracicaba\/","name":"Encontra Piracicaba","image":{"@type":"ImageObject","@id":"https:\/\/www.encontrapiracicaba.com.br\/sobre\/prefeitura-de-piracicaba-protocola-na-camara-programa-de-demissao-voluntaria-entenda-projeto\/#authorImage","url":"https:\/\/secure.gravatar.com\/avatar\/507340682b8270222e1f208e23198b6ae7e2c6a1033ae84e99bc6bce4f82a387?s=96&d=mm&r=g","width":96,"height":96,"caption":"Encontra Piracicaba"}},{"@type":"WebPage","@id":"https:\/\/www.encontrapiracicaba.com.br\/sobre\/prefeitura-de-piracicaba-protocola-na-camara-programa-de-demissao-voluntaria-entenda-projeto\/#webpage","url":"https:\/\/www.encontrapiracicaba.com.br\/sobre\/prefeitura-de-piracicaba-protocola-na-camara-programa-de-demissao-voluntaria-entenda-projeto\/","name":"Prefeitura de Piracicaba protocola na C\u00e2mara programa de demiss\u00e3o volunt\u00e1ria; entenda projeto | Encontra Piracicaba","inLanguage":"pt-BR","isPartOf":{"@id":"https:\/\/www.encontrapiracicaba.com.br\/sobre\/#website"},"breadcrumb":{"@id":"https:\/\/www.encontrapiracicaba.com.br\/sobre\/prefeitura-de-piracicaba-protocola-na-camara-programa-de-demissao-voluntaria-entenda-projeto\/#breadcrumblist"},"author":{"@id":"https:\/\/www.encontrapiracicaba.com.br\/sobre\/author\/epiracicaba\/#author"},"creator":{"@id":"https:\/\/www.encontrapiracicaba.com.br\/sobre\/author\/epiracicaba\/#author"},"image":{"@type":"ImageObject","url":"https:\/\/www.encontrapiracicaba.com.br\/sobre\/wp-content\/uploads\/prefeitura-de-piracicaba-protocola-na-camara-programa-de-demissao-voluntaria-entenda-projeto.webp","@id":"https:\/\/www.encontrapiracicaba.com.br\/sobre\/prefeitura-de-piracicaba-protocola-na-camara-programa-de-demissao-voluntaria-entenda-projeto\/#mainImage","width":280,"height":280,"caption":"Programa de Demiss\u00e3o Volunt\u00e1ria"},"primaryImageOfPage":{"@id":"https:\/\/www.encontrapiracicaba.com.br\/sobre\/prefeitura-de-piracicaba-protocola-na-camara-programa-de-demissao-voluntaria-entenda-projeto\/#mainImage"},"datePublished":"2026-06-11T11:20:30-03:00","dateModified":"2026-06-11T11:20:30-03:00"},{"@type":"WebSite","@id":"https:\/\/www.encontrapiracicaba.com.br\/sobre\/#website","url":"https:\/\/www.encontrapiracicaba.com.br\/sobre\/","name":"Encontra Piracicaba","description":"Not\u00edcias, eventos, informa\u00e7\u00f5es e dicas na cidade de Piracicaba e regi\u00e3o","inLanguage":"pt-BR","publisher":{"@id":"https:\/\/www.encontrapiracicaba.com.br\/sobre\/#organization"}}]},"og:locale":"pt_BR","og:site_name":"Encontra Piracicaba | Not\u00edcias, eventos, informa\u00e7\u00f5es e dicas na cidade de Piracicaba e regi\u00e3o","og:type":"article","og:title":"Prefeitura de Piracicaba protocola na C\u00e2mara programa de demiss\u00e3o volunt\u00e1ria; entenda projeto | Encontra Piracicaba","og:url":"https:\/\/www.encontrapiracicaba.com.br\/sobre\/prefeitura-de-piracicaba-protocola-na-camara-programa-de-demissao-voluntaria-entenda-projeto\/","article:published_time":"2026-06-11T14:20:30+00:00","article:modified_time":"2026-06-11T14:20:30+00:00","twitter:card":"summary","twitter:title":"Prefeitura de Piracicaba protocola na C\u00e2mara programa de demiss\u00e3o volunt\u00e1ria; entenda projeto | Encontra Piracicaba"},"aioseo_meta_data":{"post_id":"4673","title":null,"description":null,"keywords":null,"keyphrases":null,"primary_term":null,"canonical_url":null,"og_title":null,"og_description":null,"og_object_type":"default","og_image_type":"default","og_image_url":null,"og_image_width":null,"og_image_height":null,"og_image_custom_url":null,"og_image_custom_fields":null,"og_video":null,"og_custom_url":null,"og_article_section":null,"og_article_tags":null,"twitter_use_og":false,"twitter_card":"default","twitter_image_type":"default","twitter_image_url":null,"twitter_image_custom_url":null,"twitter_image_custom_fields":null,"twitter_title":null,"twitter_description":null,"schema":{"blockGraphs":[],"customGraphs":[],"default":{"data":{"Article":[],"Course":[],"Dataset":[],"FAQPage":[],"Movie":[],"Person":[],"Product":[],"ProductReview":[],"Car":[],"Recipe":[],"Service":[],"SoftwareApplication":[],"WebPage":[]},"graphName":"Article","isEnabled":true},"graphs":[]},"schema_type":"default","schema_type_options":null,"pillar_content":false,"robots_default":true,"robots_noindex":false,"robots_noarchive":false,"robots_nosnippet":false,"robots_nofollow":false,"robots_noimageindex":false,"robots_noodp":false,"robots_notranslate":false,"robots_max_snippet":null,"robots_max_videopreview":null,"robots_max_imagepreview":"large","priority":null,"frequency":null,"local_seo":null,"breadcrumb_settings":null,"limit_modified_date":false,"ai":null,"created":"2026-06-11 14:20:39","updated":"2026-06-11 14:29:11","focus_keyword":null,"additional_keywords":null,"truseo_locale":null,"seo_analyzer_scan_date":null},"aioseo_breadcrumb":"<div class=\"aioseo-breadcrumbs\"><span class=\"aioseo-breadcrumb\">\n\t\t\t<a href=\"https:\/\/www.encontrapiracicaba.com.br\/sobre\" title=\"In\u00edcio\">In\u00edcio<\/a>\n\t\t<\/span><span class=\"aioseo-breadcrumb-separator\">&raquo;<\/span><span class=\"aioseo-breadcrumb\">\n\t\t\t<a href=\"https:\/\/www.encontrapiracicaba.com.br\/sobre\/noticias-em-piracicaba\/\" title=\"Not\u00edcias Piracicaba\">Not\u00edcias Piracicaba<\/a>\n\t\t<\/span><span class=\"aioseo-breadcrumb-separator\">&raquo;<\/span><span class=\"aioseo-breadcrumb\">\n\t\t\tPrefeitura de Piracicaba protocola na C\u00e2mara programa de demiss\u00e3o volunt\u00e1ria; entenda projeto\n\t\t<\/span><\/div>","aioseo_breadcrumb_json":[{"label":"In\u00edcio","link":"https:\/\/www.encontrapiracicaba.com.br\/sobre"},{"label":"Not\u00edcias Piracicaba","link":"https:\/\/www.encontrapiracicaba.com.br\/sobre\/noticias-em-piracicaba\/"},{"label":"Prefeitura de Piracicaba protocola na C\u00e2mara programa de demiss\u00e3o volunt\u00e1ria; entenda projeto","link":"https:\/\/www.encontrapiracicaba.com.br\/sobre\/prefeitura-de-piracicaba-protocola-na-camara-programa-de-demissao-voluntaria-entenda-projeto\/"}],"_links":{"self":[{"href":"https:\/\/www.encontrapiracicaba.com.br\/sobre\/wp-json\/wp\/v2\/posts\/4673","targetHints":{"allow":["GET"]}}],"collection":[{"href":"https:\/\/www.encontrapiracicaba.com.br\/sobre\/wp-json\/wp\/v2\/posts"}],"about":[{"href":"https:\/\/www.encontrapiracicaba.com.br\/sobre\/wp-json\/wp\/v2\/types\/post"}],"author":[{"embeddable":true,"href":"https:\/\/www.encontrapiracicaba.com.br\/sobre\/wp-json\/wp\/v2\/users\/1"}],"replies":[{"embeddable":true,"href":"https:\/\/www.encontrapiracicaba.com.br\/sobre\/wp-json\/wp\/v2\/comments?post=4673"}],"version-history":[{"count":0,"href":"https:\/\/www.encontrapiracicaba.com.br\/sobre\/wp-json\/wp\/v2\/posts\/4673\/revisions"}],"wp:featuredmedia":[{"embeddable":true,"href":"https:\/\/www.encontrapiracicaba.com.br\/sobre\/wp-json\/wp\/v2\/media\/4672"}],"wp:attachment":[{"href":"https:\/\/www.encontrapiracicaba.com.br\/sobre\/wp-json\/wp\/v2\/media?parent=4673"}],"wp:term":[{"taxonomy":"category","embeddable":true,"href":"https:\/\/www.encontrapiracicaba.com.br\/sobre\/wp-json\/wp\/v2\/categories?post=4673"},{"taxonomy":"post_tag","embeddable":true,"href":"https:\/\/www.encontrapiracicaba.com.br\/sobre\/wp-json\/wp\/v2\/tags?post=4673"}],"curies":[{"name":"wp","href":"https:\/\/api.w.org\/{rel}","templated":true}]}}