{"id":4677,"date":"2026-06-12T11:43:31","date_gmt":"2026-06-12T14:43:31","guid":{"rendered":"https:\/\/www.encontrapiracicaba.com.br\/sobre\/camara-aprova-concessao-de-medalha-de-merito-a-ex\/"},"modified":"2026-06-12T11:43:31","modified_gmt":"2026-06-12T14:43:31","slug":"camara-aprova-concessao-de-medalha-de-merito-a-ex","status":"publish","type":"post","link":"https:\/\/www.encontrapiracicaba.com.br\/sobre\/camara-aprova-concessao-de-medalha-de-merito-a-ex\/","title":{"rendered":"C\u00e2mara aprova concess\u00e3o de Medalha de M\u00e9rito a ex"},"content":{"rendered":"<div class=\"85df007ed5c0c4d4b453fd13a37855e8\" data-index=\"1\" style=\"float: none; margin:0px;\">\n<!-- Anuncio display - global -->\r\n<ins class=\"adsbygoogle\"\r\n     style=\"display:block\"\r\n     data-ad-client=\"ca-pub-8585364105181520\"\r\n     data-ad-slot=\"8789329856\"\r\n     data-ad-format=\"auto\"\r\n     data-full-width-responsive=\"true\"><\/ins>\r\n<script>\r\n     (adsbygoogle = window.adsbygoogle || []).push({});\r\n<\/script>\n<\/div>\n<h2>Hist\u00f3ria da Medalha de M\u00e9rito Legislativo<\/h2>\n<p>A Medalha de M\u00e9rito Legislativo \u00e9 uma express\u00e3o de reconhecimento conferida a indiv\u00edduos que se destacaram em suas contribui\u00e7\u00f5es ao munic\u00edpio de Piracicaba. Este pr\u00eamio reconhece a dedica\u00e7\u00e3o e os servi\u00e7os prestados \u00e0 comunidade, celebrando suas trajet\u00f3rias e legados que impactaram positivamente a sociedade. Desde a sua cria\u00e7\u00e3o, a medalha tem sido uma forma de honrar aqueles que se empenharam em prol do bem-estar e desenvolvimento da cidade.<\/p>\n<h2>Contribui\u00e7\u00f5es de Vanderlei Dion\u00edsio para Piracicaba<\/h2>\n<p>Vanderlei Dion\u00edsio \u00e9 um nome que ressoa fortemente na hist\u00f3ria pol\u00edtica de Piracicaba. Ao longo de mais de quatro d\u00e9cadas, sua atua\u00e7\u00e3o foi marcada por v\u00e1rias contribui\u00e7\u00f5es significativas, que v\u00e3o desde a elabora\u00e7\u00e3o de leis at\u00e9 a implementa\u00e7\u00e3o de projetos que beneficiaram a popula\u00e7\u00e3o. Formado em Educa\u00e7\u00e3o F\u00edsica pela Unimep e com especializa\u00e7\u00f5es em Gest\u00e3o P\u00fablica e Planejamento Estrat\u00e9gico, seu conhecimento acad\u00eamico foi essencial para embasar suas a\u00e7\u00f5es e decis\u00f5es durante sua trajet\u00f3ria no legislativo.<\/p>\n<h2>O papel do vereador F\u00e1bio Silva na homenagem<\/h2>\n<p>O vereador F\u00e1bio Silva, do partido Republicanos, teve um papel crucial na propositura da homenagem a Vanderlei Dion\u00edsio. Com a inten\u00e7\u00e3o de valorizar a carreira do ex-vereador, Silva elaborou o Projeto de Decreto Legislativo 13\/2026, que culminou na concess\u00e3o da Medalha de M\u00e9rito Legislativo. Ele destacou a import\u00e2ncia de reconhecer o esfor\u00e7o cont\u00ednuo de Dion\u00edsio em prol da comunidade, enfatizando sua experi\u00eancia e influ\u00eancia ao longo de seus mandatos. A iniciativa de Silva reflete o respeito que a C\u00e2mara Municipal tem por aqueles que dedicaram suas vidas ao servi\u00e7o p\u00fablico.<\/p>\n<p><img decoding=\"async\" src=\"https:\/\/www.encontrapiracicaba.com.br\/sobre\/wp-content\/uploads\/camara-aprova-concessao-de-medalha-de-merito-a-ex.webp\" alt=\"Medalha de M\u00e9rito\" loading=\"lazy\" \/><\/p>\n<h2>Trajet\u00f3ria Pol\u00edtica de Vanderlei Dion\u00edsio<\/h2>\n<p>Vanderlei Dion\u00edsio teve uma carreira pol\u00edtica not\u00e1vel, que incluiu tr\u00eas mandatos como vereador entre 1989 e 2000, e sua presid\u00eancia da C\u00e2mara Municipal entre 1995 e 1996. Durante seu tempo de servi\u00e7o, ele se destacou como relator da Lei Org\u00e2nica do Munic\u00edpio, contribuindo significativamente para a estrutura administrativa e legal da cidade. Al\u00e9m disso, sua atua\u00e7\u00e3o como secret\u00e1rio municipal de Turismo e presidente do Conselho de Desenvolvimento Econ\u00f4mico (Cedecon) ressaltou ainda mais sua capacidade de lideran\u00e7a e compromisso com o desenvolvimento local.<\/p>\n<h2>Reconhecimentos e conquistas de Vanderlei<\/h2>\n<p>A trajet\u00f3ria de Vanderlei Dion\u00edsio \u00e9 marcada por diversas conquistas e reconhecimentos ao longo de sua carreira. Ele n\u00e3o apenas desempenhou fun\u00e7\u00f5es como vereador e presidente da C\u00e2mara, mas tamb\u00e9m se envolveu em v\u00e1rias iniciativas que visavam melhorar a qualidade de vida em Piracicaba. Seu trabalho foi reconhecido por diferentes entidades e institui\u00e7\u00f5es, que valorizam seu empenho em prol do desenvolvimento da cidade e de seus cidad\u00e3os.<\/p>\n<h2>Participa\u00e7\u00e3o ativa em movimentos populares<\/h2>\n<p>Dion\u00edsio tamb\u00e9m \u00e9 reconhecido por sua participa\u00e7\u00e3o ativa em movimentos populares, especialmente na Federa\u00e7\u00e3o das Organiza\u00e7\u00f5es Populares de Piracicaba (FOPOP). Sua atua\u00e7\u00e3o nestas arenas sociais foi vital na promo\u00e7\u00e3o de mudan\u00e7as significativas na sociedade, especialmente nas lutas por melhores condi\u00e7\u00f5es de vida e direitos sociais. Ele se destacou na defesa da redemocratiza\u00e7\u00e3o do Brasil e em campanhas eleitorais para cargos como deputado estadual e prefeito, tentando trazer a voz do povo para o centro das decis\u00f5es pol\u00edticas.<\/p>\n<h2>Import\u00e2ncia da presid\u00eancia da C\u00e2mara em 1995-1996<\/h2>\n<p>A presid\u00eancia da C\u00e2mara Municipal de Piracicaba durante o bi\u00eanio de 1995-1996 foi um per\u00edodo marcante para Vanderlei Dion\u00edsio. Sob sua lideran\u00e7a, a C\u00e2mara n\u00e3o apenas se destacou pela produtividade nas delibera\u00e7\u00f5es legislativas, mas tamb\u00e9m porque ele guiou os vereadores atrav\u00e9s de momentos cr\u00edticos, propondo um ambiente de colabora\u00e7\u00e3o e respeito m\u00fatuo. Essa din\u00e2mica propiciou um espa\u00e7o f\u00e9rtil para debates construtivos e o avan\u00e7o de propostas em benef\u00edcio da comunidade.<\/p>\n<h2>Declara\u00e7\u00f5es de apoio dos colegas vereadores<\/h2>\n<p>Os colegas vereadores manifestaram apoio unanime \u00e0 proposta de homenagem, destacando a relev\u00e2ncia da trajet\u00f3ria pol\u00edtica de Vanderlei. A vereadora Rai de Almeida, por exemplo, enfatizou a conviv\u00eancia pol\u00edtica frut\u00edfera com Dion\u00edsio, mencionando a import\u00e2ncia de sua atua\u00e7\u00e3o em movimentos populares das d\u00e9cadas de 1980 e 1990. Outras falas de apoio ressaltaram a habilidade de Vanderlei em articular interesses sociais e pol\u00edticos, construindo pontes entre diversas comunidades em Piracicaba.<\/p>\n<h2>Vanderlei Dion\u00edsio: um legado de servi\u00e7o p\u00fablico<\/h2>\n<p>O legado deixado por Vanderlei Dion\u00edsio \u00e9 indiscut\u00edvel. Sua contribui\u00e7\u00e3o vai al\u00e9m de suas fun\u00e7\u00f5es legislativas; ele tamb\u00e9m inspirou gera\u00e7\u00f5es de jovens pol\u00edticos a se envolverem ativamente na vida p\u00fablica. Seu compromisso com o bem-estar do povo piracicabano e sua capacidade de ouvir e mobilizar a comunidade s\u00e3o aspectos que o destacam como uma figura central na hist\u00f3ria local, fazendo dele uma refer\u00eancia no servi\u00e7o p\u00fablico.<\/p>\n<h2>O futuro do legislativo ap\u00f3s esta homenagem<\/h2>\n<p>A concess\u00e3o da Medalha de M\u00e9rito Legislativo a Vanderlei Dion\u00edsio sinaliza um tempo de reflex\u00e3o para a C\u00e2mara Municipal de Piracicaba. Este reconhecimento n\u00e3o apenas homenageia um homem que dedicou sua vida \u00e0s causas p\u00fablicas, mas tamb\u00e9m serve como um lembrete da import\u00e2ncia do servi\u00e7o p\u00fablico comprometido e \u00e9tico. \u00c0 medida que o legislativo avan\u00e7a, a narrativa de homenagem e reconhecimento pode motivar outros a seguir os passos de Vanderlei, fomentando uma cultura de engajamento civil e de participa\u00e7\u00e3o pol\u00edtica ativa na sociedade.<\/p>\n\n<div style=\"font-size: 0px; height: 0px; line-height: 0px; margin: 0; padding: 0; clear: both;\"><\/div>","protected":false},"excerpt":{"rendered":"<p>Medalha de M\u00e9rito \u00e9 concedida a Vanderlei Dion\u00edsio, reconhecimento por sua trajet\u00f3ria p\u00fablica.<\/p>\n","protected":false},"author":1,"featured_media":4676,"comment_status":"closed","ping_status":"closed","sticky":false,"template":"","format":"standard","meta":{"footnotes":""},"categories":[6],"tags":[],"class_list":["post-4677","post","type-post","status-publish","format-standard","has-post-thumbnail","hentry","category-noticias-em-piracicaba","has_thumb"],"aioseo_notices":[],"aioseo_head":"\n\t\t<!-- All in One SEO 5.0.0.1 - aioseo.com -->\n\t<meta name=\"robots\" content=\"max-image-preview:large\" \/>\n\t<meta name=\"author\" content=\"Encontra Piracicaba\"\/>\n\t<link rel=\"canonical\" href=\"https:\/\/www.encontrapiracicaba.com.br\/sobre\/camara-aprova-concessao-de-medalha-de-merito-a-ex\/\" \/>\n\t<meta name=\"generator\" content=\"All in One SEO (AIOSEO) 5.0.0.1\" \/>\n\t\t<meta property=\"og:locale\" content=\"pt_BR\" \/>\n\t\t<meta property=\"og:site_name\" content=\"Encontra Piracicaba | Not\u00edcias, eventos, informa\u00e7\u00f5es e dicas na cidade de Piracicaba e regi\u00e3o\" \/>\n\t\t<meta property=\"og:type\" content=\"article\" \/>\n\t\t<meta property=\"og:title\" content=\"C\u00e2mara aprova concess\u00e3o de Medalha de M\u00e9rito a ex | Encontra Piracicaba\" \/>\n\t\t<meta property=\"og:url\" content=\"https:\/\/www.encontrapiracicaba.com.br\/sobre\/camara-aprova-concessao-de-medalha-de-merito-a-ex\/\" \/>\n\t\t<meta property=\"article:published_time\" content=\"2026-06-12T14:43:31+00:00\" \/>\n\t\t<meta property=\"article:modified_time\" content=\"2026-06-12T14:43:31+00:00\" \/>\n\t\t<meta name=\"twitter:card\" content=\"summary\" \/>\n\t\t<meta name=\"twitter:title\" content=\"C\u00e2mara aprova concess\u00e3o de Medalha de M\u00e9rito a ex | Encontra Piracicaba\" \/>\n\t\t<script type=\"application\/ld+json\" class=\"aioseo-schema\">\n\t\t\t{\"@context\":\"https:\\\/\\\/schema.org\",\"@graph\":[{\"@type\":\"Article\",\"@id\":\"https:\\\/\\\/www.encontrapiracicaba.com.br\\\/sobre\\\/camara-aprova-concessao-de-medalha-de-merito-a-ex\\\/#article\",\"name\":\"C\\u00e2mara aprova concess\\u00e3o de Medalha de M\\u00e9rito a ex | Encontra Piracicaba\",\"headline\":\"C\\u00e2mara aprova concess\\u00e3o de Medalha de M\\u00e9rito a ex\",\"author\":{\"@id\":\"https:\\\/\\\/www.encontrapiracicaba.com.br\\\/sobre\\\/author\\\/epiracicaba\\\/#author\"},\"publisher\":{\"@id\":\"https:\\\/\\\/www.encontrapiracicaba.com.br\\\/sobre\\\/#organization\"},\"image\":{\"@type\":\"ImageObject\",\"url\":\"https:\\\/\\\/www.encontrapiracicaba.com.br\\\/sobre\\\/wp-content\\\/uploads\\\/camara-aprova-concessao-de-medalha-de-merito-a-ex.webp\",\"width\":280,\"height\":280,\"caption\":\"Medalha de M\\u00e9rito\"},\"datePublished\":\"2026-06-12T11:43:31-03:00\",\"dateModified\":\"2026-06-12T11:43:31-03:00\",\"inLanguage\":\"pt-BR\",\"mainEntityOfPage\":{\"@id\":\"https:\\\/\\\/www.encontrapiracicaba.com.br\\\/sobre\\\/camara-aprova-concessao-de-medalha-de-merito-a-ex\\\/#webpage\"},\"isPartOf\":{\"@id\":\"https:\\\/\\\/www.encontrapiracicaba.com.br\\\/sobre\\\/camara-aprova-concessao-de-medalha-de-merito-a-ex\\\/#webpage\"},\"articleSection\":\"Not\\u00edcias Piracicaba\"},{\"@type\":\"BreadcrumbList\",\"@id\":\"https:\\\/\\\/www.encontrapiracicaba.com.br\\\/sobre\\\/camara-aprova-concessao-de-medalha-de-merito-a-ex\\\/#breadcrumblist\",\"itemListElement\":[{\"@type\":\"ListItem\",\"@id\":\"https:\\\/\\\/www.encontrapiracicaba.com.br\\\/sobre#listItem\",\"position\":1,\"name\":\"In\\u00edcio\",\"item\":\"https:\\\/\\\/www.encontrapiracicaba.com.br\\\/sobre\",\"nextItem\":{\"@type\":\"ListItem\",\"@id\":\"https:\\\/\\\/www.encontrapiracicaba.com.br\\\/sobre\\\/noticias-em-piracicaba\\\/#listItem\",\"name\":\"Not\\u00edcias Piracicaba\"}},{\"@type\":\"ListItem\",\"@id\":\"https:\\\/\\\/www.encontrapiracicaba.com.br\\\/sobre\\\/noticias-em-piracicaba\\\/#listItem\",\"position\":2,\"name\":\"Not\\u00edcias Piracicaba\",\"item\":\"https:\\\/\\\/www.encontrapiracicaba.com.br\\\/sobre\\\/noticias-em-piracicaba\\\/\",\"nextItem\":{\"@type\":\"ListItem\",\"@id\":\"https:\\\/\\\/www.encontrapiracicaba.com.br\\\/sobre\\\/camara-aprova-concessao-de-medalha-de-merito-a-ex\\\/#listItem\",\"name\":\"C\\u00e2mara aprova concess\\u00e3o de Medalha de M\\u00e9rito a ex\"},\"previousItem\":{\"@type\":\"ListItem\",\"@id\":\"https:\\\/\\\/www.encontrapiracicaba.com.br\\\/sobre#listItem\",\"name\":\"In\\u00edcio\"}},{\"@type\":\"ListItem\",\"@id\":\"https:\\\/\\\/www.encontrapiracicaba.com.br\\\/sobre\\\/camara-aprova-concessao-de-medalha-de-merito-a-ex\\\/#listItem\",\"position\":3,\"name\":\"C\\u00e2mara aprova concess\\u00e3o de Medalha de M\\u00e9rito a ex\",\"previousItem\":{\"@type\":\"ListItem\",\"@id\":\"https:\\\/\\\/www.encontrapiracicaba.com.br\\\/sobre\\\/noticias-em-piracicaba\\\/#listItem\",\"name\":\"Not\\u00edcias Piracicaba\"}}]},{\"@type\":\"Organization\",\"@id\":\"https:\\\/\\\/www.encontrapiracicaba.com.br\\\/sobre\\\/#organization\",\"name\":\"Encontra Piracicaba\",\"description\":\"Not\\u00edcias, eventos, informa\\u00e7\\u00f5es e dicas na cidade de Piracicaba e regi\\u00e3o\",\"url\":\"https:\\\/\\\/www.encontrapiracicaba.com.br\\\/sobre\\\/\"},{\"@type\":\"Person\",\"@id\":\"https:\\\/\\\/www.encontrapiracicaba.com.br\\\/sobre\\\/author\\\/epiracicaba\\\/#author\",\"url\":\"https:\\\/\\\/www.encontrapiracicaba.com.br\\\/sobre\\\/author\\\/epiracicaba\\\/\",\"name\":\"Encontra Piracicaba\",\"image\":{\"@type\":\"ImageObject\",\"@id\":\"https:\\\/\\\/www.encontrapiracicaba.com.br\\\/sobre\\\/camara-aprova-concessao-de-medalha-de-merito-a-ex\\\/#authorImage\",\"url\":\"https:\\\/\\\/secure.gravatar.com\\\/avatar\\\/507340682b8270222e1f208e23198b6ae7e2c6a1033ae84e99bc6bce4f82a387?s=96&d=mm&r=g\",\"width\":96,\"height\":96,\"caption\":\"Encontra Piracicaba\"}},{\"@type\":\"WebPage\",\"@id\":\"https:\\\/\\\/www.encontrapiracicaba.com.br\\\/sobre\\\/camara-aprova-concessao-de-medalha-de-merito-a-ex\\\/#webpage\",\"url\":\"https:\\\/\\\/www.encontrapiracicaba.com.br\\\/sobre\\\/camara-aprova-concessao-de-medalha-de-merito-a-ex\\\/\",\"name\":\"C\\u00e2mara aprova concess\\u00e3o de Medalha de M\\u00e9rito a ex | Encontra Piracicaba\",\"inLanguage\":\"pt-BR\",\"isPartOf\":{\"@id\":\"https:\\\/\\\/www.encontrapiracicaba.com.br\\\/sobre\\\/#website\"},\"breadcrumb\":{\"@id\":\"https:\\\/\\\/www.encontrapiracicaba.com.br\\\/sobre\\\/camara-aprova-concessao-de-medalha-de-merito-a-ex\\\/#breadcrumblist\"},\"author\":{\"@id\":\"https:\\\/\\\/www.encontrapiracicaba.com.br\\\/sobre\\\/author\\\/epiracicaba\\\/#author\"},\"creator\":{\"@id\":\"https:\\\/\\\/www.encontrapiracicaba.com.br\\\/sobre\\\/author\\\/epiracicaba\\\/#author\"},\"image\":{\"@type\":\"ImageObject\",\"url\":\"https:\\\/\\\/www.encontrapiracicaba.com.br\\\/sobre\\\/wp-content\\\/uploads\\\/camara-aprova-concessao-de-medalha-de-merito-a-ex.webp\",\"@id\":\"https:\\\/\\\/www.encontrapiracicaba.com.br\\\/sobre\\\/camara-aprova-concessao-de-medalha-de-merito-a-ex\\\/#mainImage\",\"width\":280,\"height\":280,\"caption\":\"Medalha de M\\u00e9rito\"},\"primaryImageOfPage\":{\"@id\":\"https:\\\/\\\/www.encontrapiracicaba.com.br\\\/sobre\\\/camara-aprova-concessao-de-medalha-de-merito-a-ex\\\/#mainImage\"},\"datePublished\":\"2026-06-12T11:43:31-03:00\",\"dateModified\":\"2026-06-12T11:43:31-03:00\"},{\"@type\":\"WebSite\",\"@id\":\"https:\\\/\\\/www.encontrapiracicaba.com.br\\\/sobre\\\/#website\",\"url\":\"https:\\\/\\\/www.encontrapiracicaba.com.br\\\/sobre\\\/\",\"name\":\"Encontra Piracicaba\",\"description\":\"Not\\u00edcias, eventos, informa\\u00e7\\u00f5es e dicas na cidade de Piracicaba e regi\\u00e3o\",\"inLanguage\":\"pt-BR\",\"publisher\":{\"@id\":\"https:\\\/\\\/www.encontrapiracicaba.com.br\\\/sobre\\\/#organization\"}}]}\n\t\t<\/script>\n\t\t<!-- All in One SEO -->\n\n","aioseo_head_json":{"title":"C\u00e2mara aprova concess\u00e3o de Medalha de M\u00e9rito a ex | Encontra Piracicaba","description":"","canonical_url":"https:\/\/www.encontrapiracicaba.com.br\/sobre\/camara-aprova-concessao-de-medalha-de-merito-a-ex\/","robots":"max-image-preview:large","keywords":"","webmasterTools":{"miscellaneous":""},"schema":{"@context":"https:\/\/schema.org","@graph":[{"@type":"Article","@id":"https:\/\/www.encontrapiracicaba.com.br\/sobre\/camara-aprova-concessao-de-medalha-de-merito-a-ex\/#article","name":"C\u00e2mara aprova concess\u00e3o de Medalha de M\u00e9rito a ex | Encontra Piracicaba","headline":"C\u00e2mara aprova concess\u00e3o de Medalha de M\u00e9rito a ex","author":{"@id":"https:\/\/www.encontrapiracicaba.com.br\/sobre\/author\/epiracicaba\/#author"},"publisher":{"@id":"https:\/\/www.encontrapiracicaba.com.br\/sobre\/#organization"},"image":{"@type":"ImageObject","url":"https:\/\/www.encontrapiracicaba.com.br\/sobre\/wp-content\/uploads\/camara-aprova-concessao-de-medalha-de-merito-a-ex.webp","width":280,"height":280,"caption":"Medalha de M\u00e9rito"},"datePublished":"2026-06-12T11:43:31-03:00","dateModified":"2026-06-12T11:43:31-03:00","inLanguage":"pt-BR","mainEntityOfPage":{"@id":"https:\/\/www.encontrapiracicaba.com.br\/sobre\/camara-aprova-concessao-de-medalha-de-merito-a-ex\/#webpage"},"isPartOf":{"@id":"https:\/\/www.encontrapiracicaba.com.br\/sobre\/camara-aprova-concessao-de-medalha-de-merito-a-ex\/#webpage"},"articleSection":"Not\u00edcias Piracicaba"},{"@type":"BreadcrumbList","@id":"https:\/\/www.encontrapiracicaba.com.br\/sobre\/camara-aprova-concessao-de-medalha-de-merito-a-ex\/#breadcrumblist","itemListElement":[{"@type":"ListItem","@id":"https:\/\/www.encontrapiracicaba.com.br\/sobre#listItem","position":1,"name":"In\u00edcio","item":"https:\/\/www.encontrapiracicaba.com.br\/sobre","nextItem":{"@type":"ListItem","@id":"https:\/\/www.encontrapiracicaba.com.br\/sobre\/noticias-em-piracicaba\/#listItem","name":"Not\u00edcias Piracicaba"}},{"@type":"ListItem","@id":"https:\/\/www.encontrapiracicaba.com.br\/sobre\/noticias-em-piracicaba\/#listItem","position":2,"name":"Not\u00edcias Piracicaba","item":"https:\/\/www.encontrapiracicaba.com.br\/sobre\/noticias-em-piracicaba\/","nextItem":{"@type":"ListItem","@id":"https:\/\/www.encontrapiracicaba.com.br\/sobre\/camara-aprova-concessao-de-medalha-de-merito-a-ex\/#listItem","name":"C\u00e2mara aprova concess\u00e3o de Medalha de M\u00e9rito a ex"},"previousItem":{"@type":"ListItem","@id":"https:\/\/www.encontrapiracicaba.com.br\/sobre#listItem","name":"In\u00edcio"}},{"@type":"ListItem","@id":"https:\/\/www.encontrapiracicaba.com.br\/sobre\/camara-aprova-concessao-de-medalha-de-merito-a-ex\/#listItem","position":3,"name":"C\u00e2mara aprova concess\u00e3o de Medalha de M\u00e9rito a ex","previousItem":{"@type":"ListItem","@id":"https:\/\/www.encontrapiracicaba.com.br\/sobre\/noticias-em-piracicaba\/#listItem","name":"Not\u00edcias Piracicaba"}}]},{"@type":"Organization","@id":"https:\/\/www.encontrapiracicaba.com.br\/sobre\/#organization","name":"Encontra Piracicaba","description":"Not\u00edcias, eventos, informa\u00e7\u00f5es e dicas na cidade de Piracicaba e regi\u00e3o","url":"https:\/\/www.encontrapiracicaba.com.br\/sobre\/"},{"@type":"Person","@id":"https:\/\/www.encontrapiracicaba.com.br\/sobre\/author\/epiracicaba\/#author","url":"https:\/\/www.encontrapiracicaba.com.br\/sobre\/author\/epiracicaba\/","name":"Encontra Piracicaba","image":{"@type":"ImageObject","@id":"https:\/\/www.encontrapiracicaba.com.br\/sobre\/camara-aprova-concessao-de-medalha-de-merito-a-ex\/#authorImage","url":"https:\/\/secure.gravatar.com\/avatar\/507340682b8270222e1f208e23198b6ae7e2c6a1033ae84e99bc6bce4f82a387?s=96&d=mm&r=g","width":96,"height":96,"caption":"Encontra Piracicaba"}},{"@type":"WebPage","@id":"https:\/\/www.encontrapiracicaba.com.br\/sobre\/camara-aprova-concessao-de-medalha-de-merito-a-ex\/#webpage","url":"https:\/\/www.encontrapiracicaba.com.br\/sobre\/camara-aprova-concessao-de-medalha-de-merito-a-ex\/","name":"C\u00e2mara aprova concess\u00e3o de Medalha de M\u00e9rito a ex | Encontra Piracicaba","inLanguage":"pt-BR","isPartOf":{"@id":"https:\/\/www.encontrapiracicaba.com.br\/sobre\/#website"},"breadcrumb":{"@id":"https:\/\/www.encontrapiracicaba.com.br\/sobre\/camara-aprova-concessao-de-medalha-de-merito-a-ex\/#breadcrumblist"},"author":{"@id":"https:\/\/www.encontrapiracicaba.com.br\/sobre\/author\/epiracicaba\/#author"},"creator":{"@id":"https:\/\/www.encontrapiracicaba.com.br\/sobre\/author\/epiracicaba\/#author"},"image":{"@type":"ImageObject","url":"https:\/\/www.encontrapiracicaba.com.br\/sobre\/wp-content\/uploads\/camara-aprova-concessao-de-medalha-de-merito-a-ex.webp","@id":"https:\/\/www.encontrapiracicaba.com.br\/sobre\/camara-aprova-concessao-de-medalha-de-merito-a-ex\/#mainImage","width":280,"height":280,"caption":"Medalha de M\u00e9rito"},"primaryImageOfPage":{"@id":"https:\/\/www.encontrapiracicaba.com.br\/sobre\/camara-aprova-concessao-de-medalha-de-merito-a-ex\/#mainImage"},"datePublished":"2026-06-12T11:43:31-03:00","dateModified":"2026-06-12T11:43:31-03:00"},{"@type":"WebSite","@id":"https:\/\/www.encontrapiracicaba.com.br\/sobre\/#website","url":"https:\/\/www.encontrapiracicaba.com.br\/sobre\/","name":"Encontra Piracicaba","description":"Not\u00edcias, eventos, informa\u00e7\u00f5es e dicas na cidade de Piracicaba e regi\u00e3o","inLanguage":"pt-BR","publisher":{"@id":"https:\/\/www.encontrapiracicaba.com.br\/sobre\/#organization"}}]},"og:locale":"pt_BR","og:site_name":"Encontra Piracicaba | Not\u00edcias, eventos, informa\u00e7\u00f5es e dicas na cidade de Piracicaba e regi\u00e3o","og:type":"article","og:title":"C\u00e2mara aprova concess\u00e3o de Medalha de M\u00e9rito a ex | Encontra Piracicaba","og:url":"https:\/\/www.encontrapiracicaba.com.br\/sobre\/camara-aprova-concessao-de-medalha-de-merito-a-ex\/","article:published_time":"2026-06-12T14:43:31+00:00","article:modified_time":"2026-06-12T14:43:31+00:00","twitter:card":"summary","twitter:title":"C\u00e2mara aprova concess\u00e3o de Medalha de M\u00e9rito a ex | Encontra Piracicaba"},"aioseo_meta_data":{"post_id":"4677","title":null,"description":null,"keywords":null,"keyphrases":null,"primary_term":null,"canonical_url":null,"og_title":null,"og_description":null,"og_object_type":"default","og_image_type":"default","og_image_url":null,"og_image_width":null,"og_image_height":null,"og_image_custom_url":null,"og_image_custom_fields":null,"og_video":null,"og_custom_url":null,"og_article_section":null,"og_article_tags":null,"twitter_use_og":false,"twitter_card":"default","twitter_image_type":"default","twitter_image_url":null,"twitter_image_custom_url":null,"twitter_image_custom_fields":null,"twitter_title":null,"twitter_description":null,"schema":{"blockGraphs":[],"customGraphs":[],"default":{"data":{"Article":[],"Course":[],"Dataset":[],"FAQPage":[],"Movie":[],"Person":[],"Product":[],"ProductReview":[],"Car":[],"Recipe":[],"Service":[],"SoftwareApplication":[],"WebPage":[]},"graphName":"Article","isEnabled":true},"graphs":[]},"schema_type":"default","schema_type_options":null,"pillar_content":false,"robots_default":true,"robots_noindex":false,"robots_noarchive":false,"robots_nosnippet":false,"robots_nofollow":false,"robots_noimageindex":false,"robots_noodp":false,"robots_notranslate":false,"robots_max_snippet":null,"robots_max_videopreview":null,"robots_max_imagepreview":"large","priority":null,"frequency":null,"local_seo":null,"breadcrumb_settings":null,"limit_modified_date":false,"ai":null,"created":"2026-06-12 14:43:39","updated":"2026-06-12 15:00:17","focus_keyword":null,"additional_keywords":null,"truseo_locale":null,"seo_analyzer_scan_date":null},"aioseo_breadcrumb":"<div class=\"aioseo-breadcrumbs\"><span class=\"aioseo-breadcrumb\">\n\t\t\t<a href=\"https:\/\/www.encontrapiracicaba.com.br\/sobre\" title=\"In\u00edcio\">In\u00edcio<\/a>\n\t\t<\/span><span class=\"aioseo-breadcrumb-separator\">&raquo;<\/span><span class=\"aioseo-breadcrumb\">\n\t\t\t<a href=\"https:\/\/www.encontrapiracicaba.com.br\/sobre\/noticias-em-piracicaba\/\" title=\"Not\u00edcias Piracicaba\">Not\u00edcias Piracicaba<\/a>\n\t\t<\/span><span class=\"aioseo-breadcrumb-separator\">&raquo;<\/span><span class=\"aioseo-breadcrumb\">\n\t\t\tC\u00e2mara aprova concess\u00e3o de Medalha de M\u00e9rito a ex\n\t\t<\/span><\/div>","aioseo_breadcrumb_json":[{"label":"In\u00edcio","link":"https:\/\/www.encontrapiracicaba.com.br\/sobre"},{"label":"Not\u00edcias Piracicaba","link":"https:\/\/www.encontrapiracicaba.com.br\/sobre\/noticias-em-piracicaba\/"},{"label":"C\u00e2mara aprova concess\u00e3o de Medalha de M\u00e9rito a ex","link":"https:\/\/www.encontrapiracicaba.com.br\/sobre\/camara-aprova-concessao-de-medalha-de-merito-a-ex\/"}],"_links":{"self":[{"href":"https:\/\/www.encontrapiracicaba.com.br\/sobre\/wp-json\/wp\/v2\/posts\/4677","targetHints":{"allow":["GET"]}}],"collection":[{"href":"https:\/\/www.encontrapiracicaba.com.br\/sobre\/wp-json\/wp\/v2\/posts"}],"about":[{"href":"https:\/\/www.encontrapiracicaba.com.br\/sobre\/wp-json\/wp\/v2\/types\/post"}],"author":[{"embeddable":true,"href":"https:\/\/www.encontrapiracicaba.com.br\/sobre\/wp-json\/wp\/v2\/users\/1"}],"replies":[{"embeddable":true,"href":"https:\/\/www.encontrapiracicaba.com.br\/sobre\/wp-json\/wp\/v2\/comments?post=4677"}],"version-history":[{"count":0,"href":"https:\/\/www.encontrapiracicaba.com.br\/sobre\/wp-json\/wp\/v2\/posts\/4677\/revisions"}],"wp:featuredmedia":[{"embeddable":true,"href":"https:\/\/www.encontrapiracicaba.com.br\/sobre\/wp-json\/wp\/v2\/media\/4676"}],"wp:attachment":[{"href":"https:\/\/www.encontrapiracicaba.com.br\/sobre\/wp-json\/wp\/v2\/media?parent=4677"}],"wp:term":[{"taxonomy":"category","embeddable":true,"href":"https:\/\/www.encontrapiracicaba.com.br\/sobre\/wp-json\/wp\/v2\/categories?post=4677"},{"taxonomy":"post_tag","embeddable":true,"href":"https:\/\/www.encontrapiracicaba.com.br\/sobre\/wp-json\/wp\/v2\/tags?post=4677"}],"curies":[{"name":"wp","href":"https:\/\/api.w.org\/{rel}","templated":true}]}}