{"id":4679,"date":"2026-06-12T11:46:38","date_gmt":"2026-06-12T14:46:38","guid":{"rendered":"https:\/\/www.encontrapiracicaba.com.br\/sobre\/solenidade-homenageia-profissionais-de-recursos-humanos-em-piracicaba\/"},"modified":"2026-06-12T11:46:38","modified_gmt":"2026-06-12T14:46:38","slug":"solenidade-homenageia-profissionais-de-recursos-humanos-em-piracicaba","status":"publish","type":"post","link":"https:\/\/www.encontrapiracicaba.com.br\/sobre\/solenidade-homenageia-profissionais-de-recursos-humanos-em-piracicaba\/","title":{"rendered":"Solenidade homenageia profissionais de Recursos Humanos em Piracicaba"},"content":{"rendered":"<div class=\"85df007ed5c0c4d4b453fd13a37855e8\" data-index=\"1\" style=\"float: none; margin:0px;\">\n<!-- Anuncio display - global -->\r\n<ins class=\"adsbygoogle\"\r\n     style=\"display:block\"\r\n     data-ad-client=\"ca-pub-8585364105181520\"\r\n     data-ad-slot=\"8789329856\"\r\n     data-ad-format=\"auto\"\r\n     data-full-width-responsive=\"true\"><\/ins>\r\n<script>\r\n     (adsbygoogle = window.adsbygoogle || []).push({});\r\n<\/script>\n<\/div>\n<h2>Reconhecimento dos Profissionais de RH<\/h2>\n<p>Foi realizada uma cerim\u00f4nia dedicada a prestar homenagem aos especialistas em Recursos Humanos no <strong>Sal\u00e3o Nobre &#8220;Helly de Campos Melges&#8221;<\/strong>, na C\u00e2mara Municipal de Piracicaba. Este evento foi parte das celebra\u00e7\u00f5es da Semana do Profissional de Recursos Humanos e originou-se a partir do <strong>Decreto Legislativo 69\/2025<\/strong>, uma proposta apresentada pelo vereador <strong>Andr\u00e9 Bandeira (PSDB)<\/strong>.<\/p>\n<h2>A import\u00e2ncia do RH nas organiza\u00e7\u00f5es<\/h2>\n<p>Os profissionais de Recursos Humanos desempenham um papel fundamental na estrutura organizacional. Eles s\u00e3o respons\u00e1veis pela gest\u00e3o de talentos, recrutamento, desenvolvimento de habilidades e cria\u00e7\u00e3o de ambientes de trabalho positivos. O <strong>grupo de trabalho<\/strong> que atua nessa \u00e1rea \u00e9, frequentemente, visto como o cora\u00e7\u00e3o das organiza\u00e7\u00f5es, pois \u00e9 atrav\u00e9s desse setor que se promove um espa\u00e7o de trabalho inclusivo, produtivo e inovador.<\/p>\n<h2>Homenagem realizada na C\u00e2mara Municipal<\/h2>\n<p>Durante a cerim\u00f4nia, a mesa de honra foi composta por grandes nomes, incluindo o vereador <strong>Andr\u00e9 Bandeira<\/strong>, que liderou o evento, e representantes de institui\u00e7\u00f5es locais, como <strong>Cl\u00e1udia Pinesi<\/strong>, coordenadora do Grupo de Recursos Humanos do <strong>Simespi<\/strong>, e <strong>Eug\u00eanio Yokoyama<\/strong>, do Pecege. A presen\u00e7a de autoridades e colegas de profiss\u00e3o real\u00e7ou a import\u00e2ncia da ocasi\u00e3o.<\/p>\n<p><img decoding=\"async\" src=\"https:\/\/www.encontrapiracicaba.com.br\/sobre\/wp-content\/uploads\/solenidade-homenageia-profissionais-de-recursos-humanos-em-piracicaba.webp\" alt=\"profissionais de Recursos Humanos\" loading=\"lazy\" \/><\/p>\n<h2>Desenvolvimento humano e gest\u00e3o de pessoas<\/h2>\n<p>A dedica\u00e7\u00e3o dos profissionais de Recursos Humanos vai al\u00e9m do recrutamento. Esses especialistas s\u00e3o respons\u00e1veis pelo desenvolvimento de estrat\u00e9gias que visam aumentar o engajamento dos colaboradores e a reten\u00e7\u00e3o de talentos. Cl\u00e1udia Pinesi enfatizou que &#8220;o trabalho silencioso da equipe de RH molda a cultura da empresa e \u00e9 vital para o desenvolvimento cont\u00ednuo dos colaboradores&#8221;. Seus esfor\u00e7os s\u00e3o essenciais para a cria\u00e7\u00e3o de contextos de trabalho onde todos se sintam valorizados.<\/p>\n<h2>Influ\u00eancia do RH nas empresas modernas<\/h2>\n<p>No cen\u00e1rio empresarial contempor\u00e2neo, as atividades de RH s\u00e3o cada vez mais reconhecidas como parte integrante da estrat\u00e9gia corporativa. Andr\u00e9 Bandeira destacou que o setor ajuda a suprir as necessidades de um mercado de trabalho em constante mudan\u00e7a, promovendo uma conex\u00e3o eficaz entre as empresas e seus colaboradores. O foco est\u00e1 em fortalecer a cultura corporativa e garantir a satisfa\u00e7\u00e3o no ambiente de trabalho.<\/p>\n<h2>O impacto da transforma\u00e7\u00e3o digital no RH<\/h2>\n<p>A transforma\u00e7\u00e3o digital tem gerado mudan\u00e7as significativas nas fun\u00e7\u00f5es tradicionais do RH. A automatiza\u00e7\u00e3o de processos, a utiliza\u00e7\u00e3o de ferramentas digitais para recrutamento e a an\u00e1lise de dados se tornaram essenciais. Apesar do crescimento da <strong>intelig\u00eancia artificial<\/strong>, os humanos ainda s\u00e3o necess\u00e1rios para gerenciar pessoas e promover rela\u00e7\u00f5es interpessoais. O RH deve adaptar suas estrat\u00e9gias para incluir essas novas tecnologias, sem perder o foco no elemento humano.<\/p>\n<h2>A mensagem dos homenageados<\/h2>\n<p>Durante a cerim\u00f4nia, <strong>Juliano Francisco Marcelino<\/strong>, homenageado e gerente de RH da Elring Klinger, subiu \u00e0 tribuna para expressar sua gratid\u00e3o pela homenagem. Ele refletiu sobre como o papel do RH evoluiu ao longo do tempo, passando de um foco meramente administrativo para uma fun\u00e7\u00e3o estrat\u00e9gica que influencia diretamente a transforma\u00e7\u00e3o organizacional. &#8220;As conquistas que hoje consideramos normais, como benef\u00edcios e um ambiente de trabalho respeitoso, s\u00e3o frutos das lutas de profissionais que vieram antes de n\u00f3s&#8221;, declarou.<\/p>\n<h2>A import\u00e2ncia do reconhecimento profissional<\/h2>\n<p>O reconhecimento do trabalho realizado pelos profissionais de Recursos Humanos \u00e9 essencial, n\u00e3o apenas para valorizar suas contribui\u00e7\u00f5es, mas tamb\u00e9m para motiv\u00e1-los a continuar se dedicando a essa profiss\u00e3o. Andr\u00e9 Bandeira reafirmou que essa homenagem \u00e9 um incentivo para que os profissionais do RH continuem a se esfor\u00e7ar na forma\u00e7\u00e3o de equipes e na promo\u00e7\u00e3o de um ambiente positivo dentro das empresas.<\/p>\n<h2>A vis\u00e3o do vereador Andr\u00e9 Bandeira<\/h2>\n<p>O vereador Bantdeira comentou a relev\u00e2ncia do RH num momento de r\u00e1pidas transforma\u00e7\u00f5es. Ele ressaltou que, independentemente dos avan\u00e7os tecnol\u00f3gicos, o fator humano permanece insubstitu\u00edvel. &#8220;O papel do RH \u00e9 crucial: s\u00e3o eles que cuidam do bem-estar das pessoas e ajudam a construir um ambiente organizacional vi\u00e1vel e democr\u00e1tico&#8221;, afirmou, mostrando que a valoriza\u00e7\u00e3o das pessoas deve ser sempre uma prioridade.<\/p>\n<h2>Os desafios enfrentados pelos profissionais de RH<\/h2>\n<p>Os desafios enfrentados por profissionais da \u00e1rea est\u00e3o em constante evolu\u00e7\u00e3o, tendo em vista as novas exig\u00eancias do mercado de trabalho. Quest\u00f5es como diversidade, inclus\u00e3o, sa\u00fade mental e a adapta\u00e7\u00e3o \u00e0s novas tecnologias requerem solu\u00e7\u00f5es inovadoras por parte dos especialistas em RH. Contudo, eles t\u00eam se mostrado resilientes e dispostos a adaptar suas pr\u00e1ticas para atender a essas novas demandas.<\/p>\n<p>Assim, o evento que homenageou os profissionais de Recursos Humanos em Piracicaba n\u00e3o s\u00f3 reconheceu suas contribui\u00e7\u00f5es, mas tamb\u00e9m serviu como um lembrete da import\u00e2ncia de sua atua\u00e7\u00e3o no presente e futuro das organiza\u00e7\u00f5es.<\/p>\n\n<div style=\"font-size: 0px; height: 0px; line-height: 0px; margin: 0; padding: 0; clear: both;\"><\/div>","protected":false},"excerpt":{"rendered":"<p>Homenagem aos profissionais de Recursos Humanos, um reconhecimento necess\u00e1rio e valioso.<\/p>\n","protected":false},"author":1,"featured_media":4678,"comment_status":"closed","ping_status":"closed","sticky":false,"template":"","format":"standard","meta":{"footnotes":""},"categories":[6],"tags":[],"class_list":["post-4679","post","type-post","status-publish","format-standard","has-post-thumbnail","hentry","category-noticias-em-piracicaba","has_thumb"],"aioseo_notices":[],"aioseo_head":"\n\t\t<!-- All in One SEO 5.0.0.1 - aioseo.com -->\n\t<meta name=\"robots\" content=\"max-image-preview:large\" \/>\n\t<meta name=\"author\" content=\"Encontra Piracicaba\"\/>\n\t<link rel=\"canonical\" href=\"https:\/\/www.encontrapiracicaba.com.br\/sobre\/solenidade-homenageia-profissionais-de-recursos-humanos-em-piracicaba\/\" \/>\n\t<meta name=\"generator\" content=\"All in One SEO (AIOSEO) 5.0.0.1\" \/>\n\t\t<meta property=\"og:locale\" content=\"pt_BR\" \/>\n\t\t<meta property=\"og:site_name\" content=\"Encontra Piracicaba | Not\u00edcias, eventos, informa\u00e7\u00f5es e dicas na cidade de Piracicaba e regi\u00e3o\" \/>\n\t\t<meta property=\"og:type\" content=\"article\" \/>\n\t\t<meta property=\"og:title\" content=\"Solenidade homenageia profissionais de Recursos Humanos em Piracicaba | Encontra Piracicaba\" \/>\n\t\t<meta property=\"og:url\" content=\"https:\/\/www.encontrapiracicaba.com.br\/sobre\/solenidade-homenageia-profissionais-de-recursos-humanos-em-piracicaba\/\" \/>\n\t\t<meta property=\"article:published_time\" content=\"2026-06-12T14:46:38+00:00\" \/>\n\t\t<meta property=\"article:modified_time\" content=\"2026-06-12T14:46:38+00:00\" \/>\n\t\t<meta name=\"twitter:card\" content=\"summary\" \/>\n\t\t<meta name=\"twitter:title\" content=\"Solenidade homenageia profissionais de Recursos Humanos em Piracicaba | Encontra Piracicaba\" \/>\n\t\t<script type=\"application\/ld+json\" class=\"aioseo-schema\">\n\t\t\t{\"@context\":\"https:\\\/\\\/schema.org\",\"@graph\":[{\"@type\":\"Article\",\"@id\":\"https:\\\/\\\/www.encontrapiracicaba.com.br\\\/sobre\\\/solenidade-homenageia-profissionais-de-recursos-humanos-em-piracicaba\\\/#article\",\"name\":\"Solenidade homenageia profissionais de Recursos Humanos em Piracicaba | Encontra Piracicaba\",\"headline\":\"Solenidade homenageia profissionais de Recursos Humanos em Piracicaba\",\"author\":{\"@id\":\"https:\\\/\\\/www.encontrapiracicaba.com.br\\\/sobre\\\/author\\\/epiracicaba\\\/#author\"},\"publisher\":{\"@id\":\"https:\\\/\\\/www.encontrapiracicaba.com.br\\\/sobre\\\/#organization\"},\"image\":{\"@type\":\"ImageObject\",\"url\":\"https:\\\/\\\/www.encontrapiracicaba.com.br\\\/sobre\\\/wp-content\\\/uploads\\\/solenidade-homenageia-profissionais-de-recursos-humanos-em-piracicaba.webp\",\"width\":280,\"height\":280,\"caption\":\"profissionais de Recursos Humanos\"},\"datePublished\":\"2026-06-12T11:46:38-03:00\",\"dateModified\":\"2026-06-12T11:46:38-03:00\",\"inLanguage\":\"pt-BR\",\"mainEntityOfPage\":{\"@id\":\"https:\\\/\\\/www.encontrapiracicaba.com.br\\\/sobre\\\/solenidade-homenageia-profissionais-de-recursos-humanos-em-piracicaba\\\/#webpage\"},\"isPartOf\":{\"@id\":\"https:\\\/\\\/www.encontrapiracicaba.com.br\\\/sobre\\\/solenidade-homenageia-profissionais-de-recursos-humanos-em-piracicaba\\\/#webpage\"},\"articleSection\":\"Not\\u00edcias Piracicaba\"},{\"@type\":\"BreadcrumbList\",\"@id\":\"https:\\\/\\\/www.encontrapiracicaba.com.br\\\/sobre\\\/solenidade-homenageia-profissionais-de-recursos-humanos-em-piracicaba\\\/#breadcrumblist\",\"itemListElement\":[{\"@type\":\"ListItem\",\"@id\":\"https:\\\/\\\/www.encontrapiracicaba.com.br\\\/sobre#listItem\",\"position\":1,\"name\":\"In\\u00edcio\",\"item\":\"https:\\\/\\\/www.encontrapiracicaba.com.br\\\/sobre\",\"nextItem\":{\"@type\":\"ListItem\",\"@id\":\"https:\\\/\\\/www.encontrapiracicaba.com.br\\\/sobre\\\/noticias-em-piracicaba\\\/#listItem\",\"name\":\"Not\\u00edcias Piracicaba\"}},{\"@type\":\"ListItem\",\"@id\":\"https:\\\/\\\/www.encontrapiracicaba.com.br\\\/sobre\\\/noticias-em-piracicaba\\\/#listItem\",\"position\":2,\"name\":\"Not\\u00edcias Piracicaba\",\"item\":\"https:\\\/\\\/www.encontrapiracicaba.com.br\\\/sobre\\\/noticias-em-piracicaba\\\/\",\"nextItem\":{\"@type\":\"ListItem\",\"@id\":\"https:\\\/\\\/www.encontrapiracicaba.com.br\\\/sobre\\\/solenidade-homenageia-profissionais-de-recursos-humanos-em-piracicaba\\\/#listItem\",\"name\":\"Solenidade homenageia profissionais de Recursos Humanos em Piracicaba\"},\"previousItem\":{\"@type\":\"ListItem\",\"@id\":\"https:\\\/\\\/www.encontrapiracicaba.com.br\\\/sobre#listItem\",\"name\":\"In\\u00edcio\"}},{\"@type\":\"ListItem\",\"@id\":\"https:\\\/\\\/www.encontrapiracicaba.com.br\\\/sobre\\\/solenidade-homenageia-profissionais-de-recursos-humanos-em-piracicaba\\\/#listItem\",\"position\":3,\"name\":\"Solenidade homenageia profissionais de Recursos Humanos em Piracicaba\",\"previousItem\":{\"@type\":\"ListItem\",\"@id\":\"https:\\\/\\\/www.encontrapiracicaba.com.br\\\/sobre\\\/noticias-em-piracicaba\\\/#listItem\",\"name\":\"Not\\u00edcias Piracicaba\"}}]},{\"@type\":\"Organization\",\"@id\":\"https:\\\/\\\/www.encontrapiracicaba.com.br\\\/sobre\\\/#organization\",\"name\":\"Encontra Piracicaba\",\"description\":\"Not\\u00edcias, eventos, informa\\u00e7\\u00f5es e dicas na cidade de Piracicaba e regi\\u00e3o\",\"url\":\"https:\\\/\\\/www.encontrapiracicaba.com.br\\\/sobre\\\/\"},{\"@type\":\"Person\",\"@id\":\"https:\\\/\\\/www.encontrapiracicaba.com.br\\\/sobre\\\/author\\\/epiracicaba\\\/#author\",\"url\":\"https:\\\/\\\/www.encontrapiracicaba.com.br\\\/sobre\\\/author\\\/epiracicaba\\\/\",\"name\":\"Encontra Piracicaba\",\"image\":{\"@type\":\"ImageObject\",\"@id\":\"https:\\\/\\\/www.encontrapiracicaba.com.br\\\/sobre\\\/solenidade-homenageia-profissionais-de-recursos-humanos-em-piracicaba\\\/#authorImage\",\"url\":\"https:\\\/\\\/secure.gravatar.com\\\/avatar\\\/507340682b8270222e1f208e23198b6ae7e2c6a1033ae84e99bc6bce4f82a387?s=96&d=mm&r=g\",\"width\":96,\"height\":96,\"caption\":\"Encontra Piracicaba\"}},{\"@type\":\"WebPage\",\"@id\":\"https:\\\/\\\/www.encontrapiracicaba.com.br\\\/sobre\\\/solenidade-homenageia-profissionais-de-recursos-humanos-em-piracicaba\\\/#webpage\",\"url\":\"https:\\\/\\\/www.encontrapiracicaba.com.br\\\/sobre\\\/solenidade-homenageia-profissionais-de-recursos-humanos-em-piracicaba\\\/\",\"name\":\"Solenidade homenageia profissionais de Recursos Humanos em Piracicaba | Encontra Piracicaba\",\"inLanguage\":\"pt-BR\",\"isPartOf\":{\"@id\":\"https:\\\/\\\/www.encontrapiracicaba.com.br\\\/sobre\\\/#website\"},\"breadcrumb\":{\"@id\":\"https:\\\/\\\/www.encontrapiracicaba.com.br\\\/sobre\\\/solenidade-homenageia-profissionais-de-recursos-humanos-em-piracicaba\\\/#breadcrumblist\"},\"author\":{\"@id\":\"https:\\\/\\\/www.encontrapiracicaba.com.br\\\/sobre\\\/author\\\/epiracicaba\\\/#author\"},\"creator\":{\"@id\":\"https:\\\/\\\/www.encontrapiracicaba.com.br\\\/sobre\\\/author\\\/epiracicaba\\\/#author\"},\"image\":{\"@type\":\"ImageObject\",\"url\":\"https:\\\/\\\/www.encontrapiracicaba.com.br\\\/sobre\\\/wp-content\\\/uploads\\\/solenidade-homenageia-profissionais-de-recursos-humanos-em-piracicaba.webp\",\"@id\":\"https:\\\/\\\/www.encontrapiracicaba.com.br\\\/sobre\\\/solenidade-homenageia-profissionais-de-recursos-humanos-em-piracicaba\\\/#mainImage\",\"width\":280,\"height\":280,\"caption\":\"profissionais de Recursos Humanos\"},\"primaryImageOfPage\":{\"@id\":\"https:\\\/\\\/www.encontrapiracicaba.com.br\\\/sobre\\\/solenidade-homenageia-profissionais-de-recursos-humanos-em-piracicaba\\\/#mainImage\"},\"datePublished\":\"2026-06-12T11:46:38-03:00\",\"dateModified\":\"2026-06-12T11:46:38-03:00\"},{\"@type\":\"WebSite\",\"@id\":\"https:\\\/\\\/www.encontrapiracicaba.com.br\\\/sobre\\\/#website\",\"url\":\"https:\\\/\\\/www.encontrapiracicaba.com.br\\\/sobre\\\/\",\"name\":\"Encontra Piracicaba\",\"description\":\"Not\\u00edcias, eventos, informa\\u00e7\\u00f5es e dicas na cidade de Piracicaba e regi\\u00e3o\",\"inLanguage\":\"pt-BR\",\"publisher\":{\"@id\":\"https:\\\/\\\/www.encontrapiracicaba.com.br\\\/sobre\\\/#organization\"}}]}\n\t\t<\/script>\n\t\t<!-- All in One SEO -->\n\n","aioseo_head_json":{"title":"Solenidade homenageia profissionais de Recursos Humanos em Piracicaba | Encontra Piracicaba","description":"","canonical_url":"https:\/\/www.encontrapiracicaba.com.br\/sobre\/solenidade-homenageia-profissionais-de-recursos-humanos-em-piracicaba\/","robots":"max-image-preview:large","keywords":"","webmasterTools":{"miscellaneous":""},"schema":{"@context":"https:\/\/schema.org","@graph":[{"@type":"Article","@id":"https:\/\/www.encontrapiracicaba.com.br\/sobre\/solenidade-homenageia-profissionais-de-recursos-humanos-em-piracicaba\/#article","name":"Solenidade homenageia profissionais de Recursos Humanos em Piracicaba | Encontra Piracicaba","headline":"Solenidade homenageia profissionais de Recursos Humanos em Piracicaba","author":{"@id":"https:\/\/www.encontrapiracicaba.com.br\/sobre\/author\/epiracicaba\/#author"},"publisher":{"@id":"https:\/\/www.encontrapiracicaba.com.br\/sobre\/#organization"},"image":{"@type":"ImageObject","url":"https:\/\/www.encontrapiracicaba.com.br\/sobre\/wp-content\/uploads\/solenidade-homenageia-profissionais-de-recursos-humanos-em-piracicaba.webp","width":280,"height":280,"caption":"profissionais de Recursos Humanos"},"datePublished":"2026-06-12T11:46:38-03:00","dateModified":"2026-06-12T11:46:38-03:00","inLanguage":"pt-BR","mainEntityOfPage":{"@id":"https:\/\/www.encontrapiracicaba.com.br\/sobre\/solenidade-homenageia-profissionais-de-recursos-humanos-em-piracicaba\/#webpage"},"isPartOf":{"@id":"https:\/\/www.encontrapiracicaba.com.br\/sobre\/solenidade-homenageia-profissionais-de-recursos-humanos-em-piracicaba\/#webpage"},"articleSection":"Not\u00edcias Piracicaba"},{"@type":"BreadcrumbList","@id":"https:\/\/www.encontrapiracicaba.com.br\/sobre\/solenidade-homenageia-profissionais-de-recursos-humanos-em-piracicaba\/#breadcrumblist","itemListElement":[{"@type":"ListItem","@id":"https:\/\/www.encontrapiracicaba.com.br\/sobre#listItem","position":1,"name":"In\u00edcio","item":"https:\/\/www.encontrapiracicaba.com.br\/sobre","nextItem":{"@type":"ListItem","@id":"https:\/\/www.encontrapiracicaba.com.br\/sobre\/noticias-em-piracicaba\/#listItem","name":"Not\u00edcias Piracicaba"}},{"@type":"ListItem","@id":"https:\/\/www.encontrapiracicaba.com.br\/sobre\/noticias-em-piracicaba\/#listItem","position":2,"name":"Not\u00edcias Piracicaba","item":"https:\/\/www.encontrapiracicaba.com.br\/sobre\/noticias-em-piracicaba\/","nextItem":{"@type":"ListItem","@id":"https:\/\/www.encontrapiracicaba.com.br\/sobre\/solenidade-homenageia-profissionais-de-recursos-humanos-em-piracicaba\/#listItem","name":"Solenidade homenageia profissionais de Recursos Humanos em Piracicaba"},"previousItem":{"@type":"ListItem","@id":"https:\/\/www.encontrapiracicaba.com.br\/sobre#listItem","name":"In\u00edcio"}},{"@type":"ListItem","@id":"https:\/\/www.encontrapiracicaba.com.br\/sobre\/solenidade-homenageia-profissionais-de-recursos-humanos-em-piracicaba\/#listItem","position":3,"name":"Solenidade homenageia profissionais de Recursos Humanos em Piracicaba","previousItem":{"@type":"ListItem","@id":"https:\/\/www.encontrapiracicaba.com.br\/sobre\/noticias-em-piracicaba\/#listItem","name":"Not\u00edcias Piracicaba"}}]},{"@type":"Organization","@id":"https:\/\/www.encontrapiracicaba.com.br\/sobre\/#organization","name":"Encontra Piracicaba","description":"Not\u00edcias, eventos, informa\u00e7\u00f5es e dicas na cidade de Piracicaba e regi\u00e3o","url":"https:\/\/www.encontrapiracicaba.com.br\/sobre\/"},{"@type":"Person","@id":"https:\/\/www.encontrapiracicaba.com.br\/sobre\/author\/epiracicaba\/#author","url":"https:\/\/www.encontrapiracicaba.com.br\/sobre\/author\/epiracicaba\/","name":"Encontra Piracicaba","image":{"@type":"ImageObject","@id":"https:\/\/www.encontrapiracicaba.com.br\/sobre\/solenidade-homenageia-profissionais-de-recursos-humanos-em-piracicaba\/#authorImage","url":"https:\/\/secure.gravatar.com\/avatar\/507340682b8270222e1f208e23198b6ae7e2c6a1033ae84e99bc6bce4f82a387?s=96&d=mm&r=g","width":96,"height":96,"caption":"Encontra Piracicaba"}},{"@type":"WebPage","@id":"https:\/\/www.encontrapiracicaba.com.br\/sobre\/solenidade-homenageia-profissionais-de-recursos-humanos-em-piracicaba\/#webpage","url":"https:\/\/www.encontrapiracicaba.com.br\/sobre\/solenidade-homenageia-profissionais-de-recursos-humanos-em-piracicaba\/","name":"Solenidade homenageia profissionais de Recursos Humanos em Piracicaba | Encontra Piracicaba","inLanguage":"pt-BR","isPartOf":{"@id":"https:\/\/www.encontrapiracicaba.com.br\/sobre\/#website"},"breadcrumb":{"@id":"https:\/\/www.encontrapiracicaba.com.br\/sobre\/solenidade-homenageia-profissionais-de-recursos-humanos-em-piracicaba\/#breadcrumblist"},"author":{"@id":"https:\/\/www.encontrapiracicaba.com.br\/sobre\/author\/epiracicaba\/#author"},"creator":{"@id":"https:\/\/www.encontrapiracicaba.com.br\/sobre\/author\/epiracicaba\/#author"},"image":{"@type":"ImageObject","url":"https:\/\/www.encontrapiracicaba.com.br\/sobre\/wp-content\/uploads\/solenidade-homenageia-profissionais-de-recursos-humanos-em-piracicaba.webp","@id":"https:\/\/www.encontrapiracicaba.com.br\/sobre\/solenidade-homenageia-profissionais-de-recursos-humanos-em-piracicaba\/#mainImage","width":280,"height":280,"caption":"profissionais de Recursos Humanos"},"primaryImageOfPage":{"@id":"https:\/\/www.encontrapiracicaba.com.br\/sobre\/solenidade-homenageia-profissionais-de-recursos-humanos-em-piracicaba\/#mainImage"},"datePublished":"2026-06-12T11:46:38-03:00","dateModified":"2026-06-12T11:46:38-03:00"},{"@type":"WebSite","@id":"https:\/\/www.encontrapiracicaba.com.br\/sobre\/#website","url":"https:\/\/www.encontrapiracicaba.com.br\/sobre\/","name":"Encontra Piracicaba","description":"Not\u00edcias, eventos, informa\u00e7\u00f5es e dicas na cidade de Piracicaba e regi\u00e3o","inLanguage":"pt-BR","publisher":{"@id":"https:\/\/www.encontrapiracicaba.com.br\/sobre\/#organization"}}]},"og:locale":"pt_BR","og:site_name":"Encontra Piracicaba | Not\u00edcias, eventos, informa\u00e7\u00f5es e dicas na cidade de Piracicaba e regi\u00e3o","og:type":"article","og:title":"Solenidade homenageia profissionais de Recursos Humanos em Piracicaba | Encontra Piracicaba","og:url":"https:\/\/www.encontrapiracicaba.com.br\/sobre\/solenidade-homenageia-profissionais-de-recursos-humanos-em-piracicaba\/","article:published_time":"2026-06-12T14:46:38+00:00","article:modified_time":"2026-06-12T14:46:38+00:00","twitter:card":"summary","twitter:title":"Solenidade homenageia profissionais de Recursos Humanos em Piracicaba | Encontra Piracicaba"},"aioseo_meta_data":{"post_id":"4679","title":null,"description":null,"keywords":null,"keyphrases":null,"primary_term":null,"canonical_url":null,"og_title":null,"og_description":null,"og_object_type":"default","og_image_type":"default","og_image_url":null,"og_image_width":null,"og_image_height":null,"og_image_custom_url":null,"og_image_custom_fields":null,"og_video":null,"og_custom_url":null,"og_article_section":null,"og_article_tags":null,"twitter_use_og":false,"twitter_card":"default","twitter_image_type":"default","twitter_image_url":null,"twitter_image_custom_url":null,"twitter_image_custom_fields":null,"twitter_title":null,"twitter_description":null,"schema":{"blockGraphs":[],"customGraphs":[],"default":{"data":{"Article":[],"Course":[],"Dataset":[],"FAQPage":[],"Movie":[],"Person":[],"Product":[],"ProductReview":[],"Car":[],"Recipe":[],"Service":[],"SoftwareApplication":[],"WebPage":[]},"graphName":"Article","isEnabled":true},"graphs":[]},"schema_type":"default","schema_type_options":null,"pillar_content":false,"robots_default":true,"robots_noindex":false,"robots_noarchive":false,"robots_nosnippet":false,"robots_nofollow":false,"robots_noimageindex":false,"robots_noodp":false,"robots_notranslate":false,"robots_max_snippet":null,"robots_max_videopreview":null,"robots_max_imagepreview":"large","priority":null,"frequency":null,"local_seo":null,"breadcrumb_settings":null,"limit_modified_date":false,"ai":null,"created":"2026-06-12 14:46:45","updated":"2026-06-12 15:00:17","focus_keyword":null,"additional_keywords":null,"truseo_locale":null,"seo_analyzer_scan_date":null},"aioseo_breadcrumb":"<div class=\"aioseo-breadcrumbs\"><span class=\"aioseo-breadcrumb\">\n\t\t\t<a href=\"https:\/\/www.encontrapiracicaba.com.br\/sobre\" title=\"In\u00edcio\">In\u00edcio<\/a>\n\t\t<\/span><span class=\"aioseo-breadcrumb-separator\">&raquo;<\/span><span class=\"aioseo-breadcrumb\">\n\t\t\t<a href=\"https:\/\/www.encontrapiracicaba.com.br\/sobre\/noticias-em-piracicaba\/\" title=\"Not\u00edcias Piracicaba\">Not\u00edcias Piracicaba<\/a>\n\t\t<\/span><span class=\"aioseo-breadcrumb-separator\">&raquo;<\/span><span class=\"aioseo-breadcrumb\">\n\t\t\tSolenidade homenageia profissionais de Recursos Humanos em Piracicaba\n\t\t<\/span><\/div>","aioseo_breadcrumb_json":[{"label":"In\u00edcio","link":"https:\/\/www.encontrapiracicaba.com.br\/sobre"},{"label":"Not\u00edcias Piracicaba","link":"https:\/\/www.encontrapiracicaba.com.br\/sobre\/noticias-em-piracicaba\/"},{"label":"Solenidade homenageia profissionais de Recursos Humanos em Piracicaba","link":"https:\/\/www.encontrapiracicaba.com.br\/sobre\/solenidade-homenageia-profissionais-de-recursos-humanos-em-piracicaba\/"}],"_links":{"self":[{"href":"https:\/\/www.encontrapiracicaba.com.br\/sobre\/wp-json\/wp\/v2\/posts\/4679","targetHints":{"allow":["GET"]}}],"collection":[{"href":"https:\/\/www.encontrapiracicaba.com.br\/sobre\/wp-json\/wp\/v2\/posts"}],"about":[{"href":"https:\/\/www.encontrapiracicaba.com.br\/sobre\/wp-json\/wp\/v2\/types\/post"}],"author":[{"embeddable":true,"href":"https:\/\/www.encontrapiracicaba.com.br\/sobre\/wp-json\/wp\/v2\/users\/1"}],"replies":[{"embeddable":true,"href":"https:\/\/www.encontrapiracicaba.com.br\/sobre\/wp-json\/wp\/v2\/comments?post=4679"}],"version-history":[{"count":0,"href":"https:\/\/www.encontrapiracicaba.com.br\/sobre\/wp-json\/wp\/v2\/posts\/4679\/revisions"}],"wp:featuredmedia":[{"embeddable":true,"href":"https:\/\/www.encontrapiracicaba.com.br\/sobre\/wp-json\/wp\/v2\/media\/4678"}],"wp:attachment":[{"href":"https:\/\/www.encontrapiracicaba.com.br\/sobre\/wp-json\/wp\/v2\/media?parent=4679"}],"wp:term":[{"taxonomy":"category","embeddable":true,"href":"https:\/\/www.encontrapiracicaba.com.br\/sobre\/wp-json\/wp\/v2\/categories?post=4679"},{"taxonomy":"post_tag","embeddable":true,"href":"https:\/\/www.encontrapiracicaba.com.br\/sobre\/wp-json\/wp\/v2\/tags?post=4679"}],"curies":[{"name":"wp","href":"https:\/\/api.w.org\/{rel}","templated":true}]}}