{"id":4695,"date":"2026-06-19T11:44:00","date_gmt":"2026-06-19T14:44:00","guid":{"rendered":"https:\/\/www.encontrapiracicaba.com.br\/sobre\/salao-de-belas-artes-inscricoes-terminam-na-segunda\/"},"modified":"2026-06-19T11:44:00","modified_gmt":"2026-06-19T14:44:00","slug":"salao-de-belas-artes-inscricoes-terminam-na-segunda","status":"publish","type":"post","link":"https:\/\/www.encontrapiracicaba.com.br\/sobre\/salao-de-belas-artes-inscricoes-terminam-na-segunda\/","title":{"rendered":"Sal\u00e3o de Belas Artes: inscri\u00e7\u00f5es terminam na segunda"},"content":{"rendered":"<div class=\"85df007ed5c0c4d4b453fd13a37855e8\" data-index=\"1\" style=\"float: none; margin:0px;\">\n<!-- Anuncio display - global -->\r\n<ins class=\"adsbygoogle\"\r\n     style=\"display:block\"\r\n     data-ad-client=\"ca-pub-8585364105181520\"\r\n     data-ad-slot=\"8789329856\"\r\n     data-ad-format=\"auto\"\r\n     data-full-width-responsive=\"true\"><\/ins>\r\n<script>\r\n     (adsbygoogle = window.adsbygoogle || []).push({});\r\n<\/script>\n<\/div>\n<h2>O que \u00e9 o Sal\u00e3o de Belas Artes?<\/h2>\n<p>O <strong>Sal\u00e3o de Belas Artes de Piracicaba<\/strong> \u00e9 um evento cultural que ocorre anualmente na cidade de Piracicaba, S\u00e3o Paulo, com o objetivo de promover e valorizar a express\u00e3o art\u00edstica contempor\u00e2nea. Com uma tradi\u00e7\u00e3o de d\u00e9cadas, este sal\u00e3o destaca a produ\u00e7\u00e3o de artistas locais e nacionais, proporcionando uma plataforma para a exibi\u00e7\u00e3o de obras em diversas disciplinas art\u00edsticas, como pintura, escultura e desenho.<\/p>\n<h2>Hist\u00f3rico do Sal\u00e3o de Belas Artes de Piracicaba<\/h2>\n<p>A primeira edi\u00e7\u00e3o do sal\u00e3o aconteceu h\u00e1 mais de 70 anos e, desde ent\u00e3o, ele se tornou uma refer\u00eancia no meio art\u00edstico. O evento \u00e9 promovido pela <strong>Prefeitura Municipal de Piracicaba<\/strong>, por meio da <strong>Secretaria Municipal de Cultura<\/strong>, e tem sido um marco na celebra\u00e7\u00e3o da criatividade e da cultura na regi\u00e3o. A cada edi\u00e7\u00e3o, o sal\u00e3o se adapta e evolui, incorporando novas tend\u00eancias e talentos, refletindo a diversidade cultural da cidade.<\/p>\n<h2>Datas Importantes do Evento<\/h2>\n<p>Participar do Sal\u00e3o de Belas Artes requer aten\u00e7\u00e3o \u00e0s datas-chaves, especialmente as relacionadas ao per\u00edodo de inscri\u00e7\u00f5es, sele\u00e7\u00e3o e a pr\u00f3pria exposi\u00e7\u00e3o das obras:<\/p>\n<p><img decoding=\"async\" src=\"https:\/\/www.encontrapiracicaba.com.br\/sobre\/wp-content\/uploads\/salao-de-belas-artes-inscricoes-terminam-na-segunda.webp\" alt=\"Sal\u00e3o de Belas Artes\" loading=\"lazy\" \/><\/p>\n<ul>\n<li><strong>Encerramento das inscri\u00e7\u00f5es:<\/strong> 15 de junho.<\/li>\n<li><strong>Data da abertura do sal\u00e3o:<\/strong> 31 de julho.<\/li>\n<\/ul>\n<h2>Como Participar do Sal\u00e3o de Belas Artes<\/h2>\n<p>Os artistas interessados em participar do sal\u00e3o devem se inscrever atrav\u00e9s do site oficial da <strong>Pinacoteca Municipal Miguel Dutra<\/strong>. \u00c9 necess\u00e1rio preencher a <strong>ficha de inscri\u00e7\u00e3o<\/strong> e seguir o regulamento previamente estabelecido. As etapas incluem:<\/p>\n<ul>\n<li>Preenchimento do formul\u00e1rio de inscri\u00e7\u00e3o adequado para cada categoria.<\/li>\n<li>O envio das obras deve respeitar as normas de originalidade e ineditismo.<\/li>\n<li>Assinatura e data\u00e7\u00e3o das obras conforme exigido.<\/li>\n<\/ul>\n<h2>Categorias de Inscri\u00e7\u00e3o<\/h2>\n<p>O Sal\u00e3o de Belas Artes contempla diversas modalidades, permitindo que artistas de diferentes estilos e t\u00e9cnicas possam expor seus trabalhos. Os participantes podem se inscrever nas seguintes categorias:<\/p>\n<ul>\n<li><strong>Pintura:<\/strong> Obras em diversas t\u00e9cnicas e tamanhos.<\/li>\n<li><strong>Escultura:<\/strong> Pe\u00e7as tridimensionais que podem variar em materiais.<\/li>\n<li><strong>Desenho:<\/strong> Trabalhos que evidenciam a habilidade t\u00e9cnica do artista.<\/li>\n<\/ul>\n<p>Cada artista pode inscrever entre tr\u00eas a cinco obras por categoria, garantindo assim que possuam a oportunidade de mostrar sua versatilidade.<\/p>\n<h2>Crit\u00e9rios para Inscri\u00e7\u00e3o<\/h2>\n<p>Para assegurar a qualidade e a autenticidade das obras expostas, o sal\u00e3o estabelece crit\u00e9rios rigorosos que os participantes devem seguir. Estes incluem:<\/p>\n<ul>\n<li>As obras devem ser originais e de autoria do participante.<\/li>\n<li>Cada obra deve estar devidamente assinada e datada.<\/li>\n<li>As obras n\u00e3o devem ter sido previamente apresentadas em outros sal\u00f5es oficiais.<\/li>\n<li>As dimens\u00f5es das obras, incluindo molduras e outros acabamentos, n\u00e3o podem ultrapassar 200 cent\u00edmetros de altura.<\/li>\n<\/ul>\n<h2>Pr\u00eamios e Reconhecimentos<\/h2>\n<p>Os artistas que se destacarem no sal\u00e3o t\u00eam a oportunidade de ganhar pr\u00eamios significativos. O total de pr\u00eamios nesta edi\u00e7\u00e3o ser\u00e1 dividido entre v\u00e1rias categorias e inclui:<\/p>\n<ul>\n<li><strong>Pr\u00eamios Aquisitivos:<\/strong> Concedidos pela Prefeitura Municipal de Piracicaba, totalizando R$ 41.640.<\/li>\n<li><strong>Premia\u00e7\u00e3o da C\u00e2mara Municipal:<\/strong> Um valor de R$ 23.888,41.<\/li>\n<li>Al\u00e9m disso, medalhas de ouro, prata e bronze ser\u00e3o entregues, juntamente com men\u00e7\u00f5es honrosas a obras not\u00e1veis.<\/li>\n<\/ul>\n<h2>Comiss\u00e3o Organizadora do Evento<\/h2>\n<p>A administra\u00e7\u00e3o desta edi\u00e7\u00e3o do sal\u00e3o est\u00e1 a cargo de uma respeitada comiss\u00e3o organizadora composta por cinco especialistas em artes visuais. Os membros da comiss\u00e3o n\u00e3o apenas selecionam as obras, mas tamb\u00e9m asseguram que o evento mantenha seus padr\u00f5es elevados de qualidade e relev\u00e2ncia.<\/p>\n<h2>Informa\u00e7\u00f5es Adicionais para Artistas<\/h2>\n<p>Os artistas precisam ficar atentos a informa\u00e7\u00f5es adicionais que podem impactar sua participa\u00e7\u00e3o:<\/p>\n<ul>\n<li>Os regulamentos completos e detalhes sobre a inscri\u00e7\u00e3o est\u00e3o dispon\u00edveis no site da Pinacoteca Municipal.<\/li>\n<li>\u00c9 vital que os artistas consultem o cronograma de prepara\u00e7\u00e3o das obras para a entrega e exposi\u00e7\u00e3o.<\/li>\n<li>Para qualquer d\u00favida, recomenda-se entrar em contato com a Secretaria Municipal de Cultura atrav\u00e9s dos canais oficiais.<\/li>\n<\/ul>\n<h2>Impacto Cultural do Sal\u00e3o de Belas Artes<\/h2>\n<p>O Sal\u00e3o de Belas Artes n\u00e3o apenas proporciona visibilidade para os artistas, mas tamb\u00e9m desempenha um papel crucial na cultura local. Ao reunir obras e criadores diversos, o evento fomenta a troca cultural e enriquece a cena art\u00edstica da cidade. A participa\u00e7\u00e3o de uma ampla gama de artistas contribui para um di\u00e1logo entre diferentes estilos, t\u00e9cnicas e vis\u00f5es, criando um espa\u00e7o que valoriza a criatividade e a inova\u00e7\u00e3o na arte.<\/p>\n\n<div style=\"font-size: 0px; height: 0px; line-height: 0px; margin: 0; padding: 0; clear: both;\"><\/div>","protected":false},"excerpt":{"rendered":"<p>Sal\u00e3o de Belas Artes: \u00faltimas vagas para voc\u00ea brilhar na 71\u00aa edi\u00e7\u00e3o!<\/p>\n","protected":false},"author":1,"featured_media":4694,"comment_status":"closed","ping_status":"closed","sticky":false,"template":"","format":"standard","meta":{"footnotes":""},"categories":[6],"tags":[],"class_list":["post-4695","post","type-post","status-publish","format-standard","has-post-thumbnail","hentry","category-noticias-em-piracicaba","has_thumb"],"aioseo_notices":[],"aioseo_head":"\n\t\t<!-- All in One SEO 5.0.0.1 - aioseo.com -->\n\t<meta name=\"robots\" content=\"max-image-preview:large\" \/>\n\t<meta name=\"author\" content=\"Encontra Piracicaba\"\/>\n\t<link rel=\"canonical\" href=\"https:\/\/www.encontrapiracicaba.com.br\/sobre\/salao-de-belas-artes-inscricoes-terminam-na-segunda\/\" \/>\n\t<meta name=\"generator\" content=\"All in One SEO (AIOSEO) 5.0.0.1\" \/>\n\t\t<meta property=\"og:locale\" content=\"pt_BR\" \/>\n\t\t<meta property=\"og:site_name\" content=\"Encontra Piracicaba | Not\u00edcias, eventos, informa\u00e7\u00f5es e dicas na cidade de Piracicaba e regi\u00e3o\" \/>\n\t\t<meta property=\"og:type\" content=\"article\" \/>\n\t\t<meta property=\"og:title\" content=\"Sal\u00e3o de Belas Artes: inscri\u00e7\u00f5es terminam na segunda | Encontra Piracicaba\" \/>\n\t\t<meta property=\"og:url\" content=\"https:\/\/www.encontrapiracicaba.com.br\/sobre\/salao-de-belas-artes-inscricoes-terminam-na-segunda\/\" \/>\n\t\t<meta property=\"article:published_time\" content=\"2026-06-19T14:44:00+00:00\" \/>\n\t\t<meta property=\"article:modified_time\" content=\"2026-06-19T14:44:00+00:00\" \/>\n\t\t<meta name=\"twitter:card\" content=\"summary\" \/>\n\t\t<meta name=\"twitter:title\" content=\"Sal\u00e3o de Belas Artes: inscri\u00e7\u00f5es terminam na segunda | Encontra Piracicaba\" \/>\n\t\t<script type=\"application\/ld+json\" class=\"aioseo-schema\">\n\t\t\t{\"@context\":\"https:\\\/\\\/schema.org\",\"@graph\":[{\"@type\":\"Article\",\"@id\":\"https:\\\/\\\/www.encontrapiracicaba.com.br\\\/sobre\\\/salao-de-belas-artes-inscricoes-terminam-na-segunda\\\/#article\",\"name\":\"Sal\\u00e3o de Belas Artes: inscri\\u00e7\\u00f5es terminam na segunda | Encontra Piracicaba\",\"headline\":\"Sal\\u00e3o de Belas Artes: inscri\\u00e7\\u00f5es terminam na segunda\",\"author\":{\"@id\":\"https:\\\/\\\/www.encontrapiracicaba.com.br\\\/sobre\\\/author\\\/epiracicaba\\\/#author\"},\"publisher\":{\"@id\":\"https:\\\/\\\/www.encontrapiracicaba.com.br\\\/sobre\\\/#organization\"},\"image\":{\"@type\":\"ImageObject\",\"url\":\"https:\\\/\\\/www.encontrapiracicaba.com.br\\\/sobre\\\/wp-content\\\/uploads\\\/salao-de-belas-artes-inscricoes-terminam-na-segunda.webp\",\"width\":280,\"height\":280,\"caption\":\"Sal\\u00e3o de Belas Artes\"},\"datePublished\":\"2026-06-19T11:44:00-03:00\",\"dateModified\":\"2026-06-19T11:44:00-03:00\",\"inLanguage\":\"pt-BR\",\"mainEntityOfPage\":{\"@id\":\"https:\\\/\\\/www.encontrapiracicaba.com.br\\\/sobre\\\/salao-de-belas-artes-inscricoes-terminam-na-segunda\\\/#webpage\"},\"isPartOf\":{\"@id\":\"https:\\\/\\\/www.encontrapiracicaba.com.br\\\/sobre\\\/salao-de-belas-artes-inscricoes-terminam-na-segunda\\\/#webpage\"},\"articleSection\":\"Not\\u00edcias Piracicaba\"},{\"@type\":\"BreadcrumbList\",\"@id\":\"https:\\\/\\\/www.encontrapiracicaba.com.br\\\/sobre\\\/salao-de-belas-artes-inscricoes-terminam-na-segunda\\\/#breadcrumblist\",\"itemListElement\":[{\"@type\":\"ListItem\",\"@id\":\"https:\\\/\\\/www.encontrapiracicaba.com.br\\\/sobre#listItem\",\"position\":1,\"name\":\"In\\u00edcio\",\"item\":\"https:\\\/\\\/www.encontrapiracicaba.com.br\\\/sobre\",\"nextItem\":{\"@type\":\"ListItem\",\"@id\":\"https:\\\/\\\/www.encontrapiracicaba.com.br\\\/sobre\\\/noticias-em-piracicaba\\\/#listItem\",\"name\":\"Not\\u00edcias Piracicaba\"}},{\"@type\":\"ListItem\",\"@id\":\"https:\\\/\\\/www.encontrapiracicaba.com.br\\\/sobre\\\/noticias-em-piracicaba\\\/#listItem\",\"position\":2,\"name\":\"Not\\u00edcias Piracicaba\",\"item\":\"https:\\\/\\\/www.encontrapiracicaba.com.br\\\/sobre\\\/noticias-em-piracicaba\\\/\",\"nextItem\":{\"@type\":\"ListItem\",\"@id\":\"https:\\\/\\\/www.encontrapiracicaba.com.br\\\/sobre\\\/salao-de-belas-artes-inscricoes-terminam-na-segunda\\\/#listItem\",\"name\":\"Sal\\u00e3o de Belas Artes: inscri\\u00e7\\u00f5es terminam na segunda\"},\"previousItem\":{\"@type\":\"ListItem\",\"@id\":\"https:\\\/\\\/www.encontrapiracicaba.com.br\\\/sobre#listItem\",\"name\":\"In\\u00edcio\"}},{\"@type\":\"ListItem\",\"@id\":\"https:\\\/\\\/www.encontrapiracicaba.com.br\\\/sobre\\\/salao-de-belas-artes-inscricoes-terminam-na-segunda\\\/#listItem\",\"position\":3,\"name\":\"Sal\\u00e3o de Belas Artes: inscri\\u00e7\\u00f5es terminam na segunda\",\"previousItem\":{\"@type\":\"ListItem\",\"@id\":\"https:\\\/\\\/www.encontrapiracicaba.com.br\\\/sobre\\\/noticias-em-piracicaba\\\/#listItem\",\"name\":\"Not\\u00edcias Piracicaba\"}}]},{\"@type\":\"Organization\",\"@id\":\"https:\\\/\\\/www.encontrapiracicaba.com.br\\\/sobre\\\/#organization\",\"name\":\"Encontra Piracicaba\",\"description\":\"Not\\u00edcias, eventos, informa\\u00e7\\u00f5es e dicas na cidade de Piracicaba e regi\\u00e3o\",\"url\":\"https:\\\/\\\/www.encontrapiracicaba.com.br\\\/sobre\\\/\"},{\"@type\":\"Person\",\"@id\":\"https:\\\/\\\/www.encontrapiracicaba.com.br\\\/sobre\\\/author\\\/epiracicaba\\\/#author\",\"url\":\"https:\\\/\\\/www.encontrapiracicaba.com.br\\\/sobre\\\/author\\\/epiracicaba\\\/\",\"name\":\"Encontra Piracicaba\",\"image\":{\"@type\":\"ImageObject\",\"@id\":\"https:\\\/\\\/www.encontrapiracicaba.com.br\\\/sobre\\\/salao-de-belas-artes-inscricoes-terminam-na-segunda\\\/#authorImage\",\"url\":\"https:\\\/\\\/secure.gravatar.com\\\/avatar\\\/507340682b8270222e1f208e23198b6ae7e2c6a1033ae84e99bc6bce4f82a387?s=96&d=mm&r=g\",\"width\":96,\"height\":96,\"caption\":\"Encontra Piracicaba\"}},{\"@type\":\"WebPage\",\"@id\":\"https:\\\/\\\/www.encontrapiracicaba.com.br\\\/sobre\\\/salao-de-belas-artes-inscricoes-terminam-na-segunda\\\/#webpage\",\"url\":\"https:\\\/\\\/www.encontrapiracicaba.com.br\\\/sobre\\\/salao-de-belas-artes-inscricoes-terminam-na-segunda\\\/\",\"name\":\"Sal\\u00e3o de Belas Artes: inscri\\u00e7\\u00f5es terminam na segunda | Encontra Piracicaba\",\"inLanguage\":\"pt-BR\",\"isPartOf\":{\"@id\":\"https:\\\/\\\/www.encontrapiracicaba.com.br\\\/sobre\\\/#website\"},\"breadcrumb\":{\"@id\":\"https:\\\/\\\/www.encontrapiracicaba.com.br\\\/sobre\\\/salao-de-belas-artes-inscricoes-terminam-na-segunda\\\/#breadcrumblist\"},\"author\":{\"@id\":\"https:\\\/\\\/www.encontrapiracicaba.com.br\\\/sobre\\\/author\\\/epiracicaba\\\/#author\"},\"creator\":{\"@id\":\"https:\\\/\\\/www.encontrapiracicaba.com.br\\\/sobre\\\/author\\\/epiracicaba\\\/#author\"},\"image\":{\"@type\":\"ImageObject\",\"url\":\"https:\\\/\\\/www.encontrapiracicaba.com.br\\\/sobre\\\/wp-content\\\/uploads\\\/salao-de-belas-artes-inscricoes-terminam-na-segunda.webp\",\"@id\":\"https:\\\/\\\/www.encontrapiracicaba.com.br\\\/sobre\\\/salao-de-belas-artes-inscricoes-terminam-na-segunda\\\/#mainImage\",\"width\":280,\"height\":280,\"caption\":\"Sal\\u00e3o de Belas Artes\"},\"primaryImageOfPage\":{\"@id\":\"https:\\\/\\\/www.encontrapiracicaba.com.br\\\/sobre\\\/salao-de-belas-artes-inscricoes-terminam-na-segunda\\\/#mainImage\"},\"datePublished\":\"2026-06-19T11:44:00-03:00\",\"dateModified\":\"2026-06-19T11:44:00-03:00\"},{\"@type\":\"WebSite\",\"@id\":\"https:\\\/\\\/www.encontrapiracicaba.com.br\\\/sobre\\\/#website\",\"url\":\"https:\\\/\\\/www.encontrapiracicaba.com.br\\\/sobre\\\/\",\"name\":\"Encontra Piracicaba\",\"description\":\"Not\\u00edcias, eventos, informa\\u00e7\\u00f5es e dicas na cidade de Piracicaba e regi\\u00e3o\",\"inLanguage\":\"pt-BR\",\"publisher\":{\"@id\":\"https:\\\/\\\/www.encontrapiracicaba.com.br\\\/sobre\\\/#organization\"}}]}\n\t\t<\/script>\n\t\t<!-- All in One SEO -->\n\n","aioseo_head_json":{"title":"Sal\u00e3o de Belas Artes: inscri\u00e7\u00f5es terminam na segunda | Encontra Piracicaba","description":"","canonical_url":"https:\/\/www.encontrapiracicaba.com.br\/sobre\/salao-de-belas-artes-inscricoes-terminam-na-segunda\/","robots":"max-image-preview:large","keywords":"","webmasterTools":{"miscellaneous":""},"schema":{"@context":"https:\/\/schema.org","@graph":[{"@type":"Article","@id":"https:\/\/www.encontrapiracicaba.com.br\/sobre\/salao-de-belas-artes-inscricoes-terminam-na-segunda\/#article","name":"Sal\u00e3o de Belas Artes: inscri\u00e7\u00f5es terminam na segunda | Encontra Piracicaba","headline":"Sal\u00e3o de Belas Artes: inscri\u00e7\u00f5es terminam na segunda","author":{"@id":"https:\/\/www.encontrapiracicaba.com.br\/sobre\/author\/epiracicaba\/#author"},"publisher":{"@id":"https:\/\/www.encontrapiracicaba.com.br\/sobre\/#organization"},"image":{"@type":"ImageObject","url":"https:\/\/www.encontrapiracicaba.com.br\/sobre\/wp-content\/uploads\/salao-de-belas-artes-inscricoes-terminam-na-segunda.webp","width":280,"height":280,"caption":"Sal\u00e3o de Belas Artes"},"datePublished":"2026-06-19T11:44:00-03:00","dateModified":"2026-06-19T11:44:00-03:00","inLanguage":"pt-BR","mainEntityOfPage":{"@id":"https:\/\/www.encontrapiracicaba.com.br\/sobre\/salao-de-belas-artes-inscricoes-terminam-na-segunda\/#webpage"},"isPartOf":{"@id":"https:\/\/www.encontrapiracicaba.com.br\/sobre\/salao-de-belas-artes-inscricoes-terminam-na-segunda\/#webpage"},"articleSection":"Not\u00edcias Piracicaba"},{"@type":"BreadcrumbList","@id":"https:\/\/www.encontrapiracicaba.com.br\/sobre\/salao-de-belas-artes-inscricoes-terminam-na-segunda\/#breadcrumblist","itemListElement":[{"@type":"ListItem","@id":"https:\/\/www.encontrapiracicaba.com.br\/sobre#listItem","position":1,"name":"In\u00edcio","item":"https:\/\/www.encontrapiracicaba.com.br\/sobre","nextItem":{"@type":"ListItem","@id":"https:\/\/www.encontrapiracicaba.com.br\/sobre\/noticias-em-piracicaba\/#listItem","name":"Not\u00edcias Piracicaba"}},{"@type":"ListItem","@id":"https:\/\/www.encontrapiracicaba.com.br\/sobre\/noticias-em-piracicaba\/#listItem","position":2,"name":"Not\u00edcias Piracicaba","item":"https:\/\/www.encontrapiracicaba.com.br\/sobre\/noticias-em-piracicaba\/","nextItem":{"@type":"ListItem","@id":"https:\/\/www.encontrapiracicaba.com.br\/sobre\/salao-de-belas-artes-inscricoes-terminam-na-segunda\/#listItem","name":"Sal\u00e3o de Belas Artes: inscri\u00e7\u00f5es terminam na segunda"},"previousItem":{"@type":"ListItem","@id":"https:\/\/www.encontrapiracicaba.com.br\/sobre#listItem","name":"In\u00edcio"}},{"@type":"ListItem","@id":"https:\/\/www.encontrapiracicaba.com.br\/sobre\/salao-de-belas-artes-inscricoes-terminam-na-segunda\/#listItem","position":3,"name":"Sal\u00e3o de Belas Artes: inscri\u00e7\u00f5es terminam na segunda","previousItem":{"@type":"ListItem","@id":"https:\/\/www.encontrapiracicaba.com.br\/sobre\/noticias-em-piracicaba\/#listItem","name":"Not\u00edcias Piracicaba"}}]},{"@type":"Organization","@id":"https:\/\/www.encontrapiracicaba.com.br\/sobre\/#organization","name":"Encontra Piracicaba","description":"Not\u00edcias, eventos, informa\u00e7\u00f5es e dicas na cidade de Piracicaba e regi\u00e3o","url":"https:\/\/www.encontrapiracicaba.com.br\/sobre\/"},{"@type":"Person","@id":"https:\/\/www.encontrapiracicaba.com.br\/sobre\/author\/epiracicaba\/#author","url":"https:\/\/www.encontrapiracicaba.com.br\/sobre\/author\/epiracicaba\/","name":"Encontra Piracicaba","image":{"@type":"ImageObject","@id":"https:\/\/www.encontrapiracicaba.com.br\/sobre\/salao-de-belas-artes-inscricoes-terminam-na-segunda\/#authorImage","url":"https:\/\/secure.gravatar.com\/avatar\/507340682b8270222e1f208e23198b6ae7e2c6a1033ae84e99bc6bce4f82a387?s=96&d=mm&r=g","width":96,"height":96,"caption":"Encontra Piracicaba"}},{"@type":"WebPage","@id":"https:\/\/www.encontrapiracicaba.com.br\/sobre\/salao-de-belas-artes-inscricoes-terminam-na-segunda\/#webpage","url":"https:\/\/www.encontrapiracicaba.com.br\/sobre\/salao-de-belas-artes-inscricoes-terminam-na-segunda\/","name":"Sal\u00e3o de Belas Artes: inscri\u00e7\u00f5es terminam na segunda | Encontra Piracicaba","inLanguage":"pt-BR","isPartOf":{"@id":"https:\/\/www.encontrapiracicaba.com.br\/sobre\/#website"},"breadcrumb":{"@id":"https:\/\/www.encontrapiracicaba.com.br\/sobre\/salao-de-belas-artes-inscricoes-terminam-na-segunda\/#breadcrumblist"},"author":{"@id":"https:\/\/www.encontrapiracicaba.com.br\/sobre\/author\/epiracicaba\/#author"},"creator":{"@id":"https:\/\/www.encontrapiracicaba.com.br\/sobre\/author\/epiracicaba\/#author"},"image":{"@type":"ImageObject","url":"https:\/\/www.encontrapiracicaba.com.br\/sobre\/wp-content\/uploads\/salao-de-belas-artes-inscricoes-terminam-na-segunda.webp","@id":"https:\/\/www.encontrapiracicaba.com.br\/sobre\/salao-de-belas-artes-inscricoes-terminam-na-segunda\/#mainImage","width":280,"height":280,"caption":"Sal\u00e3o de Belas Artes"},"primaryImageOfPage":{"@id":"https:\/\/www.encontrapiracicaba.com.br\/sobre\/salao-de-belas-artes-inscricoes-terminam-na-segunda\/#mainImage"},"datePublished":"2026-06-19T11:44:00-03:00","dateModified":"2026-06-19T11:44:00-03:00"},{"@type":"WebSite","@id":"https:\/\/www.encontrapiracicaba.com.br\/sobre\/#website","url":"https:\/\/www.encontrapiracicaba.com.br\/sobre\/","name":"Encontra Piracicaba","description":"Not\u00edcias, eventos, informa\u00e7\u00f5es e dicas na cidade de Piracicaba e regi\u00e3o","inLanguage":"pt-BR","publisher":{"@id":"https:\/\/www.encontrapiracicaba.com.br\/sobre\/#organization"}}]},"og:locale":"pt_BR","og:site_name":"Encontra Piracicaba | Not\u00edcias, eventos, informa\u00e7\u00f5es e dicas na cidade de Piracicaba e regi\u00e3o","og:type":"article","og:title":"Sal\u00e3o de Belas Artes: inscri\u00e7\u00f5es terminam na segunda | Encontra Piracicaba","og:url":"https:\/\/www.encontrapiracicaba.com.br\/sobre\/salao-de-belas-artes-inscricoes-terminam-na-segunda\/","article:published_time":"2026-06-19T14:44:00+00:00","article:modified_time":"2026-06-19T14:44:00+00:00","twitter:card":"summary","twitter:title":"Sal\u00e3o de Belas Artes: inscri\u00e7\u00f5es terminam na segunda | Encontra Piracicaba"},"aioseo_meta_data":{"post_id":"4695","title":null,"description":null,"keywords":null,"keyphrases":null,"primary_term":null,"canonical_url":null,"og_title":null,"og_description":null,"og_object_type":"default","og_image_type":"default","og_image_url":null,"og_image_width":null,"og_image_height":null,"og_image_custom_url":null,"og_image_custom_fields":null,"og_video":null,"og_custom_url":null,"og_article_section":null,"og_article_tags":null,"twitter_use_og":false,"twitter_card":"default","twitter_image_type":"default","twitter_image_url":null,"twitter_image_custom_url":null,"twitter_image_custom_fields":null,"twitter_title":null,"twitter_description":null,"schema":{"blockGraphs":[],"customGraphs":[],"default":{"data":{"Article":[],"Course":[],"Dataset":[],"FAQPage":[],"Movie":[],"Person":[],"Product":[],"ProductReview":[],"Car":[],"Recipe":[],"Service":[],"SoftwareApplication":[],"WebPage":[]},"graphName":"Article","isEnabled":true},"graphs":[]},"schema_type":"default","schema_type_options":null,"pillar_content":false,"robots_default":true,"robots_noindex":false,"robots_noarchive":false,"robots_nosnippet":false,"robots_nofollow":false,"robots_noimageindex":false,"robots_noodp":false,"robots_notranslate":false,"robots_max_snippet":null,"robots_max_videopreview":null,"robots_max_imagepreview":"large","priority":null,"frequency":null,"local_seo":null,"breadcrumb_settings":null,"limit_modified_date":false,"ai":null,"created":"2026-06-19 14:44:04","updated":"2026-06-19 14:55:56","focus_keyword":null,"additional_keywords":null,"truseo_locale":null,"seo_analyzer_scan_date":null},"aioseo_breadcrumb":"<div class=\"aioseo-breadcrumbs\"><span class=\"aioseo-breadcrumb\">\n\t\t\t<a href=\"https:\/\/www.encontrapiracicaba.com.br\/sobre\" title=\"In\u00edcio\">In\u00edcio<\/a>\n\t\t<\/span><span class=\"aioseo-breadcrumb-separator\">&raquo;<\/span><span class=\"aioseo-breadcrumb\">\n\t\t\t<a href=\"https:\/\/www.encontrapiracicaba.com.br\/sobre\/noticias-em-piracicaba\/\" title=\"Not\u00edcias Piracicaba\">Not\u00edcias Piracicaba<\/a>\n\t\t<\/span><span class=\"aioseo-breadcrumb-separator\">&raquo;<\/span><span class=\"aioseo-breadcrumb\">\n\t\t\tSal\u00e3o de Belas Artes: inscri\u00e7\u00f5es terminam na segunda\n\t\t<\/span><\/div>","aioseo_breadcrumb_json":[{"label":"In\u00edcio","link":"https:\/\/www.encontrapiracicaba.com.br\/sobre"},{"label":"Not\u00edcias Piracicaba","link":"https:\/\/www.encontrapiracicaba.com.br\/sobre\/noticias-em-piracicaba\/"},{"label":"Sal\u00e3o de Belas Artes: inscri\u00e7\u00f5es terminam na segunda","link":"https:\/\/www.encontrapiracicaba.com.br\/sobre\/salao-de-belas-artes-inscricoes-terminam-na-segunda\/"}],"_links":{"self":[{"href":"https:\/\/www.encontrapiracicaba.com.br\/sobre\/wp-json\/wp\/v2\/posts\/4695","targetHints":{"allow":["GET"]}}],"collection":[{"href":"https:\/\/www.encontrapiracicaba.com.br\/sobre\/wp-json\/wp\/v2\/posts"}],"about":[{"href":"https:\/\/www.encontrapiracicaba.com.br\/sobre\/wp-json\/wp\/v2\/types\/post"}],"author":[{"embeddable":true,"href":"https:\/\/www.encontrapiracicaba.com.br\/sobre\/wp-json\/wp\/v2\/users\/1"}],"replies":[{"embeddable":true,"href":"https:\/\/www.encontrapiracicaba.com.br\/sobre\/wp-json\/wp\/v2\/comments?post=4695"}],"version-history":[{"count":0,"href":"https:\/\/www.encontrapiracicaba.com.br\/sobre\/wp-json\/wp\/v2\/posts\/4695\/revisions"}],"wp:featuredmedia":[{"embeddable":true,"href":"https:\/\/www.encontrapiracicaba.com.br\/sobre\/wp-json\/wp\/v2\/media\/4694"}],"wp:attachment":[{"href":"https:\/\/www.encontrapiracicaba.com.br\/sobre\/wp-json\/wp\/v2\/media?parent=4695"}],"wp:term":[{"taxonomy":"category","embeddable":true,"href":"https:\/\/www.encontrapiracicaba.com.br\/sobre\/wp-json\/wp\/v2\/categories?post=4695"},{"taxonomy":"post_tag","embeddable":true,"href":"https:\/\/www.encontrapiracicaba.com.br\/sobre\/wp-json\/wp\/v2\/tags?post=4695"}],"curies":[{"name":"wp","href":"https:\/\/api.w.org\/{rel}","templated":true}]}}