{"id":4699,"date":"2026-06-20T11:56:24","date_gmt":"2026-06-20T14:56:24","guid":{"rendered":"https:\/\/www.encontrapiracicaba.com.br\/sobre\/camara-aprova-criacao-da-semana-da-cultura-coreana-em-piracicaba\/"},"modified":"2026-06-20T11:56:24","modified_gmt":"2026-06-20T14:56:24","slug":"camara-aprova-criacao-da-semana-da-cultura-coreana-em-piracicaba","status":"publish","type":"post","link":"https:\/\/www.encontrapiracicaba.com.br\/sobre\/camara-aprova-criacao-da-semana-da-cultura-coreana-em-piracicaba\/","title":{"rendered":"C\u00e2mara aprova cria\u00e7\u00e3o da Semana da Cultura Coreana em Piracicaba"},"content":{"rendered":"<div class=\"85df007ed5c0c4d4b453fd13a37855e8\" data-index=\"1\" style=\"float: none; margin:0px;\">\n<!-- Anuncio display - global -->\r\n<ins class=\"adsbygoogle\"\r\n     style=\"display:block\"\r\n     data-ad-client=\"ca-pub-8585364105181520\"\r\n     data-ad-slot=\"8789329856\"\r\n     data-ad-format=\"auto\"\r\n     data-full-width-responsive=\"true\"><\/ins>\r\n<script>\r\n     (adsbygoogle = window.adsbygoogle || []).push({});\r\n<\/script>\n<\/div>\n<h2>O que \u00e9 a Semana da Cultura Coreana?<\/h2>\n<p>A Semana da Cultura Coreana \u00e9 um evento cultural institu\u00eddo na cidade de Piracicaba, que visa celebrar e promover a rica diversidade da cultura sul-coreana. Atrav\u00e9s de um projeto de lei proposto pelo vereador Thiago Ribeiro, a semana de festividades ser\u00e1 inclu\u00edda no calend\u00e1rio oficial da cidade e acontecer\u00e1 anualmente na semana do dia 15 de agosto. A proposta busca integrar a comunidade local, destacando a relev\u00e2ncia da cultura coreana e sua influ\u00eancia no Brasil, especialmente entre os jovens.<\/p>\n<h2>Import\u00e2ncia da Cultura Coreana em Piracicaba<\/h2>\n<p>Com o crescente interesse dos brasileiros pela cultura da Coreia do Sul, esta iniciativa se torna ainda mais significativa. A cultura coreana tem atra\u00eddo aten\u00e7\u00e3o atrav\u00e9s de suas manifesta\u00e7\u00f5es art\u00edsticas, como a m\u00fasica K-pop, a gastronomia, e o cinema, que t\u00eam se tornado populares entre os jovens. Nesta semana, ser\u00e3o promovidas atividades que permitir\u00e3o explorar e aprofundar esse conhecimento cultural, contribuindo para a forma\u00e7\u00e3o de um ambiente multicultural em Piracicaba.<\/p>\n<h2>Como ser\u00e1 a programa\u00e7\u00e3o da Semana Cultural<\/h2>\n<p>A programa\u00e7\u00e3o da Semana da Cultura Coreana estar\u00e1 repleta de diferentes atividades que prometem engajar a comunidade e enriquecer a experi\u00eancia cultural dos participantes. O evento incluir\u00e1 apresenta\u00e7\u00f5es art\u00edsticas, workshops, palestras e degusta\u00e7\u00f5es gastron\u00f4micas. Essa diversidade de atra\u00e7\u00f5es visa alcan\u00e7ar todos os p\u00fablicos, promovendo uma troca cultural significativa entre a comunidade coreana e local.<\/p>\n<p><img decoding=\"async\" src=\"https:\/\/www.encontrapiracicaba.com.br\/sobre\/wp-content\/uploads\/camara-aprova-criacao-da-semana-da-cultura-coreana-em-piracicaba.webp\" alt=\"Semana da Cultura Coreana\" loading=\"lazy\" \/><\/p>\n<h2>Atividades culturais previstas para o evento<\/h2>\n<p>Os eventos programados para a Semana da Cultura Coreana abranger\u00e3o v\u00e1rias \u00e1reas, como:<\/p>\n<ul>\n<li><strong>Apresenta\u00e7\u00f5es Musicais:<\/strong> Shows de grupos de K-pop e apresenta\u00e7\u00f5es de m\u00fasica tradicional coreana.<\/li>\n<li><strong>Workshops:<\/strong> Oficinas de culin\u00e1ria, dan\u00e7a e idioma coreano, permitindo uma intera\u00e7\u00e3o pr\u00e1tica e divertida.<\/li>\n<li><strong>Palestras e Exposi\u00e7\u00f5es:<\/strong> Discuss\u00f5es sobre a hist\u00f3ria e a cultura coreana, bem como exposi\u00e7\u00f5es de arte e fotografia.<\/li>\n<li><strong>Feira Gastron\u00f4mica:<\/strong> Venda de produtos t\u00edpicos e comidas tradicionais da Coreia, proporcionando uma experi\u00eancia gastron\u00f4mica completa.<\/li>\n<\/ul>\n<h2>O impacto da cultura no turismo local<\/h2>\n<p>A realiza\u00e7\u00e3o da Semana da Cultura Coreana pode estimular o turismo cultural em Piracicaba. Espera-se que o evento atraia visitantes de outras cidades, interessados em vivenciar essa experi\u00eancia cultural. O aumento do fluxo tur\u00edstico ter\u00e1 um impacto positivo na economia local, beneficiando os com\u00e9rcios e servi\u00e7os da regi\u00e3o.<\/p>\n<h2>Integra\u00e7\u00e3o entre culturas brasileira e coreana<\/h2>\n<p>Este evento tem um papel fundamental na integra\u00e7\u00e3o entre as culturas brasileira e coreana. Atrav\u00e9s das atividades programadas, ser\u00e1 poss\u00edvel promover um di\u00e1logo cultural, onde os cidad\u00e3os poder\u00e3o aprender sobre as tradi\u00e7\u00f5es e modos de vida coreanos, enquanto a comunidade coreana ter\u00e1 a oportunidade de se envolver com a cultura local. Essa troca n\u00e3o apenas enriquece o patrim\u00f4nio cultural de Piracicaba, mas tamb\u00e9m promove o respeito e a valoriza\u00e7\u00e3o da diversidade.<\/p>\n<h2>A contribui\u00e7\u00e3o da comunidade coreana<\/h2>\n<p>A comunidade coreana em Piracicaba tem se mostrado ativa na promo\u00e7\u00e3o de sua cultura. Com o apoio da comunidade, a realiza\u00e7\u00e3o da Semana da Cultura Coreana contar\u00e1 com a participa\u00e7\u00e3o de diversas entidades, criando um evento que reflete a for\u00e7a cultural desta popula\u00e7\u00e3o. A colabora\u00e7\u00e3o desses grupos \u00e9 essencial para trazer autenticidade e profundidade \u00e0s atividades, garantindo uma representa\u00e7\u00e3o fiel da cultura sul-coreana.<\/p>\n<h2>Expectativas para a primeira edi\u00e7\u00e3o do evento<\/h2>\n<p>A expectativa para a primeira edi\u00e7\u00e3o da Semana da Cultura Coreana \u00e9 promissora. Organiza\u00e7\u00f5es e participantes acreditam que o evento ser\u00e1 um sucesso, atraindo um p\u00fablico significativo e protagonizando um di\u00e1logo intercultural. A iniciativa poder\u00e1 se transformar em um marco importante na agenda cultural da cidade, estabelecendo um espa\u00e7o permanente para celebra\u00e7\u00e3o e aprendizado.<\/p>\n<h2>Como participar da Semana da Cultura Coreana<\/h2>\n<p>Os cidad\u00e3os de Piracicaba poder\u00e3o participar ativamente da Semana da Cultura Coreana, tanto comparecendo aos eventos quanto se inscrevendo para as diversas atividades. Informa\u00e7\u00f5es sobre como se inscrever e participar das oficinas e palestras ser\u00e3o divulgadas nas m\u00eddias sociais e canais de comunica\u00e7\u00e3o da C\u00e2mara Municipal e das entidades organizadoras. Todos s\u00e3o bem-vindos para vivenciar esta rica troca cultural.<\/p>\n<h2>Apoio e parcerias com institui\u00e7\u00f5es locais<\/h2>\n<p>A realiza\u00e7\u00e3o da Semana da Cultura Coreana em Piracicaba conta com o apoio e parcerias de diversas institui\u00e7\u00f5es locais, incluindo escolas, universidades e centros culturais. Essas parcerias s\u00e3o fundamentais para a promo\u00e7\u00e3o dos eventos, bem como para o engajamento da comunidade. A uni\u00e3o de esfor\u00e7os fortalece a realiza\u00e7\u00e3o de atividades que valorizam a cultura, a educa\u00e7\u00e3o e a inclus\u00e3o social dentro da cidade.<\/p>\n<p>Com a institui\u00e7\u00e3o da Semana da Cultura Coreana, Piracicaba se destaca como uma cidade aberta ao di\u00e1logo e \u00e0 valoriza\u00e7\u00e3o da diversidade cultural. A iniciativa vem ao encontro dos anseios da popula\u00e7\u00e3o por eventos que promovam a integra\u00e7\u00e3o e o conhecimento mutuo, al\u00e9m de consolidar ainda mais a cidade no cen\u00e1rio cultural brasileiro.<\/p>\n\n<div style=\"font-size: 0px; height: 0px; line-height: 0px; margin: 0; padding: 0; clear: both;\"><\/div>","protected":false},"excerpt":{"rendered":"<p>A Semana da Cultura Coreana em Piracicaba celebra a diversidade cultural e promove eventos \u00fanicos.<\/p>\n","protected":false},"author":1,"featured_media":4698,"comment_status":"closed","ping_status":"closed","sticky":false,"template":"","format":"standard","meta":{"footnotes":""},"categories":[6],"tags":[],"class_list":["post-4699","post","type-post","status-publish","format-standard","has-post-thumbnail","hentry","category-noticias-em-piracicaba","has_thumb"],"aioseo_notices":[],"aioseo_head":"\n\t\t<!-- All in One SEO 5.0.0.1 - aioseo.com -->\n\t<meta name=\"robots\" content=\"max-image-preview:large\" \/>\n\t<meta name=\"author\" content=\"Encontra Piracicaba\"\/>\n\t<link rel=\"canonical\" href=\"https:\/\/www.encontrapiracicaba.com.br\/sobre\/camara-aprova-criacao-da-semana-da-cultura-coreana-em-piracicaba\/\" \/>\n\t<meta name=\"generator\" content=\"All in One SEO (AIOSEO) 5.0.0.1\" \/>\n\t\t<meta property=\"og:locale\" content=\"pt_BR\" \/>\n\t\t<meta property=\"og:site_name\" content=\"Encontra Piracicaba | Not\u00edcias, eventos, informa\u00e7\u00f5es e dicas na cidade de Piracicaba e regi\u00e3o\" \/>\n\t\t<meta property=\"og:type\" content=\"article\" \/>\n\t\t<meta property=\"og:title\" content=\"C\u00e2mara aprova cria\u00e7\u00e3o da Semana da Cultura Coreana em Piracicaba | Encontra Piracicaba\" \/>\n\t\t<meta property=\"og:url\" content=\"https:\/\/www.encontrapiracicaba.com.br\/sobre\/camara-aprova-criacao-da-semana-da-cultura-coreana-em-piracicaba\/\" \/>\n\t\t<meta property=\"article:published_time\" content=\"2026-06-20T14:56:24+00:00\" \/>\n\t\t<meta property=\"article:modified_time\" content=\"2026-06-20T14:56:24+00:00\" \/>\n\t\t<meta name=\"twitter:card\" content=\"summary\" \/>\n\t\t<meta name=\"twitter:title\" content=\"C\u00e2mara aprova cria\u00e7\u00e3o da Semana da Cultura Coreana em Piracicaba | Encontra Piracicaba\" \/>\n\t\t<script type=\"application\/ld+json\" class=\"aioseo-schema\">\n\t\t\t{\"@context\":\"https:\\\/\\\/schema.org\",\"@graph\":[{\"@type\":\"Article\",\"@id\":\"https:\\\/\\\/www.encontrapiracicaba.com.br\\\/sobre\\\/camara-aprova-criacao-da-semana-da-cultura-coreana-em-piracicaba\\\/#article\",\"name\":\"C\\u00e2mara aprova cria\\u00e7\\u00e3o da Semana da Cultura Coreana em Piracicaba | Encontra Piracicaba\",\"headline\":\"C\\u00e2mara aprova cria\\u00e7\\u00e3o da Semana da Cultura Coreana em Piracicaba\",\"author\":{\"@id\":\"https:\\\/\\\/www.encontrapiracicaba.com.br\\\/sobre\\\/author\\\/epiracicaba\\\/#author\"},\"publisher\":{\"@id\":\"https:\\\/\\\/www.encontrapiracicaba.com.br\\\/sobre\\\/#organization\"},\"image\":{\"@type\":\"ImageObject\",\"url\":\"https:\\\/\\\/www.encontrapiracicaba.com.br\\\/sobre\\\/wp-content\\\/uploads\\\/camara-aprova-criacao-da-semana-da-cultura-coreana-em-piracicaba.webp\",\"width\":280,\"height\":280,\"caption\":\"Semana da Cultura Coreana\"},\"datePublished\":\"2026-06-20T11:56:24-03:00\",\"dateModified\":\"2026-06-20T11:56:24-03:00\",\"inLanguage\":\"pt-BR\",\"mainEntityOfPage\":{\"@id\":\"https:\\\/\\\/www.encontrapiracicaba.com.br\\\/sobre\\\/camara-aprova-criacao-da-semana-da-cultura-coreana-em-piracicaba\\\/#webpage\"},\"isPartOf\":{\"@id\":\"https:\\\/\\\/www.encontrapiracicaba.com.br\\\/sobre\\\/camara-aprova-criacao-da-semana-da-cultura-coreana-em-piracicaba\\\/#webpage\"},\"articleSection\":\"Not\\u00edcias Piracicaba\"},{\"@type\":\"BreadcrumbList\",\"@id\":\"https:\\\/\\\/www.encontrapiracicaba.com.br\\\/sobre\\\/camara-aprova-criacao-da-semana-da-cultura-coreana-em-piracicaba\\\/#breadcrumblist\",\"itemListElement\":[{\"@type\":\"ListItem\",\"@id\":\"https:\\\/\\\/www.encontrapiracicaba.com.br\\\/sobre#listItem\",\"position\":1,\"name\":\"In\\u00edcio\",\"item\":\"https:\\\/\\\/www.encontrapiracicaba.com.br\\\/sobre\",\"nextItem\":{\"@type\":\"ListItem\",\"@id\":\"https:\\\/\\\/www.encontrapiracicaba.com.br\\\/sobre\\\/noticias-em-piracicaba\\\/#listItem\",\"name\":\"Not\\u00edcias Piracicaba\"}},{\"@type\":\"ListItem\",\"@id\":\"https:\\\/\\\/www.encontrapiracicaba.com.br\\\/sobre\\\/noticias-em-piracicaba\\\/#listItem\",\"position\":2,\"name\":\"Not\\u00edcias Piracicaba\",\"item\":\"https:\\\/\\\/www.encontrapiracicaba.com.br\\\/sobre\\\/noticias-em-piracicaba\\\/\",\"nextItem\":{\"@type\":\"ListItem\",\"@id\":\"https:\\\/\\\/www.encontrapiracicaba.com.br\\\/sobre\\\/camara-aprova-criacao-da-semana-da-cultura-coreana-em-piracicaba\\\/#listItem\",\"name\":\"C\\u00e2mara aprova cria\\u00e7\\u00e3o da Semana da Cultura Coreana em Piracicaba\"},\"previousItem\":{\"@type\":\"ListItem\",\"@id\":\"https:\\\/\\\/www.encontrapiracicaba.com.br\\\/sobre#listItem\",\"name\":\"In\\u00edcio\"}},{\"@type\":\"ListItem\",\"@id\":\"https:\\\/\\\/www.encontrapiracicaba.com.br\\\/sobre\\\/camara-aprova-criacao-da-semana-da-cultura-coreana-em-piracicaba\\\/#listItem\",\"position\":3,\"name\":\"C\\u00e2mara aprova cria\\u00e7\\u00e3o da Semana da Cultura Coreana em Piracicaba\",\"previousItem\":{\"@type\":\"ListItem\",\"@id\":\"https:\\\/\\\/www.encontrapiracicaba.com.br\\\/sobre\\\/noticias-em-piracicaba\\\/#listItem\",\"name\":\"Not\\u00edcias Piracicaba\"}}]},{\"@type\":\"Organization\",\"@id\":\"https:\\\/\\\/www.encontrapiracicaba.com.br\\\/sobre\\\/#organization\",\"name\":\"Encontra Piracicaba\",\"description\":\"Not\\u00edcias, eventos, informa\\u00e7\\u00f5es e dicas na cidade de Piracicaba e regi\\u00e3o\",\"url\":\"https:\\\/\\\/www.encontrapiracicaba.com.br\\\/sobre\\\/\"},{\"@type\":\"Person\",\"@id\":\"https:\\\/\\\/www.encontrapiracicaba.com.br\\\/sobre\\\/author\\\/epiracicaba\\\/#author\",\"url\":\"https:\\\/\\\/www.encontrapiracicaba.com.br\\\/sobre\\\/author\\\/epiracicaba\\\/\",\"name\":\"Encontra Piracicaba\",\"image\":{\"@type\":\"ImageObject\",\"@id\":\"https:\\\/\\\/www.encontrapiracicaba.com.br\\\/sobre\\\/camara-aprova-criacao-da-semana-da-cultura-coreana-em-piracicaba\\\/#authorImage\",\"url\":\"https:\\\/\\\/secure.gravatar.com\\\/avatar\\\/507340682b8270222e1f208e23198b6ae7e2c6a1033ae84e99bc6bce4f82a387?s=96&d=mm&r=g\",\"width\":96,\"height\":96,\"caption\":\"Encontra Piracicaba\"}},{\"@type\":\"WebPage\",\"@id\":\"https:\\\/\\\/www.encontrapiracicaba.com.br\\\/sobre\\\/camara-aprova-criacao-da-semana-da-cultura-coreana-em-piracicaba\\\/#webpage\",\"url\":\"https:\\\/\\\/www.encontrapiracicaba.com.br\\\/sobre\\\/camara-aprova-criacao-da-semana-da-cultura-coreana-em-piracicaba\\\/\",\"name\":\"C\\u00e2mara aprova cria\\u00e7\\u00e3o da Semana da Cultura Coreana em Piracicaba | Encontra Piracicaba\",\"inLanguage\":\"pt-BR\",\"isPartOf\":{\"@id\":\"https:\\\/\\\/www.encontrapiracicaba.com.br\\\/sobre\\\/#website\"},\"breadcrumb\":{\"@id\":\"https:\\\/\\\/www.encontrapiracicaba.com.br\\\/sobre\\\/camara-aprova-criacao-da-semana-da-cultura-coreana-em-piracicaba\\\/#breadcrumblist\"},\"author\":{\"@id\":\"https:\\\/\\\/www.encontrapiracicaba.com.br\\\/sobre\\\/author\\\/epiracicaba\\\/#author\"},\"creator\":{\"@id\":\"https:\\\/\\\/www.encontrapiracicaba.com.br\\\/sobre\\\/author\\\/epiracicaba\\\/#author\"},\"image\":{\"@type\":\"ImageObject\",\"url\":\"https:\\\/\\\/www.encontrapiracicaba.com.br\\\/sobre\\\/wp-content\\\/uploads\\\/camara-aprova-criacao-da-semana-da-cultura-coreana-em-piracicaba.webp\",\"@id\":\"https:\\\/\\\/www.encontrapiracicaba.com.br\\\/sobre\\\/camara-aprova-criacao-da-semana-da-cultura-coreana-em-piracicaba\\\/#mainImage\",\"width\":280,\"height\":280,\"caption\":\"Semana da Cultura Coreana\"},\"primaryImageOfPage\":{\"@id\":\"https:\\\/\\\/www.encontrapiracicaba.com.br\\\/sobre\\\/camara-aprova-criacao-da-semana-da-cultura-coreana-em-piracicaba\\\/#mainImage\"},\"datePublished\":\"2026-06-20T11:56:24-03:00\",\"dateModified\":\"2026-06-20T11:56:24-03:00\"},{\"@type\":\"WebSite\",\"@id\":\"https:\\\/\\\/www.encontrapiracicaba.com.br\\\/sobre\\\/#website\",\"url\":\"https:\\\/\\\/www.encontrapiracicaba.com.br\\\/sobre\\\/\",\"name\":\"Encontra Piracicaba\",\"description\":\"Not\\u00edcias, eventos, informa\\u00e7\\u00f5es e dicas na cidade de Piracicaba e regi\\u00e3o\",\"inLanguage\":\"pt-BR\",\"publisher\":{\"@id\":\"https:\\\/\\\/www.encontrapiracicaba.com.br\\\/sobre\\\/#organization\"}}]}\n\t\t<\/script>\n\t\t<!-- All in One SEO -->\n\n","aioseo_head_json":{"title":"C\u00e2mara aprova cria\u00e7\u00e3o da Semana da Cultura Coreana em Piracicaba | Encontra Piracicaba","description":"","canonical_url":"https:\/\/www.encontrapiracicaba.com.br\/sobre\/camara-aprova-criacao-da-semana-da-cultura-coreana-em-piracicaba\/","robots":"max-image-preview:large","keywords":"","webmasterTools":{"miscellaneous":""},"schema":{"@context":"https:\/\/schema.org","@graph":[{"@type":"Article","@id":"https:\/\/www.encontrapiracicaba.com.br\/sobre\/camara-aprova-criacao-da-semana-da-cultura-coreana-em-piracicaba\/#article","name":"C\u00e2mara aprova cria\u00e7\u00e3o da Semana da Cultura Coreana em Piracicaba | Encontra Piracicaba","headline":"C\u00e2mara aprova cria\u00e7\u00e3o da Semana da Cultura Coreana em Piracicaba","author":{"@id":"https:\/\/www.encontrapiracicaba.com.br\/sobre\/author\/epiracicaba\/#author"},"publisher":{"@id":"https:\/\/www.encontrapiracicaba.com.br\/sobre\/#organization"},"image":{"@type":"ImageObject","url":"https:\/\/www.encontrapiracicaba.com.br\/sobre\/wp-content\/uploads\/camara-aprova-criacao-da-semana-da-cultura-coreana-em-piracicaba.webp","width":280,"height":280,"caption":"Semana da Cultura Coreana"},"datePublished":"2026-06-20T11:56:24-03:00","dateModified":"2026-06-20T11:56:24-03:00","inLanguage":"pt-BR","mainEntityOfPage":{"@id":"https:\/\/www.encontrapiracicaba.com.br\/sobre\/camara-aprova-criacao-da-semana-da-cultura-coreana-em-piracicaba\/#webpage"},"isPartOf":{"@id":"https:\/\/www.encontrapiracicaba.com.br\/sobre\/camara-aprova-criacao-da-semana-da-cultura-coreana-em-piracicaba\/#webpage"},"articleSection":"Not\u00edcias Piracicaba"},{"@type":"BreadcrumbList","@id":"https:\/\/www.encontrapiracicaba.com.br\/sobre\/camara-aprova-criacao-da-semana-da-cultura-coreana-em-piracicaba\/#breadcrumblist","itemListElement":[{"@type":"ListItem","@id":"https:\/\/www.encontrapiracicaba.com.br\/sobre#listItem","position":1,"name":"In\u00edcio","item":"https:\/\/www.encontrapiracicaba.com.br\/sobre","nextItem":{"@type":"ListItem","@id":"https:\/\/www.encontrapiracicaba.com.br\/sobre\/noticias-em-piracicaba\/#listItem","name":"Not\u00edcias Piracicaba"}},{"@type":"ListItem","@id":"https:\/\/www.encontrapiracicaba.com.br\/sobre\/noticias-em-piracicaba\/#listItem","position":2,"name":"Not\u00edcias Piracicaba","item":"https:\/\/www.encontrapiracicaba.com.br\/sobre\/noticias-em-piracicaba\/","nextItem":{"@type":"ListItem","@id":"https:\/\/www.encontrapiracicaba.com.br\/sobre\/camara-aprova-criacao-da-semana-da-cultura-coreana-em-piracicaba\/#listItem","name":"C\u00e2mara aprova cria\u00e7\u00e3o da Semana da Cultura Coreana em Piracicaba"},"previousItem":{"@type":"ListItem","@id":"https:\/\/www.encontrapiracicaba.com.br\/sobre#listItem","name":"In\u00edcio"}},{"@type":"ListItem","@id":"https:\/\/www.encontrapiracicaba.com.br\/sobre\/camara-aprova-criacao-da-semana-da-cultura-coreana-em-piracicaba\/#listItem","position":3,"name":"C\u00e2mara aprova cria\u00e7\u00e3o da Semana da Cultura Coreana em Piracicaba","previousItem":{"@type":"ListItem","@id":"https:\/\/www.encontrapiracicaba.com.br\/sobre\/noticias-em-piracicaba\/#listItem","name":"Not\u00edcias Piracicaba"}}]},{"@type":"Organization","@id":"https:\/\/www.encontrapiracicaba.com.br\/sobre\/#organization","name":"Encontra Piracicaba","description":"Not\u00edcias, eventos, informa\u00e7\u00f5es e dicas na cidade de Piracicaba e regi\u00e3o","url":"https:\/\/www.encontrapiracicaba.com.br\/sobre\/"},{"@type":"Person","@id":"https:\/\/www.encontrapiracicaba.com.br\/sobre\/author\/epiracicaba\/#author","url":"https:\/\/www.encontrapiracicaba.com.br\/sobre\/author\/epiracicaba\/","name":"Encontra Piracicaba","image":{"@type":"ImageObject","@id":"https:\/\/www.encontrapiracicaba.com.br\/sobre\/camara-aprova-criacao-da-semana-da-cultura-coreana-em-piracicaba\/#authorImage","url":"https:\/\/secure.gravatar.com\/avatar\/507340682b8270222e1f208e23198b6ae7e2c6a1033ae84e99bc6bce4f82a387?s=96&d=mm&r=g","width":96,"height":96,"caption":"Encontra Piracicaba"}},{"@type":"WebPage","@id":"https:\/\/www.encontrapiracicaba.com.br\/sobre\/camara-aprova-criacao-da-semana-da-cultura-coreana-em-piracicaba\/#webpage","url":"https:\/\/www.encontrapiracicaba.com.br\/sobre\/camara-aprova-criacao-da-semana-da-cultura-coreana-em-piracicaba\/","name":"C\u00e2mara aprova cria\u00e7\u00e3o da Semana da Cultura Coreana em Piracicaba | Encontra Piracicaba","inLanguage":"pt-BR","isPartOf":{"@id":"https:\/\/www.encontrapiracicaba.com.br\/sobre\/#website"},"breadcrumb":{"@id":"https:\/\/www.encontrapiracicaba.com.br\/sobre\/camara-aprova-criacao-da-semana-da-cultura-coreana-em-piracicaba\/#breadcrumblist"},"author":{"@id":"https:\/\/www.encontrapiracicaba.com.br\/sobre\/author\/epiracicaba\/#author"},"creator":{"@id":"https:\/\/www.encontrapiracicaba.com.br\/sobre\/author\/epiracicaba\/#author"},"image":{"@type":"ImageObject","url":"https:\/\/www.encontrapiracicaba.com.br\/sobre\/wp-content\/uploads\/camara-aprova-criacao-da-semana-da-cultura-coreana-em-piracicaba.webp","@id":"https:\/\/www.encontrapiracicaba.com.br\/sobre\/camara-aprova-criacao-da-semana-da-cultura-coreana-em-piracicaba\/#mainImage","width":280,"height":280,"caption":"Semana da Cultura Coreana"},"primaryImageOfPage":{"@id":"https:\/\/www.encontrapiracicaba.com.br\/sobre\/camara-aprova-criacao-da-semana-da-cultura-coreana-em-piracicaba\/#mainImage"},"datePublished":"2026-06-20T11:56:24-03:00","dateModified":"2026-06-20T11:56:24-03:00"},{"@type":"WebSite","@id":"https:\/\/www.encontrapiracicaba.com.br\/sobre\/#website","url":"https:\/\/www.encontrapiracicaba.com.br\/sobre\/","name":"Encontra Piracicaba","description":"Not\u00edcias, eventos, informa\u00e7\u00f5es e dicas na cidade de Piracicaba e regi\u00e3o","inLanguage":"pt-BR","publisher":{"@id":"https:\/\/www.encontrapiracicaba.com.br\/sobre\/#organization"}}]},"og:locale":"pt_BR","og:site_name":"Encontra Piracicaba | Not\u00edcias, eventos, informa\u00e7\u00f5es e dicas na cidade de Piracicaba e regi\u00e3o","og:type":"article","og:title":"C\u00e2mara aprova cria\u00e7\u00e3o da Semana da Cultura Coreana em Piracicaba | Encontra Piracicaba","og:url":"https:\/\/www.encontrapiracicaba.com.br\/sobre\/camara-aprova-criacao-da-semana-da-cultura-coreana-em-piracicaba\/","article:published_time":"2026-06-20T14:56:24+00:00","article:modified_time":"2026-06-20T14:56:24+00:00","twitter:card":"summary","twitter:title":"C\u00e2mara aprova cria\u00e7\u00e3o da Semana da Cultura Coreana em Piracicaba | Encontra Piracicaba"},"aioseo_meta_data":{"post_id":"4699","title":null,"description":null,"keywords":null,"keyphrases":null,"primary_term":null,"canonical_url":null,"og_title":null,"og_description":null,"og_object_type":"default","og_image_type":"default","og_image_url":null,"og_image_width":null,"og_image_height":null,"og_image_custom_url":null,"og_image_custom_fields":null,"og_video":null,"og_custom_url":null,"og_article_section":null,"og_article_tags":null,"twitter_use_og":false,"twitter_card":"default","twitter_image_type":"default","twitter_image_url":null,"twitter_image_custom_url":null,"twitter_image_custom_fields":null,"twitter_title":null,"twitter_description":null,"schema":{"blockGraphs":[],"customGraphs":[],"default":{"data":{"Article":[],"Course":[],"Dataset":[],"FAQPage":[],"Movie":[],"Person":[],"Product":[],"ProductReview":[],"Car":[],"Recipe":[],"Service":[],"SoftwareApplication":[],"WebPage":[]},"graphName":"Article","isEnabled":true},"graphs":[]},"schema_type":"default","schema_type_options":null,"pillar_content":false,"robots_default":true,"robots_noindex":false,"robots_noarchive":false,"robots_nosnippet":false,"robots_nofollow":false,"robots_noimageindex":false,"robots_noodp":false,"robots_notranslate":false,"robots_max_snippet":null,"robots_max_videopreview":null,"robots_max_imagepreview":"large","priority":null,"frequency":null,"local_seo":null,"breadcrumb_settings":null,"limit_modified_date":false,"ai":null,"created":"2026-06-20 14:56:32","updated":"2026-06-20 14:57:21","focus_keyword":null,"additional_keywords":null,"truseo_locale":null,"seo_analyzer_scan_date":null},"aioseo_breadcrumb":"<div class=\"aioseo-breadcrumbs\"><span class=\"aioseo-breadcrumb\">\n\t\t\t<a href=\"https:\/\/www.encontrapiracicaba.com.br\/sobre\" title=\"In\u00edcio\">In\u00edcio<\/a>\n\t\t<\/span><span class=\"aioseo-breadcrumb-separator\">&raquo;<\/span><span class=\"aioseo-breadcrumb\">\n\t\t\t<a href=\"https:\/\/www.encontrapiracicaba.com.br\/sobre\/noticias-em-piracicaba\/\" title=\"Not\u00edcias Piracicaba\">Not\u00edcias Piracicaba<\/a>\n\t\t<\/span><span class=\"aioseo-breadcrumb-separator\">&raquo;<\/span><span class=\"aioseo-breadcrumb\">\n\t\t\tC\u00e2mara aprova cria\u00e7\u00e3o da Semana da Cultura Coreana em Piracicaba\n\t\t<\/span><\/div>","aioseo_breadcrumb_json":[{"label":"In\u00edcio","link":"https:\/\/www.encontrapiracicaba.com.br\/sobre"},{"label":"Not\u00edcias Piracicaba","link":"https:\/\/www.encontrapiracicaba.com.br\/sobre\/noticias-em-piracicaba\/"},{"label":"C\u00e2mara aprova cria\u00e7\u00e3o da Semana da Cultura Coreana em Piracicaba","link":"https:\/\/www.encontrapiracicaba.com.br\/sobre\/camara-aprova-criacao-da-semana-da-cultura-coreana-em-piracicaba\/"}],"_links":{"self":[{"href":"https:\/\/www.encontrapiracicaba.com.br\/sobre\/wp-json\/wp\/v2\/posts\/4699","targetHints":{"allow":["GET"]}}],"collection":[{"href":"https:\/\/www.encontrapiracicaba.com.br\/sobre\/wp-json\/wp\/v2\/posts"}],"about":[{"href":"https:\/\/www.encontrapiracicaba.com.br\/sobre\/wp-json\/wp\/v2\/types\/post"}],"author":[{"embeddable":true,"href":"https:\/\/www.encontrapiracicaba.com.br\/sobre\/wp-json\/wp\/v2\/users\/1"}],"replies":[{"embeddable":true,"href":"https:\/\/www.encontrapiracicaba.com.br\/sobre\/wp-json\/wp\/v2\/comments?post=4699"}],"version-history":[{"count":0,"href":"https:\/\/www.encontrapiracicaba.com.br\/sobre\/wp-json\/wp\/v2\/posts\/4699\/revisions"}],"wp:featuredmedia":[{"embeddable":true,"href":"https:\/\/www.encontrapiracicaba.com.br\/sobre\/wp-json\/wp\/v2\/media\/4698"}],"wp:attachment":[{"href":"https:\/\/www.encontrapiracicaba.com.br\/sobre\/wp-json\/wp\/v2\/media?parent=4699"}],"wp:term":[{"taxonomy":"category","embeddable":true,"href":"https:\/\/www.encontrapiracicaba.com.br\/sobre\/wp-json\/wp\/v2\/categories?post=4699"},{"taxonomy":"post_tag","embeddable":true,"href":"https:\/\/www.encontrapiracicaba.com.br\/sobre\/wp-json\/wp\/v2\/tags?post=4699"}],"curies":[{"name":"wp","href":"https:\/\/api.w.org\/{rel}","templated":true}]}}