{"id":4715,"date":"2026-06-23T11:16:46","date_gmt":"2026-06-23T14:16:46","guid":{"rendered":"https:\/\/www.encontrapiracicaba.com.br\/sobre\/vereador-questiona-executivo-sobre-a-estrutura-cicloviaria-de-piracicaba\/"},"modified":"2026-06-23T11:16:46","modified_gmt":"2026-06-23T14:16:46","slug":"vereador-questiona-executivo-sobre-a-estrutura-cicloviaria-de-piracicaba","status":"publish","type":"post","link":"https:\/\/www.encontrapiracicaba.com.br\/sobre\/vereador-questiona-executivo-sobre-a-estrutura-cicloviaria-de-piracicaba\/","title":{"rendered":"Vereador questiona Executivo sobre a estrutura ciclovi\u00e1ria de Piracicaba"},"content":{"rendered":"<div class=\"85df007ed5c0c4d4b453fd13a37855e8\" data-index=\"1\" style=\"float: none; margin:0px;\">\n<!-- Anuncio display - global -->\r\n<ins class=\"adsbygoogle\"\r\n     style=\"display:block\"\r\n     data-ad-client=\"ca-pub-8585364105181520\"\r\n     data-ad-slot=\"8789329856\"\r\n     data-ad-format=\"auto\"\r\n     data-full-width-responsive=\"true\"><\/ins>\r\n<script>\r\n     (adsbygoogle = window.adsbygoogle || []).push({});\r\n<\/script>\n<\/div>\n<h2>O Requerimento do Vereador Edson Bertaia<\/h2>\n<p>O vereador Edson Bertaia (MDB) apresentou um requerimento \u00e0 Prefeitura de Piracicaba, que foi aprovado na 36\u00aa reuni\u00e3o ordin\u00e1ria ocorrida no dia 22 de junho de 2026. O documento, de n\u00famero 667\/2026, visa obter informa\u00e7\u00f5es detalhadas sobre a estrutura ciclovi\u00e1ria existente, as obras em andamento e os planos futuros para a expans\u00e3o das ciclovias na cidade.<\/p>\n<h2>Mobilidade Urbana Sustent\u00e1vel em Piracicaba<\/h2>\n<p>A mobilidade urbana sustent\u00e1vel \u00e9 uma diretriz fundamental dentro da Pol\u00edtica Nacional de Mobilidade Urbana, estabelecida pela Lei Federal n\u00ba 12.587\/2012. Essa legisla\u00e7\u00e3o prioriza formas de transporte n\u00e3o motorizadas, como as bicicletas, em detrimento de ve\u00edculos motorizados. Nesse contexto, o vereador Bertaia defende a import\u00e2ncia da bicicleta como meio de transporte essencial e como uma op\u00e7\u00e3o de lazer para a popula\u00e7\u00e3o local.<\/p>\n<h2>Import\u00e2ncia da Ciclovia para a Comunidade<\/h2>\n<p>A infraestrutura ciclovi\u00e1ria desempenha um papel crucial na promo\u00e7\u00e3o de um sistema de transporte que favorece a mobilidade. As ciclovias proporcionam maior seguran\u00e7a e conforto para os ciclistas, incentivando o uso da bicicleta como uma alternativa vi\u00e1vel ao tr\u00e2nsito de ve\u00edculos. Al\u00e9m disso, a presen\u00e7a de ciclovias contribui para a redu\u00e7\u00e3o da polui\u00e7\u00e3o e melhora a qualidade de vida urbana.<\/p>\n<p><img decoding=\"async\" src=\"https:\/\/www.encontrapiracicaba.com.br\/sobre\/wp-content\/uploads\/vereador-questiona-executivo-sobre-a-estrutura-cicloviaria-de-piracicaba.webp\" alt=\"estrutura ciclovi\u00e1ria de Piracicaba\" loading=\"lazy\" \/><\/p>\n<h2>Obras em Execu\u00e7\u00e3o na Avenida Cruzeiro do Sul<\/h2>\n<p>Atualmente, a Avenida Cruzeiro do Sul passa por obras de reforma e melhorias que incluem a instala\u00e7\u00e3o de infraestrutura ciclovi\u00e1ria. Este projeto tem a expectativa de beneficiar tanto os ciclistas quanto os pedestres, promovendo um ambiente urbano mais integrado e acess\u00edvel. \u00c9 fundamental que essas obras sejam realizadas com padr\u00e3o t\u00e9cnico adequado para garantir a seguran\u00e7a dos usu\u00e1rios.<\/p>\n<h2>Planejamento Integrado da Rede Ciclovi\u00e1ria<\/h2>\n<p>Um planejamento adequado e integrado da rede ciclovi\u00e1ria \u00e9 vital. As rotas que se interconectam e que se encontram sinalizadas de forma clara s\u00e3o essenciais para garantir a seguran\u00e7a dos ciclistas, al\u00e9m de incentiv\u00e1-los a utilizar a bicicleta como meio de transporte. A elabora\u00e7\u00e3o de um plano que conecte as principais vias da cidade pode facilitar ainda mais o acesso \u00e0s diferentes regi\u00f5es de Piracicaba.<\/p>\n<h2>Seguran\u00e7a e Incentivos ao Uso da Bicicleta<\/h2>\n<p>Para estimular o uso da bicicleta, \u00e9 imperativo garantir a seguran\u00e7a dos ciclistas nas vias urbanas. Isso inclui a implementa\u00e7\u00e3o de sinaliza\u00e7\u00f5es adequadas, a cria\u00e7\u00e3o de faixas exclusivas e a promo\u00e7\u00e3o de campanhas educativas que ressaltam a import\u00e2ncia do respeito \u00e0s normas de tr\u00e2nsito. A seguran\u00e7a vi\u00e1ria pode influenciar positivamente a decis\u00e3o das pessoas em optar pela bicicleta como meio de locomo\u00e7\u00e3o.<\/p>\n<h2>Consultas P\u00fablicas e Participa\u00e7\u00e3o Popular<\/h2>\n<p>O vereador Bertaria tamb\u00e9m questiona se h\u00e1 espa\u00e7o para consultas p\u00fablicas ou audi\u00eancias sobre a expans\u00e3o da malha ciclovi\u00e1ria. A participa\u00e7\u00e3o popular \u00e9 essencial para entender as necessidades dos moradores e garantir que as a\u00e7\u00f5es da Prefeitura estejam alinhadas com o que a popula\u00e7\u00e3o deseja e necessita.<\/p>\n<h2>Estudos T\u00e9cnicos para Novas Ciclovias<\/h2>\n<p>No requerimento, Bertaia solicita informa\u00e7\u00f5es sobre a exist\u00eancia de estudos ou projetos que avaliem a viabilidade de novas ciclovias ou ciclofaixas em Piracicaba. Tais avalia\u00e7\u00f5es s\u00e3o fundamentais para assegurar que as novas implementa\u00e7\u00f5es atendam \u00e0s demandas locais e sejam sustent\u00e1veis a longo prazo.<\/p>\n<h2>Cronograma de Melhoria da Ciclovia Existente<\/h2>\n<p>Outro ponto abordado pelo vereador diz respeito ao cronograma de obras na ciclovia da Avenida Cruzeiro do Sul. A popula\u00e7\u00e3o espera transpar\u00eancia quanto aos prazos e etapas das melhorias em andamento, para que possa planejar seu uso da infraestrutura dispon\u00edvel.<\/p>\n<h2>Expectativas da Popula\u00e7\u00e3o para a Mobilidade<\/h2>\n<p>Existem expectativas elevadas por parte da comunidade em rela\u00e7\u00e3o ao desenvolvimento da infraestrutura ciclovi\u00e1ria. Os cidad\u00e3os desejam uma mobilidade urbana que priorize o transporte n\u00e3o motorizado, promovendo um ambiente mais sustent\u00e1vel e saud\u00e1vel. Assim, a colabora\u00e7\u00e3o entre o legislativo e a popula\u00e7\u00e3o \u00e9 crucial para o sucesso desse projeto.<\/p>\n<p>As informa\u00e7\u00f5es obtidas atrav\u00e9s do requerimento poder\u00e3o servir como base para a implementa\u00e7\u00e3o de melhorias significativas na mobilidade urbana de Piracicaba, alinhando-se \u00e0s diretrizes nacionais e \u00e0s expectativas da comunidade local para um futuro mais sustent\u00e1vel.<\/p>\n<p><strong>Texto: Rebeca Paroli Makhoul &#8211; MTB 25.992<\/strong><br \/><strong>Supervis\u00e3o: Rodrigo Alves &#8211; MTB 42.583<\/strong><\/p>\n\n<div style=\"font-size: 0px; height: 0px; line-height: 0px; margin: 0; padding: 0; clear: both;\"><\/div>","protected":false},"excerpt":{"rendered":"<p>Estrutura ciclovi\u00e1ria de Piracicaba gera questionamentos no Executivo.<\/p>\n","protected":false},"author":1,"featured_media":4714,"comment_status":"closed","ping_status":"closed","sticky":false,"template":"","format":"standard","meta":{"footnotes":""},"categories":[6],"tags":[],"class_list":["post-4715","post","type-post","status-publish","format-standard","has-post-thumbnail","hentry","category-noticias-em-piracicaba","has_thumb"],"aioseo_notices":[],"aioseo_head":"\n\t\t<!-- All in One SEO 5.0.0.1 - aioseo.com -->\n\t<meta name=\"robots\" content=\"max-image-preview:large\" \/>\n\t<meta name=\"author\" content=\"Encontra Piracicaba\"\/>\n\t<link rel=\"canonical\" href=\"https:\/\/www.encontrapiracicaba.com.br\/sobre\/vereador-questiona-executivo-sobre-a-estrutura-cicloviaria-de-piracicaba\/\" \/>\n\t<meta name=\"generator\" content=\"All in One SEO (AIOSEO) 5.0.0.1\" \/>\n\t\t<meta property=\"og:locale\" content=\"pt_BR\" \/>\n\t\t<meta property=\"og:site_name\" content=\"Encontra Piracicaba | Not\u00edcias, eventos, informa\u00e7\u00f5es e dicas na cidade de Piracicaba e regi\u00e3o\" \/>\n\t\t<meta property=\"og:type\" content=\"article\" \/>\n\t\t<meta property=\"og:title\" content=\"Vereador questiona Executivo sobre a estrutura ciclovi\u00e1ria de Piracicaba | Encontra Piracicaba\" \/>\n\t\t<meta property=\"og:url\" content=\"https:\/\/www.encontrapiracicaba.com.br\/sobre\/vereador-questiona-executivo-sobre-a-estrutura-cicloviaria-de-piracicaba\/\" \/>\n\t\t<meta property=\"article:published_time\" content=\"2026-06-23T14:16:46+00:00\" \/>\n\t\t<meta property=\"article:modified_time\" content=\"2026-06-23T14:16:46+00:00\" \/>\n\t\t<meta name=\"twitter:card\" content=\"summary\" \/>\n\t\t<meta name=\"twitter:title\" content=\"Vereador questiona Executivo sobre a estrutura ciclovi\u00e1ria de Piracicaba | Encontra Piracicaba\" \/>\n\t\t<script type=\"application\/ld+json\" class=\"aioseo-schema\">\n\t\t\t{\"@context\":\"https:\\\/\\\/schema.org\",\"@graph\":[{\"@type\":\"Article\",\"@id\":\"https:\\\/\\\/www.encontrapiracicaba.com.br\\\/sobre\\\/vereador-questiona-executivo-sobre-a-estrutura-cicloviaria-de-piracicaba\\\/#article\",\"name\":\"Vereador questiona Executivo sobre a estrutura ciclovi\\u00e1ria de Piracicaba | Encontra Piracicaba\",\"headline\":\"Vereador questiona Executivo sobre a estrutura ciclovi\\u00e1ria de Piracicaba\",\"author\":{\"@id\":\"https:\\\/\\\/www.encontrapiracicaba.com.br\\\/sobre\\\/author\\\/epiracicaba\\\/#author\"},\"publisher\":{\"@id\":\"https:\\\/\\\/www.encontrapiracicaba.com.br\\\/sobre\\\/#organization\"},\"image\":{\"@type\":\"ImageObject\",\"url\":\"https:\\\/\\\/www.encontrapiracicaba.com.br\\\/sobre\\\/wp-content\\\/uploads\\\/vereador-questiona-executivo-sobre-a-estrutura-cicloviaria-de-piracicaba.webp\",\"width\":280,\"height\":280,\"caption\":\"estrutura ciclovi\\u00e1ria de Piracicaba\"},\"datePublished\":\"2026-06-23T11:16:46-03:00\",\"dateModified\":\"2026-06-23T11:16:46-03:00\",\"inLanguage\":\"pt-BR\",\"mainEntityOfPage\":{\"@id\":\"https:\\\/\\\/www.encontrapiracicaba.com.br\\\/sobre\\\/vereador-questiona-executivo-sobre-a-estrutura-cicloviaria-de-piracicaba\\\/#webpage\"},\"isPartOf\":{\"@id\":\"https:\\\/\\\/www.encontrapiracicaba.com.br\\\/sobre\\\/vereador-questiona-executivo-sobre-a-estrutura-cicloviaria-de-piracicaba\\\/#webpage\"},\"articleSection\":\"Not\\u00edcias Piracicaba\"},{\"@type\":\"BreadcrumbList\",\"@id\":\"https:\\\/\\\/www.encontrapiracicaba.com.br\\\/sobre\\\/vereador-questiona-executivo-sobre-a-estrutura-cicloviaria-de-piracicaba\\\/#breadcrumblist\",\"itemListElement\":[{\"@type\":\"ListItem\",\"@id\":\"https:\\\/\\\/www.encontrapiracicaba.com.br\\\/sobre#listItem\",\"position\":1,\"name\":\"In\\u00edcio\",\"item\":\"https:\\\/\\\/www.encontrapiracicaba.com.br\\\/sobre\",\"nextItem\":{\"@type\":\"ListItem\",\"@id\":\"https:\\\/\\\/www.encontrapiracicaba.com.br\\\/sobre\\\/noticias-em-piracicaba\\\/#listItem\",\"name\":\"Not\\u00edcias Piracicaba\"}},{\"@type\":\"ListItem\",\"@id\":\"https:\\\/\\\/www.encontrapiracicaba.com.br\\\/sobre\\\/noticias-em-piracicaba\\\/#listItem\",\"position\":2,\"name\":\"Not\\u00edcias Piracicaba\",\"item\":\"https:\\\/\\\/www.encontrapiracicaba.com.br\\\/sobre\\\/noticias-em-piracicaba\\\/\",\"nextItem\":{\"@type\":\"ListItem\",\"@id\":\"https:\\\/\\\/www.encontrapiracicaba.com.br\\\/sobre\\\/vereador-questiona-executivo-sobre-a-estrutura-cicloviaria-de-piracicaba\\\/#listItem\",\"name\":\"Vereador questiona Executivo sobre a estrutura ciclovi\\u00e1ria de Piracicaba\"},\"previousItem\":{\"@type\":\"ListItem\",\"@id\":\"https:\\\/\\\/www.encontrapiracicaba.com.br\\\/sobre#listItem\",\"name\":\"In\\u00edcio\"}},{\"@type\":\"ListItem\",\"@id\":\"https:\\\/\\\/www.encontrapiracicaba.com.br\\\/sobre\\\/vereador-questiona-executivo-sobre-a-estrutura-cicloviaria-de-piracicaba\\\/#listItem\",\"position\":3,\"name\":\"Vereador questiona Executivo sobre a estrutura ciclovi\\u00e1ria de Piracicaba\",\"previousItem\":{\"@type\":\"ListItem\",\"@id\":\"https:\\\/\\\/www.encontrapiracicaba.com.br\\\/sobre\\\/noticias-em-piracicaba\\\/#listItem\",\"name\":\"Not\\u00edcias Piracicaba\"}}]},{\"@type\":\"Organization\",\"@id\":\"https:\\\/\\\/www.encontrapiracicaba.com.br\\\/sobre\\\/#organization\",\"name\":\"Encontra Piracicaba\",\"description\":\"Not\\u00edcias, eventos, informa\\u00e7\\u00f5es e dicas na cidade de Piracicaba e regi\\u00e3o\",\"url\":\"https:\\\/\\\/www.encontrapiracicaba.com.br\\\/sobre\\\/\"},{\"@type\":\"Person\",\"@id\":\"https:\\\/\\\/www.encontrapiracicaba.com.br\\\/sobre\\\/author\\\/epiracicaba\\\/#author\",\"url\":\"https:\\\/\\\/www.encontrapiracicaba.com.br\\\/sobre\\\/author\\\/epiracicaba\\\/\",\"name\":\"Encontra Piracicaba\",\"image\":{\"@type\":\"ImageObject\",\"@id\":\"https:\\\/\\\/www.encontrapiracicaba.com.br\\\/sobre\\\/vereador-questiona-executivo-sobre-a-estrutura-cicloviaria-de-piracicaba\\\/#authorImage\",\"url\":\"https:\\\/\\\/secure.gravatar.com\\\/avatar\\\/507340682b8270222e1f208e23198b6ae7e2c6a1033ae84e99bc6bce4f82a387?s=96&d=mm&r=g\",\"width\":96,\"height\":96,\"caption\":\"Encontra Piracicaba\"}},{\"@type\":\"WebPage\",\"@id\":\"https:\\\/\\\/www.encontrapiracicaba.com.br\\\/sobre\\\/vereador-questiona-executivo-sobre-a-estrutura-cicloviaria-de-piracicaba\\\/#webpage\",\"url\":\"https:\\\/\\\/www.encontrapiracicaba.com.br\\\/sobre\\\/vereador-questiona-executivo-sobre-a-estrutura-cicloviaria-de-piracicaba\\\/\",\"name\":\"Vereador questiona Executivo sobre a estrutura ciclovi\\u00e1ria de Piracicaba | Encontra Piracicaba\",\"inLanguage\":\"pt-BR\",\"isPartOf\":{\"@id\":\"https:\\\/\\\/www.encontrapiracicaba.com.br\\\/sobre\\\/#website\"},\"breadcrumb\":{\"@id\":\"https:\\\/\\\/www.encontrapiracicaba.com.br\\\/sobre\\\/vereador-questiona-executivo-sobre-a-estrutura-cicloviaria-de-piracicaba\\\/#breadcrumblist\"},\"author\":{\"@id\":\"https:\\\/\\\/www.encontrapiracicaba.com.br\\\/sobre\\\/author\\\/epiracicaba\\\/#author\"},\"creator\":{\"@id\":\"https:\\\/\\\/www.encontrapiracicaba.com.br\\\/sobre\\\/author\\\/epiracicaba\\\/#author\"},\"image\":{\"@type\":\"ImageObject\",\"url\":\"https:\\\/\\\/www.encontrapiracicaba.com.br\\\/sobre\\\/wp-content\\\/uploads\\\/vereador-questiona-executivo-sobre-a-estrutura-cicloviaria-de-piracicaba.webp\",\"@id\":\"https:\\\/\\\/www.encontrapiracicaba.com.br\\\/sobre\\\/vereador-questiona-executivo-sobre-a-estrutura-cicloviaria-de-piracicaba\\\/#mainImage\",\"width\":280,\"height\":280,\"caption\":\"estrutura ciclovi\\u00e1ria de Piracicaba\"},\"primaryImageOfPage\":{\"@id\":\"https:\\\/\\\/www.encontrapiracicaba.com.br\\\/sobre\\\/vereador-questiona-executivo-sobre-a-estrutura-cicloviaria-de-piracicaba\\\/#mainImage\"},\"datePublished\":\"2026-06-23T11:16:46-03:00\",\"dateModified\":\"2026-06-23T11:16:46-03:00\"},{\"@type\":\"WebSite\",\"@id\":\"https:\\\/\\\/www.encontrapiracicaba.com.br\\\/sobre\\\/#website\",\"url\":\"https:\\\/\\\/www.encontrapiracicaba.com.br\\\/sobre\\\/\",\"name\":\"Encontra Piracicaba\",\"description\":\"Not\\u00edcias, eventos, informa\\u00e7\\u00f5es e dicas na cidade de Piracicaba e regi\\u00e3o\",\"inLanguage\":\"pt-BR\",\"publisher\":{\"@id\":\"https:\\\/\\\/www.encontrapiracicaba.com.br\\\/sobre\\\/#organization\"}}]}\n\t\t<\/script>\n\t\t<!-- All in One SEO -->\n\n","aioseo_head_json":{"title":"Vereador questiona Executivo sobre a estrutura ciclovi\u00e1ria de Piracicaba | Encontra Piracicaba","description":"","canonical_url":"https:\/\/www.encontrapiracicaba.com.br\/sobre\/vereador-questiona-executivo-sobre-a-estrutura-cicloviaria-de-piracicaba\/","robots":"max-image-preview:large","keywords":"","webmasterTools":{"miscellaneous":""},"schema":{"@context":"https:\/\/schema.org","@graph":[{"@type":"Article","@id":"https:\/\/www.encontrapiracicaba.com.br\/sobre\/vereador-questiona-executivo-sobre-a-estrutura-cicloviaria-de-piracicaba\/#article","name":"Vereador questiona Executivo sobre a estrutura ciclovi\u00e1ria de Piracicaba | Encontra Piracicaba","headline":"Vereador questiona Executivo sobre a estrutura ciclovi\u00e1ria de Piracicaba","author":{"@id":"https:\/\/www.encontrapiracicaba.com.br\/sobre\/author\/epiracicaba\/#author"},"publisher":{"@id":"https:\/\/www.encontrapiracicaba.com.br\/sobre\/#organization"},"image":{"@type":"ImageObject","url":"https:\/\/www.encontrapiracicaba.com.br\/sobre\/wp-content\/uploads\/vereador-questiona-executivo-sobre-a-estrutura-cicloviaria-de-piracicaba.webp","width":280,"height":280,"caption":"estrutura ciclovi\u00e1ria de Piracicaba"},"datePublished":"2026-06-23T11:16:46-03:00","dateModified":"2026-06-23T11:16:46-03:00","inLanguage":"pt-BR","mainEntityOfPage":{"@id":"https:\/\/www.encontrapiracicaba.com.br\/sobre\/vereador-questiona-executivo-sobre-a-estrutura-cicloviaria-de-piracicaba\/#webpage"},"isPartOf":{"@id":"https:\/\/www.encontrapiracicaba.com.br\/sobre\/vereador-questiona-executivo-sobre-a-estrutura-cicloviaria-de-piracicaba\/#webpage"},"articleSection":"Not\u00edcias Piracicaba"},{"@type":"BreadcrumbList","@id":"https:\/\/www.encontrapiracicaba.com.br\/sobre\/vereador-questiona-executivo-sobre-a-estrutura-cicloviaria-de-piracicaba\/#breadcrumblist","itemListElement":[{"@type":"ListItem","@id":"https:\/\/www.encontrapiracicaba.com.br\/sobre#listItem","position":1,"name":"In\u00edcio","item":"https:\/\/www.encontrapiracicaba.com.br\/sobre","nextItem":{"@type":"ListItem","@id":"https:\/\/www.encontrapiracicaba.com.br\/sobre\/noticias-em-piracicaba\/#listItem","name":"Not\u00edcias Piracicaba"}},{"@type":"ListItem","@id":"https:\/\/www.encontrapiracicaba.com.br\/sobre\/noticias-em-piracicaba\/#listItem","position":2,"name":"Not\u00edcias Piracicaba","item":"https:\/\/www.encontrapiracicaba.com.br\/sobre\/noticias-em-piracicaba\/","nextItem":{"@type":"ListItem","@id":"https:\/\/www.encontrapiracicaba.com.br\/sobre\/vereador-questiona-executivo-sobre-a-estrutura-cicloviaria-de-piracicaba\/#listItem","name":"Vereador questiona Executivo sobre a estrutura ciclovi\u00e1ria de Piracicaba"},"previousItem":{"@type":"ListItem","@id":"https:\/\/www.encontrapiracicaba.com.br\/sobre#listItem","name":"In\u00edcio"}},{"@type":"ListItem","@id":"https:\/\/www.encontrapiracicaba.com.br\/sobre\/vereador-questiona-executivo-sobre-a-estrutura-cicloviaria-de-piracicaba\/#listItem","position":3,"name":"Vereador questiona Executivo sobre a estrutura ciclovi\u00e1ria de Piracicaba","previousItem":{"@type":"ListItem","@id":"https:\/\/www.encontrapiracicaba.com.br\/sobre\/noticias-em-piracicaba\/#listItem","name":"Not\u00edcias Piracicaba"}}]},{"@type":"Organization","@id":"https:\/\/www.encontrapiracicaba.com.br\/sobre\/#organization","name":"Encontra Piracicaba","description":"Not\u00edcias, eventos, informa\u00e7\u00f5es e dicas na cidade de Piracicaba e regi\u00e3o","url":"https:\/\/www.encontrapiracicaba.com.br\/sobre\/"},{"@type":"Person","@id":"https:\/\/www.encontrapiracicaba.com.br\/sobre\/author\/epiracicaba\/#author","url":"https:\/\/www.encontrapiracicaba.com.br\/sobre\/author\/epiracicaba\/","name":"Encontra Piracicaba","image":{"@type":"ImageObject","@id":"https:\/\/www.encontrapiracicaba.com.br\/sobre\/vereador-questiona-executivo-sobre-a-estrutura-cicloviaria-de-piracicaba\/#authorImage","url":"https:\/\/secure.gravatar.com\/avatar\/507340682b8270222e1f208e23198b6ae7e2c6a1033ae84e99bc6bce4f82a387?s=96&d=mm&r=g","width":96,"height":96,"caption":"Encontra Piracicaba"}},{"@type":"WebPage","@id":"https:\/\/www.encontrapiracicaba.com.br\/sobre\/vereador-questiona-executivo-sobre-a-estrutura-cicloviaria-de-piracicaba\/#webpage","url":"https:\/\/www.encontrapiracicaba.com.br\/sobre\/vereador-questiona-executivo-sobre-a-estrutura-cicloviaria-de-piracicaba\/","name":"Vereador questiona Executivo sobre a estrutura ciclovi\u00e1ria de Piracicaba | Encontra Piracicaba","inLanguage":"pt-BR","isPartOf":{"@id":"https:\/\/www.encontrapiracicaba.com.br\/sobre\/#website"},"breadcrumb":{"@id":"https:\/\/www.encontrapiracicaba.com.br\/sobre\/vereador-questiona-executivo-sobre-a-estrutura-cicloviaria-de-piracicaba\/#breadcrumblist"},"author":{"@id":"https:\/\/www.encontrapiracicaba.com.br\/sobre\/author\/epiracicaba\/#author"},"creator":{"@id":"https:\/\/www.encontrapiracicaba.com.br\/sobre\/author\/epiracicaba\/#author"},"image":{"@type":"ImageObject","url":"https:\/\/www.encontrapiracicaba.com.br\/sobre\/wp-content\/uploads\/vereador-questiona-executivo-sobre-a-estrutura-cicloviaria-de-piracicaba.webp","@id":"https:\/\/www.encontrapiracicaba.com.br\/sobre\/vereador-questiona-executivo-sobre-a-estrutura-cicloviaria-de-piracicaba\/#mainImage","width":280,"height":280,"caption":"estrutura ciclovi\u00e1ria de Piracicaba"},"primaryImageOfPage":{"@id":"https:\/\/www.encontrapiracicaba.com.br\/sobre\/vereador-questiona-executivo-sobre-a-estrutura-cicloviaria-de-piracicaba\/#mainImage"},"datePublished":"2026-06-23T11:16:46-03:00","dateModified":"2026-06-23T11:16:46-03:00"},{"@type":"WebSite","@id":"https:\/\/www.encontrapiracicaba.com.br\/sobre\/#website","url":"https:\/\/www.encontrapiracicaba.com.br\/sobre\/","name":"Encontra Piracicaba","description":"Not\u00edcias, eventos, informa\u00e7\u00f5es e dicas na cidade de Piracicaba e regi\u00e3o","inLanguage":"pt-BR","publisher":{"@id":"https:\/\/www.encontrapiracicaba.com.br\/sobre\/#organization"}}]},"og:locale":"pt_BR","og:site_name":"Encontra Piracicaba | Not\u00edcias, eventos, informa\u00e7\u00f5es e dicas na cidade de Piracicaba e regi\u00e3o","og:type":"article","og:title":"Vereador questiona Executivo sobre a estrutura ciclovi\u00e1ria de Piracicaba | Encontra Piracicaba","og:url":"https:\/\/www.encontrapiracicaba.com.br\/sobre\/vereador-questiona-executivo-sobre-a-estrutura-cicloviaria-de-piracicaba\/","article:published_time":"2026-06-23T14:16:46+00:00","article:modified_time":"2026-06-23T14:16:46+00:00","twitter:card":"summary","twitter:title":"Vereador questiona Executivo sobre a estrutura ciclovi\u00e1ria de Piracicaba | Encontra Piracicaba"},"aioseo_meta_data":{"post_id":"4715","title":null,"description":null,"keywords":null,"keyphrases":null,"primary_term":null,"canonical_url":null,"og_title":null,"og_description":null,"og_object_type":"default","og_image_type":"default","og_image_url":null,"og_image_width":null,"og_image_height":null,"og_image_custom_url":null,"og_image_custom_fields":null,"og_video":null,"og_custom_url":null,"og_article_section":null,"og_article_tags":null,"twitter_use_og":false,"twitter_card":"default","twitter_image_type":"default","twitter_image_url":null,"twitter_image_custom_url":null,"twitter_image_custom_fields":null,"twitter_title":null,"twitter_description":null,"schema":{"blockGraphs":[],"customGraphs":[],"default":{"data":{"Article":[],"Course":[],"Dataset":[],"FAQPage":[],"Movie":[],"Person":[],"Product":[],"ProductReview":[],"Car":[],"Recipe":[],"Service":[],"SoftwareApplication":[],"WebPage":[]},"graphName":"Article","isEnabled":true},"graphs":[]},"schema_type":"default","schema_type_options":null,"pillar_content":false,"robots_default":true,"robots_noindex":false,"robots_noarchive":false,"robots_nosnippet":false,"robots_nofollow":false,"robots_noimageindex":false,"robots_noodp":false,"robots_notranslate":false,"robots_max_snippet":null,"robots_max_videopreview":null,"robots_max_imagepreview":"large","priority":null,"frequency":null,"local_seo":null,"breadcrumb_settings":null,"limit_modified_date":false,"ai":null,"created":"2026-06-23 14:16:51","updated":"2026-06-23 14:24:58","focus_keyword":null,"additional_keywords":null,"truseo_locale":null,"seo_analyzer_scan_date":null},"aioseo_breadcrumb":"<div class=\"aioseo-breadcrumbs\"><span class=\"aioseo-breadcrumb\">\n\t\t\t<a href=\"https:\/\/www.encontrapiracicaba.com.br\/sobre\" title=\"In\u00edcio\">In\u00edcio<\/a>\n\t\t<\/span><span class=\"aioseo-breadcrumb-separator\">&raquo;<\/span><span class=\"aioseo-breadcrumb\">\n\t\t\t<a href=\"https:\/\/www.encontrapiracicaba.com.br\/sobre\/noticias-em-piracicaba\/\" title=\"Not\u00edcias Piracicaba\">Not\u00edcias Piracicaba<\/a>\n\t\t<\/span><span class=\"aioseo-breadcrumb-separator\">&raquo;<\/span><span class=\"aioseo-breadcrumb\">\n\t\t\tVereador questiona Executivo sobre a estrutura ciclovi\u00e1ria de Piracicaba\n\t\t<\/span><\/div>","aioseo_breadcrumb_json":[{"label":"In\u00edcio","link":"https:\/\/www.encontrapiracicaba.com.br\/sobre"},{"label":"Not\u00edcias Piracicaba","link":"https:\/\/www.encontrapiracicaba.com.br\/sobre\/noticias-em-piracicaba\/"},{"label":"Vereador questiona Executivo sobre a estrutura ciclovi\u00e1ria de Piracicaba","link":"https:\/\/www.encontrapiracicaba.com.br\/sobre\/vereador-questiona-executivo-sobre-a-estrutura-cicloviaria-de-piracicaba\/"}],"_links":{"self":[{"href":"https:\/\/www.encontrapiracicaba.com.br\/sobre\/wp-json\/wp\/v2\/posts\/4715","targetHints":{"allow":["GET"]}}],"collection":[{"href":"https:\/\/www.encontrapiracicaba.com.br\/sobre\/wp-json\/wp\/v2\/posts"}],"about":[{"href":"https:\/\/www.encontrapiracicaba.com.br\/sobre\/wp-json\/wp\/v2\/types\/post"}],"author":[{"embeddable":true,"href":"https:\/\/www.encontrapiracicaba.com.br\/sobre\/wp-json\/wp\/v2\/users\/1"}],"replies":[{"embeddable":true,"href":"https:\/\/www.encontrapiracicaba.com.br\/sobre\/wp-json\/wp\/v2\/comments?post=4715"}],"version-history":[{"count":0,"href":"https:\/\/www.encontrapiracicaba.com.br\/sobre\/wp-json\/wp\/v2\/posts\/4715\/revisions"}],"wp:featuredmedia":[{"embeddable":true,"href":"https:\/\/www.encontrapiracicaba.com.br\/sobre\/wp-json\/wp\/v2\/media\/4714"}],"wp:attachment":[{"href":"https:\/\/www.encontrapiracicaba.com.br\/sobre\/wp-json\/wp\/v2\/media?parent=4715"}],"wp:term":[{"taxonomy":"category","embeddable":true,"href":"https:\/\/www.encontrapiracicaba.com.br\/sobre\/wp-json\/wp\/v2\/categories?post=4715"},{"taxonomy":"post_tag","embeddable":true,"href":"https:\/\/www.encontrapiracicaba.com.br\/sobre\/wp-json\/wp\/v2\/tags?post=4715"}],"curies":[{"name":"wp","href":"https:\/\/api.w.org\/{rel}","templated":true}]}}