{"id":4725,"date":"2026-06-25T11:15:08","date_gmt":"2026-06-25T14:15:08","guid":{"rendered":"https:\/\/www.encontrapiracicaba.com.br\/sobre\/requerimentos-de-urgencia-questionam-propostas-de-reforma-para-o-funcionalismo\/"},"modified":"2026-06-25T11:15:08","modified_gmt":"2026-06-25T14:15:08","slug":"requerimentos-de-urgencia-questionam-propostas-de-reforma-para-o-funcionalismo","status":"publish","type":"post","link":"https:\/\/www.encontrapiracicaba.com.br\/sobre\/requerimentos-de-urgencia-questionam-propostas-de-reforma-para-o-funcionalismo\/","title":{"rendered":"Requerimentos de urg\u00eancia questionam propostas de reforma para o funcionalismo"},"content":{"rendered":"<div class=\"85df007ed5c0c4d4b453fd13a37855e8\" data-index=\"1\" style=\"float: none; margin:0px;\">\n<!-- Anuncio display - global -->\r\n<ins class=\"adsbygoogle\"\r\n     style=\"display:block\"\r\n     data-ad-client=\"ca-pub-8585364105181520\"\r\n     data-ad-slot=\"8789329856\"\r\n     data-ad-format=\"auto\"\r\n     data-full-width-responsive=\"true\"><\/ins>\r\n<script>\r\n     (adsbygoogle = window.adsbygoogle || []).push({});\r\n<\/script>\n<\/div>\n<h2>O que s\u00e3o os requerimentos de urg\u00eancia?<\/h2>\n<p>Os requerimentos de urg\u00eancia s\u00e3o documentos formais apresentados por vereadores com o intuito de solicitar esclarecimentos e informa\u00e7\u00f5es imediatas do Executivo sobre quest\u00f5es relevantes \u00e0 administra\u00e7\u00e3o p\u00fablica. Esses requerimentos visam atender \u00e0 urg\u00eancia das demandas que impactam diretamente a popula\u00e7\u00e3o, como mudan\u00e7as em pol\u00edticas p\u00fablicas e leis que afetam os servidores municipais.<\/p>\n<h2>Principais propostas de reforma para o funcionalismo<\/h2>\n<p>Recentemente, a C\u00e2mara Municipal de Piracicaba aprovou v\u00e1rios requerimentos urgentes que questionam o prefeito Helinho Zanatta sobre propostas significativas que envolvem reformas no Instituto de Previd\u00eancia e Assist\u00eancia Social dos Funcion\u00e1rios Municipais de Piracicaba (Ipasp). As reformas propostas incluem:<\/p>\n<ul>\n<li><strong>Altera\u00e7\u00f5es na previd\u00eancia dos servidores:<\/strong> Mudan\u00e7as na idade m\u00ednima para aposentadoria e aumento do percentual de contribui\u00e7\u00e3o previdenci\u00e1ria.<\/li>\n<li><strong>Altera\u00e7\u00f5es na jornada de trabalho:<\/strong> Introdu\u00e7\u00e3o de um novo regime de trabalho em escala de 12 horas de trabalho seguidas por 36 horas de descanso.<\/li>\n<li><strong>Programa de Demiss\u00e3o Volunt\u00e1ria (PDV):<\/strong> Implanta\u00e7\u00e3o de um programa que incentive a sa\u00edda volunt\u00e1ria de servidores.<\/li>\n<\/ul>\n<h2>Como a reforma do Ipasp afetar\u00e1 os servidores?<\/h2>\n<p>A reforma proposta no Ipasp tem o potencial de impactar a vida de muitos servidores p\u00fablicos. As mudan\u00e7as na previd\u00eancia incluem:<\/p>\n<p><img decoding=\"async\" src=\"https:\/\/www.encontrapiracicaba.com.br\/sobre\/wp-content\/uploads\/requerimentos-de-urgencia-questionam-propostas-de-reforma-para-o-funcionalismo.webp\" alt=\"requerimentos de urg\u00eancia\" loading=\"lazy\" \/><\/p>\n<ul>\n<li><strong>Aumento da idade para aposentadoria:<\/strong> Servidores que ingressarem ap\u00f3s a implementa\u00e7\u00e3o da reforma ter\u00e3o que esperar at\u00e9 os 69 anos para se aposentarem.<\/li>\n<li><strong>Aumento na contribui\u00e7\u00e3o:<\/strong> O percentual de contribui\u00e7\u00e3o previdenci\u00e1ria pode aumentar de 11% para 14%, o que representa um encargo significativo sobre os sal\u00e1rios dos servidores.<\/li>\n<li><strong>Poss\u00edvel revoga\u00e7\u00e3o de leis:<\/strong> A revoga\u00e7\u00e3o do artigo 64 da Lei Org\u00e2nica pode alterar a reposi\u00e7\u00e3o de aposentadorias em rela\u00e7\u00e3o aos servidores ativos.<\/li>\n<\/ul>\n<h2>Altera\u00e7\u00f5es na jornada de trabalho: o que esperar?<\/h2>\n<p>A proposta de altera\u00e7\u00e3o na jornada de trabalho para um sistema de 12&#215;36 (doze horas trabalhadas seguidas por trinta e seis horas de descanso) foi um dos pontos mais debatidos. Essa mudan\u00e7a visa melhorar a flexibilidade e a efici\u00eancia, principalmente para setores como sa\u00fade e Defesa Civil. Contudo, surgem preocupa\u00e7\u00f5es sobre:<\/p>\n<ul>\n<li><strong>Impacto na qualidade de vida:<\/strong> Os servidores podem enfrentar desgaste f\u00edsico e psicol\u00f3gico, assim como dificuldades em equilibrar trabalho e vida pessoal.<\/li>\n<li><strong>Defini\u00e7\u00e3o das unidades afetadas:<\/strong> N\u00e3o h\u00e1 clareza sobre quais setores da administra\u00e7\u00e3o ser\u00e3o impactados por essa mudan\u00e7a, o que gera incerteza entre os funcion\u00e1rios.<\/li>\n<li><strong>Risco jur\u00eddico:<\/strong> A imposi\u00e7\u00e3o de puni\u00e7\u00f5es para servidores que se recusarem a aceitar convoca\u00e7\u00f5es extraordin\u00e1rias pode suscitar questionamentos legais.<\/li>\n<\/ul>\n<h2>Impacto do Programa de Demiss\u00e3o Volunt\u00e1ria (PDV)<\/h2>\n<p>A implementa\u00e7\u00e3o do Programa de Demiss\u00e3o Volunt\u00e1ria \u00e9 uma tentativa do governo municipal de otimizar a estrutura administrativa. Contudo, essa proposta apresenta implica\u00e7\u00f5es que devem ser analisadas:<\/p>\n<ul>\n<li><strong>Redu\u00e7\u00e3o da for\u00e7a de trabalho:<\/strong> A sa\u00edda de funcion\u00e1rios pode aumentar a carga de trabalho dos que permanecerem, impactando a efici\u00eancia do servi\u00e7o p\u00fablico.<\/li>\n<li><strong>Desconhecimento dos crit\u00e9rios:<\/strong> A falta de transparencia sobre quem ser\u00e1 eleg\u00edvel para o PDV deixa muitos servidores inseguros sobre suas possibilidades.<\/li>\n<li><strong>Consequ\u00eancias para os servi\u00e7os p\u00fablicos:<\/strong> A continuidade da presta\u00e7\u00e3o de servi\u00e7os \u00e0 popula\u00e7\u00e3o pode ser afetada negativamente se muitos servidores optarem por se demitir.<\/li>\n<\/ul>\n<h2>Debate na C\u00e2mara: opini\u00f5es divergentes<\/h2>\n<p>O debate sobre as reformas propostas gerou opini\u00f5es divergentes entre os vereadores. Enquanto alguns acreditam que as mudan\u00e7as s\u00e3o necess\u00e1rias para modernizar a administra\u00e7\u00e3o p\u00fablica e assegurar a sustentabilidade financeira do Ipasp, outros advertem sobre os riscos de comprometer a qualidade dos servi\u00e7os prestados. Algumas das opini\u00f5es expressas incluem:<\/p>\n<ul>\n<li><strong>Defensores da reforma:<\/strong> Argumentam que a mudan\u00e7a \u00e9 essencial para adaptar a previd\u00eancia \u00e0s novas realidades econ\u00f4micas e demogr\u00e1ficas.<\/li>\n<li><strong>Cr\u00edticos:<\/strong> Alertam sobre as poss\u00edveis injusti\u00e7as e impactos negativos que atingir\u00e3o os servidores, especialmente os que t\u00eam menos tempo de servi\u00e7o.<\/li>\n<\/ul>\n<h2>Como a comunidade ser\u00e1 afetada?<\/h2>\n<p>As reformas propostas t\u00eam um impacto direto sobre a comunidade, uma vez que afetam a qualidade dos servi\u00e7os p\u00fablicos. A insatisfa\u00e7\u00e3o dos servidores pode refletir-se em um aumento nas chamadas por servi\u00e7os essenciais, como sa\u00fade e seguran\u00e7a. Ademais, mudan\u00e7as na previd\u00eancia podem levar a:<\/p>\n<ul>\n<li><strong>Desmotiva\u00e7\u00e3o dos servidores:<\/strong> Um ambiente laboral caracterizado por incertezas pode desestimular o engajamento dos funcion\u00e1rios p\u00fablicos.<\/li>\n<li><strong>Aumento do desemprego:<\/strong> Um PDV mal gerido pode resultar em uma diminui\u00e7\u00e3o do quadro de servidores, afetando funcionalidades importantes da administra\u00e7\u00e3o.<\/li>\n<\/ul>\n<h2>Pr\u00f3ximos passos ap\u00f3s a aprova\u00e7\u00e3o dos requerimentos<\/h2>\n<p>Ap\u00f3s a aprova\u00e7\u00e3o dos requerimentos que questionam as propostas do Executivo, os pr\u00f3ximos passos incluem:<\/p>\n<ul>\n<li><strong>Audi\u00eancia p\u00fablica:<\/strong> Uma audi\u00eancia p\u00fablica est\u00e1 agendada para o dia 26 de junho, onde representantes do Executivo, incluindo o prefeito e as secretarias envolvidas, ser\u00e3o chamados para prestar esclarecimentos.<\/li>\n<li><strong>Estudos adicionais:<\/strong> Os vereadores solicitaram estudos que fundamentem as propostas, a fim de entender melhor a necessidade das reformas.<\/li>\n<li><strong>Discuss\u00f5es continudadas:<\/strong> Os parlamentares continuar\u00e3o a discutir e debater os impactos das reformas em reuni\u00f5es futuras, buscando solu\u00e7\u00f5es que equilibrem a sustentabilidade financeira com o bem-estar dos servidores.<\/li>\n<\/ul>\n<h2>A import\u00e2ncia da participa\u00e7\u00e3o popular<\/h2>\n<p>A participa\u00e7\u00e3o da comunidade \u00e9 fundamental neste processo, j\u00e1 que as reformas propostas afetam a todos os cidad\u00e3os. Estar informado e acompanhar as discuss\u00f5es sobre as reformas permite que os cidad\u00e3os exer\u00e7am sua cidadania de forma ativa, apresentando suas opini\u00f5es e preocupa\u00e7\u00f5es aos vereadores. Algumas maneiras de participar incluem:<\/p>\n<ul>\n<li><strong>Comparecimento nas audi\u00eancias p\u00fablicas:<\/strong> As audi\u00eancias p\u00fablicas s\u00e3o oportunidades valiosas para se ouvir a voz do cidad\u00e3o.<\/li>\n<li><strong>Envio de correspond\u00eancias:<\/strong> Os cidad\u00e3os podem enviar cartas ou e-mails a seus representantes expressando suas opini\u00f5es sobre as reformas.<\/li>\n<li><strong>Participa\u00e7\u00e3o em grupos comunit\u00e1rios:<\/strong> Junte-se a grupos que discutem quest\u00f5es locais e organize iniciativas para partilhar informa\u00e7\u00f5es relevantes.<\/li>\n<\/ul>\n<h2>O futuro do funcionalismo p\u00fablico em Piracicaba<\/h2>\n<p>As reformas que est\u00e3o em discuss\u00e3o poder\u00e3o moldar o futuro do funcionalismo em Piracicaba. \u00c9 essencial que todos os envolvidos \u2014 vereadores, servidores e cidad\u00e3os \u2014 coloquem suas vis\u00f5es e preocupa\u00e7\u00f5es na mesa a fim de garantir que qualquer mudan\u00e7a resultante seja equitativa e beneficie a comunidade como um todo. O futuro do servi\u00e7o p\u00fablico depender\u00e1 da colabora\u00e7\u00e3o e do di\u00e1logo entre todos os stakeholders envolvidos.<\/p>\n\n<div style=\"font-size: 0px; height: 0px; line-height: 0px; margin: 0; padding: 0; clear: both;\"><\/div>","protected":false},"excerpt":{"rendered":"<p>Requerimentos de urg\u00eancia abordam reformas importantes para o funcionalismo p\u00fablico da cidade.<\/p>\n","protected":false},"author":1,"featured_media":4724,"comment_status":"closed","ping_status":"closed","sticky":false,"template":"","format":"standard","meta":{"footnotes":""},"categories":[6],"tags":[],"class_list":["post-4725","post","type-post","status-publish","format-standard","has-post-thumbnail","hentry","category-noticias-em-piracicaba","has_thumb"],"aioseo_notices":[],"aioseo_head":"\n\t\t<!-- All in One SEO 5.0.0.1 - aioseo.com -->\n\t<meta name=\"robots\" content=\"max-image-preview:large\" \/>\n\t<meta name=\"author\" content=\"Encontra Piracicaba\"\/>\n\t<link rel=\"canonical\" href=\"https:\/\/www.encontrapiracicaba.com.br\/sobre\/requerimentos-de-urgencia-questionam-propostas-de-reforma-para-o-funcionalismo\/\" \/>\n\t<meta name=\"generator\" content=\"All in One SEO (AIOSEO) 5.0.0.1\" \/>\n\t\t<meta property=\"og:locale\" content=\"pt_BR\" \/>\n\t\t<meta property=\"og:site_name\" content=\"Encontra Piracicaba | Not\u00edcias, eventos, informa\u00e7\u00f5es e dicas na cidade de Piracicaba e regi\u00e3o\" \/>\n\t\t<meta property=\"og:type\" content=\"article\" \/>\n\t\t<meta property=\"og:title\" content=\"Requerimentos de urg\u00eancia questionam propostas de reforma para o funcionalismo | Encontra Piracicaba\" \/>\n\t\t<meta property=\"og:url\" content=\"https:\/\/www.encontrapiracicaba.com.br\/sobre\/requerimentos-de-urgencia-questionam-propostas-de-reforma-para-o-funcionalismo\/\" \/>\n\t\t<meta property=\"article:published_time\" content=\"2026-06-25T14:15:08+00:00\" \/>\n\t\t<meta property=\"article:modified_time\" content=\"2026-06-25T14:15:08+00:00\" \/>\n\t\t<meta name=\"twitter:card\" content=\"summary\" \/>\n\t\t<meta name=\"twitter:title\" content=\"Requerimentos de urg\u00eancia questionam propostas de reforma para o funcionalismo | Encontra Piracicaba\" \/>\n\t\t<script type=\"application\/ld+json\" class=\"aioseo-schema\">\n\t\t\t{\"@context\":\"https:\\\/\\\/schema.org\",\"@graph\":[{\"@type\":\"Article\",\"@id\":\"https:\\\/\\\/www.encontrapiracicaba.com.br\\\/sobre\\\/requerimentos-de-urgencia-questionam-propostas-de-reforma-para-o-funcionalismo\\\/#article\",\"name\":\"Requerimentos de urg\\u00eancia questionam propostas de reforma para o funcionalismo | Encontra Piracicaba\",\"headline\":\"Requerimentos de urg\\u00eancia questionam propostas de reforma para o funcionalismo\",\"author\":{\"@id\":\"https:\\\/\\\/www.encontrapiracicaba.com.br\\\/sobre\\\/author\\\/epiracicaba\\\/#author\"},\"publisher\":{\"@id\":\"https:\\\/\\\/www.encontrapiracicaba.com.br\\\/sobre\\\/#organization\"},\"image\":{\"@type\":\"ImageObject\",\"url\":\"https:\\\/\\\/www.encontrapiracicaba.com.br\\\/sobre\\\/wp-content\\\/uploads\\\/requerimentos-de-urgencia-questionam-propostas-de-reforma-para-o-funcionalismo.webp\",\"width\":280,\"height\":280,\"caption\":\"requerimentos de urg\\u00eancia\"},\"datePublished\":\"2026-06-25T11:15:08-03:00\",\"dateModified\":\"2026-06-25T11:15:08-03:00\",\"inLanguage\":\"pt-BR\",\"mainEntityOfPage\":{\"@id\":\"https:\\\/\\\/www.encontrapiracicaba.com.br\\\/sobre\\\/requerimentos-de-urgencia-questionam-propostas-de-reforma-para-o-funcionalismo\\\/#webpage\"},\"isPartOf\":{\"@id\":\"https:\\\/\\\/www.encontrapiracicaba.com.br\\\/sobre\\\/requerimentos-de-urgencia-questionam-propostas-de-reforma-para-o-funcionalismo\\\/#webpage\"},\"articleSection\":\"Not\\u00edcias Piracicaba\"},{\"@type\":\"BreadcrumbList\",\"@id\":\"https:\\\/\\\/www.encontrapiracicaba.com.br\\\/sobre\\\/requerimentos-de-urgencia-questionam-propostas-de-reforma-para-o-funcionalismo\\\/#breadcrumblist\",\"itemListElement\":[{\"@type\":\"ListItem\",\"@id\":\"https:\\\/\\\/www.encontrapiracicaba.com.br\\\/sobre#listItem\",\"position\":1,\"name\":\"In\\u00edcio\",\"item\":\"https:\\\/\\\/www.encontrapiracicaba.com.br\\\/sobre\",\"nextItem\":{\"@type\":\"ListItem\",\"@id\":\"https:\\\/\\\/www.encontrapiracicaba.com.br\\\/sobre\\\/noticias-em-piracicaba\\\/#listItem\",\"name\":\"Not\\u00edcias Piracicaba\"}},{\"@type\":\"ListItem\",\"@id\":\"https:\\\/\\\/www.encontrapiracicaba.com.br\\\/sobre\\\/noticias-em-piracicaba\\\/#listItem\",\"position\":2,\"name\":\"Not\\u00edcias Piracicaba\",\"item\":\"https:\\\/\\\/www.encontrapiracicaba.com.br\\\/sobre\\\/noticias-em-piracicaba\\\/\",\"nextItem\":{\"@type\":\"ListItem\",\"@id\":\"https:\\\/\\\/www.encontrapiracicaba.com.br\\\/sobre\\\/requerimentos-de-urgencia-questionam-propostas-de-reforma-para-o-funcionalismo\\\/#listItem\",\"name\":\"Requerimentos de urg\\u00eancia questionam propostas de reforma para o funcionalismo\"},\"previousItem\":{\"@type\":\"ListItem\",\"@id\":\"https:\\\/\\\/www.encontrapiracicaba.com.br\\\/sobre#listItem\",\"name\":\"In\\u00edcio\"}},{\"@type\":\"ListItem\",\"@id\":\"https:\\\/\\\/www.encontrapiracicaba.com.br\\\/sobre\\\/requerimentos-de-urgencia-questionam-propostas-de-reforma-para-o-funcionalismo\\\/#listItem\",\"position\":3,\"name\":\"Requerimentos de urg\\u00eancia questionam propostas de reforma para o funcionalismo\",\"previousItem\":{\"@type\":\"ListItem\",\"@id\":\"https:\\\/\\\/www.encontrapiracicaba.com.br\\\/sobre\\\/noticias-em-piracicaba\\\/#listItem\",\"name\":\"Not\\u00edcias Piracicaba\"}}]},{\"@type\":\"Organization\",\"@id\":\"https:\\\/\\\/www.encontrapiracicaba.com.br\\\/sobre\\\/#organization\",\"name\":\"Encontra Piracicaba\",\"description\":\"Not\\u00edcias, eventos, informa\\u00e7\\u00f5es e dicas na cidade de Piracicaba e regi\\u00e3o\",\"url\":\"https:\\\/\\\/www.encontrapiracicaba.com.br\\\/sobre\\\/\"},{\"@type\":\"Person\",\"@id\":\"https:\\\/\\\/www.encontrapiracicaba.com.br\\\/sobre\\\/author\\\/epiracicaba\\\/#author\",\"url\":\"https:\\\/\\\/www.encontrapiracicaba.com.br\\\/sobre\\\/author\\\/epiracicaba\\\/\",\"name\":\"Encontra Piracicaba\",\"image\":{\"@type\":\"ImageObject\",\"@id\":\"https:\\\/\\\/www.encontrapiracicaba.com.br\\\/sobre\\\/requerimentos-de-urgencia-questionam-propostas-de-reforma-para-o-funcionalismo\\\/#authorImage\",\"url\":\"https:\\\/\\\/secure.gravatar.com\\\/avatar\\\/507340682b8270222e1f208e23198b6ae7e2c6a1033ae84e99bc6bce4f82a387?s=96&d=mm&r=g\",\"width\":96,\"height\":96,\"caption\":\"Encontra Piracicaba\"}},{\"@type\":\"WebPage\",\"@id\":\"https:\\\/\\\/www.encontrapiracicaba.com.br\\\/sobre\\\/requerimentos-de-urgencia-questionam-propostas-de-reforma-para-o-funcionalismo\\\/#webpage\",\"url\":\"https:\\\/\\\/www.encontrapiracicaba.com.br\\\/sobre\\\/requerimentos-de-urgencia-questionam-propostas-de-reforma-para-o-funcionalismo\\\/\",\"name\":\"Requerimentos de urg\\u00eancia questionam propostas de reforma para o funcionalismo | Encontra Piracicaba\",\"inLanguage\":\"pt-BR\",\"isPartOf\":{\"@id\":\"https:\\\/\\\/www.encontrapiracicaba.com.br\\\/sobre\\\/#website\"},\"breadcrumb\":{\"@id\":\"https:\\\/\\\/www.encontrapiracicaba.com.br\\\/sobre\\\/requerimentos-de-urgencia-questionam-propostas-de-reforma-para-o-funcionalismo\\\/#breadcrumblist\"},\"author\":{\"@id\":\"https:\\\/\\\/www.encontrapiracicaba.com.br\\\/sobre\\\/author\\\/epiracicaba\\\/#author\"},\"creator\":{\"@id\":\"https:\\\/\\\/www.encontrapiracicaba.com.br\\\/sobre\\\/author\\\/epiracicaba\\\/#author\"},\"image\":{\"@type\":\"ImageObject\",\"url\":\"https:\\\/\\\/www.encontrapiracicaba.com.br\\\/sobre\\\/wp-content\\\/uploads\\\/requerimentos-de-urgencia-questionam-propostas-de-reforma-para-o-funcionalismo.webp\",\"@id\":\"https:\\\/\\\/www.encontrapiracicaba.com.br\\\/sobre\\\/requerimentos-de-urgencia-questionam-propostas-de-reforma-para-o-funcionalismo\\\/#mainImage\",\"width\":280,\"height\":280,\"caption\":\"requerimentos de urg\\u00eancia\"},\"primaryImageOfPage\":{\"@id\":\"https:\\\/\\\/www.encontrapiracicaba.com.br\\\/sobre\\\/requerimentos-de-urgencia-questionam-propostas-de-reforma-para-o-funcionalismo\\\/#mainImage\"},\"datePublished\":\"2026-06-25T11:15:08-03:00\",\"dateModified\":\"2026-06-25T11:15:08-03:00\"},{\"@type\":\"WebSite\",\"@id\":\"https:\\\/\\\/www.encontrapiracicaba.com.br\\\/sobre\\\/#website\",\"url\":\"https:\\\/\\\/www.encontrapiracicaba.com.br\\\/sobre\\\/\",\"name\":\"Encontra Piracicaba\",\"description\":\"Not\\u00edcias, eventos, informa\\u00e7\\u00f5es e dicas na cidade de Piracicaba e regi\\u00e3o\",\"inLanguage\":\"pt-BR\",\"publisher\":{\"@id\":\"https:\\\/\\\/www.encontrapiracicaba.com.br\\\/sobre\\\/#organization\"}}]}\n\t\t<\/script>\n\t\t<!-- All in One SEO -->\n\n","aioseo_head_json":{"title":"Requerimentos de urg\u00eancia questionam propostas de reforma para o funcionalismo | Encontra Piracicaba","description":"","canonical_url":"https:\/\/www.encontrapiracicaba.com.br\/sobre\/requerimentos-de-urgencia-questionam-propostas-de-reforma-para-o-funcionalismo\/","robots":"max-image-preview:large","keywords":"","webmasterTools":{"miscellaneous":""},"schema":{"@context":"https:\/\/schema.org","@graph":[{"@type":"Article","@id":"https:\/\/www.encontrapiracicaba.com.br\/sobre\/requerimentos-de-urgencia-questionam-propostas-de-reforma-para-o-funcionalismo\/#article","name":"Requerimentos de urg\u00eancia questionam propostas de reforma para o funcionalismo | Encontra Piracicaba","headline":"Requerimentos de urg\u00eancia questionam propostas de reforma para o funcionalismo","author":{"@id":"https:\/\/www.encontrapiracicaba.com.br\/sobre\/author\/epiracicaba\/#author"},"publisher":{"@id":"https:\/\/www.encontrapiracicaba.com.br\/sobre\/#organization"},"image":{"@type":"ImageObject","url":"https:\/\/www.encontrapiracicaba.com.br\/sobre\/wp-content\/uploads\/requerimentos-de-urgencia-questionam-propostas-de-reforma-para-o-funcionalismo.webp","width":280,"height":280,"caption":"requerimentos de urg\u00eancia"},"datePublished":"2026-06-25T11:15:08-03:00","dateModified":"2026-06-25T11:15:08-03:00","inLanguage":"pt-BR","mainEntityOfPage":{"@id":"https:\/\/www.encontrapiracicaba.com.br\/sobre\/requerimentos-de-urgencia-questionam-propostas-de-reforma-para-o-funcionalismo\/#webpage"},"isPartOf":{"@id":"https:\/\/www.encontrapiracicaba.com.br\/sobre\/requerimentos-de-urgencia-questionam-propostas-de-reforma-para-o-funcionalismo\/#webpage"},"articleSection":"Not\u00edcias Piracicaba"},{"@type":"BreadcrumbList","@id":"https:\/\/www.encontrapiracicaba.com.br\/sobre\/requerimentos-de-urgencia-questionam-propostas-de-reforma-para-o-funcionalismo\/#breadcrumblist","itemListElement":[{"@type":"ListItem","@id":"https:\/\/www.encontrapiracicaba.com.br\/sobre#listItem","position":1,"name":"In\u00edcio","item":"https:\/\/www.encontrapiracicaba.com.br\/sobre","nextItem":{"@type":"ListItem","@id":"https:\/\/www.encontrapiracicaba.com.br\/sobre\/noticias-em-piracicaba\/#listItem","name":"Not\u00edcias Piracicaba"}},{"@type":"ListItem","@id":"https:\/\/www.encontrapiracicaba.com.br\/sobre\/noticias-em-piracicaba\/#listItem","position":2,"name":"Not\u00edcias Piracicaba","item":"https:\/\/www.encontrapiracicaba.com.br\/sobre\/noticias-em-piracicaba\/","nextItem":{"@type":"ListItem","@id":"https:\/\/www.encontrapiracicaba.com.br\/sobre\/requerimentos-de-urgencia-questionam-propostas-de-reforma-para-o-funcionalismo\/#listItem","name":"Requerimentos de urg\u00eancia questionam propostas de reforma para o funcionalismo"},"previousItem":{"@type":"ListItem","@id":"https:\/\/www.encontrapiracicaba.com.br\/sobre#listItem","name":"In\u00edcio"}},{"@type":"ListItem","@id":"https:\/\/www.encontrapiracicaba.com.br\/sobre\/requerimentos-de-urgencia-questionam-propostas-de-reforma-para-o-funcionalismo\/#listItem","position":3,"name":"Requerimentos de urg\u00eancia questionam propostas de reforma para o funcionalismo","previousItem":{"@type":"ListItem","@id":"https:\/\/www.encontrapiracicaba.com.br\/sobre\/noticias-em-piracicaba\/#listItem","name":"Not\u00edcias Piracicaba"}}]},{"@type":"Organization","@id":"https:\/\/www.encontrapiracicaba.com.br\/sobre\/#organization","name":"Encontra Piracicaba","description":"Not\u00edcias, eventos, informa\u00e7\u00f5es e dicas na cidade de Piracicaba e regi\u00e3o","url":"https:\/\/www.encontrapiracicaba.com.br\/sobre\/"},{"@type":"Person","@id":"https:\/\/www.encontrapiracicaba.com.br\/sobre\/author\/epiracicaba\/#author","url":"https:\/\/www.encontrapiracicaba.com.br\/sobre\/author\/epiracicaba\/","name":"Encontra Piracicaba","image":{"@type":"ImageObject","@id":"https:\/\/www.encontrapiracicaba.com.br\/sobre\/requerimentos-de-urgencia-questionam-propostas-de-reforma-para-o-funcionalismo\/#authorImage","url":"https:\/\/secure.gravatar.com\/avatar\/507340682b8270222e1f208e23198b6ae7e2c6a1033ae84e99bc6bce4f82a387?s=96&d=mm&r=g","width":96,"height":96,"caption":"Encontra Piracicaba"}},{"@type":"WebPage","@id":"https:\/\/www.encontrapiracicaba.com.br\/sobre\/requerimentos-de-urgencia-questionam-propostas-de-reforma-para-o-funcionalismo\/#webpage","url":"https:\/\/www.encontrapiracicaba.com.br\/sobre\/requerimentos-de-urgencia-questionam-propostas-de-reforma-para-o-funcionalismo\/","name":"Requerimentos de urg\u00eancia questionam propostas de reforma para o funcionalismo | Encontra Piracicaba","inLanguage":"pt-BR","isPartOf":{"@id":"https:\/\/www.encontrapiracicaba.com.br\/sobre\/#website"},"breadcrumb":{"@id":"https:\/\/www.encontrapiracicaba.com.br\/sobre\/requerimentos-de-urgencia-questionam-propostas-de-reforma-para-o-funcionalismo\/#breadcrumblist"},"author":{"@id":"https:\/\/www.encontrapiracicaba.com.br\/sobre\/author\/epiracicaba\/#author"},"creator":{"@id":"https:\/\/www.encontrapiracicaba.com.br\/sobre\/author\/epiracicaba\/#author"},"image":{"@type":"ImageObject","url":"https:\/\/www.encontrapiracicaba.com.br\/sobre\/wp-content\/uploads\/requerimentos-de-urgencia-questionam-propostas-de-reforma-para-o-funcionalismo.webp","@id":"https:\/\/www.encontrapiracicaba.com.br\/sobre\/requerimentos-de-urgencia-questionam-propostas-de-reforma-para-o-funcionalismo\/#mainImage","width":280,"height":280,"caption":"requerimentos de urg\u00eancia"},"primaryImageOfPage":{"@id":"https:\/\/www.encontrapiracicaba.com.br\/sobre\/requerimentos-de-urgencia-questionam-propostas-de-reforma-para-o-funcionalismo\/#mainImage"},"datePublished":"2026-06-25T11:15:08-03:00","dateModified":"2026-06-25T11:15:08-03:00"},{"@type":"WebSite","@id":"https:\/\/www.encontrapiracicaba.com.br\/sobre\/#website","url":"https:\/\/www.encontrapiracicaba.com.br\/sobre\/","name":"Encontra Piracicaba","description":"Not\u00edcias, eventos, informa\u00e7\u00f5es e dicas na cidade de Piracicaba e regi\u00e3o","inLanguage":"pt-BR","publisher":{"@id":"https:\/\/www.encontrapiracicaba.com.br\/sobre\/#organization"}}]},"og:locale":"pt_BR","og:site_name":"Encontra Piracicaba | Not\u00edcias, eventos, informa\u00e7\u00f5es e dicas na cidade de Piracicaba e regi\u00e3o","og:type":"article","og:title":"Requerimentos de urg\u00eancia questionam propostas de reforma para o funcionalismo | Encontra Piracicaba","og:url":"https:\/\/www.encontrapiracicaba.com.br\/sobre\/requerimentos-de-urgencia-questionam-propostas-de-reforma-para-o-funcionalismo\/","article:published_time":"2026-06-25T14:15:08+00:00","article:modified_time":"2026-06-25T14:15:08+00:00","twitter:card":"summary","twitter:title":"Requerimentos de urg\u00eancia questionam propostas de reforma para o funcionalismo | Encontra Piracicaba"},"aioseo_meta_data":{"post_id":"4725","title":null,"description":null,"keywords":null,"keyphrases":null,"primary_term":null,"canonical_url":null,"og_title":null,"og_description":null,"og_object_type":"default","og_image_type":"default","og_image_url":null,"og_image_width":null,"og_image_height":null,"og_image_custom_url":null,"og_image_custom_fields":null,"og_video":null,"og_custom_url":null,"og_article_section":null,"og_article_tags":null,"twitter_use_og":false,"twitter_card":"default","twitter_image_type":"default","twitter_image_url":null,"twitter_image_custom_url":null,"twitter_image_custom_fields":null,"twitter_title":null,"twitter_description":null,"schema":{"blockGraphs":[],"customGraphs":[],"default":{"data":{"Article":[],"Course":[],"Dataset":[],"FAQPage":[],"Movie":[],"Person":[],"Product":[],"ProductReview":[],"Car":[],"Recipe":[],"Service":[],"SoftwareApplication":[],"WebPage":[]},"graphName":"Article","isEnabled":true},"graphs":[]},"schema_type":"default","schema_type_options":null,"pillar_content":false,"robots_default":true,"robots_noindex":false,"robots_noarchive":false,"robots_nosnippet":false,"robots_nofollow":false,"robots_noimageindex":false,"robots_noodp":false,"robots_notranslate":false,"robots_max_snippet":null,"robots_max_videopreview":null,"robots_max_imagepreview":"large","priority":null,"frequency":null,"local_seo":null,"breadcrumb_settings":null,"limit_modified_date":false,"ai":null,"created":"2026-06-25 14:15:15","updated":"2026-06-25 14:16:53","focus_keyword":null,"additional_keywords":null,"truseo_locale":null,"seo_analyzer_scan_date":null},"aioseo_breadcrumb":"<div class=\"aioseo-breadcrumbs\"><span class=\"aioseo-breadcrumb\">\n\t\t\t<a href=\"https:\/\/www.encontrapiracicaba.com.br\/sobre\" title=\"In\u00edcio\">In\u00edcio<\/a>\n\t\t<\/span><span class=\"aioseo-breadcrumb-separator\">&raquo;<\/span><span class=\"aioseo-breadcrumb\">\n\t\t\t<a href=\"https:\/\/www.encontrapiracicaba.com.br\/sobre\/noticias-em-piracicaba\/\" title=\"Not\u00edcias Piracicaba\">Not\u00edcias Piracicaba<\/a>\n\t\t<\/span><span class=\"aioseo-breadcrumb-separator\">&raquo;<\/span><span class=\"aioseo-breadcrumb\">\n\t\t\tRequerimentos de urg\u00eancia questionam propostas de reforma para o funcionalismo\n\t\t<\/span><\/div>","aioseo_breadcrumb_json":[{"label":"In\u00edcio","link":"https:\/\/www.encontrapiracicaba.com.br\/sobre"},{"label":"Not\u00edcias Piracicaba","link":"https:\/\/www.encontrapiracicaba.com.br\/sobre\/noticias-em-piracicaba\/"},{"label":"Requerimentos de urg\u00eancia questionam propostas de reforma para o funcionalismo","link":"https:\/\/www.encontrapiracicaba.com.br\/sobre\/requerimentos-de-urgencia-questionam-propostas-de-reforma-para-o-funcionalismo\/"}],"_links":{"self":[{"href":"https:\/\/www.encontrapiracicaba.com.br\/sobre\/wp-json\/wp\/v2\/posts\/4725","targetHints":{"allow":["GET"]}}],"collection":[{"href":"https:\/\/www.encontrapiracicaba.com.br\/sobre\/wp-json\/wp\/v2\/posts"}],"about":[{"href":"https:\/\/www.encontrapiracicaba.com.br\/sobre\/wp-json\/wp\/v2\/types\/post"}],"author":[{"embeddable":true,"href":"https:\/\/www.encontrapiracicaba.com.br\/sobre\/wp-json\/wp\/v2\/users\/1"}],"replies":[{"embeddable":true,"href":"https:\/\/www.encontrapiracicaba.com.br\/sobre\/wp-json\/wp\/v2\/comments?post=4725"}],"version-history":[{"count":0,"href":"https:\/\/www.encontrapiracicaba.com.br\/sobre\/wp-json\/wp\/v2\/posts\/4725\/revisions"}],"wp:featuredmedia":[{"embeddable":true,"href":"https:\/\/www.encontrapiracicaba.com.br\/sobre\/wp-json\/wp\/v2\/media\/4724"}],"wp:attachment":[{"href":"https:\/\/www.encontrapiracicaba.com.br\/sobre\/wp-json\/wp\/v2\/media?parent=4725"}],"wp:term":[{"taxonomy":"category","embeddable":true,"href":"https:\/\/www.encontrapiracicaba.com.br\/sobre\/wp-json\/wp\/v2\/categories?post=4725"},{"taxonomy":"post_tag","embeddable":true,"href":"https:\/\/www.encontrapiracicaba.com.br\/sobre\/wp-json\/wp\/v2\/tags?post=4725"}],"curies":[{"name":"wp","href":"https:\/\/api.w.org\/{rel}","templated":true}]}}