{"id":4727,"date":"2026-06-25T11:16:47","date_gmt":"2026-06-25T14:16:47","guid":{"rendered":"https:\/\/www.encontrapiracicaba.com.br\/sobre\/pedido-ao-mp-busca-evitar-desmobilizacao-do-laboratorio-municipal-de-piracicaba\/"},"modified":"2026-06-25T11:16:47","modified_gmt":"2026-06-25T14:16:47","slug":"pedido-ao-mp-busca-evitar-desmobilizacao-do-laboratorio-municipal-de-piracicaba","status":"publish","type":"post","link":"https:\/\/www.encontrapiracicaba.com.br\/sobre\/pedido-ao-mp-busca-evitar-desmobilizacao-do-laboratorio-municipal-de-piracicaba\/","title":{"rendered":"Pedido ao MP busca evitar desmobiliza\u00e7\u00e3o do Laborat\u00f3rio Municipal de Piracicaba"},"content":{"rendered":"<div class=\"85df007ed5c0c4d4b453fd13a37855e8\" data-index=\"1\" style=\"float: none; margin:0px;\">\n<!-- Anuncio display - global -->\r\n<ins class=\"adsbygoogle\"\r\n     style=\"display:block\"\r\n     data-ad-client=\"ca-pub-8585364105181520\"\r\n     data-ad-slot=\"8789329856\"\r\n     data-ad-format=\"auto\"\r\n     data-full-width-responsive=\"true\"><\/ins>\r\n<script>\r\n     (adsbygoogle = window.adsbygoogle || []).push({});\r\n<\/script>\n<\/div>\n<h2>Introdu\u00e7\u00e3o ao Pedido ao MP<\/h2>\n<p>Recentemente, um grupo de vereadores em Piracicaba apresentou um pedido ao Minist\u00e9rio P\u00fablico com o objetivo de evitar a desmobiliza\u00e7\u00e3o do Laborat\u00f3rio Municipal. Essa solicita\u00e7\u00e3o surge em um contexto onde investiga\u00e7\u00f5es est\u00e3o sendo realizadas sobre a poss\u00edvel terceiriza\u00e7\u00e3o de servi\u00e7os laboratoriais, o que levanta preocupa\u00e7\u00f5es a respeito da continuidade e qualidade dos servi\u00e7os prestados \u00e0 popula\u00e7\u00e3o.<\/p>\n<h2>O Papel dos Vereadores na Defesa do Laborat\u00f3rio<\/h2>\n<p>Os vereadores, liderados pelo vereador Andr\u00e9 Bandeira (PSDB), tomaram a iniciativa de formalizar um pedido \u00e0 Promotoria, buscando garantir que as opera\u00e7\u00f5es do Laborat\u00f3rio Municipal n\u00e3o sejam comprometidas enquanto as investiga\u00e7\u00f5es est\u00e3o em andamento. Isso reflete a responsabilidade dos parlamentares em zelar pelo bem-estar da comunidade e a manuten\u00e7\u00e3o de servi\u00e7os essenciais.<\/p>\n<h2>A Import\u00e2ncia do Laborat\u00f3rio Municipal<\/h2>\n<p>O Laborat\u00f3rio Municipal desempenha um papel crucial na sa\u00fade p\u00fablica de Piracicaba. Ele \u00e9 respons\u00e1vel por realizar diversos exames que s\u00e3o fundamentais para diagn\u00f3sticos e tratamentos. Portanto, a interrup\u00e7\u00e3o de suas atividades pode ter s\u00e9rias consequ\u00eancias para a sa\u00fade dos cidad\u00e3os, especialmente em um momento em que o acesso a servi\u00e7os de sa\u00fade \u00e9 vital.<\/p>\n<p><img decoding=\"async\" src=\"https:\/\/www.encontrapiracicaba.com.br\/sobre\/wp-content\/uploads\/pedido-ao-mp-busca-evitar-desmobilizacao-do-laboratorio-municipal-de-piracicaba.webp\" alt=\"Laborat\u00f3rio Municipal de Piracicaba\" loading=\"lazy\" \/><\/p>\n<h2>Consequ\u00eancias da Terceiriza\u00e7\u00e3o dos Exames<\/h2>\n<p>A proposta de transferir os servi\u00e7os laboratoriais para empresas privadas pode gerar uma s\u00e9rie de implica\u00e7\u00f5es negativas. Entre os riscos est\u00e3o o aumento dos custos para os pacientes, poss\u00edveis falhas na qualidade dos exames e a perda do controle sobre informa\u00e7\u00f5es sens\u00edveis da sa\u00fade p\u00fablica. Al\u00e9m disso, a terceiriza\u00e7\u00e3o pode dificultar a coordena\u00e7\u00e3o de servi\u00e7os que atualmente s\u00e3o integrados e realizados pelo Laborat\u00f3rio Municipal.<\/p>\n<h2>Investiga\u00e7\u00f5es em Andamento sobre a Legalidade dos Contratos<\/h2>\n<p>Atualmente, h\u00e1 investiga\u00e7\u00f5es em curso que buscam analisar a legalidade dos contratos celebrados entre o munic\u00edpio e as empresas terceirizadas. Estes procedimentos incluem questionamentos sobre o impacto econ\u00f4mico, a efic\u00e1cia dos servi\u00e7os laboratoriais e se esses contratos atendem \u00e0s necessidades da popula\u00e7\u00e3o. \u00c9 crucial que esses aspectos sejam avaliados para garantir que o interesse p\u00fablico esteja sendo respeitado.<\/p>\n<h2>Medidas Cautelares e sua Relev\u00e2ncia<\/h2>\n<p>A solicita\u00e7\u00e3o dos vereadores ao Minist\u00e9rio P\u00fablico inclui a avalia\u00e7\u00e3o de medidas cautelares que possam garantir a continuidade dos servi\u00e7os do laborat\u00f3rio. Essas medidas s\u00e3o relevantes, uma vez que permitem manter a estrutura e opera\u00e7\u00e3o do Laborat\u00f3rio Municipal enquanto a investiga\u00e7\u00e3o est\u00e1 em andamento, evitando consequ\u00eancias irrevers\u00edveis que poderiam comprometer os servi\u00e7os de sa\u00fade.<\/p>\n<h2>Os Riscos da Desmobiliza\u00e7\u00e3o do Laborat\u00f3rio<\/h2>\n<p>A desmobiliza\u00e7\u00e3o do Laborat\u00f3rio Municipal traz consigo riscos significativos, incluindo a poss\u00edvel retirada de equipamentos, a suspens\u00e3o de fornecimento de insumos e a interrup\u00e7\u00e3o de atividades cr\u00edticas. Isso pode resultar em uma situa\u00e7\u00e3o em que a reabertura e retomada dos servi\u00e7os se tornem invi\u00e1veis, prejudicando a popula\u00e7\u00e3o que depende desse atendimento.<\/p>\n<h2>O Que Est\u00e1 em Jogo para a Sa\u00fade P\u00fablica<\/h2>\n<p>A sa\u00fade p\u00fablica de Piracicaba est\u00e1 em jogo com a poss\u00edvel desmobiliza\u00e7\u00e3o do Laborat\u00f3rio Municipal. Os servi\u00e7os prestados pelo laborat\u00f3rio s\u00e3o essenciais para o diagn\u00f3stico e monitoramento de doen\u00e7as, e garantir a continuidade desses servi\u00e7os \u00e9 imprescind\u00edvel para proteger a sa\u00fade da popula\u00e7\u00e3o. A perda desse laborat\u00f3rio pode resultar em um retrocesso significativo nos cuidados de sa\u00fade dispon\u00edveis para os cidad\u00e3os.<\/p>\n<h2>Princ\u00edpios da Continuidade do Servi\u00e7o P\u00fablico<\/h2>\n<p>Os princ\u00edpios que regem a continuidade do servi\u00e7o p\u00fablico devem ser respeitados em qualquer processo de reorganiza\u00e7\u00e3o de servi\u00e7os. \u00c9 fundamental que haja uma avalia\u00e7\u00e3o detalhada e m\u00ednima perturba\u00e7\u00e3o dos servi\u00e7os essenciais enquanto a transi\u00e7\u00e3o ou revis\u00e3o de servi\u00e7os est\u00e1 em discuss\u00e3o. Os prefeitos e vereadores t\u00eam a responsabilidade de garantir que as necessidades da comunidade sejam atendidas sem interrup\u00e7\u00f5es.<\/p>\n<h2>Considera\u00e7\u00f5es Finais Sobre a Preserva\u00e7\u00e3o Estrutural<\/h2>\n<p>Por fim, a solicita\u00e7\u00e3o feita ao Minist\u00e9rio P\u00fablico \u00e9 um passo importante para garantir a preserva\u00e7\u00e3o da estrutura do Laborat\u00f3rio Municipal enquanto investiga\u00e7\u00f5es essenciais est\u00e3o em andamento. A unidade e a prote\u00e7\u00e3o dos servi\u00e7os de sa\u00fade para a comunidade de Piracicaba devem ser priorizadas, assegurando que toda a popula\u00e7\u00e3o tenha acesso cont\u00ednuo \u00e0s hist\u00f3ricas e necess\u00e1rias an\u00e1lises laboratoriais.<\/p>\n\n<div style=\"font-size: 0px; height: 0px; line-height: 0px; margin: 0; padding: 0; clear: both;\"><\/div>","protected":false},"excerpt":{"rendered":"<p>Pedido ao MP visa evitar desmobiliza\u00e7\u00e3o do Laborat\u00f3rio Municipal em Piracicaba.<\/p>\n","protected":false},"author":1,"featured_media":4726,"comment_status":"closed","ping_status":"closed","sticky":false,"template":"","format":"standard","meta":{"footnotes":""},"categories":[6],"tags":[],"class_list":["post-4727","post","type-post","status-publish","format-standard","has-post-thumbnail","hentry","category-noticias-em-piracicaba","has_thumb"],"aioseo_notices":[],"aioseo_head":"\n\t\t<!-- All in One SEO 5.0.0.1 - aioseo.com -->\n\t<meta name=\"robots\" content=\"max-image-preview:large\" \/>\n\t<meta name=\"author\" content=\"Encontra Piracicaba\"\/>\n\t<link rel=\"canonical\" href=\"https:\/\/www.encontrapiracicaba.com.br\/sobre\/pedido-ao-mp-busca-evitar-desmobilizacao-do-laboratorio-municipal-de-piracicaba\/\" \/>\n\t<meta name=\"generator\" content=\"All in One SEO (AIOSEO) 5.0.0.1\" \/>\n\t\t<meta property=\"og:locale\" content=\"pt_BR\" \/>\n\t\t<meta property=\"og:site_name\" content=\"Encontra Piracicaba | Not\u00edcias, eventos, informa\u00e7\u00f5es e dicas na cidade de Piracicaba e regi\u00e3o\" \/>\n\t\t<meta property=\"og:type\" content=\"article\" \/>\n\t\t<meta property=\"og:title\" content=\"Pedido ao MP busca evitar desmobiliza\u00e7\u00e3o do Laborat\u00f3rio Municipal de Piracicaba | Encontra Piracicaba\" \/>\n\t\t<meta property=\"og:url\" content=\"https:\/\/www.encontrapiracicaba.com.br\/sobre\/pedido-ao-mp-busca-evitar-desmobilizacao-do-laboratorio-municipal-de-piracicaba\/\" \/>\n\t\t<meta property=\"article:published_time\" content=\"2026-06-25T14:16:47+00:00\" \/>\n\t\t<meta property=\"article:modified_time\" content=\"2026-06-25T14:16:47+00:00\" \/>\n\t\t<meta name=\"twitter:card\" content=\"summary\" \/>\n\t\t<meta name=\"twitter:title\" content=\"Pedido ao MP busca evitar desmobiliza\u00e7\u00e3o do Laborat\u00f3rio Municipal de Piracicaba | Encontra Piracicaba\" \/>\n\t\t<script type=\"application\/ld+json\" class=\"aioseo-schema\">\n\t\t\t{\"@context\":\"https:\\\/\\\/schema.org\",\"@graph\":[{\"@type\":\"Article\",\"@id\":\"https:\\\/\\\/www.encontrapiracicaba.com.br\\\/sobre\\\/pedido-ao-mp-busca-evitar-desmobilizacao-do-laboratorio-municipal-de-piracicaba\\\/#article\",\"name\":\"Pedido ao MP busca evitar desmobiliza\\u00e7\\u00e3o do Laborat\\u00f3rio Municipal de Piracicaba | Encontra Piracicaba\",\"headline\":\"Pedido ao MP busca evitar desmobiliza\\u00e7\\u00e3o do Laborat\\u00f3rio Municipal de Piracicaba\",\"author\":{\"@id\":\"https:\\\/\\\/www.encontrapiracicaba.com.br\\\/sobre\\\/author\\\/epiracicaba\\\/#author\"},\"publisher\":{\"@id\":\"https:\\\/\\\/www.encontrapiracicaba.com.br\\\/sobre\\\/#organization\"},\"image\":{\"@type\":\"ImageObject\",\"url\":\"https:\\\/\\\/www.encontrapiracicaba.com.br\\\/sobre\\\/wp-content\\\/uploads\\\/pedido-ao-mp-busca-evitar-desmobilizacao-do-laboratorio-municipal-de-piracicaba.webp\",\"width\":280,\"height\":280,\"caption\":\"Laborat\\u00f3rio Municipal de Piracicaba\"},\"datePublished\":\"2026-06-25T11:16:47-03:00\",\"dateModified\":\"2026-06-25T11:16:47-03:00\",\"inLanguage\":\"pt-BR\",\"mainEntityOfPage\":{\"@id\":\"https:\\\/\\\/www.encontrapiracicaba.com.br\\\/sobre\\\/pedido-ao-mp-busca-evitar-desmobilizacao-do-laboratorio-municipal-de-piracicaba\\\/#webpage\"},\"isPartOf\":{\"@id\":\"https:\\\/\\\/www.encontrapiracicaba.com.br\\\/sobre\\\/pedido-ao-mp-busca-evitar-desmobilizacao-do-laboratorio-municipal-de-piracicaba\\\/#webpage\"},\"articleSection\":\"Not\\u00edcias Piracicaba\"},{\"@type\":\"BreadcrumbList\",\"@id\":\"https:\\\/\\\/www.encontrapiracicaba.com.br\\\/sobre\\\/pedido-ao-mp-busca-evitar-desmobilizacao-do-laboratorio-municipal-de-piracicaba\\\/#breadcrumblist\",\"itemListElement\":[{\"@type\":\"ListItem\",\"@id\":\"https:\\\/\\\/www.encontrapiracicaba.com.br\\\/sobre#listItem\",\"position\":1,\"name\":\"In\\u00edcio\",\"item\":\"https:\\\/\\\/www.encontrapiracicaba.com.br\\\/sobre\",\"nextItem\":{\"@type\":\"ListItem\",\"@id\":\"https:\\\/\\\/www.encontrapiracicaba.com.br\\\/sobre\\\/noticias-em-piracicaba\\\/#listItem\",\"name\":\"Not\\u00edcias Piracicaba\"}},{\"@type\":\"ListItem\",\"@id\":\"https:\\\/\\\/www.encontrapiracicaba.com.br\\\/sobre\\\/noticias-em-piracicaba\\\/#listItem\",\"position\":2,\"name\":\"Not\\u00edcias Piracicaba\",\"item\":\"https:\\\/\\\/www.encontrapiracicaba.com.br\\\/sobre\\\/noticias-em-piracicaba\\\/\",\"nextItem\":{\"@type\":\"ListItem\",\"@id\":\"https:\\\/\\\/www.encontrapiracicaba.com.br\\\/sobre\\\/pedido-ao-mp-busca-evitar-desmobilizacao-do-laboratorio-municipal-de-piracicaba\\\/#listItem\",\"name\":\"Pedido ao MP busca evitar desmobiliza\\u00e7\\u00e3o do Laborat\\u00f3rio Municipal de Piracicaba\"},\"previousItem\":{\"@type\":\"ListItem\",\"@id\":\"https:\\\/\\\/www.encontrapiracicaba.com.br\\\/sobre#listItem\",\"name\":\"In\\u00edcio\"}},{\"@type\":\"ListItem\",\"@id\":\"https:\\\/\\\/www.encontrapiracicaba.com.br\\\/sobre\\\/pedido-ao-mp-busca-evitar-desmobilizacao-do-laboratorio-municipal-de-piracicaba\\\/#listItem\",\"position\":3,\"name\":\"Pedido ao MP busca evitar desmobiliza\\u00e7\\u00e3o do Laborat\\u00f3rio Municipal de Piracicaba\",\"previousItem\":{\"@type\":\"ListItem\",\"@id\":\"https:\\\/\\\/www.encontrapiracicaba.com.br\\\/sobre\\\/noticias-em-piracicaba\\\/#listItem\",\"name\":\"Not\\u00edcias Piracicaba\"}}]},{\"@type\":\"Organization\",\"@id\":\"https:\\\/\\\/www.encontrapiracicaba.com.br\\\/sobre\\\/#organization\",\"name\":\"Encontra Piracicaba\",\"description\":\"Not\\u00edcias, eventos, informa\\u00e7\\u00f5es e dicas na cidade de Piracicaba e regi\\u00e3o\",\"url\":\"https:\\\/\\\/www.encontrapiracicaba.com.br\\\/sobre\\\/\"},{\"@type\":\"Person\",\"@id\":\"https:\\\/\\\/www.encontrapiracicaba.com.br\\\/sobre\\\/author\\\/epiracicaba\\\/#author\",\"url\":\"https:\\\/\\\/www.encontrapiracicaba.com.br\\\/sobre\\\/author\\\/epiracicaba\\\/\",\"name\":\"Encontra Piracicaba\",\"image\":{\"@type\":\"ImageObject\",\"@id\":\"https:\\\/\\\/www.encontrapiracicaba.com.br\\\/sobre\\\/pedido-ao-mp-busca-evitar-desmobilizacao-do-laboratorio-municipal-de-piracicaba\\\/#authorImage\",\"url\":\"https:\\\/\\\/secure.gravatar.com\\\/avatar\\\/507340682b8270222e1f208e23198b6ae7e2c6a1033ae84e99bc6bce4f82a387?s=96&d=mm&r=g\",\"width\":96,\"height\":96,\"caption\":\"Encontra Piracicaba\"}},{\"@type\":\"WebPage\",\"@id\":\"https:\\\/\\\/www.encontrapiracicaba.com.br\\\/sobre\\\/pedido-ao-mp-busca-evitar-desmobilizacao-do-laboratorio-municipal-de-piracicaba\\\/#webpage\",\"url\":\"https:\\\/\\\/www.encontrapiracicaba.com.br\\\/sobre\\\/pedido-ao-mp-busca-evitar-desmobilizacao-do-laboratorio-municipal-de-piracicaba\\\/\",\"name\":\"Pedido ao MP busca evitar desmobiliza\\u00e7\\u00e3o do Laborat\\u00f3rio Municipal de Piracicaba | Encontra Piracicaba\",\"inLanguage\":\"pt-BR\",\"isPartOf\":{\"@id\":\"https:\\\/\\\/www.encontrapiracicaba.com.br\\\/sobre\\\/#website\"},\"breadcrumb\":{\"@id\":\"https:\\\/\\\/www.encontrapiracicaba.com.br\\\/sobre\\\/pedido-ao-mp-busca-evitar-desmobilizacao-do-laboratorio-municipal-de-piracicaba\\\/#breadcrumblist\"},\"author\":{\"@id\":\"https:\\\/\\\/www.encontrapiracicaba.com.br\\\/sobre\\\/author\\\/epiracicaba\\\/#author\"},\"creator\":{\"@id\":\"https:\\\/\\\/www.encontrapiracicaba.com.br\\\/sobre\\\/author\\\/epiracicaba\\\/#author\"},\"image\":{\"@type\":\"ImageObject\",\"url\":\"https:\\\/\\\/www.encontrapiracicaba.com.br\\\/sobre\\\/wp-content\\\/uploads\\\/pedido-ao-mp-busca-evitar-desmobilizacao-do-laboratorio-municipal-de-piracicaba.webp\",\"@id\":\"https:\\\/\\\/www.encontrapiracicaba.com.br\\\/sobre\\\/pedido-ao-mp-busca-evitar-desmobilizacao-do-laboratorio-municipal-de-piracicaba\\\/#mainImage\",\"width\":280,\"height\":280,\"caption\":\"Laborat\\u00f3rio Municipal de Piracicaba\"},\"primaryImageOfPage\":{\"@id\":\"https:\\\/\\\/www.encontrapiracicaba.com.br\\\/sobre\\\/pedido-ao-mp-busca-evitar-desmobilizacao-do-laboratorio-municipal-de-piracicaba\\\/#mainImage\"},\"datePublished\":\"2026-06-25T11:16:47-03:00\",\"dateModified\":\"2026-06-25T11:16:47-03:00\"},{\"@type\":\"WebSite\",\"@id\":\"https:\\\/\\\/www.encontrapiracicaba.com.br\\\/sobre\\\/#website\",\"url\":\"https:\\\/\\\/www.encontrapiracicaba.com.br\\\/sobre\\\/\",\"name\":\"Encontra Piracicaba\",\"description\":\"Not\\u00edcias, eventos, informa\\u00e7\\u00f5es e dicas na cidade de Piracicaba e regi\\u00e3o\",\"inLanguage\":\"pt-BR\",\"publisher\":{\"@id\":\"https:\\\/\\\/www.encontrapiracicaba.com.br\\\/sobre\\\/#organization\"}}]}\n\t\t<\/script>\n\t\t<!-- All in One SEO -->\n\n","aioseo_head_json":{"title":"Pedido ao MP busca evitar desmobiliza\u00e7\u00e3o do Laborat\u00f3rio Municipal de Piracicaba | Encontra Piracicaba","description":"","canonical_url":"https:\/\/www.encontrapiracicaba.com.br\/sobre\/pedido-ao-mp-busca-evitar-desmobilizacao-do-laboratorio-municipal-de-piracicaba\/","robots":"max-image-preview:large","keywords":"","webmasterTools":{"miscellaneous":""},"schema":{"@context":"https:\/\/schema.org","@graph":[{"@type":"Article","@id":"https:\/\/www.encontrapiracicaba.com.br\/sobre\/pedido-ao-mp-busca-evitar-desmobilizacao-do-laboratorio-municipal-de-piracicaba\/#article","name":"Pedido ao MP busca evitar desmobiliza\u00e7\u00e3o do Laborat\u00f3rio Municipal de Piracicaba | Encontra Piracicaba","headline":"Pedido ao MP busca evitar desmobiliza\u00e7\u00e3o do Laborat\u00f3rio Municipal de Piracicaba","author":{"@id":"https:\/\/www.encontrapiracicaba.com.br\/sobre\/author\/epiracicaba\/#author"},"publisher":{"@id":"https:\/\/www.encontrapiracicaba.com.br\/sobre\/#organization"},"image":{"@type":"ImageObject","url":"https:\/\/www.encontrapiracicaba.com.br\/sobre\/wp-content\/uploads\/pedido-ao-mp-busca-evitar-desmobilizacao-do-laboratorio-municipal-de-piracicaba.webp","width":280,"height":280,"caption":"Laborat\u00f3rio Municipal de Piracicaba"},"datePublished":"2026-06-25T11:16:47-03:00","dateModified":"2026-06-25T11:16:47-03:00","inLanguage":"pt-BR","mainEntityOfPage":{"@id":"https:\/\/www.encontrapiracicaba.com.br\/sobre\/pedido-ao-mp-busca-evitar-desmobilizacao-do-laboratorio-municipal-de-piracicaba\/#webpage"},"isPartOf":{"@id":"https:\/\/www.encontrapiracicaba.com.br\/sobre\/pedido-ao-mp-busca-evitar-desmobilizacao-do-laboratorio-municipal-de-piracicaba\/#webpage"},"articleSection":"Not\u00edcias Piracicaba"},{"@type":"BreadcrumbList","@id":"https:\/\/www.encontrapiracicaba.com.br\/sobre\/pedido-ao-mp-busca-evitar-desmobilizacao-do-laboratorio-municipal-de-piracicaba\/#breadcrumblist","itemListElement":[{"@type":"ListItem","@id":"https:\/\/www.encontrapiracicaba.com.br\/sobre#listItem","position":1,"name":"In\u00edcio","item":"https:\/\/www.encontrapiracicaba.com.br\/sobre","nextItem":{"@type":"ListItem","@id":"https:\/\/www.encontrapiracicaba.com.br\/sobre\/noticias-em-piracicaba\/#listItem","name":"Not\u00edcias Piracicaba"}},{"@type":"ListItem","@id":"https:\/\/www.encontrapiracicaba.com.br\/sobre\/noticias-em-piracicaba\/#listItem","position":2,"name":"Not\u00edcias Piracicaba","item":"https:\/\/www.encontrapiracicaba.com.br\/sobre\/noticias-em-piracicaba\/","nextItem":{"@type":"ListItem","@id":"https:\/\/www.encontrapiracicaba.com.br\/sobre\/pedido-ao-mp-busca-evitar-desmobilizacao-do-laboratorio-municipal-de-piracicaba\/#listItem","name":"Pedido ao MP busca evitar desmobiliza\u00e7\u00e3o do Laborat\u00f3rio Municipal de Piracicaba"},"previousItem":{"@type":"ListItem","@id":"https:\/\/www.encontrapiracicaba.com.br\/sobre#listItem","name":"In\u00edcio"}},{"@type":"ListItem","@id":"https:\/\/www.encontrapiracicaba.com.br\/sobre\/pedido-ao-mp-busca-evitar-desmobilizacao-do-laboratorio-municipal-de-piracicaba\/#listItem","position":3,"name":"Pedido ao MP busca evitar desmobiliza\u00e7\u00e3o do Laborat\u00f3rio Municipal de Piracicaba","previousItem":{"@type":"ListItem","@id":"https:\/\/www.encontrapiracicaba.com.br\/sobre\/noticias-em-piracicaba\/#listItem","name":"Not\u00edcias Piracicaba"}}]},{"@type":"Organization","@id":"https:\/\/www.encontrapiracicaba.com.br\/sobre\/#organization","name":"Encontra Piracicaba","description":"Not\u00edcias, eventos, informa\u00e7\u00f5es e dicas na cidade de Piracicaba e regi\u00e3o","url":"https:\/\/www.encontrapiracicaba.com.br\/sobre\/"},{"@type":"Person","@id":"https:\/\/www.encontrapiracicaba.com.br\/sobre\/author\/epiracicaba\/#author","url":"https:\/\/www.encontrapiracicaba.com.br\/sobre\/author\/epiracicaba\/","name":"Encontra Piracicaba","image":{"@type":"ImageObject","@id":"https:\/\/www.encontrapiracicaba.com.br\/sobre\/pedido-ao-mp-busca-evitar-desmobilizacao-do-laboratorio-municipal-de-piracicaba\/#authorImage","url":"https:\/\/secure.gravatar.com\/avatar\/507340682b8270222e1f208e23198b6ae7e2c6a1033ae84e99bc6bce4f82a387?s=96&d=mm&r=g","width":96,"height":96,"caption":"Encontra Piracicaba"}},{"@type":"WebPage","@id":"https:\/\/www.encontrapiracicaba.com.br\/sobre\/pedido-ao-mp-busca-evitar-desmobilizacao-do-laboratorio-municipal-de-piracicaba\/#webpage","url":"https:\/\/www.encontrapiracicaba.com.br\/sobre\/pedido-ao-mp-busca-evitar-desmobilizacao-do-laboratorio-municipal-de-piracicaba\/","name":"Pedido ao MP busca evitar desmobiliza\u00e7\u00e3o do Laborat\u00f3rio Municipal de Piracicaba | Encontra Piracicaba","inLanguage":"pt-BR","isPartOf":{"@id":"https:\/\/www.encontrapiracicaba.com.br\/sobre\/#website"},"breadcrumb":{"@id":"https:\/\/www.encontrapiracicaba.com.br\/sobre\/pedido-ao-mp-busca-evitar-desmobilizacao-do-laboratorio-municipal-de-piracicaba\/#breadcrumblist"},"author":{"@id":"https:\/\/www.encontrapiracicaba.com.br\/sobre\/author\/epiracicaba\/#author"},"creator":{"@id":"https:\/\/www.encontrapiracicaba.com.br\/sobre\/author\/epiracicaba\/#author"},"image":{"@type":"ImageObject","url":"https:\/\/www.encontrapiracicaba.com.br\/sobre\/wp-content\/uploads\/pedido-ao-mp-busca-evitar-desmobilizacao-do-laboratorio-municipal-de-piracicaba.webp","@id":"https:\/\/www.encontrapiracicaba.com.br\/sobre\/pedido-ao-mp-busca-evitar-desmobilizacao-do-laboratorio-municipal-de-piracicaba\/#mainImage","width":280,"height":280,"caption":"Laborat\u00f3rio Municipal de Piracicaba"},"primaryImageOfPage":{"@id":"https:\/\/www.encontrapiracicaba.com.br\/sobre\/pedido-ao-mp-busca-evitar-desmobilizacao-do-laboratorio-municipal-de-piracicaba\/#mainImage"},"datePublished":"2026-06-25T11:16:47-03:00","dateModified":"2026-06-25T11:16:47-03:00"},{"@type":"WebSite","@id":"https:\/\/www.encontrapiracicaba.com.br\/sobre\/#website","url":"https:\/\/www.encontrapiracicaba.com.br\/sobre\/","name":"Encontra Piracicaba","description":"Not\u00edcias, eventos, informa\u00e7\u00f5es e dicas na cidade de Piracicaba e regi\u00e3o","inLanguage":"pt-BR","publisher":{"@id":"https:\/\/www.encontrapiracicaba.com.br\/sobre\/#organization"}}]},"og:locale":"pt_BR","og:site_name":"Encontra Piracicaba | Not\u00edcias, eventos, informa\u00e7\u00f5es e dicas na cidade de Piracicaba e regi\u00e3o","og:type":"article","og:title":"Pedido ao MP busca evitar desmobiliza\u00e7\u00e3o do Laborat\u00f3rio Municipal de Piracicaba | Encontra Piracicaba","og:url":"https:\/\/www.encontrapiracicaba.com.br\/sobre\/pedido-ao-mp-busca-evitar-desmobilizacao-do-laboratorio-municipal-de-piracicaba\/","article:published_time":"2026-06-25T14:16:47+00:00","article:modified_time":"2026-06-25T14:16:47+00:00","twitter:card":"summary","twitter:title":"Pedido ao MP busca evitar desmobiliza\u00e7\u00e3o do Laborat\u00f3rio Municipal de Piracicaba | Encontra Piracicaba"},"aioseo_meta_data":{"post_id":"4727","title":null,"description":null,"keywords":null,"keyphrases":null,"primary_term":null,"canonical_url":null,"og_title":null,"og_description":null,"og_object_type":"default","og_image_type":"default","og_image_url":null,"og_image_width":null,"og_image_height":null,"og_image_custom_url":null,"og_image_custom_fields":null,"og_video":null,"og_custom_url":null,"og_article_section":null,"og_article_tags":null,"twitter_use_og":false,"twitter_card":"default","twitter_image_type":"default","twitter_image_url":null,"twitter_image_custom_url":null,"twitter_image_custom_fields":null,"twitter_title":null,"twitter_description":null,"schema":{"blockGraphs":[],"customGraphs":[],"default":{"data":{"Article":[],"Course":[],"Dataset":[],"FAQPage":[],"Movie":[],"Person":[],"Product":[],"ProductReview":[],"Car":[],"Recipe":[],"Service":[],"SoftwareApplication":[],"WebPage":[]},"graphName":"Article","isEnabled":true},"graphs":[]},"schema_type":"default","schema_type_options":null,"pillar_content":false,"robots_default":true,"robots_noindex":false,"robots_noarchive":false,"robots_nosnippet":false,"robots_nofollow":false,"robots_noimageindex":false,"robots_noodp":false,"robots_notranslate":false,"robots_max_snippet":null,"robots_max_videopreview":null,"robots_max_imagepreview":"large","priority":null,"frequency":null,"local_seo":null,"breadcrumb_settings":null,"limit_modified_date":false,"ai":null,"created":"2026-06-25 14:16:51","updated":"2026-06-25 14:16:53","focus_keyword":null,"additional_keywords":null,"truseo_locale":null,"seo_analyzer_scan_date":null},"aioseo_breadcrumb":"<div class=\"aioseo-breadcrumbs\"><span class=\"aioseo-breadcrumb\">\n\t\t\t<a href=\"https:\/\/www.encontrapiracicaba.com.br\/sobre\" title=\"In\u00edcio\">In\u00edcio<\/a>\n\t\t<\/span><span class=\"aioseo-breadcrumb-separator\">&raquo;<\/span><span class=\"aioseo-breadcrumb\">\n\t\t\t<a href=\"https:\/\/www.encontrapiracicaba.com.br\/sobre\/noticias-em-piracicaba\/\" title=\"Not\u00edcias Piracicaba\">Not\u00edcias Piracicaba<\/a>\n\t\t<\/span><span class=\"aioseo-breadcrumb-separator\">&raquo;<\/span><span class=\"aioseo-breadcrumb\">\n\t\t\tPedido ao MP busca evitar desmobiliza\u00e7\u00e3o do Laborat\u00f3rio Municipal de Piracicaba\n\t\t<\/span><\/div>","aioseo_breadcrumb_json":[{"label":"In\u00edcio","link":"https:\/\/www.encontrapiracicaba.com.br\/sobre"},{"label":"Not\u00edcias Piracicaba","link":"https:\/\/www.encontrapiracicaba.com.br\/sobre\/noticias-em-piracicaba\/"},{"label":"Pedido ao MP busca evitar desmobiliza\u00e7\u00e3o do Laborat\u00f3rio Municipal de Piracicaba","link":"https:\/\/www.encontrapiracicaba.com.br\/sobre\/pedido-ao-mp-busca-evitar-desmobilizacao-do-laboratorio-municipal-de-piracicaba\/"}],"_links":{"self":[{"href":"https:\/\/www.encontrapiracicaba.com.br\/sobre\/wp-json\/wp\/v2\/posts\/4727","targetHints":{"allow":["GET"]}}],"collection":[{"href":"https:\/\/www.encontrapiracicaba.com.br\/sobre\/wp-json\/wp\/v2\/posts"}],"about":[{"href":"https:\/\/www.encontrapiracicaba.com.br\/sobre\/wp-json\/wp\/v2\/types\/post"}],"author":[{"embeddable":true,"href":"https:\/\/www.encontrapiracicaba.com.br\/sobre\/wp-json\/wp\/v2\/users\/1"}],"replies":[{"embeddable":true,"href":"https:\/\/www.encontrapiracicaba.com.br\/sobre\/wp-json\/wp\/v2\/comments?post=4727"}],"version-history":[{"count":0,"href":"https:\/\/www.encontrapiracicaba.com.br\/sobre\/wp-json\/wp\/v2\/posts\/4727\/revisions"}],"wp:featuredmedia":[{"embeddable":true,"href":"https:\/\/www.encontrapiracicaba.com.br\/sobre\/wp-json\/wp\/v2\/media\/4726"}],"wp:attachment":[{"href":"https:\/\/www.encontrapiracicaba.com.br\/sobre\/wp-json\/wp\/v2\/media?parent=4727"}],"wp:term":[{"taxonomy":"category","embeddable":true,"href":"https:\/\/www.encontrapiracicaba.com.br\/sobre\/wp-json\/wp\/v2\/categories?post=4727"},{"taxonomy":"post_tag","embeddable":true,"href":"https:\/\/www.encontrapiracicaba.com.br\/sobre\/wp-json\/wp\/v2\/tags?post=4727"}],"curies":[{"name":"wp","href":"https:\/\/api.w.org\/{rel}","templated":true}]}}