{"id":4733,"date":"2026-06-27T11:41:19","date_gmt":"2026-06-27T14:41:19","guid":{"rendered":"https:\/\/www.encontrapiracicaba.com.br\/sobre\/evento-na-camara-aproxima-educadores-da-historia-de-piracicaba\/"},"modified":"2026-06-27T11:41:19","modified_gmt":"2026-06-27T14:41:19","slug":"evento-na-camara-aproxima-educadores-da-historia-de-piracicaba","status":"publish","type":"post","link":"https:\/\/www.encontrapiracicaba.com.br\/sobre\/evento-na-camara-aproxima-educadores-da-historia-de-piracicaba\/","title":{"rendered":"Evento na C\u00e2mara aproxima educadores da hist\u00f3ria de Piracicaba"},"content":{"rendered":"<div class=\"85df007ed5c0c4d4b453fd13a37855e8\" data-index=\"1\" style=\"float: none; margin:0px;\">\n<!-- Anuncio display - global -->\r\n<ins class=\"adsbygoogle\"\r\n     style=\"display:block\"\r\n     data-ad-client=\"ca-pub-8585364105181520\"\r\n     data-ad-slot=\"8789329856\"\r\n     data-ad-format=\"auto\"\r\n     data-full-width-responsive=\"true\"><\/ins>\r\n<script>\r\n     (adsbygoogle = window.adsbygoogle || []).push({});\r\n<\/script>\n<\/div>\n<h2>A Import\u00e2ncia da Hist\u00f3ria na Educa\u00e7\u00e3o<\/h2>\n<p>O papel da educa\u00e7\u00e3o na forma\u00e7\u00e3o de uma sociedade consciente e cr\u00edtica n\u00e3o pode ser subestimado. O dom\u00ednio do conhecimento hist\u00f3rico \u00e9 essencial para que os educadores possam transmitir n\u00e3o apenas fatos, mas tamb\u00e9m a compreens\u00e3o das rela\u00e7\u00f5es sociais e contextos diversos. Durante o evento realizado na C\u00e2mara Municipal de Piracicaba, houve uma oportunidade de discutir a intersec\u00e7\u00e3o entre a hist\u00f3ria local e a forma\u00e7\u00e3o \u00e9tnico-racial dos educadores, evidenciando como essas narrativas moldam a compreens\u00e3o do passado e suas repercuss\u00f5es no presente.<\/p>\n<h2>O Papel da C\u00e2mara na Preserva\u00e7\u00e3o Documental<\/h2>\n<p>A C\u00e2mara Municipal de Piracicaba tem um papel crucial na preserva\u00e7\u00e3o da hist\u00f3ria local por meio do seu acervo documental. Os registros hist\u00f3ricos guardados pela C\u00e2mara s\u00e3o fundamentais para a pesquisa e consulta, pois fornecem insights sobre a evolu\u00e7\u00e3o social, pol\u00edtica e econ\u00f4mica da cidade. A forma\u00e7\u00e3o proporcionada pela C\u00e2mara, que reuniu professores para dialogar sobre temas como diversidade e patrim\u00f4nio, mostra como a preserva\u00e7\u00e3o documental \u00e9 vital para a forma\u00e7\u00e3o de uma consci\u00eancia cr\u00edtica e reflexiva nos estudantes.<\/p>\n<h2>Implica\u00e7\u00f5es do Apagamento Hist\u00f3rico<\/h2>\n<p>Um dos temas centrais discutidos no evento foi o apagamento hist\u00f3rico, que se refere \u00e0 exclus\u00e3o de narrativas de determinados grupos sociais nas documenta\u00e7\u00f5es oficiais. Essa omiss\u00e3o n\u00e3o apenas deslegitima a experi\u00eancia de comunidades marginalizadas, como tamb\u00e9m limita a compreens\u00e3o plural da hist\u00f3ria. O encontro enfatizou a import\u00e2ncia de resgatar as vozes e as hist\u00f3rias de quem foi silenciado ao longo dos anos, especialmente a popula\u00e7\u00e3o negra, e como isso se reflete na educa\u00e7\u00e3o contempor\u00e2nea.<\/p>\n<p><img decoding=\"async\" src=\"https:\/\/www.encontrapiracicaba.com.br\/sobre\/wp-content\/uploads\/evento-na-camara-aproxima-educadores-da-historia-de-piracicaba.webp\" alt=\"evento na C\u00e2mara de Piracicaba\" loading=\"lazy\" \/><\/p>\n<h2>Patrim\u00f4nio Documental e sua Relev\u00e2ncia<\/h2>\n<p>O patrim\u00f4nio documental n\u00e3o se resume apenas a registros escritos, mas envolve uma vasta gama de materiais que ajudam a contar a hist\u00f3ria de um lugar. Durante o evento, foram apresentados documentos que revelam aspectos da forma\u00e7\u00e3o da sociedade piracicabana. Entre os registros, destacam-se aqueles que abordavam a escravid\u00e3o e o tratamento de pessoas escravizadas, os quais servem como um importante lembrete das injusti\u00e7as do passado e da necessidade de uma educa\u00e7\u00e3o que abarque essa complexidade.<\/p>\n<h2>Educa\u00e7\u00e3o Antirracista em Foco<\/h2>\n<p>A educa\u00e7\u00e3o antirracista foi um dos principais enfoques do encontro, onde se buscou discutir a import\u00e2ncia de reconhecer e tratar as desigualdades raciais dentro da sala de aula. Marilda Soares, uma das palestrantes, enfatizou que a educa\u00e7\u00e3o deve ser um espa\u00e7o de acolhimento e reflex\u00e3o sobre as quest\u00f5es raciais, promovendo n\u00e3o apenas a inclus\u00e3o, mas tamb\u00e9m a valoriza\u00e7\u00e3o das diversas culturas que comp\u00f5em a sociedade brasileira.<\/p>\n<h2>Resgatando Narrativas Marginalizadas<\/h2>\n<p>O resgate de narrativas marginalizadas foi uma das propostas do evento, que apresentou aos educadores a import\u00e2ncia de incluir diferentes perspectivas nas aulas de hist\u00f3ria. Ao discutir a aus\u00eancia de registros sobre grupos espec\u00edficos, como negros e imigrantes, os palestrantes incentivaram a busca ativa por essas hist\u00f3rias a fim de criar um curr\u00edculo mais representativo e verdadeiro. Isso n\u00e3o s\u00f3 fortalece a identidade dos alunos, mas tamb\u00e9m promove um ambiente educativo mais inclusivo.<\/p>\n<h2>Conex\u00f5es entre Passado e Presente<\/h2>\n<p>A relev\u00e2ncia de entender o passado para compreender as din\u00e2micas atuais foi um ponto amplamente abordado na forma\u00e7\u00e3o. As discuss\u00f5es interligaram eventos hist\u00f3ricos de Piracicaba com quest\u00f5es contempor\u00e2neas, como racismo e desigualdade social. Ao fazer essas conex\u00f5es, os educadores s\u00e3o encorajados a explorar como as narrativas do passado ainda influenciam a sociedade atual, al\u00e9m de ajudarem a construir um futuro mais igualit\u00e1rio.<\/p>\n<h2>A Forma\u00e7\u00e3o dos Educadores na Hist\u00f3ria Local<\/h2>\n<p>A valoriza\u00e7\u00e3o da hist\u00f3ria local foi uma das chaves do evento. Os professores puderam se aproximar mais do acervo hist\u00f3rico da C\u00e2mara, com o intuito de utiliz\u00e1-lo em suas pr\u00e1ticas pedag\u00f3gicas. A forma\u00e7\u00e3o de educadores \u00e9 fundamental para que se tornem mediadores de conhecimento, capazes de articular a hist\u00f3ria local com os conte\u00fados das disciplinas que ensinam, fortalecendo assim a rela\u00e7\u00e3o dos alunos com a comunidade em que vivem.<\/p>\n<h2>Documenta\u00e7\u00e3o e Mem\u00f3ria Social<\/h2>\n<p>A documenta\u00e7\u00e3o \u00e9 um importante recurso na constru\u00e7\u00e3o da mem\u00f3ria social de uma cidade. A palestra sobre o Setor de Gest\u00e3o de Documenta\u00e7\u00e3o e Arquivo na C\u00e2mara Municipal de Piracicaba demonstrou como os registros hist\u00f3ricos s\u00e3o essenciais para qualquer an\u00e1lise sociocultural. Ao apresentar alguns dos documentos, os palestrantes convidaram os educadores a perceberem esses materiais como instrumentos que podem auxiliar na compreens\u00e3o das rela\u00e7\u00f5es de poder e resist\u00eancia ao longo da hist\u00f3ria.<\/p>\n<h2>Historicamente Inclusiva: Desafios e Avan\u00e7os<\/h2>\n<p>A promo\u00e7\u00e3o de uma educa\u00e7\u00e3o inclusiva \u00e9 um desafio constante, especialmente em um pa\u00eds com uma hist\u00f3ria t\u00e3o diversa como o Brasil. O evento visou discutir esses desafios, refletindo sobre os avan\u00e7os necess\u00e1rios para que as salas de aula se tornem espa\u00e7os de di\u00e1logo e respeito \u00e0s diferen\u00e7as. O compromisso com uma abordagem hist\u00f3rica inclusiva requer que educadores e alunos se empenhem em descobrir e compartilhar as in\u00fameras narrativas que comp\u00f5em a hist\u00f3ria de Piracicaba e do Brasil como um todo.<\/p>\n<p>Durante as apresenta\u00e7\u00f5es, foram introduzidos questionamentos que incentivam a reflex\u00e3o cr\u00edtica sobre a hist\u00f3ria, instigando os professores a n\u00e3o apenas aceitarem conte\u00fados prontos, mas a questionar e debater a hist\u00f3ria com seus alunos, promovendo assim a constru\u00e7\u00e3o conjunta do conhecimento.<\/p>\n<p>Atrav\u00e9s das experi\u00eancias compartilhadas e das discuss\u00f5es provocativas, o evento na C\u00e2mara Municipal de Piracicaba se firmou como um passo significativo rumo \u00e0 conscientiza\u00e7\u00e3o e valoriza\u00e7\u00e3o da hist\u00f3ria entre educadores e alunos, criando um espa\u00e7o prop\u00edcio para o desenvolvimento de uma educa\u00e7\u00e3o cr\u00edtica, inclusiva e que respeite as diversas etnias e culturas do Brasil.<\/p>\n<p>O futuro da educa\u00e7\u00e3o em Piracicaba e no Brasil depender\u00e1 da disposi\u00e7\u00e3o dos educadores e da sociedade em geral para reconhecer e valorizar as diversas narrativas que comp\u00f5em o nosso passado, abrindo caminho para uma forma\u00e7\u00e3o mais justa e representativa.<\/p>\n\n<div style=\"font-size: 0px; height: 0px; line-height: 0px; margin: 0; padding: 0; clear: both;\"><\/div>","protected":false},"excerpt":{"rendered":"<p>Evento na C\u00e2mara de Piracicaba revela conex\u00f5es entre educa\u00e7\u00e3o e hist\u00f3ria local.<\/p>\n","protected":false},"author":1,"featured_media":4732,"comment_status":"closed","ping_status":"closed","sticky":false,"template":"","format":"standard","meta":{"footnotes":""},"categories":[6],"tags":[],"class_list":["post-4733","post","type-post","status-publish","format-standard","has-post-thumbnail","hentry","category-noticias-em-piracicaba","has_thumb"],"aioseo_notices":[],"aioseo_head":"\n\t\t<!-- All in One SEO 5.0.0.1 - aioseo.com -->\n\t<meta name=\"robots\" content=\"max-image-preview:large\" \/>\n\t<meta name=\"author\" content=\"Encontra Piracicaba\"\/>\n\t<link rel=\"canonical\" href=\"https:\/\/www.encontrapiracicaba.com.br\/sobre\/evento-na-camara-aproxima-educadores-da-historia-de-piracicaba\/\" \/>\n\t<meta name=\"generator\" content=\"All in One SEO (AIOSEO) 5.0.0.1\" \/>\n\t\t<meta property=\"og:locale\" content=\"pt_BR\" \/>\n\t\t<meta property=\"og:site_name\" content=\"Encontra Piracicaba | Not\u00edcias, eventos, informa\u00e7\u00f5es e dicas na cidade de Piracicaba e regi\u00e3o\" \/>\n\t\t<meta property=\"og:type\" content=\"article\" \/>\n\t\t<meta property=\"og:title\" content=\"Evento na C\u00e2mara aproxima educadores da hist\u00f3ria de Piracicaba | Encontra Piracicaba\" \/>\n\t\t<meta property=\"og:url\" content=\"https:\/\/www.encontrapiracicaba.com.br\/sobre\/evento-na-camara-aproxima-educadores-da-historia-de-piracicaba\/\" \/>\n\t\t<meta property=\"article:published_time\" content=\"2026-06-27T14:41:19+00:00\" \/>\n\t\t<meta property=\"article:modified_time\" content=\"2026-06-27T14:41:19+00:00\" \/>\n\t\t<meta name=\"twitter:card\" content=\"summary\" \/>\n\t\t<meta name=\"twitter:title\" content=\"Evento na C\u00e2mara aproxima educadores da hist\u00f3ria de Piracicaba | Encontra Piracicaba\" \/>\n\t\t<script type=\"application\/ld+json\" class=\"aioseo-schema\">\n\t\t\t{\"@context\":\"https:\\\/\\\/schema.org\",\"@graph\":[{\"@type\":\"Article\",\"@id\":\"https:\\\/\\\/www.encontrapiracicaba.com.br\\\/sobre\\\/evento-na-camara-aproxima-educadores-da-historia-de-piracicaba\\\/#article\",\"name\":\"Evento na C\\u00e2mara aproxima educadores da hist\\u00f3ria de Piracicaba | Encontra Piracicaba\",\"headline\":\"Evento na C\\u00e2mara aproxima educadores da hist\\u00f3ria de Piracicaba\",\"author\":{\"@id\":\"https:\\\/\\\/www.encontrapiracicaba.com.br\\\/sobre\\\/author\\\/epiracicaba\\\/#author\"},\"publisher\":{\"@id\":\"https:\\\/\\\/www.encontrapiracicaba.com.br\\\/sobre\\\/#organization\"},\"image\":{\"@type\":\"ImageObject\",\"url\":\"https:\\\/\\\/www.encontrapiracicaba.com.br\\\/sobre\\\/wp-content\\\/uploads\\\/evento-na-camara-aproxima-educadores-da-historia-de-piracicaba.webp\",\"width\":280,\"height\":280,\"caption\":\"evento na C\\u00e2mara de Piracicaba\"},\"datePublished\":\"2026-06-27T11:41:19-03:00\",\"dateModified\":\"2026-06-27T11:41:19-03:00\",\"inLanguage\":\"pt-BR\",\"mainEntityOfPage\":{\"@id\":\"https:\\\/\\\/www.encontrapiracicaba.com.br\\\/sobre\\\/evento-na-camara-aproxima-educadores-da-historia-de-piracicaba\\\/#webpage\"},\"isPartOf\":{\"@id\":\"https:\\\/\\\/www.encontrapiracicaba.com.br\\\/sobre\\\/evento-na-camara-aproxima-educadores-da-historia-de-piracicaba\\\/#webpage\"},\"articleSection\":\"Not\\u00edcias Piracicaba\"},{\"@type\":\"BreadcrumbList\",\"@id\":\"https:\\\/\\\/www.encontrapiracicaba.com.br\\\/sobre\\\/evento-na-camara-aproxima-educadores-da-historia-de-piracicaba\\\/#breadcrumblist\",\"itemListElement\":[{\"@type\":\"ListItem\",\"@id\":\"https:\\\/\\\/www.encontrapiracicaba.com.br\\\/sobre#listItem\",\"position\":1,\"name\":\"In\\u00edcio\",\"item\":\"https:\\\/\\\/www.encontrapiracicaba.com.br\\\/sobre\",\"nextItem\":{\"@type\":\"ListItem\",\"@id\":\"https:\\\/\\\/www.encontrapiracicaba.com.br\\\/sobre\\\/noticias-em-piracicaba\\\/#listItem\",\"name\":\"Not\\u00edcias Piracicaba\"}},{\"@type\":\"ListItem\",\"@id\":\"https:\\\/\\\/www.encontrapiracicaba.com.br\\\/sobre\\\/noticias-em-piracicaba\\\/#listItem\",\"position\":2,\"name\":\"Not\\u00edcias Piracicaba\",\"item\":\"https:\\\/\\\/www.encontrapiracicaba.com.br\\\/sobre\\\/noticias-em-piracicaba\\\/\",\"nextItem\":{\"@type\":\"ListItem\",\"@id\":\"https:\\\/\\\/www.encontrapiracicaba.com.br\\\/sobre\\\/evento-na-camara-aproxima-educadores-da-historia-de-piracicaba\\\/#listItem\",\"name\":\"Evento na C\\u00e2mara aproxima educadores da hist\\u00f3ria de Piracicaba\"},\"previousItem\":{\"@type\":\"ListItem\",\"@id\":\"https:\\\/\\\/www.encontrapiracicaba.com.br\\\/sobre#listItem\",\"name\":\"In\\u00edcio\"}},{\"@type\":\"ListItem\",\"@id\":\"https:\\\/\\\/www.encontrapiracicaba.com.br\\\/sobre\\\/evento-na-camara-aproxima-educadores-da-historia-de-piracicaba\\\/#listItem\",\"position\":3,\"name\":\"Evento na C\\u00e2mara aproxima educadores da hist\\u00f3ria de Piracicaba\",\"previousItem\":{\"@type\":\"ListItem\",\"@id\":\"https:\\\/\\\/www.encontrapiracicaba.com.br\\\/sobre\\\/noticias-em-piracicaba\\\/#listItem\",\"name\":\"Not\\u00edcias Piracicaba\"}}]},{\"@type\":\"Organization\",\"@id\":\"https:\\\/\\\/www.encontrapiracicaba.com.br\\\/sobre\\\/#organization\",\"name\":\"Encontra Piracicaba\",\"description\":\"Not\\u00edcias, eventos, informa\\u00e7\\u00f5es e dicas na cidade de Piracicaba e regi\\u00e3o\",\"url\":\"https:\\\/\\\/www.encontrapiracicaba.com.br\\\/sobre\\\/\"},{\"@type\":\"Person\",\"@id\":\"https:\\\/\\\/www.encontrapiracicaba.com.br\\\/sobre\\\/author\\\/epiracicaba\\\/#author\",\"url\":\"https:\\\/\\\/www.encontrapiracicaba.com.br\\\/sobre\\\/author\\\/epiracicaba\\\/\",\"name\":\"Encontra Piracicaba\",\"image\":{\"@type\":\"ImageObject\",\"@id\":\"https:\\\/\\\/www.encontrapiracicaba.com.br\\\/sobre\\\/evento-na-camara-aproxima-educadores-da-historia-de-piracicaba\\\/#authorImage\",\"url\":\"https:\\\/\\\/secure.gravatar.com\\\/avatar\\\/507340682b8270222e1f208e23198b6ae7e2c6a1033ae84e99bc6bce4f82a387?s=96&d=mm&r=g\",\"width\":96,\"height\":96,\"caption\":\"Encontra Piracicaba\"}},{\"@type\":\"WebPage\",\"@id\":\"https:\\\/\\\/www.encontrapiracicaba.com.br\\\/sobre\\\/evento-na-camara-aproxima-educadores-da-historia-de-piracicaba\\\/#webpage\",\"url\":\"https:\\\/\\\/www.encontrapiracicaba.com.br\\\/sobre\\\/evento-na-camara-aproxima-educadores-da-historia-de-piracicaba\\\/\",\"name\":\"Evento na C\\u00e2mara aproxima educadores da hist\\u00f3ria de Piracicaba | Encontra Piracicaba\",\"inLanguage\":\"pt-BR\",\"isPartOf\":{\"@id\":\"https:\\\/\\\/www.encontrapiracicaba.com.br\\\/sobre\\\/#website\"},\"breadcrumb\":{\"@id\":\"https:\\\/\\\/www.encontrapiracicaba.com.br\\\/sobre\\\/evento-na-camara-aproxima-educadores-da-historia-de-piracicaba\\\/#breadcrumblist\"},\"author\":{\"@id\":\"https:\\\/\\\/www.encontrapiracicaba.com.br\\\/sobre\\\/author\\\/epiracicaba\\\/#author\"},\"creator\":{\"@id\":\"https:\\\/\\\/www.encontrapiracicaba.com.br\\\/sobre\\\/author\\\/epiracicaba\\\/#author\"},\"image\":{\"@type\":\"ImageObject\",\"url\":\"https:\\\/\\\/www.encontrapiracicaba.com.br\\\/sobre\\\/wp-content\\\/uploads\\\/evento-na-camara-aproxima-educadores-da-historia-de-piracicaba.webp\",\"@id\":\"https:\\\/\\\/www.encontrapiracicaba.com.br\\\/sobre\\\/evento-na-camara-aproxima-educadores-da-historia-de-piracicaba\\\/#mainImage\",\"width\":280,\"height\":280,\"caption\":\"evento na C\\u00e2mara de Piracicaba\"},\"primaryImageOfPage\":{\"@id\":\"https:\\\/\\\/www.encontrapiracicaba.com.br\\\/sobre\\\/evento-na-camara-aproxima-educadores-da-historia-de-piracicaba\\\/#mainImage\"},\"datePublished\":\"2026-06-27T11:41:19-03:00\",\"dateModified\":\"2026-06-27T11:41:19-03:00\"},{\"@type\":\"WebSite\",\"@id\":\"https:\\\/\\\/www.encontrapiracicaba.com.br\\\/sobre\\\/#website\",\"url\":\"https:\\\/\\\/www.encontrapiracicaba.com.br\\\/sobre\\\/\",\"name\":\"Encontra Piracicaba\",\"description\":\"Not\\u00edcias, eventos, informa\\u00e7\\u00f5es e dicas na cidade de Piracicaba e regi\\u00e3o\",\"inLanguage\":\"pt-BR\",\"publisher\":{\"@id\":\"https:\\\/\\\/www.encontrapiracicaba.com.br\\\/sobre\\\/#organization\"}}]}\n\t\t<\/script>\n\t\t<!-- All in One SEO -->\n\n","aioseo_head_json":{"title":"Evento na C\u00e2mara aproxima educadores da hist\u00f3ria de Piracicaba | Encontra Piracicaba","description":"","canonical_url":"https:\/\/www.encontrapiracicaba.com.br\/sobre\/evento-na-camara-aproxima-educadores-da-historia-de-piracicaba\/","robots":"max-image-preview:large","keywords":"","webmasterTools":{"miscellaneous":""},"schema":{"@context":"https:\/\/schema.org","@graph":[{"@type":"Article","@id":"https:\/\/www.encontrapiracicaba.com.br\/sobre\/evento-na-camara-aproxima-educadores-da-historia-de-piracicaba\/#article","name":"Evento na C\u00e2mara aproxima educadores da hist\u00f3ria de Piracicaba | Encontra Piracicaba","headline":"Evento na C\u00e2mara aproxima educadores da hist\u00f3ria de Piracicaba","author":{"@id":"https:\/\/www.encontrapiracicaba.com.br\/sobre\/author\/epiracicaba\/#author"},"publisher":{"@id":"https:\/\/www.encontrapiracicaba.com.br\/sobre\/#organization"},"image":{"@type":"ImageObject","url":"https:\/\/www.encontrapiracicaba.com.br\/sobre\/wp-content\/uploads\/evento-na-camara-aproxima-educadores-da-historia-de-piracicaba.webp","width":280,"height":280,"caption":"evento na C\u00e2mara de Piracicaba"},"datePublished":"2026-06-27T11:41:19-03:00","dateModified":"2026-06-27T11:41:19-03:00","inLanguage":"pt-BR","mainEntityOfPage":{"@id":"https:\/\/www.encontrapiracicaba.com.br\/sobre\/evento-na-camara-aproxima-educadores-da-historia-de-piracicaba\/#webpage"},"isPartOf":{"@id":"https:\/\/www.encontrapiracicaba.com.br\/sobre\/evento-na-camara-aproxima-educadores-da-historia-de-piracicaba\/#webpage"},"articleSection":"Not\u00edcias Piracicaba"},{"@type":"BreadcrumbList","@id":"https:\/\/www.encontrapiracicaba.com.br\/sobre\/evento-na-camara-aproxima-educadores-da-historia-de-piracicaba\/#breadcrumblist","itemListElement":[{"@type":"ListItem","@id":"https:\/\/www.encontrapiracicaba.com.br\/sobre#listItem","position":1,"name":"In\u00edcio","item":"https:\/\/www.encontrapiracicaba.com.br\/sobre","nextItem":{"@type":"ListItem","@id":"https:\/\/www.encontrapiracicaba.com.br\/sobre\/noticias-em-piracicaba\/#listItem","name":"Not\u00edcias Piracicaba"}},{"@type":"ListItem","@id":"https:\/\/www.encontrapiracicaba.com.br\/sobre\/noticias-em-piracicaba\/#listItem","position":2,"name":"Not\u00edcias Piracicaba","item":"https:\/\/www.encontrapiracicaba.com.br\/sobre\/noticias-em-piracicaba\/","nextItem":{"@type":"ListItem","@id":"https:\/\/www.encontrapiracicaba.com.br\/sobre\/evento-na-camara-aproxima-educadores-da-historia-de-piracicaba\/#listItem","name":"Evento na C\u00e2mara aproxima educadores da hist\u00f3ria de Piracicaba"},"previousItem":{"@type":"ListItem","@id":"https:\/\/www.encontrapiracicaba.com.br\/sobre#listItem","name":"In\u00edcio"}},{"@type":"ListItem","@id":"https:\/\/www.encontrapiracicaba.com.br\/sobre\/evento-na-camara-aproxima-educadores-da-historia-de-piracicaba\/#listItem","position":3,"name":"Evento na C\u00e2mara aproxima educadores da hist\u00f3ria de Piracicaba","previousItem":{"@type":"ListItem","@id":"https:\/\/www.encontrapiracicaba.com.br\/sobre\/noticias-em-piracicaba\/#listItem","name":"Not\u00edcias Piracicaba"}}]},{"@type":"Organization","@id":"https:\/\/www.encontrapiracicaba.com.br\/sobre\/#organization","name":"Encontra Piracicaba","description":"Not\u00edcias, eventos, informa\u00e7\u00f5es e dicas na cidade de Piracicaba e regi\u00e3o","url":"https:\/\/www.encontrapiracicaba.com.br\/sobre\/"},{"@type":"Person","@id":"https:\/\/www.encontrapiracicaba.com.br\/sobre\/author\/epiracicaba\/#author","url":"https:\/\/www.encontrapiracicaba.com.br\/sobre\/author\/epiracicaba\/","name":"Encontra Piracicaba","image":{"@type":"ImageObject","@id":"https:\/\/www.encontrapiracicaba.com.br\/sobre\/evento-na-camara-aproxima-educadores-da-historia-de-piracicaba\/#authorImage","url":"https:\/\/secure.gravatar.com\/avatar\/507340682b8270222e1f208e23198b6ae7e2c6a1033ae84e99bc6bce4f82a387?s=96&d=mm&r=g","width":96,"height":96,"caption":"Encontra Piracicaba"}},{"@type":"WebPage","@id":"https:\/\/www.encontrapiracicaba.com.br\/sobre\/evento-na-camara-aproxima-educadores-da-historia-de-piracicaba\/#webpage","url":"https:\/\/www.encontrapiracicaba.com.br\/sobre\/evento-na-camara-aproxima-educadores-da-historia-de-piracicaba\/","name":"Evento na C\u00e2mara aproxima educadores da hist\u00f3ria de Piracicaba | Encontra Piracicaba","inLanguage":"pt-BR","isPartOf":{"@id":"https:\/\/www.encontrapiracicaba.com.br\/sobre\/#website"},"breadcrumb":{"@id":"https:\/\/www.encontrapiracicaba.com.br\/sobre\/evento-na-camara-aproxima-educadores-da-historia-de-piracicaba\/#breadcrumblist"},"author":{"@id":"https:\/\/www.encontrapiracicaba.com.br\/sobre\/author\/epiracicaba\/#author"},"creator":{"@id":"https:\/\/www.encontrapiracicaba.com.br\/sobre\/author\/epiracicaba\/#author"},"image":{"@type":"ImageObject","url":"https:\/\/www.encontrapiracicaba.com.br\/sobre\/wp-content\/uploads\/evento-na-camara-aproxima-educadores-da-historia-de-piracicaba.webp","@id":"https:\/\/www.encontrapiracicaba.com.br\/sobre\/evento-na-camara-aproxima-educadores-da-historia-de-piracicaba\/#mainImage","width":280,"height":280,"caption":"evento na C\u00e2mara de Piracicaba"},"primaryImageOfPage":{"@id":"https:\/\/www.encontrapiracicaba.com.br\/sobre\/evento-na-camara-aproxima-educadores-da-historia-de-piracicaba\/#mainImage"},"datePublished":"2026-06-27T11:41:19-03:00","dateModified":"2026-06-27T11:41:19-03:00"},{"@type":"WebSite","@id":"https:\/\/www.encontrapiracicaba.com.br\/sobre\/#website","url":"https:\/\/www.encontrapiracicaba.com.br\/sobre\/","name":"Encontra Piracicaba","description":"Not\u00edcias, eventos, informa\u00e7\u00f5es e dicas na cidade de Piracicaba e regi\u00e3o","inLanguage":"pt-BR","publisher":{"@id":"https:\/\/www.encontrapiracicaba.com.br\/sobre\/#organization"}}]},"og:locale":"pt_BR","og:site_name":"Encontra Piracicaba | Not\u00edcias, eventos, informa\u00e7\u00f5es e dicas na cidade de Piracicaba e regi\u00e3o","og:type":"article","og:title":"Evento na C\u00e2mara aproxima educadores da hist\u00f3ria de Piracicaba | Encontra Piracicaba","og:url":"https:\/\/www.encontrapiracicaba.com.br\/sobre\/evento-na-camara-aproxima-educadores-da-historia-de-piracicaba\/","article:published_time":"2026-06-27T14:41:19+00:00","article:modified_time":"2026-06-27T14:41:19+00:00","twitter:card":"summary","twitter:title":"Evento na C\u00e2mara aproxima educadores da hist\u00f3ria de Piracicaba | Encontra Piracicaba"},"aioseo_meta_data":{"post_id":"4733","title":null,"description":null,"keywords":null,"keyphrases":null,"primary_term":null,"canonical_url":null,"og_title":null,"og_description":null,"og_object_type":"default","og_image_type":"default","og_image_url":null,"og_image_width":null,"og_image_height":null,"og_image_custom_url":null,"og_image_custom_fields":null,"og_video":null,"og_custom_url":null,"og_article_section":null,"og_article_tags":null,"twitter_use_og":false,"twitter_card":"default","twitter_image_type":"default","twitter_image_url":null,"twitter_image_custom_url":null,"twitter_image_custom_fields":null,"twitter_title":null,"twitter_description":null,"schema":{"blockGraphs":[],"customGraphs":[],"default":{"data":{"Article":[],"Course":[],"Dataset":[],"FAQPage":[],"Movie":[],"Person":[],"Product":[],"ProductReview":[],"Car":[],"Recipe":[],"Service":[],"SoftwareApplication":[],"WebPage":[]},"graphName":"Article","isEnabled":true},"graphs":[]},"schema_type":"default","schema_type_options":null,"pillar_content":false,"robots_default":true,"robots_noindex":false,"robots_noarchive":false,"robots_nosnippet":false,"robots_nofollow":false,"robots_noimageindex":false,"robots_noodp":false,"robots_notranslate":false,"robots_max_snippet":null,"robots_max_videopreview":null,"robots_max_imagepreview":"large","priority":null,"frequency":null,"local_seo":null,"breadcrumb_settings":null,"limit_modified_date":false,"ai":null,"created":"2026-06-27 14:41:25","updated":"2026-06-27 15:10:55","focus_keyword":null,"additional_keywords":null,"truseo_locale":null,"seo_analyzer_scan_date":null},"aioseo_breadcrumb":"<div class=\"aioseo-breadcrumbs\"><span class=\"aioseo-breadcrumb\">\n\t\t\t<a href=\"https:\/\/www.encontrapiracicaba.com.br\/sobre\" title=\"In\u00edcio\">In\u00edcio<\/a>\n\t\t<\/span><span class=\"aioseo-breadcrumb-separator\">&raquo;<\/span><span class=\"aioseo-breadcrumb\">\n\t\t\t<a href=\"https:\/\/www.encontrapiracicaba.com.br\/sobre\/noticias-em-piracicaba\/\" title=\"Not\u00edcias Piracicaba\">Not\u00edcias Piracicaba<\/a>\n\t\t<\/span><span class=\"aioseo-breadcrumb-separator\">&raquo;<\/span><span class=\"aioseo-breadcrumb\">\n\t\t\tEvento na C\u00e2mara aproxima educadores da hist\u00f3ria de Piracicaba\n\t\t<\/span><\/div>","aioseo_breadcrumb_json":[{"label":"In\u00edcio","link":"https:\/\/www.encontrapiracicaba.com.br\/sobre"},{"label":"Not\u00edcias Piracicaba","link":"https:\/\/www.encontrapiracicaba.com.br\/sobre\/noticias-em-piracicaba\/"},{"label":"Evento na C\u00e2mara aproxima educadores da hist\u00f3ria de Piracicaba","link":"https:\/\/www.encontrapiracicaba.com.br\/sobre\/evento-na-camara-aproxima-educadores-da-historia-de-piracicaba\/"}],"_links":{"self":[{"href":"https:\/\/www.encontrapiracicaba.com.br\/sobre\/wp-json\/wp\/v2\/posts\/4733","targetHints":{"allow":["GET"]}}],"collection":[{"href":"https:\/\/www.encontrapiracicaba.com.br\/sobre\/wp-json\/wp\/v2\/posts"}],"about":[{"href":"https:\/\/www.encontrapiracicaba.com.br\/sobre\/wp-json\/wp\/v2\/types\/post"}],"author":[{"embeddable":true,"href":"https:\/\/www.encontrapiracicaba.com.br\/sobre\/wp-json\/wp\/v2\/users\/1"}],"replies":[{"embeddable":true,"href":"https:\/\/www.encontrapiracicaba.com.br\/sobre\/wp-json\/wp\/v2\/comments?post=4733"}],"version-history":[{"count":0,"href":"https:\/\/www.encontrapiracicaba.com.br\/sobre\/wp-json\/wp\/v2\/posts\/4733\/revisions"}],"wp:featuredmedia":[{"embeddable":true,"href":"https:\/\/www.encontrapiracicaba.com.br\/sobre\/wp-json\/wp\/v2\/media\/4732"}],"wp:attachment":[{"href":"https:\/\/www.encontrapiracicaba.com.br\/sobre\/wp-json\/wp\/v2\/media?parent=4733"}],"wp:term":[{"taxonomy":"category","embeddable":true,"href":"https:\/\/www.encontrapiracicaba.com.br\/sobre\/wp-json\/wp\/v2\/categories?post=4733"},{"taxonomy":"post_tag","embeddable":true,"href":"https:\/\/www.encontrapiracicaba.com.br\/sobre\/wp-json\/wp\/v2\/tags?post=4733"}],"curies":[{"name":"wp","href":"https:\/\/api.w.org\/{rel}","templated":true}]}}