{"id":4737,"date":"2026-06-28T11:55:15","date_gmt":"2026-06-28T14:55:15","guid":{"rendered":"https:\/\/www.encontrapiracicaba.com.br\/sobre\/estado-oficializa-reconhecimento-de-cadeias-produtivas-locais-de-piracicaba\/"},"modified":"2026-06-28T11:55:15","modified_gmt":"2026-06-28T14:55:15","slug":"estado-oficializa-reconhecimento-de-cadeias-produtivas-locais-de-piracicaba","status":"publish","type":"post","link":"https:\/\/www.encontrapiracicaba.com.br\/sobre\/estado-oficializa-reconhecimento-de-cadeias-produtivas-locais-de-piracicaba\/","title":{"rendered":"Estado oficializa reconhecimento de cadeias produtivas locais de Piracicaba"},"content":{"rendered":"<div class=\"85df007ed5c0c4d4b453fd13a37855e8\" data-index=\"1\" style=\"float: none; margin:0px;\">\n<!-- Anuncio display - global -->\r\n<ins class=\"adsbygoogle\"\r\n     style=\"display:block\"\r\n     data-ad-client=\"ca-pub-8585364105181520\"\r\n     data-ad-slot=\"8789329856\"\r\n     data-ad-format=\"auto\"\r\n     data-full-width-responsive=\"true\"><\/ins>\r\n<script>\r\n     (adsbygoogle = window.adsbygoogle || []).push({});\r\n<\/script>\n<\/div>\n<h2>O que s\u00e3o Cadeias Produtivas?<\/h2>\n<p>Cadeias produtivas representam um conjunto de intera\u00e7\u00f5es entre diversas empresas, institui\u00e7\u00f5es de ensino e entidades de apoio que operam em torno de um setor econ\u00f4mico espec\u00edfico. O objetivo principal dessas cadeias \u00e9 promover inova\u00e7\u00e3o, competitividade e um crescimento sustent\u00e1vel. Em Piracicaba, essa abordagem se materializa em arranjos que integram diferentes elos da produ\u00e7\u00e3o, desde a mat\u00e9ria-prima at\u00e9 o consumo final, envolvendo empres\u00e1rios, trabalhadores e a administra\u00e7\u00e3o p\u00fablica.<\/p>\n<h2>Impacto das Cadeias Produtivas na Economia Local<\/h2>\n<p>A presen\u00e7a de cadeias produtivas robustas em Piracicaba tem um impacto significativo na economia local. Elas fomentam o desenvolvimento econ\u00f4mico ao:<\/p>\n<ul>\n<li><strong>Gerar Emprego:<\/strong> A amplia\u00e7\u00e3o dos neg\u00f3cios e a cria\u00e7\u00e3o de novas empresas aumentam as oportunidades de trabalho para a popula\u00e7\u00e3o.<\/li>\n<li><strong>Estimular a Inova\u00e7\u00e3o:<\/strong> A colabora\u00e7\u00e3o entre diferentes setores favorece o surgimento de novos produtos e processos.<\/li>\n<li><strong>Fortalecer o Com\u00e9rcio Local:<\/strong> A valoriza\u00e7\u00e3o de produtos e servi\u00e7os locais impacta positivamente o circuito econ\u00f4mico da regi\u00e3o.<\/li>\n<li><strong>Atra\u00e7\u00e3o de Investimentos:<\/strong> Cidades com cadeias produtivas reconhecidas se tornam mais atrativas para investidores, o que traz mais recursos e tecnologias.<\/li>\n<\/ul>\n<h2>Cadeias Reconhecidas em Piracicaba<\/h2>\n<p>Recentemente, Piracicaba foi agraciada com o reconhecimento de quatro novas cadeias produtivas locais, totalizando seis cadeias oficialmente reconhecidas. As cadeias que receberam reconhecimento foram:<\/p>\n<p><img decoding=\"async\" src=\"https:\/\/www.encontrapiracicaba.com.br\/sobre\/wp-content\/uploads\/estado-oficializa-reconhecimento-de-cadeias-produtivas-locais-de-piracicaba.webp\" alt=\"cadeias produtivas locais de Piracicaba\" loading=\"lazy\" \/><\/p>\n<ul>\n<li><strong>Cacha\u00e7a:<\/strong> Uma tradi\u00e7\u00e3o local com forte identidade cultural e econ\u00f4mica.<\/li>\n<li><strong>Sa\u00fade:<\/strong> Destacou-se como uma das cadeias com melhor avalia\u00e7\u00e3o em termos de maturidade.<\/li>\n<li><strong>Bioenergia:<\/strong> Um setor em desenvolvimento que busca alternativas sustent\u00e1veis de energia.<\/li>\n<li><strong>Turismo Tirol\u00eas:<\/strong> Enfatiza a cultura e as tradi\u00e7\u00f5es tirolesas, atraindo visitantes.<\/li>\n<\/ul>\n<h2>Cacha\u00e7a: Uma Tradi\u00e7\u00e3o Local<\/h2>\n<p>A cadeia produtiva da cacha\u00e7a em Piracicaba \u00e9 um exemplo de valoriza\u00e7\u00e3o da cultura local. A produ\u00e7\u00e3o e comercializa\u00e7\u00e3o da cacha\u00e7a n\u00e3o apenas contribuem para a economia, mas tamb\u00e9m promovem a hist\u00f3ria e a tradi\u00e7\u00e3o da regi\u00e3o. Enoturismos e festivais voltados para a cacha\u00e7a geram atra\u00e7\u00e3o e engajamento, incrementando o turismo.<\/p>\n<h2>Sa\u00fade: Destaque da Cadeia Produtiva<\/h2>\n<p>O setor de sa\u00fade incluiu diversas institui\u00e7\u00f5es e profissionais que se uniram para oferecer um sistema de sa\u00fade de qualidade. O reconhecimento de Piracicaba como um polo neste setor \u00e9 um resultado do trabalho colaborativo entre universidades, cl\u00ednicas e institui\u00e7\u00f5es de pesquisa, promovendo assim um ambiente prop\u00edcio para inova\u00e7\u00e3o e desenvolvimento de novas pr\u00e1ticas.<\/p>\n<h2>Bioenergia: Futuro Sustent\u00e1vel<\/h2>\n<p>Com foco na sustentabilidade e com uma agenda voltada para pr\u00e1ticas ecol\u00f3gicas, a bioenergia representa o futuro da matriz energ\u00e9tica da regi\u00e3o. A colabora\u00e7\u00e3o entre empresas e institui\u00e7\u00f5es de pesquisa \u00e9 essencial para o avan\u00e7o das tecnologias voltadas para a produ\u00e7\u00e3o de energia renov\u00e1vel, utilizando recursos locais de forma eficiente e respons\u00e1vel.<\/p>\n<h2>Turismo Tirol\u00eas: Atraindo Visitantes<\/h2>\n<p>A promo\u00e7\u00e3o do Turismo Tirol\u00eas n\u00e3o s\u00f3 atrai visitantes que buscam experi\u00eancias culturais e gastron\u00f4micas, mas tamb\u00e9m \u00e9 um motor que impulsiona o com\u00e9rcio e os servi\u00e7os locais. A valoriza\u00e7\u00e3o das tradi\u00e7\u00f5es e festas tirolesas, al\u00e9m do acolhimento do povo piracicabano, contribuem para um turismo mais sustent\u00e1vel e diversificado.<\/p>\n<h2>Import\u00e2ncia do Reconhecimento Oficial<\/h2>\n<p>O reconhecimento oficial das cadeias produtivas \u00e9 fundamental, pois agrega valor \u00e0s iniciativas locais e aumenta a visibilidade dos setores reconhecidos. Isso resulta em:<\/p>\n<ul>\n<li><strong>Acessibilidade a Recursos:<\/strong> Facilita o acesso a investimentos e recursos financeiros para o desenvolvimento das cadeias.<\/li>\n<li><strong>Apoio T\u00e9cnico e Qualifica\u00e7\u00e3o:<\/strong> As cadeias reconhecidas ganham acesso a programas de capacita\u00e7\u00e3o e mentoria que podem impulsionar seu crescimento.<\/li>\n<li><strong>Fortalecimento da Rede de Colabora\u00e7\u00e3o:<\/strong> O reconhecimento promove um ambiente colaborativo, onde as empresas podem se interligar e beneficiar-se mutuamente.<\/li>\n<\/ul>\n<h2>Participa\u00e7\u00e3o da Comunidade Empresarial<\/h2>\n<p>A participa\u00e7\u00e3o da comunidade empresarial \u00e9 essencial para o sucesso das cadeias produtivas. O envolvimento de empres\u00e1rios e l\u00edderes locais nos processos de articula\u00e7\u00e3o e desenvolvimento produz sinergias que resultam em um ambiente de neg\u00f3cios mais favor\u00e1vel. O trabalho conjunto facilita a identifica\u00e7\u00e3o de oportunidades e a supera\u00e7\u00e3o de desafios comuns.<\/p>\n<h2>Pr\u00f3ximos Passos e Oportunidades<\/h2>\n<p>Com o Edital de Fomento de Cadeias Produtivas Locais aberto, as seis cadeias reconhecidas em Piracicaba t\u00eam agora a oportunidade de se candidatar a verbas e recursos que podem catalisar seu desenvolvimento. A Secretaria de Desenvolvimento Econ\u00f4mico, Ind\u00fastria e Com\u00e9rcio est\u00e1 dispon\u00edvel para orientar e apoiar as iniciativas relacionadas. Essa continuidade no trabalho de fortalecimento das cadeias produzir\u00e1 um impacto positivo na economia local e na gera\u00e7\u00e3o de empregos.<\/p>\n\n<div style=\"font-size: 0px; height: 0px; line-height: 0px; margin: 0; padding: 0; clear: both;\"><\/div>","protected":false},"excerpt":{"rendered":"<p>Cadeias produtivas de Piracicaba s\u00e3o oficialmente reconhecidas, destacando sua import\u00e2ncia econ\u00f4mica.<\/p>\n","protected":false},"author":1,"featured_media":4736,"comment_status":"closed","ping_status":"closed","sticky":false,"template":"","format":"standard","meta":{"footnotes":""},"categories":[6],"tags":[],"class_list":["post-4737","post","type-post","status-publish","format-standard","has-post-thumbnail","hentry","category-noticias-em-piracicaba","has_thumb"],"aioseo_notices":[],"aioseo_head":"\n\t\t<!-- All in One SEO 5.0.0.1 - aioseo.com -->\n\t<meta name=\"robots\" content=\"max-image-preview:large\" \/>\n\t<meta name=\"author\" content=\"Encontra Piracicaba\"\/>\n\t<link rel=\"canonical\" href=\"https:\/\/www.encontrapiracicaba.com.br\/sobre\/estado-oficializa-reconhecimento-de-cadeias-produtivas-locais-de-piracicaba\/\" \/>\n\t<meta name=\"generator\" content=\"All in One SEO (AIOSEO) 5.0.0.1\" \/>\n\t\t<meta property=\"og:locale\" content=\"pt_BR\" \/>\n\t\t<meta property=\"og:site_name\" content=\"Encontra Piracicaba | Not\u00edcias, eventos, informa\u00e7\u00f5es e dicas na cidade de Piracicaba e regi\u00e3o\" \/>\n\t\t<meta property=\"og:type\" content=\"article\" \/>\n\t\t<meta property=\"og:title\" content=\"Estado oficializa reconhecimento de cadeias produtivas locais de Piracicaba | Encontra Piracicaba\" \/>\n\t\t<meta property=\"og:url\" content=\"https:\/\/www.encontrapiracicaba.com.br\/sobre\/estado-oficializa-reconhecimento-de-cadeias-produtivas-locais-de-piracicaba\/\" \/>\n\t\t<meta property=\"article:published_time\" content=\"2026-06-28T14:55:15+00:00\" \/>\n\t\t<meta property=\"article:modified_time\" content=\"2026-06-28T14:55:15+00:00\" \/>\n\t\t<meta name=\"twitter:card\" content=\"summary\" \/>\n\t\t<meta name=\"twitter:title\" content=\"Estado oficializa reconhecimento de cadeias produtivas locais de Piracicaba | Encontra Piracicaba\" \/>\n\t\t<script type=\"application\/ld+json\" class=\"aioseo-schema\">\n\t\t\t{\"@context\":\"https:\\\/\\\/schema.org\",\"@graph\":[{\"@type\":\"Article\",\"@id\":\"https:\\\/\\\/www.encontrapiracicaba.com.br\\\/sobre\\\/estado-oficializa-reconhecimento-de-cadeias-produtivas-locais-de-piracicaba\\\/#article\",\"name\":\"Estado oficializa reconhecimento de cadeias produtivas locais de Piracicaba | Encontra Piracicaba\",\"headline\":\"Estado oficializa reconhecimento de cadeias produtivas locais de Piracicaba\",\"author\":{\"@id\":\"https:\\\/\\\/www.encontrapiracicaba.com.br\\\/sobre\\\/author\\\/epiracicaba\\\/#author\"},\"publisher\":{\"@id\":\"https:\\\/\\\/www.encontrapiracicaba.com.br\\\/sobre\\\/#organization\"},\"image\":{\"@type\":\"ImageObject\",\"url\":\"https:\\\/\\\/www.encontrapiracicaba.com.br\\\/sobre\\\/wp-content\\\/uploads\\\/estado-oficializa-reconhecimento-de-cadeias-produtivas-locais-de-piracicaba.webp\",\"width\":280,\"height\":280,\"caption\":\"cadeias produtivas locais de Piracicaba\"},\"datePublished\":\"2026-06-28T11:55:15-03:00\",\"dateModified\":\"2026-06-28T11:55:15-03:00\",\"inLanguage\":\"pt-BR\",\"mainEntityOfPage\":{\"@id\":\"https:\\\/\\\/www.encontrapiracicaba.com.br\\\/sobre\\\/estado-oficializa-reconhecimento-de-cadeias-produtivas-locais-de-piracicaba\\\/#webpage\"},\"isPartOf\":{\"@id\":\"https:\\\/\\\/www.encontrapiracicaba.com.br\\\/sobre\\\/estado-oficializa-reconhecimento-de-cadeias-produtivas-locais-de-piracicaba\\\/#webpage\"},\"articleSection\":\"Not\\u00edcias Piracicaba\"},{\"@type\":\"BreadcrumbList\",\"@id\":\"https:\\\/\\\/www.encontrapiracicaba.com.br\\\/sobre\\\/estado-oficializa-reconhecimento-de-cadeias-produtivas-locais-de-piracicaba\\\/#breadcrumblist\",\"itemListElement\":[{\"@type\":\"ListItem\",\"@id\":\"https:\\\/\\\/www.encontrapiracicaba.com.br\\\/sobre#listItem\",\"position\":1,\"name\":\"In\\u00edcio\",\"item\":\"https:\\\/\\\/www.encontrapiracicaba.com.br\\\/sobre\",\"nextItem\":{\"@type\":\"ListItem\",\"@id\":\"https:\\\/\\\/www.encontrapiracicaba.com.br\\\/sobre\\\/noticias-em-piracicaba\\\/#listItem\",\"name\":\"Not\\u00edcias Piracicaba\"}},{\"@type\":\"ListItem\",\"@id\":\"https:\\\/\\\/www.encontrapiracicaba.com.br\\\/sobre\\\/noticias-em-piracicaba\\\/#listItem\",\"position\":2,\"name\":\"Not\\u00edcias Piracicaba\",\"item\":\"https:\\\/\\\/www.encontrapiracicaba.com.br\\\/sobre\\\/noticias-em-piracicaba\\\/\",\"nextItem\":{\"@type\":\"ListItem\",\"@id\":\"https:\\\/\\\/www.encontrapiracicaba.com.br\\\/sobre\\\/estado-oficializa-reconhecimento-de-cadeias-produtivas-locais-de-piracicaba\\\/#listItem\",\"name\":\"Estado oficializa reconhecimento de cadeias produtivas locais de Piracicaba\"},\"previousItem\":{\"@type\":\"ListItem\",\"@id\":\"https:\\\/\\\/www.encontrapiracicaba.com.br\\\/sobre#listItem\",\"name\":\"In\\u00edcio\"}},{\"@type\":\"ListItem\",\"@id\":\"https:\\\/\\\/www.encontrapiracicaba.com.br\\\/sobre\\\/estado-oficializa-reconhecimento-de-cadeias-produtivas-locais-de-piracicaba\\\/#listItem\",\"position\":3,\"name\":\"Estado oficializa reconhecimento de cadeias produtivas locais de Piracicaba\",\"previousItem\":{\"@type\":\"ListItem\",\"@id\":\"https:\\\/\\\/www.encontrapiracicaba.com.br\\\/sobre\\\/noticias-em-piracicaba\\\/#listItem\",\"name\":\"Not\\u00edcias Piracicaba\"}}]},{\"@type\":\"Organization\",\"@id\":\"https:\\\/\\\/www.encontrapiracicaba.com.br\\\/sobre\\\/#organization\",\"name\":\"Encontra Piracicaba\",\"description\":\"Not\\u00edcias, eventos, informa\\u00e7\\u00f5es e dicas na cidade de Piracicaba e regi\\u00e3o\",\"url\":\"https:\\\/\\\/www.encontrapiracicaba.com.br\\\/sobre\\\/\"},{\"@type\":\"Person\",\"@id\":\"https:\\\/\\\/www.encontrapiracicaba.com.br\\\/sobre\\\/author\\\/epiracicaba\\\/#author\",\"url\":\"https:\\\/\\\/www.encontrapiracicaba.com.br\\\/sobre\\\/author\\\/epiracicaba\\\/\",\"name\":\"Encontra Piracicaba\",\"image\":{\"@type\":\"ImageObject\",\"@id\":\"https:\\\/\\\/www.encontrapiracicaba.com.br\\\/sobre\\\/estado-oficializa-reconhecimento-de-cadeias-produtivas-locais-de-piracicaba\\\/#authorImage\",\"url\":\"https:\\\/\\\/secure.gravatar.com\\\/avatar\\\/507340682b8270222e1f208e23198b6ae7e2c6a1033ae84e99bc6bce4f82a387?s=96&d=mm&r=g\",\"width\":96,\"height\":96,\"caption\":\"Encontra Piracicaba\"}},{\"@type\":\"WebPage\",\"@id\":\"https:\\\/\\\/www.encontrapiracicaba.com.br\\\/sobre\\\/estado-oficializa-reconhecimento-de-cadeias-produtivas-locais-de-piracicaba\\\/#webpage\",\"url\":\"https:\\\/\\\/www.encontrapiracicaba.com.br\\\/sobre\\\/estado-oficializa-reconhecimento-de-cadeias-produtivas-locais-de-piracicaba\\\/\",\"name\":\"Estado oficializa reconhecimento de cadeias produtivas locais de Piracicaba | Encontra Piracicaba\",\"inLanguage\":\"pt-BR\",\"isPartOf\":{\"@id\":\"https:\\\/\\\/www.encontrapiracicaba.com.br\\\/sobre\\\/#website\"},\"breadcrumb\":{\"@id\":\"https:\\\/\\\/www.encontrapiracicaba.com.br\\\/sobre\\\/estado-oficializa-reconhecimento-de-cadeias-produtivas-locais-de-piracicaba\\\/#breadcrumblist\"},\"author\":{\"@id\":\"https:\\\/\\\/www.encontrapiracicaba.com.br\\\/sobre\\\/author\\\/epiracicaba\\\/#author\"},\"creator\":{\"@id\":\"https:\\\/\\\/www.encontrapiracicaba.com.br\\\/sobre\\\/author\\\/epiracicaba\\\/#author\"},\"image\":{\"@type\":\"ImageObject\",\"url\":\"https:\\\/\\\/www.encontrapiracicaba.com.br\\\/sobre\\\/wp-content\\\/uploads\\\/estado-oficializa-reconhecimento-de-cadeias-produtivas-locais-de-piracicaba.webp\",\"@id\":\"https:\\\/\\\/www.encontrapiracicaba.com.br\\\/sobre\\\/estado-oficializa-reconhecimento-de-cadeias-produtivas-locais-de-piracicaba\\\/#mainImage\",\"width\":280,\"height\":280,\"caption\":\"cadeias produtivas locais de Piracicaba\"},\"primaryImageOfPage\":{\"@id\":\"https:\\\/\\\/www.encontrapiracicaba.com.br\\\/sobre\\\/estado-oficializa-reconhecimento-de-cadeias-produtivas-locais-de-piracicaba\\\/#mainImage\"},\"datePublished\":\"2026-06-28T11:55:15-03:00\",\"dateModified\":\"2026-06-28T11:55:15-03:00\"},{\"@type\":\"WebSite\",\"@id\":\"https:\\\/\\\/www.encontrapiracicaba.com.br\\\/sobre\\\/#website\",\"url\":\"https:\\\/\\\/www.encontrapiracicaba.com.br\\\/sobre\\\/\",\"name\":\"Encontra Piracicaba\",\"description\":\"Not\\u00edcias, eventos, informa\\u00e7\\u00f5es e dicas na cidade de Piracicaba e regi\\u00e3o\",\"inLanguage\":\"pt-BR\",\"publisher\":{\"@id\":\"https:\\\/\\\/www.encontrapiracicaba.com.br\\\/sobre\\\/#organization\"}}]}\n\t\t<\/script>\n\t\t<!-- All in One SEO -->\n\n","aioseo_head_json":{"title":"Estado oficializa reconhecimento de cadeias produtivas locais de Piracicaba | Encontra Piracicaba","description":"","canonical_url":"https:\/\/www.encontrapiracicaba.com.br\/sobre\/estado-oficializa-reconhecimento-de-cadeias-produtivas-locais-de-piracicaba\/","robots":"max-image-preview:large","keywords":"","webmasterTools":{"miscellaneous":""},"schema":{"@context":"https:\/\/schema.org","@graph":[{"@type":"Article","@id":"https:\/\/www.encontrapiracicaba.com.br\/sobre\/estado-oficializa-reconhecimento-de-cadeias-produtivas-locais-de-piracicaba\/#article","name":"Estado oficializa reconhecimento de cadeias produtivas locais de Piracicaba | Encontra Piracicaba","headline":"Estado oficializa reconhecimento de cadeias produtivas locais de Piracicaba","author":{"@id":"https:\/\/www.encontrapiracicaba.com.br\/sobre\/author\/epiracicaba\/#author"},"publisher":{"@id":"https:\/\/www.encontrapiracicaba.com.br\/sobre\/#organization"},"image":{"@type":"ImageObject","url":"https:\/\/www.encontrapiracicaba.com.br\/sobre\/wp-content\/uploads\/estado-oficializa-reconhecimento-de-cadeias-produtivas-locais-de-piracicaba.webp","width":280,"height":280,"caption":"cadeias produtivas locais de Piracicaba"},"datePublished":"2026-06-28T11:55:15-03:00","dateModified":"2026-06-28T11:55:15-03:00","inLanguage":"pt-BR","mainEntityOfPage":{"@id":"https:\/\/www.encontrapiracicaba.com.br\/sobre\/estado-oficializa-reconhecimento-de-cadeias-produtivas-locais-de-piracicaba\/#webpage"},"isPartOf":{"@id":"https:\/\/www.encontrapiracicaba.com.br\/sobre\/estado-oficializa-reconhecimento-de-cadeias-produtivas-locais-de-piracicaba\/#webpage"},"articleSection":"Not\u00edcias Piracicaba"},{"@type":"BreadcrumbList","@id":"https:\/\/www.encontrapiracicaba.com.br\/sobre\/estado-oficializa-reconhecimento-de-cadeias-produtivas-locais-de-piracicaba\/#breadcrumblist","itemListElement":[{"@type":"ListItem","@id":"https:\/\/www.encontrapiracicaba.com.br\/sobre#listItem","position":1,"name":"In\u00edcio","item":"https:\/\/www.encontrapiracicaba.com.br\/sobre","nextItem":{"@type":"ListItem","@id":"https:\/\/www.encontrapiracicaba.com.br\/sobre\/noticias-em-piracicaba\/#listItem","name":"Not\u00edcias Piracicaba"}},{"@type":"ListItem","@id":"https:\/\/www.encontrapiracicaba.com.br\/sobre\/noticias-em-piracicaba\/#listItem","position":2,"name":"Not\u00edcias Piracicaba","item":"https:\/\/www.encontrapiracicaba.com.br\/sobre\/noticias-em-piracicaba\/","nextItem":{"@type":"ListItem","@id":"https:\/\/www.encontrapiracicaba.com.br\/sobre\/estado-oficializa-reconhecimento-de-cadeias-produtivas-locais-de-piracicaba\/#listItem","name":"Estado oficializa reconhecimento de cadeias produtivas locais de Piracicaba"},"previousItem":{"@type":"ListItem","@id":"https:\/\/www.encontrapiracicaba.com.br\/sobre#listItem","name":"In\u00edcio"}},{"@type":"ListItem","@id":"https:\/\/www.encontrapiracicaba.com.br\/sobre\/estado-oficializa-reconhecimento-de-cadeias-produtivas-locais-de-piracicaba\/#listItem","position":3,"name":"Estado oficializa reconhecimento de cadeias produtivas locais de Piracicaba","previousItem":{"@type":"ListItem","@id":"https:\/\/www.encontrapiracicaba.com.br\/sobre\/noticias-em-piracicaba\/#listItem","name":"Not\u00edcias Piracicaba"}}]},{"@type":"Organization","@id":"https:\/\/www.encontrapiracicaba.com.br\/sobre\/#organization","name":"Encontra Piracicaba","description":"Not\u00edcias, eventos, informa\u00e7\u00f5es e dicas na cidade de Piracicaba e regi\u00e3o","url":"https:\/\/www.encontrapiracicaba.com.br\/sobre\/"},{"@type":"Person","@id":"https:\/\/www.encontrapiracicaba.com.br\/sobre\/author\/epiracicaba\/#author","url":"https:\/\/www.encontrapiracicaba.com.br\/sobre\/author\/epiracicaba\/","name":"Encontra Piracicaba","image":{"@type":"ImageObject","@id":"https:\/\/www.encontrapiracicaba.com.br\/sobre\/estado-oficializa-reconhecimento-de-cadeias-produtivas-locais-de-piracicaba\/#authorImage","url":"https:\/\/secure.gravatar.com\/avatar\/507340682b8270222e1f208e23198b6ae7e2c6a1033ae84e99bc6bce4f82a387?s=96&d=mm&r=g","width":96,"height":96,"caption":"Encontra Piracicaba"}},{"@type":"WebPage","@id":"https:\/\/www.encontrapiracicaba.com.br\/sobre\/estado-oficializa-reconhecimento-de-cadeias-produtivas-locais-de-piracicaba\/#webpage","url":"https:\/\/www.encontrapiracicaba.com.br\/sobre\/estado-oficializa-reconhecimento-de-cadeias-produtivas-locais-de-piracicaba\/","name":"Estado oficializa reconhecimento de cadeias produtivas locais de Piracicaba | Encontra Piracicaba","inLanguage":"pt-BR","isPartOf":{"@id":"https:\/\/www.encontrapiracicaba.com.br\/sobre\/#website"},"breadcrumb":{"@id":"https:\/\/www.encontrapiracicaba.com.br\/sobre\/estado-oficializa-reconhecimento-de-cadeias-produtivas-locais-de-piracicaba\/#breadcrumblist"},"author":{"@id":"https:\/\/www.encontrapiracicaba.com.br\/sobre\/author\/epiracicaba\/#author"},"creator":{"@id":"https:\/\/www.encontrapiracicaba.com.br\/sobre\/author\/epiracicaba\/#author"},"image":{"@type":"ImageObject","url":"https:\/\/www.encontrapiracicaba.com.br\/sobre\/wp-content\/uploads\/estado-oficializa-reconhecimento-de-cadeias-produtivas-locais-de-piracicaba.webp","@id":"https:\/\/www.encontrapiracicaba.com.br\/sobre\/estado-oficializa-reconhecimento-de-cadeias-produtivas-locais-de-piracicaba\/#mainImage","width":280,"height":280,"caption":"cadeias produtivas locais de Piracicaba"},"primaryImageOfPage":{"@id":"https:\/\/www.encontrapiracicaba.com.br\/sobre\/estado-oficializa-reconhecimento-de-cadeias-produtivas-locais-de-piracicaba\/#mainImage"},"datePublished":"2026-06-28T11:55:15-03:00","dateModified":"2026-06-28T11:55:15-03:00"},{"@type":"WebSite","@id":"https:\/\/www.encontrapiracicaba.com.br\/sobre\/#website","url":"https:\/\/www.encontrapiracicaba.com.br\/sobre\/","name":"Encontra Piracicaba","description":"Not\u00edcias, eventos, informa\u00e7\u00f5es e dicas na cidade de Piracicaba e regi\u00e3o","inLanguage":"pt-BR","publisher":{"@id":"https:\/\/www.encontrapiracicaba.com.br\/sobre\/#organization"}}]},"og:locale":"pt_BR","og:site_name":"Encontra Piracicaba | Not\u00edcias, eventos, informa\u00e7\u00f5es e dicas na cidade de Piracicaba e regi\u00e3o","og:type":"article","og:title":"Estado oficializa reconhecimento de cadeias produtivas locais de Piracicaba | Encontra Piracicaba","og:url":"https:\/\/www.encontrapiracicaba.com.br\/sobre\/estado-oficializa-reconhecimento-de-cadeias-produtivas-locais-de-piracicaba\/","article:published_time":"2026-06-28T14:55:15+00:00","article:modified_time":"2026-06-28T14:55:15+00:00","twitter:card":"summary","twitter:title":"Estado oficializa reconhecimento de cadeias produtivas locais de Piracicaba | Encontra Piracicaba"},"aioseo_meta_data":{"post_id":"4737","title":null,"description":null,"keywords":null,"keyphrases":null,"primary_term":null,"canonical_url":null,"og_title":null,"og_description":null,"og_object_type":"default","og_image_type":"default","og_image_url":null,"og_image_width":null,"og_image_height":null,"og_image_custom_url":null,"og_image_custom_fields":null,"og_video":null,"og_custom_url":null,"og_article_section":null,"og_article_tags":null,"twitter_use_og":false,"twitter_card":"default","twitter_image_type":"default","twitter_image_url":null,"twitter_image_custom_url":null,"twitter_image_custom_fields":null,"twitter_title":null,"twitter_description":null,"schema":{"blockGraphs":[],"customGraphs":[],"default":{"data":{"Article":[],"Course":[],"Dataset":[],"FAQPage":[],"Movie":[],"Person":[],"Product":[],"ProductReview":[],"Car":[],"Recipe":[],"Service":[],"SoftwareApplication":[],"WebPage":[]},"graphName":"Article","isEnabled":true},"graphs":[]},"schema_type":"default","schema_type_options":null,"pillar_content":false,"robots_default":true,"robots_noindex":false,"robots_noarchive":false,"robots_nosnippet":false,"robots_nofollow":false,"robots_noimageindex":false,"robots_noodp":false,"robots_notranslate":false,"robots_max_snippet":null,"robots_max_videopreview":null,"robots_max_imagepreview":"large","priority":null,"frequency":null,"local_seo":null,"breadcrumb_settings":null,"limit_modified_date":false,"ai":null,"created":"2026-06-28 14:55:21","updated":"2026-06-28 15:06:49","focus_keyword":null,"additional_keywords":null,"truseo_locale":null,"seo_analyzer_scan_date":null},"aioseo_breadcrumb":"<div class=\"aioseo-breadcrumbs\"><span class=\"aioseo-breadcrumb\">\n\t\t\t<a href=\"https:\/\/www.encontrapiracicaba.com.br\/sobre\" title=\"In\u00edcio\">In\u00edcio<\/a>\n\t\t<\/span><span class=\"aioseo-breadcrumb-separator\">&raquo;<\/span><span class=\"aioseo-breadcrumb\">\n\t\t\t<a href=\"https:\/\/www.encontrapiracicaba.com.br\/sobre\/noticias-em-piracicaba\/\" title=\"Not\u00edcias Piracicaba\">Not\u00edcias Piracicaba<\/a>\n\t\t<\/span><span class=\"aioseo-breadcrumb-separator\">&raquo;<\/span><span class=\"aioseo-breadcrumb\">\n\t\t\tEstado oficializa reconhecimento de cadeias produtivas locais de Piracicaba\n\t\t<\/span><\/div>","aioseo_breadcrumb_json":[{"label":"In\u00edcio","link":"https:\/\/www.encontrapiracicaba.com.br\/sobre"},{"label":"Not\u00edcias Piracicaba","link":"https:\/\/www.encontrapiracicaba.com.br\/sobre\/noticias-em-piracicaba\/"},{"label":"Estado oficializa reconhecimento de cadeias produtivas locais de Piracicaba","link":"https:\/\/www.encontrapiracicaba.com.br\/sobre\/estado-oficializa-reconhecimento-de-cadeias-produtivas-locais-de-piracicaba\/"}],"_links":{"self":[{"href":"https:\/\/www.encontrapiracicaba.com.br\/sobre\/wp-json\/wp\/v2\/posts\/4737","targetHints":{"allow":["GET"]}}],"collection":[{"href":"https:\/\/www.encontrapiracicaba.com.br\/sobre\/wp-json\/wp\/v2\/posts"}],"about":[{"href":"https:\/\/www.encontrapiracicaba.com.br\/sobre\/wp-json\/wp\/v2\/types\/post"}],"author":[{"embeddable":true,"href":"https:\/\/www.encontrapiracicaba.com.br\/sobre\/wp-json\/wp\/v2\/users\/1"}],"replies":[{"embeddable":true,"href":"https:\/\/www.encontrapiracicaba.com.br\/sobre\/wp-json\/wp\/v2\/comments?post=4737"}],"version-history":[{"count":0,"href":"https:\/\/www.encontrapiracicaba.com.br\/sobre\/wp-json\/wp\/v2\/posts\/4737\/revisions"}],"wp:featuredmedia":[{"embeddable":true,"href":"https:\/\/www.encontrapiracicaba.com.br\/sobre\/wp-json\/wp\/v2\/media\/4736"}],"wp:attachment":[{"href":"https:\/\/www.encontrapiracicaba.com.br\/sobre\/wp-json\/wp\/v2\/media?parent=4737"}],"wp:term":[{"taxonomy":"category","embeddable":true,"href":"https:\/\/www.encontrapiracicaba.com.br\/sobre\/wp-json\/wp\/v2\/categories?post=4737"},{"taxonomy":"post_tag","embeddable":true,"href":"https:\/\/www.encontrapiracicaba.com.br\/sobre\/wp-json\/wp\/v2\/tags?post=4737"}],"curies":[{"name":"wp","href":"https:\/\/api.w.org\/{rel}","templated":true}]}}