{"id":4747,"date":"2026-06-30T12:01:54","date_gmt":"2026-06-30T15:01:54","guid":{"rendered":"https:\/\/www.encontrapiracicaba.com.br\/sobre\/camara-realiza-solenidade-para-entrega-do-titulo-de-cidadao-piracicabano\/"},"modified":"2026-06-30T12:01:54","modified_gmt":"2026-06-30T15:01:54","slug":"camara-realiza-solenidade-para-entrega-do-titulo-de-cidadao-piracicabano","status":"publish","type":"post","link":"https:\/\/www.encontrapiracicaba.com.br\/sobre\/camara-realiza-solenidade-para-entrega-do-titulo-de-cidadao-piracicabano\/","title":{"rendered":"C\u00e2mara realiza solenidade para entrega do T\u00edtulo de Cidad\u00e3o Piracicabano"},"content":{"rendered":"<div class=\"85df007ed5c0c4d4b453fd13a37855e8\" data-index=\"1\" style=\"float: none; margin:0px;\">\n<!-- Anuncio display - global -->\r\n<ins class=\"adsbygoogle\"\r\n     style=\"display:block\"\r\n     data-ad-client=\"ca-pub-8585364105181520\"\r\n     data-ad-slot=\"8789329856\"\r\n     data-ad-format=\"auto\"\r\n     data-full-width-responsive=\"true\"><\/ins>\r\n<script>\r\n     (adsbygoogle = window.adsbygoogle || []).push({});\r\n<\/script>\n<\/div>\n<h2>Solenidade de entrega do t\u00edtulo<\/h2>\n<p>Na pr\u00f3xima ter\u00e7a-feira, dia 30, \u00e0s 19h30, a C\u00e2mara Municipal de Piracicaba estar\u00e1 promovendo uma cerim\u00f4nia solene no Sal\u00e3o Nobre Helly de Campos Melges, onde ser\u00e1 concedido o T\u00edtulo de Cidad\u00e3o Piracicabano ao ilustre auditor fiscal Rodrigo Keidel Spada. Esta importante homenagem foi idealizada pelo vereador Thiago Ribeiro (PRD) e \u00e9 formalizada atrav\u00e9s do <strong>Projeto de Decreto Legislativo n\u00ba 25\/2026<\/strong>, reconhecendo suas significativas contribui\u00e7\u00f5es ao munic\u00edpio tanto no aspecto institucional quanto social.<\/p>\n<h2>Quem \u00e9 Rodrigo Keidel Spada?<\/h2>\n<p>Rodrigo Keidel Spada, origin\u00e1rio da cidade de S\u00e3o Paulo, \u00e9 um profissional reconhecido por sua dedica\u00e7\u00e3o ao servi\u00e7o p\u00fablico e expertise na \u00e1rea tribut\u00e1ria. Ele \u00e9 graduado em Engenharia de Produ\u00e7\u00e3o pela <strong>Universidade Federal de S\u00e3o Carlos (UFSCar)<\/strong> e, al\u00e9m disso, possui um bacharelado em Direito pela <strong>Universidade Estadual Paulista (Unesp)<\/strong>. Sua forma\u00e7\u00e3o \u00e9 complementada por um <strong>MBA em Gest\u00e3o Empresarial<\/strong>, conferindo-lhe uma s\u00f3lida base acad\u00eamica para seu trabalho.<\/p>\n<h2>Contribui\u00e7\u00f5es de Spada para Piracicaba<\/h2>\n<p>Ao longo de sua carreira, Rodrigo Spada tem sido uma figura central na discuss\u00e3o e implementa\u00e7\u00e3o de pol\u00edticas tribut\u00e1rias. Desde 2006, ele tem exercido a fun\u00e7\u00e3o de auditor fiscal na Receita Federal Estadual de S\u00e3o Paulo, sendo respons\u00e1vel por uma s\u00e9rie de iniciativas que visam melhorar a administra\u00e7\u00e3o tribut\u00e1ria no Estado. Sua atua\u00e7\u00e3o est\u00e1 alinhada ao debate sobre reforma tribut\u00e1ria, federalismo e cidadania fiscal, o que demonstra seu comprometimento com temas essenciais para o desenvolvimento econ\u00f4mico e social de Piracicaba.<\/p>\n<p><img decoding=\"async\" src=\"https:\/\/www.encontrapiracicaba.com.br\/sobre\/wp-content\/uploads\/camara-realiza-solenidade-para-entrega-do-titulo-de-cidadao-piracicabano.webp\" alt=\"T\u00edtulo de Cidad\u00e3o Piracicabano\" loading=\"lazy\" \/><\/p>\n<h2>O papel do vereador Thiago Ribeiro<\/h2>\n<p>O vereador Thiago Ribeiro tem sido um defensor ativo das causas sociais e fiscais no munic\u00edpio. Sua proposta de entrega do T\u00edtulo de Cidad\u00e3o Piracicabano a Rodrigo Spada reflete sua vis\u00e3o de reconhecer indiv\u00edduos que se destacam em suas \u00e1reas e que impactam positivamente a comunidade. O apoio de Ribeiro \u00e0 candidatura de Spada serve para ressaltar a import\u00e2ncia de profissionais que se dedicam ao servi\u00e7o p\u00fablico e ao bem-estar social.<\/p>\n<h2>Import\u00e2ncia do T\u00edtulo de Cidad\u00e3o<\/h2>\n<p>Receber o T\u00edtulo de Cidad\u00e3o Piracicabano \u00e9 uma honraria que simboliza o reconhecimento de uma trajet\u00f3ria marcada por servi\u00e7os prestados \u00e0 sociedade. Essa distin\u00e7\u00e3o, conferida pela C\u00e2mara Municipal, enfatiza a valoriza\u00e7\u00e3o de cidad\u00e3os que, atrav\u00e9s de suas a\u00e7\u00f5es, contribuem para o progresso e a melhoria da qualidade de vida no munic\u00edpio. \u00c9 um incentivo para que outros sigam o caminho do comprometimento e da responsabilidade social.<\/p>\n<h2>Atividades profissionais de Rodrigo Spada<\/h2>\n<p>A carreira de Rodrigo abrange uma variedade de atividades de destaque relacionadas \u00e0 administra\u00e7\u00e3o tribut\u00e1ria. Sua experi\u00eancia inclui:<\/p>\n<ul>\n<li><strong>Presid\u00eancia da Associa\u00e7\u00e3o dos Auditores Fiscais da Receita Federal Estadual de S\u00e3o Paulo:<\/strong> onde atuou em prol dos interesses da categoria e da sociedade.<\/li>\n<li><strong>Atua\u00e7\u00e3o na Federa\u00e7\u00e3o Brasileira de Associa\u00e7\u00f5es de Fiscais de Tributos Estaduais:<\/strong> liderando discuss\u00f5es sobre a import\u00e2ncia de uma reforma tribut\u00e1ria que beneficie os munic\u00edpios.<\/li>\n<li><strong>Palestras e encontros t\u00e9cnicos:<\/strong> Organizados em Piracicaba para discutir os efeitos da reforma tribut\u00e1ria, trazendo a popula\u00e7\u00e3o para o centro do debate.<\/li>\n<\/ul>\n<h2>Como ocorrer\u00e1 a cerim\u00f4nia?<\/h2>\n<p>A cerim\u00f4nia de entrega do T\u00edtulo de Cidad\u00e3o Piracicabano a Rodrigo Keidel Spada ser\u00e1 um evento cordiale, marcando uma das datas mais significativas no calend\u00e1rio da C\u00e2mara. A solenidade dar\u00e1 espa\u00e7o para discursos elogiando as conquistas de Spada, al\u00e9m de contar com a presen\u00e7a de autoridades locais, representantes de entidades e a comunidade, todos celebrando a import\u00e2ncia da contribui\u00e7\u00e3o de Spada ao munic\u00edpio.<\/p>\n<h2>Relev\u00e2ncia da homenagem em Piracicaba<\/h2>\n<p>Essa homenagem vai al\u00e9m de um simples t\u00edtulo; ela representa o reconhecimento pelo esfor\u00e7o cont\u00ednuo de indiv\u00edduos que, atrav\u00e9s de suas profiss\u00f5es, influenciam positivamente a sociedade. Em Piracicaba, celebrar pessoas como Rodrigo Spada se torna um est\u00edmulo para que mais cidad\u00e3os se inspirem a atuar em favor do desenvolvimento local.<\/p>\n<h2>Envolvimento da comunidade nas solenidades<\/h2>\n<p>O envolvimento da comunidade nas homenagens conferidas pela C\u00e2mara Municipal \u00e9 fundamental. As solenidades n\u00e3o apenas celebram a dedica\u00e7\u00e3o dos homenageados, mas tamb\u00e9m servem como oportunidade de engajamento da sociedade nas quest\u00f5es p\u00fablicas. O convite \u00e0 participa\u00e7\u00e3o amplia a intera\u00e7\u00e3o entre as autoridades e os cidad\u00e3os, fortalecendo os la\u00e7os comunit\u00e1rios.<\/p>\n<h2>O que significa ser um cidad\u00e3o piracicabano<\/h2>\n<p>Ser considerado um cidad\u00e3o piracicabano \u00e9 sin\u00f4nimo de compromisso com o munic\u00edpio. O t\u00edtulo carrega um peso de responsabilidade social, um chamado para que os homenageados continuem a servir e contribuir para a melhoria da vida em Piracicaba. \u00c9 um reconhecimento que tamb\u00e9m inspira outros a buscar um papel ativo na sociedade e a valoriza\u00e7\u00e3o dos pr\u00f3prios direitos e deveres como cidad\u00e3os.<\/p>\n\n<div style=\"font-size: 0px; height: 0px; line-height: 0px; margin: 0; padding: 0; clear: both;\"><\/div>","protected":false},"excerpt":{"rendered":"<p>C\u00e2mara entrega T\u00edtulo de Cidad\u00e3o Piracicabano a Rodrigo Spada nesta ter\u00e7a-feira.<\/p>\n","protected":false},"author":1,"featured_media":4746,"comment_status":"closed","ping_status":"closed","sticky":false,"template":"","format":"standard","meta":{"footnotes":""},"categories":[6],"tags":[],"class_list":["post-4747","post","type-post","status-publish","format-standard","has-post-thumbnail","hentry","category-noticias-em-piracicaba","has_thumb"],"aioseo_notices":[],"aioseo_head":"\n\t\t<!-- All in One SEO 5.0.0.1 - aioseo.com -->\n\t<meta name=\"robots\" content=\"max-image-preview:large\" \/>\n\t<meta name=\"author\" content=\"Encontra Piracicaba\"\/>\n\t<link rel=\"canonical\" href=\"https:\/\/www.encontrapiracicaba.com.br\/sobre\/camara-realiza-solenidade-para-entrega-do-titulo-de-cidadao-piracicabano\/\" \/>\n\t<meta name=\"generator\" content=\"All in One SEO (AIOSEO) 5.0.0.1\" \/>\n\t\t<meta property=\"og:locale\" content=\"pt_BR\" \/>\n\t\t<meta property=\"og:site_name\" content=\"Encontra Piracicaba | Not\u00edcias, eventos, informa\u00e7\u00f5es e dicas na cidade de Piracicaba e regi\u00e3o\" \/>\n\t\t<meta property=\"og:type\" content=\"article\" \/>\n\t\t<meta property=\"og:title\" content=\"C\u00e2mara realiza solenidade para entrega do T\u00edtulo de Cidad\u00e3o Piracicabano | Encontra Piracicaba\" \/>\n\t\t<meta property=\"og:url\" content=\"https:\/\/www.encontrapiracicaba.com.br\/sobre\/camara-realiza-solenidade-para-entrega-do-titulo-de-cidadao-piracicabano\/\" \/>\n\t\t<meta property=\"article:published_time\" content=\"2026-06-30T15:01:54+00:00\" \/>\n\t\t<meta property=\"article:modified_time\" content=\"2026-06-30T15:01:54+00:00\" \/>\n\t\t<meta name=\"twitter:card\" content=\"summary\" \/>\n\t\t<meta name=\"twitter:title\" content=\"C\u00e2mara realiza solenidade para entrega do T\u00edtulo de Cidad\u00e3o Piracicabano | Encontra Piracicaba\" \/>\n\t\t<script type=\"application\/ld+json\" class=\"aioseo-schema\">\n\t\t\t{\"@context\":\"https:\\\/\\\/schema.org\",\"@graph\":[{\"@type\":\"Article\",\"@id\":\"https:\\\/\\\/www.encontrapiracicaba.com.br\\\/sobre\\\/camara-realiza-solenidade-para-entrega-do-titulo-de-cidadao-piracicabano\\\/#article\",\"name\":\"C\\u00e2mara realiza solenidade para entrega do T\\u00edtulo de Cidad\\u00e3o Piracicabano | Encontra Piracicaba\",\"headline\":\"C\\u00e2mara realiza solenidade para entrega do T\\u00edtulo de Cidad\\u00e3o Piracicabano\",\"author\":{\"@id\":\"https:\\\/\\\/www.encontrapiracicaba.com.br\\\/sobre\\\/author\\\/epiracicaba\\\/#author\"},\"publisher\":{\"@id\":\"https:\\\/\\\/www.encontrapiracicaba.com.br\\\/sobre\\\/#organization\"},\"image\":{\"@type\":\"ImageObject\",\"url\":\"https:\\\/\\\/www.encontrapiracicaba.com.br\\\/sobre\\\/wp-content\\\/uploads\\\/camara-realiza-solenidade-para-entrega-do-titulo-de-cidadao-piracicabano.webp\",\"width\":280,\"height\":280,\"caption\":\"T\\u00edtulo de Cidad\\u00e3o Piracicabano\"},\"datePublished\":\"2026-06-30T12:01:54-03:00\",\"dateModified\":\"2026-06-30T12:01:54-03:00\",\"inLanguage\":\"pt-BR\",\"mainEntityOfPage\":{\"@id\":\"https:\\\/\\\/www.encontrapiracicaba.com.br\\\/sobre\\\/camara-realiza-solenidade-para-entrega-do-titulo-de-cidadao-piracicabano\\\/#webpage\"},\"isPartOf\":{\"@id\":\"https:\\\/\\\/www.encontrapiracicaba.com.br\\\/sobre\\\/camara-realiza-solenidade-para-entrega-do-titulo-de-cidadao-piracicabano\\\/#webpage\"},\"articleSection\":\"Not\\u00edcias Piracicaba\"},{\"@type\":\"BreadcrumbList\",\"@id\":\"https:\\\/\\\/www.encontrapiracicaba.com.br\\\/sobre\\\/camara-realiza-solenidade-para-entrega-do-titulo-de-cidadao-piracicabano\\\/#breadcrumblist\",\"itemListElement\":[{\"@type\":\"ListItem\",\"@id\":\"https:\\\/\\\/www.encontrapiracicaba.com.br\\\/sobre#listItem\",\"position\":1,\"name\":\"In\\u00edcio\",\"item\":\"https:\\\/\\\/www.encontrapiracicaba.com.br\\\/sobre\",\"nextItem\":{\"@type\":\"ListItem\",\"@id\":\"https:\\\/\\\/www.encontrapiracicaba.com.br\\\/sobre\\\/noticias-em-piracicaba\\\/#listItem\",\"name\":\"Not\\u00edcias Piracicaba\"}},{\"@type\":\"ListItem\",\"@id\":\"https:\\\/\\\/www.encontrapiracicaba.com.br\\\/sobre\\\/noticias-em-piracicaba\\\/#listItem\",\"position\":2,\"name\":\"Not\\u00edcias Piracicaba\",\"item\":\"https:\\\/\\\/www.encontrapiracicaba.com.br\\\/sobre\\\/noticias-em-piracicaba\\\/\",\"nextItem\":{\"@type\":\"ListItem\",\"@id\":\"https:\\\/\\\/www.encontrapiracicaba.com.br\\\/sobre\\\/camara-realiza-solenidade-para-entrega-do-titulo-de-cidadao-piracicabano\\\/#listItem\",\"name\":\"C\\u00e2mara realiza solenidade para entrega do T\\u00edtulo de Cidad\\u00e3o Piracicabano\"},\"previousItem\":{\"@type\":\"ListItem\",\"@id\":\"https:\\\/\\\/www.encontrapiracicaba.com.br\\\/sobre#listItem\",\"name\":\"In\\u00edcio\"}},{\"@type\":\"ListItem\",\"@id\":\"https:\\\/\\\/www.encontrapiracicaba.com.br\\\/sobre\\\/camara-realiza-solenidade-para-entrega-do-titulo-de-cidadao-piracicabano\\\/#listItem\",\"position\":3,\"name\":\"C\\u00e2mara realiza solenidade para entrega do T\\u00edtulo de Cidad\\u00e3o Piracicabano\",\"previousItem\":{\"@type\":\"ListItem\",\"@id\":\"https:\\\/\\\/www.encontrapiracicaba.com.br\\\/sobre\\\/noticias-em-piracicaba\\\/#listItem\",\"name\":\"Not\\u00edcias Piracicaba\"}}]},{\"@type\":\"Organization\",\"@id\":\"https:\\\/\\\/www.encontrapiracicaba.com.br\\\/sobre\\\/#organization\",\"name\":\"Encontra Piracicaba\",\"description\":\"Not\\u00edcias, eventos, informa\\u00e7\\u00f5es e dicas na cidade de Piracicaba e regi\\u00e3o\",\"url\":\"https:\\\/\\\/www.encontrapiracicaba.com.br\\\/sobre\\\/\"},{\"@type\":\"Person\",\"@id\":\"https:\\\/\\\/www.encontrapiracicaba.com.br\\\/sobre\\\/author\\\/epiracicaba\\\/#author\",\"url\":\"https:\\\/\\\/www.encontrapiracicaba.com.br\\\/sobre\\\/author\\\/epiracicaba\\\/\",\"name\":\"Encontra Piracicaba\",\"image\":{\"@type\":\"ImageObject\",\"@id\":\"https:\\\/\\\/www.encontrapiracicaba.com.br\\\/sobre\\\/camara-realiza-solenidade-para-entrega-do-titulo-de-cidadao-piracicabano\\\/#authorImage\",\"url\":\"https:\\\/\\\/secure.gravatar.com\\\/avatar\\\/507340682b8270222e1f208e23198b6ae7e2c6a1033ae84e99bc6bce4f82a387?s=96&d=mm&r=g\",\"width\":96,\"height\":96,\"caption\":\"Encontra Piracicaba\"}},{\"@type\":\"WebPage\",\"@id\":\"https:\\\/\\\/www.encontrapiracicaba.com.br\\\/sobre\\\/camara-realiza-solenidade-para-entrega-do-titulo-de-cidadao-piracicabano\\\/#webpage\",\"url\":\"https:\\\/\\\/www.encontrapiracicaba.com.br\\\/sobre\\\/camara-realiza-solenidade-para-entrega-do-titulo-de-cidadao-piracicabano\\\/\",\"name\":\"C\\u00e2mara realiza solenidade para entrega do T\\u00edtulo de Cidad\\u00e3o Piracicabano | Encontra Piracicaba\",\"inLanguage\":\"pt-BR\",\"isPartOf\":{\"@id\":\"https:\\\/\\\/www.encontrapiracicaba.com.br\\\/sobre\\\/#website\"},\"breadcrumb\":{\"@id\":\"https:\\\/\\\/www.encontrapiracicaba.com.br\\\/sobre\\\/camara-realiza-solenidade-para-entrega-do-titulo-de-cidadao-piracicabano\\\/#breadcrumblist\"},\"author\":{\"@id\":\"https:\\\/\\\/www.encontrapiracicaba.com.br\\\/sobre\\\/author\\\/epiracicaba\\\/#author\"},\"creator\":{\"@id\":\"https:\\\/\\\/www.encontrapiracicaba.com.br\\\/sobre\\\/author\\\/epiracicaba\\\/#author\"},\"image\":{\"@type\":\"ImageObject\",\"url\":\"https:\\\/\\\/www.encontrapiracicaba.com.br\\\/sobre\\\/wp-content\\\/uploads\\\/camara-realiza-solenidade-para-entrega-do-titulo-de-cidadao-piracicabano.webp\",\"@id\":\"https:\\\/\\\/www.encontrapiracicaba.com.br\\\/sobre\\\/camara-realiza-solenidade-para-entrega-do-titulo-de-cidadao-piracicabano\\\/#mainImage\",\"width\":280,\"height\":280,\"caption\":\"T\\u00edtulo de Cidad\\u00e3o Piracicabano\"},\"primaryImageOfPage\":{\"@id\":\"https:\\\/\\\/www.encontrapiracicaba.com.br\\\/sobre\\\/camara-realiza-solenidade-para-entrega-do-titulo-de-cidadao-piracicabano\\\/#mainImage\"},\"datePublished\":\"2026-06-30T12:01:54-03:00\",\"dateModified\":\"2026-06-30T12:01:54-03:00\"},{\"@type\":\"WebSite\",\"@id\":\"https:\\\/\\\/www.encontrapiracicaba.com.br\\\/sobre\\\/#website\",\"url\":\"https:\\\/\\\/www.encontrapiracicaba.com.br\\\/sobre\\\/\",\"name\":\"Encontra Piracicaba\",\"description\":\"Not\\u00edcias, eventos, informa\\u00e7\\u00f5es e dicas na cidade de Piracicaba e regi\\u00e3o\",\"inLanguage\":\"pt-BR\",\"publisher\":{\"@id\":\"https:\\\/\\\/www.encontrapiracicaba.com.br\\\/sobre\\\/#organization\"}}]}\n\t\t<\/script>\n\t\t<!-- All in One SEO -->\n\n","aioseo_head_json":{"title":"C\u00e2mara realiza solenidade para entrega do T\u00edtulo de Cidad\u00e3o Piracicabano | Encontra Piracicaba","description":"","canonical_url":"https:\/\/www.encontrapiracicaba.com.br\/sobre\/camara-realiza-solenidade-para-entrega-do-titulo-de-cidadao-piracicabano\/","robots":"max-image-preview:large","keywords":"","webmasterTools":{"miscellaneous":""},"schema":{"@context":"https:\/\/schema.org","@graph":[{"@type":"Article","@id":"https:\/\/www.encontrapiracicaba.com.br\/sobre\/camara-realiza-solenidade-para-entrega-do-titulo-de-cidadao-piracicabano\/#article","name":"C\u00e2mara realiza solenidade para entrega do T\u00edtulo de Cidad\u00e3o Piracicabano | Encontra Piracicaba","headline":"C\u00e2mara realiza solenidade para entrega do T\u00edtulo de Cidad\u00e3o Piracicabano","author":{"@id":"https:\/\/www.encontrapiracicaba.com.br\/sobre\/author\/epiracicaba\/#author"},"publisher":{"@id":"https:\/\/www.encontrapiracicaba.com.br\/sobre\/#organization"},"image":{"@type":"ImageObject","url":"https:\/\/www.encontrapiracicaba.com.br\/sobre\/wp-content\/uploads\/camara-realiza-solenidade-para-entrega-do-titulo-de-cidadao-piracicabano.webp","width":280,"height":280,"caption":"T\u00edtulo de Cidad\u00e3o Piracicabano"},"datePublished":"2026-06-30T12:01:54-03:00","dateModified":"2026-06-30T12:01:54-03:00","inLanguage":"pt-BR","mainEntityOfPage":{"@id":"https:\/\/www.encontrapiracicaba.com.br\/sobre\/camara-realiza-solenidade-para-entrega-do-titulo-de-cidadao-piracicabano\/#webpage"},"isPartOf":{"@id":"https:\/\/www.encontrapiracicaba.com.br\/sobre\/camara-realiza-solenidade-para-entrega-do-titulo-de-cidadao-piracicabano\/#webpage"},"articleSection":"Not\u00edcias Piracicaba"},{"@type":"BreadcrumbList","@id":"https:\/\/www.encontrapiracicaba.com.br\/sobre\/camara-realiza-solenidade-para-entrega-do-titulo-de-cidadao-piracicabano\/#breadcrumblist","itemListElement":[{"@type":"ListItem","@id":"https:\/\/www.encontrapiracicaba.com.br\/sobre#listItem","position":1,"name":"In\u00edcio","item":"https:\/\/www.encontrapiracicaba.com.br\/sobre","nextItem":{"@type":"ListItem","@id":"https:\/\/www.encontrapiracicaba.com.br\/sobre\/noticias-em-piracicaba\/#listItem","name":"Not\u00edcias Piracicaba"}},{"@type":"ListItem","@id":"https:\/\/www.encontrapiracicaba.com.br\/sobre\/noticias-em-piracicaba\/#listItem","position":2,"name":"Not\u00edcias Piracicaba","item":"https:\/\/www.encontrapiracicaba.com.br\/sobre\/noticias-em-piracicaba\/","nextItem":{"@type":"ListItem","@id":"https:\/\/www.encontrapiracicaba.com.br\/sobre\/camara-realiza-solenidade-para-entrega-do-titulo-de-cidadao-piracicabano\/#listItem","name":"C\u00e2mara realiza solenidade para entrega do T\u00edtulo de Cidad\u00e3o Piracicabano"},"previousItem":{"@type":"ListItem","@id":"https:\/\/www.encontrapiracicaba.com.br\/sobre#listItem","name":"In\u00edcio"}},{"@type":"ListItem","@id":"https:\/\/www.encontrapiracicaba.com.br\/sobre\/camara-realiza-solenidade-para-entrega-do-titulo-de-cidadao-piracicabano\/#listItem","position":3,"name":"C\u00e2mara realiza solenidade para entrega do T\u00edtulo de Cidad\u00e3o Piracicabano","previousItem":{"@type":"ListItem","@id":"https:\/\/www.encontrapiracicaba.com.br\/sobre\/noticias-em-piracicaba\/#listItem","name":"Not\u00edcias Piracicaba"}}]},{"@type":"Organization","@id":"https:\/\/www.encontrapiracicaba.com.br\/sobre\/#organization","name":"Encontra Piracicaba","description":"Not\u00edcias, eventos, informa\u00e7\u00f5es e dicas na cidade de Piracicaba e regi\u00e3o","url":"https:\/\/www.encontrapiracicaba.com.br\/sobre\/"},{"@type":"Person","@id":"https:\/\/www.encontrapiracicaba.com.br\/sobre\/author\/epiracicaba\/#author","url":"https:\/\/www.encontrapiracicaba.com.br\/sobre\/author\/epiracicaba\/","name":"Encontra Piracicaba","image":{"@type":"ImageObject","@id":"https:\/\/www.encontrapiracicaba.com.br\/sobre\/camara-realiza-solenidade-para-entrega-do-titulo-de-cidadao-piracicabano\/#authorImage","url":"https:\/\/secure.gravatar.com\/avatar\/507340682b8270222e1f208e23198b6ae7e2c6a1033ae84e99bc6bce4f82a387?s=96&d=mm&r=g","width":96,"height":96,"caption":"Encontra Piracicaba"}},{"@type":"WebPage","@id":"https:\/\/www.encontrapiracicaba.com.br\/sobre\/camara-realiza-solenidade-para-entrega-do-titulo-de-cidadao-piracicabano\/#webpage","url":"https:\/\/www.encontrapiracicaba.com.br\/sobre\/camara-realiza-solenidade-para-entrega-do-titulo-de-cidadao-piracicabano\/","name":"C\u00e2mara realiza solenidade para entrega do T\u00edtulo de Cidad\u00e3o Piracicabano | Encontra Piracicaba","inLanguage":"pt-BR","isPartOf":{"@id":"https:\/\/www.encontrapiracicaba.com.br\/sobre\/#website"},"breadcrumb":{"@id":"https:\/\/www.encontrapiracicaba.com.br\/sobre\/camara-realiza-solenidade-para-entrega-do-titulo-de-cidadao-piracicabano\/#breadcrumblist"},"author":{"@id":"https:\/\/www.encontrapiracicaba.com.br\/sobre\/author\/epiracicaba\/#author"},"creator":{"@id":"https:\/\/www.encontrapiracicaba.com.br\/sobre\/author\/epiracicaba\/#author"},"image":{"@type":"ImageObject","url":"https:\/\/www.encontrapiracicaba.com.br\/sobre\/wp-content\/uploads\/camara-realiza-solenidade-para-entrega-do-titulo-de-cidadao-piracicabano.webp","@id":"https:\/\/www.encontrapiracicaba.com.br\/sobre\/camara-realiza-solenidade-para-entrega-do-titulo-de-cidadao-piracicabano\/#mainImage","width":280,"height":280,"caption":"T\u00edtulo de Cidad\u00e3o Piracicabano"},"primaryImageOfPage":{"@id":"https:\/\/www.encontrapiracicaba.com.br\/sobre\/camara-realiza-solenidade-para-entrega-do-titulo-de-cidadao-piracicabano\/#mainImage"},"datePublished":"2026-06-30T12:01:54-03:00","dateModified":"2026-06-30T12:01:54-03:00"},{"@type":"WebSite","@id":"https:\/\/www.encontrapiracicaba.com.br\/sobre\/#website","url":"https:\/\/www.encontrapiracicaba.com.br\/sobre\/","name":"Encontra Piracicaba","description":"Not\u00edcias, eventos, informa\u00e7\u00f5es e dicas na cidade de Piracicaba e regi\u00e3o","inLanguage":"pt-BR","publisher":{"@id":"https:\/\/www.encontrapiracicaba.com.br\/sobre\/#organization"}}]},"og:locale":"pt_BR","og:site_name":"Encontra Piracicaba | Not\u00edcias, eventos, informa\u00e7\u00f5es e dicas na cidade de Piracicaba e regi\u00e3o","og:type":"article","og:title":"C\u00e2mara realiza solenidade para entrega do T\u00edtulo de Cidad\u00e3o Piracicabano | Encontra Piracicaba","og:url":"https:\/\/www.encontrapiracicaba.com.br\/sobre\/camara-realiza-solenidade-para-entrega-do-titulo-de-cidadao-piracicabano\/","article:published_time":"2026-06-30T15:01:54+00:00","article:modified_time":"2026-06-30T15:01:54+00:00","twitter:card":"summary","twitter:title":"C\u00e2mara realiza solenidade para entrega do T\u00edtulo de Cidad\u00e3o Piracicabano | Encontra Piracicaba"},"aioseo_meta_data":{"post_id":"4747","title":null,"description":null,"keywords":null,"keyphrases":null,"primary_term":null,"canonical_url":null,"og_title":null,"og_description":null,"og_object_type":"default","og_image_type":"default","og_image_url":null,"og_image_width":null,"og_image_height":null,"og_image_custom_url":null,"og_image_custom_fields":null,"og_video":null,"og_custom_url":null,"og_article_section":null,"og_article_tags":null,"twitter_use_og":false,"twitter_card":"default","twitter_image_type":"default","twitter_image_url":null,"twitter_image_custom_url":null,"twitter_image_custom_fields":null,"twitter_title":null,"twitter_description":null,"schema":{"blockGraphs":[],"customGraphs":[],"default":{"data":{"Article":[],"Course":[],"Dataset":[],"FAQPage":[],"Movie":[],"Person":[],"Product":[],"ProductReview":[],"Car":[],"Recipe":[],"Service":[],"SoftwareApplication":[],"WebPage":[]},"graphName":"Article","isEnabled":true},"graphs":[]},"schema_type":"default","schema_type_options":null,"pillar_content":false,"robots_default":true,"robots_noindex":false,"robots_noarchive":false,"robots_nosnippet":false,"robots_nofollow":false,"robots_noimageindex":false,"robots_noodp":false,"robots_notranslate":false,"robots_max_snippet":null,"robots_max_videopreview":null,"robots_max_imagepreview":"large","priority":null,"frequency":null,"local_seo":null,"breadcrumb_settings":null,"limit_modified_date":false,"ai":null,"created":"2026-06-30 15:02:03","updated":"2026-06-30 15:02:55","focus_keyword":null,"additional_keywords":null,"truseo_locale":null,"seo_analyzer_scan_date":null},"aioseo_breadcrumb":"<div class=\"aioseo-breadcrumbs\"><span class=\"aioseo-breadcrumb\">\n\t\t\t<a href=\"https:\/\/www.encontrapiracicaba.com.br\/sobre\" title=\"In\u00edcio\">In\u00edcio<\/a>\n\t\t<\/span><span class=\"aioseo-breadcrumb-separator\">&raquo;<\/span><span class=\"aioseo-breadcrumb\">\n\t\t\t<a href=\"https:\/\/www.encontrapiracicaba.com.br\/sobre\/noticias-em-piracicaba\/\" title=\"Not\u00edcias Piracicaba\">Not\u00edcias Piracicaba<\/a>\n\t\t<\/span><span class=\"aioseo-breadcrumb-separator\">&raquo;<\/span><span class=\"aioseo-breadcrumb\">\n\t\t\tC\u00e2mara realiza solenidade para entrega do T\u00edtulo de Cidad\u00e3o Piracicabano\n\t\t<\/span><\/div>","aioseo_breadcrumb_json":[{"label":"In\u00edcio","link":"https:\/\/www.encontrapiracicaba.com.br\/sobre"},{"label":"Not\u00edcias Piracicaba","link":"https:\/\/www.encontrapiracicaba.com.br\/sobre\/noticias-em-piracicaba\/"},{"label":"C\u00e2mara realiza solenidade para entrega do T\u00edtulo de Cidad\u00e3o Piracicabano","link":"https:\/\/www.encontrapiracicaba.com.br\/sobre\/camara-realiza-solenidade-para-entrega-do-titulo-de-cidadao-piracicabano\/"}],"_links":{"self":[{"href":"https:\/\/www.encontrapiracicaba.com.br\/sobre\/wp-json\/wp\/v2\/posts\/4747","targetHints":{"allow":["GET"]}}],"collection":[{"href":"https:\/\/www.encontrapiracicaba.com.br\/sobre\/wp-json\/wp\/v2\/posts"}],"about":[{"href":"https:\/\/www.encontrapiracicaba.com.br\/sobre\/wp-json\/wp\/v2\/types\/post"}],"author":[{"embeddable":true,"href":"https:\/\/www.encontrapiracicaba.com.br\/sobre\/wp-json\/wp\/v2\/users\/1"}],"replies":[{"embeddable":true,"href":"https:\/\/www.encontrapiracicaba.com.br\/sobre\/wp-json\/wp\/v2\/comments?post=4747"}],"version-history":[{"count":0,"href":"https:\/\/www.encontrapiracicaba.com.br\/sobre\/wp-json\/wp\/v2\/posts\/4747\/revisions"}],"wp:featuredmedia":[{"embeddable":true,"href":"https:\/\/www.encontrapiracicaba.com.br\/sobre\/wp-json\/wp\/v2\/media\/4746"}],"wp:attachment":[{"href":"https:\/\/www.encontrapiracicaba.com.br\/sobre\/wp-json\/wp\/v2\/media?parent=4747"}],"wp:term":[{"taxonomy":"category","embeddable":true,"href":"https:\/\/www.encontrapiracicaba.com.br\/sobre\/wp-json\/wp\/v2\/categories?post=4747"},{"taxonomy":"post_tag","embeddable":true,"href":"https:\/\/www.encontrapiracicaba.com.br\/sobre\/wp-json\/wp\/v2\/tags?post=4747"}],"curies":[{"name":"wp","href":"https:\/\/api.w.org\/{rel}","templated":true}]}}