{"id":4759,"date":"2026-07-02T11:56:16","date_gmt":"2026-07-02T14:56:16","guid":{"rendered":"https:\/\/www.encontrapiracicaba.com.br\/sobre\/camara-aprova-titulo-de-cidadao-piracicabano-para-cerimonialista\/"},"modified":"2026-07-02T11:56:16","modified_gmt":"2026-07-02T14:56:16","slug":"camara-aprova-titulo-de-cidadao-piracicabano-para-cerimonialista","status":"publish","type":"post","link":"https:\/\/www.encontrapiracicaba.com.br\/sobre\/camara-aprova-titulo-de-cidadao-piracicabano-para-cerimonialista\/","title":{"rendered":"C\u00e2mara aprova T\u00edtulo de Cidad\u00e3o Piracicabano para cerimonialista"},"content":{"rendered":"<div class=\"85df007ed5c0c4d4b453fd13a37855e8\" data-index=\"1\" style=\"float: none; margin:0px;\">\n<!-- Anuncio display - global -->\r\n<ins class=\"adsbygoogle\"\r\n     style=\"display:block\"\r\n     data-ad-client=\"ca-pub-8585364105181520\"\r\n     data-ad-slot=\"8789329856\"\r\n     data-ad-format=\"auto\"\r\n     data-full-width-responsive=\"true\"><\/ins>\r\n<script>\r\n     (adsbygoogle = window.adsbygoogle || []).push({});\r\n<\/script>\n<\/div>\n<h2>Evandro Souza Evangelista: Uma Trajet\u00f3ria de Sucesso<\/h2>\n<p>Evandro Souza Evangelista, nascido na cidade de Rio das Pedras, Brasil, \u00e9 um profissional admirado pela sua contribui\u00e7\u00e3o significativa na gest\u00e3o p\u00fablica e nas rela\u00e7\u00f5es institucionais em Piracicaba. Desde a sua gradua\u00e7\u00e3o em Direito na Universidade Metodista de Piracicaba (Unimep), ele trilhou um caminho marcante, marcado por mais de trinta anos de experi\u00eancia nos setores p\u00fablico e empresarial.<\/p>\n<p>Evandro se destacou em v\u00e1rias fun\u00e7\u00f5es ao longo de sua carreira, especialmente em \u00e1reas como comunica\u00e7\u00e3o institucional e cerimonial. Sua trajet\u00f3ria \u00e9 uma verdadeira inspira\u00e7\u00e3o, pois demonstra a dedica\u00e7\u00e3o e o compromisso com a melhoria da cidade e do bem-estar de seus cidad\u00e3os.<\/p>\n<h2>Reconhecimento da C\u00e2mara Municipal<\/h2>\n<p>No dia 29 de junho de 2026, durante a 15\u00aa Reuni\u00e3o Extraordin\u00e1ria da C\u00e2mara Municipal de Piracicaba, foi aprovado o <strong>Projeto de Decreto Legislativo n\u00ba 34\/2026<\/strong>, que confere ao cerimonialista Evandro Souza Evangelista o t\u00edtulo de <strong>Cidad\u00e3o Piracicabano<\/strong>. Esta honraria \u00e9 um reconhecimento merecido por suas contribui\u00e7\u00f5es aos servi\u00e7os p\u00fablicos e \u00e0 comunica\u00e7\u00e3o da cidade.<\/p>\n<p><img decoding=\"async\" src=\"https:\/\/www.encontrapiracicaba.com.br\/sobre\/wp-content\/uploads\/camara-aprova-titulo-de-cidadao-piracicabano-para-cerimonialista.webp\" alt=\"Cidad\u00e3o Piracicabano\" loading=\"lazy\" \/><\/p>\n<p>O vereador F\u00e1bio Silva, respons\u00e1vel pela iniciativa, enfatizou a import\u00e2ncia de celebrar a trajet\u00f3ria e as realiza\u00e7\u00f5es de Evandro, principalmente em sua atua\u00e7\u00e3o no cerimonial p\u00fablico, onde se destacou por sua habilidade em organizar e conduzir eventos oficiais, tornando-se refer\u00eancia na \u00e1rea.<\/p>\n<h2>O Papel do Cerimonial na Gest\u00e3o P\u00fablica<\/h2>\n<p>O cerimonial desempenha um papel vital na gest\u00e3o p\u00fablica, sendo respons\u00e1vel por garantir que eventos e solenidades sejam realizados com a devida formalidade e respeito. No caso de Evandro, sua expertise foi fundamental para a realiza\u00e7\u00e3o de eventos que promovem a transpar\u00eancia e a participa\u00e7\u00e3o da comunidade nas decis\u00f5es governamentais.<\/p>\n<p>Al\u00e9m disso, o cerimonial p\u00fablico \u00e9 uma ferramenta que ajuda a construir a imagem institucional, facilitando a comunica\u00e7\u00e3o entre o governo e a popula\u00e7\u00e3o. Evandro, com sua experi\u00eancia, foi capaz de combinar a formalidade necess\u00e1ria com a acessibilidade, promovendo uma comunica\u00e7\u00e3o clara e eficaz.<\/p>\n<h2>Impacto da Comunica\u00e7\u00e3o Institucional<\/h2>\n<p>Compreender o impacto da comunica\u00e7\u00e3o institucional \u00e9 fundamental para avaliar a relev\u00e2ncia de profissionais como Evandro. A comunica\u00e7\u00e3o institucional vai al\u00e9m da divulga\u00e7\u00e3o de informa\u00e7\u00f5es; ela diz respeito \u00e0 constru\u00e7\u00e3o de uma imagem positiva e confi\u00e1vel da administra\u00e7\u00e3o p\u00fablica.<\/p>\n<p>Evandro, ao atuar como gerente de Comunica\u00e7\u00e3o Integrada da Associa\u00e7\u00e3o Comercial e Industrial de Piracicaba (Acipi), tem utilizado suas habilidades para fortalecer a rela\u00e7\u00e3o entre a comunidade empresarial e o governo, promovendo a\u00e7\u00f5es que beneficiam tanto o setor privado quanto a popula\u00e7\u00e3o em geral.<\/p>\n<h2>A Hist\u00f3ria de Evandro em Piracicaba<\/h2>\n<p>Evandro chegou a Piracicaba, onde tra\u00e7ou sua trajet\u00f3ria profissional, tornando-se um nome respeitado no meio pol\u00edtico e empresarial. Iniciou sua carreira na C\u00e2mara Municipal, onde ocupou diversos cargos, como assessor, chefe de gabinete e diretor de cerimonial.<\/p>\n<p>Durante sua perman\u00eancia na c\u00e2mara, que se estendeu entre 1993 e 2015, Evandro se destacou n\u00e3o apenas pela sua habilidade em cerimonial, mas tamb\u00e9m por sua capacidade de gerenciar as rela\u00e7\u00f5es institucionais e o protocolo em eventos de grande magnitude.<\/p>\n<h2>Contribui\u00e7\u00f5es para a Sociedade Piracicabana<\/h2>\n<p>A dedica\u00e7\u00e3o de Evandro \u00e0 cidade de Piracicaba transcende sua atua\u00e7\u00e3o na C\u00e2mara Municipal. Ele tamb\u00e9m teve passagens marcantes por \u00f3rg\u00e3os estaduais, como a Secretaria Estadual de Rela\u00e7\u00f5es do Trabalho e a Prefeitura de Piracicaba, onde ocupou os cargos de secret\u00e1rio de Trabalho e Renda e secret\u00e1rio municipal de Administra\u00e7\u00e3o entre 2017 e 2020.<\/p>\n<p>Sua contribui\u00e7\u00e3o \u00e0 sociedade \u00e9 marcada pelo compromisso em promover pol\u00edticas p\u00fablicas que visam a melhoria da qualidade de vida dos cidad\u00e3os e o desenvolvimento econ\u00f4mico da regi\u00e3o. Com a sua vis\u00e3o estrat\u00e9gica, ele conseguiu articular parcerias que beneficiam diretamente a popula\u00e7\u00e3o piracicabana.<\/p>\n<h2>O T\u00edtulo de Cidad\u00e3o: Significado e Import\u00e2ncia<\/h2>\n<p>O t\u00edtulo de <strong>Cidad\u00e3o Piracicabano<\/strong> \u00e9 uma honraria que reconhece pessoas que prestaram servi\u00e7os relevantes \u00e0 comunidade, mostrando comprometimento e dedica\u00e7\u00e3o. Para Evandro, esta homenagem simboliza n\u00e3o apenas o reconhecimento de seus esfor\u00e7os, mas tamb\u00e9m a responsabilidade de continuar atuando em prol do bem-estar da popula\u00e7\u00e3o.<\/p>\n<p>O t\u00edtulo \u00e9 um incentivo para que outros profissionais sigam o exemplo de Evandro, dedicando-se a causas que impactam positivamente a vida de seus conterr\u00e2neos. \u00c9 uma celebra\u00e7\u00e3o do amor \u00e0 terra e \u00e0 comunidade, que deve ser reverberada entre todos os cidad\u00e3os.<\/p>\n<h2>Os L\u00edderes que Apoiaram a Homenagem<\/h2>\n<p>Diversos l\u00edderes e vereadores se uniram em torno da proposta do vereador F\u00e1bio Silva de conceder o t\u00edtulo a Evandro. O vereador Gustavo Pompeo, entre outros, enfatizou a import\u00e2ncia da contribui\u00e7\u00e3o de Evandro, destacando seu trabalho como secret\u00e1rio municipal e sua constante dedica\u00e7\u00e3o \u00e0 cidade. Todos reconhecem que o compromisso dele com a sociedade piracicabana \u00e9 um exemplo a ser seguido.<\/p>\n<p>Essas vozes de apoio s\u00e3o cruciais para solidificar a homenagem, refletindo um sentimento coletivo de gratid\u00e3o e reconhecimento por parte da C\u00e2mara Municipal e da comunidade. A uni\u00e3o de diversas figuras pol\u00edticas mostra o quanto Evandro \u00e9 respeitado e apreciado entre seus pares.<\/p>\n<h2>O Futuro da Cerimonial P\u00fablico em Piracicaba<\/h2>\n<p>O futuro do cerimonial p\u00fablico em Piracicaba promete ser promissor, especialmente com profissionais como Evandro que trazem inova\u00e7\u00e3o e expertise para a gest\u00e3o p\u00fablica. A sua experi\u00eancia e dedica\u00e7\u00e3o podem servir de par\u00e2metro para novos cerimonialistas e gestores na cidade.<\/p>\n<p>O cerimonial p\u00fablico, como uma \u00e1rea que influencia diretamente a imagem da administra\u00e7\u00e3o, deve continuar sendo aprimorado. A vis\u00e3o de Evandro pode inspirar outros a desenvolverem suas habilidades e a adotarem melhores pr\u00e1ticas relacionadas ao servi\u00e7o p\u00fablico.<\/p>\n<h2>Reflex\u00f5es sobre o Servi\u00e7o P\u00fablico<\/h2>\n<p>Refletir sobre o servi\u00e7o p\u00fablico \u00e9 essencial, especialmente em momentos de homenagens como a de Evandro. O servi\u00e7o p\u00fablico deve ser visto como um compromisso com a sociedade, exigindo um alto n\u00edvel de \u00e9tica, responsabilidade e dedica\u00e7\u00e3o.<\/p>\n<p>O exemplo de Evandro demonstra que, independentemente de onde se inicia, cada um pode fazer a diferen\u00e7a. Suas a\u00e7\u00f5es s\u00e3o um lembrete de que o futuro do servi\u00e7o p\u00fablico depende do comprometimento de seus profissionais em buscar sempre o melhor para a comunidade.<\/p>\n\n<div style=\"font-size: 0px; height: 0px; line-height: 0px; margin: 0; padding: 0; clear: both;\"><\/div>","protected":false},"excerpt":{"rendered":"<p>Cidad\u00e3o Piracicabano, a C\u00e2mara Municipal reconhece Evandro Souza Evangelista por sua contribui\u00e7\u00e3o \u00e0 cidade.<\/p>\n","protected":false},"author":1,"featured_media":4758,"comment_status":"closed","ping_status":"closed","sticky":false,"template":"","format":"standard","meta":{"footnotes":""},"categories":[6],"tags":[],"class_list":["post-4759","post","type-post","status-publish","format-standard","has-post-thumbnail","hentry","category-noticias-em-piracicaba","has_thumb"],"aioseo_notices":[],"aioseo_head":"\n\t\t<!-- All in One SEO 5.0.0.1 - aioseo.com -->\n\t<meta name=\"robots\" content=\"max-image-preview:large\" \/>\n\t<meta name=\"author\" content=\"Encontra Piracicaba\"\/>\n\t<link rel=\"canonical\" href=\"https:\/\/www.encontrapiracicaba.com.br\/sobre\/camara-aprova-titulo-de-cidadao-piracicabano-para-cerimonialista\/\" \/>\n\t<meta name=\"generator\" content=\"All in One SEO (AIOSEO) 5.0.0.1\" \/>\n\t\t<meta property=\"og:locale\" content=\"pt_BR\" \/>\n\t\t<meta property=\"og:site_name\" content=\"Encontra Piracicaba | Not\u00edcias, eventos, informa\u00e7\u00f5es e dicas na cidade de Piracicaba e regi\u00e3o\" \/>\n\t\t<meta property=\"og:type\" content=\"article\" \/>\n\t\t<meta property=\"og:title\" content=\"C\u00e2mara aprova T\u00edtulo de Cidad\u00e3o Piracicabano para cerimonialista | Encontra Piracicaba\" \/>\n\t\t<meta property=\"og:url\" content=\"https:\/\/www.encontrapiracicaba.com.br\/sobre\/camara-aprova-titulo-de-cidadao-piracicabano-para-cerimonialista\/\" \/>\n\t\t<meta property=\"article:published_time\" content=\"2026-07-02T14:56:16+00:00\" \/>\n\t\t<meta property=\"article:modified_time\" content=\"2026-07-02T14:56:16+00:00\" \/>\n\t\t<meta name=\"twitter:card\" content=\"summary\" \/>\n\t\t<meta name=\"twitter:title\" content=\"C\u00e2mara aprova T\u00edtulo de Cidad\u00e3o Piracicabano para cerimonialista | Encontra Piracicaba\" \/>\n\t\t<script type=\"application\/ld+json\" class=\"aioseo-schema\">\n\t\t\t{\"@context\":\"https:\\\/\\\/schema.org\",\"@graph\":[{\"@type\":\"Article\",\"@id\":\"https:\\\/\\\/www.encontrapiracicaba.com.br\\\/sobre\\\/camara-aprova-titulo-de-cidadao-piracicabano-para-cerimonialista\\\/#article\",\"name\":\"C\\u00e2mara aprova T\\u00edtulo de Cidad\\u00e3o Piracicabano para cerimonialista | Encontra Piracicaba\",\"headline\":\"C\\u00e2mara aprova T\\u00edtulo de Cidad\\u00e3o Piracicabano para cerimonialista\",\"author\":{\"@id\":\"https:\\\/\\\/www.encontrapiracicaba.com.br\\\/sobre\\\/author\\\/epiracicaba\\\/#author\"},\"publisher\":{\"@id\":\"https:\\\/\\\/www.encontrapiracicaba.com.br\\\/sobre\\\/#organization\"},\"image\":{\"@type\":\"ImageObject\",\"url\":\"https:\\\/\\\/www.encontrapiracicaba.com.br\\\/sobre\\\/wp-content\\\/uploads\\\/camara-aprova-titulo-de-cidadao-piracicabano-para-cerimonialista.webp\",\"width\":280,\"height\":280,\"caption\":\"Cidad\\u00e3o Piracicabano\"},\"datePublished\":\"2026-07-02T11:56:16-03:00\",\"dateModified\":\"2026-07-02T11:56:16-03:00\",\"inLanguage\":\"pt-BR\",\"mainEntityOfPage\":{\"@id\":\"https:\\\/\\\/www.encontrapiracicaba.com.br\\\/sobre\\\/camara-aprova-titulo-de-cidadao-piracicabano-para-cerimonialista\\\/#webpage\"},\"isPartOf\":{\"@id\":\"https:\\\/\\\/www.encontrapiracicaba.com.br\\\/sobre\\\/camara-aprova-titulo-de-cidadao-piracicabano-para-cerimonialista\\\/#webpage\"},\"articleSection\":\"Not\\u00edcias Piracicaba\"},{\"@type\":\"BreadcrumbList\",\"@id\":\"https:\\\/\\\/www.encontrapiracicaba.com.br\\\/sobre\\\/camara-aprova-titulo-de-cidadao-piracicabano-para-cerimonialista\\\/#breadcrumblist\",\"itemListElement\":[{\"@type\":\"ListItem\",\"@id\":\"https:\\\/\\\/www.encontrapiracicaba.com.br\\\/sobre#listItem\",\"position\":1,\"name\":\"In\\u00edcio\",\"item\":\"https:\\\/\\\/www.encontrapiracicaba.com.br\\\/sobre\",\"nextItem\":{\"@type\":\"ListItem\",\"@id\":\"https:\\\/\\\/www.encontrapiracicaba.com.br\\\/sobre\\\/noticias-em-piracicaba\\\/#listItem\",\"name\":\"Not\\u00edcias Piracicaba\"}},{\"@type\":\"ListItem\",\"@id\":\"https:\\\/\\\/www.encontrapiracicaba.com.br\\\/sobre\\\/noticias-em-piracicaba\\\/#listItem\",\"position\":2,\"name\":\"Not\\u00edcias Piracicaba\",\"item\":\"https:\\\/\\\/www.encontrapiracicaba.com.br\\\/sobre\\\/noticias-em-piracicaba\\\/\",\"nextItem\":{\"@type\":\"ListItem\",\"@id\":\"https:\\\/\\\/www.encontrapiracicaba.com.br\\\/sobre\\\/camara-aprova-titulo-de-cidadao-piracicabano-para-cerimonialista\\\/#listItem\",\"name\":\"C\\u00e2mara aprova T\\u00edtulo de Cidad\\u00e3o Piracicabano para cerimonialista\"},\"previousItem\":{\"@type\":\"ListItem\",\"@id\":\"https:\\\/\\\/www.encontrapiracicaba.com.br\\\/sobre#listItem\",\"name\":\"In\\u00edcio\"}},{\"@type\":\"ListItem\",\"@id\":\"https:\\\/\\\/www.encontrapiracicaba.com.br\\\/sobre\\\/camara-aprova-titulo-de-cidadao-piracicabano-para-cerimonialista\\\/#listItem\",\"position\":3,\"name\":\"C\\u00e2mara aprova T\\u00edtulo de Cidad\\u00e3o Piracicabano para cerimonialista\",\"previousItem\":{\"@type\":\"ListItem\",\"@id\":\"https:\\\/\\\/www.encontrapiracicaba.com.br\\\/sobre\\\/noticias-em-piracicaba\\\/#listItem\",\"name\":\"Not\\u00edcias Piracicaba\"}}]},{\"@type\":\"Organization\",\"@id\":\"https:\\\/\\\/www.encontrapiracicaba.com.br\\\/sobre\\\/#organization\",\"name\":\"Encontra Piracicaba\",\"description\":\"Not\\u00edcias, eventos, informa\\u00e7\\u00f5es e dicas na cidade de Piracicaba e regi\\u00e3o\",\"url\":\"https:\\\/\\\/www.encontrapiracicaba.com.br\\\/sobre\\\/\"},{\"@type\":\"Person\",\"@id\":\"https:\\\/\\\/www.encontrapiracicaba.com.br\\\/sobre\\\/author\\\/epiracicaba\\\/#author\",\"url\":\"https:\\\/\\\/www.encontrapiracicaba.com.br\\\/sobre\\\/author\\\/epiracicaba\\\/\",\"name\":\"Encontra Piracicaba\",\"image\":{\"@type\":\"ImageObject\",\"@id\":\"https:\\\/\\\/www.encontrapiracicaba.com.br\\\/sobre\\\/camara-aprova-titulo-de-cidadao-piracicabano-para-cerimonialista\\\/#authorImage\",\"url\":\"https:\\\/\\\/secure.gravatar.com\\\/avatar\\\/507340682b8270222e1f208e23198b6ae7e2c6a1033ae84e99bc6bce4f82a387?s=96&d=mm&r=g\",\"width\":96,\"height\":96,\"caption\":\"Encontra Piracicaba\"}},{\"@type\":\"WebPage\",\"@id\":\"https:\\\/\\\/www.encontrapiracicaba.com.br\\\/sobre\\\/camara-aprova-titulo-de-cidadao-piracicabano-para-cerimonialista\\\/#webpage\",\"url\":\"https:\\\/\\\/www.encontrapiracicaba.com.br\\\/sobre\\\/camara-aprova-titulo-de-cidadao-piracicabano-para-cerimonialista\\\/\",\"name\":\"C\\u00e2mara aprova T\\u00edtulo de Cidad\\u00e3o Piracicabano para cerimonialista | Encontra Piracicaba\",\"inLanguage\":\"pt-BR\",\"isPartOf\":{\"@id\":\"https:\\\/\\\/www.encontrapiracicaba.com.br\\\/sobre\\\/#website\"},\"breadcrumb\":{\"@id\":\"https:\\\/\\\/www.encontrapiracicaba.com.br\\\/sobre\\\/camara-aprova-titulo-de-cidadao-piracicabano-para-cerimonialista\\\/#breadcrumblist\"},\"author\":{\"@id\":\"https:\\\/\\\/www.encontrapiracicaba.com.br\\\/sobre\\\/author\\\/epiracicaba\\\/#author\"},\"creator\":{\"@id\":\"https:\\\/\\\/www.encontrapiracicaba.com.br\\\/sobre\\\/author\\\/epiracicaba\\\/#author\"},\"image\":{\"@type\":\"ImageObject\",\"url\":\"https:\\\/\\\/www.encontrapiracicaba.com.br\\\/sobre\\\/wp-content\\\/uploads\\\/camara-aprova-titulo-de-cidadao-piracicabano-para-cerimonialista.webp\",\"@id\":\"https:\\\/\\\/www.encontrapiracicaba.com.br\\\/sobre\\\/camara-aprova-titulo-de-cidadao-piracicabano-para-cerimonialista\\\/#mainImage\",\"width\":280,\"height\":280,\"caption\":\"Cidad\\u00e3o Piracicabano\"},\"primaryImageOfPage\":{\"@id\":\"https:\\\/\\\/www.encontrapiracicaba.com.br\\\/sobre\\\/camara-aprova-titulo-de-cidadao-piracicabano-para-cerimonialista\\\/#mainImage\"},\"datePublished\":\"2026-07-02T11:56:16-03:00\",\"dateModified\":\"2026-07-02T11:56:16-03:00\"},{\"@type\":\"WebSite\",\"@id\":\"https:\\\/\\\/www.encontrapiracicaba.com.br\\\/sobre\\\/#website\",\"url\":\"https:\\\/\\\/www.encontrapiracicaba.com.br\\\/sobre\\\/\",\"name\":\"Encontra Piracicaba\",\"description\":\"Not\\u00edcias, eventos, informa\\u00e7\\u00f5es e dicas na cidade de Piracicaba e regi\\u00e3o\",\"inLanguage\":\"pt-BR\",\"publisher\":{\"@id\":\"https:\\\/\\\/www.encontrapiracicaba.com.br\\\/sobre\\\/#organization\"}}]}\n\t\t<\/script>\n\t\t<!-- All in One SEO -->\n\n","aioseo_head_json":{"title":"C\u00e2mara aprova T\u00edtulo de Cidad\u00e3o Piracicabano para cerimonialista | Encontra Piracicaba","description":"","canonical_url":"https:\/\/www.encontrapiracicaba.com.br\/sobre\/camara-aprova-titulo-de-cidadao-piracicabano-para-cerimonialista\/","robots":"max-image-preview:large","keywords":"","webmasterTools":{"miscellaneous":""},"schema":{"@context":"https:\/\/schema.org","@graph":[{"@type":"Article","@id":"https:\/\/www.encontrapiracicaba.com.br\/sobre\/camara-aprova-titulo-de-cidadao-piracicabano-para-cerimonialista\/#article","name":"C\u00e2mara aprova T\u00edtulo de Cidad\u00e3o Piracicabano para cerimonialista | Encontra Piracicaba","headline":"C\u00e2mara aprova T\u00edtulo de Cidad\u00e3o Piracicabano para cerimonialista","author":{"@id":"https:\/\/www.encontrapiracicaba.com.br\/sobre\/author\/epiracicaba\/#author"},"publisher":{"@id":"https:\/\/www.encontrapiracicaba.com.br\/sobre\/#organization"},"image":{"@type":"ImageObject","url":"https:\/\/www.encontrapiracicaba.com.br\/sobre\/wp-content\/uploads\/camara-aprova-titulo-de-cidadao-piracicabano-para-cerimonialista.webp","width":280,"height":280,"caption":"Cidad\u00e3o Piracicabano"},"datePublished":"2026-07-02T11:56:16-03:00","dateModified":"2026-07-02T11:56:16-03:00","inLanguage":"pt-BR","mainEntityOfPage":{"@id":"https:\/\/www.encontrapiracicaba.com.br\/sobre\/camara-aprova-titulo-de-cidadao-piracicabano-para-cerimonialista\/#webpage"},"isPartOf":{"@id":"https:\/\/www.encontrapiracicaba.com.br\/sobre\/camara-aprova-titulo-de-cidadao-piracicabano-para-cerimonialista\/#webpage"},"articleSection":"Not\u00edcias Piracicaba"},{"@type":"BreadcrumbList","@id":"https:\/\/www.encontrapiracicaba.com.br\/sobre\/camara-aprova-titulo-de-cidadao-piracicabano-para-cerimonialista\/#breadcrumblist","itemListElement":[{"@type":"ListItem","@id":"https:\/\/www.encontrapiracicaba.com.br\/sobre#listItem","position":1,"name":"In\u00edcio","item":"https:\/\/www.encontrapiracicaba.com.br\/sobre","nextItem":{"@type":"ListItem","@id":"https:\/\/www.encontrapiracicaba.com.br\/sobre\/noticias-em-piracicaba\/#listItem","name":"Not\u00edcias Piracicaba"}},{"@type":"ListItem","@id":"https:\/\/www.encontrapiracicaba.com.br\/sobre\/noticias-em-piracicaba\/#listItem","position":2,"name":"Not\u00edcias Piracicaba","item":"https:\/\/www.encontrapiracicaba.com.br\/sobre\/noticias-em-piracicaba\/","nextItem":{"@type":"ListItem","@id":"https:\/\/www.encontrapiracicaba.com.br\/sobre\/camara-aprova-titulo-de-cidadao-piracicabano-para-cerimonialista\/#listItem","name":"C\u00e2mara aprova T\u00edtulo de Cidad\u00e3o Piracicabano para cerimonialista"},"previousItem":{"@type":"ListItem","@id":"https:\/\/www.encontrapiracicaba.com.br\/sobre#listItem","name":"In\u00edcio"}},{"@type":"ListItem","@id":"https:\/\/www.encontrapiracicaba.com.br\/sobre\/camara-aprova-titulo-de-cidadao-piracicabano-para-cerimonialista\/#listItem","position":3,"name":"C\u00e2mara aprova T\u00edtulo de Cidad\u00e3o Piracicabano para cerimonialista","previousItem":{"@type":"ListItem","@id":"https:\/\/www.encontrapiracicaba.com.br\/sobre\/noticias-em-piracicaba\/#listItem","name":"Not\u00edcias Piracicaba"}}]},{"@type":"Organization","@id":"https:\/\/www.encontrapiracicaba.com.br\/sobre\/#organization","name":"Encontra Piracicaba","description":"Not\u00edcias, eventos, informa\u00e7\u00f5es e dicas na cidade de Piracicaba e regi\u00e3o","url":"https:\/\/www.encontrapiracicaba.com.br\/sobre\/"},{"@type":"Person","@id":"https:\/\/www.encontrapiracicaba.com.br\/sobre\/author\/epiracicaba\/#author","url":"https:\/\/www.encontrapiracicaba.com.br\/sobre\/author\/epiracicaba\/","name":"Encontra Piracicaba","image":{"@type":"ImageObject","@id":"https:\/\/www.encontrapiracicaba.com.br\/sobre\/camara-aprova-titulo-de-cidadao-piracicabano-para-cerimonialista\/#authorImage","url":"https:\/\/secure.gravatar.com\/avatar\/507340682b8270222e1f208e23198b6ae7e2c6a1033ae84e99bc6bce4f82a387?s=96&d=mm&r=g","width":96,"height":96,"caption":"Encontra Piracicaba"}},{"@type":"WebPage","@id":"https:\/\/www.encontrapiracicaba.com.br\/sobre\/camara-aprova-titulo-de-cidadao-piracicabano-para-cerimonialista\/#webpage","url":"https:\/\/www.encontrapiracicaba.com.br\/sobre\/camara-aprova-titulo-de-cidadao-piracicabano-para-cerimonialista\/","name":"C\u00e2mara aprova T\u00edtulo de Cidad\u00e3o Piracicabano para cerimonialista | Encontra Piracicaba","inLanguage":"pt-BR","isPartOf":{"@id":"https:\/\/www.encontrapiracicaba.com.br\/sobre\/#website"},"breadcrumb":{"@id":"https:\/\/www.encontrapiracicaba.com.br\/sobre\/camara-aprova-titulo-de-cidadao-piracicabano-para-cerimonialista\/#breadcrumblist"},"author":{"@id":"https:\/\/www.encontrapiracicaba.com.br\/sobre\/author\/epiracicaba\/#author"},"creator":{"@id":"https:\/\/www.encontrapiracicaba.com.br\/sobre\/author\/epiracicaba\/#author"},"image":{"@type":"ImageObject","url":"https:\/\/www.encontrapiracicaba.com.br\/sobre\/wp-content\/uploads\/camara-aprova-titulo-de-cidadao-piracicabano-para-cerimonialista.webp","@id":"https:\/\/www.encontrapiracicaba.com.br\/sobre\/camara-aprova-titulo-de-cidadao-piracicabano-para-cerimonialista\/#mainImage","width":280,"height":280,"caption":"Cidad\u00e3o Piracicabano"},"primaryImageOfPage":{"@id":"https:\/\/www.encontrapiracicaba.com.br\/sobre\/camara-aprova-titulo-de-cidadao-piracicabano-para-cerimonialista\/#mainImage"},"datePublished":"2026-07-02T11:56:16-03:00","dateModified":"2026-07-02T11:56:16-03:00"},{"@type":"WebSite","@id":"https:\/\/www.encontrapiracicaba.com.br\/sobre\/#website","url":"https:\/\/www.encontrapiracicaba.com.br\/sobre\/","name":"Encontra Piracicaba","description":"Not\u00edcias, eventos, informa\u00e7\u00f5es e dicas na cidade de Piracicaba e regi\u00e3o","inLanguage":"pt-BR","publisher":{"@id":"https:\/\/www.encontrapiracicaba.com.br\/sobre\/#organization"}}]},"og:locale":"pt_BR","og:site_name":"Encontra Piracicaba | Not\u00edcias, eventos, informa\u00e7\u00f5es e dicas na cidade de Piracicaba e regi\u00e3o","og:type":"article","og:title":"C\u00e2mara aprova T\u00edtulo de Cidad\u00e3o Piracicabano para cerimonialista | Encontra Piracicaba","og:url":"https:\/\/www.encontrapiracicaba.com.br\/sobre\/camara-aprova-titulo-de-cidadao-piracicabano-para-cerimonialista\/","article:published_time":"2026-07-02T14:56:16+00:00","article:modified_time":"2026-07-02T14:56:16+00:00","twitter:card":"summary","twitter:title":"C\u00e2mara aprova T\u00edtulo de Cidad\u00e3o Piracicabano para cerimonialista | Encontra Piracicaba"},"aioseo_meta_data":{"post_id":"4759","title":null,"description":null,"keywords":null,"keyphrases":null,"primary_term":null,"canonical_url":null,"og_title":null,"og_description":null,"og_object_type":"default","og_image_type":"default","og_image_url":null,"og_image_width":null,"og_image_height":null,"og_image_custom_url":null,"og_image_custom_fields":null,"og_video":null,"og_custom_url":null,"og_article_section":null,"og_article_tags":null,"twitter_use_og":false,"twitter_card":"default","twitter_image_type":"default","twitter_image_url":null,"twitter_image_custom_url":null,"twitter_image_custom_fields":null,"twitter_title":null,"twitter_description":null,"schema":{"blockGraphs":[],"customGraphs":[],"default":{"data":{"Article":[],"Course":[],"Dataset":[],"FAQPage":[],"Movie":[],"Person":[],"Product":[],"ProductReview":[],"Car":[],"Recipe":[],"Service":[],"SoftwareApplication":[],"WebPage":[]},"graphName":"Article","isEnabled":true},"graphs":[]},"schema_type":"default","schema_type_options":null,"pillar_content":false,"robots_default":true,"robots_noindex":false,"robots_noarchive":false,"robots_nosnippet":false,"robots_nofollow":false,"robots_noimageindex":false,"robots_noodp":false,"robots_notranslate":false,"robots_max_snippet":null,"robots_max_videopreview":null,"robots_max_imagepreview":"large","priority":null,"frequency":null,"local_seo":null,"breadcrumb_settings":null,"limit_modified_date":false,"ai":null,"created":"2026-07-02 14:56:20","updated":"2026-07-02 15:05:50","focus_keyword":null,"additional_keywords":null,"truseo_locale":null,"seo_analyzer_scan_date":null},"aioseo_breadcrumb":"<div class=\"aioseo-breadcrumbs\"><span class=\"aioseo-breadcrumb\">\n\t\t\t<a href=\"https:\/\/www.encontrapiracicaba.com.br\/sobre\" title=\"In\u00edcio\">In\u00edcio<\/a>\n\t\t<\/span><span class=\"aioseo-breadcrumb-separator\">&raquo;<\/span><span class=\"aioseo-breadcrumb\">\n\t\t\t<a href=\"https:\/\/www.encontrapiracicaba.com.br\/sobre\/noticias-em-piracicaba\/\" title=\"Not\u00edcias Piracicaba\">Not\u00edcias Piracicaba<\/a>\n\t\t<\/span><span class=\"aioseo-breadcrumb-separator\">&raquo;<\/span><span class=\"aioseo-breadcrumb\">\n\t\t\tC\u00e2mara aprova T\u00edtulo de Cidad\u00e3o Piracicabano para cerimonialista\n\t\t<\/span><\/div>","aioseo_breadcrumb_json":[{"label":"In\u00edcio","link":"https:\/\/www.encontrapiracicaba.com.br\/sobre"},{"label":"Not\u00edcias Piracicaba","link":"https:\/\/www.encontrapiracicaba.com.br\/sobre\/noticias-em-piracicaba\/"},{"label":"C\u00e2mara aprova T\u00edtulo de Cidad\u00e3o Piracicabano para cerimonialista","link":"https:\/\/www.encontrapiracicaba.com.br\/sobre\/camara-aprova-titulo-de-cidadao-piracicabano-para-cerimonialista\/"}],"_links":{"self":[{"href":"https:\/\/www.encontrapiracicaba.com.br\/sobre\/wp-json\/wp\/v2\/posts\/4759","targetHints":{"allow":["GET"]}}],"collection":[{"href":"https:\/\/www.encontrapiracicaba.com.br\/sobre\/wp-json\/wp\/v2\/posts"}],"about":[{"href":"https:\/\/www.encontrapiracicaba.com.br\/sobre\/wp-json\/wp\/v2\/types\/post"}],"author":[{"embeddable":true,"href":"https:\/\/www.encontrapiracicaba.com.br\/sobre\/wp-json\/wp\/v2\/users\/1"}],"replies":[{"embeddable":true,"href":"https:\/\/www.encontrapiracicaba.com.br\/sobre\/wp-json\/wp\/v2\/comments?post=4759"}],"version-history":[{"count":0,"href":"https:\/\/www.encontrapiracicaba.com.br\/sobre\/wp-json\/wp\/v2\/posts\/4759\/revisions"}],"wp:featuredmedia":[{"embeddable":true,"href":"https:\/\/www.encontrapiracicaba.com.br\/sobre\/wp-json\/wp\/v2\/media\/4758"}],"wp:attachment":[{"href":"https:\/\/www.encontrapiracicaba.com.br\/sobre\/wp-json\/wp\/v2\/media?parent=4759"}],"wp:term":[{"taxonomy":"category","embeddable":true,"href":"https:\/\/www.encontrapiracicaba.com.br\/sobre\/wp-json\/wp\/v2\/categories?post=4759"},{"taxonomy":"post_tag","embeddable":true,"href":"https:\/\/www.encontrapiracicaba.com.br\/sobre\/wp-json\/wp\/v2\/tags?post=4759"}],"curies":[{"name":"wp","href":"https:\/\/api.w.org\/{rel}","templated":true}]}}