{"id":4776,"date":"2026-07-05T03:57:13","date_gmt":"2026-07-05T06:57:13","guid":{"rendered":"https:\/\/www.encontrapiracicaba.com.br\/sobre\/estabelecimento-comercial-do-centro-e-homenageado-com-mocao-de-aplausos\/"},"modified":"2026-07-05T03:57:13","modified_gmt":"2026-07-05T06:57:13","slug":"estabelecimento-comercial-do-centro-e-homenageado-com-mocao-de-aplausos","status":"publish","type":"post","link":"https:\/\/www.encontrapiracicaba.com.br\/sobre\/estabelecimento-comercial-do-centro-e-homenageado-com-mocao-de-aplausos\/","title":{"rendered":"Estabelecimento comercial do Centro \u00e9 homenageado com mo\u00e7\u00e3o de aplausos"},"content":{"rendered":"<div class=\"85df007ed5c0c4d4b453fd13a37855e8\" data-index=\"1\" style=\"float: none; margin:0px;\">\n<!-- Anuncio display - global -->\r\n<ins class=\"adsbygoogle\"\r\n     style=\"display:block\"\r\n     data-ad-client=\"ca-pub-8585364105181520\"\r\n     data-ad-slot=\"8789329856\"\r\n     data-ad-format=\"auto\"\r\n     data-full-width-responsive=\"true\"><\/ins>\r\n<script>\r\n     (adsbygoogle = window.adsbygoogle || []).push({});\r\n<\/script>\n<\/div>\n<h2>Hist\u00f3ria da Casa Beccari<\/h2>\n<p>A Casa Beccari, um estabelecimento comercial ic\u00f4nico, foi fundada em 1948 pela fam\u00edlia Beccari e, ao longo das d\u00e9cadas, se estabeleceu como um marco no com\u00e9rcio de utilidades e ferramentas na cidade de Piracicaba. Desde sua inaugura\u00e7\u00e3o, a loja tem sido reconhecida pela qualidade de seus produtos e pelo excelente atendimento ao cliente, tornando-se uma refer\u00eancia para as fam\u00edlias da regi\u00e3o ao atender a diversas necessidades dos consumidores, sempre fundamentada em princ\u00edpios de seriedade e comprometimento com a comunidade.<\/p>\n<h2>A Homenagem da C\u00e2mara Municipal<\/h2>\n<p>Em 8 de junho de 2026, a C\u00e2mara Municipal de Piracicaba prestou uma homenagem especial \u00e0 Casa Beccari durante a 32\u00aa Reuni\u00e3o Ordin\u00e1ria. O vereador Marco Bicheiro, do Partido da Social Democracia Brasileira (PSDB), foi o respons\u00e1vel por propor a mo\u00e7\u00e3o de aplausos em reconhecimento aos 50 anos de atua\u00e7\u00e3o da loja, destacando a import\u00e2ncia desse estabelecimento no cotidiano da popula\u00e7\u00e3o local e sua contribui\u00e7\u00e3o \u00e0 economia do munic\u00edpio.<\/p>\n<h2>O Papel do Vereador Marco Bicheiro<\/h2>\n<p>Marco Bicheiro foi fundamental na articula\u00e7\u00e3o desta homenagem, ressaltando em seu discurso que a Casa Beccari \u00e9 um s\u00edmbolo de tradi\u00e7\u00e3o e trabalho em Piracicaba. Ele expressou respeito e admira\u00e7\u00e3o pela fam\u00edlia Beccari, enfatizando como a loja se tornou uma parte intr\u00ednseca da cidade e uma refer\u00eancia reconhecida entre os piracicabanos. O vereador ressaltou ainda a import\u00e2ncia de valorizar aqueles que contribuem para o desenvolvimento comunit\u00e1rio e econ\u00f4mico da regi\u00e3o.<\/p>\n<p><img decoding=\"async\" src=\"https:\/\/www.encontrapiracicaba.com.br\/sobre\/wp-content\/uploads\/estabelecimento-comercial-do-centro-e-homenageado-com-mocao-de-aplausos.webp\" alt=\"Casa Beccari\" loading=\"lazy\" \/><\/p>\n<h2>O que significa uma mo\u00e7\u00e3o de aplausos?<\/h2>\n<p>A mo\u00e7\u00e3o de aplausos \u00e9 um reconhecimento formal utilizado pela C\u00e2mara Municipal para celebrar ou exaltar institui\u00e7\u00f5es, pessoas ou eventos que tenham contribu\u00eddo de forma significativa para a comunidade. A entrega dessa mo\u00e7\u00e3o \u00e0 Casa Beccari e seus propriet\u00e1rios \u00e9 um gesto de gratid\u00e3o por meio do qual a C\u00e2mara reconhece a longa trajet\u00f3ria de sucesso e comprometimento da loja com os cidad\u00e3os de Piracicaba.<\/p>\n<h2>A Import\u00e2ncia dos 50 anos de tradi\u00e7\u00e3o<\/h2>\n<p>Comemorar 50 anos de hist\u00f3ria \u00e9 um marco significativo n\u00e3o apenas para a Casa Beccari, mas tamb\u00e9m para a cidade de Piracicaba. Essa trajet\u00f3ria \u00e9 marcada por diversas transforma\u00e7\u00f5es e adapta\u00e7\u00f5es ao longo do tempo, refletindo a evolu\u00e7\u00e3o do com\u00e9rcio local e as mudan\u00e7as nas necessidades dos consumidores. O estabelecimento se tornou um exemplo de resili\u00eancia e capacidade de inova\u00e7\u00e3o, permanecendo relevante mesmo em tempos desafiadores.<\/p>\n<h2>A Resposta da Fam\u00edlia Beccari<\/h2>\n<p>Durante a cerim\u00f4nia, a homenagem foi recebida por Jurandir Ant\u00f4nio Beccari e Vlamir Ant\u00f4nio Beccari, que assumiram a administra\u00e7\u00e3o da loja em 1976. Jurandir expressou gratid\u00e3o em nome da fam\u00edlia, reconhecendo o trabalho \u00e1rduo e a dedica\u00e7\u00e3o ao longo dos anos. Ele destacou a rela\u00e7\u00e3o pr\u00f3xima que a loja mant\u00e9m com seus clientes, tratando cada um com carinho e respeito, como se fossem parte de uma grande fam\u00edlia.<\/p>\n<h2>O Impacto na Comunidade Local<\/h2>\n<p>A presen\u00e7a da Casa Beccari no centro da cidade impactou positivamente a vida de muitos, oferecendo n\u00e3o apenas produtos, mas tamb\u00e9m um local de encontro onde hist\u00f3rias e mem\u00f3rias s\u00e3o compartilhadas. O compromisso do estabelecimento em servir \u00e0 comunidade local com qualidade e \u00e9tica comercial fez com que se tornasse um lugar querido e respeitado, promovendo um sentimento de pertencimento entre os piracicabanos.<\/p>\n<h2>A Relev\u00e2ncia do Com\u00e9rcio Tradicional<\/h2>\n<p>As lojas tradicionais, como a Casa Beccari, desempenham um papel vital na preserva\u00e7\u00e3o da identidade cultural de uma cidade. Elas possibilitam um com\u00e9rcio mais humano, onde o relacionamento interpessoal \u00e9 valorizado e a experi\u00eancia de compra \u00e9 \u00fanica. Al\u00e9m disso, essas institui\u00e7\u00f5es ajudam a fortalecer a economia local, ao empregar pessoas da regi\u00e3o e ao manter recursos financeiros circulando dentro da comunidade.<\/p>\n<h2>Como a Casa Beccari se Destaca no Mercado<\/h2>\n<p>A Casa Beccari se distingue no mercado por sua variedade de produtos, atendimento personalizado e uma forte conex\u00e3o com a comunidade. Ao longo dos anos, a loja foi capaz de se adaptar \u00e0s novas demandas dos consumidores, mantendo em seu portf\u00f3lio uma vasta gama de utilidades e ferramentas, sempre buscando a inova\u00e7\u00e3o e a qualidade no que oferece. A reputa\u00e7\u00e3o de confiabilidade e excel\u00eancia conquistada ao longo de sua hist\u00f3ria permeia a maneira como \u00e9 percebida tanto pelos clientes antigos quanto pelos novos.<\/p>\n<h2>O Futuro da Casa Beccari em Piracicaba<\/h2>\n<p>O futuro da Casa Beccari parece promissor, com o mesmo esp\u00edrito de dedica\u00e7\u00e3o que a caracterizou desde seu in\u00edcio. Com um foco na adapta\u00e7\u00e3o \u00e0s novas tend\u00eancias de mercado e no engajamento cont\u00ednuo com a comunidade local, a loja est\u00e1 bem posicionada para continuar a servir as gera\u00e7\u00f5es futuras. As novas estrat\u00e9gias de marketing, a incorpora\u00e7\u00e3o de tecnologias e a manuten\u00e7\u00e3o da ess\u00eancia familiar e local da loja continuar\u00e3o a ser fundamentais para sua longevidade e relev\u00e2ncia na cidade.<\/p>\n\n<div style=\"font-size: 0px; height: 0px; line-height: 0px; margin: 0; padding: 0; clear: both;\"><\/div>","protected":false},"excerpt":{"rendered":"<p>Casa Beccari recebe mo\u00e7\u00e3o de aplausos pelos seus 50 anos de tradi\u00e7\u00e3o no com\u00e9rcio.<\/p>\n","protected":false},"author":1,"featured_media":4775,"comment_status":"closed","ping_status":"closed","sticky":false,"template":"","format":"standard","meta":{"footnotes":""},"categories":[6],"tags":[],"class_list":["post-4776","post","type-post","status-publish","format-standard","has-post-thumbnail","hentry","category-noticias-em-piracicaba","has_thumb"],"aioseo_notices":[],"aioseo_head":"\n\t\t<!-- All in One SEO 5.0.0.1 - aioseo.com -->\n\t<meta name=\"robots\" content=\"max-image-preview:large\" \/>\n\t<meta name=\"author\" content=\"Encontra Piracicaba\"\/>\n\t<link rel=\"canonical\" href=\"https:\/\/www.encontrapiracicaba.com.br\/sobre\/estabelecimento-comercial-do-centro-e-homenageado-com-mocao-de-aplausos\/\" \/>\n\t<meta name=\"generator\" content=\"All in One SEO (AIOSEO) 5.0.0.1\" \/>\n\t\t<meta property=\"og:locale\" content=\"pt_BR\" \/>\n\t\t<meta property=\"og:site_name\" content=\"Encontra Piracicaba | Not\u00edcias, eventos, informa\u00e7\u00f5es e dicas na cidade de Piracicaba e regi\u00e3o\" \/>\n\t\t<meta property=\"og:type\" content=\"article\" \/>\n\t\t<meta property=\"og:title\" content=\"Estabelecimento comercial do Centro \u00e9 homenageado com mo\u00e7\u00e3o de aplausos | Encontra Piracicaba\" \/>\n\t\t<meta property=\"og:url\" content=\"https:\/\/www.encontrapiracicaba.com.br\/sobre\/estabelecimento-comercial-do-centro-e-homenageado-com-mocao-de-aplausos\/\" \/>\n\t\t<meta property=\"article:published_time\" content=\"2026-07-05T06:57:13+00:00\" \/>\n\t\t<meta property=\"article:modified_time\" content=\"2026-07-05T06:57:13+00:00\" \/>\n\t\t<meta name=\"twitter:card\" content=\"summary\" \/>\n\t\t<meta name=\"twitter:title\" content=\"Estabelecimento comercial do Centro \u00e9 homenageado com mo\u00e7\u00e3o de aplausos | Encontra Piracicaba\" \/>\n\t\t<script type=\"application\/ld+json\" class=\"aioseo-schema\">\n\t\t\t{\"@context\":\"https:\\\/\\\/schema.org\",\"@graph\":[{\"@type\":\"Article\",\"@id\":\"https:\\\/\\\/www.encontrapiracicaba.com.br\\\/sobre\\\/estabelecimento-comercial-do-centro-e-homenageado-com-mocao-de-aplausos\\\/#article\",\"name\":\"Estabelecimento comercial do Centro \\u00e9 homenageado com mo\\u00e7\\u00e3o de aplausos | Encontra Piracicaba\",\"headline\":\"Estabelecimento comercial do Centro \\u00e9 homenageado com mo\\u00e7\\u00e3o de aplausos\",\"author\":{\"@id\":\"https:\\\/\\\/www.encontrapiracicaba.com.br\\\/sobre\\\/author\\\/epiracicaba\\\/#author\"},\"publisher\":{\"@id\":\"https:\\\/\\\/www.encontrapiracicaba.com.br\\\/sobre\\\/#organization\"},\"image\":{\"@type\":\"ImageObject\",\"url\":\"https:\\\/\\\/www.encontrapiracicaba.com.br\\\/sobre\\\/wp-content\\\/uploads\\\/estabelecimento-comercial-do-centro-e-homenageado-com-mocao-de-aplausos.webp\",\"width\":280,\"height\":280,\"caption\":\"Casa Beccari\"},\"datePublished\":\"2026-07-05T03:57:13-03:00\",\"dateModified\":\"2026-07-05T03:57:13-03:00\",\"inLanguage\":\"pt-BR\",\"mainEntityOfPage\":{\"@id\":\"https:\\\/\\\/www.encontrapiracicaba.com.br\\\/sobre\\\/estabelecimento-comercial-do-centro-e-homenageado-com-mocao-de-aplausos\\\/#webpage\"},\"isPartOf\":{\"@id\":\"https:\\\/\\\/www.encontrapiracicaba.com.br\\\/sobre\\\/estabelecimento-comercial-do-centro-e-homenageado-com-mocao-de-aplausos\\\/#webpage\"},\"articleSection\":\"Not\\u00edcias Piracicaba\"},{\"@type\":\"BreadcrumbList\",\"@id\":\"https:\\\/\\\/www.encontrapiracicaba.com.br\\\/sobre\\\/estabelecimento-comercial-do-centro-e-homenageado-com-mocao-de-aplausos\\\/#breadcrumblist\",\"itemListElement\":[{\"@type\":\"ListItem\",\"@id\":\"https:\\\/\\\/www.encontrapiracicaba.com.br\\\/sobre#listItem\",\"position\":1,\"name\":\"In\\u00edcio\",\"item\":\"https:\\\/\\\/www.encontrapiracicaba.com.br\\\/sobre\",\"nextItem\":{\"@type\":\"ListItem\",\"@id\":\"https:\\\/\\\/www.encontrapiracicaba.com.br\\\/sobre\\\/noticias-em-piracicaba\\\/#listItem\",\"name\":\"Not\\u00edcias Piracicaba\"}},{\"@type\":\"ListItem\",\"@id\":\"https:\\\/\\\/www.encontrapiracicaba.com.br\\\/sobre\\\/noticias-em-piracicaba\\\/#listItem\",\"position\":2,\"name\":\"Not\\u00edcias Piracicaba\",\"item\":\"https:\\\/\\\/www.encontrapiracicaba.com.br\\\/sobre\\\/noticias-em-piracicaba\\\/\",\"nextItem\":{\"@type\":\"ListItem\",\"@id\":\"https:\\\/\\\/www.encontrapiracicaba.com.br\\\/sobre\\\/estabelecimento-comercial-do-centro-e-homenageado-com-mocao-de-aplausos\\\/#listItem\",\"name\":\"Estabelecimento comercial do Centro \\u00e9 homenageado com mo\\u00e7\\u00e3o de aplausos\"},\"previousItem\":{\"@type\":\"ListItem\",\"@id\":\"https:\\\/\\\/www.encontrapiracicaba.com.br\\\/sobre#listItem\",\"name\":\"In\\u00edcio\"}},{\"@type\":\"ListItem\",\"@id\":\"https:\\\/\\\/www.encontrapiracicaba.com.br\\\/sobre\\\/estabelecimento-comercial-do-centro-e-homenageado-com-mocao-de-aplausos\\\/#listItem\",\"position\":3,\"name\":\"Estabelecimento comercial do Centro \\u00e9 homenageado com mo\\u00e7\\u00e3o de aplausos\",\"previousItem\":{\"@type\":\"ListItem\",\"@id\":\"https:\\\/\\\/www.encontrapiracicaba.com.br\\\/sobre\\\/noticias-em-piracicaba\\\/#listItem\",\"name\":\"Not\\u00edcias Piracicaba\"}}]},{\"@type\":\"Organization\",\"@id\":\"https:\\\/\\\/www.encontrapiracicaba.com.br\\\/sobre\\\/#organization\",\"name\":\"Encontra Piracicaba\",\"description\":\"Not\\u00edcias, eventos, informa\\u00e7\\u00f5es e dicas na cidade de Piracicaba e regi\\u00e3o\",\"url\":\"https:\\\/\\\/www.encontrapiracicaba.com.br\\\/sobre\\\/\"},{\"@type\":\"Person\",\"@id\":\"https:\\\/\\\/www.encontrapiracicaba.com.br\\\/sobre\\\/author\\\/epiracicaba\\\/#author\",\"url\":\"https:\\\/\\\/www.encontrapiracicaba.com.br\\\/sobre\\\/author\\\/epiracicaba\\\/\",\"name\":\"Encontra Piracicaba\",\"image\":{\"@type\":\"ImageObject\",\"@id\":\"https:\\\/\\\/www.encontrapiracicaba.com.br\\\/sobre\\\/estabelecimento-comercial-do-centro-e-homenageado-com-mocao-de-aplausos\\\/#authorImage\",\"url\":\"https:\\\/\\\/secure.gravatar.com\\\/avatar\\\/507340682b8270222e1f208e23198b6ae7e2c6a1033ae84e99bc6bce4f82a387?s=96&d=mm&r=g\",\"width\":96,\"height\":96,\"caption\":\"Encontra Piracicaba\"}},{\"@type\":\"WebPage\",\"@id\":\"https:\\\/\\\/www.encontrapiracicaba.com.br\\\/sobre\\\/estabelecimento-comercial-do-centro-e-homenageado-com-mocao-de-aplausos\\\/#webpage\",\"url\":\"https:\\\/\\\/www.encontrapiracicaba.com.br\\\/sobre\\\/estabelecimento-comercial-do-centro-e-homenageado-com-mocao-de-aplausos\\\/\",\"name\":\"Estabelecimento comercial do Centro \\u00e9 homenageado com mo\\u00e7\\u00e3o de aplausos | Encontra Piracicaba\",\"inLanguage\":\"pt-BR\",\"isPartOf\":{\"@id\":\"https:\\\/\\\/www.encontrapiracicaba.com.br\\\/sobre\\\/#website\"},\"breadcrumb\":{\"@id\":\"https:\\\/\\\/www.encontrapiracicaba.com.br\\\/sobre\\\/estabelecimento-comercial-do-centro-e-homenageado-com-mocao-de-aplausos\\\/#breadcrumblist\"},\"author\":{\"@id\":\"https:\\\/\\\/www.encontrapiracicaba.com.br\\\/sobre\\\/author\\\/epiracicaba\\\/#author\"},\"creator\":{\"@id\":\"https:\\\/\\\/www.encontrapiracicaba.com.br\\\/sobre\\\/author\\\/epiracicaba\\\/#author\"},\"image\":{\"@type\":\"ImageObject\",\"url\":\"https:\\\/\\\/www.encontrapiracicaba.com.br\\\/sobre\\\/wp-content\\\/uploads\\\/estabelecimento-comercial-do-centro-e-homenageado-com-mocao-de-aplausos.webp\",\"@id\":\"https:\\\/\\\/www.encontrapiracicaba.com.br\\\/sobre\\\/estabelecimento-comercial-do-centro-e-homenageado-com-mocao-de-aplausos\\\/#mainImage\",\"width\":280,\"height\":280,\"caption\":\"Casa Beccari\"},\"primaryImageOfPage\":{\"@id\":\"https:\\\/\\\/www.encontrapiracicaba.com.br\\\/sobre\\\/estabelecimento-comercial-do-centro-e-homenageado-com-mocao-de-aplausos\\\/#mainImage\"},\"datePublished\":\"2026-07-05T03:57:13-03:00\",\"dateModified\":\"2026-07-05T03:57:13-03:00\"},{\"@type\":\"WebSite\",\"@id\":\"https:\\\/\\\/www.encontrapiracicaba.com.br\\\/sobre\\\/#website\",\"url\":\"https:\\\/\\\/www.encontrapiracicaba.com.br\\\/sobre\\\/\",\"name\":\"Encontra Piracicaba\",\"description\":\"Not\\u00edcias, eventos, informa\\u00e7\\u00f5es e dicas na cidade de Piracicaba e regi\\u00e3o\",\"inLanguage\":\"pt-BR\",\"publisher\":{\"@id\":\"https:\\\/\\\/www.encontrapiracicaba.com.br\\\/sobre\\\/#organization\"}}]}\n\t\t<\/script>\n\t\t<!-- All in One SEO -->\n\n","aioseo_head_json":{"title":"Estabelecimento comercial do Centro \u00e9 homenageado com mo\u00e7\u00e3o de aplausos | Encontra Piracicaba","description":"","canonical_url":"https:\/\/www.encontrapiracicaba.com.br\/sobre\/estabelecimento-comercial-do-centro-e-homenageado-com-mocao-de-aplausos\/","robots":"max-image-preview:large","keywords":"","webmasterTools":{"miscellaneous":""},"schema":{"@context":"https:\/\/schema.org","@graph":[{"@type":"Article","@id":"https:\/\/www.encontrapiracicaba.com.br\/sobre\/estabelecimento-comercial-do-centro-e-homenageado-com-mocao-de-aplausos\/#article","name":"Estabelecimento comercial do Centro \u00e9 homenageado com mo\u00e7\u00e3o de aplausos | Encontra Piracicaba","headline":"Estabelecimento comercial do Centro \u00e9 homenageado com mo\u00e7\u00e3o de aplausos","author":{"@id":"https:\/\/www.encontrapiracicaba.com.br\/sobre\/author\/epiracicaba\/#author"},"publisher":{"@id":"https:\/\/www.encontrapiracicaba.com.br\/sobre\/#organization"},"image":{"@type":"ImageObject","url":"https:\/\/www.encontrapiracicaba.com.br\/sobre\/wp-content\/uploads\/estabelecimento-comercial-do-centro-e-homenageado-com-mocao-de-aplausos.webp","width":280,"height":280,"caption":"Casa Beccari"},"datePublished":"2026-07-05T03:57:13-03:00","dateModified":"2026-07-05T03:57:13-03:00","inLanguage":"pt-BR","mainEntityOfPage":{"@id":"https:\/\/www.encontrapiracicaba.com.br\/sobre\/estabelecimento-comercial-do-centro-e-homenageado-com-mocao-de-aplausos\/#webpage"},"isPartOf":{"@id":"https:\/\/www.encontrapiracicaba.com.br\/sobre\/estabelecimento-comercial-do-centro-e-homenageado-com-mocao-de-aplausos\/#webpage"},"articleSection":"Not\u00edcias Piracicaba"},{"@type":"BreadcrumbList","@id":"https:\/\/www.encontrapiracicaba.com.br\/sobre\/estabelecimento-comercial-do-centro-e-homenageado-com-mocao-de-aplausos\/#breadcrumblist","itemListElement":[{"@type":"ListItem","@id":"https:\/\/www.encontrapiracicaba.com.br\/sobre#listItem","position":1,"name":"In\u00edcio","item":"https:\/\/www.encontrapiracicaba.com.br\/sobre","nextItem":{"@type":"ListItem","@id":"https:\/\/www.encontrapiracicaba.com.br\/sobre\/noticias-em-piracicaba\/#listItem","name":"Not\u00edcias Piracicaba"}},{"@type":"ListItem","@id":"https:\/\/www.encontrapiracicaba.com.br\/sobre\/noticias-em-piracicaba\/#listItem","position":2,"name":"Not\u00edcias Piracicaba","item":"https:\/\/www.encontrapiracicaba.com.br\/sobre\/noticias-em-piracicaba\/","nextItem":{"@type":"ListItem","@id":"https:\/\/www.encontrapiracicaba.com.br\/sobre\/estabelecimento-comercial-do-centro-e-homenageado-com-mocao-de-aplausos\/#listItem","name":"Estabelecimento comercial do Centro \u00e9 homenageado com mo\u00e7\u00e3o de aplausos"},"previousItem":{"@type":"ListItem","@id":"https:\/\/www.encontrapiracicaba.com.br\/sobre#listItem","name":"In\u00edcio"}},{"@type":"ListItem","@id":"https:\/\/www.encontrapiracicaba.com.br\/sobre\/estabelecimento-comercial-do-centro-e-homenageado-com-mocao-de-aplausos\/#listItem","position":3,"name":"Estabelecimento comercial do Centro \u00e9 homenageado com mo\u00e7\u00e3o de aplausos","previousItem":{"@type":"ListItem","@id":"https:\/\/www.encontrapiracicaba.com.br\/sobre\/noticias-em-piracicaba\/#listItem","name":"Not\u00edcias Piracicaba"}}]},{"@type":"Organization","@id":"https:\/\/www.encontrapiracicaba.com.br\/sobre\/#organization","name":"Encontra Piracicaba","description":"Not\u00edcias, eventos, informa\u00e7\u00f5es e dicas na cidade de Piracicaba e regi\u00e3o","url":"https:\/\/www.encontrapiracicaba.com.br\/sobre\/"},{"@type":"Person","@id":"https:\/\/www.encontrapiracicaba.com.br\/sobre\/author\/epiracicaba\/#author","url":"https:\/\/www.encontrapiracicaba.com.br\/sobre\/author\/epiracicaba\/","name":"Encontra Piracicaba","image":{"@type":"ImageObject","@id":"https:\/\/www.encontrapiracicaba.com.br\/sobre\/estabelecimento-comercial-do-centro-e-homenageado-com-mocao-de-aplausos\/#authorImage","url":"https:\/\/secure.gravatar.com\/avatar\/507340682b8270222e1f208e23198b6ae7e2c6a1033ae84e99bc6bce4f82a387?s=96&d=mm&r=g","width":96,"height":96,"caption":"Encontra Piracicaba"}},{"@type":"WebPage","@id":"https:\/\/www.encontrapiracicaba.com.br\/sobre\/estabelecimento-comercial-do-centro-e-homenageado-com-mocao-de-aplausos\/#webpage","url":"https:\/\/www.encontrapiracicaba.com.br\/sobre\/estabelecimento-comercial-do-centro-e-homenageado-com-mocao-de-aplausos\/","name":"Estabelecimento comercial do Centro \u00e9 homenageado com mo\u00e7\u00e3o de aplausos | Encontra Piracicaba","inLanguage":"pt-BR","isPartOf":{"@id":"https:\/\/www.encontrapiracicaba.com.br\/sobre\/#website"},"breadcrumb":{"@id":"https:\/\/www.encontrapiracicaba.com.br\/sobre\/estabelecimento-comercial-do-centro-e-homenageado-com-mocao-de-aplausos\/#breadcrumblist"},"author":{"@id":"https:\/\/www.encontrapiracicaba.com.br\/sobre\/author\/epiracicaba\/#author"},"creator":{"@id":"https:\/\/www.encontrapiracicaba.com.br\/sobre\/author\/epiracicaba\/#author"},"image":{"@type":"ImageObject","url":"https:\/\/www.encontrapiracicaba.com.br\/sobre\/wp-content\/uploads\/estabelecimento-comercial-do-centro-e-homenageado-com-mocao-de-aplausos.webp","@id":"https:\/\/www.encontrapiracicaba.com.br\/sobre\/estabelecimento-comercial-do-centro-e-homenageado-com-mocao-de-aplausos\/#mainImage","width":280,"height":280,"caption":"Casa Beccari"},"primaryImageOfPage":{"@id":"https:\/\/www.encontrapiracicaba.com.br\/sobre\/estabelecimento-comercial-do-centro-e-homenageado-com-mocao-de-aplausos\/#mainImage"},"datePublished":"2026-07-05T03:57:13-03:00","dateModified":"2026-07-05T03:57:13-03:00"},{"@type":"WebSite","@id":"https:\/\/www.encontrapiracicaba.com.br\/sobre\/#website","url":"https:\/\/www.encontrapiracicaba.com.br\/sobre\/","name":"Encontra Piracicaba","description":"Not\u00edcias, eventos, informa\u00e7\u00f5es e dicas na cidade de Piracicaba e regi\u00e3o","inLanguage":"pt-BR","publisher":{"@id":"https:\/\/www.encontrapiracicaba.com.br\/sobre\/#organization"}}]},"og:locale":"pt_BR","og:site_name":"Encontra Piracicaba | Not\u00edcias, eventos, informa\u00e7\u00f5es e dicas na cidade de Piracicaba e regi\u00e3o","og:type":"article","og:title":"Estabelecimento comercial do Centro \u00e9 homenageado com mo\u00e7\u00e3o de aplausos | Encontra Piracicaba","og:url":"https:\/\/www.encontrapiracicaba.com.br\/sobre\/estabelecimento-comercial-do-centro-e-homenageado-com-mocao-de-aplausos\/","article:published_time":"2026-07-05T06:57:13+00:00","article:modified_time":"2026-07-05T06:57:13+00:00","twitter:card":"summary","twitter:title":"Estabelecimento comercial do Centro \u00e9 homenageado com mo\u00e7\u00e3o de aplausos | Encontra Piracicaba"},"aioseo_meta_data":{"post_id":"4776","title":null,"description":null,"keywords":null,"keyphrases":null,"primary_term":null,"canonical_url":null,"og_title":null,"og_description":null,"og_object_type":"default","og_image_type":"default","og_image_url":null,"og_image_width":null,"og_image_height":null,"og_image_custom_url":null,"og_image_custom_fields":null,"og_video":null,"og_custom_url":null,"og_article_section":null,"og_article_tags":null,"twitter_use_og":false,"twitter_card":"default","twitter_image_type":"default","twitter_image_url":null,"twitter_image_custom_url":null,"twitter_image_custom_fields":null,"twitter_title":null,"twitter_description":null,"schema":{"blockGraphs":[],"customGraphs":[],"default":{"data":{"Article":[],"Course":[],"Dataset":[],"FAQPage":[],"Movie":[],"Person":[],"Product":[],"ProductReview":[],"Car":[],"Recipe":[],"Service":[],"SoftwareApplication":[],"WebPage":[]},"graphName":"Article","isEnabled":true},"graphs":[]},"schema_type":"default","schema_type_options":null,"pillar_content":false,"robots_default":true,"robots_noindex":false,"robots_noarchive":false,"robots_nosnippet":false,"robots_nofollow":false,"robots_noimageindex":false,"robots_noodp":false,"robots_notranslate":false,"robots_max_snippet":null,"robots_max_videopreview":null,"robots_max_imagepreview":"large","priority":null,"frequency":null,"local_seo":null,"breadcrumb_settings":null,"limit_modified_date":false,"ai":null,"created":"2026-07-05 06:57:18","updated":"2026-07-05 06:59:22","focus_keyword":null,"additional_keywords":null,"truseo_locale":null,"seo_analyzer_scan_date":null},"aioseo_breadcrumb":"<div class=\"aioseo-breadcrumbs\"><span class=\"aioseo-breadcrumb\">\n\t\t\t<a href=\"https:\/\/www.encontrapiracicaba.com.br\/sobre\" title=\"In\u00edcio\">In\u00edcio<\/a>\n\t\t<\/span><span class=\"aioseo-breadcrumb-separator\">&raquo;<\/span><span class=\"aioseo-breadcrumb\">\n\t\t\t<a href=\"https:\/\/www.encontrapiracicaba.com.br\/sobre\/noticias-em-piracicaba\/\" title=\"Not\u00edcias Piracicaba\">Not\u00edcias Piracicaba<\/a>\n\t\t<\/span><span class=\"aioseo-breadcrumb-separator\">&raquo;<\/span><span class=\"aioseo-breadcrumb\">\n\t\t\tEstabelecimento comercial do Centro \u00e9 homenageado com mo\u00e7\u00e3o de aplausos\n\t\t<\/span><\/div>","aioseo_breadcrumb_json":[{"label":"In\u00edcio","link":"https:\/\/www.encontrapiracicaba.com.br\/sobre"},{"label":"Not\u00edcias Piracicaba","link":"https:\/\/www.encontrapiracicaba.com.br\/sobre\/noticias-em-piracicaba\/"},{"label":"Estabelecimento comercial do Centro \u00e9 homenageado com mo\u00e7\u00e3o de aplausos","link":"https:\/\/www.encontrapiracicaba.com.br\/sobre\/estabelecimento-comercial-do-centro-e-homenageado-com-mocao-de-aplausos\/"}],"_links":{"self":[{"href":"https:\/\/www.encontrapiracicaba.com.br\/sobre\/wp-json\/wp\/v2\/posts\/4776","targetHints":{"allow":["GET"]}}],"collection":[{"href":"https:\/\/www.encontrapiracicaba.com.br\/sobre\/wp-json\/wp\/v2\/posts"}],"about":[{"href":"https:\/\/www.encontrapiracicaba.com.br\/sobre\/wp-json\/wp\/v2\/types\/post"}],"author":[{"embeddable":true,"href":"https:\/\/www.encontrapiracicaba.com.br\/sobre\/wp-json\/wp\/v2\/users\/1"}],"replies":[{"embeddable":true,"href":"https:\/\/www.encontrapiracicaba.com.br\/sobre\/wp-json\/wp\/v2\/comments?post=4776"}],"version-history":[{"count":0,"href":"https:\/\/www.encontrapiracicaba.com.br\/sobre\/wp-json\/wp\/v2\/posts\/4776\/revisions"}],"wp:featuredmedia":[{"embeddable":true,"href":"https:\/\/www.encontrapiracicaba.com.br\/sobre\/wp-json\/wp\/v2\/media\/4775"}],"wp:attachment":[{"href":"https:\/\/www.encontrapiracicaba.com.br\/sobre\/wp-json\/wp\/v2\/media?parent=4776"}],"wp:term":[{"taxonomy":"category","embeddable":true,"href":"https:\/\/www.encontrapiracicaba.com.br\/sobre\/wp-json\/wp\/v2\/categories?post=4776"},{"taxonomy":"post_tag","embeddable":true,"href":"https:\/\/www.encontrapiracicaba.com.br\/sobre\/wp-json\/wp\/v2\/tags?post=4776"}],"curies":[{"name":"wp","href":"https:\/\/api.w.org\/{rel}","templated":true}]}}