{"id":4778,"date":"2026-07-05T21:29:28","date_gmt":"2026-07-06T00:29:28","guid":{"rendered":"https:\/\/www.encontrapiracicaba.com.br\/sobre\/vereador-anuncia-frente-para-receber-denuncias-e-reclamacoes-sobre-o-iptu\/"},"modified":"2026-07-05T21:29:28","modified_gmt":"2026-07-06T00:29:28","slug":"vereador-anuncia-frente-para-receber-denuncias-e-reclamacoes-sobre-o-iptu","status":"publish","type":"post","link":"https:\/\/www.encontrapiracicaba.com.br\/sobre\/vereador-anuncia-frente-para-receber-denuncias-e-reclamacoes-sobre-o-iptu\/","title":{"rendered":"Vereador anuncia Frente para receber den\u00fancias e reclama\u00e7\u00f5es sobre o IPTU"},"content":{"rendered":"<div class=\"85df007ed5c0c4d4b453fd13a37855e8\" data-index=\"1\" style=\"float: none; margin:0px;\">\n<!-- Anuncio display - global -->\r\n<ins class=\"adsbygoogle\"\r\n     style=\"display:block\"\r\n     data-ad-client=\"ca-pub-8585364105181520\"\r\n     data-ad-slot=\"8789329856\"\r\n     data-ad-format=\"auto\"\r\n     data-full-width-responsive=\"true\"><\/ins>\r\n<script>\r\n     (adsbygoogle = window.adsbygoogle || []).push({});\r\n<\/script>\n<\/div>\n<h2>O que \u00e9 a Frente Popular?<\/h2>\n<p>A Frente Popular surge como uma iniciativa do vereador Andr\u00e9 Bandeira visando receber den\u00fancias e reclama\u00e7\u00f5es relacionadas ao IPTU, o Imposto Predial e Territorial Urbano. Essa a\u00e7\u00e3o foi aprovada durante a 32\u00aa Reuni\u00e3o Ordin\u00e1ria de 2025, evidenciando a import\u00e2ncia de unificar as vozes da popula\u00e7\u00e3o em torno das preocupa\u00e7\u00f5es referentes \u00e0 tributa\u00e7\u00e3o municipal.<\/p>\n<h2>Como Funciona a Frente de Den\u00fancias<\/h2>\n<p>A frente atua como um canal direto entre o cidad\u00e3o e a C\u00e2mara Municipal. Os mun\u00edcipes t\u00eam a oportunidade de comunicar suas queixas sobre aumentos, irregularidades e outros problemas relacionados ao IPTU. O vereador se prop\u00f5e a compilar essas informa\u00e7\u00f5es para levar aos \u00f3rg\u00e3os respons\u00e1veis, buscando solu\u00e7\u00f5es e esclarecer as poss\u00edveis discrep\u00e2ncias entre as informa\u00e7\u00f5es oficiais e a realidade vivenciada pelos moradores.<\/p>\n<h2>Relatos de Aumento do IPTU<\/h2>\n<p>Andr\u00e9 Bandeira destacou que, apesar das alega\u00e7\u00f5es da Prefeitura sobre a redu\u00e7\u00e3o do IPTU para 60% dos contribuintes, muitos cidad\u00e3os relataram aumentos substanciais nas suas cobran\u00e7as. A incongru\u00eancia se torna evidente quando se considera que, ao inv\u00e9s de diminui\u00e7\u00f5es, muitas pessoas est\u00e3o enfrentando taxas mais elevadas, que incluem tamb\u00e9m a taxa de lixo e outras tarifas no carn\u00ea de pagamento.<\/p>\n<p><img decoding=\"async\" src=\"https:\/\/www.encontrapiracicaba.com.br\/sobre\/wp-content\/uploads\/vereador-anuncia-frente-para-receber-denuncias-e-reclamacoes-sobre-o-iptu.webp\" alt=\"Frente para receber den\u00fancias sobre o IPTU\" loading=\"lazy\" \/><\/p>\n<p>Durante o discurso na c\u00e2mara, o vereador enfatizou que tem recebido v\u00e1rias queixas, algumas delas vindas de empresas do setor de constru\u00e7\u00e3o e tribut\u00e1rio. Estes relatos destacam que h\u00e1 erros significativos nos lan\u00e7amentos e cobran\u00e7as do IPTU, prejudicando muitos cidad\u00e3os, especialmente aqueles que se enquadram nas classes de renda mais baixa.<\/p>\n<h2>Canais de Comunica\u00e7\u00e3o com o Vereador<\/h2>\n<p>Os mun\u00edcipes interessados em relatar suas queixas podem entrar em contato atrav\u00e9s de diversos canais dispon\u00edveis:<\/p>\n<ul>\n<li><strong>WhatsApp:<\/strong> (19) 99925-2213<\/li>\n<li><strong>M\u00eddias Sociais:<\/strong> Mensagens diretas no Instagram.<\/li>\n<li><strong>E-mail:<\/strong> disponibilizado no site oficial da C\u00e2mara Municipal e pelo e-mail sp\u00e9cifique de assessoria:<\/li>\n<li><strong>assessoriaandreabandeira@gmail.com<\/strong><\/li>\n<\/ul>\n<p>Esses canais foram criados para facilitar o acesso da popula\u00e7\u00e3o e garantir que todos possam expressar suas preocupa\u00e7\u00f5es de maneira \u00e1gil e eficaz.<\/p>\n<h2>Import\u00e2ncia de Denunciar Aumentos<\/h2>\n<p>\u00c9 fundamental que a popula\u00e7\u00e3o fa\u00e7a uso da frente de den\u00fancias para garantir que suas vozes sejam ouvidas. A comunica\u00e7\u00e3o das queixas permite que a C\u00e2mara Municipal compreenda a realidade dos cidad\u00e3os, possibilitando a\u00e7\u00f5es corretivas e uma fiscaliza\u00e7\u00e3o mais eficaz sobre a administra\u00e7\u00e3o municipal. Al\u00e9m disso, as den\u00fancias ajudam a identificar padr\u00f5es e \u00e1reas problem\u00e1ticas que podem estar afetando a comunidade.<\/p>\n<h2>Exemplos de Queixas Recebidas<\/h2>\n<p>Entre as queixas destacadas pelo vereador, est\u00e3o situa\u00e7\u00f5es em que terrenos pertencentes a fam\u00edlias de baixa renda passaram a ter aumentos repentinos e injustificados no valor do IPTU. Essas ocorr\u00eancias evidenciam a necessidade de revis\u00e3o nas taxas aplicadas e no m\u00e9todo de avalia\u00e7\u00e3o dos im\u00f3veis, garantindo justi\u00e7a na tributa\u00e7\u00e3o.<\/p>\n<h2>O Papel da C\u00e2mara Municipal<\/h2>\n<p>O papel da C\u00e2mara Municipal se torna crucial nesse processo, pois \u00e9 o organismo respons\u00e1vel por legislar e fiscalizar as a\u00e7\u00f5es da Prefeitura. Com a cria\u00e7\u00e3o da Frente para receber den\u00fancias de IPTU, a C\u00e2mara assume um compromisso com os cidad\u00e3os, promovendo transpar\u00eancia e buscando garantir um tratamento justo na arrecada\u00e7\u00e3o dos impostos.<\/p>\n<h2>Como Enviar suas Reclama\u00e7\u00f5es<\/h2>\n<p>Para que as reclama\u00e7\u00f5es sejam efetivas, os cidad\u00e3os devem fornecer informa\u00e7\u00f5es detalhadas ao fazer contato. Isso pode incluir:<\/p>\n<ul>\n<li><strong>Descri\u00e7\u00e3o clara do problema:<\/strong> O que exatamente est\u00e1 sendo contestado?<\/li>\n<li><strong>Documenta\u00e7\u00e3o de suporte:<\/strong> Qualquer documento que comprove o aumento indevido ou a irregularidade.<\/li>\n<li><strong> Dados de contato do reclamante:<\/strong> Para que a C\u00e2mara possa retornar com informa\u00e7\u00f5es e solu\u00e7\u00f5es.<\/li>\n<\/ul>\n<h2>Expectativas da Popula\u00e7\u00e3o<\/h2>\n<p>Os cidad\u00e3os esperam respostas r\u00e1pidas e a\u00e7\u00f5es que minimizem o impacto das cobran\u00e7as excessivas. A Frente Popular representa um novo canal que promete atender estas demandas, principalmente para as comunidades mais vulner\u00e1veis que n\u00e3o conseguem se defender sozinhas.<\/p>\n<h2>Pr\u00f3ximos Passos da Frente de Den\u00fancias<\/h2>\n<p>O vereador Andr\u00e9 Bandeira refor\u00e7ou a import\u00e2ncia de realizar avalia\u00e7\u00f5es minuciosas das reclama\u00e7\u00f5es recebidas. Com essas informa\u00e7\u00f5es, a expectativa \u00e9 que uma apresenta\u00e7\u00e3o formal seja feita \u00e0 Prefeitura Municipal, buscando esclarecimentos e poss\u00edveis exig\u00eancias para ajustes nas cobran\u00e7as do IPTU. Assim, a Frente Popular trabalha n\u00e3o apenas para corrigir injusti\u00e7as, mas para estabelecer um di\u00e1logo cont\u00ednuo entre o poder p\u00fablico e a popula\u00e7\u00e3o.<\/p>\n\n<div style=\"font-size: 0px; height: 0px; line-height: 0px; margin: 0; padding: 0; clear: both;\"><\/div>","protected":false},"excerpt":{"rendered":"<p>Frente Popular e como enviar den\u00fancias sobre o IPTU de sua cidade.<\/p>\n","protected":false},"author":1,"featured_media":4777,"comment_status":"closed","ping_status":"closed","sticky":false,"template":"","format":"standard","meta":{"footnotes":""},"categories":[6],"tags":[],"class_list":["post-4778","post","type-post","status-publish","format-standard","has-post-thumbnail","hentry","category-noticias-em-piracicaba","has_thumb"],"aioseo_notices":[],"aioseo_head":"\n\t\t<!-- All in One SEO 5.0.0.1 - aioseo.com -->\n\t<meta name=\"robots\" content=\"max-image-preview:large\" \/>\n\t<meta name=\"author\" content=\"Encontra Piracicaba\"\/>\n\t<link rel=\"canonical\" href=\"https:\/\/www.encontrapiracicaba.com.br\/sobre\/vereador-anuncia-frente-para-receber-denuncias-e-reclamacoes-sobre-o-iptu\/\" \/>\n\t<meta name=\"generator\" content=\"All in One SEO (AIOSEO) 5.0.0.1\" \/>\n\t\t<meta property=\"og:locale\" content=\"pt_BR\" \/>\n\t\t<meta property=\"og:site_name\" content=\"Encontra Piracicaba | Not\u00edcias, eventos, informa\u00e7\u00f5es e dicas na cidade de Piracicaba e regi\u00e3o\" \/>\n\t\t<meta property=\"og:type\" content=\"article\" \/>\n\t\t<meta property=\"og:title\" content=\"Vereador anuncia Frente para receber den\u00fancias e reclama\u00e7\u00f5es sobre o IPTU | Encontra Piracicaba\" \/>\n\t\t<meta property=\"og:url\" content=\"https:\/\/www.encontrapiracicaba.com.br\/sobre\/vereador-anuncia-frente-para-receber-denuncias-e-reclamacoes-sobre-o-iptu\/\" \/>\n\t\t<meta property=\"article:published_time\" content=\"2026-07-06T00:29:28+00:00\" \/>\n\t\t<meta property=\"article:modified_time\" content=\"2026-07-06T00:29:28+00:00\" \/>\n\t\t<meta name=\"twitter:card\" content=\"summary\" \/>\n\t\t<meta name=\"twitter:title\" content=\"Vereador anuncia Frente para receber den\u00fancias e reclama\u00e7\u00f5es sobre o IPTU | Encontra Piracicaba\" \/>\n\t\t<script type=\"application\/ld+json\" class=\"aioseo-schema\">\n\t\t\t{\"@context\":\"https:\\\/\\\/schema.org\",\"@graph\":[{\"@type\":\"Article\",\"@id\":\"https:\\\/\\\/www.encontrapiracicaba.com.br\\\/sobre\\\/vereador-anuncia-frente-para-receber-denuncias-e-reclamacoes-sobre-o-iptu\\\/#article\",\"name\":\"Vereador anuncia Frente para receber den\\u00fancias e reclama\\u00e7\\u00f5es sobre o IPTU | Encontra Piracicaba\",\"headline\":\"Vereador anuncia Frente para receber den\\u00fancias e reclama\\u00e7\\u00f5es sobre o IPTU\",\"author\":{\"@id\":\"https:\\\/\\\/www.encontrapiracicaba.com.br\\\/sobre\\\/author\\\/epiracicaba\\\/#author\"},\"publisher\":{\"@id\":\"https:\\\/\\\/www.encontrapiracicaba.com.br\\\/sobre\\\/#organization\"},\"image\":{\"@type\":\"ImageObject\",\"url\":\"https:\\\/\\\/www.encontrapiracicaba.com.br\\\/sobre\\\/wp-content\\\/uploads\\\/vereador-anuncia-frente-para-receber-denuncias-e-reclamacoes-sobre-o-iptu.webp\",\"width\":280,\"height\":280,\"caption\":\"Frente para receber den\\u00fancias sobre o IPTU\"},\"datePublished\":\"2026-07-05T21:29:28-03:00\",\"dateModified\":\"2026-07-05T21:29:28-03:00\",\"inLanguage\":\"pt-BR\",\"mainEntityOfPage\":{\"@id\":\"https:\\\/\\\/www.encontrapiracicaba.com.br\\\/sobre\\\/vereador-anuncia-frente-para-receber-denuncias-e-reclamacoes-sobre-o-iptu\\\/#webpage\"},\"isPartOf\":{\"@id\":\"https:\\\/\\\/www.encontrapiracicaba.com.br\\\/sobre\\\/vereador-anuncia-frente-para-receber-denuncias-e-reclamacoes-sobre-o-iptu\\\/#webpage\"},\"articleSection\":\"Not\\u00edcias Piracicaba\"},{\"@type\":\"BreadcrumbList\",\"@id\":\"https:\\\/\\\/www.encontrapiracicaba.com.br\\\/sobre\\\/vereador-anuncia-frente-para-receber-denuncias-e-reclamacoes-sobre-o-iptu\\\/#breadcrumblist\",\"itemListElement\":[{\"@type\":\"ListItem\",\"@id\":\"https:\\\/\\\/www.encontrapiracicaba.com.br\\\/sobre#listItem\",\"position\":1,\"name\":\"In\\u00edcio\",\"item\":\"https:\\\/\\\/www.encontrapiracicaba.com.br\\\/sobre\",\"nextItem\":{\"@type\":\"ListItem\",\"@id\":\"https:\\\/\\\/www.encontrapiracicaba.com.br\\\/sobre\\\/noticias-em-piracicaba\\\/#listItem\",\"name\":\"Not\\u00edcias Piracicaba\"}},{\"@type\":\"ListItem\",\"@id\":\"https:\\\/\\\/www.encontrapiracicaba.com.br\\\/sobre\\\/noticias-em-piracicaba\\\/#listItem\",\"position\":2,\"name\":\"Not\\u00edcias Piracicaba\",\"item\":\"https:\\\/\\\/www.encontrapiracicaba.com.br\\\/sobre\\\/noticias-em-piracicaba\\\/\",\"nextItem\":{\"@type\":\"ListItem\",\"@id\":\"https:\\\/\\\/www.encontrapiracicaba.com.br\\\/sobre\\\/vereador-anuncia-frente-para-receber-denuncias-e-reclamacoes-sobre-o-iptu\\\/#listItem\",\"name\":\"Vereador anuncia Frente para receber den\\u00fancias e reclama\\u00e7\\u00f5es sobre o IPTU\"},\"previousItem\":{\"@type\":\"ListItem\",\"@id\":\"https:\\\/\\\/www.encontrapiracicaba.com.br\\\/sobre#listItem\",\"name\":\"In\\u00edcio\"}},{\"@type\":\"ListItem\",\"@id\":\"https:\\\/\\\/www.encontrapiracicaba.com.br\\\/sobre\\\/vereador-anuncia-frente-para-receber-denuncias-e-reclamacoes-sobre-o-iptu\\\/#listItem\",\"position\":3,\"name\":\"Vereador anuncia Frente para receber den\\u00fancias e reclama\\u00e7\\u00f5es sobre o IPTU\",\"previousItem\":{\"@type\":\"ListItem\",\"@id\":\"https:\\\/\\\/www.encontrapiracicaba.com.br\\\/sobre\\\/noticias-em-piracicaba\\\/#listItem\",\"name\":\"Not\\u00edcias Piracicaba\"}}]},{\"@type\":\"Organization\",\"@id\":\"https:\\\/\\\/www.encontrapiracicaba.com.br\\\/sobre\\\/#organization\",\"name\":\"Encontra Piracicaba\",\"description\":\"Not\\u00edcias, eventos, informa\\u00e7\\u00f5es e dicas na cidade de Piracicaba e regi\\u00e3o\",\"url\":\"https:\\\/\\\/www.encontrapiracicaba.com.br\\\/sobre\\\/\"},{\"@type\":\"Person\",\"@id\":\"https:\\\/\\\/www.encontrapiracicaba.com.br\\\/sobre\\\/author\\\/epiracicaba\\\/#author\",\"url\":\"https:\\\/\\\/www.encontrapiracicaba.com.br\\\/sobre\\\/author\\\/epiracicaba\\\/\",\"name\":\"Encontra Piracicaba\",\"image\":{\"@type\":\"ImageObject\",\"@id\":\"https:\\\/\\\/www.encontrapiracicaba.com.br\\\/sobre\\\/vereador-anuncia-frente-para-receber-denuncias-e-reclamacoes-sobre-o-iptu\\\/#authorImage\",\"url\":\"https:\\\/\\\/secure.gravatar.com\\\/avatar\\\/507340682b8270222e1f208e23198b6ae7e2c6a1033ae84e99bc6bce4f82a387?s=96&d=mm&r=g\",\"width\":96,\"height\":96,\"caption\":\"Encontra Piracicaba\"}},{\"@type\":\"WebPage\",\"@id\":\"https:\\\/\\\/www.encontrapiracicaba.com.br\\\/sobre\\\/vereador-anuncia-frente-para-receber-denuncias-e-reclamacoes-sobre-o-iptu\\\/#webpage\",\"url\":\"https:\\\/\\\/www.encontrapiracicaba.com.br\\\/sobre\\\/vereador-anuncia-frente-para-receber-denuncias-e-reclamacoes-sobre-o-iptu\\\/\",\"name\":\"Vereador anuncia Frente para receber den\\u00fancias e reclama\\u00e7\\u00f5es sobre o IPTU | Encontra Piracicaba\",\"inLanguage\":\"pt-BR\",\"isPartOf\":{\"@id\":\"https:\\\/\\\/www.encontrapiracicaba.com.br\\\/sobre\\\/#website\"},\"breadcrumb\":{\"@id\":\"https:\\\/\\\/www.encontrapiracicaba.com.br\\\/sobre\\\/vereador-anuncia-frente-para-receber-denuncias-e-reclamacoes-sobre-o-iptu\\\/#breadcrumblist\"},\"author\":{\"@id\":\"https:\\\/\\\/www.encontrapiracicaba.com.br\\\/sobre\\\/author\\\/epiracicaba\\\/#author\"},\"creator\":{\"@id\":\"https:\\\/\\\/www.encontrapiracicaba.com.br\\\/sobre\\\/author\\\/epiracicaba\\\/#author\"},\"image\":{\"@type\":\"ImageObject\",\"url\":\"https:\\\/\\\/www.encontrapiracicaba.com.br\\\/sobre\\\/wp-content\\\/uploads\\\/vereador-anuncia-frente-para-receber-denuncias-e-reclamacoes-sobre-o-iptu.webp\",\"@id\":\"https:\\\/\\\/www.encontrapiracicaba.com.br\\\/sobre\\\/vereador-anuncia-frente-para-receber-denuncias-e-reclamacoes-sobre-o-iptu\\\/#mainImage\",\"width\":280,\"height\":280,\"caption\":\"Frente para receber den\\u00fancias sobre o IPTU\"},\"primaryImageOfPage\":{\"@id\":\"https:\\\/\\\/www.encontrapiracicaba.com.br\\\/sobre\\\/vereador-anuncia-frente-para-receber-denuncias-e-reclamacoes-sobre-o-iptu\\\/#mainImage\"},\"datePublished\":\"2026-07-05T21:29:28-03:00\",\"dateModified\":\"2026-07-05T21:29:28-03:00\"},{\"@type\":\"WebSite\",\"@id\":\"https:\\\/\\\/www.encontrapiracicaba.com.br\\\/sobre\\\/#website\",\"url\":\"https:\\\/\\\/www.encontrapiracicaba.com.br\\\/sobre\\\/\",\"name\":\"Encontra Piracicaba\",\"description\":\"Not\\u00edcias, eventos, informa\\u00e7\\u00f5es e dicas na cidade de Piracicaba e regi\\u00e3o\",\"inLanguage\":\"pt-BR\",\"publisher\":{\"@id\":\"https:\\\/\\\/www.encontrapiracicaba.com.br\\\/sobre\\\/#organization\"}}]}\n\t\t<\/script>\n\t\t<!-- All in One SEO -->\n\n","aioseo_head_json":{"title":"Vereador anuncia Frente para receber den\u00fancias e reclama\u00e7\u00f5es sobre o IPTU | Encontra Piracicaba","description":"","canonical_url":"https:\/\/www.encontrapiracicaba.com.br\/sobre\/vereador-anuncia-frente-para-receber-denuncias-e-reclamacoes-sobre-o-iptu\/","robots":"max-image-preview:large","keywords":"","webmasterTools":{"miscellaneous":""},"schema":{"@context":"https:\/\/schema.org","@graph":[{"@type":"Article","@id":"https:\/\/www.encontrapiracicaba.com.br\/sobre\/vereador-anuncia-frente-para-receber-denuncias-e-reclamacoes-sobre-o-iptu\/#article","name":"Vereador anuncia Frente para receber den\u00fancias e reclama\u00e7\u00f5es sobre o IPTU | Encontra Piracicaba","headline":"Vereador anuncia Frente para receber den\u00fancias e reclama\u00e7\u00f5es sobre o IPTU","author":{"@id":"https:\/\/www.encontrapiracicaba.com.br\/sobre\/author\/epiracicaba\/#author"},"publisher":{"@id":"https:\/\/www.encontrapiracicaba.com.br\/sobre\/#organization"},"image":{"@type":"ImageObject","url":"https:\/\/www.encontrapiracicaba.com.br\/sobre\/wp-content\/uploads\/vereador-anuncia-frente-para-receber-denuncias-e-reclamacoes-sobre-o-iptu.webp","width":280,"height":280,"caption":"Frente para receber den\u00fancias sobre o IPTU"},"datePublished":"2026-07-05T21:29:28-03:00","dateModified":"2026-07-05T21:29:28-03:00","inLanguage":"pt-BR","mainEntityOfPage":{"@id":"https:\/\/www.encontrapiracicaba.com.br\/sobre\/vereador-anuncia-frente-para-receber-denuncias-e-reclamacoes-sobre-o-iptu\/#webpage"},"isPartOf":{"@id":"https:\/\/www.encontrapiracicaba.com.br\/sobre\/vereador-anuncia-frente-para-receber-denuncias-e-reclamacoes-sobre-o-iptu\/#webpage"},"articleSection":"Not\u00edcias Piracicaba"},{"@type":"BreadcrumbList","@id":"https:\/\/www.encontrapiracicaba.com.br\/sobre\/vereador-anuncia-frente-para-receber-denuncias-e-reclamacoes-sobre-o-iptu\/#breadcrumblist","itemListElement":[{"@type":"ListItem","@id":"https:\/\/www.encontrapiracicaba.com.br\/sobre#listItem","position":1,"name":"In\u00edcio","item":"https:\/\/www.encontrapiracicaba.com.br\/sobre","nextItem":{"@type":"ListItem","@id":"https:\/\/www.encontrapiracicaba.com.br\/sobre\/noticias-em-piracicaba\/#listItem","name":"Not\u00edcias Piracicaba"}},{"@type":"ListItem","@id":"https:\/\/www.encontrapiracicaba.com.br\/sobre\/noticias-em-piracicaba\/#listItem","position":2,"name":"Not\u00edcias Piracicaba","item":"https:\/\/www.encontrapiracicaba.com.br\/sobre\/noticias-em-piracicaba\/","nextItem":{"@type":"ListItem","@id":"https:\/\/www.encontrapiracicaba.com.br\/sobre\/vereador-anuncia-frente-para-receber-denuncias-e-reclamacoes-sobre-o-iptu\/#listItem","name":"Vereador anuncia Frente para receber den\u00fancias e reclama\u00e7\u00f5es sobre o IPTU"},"previousItem":{"@type":"ListItem","@id":"https:\/\/www.encontrapiracicaba.com.br\/sobre#listItem","name":"In\u00edcio"}},{"@type":"ListItem","@id":"https:\/\/www.encontrapiracicaba.com.br\/sobre\/vereador-anuncia-frente-para-receber-denuncias-e-reclamacoes-sobre-o-iptu\/#listItem","position":3,"name":"Vereador anuncia Frente para receber den\u00fancias e reclama\u00e7\u00f5es sobre o IPTU","previousItem":{"@type":"ListItem","@id":"https:\/\/www.encontrapiracicaba.com.br\/sobre\/noticias-em-piracicaba\/#listItem","name":"Not\u00edcias Piracicaba"}}]},{"@type":"Organization","@id":"https:\/\/www.encontrapiracicaba.com.br\/sobre\/#organization","name":"Encontra Piracicaba","description":"Not\u00edcias, eventos, informa\u00e7\u00f5es e dicas na cidade de Piracicaba e regi\u00e3o","url":"https:\/\/www.encontrapiracicaba.com.br\/sobre\/"},{"@type":"Person","@id":"https:\/\/www.encontrapiracicaba.com.br\/sobre\/author\/epiracicaba\/#author","url":"https:\/\/www.encontrapiracicaba.com.br\/sobre\/author\/epiracicaba\/","name":"Encontra Piracicaba","image":{"@type":"ImageObject","@id":"https:\/\/www.encontrapiracicaba.com.br\/sobre\/vereador-anuncia-frente-para-receber-denuncias-e-reclamacoes-sobre-o-iptu\/#authorImage","url":"https:\/\/secure.gravatar.com\/avatar\/507340682b8270222e1f208e23198b6ae7e2c6a1033ae84e99bc6bce4f82a387?s=96&d=mm&r=g","width":96,"height":96,"caption":"Encontra Piracicaba"}},{"@type":"WebPage","@id":"https:\/\/www.encontrapiracicaba.com.br\/sobre\/vereador-anuncia-frente-para-receber-denuncias-e-reclamacoes-sobre-o-iptu\/#webpage","url":"https:\/\/www.encontrapiracicaba.com.br\/sobre\/vereador-anuncia-frente-para-receber-denuncias-e-reclamacoes-sobre-o-iptu\/","name":"Vereador anuncia Frente para receber den\u00fancias e reclama\u00e7\u00f5es sobre o IPTU | Encontra Piracicaba","inLanguage":"pt-BR","isPartOf":{"@id":"https:\/\/www.encontrapiracicaba.com.br\/sobre\/#website"},"breadcrumb":{"@id":"https:\/\/www.encontrapiracicaba.com.br\/sobre\/vereador-anuncia-frente-para-receber-denuncias-e-reclamacoes-sobre-o-iptu\/#breadcrumblist"},"author":{"@id":"https:\/\/www.encontrapiracicaba.com.br\/sobre\/author\/epiracicaba\/#author"},"creator":{"@id":"https:\/\/www.encontrapiracicaba.com.br\/sobre\/author\/epiracicaba\/#author"},"image":{"@type":"ImageObject","url":"https:\/\/www.encontrapiracicaba.com.br\/sobre\/wp-content\/uploads\/vereador-anuncia-frente-para-receber-denuncias-e-reclamacoes-sobre-o-iptu.webp","@id":"https:\/\/www.encontrapiracicaba.com.br\/sobre\/vereador-anuncia-frente-para-receber-denuncias-e-reclamacoes-sobre-o-iptu\/#mainImage","width":280,"height":280,"caption":"Frente para receber den\u00fancias sobre o IPTU"},"primaryImageOfPage":{"@id":"https:\/\/www.encontrapiracicaba.com.br\/sobre\/vereador-anuncia-frente-para-receber-denuncias-e-reclamacoes-sobre-o-iptu\/#mainImage"},"datePublished":"2026-07-05T21:29:28-03:00","dateModified":"2026-07-05T21:29:28-03:00"},{"@type":"WebSite","@id":"https:\/\/www.encontrapiracicaba.com.br\/sobre\/#website","url":"https:\/\/www.encontrapiracicaba.com.br\/sobre\/","name":"Encontra Piracicaba","description":"Not\u00edcias, eventos, informa\u00e7\u00f5es e dicas na cidade de Piracicaba e regi\u00e3o","inLanguage":"pt-BR","publisher":{"@id":"https:\/\/www.encontrapiracicaba.com.br\/sobre\/#organization"}}]},"og:locale":"pt_BR","og:site_name":"Encontra Piracicaba | Not\u00edcias, eventos, informa\u00e7\u00f5es e dicas na cidade de Piracicaba e regi\u00e3o","og:type":"article","og:title":"Vereador anuncia Frente para receber den\u00fancias e reclama\u00e7\u00f5es sobre o IPTU | Encontra Piracicaba","og:url":"https:\/\/www.encontrapiracicaba.com.br\/sobre\/vereador-anuncia-frente-para-receber-denuncias-e-reclamacoes-sobre-o-iptu\/","article:published_time":"2026-07-06T00:29:28+00:00","article:modified_time":"2026-07-06T00:29:28+00:00","twitter:card":"summary","twitter:title":"Vereador anuncia Frente para receber den\u00fancias e reclama\u00e7\u00f5es sobre o IPTU | Encontra Piracicaba"},"aioseo_meta_data":{"post_id":"4778","title":null,"description":null,"keywords":null,"keyphrases":null,"primary_term":null,"canonical_url":null,"og_title":null,"og_description":null,"og_object_type":"default","og_image_type":"default","og_image_url":null,"og_image_width":null,"og_image_height":null,"og_image_custom_url":null,"og_image_custom_fields":null,"og_video":null,"og_custom_url":null,"og_article_section":null,"og_article_tags":null,"twitter_use_og":false,"twitter_card":"default","twitter_image_type":"default","twitter_image_url":null,"twitter_image_custom_url":null,"twitter_image_custom_fields":null,"twitter_title":null,"twitter_description":null,"schema":{"blockGraphs":[],"customGraphs":[],"default":{"data":{"Article":[],"Course":[],"Dataset":[],"FAQPage":[],"Movie":[],"Person":[],"Product":[],"ProductReview":[],"Car":[],"Recipe":[],"Service":[],"SoftwareApplication":[],"WebPage":[]},"graphName":"Article","isEnabled":true},"graphs":[]},"schema_type":"default","schema_type_options":null,"pillar_content":false,"robots_default":true,"robots_noindex":false,"robots_noarchive":false,"robots_nosnippet":false,"robots_nofollow":false,"robots_noimageindex":false,"robots_noodp":false,"robots_notranslate":false,"robots_max_snippet":null,"robots_max_videopreview":null,"robots_max_imagepreview":"large","priority":null,"frequency":null,"local_seo":null,"breadcrumb_settings":null,"limit_modified_date":false,"ai":null,"created":"2026-07-06 00:29:34","updated":"2026-07-06 00:32:13","focus_keyword":null,"additional_keywords":null,"truseo_locale":null,"seo_analyzer_scan_date":null},"aioseo_breadcrumb":"<div class=\"aioseo-breadcrumbs\"><span class=\"aioseo-breadcrumb\">\n\t\t\t<a href=\"https:\/\/www.encontrapiracicaba.com.br\/sobre\" title=\"In\u00edcio\">In\u00edcio<\/a>\n\t\t<\/span><span class=\"aioseo-breadcrumb-separator\">&raquo;<\/span><span class=\"aioseo-breadcrumb\">\n\t\t\t<a href=\"https:\/\/www.encontrapiracicaba.com.br\/sobre\/noticias-em-piracicaba\/\" title=\"Not\u00edcias Piracicaba\">Not\u00edcias Piracicaba<\/a>\n\t\t<\/span><span class=\"aioseo-breadcrumb-separator\">&raquo;<\/span><span class=\"aioseo-breadcrumb\">\n\t\t\tVereador anuncia Frente para receber den\u00fancias e reclama\u00e7\u00f5es sobre o IPTU\n\t\t<\/span><\/div>","aioseo_breadcrumb_json":[{"label":"In\u00edcio","link":"https:\/\/www.encontrapiracicaba.com.br\/sobre"},{"label":"Not\u00edcias Piracicaba","link":"https:\/\/www.encontrapiracicaba.com.br\/sobre\/noticias-em-piracicaba\/"},{"label":"Vereador anuncia Frente para receber den\u00fancias e reclama\u00e7\u00f5es sobre o IPTU","link":"https:\/\/www.encontrapiracicaba.com.br\/sobre\/vereador-anuncia-frente-para-receber-denuncias-e-reclamacoes-sobre-o-iptu\/"}],"_links":{"self":[{"href":"https:\/\/www.encontrapiracicaba.com.br\/sobre\/wp-json\/wp\/v2\/posts\/4778","targetHints":{"allow":["GET"]}}],"collection":[{"href":"https:\/\/www.encontrapiracicaba.com.br\/sobre\/wp-json\/wp\/v2\/posts"}],"about":[{"href":"https:\/\/www.encontrapiracicaba.com.br\/sobre\/wp-json\/wp\/v2\/types\/post"}],"author":[{"embeddable":true,"href":"https:\/\/www.encontrapiracicaba.com.br\/sobre\/wp-json\/wp\/v2\/users\/1"}],"replies":[{"embeddable":true,"href":"https:\/\/www.encontrapiracicaba.com.br\/sobre\/wp-json\/wp\/v2\/comments?post=4778"}],"version-history":[{"count":0,"href":"https:\/\/www.encontrapiracicaba.com.br\/sobre\/wp-json\/wp\/v2\/posts\/4778\/revisions"}],"wp:featuredmedia":[{"embeddable":true,"href":"https:\/\/www.encontrapiracicaba.com.br\/sobre\/wp-json\/wp\/v2\/media\/4777"}],"wp:attachment":[{"href":"https:\/\/www.encontrapiracicaba.com.br\/sobre\/wp-json\/wp\/v2\/media?parent=4778"}],"wp:term":[{"taxonomy":"category","embeddable":true,"href":"https:\/\/www.encontrapiracicaba.com.br\/sobre\/wp-json\/wp\/v2\/categories?post=4778"},{"taxonomy":"post_tag","embeddable":true,"href":"https:\/\/www.encontrapiracicaba.com.br\/sobre\/wp-json\/wp\/v2\/tags?post=4778"}],"curies":[{"name":"wp","href":"https:\/\/api.w.org\/{rel}","templated":true}]}}