{"id":4804,"date":"2026-07-07T07:56:06","date_gmt":"2026-07-07T10:56:06","guid":{"rendered":"https:\/\/www.encontrapiracicaba.com.br\/sobre\/piracicaba-ganha-vitrine-internacional-com-o-lancamento-da-revista-citys-book\/"},"modified":"2026-07-07T07:56:06","modified_gmt":"2026-07-07T10:56:06","slug":"piracicaba-ganha-vitrine-internacional-com-o-lancamento-da-revista-citys-book","status":"publish","type":"post","link":"https:\/\/www.encontrapiracicaba.com.br\/sobre\/piracicaba-ganha-vitrine-internacional-com-o-lancamento-da-revista-citys-book\/","title":{"rendered":"Piracicaba ganha vitrine internacional com o lan\u00e7amento da revista City\u2019s Book"},"content":{"rendered":"<div class=\"85df007ed5c0c4d4b453fd13a37855e8\" data-index=\"1\" style=\"float: none; margin:0px;\">\n<!-- Anuncio display - global -->\r\n<ins class=\"adsbygoogle\"\r\n     style=\"display:block\"\r\n     data-ad-client=\"ca-pub-8585364105181520\"\r\n     data-ad-slot=\"8789329856\"\r\n     data-ad-format=\"auto\"\r\n     data-full-width-responsive=\"true\"><\/ins>\r\n<script>\r\n     (adsbygoogle = window.adsbygoogle || []).push({});\r\n<\/script>\n<\/div>\n<h2>O que \u00e9 a revista City\u2019s Book?<\/h2>\n<p>A revista City\u2019s Book \u00e9 uma publica\u00e7\u00e3o multil\u00edngue focada no marketing territorial, projetada para destacar e promover a cidade de Piracicaba. Esta publica\u00e7\u00e3o cont\u00e9m informa\u00e7\u00f5es em portugu\u00eas, ingl\u00eas e mandarim, bem como algumas informa\u00e7\u00f5es em coreano. Como um verdadeiro cart\u00e3o de visitas, a revista visa atrair a aten\u00e7\u00e3o de investidores e organiza\u00e7\u00f5es internacionais, apresentando os principais atributos e recursos da cidade.<\/p>\n<h2>Import\u00e2ncia do marketing territorial para a cidade<\/h2>\n<p>O marketing territorial \u00e9 um aspecto fundamental no desenvolvimento econ\u00f4mico de uma cidade. Ele permite a constru\u00e7\u00e3o de uma imagem positiva e atrativa, essencial para o crescimento e a inova\u00e7\u00e3o. No caso de Piracicaba, a revista City\u2019s Book \u00e9 uma ferramenta chave que enfatiza as qualidades da cidade, como sua infraestrutura log\u00edstica, for\u00e7a de trabalho qualificada e qualidade de vida. Ao posicionar Piracicaba de forma competitiva no cen\u00e1rio nacional e internacional, a revista ajuda a impulsionar sua economia e atrair investimentos.<\/p>\n<h2>Quem s\u00e3o os principais p\u00fablicos-alvo da publica\u00e7\u00e3o?<\/h2>\n<p>A City\u2019s Book tem como alvos principais uma variedade de p\u00fablicos, incluindo:<\/p>\n<p><img decoding=\"async\" src=\"https:\/\/www.encontrapiracicaba.com.br\/sobre\/wp-content\/uploads\/piracicaba-ganha-vitrine-internacional-com-o-lancamento-da-revista-city-s-book.webp\" alt=\"City\u2019s Book Piracicaba\" loading=\"lazy\" \/><\/p>\n<ul>\n<li><strong>Investidores:<\/strong> Empresas que buscam novas oportunidades, tanto nacionais quanto internacionais, s\u00e3o um foco principal.<\/li>\n<li><strong>Embaixadas e consulados:<\/strong> Representa\u00e7\u00f5es diplom\u00e1ticas que podem facilitar a entrada de empresas estrangeiras no mercado brasileiro.<\/li>\n<li><strong>C\u00e2maras de com\u00e9rcio:<\/strong> Organiza\u00e7\u00f5es que promovem o com\u00e9rcio e investimentos entre pa\u00edses.<\/li>\n<li><strong>Empresas em expans\u00e3o:<\/strong> Neg\u00f3cios que desejam ampliar suas opera\u00e7\u00f5es s\u00e3o um grupo importante de interesse.<\/li>\n<\/ul>\n<h2>A circula\u00e7\u00e3o multil\u00edngue da City\u2019s Book<\/h2>\n<p>Uma das caracter\u00edsticas mais not\u00e1veis da City\u2019s Book \u00e9 sua circula\u00e7\u00e3o multil\u00edngue. Dispon\u00edvel em diversos idiomas, a revista atinge uma audi\u00eancia global, permitindo que investidores de diferentes partes do mundo compreendam e reconhe\u00e7am as oportunidades em Piracicaba. Essa estrat\u00e9gia de comunica\u00e7\u00e3o eficaz \u00e9 crucial para estabelecer conex\u00f5es e parcerias internacionais.<\/p>\n<h2>Destaques da economia e inova\u00e7\u00e3o em Piracicaba<\/h2>\n<p>Piracicaba possui uma economia diversificada, com destaque para setores como:<\/p>\n<ul>\n<li><strong>Agroneg\u00f3cio:<\/strong> Fortalece a base econ\u00f4mica da regi\u00e3o, com inova\u00e7\u00f5es constantes em t\u00e9cnicas de cultivo e utiliza\u00e7\u00e3o de tecnologia.<\/li>\n<li><strong>Ind\u00fastria:<\/strong> Com um parque industrial robusto, a cidade abriga diversas empresas que se destacam em tecnologia e produ\u00e7\u00e3o.<\/li>\n<li><strong>Servi\u00e7os:<\/strong> A crescente demanda por servi\u00e7os e com\u00e9rcio interno contribui para a vitalidade econ\u00f4mica local.<\/li>\n<\/ul>\n<p>Al\u00e9m disso, o ecossistema de inova\u00e7\u00e3o, representado pelo PiN \u2013 Piracicaba Innovation, guarda potencial para o crescimento, promovendo colabora\u00e7\u00f5es entre governo, universidades e empresas.<\/p>\n<h2>O futuro de Piracicaba no cen\u00e1rio econ\u00f4mico<\/h2>\n<p>Com sua localiza\u00e7\u00e3o estrat\u00e9gica, Piracicaba est\u00e1 se posicionando como um polo econ\u00f4mico relevante. O acesso \u00e0 infraestrutura de transporte, como estradas e aeroportos, refor\u00e7a essa condi\u00e7\u00e3o. A cidade, que abriga um PIB per capita acima da m\u00e9dia estadual e indicadores que demonstram uma alta qualidade de vida, continua a ser um lugar atrativo para novas empresas e investimentos, mirando um futuro promissor no cen\u00e1rio econ\u00f4mico.<\/p>\n<h2>Como a revista promove a cidade<\/h2>\n<p>A City\u2019s Book n\u00e3o apenas informa, mas tamb\u00e9m inspira confian\u00e7a e atra\u00ed o interesse de potenciais investidores. Com uma apresenta\u00e7\u00e3o assertiva dos ativos de Piracicaba, a revista mostra n\u00e3o apenas o que a cidade tem a oferecer, mas tamb\u00e9m como ela se destaca em compara\u00e7\u00e3o a outras localidades. Este posicionamento \u00e9 vital para estabelecer uma narrativa que ressoe com as expectativas de quem busca investir ou se estabelecer na regi\u00e3o.<\/p>\n<h2>Eventos e lan\u00e7amentos: a estrat\u00e9gia por tr\u00e1s da City\u2019s Book<\/h2>\n<p>O lan\u00e7amento da City\u2019s Book em eventos significativos, como o Encontro de Lideran\u00e7as Regionais, \u00e9 uma estrat\u00e9gia eficaz para divulgar a publica\u00e7\u00e3o. Esses eventos re\u00fanem l\u00edderes do setor privado e pol\u00edtico, potencializando a mensagem de marketing territorial. Ao apresentar a revista em plataformas de prest\u00edgio, Piracicaba aumenta suas chances de despertar o interesse em novos investimentos e parcerias.<\/p>\n<h2>Depoimentos de l\u00edderes locais sobre a publica\u00e7\u00e3o<\/h2>\n<p>Durante o lan\u00e7amento, figuras proeminentes da cidade, incluindo a secret\u00e1ria de Desenvolvimento Econ\u00f4mico, Thais Fornicola, enfatizaram a import\u00e2ncia da revista. Thais ressaltou que a City\u2019s Book \u00e9 uma ferramenta poderosa para levar a mensagem de Piracicaba para al\u00e9m do territ\u00f3rio paulista, ajudando a consolidar a cidade como um dos melhores lugares para viver e investir no Brasil, destacando assim as oportunidades e a qualidade de vida locais.<\/p>\n<h2>Onde acessar a edi\u00e7\u00e3o digital da revista<\/h2>\n<p>Os interessados podem acessar a edi\u00e7\u00e3o digital da revista City\u2019s Book atrav\u00e9s do site oficial:<\/p>\n<p><a href=\"https:\/\/www.citysbook.com\/\">City\u2019s Book Digital<\/a><\/p>\n\n<div style=\"font-size: 0px; height: 0px; line-height: 0px; margin: 0; padding: 0; clear: both;\"><\/div>","protected":false},"excerpt":{"rendered":"<p>Piracicaba brilha na cena internacional com o lan\u00e7amento da City\u2019s Book.<\/p>\n","protected":false},"author":1,"featured_media":4803,"comment_status":"closed","ping_status":"closed","sticky":false,"template":"","format":"standard","meta":{"footnotes":""},"categories":[29],"tags":[],"class_list":["post-4804","post","type-post","status-publish","format-standard","has-post-thumbnail","hentry","category-cultura-em-piracicaba","has_thumb"],"aioseo_notices":[],"aioseo_head":"\n\t\t<!-- All in One SEO 5.0.0.1 - aioseo.com -->\n\t<meta name=\"robots\" content=\"max-image-preview:large\" \/>\n\t<meta name=\"author\" content=\"Encontra Piracicaba\"\/>\n\t<link rel=\"canonical\" href=\"https:\/\/www.encontrapiracicaba.com.br\/sobre\/piracicaba-ganha-vitrine-internacional-com-o-lancamento-da-revista-citys-book\/\" \/>\n\t<meta name=\"generator\" content=\"All in One SEO (AIOSEO) 5.0.0.1\" \/>\n\t\t<meta property=\"og:locale\" content=\"pt_BR\" \/>\n\t\t<meta property=\"og:site_name\" content=\"Encontra Piracicaba | Not\u00edcias, eventos, informa\u00e7\u00f5es e dicas na cidade de Piracicaba e regi\u00e3o\" \/>\n\t\t<meta property=\"og:type\" content=\"article\" \/>\n\t\t<meta property=\"og:title\" content=\"Piracicaba ganha vitrine internacional com o lan\u00e7amento da revista City\u2019s Book | Encontra Piracicaba\" \/>\n\t\t<meta property=\"og:url\" content=\"https:\/\/www.encontrapiracicaba.com.br\/sobre\/piracicaba-ganha-vitrine-internacional-com-o-lancamento-da-revista-citys-book\/\" \/>\n\t\t<meta property=\"article:published_time\" content=\"2026-07-07T10:56:06+00:00\" \/>\n\t\t<meta property=\"article:modified_time\" content=\"2026-07-07T10:56:06+00:00\" \/>\n\t\t<meta name=\"twitter:card\" content=\"summary\" \/>\n\t\t<meta name=\"twitter:title\" content=\"Piracicaba ganha vitrine internacional com o lan\u00e7amento da revista City\u2019s Book | Encontra Piracicaba\" \/>\n\t\t<script type=\"application\/ld+json\" class=\"aioseo-schema\">\n\t\t\t{\"@context\":\"https:\\\/\\\/schema.org\",\"@graph\":[{\"@type\":\"Article\",\"@id\":\"https:\\\/\\\/www.encontrapiracicaba.com.br\\\/sobre\\\/piracicaba-ganha-vitrine-internacional-com-o-lancamento-da-revista-citys-book\\\/#article\",\"name\":\"Piracicaba ganha vitrine internacional com o lan\\u00e7amento da revista City\\u2019s Book | Encontra Piracicaba\",\"headline\":\"Piracicaba ganha vitrine internacional com o lan\\u00e7amento da revista City\\u2019s Book\",\"author\":{\"@id\":\"https:\\\/\\\/www.encontrapiracicaba.com.br\\\/sobre\\\/author\\\/epiracicaba\\\/#author\"},\"publisher\":{\"@id\":\"https:\\\/\\\/www.encontrapiracicaba.com.br\\\/sobre\\\/#organization\"},\"image\":{\"@type\":\"ImageObject\",\"url\":\"https:\\\/\\\/www.encontrapiracicaba.com.br\\\/sobre\\\/wp-content\\\/uploads\\\/piracicaba-ganha-vitrine-internacional-com-o-lancamento-da-revista-city-s-book.webp\",\"width\":280,\"height\":280,\"caption\":\"City\\u2019s Book Piracicaba\"},\"datePublished\":\"2026-07-07T07:56:06-03:00\",\"dateModified\":\"2026-07-07T07:56:06-03:00\",\"inLanguage\":\"pt-BR\",\"mainEntityOfPage\":{\"@id\":\"https:\\\/\\\/www.encontrapiracicaba.com.br\\\/sobre\\\/piracicaba-ganha-vitrine-internacional-com-o-lancamento-da-revista-citys-book\\\/#webpage\"},\"isPartOf\":{\"@id\":\"https:\\\/\\\/www.encontrapiracicaba.com.br\\\/sobre\\\/piracicaba-ganha-vitrine-internacional-com-o-lancamento-da-revista-citys-book\\\/#webpage\"},\"articleSection\":\"Cultura Piracicaba\"},{\"@type\":\"BreadcrumbList\",\"@id\":\"https:\\\/\\\/www.encontrapiracicaba.com.br\\\/sobre\\\/piracicaba-ganha-vitrine-internacional-com-o-lancamento-da-revista-citys-book\\\/#breadcrumblist\",\"itemListElement\":[{\"@type\":\"ListItem\",\"@id\":\"https:\\\/\\\/www.encontrapiracicaba.com.br\\\/sobre#listItem\",\"position\":1,\"name\":\"In\\u00edcio\",\"item\":\"https:\\\/\\\/www.encontrapiracicaba.com.br\\\/sobre\",\"nextItem\":{\"@type\":\"ListItem\",\"@id\":\"https:\\\/\\\/www.encontrapiracicaba.com.br\\\/sobre\\\/cultura-em-piracicaba\\\/#listItem\",\"name\":\"Cultura Piracicaba\"}},{\"@type\":\"ListItem\",\"@id\":\"https:\\\/\\\/www.encontrapiracicaba.com.br\\\/sobre\\\/cultura-em-piracicaba\\\/#listItem\",\"position\":2,\"name\":\"Cultura Piracicaba\",\"item\":\"https:\\\/\\\/www.encontrapiracicaba.com.br\\\/sobre\\\/cultura-em-piracicaba\\\/\",\"nextItem\":{\"@type\":\"ListItem\",\"@id\":\"https:\\\/\\\/www.encontrapiracicaba.com.br\\\/sobre\\\/piracicaba-ganha-vitrine-internacional-com-o-lancamento-da-revista-citys-book\\\/#listItem\",\"name\":\"Piracicaba ganha vitrine internacional com o lan\\u00e7amento da revista City\\u2019s Book\"},\"previousItem\":{\"@type\":\"ListItem\",\"@id\":\"https:\\\/\\\/www.encontrapiracicaba.com.br\\\/sobre#listItem\",\"name\":\"In\\u00edcio\"}},{\"@type\":\"ListItem\",\"@id\":\"https:\\\/\\\/www.encontrapiracicaba.com.br\\\/sobre\\\/piracicaba-ganha-vitrine-internacional-com-o-lancamento-da-revista-citys-book\\\/#listItem\",\"position\":3,\"name\":\"Piracicaba ganha vitrine internacional com o lan\\u00e7amento da revista City\\u2019s Book\",\"previousItem\":{\"@type\":\"ListItem\",\"@id\":\"https:\\\/\\\/www.encontrapiracicaba.com.br\\\/sobre\\\/cultura-em-piracicaba\\\/#listItem\",\"name\":\"Cultura Piracicaba\"}}]},{\"@type\":\"Organization\",\"@id\":\"https:\\\/\\\/www.encontrapiracicaba.com.br\\\/sobre\\\/#organization\",\"name\":\"Encontra Piracicaba\",\"description\":\"Not\\u00edcias, eventos, informa\\u00e7\\u00f5es e dicas na cidade de Piracicaba e regi\\u00e3o\",\"url\":\"https:\\\/\\\/www.encontrapiracicaba.com.br\\\/sobre\\\/\"},{\"@type\":\"Person\",\"@id\":\"https:\\\/\\\/www.encontrapiracicaba.com.br\\\/sobre\\\/author\\\/epiracicaba\\\/#author\",\"url\":\"https:\\\/\\\/www.encontrapiracicaba.com.br\\\/sobre\\\/author\\\/epiracicaba\\\/\",\"name\":\"Encontra Piracicaba\",\"image\":{\"@type\":\"ImageObject\",\"@id\":\"https:\\\/\\\/www.encontrapiracicaba.com.br\\\/sobre\\\/piracicaba-ganha-vitrine-internacional-com-o-lancamento-da-revista-citys-book\\\/#authorImage\",\"url\":\"https:\\\/\\\/secure.gravatar.com\\\/avatar\\\/507340682b8270222e1f208e23198b6ae7e2c6a1033ae84e99bc6bce4f82a387?s=96&d=mm&r=g\",\"width\":96,\"height\":96,\"caption\":\"Encontra Piracicaba\"}},{\"@type\":\"WebPage\",\"@id\":\"https:\\\/\\\/www.encontrapiracicaba.com.br\\\/sobre\\\/piracicaba-ganha-vitrine-internacional-com-o-lancamento-da-revista-citys-book\\\/#webpage\",\"url\":\"https:\\\/\\\/www.encontrapiracicaba.com.br\\\/sobre\\\/piracicaba-ganha-vitrine-internacional-com-o-lancamento-da-revista-citys-book\\\/\",\"name\":\"Piracicaba ganha vitrine internacional com o lan\\u00e7amento da revista City\\u2019s Book | Encontra Piracicaba\",\"inLanguage\":\"pt-BR\",\"isPartOf\":{\"@id\":\"https:\\\/\\\/www.encontrapiracicaba.com.br\\\/sobre\\\/#website\"},\"breadcrumb\":{\"@id\":\"https:\\\/\\\/www.encontrapiracicaba.com.br\\\/sobre\\\/piracicaba-ganha-vitrine-internacional-com-o-lancamento-da-revista-citys-book\\\/#breadcrumblist\"},\"author\":{\"@id\":\"https:\\\/\\\/www.encontrapiracicaba.com.br\\\/sobre\\\/author\\\/epiracicaba\\\/#author\"},\"creator\":{\"@id\":\"https:\\\/\\\/www.encontrapiracicaba.com.br\\\/sobre\\\/author\\\/epiracicaba\\\/#author\"},\"image\":{\"@type\":\"ImageObject\",\"url\":\"https:\\\/\\\/www.encontrapiracicaba.com.br\\\/sobre\\\/wp-content\\\/uploads\\\/piracicaba-ganha-vitrine-internacional-com-o-lancamento-da-revista-city-s-book.webp\",\"@id\":\"https:\\\/\\\/www.encontrapiracicaba.com.br\\\/sobre\\\/piracicaba-ganha-vitrine-internacional-com-o-lancamento-da-revista-citys-book\\\/#mainImage\",\"width\":280,\"height\":280,\"caption\":\"City\\u2019s Book Piracicaba\"},\"primaryImageOfPage\":{\"@id\":\"https:\\\/\\\/www.encontrapiracicaba.com.br\\\/sobre\\\/piracicaba-ganha-vitrine-internacional-com-o-lancamento-da-revista-citys-book\\\/#mainImage\"},\"datePublished\":\"2026-07-07T07:56:06-03:00\",\"dateModified\":\"2026-07-07T07:56:06-03:00\"},{\"@type\":\"WebSite\",\"@id\":\"https:\\\/\\\/www.encontrapiracicaba.com.br\\\/sobre\\\/#website\",\"url\":\"https:\\\/\\\/www.encontrapiracicaba.com.br\\\/sobre\\\/\",\"name\":\"Encontra Piracicaba\",\"description\":\"Not\\u00edcias, eventos, informa\\u00e7\\u00f5es e dicas na cidade de Piracicaba e regi\\u00e3o\",\"inLanguage\":\"pt-BR\",\"publisher\":{\"@id\":\"https:\\\/\\\/www.encontrapiracicaba.com.br\\\/sobre\\\/#organization\"}}]}\n\t\t<\/script>\n\t\t<!-- All in One SEO -->\n\n","aioseo_head_json":{"title":"Piracicaba ganha vitrine internacional com o lan\u00e7amento da revista City\u2019s Book | Encontra Piracicaba","description":"","canonical_url":"https:\/\/www.encontrapiracicaba.com.br\/sobre\/piracicaba-ganha-vitrine-internacional-com-o-lancamento-da-revista-citys-book\/","robots":"max-image-preview:large","keywords":"","webmasterTools":{"miscellaneous":""},"schema":{"@context":"https:\/\/schema.org","@graph":[{"@type":"Article","@id":"https:\/\/www.encontrapiracicaba.com.br\/sobre\/piracicaba-ganha-vitrine-internacional-com-o-lancamento-da-revista-citys-book\/#article","name":"Piracicaba ganha vitrine internacional com o lan\u00e7amento da revista City\u2019s Book | Encontra Piracicaba","headline":"Piracicaba ganha vitrine internacional com o lan\u00e7amento da revista City\u2019s Book","author":{"@id":"https:\/\/www.encontrapiracicaba.com.br\/sobre\/author\/epiracicaba\/#author"},"publisher":{"@id":"https:\/\/www.encontrapiracicaba.com.br\/sobre\/#organization"},"image":{"@type":"ImageObject","url":"https:\/\/www.encontrapiracicaba.com.br\/sobre\/wp-content\/uploads\/piracicaba-ganha-vitrine-internacional-com-o-lancamento-da-revista-city-s-book.webp","width":280,"height":280,"caption":"City\u2019s Book Piracicaba"},"datePublished":"2026-07-07T07:56:06-03:00","dateModified":"2026-07-07T07:56:06-03:00","inLanguage":"pt-BR","mainEntityOfPage":{"@id":"https:\/\/www.encontrapiracicaba.com.br\/sobre\/piracicaba-ganha-vitrine-internacional-com-o-lancamento-da-revista-citys-book\/#webpage"},"isPartOf":{"@id":"https:\/\/www.encontrapiracicaba.com.br\/sobre\/piracicaba-ganha-vitrine-internacional-com-o-lancamento-da-revista-citys-book\/#webpage"},"articleSection":"Cultura Piracicaba"},{"@type":"BreadcrumbList","@id":"https:\/\/www.encontrapiracicaba.com.br\/sobre\/piracicaba-ganha-vitrine-internacional-com-o-lancamento-da-revista-citys-book\/#breadcrumblist","itemListElement":[{"@type":"ListItem","@id":"https:\/\/www.encontrapiracicaba.com.br\/sobre#listItem","position":1,"name":"In\u00edcio","item":"https:\/\/www.encontrapiracicaba.com.br\/sobre","nextItem":{"@type":"ListItem","@id":"https:\/\/www.encontrapiracicaba.com.br\/sobre\/cultura-em-piracicaba\/#listItem","name":"Cultura Piracicaba"}},{"@type":"ListItem","@id":"https:\/\/www.encontrapiracicaba.com.br\/sobre\/cultura-em-piracicaba\/#listItem","position":2,"name":"Cultura Piracicaba","item":"https:\/\/www.encontrapiracicaba.com.br\/sobre\/cultura-em-piracicaba\/","nextItem":{"@type":"ListItem","@id":"https:\/\/www.encontrapiracicaba.com.br\/sobre\/piracicaba-ganha-vitrine-internacional-com-o-lancamento-da-revista-citys-book\/#listItem","name":"Piracicaba ganha vitrine internacional com o lan\u00e7amento da revista City\u2019s Book"},"previousItem":{"@type":"ListItem","@id":"https:\/\/www.encontrapiracicaba.com.br\/sobre#listItem","name":"In\u00edcio"}},{"@type":"ListItem","@id":"https:\/\/www.encontrapiracicaba.com.br\/sobre\/piracicaba-ganha-vitrine-internacional-com-o-lancamento-da-revista-citys-book\/#listItem","position":3,"name":"Piracicaba ganha vitrine internacional com o lan\u00e7amento da revista City\u2019s Book","previousItem":{"@type":"ListItem","@id":"https:\/\/www.encontrapiracicaba.com.br\/sobre\/cultura-em-piracicaba\/#listItem","name":"Cultura Piracicaba"}}]},{"@type":"Organization","@id":"https:\/\/www.encontrapiracicaba.com.br\/sobre\/#organization","name":"Encontra Piracicaba","description":"Not\u00edcias, eventos, informa\u00e7\u00f5es e dicas na cidade de Piracicaba e regi\u00e3o","url":"https:\/\/www.encontrapiracicaba.com.br\/sobre\/"},{"@type":"Person","@id":"https:\/\/www.encontrapiracicaba.com.br\/sobre\/author\/epiracicaba\/#author","url":"https:\/\/www.encontrapiracicaba.com.br\/sobre\/author\/epiracicaba\/","name":"Encontra Piracicaba","image":{"@type":"ImageObject","@id":"https:\/\/www.encontrapiracicaba.com.br\/sobre\/piracicaba-ganha-vitrine-internacional-com-o-lancamento-da-revista-citys-book\/#authorImage","url":"https:\/\/secure.gravatar.com\/avatar\/507340682b8270222e1f208e23198b6ae7e2c6a1033ae84e99bc6bce4f82a387?s=96&d=mm&r=g","width":96,"height":96,"caption":"Encontra Piracicaba"}},{"@type":"WebPage","@id":"https:\/\/www.encontrapiracicaba.com.br\/sobre\/piracicaba-ganha-vitrine-internacional-com-o-lancamento-da-revista-citys-book\/#webpage","url":"https:\/\/www.encontrapiracicaba.com.br\/sobre\/piracicaba-ganha-vitrine-internacional-com-o-lancamento-da-revista-citys-book\/","name":"Piracicaba ganha vitrine internacional com o lan\u00e7amento da revista City\u2019s Book | Encontra Piracicaba","inLanguage":"pt-BR","isPartOf":{"@id":"https:\/\/www.encontrapiracicaba.com.br\/sobre\/#website"},"breadcrumb":{"@id":"https:\/\/www.encontrapiracicaba.com.br\/sobre\/piracicaba-ganha-vitrine-internacional-com-o-lancamento-da-revista-citys-book\/#breadcrumblist"},"author":{"@id":"https:\/\/www.encontrapiracicaba.com.br\/sobre\/author\/epiracicaba\/#author"},"creator":{"@id":"https:\/\/www.encontrapiracicaba.com.br\/sobre\/author\/epiracicaba\/#author"},"image":{"@type":"ImageObject","url":"https:\/\/www.encontrapiracicaba.com.br\/sobre\/wp-content\/uploads\/piracicaba-ganha-vitrine-internacional-com-o-lancamento-da-revista-city-s-book.webp","@id":"https:\/\/www.encontrapiracicaba.com.br\/sobre\/piracicaba-ganha-vitrine-internacional-com-o-lancamento-da-revista-citys-book\/#mainImage","width":280,"height":280,"caption":"City\u2019s Book Piracicaba"},"primaryImageOfPage":{"@id":"https:\/\/www.encontrapiracicaba.com.br\/sobre\/piracicaba-ganha-vitrine-internacional-com-o-lancamento-da-revista-citys-book\/#mainImage"},"datePublished":"2026-07-07T07:56:06-03:00","dateModified":"2026-07-07T07:56:06-03:00"},{"@type":"WebSite","@id":"https:\/\/www.encontrapiracicaba.com.br\/sobre\/#website","url":"https:\/\/www.encontrapiracicaba.com.br\/sobre\/","name":"Encontra Piracicaba","description":"Not\u00edcias, eventos, informa\u00e7\u00f5es e dicas na cidade de Piracicaba e regi\u00e3o","inLanguage":"pt-BR","publisher":{"@id":"https:\/\/www.encontrapiracicaba.com.br\/sobre\/#organization"}}]},"og:locale":"pt_BR","og:site_name":"Encontra Piracicaba | Not\u00edcias, eventos, informa\u00e7\u00f5es e dicas na cidade de Piracicaba e regi\u00e3o","og:type":"article","og:title":"Piracicaba ganha vitrine internacional com o lan\u00e7amento da revista City\u2019s Book | Encontra Piracicaba","og:url":"https:\/\/www.encontrapiracicaba.com.br\/sobre\/piracicaba-ganha-vitrine-internacional-com-o-lancamento-da-revista-citys-book\/","article:published_time":"2026-07-07T10:56:06+00:00","article:modified_time":"2026-07-07T10:56:06+00:00","twitter:card":"summary","twitter:title":"Piracicaba ganha vitrine internacional com o lan\u00e7amento da revista City\u2019s Book | Encontra Piracicaba"},"aioseo_meta_data":{"post_id":"4804","title":null,"description":null,"keywords":null,"keyphrases":null,"primary_term":null,"canonical_url":null,"og_title":null,"og_description":null,"og_object_type":"default","og_image_type":"default","og_image_url":null,"og_image_width":null,"og_image_height":null,"og_image_custom_url":null,"og_image_custom_fields":null,"og_video":null,"og_custom_url":null,"og_article_section":null,"og_article_tags":null,"twitter_use_og":false,"twitter_card":"default","twitter_image_type":"default","twitter_image_url":null,"twitter_image_custom_url":null,"twitter_image_custom_fields":null,"twitter_title":null,"twitter_description":null,"schema":{"blockGraphs":[],"customGraphs":[],"default":{"data":{"Article":[],"Course":[],"Dataset":[],"FAQPage":[],"Movie":[],"Person":[],"Product":[],"ProductReview":[],"Car":[],"Recipe":[],"Service":[],"SoftwareApplication":[],"WebPage":[]},"graphName":"Article","isEnabled":true},"graphs":[]},"schema_type":"default","schema_type_options":null,"pillar_content":false,"robots_default":true,"robots_noindex":false,"robots_noarchive":false,"robots_nosnippet":false,"robots_nofollow":false,"robots_noimageindex":false,"robots_noodp":false,"robots_notranslate":false,"robots_max_snippet":null,"robots_max_videopreview":null,"robots_max_imagepreview":"large","priority":null,"frequency":null,"local_seo":null,"breadcrumb_settings":null,"limit_modified_date":false,"ai":null,"created":"2026-07-07 10:56:09","updated":"2026-07-07 10:58:21","focus_keyword":null,"additional_keywords":null,"truseo_locale":null,"seo_analyzer_scan_date":null},"aioseo_breadcrumb":"<div class=\"aioseo-breadcrumbs\"><span class=\"aioseo-breadcrumb\">\n\t\t\t<a href=\"https:\/\/www.encontrapiracicaba.com.br\/sobre\" title=\"In\u00edcio\">In\u00edcio<\/a>\n\t\t<\/span><span class=\"aioseo-breadcrumb-separator\">&raquo;<\/span><span class=\"aioseo-breadcrumb\">\n\t\t\t<a href=\"https:\/\/www.encontrapiracicaba.com.br\/sobre\/cultura-em-piracicaba\/\" title=\"Cultura Piracicaba\">Cultura Piracicaba<\/a>\n\t\t<\/span><span class=\"aioseo-breadcrumb-separator\">&raquo;<\/span><span class=\"aioseo-breadcrumb\">\n\t\t\tPiracicaba ganha vitrine internacional com o lan\u00e7amento da revista City\u2019s Book\n\t\t<\/span><\/div>","aioseo_breadcrumb_json":[{"label":"In\u00edcio","link":"https:\/\/www.encontrapiracicaba.com.br\/sobre"},{"label":"Cultura Piracicaba","link":"https:\/\/www.encontrapiracicaba.com.br\/sobre\/cultura-em-piracicaba\/"},{"label":"Piracicaba ganha vitrine internacional com o lan\u00e7amento da revista City\u2019s Book","link":"https:\/\/www.encontrapiracicaba.com.br\/sobre\/piracicaba-ganha-vitrine-internacional-com-o-lancamento-da-revista-citys-book\/"}],"_links":{"self":[{"href":"https:\/\/www.encontrapiracicaba.com.br\/sobre\/wp-json\/wp\/v2\/posts\/4804","targetHints":{"allow":["GET"]}}],"collection":[{"href":"https:\/\/www.encontrapiracicaba.com.br\/sobre\/wp-json\/wp\/v2\/posts"}],"about":[{"href":"https:\/\/www.encontrapiracicaba.com.br\/sobre\/wp-json\/wp\/v2\/types\/post"}],"author":[{"embeddable":true,"href":"https:\/\/www.encontrapiracicaba.com.br\/sobre\/wp-json\/wp\/v2\/users\/1"}],"replies":[{"embeddable":true,"href":"https:\/\/www.encontrapiracicaba.com.br\/sobre\/wp-json\/wp\/v2\/comments?post=4804"}],"version-history":[{"count":0,"href":"https:\/\/www.encontrapiracicaba.com.br\/sobre\/wp-json\/wp\/v2\/posts\/4804\/revisions"}],"wp:featuredmedia":[{"embeddable":true,"href":"https:\/\/www.encontrapiracicaba.com.br\/sobre\/wp-json\/wp\/v2\/media\/4803"}],"wp:attachment":[{"href":"https:\/\/www.encontrapiracicaba.com.br\/sobre\/wp-json\/wp\/v2\/media?parent=4804"}],"wp:term":[{"taxonomy":"category","embeddable":true,"href":"https:\/\/www.encontrapiracicaba.com.br\/sobre\/wp-json\/wp\/v2\/categories?post=4804"},{"taxonomy":"post_tag","embeddable":true,"href":"https:\/\/www.encontrapiracicaba.com.br\/sobre\/wp-json\/wp\/v2\/tags?post=4804"}],"curies":[{"name":"wp","href":"https:\/\/api.w.org\/{rel}","templated":true}]}}