{"id":4832,"date":"2026-07-08T21:42:21","date_gmt":"2026-07-09T00:42:21","guid":{"rendered":"https:\/\/www.encontrapiracicaba.com.br\/sobre\/vereador-debate-projetos-com-diretoria-da-associacao-de-danca-de-piracicaba\/"},"modified":"2026-07-08T21:42:21","modified_gmt":"2026-07-09T00:42:21","slug":"vereador-debate-projetos-com-diretoria-da-associacao-de-danca-de-piracicaba","status":"publish","type":"post","link":"https:\/\/www.encontrapiracicaba.com.br\/sobre\/vereador-debate-projetos-com-diretoria-da-associacao-de-danca-de-piracicaba\/","title":{"rendered":"Vereador debate projetos com diretoria da Associa\u00e7\u00e3o de Dan\u00e7a de Piracicaba"},"content":{"rendered":"<div class=\"85df007ed5c0c4d4b453fd13a37855e8\" data-index=\"1\" style=\"float: none; margin:0px;\">\n<!-- Anuncio display - global -->\r\n<ins class=\"adsbygoogle\"\r\n     style=\"display:block\"\r\n     data-ad-client=\"ca-pub-8585364105181520\"\r\n     data-ad-slot=\"8789329856\"\r\n     data-ad-format=\"auto\"\r\n     data-full-width-responsive=\"true\"><\/ins>\r\n<script>\r\n     (adsbygoogle = window.adsbygoogle || []).push({});\r\n<\/script>\n<\/div>\n<h2>A Import\u00e2ncia da Associa\u00e7\u00e3o para a Cultura Local<\/h2>\n<p>A Associa\u00e7\u00e3o de Dan\u00e7a de Piracicaba (Adapi) \u00e9 uma entidade que tem um papel vital na promo\u00e7\u00e3o e valoriza\u00e7\u00e3o da cultura da dan\u00e7a na regi\u00e3o. Desde a sua funda\u00e7\u00e3o, a associa\u00e7\u00e3o tem sido um ponto de encontro para artistas, professores, escolas de dan\u00e7a e grupos de bailarinos. O trabalho da Adapi \u00e9 fundamental para integrar a comunidade, incentivar a pr\u00e1tica da dan\u00e7a e destacar sua relev\u00e2ncia cultural.<\/p>\n<p>Com eventos frequentes, como festivais e apresenta\u00e7\u00f5es, a associa\u00e7\u00e3o n\u00e3o apenas proporciona entretenimento, mas tamb\u00e9m contribui para a forma\u00e7\u00e3o art\u00edstica de crian\u00e7as e jovens, fortalecendo assim as ra\u00edzes culturais do munic\u00edpio. A combina\u00e7\u00e3o de tradi\u00e7\u00e3o e inova\u00e7\u00e3o nas pr\u00e1ticas de dan\u00e7a se reflete no envolvimento da comunidade e na cria\u00e7\u00e3o de la\u00e7os afetivos atrav\u00e9s da arte.<\/p>\n<h2>Reuni\u00e3o entre o Vereador e a Dire\u00e7\u00e3o da Adapi<\/h2>\n<p>No dia 8 de julho, o vereador Josef Borges (PP) recebeu, em seu gabinete, a presidente da Adapi, Jussara Sansigolo, e a vice-presidente, V\u00e2nia Mello. A reuni\u00e3o teve como foco discutir os projetos e as necessidades da associa\u00e7\u00e3o, especialmente em rela\u00e7\u00e3o ao fortalecimento da dan\u00e7a em Piracicaba. O di\u00e1logo estabelece um canal de comunica\u00e7\u00e3o essencial entre as autoridades locais e os representantes da cultura.<\/p>\n<p><img decoding=\"async\" src=\"https:\/\/www.encontrapiracicaba.com.br\/sobre\/wp-content\/uploads\/vereador-debate-projetos-com-diretoria-da-associacao-de-danca-de-piracicaba.webp\" alt=\"Associa\u00e7\u00e3o de Dan\u00e7a de Piracicaba\" loading=\"lazy\" \/><\/p>\n<p>A presen\u00e7a do vereador no encontro demonstra interesse e compromisso com a arte local. Ele escutou atentamente as propostas e desafios apresentados pela diretoria, reafirmando sua disposi\u00e7\u00e3o para apoiar iniciativas que visem ao crescimento cultural da cidade.<\/p>\n<h2>Projetos Propostos para Comemorar Duas D\u00e9cadas de Atua\u00e7\u00e3o<\/h2>\n<p>A Adapi est\u00e1 prestes a completar 20 anos de atividades dedicadas \u00e0 dan\u00e7a em Piracicaba, e a diretoria apresentou ao vereador uma s\u00e9rie de projetos planejados para celebrar essa importante data. Essas iniciativas n\u00e3o apenas celebram o anivers\u00e1rio, mas tamb\u00e9m visam envolver a comunidade e aumentar a visibilidade das pr\u00e1ticas culturais locais.<\/p>\n<p>O foco dos projetos abrange desde festivais de dan\u00e7a at\u00e9 workshops que podem ser oferecidos para diferentes faixas et\u00e1rias, promovendo o acesso \u00e0 dan\u00e7a e ao desenvolvimento art\u00edstico. A implementa\u00e7\u00e3o dessas atividades poder\u00e1 inspirar novas gera\u00e7\u00f5es a valorizar e praticar a dan\u00e7a.<\/p>\n<h2>A Busca por uma Sede Pr\u00f3pria<\/h2>\n<p>Um dos principais anseios discutidos na reuni\u00e3o foi a busca por uma sede pr\u00f3pria para a Adapi. Atualmente, a associa\u00e7\u00e3o opera em locais emprestados, o que limita suas atividades e o potencial de crescimento. A aquisi\u00e7\u00e3o de um espa\u00e7o pr\u00f3prio seria um marco significativo, permitindo uma estrutura mais adequada para ensaios, apresenta\u00e7\u00f5es e outras atividades relacionadas \u00e0 dan\u00e7a.<\/p>\n<p>Ter uma sede pr\u00f3pria facilitaria tamb\u00e9m a melhoria das condi\u00e7\u00f5es de trabalho para os profissionais da dan\u00e7a, possibilitando o desenvolvimento de projetos mais ambiciosos e a realiza\u00e7\u00e3o de eventos de maior escala. A busca por este espa\u00e7o \u00e9 vista como um passo essencial para a expans\u00e3o das iniciativas culturais na cidade.<\/p>\n<h2>Como a Adapi Impacta a Forma\u00e7\u00e3o Art\u00edstica<\/h2>\n<p>A Adapi tem um impacto consider\u00e1vel na forma\u00e7\u00e3o de jovens talentos. Com oficinas, aulas e eventos dedicados, a associa\u00e7\u00e3o contribui para o desenvolvimento das habilidades art\u00edsticas de seus membros. Essas atividades n\u00e3o apenas ensinam t\u00e9cnicas de dan\u00e7a, mas tamb\u00e9m promovem valores como disciplina, trabalho em equipe e autoexpress\u00e3o.<\/p>\n<p>Al\u00e9m disso, ao reunir diferentes escolas e profissionais, a Adapi cria um ambiente enriquecedor onde interc\u00e2mbios e colabora\u00e7\u00f5es podem ocorrer, permitindo que bailarinos de v\u00e1rias forma\u00e7\u00f5es aprendam uns com os outros. Este aspecto educativo \u00e9 um dos pilares da miss\u00e3o da associa\u00e7\u00e3o.<\/p>\n<h2>Desenvolvimento de Festivais e Espet\u00e1culos<\/h2>\n<p>O papel da Adapi na promo\u00e7\u00e3o de festivais de dan\u00e7a e espet\u00e1culos \u00e9 uma das suas caracter\u00edsticas mais not\u00e1veis. Esses eventos n\u00e3o s\u00f3 apresentam o trabalho dos grupos locais, mas tamb\u00e9m atraem a aten\u00e7\u00e3o do p\u00fablico e incentivam o turismo cultural. Festivais como os organizados pela associa\u00e7\u00e3o s\u00e3o plataformas para artistas emergentes e consolidados, e t\u00eam um papel fundamental na divulga\u00e7\u00e3o da dan\u00e7a como uma forma de arte.<\/p>\n<p>Esses festivais promovem a diversidade cultural e s\u00e3o uma celebra\u00e7\u00e3o da dan\u00e7a em suas v\u00e1rias formas, mostrando desde dan\u00e7as folcl\u00f3ricas at\u00e9 estilos contempor\u00e2neos. Isso n\u00e3o s\u00f3 enriquece a cena cultural de Piracicaba, mas tamb\u00e9m fomenta a troca cultural com outras localidades.<\/p>\n<h2>O Papel do Vereador na Promo\u00e7\u00e3o Cultural<\/h2>\n<p>O vereador Josef Borges, em sua fun\u00e7\u00e3o como representante da comunidade, desempenha um papel crucial na promo\u00e7\u00e3o de iniciativas culturais, como \u00e9 evidente em sua reuni\u00e3o com a Adapi. O apoio institucional \u00e9 fundamental para a continuidade dos projetos culturais, e a disposi\u00e7\u00e3o do vereador em dialogar com a associa\u00e7\u00e3o demonstra seu reconhecimento da dan\u00e7a como uma esfera importante da cultura local.<\/p>\n<p>O suporte do governo local pode facilitar a viabiliza\u00e7\u00e3o de projetos, proporcionando recursos financeiros e log\u00edsticos que s\u00e3o essenciais para o desenvolvimento das iniciativas art\u00edsticas. A colabora\u00e7\u00e3o entre o setor p\u00fablico e o art\u00edstico \u00e9 fundamental para o fortalecimento da cultura na regi\u00e3o.<\/p>\n<h2>Fortalecendo a Dan\u00e7a em Piracicaba<\/h2>\n<p>O fortalecimento da dan\u00e7a em Piracicaba \u00e9 um objetivo que transcende a mera atividade art\u00edstica. Trata-se de cultivar uma identidade cultural rica e diversa. A Adapi, alinhada com o apoio de representantes como o vereador, busca criar um ambiente onde a dan\u00e7a possa prosperar, beneficiando a sociedade como um todo.<\/p>\n<p>Iniciativas para fortalecer a dan\u00e7a n\u00e3o apenas proporcionam divers\u00e3o e entretenimento, mas tamb\u00e9m abrem caminhos para a inclus\u00e3o social, educa\u00e7\u00e3o e melhoria da qualidade de vida. A dan\u00e7a, como forma de express\u00e3o, tem o poder de unir as pessoas e criar la\u00e7os comunit\u00e1rios.<\/p>\n<h2>Vis\u00e3o Futura da Associa\u00e7\u00e3o de Dan\u00e7a<\/h2>\n<p>O futuro da Adapi est\u00e1 repleto de possibilidades. Com a celebra\u00e7\u00e3o de seus 20 anos, a associa\u00e7\u00e3o est\u00e1 em uma posi\u00e7\u00e3o chave para redefinir seu papel na comunidade e desenvolver novos projetos. A vis\u00e3o de um espa\u00e7o pr\u00f3prio se alinha \u00e0s aspira\u00e7\u00f5es de expans\u00e3o e fortalecimento das atividades culturais na cidade.<\/p>\n<p>Planejamentos futuros incluem a possibilidade de parcerias com outras institui\u00e7\u00f5es culturais e a realiza\u00e7\u00e3o de eventos que possam levar a dan\u00e7a a p\u00fablicos mais amplos. A vis\u00e3o da Adapi \u00e9 de se tornar um centro de refer\u00eancia para a cultura da dan\u00e7a em Piracicaba, contribuindo para uma transforma\u00e7\u00e3o social e cultural na regi\u00e3o.<\/p>\n<h2>Encerramento e Pr\u00f3ximos Passos do Di\u00e1logo<\/h2>\n<p>O encontro entre o vereador Josef Borges e a diretoria da Adapi foi apenas o in\u00edcio de um di\u00e1logo que promete continuar. O pr\u00f3ximo passo envolve o aprofundamento nas demandas e sugest\u00f5es apresentadas, bem como o desenvolvimento de um plano de a\u00e7\u00e3o conjunto para o fortalecimento da dan\u00e7a em Piracicaba.<\/p>\n<p>A continuidade desse di\u00e1logo ser\u00e1 fundamental para que os projetos de longo prazo sejam implementados e para que as necessidades da comunidade art\u00edstica sejam atendidas. O futuro da dan\u00e7a em Piracicaba depende da a\u00e7\u00e3o conjunta de todos os envolvidos e da manuten\u00e7\u00e3o desse canal de comunica\u00e7\u00e3o aberto.<\/p>\n\n<div style=\"font-size: 0px; height: 0px; line-height: 0px; margin: 0; padding: 0; clear: both;\"><\/div>","protected":false},"excerpt":{"rendered":"<p>Vereador Josef Borges discute novos projetos com a Associa\u00e7\u00e3o de Dan\u00e7a de Piracicaba.<\/p>\n","protected":false},"author":1,"featured_media":4831,"comment_status":"closed","ping_status":"closed","sticky":false,"template":"","format":"standard","meta":{"footnotes":""},"categories":[29],"tags":[],"class_list":["post-4832","post","type-post","status-publish","format-standard","has-post-thumbnail","hentry","category-cultura-em-piracicaba","has_thumb"],"aioseo_notices":[],"aioseo_head":"\n\t\t<!-- All in One SEO 5.0.0.1 - aioseo.com -->\n\t<meta name=\"robots\" content=\"max-image-preview:large\" \/>\n\t<meta name=\"author\" content=\"Encontra Piracicaba\"\/>\n\t<link rel=\"canonical\" href=\"https:\/\/www.encontrapiracicaba.com.br\/sobre\/vereador-debate-projetos-com-diretoria-da-associacao-de-danca-de-piracicaba\/\" \/>\n\t<meta name=\"generator\" content=\"All in One SEO (AIOSEO) 5.0.0.1\" \/>\n\t\t<meta property=\"og:locale\" content=\"pt_BR\" \/>\n\t\t<meta property=\"og:site_name\" content=\"Encontra Piracicaba | Not\u00edcias, eventos, informa\u00e7\u00f5es e dicas na cidade de Piracicaba e regi\u00e3o\" \/>\n\t\t<meta property=\"og:type\" content=\"article\" \/>\n\t\t<meta property=\"og:title\" content=\"Vereador debate projetos com diretoria da Associa\u00e7\u00e3o de Dan\u00e7a de Piracicaba | Encontra Piracicaba\" \/>\n\t\t<meta property=\"og:url\" content=\"https:\/\/www.encontrapiracicaba.com.br\/sobre\/vereador-debate-projetos-com-diretoria-da-associacao-de-danca-de-piracicaba\/\" \/>\n\t\t<meta property=\"article:published_time\" content=\"2026-07-09T00:42:21+00:00\" \/>\n\t\t<meta property=\"article:modified_time\" content=\"2026-07-09T00:42:21+00:00\" \/>\n\t\t<meta name=\"twitter:card\" content=\"summary\" \/>\n\t\t<meta name=\"twitter:title\" content=\"Vereador debate projetos com diretoria da Associa\u00e7\u00e3o de Dan\u00e7a de Piracicaba | Encontra Piracicaba\" \/>\n\t\t<script type=\"application\/ld+json\" class=\"aioseo-schema\">\n\t\t\t{\"@context\":\"https:\\\/\\\/schema.org\",\"@graph\":[{\"@type\":\"Article\",\"@id\":\"https:\\\/\\\/www.encontrapiracicaba.com.br\\\/sobre\\\/vereador-debate-projetos-com-diretoria-da-associacao-de-danca-de-piracicaba\\\/#article\",\"name\":\"Vereador debate projetos com diretoria da Associa\\u00e7\\u00e3o de Dan\\u00e7a de Piracicaba | Encontra Piracicaba\",\"headline\":\"Vereador debate projetos com diretoria da Associa\\u00e7\\u00e3o de Dan\\u00e7a de Piracicaba\",\"author\":{\"@id\":\"https:\\\/\\\/www.encontrapiracicaba.com.br\\\/sobre\\\/author\\\/epiracicaba\\\/#author\"},\"publisher\":{\"@id\":\"https:\\\/\\\/www.encontrapiracicaba.com.br\\\/sobre\\\/#organization\"},\"image\":{\"@type\":\"ImageObject\",\"url\":\"https:\\\/\\\/www.encontrapiracicaba.com.br\\\/sobre\\\/wp-content\\\/uploads\\\/vereador-debate-projetos-com-diretoria-da-associacao-de-danca-de-piracicaba.webp\",\"width\":280,\"height\":280,\"caption\":\"Associa\\u00e7\\u00e3o de Dan\\u00e7a de Piracicaba\"},\"datePublished\":\"2026-07-08T21:42:21-03:00\",\"dateModified\":\"2026-07-08T21:42:21-03:00\",\"inLanguage\":\"pt-BR\",\"mainEntityOfPage\":{\"@id\":\"https:\\\/\\\/www.encontrapiracicaba.com.br\\\/sobre\\\/vereador-debate-projetos-com-diretoria-da-associacao-de-danca-de-piracicaba\\\/#webpage\"},\"isPartOf\":{\"@id\":\"https:\\\/\\\/www.encontrapiracicaba.com.br\\\/sobre\\\/vereador-debate-projetos-com-diretoria-da-associacao-de-danca-de-piracicaba\\\/#webpage\"},\"articleSection\":\"Cultura Piracicaba\"},{\"@type\":\"BreadcrumbList\",\"@id\":\"https:\\\/\\\/www.encontrapiracicaba.com.br\\\/sobre\\\/vereador-debate-projetos-com-diretoria-da-associacao-de-danca-de-piracicaba\\\/#breadcrumblist\",\"itemListElement\":[{\"@type\":\"ListItem\",\"@id\":\"https:\\\/\\\/www.encontrapiracicaba.com.br\\\/sobre#listItem\",\"position\":1,\"name\":\"In\\u00edcio\",\"item\":\"https:\\\/\\\/www.encontrapiracicaba.com.br\\\/sobre\",\"nextItem\":{\"@type\":\"ListItem\",\"@id\":\"https:\\\/\\\/www.encontrapiracicaba.com.br\\\/sobre\\\/cultura-em-piracicaba\\\/#listItem\",\"name\":\"Cultura Piracicaba\"}},{\"@type\":\"ListItem\",\"@id\":\"https:\\\/\\\/www.encontrapiracicaba.com.br\\\/sobre\\\/cultura-em-piracicaba\\\/#listItem\",\"position\":2,\"name\":\"Cultura Piracicaba\",\"item\":\"https:\\\/\\\/www.encontrapiracicaba.com.br\\\/sobre\\\/cultura-em-piracicaba\\\/\",\"nextItem\":{\"@type\":\"ListItem\",\"@id\":\"https:\\\/\\\/www.encontrapiracicaba.com.br\\\/sobre\\\/vereador-debate-projetos-com-diretoria-da-associacao-de-danca-de-piracicaba\\\/#listItem\",\"name\":\"Vereador debate projetos com diretoria da Associa\\u00e7\\u00e3o de Dan\\u00e7a de Piracicaba\"},\"previousItem\":{\"@type\":\"ListItem\",\"@id\":\"https:\\\/\\\/www.encontrapiracicaba.com.br\\\/sobre#listItem\",\"name\":\"In\\u00edcio\"}},{\"@type\":\"ListItem\",\"@id\":\"https:\\\/\\\/www.encontrapiracicaba.com.br\\\/sobre\\\/vereador-debate-projetos-com-diretoria-da-associacao-de-danca-de-piracicaba\\\/#listItem\",\"position\":3,\"name\":\"Vereador debate projetos com diretoria da Associa\\u00e7\\u00e3o de Dan\\u00e7a de Piracicaba\",\"previousItem\":{\"@type\":\"ListItem\",\"@id\":\"https:\\\/\\\/www.encontrapiracicaba.com.br\\\/sobre\\\/cultura-em-piracicaba\\\/#listItem\",\"name\":\"Cultura Piracicaba\"}}]},{\"@type\":\"Organization\",\"@id\":\"https:\\\/\\\/www.encontrapiracicaba.com.br\\\/sobre\\\/#organization\",\"name\":\"Encontra Piracicaba\",\"description\":\"Not\\u00edcias, eventos, informa\\u00e7\\u00f5es e dicas na cidade de Piracicaba e regi\\u00e3o\",\"url\":\"https:\\\/\\\/www.encontrapiracicaba.com.br\\\/sobre\\\/\"},{\"@type\":\"Person\",\"@id\":\"https:\\\/\\\/www.encontrapiracicaba.com.br\\\/sobre\\\/author\\\/epiracicaba\\\/#author\",\"url\":\"https:\\\/\\\/www.encontrapiracicaba.com.br\\\/sobre\\\/author\\\/epiracicaba\\\/\",\"name\":\"Encontra Piracicaba\",\"image\":{\"@type\":\"ImageObject\",\"@id\":\"https:\\\/\\\/www.encontrapiracicaba.com.br\\\/sobre\\\/vereador-debate-projetos-com-diretoria-da-associacao-de-danca-de-piracicaba\\\/#authorImage\",\"url\":\"https:\\\/\\\/secure.gravatar.com\\\/avatar\\\/507340682b8270222e1f208e23198b6ae7e2c6a1033ae84e99bc6bce4f82a387?s=96&d=mm&r=g\",\"width\":96,\"height\":96,\"caption\":\"Encontra Piracicaba\"}},{\"@type\":\"WebPage\",\"@id\":\"https:\\\/\\\/www.encontrapiracicaba.com.br\\\/sobre\\\/vereador-debate-projetos-com-diretoria-da-associacao-de-danca-de-piracicaba\\\/#webpage\",\"url\":\"https:\\\/\\\/www.encontrapiracicaba.com.br\\\/sobre\\\/vereador-debate-projetos-com-diretoria-da-associacao-de-danca-de-piracicaba\\\/\",\"name\":\"Vereador debate projetos com diretoria da Associa\\u00e7\\u00e3o de Dan\\u00e7a de Piracicaba | Encontra Piracicaba\",\"inLanguage\":\"pt-BR\",\"isPartOf\":{\"@id\":\"https:\\\/\\\/www.encontrapiracicaba.com.br\\\/sobre\\\/#website\"},\"breadcrumb\":{\"@id\":\"https:\\\/\\\/www.encontrapiracicaba.com.br\\\/sobre\\\/vereador-debate-projetos-com-diretoria-da-associacao-de-danca-de-piracicaba\\\/#breadcrumblist\"},\"author\":{\"@id\":\"https:\\\/\\\/www.encontrapiracicaba.com.br\\\/sobre\\\/author\\\/epiracicaba\\\/#author\"},\"creator\":{\"@id\":\"https:\\\/\\\/www.encontrapiracicaba.com.br\\\/sobre\\\/author\\\/epiracicaba\\\/#author\"},\"image\":{\"@type\":\"ImageObject\",\"url\":\"https:\\\/\\\/www.encontrapiracicaba.com.br\\\/sobre\\\/wp-content\\\/uploads\\\/vereador-debate-projetos-com-diretoria-da-associacao-de-danca-de-piracicaba.webp\",\"@id\":\"https:\\\/\\\/www.encontrapiracicaba.com.br\\\/sobre\\\/vereador-debate-projetos-com-diretoria-da-associacao-de-danca-de-piracicaba\\\/#mainImage\",\"width\":280,\"height\":280,\"caption\":\"Associa\\u00e7\\u00e3o de Dan\\u00e7a de Piracicaba\"},\"primaryImageOfPage\":{\"@id\":\"https:\\\/\\\/www.encontrapiracicaba.com.br\\\/sobre\\\/vereador-debate-projetos-com-diretoria-da-associacao-de-danca-de-piracicaba\\\/#mainImage\"},\"datePublished\":\"2026-07-08T21:42:21-03:00\",\"dateModified\":\"2026-07-08T21:42:21-03:00\"},{\"@type\":\"WebSite\",\"@id\":\"https:\\\/\\\/www.encontrapiracicaba.com.br\\\/sobre\\\/#website\",\"url\":\"https:\\\/\\\/www.encontrapiracicaba.com.br\\\/sobre\\\/\",\"name\":\"Encontra Piracicaba\",\"description\":\"Not\\u00edcias, eventos, informa\\u00e7\\u00f5es e dicas na cidade de Piracicaba e regi\\u00e3o\",\"inLanguage\":\"pt-BR\",\"publisher\":{\"@id\":\"https:\\\/\\\/www.encontrapiracicaba.com.br\\\/sobre\\\/#organization\"}}]}\n\t\t<\/script>\n\t\t<!-- All in One SEO -->\n\n","aioseo_head_json":{"title":"Vereador debate projetos com diretoria da Associa\u00e7\u00e3o de Dan\u00e7a de Piracicaba | Encontra Piracicaba","description":"","canonical_url":"https:\/\/www.encontrapiracicaba.com.br\/sobre\/vereador-debate-projetos-com-diretoria-da-associacao-de-danca-de-piracicaba\/","robots":"max-image-preview:large","keywords":"","webmasterTools":{"miscellaneous":""},"schema":{"@context":"https:\/\/schema.org","@graph":[{"@type":"Article","@id":"https:\/\/www.encontrapiracicaba.com.br\/sobre\/vereador-debate-projetos-com-diretoria-da-associacao-de-danca-de-piracicaba\/#article","name":"Vereador debate projetos com diretoria da Associa\u00e7\u00e3o de Dan\u00e7a de Piracicaba | Encontra Piracicaba","headline":"Vereador debate projetos com diretoria da Associa\u00e7\u00e3o de Dan\u00e7a de Piracicaba","author":{"@id":"https:\/\/www.encontrapiracicaba.com.br\/sobre\/author\/epiracicaba\/#author"},"publisher":{"@id":"https:\/\/www.encontrapiracicaba.com.br\/sobre\/#organization"},"image":{"@type":"ImageObject","url":"https:\/\/www.encontrapiracicaba.com.br\/sobre\/wp-content\/uploads\/vereador-debate-projetos-com-diretoria-da-associacao-de-danca-de-piracicaba.webp","width":280,"height":280,"caption":"Associa\u00e7\u00e3o de Dan\u00e7a de Piracicaba"},"datePublished":"2026-07-08T21:42:21-03:00","dateModified":"2026-07-08T21:42:21-03:00","inLanguage":"pt-BR","mainEntityOfPage":{"@id":"https:\/\/www.encontrapiracicaba.com.br\/sobre\/vereador-debate-projetos-com-diretoria-da-associacao-de-danca-de-piracicaba\/#webpage"},"isPartOf":{"@id":"https:\/\/www.encontrapiracicaba.com.br\/sobre\/vereador-debate-projetos-com-diretoria-da-associacao-de-danca-de-piracicaba\/#webpage"},"articleSection":"Cultura Piracicaba"},{"@type":"BreadcrumbList","@id":"https:\/\/www.encontrapiracicaba.com.br\/sobre\/vereador-debate-projetos-com-diretoria-da-associacao-de-danca-de-piracicaba\/#breadcrumblist","itemListElement":[{"@type":"ListItem","@id":"https:\/\/www.encontrapiracicaba.com.br\/sobre#listItem","position":1,"name":"In\u00edcio","item":"https:\/\/www.encontrapiracicaba.com.br\/sobre","nextItem":{"@type":"ListItem","@id":"https:\/\/www.encontrapiracicaba.com.br\/sobre\/cultura-em-piracicaba\/#listItem","name":"Cultura Piracicaba"}},{"@type":"ListItem","@id":"https:\/\/www.encontrapiracicaba.com.br\/sobre\/cultura-em-piracicaba\/#listItem","position":2,"name":"Cultura Piracicaba","item":"https:\/\/www.encontrapiracicaba.com.br\/sobre\/cultura-em-piracicaba\/","nextItem":{"@type":"ListItem","@id":"https:\/\/www.encontrapiracicaba.com.br\/sobre\/vereador-debate-projetos-com-diretoria-da-associacao-de-danca-de-piracicaba\/#listItem","name":"Vereador debate projetos com diretoria da Associa\u00e7\u00e3o de Dan\u00e7a de Piracicaba"},"previousItem":{"@type":"ListItem","@id":"https:\/\/www.encontrapiracicaba.com.br\/sobre#listItem","name":"In\u00edcio"}},{"@type":"ListItem","@id":"https:\/\/www.encontrapiracicaba.com.br\/sobre\/vereador-debate-projetos-com-diretoria-da-associacao-de-danca-de-piracicaba\/#listItem","position":3,"name":"Vereador debate projetos com diretoria da Associa\u00e7\u00e3o de Dan\u00e7a de Piracicaba","previousItem":{"@type":"ListItem","@id":"https:\/\/www.encontrapiracicaba.com.br\/sobre\/cultura-em-piracicaba\/#listItem","name":"Cultura Piracicaba"}}]},{"@type":"Organization","@id":"https:\/\/www.encontrapiracicaba.com.br\/sobre\/#organization","name":"Encontra Piracicaba","description":"Not\u00edcias, eventos, informa\u00e7\u00f5es e dicas na cidade de Piracicaba e regi\u00e3o","url":"https:\/\/www.encontrapiracicaba.com.br\/sobre\/"},{"@type":"Person","@id":"https:\/\/www.encontrapiracicaba.com.br\/sobre\/author\/epiracicaba\/#author","url":"https:\/\/www.encontrapiracicaba.com.br\/sobre\/author\/epiracicaba\/","name":"Encontra Piracicaba","image":{"@type":"ImageObject","@id":"https:\/\/www.encontrapiracicaba.com.br\/sobre\/vereador-debate-projetos-com-diretoria-da-associacao-de-danca-de-piracicaba\/#authorImage","url":"https:\/\/secure.gravatar.com\/avatar\/507340682b8270222e1f208e23198b6ae7e2c6a1033ae84e99bc6bce4f82a387?s=96&d=mm&r=g","width":96,"height":96,"caption":"Encontra Piracicaba"}},{"@type":"WebPage","@id":"https:\/\/www.encontrapiracicaba.com.br\/sobre\/vereador-debate-projetos-com-diretoria-da-associacao-de-danca-de-piracicaba\/#webpage","url":"https:\/\/www.encontrapiracicaba.com.br\/sobre\/vereador-debate-projetos-com-diretoria-da-associacao-de-danca-de-piracicaba\/","name":"Vereador debate projetos com diretoria da Associa\u00e7\u00e3o de Dan\u00e7a de Piracicaba | Encontra Piracicaba","inLanguage":"pt-BR","isPartOf":{"@id":"https:\/\/www.encontrapiracicaba.com.br\/sobre\/#website"},"breadcrumb":{"@id":"https:\/\/www.encontrapiracicaba.com.br\/sobre\/vereador-debate-projetos-com-diretoria-da-associacao-de-danca-de-piracicaba\/#breadcrumblist"},"author":{"@id":"https:\/\/www.encontrapiracicaba.com.br\/sobre\/author\/epiracicaba\/#author"},"creator":{"@id":"https:\/\/www.encontrapiracicaba.com.br\/sobre\/author\/epiracicaba\/#author"},"image":{"@type":"ImageObject","url":"https:\/\/www.encontrapiracicaba.com.br\/sobre\/wp-content\/uploads\/vereador-debate-projetos-com-diretoria-da-associacao-de-danca-de-piracicaba.webp","@id":"https:\/\/www.encontrapiracicaba.com.br\/sobre\/vereador-debate-projetos-com-diretoria-da-associacao-de-danca-de-piracicaba\/#mainImage","width":280,"height":280,"caption":"Associa\u00e7\u00e3o de Dan\u00e7a de Piracicaba"},"primaryImageOfPage":{"@id":"https:\/\/www.encontrapiracicaba.com.br\/sobre\/vereador-debate-projetos-com-diretoria-da-associacao-de-danca-de-piracicaba\/#mainImage"},"datePublished":"2026-07-08T21:42:21-03:00","dateModified":"2026-07-08T21:42:21-03:00"},{"@type":"WebSite","@id":"https:\/\/www.encontrapiracicaba.com.br\/sobre\/#website","url":"https:\/\/www.encontrapiracicaba.com.br\/sobre\/","name":"Encontra Piracicaba","description":"Not\u00edcias, eventos, informa\u00e7\u00f5es e dicas na cidade de Piracicaba e regi\u00e3o","inLanguage":"pt-BR","publisher":{"@id":"https:\/\/www.encontrapiracicaba.com.br\/sobre\/#organization"}}]},"og:locale":"pt_BR","og:site_name":"Encontra Piracicaba | Not\u00edcias, eventos, informa\u00e7\u00f5es e dicas na cidade de Piracicaba e regi\u00e3o","og:type":"article","og:title":"Vereador debate projetos com diretoria da Associa\u00e7\u00e3o de Dan\u00e7a de Piracicaba | Encontra Piracicaba","og:url":"https:\/\/www.encontrapiracicaba.com.br\/sobre\/vereador-debate-projetos-com-diretoria-da-associacao-de-danca-de-piracicaba\/","article:published_time":"2026-07-09T00:42:21+00:00","article:modified_time":"2026-07-09T00:42:21+00:00","twitter:card":"summary","twitter:title":"Vereador debate projetos com diretoria da Associa\u00e7\u00e3o de Dan\u00e7a de Piracicaba | Encontra Piracicaba"},"aioseo_meta_data":{"post_id":"4832","title":null,"description":null,"keywords":null,"keyphrases":null,"primary_term":null,"canonical_url":null,"og_title":null,"og_description":null,"og_object_type":"default","og_image_type":"default","og_image_url":null,"og_image_width":null,"og_image_height":null,"og_image_custom_url":null,"og_image_custom_fields":null,"og_video":null,"og_custom_url":null,"og_article_section":null,"og_article_tags":null,"twitter_use_og":false,"twitter_card":"default","twitter_image_type":"default","twitter_image_url":null,"twitter_image_custom_url":null,"twitter_image_custom_fields":null,"twitter_title":null,"twitter_description":null,"schema":{"blockGraphs":[],"customGraphs":[],"default":{"data":{"Article":[],"Course":[],"Dataset":[],"FAQPage":[],"Movie":[],"Person":[],"Product":[],"ProductReview":[],"Car":[],"Recipe":[],"Service":[],"SoftwareApplication":[],"WebPage":[]},"graphName":"Article","isEnabled":true},"graphs":[]},"schema_type":"default","schema_type_options":null,"pillar_content":false,"robots_default":true,"robots_noindex":false,"robots_noarchive":false,"robots_nosnippet":false,"robots_nofollow":false,"robots_noimageindex":false,"robots_noodp":false,"robots_notranslate":false,"robots_max_snippet":null,"robots_max_videopreview":null,"robots_max_imagepreview":"large","priority":null,"frequency":null,"local_seo":null,"breadcrumb_settings":null,"limit_modified_date":false,"ai":null,"created":"2026-07-09 00:42:24","updated":"2026-07-09 00:50:52","focus_keyword":null,"additional_keywords":null,"truseo_locale":null,"seo_analyzer_scan_date":null},"aioseo_breadcrumb":"<div class=\"aioseo-breadcrumbs\"><span class=\"aioseo-breadcrumb\">\n\t\t\t<a href=\"https:\/\/www.encontrapiracicaba.com.br\/sobre\" title=\"In\u00edcio\">In\u00edcio<\/a>\n\t\t<\/span><span class=\"aioseo-breadcrumb-separator\">&raquo;<\/span><span class=\"aioseo-breadcrumb\">\n\t\t\t<a href=\"https:\/\/www.encontrapiracicaba.com.br\/sobre\/cultura-em-piracicaba\/\" title=\"Cultura Piracicaba\">Cultura Piracicaba<\/a>\n\t\t<\/span><span class=\"aioseo-breadcrumb-separator\">&raquo;<\/span><span class=\"aioseo-breadcrumb\">\n\t\t\tVereador debate projetos com diretoria da Associa\u00e7\u00e3o de Dan\u00e7a de Piracicaba\n\t\t<\/span><\/div>","aioseo_breadcrumb_json":[{"label":"In\u00edcio","link":"https:\/\/www.encontrapiracicaba.com.br\/sobre"},{"label":"Cultura Piracicaba","link":"https:\/\/www.encontrapiracicaba.com.br\/sobre\/cultura-em-piracicaba\/"},{"label":"Vereador debate projetos com diretoria da Associa\u00e7\u00e3o de Dan\u00e7a de Piracicaba","link":"https:\/\/www.encontrapiracicaba.com.br\/sobre\/vereador-debate-projetos-com-diretoria-da-associacao-de-danca-de-piracicaba\/"}],"_links":{"self":[{"href":"https:\/\/www.encontrapiracicaba.com.br\/sobre\/wp-json\/wp\/v2\/posts\/4832","targetHints":{"allow":["GET"]}}],"collection":[{"href":"https:\/\/www.encontrapiracicaba.com.br\/sobre\/wp-json\/wp\/v2\/posts"}],"about":[{"href":"https:\/\/www.encontrapiracicaba.com.br\/sobre\/wp-json\/wp\/v2\/types\/post"}],"author":[{"embeddable":true,"href":"https:\/\/www.encontrapiracicaba.com.br\/sobre\/wp-json\/wp\/v2\/users\/1"}],"replies":[{"embeddable":true,"href":"https:\/\/www.encontrapiracicaba.com.br\/sobre\/wp-json\/wp\/v2\/comments?post=4832"}],"version-history":[{"count":0,"href":"https:\/\/www.encontrapiracicaba.com.br\/sobre\/wp-json\/wp\/v2\/posts\/4832\/revisions"}],"wp:featuredmedia":[{"embeddable":true,"href":"https:\/\/www.encontrapiracicaba.com.br\/sobre\/wp-json\/wp\/v2\/media\/4831"}],"wp:attachment":[{"href":"https:\/\/www.encontrapiracicaba.com.br\/sobre\/wp-json\/wp\/v2\/media?parent=4832"}],"wp:term":[{"taxonomy":"category","embeddable":true,"href":"https:\/\/www.encontrapiracicaba.com.br\/sobre\/wp-json\/wp\/v2\/categories?post=4832"},{"taxonomy":"post_tag","embeddable":true,"href":"https:\/\/www.encontrapiracicaba.com.br\/sobre\/wp-json\/wp\/v2\/tags?post=4832"}],"curies":[{"name":"wp","href":"https:\/\/api.w.org\/{rel}","templated":true}]}}