{"id":4846,"date":"2026-07-10T12:18:53","date_gmt":"2026-07-10T15:18:53","guid":{"rendered":"https:\/\/www.encontrapiracicaba.com.br\/sobre\/solenidade-celebra-200-anos-da-festa-do-divino-espirito-santo-nesta-quinta-2\/"},"modified":"2026-07-10T12:18:53","modified_gmt":"2026-07-10T15:18:53","slug":"solenidade-celebra-200-anos-da-festa-do-divino-espirito-santo-nesta-quinta-2","status":"publish","type":"post","link":"https:\/\/www.encontrapiracicaba.com.br\/sobre\/solenidade-celebra-200-anos-da-festa-do-divino-espirito-santo-nesta-quinta-2\/","title":{"rendered":"Solenidade celebra 200 anos da Festa do Divino Esp\u00edrito Santo nesta quinta (2)"},"content":{"rendered":"<div class=\"85df007ed5c0c4d4b453fd13a37855e8\" data-index=\"1\" style=\"float: none; margin:0px;\">\n<!-- Anuncio display - global -->\r\n<ins class=\"adsbygoogle\"\r\n     style=\"display:block\"\r\n     data-ad-client=\"ca-pub-8585364105181520\"\r\n     data-ad-slot=\"8789329856\"\r\n     data-ad-format=\"auto\"\r\n     data-full-width-responsive=\"true\"><\/ins>\r\n<script>\r\n     (adsbygoogle = window.adsbygoogle || []).push({});\r\n<\/script>\n<\/div>\n<h2>Hist\u00f3ria da Festa do Divino Esp\u00edrito Santo<\/h2>\n<p>A Festa do Divino Esp\u00edrito Santo \u00e9 uma celebra\u00e7\u00e3o com ra\u00edzes muito profundas que se encontram nos prim\u00f3rdios da forma\u00e7\u00e3o de Piracicaba. Esta festividade foi introduzida na cidade pelos colonizadores portugueses e \u00e9 considerada uma das mais antigas manifesta\u00e7\u00f5es culturais da regi\u00e3o. Com uma heran\u00e7a que remonta a s\u00e9culos, essa festa se tornou um s\u00edmbolo de f\u00e9 e tradi\u00e7\u00e3o, refletindo a religiosidade dos primeiros imigrantes e suas pr\u00e1ticas espirituais.<\/p>\n<p>A irmandade que organiza a festividade, conhecida como Irmandade do Divino Esp\u00edrito Santo, foi institu\u00edda logo ap\u00f3s a funda\u00e7\u00e3o da cidade. Desde ent\u00e3o, a festa se consolidou como um importante evento social, que atrai n\u00e3o apenas a popula\u00e7\u00e3o local, mas tamb\u00e9m visitantes de diversas regi\u00f5es. A celebra\u00e7\u00e3o se caracteriza por margens religiosas, celebrando a presen\u00e7a do Esp\u00edrito Santo, elemento central da f\u00e9 crist\u00e3.<\/p>\n<h2>O significado religioso da festividade<\/h2>\n<p>A Festa do Divino Esp\u00edrito Santo tem um profundo significado religioso que vai al\u00e9m das celebra\u00e7\u00f5es rituais. \u00c9 um momento de devo\u00e7\u00e3o e reflex\u00e3o espiritual, onde os participantes se re\u00fanem para celebrar a presen\u00e7a do Esp\u00edrito Santo, que representa a for\u00e7a divina da cria\u00e7\u00e3o e da renova\u00e7\u00e3o. A festividade \u00e9 marcada por missas solenes, ora\u00e7\u00f5es e processionais que ressaltam a comunh\u00e3o entre os fi\u00e9is.<\/p>\n<p><img decoding=\"async\" src=\"https:\/\/www.encontrapiracicaba.com.br\/sobre\/wp-content\/uploads\/solenidade-celebra-200-anos-da-festa-do-divino-espirito-santo-nesta-quinta-2.webp\" alt=\"Festa do Divino Esp\u00edrito Santo\" loading=\"lazy\" \/><\/p>\n<p>Os s\u00edmbolos frequentemente utilizados, como a paloma e o cetro do Divino, s\u00e3o representa\u00e7\u00f5es vis\u00edveis da f\u00e9 e da devo\u00e7\u00e3o que permeiam o evento. Os participantes expressam seus pedidos e agradecimentos, refor\u00e7ando a conex\u00e3o espiritual que a festividade promove. Assim, a festa n\u00e3o apenas celebra a religiosidade, mas tamb\u00e9m fortalece la\u00e7os comunit\u00e1rios entre os presentes.<\/p>\n<h2>Comemora\u00e7\u00f5es ao longo dos anos<\/h2>\n<p>Comemorando seus 200 anos, a Festa do Divino Esp\u00edrito Santo tem passado por diversas transforma\u00e7\u00f5es ao longo dos anos. As celebra\u00e7\u00f5es foram adaptadas conforme as \u00e9pocas, mas sempre mantiveram a ess\u00eancia de sua tradi\u00e7\u00e3o. Desde os rituais mais simples at\u00e9 os grandes desfiles que marcam a festividade contempor\u00e2nea, cada ano traz uma nova forma de vivenciar a festa.<\/p>\n<p>As comemora\u00e7\u00f5es se expandiram, incluindo apresenta\u00e7\u00f5es culturais, dan\u00e7as folcl\u00f3ricas e uma variedade de eventos que refletem a diversidade da cultura local. Durante os dois s\u00e9culos, a festa tamb\u00e9m tem buscado a inclus\u00e3o de novas gera\u00e7\u00f5es, apresentando-se como um espa\u00e7o de aprendizado e transmiss\u00e3o de valores e tradi\u00e7\u00f5es.<\/p>\n<h2>A import\u00e2ncia da tradi\u00e7\u00e3o na cultura piracicabana<\/h2>\n<p>A Festa do Divino Esp\u00edrito Santo \u00e9 um componente vital da cultura piracicabana, influenciando o cotidiano e as rela\u00e7\u00f5es sociais da comunidade. Para os moradores de Piracicaba, a festividade representa mais do que um evento religioso; \u00e9 uma reafirma\u00e7\u00e3o de identidade e de pertencimento. A preserva\u00e7\u00e3o dessa tradi\u00e7\u00e3o \u00e9 crucial para a mem\u00f3ria coletiva da cidade.<\/p>\n<p>As tradi\u00e7\u00f5es desempenham um papel significativo na constru\u00e7\u00e3o da identidade cultural, e a festa \u00e9 um exemplo claro disso. As gera\u00e7\u00f5es que participam da festividade perpetuam hist\u00f3rias e rituais, garantindo que os valores de f\u00e9, solidariedade e comunidade sejam transmitidos. Al\u00e9m disso, a festa estabelece um forte v\u00ednculo entre os habitantes de Piracicaba, criando um senso de coopera\u00e7\u00e3o e confraterniza\u00e7\u00e3o.<\/p>\n<h2>Eventos programados para os 200 anos<\/h2>\n<p>O 200\u00ba anivers\u00e1rio da Festa do Divino Esp\u00edrito Santo contar\u00e1 com uma programa\u00e7\u00e3o especial que ir\u00e1 incluir uma s\u00e9rie de eventos atrativos. As celebra\u00e7\u00f5es incluir\u00e3o:<\/p>\n<ul>\n<li><strong>Missas solenes:<\/strong> Celebra\u00e7\u00f5es eucar\u00edsticas especiais com a participa\u00e7\u00e3o de autoridades religiosas locais.<\/li>\n<li><strong>Cortejos:<\/strong> Desfiles que mostrar\u00e3o a tradi\u00e7\u00e3o da festa, com a participa\u00e7\u00e3o de grupos folcl\u00f3ricos e devotos.<\/li>\n<li><strong>Palestras e Workshops:<\/strong> Eventos educacionais sobre a hist\u00f3ria e os significados da festa.<\/li>\n<li><strong>Apresenta\u00e7\u00f5es culturais:<\/strong> Dan\u00e7as, m\u00fasica e outros atos que celebram a cultura local.<\/li>\n<li><strong>Feiras e gastronomia:<\/strong> Espa\u00e7os para degusta\u00e7\u00e3o de pratos t\u00edpicos da culin\u00e1ria piracicabana.<\/li>\n<\/ul>\n<p>Esses eventos t\u00eam como objetivo celebrar n\u00e3o apenas a hist\u00f3ria, mas tamb\u00e9m criar oportunidades para que a comunidade se re\u00fana e reforce seus la\u00e7os sociais e culturais.<\/p>\n<h2>A participa\u00e7\u00e3o da comunidade na festa<\/h2>\n<p>A comunidade desempenha um papel essencial na realiza\u00e7\u00e3o da Festa do Divino Esp\u00edrito Santo. Desde a organiza\u00e7\u00e3o at\u00e9 a execu\u00e7\u00e3o dos eventos, a participa\u00e7\u00e3o ativa dos moradores \u00e9 o que garante o sucesso da celebra\u00e7\u00e3o. A irmandade, composta por volunt\u00e1rios e devotos, dedica seu tempo e esfor\u00e7os para planejar e executar cada detalhe da festividade.<\/p>\n<p>A participa\u00e7\u00e3o da comunidade tamb\u00e9m se estende aos preparativos, como a confec\u00e7\u00e3o das decora\u00e7\u00f5es, a produ\u00e7\u00e3o de alimentos e a organiza\u00e7\u00e3o das missas e ceremoniais. Essa colabora\u00e7\u00e3o refor\u00e7a o esp\u00edrito comunit\u00e1rio e a ideia de que a festa \u00e9 um patrim\u00f4nio compartilhado por todos. Assim, independentemente da idade ou origem, todos est\u00e3o convidados a contribuir e participar, fortalecendo o sentido de pertencimento.<\/p>\n<h2>Rituais e cortejos: um legado cultural<\/h2>\n<p>Os rituais e cortejos que fazem parte da Festa do Divino Esp\u00edrito Santo s\u00e3o a materializa\u00e7\u00e3o de um legado cultural que reflete a hist\u00f3ria e as cren\u00e7as da comunidade. Os cortejos s\u00e3o geralmente vibrantes, com repleta de figurantes, alegorias e m\u00fasica, colorindo as ruas da cidade e atraindo a aten\u00e7\u00e3o de todos. Esses momentos s\u00e3o uma express\u00e3o de f\u00e9, arte e tradi\u00e7\u00e3o, e representam a uni\u00e3o do povo em prol de uma causa comum.<\/p>\n<p>Atrav\u00e9s desses rituais, s\u00e3o contadas hist\u00f3rias, transmitidas mensagens de espiritualidade e reafirmada a identidade cultural. A participa\u00e7\u00e3o em cortejos n\u00e3o \u00e9 apenas uma atividade de entretenimento, mas tamb\u00e9m uma forma de aprendizado sobre a hist\u00f3ria que molda a cidade. A valoriza\u00e7\u00e3o desses rituais \u00e9 fundamental para manter viva a tradi\u00e7\u00e3o e inspirar futuras gera\u00e7\u00f5es a manterem essa heran\u00e7a cultural.<\/p>\n<h2>Como a festa promove a integra\u00e7\u00e3o social<\/h2>\n<p>A Festa do Divino Esp\u00edrito Santo atua como um catalisador para a integra\u00e7\u00e3o social e o fortalecimento de la\u00e7os entre diferentes grupos dentro da comunidade. Ao reunir pessoas de diversas origens e idades, promove um ambiente de conviv\u00eancia pac\u00edfica e solidariedade. Durante as comemora\u00e7\u00f5es, as barreiras sociais e culturais que normalmente separam as pessoas parecem desaparecer, dando espa\u00e7o a um sentimento de uni\u00e3o.<\/p>\n<p>Al\u00e9m disso, as a\u00e7\u00f5es de caridade realizadas durante a festa, como doa\u00e7\u00f5es e atividades de solidariedade, s\u00e3o exemplos claros de como a celebra\u00e7\u00e3o vai al\u00e9m do aspecto religioso. Essas iniciativas encorajam a generosidade, a empatia e o cuidado com o pr\u00f3ximo, valores que s\u00e3o fundamentais tanto na festividade quanto na vida cotidiana. Dessa forma, a festa se torna um evento que n\u00e3o apenas celebra a cultura e a f\u00e9, mas tamb\u00e9m promove uma sociedade mais harmoniosa.<\/p>\n<h2>Impacto da festa na identidade local<\/h2>\n<p>A Festa do Divino Esp\u00edrito Santo deixa uma marca indel\u00e9vel na identidade local. A sua realiza\u00e7\u00e3o gera um sentimento de orgulho entre os moradores e uma forte liga\u00e7\u00e3o emocional com a cidade. O evento n\u00e3o s\u00f3 fortalece a cultura local, mas tamb\u00e9m atrai turistas e visitantes, tornando-se um ponto de refer\u00eancia para aqueles que buscam conhecer as tradi\u00e7\u00f5es da regi\u00e3o.<\/p>\n<p>O impacto da festa \u00e9 sentido em diversas esferas da vida de Piracicaba, afetando o turismo, a economia local e a promo\u00e7\u00e3o da arte e da cultura. \u00c0 medida que visitantes de outras cidades e estados chegam para participar das festividades, o com\u00e9rcio local se beneficia, al\u00e9m de haver uma maior valoriza\u00e7\u00e3o das tradi\u00e7\u00f5es art\u00edsticas e culturais, que s\u00e3o divulgadas internacionalmente. Assim, a festa se torna n\u00e3o apenas um evento isolado, mas um fator que contribui para o desenvolvimento e a promo\u00e7\u00e3o de Piracicaba como um polo cultural.<\/p>\n<h2>O futuro da Festa do Divino Esp\u00edrito Santo<\/h2>\n<p>O futuro da Festa do Divino Esp\u00edrito Santo parece promissor, com a continuidade das tradi\u00e7\u00f5es e a evolu\u00e7\u00e3o das celebra\u00e7\u00f5es. \u00c0 medida que novas gera\u00e7\u00f5es se envolvem e trazem suas perspectivas e inova\u00e7\u00f5es, a festa poder\u00e1 se adaptar \u00e0s mudan\u00e7as sociais e culturais, sem perder sua ess\u00eancia. O desafio ser\u00e1 manter o respeito pelas tradi\u00e7\u00f5es e, ao mesmo tempo, incluir elementos modernos que atraia os jovens.<\/p>\n<p>Al\u00e9m disso, \u00e9 essencial que a organiza\u00e7\u00e3o da festa continue a incentivar a participa\u00e7\u00e3o da comunidade, promovendo um senso de pertencimento e responsabilidade coletiva. Assim, a Festa do Divino Esp\u00edrito Santo continuar\u00e1 a ser uma celebra\u00e7\u00e3o relevante, que une as pessoas e refor\u00e7a os la\u00e7os comunit\u00e1rios por muitos anos adiante.<\/p>\n\n<div style=\"font-size: 0px; height: 0px; line-height: 0px; margin: 0; padding: 0; clear: both;\"><\/div>","protected":false},"excerpt":{"rendered":"<p>Festa do Divino Esp\u00edrito Santo completa 200 anos de tradi\u00e7\u00e3o e cultura em Piracicaba.<\/p>\n","protected":false},"author":1,"featured_media":4845,"comment_status":"closed","ping_status":"closed","sticky":false,"template":"","format":"standard","meta":{"footnotes":""},"categories":[29],"tags":[],"class_list":["post-4846","post","type-post","status-publish","format-standard","has-post-thumbnail","hentry","category-cultura-em-piracicaba","has_thumb"],"aioseo_notices":[],"aioseo_head":"\n\t\t<!-- All in One SEO 5.0.0.1 - aioseo.com -->\n\t<meta name=\"robots\" content=\"max-image-preview:large\" \/>\n\t<meta name=\"author\" content=\"Encontra Piracicaba\"\/>\n\t<link rel=\"canonical\" href=\"https:\/\/www.encontrapiracicaba.com.br\/sobre\/solenidade-celebra-200-anos-da-festa-do-divino-espirito-santo-nesta-quinta-2\/\" \/>\n\t<meta name=\"generator\" content=\"All in One SEO (AIOSEO) 5.0.0.1\" \/>\n\t\t<meta property=\"og:locale\" content=\"pt_BR\" \/>\n\t\t<meta property=\"og:site_name\" content=\"Encontra Piracicaba | Not\u00edcias, eventos, informa\u00e7\u00f5es e dicas na cidade de Piracicaba e regi\u00e3o\" \/>\n\t\t<meta property=\"og:type\" content=\"article\" \/>\n\t\t<meta property=\"og:title\" content=\"Solenidade celebra 200 anos da Festa do Divino Esp\u00edrito Santo nesta quinta (2) | Encontra Piracicaba\" \/>\n\t\t<meta property=\"og:url\" content=\"https:\/\/www.encontrapiracicaba.com.br\/sobre\/solenidade-celebra-200-anos-da-festa-do-divino-espirito-santo-nesta-quinta-2\/\" \/>\n\t\t<meta property=\"article:published_time\" content=\"2026-07-10T15:18:53+00:00\" \/>\n\t\t<meta property=\"article:modified_time\" content=\"2026-07-10T15:18:53+00:00\" \/>\n\t\t<meta name=\"twitter:card\" content=\"summary\" \/>\n\t\t<meta name=\"twitter:title\" content=\"Solenidade celebra 200 anos da Festa do Divino Esp\u00edrito Santo nesta quinta (2) | Encontra Piracicaba\" \/>\n\t\t<script type=\"application\/ld+json\" class=\"aioseo-schema\">\n\t\t\t{\"@context\":\"https:\\\/\\\/schema.org\",\"@graph\":[{\"@type\":\"Article\",\"@id\":\"https:\\\/\\\/www.encontrapiracicaba.com.br\\\/sobre\\\/solenidade-celebra-200-anos-da-festa-do-divino-espirito-santo-nesta-quinta-2\\\/#article\",\"name\":\"Solenidade celebra 200 anos da Festa do Divino Esp\\u00edrito Santo nesta quinta (2) | Encontra Piracicaba\",\"headline\":\"Solenidade celebra 200 anos da Festa do Divino Esp\\u00edrito Santo nesta quinta (2)\",\"author\":{\"@id\":\"https:\\\/\\\/www.encontrapiracicaba.com.br\\\/sobre\\\/author\\\/epiracicaba\\\/#author\"},\"publisher\":{\"@id\":\"https:\\\/\\\/www.encontrapiracicaba.com.br\\\/sobre\\\/#organization\"},\"image\":{\"@type\":\"ImageObject\",\"url\":\"https:\\\/\\\/www.encontrapiracicaba.com.br\\\/sobre\\\/wp-content\\\/uploads\\\/solenidade-celebra-200-anos-da-festa-do-divino-espirito-santo-nesta-quinta-2.webp\",\"width\":280,\"height\":280,\"caption\":\"Festa do Divino Esp\\u00edrito Santo\"},\"datePublished\":\"2026-07-10T12:18:53-03:00\",\"dateModified\":\"2026-07-10T12:18:53-03:00\",\"inLanguage\":\"pt-BR\",\"mainEntityOfPage\":{\"@id\":\"https:\\\/\\\/www.encontrapiracicaba.com.br\\\/sobre\\\/solenidade-celebra-200-anos-da-festa-do-divino-espirito-santo-nesta-quinta-2\\\/#webpage\"},\"isPartOf\":{\"@id\":\"https:\\\/\\\/www.encontrapiracicaba.com.br\\\/sobre\\\/solenidade-celebra-200-anos-da-festa-do-divino-espirito-santo-nesta-quinta-2\\\/#webpage\"},\"articleSection\":\"Cultura Piracicaba\"},{\"@type\":\"BreadcrumbList\",\"@id\":\"https:\\\/\\\/www.encontrapiracicaba.com.br\\\/sobre\\\/solenidade-celebra-200-anos-da-festa-do-divino-espirito-santo-nesta-quinta-2\\\/#breadcrumblist\",\"itemListElement\":[{\"@type\":\"ListItem\",\"@id\":\"https:\\\/\\\/www.encontrapiracicaba.com.br\\\/sobre#listItem\",\"position\":1,\"name\":\"In\\u00edcio\",\"item\":\"https:\\\/\\\/www.encontrapiracicaba.com.br\\\/sobre\",\"nextItem\":{\"@type\":\"ListItem\",\"@id\":\"https:\\\/\\\/www.encontrapiracicaba.com.br\\\/sobre\\\/cultura-em-piracicaba\\\/#listItem\",\"name\":\"Cultura Piracicaba\"}},{\"@type\":\"ListItem\",\"@id\":\"https:\\\/\\\/www.encontrapiracicaba.com.br\\\/sobre\\\/cultura-em-piracicaba\\\/#listItem\",\"position\":2,\"name\":\"Cultura Piracicaba\",\"item\":\"https:\\\/\\\/www.encontrapiracicaba.com.br\\\/sobre\\\/cultura-em-piracicaba\\\/\",\"nextItem\":{\"@type\":\"ListItem\",\"@id\":\"https:\\\/\\\/www.encontrapiracicaba.com.br\\\/sobre\\\/solenidade-celebra-200-anos-da-festa-do-divino-espirito-santo-nesta-quinta-2\\\/#listItem\",\"name\":\"Solenidade celebra 200 anos da Festa do Divino Esp\\u00edrito Santo nesta quinta (2)\"},\"previousItem\":{\"@type\":\"ListItem\",\"@id\":\"https:\\\/\\\/www.encontrapiracicaba.com.br\\\/sobre#listItem\",\"name\":\"In\\u00edcio\"}},{\"@type\":\"ListItem\",\"@id\":\"https:\\\/\\\/www.encontrapiracicaba.com.br\\\/sobre\\\/solenidade-celebra-200-anos-da-festa-do-divino-espirito-santo-nesta-quinta-2\\\/#listItem\",\"position\":3,\"name\":\"Solenidade celebra 200 anos da Festa do Divino Esp\\u00edrito Santo nesta quinta (2)\",\"previousItem\":{\"@type\":\"ListItem\",\"@id\":\"https:\\\/\\\/www.encontrapiracicaba.com.br\\\/sobre\\\/cultura-em-piracicaba\\\/#listItem\",\"name\":\"Cultura Piracicaba\"}}]},{\"@type\":\"Organization\",\"@id\":\"https:\\\/\\\/www.encontrapiracicaba.com.br\\\/sobre\\\/#organization\",\"name\":\"Encontra Piracicaba\",\"description\":\"Not\\u00edcias, eventos, informa\\u00e7\\u00f5es e dicas na cidade de Piracicaba e regi\\u00e3o\",\"url\":\"https:\\\/\\\/www.encontrapiracicaba.com.br\\\/sobre\\\/\"},{\"@type\":\"Person\",\"@id\":\"https:\\\/\\\/www.encontrapiracicaba.com.br\\\/sobre\\\/author\\\/epiracicaba\\\/#author\",\"url\":\"https:\\\/\\\/www.encontrapiracicaba.com.br\\\/sobre\\\/author\\\/epiracicaba\\\/\",\"name\":\"Encontra Piracicaba\",\"image\":{\"@type\":\"ImageObject\",\"@id\":\"https:\\\/\\\/www.encontrapiracicaba.com.br\\\/sobre\\\/solenidade-celebra-200-anos-da-festa-do-divino-espirito-santo-nesta-quinta-2\\\/#authorImage\",\"url\":\"https:\\\/\\\/secure.gravatar.com\\\/avatar\\\/507340682b8270222e1f208e23198b6ae7e2c6a1033ae84e99bc6bce4f82a387?s=96&d=mm&r=g\",\"width\":96,\"height\":96,\"caption\":\"Encontra Piracicaba\"}},{\"@type\":\"WebPage\",\"@id\":\"https:\\\/\\\/www.encontrapiracicaba.com.br\\\/sobre\\\/solenidade-celebra-200-anos-da-festa-do-divino-espirito-santo-nesta-quinta-2\\\/#webpage\",\"url\":\"https:\\\/\\\/www.encontrapiracicaba.com.br\\\/sobre\\\/solenidade-celebra-200-anos-da-festa-do-divino-espirito-santo-nesta-quinta-2\\\/\",\"name\":\"Solenidade celebra 200 anos da Festa do Divino Esp\\u00edrito Santo nesta quinta (2) | Encontra Piracicaba\",\"inLanguage\":\"pt-BR\",\"isPartOf\":{\"@id\":\"https:\\\/\\\/www.encontrapiracicaba.com.br\\\/sobre\\\/#website\"},\"breadcrumb\":{\"@id\":\"https:\\\/\\\/www.encontrapiracicaba.com.br\\\/sobre\\\/solenidade-celebra-200-anos-da-festa-do-divino-espirito-santo-nesta-quinta-2\\\/#breadcrumblist\"},\"author\":{\"@id\":\"https:\\\/\\\/www.encontrapiracicaba.com.br\\\/sobre\\\/author\\\/epiracicaba\\\/#author\"},\"creator\":{\"@id\":\"https:\\\/\\\/www.encontrapiracicaba.com.br\\\/sobre\\\/author\\\/epiracicaba\\\/#author\"},\"image\":{\"@type\":\"ImageObject\",\"url\":\"https:\\\/\\\/www.encontrapiracicaba.com.br\\\/sobre\\\/wp-content\\\/uploads\\\/solenidade-celebra-200-anos-da-festa-do-divino-espirito-santo-nesta-quinta-2.webp\",\"@id\":\"https:\\\/\\\/www.encontrapiracicaba.com.br\\\/sobre\\\/solenidade-celebra-200-anos-da-festa-do-divino-espirito-santo-nesta-quinta-2\\\/#mainImage\",\"width\":280,\"height\":280,\"caption\":\"Festa do Divino Esp\\u00edrito Santo\"},\"primaryImageOfPage\":{\"@id\":\"https:\\\/\\\/www.encontrapiracicaba.com.br\\\/sobre\\\/solenidade-celebra-200-anos-da-festa-do-divino-espirito-santo-nesta-quinta-2\\\/#mainImage\"},\"datePublished\":\"2026-07-10T12:18:53-03:00\",\"dateModified\":\"2026-07-10T12:18:53-03:00\"},{\"@type\":\"WebSite\",\"@id\":\"https:\\\/\\\/www.encontrapiracicaba.com.br\\\/sobre\\\/#website\",\"url\":\"https:\\\/\\\/www.encontrapiracicaba.com.br\\\/sobre\\\/\",\"name\":\"Encontra Piracicaba\",\"description\":\"Not\\u00edcias, eventos, informa\\u00e7\\u00f5es e dicas na cidade de Piracicaba e regi\\u00e3o\",\"inLanguage\":\"pt-BR\",\"publisher\":{\"@id\":\"https:\\\/\\\/www.encontrapiracicaba.com.br\\\/sobre\\\/#organization\"}}]}\n\t\t<\/script>\n\t\t<!-- All in One SEO -->\n\n","aioseo_head_json":{"title":"Solenidade celebra 200 anos da Festa do Divino Esp\u00edrito Santo nesta quinta (2) | Encontra Piracicaba","description":"","canonical_url":"https:\/\/www.encontrapiracicaba.com.br\/sobre\/solenidade-celebra-200-anos-da-festa-do-divino-espirito-santo-nesta-quinta-2\/","robots":"max-image-preview:large","keywords":"","webmasterTools":{"miscellaneous":""},"schema":{"@context":"https:\/\/schema.org","@graph":[{"@type":"Article","@id":"https:\/\/www.encontrapiracicaba.com.br\/sobre\/solenidade-celebra-200-anos-da-festa-do-divino-espirito-santo-nesta-quinta-2\/#article","name":"Solenidade celebra 200 anos da Festa do Divino Esp\u00edrito Santo nesta quinta (2) | Encontra Piracicaba","headline":"Solenidade celebra 200 anos da Festa do Divino Esp\u00edrito Santo nesta quinta (2)","author":{"@id":"https:\/\/www.encontrapiracicaba.com.br\/sobre\/author\/epiracicaba\/#author"},"publisher":{"@id":"https:\/\/www.encontrapiracicaba.com.br\/sobre\/#organization"},"image":{"@type":"ImageObject","url":"https:\/\/www.encontrapiracicaba.com.br\/sobre\/wp-content\/uploads\/solenidade-celebra-200-anos-da-festa-do-divino-espirito-santo-nesta-quinta-2.webp","width":280,"height":280,"caption":"Festa do Divino Esp\u00edrito Santo"},"datePublished":"2026-07-10T12:18:53-03:00","dateModified":"2026-07-10T12:18:53-03:00","inLanguage":"pt-BR","mainEntityOfPage":{"@id":"https:\/\/www.encontrapiracicaba.com.br\/sobre\/solenidade-celebra-200-anos-da-festa-do-divino-espirito-santo-nesta-quinta-2\/#webpage"},"isPartOf":{"@id":"https:\/\/www.encontrapiracicaba.com.br\/sobre\/solenidade-celebra-200-anos-da-festa-do-divino-espirito-santo-nesta-quinta-2\/#webpage"},"articleSection":"Cultura Piracicaba"},{"@type":"BreadcrumbList","@id":"https:\/\/www.encontrapiracicaba.com.br\/sobre\/solenidade-celebra-200-anos-da-festa-do-divino-espirito-santo-nesta-quinta-2\/#breadcrumblist","itemListElement":[{"@type":"ListItem","@id":"https:\/\/www.encontrapiracicaba.com.br\/sobre#listItem","position":1,"name":"In\u00edcio","item":"https:\/\/www.encontrapiracicaba.com.br\/sobre","nextItem":{"@type":"ListItem","@id":"https:\/\/www.encontrapiracicaba.com.br\/sobre\/cultura-em-piracicaba\/#listItem","name":"Cultura Piracicaba"}},{"@type":"ListItem","@id":"https:\/\/www.encontrapiracicaba.com.br\/sobre\/cultura-em-piracicaba\/#listItem","position":2,"name":"Cultura Piracicaba","item":"https:\/\/www.encontrapiracicaba.com.br\/sobre\/cultura-em-piracicaba\/","nextItem":{"@type":"ListItem","@id":"https:\/\/www.encontrapiracicaba.com.br\/sobre\/solenidade-celebra-200-anos-da-festa-do-divino-espirito-santo-nesta-quinta-2\/#listItem","name":"Solenidade celebra 200 anos da Festa do Divino Esp\u00edrito Santo nesta quinta (2)"},"previousItem":{"@type":"ListItem","@id":"https:\/\/www.encontrapiracicaba.com.br\/sobre#listItem","name":"In\u00edcio"}},{"@type":"ListItem","@id":"https:\/\/www.encontrapiracicaba.com.br\/sobre\/solenidade-celebra-200-anos-da-festa-do-divino-espirito-santo-nesta-quinta-2\/#listItem","position":3,"name":"Solenidade celebra 200 anos da Festa do Divino Esp\u00edrito Santo nesta quinta (2)","previousItem":{"@type":"ListItem","@id":"https:\/\/www.encontrapiracicaba.com.br\/sobre\/cultura-em-piracicaba\/#listItem","name":"Cultura Piracicaba"}}]},{"@type":"Organization","@id":"https:\/\/www.encontrapiracicaba.com.br\/sobre\/#organization","name":"Encontra Piracicaba","description":"Not\u00edcias, eventos, informa\u00e7\u00f5es e dicas na cidade de Piracicaba e regi\u00e3o","url":"https:\/\/www.encontrapiracicaba.com.br\/sobre\/"},{"@type":"Person","@id":"https:\/\/www.encontrapiracicaba.com.br\/sobre\/author\/epiracicaba\/#author","url":"https:\/\/www.encontrapiracicaba.com.br\/sobre\/author\/epiracicaba\/","name":"Encontra Piracicaba","image":{"@type":"ImageObject","@id":"https:\/\/www.encontrapiracicaba.com.br\/sobre\/solenidade-celebra-200-anos-da-festa-do-divino-espirito-santo-nesta-quinta-2\/#authorImage","url":"https:\/\/secure.gravatar.com\/avatar\/507340682b8270222e1f208e23198b6ae7e2c6a1033ae84e99bc6bce4f82a387?s=96&d=mm&r=g","width":96,"height":96,"caption":"Encontra Piracicaba"}},{"@type":"WebPage","@id":"https:\/\/www.encontrapiracicaba.com.br\/sobre\/solenidade-celebra-200-anos-da-festa-do-divino-espirito-santo-nesta-quinta-2\/#webpage","url":"https:\/\/www.encontrapiracicaba.com.br\/sobre\/solenidade-celebra-200-anos-da-festa-do-divino-espirito-santo-nesta-quinta-2\/","name":"Solenidade celebra 200 anos da Festa do Divino Esp\u00edrito Santo nesta quinta (2) | Encontra Piracicaba","inLanguage":"pt-BR","isPartOf":{"@id":"https:\/\/www.encontrapiracicaba.com.br\/sobre\/#website"},"breadcrumb":{"@id":"https:\/\/www.encontrapiracicaba.com.br\/sobre\/solenidade-celebra-200-anos-da-festa-do-divino-espirito-santo-nesta-quinta-2\/#breadcrumblist"},"author":{"@id":"https:\/\/www.encontrapiracicaba.com.br\/sobre\/author\/epiracicaba\/#author"},"creator":{"@id":"https:\/\/www.encontrapiracicaba.com.br\/sobre\/author\/epiracicaba\/#author"},"image":{"@type":"ImageObject","url":"https:\/\/www.encontrapiracicaba.com.br\/sobre\/wp-content\/uploads\/solenidade-celebra-200-anos-da-festa-do-divino-espirito-santo-nesta-quinta-2.webp","@id":"https:\/\/www.encontrapiracicaba.com.br\/sobre\/solenidade-celebra-200-anos-da-festa-do-divino-espirito-santo-nesta-quinta-2\/#mainImage","width":280,"height":280,"caption":"Festa do Divino Esp\u00edrito Santo"},"primaryImageOfPage":{"@id":"https:\/\/www.encontrapiracicaba.com.br\/sobre\/solenidade-celebra-200-anos-da-festa-do-divino-espirito-santo-nesta-quinta-2\/#mainImage"},"datePublished":"2026-07-10T12:18:53-03:00","dateModified":"2026-07-10T12:18:53-03:00"},{"@type":"WebSite","@id":"https:\/\/www.encontrapiracicaba.com.br\/sobre\/#website","url":"https:\/\/www.encontrapiracicaba.com.br\/sobre\/","name":"Encontra Piracicaba","description":"Not\u00edcias, eventos, informa\u00e7\u00f5es e dicas na cidade de Piracicaba e regi\u00e3o","inLanguage":"pt-BR","publisher":{"@id":"https:\/\/www.encontrapiracicaba.com.br\/sobre\/#organization"}}]},"og:locale":"pt_BR","og:site_name":"Encontra Piracicaba | Not\u00edcias, eventos, informa\u00e7\u00f5es e dicas na cidade de Piracicaba e regi\u00e3o","og:type":"article","og:title":"Solenidade celebra 200 anos da Festa do Divino Esp\u00edrito Santo nesta quinta (2) | Encontra Piracicaba","og:url":"https:\/\/www.encontrapiracicaba.com.br\/sobre\/solenidade-celebra-200-anos-da-festa-do-divino-espirito-santo-nesta-quinta-2\/","article:published_time":"2026-07-10T15:18:53+00:00","article:modified_time":"2026-07-10T15:18:53+00:00","twitter:card":"summary","twitter:title":"Solenidade celebra 200 anos da Festa do Divino Esp\u00edrito Santo nesta quinta (2) | Encontra Piracicaba"},"aioseo_meta_data":{"post_id":"4846","title":null,"description":null,"keywords":null,"keyphrases":null,"primary_term":null,"canonical_url":null,"og_title":null,"og_description":null,"og_object_type":"default","og_image_type":"default","og_image_url":null,"og_image_width":null,"og_image_height":null,"og_image_custom_url":null,"og_image_custom_fields":null,"og_video":null,"og_custom_url":null,"og_article_section":null,"og_article_tags":null,"twitter_use_og":false,"twitter_card":"default","twitter_image_type":"default","twitter_image_url":null,"twitter_image_custom_url":null,"twitter_image_custom_fields":null,"twitter_title":null,"twitter_description":null,"schema":{"blockGraphs":[],"customGraphs":[],"default":{"data":{"Article":[],"Course":[],"Dataset":[],"FAQPage":[],"Movie":[],"Person":[],"Product":[],"ProductReview":[],"Car":[],"Recipe":[],"Service":[],"SoftwareApplication":[],"WebPage":[]},"graphName":"Article","isEnabled":true},"graphs":[]},"schema_type":"default","schema_type_options":null,"pillar_content":false,"robots_default":true,"robots_noindex":false,"robots_noarchive":false,"robots_nosnippet":false,"robots_nofollow":false,"robots_noimageindex":false,"robots_noodp":false,"robots_notranslate":false,"robots_max_snippet":null,"robots_max_videopreview":null,"robots_max_imagepreview":"large","priority":null,"frequency":null,"local_seo":null,"breadcrumb_settings":null,"limit_modified_date":false,"ai":null,"created":"2026-07-10 15:18:57","updated":"2026-07-10 15:25:10","focus_keyword":null,"additional_keywords":null,"truseo_locale":null,"seo_analyzer_scan_date":null},"aioseo_breadcrumb":"<div class=\"aioseo-breadcrumbs\"><span class=\"aioseo-breadcrumb\">\n\t\t\t<a href=\"https:\/\/www.encontrapiracicaba.com.br\/sobre\" title=\"In\u00edcio\">In\u00edcio<\/a>\n\t\t<\/span><span class=\"aioseo-breadcrumb-separator\">&raquo;<\/span><span class=\"aioseo-breadcrumb\">\n\t\t\t<a href=\"https:\/\/www.encontrapiracicaba.com.br\/sobre\/cultura-em-piracicaba\/\" title=\"Cultura Piracicaba\">Cultura Piracicaba<\/a>\n\t\t<\/span><span class=\"aioseo-breadcrumb-separator\">&raquo;<\/span><span class=\"aioseo-breadcrumb\">\n\t\t\tSolenidade celebra 200 anos da Festa do Divino Esp\u00edrito Santo nesta quinta (2)\n\t\t<\/span><\/div>","aioseo_breadcrumb_json":[{"label":"In\u00edcio","link":"https:\/\/www.encontrapiracicaba.com.br\/sobre"},{"label":"Cultura Piracicaba","link":"https:\/\/www.encontrapiracicaba.com.br\/sobre\/cultura-em-piracicaba\/"},{"label":"Solenidade celebra 200 anos da Festa do Divino Esp\u00edrito Santo nesta quinta (2)","link":"https:\/\/www.encontrapiracicaba.com.br\/sobre\/solenidade-celebra-200-anos-da-festa-do-divino-espirito-santo-nesta-quinta-2\/"}],"_links":{"self":[{"href":"https:\/\/www.encontrapiracicaba.com.br\/sobre\/wp-json\/wp\/v2\/posts\/4846","targetHints":{"allow":["GET"]}}],"collection":[{"href":"https:\/\/www.encontrapiracicaba.com.br\/sobre\/wp-json\/wp\/v2\/posts"}],"about":[{"href":"https:\/\/www.encontrapiracicaba.com.br\/sobre\/wp-json\/wp\/v2\/types\/post"}],"author":[{"embeddable":true,"href":"https:\/\/www.encontrapiracicaba.com.br\/sobre\/wp-json\/wp\/v2\/users\/1"}],"replies":[{"embeddable":true,"href":"https:\/\/www.encontrapiracicaba.com.br\/sobre\/wp-json\/wp\/v2\/comments?post=4846"}],"version-history":[{"count":0,"href":"https:\/\/www.encontrapiracicaba.com.br\/sobre\/wp-json\/wp\/v2\/posts\/4846\/revisions"}],"wp:featuredmedia":[{"embeddable":true,"href":"https:\/\/www.encontrapiracicaba.com.br\/sobre\/wp-json\/wp\/v2\/media\/4845"}],"wp:attachment":[{"href":"https:\/\/www.encontrapiracicaba.com.br\/sobre\/wp-json\/wp\/v2\/media?parent=4846"}],"wp:term":[{"taxonomy":"category","embeddable":true,"href":"https:\/\/www.encontrapiracicaba.com.br\/sobre\/wp-json\/wp\/v2\/categories?post=4846"},{"taxonomy":"post_tag","embeddable":true,"href":"https:\/\/www.encontrapiracicaba.com.br\/sobre\/wp-json\/wp\/v2\/tags?post=4846"}],"curies":[{"name":"wp","href":"https:\/\/api.w.org\/{rel}","templated":true}]}}