{"id":4858,"date":"2026-07-11T22:29:58","date_gmt":"2026-07-12T01:29:58","guid":{"rendered":"https:\/\/www.encontrapiracicaba.com.br\/sobre\/camara-ipasp-executivo-e-servidores-debatem-proposta-de-reforma-da-previdencia\/"},"modified":"2026-07-11T22:29:58","modified_gmt":"2026-07-12T01:29:58","slug":"camara-ipasp-executivo-e-servidores-debatem-proposta-de-reforma-da-previdencia","status":"publish","type":"post","link":"https:\/\/www.encontrapiracicaba.com.br\/sobre\/camara-ipasp-executivo-e-servidores-debatem-proposta-de-reforma-da-previdencia\/","title":{"rendered":"C\u00e2mara, Ipasp, Executivo e servidores debatem proposta de reforma da Previd\u00eancia"},"content":{"rendered":"<div class=\"85df007ed5c0c4d4b453fd13a37855e8\" data-index=\"1\" style=\"float: none; margin:0px;\">\n<!-- Anuncio display - global -->\r\n<ins class=\"adsbygoogle\"\r\n     style=\"display:block\"\r\n     data-ad-client=\"ca-pub-8585364105181520\"\r\n     data-ad-slot=\"8789329856\"\r\n     data-ad-format=\"auto\"\r\n     data-full-width-responsive=\"true\"><\/ins>\r\n<script>\r\n     (adsbygoogle = window.adsbygoogle || []).push({});\r\n<\/script>\n<\/div>\n<h2>Contexto da Reforma da Previd\u00eancia Municipal<\/h2>\n<p>A C\u00e2mara Municipal de Piracicaba, sob a lideran\u00e7a do vereador Rerlison Rezende, promoveu um encontro significativo para discutir um projeto de emenda \u00e0 Lei Org\u00e2nica que visa a reforma da previd\u00eancia municipal. Esta iniciativa responde \u00e0 necessidade de alinhar as regras de aposentadoria dos servidores municipais \u00e0s exig\u00eancias estabelecidas pela Emenda Constitucional 103\/2019. O debate re\u00fane servidores, representantes do Ipasp (Instituto de Previd\u00eancia e Assist\u00eancia Social dos Funcion\u00e1rios Municipais de Piracicaba) e membros do Executivo.<\/p>\n<h2>O Papel da C\u00e2mara Municipal<\/h2>\n<p>A fun\u00e7\u00e3o da C\u00e2mara Municipal neste contexto \u00e9 crucial, j\u00e1 que serve como um espa\u00e7o para a discuss\u00e3o e delibera\u00e7\u00e3o sobre quest\u00f5es que afetam diretamente os servidores p\u00fablicos e a sustentabilidade do sistema previdenci\u00e1rio. Durante a reuni\u00e3o, o clima era de preocupa\u00e7\u00e3o e expectativa, com diversas partes interessadas buscando esclarecimentos sobre as mudan\u00e7as propostas.<\/p>\n<h2>Desafios Apresentados pelos Servidores<\/h2>\n<p>Os servidores municipais expressaram suas apreens\u00f5es em rela\u00e7\u00e3o \u00e0 proposta que eleva a idade m\u00ednima para aposentadoria e aumenta a al\u00edquota de contribui\u00e7\u00e3o. A fixa\u00e7\u00e3o da aposentadoria futura aos 69 anos e a desvincula\u00e7\u00e3o dos reajustes dos benef\u00edcios previdenci\u00e1rios despertaram um acirrado debate, refletindo uma inquieta\u00e7\u00e3o com a natureza dr\u00e1stica das mudan\u00e7as. Durante a reuni\u00e3o, diversos servidores apresentaram perguntas e demandas por mais informa\u00e7\u00f5es sobre como essas altera\u00e7\u00f5es afetar\u00e3o seus direitos e benef\u00edcios a longo prazo.<\/p>\n<p><img decoding=\"async\" src=\"https:\/\/www.encontrapiracicaba.com.br\/sobre\/wp-content\/uploads\/camara-ipasp-executivo-e-servidores-debatem-proposta-de-reforma-da-previdencia.webp\" alt=\"reforma da Previd\u00eancia\" loading=\"lazy\" \/><\/p>\n<h2>Demandas de Transpar\u00eancia e Acesso \u00e0 Informa\u00e7\u00e3o<\/h2>\n<p>Um ponto central discutido no encontro foi a necessidade de maior transpar\u00eancia em rela\u00e7\u00e3o \u00e0s decis\u00f5es que afetam a previd\u00eancia dos servidores. O acesso ao estudo atuarial promovido pela Fipe, que fundamenta a proposta do Executivo, foi solicitado como uma forma de subsidiar a discuss\u00e3o. Os participantes insistiram em que as informa\u00e7\u00f5es sobre as regras de transi\u00e7\u00e3o estejam claramente dispon\u00edveis para evitar incertezas futuras.<\/p>\n<h2>Novas Regras de Aposentadoria<\/h2>\n<p>A proposta de reforma traz consigo novas regras de aposentadoria que afetam diferentes grupos de servidores. Enquanto os servidores futuros poder\u00e3o se aposentar apenas aos 69 anos, os que j\u00e1 est\u00e3o na ativa ver\u00e3o suas condi\u00e7\u00f5es alteradas, com aumento na idade m\u00ednima de aposentadoria, proporcionando um impacto consider\u00e1vel nas suas expectativas de aposentadoria. Os novos valores de contribui\u00e7\u00e3o, que passam de 11% para 14%, tamb\u00e9m elevam a press\u00e3o financeira sobre os servidores.<\/p>\n<h2>As Preocupa\u00e7\u00f5es com as Contribui\u00e7\u00f5es<\/h2>\n<p>As mudan\u00e7as nas al\u00edquotas de contribui\u00e7\u00e3o constituem um dos pontos mais debatidos, e muitos membros da audi\u00eancia expressaram preocupa\u00e7\u00e3o de que tais aumentos possam representar um diminui\u00e7\u00e3o real nos rendimentos l\u00edquidos dos trabalhadores. Isso se torna ainda mais cr\u00edtico considerando que a proposta tamb\u00e9m sugere uma desvincula\u00e7\u00e3o dos reajustes dos benef\u00edcios previdenci\u00e1rios dos servidores ativos, criando uma pot\u00eancia desconfort\u00e1vel entre os ativos e os inativos.<\/p>\n<h2>Repercuss\u00f5es das Propostas para os Servidores<\/h2>\n<p>A introdu\u00e7\u00e3o das novas regras de aposentadoria e as altera\u00e7\u00f5es no sistema de contribui\u00e7\u00f5es podem ter repercuss\u00f5es significativas n\u00e3o apenas nos direitos previdenci\u00e1rios dos servidores atuais, mas tamb\u00e9m na ado\u00e7\u00e3o de novas estrat\u00e9gias de planejamento de carreira e finan\u00e7as pessoais. Servidores pr\u00f3ximos da aposentadoria expressaram preocupa\u00e7\u00f5es sobre a inseguran\u00e7a em rela\u00e7\u00e3o \u00e0s novas regras e como essas mudan\u00e7as podem impactar suas vidas financeiras e familiares.<\/p>\n<h2>Participa\u00e7\u00e3o da Sociedade nas Decis\u00f5es<\/h2>\n<p>A participa\u00e7\u00e3o ativa da sociedade na discuss\u00e3o desta reforma \u00e9 essencial. O vereador Josef Borges enfatizou a import\u00e2ncia de uma audi\u00eancia p\u00fablica para permitir que todas as partes interessadas, incluindo cidad\u00e3os e representantes de diversas categorias, possam discutir e debater as propostas. Essa a\u00e7\u00e3o indica um esfor\u00e7o para democratizar a discuss\u00e3o e garantir que decis\u00f5es relevantes sejam tomadas em um espa\u00e7o construtivo e inclusivo.<\/p>\n<h2>An\u00e1lise do Estudo Atuarial da Fipe<\/h2>\n<p>Um dos elementos cr\u00edticos levantados foi o estudo atuarial desenvolvido pela Fipe, que deve servir como uma base t\u00e9cnica para justificar as propostas apresentadas. A an\u00e1lise de como o d\u00e9ficit atuarial do Ipasp e as proje\u00e7\u00f5es futuras de receitas e despesas foram calculadas tornam-se fundamentais para a credibilidade da reforma. Servidores solicitaram refor\u00e7os em rela\u00e7\u00e3o a estes dados, apontando que a falta de transpar\u00eancia pode levar a decis\u00f5es prejudiciais.<\/p>\n<h2>Pr\u00f3ximos Passos e Audi\u00eancias P\u00fablicas<\/h2>\n<p>Como pr\u00f3ximos passos, est\u00e1 agendada uma audi\u00eancia p\u00fablica para o dia 26, onde o estudo actuarial e as regras de transi\u00e7\u00e3o ser\u00e3o discutidos. Este momento ser\u00e1 a chave para esclarecer as preocupa\u00e7\u00f5es levantadas e construir um entendimento comum entre os diferentes envolvidos. Todos os participantes expressaram a expectativa de que essa audi\u00eancia n\u00e3o apenas forne\u00e7a as informa\u00e7\u00f5es necess\u00e1rias, mas tamb\u00e9m promova um di\u00e1logo aberto e transparente, essencial para encontrar solu\u00e7\u00f5es que atendam tanto as necessidades dos servidores quanto os objetivos do governo municipal.<\/p>\n\n<div style=\"font-size: 0px; height: 0px; line-height: 0px; margin: 0; padding: 0; clear: both;\"><\/div>","protected":false},"excerpt":{"rendered":"<p>Reforma da Previd\u00eancia \u00e9 tema de debate na C\u00e2mara Municipal de Piracicaba.<\/p>\n","protected":false},"author":1,"featured_media":4857,"comment_status":"closed","ping_status":"closed","sticky":false,"template":"","format":"standard","meta":{"footnotes":""},"categories":[6],"tags":[],"class_list":["post-4858","post","type-post","status-publish","format-standard","has-post-thumbnail","hentry","category-noticias-em-piracicaba","has_thumb"],"aioseo_notices":[],"aioseo_head":"\n\t\t<!-- All in One SEO 5.0.0.1 - aioseo.com -->\n\t<meta name=\"robots\" content=\"max-image-preview:large\" \/>\n\t<meta name=\"author\" content=\"Encontra Piracicaba\"\/>\n\t<link rel=\"canonical\" href=\"https:\/\/www.encontrapiracicaba.com.br\/sobre\/camara-ipasp-executivo-e-servidores-debatem-proposta-de-reforma-da-previdencia\/\" \/>\n\t<meta name=\"generator\" content=\"All in One SEO (AIOSEO) 5.0.0.1\" \/>\n\t\t<meta property=\"og:locale\" content=\"pt_BR\" \/>\n\t\t<meta property=\"og:site_name\" content=\"Encontra Piracicaba | Not\u00edcias, eventos, informa\u00e7\u00f5es e dicas na cidade de Piracicaba e regi\u00e3o\" \/>\n\t\t<meta property=\"og:type\" content=\"article\" \/>\n\t\t<meta property=\"og:title\" content=\"C\u00e2mara, Ipasp, Executivo e servidores debatem proposta de reforma da Previd\u00eancia | Encontra Piracicaba\" \/>\n\t\t<meta property=\"og:url\" content=\"https:\/\/www.encontrapiracicaba.com.br\/sobre\/camara-ipasp-executivo-e-servidores-debatem-proposta-de-reforma-da-previdencia\/\" \/>\n\t\t<meta property=\"article:published_time\" content=\"2026-07-12T01:29:58+00:00\" \/>\n\t\t<meta property=\"article:modified_time\" content=\"2026-07-12T01:29:58+00:00\" \/>\n\t\t<meta name=\"twitter:card\" content=\"summary\" \/>\n\t\t<meta name=\"twitter:title\" content=\"C\u00e2mara, Ipasp, Executivo e servidores debatem proposta de reforma da Previd\u00eancia | Encontra Piracicaba\" \/>\n\t\t<script type=\"application\/ld+json\" class=\"aioseo-schema\">\n\t\t\t{\"@context\":\"https:\\\/\\\/schema.org\",\"@graph\":[{\"@type\":\"Article\",\"@id\":\"https:\\\/\\\/www.encontrapiracicaba.com.br\\\/sobre\\\/camara-ipasp-executivo-e-servidores-debatem-proposta-de-reforma-da-previdencia\\\/#article\",\"name\":\"C\\u00e2mara, Ipasp, Executivo e servidores debatem proposta de reforma da Previd\\u00eancia | Encontra Piracicaba\",\"headline\":\"C\\u00e2mara, Ipasp, Executivo e servidores debatem proposta de reforma da Previd\\u00eancia\",\"author\":{\"@id\":\"https:\\\/\\\/www.encontrapiracicaba.com.br\\\/sobre\\\/author\\\/epiracicaba\\\/#author\"},\"publisher\":{\"@id\":\"https:\\\/\\\/www.encontrapiracicaba.com.br\\\/sobre\\\/#organization\"},\"image\":{\"@type\":\"ImageObject\",\"url\":\"https:\\\/\\\/www.encontrapiracicaba.com.br\\\/sobre\\\/wp-content\\\/uploads\\\/camara-ipasp-executivo-e-servidores-debatem-proposta-de-reforma-da-previdencia.webp\",\"width\":280,\"height\":280,\"caption\":\"reforma da Previd\\u00eancia\"},\"datePublished\":\"2026-07-11T22:29:58-03:00\",\"dateModified\":\"2026-07-11T22:29:58-03:00\",\"inLanguage\":\"pt-BR\",\"mainEntityOfPage\":{\"@id\":\"https:\\\/\\\/www.encontrapiracicaba.com.br\\\/sobre\\\/camara-ipasp-executivo-e-servidores-debatem-proposta-de-reforma-da-previdencia\\\/#webpage\"},\"isPartOf\":{\"@id\":\"https:\\\/\\\/www.encontrapiracicaba.com.br\\\/sobre\\\/camara-ipasp-executivo-e-servidores-debatem-proposta-de-reforma-da-previdencia\\\/#webpage\"},\"articleSection\":\"Not\\u00edcias Piracicaba\"},{\"@type\":\"BreadcrumbList\",\"@id\":\"https:\\\/\\\/www.encontrapiracicaba.com.br\\\/sobre\\\/camara-ipasp-executivo-e-servidores-debatem-proposta-de-reforma-da-previdencia\\\/#breadcrumblist\",\"itemListElement\":[{\"@type\":\"ListItem\",\"@id\":\"https:\\\/\\\/www.encontrapiracicaba.com.br\\\/sobre#listItem\",\"position\":1,\"name\":\"In\\u00edcio\",\"item\":\"https:\\\/\\\/www.encontrapiracicaba.com.br\\\/sobre\",\"nextItem\":{\"@type\":\"ListItem\",\"@id\":\"https:\\\/\\\/www.encontrapiracicaba.com.br\\\/sobre\\\/noticias-em-piracicaba\\\/#listItem\",\"name\":\"Not\\u00edcias Piracicaba\"}},{\"@type\":\"ListItem\",\"@id\":\"https:\\\/\\\/www.encontrapiracicaba.com.br\\\/sobre\\\/noticias-em-piracicaba\\\/#listItem\",\"position\":2,\"name\":\"Not\\u00edcias Piracicaba\",\"item\":\"https:\\\/\\\/www.encontrapiracicaba.com.br\\\/sobre\\\/noticias-em-piracicaba\\\/\",\"nextItem\":{\"@type\":\"ListItem\",\"@id\":\"https:\\\/\\\/www.encontrapiracicaba.com.br\\\/sobre\\\/camara-ipasp-executivo-e-servidores-debatem-proposta-de-reforma-da-previdencia\\\/#listItem\",\"name\":\"C\\u00e2mara, Ipasp, Executivo e servidores debatem proposta de reforma da Previd\\u00eancia\"},\"previousItem\":{\"@type\":\"ListItem\",\"@id\":\"https:\\\/\\\/www.encontrapiracicaba.com.br\\\/sobre#listItem\",\"name\":\"In\\u00edcio\"}},{\"@type\":\"ListItem\",\"@id\":\"https:\\\/\\\/www.encontrapiracicaba.com.br\\\/sobre\\\/camara-ipasp-executivo-e-servidores-debatem-proposta-de-reforma-da-previdencia\\\/#listItem\",\"position\":3,\"name\":\"C\\u00e2mara, Ipasp, Executivo e servidores debatem proposta de reforma da Previd\\u00eancia\",\"previousItem\":{\"@type\":\"ListItem\",\"@id\":\"https:\\\/\\\/www.encontrapiracicaba.com.br\\\/sobre\\\/noticias-em-piracicaba\\\/#listItem\",\"name\":\"Not\\u00edcias Piracicaba\"}}]},{\"@type\":\"Organization\",\"@id\":\"https:\\\/\\\/www.encontrapiracicaba.com.br\\\/sobre\\\/#organization\",\"name\":\"Encontra Piracicaba\",\"description\":\"Not\\u00edcias, eventos, informa\\u00e7\\u00f5es e dicas na cidade de Piracicaba e regi\\u00e3o\",\"url\":\"https:\\\/\\\/www.encontrapiracicaba.com.br\\\/sobre\\\/\"},{\"@type\":\"Person\",\"@id\":\"https:\\\/\\\/www.encontrapiracicaba.com.br\\\/sobre\\\/author\\\/epiracicaba\\\/#author\",\"url\":\"https:\\\/\\\/www.encontrapiracicaba.com.br\\\/sobre\\\/author\\\/epiracicaba\\\/\",\"name\":\"Encontra Piracicaba\",\"image\":{\"@type\":\"ImageObject\",\"@id\":\"https:\\\/\\\/www.encontrapiracicaba.com.br\\\/sobre\\\/camara-ipasp-executivo-e-servidores-debatem-proposta-de-reforma-da-previdencia\\\/#authorImage\",\"url\":\"https:\\\/\\\/secure.gravatar.com\\\/avatar\\\/507340682b8270222e1f208e23198b6ae7e2c6a1033ae84e99bc6bce4f82a387?s=96&d=mm&r=g\",\"width\":96,\"height\":96,\"caption\":\"Encontra Piracicaba\"}},{\"@type\":\"WebPage\",\"@id\":\"https:\\\/\\\/www.encontrapiracicaba.com.br\\\/sobre\\\/camara-ipasp-executivo-e-servidores-debatem-proposta-de-reforma-da-previdencia\\\/#webpage\",\"url\":\"https:\\\/\\\/www.encontrapiracicaba.com.br\\\/sobre\\\/camara-ipasp-executivo-e-servidores-debatem-proposta-de-reforma-da-previdencia\\\/\",\"name\":\"C\\u00e2mara, Ipasp, Executivo e servidores debatem proposta de reforma da Previd\\u00eancia | Encontra Piracicaba\",\"inLanguage\":\"pt-BR\",\"isPartOf\":{\"@id\":\"https:\\\/\\\/www.encontrapiracicaba.com.br\\\/sobre\\\/#website\"},\"breadcrumb\":{\"@id\":\"https:\\\/\\\/www.encontrapiracicaba.com.br\\\/sobre\\\/camara-ipasp-executivo-e-servidores-debatem-proposta-de-reforma-da-previdencia\\\/#breadcrumblist\"},\"author\":{\"@id\":\"https:\\\/\\\/www.encontrapiracicaba.com.br\\\/sobre\\\/author\\\/epiracicaba\\\/#author\"},\"creator\":{\"@id\":\"https:\\\/\\\/www.encontrapiracicaba.com.br\\\/sobre\\\/author\\\/epiracicaba\\\/#author\"},\"image\":{\"@type\":\"ImageObject\",\"url\":\"https:\\\/\\\/www.encontrapiracicaba.com.br\\\/sobre\\\/wp-content\\\/uploads\\\/camara-ipasp-executivo-e-servidores-debatem-proposta-de-reforma-da-previdencia.webp\",\"@id\":\"https:\\\/\\\/www.encontrapiracicaba.com.br\\\/sobre\\\/camara-ipasp-executivo-e-servidores-debatem-proposta-de-reforma-da-previdencia\\\/#mainImage\",\"width\":280,\"height\":280,\"caption\":\"reforma da Previd\\u00eancia\"},\"primaryImageOfPage\":{\"@id\":\"https:\\\/\\\/www.encontrapiracicaba.com.br\\\/sobre\\\/camara-ipasp-executivo-e-servidores-debatem-proposta-de-reforma-da-previdencia\\\/#mainImage\"},\"datePublished\":\"2026-07-11T22:29:58-03:00\",\"dateModified\":\"2026-07-11T22:29:58-03:00\"},{\"@type\":\"WebSite\",\"@id\":\"https:\\\/\\\/www.encontrapiracicaba.com.br\\\/sobre\\\/#website\",\"url\":\"https:\\\/\\\/www.encontrapiracicaba.com.br\\\/sobre\\\/\",\"name\":\"Encontra Piracicaba\",\"description\":\"Not\\u00edcias, eventos, informa\\u00e7\\u00f5es e dicas na cidade de Piracicaba e regi\\u00e3o\",\"inLanguage\":\"pt-BR\",\"publisher\":{\"@id\":\"https:\\\/\\\/www.encontrapiracicaba.com.br\\\/sobre\\\/#organization\"}}]}\n\t\t<\/script>\n\t\t<!-- All in One SEO -->\n\n","aioseo_head_json":{"title":"C\u00e2mara, Ipasp, Executivo e servidores debatem proposta de reforma da Previd\u00eancia | Encontra Piracicaba","description":"","canonical_url":"https:\/\/www.encontrapiracicaba.com.br\/sobre\/camara-ipasp-executivo-e-servidores-debatem-proposta-de-reforma-da-previdencia\/","robots":"max-image-preview:large","keywords":"","webmasterTools":{"miscellaneous":""},"schema":{"@context":"https:\/\/schema.org","@graph":[{"@type":"Article","@id":"https:\/\/www.encontrapiracicaba.com.br\/sobre\/camara-ipasp-executivo-e-servidores-debatem-proposta-de-reforma-da-previdencia\/#article","name":"C\u00e2mara, Ipasp, Executivo e servidores debatem proposta de reforma da Previd\u00eancia | Encontra Piracicaba","headline":"C\u00e2mara, Ipasp, Executivo e servidores debatem proposta de reforma da Previd\u00eancia","author":{"@id":"https:\/\/www.encontrapiracicaba.com.br\/sobre\/author\/epiracicaba\/#author"},"publisher":{"@id":"https:\/\/www.encontrapiracicaba.com.br\/sobre\/#organization"},"image":{"@type":"ImageObject","url":"https:\/\/www.encontrapiracicaba.com.br\/sobre\/wp-content\/uploads\/camara-ipasp-executivo-e-servidores-debatem-proposta-de-reforma-da-previdencia.webp","width":280,"height":280,"caption":"reforma da Previd\u00eancia"},"datePublished":"2026-07-11T22:29:58-03:00","dateModified":"2026-07-11T22:29:58-03:00","inLanguage":"pt-BR","mainEntityOfPage":{"@id":"https:\/\/www.encontrapiracicaba.com.br\/sobre\/camara-ipasp-executivo-e-servidores-debatem-proposta-de-reforma-da-previdencia\/#webpage"},"isPartOf":{"@id":"https:\/\/www.encontrapiracicaba.com.br\/sobre\/camara-ipasp-executivo-e-servidores-debatem-proposta-de-reforma-da-previdencia\/#webpage"},"articleSection":"Not\u00edcias Piracicaba"},{"@type":"BreadcrumbList","@id":"https:\/\/www.encontrapiracicaba.com.br\/sobre\/camara-ipasp-executivo-e-servidores-debatem-proposta-de-reforma-da-previdencia\/#breadcrumblist","itemListElement":[{"@type":"ListItem","@id":"https:\/\/www.encontrapiracicaba.com.br\/sobre#listItem","position":1,"name":"In\u00edcio","item":"https:\/\/www.encontrapiracicaba.com.br\/sobre","nextItem":{"@type":"ListItem","@id":"https:\/\/www.encontrapiracicaba.com.br\/sobre\/noticias-em-piracicaba\/#listItem","name":"Not\u00edcias Piracicaba"}},{"@type":"ListItem","@id":"https:\/\/www.encontrapiracicaba.com.br\/sobre\/noticias-em-piracicaba\/#listItem","position":2,"name":"Not\u00edcias Piracicaba","item":"https:\/\/www.encontrapiracicaba.com.br\/sobre\/noticias-em-piracicaba\/","nextItem":{"@type":"ListItem","@id":"https:\/\/www.encontrapiracicaba.com.br\/sobre\/camara-ipasp-executivo-e-servidores-debatem-proposta-de-reforma-da-previdencia\/#listItem","name":"C\u00e2mara, Ipasp, Executivo e servidores debatem proposta de reforma da Previd\u00eancia"},"previousItem":{"@type":"ListItem","@id":"https:\/\/www.encontrapiracicaba.com.br\/sobre#listItem","name":"In\u00edcio"}},{"@type":"ListItem","@id":"https:\/\/www.encontrapiracicaba.com.br\/sobre\/camara-ipasp-executivo-e-servidores-debatem-proposta-de-reforma-da-previdencia\/#listItem","position":3,"name":"C\u00e2mara, Ipasp, Executivo e servidores debatem proposta de reforma da Previd\u00eancia","previousItem":{"@type":"ListItem","@id":"https:\/\/www.encontrapiracicaba.com.br\/sobre\/noticias-em-piracicaba\/#listItem","name":"Not\u00edcias Piracicaba"}}]},{"@type":"Organization","@id":"https:\/\/www.encontrapiracicaba.com.br\/sobre\/#organization","name":"Encontra Piracicaba","description":"Not\u00edcias, eventos, informa\u00e7\u00f5es e dicas na cidade de Piracicaba e regi\u00e3o","url":"https:\/\/www.encontrapiracicaba.com.br\/sobre\/"},{"@type":"Person","@id":"https:\/\/www.encontrapiracicaba.com.br\/sobre\/author\/epiracicaba\/#author","url":"https:\/\/www.encontrapiracicaba.com.br\/sobre\/author\/epiracicaba\/","name":"Encontra Piracicaba","image":{"@type":"ImageObject","@id":"https:\/\/www.encontrapiracicaba.com.br\/sobre\/camara-ipasp-executivo-e-servidores-debatem-proposta-de-reforma-da-previdencia\/#authorImage","url":"https:\/\/secure.gravatar.com\/avatar\/507340682b8270222e1f208e23198b6ae7e2c6a1033ae84e99bc6bce4f82a387?s=96&d=mm&r=g","width":96,"height":96,"caption":"Encontra Piracicaba"}},{"@type":"WebPage","@id":"https:\/\/www.encontrapiracicaba.com.br\/sobre\/camara-ipasp-executivo-e-servidores-debatem-proposta-de-reforma-da-previdencia\/#webpage","url":"https:\/\/www.encontrapiracicaba.com.br\/sobre\/camara-ipasp-executivo-e-servidores-debatem-proposta-de-reforma-da-previdencia\/","name":"C\u00e2mara, Ipasp, Executivo e servidores debatem proposta de reforma da Previd\u00eancia | Encontra Piracicaba","inLanguage":"pt-BR","isPartOf":{"@id":"https:\/\/www.encontrapiracicaba.com.br\/sobre\/#website"},"breadcrumb":{"@id":"https:\/\/www.encontrapiracicaba.com.br\/sobre\/camara-ipasp-executivo-e-servidores-debatem-proposta-de-reforma-da-previdencia\/#breadcrumblist"},"author":{"@id":"https:\/\/www.encontrapiracicaba.com.br\/sobre\/author\/epiracicaba\/#author"},"creator":{"@id":"https:\/\/www.encontrapiracicaba.com.br\/sobre\/author\/epiracicaba\/#author"},"image":{"@type":"ImageObject","url":"https:\/\/www.encontrapiracicaba.com.br\/sobre\/wp-content\/uploads\/camara-ipasp-executivo-e-servidores-debatem-proposta-de-reforma-da-previdencia.webp","@id":"https:\/\/www.encontrapiracicaba.com.br\/sobre\/camara-ipasp-executivo-e-servidores-debatem-proposta-de-reforma-da-previdencia\/#mainImage","width":280,"height":280,"caption":"reforma da Previd\u00eancia"},"primaryImageOfPage":{"@id":"https:\/\/www.encontrapiracicaba.com.br\/sobre\/camara-ipasp-executivo-e-servidores-debatem-proposta-de-reforma-da-previdencia\/#mainImage"},"datePublished":"2026-07-11T22:29:58-03:00","dateModified":"2026-07-11T22:29:58-03:00"},{"@type":"WebSite","@id":"https:\/\/www.encontrapiracicaba.com.br\/sobre\/#website","url":"https:\/\/www.encontrapiracicaba.com.br\/sobre\/","name":"Encontra Piracicaba","description":"Not\u00edcias, eventos, informa\u00e7\u00f5es e dicas na cidade de Piracicaba e regi\u00e3o","inLanguage":"pt-BR","publisher":{"@id":"https:\/\/www.encontrapiracicaba.com.br\/sobre\/#organization"}}]},"og:locale":"pt_BR","og:site_name":"Encontra Piracicaba | Not\u00edcias, eventos, informa\u00e7\u00f5es e dicas na cidade de Piracicaba e regi\u00e3o","og:type":"article","og:title":"C\u00e2mara, Ipasp, Executivo e servidores debatem proposta de reforma da Previd\u00eancia | Encontra Piracicaba","og:url":"https:\/\/www.encontrapiracicaba.com.br\/sobre\/camara-ipasp-executivo-e-servidores-debatem-proposta-de-reforma-da-previdencia\/","article:published_time":"2026-07-12T01:29:58+00:00","article:modified_time":"2026-07-12T01:29:58+00:00","twitter:card":"summary","twitter:title":"C\u00e2mara, Ipasp, Executivo e servidores debatem proposta de reforma da Previd\u00eancia | Encontra Piracicaba"},"aioseo_meta_data":{"post_id":"4858","title":null,"description":null,"keywords":null,"keyphrases":null,"primary_term":null,"canonical_url":null,"og_title":null,"og_description":null,"og_object_type":"default","og_image_type":"default","og_image_url":null,"og_image_width":null,"og_image_height":null,"og_image_custom_url":null,"og_image_custom_fields":null,"og_video":null,"og_custom_url":null,"og_article_section":null,"og_article_tags":null,"twitter_use_og":false,"twitter_card":"default","twitter_image_type":"default","twitter_image_url":null,"twitter_image_custom_url":null,"twitter_image_custom_fields":null,"twitter_title":null,"twitter_description":null,"schema":{"blockGraphs":[],"customGraphs":[],"default":{"data":{"Article":[],"Course":[],"Dataset":[],"FAQPage":[],"Movie":[],"Person":[],"Product":[],"ProductReview":[],"Car":[],"Recipe":[],"Service":[],"SoftwareApplication":[],"WebPage":[]},"graphName":"Article","isEnabled":true},"graphs":[]},"schema_type":"default","schema_type_options":null,"pillar_content":false,"robots_default":true,"robots_noindex":false,"robots_noarchive":false,"robots_nosnippet":false,"robots_nofollow":false,"robots_noimageindex":false,"robots_noodp":false,"robots_notranslate":false,"robots_max_snippet":null,"robots_max_videopreview":null,"robots_max_imagepreview":"large","priority":null,"frequency":null,"local_seo":null,"breadcrumb_settings":null,"limit_modified_date":false,"ai":null,"created":"2026-07-12 01:30:00","updated":"2026-07-12 01:31:12","focus_keyword":null,"additional_keywords":null,"truseo_locale":null,"seo_analyzer_scan_date":null},"aioseo_breadcrumb":"<div class=\"aioseo-breadcrumbs\"><span class=\"aioseo-breadcrumb\">\n\t\t\t<a href=\"https:\/\/www.encontrapiracicaba.com.br\/sobre\" title=\"In\u00edcio\">In\u00edcio<\/a>\n\t\t<\/span><span class=\"aioseo-breadcrumb-separator\">&raquo;<\/span><span class=\"aioseo-breadcrumb\">\n\t\t\t<a href=\"https:\/\/www.encontrapiracicaba.com.br\/sobre\/noticias-em-piracicaba\/\" title=\"Not\u00edcias Piracicaba\">Not\u00edcias Piracicaba<\/a>\n\t\t<\/span><span class=\"aioseo-breadcrumb-separator\">&raquo;<\/span><span class=\"aioseo-breadcrumb\">\n\t\t\tC\u00e2mara, Ipasp, Executivo e servidores debatem proposta de reforma da Previd\u00eancia\n\t\t<\/span><\/div>","aioseo_breadcrumb_json":[{"label":"In\u00edcio","link":"https:\/\/www.encontrapiracicaba.com.br\/sobre"},{"label":"Not\u00edcias Piracicaba","link":"https:\/\/www.encontrapiracicaba.com.br\/sobre\/noticias-em-piracicaba\/"},{"label":"C\u00e2mara, Ipasp, Executivo e servidores debatem proposta de reforma da Previd\u00eancia","link":"https:\/\/www.encontrapiracicaba.com.br\/sobre\/camara-ipasp-executivo-e-servidores-debatem-proposta-de-reforma-da-previdencia\/"}],"_links":{"self":[{"href":"https:\/\/www.encontrapiracicaba.com.br\/sobre\/wp-json\/wp\/v2\/posts\/4858","targetHints":{"allow":["GET"]}}],"collection":[{"href":"https:\/\/www.encontrapiracicaba.com.br\/sobre\/wp-json\/wp\/v2\/posts"}],"about":[{"href":"https:\/\/www.encontrapiracicaba.com.br\/sobre\/wp-json\/wp\/v2\/types\/post"}],"author":[{"embeddable":true,"href":"https:\/\/www.encontrapiracicaba.com.br\/sobre\/wp-json\/wp\/v2\/users\/1"}],"replies":[{"embeddable":true,"href":"https:\/\/www.encontrapiracicaba.com.br\/sobre\/wp-json\/wp\/v2\/comments?post=4858"}],"version-history":[{"count":0,"href":"https:\/\/www.encontrapiracicaba.com.br\/sobre\/wp-json\/wp\/v2\/posts\/4858\/revisions"}],"wp:featuredmedia":[{"embeddable":true,"href":"https:\/\/www.encontrapiracicaba.com.br\/sobre\/wp-json\/wp\/v2\/media\/4857"}],"wp:attachment":[{"href":"https:\/\/www.encontrapiracicaba.com.br\/sobre\/wp-json\/wp\/v2\/media?parent=4858"}],"wp:term":[{"taxonomy":"category","embeddable":true,"href":"https:\/\/www.encontrapiracicaba.com.br\/sobre\/wp-json\/wp\/v2\/categories?post=4858"},{"taxonomy":"post_tag","embeddable":true,"href":"https:\/\/www.encontrapiracicaba.com.br\/sobre\/wp-json\/wp\/v2\/tags?post=4858"}],"curies":[{"name":"wp","href":"https:\/\/api.w.org\/{rel}","templated":true}]}}