{"id":4866,"date":"2026-07-13T04:37:51","date_gmt":"2026-07-13T07:37:51","guid":{"rendered":"https:\/\/www.encontrapiracicaba.com.br\/sobre\/projeto-denomina-praca-no-distrito-de-tupi-como-augusto-marengo\/"},"modified":"2026-07-13T04:37:51","modified_gmt":"2026-07-13T07:37:51","slug":"projeto-denomina-praca-no-distrito-de-tupi-como-augusto-marengo","status":"publish","type":"post","link":"https:\/\/www.encontrapiracicaba.com.br\/sobre\/projeto-denomina-praca-no-distrito-de-tupi-como-augusto-marengo\/","title":{"rendered":"Projeto denomina pra\u00e7a no Distrito de Tupi como Augusto Marengo"},"content":{"rendered":"<div class=\"85df007ed5c0c4d4b453fd13a37855e8\" data-index=\"1\" style=\"float: none; margin:0px;\">\n<!-- Anuncio display - global -->\r\n<ins class=\"adsbygoogle\"\r\n     style=\"display:block\"\r\n     data-ad-client=\"ca-pub-8585364105181520\"\r\n     data-ad-slot=\"8789329856\"\r\n     data-ad-format=\"auto\"\r\n     data-full-width-responsive=\"true\"><\/ins>\r\n<script>\r\n     (adsbygoogle = window.adsbygoogle || []).push({});\r\n<\/script>\n<\/div>\n<h2>Conhe\u00e7a Augusto Marengo<\/h2>\n<p>Augusto Marengo, o homenageado de uma nova Pra\u00e7a no distrito de Tupi, \u00e9 reconhecido como seu primeiro morador. Nascido em 1882, na cidade de Nice, na Fran\u00e7a, ele se estabeleceu na \u00e1rea em 1921, junto com sua esposa, Francisca Malanche Marengo, em um per\u00edodo significativo em que a regi\u00e3o come\u00e7ava a se desenvolver, principalmente com a constru\u00e7\u00e3o da esta\u00e7\u00e3o ferrovi\u00e1ria que ligaria Nova Odessa a Piracicaba.<\/p>\n<h2>A import\u00e2ncia de Augusto Marengo para Tupi<\/h2>\n<p>A figura de Augusto Marengo \u00e9 emblem\u00e1tica na forma\u00e7\u00e3o da identidade do distrito de Tupi. Ao adquirir um terreno pr\u00f3ximo \u00e0 futura esta\u00e7\u00e3o ferrovi\u00e1ria, ele n\u00e3o apenas iniciou um pequeno com\u00e9rcio, mas tamb\u00e9m se tornou uma pe\u00e7a fundamental no desenvolvimento local. Seu neg\u00f3cio come\u00e7ou a fornecer servi\u00e7os essenciais aos trabalhadores da ferrovia, que eram uma parte crucial da economia da \u00e9poca, propiciando a conex\u00e3o entre as cidades. Sua atua\u00e7\u00e3o n\u00e3o se restringiu ao com\u00e9rcio; Marengo tamb\u00e9m dedicou-se a melhorar a infraestrutura e as condi\u00e7\u00f5es de vida do bairro, mostrando uma preocupa\u00e7\u00e3o genu\u00edna com a comunidade.<\/p>\n<h2>A proposta da vereadora Silvia Morales<\/h2>\n<p>A proposta para denominar a pra\u00e7a como &#8220;Pra\u00e7a Augusto Marengo&#8221; foi apresentada pela vereadora Silvia Morales, do Partido Verde. A iniciativa surgiu do desejo de eternizar a mem\u00f3ria de Augusto Marengo, reconhecendo sua contribui\u00e7\u00e3o ao distrito de Tupi e \u00e0 sua comunidade. O projeto foi discutido e aprovado em segunda vota\u00e7\u00e3o durante a 16\u00aa Reuni\u00e3o Extraordin\u00e1ria da C\u00e2mara Municipal de Piracicaba, realizada no dia 29 de junho de 2026.<\/p>\n<p><img decoding=\"async\" src=\"https:\/\/www.encontrapiracicaba.com.br\/sobre\/wp-content\/uploads\/projeto-denomina-praca-no-distrito-de-tupi-como-augusto-marengo.webp\" alt=\"Pra\u00e7a no Distrito de Tupi\" loading=\"lazy\" \/><\/p>\n<h2>O processo de aprova\u00e7\u00e3o do projeto<\/h2>\n<p>A aprova\u00e7\u00e3o do projeto de lei n\u00ba 7\/2026 contou com a participa\u00e7\u00e3o ativa dos membros da C\u00e2mara Municipal. Durante as discuss\u00f5es, a vereadora Silvia Morales destacou a import\u00e2ncia da homenagem a Marengo, enfatizando sua trajet\u00f3ria e seu papel fundamental no desenvolvimento de Tupi. O projeto gerou interesse e apoio entre os vereadores, culminando na sua aceita\u00e7\u00e3o e aprova\u00e7\u00e3o em plen\u00e1rio.<\/p>\n<h2>Mem\u00f3rias do primeiro morador de Tupi<\/h2>\n<p>As mem\u00f3rias de Augusto Marengo s\u00e3o parte intr\u00ednseca da hist\u00f3ria do distrito. Ele \u00e9 lembrado n\u00e3o apenas por seu papel como comerciante, mas tamb\u00e9m como um cidad\u00e3o ativo que lutou por melhorias na regi\u00e3o. Marengo trabalhou em prol da instala\u00e7\u00e3o de uma ag\u00eancia dos Correios em Tupi, uma conquista que facilitou a comunica\u00e7\u00e3o e o acesso de servi\u00e7os para os habitantes locais. O envolvimento de Marengo com causas comunit\u00e1rias \u00e9 um exemplo claro de como os l\u00edderes locais podem moldar a vida de uma regi\u00e3o.<\/p>\n<h2>Desenvolvimento do Distrito de Tupi<\/h2>\n<p>O distrito de Tupi tem uma hist\u00f3ria rica, moldada por pessoas como Augusto Marengo. Desde a sua chegada, a \u00e1rea passou por diversas transforma\u00e7\u00f5es, impulsionadas por iniciativas de membros da comunidade e pela constru\u00e7\u00e3o de infraestruturas essenciais, como a ferrovi\u00e1ria. A presen\u00e7a de Marengo na regi\u00e3o e seu pequeno com\u00e9rcio foram fatores que atra\u00edram mais moradores e comerciantes, levando ao crescimento da popula\u00e7\u00e3o e \u00e0 vitalidade econ\u00f4mica da localidade.<\/p>\n<h2>O legado de Marengo na comunidade<\/h2>\n<p>O legado de Augusto Marengo vai al\u00e9m do que ele fez em vida. A denomina\u00e7\u00e3o da pra\u00e7a em sua homenagem \u00e9 um testemunho duradouro do impacto que ele teve na forma\u00e7\u00e3o do distrito de Tupi. A pra\u00e7a se tornar\u00e1 um espa\u00e7o de encontro e lazer para os moradores e uma forma de recordar a hist\u00f3ria do lugar. O reconhecimento de Marengo como parte essencial dessa narrativa \u00e9 fundamental para manter viva a identidade da comunidade, especialmente para as futuras gera\u00e7\u00f5es.<\/p>\n<h2>Repercuss\u00e3o da renomea\u00e7\u00e3o da pra\u00e7a<\/h2>\n<p>A renomea\u00e7\u00e3o da pra\u00e7a como &#8220;Pra\u00e7a Augusto Marengo&#8221; gerou uma repercuss\u00e3o positiva entre os habitantes de Tupi. Moradores e autoridades expressaram apoio a essa homenagem, destacando a import\u00e2ncia de reconhecer os fundadores e figuras significativas que contribu\u00edram para a hist\u00f3ria local. Essa a\u00e7\u00e3o n\u00e3o s\u00f3 celebra a mem\u00f3ria de Marengo, mas tamb\u00e9m estimula o sentimento de pertencimento e orgulho entre os residentes do distrito.<\/p>\n<h2>O que significa esta homenagem<\/h2>\n<p>A homenagem representa um reconhecimento da hist\u00f3ria e da cultura local. A Pra\u00e7a Augusto Marengo servir\u00e1 como um marco, simbolizando a conex\u00e3o da comunidade com suas ra\u00edzes e suas conquistas ao longo dos anos. Esta iniciativa refor\u00e7a a import\u00e2ncia de valorizar as contribui\u00e7\u00f5es dos cidad\u00e3os que moldaram a identidade de Tupi, inspirando novas gera\u00e7\u00f5es a serem ativas e comprometidas com o desenvolvimento de sua cidade.<\/p>\n<h2>Pr\u00f3ximos passos para a nova pra\u00e7a<\/h2>\n<p>Ap\u00f3s a aprova\u00e7\u00e3o do projeto, os pr\u00f3ximos passos incluem a instala\u00e7\u00e3o de placas de identifica\u00e7\u00e3o e a organiza\u00e7\u00e3o de eventos que celebrem a nova denomina\u00e7\u00e3o. Al\u00e9m disso, a comunidade pode se engajar em atividades na pra\u00e7a que promovam a uni\u00e3o e a socializa\u00e7\u00e3o dos moradores, solidificando ainda mais o legado de Augusto Marengo em Tupi. A revitaliza\u00e7\u00e3o do espa\u00e7o p\u00fablico ser\u00e1 uma oportunidade para estimular a participa\u00e7\u00e3o c\u00edvica e fortalecer la\u00e7os comunit\u00e1rios, assegurando que a mem\u00f3ria de Marengo continue viva nas pr\u00e1ticas e intera\u00e7\u00f5es do dia a dia dos habitantes de Tupi.<\/p>\n\n<div style=\"font-size: 0px; height: 0px; line-height: 0px; margin: 0; padding: 0; clear: both;\"><\/div>","protected":false},"excerpt":{"rendered":"<p>Pra\u00e7a no Distrito de Tupi passa a se chamar Augusto Marengo, em homenagem ao primeiro morador.<\/p>\n","protected":false},"author":1,"featured_media":4865,"comment_status":"closed","ping_status":"closed","sticky":false,"template":"","format":"standard","meta":{"footnotes":""},"categories":[6],"tags":[],"class_list":["post-4866","post","type-post","status-publish","format-standard","has-post-thumbnail","hentry","category-noticias-em-piracicaba","has_thumb"],"aioseo_notices":[],"aioseo_head":"\n\t\t<!-- All in One SEO 5.0.0.1 - aioseo.com -->\n\t<meta name=\"robots\" content=\"max-image-preview:large\" \/>\n\t<meta name=\"author\" content=\"Encontra Piracicaba\"\/>\n\t<link rel=\"canonical\" href=\"https:\/\/www.encontrapiracicaba.com.br\/sobre\/projeto-denomina-praca-no-distrito-de-tupi-como-augusto-marengo\/\" \/>\n\t<meta name=\"generator\" content=\"All in One SEO (AIOSEO) 5.0.0.1\" \/>\n\t\t<meta property=\"og:locale\" content=\"pt_BR\" \/>\n\t\t<meta property=\"og:site_name\" content=\"Encontra Piracicaba | Not\u00edcias, eventos, informa\u00e7\u00f5es e dicas na cidade de Piracicaba e regi\u00e3o\" \/>\n\t\t<meta property=\"og:type\" content=\"article\" \/>\n\t\t<meta property=\"og:title\" content=\"Projeto denomina pra\u00e7a no Distrito de Tupi como Augusto Marengo | Encontra Piracicaba\" \/>\n\t\t<meta property=\"og:url\" content=\"https:\/\/www.encontrapiracicaba.com.br\/sobre\/projeto-denomina-praca-no-distrito-de-tupi-como-augusto-marengo\/\" \/>\n\t\t<meta property=\"article:published_time\" content=\"2026-07-13T07:37:51+00:00\" \/>\n\t\t<meta property=\"article:modified_time\" content=\"2026-07-13T07:37:51+00:00\" \/>\n\t\t<meta name=\"twitter:card\" content=\"summary\" \/>\n\t\t<meta name=\"twitter:title\" content=\"Projeto denomina pra\u00e7a no Distrito de Tupi como Augusto Marengo | Encontra Piracicaba\" \/>\n\t\t<script type=\"application\/ld+json\" class=\"aioseo-schema\">\n\t\t\t{\"@context\":\"https:\\\/\\\/schema.org\",\"@graph\":[{\"@type\":\"Article\",\"@id\":\"https:\\\/\\\/www.encontrapiracicaba.com.br\\\/sobre\\\/projeto-denomina-praca-no-distrito-de-tupi-como-augusto-marengo\\\/#article\",\"name\":\"Projeto denomina pra\\u00e7a no Distrito de Tupi como Augusto Marengo | Encontra Piracicaba\",\"headline\":\"Projeto denomina pra\\u00e7a no Distrito de Tupi como Augusto Marengo\",\"author\":{\"@id\":\"https:\\\/\\\/www.encontrapiracicaba.com.br\\\/sobre\\\/author\\\/epiracicaba\\\/#author\"},\"publisher\":{\"@id\":\"https:\\\/\\\/www.encontrapiracicaba.com.br\\\/sobre\\\/#organization\"},\"image\":{\"@type\":\"ImageObject\",\"url\":\"https:\\\/\\\/www.encontrapiracicaba.com.br\\\/sobre\\\/wp-content\\\/uploads\\\/projeto-denomina-praca-no-distrito-de-tupi-como-augusto-marengo.webp\",\"width\":280,\"height\":280,\"caption\":\"Pra\\u00e7a no Distrito de Tupi\"},\"datePublished\":\"2026-07-13T04:37:51-03:00\",\"dateModified\":\"2026-07-13T04:37:51-03:00\",\"inLanguage\":\"pt-BR\",\"mainEntityOfPage\":{\"@id\":\"https:\\\/\\\/www.encontrapiracicaba.com.br\\\/sobre\\\/projeto-denomina-praca-no-distrito-de-tupi-como-augusto-marengo\\\/#webpage\"},\"isPartOf\":{\"@id\":\"https:\\\/\\\/www.encontrapiracicaba.com.br\\\/sobre\\\/projeto-denomina-praca-no-distrito-de-tupi-como-augusto-marengo\\\/#webpage\"},\"articleSection\":\"Not\\u00edcias Piracicaba\"},{\"@type\":\"BreadcrumbList\",\"@id\":\"https:\\\/\\\/www.encontrapiracicaba.com.br\\\/sobre\\\/projeto-denomina-praca-no-distrito-de-tupi-como-augusto-marengo\\\/#breadcrumblist\",\"itemListElement\":[{\"@type\":\"ListItem\",\"@id\":\"https:\\\/\\\/www.encontrapiracicaba.com.br\\\/sobre#listItem\",\"position\":1,\"name\":\"In\\u00edcio\",\"item\":\"https:\\\/\\\/www.encontrapiracicaba.com.br\\\/sobre\",\"nextItem\":{\"@type\":\"ListItem\",\"@id\":\"https:\\\/\\\/www.encontrapiracicaba.com.br\\\/sobre\\\/noticias-em-piracicaba\\\/#listItem\",\"name\":\"Not\\u00edcias Piracicaba\"}},{\"@type\":\"ListItem\",\"@id\":\"https:\\\/\\\/www.encontrapiracicaba.com.br\\\/sobre\\\/noticias-em-piracicaba\\\/#listItem\",\"position\":2,\"name\":\"Not\\u00edcias Piracicaba\",\"item\":\"https:\\\/\\\/www.encontrapiracicaba.com.br\\\/sobre\\\/noticias-em-piracicaba\\\/\",\"nextItem\":{\"@type\":\"ListItem\",\"@id\":\"https:\\\/\\\/www.encontrapiracicaba.com.br\\\/sobre\\\/projeto-denomina-praca-no-distrito-de-tupi-como-augusto-marengo\\\/#listItem\",\"name\":\"Projeto denomina pra\\u00e7a no Distrito de Tupi como Augusto Marengo\"},\"previousItem\":{\"@type\":\"ListItem\",\"@id\":\"https:\\\/\\\/www.encontrapiracicaba.com.br\\\/sobre#listItem\",\"name\":\"In\\u00edcio\"}},{\"@type\":\"ListItem\",\"@id\":\"https:\\\/\\\/www.encontrapiracicaba.com.br\\\/sobre\\\/projeto-denomina-praca-no-distrito-de-tupi-como-augusto-marengo\\\/#listItem\",\"position\":3,\"name\":\"Projeto denomina pra\\u00e7a no Distrito de Tupi como Augusto Marengo\",\"previousItem\":{\"@type\":\"ListItem\",\"@id\":\"https:\\\/\\\/www.encontrapiracicaba.com.br\\\/sobre\\\/noticias-em-piracicaba\\\/#listItem\",\"name\":\"Not\\u00edcias Piracicaba\"}}]},{\"@type\":\"Organization\",\"@id\":\"https:\\\/\\\/www.encontrapiracicaba.com.br\\\/sobre\\\/#organization\",\"name\":\"Encontra Piracicaba\",\"description\":\"Not\\u00edcias, eventos, informa\\u00e7\\u00f5es e dicas na cidade de Piracicaba e regi\\u00e3o\",\"url\":\"https:\\\/\\\/www.encontrapiracicaba.com.br\\\/sobre\\\/\"},{\"@type\":\"Person\",\"@id\":\"https:\\\/\\\/www.encontrapiracicaba.com.br\\\/sobre\\\/author\\\/epiracicaba\\\/#author\",\"url\":\"https:\\\/\\\/www.encontrapiracicaba.com.br\\\/sobre\\\/author\\\/epiracicaba\\\/\",\"name\":\"Encontra Piracicaba\",\"image\":{\"@type\":\"ImageObject\",\"@id\":\"https:\\\/\\\/www.encontrapiracicaba.com.br\\\/sobre\\\/projeto-denomina-praca-no-distrito-de-tupi-como-augusto-marengo\\\/#authorImage\",\"url\":\"https:\\\/\\\/secure.gravatar.com\\\/avatar\\\/507340682b8270222e1f208e23198b6ae7e2c6a1033ae84e99bc6bce4f82a387?s=96&d=mm&r=g\",\"width\":96,\"height\":96,\"caption\":\"Encontra Piracicaba\"}},{\"@type\":\"WebPage\",\"@id\":\"https:\\\/\\\/www.encontrapiracicaba.com.br\\\/sobre\\\/projeto-denomina-praca-no-distrito-de-tupi-como-augusto-marengo\\\/#webpage\",\"url\":\"https:\\\/\\\/www.encontrapiracicaba.com.br\\\/sobre\\\/projeto-denomina-praca-no-distrito-de-tupi-como-augusto-marengo\\\/\",\"name\":\"Projeto denomina pra\\u00e7a no Distrito de Tupi como Augusto Marengo | Encontra Piracicaba\",\"inLanguage\":\"pt-BR\",\"isPartOf\":{\"@id\":\"https:\\\/\\\/www.encontrapiracicaba.com.br\\\/sobre\\\/#website\"},\"breadcrumb\":{\"@id\":\"https:\\\/\\\/www.encontrapiracicaba.com.br\\\/sobre\\\/projeto-denomina-praca-no-distrito-de-tupi-como-augusto-marengo\\\/#breadcrumblist\"},\"author\":{\"@id\":\"https:\\\/\\\/www.encontrapiracicaba.com.br\\\/sobre\\\/author\\\/epiracicaba\\\/#author\"},\"creator\":{\"@id\":\"https:\\\/\\\/www.encontrapiracicaba.com.br\\\/sobre\\\/author\\\/epiracicaba\\\/#author\"},\"image\":{\"@type\":\"ImageObject\",\"url\":\"https:\\\/\\\/www.encontrapiracicaba.com.br\\\/sobre\\\/wp-content\\\/uploads\\\/projeto-denomina-praca-no-distrito-de-tupi-como-augusto-marengo.webp\",\"@id\":\"https:\\\/\\\/www.encontrapiracicaba.com.br\\\/sobre\\\/projeto-denomina-praca-no-distrito-de-tupi-como-augusto-marengo\\\/#mainImage\",\"width\":280,\"height\":280,\"caption\":\"Pra\\u00e7a no Distrito de Tupi\"},\"primaryImageOfPage\":{\"@id\":\"https:\\\/\\\/www.encontrapiracicaba.com.br\\\/sobre\\\/projeto-denomina-praca-no-distrito-de-tupi-como-augusto-marengo\\\/#mainImage\"},\"datePublished\":\"2026-07-13T04:37:51-03:00\",\"dateModified\":\"2026-07-13T04:37:51-03:00\"},{\"@type\":\"WebSite\",\"@id\":\"https:\\\/\\\/www.encontrapiracicaba.com.br\\\/sobre\\\/#website\",\"url\":\"https:\\\/\\\/www.encontrapiracicaba.com.br\\\/sobre\\\/\",\"name\":\"Encontra Piracicaba\",\"description\":\"Not\\u00edcias, eventos, informa\\u00e7\\u00f5es e dicas na cidade de Piracicaba e regi\\u00e3o\",\"inLanguage\":\"pt-BR\",\"publisher\":{\"@id\":\"https:\\\/\\\/www.encontrapiracicaba.com.br\\\/sobre\\\/#organization\"}}]}\n\t\t<\/script>\n\t\t<!-- All in One SEO -->\n\n","aioseo_head_json":{"title":"Projeto denomina pra\u00e7a no Distrito de Tupi como Augusto Marengo | Encontra Piracicaba","description":"","canonical_url":"https:\/\/www.encontrapiracicaba.com.br\/sobre\/projeto-denomina-praca-no-distrito-de-tupi-como-augusto-marengo\/","robots":"max-image-preview:large","keywords":"","webmasterTools":{"miscellaneous":""},"schema":{"@context":"https:\/\/schema.org","@graph":[{"@type":"Article","@id":"https:\/\/www.encontrapiracicaba.com.br\/sobre\/projeto-denomina-praca-no-distrito-de-tupi-como-augusto-marengo\/#article","name":"Projeto denomina pra\u00e7a no Distrito de Tupi como Augusto Marengo | Encontra Piracicaba","headline":"Projeto denomina pra\u00e7a no Distrito de Tupi como Augusto Marengo","author":{"@id":"https:\/\/www.encontrapiracicaba.com.br\/sobre\/author\/epiracicaba\/#author"},"publisher":{"@id":"https:\/\/www.encontrapiracicaba.com.br\/sobre\/#organization"},"image":{"@type":"ImageObject","url":"https:\/\/www.encontrapiracicaba.com.br\/sobre\/wp-content\/uploads\/projeto-denomina-praca-no-distrito-de-tupi-como-augusto-marengo.webp","width":280,"height":280,"caption":"Pra\u00e7a no Distrito de Tupi"},"datePublished":"2026-07-13T04:37:51-03:00","dateModified":"2026-07-13T04:37:51-03:00","inLanguage":"pt-BR","mainEntityOfPage":{"@id":"https:\/\/www.encontrapiracicaba.com.br\/sobre\/projeto-denomina-praca-no-distrito-de-tupi-como-augusto-marengo\/#webpage"},"isPartOf":{"@id":"https:\/\/www.encontrapiracicaba.com.br\/sobre\/projeto-denomina-praca-no-distrito-de-tupi-como-augusto-marengo\/#webpage"},"articleSection":"Not\u00edcias Piracicaba"},{"@type":"BreadcrumbList","@id":"https:\/\/www.encontrapiracicaba.com.br\/sobre\/projeto-denomina-praca-no-distrito-de-tupi-como-augusto-marengo\/#breadcrumblist","itemListElement":[{"@type":"ListItem","@id":"https:\/\/www.encontrapiracicaba.com.br\/sobre#listItem","position":1,"name":"In\u00edcio","item":"https:\/\/www.encontrapiracicaba.com.br\/sobre","nextItem":{"@type":"ListItem","@id":"https:\/\/www.encontrapiracicaba.com.br\/sobre\/noticias-em-piracicaba\/#listItem","name":"Not\u00edcias Piracicaba"}},{"@type":"ListItem","@id":"https:\/\/www.encontrapiracicaba.com.br\/sobre\/noticias-em-piracicaba\/#listItem","position":2,"name":"Not\u00edcias Piracicaba","item":"https:\/\/www.encontrapiracicaba.com.br\/sobre\/noticias-em-piracicaba\/","nextItem":{"@type":"ListItem","@id":"https:\/\/www.encontrapiracicaba.com.br\/sobre\/projeto-denomina-praca-no-distrito-de-tupi-como-augusto-marengo\/#listItem","name":"Projeto denomina pra\u00e7a no Distrito de Tupi como Augusto Marengo"},"previousItem":{"@type":"ListItem","@id":"https:\/\/www.encontrapiracicaba.com.br\/sobre#listItem","name":"In\u00edcio"}},{"@type":"ListItem","@id":"https:\/\/www.encontrapiracicaba.com.br\/sobre\/projeto-denomina-praca-no-distrito-de-tupi-como-augusto-marengo\/#listItem","position":3,"name":"Projeto denomina pra\u00e7a no Distrito de Tupi como Augusto Marengo","previousItem":{"@type":"ListItem","@id":"https:\/\/www.encontrapiracicaba.com.br\/sobre\/noticias-em-piracicaba\/#listItem","name":"Not\u00edcias Piracicaba"}}]},{"@type":"Organization","@id":"https:\/\/www.encontrapiracicaba.com.br\/sobre\/#organization","name":"Encontra Piracicaba","description":"Not\u00edcias, eventos, informa\u00e7\u00f5es e dicas na cidade de Piracicaba e regi\u00e3o","url":"https:\/\/www.encontrapiracicaba.com.br\/sobre\/"},{"@type":"Person","@id":"https:\/\/www.encontrapiracicaba.com.br\/sobre\/author\/epiracicaba\/#author","url":"https:\/\/www.encontrapiracicaba.com.br\/sobre\/author\/epiracicaba\/","name":"Encontra Piracicaba","image":{"@type":"ImageObject","@id":"https:\/\/www.encontrapiracicaba.com.br\/sobre\/projeto-denomina-praca-no-distrito-de-tupi-como-augusto-marengo\/#authorImage","url":"https:\/\/secure.gravatar.com\/avatar\/507340682b8270222e1f208e23198b6ae7e2c6a1033ae84e99bc6bce4f82a387?s=96&d=mm&r=g","width":96,"height":96,"caption":"Encontra Piracicaba"}},{"@type":"WebPage","@id":"https:\/\/www.encontrapiracicaba.com.br\/sobre\/projeto-denomina-praca-no-distrito-de-tupi-como-augusto-marengo\/#webpage","url":"https:\/\/www.encontrapiracicaba.com.br\/sobre\/projeto-denomina-praca-no-distrito-de-tupi-como-augusto-marengo\/","name":"Projeto denomina pra\u00e7a no Distrito de Tupi como Augusto Marengo | Encontra Piracicaba","inLanguage":"pt-BR","isPartOf":{"@id":"https:\/\/www.encontrapiracicaba.com.br\/sobre\/#website"},"breadcrumb":{"@id":"https:\/\/www.encontrapiracicaba.com.br\/sobre\/projeto-denomina-praca-no-distrito-de-tupi-como-augusto-marengo\/#breadcrumblist"},"author":{"@id":"https:\/\/www.encontrapiracicaba.com.br\/sobre\/author\/epiracicaba\/#author"},"creator":{"@id":"https:\/\/www.encontrapiracicaba.com.br\/sobre\/author\/epiracicaba\/#author"},"image":{"@type":"ImageObject","url":"https:\/\/www.encontrapiracicaba.com.br\/sobre\/wp-content\/uploads\/projeto-denomina-praca-no-distrito-de-tupi-como-augusto-marengo.webp","@id":"https:\/\/www.encontrapiracicaba.com.br\/sobre\/projeto-denomina-praca-no-distrito-de-tupi-como-augusto-marengo\/#mainImage","width":280,"height":280,"caption":"Pra\u00e7a no Distrito de Tupi"},"primaryImageOfPage":{"@id":"https:\/\/www.encontrapiracicaba.com.br\/sobre\/projeto-denomina-praca-no-distrito-de-tupi-como-augusto-marengo\/#mainImage"},"datePublished":"2026-07-13T04:37:51-03:00","dateModified":"2026-07-13T04:37:51-03:00"},{"@type":"WebSite","@id":"https:\/\/www.encontrapiracicaba.com.br\/sobre\/#website","url":"https:\/\/www.encontrapiracicaba.com.br\/sobre\/","name":"Encontra Piracicaba","description":"Not\u00edcias, eventos, informa\u00e7\u00f5es e dicas na cidade de Piracicaba e regi\u00e3o","inLanguage":"pt-BR","publisher":{"@id":"https:\/\/www.encontrapiracicaba.com.br\/sobre\/#organization"}}]},"og:locale":"pt_BR","og:site_name":"Encontra Piracicaba | Not\u00edcias, eventos, informa\u00e7\u00f5es e dicas na cidade de Piracicaba e regi\u00e3o","og:type":"article","og:title":"Projeto denomina pra\u00e7a no Distrito de Tupi como Augusto Marengo | Encontra Piracicaba","og:url":"https:\/\/www.encontrapiracicaba.com.br\/sobre\/projeto-denomina-praca-no-distrito-de-tupi-como-augusto-marengo\/","article:published_time":"2026-07-13T07:37:51+00:00","article:modified_time":"2026-07-13T07:37:51+00:00","twitter:card":"summary","twitter:title":"Projeto denomina pra\u00e7a no Distrito de Tupi como Augusto Marengo | Encontra Piracicaba"},"aioseo_meta_data":{"post_id":"4866","title":null,"description":null,"keywords":null,"keyphrases":null,"primary_term":null,"canonical_url":null,"og_title":null,"og_description":null,"og_object_type":"default","og_image_type":"default","og_image_url":null,"og_image_width":null,"og_image_height":null,"og_image_custom_url":null,"og_image_custom_fields":null,"og_video":null,"og_custom_url":null,"og_article_section":null,"og_article_tags":null,"twitter_use_og":false,"twitter_card":"default","twitter_image_type":"default","twitter_image_url":null,"twitter_image_custom_url":null,"twitter_image_custom_fields":null,"twitter_title":null,"twitter_description":null,"schema":{"blockGraphs":[],"customGraphs":[],"default":{"data":{"Article":[],"Course":[],"Dataset":[],"FAQPage":[],"Movie":[],"Person":[],"Product":[],"ProductReview":[],"Car":[],"Recipe":[],"Service":[],"SoftwareApplication":[],"WebPage":[]},"graphName":"Article","isEnabled":true},"graphs":[]},"schema_type":"default","schema_type_options":null,"pillar_content":false,"robots_default":true,"robots_noindex":false,"robots_noarchive":false,"robots_nosnippet":false,"robots_nofollow":false,"robots_noimageindex":false,"robots_noodp":false,"robots_notranslate":false,"robots_max_snippet":null,"robots_max_videopreview":null,"robots_max_imagepreview":"large","priority":null,"frequency":null,"local_seo":null,"breadcrumb_settings":null,"limit_modified_date":false,"ai":null,"created":"2026-07-13 07:37:54","updated":"2026-07-13 07:46:19","focus_keyword":null,"additional_keywords":null,"truseo_locale":null,"seo_analyzer_scan_date":null},"aioseo_breadcrumb":"<div class=\"aioseo-breadcrumbs\"><span class=\"aioseo-breadcrumb\">\n\t\t\t<a href=\"https:\/\/www.encontrapiracicaba.com.br\/sobre\" title=\"In\u00edcio\">In\u00edcio<\/a>\n\t\t<\/span><span class=\"aioseo-breadcrumb-separator\">&raquo;<\/span><span class=\"aioseo-breadcrumb\">\n\t\t\t<a href=\"https:\/\/www.encontrapiracicaba.com.br\/sobre\/noticias-em-piracicaba\/\" title=\"Not\u00edcias Piracicaba\">Not\u00edcias Piracicaba<\/a>\n\t\t<\/span><span class=\"aioseo-breadcrumb-separator\">&raquo;<\/span><span class=\"aioseo-breadcrumb\">\n\t\t\tProjeto denomina pra\u00e7a no Distrito de Tupi como Augusto Marengo\n\t\t<\/span><\/div>","aioseo_breadcrumb_json":[{"label":"In\u00edcio","link":"https:\/\/www.encontrapiracicaba.com.br\/sobre"},{"label":"Not\u00edcias Piracicaba","link":"https:\/\/www.encontrapiracicaba.com.br\/sobre\/noticias-em-piracicaba\/"},{"label":"Projeto denomina pra\u00e7a no Distrito de Tupi como Augusto Marengo","link":"https:\/\/www.encontrapiracicaba.com.br\/sobre\/projeto-denomina-praca-no-distrito-de-tupi-como-augusto-marengo\/"}],"_links":{"self":[{"href":"https:\/\/www.encontrapiracicaba.com.br\/sobre\/wp-json\/wp\/v2\/posts\/4866","targetHints":{"allow":["GET"]}}],"collection":[{"href":"https:\/\/www.encontrapiracicaba.com.br\/sobre\/wp-json\/wp\/v2\/posts"}],"about":[{"href":"https:\/\/www.encontrapiracicaba.com.br\/sobre\/wp-json\/wp\/v2\/types\/post"}],"author":[{"embeddable":true,"href":"https:\/\/www.encontrapiracicaba.com.br\/sobre\/wp-json\/wp\/v2\/users\/1"}],"replies":[{"embeddable":true,"href":"https:\/\/www.encontrapiracicaba.com.br\/sobre\/wp-json\/wp\/v2\/comments?post=4866"}],"version-history":[{"count":0,"href":"https:\/\/www.encontrapiracicaba.com.br\/sobre\/wp-json\/wp\/v2\/posts\/4866\/revisions"}],"wp:featuredmedia":[{"embeddable":true,"href":"https:\/\/www.encontrapiracicaba.com.br\/sobre\/wp-json\/wp\/v2\/media\/4865"}],"wp:attachment":[{"href":"https:\/\/www.encontrapiracicaba.com.br\/sobre\/wp-json\/wp\/v2\/media?parent=4866"}],"wp:term":[{"taxonomy":"category","embeddable":true,"href":"https:\/\/www.encontrapiracicaba.com.br\/sobre\/wp-json\/wp\/v2\/categories?post=4866"},{"taxonomy":"post_tag","embeddable":true,"href":"https:\/\/www.encontrapiracicaba.com.br\/sobre\/wp-json\/wp\/v2\/tags?post=4866"}],"curies":[{"name":"wp","href":"https:\/\/api.w.org\/{rel}","templated":true}]}}