{"id":4876,"date":"2026-07-13T11:26:47","date_gmt":"2026-07-13T14:26:47","guid":{"rendered":"https:\/\/www.encontrapiracicaba.com.br\/sobre\/camara-publica-retratacao-sobre-materia-envolvendo-vereador-wagnao-e-baep\/"},"modified":"2026-07-13T11:26:47","modified_gmt":"2026-07-13T14:26:47","slug":"camara-publica-retratacao-sobre-materia-envolvendo-vereador-wagnao-e-baep","status":"publish","type":"post","link":"https:\/\/www.encontrapiracicaba.com.br\/sobre\/camara-publica-retratacao-sobre-materia-envolvendo-vereador-wagnao-e-baep\/","title":{"rendered":"C\u00e2mara publica retrata\u00e7\u00e3o sobre mat\u00e9ria envolvendo vereador Wagn\u00e3o e Baep"},"content":{"rendered":"<div class=\"85df007ed5c0c4d4b453fd13a37855e8\" data-index=\"1\" style=\"float: none; margin:0px;\">\n<!-- Anuncio display - global -->\r\n<ins class=\"adsbygoogle\"\r\n     style=\"display:block\"\r\n     data-ad-client=\"ca-pub-8585364105181520\"\r\n     data-ad-slot=\"8789329856\"\r\n     data-ad-format=\"auto\"\r\n     data-full-width-responsive=\"true\"><\/ins>\r\n<script>\r\n     (adsbygoogle = window.adsbygoogle || []).push({});\r\n<\/script>\n<\/div>\n<h2>Contexto do pronunciamento do vereador Wagn\u00e3o<\/h2>\n<p>Durante a 36\u00aa Reuni\u00e3o Ordin\u00e1ria, ocorrida na noite de 22 de junho de 2026, o vereador Wagner de Oliveira, conhecido como Wagn\u00e3o, fez um discurso que gerou repercuss\u00e3o. No seu pronunciamento, o parlamentar discorreu sobre a atua\u00e7\u00e3o policial, especificamente referindo-se a uma situa\u00e7\u00e3o em que um membro do Bope &#8211; Batalh\u00e3o de Opera\u00e7\u00f5es Policiais Especiais &#8211; esteve envolvido. Este discurso, no entanto, logo foi seguido por uma mat\u00e9ria publicada pelo Departamento de Comunica\u00e7\u00e3o Social da C\u00e2mara Municipal de Piracicaba.<\/p>\n<p>Ao analisar as informa\u00e7\u00f5es veiculadas, Wagn\u00e3o notou que a reportagem atribu\u00eda a ele um uso de linguagem que n\u00e3o havia feito no plen\u00e1rio, especialmente o termo &#8220;abordagem&#8221;, que n\u00e3o foi parte de seu discurso. Essa discrep\u00e2ncia levantou a necessidade de um esclarecimento oficial por parte da C\u00e2mara, buscando corrigir a interpreta\u00e7\u00e3o e reafirmar a credibilidade da comunica\u00e7\u00e3o institucional.<\/p>\n<h2>Import\u00e2ncia da comunica\u00e7\u00e3o clara nas c\u00e2maras municipais<\/h2>\n<p>A comunica\u00e7\u00e3o clara e precisa \u00e9 fundamental dentro das c\u00e2maras municipais, pois ela garante que os cidad\u00e3os recebam informa\u00e7\u00f5es corretas e justas sobre o que acontece em sua governan\u00e7a local. Em um ambiente onde a pol\u00edtica pode ser polarizadora e, muitas vezes, mal interpretada, a clareza na comunica\u00e7\u00e3o ajuda a evitar mal-entendidos que podem prejudicar tanto os representantes eleitos quanto os cidad\u00e3os que precisam compreender as a\u00e7\u00f5es de seus vereadores.<\/p>\n<p><img decoding=\"async\" src=\"https:\/\/www.encontrapiracicaba.com.br\/sobre\/wp-content\/uploads\/camara-publica-retratacao-sobre-materia-envolvendo-vereador-wagnao-e-baep.webp\" alt=\"retrato da c\u00e2mara sobre vereador Wagn\u00e3o\" loading=\"lazy\" \/><\/p>\n<p>\u00c9 crucial que a m\u00eddia que reporta sobre essas reuni\u00f5es seja cuidadosa ao transcrever e interpretar os discursos dos parlamentares. A responsabilidade n\u00e3o est\u00e1 apenas nas m\u00e3os dos oradores, mas tamb\u00e9m dos profissionais da comunica\u00e7\u00e3o que t\u00eam a tarefa de traduzir esses pronunciamentos para a popula\u00e7\u00e3o. Um erro ou interpreta\u00e7\u00e3o equivocada pode gerar consequ\u00eancias extensas, n\u00e3o apenas para a imagem do pol\u00edtico, mas tamb\u00e9m para a confian\u00e7a do p\u00fablico no processo democr\u00e1tico.<\/p>\n<h2>Efeito das interpreta\u00e7\u00f5es erradas nas declara\u00e7\u00f5es pol\u00edticas<\/h2>\n<p>Quando declara\u00e7\u00f5es pol\u00edticas s\u00e3o mal interpretadas, os efeitos podem ser prejudiciais. Al\u00e9m de comprometer a reputa\u00e7\u00e3o do pol\u00edtico envolvido, isso pode criar divis\u00f5es desnecess\u00e1rias entre partidos e a popula\u00e7\u00e3o. No caso de Wagn\u00e3o, o uso do termo &#8220;abordagem&#8221; em vez de uma descri\u00e7\u00e3o mais precisa do ocorrido exemplifica como uma palavra pode alterar o entendimento p\u00fablico e gerar rea\u00e7\u00f5es adversas.<\/p>\n<p>Ademais, a desinforma\u00e7\u00e3o tem o potencial de distorcer a percep\u00e7\u00e3o dos cidad\u00e3os sobre a atua\u00e7\u00e3o do legislativo. Quando a comunica\u00e7\u00e3o falha ou \u00e9 distorcida, leve-se em conta que os eleitores podem formar opini\u00f5es com base em fact-checking incorretos, levando a um desengajamento ou, em alguns casos, revolta desnecess\u00e1ria contra a figura p\u00fablica ou a institui\u00e7\u00e3o como um todo.<\/p>\n<h2>Destaques da nota de retrata\u00e7\u00e3o da C\u00e2mara<\/h2>\n<p>Na nota de retrata\u00e7\u00e3o emitida pelo Departamento de Comunica\u00e7\u00e3o Social da C\u00e2mara Municipal de Piracicaba, \u00e9 importante observar alguns pontos-chave. O comunicado reconheceu a falha em atribuir um termo que n\u00e3o havia sido utilizado pelo vereador durante seu pronunciamento. O texto tamb\u00e9m afirmou claramente que a reportagem n\u00e3o teve a inten\u00e7\u00e3o de distorcer as declara\u00e7\u00f5es do parlamentar, mas ao mesmo tempo se assumiu a responsabilidade pelo erro.<\/p>\n<p>A nota reafirmou a import\u00e2ncia de uma comunica\u00e7\u00e3o acurada e se desculpou publicamente ao vereador Wagner de Oliveira, destacando o respeito que a c\u00e2mara deve aos profissionais da fala e \u00e0 sua liberdade de express\u00e3o. Essa atitude demonstra um compromisso em corrigir erros e melhorar a qualidade do que \u00e9 reportado em nome da C\u00e2mara, um passo importante para restaurar a confian\u00e7a p\u00fablica.<\/p>\n<h2>An\u00e1lise do papel do Departamento de Comunica\u00e7\u00e3o Social<\/h2>\n<p>O Departamento de Comunica\u00e7\u00e3o Social desempenha um papel crucial na comunica\u00e7\u00e3o entre os pol\u00edticos e a popula\u00e7\u00e3o. \u00c9 ele que filtra, interpreta e dissemina as informa\u00e7\u00f5es sobre as atividades Legislativas em tempo real. A qualidade do trabalho deste departamento \u00e9 determinante para assegurar que a comunica\u00e7\u00e3o seja precisa e que n\u00e3o haja aliena\u00e7\u00e3o nas interpreta\u00e7\u00f5es feitas por jornalistas e pela comunidade.<\/p>\n<p>Ap\u00f3s a avalia\u00e7\u00e3o da situa\u00e7\u00e3o envolvendo Wagn\u00e3o, o departamento reafirmou seu compromisso com a \u00e9tica e com a responsabilidade na produ\u00e7\u00e3o de conte\u00fado informativo. Reconhecer falhas como a que ocorreu nesse caso \u00e9 um passo na dire\u00e7\u00e3o correta para melhorar a transpar\u00eancia e a accountability, caracter\u00edsticas fundamentais em um governo democraticamente eleito.<\/p>\n<h2>Repercuss\u00e3o da nota nas redes sociais<\/h2>\n<p>A nota de retrata\u00e7\u00e3o gerou uma s\u00e9rie de rea\u00e7\u00f5es nas redes sociais, onde a polariza\u00e7\u00e3o pol\u00edtica \u00e9 comum. Muitas pessoas expressaram seus pontos de vista sobre a quest\u00e3o, e a percep\u00e7\u00e3o p\u00fablica sobre a C\u00e2mara poderia dispor-se a variar a partir das respostas que vir\u00e3o a seguir ap\u00f3s a corre\u00e7\u00e3o. Uma parte dos cidad\u00e3os destacou a import\u00e2ncia do reconhecimento de erros por parte das institui\u00e7\u00f5es, enquanto outra parte criticou, argumentando que a comunica\u00e7\u00e3o deveria ser mais rigorosa para impedir que esses erros acontecessem no futuro.<\/p>\n<p>Redes sociais se tornaram um palco natural de debate, onde cidad\u00e3os engajados podem expressar preocupa\u00e7\u00f5es e opini\u00f5es sobre a condu\u00e7\u00e3o de seus vereadores e o funcionamento da c\u00e2mara. Nesse contexto, a comunica\u00e7\u00e3o eficaz com a popula\u00e7\u00e3o \u00e9 fundamental para n\u00e3o agravar disputas e alimentar desconfian\u00e7as que podem prejudicar o funcionamento democr\u00e1tico.<\/p>\n<h2>A responsabilidade \u00e9tica no jornalismo<\/h2>\n<p>A \u00e9tica no jornalismo \u00e9 um princ\u00edpio que n\u00e3o deve ser esquecido, especialmente ao se cobrir quest\u00f5es pol\u00edticas. Os profissionais devem garantir que as informa\u00e7\u00f5es divulgadas sejam verdadeiras, precisas e que reflitam com rigor as falas e a\u00e7\u00f5es dos pol\u00edticos. No caso de Wagn\u00e3o, a atribui\u00e7\u00e3o errada de termos ilustram como um descuido pode comprometer em grande medida n\u00e3o s\u00f3 a reputa\u00e7\u00e3o do vereador, mas tamb\u00e9m a integridade do trabalho jornal\u00edstico.<\/p>\n<p>Um compromisso \u00e9tico por parte dos ve\u00edculos de comunica\u00e7\u00e3o e dos departamentos de comunica\u00e7\u00e3o das c\u00e2maras pode resultar em uma reportagem de qualidade e na evita\u00e7\u00f5es de mal-entendidos que, muitas vezes, levam a consequ\u00eancias n\u00e3o intencionais e prejudiciais ao debate democr\u00e1tico.<\/p>\n<h2>Desafios da cobertura legislativa em tempo real<\/h2>\n<p>Realizar a cobertura de sess\u00f5es legislativas em tempo real traz uma s\u00e9rie de desafios, dados os eventos que ocorrem frequentemente de maneira r\u00e1pida e complexa. O tempo limitado para a produ\u00e7\u00e3o de reportagens e a necessidade de clareza e rapidez nas informa\u00e7\u00f5es podem levar a erros, como o ocorrido. Os jornalistas e departamentos de comunica\u00e7\u00e3o precisam desenvolver habilidades de s\u00edntese e alta capacidade de interpreta\u00e7\u00e3o para transmitir com precis\u00e3o as informa\u00e7\u00f5es aos cidad\u00e3os.<\/p>\n<p>A press\u00e3o do tempo, aliada \u00e0 necessidade de precis\u00e3o, pode resultar em decis\u00f5es apressadas que comprometem a qualidade do conte\u00fado \u2014 um dilema enfrentado com frequ\u00eancia por aqueles que trabalham no setor. Encontrar um equil\u00edbrio entre rapidez e exatid\u00e3o \u00e9 essencial para a efic\u00e1cia da comunica\u00e7\u00e3o legislativa.<\/p>\n<h2>Consequ\u00eancias de mal-entendidos pol\u00edticos para a popula\u00e7\u00e3o<\/h2>\n<p>Os mal-entendidos nas comunica\u00e7\u00f5es pol\u00edticas podem levar a consequ\u00eancias significativas para a popula\u00e7\u00e3o. Como mencionado anteriormente, esses erros n\u00e3o apenas afetam a imagem do pol\u00edtico, mas tamb\u00e9m podem influenciar a forma como os cidad\u00e3os percebem suas a\u00e7\u00f5es e decis\u00f5es. Informa\u00e7\u00f5es incorretas podem resultar em desconfian\u00e7a e em um afastamento da sociedade em rela\u00e7\u00e3o ao seu pr\u00f3prio governo.<\/p>\n<p>Al\u00e9m disso, a produ\u00e7\u00e3o de um ambiente onde a pol\u00edtica \u00e9 mal interpretada pode contribuir para uma maior polariza\u00e7\u00e3o e divis\u00e3o dentro da sociedade. Cidad\u00e3os desinformados tendem a formar opini\u00f5es baseadas em ideias erradas, o que pode acabar impactando a participa\u00e7\u00e3o deles no processo democr\u00e1tico \u2014 uma quest\u00e3o que deve ser priorizada para o bem-estar da nossa sociedade.<\/p>\n<h2>Perspectivas futuras para a comunica\u00e7\u00e3o institucional<\/h2>\n<p>O caso envolvendo o vereador Wagn\u00e3o destaca a necessidade de uma comunica\u00e7\u00e3o institucional clara e eficaz. No futuro, os departamentos de comunica\u00e7\u00e3o das c\u00e2maras devem prioritizar a promo\u00e7\u00e3o de uma \u00e9tica comunicativa sem alterar o essencial das falas dos parlamentares. Isso permite que mais cidad\u00e3os compreendam suas assembleias e discutam, de maneira informada, as quest\u00f5es que s\u00e3o relevantes para eles.<\/p>\n<p>Investimentos em treinamentos, bem como e melhorias no uso de novas tecnologias, tamb\u00e9m podem contribuir para a melhoria da precis\u00e3o nas comunica\u00e7\u00f5es. Ao priorizar a transpar\u00eancia e o di\u00e1logo aberto, as c\u00e2maras municipais possibilitam um ambiente democr\u00e1tico mais saud\u00e1vel e respeitoso, propondo que os cidad\u00e3os se sintam parte do processo e, consequentemente, mais engajados no desenvolvimento de suas comunidades.<\/p>\n\n<div style=\"font-size: 0px; height: 0px; line-height: 0px; margin: 0; padding: 0; clear: both;\"><\/div>","protected":false},"excerpt":{"rendered":"<p>C\u00e2mara publica retrata\u00e7\u00e3o sobre afirma\u00e7\u00f5es do vereador Wagn\u00e3o em sess\u00e3o anterior.<\/p>\n","protected":false},"author":1,"featured_media":4875,"comment_status":"closed","ping_status":"closed","sticky":false,"template":"","format":"standard","meta":{"footnotes":""},"categories":[6],"tags":[],"class_list":["post-4876","post","type-post","status-publish","format-standard","has-post-thumbnail","hentry","category-noticias-em-piracicaba","has_thumb"],"aioseo_notices":[],"aioseo_head":"\n\t\t<!-- All in One SEO 5.0.0.1 - aioseo.com -->\n\t<meta name=\"robots\" content=\"max-image-preview:large\" \/>\n\t<meta name=\"author\" content=\"Encontra Piracicaba\"\/>\n\t<link rel=\"canonical\" href=\"https:\/\/www.encontrapiracicaba.com.br\/sobre\/camara-publica-retratacao-sobre-materia-envolvendo-vereador-wagnao-e-baep\/\" \/>\n\t<meta name=\"generator\" content=\"All in One SEO (AIOSEO) 5.0.0.1\" \/>\n\t\t<meta property=\"og:locale\" content=\"pt_BR\" \/>\n\t\t<meta property=\"og:site_name\" content=\"Encontra Piracicaba | Not\u00edcias, eventos, informa\u00e7\u00f5es e dicas na cidade de Piracicaba e regi\u00e3o\" \/>\n\t\t<meta property=\"og:type\" content=\"article\" \/>\n\t\t<meta property=\"og:title\" content=\"C\u00e2mara publica retrata\u00e7\u00e3o sobre mat\u00e9ria envolvendo vereador Wagn\u00e3o e Baep | Encontra Piracicaba\" \/>\n\t\t<meta property=\"og:url\" content=\"https:\/\/www.encontrapiracicaba.com.br\/sobre\/camara-publica-retratacao-sobre-materia-envolvendo-vereador-wagnao-e-baep\/\" \/>\n\t\t<meta property=\"article:published_time\" content=\"2026-07-13T14:26:47+00:00\" \/>\n\t\t<meta property=\"article:modified_time\" content=\"2026-07-13T14:26:47+00:00\" \/>\n\t\t<meta name=\"twitter:card\" content=\"summary\" \/>\n\t\t<meta name=\"twitter:title\" content=\"C\u00e2mara publica retrata\u00e7\u00e3o sobre mat\u00e9ria envolvendo vereador Wagn\u00e3o e Baep | Encontra Piracicaba\" \/>\n\t\t<script type=\"application\/ld+json\" class=\"aioseo-schema\">\n\t\t\t{\"@context\":\"https:\\\/\\\/schema.org\",\"@graph\":[{\"@type\":\"Article\",\"@id\":\"https:\\\/\\\/www.encontrapiracicaba.com.br\\\/sobre\\\/camara-publica-retratacao-sobre-materia-envolvendo-vereador-wagnao-e-baep\\\/#article\",\"name\":\"C\\u00e2mara publica retrata\\u00e7\\u00e3o sobre mat\\u00e9ria envolvendo vereador Wagn\\u00e3o e Baep | Encontra Piracicaba\",\"headline\":\"C\\u00e2mara publica retrata\\u00e7\\u00e3o sobre mat\\u00e9ria envolvendo vereador Wagn\\u00e3o e Baep\",\"author\":{\"@id\":\"https:\\\/\\\/www.encontrapiracicaba.com.br\\\/sobre\\\/author\\\/epiracicaba\\\/#author\"},\"publisher\":{\"@id\":\"https:\\\/\\\/www.encontrapiracicaba.com.br\\\/sobre\\\/#organization\"},\"image\":{\"@type\":\"ImageObject\",\"url\":\"https:\\\/\\\/www.encontrapiracicaba.com.br\\\/sobre\\\/wp-content\\\/uploads\\\/camara-publica-retratacao-sobre-materia-envolvendo-vereador-wagnao-e-baep.webp\",\"width\":280,\"height\":280,\"caption\":\"retrato da c\\u00e2mara sobre vereador Wagn\\u00e3o\"},\"datePublished\":\"2026-07-13T11:26:47-03:00\",\"dateModified\":\"2026-07-13T11:26:47-03:00\",\"inLanguage\":\"pt-BR\",\"mainEntityOfPage\":{\"@id\":\"https:\\\/\\\/www.encontrapiracicaba.com.br\\\/sobre\\\/camara-publica-retratacao-sobre-materia-envolvendo-vereador-wagnao-e-baep\\\/#webpage\"},\"isPartOf\":{\"@id\":\"https:\\\/\\\/www.encontrapiracicaba.com.br\\\/sobre\\\/camara-publica-retratacao-sobre-materia-envolvendo-vereador-wagnao-e-baep\\\/#webpage\"},\"articleSection\":\"Not\\u00edcias Piracicaba\"},{\"@type\":\"BreadcrumbList\",\"@id\":\"https:\\\/\\\/www.encontrapiracicaba.com.br\\\/sobre\\\/camara-publica-retratacao-sobre-materia-envolvendo-vereador-wagnao-e-baep\\\/#breadcrumblist\",\"itemListElement\":[{\"@type\":\"ListItem\",\"@id\":\"https:\\\/\\\/www.encontrapiracicaba.com.br\\\/sobre#listItem\",\"position\":1,\"name\":\"In\\u00edcio\",\"item\":\"https:\\\/\\\/www.encontrapiracicaba.com.br\\\/sobre\",\"nextItem\":{\"@type\":\"ListItem\",\"@id\":\"https:\\\/\\\/www.encontrapiracicaba.com.br\\\/sobre\\\/noticias-em-piracicaba\\\/#listItem\",\"name\":\"Not\\u00edcias Piracicaba\"}},{\"@type\":\"ListItem\",\"@id\":\"https:\\\/\\\/www.encontrapiracicaba.com.br\\\/sobre\\\/noticias-em-piracicaba\\\/#listItem\",\"position\":2,\"name\":\"Not\\u00edcias Piracicaba\",\"item\":\"https:\\\/\\\/www.encontrapiracicaba.com.br\\\/sobre\\\/noticias-em-piracicaba\\\/\",\"nextItem\":{\"@type\":\"ListItem\",\"@id\":\"https:\\\/\\\/www.encontrapiracicaba.com.br\\\/sobre\\\/camara-publica-retratacao-sobre-materia-envolvendo-vereador-wagnao-e-baep\\\/#listItem\",\"name\":\"C\\u00e2mara publica retrata\\u00e7\\u00e3o sobre mat\\u00e9ria envolvendo vereador Wagn\\u00e3o e Baep\"},\"previousItem\":{\"@type\":\"ListItem\",\"@id\":\"https:\\\/\\\/www.encontrapiracicaba.com.br\\\/sobre#listItem\",\"name\":\"In\\u00edcio\"}},{\"@type\":\"ListItem\",\"@id\":\"https:\\\/\\\/www.encontrapiracicaba.com.br\\\/sobre\\\/camara-publica-retratacao-sobre-materia-envolvendo-vereador-wagnao-e-baep\\\/#listItem\",\"position\":3,\"name\":\"C\\u00e2mara publica retrata\\u00e7\\u00e3o sobre mat\\u00e9ria envolvendo vereador Wagn\\u00e3o e Baep\",\"previousItem\":{\"@type\":\"ListItem\",\"@id\":\"https:\\\/\\\/www.encontrapiracicaba.com.br\\\/sobre\\\/noticias-em-piracicaba\\\/#listItem\",\"name\":\"Not\\u00edcias Piracicaba\"}}]},{\"@type\":\"Organization\",\"@id\":\"https:\\\/\\\/www.encontrapiracicaba.com.br\\\/sobre\\\/#organization\",\"name\":\"Encontra Piracicaba\",\"description\":\"Not\\u00edcias, eventos, informa\\u00e7\\u00f5es e dicas na cidade de Piracicaba e regi\\u00e3o\",\"url\":\"https:\\\/\\\/www.encontrapiracicaba.com.br\\\/sobre\\\/\"},{\"@type\":\"Person\",\"@id\":\"https:\\\/\\\/www.encontrapiracicaba.com.br\\\/sobre\\\/author\\\/epiracicaba\\\/#author\",\"url\":\"https:\\\/\\\/www.encontrapiracicaba.com.br\\\/sobre\\\/author\\\/epiracicaba\\\/\",\"name\":\"Encontra Piracicaba\",\"image\":{\"@type\":\"ImageObject\",\"@id\":\"https:\\\/\\\/www.encontrapiracicaba.com.br\\\/sobre\\\/camara-publica-retratacao-sobre-materia-envolvendo-vereador-wagnao-e-baep\\\/#authorImage\",\"url\":\"https:\\\/\\\/secure.gravatar.com\\\/avatar\\\/507340682b8270222e1f208e23198b6ae7e2c6a1033ae84e99bc6bce4f82a387?s=96&d=mm&r=g\",\"width\":96,\"height\":96,\"caption\":\"Encontra Piracicaba\"}},{\"@type\":\"WebPage\",\"@id\":\"https:\\\/\\\/www.encontrapiracicaba.com.br\\\/sobre\\\/camara-publica-retratacao-sobre-materia-envolvendo-vereador-wagnao-e-baep\\\/#webpage\",\"url\":\"https:\\\/\\\/www.encontrapiracicaba.com.br\\\/sobre\\\/camara-publica-retratacao-sobre-materia-envolvendo-vereador-wagnao-e-baep\\\/\",\"name\":\"C\\u00e2mara publica retrata\\u00e7\\u00e3o sobre mat\\u00e9ria envolvendo vereador Wagn\\u00e3o e Baep | Encontra Piracicaba\",\"inLanguage\":\"pt-BR\",\"isPartOf\":{\"@id\":\"https:\\\/\\\/www.encontrapiracicaba.com.br\\\/sobre\\\/#website\"},\"breadcrumb\":{\"@id\":\"https:\\\/\\\/www.encontrapiracicaba.com.br\\\/sobre\\\/camara-publica-retratacao-sobre-materia-envolvendo-vereador-wagnao-e-baep\\\/#breadcrumblist\"},\"author\":{\"@id\":\"https:\\\/\\\/www.encontrapiracicaba.com.br\\\/sobre\\\/author\\\/epiracicaba\\\/#author\"},\"creator\":{\"@id\":\"https:\\\/\\\/www.encontrapiracicaba.com.br\\\/sobre\\\/author\\\/epiracicaba\\\/#author\"},\"image\":{\"@type\":\"ImageObject\",\"url\":\"https:\\\/\\\/www.encontrapiracicaba.com.br\\\/sobre\\\/wp-content\\\/uploads\\\/camara-publica-retratacao-sobre-materia-envolvendo-vereador-wagnao-e-baep.webp\",\"@id\":\"https:\\\/\\\/www.encontrapiracicaba.com.br\\\/sobre\\\/camara-publica-retratacao-sobre-materia-envolvendo-vereador-wagnao-e-baep\\\/#mainImage\",\"width\":280,\"height\":280,\"caption\":\"retrato da c\\u00e2mara sobre vereador Wagn\\u00e3o\"},\"primaryImageOfPage\":{\"@id\":\"https:\\\/\\\/www.encontrapiracicaba.com.br\\\/sobre\\\/camara-publica-retratacao-sobre-materia-envolvendo-vereador-wagnao-e-baep\\\/#mainImage\"},\"datePublished\":\"2026-07-13T11:26:47-03:00\",\"dateModified\":\"2026-07-13T11:26:47-03:00\"},{\"@type\":\"WebSite\",\"@id\":\"https:\\\/\\\/www.encontrapiracicaba.com.br\\\/sobre\\\/#website\",\"url\":\"https:\\\/\\\/www.encontrapiracicaba.com.br\\\/sobre\\\/\",\"name\":\"Encontra Piracicaba\",\"description\":\"Not\\u00edcias, eventos, informa\\u00e7\\u00f5es e dicas na cidade de Piracicaba e regi\\u00e3o\",\"inLanguage\":\"pt-BR\",\"publisher\":{\"@id\":\"https:\\\/\\\/www.encontrapiracicaba.com.br\\\/sobre\\\/#organization\"}}]}\n\t\t<\/script>\n\t\t<!-- All in One SEO -->\n\n","aioseo_head_json":{"title":"C\u00e2mara publica retrata\u00e7\u00e3o sobre mat\u00e9ria envolvendo vereador Wagn\u00e3o e Baep | Encontra Piracicaba","description":"","canonical_url":"https:\/\/www.encontrapiracicaba.com.br\/sobre\/camara-publica-retratacao-sobre-materia-envolvendo-vereador-wagnao-e-baep\/","robots":"max-image-preview:large","keywords":"","webmasterTools":{"miscellaneous":""},"schema":{"@context":"https:\/\/schema.org","@graph":[{"@type":"Article","@id":"https:\/\/www.encontrapiracicaba.com.br\/sobre\/camara-publica-retratacao-sobre-materia-envolvendo-vereador-wagnao-e-baep\/#article","name":"C\u00e2mara publica retrata\u00e7\u00e3o sobre mat\u00e9ria envolvendo vereador Wagn\u00e3o e Baep | Encontra Piracicaba","headline":"C\u00e2mara publica retrata\u00e7\u00e3o sobre mat\u00e9ria envolvendo vereador Wagn\u00e3o e Baep","author":{"@id":"https:\/\/www.encontrapiracicaba.com.br\/sobre\/author\/epiracicaba\/#author"},"publisher":{"@id":"https:\/\/www.encontrapiracicaba.com.br\/sobre\/#organization"},"image":{"@type":"ImageObject","url":"https:\/\/www.encontrapiracicaba.com.br\/sobre\/wp-content\/uploads\/camara-publica-retratacao-sobre-materia-envolvendo-vereador-wagnao-e-baep.webp","width":280,"height":280,"caption":"retrato da c\u00e2mara sobre vereador Wagn\u00e3o"},"datePublished":"2026-07-13T11:26:47-03:00","dateModified":"2026-07-13T11:26:47-03:00","inLanguage":"pt-BR","mainEntityOfPage":{"@id":"https:\/\/www.encontrapiracicaba.com.br\/sobre\/camara-publica-retratacao-sobre-materia-envolvendo-vereador-wagnao-e-baep\/#webpage"},"isPartOf":{"@id":"https:\/\/www.encontrapiracicaba.com.br\/sobre\/camara-publica-retratacao-sobre-materia-envolvendo-vereador-wagnao-e-baep\/#webpage"},"articleSection":"Not\u00edcias Piracicaba"},{"@type":"BreadcrumbList","@id":"https:\/\/www.encontrapiracicaba.com.br\/sobre\/camara-publica-retratacao-sobre-materia-envolvendo-vereador-wagnao-e-baep\/#breadcrumblist","itemListElement":[{"@type":"ListItem","@id":"https:\/\/www.encontrapiracicaba.com.br\/sobre#listItem","position":1,"name":"In\u00edcio","item":"https:\/\/www.encontrapiracicaba.com.br\/sobre","nextItem":{"@type":"ListItem","@id":"https:\/\/www.encontrapiracicaba.com.br\/sobre\/noticias-em-piracicaba\/#listItem","name":"Not\u00edcias Piracicaba"}},{"@type":"ListItem","@id":"https:\/\/www.encontrapiracicaba.com.br\/sobre\/noticias-em-piracicaba\/#listItem","position":2,"name":"Not\u00edcias Piracicaba","item":"https:\/\/www.encontrapiracicaba.com.br\/sobre\/noticias-em-piracicaba\/","nextItem":{"@type":"ListItem","@id":"https:\/\/www.encontrapiracicaba.com.br\/sobre\/camara-publica-retratacao-sobre-materia-envolvendo-vereador-wagnao-e-baep\/#listItem","name":"C\u00e2mara publica retrata\u00e7\u00e3o sobre mat\u00e9ria envolvendo vereador Wagn\u00e3o e Baep"},"previousItem":{"@type":"ListItem","@id":"https:\/\/www.encontrapiracicaba.com.br\/sobre#listItem","name":"In\u00edcio"}},{"@type":"ListItem","@id":"https:\/\/www.encontrapiracicaba.com.br\/sobre\/camara-publica-retratacao-sobre-materia-envolvendo-vereador-wagnao-e-baep\/#listItem","position":3,"name":"C\u00e2mara publica retrata\u00e7\u00e3o sobre mat\u00e9ria envolvendo vereador Wagn\u00e3o e Baep","previousItem":{"@type":"ListItem","@id":"https:\/\/www.encontrapiracicaba.com.br\/sobre\/noticias-em-piracicaba\/#listItem","name":"Not\u00edcias Piracicaba"}}]},{"@type":"Organization","@id":"https:\/\/www.encontrapiracicaba.com.br\/sobre\/#organization","name":"Encontra Piracicaba","description":"Not\u00edcias, eventos, informa\u00e7\u00f5es e dicas na cidade de Piracicaba e regi\u00e3o","url":"https:\/\/www.encontrapiracicaba.com.br\/sobre\/"},{"@type":"Person","@id":"https:\/\/www.encontrapiracicaba.com.br\/sobre\/author\/epiracicaba\/#author","url":"https:\/\/www.encontrapiracicaba.com.br\/sobre\/author\/epiracicaba\/","name":"Encontra Piracicaba","image":{"@type":"ImageObject","@id":"https:\/\/www.encontrapiracicaba.com.br\/sobre\/camara-publica-retratacao-sobre-materia-envolvendo-vereador-wagnao-e-baep\/#authorImage","url":"https:\/\/secure.gravatar.com\/avatar\/507340682b8270222e1f208e23198b6ae7e2c6a1033ae84e99bc6bce4f82a387?s=96&d=mm&r=g","width":96,"height":96,"caption":"Encontra Piracicaba"}},{"@type":"WebPage","@id":"https:\/\/www.encontrapiracicaba.com.br\/sobre\/camara-publica-retratacao-sobre-materia-envolvendo-vereador-wagnao-e-baep\/#webpage","url":"https:\/\/www.encontrapiracicaba.com.br\/sobre\/camara-publica-retratacao-sobre-materia-envolvendo-vereador-wagnao-e-baep\/","name":"C\u00e2mara publica retrata\u00e7\u00e3o sobre mat\u00e9ria envolvendo vereador Wagn\u00e3o e Baep | Encontra Piracicaba","inLanguage":"pt-BR","isPartOf":{"@id":"https:\/\/www.encontrapiracicaba.com.br\/sobre\/#website"},"breadcrumb":{"@id":"https:\/\/www.encontrapiracicaba.com.br\/sobre\/camara-publica-retratacao-sobre-materia-envolvendo-vereador-wagnao-e-baep\/#breadcrumblist"},"author":{"@id":"https:\/\/www.encontrapiracicaba.com.br\/sobre\/author\/epiracicaba\/#author"},"creator":{"@id":"https:\/\/www.encontrapiracicaba.com.br\/sobre\/author\/epiracicaba\/#author"},"image":{"@type":"ImageObject","url":"https:\/\/www.encontrapiracicaba.com.br\/sobre\/wp-content\/uploads\/camara-publica-retratacao-sobre-materia-envolvendo-vereador-wagnao-e-baep.webp","@id":"https:\/\/www.encontrapiracicaba.com.br\/sobre\/camara-publica-retratacao-sobre-materia-envolvendo-vereador-wagnao-e-baep\/#mainImage","width":280,"height":280,"caption":"retrato da c\u00e2mara sobre vereador Wagn\u00e3o"},"primaryImageOfPage":{"@id":"https:\/\/www.encontrapiracicaba.com.br\/sobre\/camara-publica-retratacao-sobre-materia-envolvendo-vereador-wagnao-e-baep\/#mainImage"},"datePublished":"2026-07-13T11:26:47-03:00","dateModified":"2026-07-13T11:26:47-03:00"},{"@type":"WebSite","@id":"https:\/\/www.encontrapiracicaba.com.br\/sobre\/#website","url":"https:\/\/www.encontrapiracicaba.com.br\/sobre\/","name":"Encontra Piracicaba","description":"Not\u00edcias, eventos, informa\u00e7\u00f5es e dicas na cidade de Piracicaba e regi\u00e3o","inLanguage":"pt-BR","publisher":{"@id":"https:\/\/www.encontrapiracicaba.com.br\/sobre\/#organization"}}]},"og:locale":"pt_BR","og:site_name":"Encontra Piracicaba | Not\u00edcias, eventos, informa\u00e7\u00f5es e dicas na cidade de Piracicaba e regi\u00e3o","og:type":"article","og:title":"C\u00e2mara publica retrata\u00e7\u00e3o sobre mat\u00e9ria envolvendo vereador Wagn\u00e3o e Baep | Encontra Piracicaba","og:url":"https:\/\/www.encontrapiracicaba.com.br\/sobre\/camara-publica-retratacao-sobre-materia-envolvendo-vereador-wagnao-e-baep\/","article:published_time":"2026-07-13T14:26:47+00:00","article:modified_time":"2026-07-13T14:26:47+00:00","twitter:card":"summary","twitter:title":"C\u00e2mara publica retrata\u00e7\u00e3o sobre mat\u00e9ria envolvendo vereador Wagn\u00e3o e Baep | Encontra Piracicaba"},"aioseo_meta_data":{"post_id":"4876","title":null,"description":null,"keywords":null,"keyphrases":null,"primary_term":null,"canonical_url":null,"og_title":null,"og_description":null,"og_object_type":"default","og_image_type":"default","og_image_url":null,"og_image_width":null,"og_image_height":null,"og_image_custom_url":null,"og_image_custom_fields":null,"og_video":null,"og_custom_url":null,"og_article_section":null,"og_article_tags":null,"twitter_use_og":false,"twitter_card":"default","twitter_image_type":"default","twitter_image_url":null,"twitter_image_custom_url":null,"twitter_image_custom_fields":null,"twitter_title":null,"twitter_description":null,"schema":{"blockGraphs":[],"customGraphs":[],"default":{"data":{"Article":[],"Course":[],"Dataset":[],"FAQPage":[],"Movie":[],"Person":[],"Product":[],"ProductReview":[],"Car":[],"Recipe":[],"Service":[],"SoftwareApplication":[],"WebPage":[]},"graphName":"Article","isEnabled":true},"graphs":[]},"schema_type":"default","schema_type_options":null,"pillar_content":false,"robots_default":true,"robots_noindex":false,"robots_noarchive":false,"robots_nosnippet":false,"robots_nofollow":false,"robots_noimageindex":false,"robots_noodp":false,"robots_notranslate":false,"robots_max_snippet":null,"robots_max_videopreview":null,"robots_max_imagepreview":"large","priority":null,"frequency":null,"local_seo":null,"breadcrumb_settings":null,"limit_modified_date":false,"ai":null,"created":"2026-07-13 14:29:34","updated":"2026-07-13 14:41:31","focus_keyword":null,"additional_keywords":null,"truseo_locale":null,"seo_analyzer_scan_date":null},"aioseo_breadcrumb":"<div class=\"aioseo-breadcrumbs\"><span class=\"aioseo-breadcrumb\">\n\t\t\t<a href=\"https:\/\/www.encontrapiracicaba.com.br\/sobre\" title=\"In\u00edcio\">In\u00edcio<\/a>\n\t\t<\/span><span class=\"aioseo-breadcrumb-separator\">&raquo;<\/span><span class=\"aioseo-breadcrumb\">\n\t\t\t<a href=\"https:\/\/www.encontrapiracicaba.com.br\/sobre\/noticias-em-piracicaba\/\" title=\"Not\u00edcias Piracicaba\">Not\u00edcias Piracicaba<\/a>\n\t\t<\/span><span class=\"aioseo-breadcrumb-separator\">&raquo;<\/span><span class=\"aioseo-breadcrumb\">\n\t\t\tC\u00e2mara publica retrata\u00e7\u00e3o sobre mat\u00e9ria envolvendo vereador Wagn\u00e3o e Baep\n\t\t<\/span><\/div>","aioseo_breadcrumb_json":[{"label":"In\u00edcio","link":"https:\/\/www.encontrapiracicaba.com.br\/sobre"},{"label":"Not\u00edcias Piracicaba","link":"https:\/\/www.encontrapiracicaba.com.br\/sobre\/noticias-em-piracicaba\/"},{"label":"C\u00e2mara publica retrata\u00e7\u00e3o sobre mat\u00e9ria envolvendo vereador Wagn\u00e3o e Baep","link":"https:\/\/www.encontrapiracicaba.com.br\/sobre\/camara-publica-retratacao-sobre-materia-envolvendo-vereador-wagnao-e-baep\/"}],"_links":{"self":[{"href":"https:\/\/www.encontrapiracicaba.com.br\/sobre\/wp-json\/wp\/v2\/posts\/4876","targetHints":{"allow":["GET"]}}],"collection":[{"href":"https:\/\/www.encontrapiracicaba.com.br\/sobre\/wp-json\/wp\/v2\/posts"}],"about":[{"href":"https:\/\/www.encontrapiracicaba.com.br\/sobre\/wp-json\/wp\/v2\/types\/post"}],"author":[{"embeddable":true,"href":"https:\/\/www.encontrapiracicaba.com.br\/sobre\/wp-json\/wp\/v2\/users\/1"}],"replies":[{"embeddable":true,"href":"https:\/\/www.encontrapiracicaba.com.br\/sobre\/wp-json\/wp\/v2\/comments?post=4876"}],"version-history":[{"count":0,"href":"https:\/\/www.encontrapiracicaba.com.br\/sobre\/wp-json\/wp\/v2\/posts\/4876\/revisions"}],"wp:featuredmedia":[{"embeddable":true,"href":"https:\/\/www.encontrapiracicaba.com.br\/sobre\/wp-json\/wp\/v2\/media\/4875"}],"wp:attachment":[{"href":"https:\/\/www.encontrapiracicaba.com.br\/sobre\/wp-json\/wp\/v2\/media?parent=4876"}],"wp:term":[{"taxonomy":"category","embeddable":true,"href":"https:\/\/www.encontrapiracicaba.com.br\/sobre\/wp-json\/wp\/v2\/categories?post=4876"},{"taxonomy":"post_tag","embeddable":true,"href":"https:\/\/www.encontrapiracicaba.com.br\/sobre\/wp-json\/wp\/v2\/tags?post=4876"}],"curies":[{"name":"wp","href":"https:\/\/api.w.org\/{rel}","templated":true}]}}