{"id":4887,"date":"2026-07-14T14:03:20","date_gmt":"2026-07-14T17:03:20","guid":{"rendered":"https:\/\/www.encontrapiracicaba.com.br\/sobre\/requerimento-questiona-executivo-sobre-acoes-preventivas-diante-do-el-nino\/"},"modified":"2026-07-14T14:03:20","modified_gmt":"2026-07-14T17:03:20","slug":"requerimento-questiona-executivo-sobre-acoes-preventivas-diante-do-el-nino","status":"publish","type":"post","link":"https:\/\/www.encontrapiracicaba.com.br\/sobre\/requerimento-questiona-executivo-sobre-acoes-preventivas-diante-do-el-nino\/","title":{"rendered":"Requerimento questiona Executivo sobre a\u00e7\u00f5es preventivas diante do El Ni\u00f1o"},"content":{"rendered":"<div class=\"85df007ed5c0c4d4b453fd13a37855e8\" data-index=\"1\" style=\"float: none; margin:0px;\">\n<!-- Anuncio display - global -->\r\n<ins class=\"adsbygoogle\"\r\n     style=\"display:block\"\r\n     data-ad-client=\"ca-pub-8585364105181520\"\r\n     data-ad-slot=\"8789329856\"\r\n     data-ad-format=\"auto\"\r\n     data-full-width-responsive=\"true\"><\/ins>\r\n<script>\r\n     (adsbygoogle = window.adsbygoogle || []).push({});\r\n<\/script>\n<\/div>\n<h2>Entendendo o Fen\u00f4meno El Ni\u00f1o<\/h2>\n<p>El Ni\u00f1o \u00e9 um fen\u00f4meno clim\u00e1tico que se caracteriza pelo aquecimento an\u00f4malo das \u00e1guas do Oceano Pac\u00edfico equatorial, resultando em altera\u00e7\u00f5es significativas nos padr\u00f5es clim\u00e1ticos globais. Esse fen\u00f4meno ocorre aproximadamente a cada dois a sete anos e pode ter efeitos duradouros sobre o clima de v\u00e1rias regi\u00f5es ao redor do mundo. Quando El Ni\u00f1o se manifesta, pode desencadear uma s\u00e9rie de eventos clim\u00e1ticos extremos, como secas intensas e chuvas torrenciais.<\/p>\n<h2>Impactos Clim\u00e1ticos Esperados<\/h2>\n<p>As proje\u00e7\u00f5es relacionadas ao El Ni\u00f1o indicam que regi\u00f5es que normalmente enfrentam per\u00edodos de seca podem experimentar chuvas excessivas, enquanto \u00e1reas geralmente chuvosas podem passar por secas severas. Essas oscila\u00e7\u00f5es clim\u00e1ticas podem acarretar consequ\u00eancias s\u00e9rias, como:<\/p>\n<ul>\n<li><strong>Altera\u00e7\u00f5es nos Ciclos de Colheita:<\/strong> Consequ\u00eancias diretas nas safras, afetando a seguran\u00e7a alimentar.<\/li>\n<li><strong>Inunda\u00e7\u00f5es e Deslizamentos:<\/strong> O aumento das chuvas pode levar a inunda\u00e7\u00f5es e deslizamentos de terra, colocando vidas em risco.<\/li>\n<li><strong>Aumento de Temperaturas:<\/strong> Muitas \u00e1reas enfrentar\u00e3o ondas de calor, comprometendo a sa\u00fade p\u00fablica.<\/li>\n<\/ul>\n<h2>Medidas de Preven\u00e7\u00e3o Necess\u00e1rias<\/h2>\n<p>Para mitigar os impactos negativos associados ao El Ni\u00f1o, \u00e9 imperativo que as autoridades locais adotem medidas de preven\u00e7\u00e3o eficazes. Essas a\u00e7\u00f5es podem incluir:<\/p>\n<p><img decoding=\"async\" src=\"https:\/\/www.encontrapiracicaba.com.br\/sobre\/wp-content\/uploads\/requerimento-questiona-executivo-sobre-acoes-preventivas-diante-do-el-nino.webp\" alt=\"El Ni\u00f1o\" loading=\"lazy\" \/><\/p>\n<ul>\n<li><strong>Cria\u00e7\u00e3o de Planos de Emerg\u00eancia:<\/strong> Desenvolver planos que preparem a comunidade para eventos clim\u00e1ticos extremos.<\/li>\n<li><strong>Sensibiliza\u00e7\u00e3o da Comunidade:<\/strong> Campanhas educativas para informar a popula\u00e7\u00e3o sobre sinais de alerta e procedimentos a seguir.<\/li>\n<li><strong>Investimentos em Infraestrutura:<\/strong> Melhorar sistemas de drenagem e constru\u00e7\u00e3o de barragens para controlar inunda\u00e7\u00f5es.<\/li>\n<\/ul>\n<h2>Import\u00e2ncia da Seguran\u00e7a H\u00eddrica<\/h2>\n<p>Ao considerar as potenciais secas que podem acompanhar o El Ni\u00f1o, a seguran\u00e7a h\u00eddrica se torna uma quest\u00e3o vital. As autoridades devem:<\/p>\n<ul>\n<li><strong>Monitorar Recursos H\u00eddricos:<\/strong> Implantar sistemas de monitoramento para gerenciar estoques de \u00e1gua eficientemente.<\/li>\n<li><strong>Desenvolver Planos de Gest\u00e3o de \u00c1gua:<\/strong> Criar planos que abordem o uso sustent\u00e1vel e a conserva\u00e7\u00e3o de recursos h\u00eddricos.<\/li>\n<\/ul>\n<h2>A Relev\u00e2ncia da Agricultura Local<\/h2>\n<p>A agricultura desempenha um papel crucial na economia de muitas regi\u00f5es, e o El Ni\u00f1o pode causar estragos nesse setor. Para proteger a agricultura local:<\/p>\n<ul>\n<li><strong>Apoio a Agricultores:<\/strong> Fornecer assist\u00eancia t\u00e9cnica e financeira para adapt\u00e1-los \u00e0s mudan\u00e7as clim\u00e1ticas.<\/li>\n<li><strong>Desenvolvimento de Culturas Resilientes:<\/strong> Incentivar o plantio de culturas que sejam capazes de resistir a condi\u00e7\u00f5es clim\u00e1ticas adversas.<\/li>\n<\/ul>\n<h2>Estrat\u00e9gias de Resposta Emergencial<\/h2>\n<p>Em situa\u00e7\u00f5es de emerg\u00eancia clim\u00e1tica induzidas pelo El Ni\u00f1o, \u00e9 essencial que as autoridades implementem estrat\u00e9gias \u00e1geis e eficazes. Isso pode envolver:<\/p>\n<ul>\n<li><strong>Mobiliza\u00e7\u00e3o R\u00e1pida de Recursos:<\/strong> Garantir que os recursos estejam dispon\u00edveis rapidamente para as \u00e1reas afetadas.<\/li>\n<li><strong>Coordena\u00e7\u00e3o entre Ag\u00eancias:<\/strong> Estabelecer um trabalho conjunto entre diferentes setores governamentais para facilitar a resposta.<\/li>\n<\/ul>\n<h2>Grupo T\u00e9cnico para Monitoramento<\/h2>\n<p>A forma\u00e7\u00e3o de um grupo t\u00e9cnico \u00e9 fundamental para o monitoramento cont\u00ednuo da situa\u00e7\u00e3o clim\u00e1tica. Este grupo pode ser respons\u00e1vel por:<\/p>\n<ul>\n<li><strong>Coleta de Dados:<\/strong> Reunir informa\u00e7\u00f5es sobre padr\u00f5es clim\u00e1ticos e condi\u00e7\u00f5es locais.<\/li>\n<li><strong>Elabora\u00e7\u00e3o de Relat\u00f3rios:<\/strong> Produzir relat\u00f3rios peri\u00f3dicos sobre a situa\u00e7\u00e3o h\u00eddrica e clim\u00e1tica.<\/li>\n<\/ul>\n<h2>Planos de Conting\u00eancia Eficazes<\/h2>\n<p>Um plano de conting\u00eancia bem elaborado pode salvar vidas durante eventos clim\u00e1ticos extremos. Elementos importantes fazem parte desse planejamento:<\/p>\n<ul>\n<li><strong>Avalia\u00e7\u00e3o de Vulnerabilidades:<\/strong> Identificar as \u00e1reas mais suscet\u00edveis a desastres naturais.<\/li>\n<li><strong>Protocolos de A\u00e7\u00e3o:<\/strong> Definir claramente quais a\u00e7\u00f5es devem ser tomadas em resposta a cada cen\u00e1rio de crise.<\/li>\n<\/ul>\n<h2>O Papel da Defesa Civil<\/h2>\n<p>A Defesa Civil desempenha um papel crucial na prote\u00e7\u00e3o da popula\u00e7\u00e3o durante eventos clim\u00e1ticos adversos. Suas responsabilidades costumam incluir:<\/p>\n<ul>\n<li><strong>Prepara\u00e7\u00e3o e Capacita\u00e7\u00e3o:<\/strong> Treinar equipes e volunt\u00e1rios para lidar com emerg\u00eancias.<\/li>\n<li><strong>Comunica\u00e7\u00e3o com a Comunidade:<\/strong> Manter a popula\u00e7\u00e3o informada sobre medidas de seguran\u00e7a e orienta\u00e7\u00f5es em tempo real.<\/li>\n<\/ul>\n<h2>Articula\u00e7\u00e3o com \u00d3rg\u00e3os Governamentais<\/h2>\n<p>Uma articula\u00e7\u00e3o eficaz entre diferentes esferas de governo \u00e9 necess\u00e1ria para assegurar uma resposta coordenada a desastres clim\u00e1ticos. Isso envolve:<\/p>\n<ul>\n<li><strong>Integra\u00e7\u00e3o de Pol\u00edticas:<\/strong> Alinhar pol\u00edticas p\u00fablicas de diferentes \u00f3rbitas governamentais para garantir a consist\u00eancia nas a\u00e7\u00f5es.<\/li>\n<li><strong>Colabora\u00e7\u00e3o com Institui\u00e7\u00f5es de Pesquisa:<\/strong> Trabalhar em conjunto com universidades e centros de pesquisa para obter informa\u00e7\u00f5es atualizadas sobre o clima e suas mudan\u00e7as.<\/li>\n<\/ul>\n\n<div style=\"font-size: 0px; height: 0px; line-height: 0px; margin: 0; padding: 0; clear: both;\"><\/div>","protected":false},"excerpt":{"rendered":"<p>El Ni\u00f1o: Saiba como o munic\u00edpio se prepara para eventos clim\u00e1ticos extremos.<\/p>\n","protected":false},"author":1,"featured_media":4886,"comment_status":"closed","ping_status":"closed","sticky":false,"template":"","format":"standard","meta":{"footnotes":""},"categories":[6],"tags":[],"class_list":["post-4887","post","type-post","status-publish","format-standard","has-post-thumbnail","hentry","category-noticias-em-piracicaba","has_thumb"],"aioseo_notices":[],"aioseo_head":"\n\t\t<!-- All in One SEO 5.0.0.1 - aioseo.com -->\n\t<meta name=\"robots\" content=\"max-image-preview:large\" \/>\n\t<meta name=\"author\" content=\"Encontra Piracicaba\"\/>\n\t<link rel=\"canonical\" href=\"https:\/\/www.encontrapiracicaba.com.br\/sobre\/requerimento-questiona-executivo-sobre-acoes-preventivas-diante-do-el-nino\/\" \/>\n\t<meta name=\"generator\" content=\"All in One SEO (AIOSEO) 5.0.0.1\" \/>\n\t\t<meta property=\"og:locale\" content=\"pt_BR\" \/>\n\t\t<meta property=\"og:site_name\" content=\"Encontra Piracicaba | Not\u00edcias, eventos, informa\u00e7\u00f5es e dicas na cidade de Piracicaba e regi\u00e3o\" \/>\n\t\t<meta property=\"og:type\" content=\"article\" \/>\n\t\t<meta property=\"og:title\" content=\"Requerimento questiona Executivo sobre a\u00e7\u00f5es preventivas diante do El Ni\u00f1o | Encontra Piracicaba\" \/>\n\t\t<meta property=\"og:url\" content=\"https:\/\/www.encontrapiracicaba.com.br\/sobre\/requerimento-questiona-executivo-sobre-acoes-preventivas-diante-do-el-nino\/\" \/>\n\t\t<meta property=\"article:published_time\" content=\"2026-07-14T17:03:20+00:00\" \/>\n\t\t<meta property=\"article:modified_time\" content=\"2026-07-14T17:03:20+00:00\" \/>\n\t\t<meta name=\"twitter:card\" content=\"summary\" \/>\n\t\t<meta name=\"twitter:title\" content=\"Requerimento questiona Executivo sobre a\u00e7\u00f5es preventivas diante do El Ni\u00f1o | Encontra Piracicaba\" \/>\n\t\t<script type=\"application\/ld+json\" class=\"aioseo-schema\">\n\t\t\t{\"@context\":\"https:\\\/\\\/schema.org\",\"@graph\":[{\"@type\":\"Article\",\"@id\":\"https:\\\/\\\/www.encontrapiracicaba.com.br\\\/sobre\\\/requerimento-questiona-executivo-sobre-acoes-preventivas-diante-do-el-nino\\\/#article\",\"name\":\"Requerimento questiona Executivo sobre a\\u00e7\\u00f5es preventivas diante do El Ni\\u00f1o | Encontra Piracicaba\",\"headline\":\"Requerimento questiona Executivo sobre a\\u00e7\\u00f5es preventivas diante do El Ni\\u00f1o\",\"author\":{\"@id\":\"https:\\\/\\\/www.encontrapiracicaba.com.br\\\/sobre\\\/author\\\/epiracicaba\\\/#author\"},\"publisher\":{\"@id\":\"https:\\\/\\\/www.encontrapiracicaba.com.br\\\/sobre\\\/#organization\"},\"image\":{\"@type\":\"ImageObject\",\"url\":\"https:\\\/\\\/www.encontrapiracicaba.com.br\\\/sobre\\\/wp-content\\\/uploads\\\/requerimento-questiona-executivo-sobre-acoes-preventivas-diante-do-el-nino.webp\",\"width\":280,\"height\":280,\"caption\":\"El Ni\\u00f1o\"},\"datePublished\":\"2026-07-14T14:03:20-03:00\",\"dateModified\":\"2026-07-14T14:03:20-03:00\",\"inLanguage\":\"pt-BR\",\"mainEntityOfPage\":{\"@id\":\"https:\\\/\\\/www.encontrapiracicaba.com.br\\\/sobre\\\/requerimento-questiona-executivo-sobre-acoes-preventivas-diante-do-el-nino\\\/#webpage\"},\"isPartOf\":{\"@id\":\"https:\\\/\\\/www.encontrapiracicaba.com.br\\\/sobre\\\/requerimento-questiona-executivo-sobre-acoes-preventivas-diante-do-el-nino\\\/#webpage\"},\"articleSection\":\"Not\\u00edcias Piracicaba\"},{\"@type\":\"BreadcrumbList\",\"@id\":\"https:\\\/\\\/www.encontrapiracicaba.com.br\\\/sobre\\\/requerimento-questiona-executivo-sobre-acoes-preventivas-diante-do-el-nino\\\/#breadcrumblist\",\"itemListElement\":[{\"@type\":\"ListItem\",\"@id\":\"https:\\\/\\\/www.encontrapiracicaba.com.br\\\/sobre#listItem\",\"position\":1,\"name\":\"In\\u00edcio\",\"item\":\"https:\\\/\\\/www.encontrapiracicaba.com.br\\\/sobre\",\"nextItem\":{\"@type\":\"ListItem\",\"@id\":\"https:\\\/\\\/www.encontrapiracicaba.com.br\\\/sobre\\\/noticias-em-piracicaba\\\/#listItem\",\"name\":\"Not\\u00edcias Piracicaba\"}},{\"@type\":\"ListItem\",\"@id\":\"https:\\\/\\\/www.encontrapiracicaba.com.br\\\/sobre\\\/noticias-em-piracicaba\\\/#listItem\",\"position\":2,\"name\":\"Not\\u00edcias Piracicaba\",\"item\":\"https:\\\/\\\/www.encontrapiracicaba.com.br\\\/sobre\\\/noticias-em-piracicaba\\\/\",\"nextItem\":{\"@type\":\"ListItem\",\"@id\":\"https:\\\/\\\/www.encontrapiracicaba.com.br\\\/sobre\\\/requerimento-questiona-executivo-sobre-acoes-preventivas-diante-do-el-nino\\\/#listItem\",\"name\":\"Requerimento questiona Executivo sobre a\\u00e7\\u00f5es preventivas diante do El Ni\\u00f1o\"},\"previousItem\":{\"@type\":\"ListItem\",\"@id\":\"https:\\\/\\\/www.encontrapiracicaba.com.br\\\/sobre#listItem\",\"name\":\"In\\u00edcio\"}},{\"@type\":\"ListItem\",\"@id\":\"https:\\\/\\\/www.encontrapiracicaba.com.br\\\/sobre\\\/requerimento-questiona-executivo-sobre-acoes-preventivas-diante-do-el-nino\\\/#listItem\",\"position\":3,\"name\":\"Requerimento questiona Executivo sobre a\\u00e7\\u00f5es preventivas diante do El Ni\\u00f1o\",\"previousItem\":{\"@type\":\"ListItem\",\"@id\":\"https:\\\/\\\/www.encontrapiracicaba.com.br\\\/sobre\\\/noticias-em-piracicaba\\\/#listItem\",\"name\":\"Not\\u00edcias Piracicaba\"}}]},{\"@type\":\"Organization\",\"@id\":\"https:\\\/\\\/www.encontrapiracicaba.com.br\\\/sobre\\\/#organization\",\"name\":\"Encontra Piracicaba\",\"description\":\"Not\\u00edcias, eventos, informa\\u00e7\\u00f5es e dicas na cidade de Piracicaba e regi\\u00e3o\",\"url\":\"https:\\\/\\\/www.encontrapiracicaba.com.br\\\/sobre\\\/\"},{\"@type\":\"Person\",\"@id\":\"https:\\\/\\\/www.encontrapiracicaba.com.br\\\/sobre\\\/author\\\/epiracicaba\\\/#author\",\"url\":\"https:\\\/\\\/www.encontrapiracicaba.com.br\\\/sobre\\\/author\\\/epiracicaba\\\/\",\"name\":\"Encontra Piracicaba\",\"image\":{\"@type\":\"ImageObject\",\"@id\":\"https:\\\/\\\/www.encontrapiracicaba.com.br\\\/sobre\\\/requerimento-questiona-executivo-sobre-acoes-preventivas-diante-do-el-nino\\\/#authorImage\",\"url\":\"https:\\\/\\\/secure.gravatar.com\\\/avatar\\\/507340682b8270222e1f208e23198b6ae7e2c6a1033ae84e99bc6bce4f82a387?s=96&d=mm&r=g\",\"width\":96,\"height\":96,\"caption\":\"Encontra Piracicaba\"}},{\"@type\":\"WebPage\",\"@id\":\"https:\\\/\\\/www.encontrapiracicaba.com.br\\\/sobre\\\/requerimento-questiona-executivo-sobre-acoes-preventivas-diante-do-el-nino\\\/#webpage\",\"url\":\"https:\\\/\\\/www.encontrapiracicaba.com.br\\\/sobre\\\/requerimento-questiona-executivo-sobre-acoes-preventivas-diante-do-el-nino\\\/\",\"name\":\"Requerimento questiona Executivo sobre a\\u00e7\\u00f5es preventivas diante do El Ni\\u00f1o | Encontra Piracicaba\",\"inLanguage\":\"pt-BR\",\"isPartOf\":{\"@id\":\"https:\\\/\\\/www.encontrapiracicaba.com.br\\\/sobre\\\/#website\"},\"breadcrumb\":{\"@id\":\"https:\\\/\\\/www.encontrapiracicaba.com.br\\\/sobre\\\/requerimento-questiona-executivo-sobre-acoes-preventivas-diante-do-el-nino\\\/#breadcrumblist\"},\"author\":{\"@id\":\"https:\\\/\\\/www.encontrapiracicaba.com.br\\\/sobre\\\/author\\\/epiracicaba\\\/#author\"},\"creator\":{\"@id\":\"https:\\\/\\\/www.encontrapiracicaba.com.br\\\/sobre\\\/author\\\/epiracicaba\\\/#author\"},\"image\":{\"@type\":\"ImageObject\",\"url\":\"https:\\\/\\\/www.encontrapiracicaba.com.br\\\/sobre\\\/wp-content\\\/uploads\\\/requerimento-questiona-executivo-sobre-acoes-preventivas-diante-do-el-nino.webp\",\"@id\":\"https:\\\/\\\/www.encontrapiracicaba.com.br\\\/sobre\\\/requerimento-questiona-executivo-sobre-acoes-preventivas-diante-do-el-nino\\\/#mainImage\",\"width\":280,\"height\":280,\"caption\":\"El Ni\\u00f1o\"},\"primaryImageOfPage\":{\"@id\":\"https:\\\/\\\/www.encontrapiracicaba.com.br\\\/sobre\\\/requerimento-questiona-executivo-sobre-acoes-preventivas-diante-do-el-nino\\\/#mainImage\"},\"datePublished\":\"2026-07-14T14:03:20-03:00\",\"dateModified\":\"2026-07-14T14:03:20-03:00\"},{\"@type\":\"WebSite\",\"@id\":\"https:\\\/\\\/www.encontrapiracicaba.com.br\\\/sobre\\\/#website\",\"url\":\"https:\\\/\\\/www.encontrapiracicaba.com.br\\\/sobre\\\/\",\"name\":\"Encontra Piracicaba\",\"description\":\"Not\\u00edcias, eventos, informa\\u00e7\\u00f5es e dicas na cidade de Piracicaba e regi\\u00e3o\",\"inLanguage\":\"pt-BR\",\"publisher\":{\"@id\":\"https:\\\/\\\/www.encontrapiracicaba.com.br\\\/sobre\\\/#organization\"}}]}\n\t\t<\/script>\n\t\t<!-- All in One SEO -->\n\n","aioseo_head_json":{"title":"Requerimento questiona Executivo sobre a\u00e7\u00f5es preventivas diante do El Ni\u00f1o | Encontra Piracicaba","description":"","canonical_url":"https:\/\/www.encontrapiracicaba.com.br\/sobre\/requerimento-questiona-executivo-sobre-acoes-preventivas-diante-do-el-nino\/","robots":"max-image-preview:large","keywords":"","webmasterTools":{"miscellaneous":""},"schema":{"@context":"https:\/\/schema.org","@graph":[{"@type":"Article","@id":"https:\/\/www.encontrapiracicaba.com.br\/sobre\/requerimento-questiona-executivo-sobre-acoes-preventivas-diante-do-el-nino\/#article","name":"Requerimento questiona Executivo sobre a\u00e7\u00f5es preventivas diante do El Ni\u00f1o | Encontra Piracicaba","headline":"Requerimento questiona Executivo sobre a\u00e7\u00f5es preventivas diante do El Ni\u00f1o","author":{"@id":"https:\/\/www.encontrapiracicaba.com.br\/sobre\/author\/epiracicaba\/#author"},"publisher":{"@id":"https:\/\/www.encontrapiracicaba.com.br\/sobre\/#organization"},"image":{"@type":"ImageObject","url":"https:\/\/www.encontrapiracicaba.com.br\/sobre\/wp-content\/uploads\/requerimento-questiona-executivo-sobre-acoes-preventivas-diante-do-el-nino.webp","width":280,"height":280,"caption":"El Ni\u00f1o"},"datePublished":"2026-07-14T14:03:20-03:00","dateModified":"2026-07-14T14:03:20-03:00","inLanguage":"pt-BR","mainEntityOfPage":{"@id":"https:\/\/www.encontrapiracicaba.com.br\/sobre\/requerimento-questiona-executivo-sobre-acoes-preventivas-diante-do-el-nino\/#webpage"},"isPartOf":{"@id":"https:\/\/www.encontrapiracicaba.com.br\/sobre\/requerimento-questiona-executivo-sobre-acoes-preventivas-diante-do-el-nino\/#webpage"},"articleSection":"Not\u00edcias Piracicaba"},{"@type":"BreadcrumbList","@id":"https:\/\/www.encontrapiracicaba.com.br\/sobre\/requerimento-questiona-executivo-sobre-acoes-preventivas-diante-do-el-nino\/#breadcrumblist","itemListElement":[{"@type":"ListItem","@id":"https:\/\/www.encontrapiracicaba.com.br\/sobre#listItem","position":1,"name":"In\u00edcio","item":"https:\/\/www.encontrapiracicaba.com.br\/sobre","nextItem":{"@type":"ListItem","@id":"https:\/\/www.encontrapiracicaba.com.br\/sobre\/noticias-em-piracicaba\/#listItem","name":"Not\u00edcias Piracicaba"}},{"@type":"ListItem","@id":"https:\/\/www.encontrapiracicaba.com.br\/sobre\/noticias-em-piracicaba\/#listItem","position":2,"name":"Not\u00edcias Piracicaba","item":"https:\/\/www.encontrapiracicaba.com.br\/sobre\/noticias-em-piracicaba\/","nextItem":{"@type":"ListItem","@id":"https:\/\/www.encontrapiracicaba.com.br\/sobre\/requerimento-questiona-executivo-sobre-acoes-preventivas-diante-do-el-nino\/#listItem","name":"Requerimento questiona Executivo sobre a\u00e7\u00f5es preventivas diante do El Ni\u00f1o"},"previousItem":{"@type":"ListItem","@id":"https:\/\/www.encontrapiracicaba.com.br\/sobre#listItem","name":"In\u00edcio"}},{"@type":"ListItem","@id":"https:\/\/www.encontrapiracicaba.com.br\/sobre\/requerimento-questiona-executivo-sobre-acoes-preventivas-diante-do-el-nino\/#listItem","position":3,"name":"Requerimento questiona Executivo sobre a\u00e7\u00f5es preventivas diante do El Ni\u00f1o","previousItem":{"@type":"ListItem","@id":"https:\/\/www.encontrapiracicaba.com.br\/sobre\/noticias-em-piracicaba\/#listItem","name":"Not\u00edcias Piracicaba"}}]},{"@type":"Organization","@id":"https:\/\/www.encontrapiracicaba.com.br\/sobre\/#organization","name":"Encontra Piracicaba","description":"Not\u00edcias, eventos, informa\u00e7\u00f5es e dicas na cidade de Piracicaba e regi\u00e3o","url":"https:\/\/www.encontrapiracicaba.com.br\/sobre\/"},{"@type":"Person","@id":"https:\/\/www.encontrapiracicaba.com.br\/sobre\/author\/epiracicaba\/#author","url":"https:\/\/www.encontrapiracicaba.com.br\/sobre\/author\/epiracicaba\/","name":"Encontra Piracicaba","image":{"@type":"ImageObject","@id":"https:\/\/www.encontrapiracicaba.com.br\/sobre\/requerimento-questiona-executivo-sobre-acoes-preventivas-diante-do-el-nino\/#authorImage","url":"https:\/\/secure.gravatar.com\/avatar\/507340682b8270222e1f208e23198b6ae7e2c6a1033ae84e99bc6bce4f82a387?s=96&d=mm&r=g","width":96,"height":96,"caption":"Encontra Piracicaba"}},{"@type":"WebPage","@id":"https:\/\/www.encontrapiracicaba.com.br\/sobre\/requerimento-questiona-executivo-sobre-acoes-preventivas-diante-do-el-nino\/#webpage","url":"https:\/\/www.encontrapiracicaba.com.br\/sobre\/requerimento-questiona-executivo-sobre-acoes-preventivas-diante-do-el-nino\/","name":"Requerimento questiona Executivo sobre a\u00e7\u00f5es preventivas diante do El Ni\u00f1o | Encontra Piracicaba","inLanguage":"pt-BR","isPartOf":{"@id":"https:\/\/www.encontrapiracicaba.com.br\/sobre\/#website"},"breadcrumb":{"@id":"https:\/\/www.encontrapiracicaba.com.br\/sobre\/requerimento-questiona-executivo-sobre-acoes-preventivas-diante-do-el-nino\/#breadcrumblist"},"author":{"@id":"https:\/\/www.encontrapiracicaba.com.br\/sobre\/author\/epiracicaba\/#author"},"creator":{"@id":"https:\/\/www.encontrapiracicaba.com.br\/sobre\/author\/epiracicaba\/#author"},"image":{"@type":"ImageObject","url":"https:\/\/www.encontrapiracicaba.com.br\/sobre\/wp-content\/uploads\/requerimento-questiona-executivo-sobre-acoes-preventivas-diante-do-el-nino.webp","@id":"https:\/\/www.encontrapiracicaba.com.br\/sobre\/requerimento-questiona-executivo-sobre-acoes-preventivas-diante-do-el-nino\/#mainImage","width":280,"height":280,"caption":"El Ni\u00f1o"},"primaryImageOfPage":{"@id":"https:\/\/www.encontrapiracicaba.com.br\/sobre\/requerimento-questiona-executivo-sobre-acoes-preventivas-diante-do-el-nino\/#mainImage"},"datePublished":"2026-07-14T14:03:20-03:00","dateModified":"2026-07-14T14:03:20-03:00"},{"@type":"WebSite","@id":"https:\/\/www.encontrapiracicaba.com.br\/sobre\/#website","url":"https:\/\/www.encontrapiracicaba.com.br\/sobre\/","name":"Encontra Piracicaba","description":"Not\u00edcias, eventos, informa\u00e7\u00f5es e dicas na cidade de Piracicaba e regi\u00e3o","inLanguage":"pt-BR","publisher":{"@id":"https:\/\/www.encontrapiracicaba.com.br\/sobre\/#organization"}}]},"og:locale":"pt_BR","og:site_name":"Encontra Piracicaba | Not\u00edcias, eventos, informa\u00e7\u00f5es e dicas na cidade de Piracicaba e regi\u00e3o","og:type":"article","og:title":"Requerimento questiona Executivo sobre a\u00e7\u00f5es preventivas diante do El Ni\u00f1o | Encontra Piracicaba","og:url":"https:\/\/www.encontrapiracicaba.com.br\/sobre\/requerimento-questiona-executivo-sobre-acoes-preventivas-diante-do-el-nino\/","article:published_time":"2026-07-14T17:03:20+00:00","article:modified_time":"2026-07-14T17:03:20+00:00","twitter:card":"summary","twitter:title":"Requerimento questiona Executivo sobre a\u00e7\u00f5es preventivas diante do El Ni\u00f1o | Encontra Piracicaba"},"aioseo_meta_data":{"post_id":"4887","title":null,"description":null,"keywords":null,"keyphrases":null,"primary_term":null,"canonical_url":null,"og_title":null,"og_description":null,"og_object_type":"default","og_image_type":"default","og_image_url":null,"og_image_width":null,"og_image_height":null,"og_image_custom_url":null,"og_image_custom_fields":null,"og_video":null,"og_custom_url":null,"og_article_section":null,"og_article_tags":null,"twitter_use_og":false,"twitter_card":"default","twitter_image_type":"default","twitter_image_url":null,"twitter_image_custom_url":null,"twitter_image_custom_fields":null,"twitter_title":null,"twitter_description":null,"schema":{"blockGraphs":[],"customGraphs":[],"default":{"data":{"Article":[],"Course":[],"Dataset":[],"FAQPage":[],"Movie":[],"Person":[],"Product":[],"ProductReview":[],"Car":[],"Recipe":[],"Service":[],"SoftwareApplication":[],"WebPage":[]},"graphName":"Article","isEnabled":true},"graphs":[]},"schema_type":"default","schema_type_options":null,"pillar_content":false,"robots_default":true,"robots_noindex":false,"robots_noarchive":false,"robots_nosnippet":false,"robots_nofollow":false,"robots_noimageindex":false,"robots_noodp":false,"robots_notranslate":false,"robots_max_snippet":null,"robots_max_videopreview":null,"robots_max_imagepreview":"large","priority":null,"frequency":null,"local_seo":null,"breadcrumb_settings":null,"limit_modified_date":false,"ai":null,"created":"2026-07-14 17:03:25","updated":"2026-07-14 17:23:43","focus_keyword":null,"additional_keywords":null,"truseo_locale":null,"seo_analyzer_scan_date":null},"aioseo_breadcrumb":"<div class=\"aioseo-breadcrumbs\"><span class=\"aioseo-breadcrumb\">\n\t\t\t<a href=\"https:\/\/www.encontrapiracicaba.com.br\/sobre\" title=\"In\u00edcio\">In\u00edcio<\/a>\n\t\t<\/span><span class=\"aioseo-breadcrumb-separator\">&raquo;<\/span><span class=\"aioseo-breadcrumb\">\n\t\t\t<a href=\"https:\/\/www.encontrapiracicaba.com.br\/sobre\/noticias-em-piracicaba\/\" title=\"Not\u00edcias Piracicaba\">Not\u00edcias Piracicaba<\/a>\n\t\t<\/span><span class=\"aioseo-breadcrumb-separator\">&raquo;<\/span><span class=\"aioseo-breadcrumb\">\n\t\t\tRequerimento questiona Executivo sobre a\u00e7\u00f5es preventivas diante do El Ni\u00f1o\n\t\t<\/span><\/div>","aioseo_breadcrumb_json":[{"label":"In\u00edcio","link":"https:\/\/www.encontrapiracicaba.com.br\/sobre"},{"label":"Not\u00edcias Piracicaba","link":"https:\/\/www.encontrapiracicaba.com.br\/sobre\/noticias-em-piracicaba\/"},{"label":"Requerimento questiona Executivo sobre a\u00e7\u00f5es preventivas diante do El Ni\u00f1o","link":"https:\/\/www.encontrapiracicaba.com.br\/sobre\/requerimento-questiona-executivo-sobre-acoes-preventivas-diante-do-el-nino\/"}],"_links":{"self":[{"href":"https:\/\/www.encontrapiracicaba.com.br\/sobre\/wp-json\/wp\/v2\/posts\/4887","targetHints":{"allow":["GET"]}}],"collection":[{"href":"https:\/\/www.encontrapiracicaba.com.br\/sobre\/wp-json\/wp\/v2\/posts"}],"about":[{"href":"https:\/\/www.encontrapiracicaba.com.br\/sobre\/wp-json\/wp\/v2\/types\/post"}],"author":[{"embeddable":true,"href":"https:\/\/www.encontrapiracicaba.com.br\/sobre\/wp-json\/wp\/v2\/users\/1"}],"replies":[{"embeddable":true,"href":"https:\/\/www.encontrapiracicaba.com.br\/sobre\/wp-json\/wp\/v2\/comments?post=4887"}],"version-history":[{"count":0,"href":"https:\/\/www.encontrapiracicaba.com.br\/sobre\/wp-json\/wp\/v2\/posts\/4887\/revisions"}],"wp:featuredmedia":[{"embeddable":true,"href":"https:\/\/www.encontrapiracicaba.com.br\/sobre\/wp-json\/wp\/v2\/media\/4886"}],"wp:attachment":[{"href":"https:\/\/www.encontrapiracicaba.com.br\/sobre\/wp-json\/wp\/v2\/media?parent=4887"}],"wp:term":[{"taxonomy":"category","embeddable":true,"href":"https:\/\/www.encontrapiracicaba.com.br\/sobre\/wp-json\/wp\/v2\/categories?post=4887"},{"taxonomy":"post_tag","embeddable":true,"href":"https:\/\/www.encontrapiracicaba.com.br\/sobre\/wp-json\/wp\/v2\/tags?post=4887"}],"curies":[{"name":"wp","href":"https:\/\/api.w.org\/{rel}","templated":true}]}}