{"id":4917,"date":"2026-07-16T07:22:09","date_gmt":"2026-07-16T10:22:09","guid":{"rendered":"https:\/\/www.encontrapiracicaba.com.br\/sobre\/camara-realiza-audiencia-publica-sobre-tarifa-zero-no-transporte-publico\/"},"modified":"2026-07-16T07:22:09","modified_gmt":"2026-07-16T10:22:09","slug":"camara-realiza-audiencia-publica-sobre-tarifa-zero-no-transporte-publico","status":"publish","type":"post","link":"https:\/\/www.encontrapiracicaba.com.br\/sobre\/camara-realiza-audiencia-publica-sobre-tarifa-zero-no-transporte-publico\/","title":{"rendered":"C\u00e2mara realiza audi\u00eancia p\u00fablica sobre &#8220;Tarifa Zero&#8221; no transporte p\u00fablico"},"content":{"rendered":"<div class=\"85df007ed5c0c4d4b453fd13a37855e8\" data-index=\"1\" style=\"float: none; margin:0px;\">\n<!-- Anuncio display - global -->\r\n<ins class=\"adsbygoogle\"\r\n     style=\"display:block\"\r\n     data-ad-client=\"ca-pub-8585364105181520\"\r\n     data-ad-slot=\"8789329856\"\r\n     data-ad-format=\"auto\"\r\n     data-full-width-responsive=\"true\"><\/ins>\r\n<script>\r\n     (adsbygoogle = window.adsbygoogle || []).push({});\r\n<\/script>\n<\/div>\n<h2>Contexto da Audi\u00eancia P\u00fablica<\/h2>\n<p>Na pr\u00f3xima sexta-feira (26 de junho de 2026), a C\u00e2mara Municipal de Piracicaba realizar\u00e1 uma audi\u00eancia p\u00fablica com o tema &#8220;Tarifa Zero: \u00e9 poss\u00edvel implementar?&#8221; O evento ocorrer\u00e1 a partir das 14 horas no Plen\u00e1rio &#8220;Francisco Antonio Coelho&#8221;. A iniciativa foi proposta pela vereadora Rai de Almeida (PT) por meio do requerimento 582\/2026. A proposta visa discutir alternativas para a melhoria do transporte p\u00fablico na cidade, visando um servi\u00e7o mais acess\u00edvel e equitativo para todos os cidad\u00e3os.<\/p>\n<h2>Quem Est\u00e1 Envolvido na Discuss\u00e3o<\/h2>\n<p>A audi\u00eancia contar\u00e1 com a participa\u00e7\u00e3o crucial de representantes do governo municipal, incluindo o secret\u00e1rio municipal de Seguran\u00e7a P\u00fablica, Tr\u00e2nsito e Transportes, Odair Luiz de Melo, e o secret\u00e1rio de Trabalho, Emprego e Renda, Jos\u00e9 Luiz Ribeiro. Al\u00e9m deles, a vereadora convida membros do Conselho Municipal de Mobilidade, do Conselho Municipal do Trabalho, Emprego e Renda, a Frente Parlamentar Tarifa Zero e Mobilidade Urbana, e outras autoridades relevantes. Tamb\u00e9m est\u00e3o convidados empres\u00e1rios do setor de transporte, representantes de sindicatos e toda a popula\u00e7\u00e3o interessada.<\/p>\n<h2>Import\u00e2ncia do Transporte P\u00fablico<\/h2>\n<p>O transporte p\u00fablico \u00e9 fundamental para a vida urbana, servindo como um meio essencial para garantir o direito de deslocamento da popula\u00e7\u00e3o. Ele est\u00e1 diretamente vinculado \u00e0 capacidade das pessoas de acessar trabalho, educa\u00e7\u00e3o, sa\u00fade e servi\u00e7os culturais, elementos que s\u00e3o pilares dos direitos sociais garantidos pela Constitui\u00e7\u00e3o Federal. A discuss\u00e3o sobre a tarifa zero surge como uma alternativa para abordar as crescentes dificuldades financeiras enfrentadas por muitas fam\u00edlias, especialmente as de baixa renda.<\/p>\n<p><img decoding=\"async\" src=\"https:\/\/www.encontrapiracicaba.com.br\/sobre\/wp-content\/uploads\/camara-realiza-audiencia-publica-sobre-tarifa-zero-no-transporte-publico.webp\" alt=\"Tarifa Zero\" loading=\"lazy\" \/><\/p>\n<h2>Impactos da Tarifa Zero nas Fam\u00edlias<\/h2>\n<p>A proposta de tarifa zero visa isentar os cidad\u00e3os do pagamento das tarifas do transporte p\u00fablico, o que poderia trazer benef\u00edcios diretos e significativos, como:<\/p>\n<ul>\n<li><strong>Redu\u00e7\u00e3o de Custos:<\/strong> Muitas fam\u00edlias destinam uma parte consider\u00e1vel de sua renda para o transporte. A isen\u00e7\u00e3o de tarifas pode aliviar esse peso financeiro, permitindo que essas pessoas utilizem os recursos para outras necessidades b\u00e1sicas, como alimenta\u00e7\u00e3o e moradia.<\/li>\n<li><strong>Acesso Ampliado:<\/strong> A isen\u00e7\u00e3o de tarifas pode abrir portas para que mais pessoas possam participar do mercado de trabalho e acessar servi\u00e7os p\u00fablicos.<\/li>\n<li><strong>Promo\u00e7\u00e3o da Justi\u00e7a Social:<\/strong> A implementa\u00e7\u00e3o da tarifa zero poderia ser vista como um passo em dire\u00e7\u00e3o \u00e0 inclus\u00e3o social e econ\u00f4mica, contribuindo para uma cidade mais justa.<\/li>\n<\/ul>\n<h2>O Papel da C\u00e2mara Municipal<\/h2>\n<p>A C\u00e2mara Municipal desempenha um papel crucial na discuss\u00e3o e poss\u00edvel implementa\u00e7\u00e3o da tarifa zero. Os vereadores ser\u00e3o respons\u00e1veis por ouvir as reivindica\u00e7\u00f5es da popula\u00e7\u00e3o e debater propostas que possam efetivamente transformar a realidade do transporte na cidade. A audi\u00eancia p\u00fablica ser\u00e1 uma plataforma para a troca de ideias, onde cidad\u00e3os, especialistas e autoridades podem debater sobre a viabilidade e os desafios da implementa\u00e7\u00e3o da tarifa zero.<\/p>\n<h2>Como Acompanhar a Audi\u00eancia<\/h2>\n<p>A audi\u00eancia p\u00fablica ser\u00e1 transmitida ao vivo pela TV C\u00e2mara Piracicaba, dispon\u00edvel nos canais 11.3 (TV aberta digital), 4 (Net\/Claro) e 9 (Vivo Fibra). Al\u00e9m dessa transmiss\u00e3o, a sess\u00e3o poder\u00e1 ser acompanhada na \u00edntegra via canais oficiais da C\u00e2mara no YouTube e Facebook, proporcionando um amplo alcance para que todas as partes interessadas possam se informar e participar de maneira ativa.<\/p>\n<h2>O Que \u00e9 a Tarifa Zero?<\/h2>\n<p>O conceito de Tarifa Zero refere-se \u00e0 proposta de isentar os usu\u00e1rios do pagamento por transporte p\u00fablico. Essa ideia tem sido debatida em v\u00e1rias cidades do Brasil, sendo vista como uma solu\u00e7\u00e3o para tornar o transporte mais acess\u00edvel e uma alternativa \u00e0 mobilidade urbana sustent\u00e1vel. A proposta inclui estrat\u00e9gias que garantam financiamento da gratuidade por meio de outros meios, como investimento p\u00fablico e parcerias com o setor privado.<\/p>\n<h2>Vantagens da Tarifa Zero<\/h2>\n<p>As vantagens da implementa\u00e7\u00e3o da tarifa zero no transporte p\u00fablico s\u00e3o m\u00faltiplas:<\/p>\n<ul>\n<li><strong>Aumento da Demanda:<\/strong> Com a gratuidade, espera-se que mais cidad\u00e3os optem pelo transporte p\u00fablico em detrimento de ve\u00edculos pessoais, o que pode desviar o tr\u00e1fego de carros nas vias, contribuindo para a redu\u00e7\u00e3o de congestionamentos.<\/li>\n<li><strong>Melhoria na Qualidade de Vida:<\/strong> Com a diminui\u00e7\u00e3o dos ve\u00edculos nas ruas, h\u00e1 uma expectativa de redu\u00e7\u00e3o na polui\u00e7\u00e3o e melhoria na qualidade do ar, al\u00e9m de um ambiente urbano mais agrad\u00e1vel e saud\u00e1vel.<\/li>\n<li><strong>Equidade e Inclus\u00e3o:<\/strong> A tarifa zero pode proporcionar um acesso mais igualit\u00e1rio ao transporte, eliminando barreiras financeiras que afetam as popula\u00e7\u00f5es mais vulner\u00e1veis.<\/li>\n<\/ul>\n<h2>Desafios na Implementa\u00e7\u00e3o<\/h2>\n<p>Embora as vantagens sejam consider\u00e1veis, a implementa\u00e7\u00e3o da tarifa zero enfrenta uma s\u00e9rie de desafios, como:<\/p>\n<ul>\n<li><strong>Financiamento Sustent\u00e1vel:<\/strong> Uma das maiores preocupa\u00e7\u00f5es est\u00e1 relacionada \u00e0 viabilidade financeira desse modelo. \u00c9 fundamental que haja um planejamento sofisticado que considere como o sistema de transporte ser\u00e1 financiado sem comprometer a qualidade e a continuidade dos servi\u00e7os.<\/li>\n<li><strong>Resist\u00eancia Pol\u00edtica e Social:<\/strong> Mudan\u00e7as na pol\u00edtica de tarifas podem esbarrar na resist\u00eancia de diferentes segmentos sociais, incluindo setores que dependem do transporte para seus neg\u00f3cios.<\/li>\n<li><strong>Necessidade de Estruturas Adequadas:<\/strong> A gratuidade no transporte deve ser acompanhada de melhorias na infraestrutura e na qualidade do servi\u00e7o, para garantir que o aumento na demanda seja suport\u00e1vel e ben\u00e9fico para todos os usu\u00e1rios.<\/li>\n<\/ul>\n<h2>Opini\u00e3o P\u00fablica e Tarifa Zero<\/h2>\n<p>A opini\u00e3o p\u00fablica \u00e9 um fator relevante na discuss\u00e3o sobre a tarifa zero. Para que a pol\u00edtica tenha sucesso, \u00e9 crucial que exista suporte da popula\u00e7\u00e3o, que deve estar bem informada sobre os benef\u00edcios e desafios da proposta. A participa\u00e7\u00e3o ativa dos cidad\u00e3os na audi\u00eancia p\u00fablica e outras discuss\u00f5es relacionadas \u00e9 fundamental para que suas vozes sejam ouvidas e levadas em considera\u00e7\u00e3o nas decis\u00f5es pol\u00edticas. Pesquisas de opini\u00e3o e campanhas de conscientiza\u00e7\u00e3o podem ajudar a construir um consenso em torno da ideia da tarifa zero e facilitar sua aceita\u00e7\u00e3o.<\/p>\n\n<div style=\"font-size: 0px; height: 0px; line-height: 0px; margin: 0; padding: 0; clear: both;\"><\/div>","protected":false},"excerpt":{"rendered":"<p>Tarifa Zero no transporte p\u00fablico: entenda os motivos dessa audi\u00eancia p\u00fablica e como voc\u00ea pode participar.<\/p>\n","protected":false},"author":1,"featured_media":4916,"comment_status":"closed","ping_status":"closed","sticky":false,"template":"","format":"standard","meta":{"footnotes":""},"categories":[6],"tags":[],"class_list":["post-4917","post","type-post","status-publish","format-standard","has-post-thumbnail","hentry","category-noticias-em-piracicaba","has_thumb"],"aioseo_notices":[],"aioseo_head":"\n\t\t<!-- All in One SEO 5.0.0.1 - aioseo.com -->\n\t<meta name=\"robots\" content=\"max-image-preview:large\" \/>\n\t<meta name=\"author\" content=\"Encontra Piracicaba\"\/>\n\t<link rel=\"canonical\" href=\"https:\/\/www.encontrapiracicaba.com.br\/sobre\/camara-realiza-audiencia-publica-sobre-tarifa-zero-no-transporte-publico\/\" \/>\n\t<meta name=\"generator\" content=\"All in One SEO (AIOSEO) 5.0.0.1\" \/>\n\t\t<meta property=\"og:locale\" content=\"pt_BR\" \/>\n\t\t<meta property=\"og:site_name\" content=\"Encontra Piracicaba | Not\u00edcias, eventos, informa\u00e7\u00f5es e dicas na cidade de Piracicaba e regi\u00e3o\" \/>\n\t\t<meta property=\"og:type\" content=\"article\" \/>\n\t\t<meta property=\"og:title\" content=\"C\u00e2mara realiza audi\u00eancia p\u00fablica sobre \u201cTarifa Zero\u201d no transporte p\u00fablico | Encontra Piracicaba\" \/>\n\t\t<meta property=\"og:url\" content=\"https:\/\/www.encontrapiracicaba.com.br\/sobre\/camara-realiza-audiencia-publica-sobre-tarifa-zero-no-transporte-publico\/\" \/>\n\t\t<meta property=\"article:published_time\" content=\"2026-07-16T10:22:09+00:00\" \/>\n\t\t<meta property=\"article:modified_time\" content=\"2026-07-16T10:22:09+00:00\" \/>\n\t\t<meta name=\"twitter:card\" content=\"summary\" \/>\n\t\t<meta name=\"twitter:title\" content=\"C\u00e2mara realiza audi\u00eancia p\u00fablica sobre \u201cTarifa Zero\u201d no transporte p\u00fablico | Encontra Piracicaba\" \/>\n\t\t<script type=\"application\/ld+json\" class=\"aioseo-schema\">\n\t\t\t{\"@context\":\"https:\\\/\\\/schema.org\",\"@graph\":[{\"@type\":\"Article\",\"@id\":\"https:\\\/\\\/www.encontrapiracicaba.com.br\\\/sobre\\\/camara-realiza-audiencia-publica-sobre-tarifa-zero-no-transporte-publico\\\/#article\",\"name\":\"C\\u00e2mara realiza audi\\u00eancia p\\u00fablica sobre \\u201cTarifa Zero\\u201d no transporte p\\u00fablico | Encontra Piracicaba\",\"headline\":\"C\\u00e2mara realiza audi\\u00eancia p\\u00fablica sobre &#8220;Tarifa Zero&#8221; no transporte p\\u00fablico\",\"author\":{\"@id\":\"https:\\\/\\\/www.encontrapiracicaba.com.br\\\/sobre\\\/author\\\/epiracicaba\\\/#author\"},\"publisher\":{\"@id\":\"https:\\\/\\\/www.encontrapiracicaba.com.br\\\/sobre\\\/#organization\"},\"image\":{\"@type\":\"ImageObject\",\"url\":\"https:\\\/\\\/www.encontrapiracicaba.com.br\\\/sobre\\\/wp-content\\\/uploads\\\/camara-realiza-audiencia-publica-sobre-tarifa-zero-no-transporte-publico.webp\",\"width\":280,\"height\":280,\"caption\":\"Tarifa Zero\"},\"datePublished\":\"2026-07-16T07:22:09-03:00\",\"dateModified\":\"2026-07-16T07:22:09-03:00\",\"inLanguage\":\"pt-BR\",\"mainEntityOfPage\":{\"@id\":\"https:\\\/\\\/www.encontrapiracicaba.com.br\\\/sobre\\\/camara-realiza-audiencia-publica-sobre-tarifa-zero-no-transporte-publico\\\/#webpage\"},\"isPartOf\":{\"@id\":\"https:\\\/\\\/www.encontrapiracicaba.com.br\\\/sobre\\\/camara-realiza-audiencia-publica-sobre-tarifa-zero-no-transporte-publico\\\/#webpage\"},\"articleSection\":\"Not\\u00edcias Piracicaba\"},{\"@type\":\"BreadcrumbList\",\"@id\":\"https:\\\/\\\/www.encontrapiracicaba.com.br\\\/sobre\\\/camara-realiza-audiencia-publica-sobre-tarifa-zero-no-transporte-publico\\\/#breadcrumblist\",\"itemListElement\":[{\"@type\":\"ListItem\",\"@id\":\"https:\\\/\\\/www.encontrapiracicaba.com.br\\\/sobre#listItem\",\"position\":1,\"name\":\"In\\u00edcio\",\"item\":\"https:\\\/\\\/www.encontrapiracicaba.com.br\\\/sobre\",\"nextItem\":{\"@type\":\"ListItem\",\"@id\":\"https:\\\/\\\/www.encontrapiracicaba.com.br\\\/sobre\\\/noticias-em-piracicaba\\\/#listItem\",\"name\":\"Not\\u00edcias Piracicaba\"}},{\"@type\":\"ListItem\",\"@id\":\"https:\\\/\\\/www.encontrapiracicaba.com.br\\\/sobre\\\/noticias-em-piracicaba\\\/#listItem\",\"position\":2,\"name\":\"Not\\u00edcias Piracicaba\",\"item\":\"https:\\\/\\\/www.encontrapiracicaba.com.br\\\/sobre\\\/noticias-em-piracicaba\\\/\",\"nextItem\":{\"@type\":\"ListItem\",\"@id\":\"https:\\\/\\\/www.encontrapiracicaba.com.br\\\/sobre\\\/camara-realiza-audiencia-publica-sobre-tarifa-zero-no-transporte-publico\\\/#listItem\",\"name\":\"C\\u00e2mara realiza audi\\u00eancia p\\u00fablica sobre &#8220;Tarifa Zero&#8221; no transporte p\\u00fablico\"},\"previousItem\":{\"@type\":\"ListItem\",\"@id\":\"https:\\\/\\\/www.encontrapiracicaba.com.br\\\/sobre#listItem\",\"name\":\"In\\u00edcio\"}},{\"@type\":\"ListItem\",\"@id\":\"https:\\\/\\\/www.encontrapiracicaba.com.br\\\/sobre\\\/camara-realiza-audiencia-publica-sobre-tarifa-zero-no-transporte-publico\\\/#listItem\",\"position\":3,\"name\":\"C\\u00e2mara realiza audi\\u00eancia p\\u00fablica sobre &#8220;Tarifa Zero&#8221; no transporte p\\u00fablico\",\"previousItem\":{\"@type\":\"ListItem\",\"@id\":\"https:\\\/\\\/www.encontrapiracicaba.com.br\\\/sobre\\\/noticias-em-piracicaba\\\/#listItem\",\"name\":\"Not\\u00edcias Piracicaba\"}}]},{\"@type\":\"Organization\",\"@id\":\"https:\\\/\\\/www.encontrapiracicaba.com.br\\\/sobre\\\/#organization\",\"name\":\"Encontra Piracicaba\",\"description\":\"Not\\u00edcias, eventos, informa\\u00e7\\u00f5es e dicas na cidade de Piracicaba e regi\\u00e3o\",\"url\":\"https:\\\/\\\/www.encontrapiracicaba.com.br\\\/sobre\\\/\"},{\"@type\":\"Person\",\"@id\":\"https:\\\/\\\/www.encontrapiracicaba.com.br\\\/sobre\\\/author\\\/epiracicaba\\\/#author\",\"url\":\"https:\\\/\\\/www.encontrapiracicaba.com.br\\\/sobre\\\/author\\\/epiracicaba\\\/\",\"name\":\"Encontra Piracicaba\",\"image\":{\"@type\":\"ImageObject\",\"@id\":\"https:\\\/\\\/www.encontrapiracicaba.com.br\\\/sobre\\\/camara-realiza-audiencia-publica-sobre-tarifa-zero-no-transporte-publico\\\/#authorImage\",\"url\":\"https:\\\/\\\/secure.gravatar.com\\\/avatar\\\/507340682b8270222e1f208e23198b6ae7e2c6a1033ae84e99bc6bce4f82a387?s=96&d=mm&r=g\",\"width\":96,\"height\":96,\"caption\":\"Encontra Piracicaba\"}},{\"@type\":\"WebPage\",\"@id\":\"https:\\\/\\\/www.encontrapiracicaba.com.br\\\/sobre\\\/camara-realiza-audiencia-publica-sobre-tarifa-zero-no-transporte-publico\\\/#webpage\",\"url\":\"https:\\\/\\\/www.encontrapiracicaba.com.br\\\/sobre\\\/camara-realiza-audiencia-publica-sobre-tarifa-zero-no-transporte-publico\\\/\",\"name\":\"C\\u00e2mara realiza audi\\u00eancia p\\u00fablica sobre \\u201cTarifa Zero\\u201d no transporte p\\u00fablico | Encontra Piracicaba\",\"inLanguage\":\"pt-BR\",\"isPartOf\":{\"@id\":\"https:\\\/\\\/www.encontrapiracicaba.com.br\\\/sobre\\\/#website\"},\"breadcrumb\":{\"@id\":\"https:\\\/\\\/www.encontrapiracicaba.com.br\\\/sobre\\\/camara-realiza-audiencia-publica-sobre-tarifa-zero-no-transporte-publico\\\/#breadcrumblist\"},\"author\":{\"@id\":\"https:\\\/\\\/www.encontrapiracicaba.com.br\\\/sobre\\\/author\\\/epiracicaba\\\/#author\"},\"creator\":{\"@id\":\"https:\\\/\\\/www.encontrapiracicaba.com.br\\\/sobre\\\/author\\\/epiracicaba\\\/#author\"},\"image\":{\"@type\":\"ImageObject\",\"url\":\"https:\\\/\\\/www.encontrapiracicaba.com.br\\\/sobre\\\/wp-content\\\/uploads\\\/camara-realiza-audiencia-publica-sobre-tarifa-zero-no-transporte-publico.webp\",\"@id\":\"https:\\\/\\\/www.encontrapiracicaba.com.br\\\/sobre\\\/camara-realiza-audiencia-publica-sobre-tarifa-zero-no-transporte-publico\\\/#mainImage\",\"width\":280,\"height\":280,\"caption\":\"Tarifa Zero\"},\"primaryImageOfPage\":{\"@id\":\"https:\\\/\\\/www.encontrapiracicaba.com.br\\\/sobre\\\/camara-realiza-audiencia-publica-sobre-tarifa-zero-no-transporte-publico\\\/#mainImage\"},\"datePublished\":\"2026-07-16T07:22:09-03:00\",\"dateModified\":\"2026-07-16T07:22:09-03:00\"},{\"@type\":\"WebSite\",\"@id\":\"https:\\\/\\\/www.encontrapiracicaba.com.br\\\/sobre\\\/#website\",\"url\":\"https:\\\/\\\/www.encontrapiracicaba.com.br\\\/sobre\\\/\",\"name\":\"Encontra Piracicaba\",\"description\":\"Not\\u00edcias, eventos, informa\\u00e7\\u00f5es e dicas na cidade de Piracicaba e regi\\u00e3o\",\"inLanguage\":\"pt-BR\",\"publisher\":{\"@id\":\"https:\\\/\\\/www.encontrapiracicaba.com.br\\\/sobre\\\/#organization\"}}]}\n\t\t<\/script>\n\t\t<!-- All in One SEO -->\n\n","aioseo_head_json":{"title":"C\u00e2mara realiza audi\u00eancia p\u00fablica sobre \u201cTarifa Zero\u201d no transporte p\u00fablico | Encontra Piracicaba","description":"","canonical_url":"https:\/\/www.encontrapiracicaba.com.br\/sobre\/camara-realiza-audiencia-publica-sobre-tarifa-zero-no-transporte-publico\/","robots":"max-image-preview:large","keywords":"","webmasterTools":{"miscellaneous":""},"schema":{"@context":"https:\/\/schema.org","@graph":[{"@type":"Article","@id":"https:\/\/www.encontrapiracicaba.com.br\/sobre\/camara-realiza-audiencia-publica-sobre-tarifa-zero-no-transporte-publico\/#article","name":"C\u00e2mara realiza audi\u00eancia p\u00fablica sobre \u201cTarifa Zero\u201d no transporte p\u00fablico | Encontra Piracicaba","headline":"C\u00e2mara realiza audi\u00eancia p\u00fablica sobre &#8220;Tarifa Zero&#8221; no transporte p\u00fablico","author":{"@id":"https:\/\/www.encontrapiracicaba.com.br\/sobre\/author\/epiracicaba\/#author"},"publisher":{"@id":"https:\/\/www.encontrapiracicaba.com.br\/sobre\/#organization"},"image":{"@type":"ImageObject","url":"https:\/\/www.encontrapiracicaba.com.br\/sobre\/wp-content\/uploads\/camara-realiza-audiencia-publica-sobre-tarifa-zero-no-transporte-publico.webp","width":280,"height":280,"caption":"Tarifa Zero"},"datePublished":"2026-07-16T07:22:09-03:00","dateModified":"2026-07-16T07:22:09-03:00","inLanguage":"pt-BR","mainEntityOfPage":{"@id":"https:\/\/www.encontrapiracicaba.com.br\/sobre\/camara-realiza-audiencia-publica-sobre-tarifa-zero-no-transporte-publico\/#webpage"},"isPartOf":{"@id":"https:\/\/www.encontrapiracicaba.com.br\/sobre\/camara-realiza-audiencia-publica-sobre-tarifa-zero-no-transporte-publico\/#webpage"},"articleSection":"Not\u00edcias Piracicaba"},{"@type":"BreadcrumbList","@id":"https:\/\/www.encontrapiracicaba.com.br\/sobre\/camara-realiza-audiencia-publica-sobre-tarifa-zero-no-transporte-publico\/#breadcrumblist","itemListElement":[{"@type":"ListItem","@id":"https:\/\/www.encontrapiracicaba.com.br\/sobre#listItem","position":1,"name":"In\u00edcio","item":"https:\/\/www.encontrapiracicaba.com.br\/sobre","nextItem":{"@type":"ListItem","@id":"https:\/\/www.encontrapiracicaba.com.br\/sobre\/noticias-em-piracicaba\/#listItem","name":"Not\u00edcias Piracicaba"}},{"@type":"ListItem","@id":"https:\/\/www.encontrapiracicaba.com.br\/sobre\/noticias-em-piracicaba\/#listItem","position":2,"name":"Not\u00edcias Piracicaba","item":"https:\/\/www.encontrapiracicaba.com.br\/sobre\/noticias-em-piracicaba\/","nextItem":{"@type":"ListItem","@id":"https:\/\/www.encontrapiracicaba.com.br\/sobre\/camara-realiza-audiencia-publica-sobre-tarifa-zero-no-transporte-publico\/#listItem","name":"C\u00e2mara realiza audi\u00eancia p\u00fablica sobre &#8220;Tarifa Zero&#8221; no transporte p\u00fablico"},"previousItem":{"@type":"ListItem","@id":"https:\/\/www.encontrapiracicaba.com.br\/sobre#listItem","name":"In\u00edcio"}},{"@type":"ListItem","@id":"https:\/\/www.encontrapiracicaba.com.br\/sobre\/camara-realiza-audiencia-publica-sobre-tarifa-zero-no-transporte-publico\/#listItem","position":3,"name":"C\u00e2mara realiza audi\u00eancia p\u00fablica sobre &#8220;Tarifa Zero&#8221; no transporte p\u00fablico","previousItem":{"@type":"ListItem","@id":"https:\/\/www.encontrapiracicaba.com.br\/sobre\/noticias-em-piracicaba\/#listItem","name":"Not\u00edcias Piracicaba"}}]},{"@type":"Organization","@id":"https:\/\/www.encontrapiracicaba.com.br\/sobre\/#organization","name":"Encontra Piracicaba","description":"Not\u00edcias, eventos, informa\u00e7\u00f5es e dicas na cidade de Piracicaba e regi\u00e3o","url":"https:\/\/www.encontrapiracicaba.com.br\/sobre\/"},{"@type":"Person","@id":"https:\/\/www.encontrapiracicaba.com.br\/sobre\/author\/epiracicaba\/#author","url":"https:\/\/www.encontrapiracicaba.com.br\/sobre\/author\/epiracicaba\/","name":"Encontra Piracicaba","image":{"@type":"ImageObject","@id":"https:\/\/www.encontrapiracicaba.com.br\/sobre\/camara-realiza-audiencia-publica-sobre-tarifa-zero-no-transporte-publico\/#authorImage","url":"https:\/\/secure.gravatar.com\/avatar\/507340682b8270222e1f208e23198b6ae7e2c6a1033ae84e99bc6bce4f82a387?s=96&d=mm&r=g","width":96,"height":96,"caption":"Encontra Piracicaba"}},{"@type":"WebPage","@id":"https:\/\/www.encontrapiracicaba.com.br\/sobre\/camara-realiza-audiencia-publica-sobre-tarifa-zero-no-transporte-publico\/#webpage","url":"https:\/\/www.encontrapiracicaba.com.br\/sobre\/camara-realiza-audiencia-publica-sobre-tarifa-zero-no-transporte-publico\/","name":"C\u00e2mara realiza audi\u00eancia p\u00fablica sobre \u201cTarifa Zero\u201d no transporte p\u00fablico | Encontra Piracicaba","inLanguage":"pt-BR","isPartOf":{"@id":"https:\/\/www.encontrapiracicaba.com.br\/sobre\/#website"},"breadcrumb":{"@id":"https:\/\/www.encontrapiracicaba.com.br\/sobre\/camara-realiza-audiencia-publica-sobre-tarifa-zero-no-transporte-publico\/#breadcrumblist"},"author":{"@id":"https:\/\/www.encontrapiracicaba.com.br\/sobre\/author\/epiracicaba\/#author"},"creator":{"@id":"https:\/\/www.encontrapiracicaba.com.br\/sobre\/author\/epiracicaba\/#author"},"image":{"@type":"ImageObject","url":"https:\/\/www.encontrapiracicaba.com.br\/sobre\/wp-content\/uploads\/camara-realiza-audiencia-publica-sobre-tarifa-zero-no-transporte-publico.webp","@id":"https:\/\/www.encontrapiracicaba.com.br\/sobre\/camara-realiza-audiencia-publica-sobre-tarifa-zero-no-transporte-publico\/#mainImage","width":280,"height":280,"caption":"Tarifa Zero"},"primaryImageOfPage":{"@id":"https:\/\/www.encontrapiracicaba.com.br\/sobre\/camara-realiza-audiencia-publica-sobre-tarifa-zero-no-transporte-publico\/#mainImage"},"datePublished":"2026-07-16T07:22:09-03:00","dateModified":"2026-07-16T07:22:09-03:00"},{"@type":"WebSite","@id":"https:\/\/www.encontrapiracicaba.com.br\/sobre\/#website","url":"https:\/\/www.encontrapiracicaba.com.br\/sobre\/","name":"Encontra Piracicaba","description":"Not\u00edcias, eventos, informa\u00e7\u00f5es e dicas na cidade de Piracicaba e regi\u00e3o","inLanguage":"pt-BR","publisher":{"@id":"https:\/\/www.encontrapiracicaba.com.br\/sobre\/#organization"}}]},"og:locale":"pt_BR","og:site_name":"Encontra Piracicaba | Not\u00edcias, eventos, informa\u00e7\u00f5es e dicas na cidade de Piracicaba e regi\u00e3o","og:type":"article","og:title":"C\u00e2mara realiza audi\u00eancia p\u00fablica sobre \u201cTarifa Zero\u201d no transporte p\u00fablico | Encontra Piracicaba","og:url":"https:\/\/www.encontrapiracicaba.com.br\/sobre\/camara-realiza-audiencia-publica-sobre-tarifa-zero-no-transporte-publico\/","article:published_time":"2026-07-16T10:22:09+00:00","article:modified_time":"2026-07-16T10:22:09+00:00","twitter:card":"summary","twitter:title":"C\u00e2mara realiza audi\u00eancia p\u00fablica sobre \u201cTarifa Zero\u201d no transporte p\u00fablico | Encontra Piracicaba"},"aioseo_meta_data":{"post_id":"4917","title":null,"description":null,"keywords":null,"keyphrases":null,"primary_term":null,"canonical_url":null,"og_title":null,"og_description":null,"og_object_type":"default","og_image_type":"default","og_image_url":null,"og_image_width":null,"og_image_height":null,"og_image_custom_url":null,"og_image_custom_fields":null,"og_video":null,"og_custom_url":null,"og_article_section":null,"og_article_tags":null,"twitter_use_og":false,"twitter_card":"default","twitter_image_type":"default","twitter_image_url":null,"twitter_image_custom_url":null,"twitter_image_custom_fields":null,"twitter_title":null,"twitter_description":null,"schema":{"blockGraphs":[],"customGraphs":[],"default":{"data":{"Article":[],"Course":[],"Dataset":[],"FAQPage":[],"Movie":[],"Person":[],"Product":[],"ProductReview":[],"Car":[],"Recipe":[],"Service":[],"SoftwareApplication":[],"WebPage":[]},"graphName":"Article","isEnabled":true},"graphs":[]},"schema_type":"default","schema_type_options":null,"pillar_content":false,"robots_default":true,"robots_noindex":false,"robots_noarchive":false,"robots_nosnippet":false,"robots_nofollow":false,"robots_noimageindex":false,"robots_noodp":false,"robots_notranslate":false,"robots_max_snippet":null,"robots_max_videopreview":null,"robots_max_imagepreview":"large","priority":null,"frequency":null,"local_seo":null,"breadcrumb_settings":null,"limit_modified_date":false,"ai":null,"created":"2026-07-16 10:22:11","updated":"2026-07-16 10:40:52","focus_keyword":null,"additional_keywords":null,"truseo_locale":null,"seo_analyzer_scan_date":null},"aioseo_breadcrumb":"<div class=\"aioseo-breadcrumbs\"><span class=\"aioseo-breadcrumb\">\n\t\t\t<a href=\"https:\/\/www.encontrapiracicaba.com.br\/sobre\" title=\"In\u00edcio\">In\u00edcio<\/a>\n\t\t<\/span><span class=\"aioseo-breadcrumb-separator\">&raquo;<\/span><span class=\"aioseo-breadcrumb\">\n\t\t\t<a href=\"https:\/\/www.encontrapiracicaba.com.br\/sobre\/noticias-em-piracicaba\/\" title=\"Not\u00edcias Piracicaba\">Not\u00edcias Piracicaba<\/a>\n\t\t<\/span><span class=\"aioseo-breadcrumb-separator\">&raquo;<\/span><span class=\"aioseo-breadcrumb\">\n\t\t\tC\u00e2mara realiza audi\u00eancia p\u00fablica sobre \u201cTarifa Zero\u201d no transporte p\u00fablico\n\t\t<\/span><\/div>","aioseo_breadcrumb_json":[{"label":"In\u00edcio","link":"https:\/\/www.encontrapiracicaba.com.br\/sobre"},{"label":"Not\u00edcias Piracicaba","link":"https:\/\/www.encontrapiracicaba.com.br\/sobre\/noticias-em-piracicaba\/"},{"label":"C\u00e2mara realiza audi\u00eancia p\u00fablica sobre &#8220;Tarifa Zero&#8221; no transporte p\u00fablico","link":"https:\/\/www.encontrapiracicaba.com.br\/sobre\/camara-realiza-audiencia-publica-sobre-tarifa-zero-no-transporte-publico\/"}],"_links":{"self":[{"href":"https:\/\/www.encontrapiracicaba.com.br\/sobre\/wp-json\/wp\/v2\/posts\/4917","targetHints":{"allow":["GET"]}}],"collection":[{"href":"https:\/\/www.encontrapiracicaba.com.br\/sobre\/wp-json\/wp\/v2\/posts"}],"about":[{"href":"https:\/\/www.encontrapiracicaba.com.br\/sobre\/wp-json\/wp\/v2\/types\/post"}],"author":[{"embeddable":true,"href":"https:\/\/www.encontrapiracicaba.com.br\/sobre\/wp-json\/wp\/v2\/users\/1"}],"replies":[{"embeddable":true,"href":"https:\/\/www.encontrapiracicaba.com.br\/sobre\/wp-json\/wp\/v2\/comments?post=4917"}],"version-history":[{"count":0,"href":"https:\/\/www.encontrapiracicaba.com.br\/sobre\/wp-json\/wp\/v2\/posts\/4917\/revisions"}],"wp:featuredmedia":[{"embeddable":true,"href":"https:\/\/www.encontrapiracicaba.com.br\/sobre\/wp-json\/wp\/v2\/media\/4916"}],"wp:attachment":[{"href":"https:\/\/www.encontrapiracicaba.com.br\/sobre\/wp-json\/wp\/v2\/media?parent=4917"}],"wp:term":[{"taxonomy":"category","embeddable":true,"href":"https:\/\/www.encontrapiracicaba.com.br\/sobre\/wp-json\/wp\/v2\/categories?post=4917"},{"taxonomy":"post_tag","embeddable":true,"href":"https:\/\/www.encontrapiracicaba.com.br\/sobre\/wp-json\/wp\/v2\/tags?post=4917"}],"curies":[{"name":"wp","href":"https:\/\/api.w.org\/{rel}","templated":true}]}}