{"id":4945,"date":"2026-07-21T01:21:22","date_gmt":"2026-07-21T04:21:22","guid":{"rendered":"https:\/\/www.encontrapiracicaba.com.br\/sobre\/camara-promove-audiencia-publica-para-debater-reforma-da-previdencia-municipal\/"},"modified":"2026-07-21T01:21:22","modified_gmt":"2026-07-21T04:21:22","slug":"camara-promove-audiencia-publica-para-debater-reforma-da-previdencia-municipal","status":"publish","type":"post","link":"https:\/\/www.encontrapiracicaba.com.br\/sobre\/camara-promove-audiencia-publica-para-debater-reforma-da-previdencia-municipal\/","title":{"rendered":"C\u00e2mara promove audi\u00eancia p\u00fablica para debater reforma da Previd\u00eancia Municipal"},"content":{"rendered":"<div class=\"85df007ed5c0c4d4b453fd13a37855e8\" data-index=\"1\" style=\"float: none; margin:0px;\">\n<!-- Anuncio display - global -->\r\n<ins class=\"adsbygoogle\"\r\n     style=\"display:block\"\r\n     data-ad-client=\"ca-pub-8585364105181520\"\r\n     data-ad-slot=\"8789329856\"\r\n     data-ad-format=\"auto\"\r\n     data-full-width-responsive=\"true\"><\/ins>\r\n<script>\r\n     (adsbygoogle = window.adsbygoogle || []).push({});\r\n<\/script>\n<\/div>\n<h2>O que \u00e9 a Reforma da Previd\u00eancia Municipal?<\/h2>\n<p>A reforma da previd\u00eancia municipal refere-se a um conjunto de altera\u00e7\u00f5es propostas na legisla\u00e7\u00e3o que regula a aposentadoria e os benef\u00edcios dos servidores p\u00fablicos municipais. O objetivo principal dessa reforma \u00e9 modernizar e equilibrar as regras previdenci\u00e1rias, garantindo a sustentabilidade financeira do sistema previdenci\u00e1rio municipal, especialmente considerando as mudan\u00e7as demogr\u00e1ficas e econ\u00f4micas que afetam o setor p\u00fablico.<\/p>\n<h2>Quem est\u00e1 convocado para a Audi\u00eancia P\u00fablica?<\/h2>\n<p>A audi\u00eancia p\u00fablica contar\u00e1 com a presen\u00e7a de diversas autoridades e representantes essenciais na discuss\u00e3o da reforma.Entre os convocados est\u00e3o:<\/p>\n<ul>\n<li>O procurador-geral do munic\u00edpio, <strong>Marcelo Magro Maroun<\/strong>.<\/li>\n<li>Os secret\u00e1rios municipais, entre eles <strong>Alvaro Luis Saviani<\/strong> (Administra\u00e7\u00e3o e Governo) e <strong>Karla Lovato Pelizzaro<\/strong> (Finan\u00e7as).<\/li>\n<li>O presidente do <strong>Ipasp<\/strong> (Instituto de Previd\u00eancia e Assist\u00eancia Social dos Funcion\u00e1rios Municipais de Piracicaba), <strong>Ant\u00f4nio Carlos Schiavon<\/strong>.<\/li>\n<li>O presidente do <strong>Semae<\/strong> (Servi\u00e7o Municipal de \u00c1gua e Esgoto), <strong>Ronald Pereira da Silva<\/strong>.<\/li>\n<li>O diretor-executivo da <strong>Fumep<\/strong> (Funda\u00e7\u00e3o Municipal de Ensino), <strong>Luis Chorilli Neto<\/strong>.<\/li>\n<\/ul>\n<h2>Quando e onde ser\u00e1 realizada a Audi\u00eancia?<\/h2>\n<p>A audi\u00eancia p\u00fablica est\u00e1 agendada para esta sexta-feira (26) \u00e0s 19h30, e acontecer\u00e1 no Plen\u00e1rio da C\u00e2mara Municipal de Piracicaba. O acesso ser\u00e1 feito pela rua Alferes Jos\u00e9 Caetano, n\u00ba 834, localizada no centro da cidade.<\/p>\n<p><img decoding=\"async\" src=\"https:\/\/www.encontrapiracicaba.com.br\/sobre\/wp-content\/uploads\/camara-promove-audiencia-publica-para-debater-reforma-da-previdencia-municipal.webp\" alt=\"reforma da Previd\u00eancia Municipal\" loading=\"lazy\" \/><\/p>\n<h2>Por que a reforma \u00e9 necess\u00e1ria?<\/h2>\n<p>A necessidade da reforma \u00e9 evidenciada pela urg\u00eancia em adequar o sistema previdenci\u00e1rio municipal \u00e0s novas diretrizes estabelecidas pela Emenda Constitucional n\u00ba 103\/2019. Este ajuste se torna imprescind\u00edvel para garantir a viabilidade a longo prazo do sistema de aposentadorias e pens\u00f5es dos servidores p\u00fablicos, considerando o aumento da expectativa de vida e os desafios or\u00e7ament\u00e1rios que se apresentam. O vereador <strong>Josef Borges<\/strong> ressalta que as mudan\u00e7as nas regras previdenci\u00e1rias possuem um impacto direto na vida dos servidores e que o Ipasp desempenha um papel crucial neste contexto.<\/p>\n<h2>Quem s\u00e3o os principais debatedores?<\/h2>\n<p>Al\u00e9m das autoridades convocadas, que oferecem a perspectiva do Executivo e especialistas em previd\u00eancia, outros participantes incluem:<\/p>\n<ul>\n<li><strong>O prefeito Helinho Zanatta<\/strong>, que poder\u00e1 oferecer uma vis\u00e3o executiva sobre a reforma.<\/li>\n<li><strong>Jos\u00e9 Valdir Sgrineiro<\/strong>, presidente do Sindicato dos Trabalhadores Municipais, que representar\u00e1 os interesses dos servidores.<\/li>\n<li>Representantes da <strong>Fipe<\/strong> (Funda\u00e7\u00e3o Instituto de Pesquisas Econ\u00f4micas), cuja equipe t\u00e9cnica ir\u00e1 apresentar estudos e an\u00e1lises pertinentes.<\/li>\n<\/ul>\n<h2>Como a reforma impacta os servidores municipais?<\/h2>\n<p>A reforma da previd\u00eancia municipal visa modificar as regras de aposentadoria, que podem incluir ajustes na idade de aposentadoria, no tempo de contribui\u00e7\u00e3o e nas formulas de c\u00e1lculo dos benef\u00edcios, tudo isso visando a sustentabilidade financeira do sistema. Tais altera\u00e7\u00f5es representam um impacto significativo na condi\u00e7\u00e3o de trabalho e na vida p\u00f3s-carreira dos servidores, por isso a transpar\u00eancia e a participa\u00e7\u00e3o na discuss\u00e3o s\u00e3o fundamentais.<\/p>\n<h2>Qual a import\u00e2ncia da participa\u00e7\u00e3o popular?<\/h2>\n<p>A participa\u00e7\u00e3o da popula\u00e7\u00e3o na audi\u00eancia p\u00fablica \u00e9 crucial, pois permite que os cidad\u00e3os expressem suas opini\u00f5es e preocupa\u00e7\u00f5es sobre a reforma. A intera\u00e7\u00e3o entre o Legislativo e a comunidade garante que as mudan\u00e7as propostas considerem o ponto de vista dos servidores e da sociedade, promovendo um ambiente democr\u00e1tico. O requerimento para a realiza\u00e7\u00e3o da audi\u00eancia enfatiza o princ\u00edpio da publicidade e da transpar\u00eancia, fundamentais em um processo que envolve interesses coletivos.<\/p>\n<h2>Como acompanhar a audi\u00eancia ao vivo?<\/h2>\n<p>A audi\u00eancia p\u00fablica ser\u00e1 transmitida ao vivo por diversos meios. Os interessados poder\u00e3o acompanhar atrav\u00e9s da TV C\u00e2mara Piracicaba, nos canais 11.3 (TV aberta digital), 4 (Net\/Claro) e 9 (Vivo). Al\u00e9m disso, a transmiss\u00e3o estar\u00e1 dispon\u00edvel nas plataformas de <strong>YouTube<\/strong> e <strong>Facebook<\/strong> da C\u00e2mara Municipal, proporcionando acessibilidade a um maior n\u00famero de cidad\u00e3os.<\/p>\n<h2>Quais s\u00e3o os pr\u00f3ximos passos ap\u00f3s a audi\u00eancia?<\/h2>\n<p>Ap\u00f3s a realiza\u00e7\u00e3o da audi\u00eancia p\u00fablica, as informa\u00e7\u00f5es e sugest\u00f5es coletadas ser\u00e3o levadas em considera\u00e7\u00e3o durante a elabora\u00e7\u00e3o final do projeto de emenda. O Legislativo dever\u00e1 analisar as contribui\u00e7\u00f5es, promover ajustes e discutir novamente o texto antes de sua aprova\u00e7\u00e3o. O processo legislativo seguir\u00e1 suas etapas normais, incluindo discuss\u00e3o e vota\u00e7\u00e3o nas sess\u00f5es da C\u00e2mara Municipal.<\/p>\n<h2>Onde encontrar mais informa\u00e7\u00f5es sobre a reforma?<\/h2>\n<p>Informa\u00e7\u00f5es detalhadas sobre a reforma da previd\u00eancia municipal podem ser encontradas no site da C\u00e2mara Municipal de Piracicaba. O site oferece acesso a documentos oficiais, como o <strong>Projeto de Emenda \u00e0 Lei Org\u00e2nica 2\/2026<\/strong>, bem como atualiza\u00e7\u00f5es relevantes sobre audi\u00eancias, discuss\u00f5es e o andamento das propostas legislativas.<\/p>\n\n<div style=\"font-size: 0px; height: 0px; line-height: 0px; margin: 0; padding: 0; clear: both;\"><\/div>","protected":false},"excerpt":{"rendered":"<p>Audi\u00eancia p\u00fablica sobre reforma da Previd\u00eancia Municipal acontece nesta sexta-feira, n\u00e3o perca!<\/p>\n","protected":false},"author":1,"featured_media":4944,"comment_status":"closed","ping_status":"closed","sticky":false,"template":"","format":"standard","meta":{"footnotes":""},"categories":[6],"tags":[],"class_list":["post-4945","post","type-post","status-publish","format-standard","has-post-thumbnail","hentry","category-noticias-em-piracicaba","has_thumb"],"aioseo_notices":[],"aioseo_head":"\n\t\t<!-- All in One SEO 5.0.0.1 - aioseo.com -->\n\t<meta name=\"robots\" content=\"max-image-preview:large\" \/>\n\t<meta name=\"author\" content=\"Encontra Piracicaba\"\/>\n\t<link rel=\"canonical\" href=\"https:\/\/www.encontrapiracicaba.com.br\/sobre\/camara-promove-audiencia-publica-para-debater-reforma-da-previdencia-municipal\/\" \/>\n\t<meta name=\"generator\" content=\"All in One SEO (AIOSEO) 5.0.0.1\" \/>\n\t\t<meta property=\"og:locale\" content=\"pt_BR\" \/>\n\t\t<meta property=\"og:site_name\" content=\"Encontra Piracicaba | Not\u00edcias, eventos, informa\u00e7\u00f5es e dicas na cidade de Piracicaba e regi\u00e3o\" \/>\n\t\t<meta property=\"og:type\" content=\"article\" \/>\n\t\t<meta property=\"og:title\" content=\"C\u00e2mara promove audi\u00eancia p\u00fablica para debater reforma da Previd\u00eancia Municipal | Encontra Piracicaba\" \/>\n\t\t<meta property=\"og:url\" content=\"https:\/\/www.encontrapiracicaba.com.br\/sobre\/camara-promove-audiencia-publica-para-debater-reforma-da-previdencia-municipal\/\" \/>\n\t\t<meta property=\"article:published_time\" content=\"2026-07-21T04:21:22+00:00\" \/>\n\t\t<meta property=\"article:modified_time\" content=\"2026-07-21T04:21:22+00:00\" \/>\n\t\t<meta name=\"twitter:card\" content=\"summary\" \/>\n\t\t<meta name=\"twitter:title\" content=\"C\u00e2mara promove audi\u00eancia p\u00fablica para debater reforma da Previd\u00eancia Municipal | Encontra Piracicaba\" \/>\n\t\t<script type=\"application\/ld+json\" class=\"aioseo-schema\">\n\t\t\t{\"@context\":\"https:\\\/\\\/schema.org\",\"@graph\":[{\"@type\":\"Article\",\"@id\":\"https:\\\/\\\/www.encontrapiracicaba.com.br\\\/sobre\\\/camara-promove-audiencia-publica-para-debater-reforma-da-previdencia-municipal\\\/#article\",\"name\":\"C\\u00e2mara promove audi\\u00eancia p\\u00fablica para debater reforma da Previd\\u00eancia Municipal | Encontra Piracicaba\",\"headline\":\"C\\u00e2mara promove audi\\u00eancia p\\u00fablica para debater reforma da Previd\\u00eancia Municipal\",\"author\":{\"@id\":\"https:\\\/\\\/www.encontrapiracicaba.com.br\\\/sobre\\\/author\\\/epiracicaba\\\/#author\"},\"publisher\":{\"@id\":\"https:\\\/\\\/www.encontrapiracicaba.com.br\\\/sobre\\\/#organization\"},\"image\":{\"@type\":\"ImageObject\",\"url\":\"https:\\\/\\\/www.encontrapiracicaba.com.br\\\/sobre\\\/wp-content\\\/uploads\\\/camara-promove-audiencia-publica-para-debater-reforma-da-previdencia-municipal.webp\",\"width\":280,\"height\":280,\"caption\":\"reforma da Previd\\u00eancia Municipal\"},\"datePublished\":\"2026-07-21T01:21:22-03:00\",\"dateModified\":\"2026-07-21T01:21:22-03:00\",\"inLanguage\":\"pt-BR\",\"mainEntityOfPage\":{\"@id\":\"https:\\\/\\\/www.encontrapiracicaba.com.br\\\/sobre\\\/camara-promove-audiencia-publica-para-debater-reforma-da-previdencia-municipal\\\/#webpage\"},\"isPartOf\":{\"@id\":\"https:\\\/\\\/www.encontrapiracicaba.com.br\\\/sobre\\\/camara-promove-audiencia-publica-para-debater-reforma-da-previdencia-municipal\\\/#webpage\"},\"articleSection\":\"Not\\u00edcias Piracicaba\"},{\"@type\":\"BreadcrumbList\",\"@id\":\"https:\\\/\\\/www.encontrapiracicaba.com.br\\\/sobre\\\/camara-promove-audiencia-publica-para-debater-reforma-da-previdencia-municipal\\\/#breadcrumblist\",\"itemListElement\":[{\"@type\":\"ListItem\",\"@id\":\"https:\\\/\\\/www.encontrapiracicaba.com.br\\\/sobre#listItem\",\"position\":1,\"name\":\"In\\u00edcio\",\"item\":\"https:\\\/\\\/www.encontrapiracicaba.com.br\\\/sobre\",\"nextItem\":{\"@type\":\"ListItem\",\"@id\":\"https:\\\/\\\/www.encontrapiracicaba.com.br\\\/sobre\\\/noticias-em-piracicaba\\\/#listItem\",\"name\":\"Not\\u00edcias Piracicaba\"}},{\"@type\":\"ListItem\",\"@id\":\"https:\\\/\\\/www.encontrapiracicaba.com.br\\\/sobre\\\/noticias-em-piracicaba\\\/#listItem\",\"position\":2,\"name\":\"Not\\u00edcias Piracicaba\",\"item\":\"https:\\\/\\\/www.encontrapiracicaba.com.br\\\/sobre\\\/noticias-em-piracicaba\\\/\",\"nextItem\":{\"@type\":\"ListItem\",\"@id\":\"https:\\\/\\\/www.encontrapiracicaba.com.br\\\/sobre\\\/camara-promove-audiencia-publica-para-debater-reforma-da-previdencia-municipal\\\/#listItem\",\"name\":\"C\\u00e2mara promove audi\\u00eancia p\\u00fablica para debater reforma da Previd\\u00eancia Municipal\"},\"previousItem\":{\"@type\":\"ListItem\",\"@id\":\"https:\\\/\\\/www.encontrapiracicaba.com.br\\\/sobre#listItem\",\"name\":\"In\\u00edcio\"}},{\"@type\":\"ListItem\",\"@id\":\"https:\\\/\\\/www.encontrapiracicaba.com.br\\\/sobre\\\/camara-promove-audiencia-publica-para-debater-reforma-da-previdencia-municipal\\\/#listItem\",\"position\":3,\"name\":\"C\\u00e2mara promove audi\\u00eancia p\\u00fablica para debater reforma da Previd\\u00eancia Municipal\",\"previousItem\":{\"@type\":\"ListItem\",\"@id\":\"https:\\\/\\\/www.encontrapiracicaba.com.br\\\/sobre\\\/noticias-em-piracicaba\\\/#listItem\",\"name\":\"Not\\u00edcias Piracicaba\"}}]},{\"@type\":\"Organization\",\"@id\":\"https:\\\/\\\/www.encontrapiracicaba.com.br\\\/sobre\\\/#organization\",\"name\":\"Encontra Piracicaba\",\"description\":\"Not\\u00edcias, eventos, informa\\u00e7\\u00f5es e dicas na cidade de Piracicaba e regi\\u00e3o\",\"url\":\"https:\\\/\\\/www.encontrapiracicaba.com.br\\\/sobre\\\/\"},{\"@type\":\"Person\",\"@id\":\"https:\\\/\\\/www.encontrapiracicaba.com.br\\\/sobre\\\/author\\\/epiracicaba\\\/#author\",\"url\":\"https:\\\/\\\/www.encontrapiracicaba.com.br\\\/sobre\\\/author\\\/epiracicaba\\\/\",\"name\":\"Encontra Piracicaba\",\"image\":{\"@type\":\"ImageObject\",\"@id\":\"https:\\\/\\\/www.encontrapiracicaba.com.br\\\/sobre\\\/camara-promove-audiencia-publica-para-debater-reforma-da-previdencia-municipal\\\/#authorImage\",\"url\":\"https:\\\/\\\/secure.gravatar.com\\\/avatar\\\/507340682b8270222e1f208e23198b6ae7e2c6a1033ae84e99bc6bce4f82a387?s=96&d=mm&r=g\",\"width\":96,\"height\":96,\"caption\":\"Encontra Piracicaba\"}},{\"@type\":\"WebPage\",\"@id\":\"https:\\\/\\\/www.encontrapiracicaba.com.br\\\/sobre\\\/camara-promove-audiencia-publica-para-debater-reforma-da-previdencia-municipal\\\/#webpage\",\"url\":\"https:\\\/\\\/www.encontrapiracicaba.com.br\\\/sobre\\\/camara-promove-audiencia-publica-para-debater-reforma-da-previdencia-municipal\\\/\",\"name\":\"C\\u00e2mara promove audi\\u00eancia p\\u00fablica para debater reforma da Previd\\u00eancia Municipal | Encontra Piracicaba\",\"inLanguage\":\"pt-BR\",\"isPartOf\":{\"@id\":\"https:\\\/\\\/www.encontrapiracicaba.com.br\\\/sobre\\\/#website\"},\"breadcrumb\":{\"@id\":\"https:\\\/\\\/www.encontrapiracicaba.com.br\\\/sobre\\\/camara-promove-audiencia-publica-para-debater-reforma-da-previdencia-municipal\\\/#breadcrumblist\"},\"author\":{\"@id\":\"https:\\\/\\\/www.encontrapiracicaba.com.br\\\/sobre\\\/author\\\/epiracicaba\\\/#author\"},\"creator\":{\"@id\":\"https:\\\/\\\/www.encontrapiracicaba.com.br\\\/sobre\\\/author\\\/epiracicaba\\\/#author\"},\"image\":{\"@type\":\"ImageObject\",\"url\":\"https:\\\/\\\/www.encontrapiracicaba.com.br\\\/sobre\\\/wp-content\\\/uploads\\\/camara-promove-audiencia-publica-para-debater-reforma-da-previdencia-municipal.webp\",\"@id\":\"https:\\\/\\\/www.encontrapiracicaba.com.br\\\/sobre\\\/camara-promove-audiencia-publica-para-debater-reforma-da-previdencia-municipal\\\/#mainImage\",\"width\":280,\"height\":280,\"caption\":\"reforma da Previd\\u00eancia Municipal\"},\"primaryImageOfPage\":{\"@id\":\"https:\\\/\\\/www.encontrapiracicaba.com.br\\\/sobre\\\/camara-promove-audiencia-publica-para-debater-reforma-da-previdencia-municipal\\\/#mainImage\"},\"datePublished\":\"2026-07-21T01:21:22-03:00\",\"dateModified\":\"2026-07-21T01:21:22-03:00\"},{\"@type\":\"WebSite\",\"@id\":\"https:\\\/\\\/www.encontrapiracicaba.com.br\\\/sobre\\\/#website\",\"url\":\"https:\\\/\\\/www.encontrapiracicaba.com.br\\\/sobre\\\/\",\"name\":\"Encontra Piracicaba\",\"description\":\"Not\\u00edcias, eventos, informa\\u00e7\\u00f5es e dicas na cidade de Piracicaba e regi\\u00e3o\",\"inLanguage\":\"pt-BR\",\"publisher\":{\"@id\":\"https:\\\/\\\/www.encontrapiracicaba.com.br\\\/sobre\\\/#organization\"}}]}\n\t\t<\/script>\n\t\t<!-- All in One SEO -->\n\n","aioseo_head_json":{"title":"C\u00e2mara promove audi\u00eancia p\u00fablica para debater reforma da Previd\u00eancia Municipal | Encontra Piracicaba","description":"","canonical_url":"https:\/\/www.encontrapiracicaba.com.br\/sobre\/camara-promove-audiencia-publica-para-debater-reforma-da-previdencia-municipal\/","robots":"max-image-preview:large","keywords":"","webmasterTools":{"miscellaneous":""},"schema":{"@context":"https:\/\/schema.org","@graph":[{"@type":"Article","@id":"https:\/\/www.encontrapiracicaba.com.br\/sobre\/camara-promove-audiencia-publica-para-debater-reforma-da-previdencia-municipal\/#article","name":"C\u00e2mara promove audi\u00eancia p\u00fablica para debater reforma da Previd\u00eancia Municipal | Encontra Piracicaba","headline":"C\u00e2mara promove audi\u00eancia p\u00fablica para debater reforma da Previd\u00eancia Municipal","author":{"@id":"https:\/\/www.encontrapiracicaba.com.br\/sobre\/author\/epiracicaba\/#author"},"publisher":{"@id":"https:\/\/www.encontrapiracicaba.com.br\/sobre\/#organization"},"image":{"@type":"ImageObject","url":"https:\/\/www.encontrapiracicaba.com.br\/sobre\/wp-content\/uploads\/camara-promove-audiencia-publica-para-debater-reforma-da-previdencia-municipal.webp","width":280,"height":280,"caption":"reforma da Previd\u00eancia Municipal"},"datePublished":"2026-07-21T01:21:22-03:00","dateModified":"2026-07-21T01:21:22-03:00","inLanguage":"pt-BR","mainEntityOfPage":{"@id":"https:\/\/www.encontrapiracicaba.com.br\/sobre\/camara-promove-audiencia-publica-para-debater-reforma-da-previdencia-municipal\/#webpage"},"isPartOf":{"@id":"https:\/\/www.encontrapiracicaba.com.br\/sobre\/camara-promove-audiencia-publica-para-debater-reforma-da-previdencia-municipal\/#webpage"},"articleSection":"Not\u00edcias Piracicaba"},{"@type":"BreadcrumbList","@id":"https:\/\/www.encontrapiracicaba.com.br\/sobre\/camara-promove-audiencia-publica-para-debater-reforma-da-previdencia-municipal\/#breadcrumblist","itemListElement":[{"@type":"ListItem","@id":"https:\/\/www.encontrapiracicaba.com.br\/sobre#listItem","position":1,"name":"In\u00edcio","item":"https:\/\/www.encontrapiracicaba.com.br\/sobre","nextItem":{"@type":"ListItem","@id":"https:\/\/www.encontrapiracicaba.com.br\/sobre\/noticias-em-piracicaba\/#listItem","name":"Not\u00edcias Piracicaba"}},{"@type":"ListItem","@id":"https:\/\/www.encontrapiracicaba.com.br\/sobre\/noticias-em-piracicaba\/#listItem","position":2,"name":"Not\u00edcias Piracicaba","item":"https:\/\/www.encontrapiracicaba.com.br\/sobre\/noticias-em-piracicaba\/","nextItem":{"@type":"ListItem","@id":"https:\/\/www.encontrapiracicaba.com.br\/sobre\/camara-promove-audiencia-publica-para-debater-reforma-da-previdencia-municipal\/#listItem","name":"C\u00e2mara promove audi\u00eancia p\u00fablica para debater reforma da Previd\u00eancia Municipal"},"previousItem":{"@type":"ListItem","@id":"https:\/\/www.encontrapiracicaba.com.br\/sobre#listItem","name":"In\u00edcio"}},{"@type":"ListItem","@id":"https:\/\/www.encontrapiracicaba.com.br\/sobre\/camara-promove-audiencia-publica-para-debater-reforma-da-previdencia-municipal\/#listItem","position":3,"name":"C\u00e2mara promove audi\u00eancia p\u00fablica para debater reforma da Previd\u00eancia Municipal","previousItem":{"@type":"ListItem","@id":"https:\/\/www.encontrapiracicaba.com.br\/sobre\/noticias-em-piracicaba\/#listItem","name":"Not\u00edcias Piracicaba"}}]},{"@type":"Organization","@id":"https:\/\/www.encontrapiracicaba.com.br\/sobre\/#organization","name":"Encontra Piracicaba","description":"Not\u00edcias, eventos, informa\u00e7\u00f5es e dicas na cidade de Piracicaba e regi\u00e3o","url":"https:\/\/www.encontrapiracicaba.com.br\/sobre\/"},{"@type":"Person","@id":"https:\/\/www.encontrapiracicaba.com.br\/sobre\/author\/epiracicaba\/#author","url":"https:\/\/www.encontrapiracicaba.com.br\/sobre\/author\/epiracicaba\/","name":"Encontra Piracicaba","image":{"@type":"ImageObject","@id":"https:\/\/www.encontrapiracicaba.com.br\/sobre\/camara-promove-audiencia-publica-para-debater-reforma-da-previdencia-municipal\/#authorImage","url":"https:\/\/secure.gravatar.com\/avatar\/507340682b8270222e1f208e23198b6ae7e2c6a1033ae84e99bc6bce4f82a387?s=96&d=mm&r=g","width":96,"height":96,"caption":"Encontra Piracicaba"}},{"@type":"WebPage","@id":"https:\/\/www.encontrapiracicaba.com.br\/sobre\/camara-promove-audiencia-publica-para-debater-reforma-da-previdencia-municipal\/#webpage","url":"https:\/\/www.encontrapiracicaba.com.br\/sobre\/camara-promove-audiencia-publica-para-debater-reforma-da-previdencia-municipal\/","name":"C\u00e2mara promove audi\u00eancia p\u00fablica para debater reforma da Previd\u00eancia Municipal | Encontra Piracicaba","inLanguage":"pt-BR","isPartOf":{"@id":"https:\/\/www.encontrapiracicaba.com.br\/sobre\/#website"},"breadcrumb":{"@id":"https:\/\/www.encontrapiracicaba.com.br\/sobre\/camara-promove-audiencia-publica-para-debater-reforma-da-previdencia-municipal\/#breadcrumblist"},"author":{"@id":"https:\/\/www.encontrapiracicaba.com.br\/sobre\/author\/epiracicaba\/#author"},"creator":{"@id":"https:\/\/www.encontrapiracicaba.com.br\/sobre\/author\/epiracicaba\/#author"},"image":{"@type":"ImageObject","url":"https:\/\/www.encontrapiracicaba.com.br\/sobre\/wp-content\/uploads\/camara-promove-audiencia-publica-para-debater-reforma-da-previdencia-municipal.webp","@id":"https:\/\/www.encontrapiracicaba.com.br\/sobre\/camara-promove-audiencia-publica-para-debater-reforma-da-previdencia-municipal\/#mainImage","width":280,"height":280,"caption":"reforma da Previd\u00eancia Municipal"},"primaryImageOfPage":{"@id":"https:\/\/www.encontrapiracicaba.com.br\/sobre\/camara-promove-audiencia-publica-para-debater-reforma-da-previdencia-municipal\/#mainImage"},"datePublished":"2026-07-21T01:21:22-03:00","dateModified":"2026-07-21T01:21:22-03:00"},{"@type":"WebSite","@id":"https:\/\/www.encontrapiracicaba.com.br\/sobre\/#website","url":"https:\/\/www.encontrapiracicaba.com.br\/sobre\/","name":"Encontra Piracicaba","description":"Not\u00edcias, eventos, informa\u00e7\u00f5es e dicas na cidade de Piracicaba e regi\u00e3o","inLanguage":"pt-BR","publisher":{"@id":"https:\/\/www.encontrapiracicaba.com.br\/sobre\/#organization"}}]},"og:locale":"pt_BR","og:site_name":"Encontra Piracicaba | Not\u00edcias, eventos, informa\u00e7\u00f5es e dicas na cidade de Piracicaba e regi\u00e3o","og:type":"article","og:title":"C\u00e2mara promove audi\u00eancia p\u00fablica para debater reforma da Previd\u00eancia Municipal | Encontra Piracicaba","og:url":"https:\/\/www.encontrapiracicaba.com.br\/sobre\/camara-promove-audiencia-publica-para-debater-reforma-da-previdencia-municipal\/","article:published_time":"2026-07-21T04:21:22+00:00","article:modified_time":"2026-07-21T04:21:22+00:00","twitter:card":"summary","twitter:title":"C\u00e2mara promove audi\u00eancia p\u00fablica para debater reforma da Previd\u00eancia Municipal | Encontra Piracicaba"},"aioseo_meta_data":{"post_id":"4945","title":null,"description":null,"keywords":null,"keyphrases":null,"primary_term":null,"canonical_url":null,"og_title":null,"og_description":null,"og_object_type":"default","og_image_type":"default","og_image_url":null,"og_image_width":null,"og_image_height":null,"og_image_custom_url":null,"og_image_custom_fields":null,"og_video":null,"og_custom_url":null,"og_article_section":null,"og_article_tags":null,"twitter_use_og":false,"twitter_card":"default","twitter_image_type":"default","twitter_image_url":null,"twitter_image_custom_url":null,"twitter_image_custom_fields":null,"twitter_title":null,"twitter_description":null,"schema":{"blockGraphs":[],"customGraphs":[],"default":{"data":{"Article":[],"Course":[],"Dataset":[],"FAQPage":[],"Movie":[],"Person":[],"Product":[],"ProductReview":[],"Car":[],"Recipe":[],"Service":[],"SoftwareApplication":[],"WebPage":[]},"graphName":"Article","isEnabled":true},"graphs":[]},"schema_type":"default","schema_type_options":null,"pillar_content":false,"robots_default":true,"robots_noindex":false,"robots_noarchive":false,"robots_nosnippet":false,"robots_nofollow":false,"robots_noimageindex":false,"robots_noodp":false,"robots_notranslate":false,"robots_max_snippet":null,"robots_max_videopreview":null,"robots_max_imagepreview":"large","priority":null,"frequency":null,"local_seo":null,"breadcrumb_settings":null,"limit_modified_date":false,"ai":null,"created":"2026-07-21 04:21:24","updated":"2026-07-21 04:31:39","focus_keyword":null,"additional_keywords":null,"truseo_locale":null,"seo_analyzer_scan_date":null},"aioseo_breadcrumb":"<div class=\"aioseo-breadcrumbs\"><span class=\"aioseo-breadcrumb\">\n\t\t\t<a href=\"https:\/\/www.encontrapiracicaba.com.br\/sobre\" title=\"In\u00edcio\">In\u00edcio<\/a>\n\t\t<\/span><span class=\"aioseo-breadcrumb-separator\">&raquo;<\/span><span class=\"aioseo-breadcrumb\">\n\t\t\t<a href=\"https:\/\/www.encontrapiracicaba.com.br\/sobre\/noticias-em-piracicaba\/\" title=\"Not\u00edcias Piracicaba\">Not\u00edcias Piracicaba<\/a>\n\t\t<\/span><span class=\"aioseo-breadcrumb-separator\">&raquo;<\/span><span class=\"aioseo-breadcrumb\">\n\t\t\tC\u00e2mara promove audi\u00eancia p\u00fablica para debater reforma da Previd\u00eancia Municipal\n\t\t<\/span><\/div>","aioseo_breadcrumb_json":[{"label":"In\u00edcio","link":"https:\/\/www.encontrapiracicaba.com.br\/sobre"},{"label":"Not\u00edcias Piracicaba","link":"https:\/\/www.encontrapiracicaba.com.br\/sobre\/noticias-em-piracicaba\/"},{"label":"C\u00e2mara promove audi\u00eancia p\u00fablica para debater reforma da Previd\u00eancia Municipal","link":"https:\/\/www.encontrapiracicaba.com.br\/sobre\/camara-promove-audiencia-publica-para-debater-reforma-da-previdencia-municipal\/"}],"_links":{"self":[{"href":"https:\/\/www.encontrapiracicaba.com.br\/sobre\/wp-json\/wp\/v2\/posts\/4945","targetHints":{"allow":["GET"]}}],"collection":[{"href":"https:\/\/www.encontrapiracicaba.com.br\/sobre\/wp-json\/wp\/v2\/posts"}],"about":[{"href":"https:\/\/www.encontrapiracicaba.com.br\/sobre\/wp-json\/wp\/v2\/types\/post"}],"author":[{"embeddable":true,"href":"https:\/\/www.encontrapiracicaba.com.br\/sobre\/wp-json\/wp\/v2\/users\/1"}],"replies":[{"embeddable":true,"href":"https:\/\/www.encontrapiracicaba.com.br\/sobre\/wp-json\/wp\/v2\/comments?post=4945"}],"version-history":[{"count":0,"href":"https:\/\/www.encontrapiracicaba.com.br\/sobre\/wp-json\/wp\/v2\/posts\/4945\/revisions"}],"wp:featuredmedia":[{"embeddable":true,"href":"https:\/\/www.encontrapiracicaba.com.br\/sobre\/wp-json\/wp\/v2\/media\/4944"}],"wp:attachment":[{"href":"https:\/\/www.encontrapiracicaba.com.br\/sobre\/wp-json\/wp\/v2\/media?parent=4945"}],"wp:term":[{"taxonomy":"category","embeddable":true,"href":"https:\/\/www.encontrapiracicaba.com.br\/sobre\/wp-json\/wp\/v2\/categories?post=4945"},{"taxonomy":"post_tag","embeddable":true,"href":"https:\/\/www.encontrapiracicaba.com.br\/sobre\/wp-json\/wp\/v2\/tags?post=4945"}],"curies":[{"name":"wp","href":"https:\/\/api.w.org\/{rel}","templated":true}]}}