{"id":5023,"date":"2026-07-31T02:57:38","date_gmt":"2026-07-31T05:57:38","guid":{"rendered":"https:\/\/www.encontrapiracicaba.com.br\/sobre\/empresaria-do-setor-de-laticinios-recebera-titulo-de-cidada-piracicaba\/"},"modified":"2026-07-31T02:57:38","modified_gmt":"2026-07-31T05:57:38","slug":"empresaria-do-setor-de-laticinios-recebera-titulo-de-cidada-piracicaba","status":"publish","type":"post","link":"https:\/\/www.encontrapiracicaba.com.br\/sobre\/empresaria-do-setor-de-laticinios-recebera-titulo-de-cidada-piracicaba\/","title":{"rendered":"Empres\u00e1ria do setor de latic\u00ednios receber\u00e1 T\u00edtulo de Cidad\u00e3 Piracicaba"},"content":{"rendered":"<div class=\"85df007ed5c0c4d4b453fd13a37855e8\" data-index=\"1\" style=\"float: none; margin:0px;\">\n<!-- Anuncio display - global -->\r\n<ins class=\"adsbygoogle\"\r\n     style=\"display:block\"\r\n     data-ad-client=\"ca-pub-8585364105181520\"\r\n     data-ad-slot=\"8789329856\"\r\n     data-ad-format=\"auto\"\r\n     data-full-width-responsive=\"true\"><\/ins>\r\n<script>\r\n     (adsbygoogle = window.adsbygoogle || []).push({});\r\n<\/script>\n<\/div>\n<h2>A Trajet\u00f3ria de Giselle Gimenes Betin<\/h2>\n<p>Giselle Gimenes Betin, uma respeitada empres\u00e1ria do ramo de latic\u00ednios, \u00e9 conhecida por sua produ\u00e7\u00e3o de queijos artesanais de alta qualidade. Naturada na cidade de S\u00e3o Paulo, Giselle se mudou para Piracicaba em 1993, quando tinha apenas 16 anos. Desde ent\u00e3o, a sua trajet\u00f3ria na cidade se entrela\u00e7ou com o desenvolvimento do setor de latic\u00ednios local.<\/p>\n<p>Ao lado de seu esposo, Vagner Sergio Betin, o casal deu in\u00edcio a uma empreitada familiar que se tornou um verdadeiro sucesso. Com o aux\u00edlio de seus filhos, a fam\u00edlia iniciou a produ\u00e7\u00e3o de queijos em um pequeno neg\u00f3cio, que com o tempo evoluiu para a Betin\u2019s Latic\u00ednios, um nome respeitado na regi\u00e3o. Sua dedica\u00e7\u00e3o e vis\u00e3o empreendedora t\u00eam gerado um impacto significativo na economia local, destacando-se em um mercado competitivo.<\/p>\n<h2>Impacto da Betin&#8217;s Latic\u00ednios na Economia Local<\/h2>\n<p>A Betin&#8217;s Latic\u00ednios n\u00e3o apenas elevou a qualidade dos produtos dispon\u00edveis para os consumidores locais, mas tamb\u00e9m contribuiu para a economia de Piracicaba. O crescimento do neg\u00f3cio permitiu a gera\u00e7\u00e3o de empregos e atraiu a aten\u00e7\u00e3o de turistas, que buscam a regi\u00e3o em fun\u00e7\u00e3o da conhecida Rota dos Queijos de S\u00e3o Paulo.<\/p>\n<p><img decoding=\"async\" src=\"https:\/\/www.encontrapiracicaba.com.br\/sobre\/wp-content\/uploads\/empresaria-do-setor-de-laticinios-recebera-titulo-de-cidada-piracicaba.webp\" alt=\"Empres\u00e1ria do setor de latic\u00ednios receber\u00e1 T\u00edtulo de Cidad\u00e3 Piracicaba\" loading=\"lazy\" \/><\/p>\n<p>Al\u00e9m disso, a dedica\u00e7\u00e3o de Giselle em promover pr\u00e1ticas de produ\u00e7\u00e3o artesanal tem incentivado outros empreendedores a adotarem m\u00e9todos semelhantes, valorizando n\u00e3o apenas o produto final, mas todo o processo de produ\u00e7\u00e3o e o envolvimento da comunidade ao seu redor.<\/p>\n<h2>O Que Significa o T\u00edtulo de Cidad\u00e3 Piracicabana?<\/h2>\n<p>O t\u00edtulo de Cidad\u00e3 Piracicabana, que ser\u00e1 conferido a Giselle Gimenes Betin, \u00e9 uma das mais altas honrarias que a C\u00e2mara Municipal de Piracicaba pode conceder a uma pessoa. Esse reconhecimento \u00e9 um tributo ao seu esfor\u00e7o e contribui\u00e7\u00e3o pela cidade, refletindo a import\u00e2ncia de suas a\u00e7\u00f5es para a comunidade local.<\/p>\n<p>Esse t\u00edtulo simboliza n\u00e3o apenas um reconhecimento pessoal, mas tamb\u00e9m um incentivo para que outros cidad\u00e3os se destaquem e contribuam com a\u00e7\u00f5es positivas e transformadoras na sociedade piracicabana.<\/p>\n<h2>A Hist\u00f3ria da Produ\u00e7\u00e3o de Queijos Artesanais<\/h2>\n<p>A produ\u00e7\u00e3o de queijos artesanais tem ra\u00edzes profundas na cultura brasileira. Por toda a hist\u00f3ria do pa\u00eds, a arte de fazer queijo tem sido passada de gera\u00e7\u00e3o para gera\u00e7\u00e3o, e Giselle \u00e9 uma representante fiel dessa tradi\u00e7\u00e3o.  Os queijos da Betin\u2019s Latic\u00ednios s\u00e3o feitos com leite fresco de qualidade, apresentando sabores \u00fanicos que refletem o modo de vida local.<\/p>\n<p>Esse tipo de produ\u00e7\u00e3o artesanal n\u00e3o s\u00f3 resgata t\u00e9cnicas antigas, mas tamb\u00e9m promove um estilo de vida que valoriza o contato direto com a natureza e com os ingredientes, resultando em produtos com caracter\u00edsticas e sabores marcantes.<\/p>\n<h2>A Rota dos Queijos e Seu Reconhecimento<\/h2>\n<p>Bela e saborosa, a Rota dos Queijos de S\u00e3o Paulo \u00e9 um atrativo n\u00e3o s\u00f3 para os amantes de queijo, mas tamb\u00e9m para aqueles que apreciam o turismo rural e gastron\u00f4mico. A Betin\u2019s Latic\u00ednios \u00e9 um ponto de destaque nessa rota, reconhecida por seu compromisso com a qualidade.<\/p>\n<p>Essa rota oferece uma ampla variedade de queijos, promovendo a cultura local e impulsionando a economia. Al\u00e9m disso, serve como um excelente espa\u00e7o para a promo\u00e7\u00e3o de eventos, festivais e intera\u00e7\u00f5es entre agricultores e consumidores, estreitando la\u00e7os e compartilhando conhecimento.<\/p>\n<h2>Eventos da C\u00e2mara Municipal de Piracicaba<\/h2>\n<p>A entrega do t\u00edtulo de Cidad\u00e3 Piracicabana a Giselle Gimenes Betin ocorrer\u00e1 em uma cerim\u00f4nia especial, marcada para a noite da pr\u00f3xima sexta-feira (31). O evento acontecer\u00e1 no sal\u00e3o nobre da C\u00e2mara Municipal, a partir das 19h30. A import\u00e2ncia dessa cerim\u00f4nia vai al\u00e9m da simples entrega de um t\u00edtulo, \u00e9 uma celebra\u00e7\u00e3o do empreendedorismo, da tradi\u00e7\u00e3o e da cultura local.<\/p>\n<p>A C\u00e2mara Municipal tem se empenhado em reconhecer aqueles que fazem a diferen\u00e7a na comunidade, demonstrando que iniciativas bem-sucedidas e hist\u00f3rias inspiradoras devem ser celebradas e compartilhadas.<\/p>\n<h2>Como a Homenagem Estimula o Empreendedorismo<\/h2>\n<p>A concess\u00e3o de t\u00edtulos como o de Cidad\u00e3 Piracicabana serve como um est\u00edmulo para o empreendedorismo na regi\u00e3o. Ao reconhecer o trabalho de figuras como Giselle, a C\u00e2mara Municipal envia uma mensagem clara de apoio aos empreendedores locais, mostrando que suas contribui\u00e7\u00f5es s\u00e3o valorizadas.<\/p>\n<p>Isso pode inspirar mais pessoas a seguir o exemplo de Giselle e buscar suas pr\u00f3prias empreitadas, fomentando um ambiente onde a inova\u00e7\u00e3o e o empreendedorismo possam prosperar. O reconhecimento gera motiva\u00e7\u00e3o e mostra que os esfor\u00e7os individuais podem resultar em mudan\u00e7as significativas na sociedade.<\/p>\n<h2>O Papel das Mulheres no Setor Produtivo<\/h2>\n<p>A trajet\u00f3ria de Giselle Gimenes Betin \u00e9 um exemplo poderoso do papel das mulheres no setor produtivo. Ela demonstra que, com determina\u00e7\u00e3o e paix\u00e3o, as mulheres podem n\u00e3o apenas ocupar espa\u00e7os, mas tamb\u00e9m liderar e transformar realidades.<\/p>\n<p>O reconhecimento de Giselle como cidad\u00e3 piracicabana \u00e9 um marco importante que destaca a contribui\u00e7\u00e3o feminina no empreendedorismo. Esse tipo de homenagem ajuda a pavimentar o caminho para outras mulheres, incentivando-as a se inserirem em mercados predominantemente masculinos e a lutarem por seus sonhos.<\/p>\n<h2>Transmiss\u00e3o Ao Vivo da Cerim\u00f4nia<\/h2>\n<p>Para aqueles que n\u00e3o puderem comparecer pessoalmente \u00e0 cerim\u00f4nia de entrega do t\u00edtulo, a C\u00e2mara Municipal de Piracicaba disponibilizar\u00e1 a transmiss\u00e3o ao vivo do evento. Os interessados poder\u00e3o acompanhar a solenidade atrav\u00e9s da TV C\u00e2mara Piracicaba, que pode ser acessada nos canais 11.3 UHF, 4 da Net\/Claro e 9 da Vivo, al\u00e9m das plataformas digitais como YouTube e Facebook.<\/p>\n<p>Essa abordagem garante que todos possam participar da celebra\u00e7\u00e3o, mesmo \u00e0 dist\u00e2ncia, refor\u00e7ando o engajamento da comunidade e a import\u00e2ncia da inclus\u00e3o em eventos c\u00edvicos.<\/p>\n<h2>Reflex\u00f5es Sobre o Empreendedorismo e a Comunidade<\/h2>\n<p>A hist\u00f3ria de Giselle Gimenes Betin e a valoriza\u00e7\u00e3o de seu trabalho atrav\u00e9s do t\u00edtulo de Cidad\u00e3 Piracicabana s\u00e3o um convite \u00e0 reflex\u00e3o sobre o papel do empreendedorismo nas comunidades. O envolvimento ativo dos cidad\u00e3os na promo\u00e7\u00e3o de iniciativas locais \u00e9 essencial para o fortalecimento da economia e a preserva\u00e7\u00e3o das tradi\u00e7\u00f5es.<\/p>\n<p>Giselle representa n\u00e3o apenas o sucesso individual, mas tamb\u00e9m a coletividade que pode ser impactada positivamente por a\u00e7\u00f5es inspiradoras. Esse reconhecimento serve como um lembrete de que com dedica\u00e7\u00e3o e trabalho \u00e1rduo, todos podem contribuir para uma sociedade melhor.<\/p>\n\n<div style=\"font-size: 0px; height: 0px; line-height: 0px; margin: 0; padding: 0; clear: both;\"><\/div>","protected":false},"excerpt":{"rendered":"<p>Empres\u00e1ria do setor de latic\u00ednios receber\u00e1 honraria em Piracicaba hoje.<\/p>\n","protected":false},"author":1,"featured_media":5022,"comment_status":"closed","ping_status":"closed","sticky":false,"template":"","format":"standard","meta":{"footnotes":""},"categories":[6],"tags":[],"class_list":["post-5023","post","type-post","status-publish","format-standard","has-post-thumbnail","hentry","category-noticias-em-piracicaba","has_thumb"],"aioseo_notices":[],"aioseo_head":"\n\t\t<!-- All in One SEO 5.0.0.1 - aioseo.com -->\n\t<meta name=\"robots\" content=\"max-image-preview:large\" \/>\n\t<meta name=\"author\" content=\"Encontra Piracicaba\"\/>\n\t<link rel=\"canonical\" href=\"https:\/\/www.encontrapiracicaba.com.br\/sobre\/empresaria-do-setor-de-laticinios-recebera-titulo-de-cidada-piracicaba\/\" \/>\n\t<meta name=\"generator\" content=\"All in One SEO (AIOSEO) 5.0.0.1\" \/>\n\t\t<meta property=\"og:locale\" content=\"pt_BR\" \/>\n\t\t<meta property=\"og:site_name\" content=\"Encontra Piracicaba | Not\u00edcias, eventos, informa\u00e7\u00f5es e dicas na cidade de Piracicaba e regi\u00e3o\" \/>\n\t\t<meta property=\"og:type\" content=\"article\" \/>\n\t\t<meta property=\"og:title\" content=\"Empres\u00e1ria do setor de latic\u00ednios receber\u00e1 T\u00edtulo de Cidad\u00e3 Piracicaba | Encontra Piracicaba\" \/>\n\t\t<meta property=\"og:url\" content=\"https:\/\/www.encontrapiracicaba.com.br\/sobre\/empresaria-do-setor-de-laticinios-recebera-titulo-de-cidada-piracicaba\/\" \/>\n\t\t<meta property=\"article:published_time\" content=\"2026-07-31T05:57:38+00:00\" \/>\n\t\t<meta property=\"article:modified_time\" content=\"2026-07-31T05:57:38+00:00\" \/>\n\t\t<meta name=\"twitter:card\" content=\"summary\" \/>\n\t\t<meta name=\"twitter:title\" content=\"Empres\u00e1ria do setor de latic\u00ednios receber\u00e1 T\u00edtulo de Cidad\u00e3 Piracicaba | Encontra Piracicaba\" \/>\n\t\t<script type=\"application\/ld+json\" class=\"aioseo-schema\">\n\t\t\t{\"@context\":\"https:\\\/\\\/schema.org\",\"@graph\":[{\"@type\":\"Article\",\"@id\":\"https:\\\/\\\/www.encontrapiracicaba.com.br\\\/sobre\\\/empresaria-do-setor-de-laticinios-recebera-titulo-de-cidada-piracicaba\\\/#article\",\"name\":\"Empres\\u00e1ria do setor de latic\\u00ednios receber\\u00e1 T\\u00edtulo de Cidad\\u00e3 Piracicaba | Encontra Piracicaba\",\"headline\":\"Empres\\u00e1ria do setor de latic\\u00ednios receber\\u00e1 T\\u00edtulo de Cidad\\u00e3 Piracicaba\",\"author\":{\"@id\":\"https:\\\/\\\/www.encontrapiracicaba.com.br\\\/sobre\\\/author\\\/epiracicaba\\\/#author\"},\"publisher\":{\"@id\":\"https:\\\/\\\/www.encontrapiracicaba.com.br\\\/sobre\\\/#organization\"},\"image\":{\"@type\":\"ImageObject\",\"url\":\"https:\\\/\\\/www.encontrapiracicaba.com.br\\\/sobre\\\/wp-content\\\/uploads\\\/empresaria-do-setor-de-laticinios-recebera-titulo-de-cidada-piracicaba.webp\",\"width\":280,\"height\":280,\"caption\":\"Empres\\u00e1ria do setor de latic\\u00ednios receber\\u00e1 T\\u00edtulo de Cidad\\u00e3 Piracicaba\"},\"datePublished\":\"2026-07-31T02:57:38-03:00\",\"dateModified\":\"2026-07-31T02:57:38-03:00\",\"inLanguage\":\"pt-BR\",\"mainEntityOfPage\":{\"@id\":\"https:\\\/\\\/www.encontrapiracicaba.com.br\\\/sobre\\\/empresaria-do-setor-de-laticinios-recebera-titulo-de-cidada-piracicaba\\\/#webpage\"},\"isPartOf\":{\"@id\":\"https:\\\/\\\/www.encontrapiracicaba.com.br\\\/sobre\\\/empresaria-do-setor-de-laticinios-recebera-titulo-de-cidada-piracicaba\\\/#webpage\"},\"articleSection\":\"Not\\u00edcias Piracicaba\"},{\"@type\":\"BreadcrumbList\",\"@id\":\"https:\\\/\\\/www.encontrapiracicaba.com.br\\\/sobre\\\/empresaria-do-setor-de-laticinios-recebera-titulo-de-cidada-piracicaba\\\/#breadcrumblist\",\"itemListElement\":[{\"@type\":\"ListItem\",\"@id\":\"https:\\\/\\\/www.encontrapiracicaba.com.br\\\/sobre#listItem\",\"position\":1,\"name\":\"In\\u00edcio\",\"item\":\"https:\\\/\\\/www.encontrapiracicaba.com.br\\\/sobre\",\"nextItem\":{\"@type\":\"ListItem\",\"@id\":\"https:\\\/\\\/www.encontrapiracicaba.com.br\\\/sobre\\\/noticias-em-piracicaba\\\/#listItem\",\"name\":\"Not\\u00edcias Piracicaba\"}},{\"@type\":\"ListItem\",\"@id\":\"https:\\\/\\\/www.encontrapiracicaba.com.br\\\/sobre\\\/noticias-em-piracicaba\\\/#listItem\",\"position\":2,\"name\":\"Not\\u00edcias Piracicaba\",\"item\":\"https:\\\/\\\/www.encontrapiracicaba.com.br\\\/sobre\\\/noticias-em-piracicaba\\\/\",\"nextItem\":{\"@type\":\"ListItem\",\"@id\":\"https:\\\/\\\/www.encontrapiracicaba.com.br\\\/sobre\\\/empresaria-do-setor-de-laticinios-recebera-titulo-de-cidada-piracicaba\\\/#listItem\",\"name\":\"Empres\\u00e1ria do setor de latic\\u00ednios receber\\u00e1 T\\u00edtulo de Cidad\\u00e3 Piracicaba\"},\"previousItem\":{\"@type\":\"ListItem\",\"@id\":\"https:\\\/\\\/www.encontrapiracicaba.com.br\\\/sobre#listItem\",\"name\":\"In\\u00edcio\"}},{\"@type\":\"ListItem\",\"@id\":\"https:\\\/\\\/www.encontrapiracicaba.com.br\\\/sobre\\\/empresaria-do-setor-de-laticinios-recebera-titulo-de-cidada-piracicaba\\\/#listItem\",\"position\":3,\"name\":\"Empres\\u00e1ria do setor de latic\\u00ednios receber\\u00e1 T\\u00edtulo de Cidad\\u00e3 Piracicaba\",\"previousItem\":{\"@type\":\"ListItem\",\"@id\":\"https:\\\/\\\/www.encontrapiracicaba.com.br\\\/sobre\\\/noticias-em-piracicaba\\\/#listItem\",\"name\":\"Not\\u00edcias Piracicaba\"}}]},{\"@type\":\"Organization\",\"@id\":\"https:\\\/\\\/www.encontrapiracicaba.com.br\\\/sobre\\\/#organization\",\"name\":\"Encontra Piracicaba\",\"description\":\"Not\\u00edcias, eventos, informa\\u00e7\\u00f5es e dicas na cidade de Piracicaba e regi\\u00e3o\",\"url\":\"https:\\\/\\\/www.encontrapiracicaba.com.br\\\/sobre\\\/\"},{\"@type\":\"Person\",\"@id\":\"https:\\\/\\\/www.encontrapiracicaba.com.br\\\/sobre\\\/author\\\/epiracicaba\\\/#author\",\"url\":\"https:\\\/\\\/www.encontrapiracicaba.com.br\\\/sobre\\\/author\\\/epiracicaba\\\/\",\"name\":\"Encontra Piracicaba\",\"image\":{\"@type\":\"ImageObject\",\"@id\":\"https:\\\/\\\/www.encontrapiracicaba.com.br\\\/sobre\\\/empresaria-do-setor-de-laticinios-recebera-titulo-de-cidada-piracicaba\\\/#authorImage\",\"url\":\"https:\\\/\\\/secure.gravatar.com\\\/avatar\\\/507340682b8270222e1f208e23198b6ae7e2c6a1033ae84e99bc6bce4f82a387?s=96&d=mm&r=g\",\"width\":96,\"height\":96,\"caption\":\"Encontra Piracicaba\"}},{\"@type\":\"WebPage\",\"@id\":\"https:\\\/\\\/www.encontrapiracicaba.com.br\\\/sobre\\\/empresaria-do-setor-de-laticinios-recebera-titulo-de-cidada-piracicaba\\\/#webpage\",\"url\":\"https:\\\/\\\/www.encontrapiracicaba.com.br\\\/sobre\\\/empresaria-do-setor-de-laticinios-recebera-titulo-de-cidada-piracicaba\\\/\",\"name\":\"Empres\\u00e1ria do setor de latic\\u00ednios receber\\u00e1 T\\u00edtulo de Cidad\\u00e3 Piracicaba | Encontra Piracicaba\",\"inLanguage\":\"pt-BR\",\"isPartOf\":{\"@id\":\"https:\\\/\\\/www.encontrapiracicaba.com.br\\\/sobre\\\/#website\"},\"breadcrumb\":{\"@id\":\"https:\\\/\\\/www.encontrapiracicaba.com.br\\\/sobre\\\/empresaria-do-setor-de-laticinios-recebera-titulo-de-cidada-piracicaba\\\/#breadcrumblist\"},\"author\":{\"@id\":\"https:\\\/\\\/www.encontrapiracicaba.com.br\\\/sobre\\\/author\\\/epiracicaba\\\/#author\"},\"creator\":{\"@id\":\"https:\\\/\\\/www.encontrapiracicaba.com.br\\\/sobre\\\/author\\\/epiracicaba\\\/#author\"},\"image\":{\"@type\":\"ImageObject\",\"url\":\"https:\\\/\\\/www.encontrapiracicaba.com.br\\\/sobre\\\/wp-content\\\/uploads\\\/empresaria-do-setor-de-laticinios-recebera-titulo-de-cidada-piracicaba.webp\",\"@id\":\"https:\\\/\\\/www.encontrapiracicaba.com.br\\\/sobre\\\/empresaria-do-setor-de-laticinios-recebera-titulo-de-cidada-piracicaba\\\/#mainImage\",\"width\":280,\"height\":280,\"caption\":\"Empres\\u00e1ria do setor de latic\\u00ednios receber\\u00e1 T\\u00edtulo de Cidad\\u00e3 Piracicaba\"},\"primaryImageOfPage\":{\"@id\":\"https:\\\/\\\/www.encontrapiracicaba.com.br\\\/sobre\\\/empresaria-do-setor-de-laticinios-recebera-titulo-de-cidada-piracicaba\\\/#mainImage\"},\"datePublished\":\"2026-07-31T02:57:38-03:00\",\"dateModified\":\"2026-07-31T02:57:38-03:00\"},{\"@type\":\"WebSite\",\"@id\":\"https:\\\/\\\/www.encontrapiracicaba.com.br\\\/sobre\\\/#website\",\"url\":\"https:\\\/\\\/www.encontrapiracicaba.com.br\\\/sobre\\\/\",\"name\":\"Encontra Piracicaba\",\"description\":\"Not\\u00edcias, eventos, informa\\u00e7\\u00f5es e dicas na cidade de Piracicaba e regi\\u00e3o\",\"inLanguage\":\"pt-BR\",\"publisher\":{\"@id\":\"https:\\\/\\\/www.encontrapiracicaba.com.br\\\/sobre\\\/#organization\"}}]}\n\t\t<\/script>\n\t\t<!-- All in One SEO -->\n\n","aioseo_head_json":{"title":"Empres\u00e1ria do setor de latic\u00ednios receber\u00e1 T\u00edtulo de Cidad\u00e3 Piracicaba | Encontra Piracicaba","description":"","canonical_url":"https:\/\/www.encontrapiracicaba.com.br\/sobre\/empresaria-do-setor-de-laticinios-recebera-titulo-de-cidada-piracicaba\/","robots":"max-image-preview:large","keywords":"","webmasterTools":{"miscellaneous":""},"schema":{"@context":"https:\/\/schema.org","@graph":[{"@type":"Article","@id":"https:\/\/www.encontrapiracicaba.com.br\/sobre\/empresaria-do-setor-de-laticinios-recebera-titulo-de-cidada-piracicaba\/#article","name":"Empres\u00e1ria do setor de latic\u00ednios receber\u00e1 T\u00edtulo de Cidad\u00e3 Piracicaba | Encontra Piracicaba","headline":"Empres\u00e1ria do setor de latic\u00ednios receber\u00e1 T\u00edtulo de Cidad\u00e3 Piracicaba","author":{"@id":"https:\/\/www.encontrapiracicaba.com.br\/sobre\/author\/epiracicaba\/#author"},"publisher":{"@id":"https:\/\/www.encontrapiracicaba.com.br\/sobre\/#organization"},"image":{"@type":"ImageObject","url":"https:\/\/www.encontrapiracicaba.com.br\/sobre\/wp-content\/uploads\/empresaria-do-setor-de-laticinios-recebera-titulo-de-cidada-piracicaba.webp","width":280,"height":280,"caption":"Empres\u00e1ria do setor de latic\u00ednios receber\u00e1 T\u00edtulo de Cidad\u00e3 Piracicaba"},"datePublished":"2026-07-31T02:57:38-03:00","dateModified":"2026-07-31T02:57:38-03:00","inLanguage":"pt-BR","mainEntityOfPage":{"@id":"https:\/\/www.encontrapiracicaba.com.br\/sobre\/empresaria-do-setor-de-laticinios-recebera-titulo-de-cidada-piracicaba\/#webpage"},"isPartOf":{"@id":"https:\/\/www.encontrapiracicaba.com.br\/sobre\/empresaria-do-setor-de-laticinios-recebera-titulo-de-cidada-piracicaba\/#webpage"},"articleSection":"Not\u00edcias Piracicaba"},{"@type":"BreadcrumbList","@id":"https:\/\/www.encontrapiracicaba.com.br\/sobre\/empresaria-do-setor-de-laticinios-recebera-titulo-de-cidada-piracicaba\/#breadcrumblist","itemListElement":[{"@type":"ListItem","@id":"https:\/\/www.encontrapiracicaba.com.br\/sobre#listItem","position":1,"name":"In\u00edcio","item":"https:\/\/www.encontrapiracicaba.com.br\/sobre","nextItem":{"@type":"ListItem","@id":"https:\/\/www.encontrapiracicaba.com.br\/sobre\/noticias-em-piracicaba\/#listItem","name":"Not\u00edcias Piracicaba"}},{"@type":"ListItem","@id":"https:\/\/www.encontrapiracicaba.com.br\/sobre\/noticias-em-piracicaba\/#listItem","position":2,"name":"Not\u00edcias Piracicaba","item":"https:\/\/www.encontrapiracicaba.com.br\/sobre\/noticias-em-piracicaba\/","nextItem":{"@type":"ListItem","@id":"https:\/\/www.encontrapiracicaba.com.br\/sobre\/empresaria-do-setor-de-laticinios-recebera-titulo-de-cidada-piracicaba\/#listItem","name":"Empres\u00e1ria do setor de latic\u00ednios receber\u00e1 T\u00edtulo de Cidad\u00e3 Piracicaba"},"previousItem":{"@type":"ListItem","@id":"https:\/\/www.encontrapiracicaba.com.br\/sobre#listItem","name":"In\u00edcio"}},{"@type":"ListItem","@id":"https:\/\/www.encontrapiracicaba.com.br\/sobre\/empresaria-do-setor-de-laticinios-recebera-titulo-de-cidada-piracicaba\/#listItem","position":3,"name":"Empres\u00e1ria do setor de latic\u00ednios receber\u00e1 T\u00edtulo de Cidad\u00e3 Piracicaba","previousItem":{"@type":"ListItem","@id":"https:\/\/www.encontrapiracicaba.com.br\/sobre\/noticias-em-piracicaba\/#listItem","name":"Not\u00edcias Piracicaba"}}]},{"@type":"Organization","@id":"https:\/\/www.encontrapiracicaba.com.br\/sobre\/#organization","name":"Encontra Piracicaba","description":"Not\u00edcias, eventos, informa\u00e7\u00f5es e dicas na cidade de Piracicaba e regi\u00e3o","url":"https:\/\/www.encontrapiracicaba.com.br\/sobre\/"},{"@type":"Person","@id":"https:\/\/www.encontrapiracicaba.com.br\/sobre\/author\/epiracicaba\/#author","url":"https:\/\/www.encontrapiracicaba.com.br\/sobre\/author\/epiracicaba\/","name":"Encontra Piracicaba","image":{"@type":"ImageObject","@id":"https:\/\/www.encontrapiracicaba.com.br\/sobre\/empresaria-do-setor-de-laticinios-recebera-titulo-de-cidada-piracicaba\/#authorImage","url":"https:\/\/secure.gravatar.com\/avatar\/507340682b8270222e1f208e23198b6ae7e2c6a1033ae84e99bc6bce4f82a387?s=96&d=mm&r=g","width":96,"height":96,"caption":"Encontra Piracicaba"}},{"@type":"WebPage","@id":"https:\/\/www.encontrapiracicaba.com.br\/sobre\/empresaria-do-setor-de-laticinios-recebera-titulo-de-cidada-piracicaba\/#webpage","url":"https:\/\/www.encontrapiracicaba.com.br\/sobre\/empresaria-do-setor-de-laticinios-recebera-titulo-de-cidada-piracicaba\/","name":"Empres\u00e1ria do setor de latic\u00ednios receber\u00e1 T\u00edtulo de Cidad\u00e3 Piracicaba | Encontra Piracicaba","inLanguage":"pt-BR","isPartOf":{"@id":"https:\/\/www.encontrapiracicaba.com.br\/sobre\/#website"},"breadcrumb":{"@id":"https:\/\/www.encontrapiracicaba.com.br\/sobre\/empresaria-do-setor-de-laticinios-recebera-titulo-de-cidada-piracicaba\/#breadcrumblist"},"author":{"@id":"https:\/\/www.encontrapiracicaba.com.br\/sobre\/author\/epiracicaba\/#author"},"creator":{"@id":"https:\/\/www.encontrapiracicaba.com.br\/sobre\/author\/epiracicaba\/#author"},"image":{"@type":"ImageObject","url":"https:\/\/www.encontrapiracicaba.com.br\/sobre\/wp-content\/uploads\/empresaria-do-setor-de-laticinios-recebera-titulo-de-cidada-piracicaba.webp","@id":"https:\/\/www.encontrapiracicaba.com.br\/sobre\/empresaria-do-setor-de-laticinios-recebera-titulo-de-cidada-piracicaba\/#mainImage","width":280,"height":280,"caption":"Empres\u00e1ria do setor de latic\u00ednios receber\u00e1 T\u00edtulo de Cidad\u00e3 Piracicaba"},"primaryImageOfPage":{"@id":"https:\/\/www.encontrapiracicaba.com.br\/sobre\/empresaria-do-setor-de-laticinios-recebera-titulo-de-cidada-piracicaba\/#mainImage"},"datePublished":"2026-07-31T02:57:38-03:00","dateModified":"2026-07-31T02:57:38-03:00"},{"@type":"WebSite","@id":"https:\/\/www.encontrapiracicaba.com.br\/sobre\/#website","url":"https:\/\/www.encontrapiracicaba.com.br\/sobre\/","name":"Encontra Piracicaba","description":"Not\u00edcias, eventos, informa\u00e7\u00f5es e dicas na cidade de Piracicaba e regi\u00e3o","inLanguage":"pt-BR","publisher":{"@id":"https:\/\/www.encontrapiracicaba.com.br\/sobre\/#organization"}}]},"og:locale":"pt_BR","og:site_name":"Encontra Piracicaba | Not\u00edcias, eventos, informa\u00e7\u00f5es e dicas na cidade de Piracicaba e regi\u00e3o","og:type":"article","og:title":"Empres\u00e1ria do setor de latic\u00ednios receber\u00e1 T\u00edtulo de Cidad\u00e3 Piracicaba | Encontra Piracicaba","og:url":"https:\/\/www.encontrapiracicaba.com.br\/sobre\/empresaria-do-setor-de-laticinios-recebera-titulo-de-cidada-piracicaba\/","article:published_time":"2026-07-31T05:57:38+00:00","article:modified_time":"2026-07-31T05:57:38+00:00","twitter:card":"summary","twitter:title":"Empres\u00e1ria do setor de latic\u00ednios receber\u00e1 T\u00edtulo de Cidad\u00e3 Piracicaba | Encontra Piracicaba"},"aioseo_meta_data":{"post_id":"5023","title":null,"description":null,"keywords":null,"keyphrases":null,"primary_term":null,"canonical_url":null,"og_title":null,"og_description":null,"og_object_type":"default","og_image_type":"default","og_image_url":null,"og_image_width":null,"og_image_height":null,"og_image_custom_url":null,"og_image_custom_fields":null,"og_video":null,"og_custom_url":null,"og_article_section":null,"og_article_tags":null,"twitter_use_og":false,"twitter_card":"default","twitter_image_type":"default","twitter_image_url":null,"twitter_image_custom_url":null,"twitter_image_custom_fields":null,"twitter_title":null,"twitter_description":null,"schema":{"blockGraphs":[],"customGraphs":[],"default":{"data":{"Article":[],"Course":[],"Dataset":[],"FAQPage":[],"Movie":[],"Person":[],"Product":[],"ProductReview":[],"Car":[],"Recipe":[],"Service":[],"SoftwareApplication":[],"WebPage":[]},"graphName":"Article","isEnabled":true},"graphs":[]},"schema_type":"default","schema_type_options":null,"pillar_content":false,"robots_default":true,"robots_noindex":false,"robots_noarchive":false,"robots_nosnippet":false,"robots_nofollow":false,"robots_noimageindex":false,"robots_noodp":false,"robots_notranslate":false,"robots_max_snippet":null,"robots_max_videopreview":null,"robots_max_imagepreview":"large","priority":null,"frequency":null,"local_seo":null,"breadcrumb_settings":null,"limit_modified_date":false,"ai":null,"created":"2026-07-31 05:57:41","updated":"2026-07-31 06:10:45","focus_keyword":null,"additional_keywords":null,"truseo_locale":null,"seo_analyzer_scan_date":null},"aioseo_breadcrumb":"<div class=\"aioseo-breadcrumbs\"><span class=\"aioseo-breadcrumb\">\n\t\t\t<a href=\"https:\/\/www.encontrapiracicaba.com.br\/sobre\" title=\"In\u00edcio\">In\u00edcio<\/a>\n\t\t<\/span><span class=\"aioseo-breadcrumb-separator\">&raquo;<\/span><span class=\"aioseo-breadcrumb\">\n\t\t\t<a href=\"https:\/\/www.encontrapiracicaba.com.br\/sobre\/noticias-em-piracicaba\/\" title=\"Not\u00edcias Piracicaba\">Not\u00edcias Piracicaba<\/a>\n\t\t<\/span><span class=\"aioseo-breadcrumb-separator\">&raquo;<\/span><span class=\"aioseo-breadcrumb\">\n\t\t\tEmpres\u00e1ria do setor de latic\u00ednios receber\u00e1 T\u00edtulo de Cidad\u00e3 Piracicaba\n\t\t<\/span><\/div>","aioseo_breadcrumb_json":[{"label":"In\u00edcio","link":"https:\/\/www.encontrapiracicaba.com.br\/sobre"},{"label":"Not\u00edcias Piracicaba","link":"https:\/\/www.encontrapiracicaba.com.br\/sobre\/noticias-em-piracicaba\/"},{"label":"Empres\u00e1ria do setor de latic\u00ednios receber\u00e1 T\u00edtulo de Cidad\u00e3 Piracicaba","link":"https:\/\/www.encontrapiracicaba.com.br\/sobre\/empresaria-do-setor-de-laticinios-recebera-titulo-de-cidada-piracicaba\/"}],"_links":{"self":[{"href":"https:\/\/www.encontrapiracicaba.com.br\/sobre\/wp-json\/wp\/v2\/posts\/5023","targetHints":{"allow":["GET"]}}],"collection":[{"href":"https:\/\/www.encontrapiracicaba.com.br\/sobre\/wp-json\/wp\/v2\/posts"}],"about":[{"href":"https:\/\/www.encontrapiracicaba.com.br\/sobre\/wp-json\/wp\/v2\/types\/post"}],"author":[{"embeddable":true,"href":"https:\/\/www.encontrapiracicaba.com.br\/sobre\/wp-json\/wp\/v2\/users\/1"}],"replies":[{"embeddable":true,"href":"https:\/\/www.encontrapiracicaba.com.br\/sobre\/wp-json\/wp\/v2\/comments?post=5023"}],"version-history":[{"count":0,"href":"https:\/\/www.encontrapiracicaba.com.br\/sobre\/wp-json\/wp\/v2\/posts\/5023\/revisions"}],"wp:featuredmedia":[{"embeddable":true,"href":"https:\/\/www.encontrapiracicaba.com.br\/sobre\/wp-json\/wp\/v2\/media\/5022"}],"wp:attachment":[{"href":"https:\/\/www.encontrapiracicaba.com.br\/sobre\/wp-json\/wp\/v2\/media?parent=5023"}],"wp:term":[{"taxonomy":"category","embeddable":true,"href":"https:\/\/www.encontrapiracicaba.com.br\/sobre\/wp-json\/wp\/v2\/categories?post=5023"},{"taxonomy":"post_tag","embeddable":true,"href":"https:\/\/www.encontrapiracicaba.com.br\/sobre\/wp-json\/wp\/v2\/tags?post=5023"}],"curies":[{"name":"wp","href":"https:\/\/api.w.org\/{rel}","templated":true}]}}