{"id":5054,"date":"2026-08-05T01:39:09","date_gmt":"2026-08-05T04:39:09","guid":{"rendered":"https:\/\/www.encontrapiracicaba.com.br\/sobre\/na-tribuna-vereador-faz-reflexoes-sobre-a-politica-em-piracicaba\/"},"modified":"2026-08-05T01:39:09","modified_gmt":"2026-08-05T04:39:09","slug":"na-tribuna-vereador-faz-reflexoes-sobre-a-politica-em-piracicaba","status":"publish","type":"post","link":"https:\/\/www.encontrapiracicaba.com.br\/sobre\/na-tribuna-vereador-faz-reflexoes-sobre-a-politica-em-piracicaba\/","title":{"rendered":"Na tribuna, vereador faz reflex\u00f5es sobre a pol\u00edtica em Piracicaba"},"content":{"rendered":"<div class=\"85df007ed5c0c4d4b453fd13a37855e8\" data-index=\"1\" style=\"float: none; margin:0px;\">\n<!-- Anuncio display - global -->\r\n<ins class=\"adsbygoogle\"\r\n     style=\"display:block\"\r\n     data-ad-client=\"ca-pub-8585364105181520\"\r\n     data-ad-slot=\"8789329856\"\r\n     data-ad-format=\"auto\"\r\n     data-full-width-responsive=\"true\"><\/ins>\r\n<script>\r\n     (adsbygoogle = window.adsbygoogle || []).push({});\r\n<\/script>\n<\/div>\n<h2>Introdu\u00e7\u00e3o ao Discurso<\/h2>\n<p>No dia 3 de agosto de 2026, durante a 38\u00aa reuni\u00e3o ordin\u00e1ria da C\u00e2mara Municipal de Piracicaba, o vereador <strong>Zezinho Pereira<\/strong> do partido <strong>Uni\u00e3o Brasil<\/strong> ocupou a tribuna para compartilhar suas reflex\u00f5es sobre o funcionamento da pol\u00edtica local. A sua fala teve como foco aspectos da \u00e9tica e da conviv\u00eancia entre os pol\u00edticos, al\u00e9m de compara\u00e7\u00f5es que ele fez entre a vida e a experi\u00eancia de conduzir a pol\u00edtica na cidade.<\/p>\n<h2>Quem \u00e9 Zezinho Pereira?<\/h2>\n<p><strong>Zezinho Pereira<\/strong> \u00e9 um vereador atuante na C\u00e2mara de Piracicaba, conhecido por sua postura reflexiva e pela busca de \u00e9tica em sua atua\u00e7\u00e3o pol\u00edtica. No seu tempo de mandato, procurou sempre trazer mensagens que instigam a reflex\u00e3o e o di\u00e1logo sobre quest\u00f5es pertinentes ao cotidiano da popula\u00e7\u00e3o. Seu compromisso com a integridade e a justi\u00e7a vem sendo marcado por suas interven\u00e7\u00f5es nas reuni\u00f5es da c\u00e2mara.<\/p>\n<h2>A Import\u00e2ncia da \u00c9tica na Pol\u00edtica<\/h2>\n<p>No discurso, <strong>Zezinho<\/strong> enfatizou a import\u00e2ncia da \u00e9tica como um alicerce fundamental para o exerc\u00edcio da atividade pol\u00edtica. Ele abordou como a falta de \u00e9tica pode levar a uma deteriora\u00e7\u00e3o das rela\u00e7\u00f5es entre os pol\u00edticos e, consequentemente, \u00e0 desconfian\u00e7a da popula\u00e7\u00e3o em rela\u00e7\u00e3o \u00e0s autoridades. Para ele, viver de forma \u00e9tica \u00e9 uma forma de edificar um exemplo positivo para a sociedade.<\/p>\n<p><img decoding=\"async\" src=\"https:\/\/www.encontrapiracicaba.com.br\/sobre\/wp-content\/uploads\/na-tribuna-vereador-faz-reflexoes-sobre-a-politica-em-piracicaba.webp\" alt=\"pol\u00edtica em Piracicaba\" loading=\"lazy\" \/><\/p>\n<h2>Reflex\u00f5es sobre a Inveja<\/h2>\n<p>Um ponto importante levantado por Zezinho foi sobre a inveja, que ele descreveu como &#8220;um veneno&#8221; que pode corroer o esp\u00edrito do indiv\u00edduo. Ele manifestou preocupa\u00e7\u00e3o em n\u00e3o cultivar esse sentimento, ressaltando que tal atitude prejudica n\u00e3o apenas quem a sente, mas, de forma mais ampla, os relacionamentos e o ambiente colaborativo entre os pol\u00edticos. A busca por uma pol\u00edtica mais justa e menos competitiva deveria estar pautada na solidariedade e na uni\u00e3o.<\/p>\n<h2>O Manual da Vida e a Pol\u00edtica<\/h2>\n<p>Na analogia que fez, o vereador comparou a vida a comprar um carro novo que vem acompanhado de um manual de instru\u00e7\u00f5es. Para ele, a <strong>B\u00edblia<\/strong> \u00e9 esse manual que, se compreendido e respeitado, pode guiar as pessoas em suas decis\u00f5es e a\u00e7\u00f5es di\u00e1rias. Segundo ele, o uso desses ensinamentos pode aumentar as chances de sucesso em qualquer empreitada, inclusive na pol\u00edtica.<\/p>\n<h2>Estrat\u00e9gias Pol\u00edticas e Guerra<\/h2>\n<p>Continuando sua fala, Zezinho Pereira fez uma analogia entre a pol\u00edtica e a guerra. Em sua vis\u00e3o, a pol\u00edtica requer planejamento estrat\u00e9gico e uma vis\u00e3o coletiva. Ele abordou a import\u00e2ncia de &#8220;ter um mundo em conjunto&#8221;, o que implica em formar parcerias e alian\u00e7as que fortale\u00e7am as a\u00e7\u00f5es para o bem comum. Citou passagens b\u00edblicas que descrevem guerras, destacando que, assim como na guerra, a pol\u00edtica tamb\u00e9m demanda estrat\u00e9gia e uni\u00e3o.<\/p>\n<h2>Exemplos de Viv\u00eancias Pol\u00edticas<\/h2>\n<p>Zezinho compartilhou diversas experi\u00eancias que teve ao longo de sua trajet\u00f3ria pol\u00edtica, relatando como cada uma delas contribuiu para sua forma\u00e7\u00e3o e entendimento do cen\u00e1rio pol\u00edtico em Piracicaba. Ele enfatizou a relev\u00e2ncia de aprender com os desafios enfrentados e de buscar sempre um aprimoramento pessoal e profissional. Essas viv\u00eancias moldaram sua perspectiva e sua forma de atua\u00e7\u00e3o na c\u00e2mara.<\/p>\n<h2>A Recep\u00e7\u00e3o das Ideias na Comunidade<\/h2>\n<p>Outro ponto abordado por Zezinho foi a recep\u00e7\u00e3o das ideias que s\u00e3o propostas pelos vereadores e sua implementa\u00e7\u00e3o na comunidade. Ele observou que a forma como os cidad\u00e3os percebem e acolhem as propostas pol\u00edticas influencia diretamente no sucesso das mesmas e, por consequ\u00eancia, na qualidade de vida da popula\u00e7\u00e3o piracicabana. O di\u00e1logo constante com a comunidade foi destacado como essencial para entender as necessidades do povo.<\/p>\n<h2>A Relev\u00e2ncia da B\u00edblia no Discurso<\/h2>\n<p>A import\u00e2ncia da B\u00edblia em suas reflex\u00f5es \u00e9 um tema central nas falas de <strong>Zezinho Pereira<\/strong>. Ele acredita firmemente que os princ\u00edpios contidos nos textos sagrados podem oferecer li\u00e7\u00f5es valiosas sobre humanidade, respeito e compaix\u00e3o, que devem ser aplicadas no cotidiano, especialmente na esfera pol\u00edtica. Esse conv\u00edvio \u00e9tico e moral pode criar uma cultura de paz e solidariedade.<\/p>\n<h2>Assistindo ao Discurso Completo<\/h2>\n<p>Para aqueles que desejam um entendimento mais aprofundado das reflex\u00f5es de Zezinho Pereira sobre a pol\u00edtica em Piracicaba, o discurso completo pode ser assistido em v\u00eddeo. A comunica\u00e7\u00e3o audiovisual \u00e9 uma ferramenta poderosa para disseminar ideias e engajar a popula\u00e7\u00e3o em quest\u00f5es importantes da pol\u00edtica local.<\/p>\n<p>A fala do vereador traz \u00e0 tona quest\u00f5es essenciais que afetam n\u00e3o apenas o funcionamento da c\u00e2mara, mas o futuro da pr\u00f3pria cidade. A intera\u00e7\u00e3o entre \u00e9tica,viv\u00eancias e estrat\u00e9gias pol\u00edticas \u00e9 crucial para a constru\u00e7\u00e3o de um cen\u00e1rio mais justo e democr\u00e1tico, onde a participa\u00e7\u00e3o popular e o di\u00e1logo sejam estimulados e valorizados.<\/p>\n\n<div style=\"font-size: 0px; height: 0px; line-height: 0px; margin: 0; padding: 0; clear: both;\"><\/div>","protected":false},"excerpt":{"rendered":"<p>Reflex\u00f5es de Zezinho Pereira sobre pol\u00edtica em Piracicaba na tribuna.<\/p>\n","protected":false},"author":1,"featured_media":5053,"comment_status":"closed","ping_status":"closed","sticky":false,"template":"","format":"standard","meta":{"footnotes":""},"categories":[6],"tags":[],"class_list":["post-5054","post","type-post","status-publish","format-standard","has-post-thumbnail","hentry","category-noticias-em-piracicaba","has_thumb"],"aioseo_notices":[],"aioseo_head":"\n\t\t<!-- All in One SEO 5.0.0.1 - aioseo.com -->\n\t<meta name=\"robots\" content=\"max-image-preview:large\" \/>\n\t<meta name=\"author\" content=\"Encontra Piracicaba\"\/>\n\t<link rel=\"canonical\" href=\"https:\/\/www.encontrapiracicaba.com.br\/sobre\/na-tribuna-vereador-faz-reflexoes-sobre-a-politica-em-piracicaba\/\" \/>\n\t<meta name=\"generator\" content=\"All in One SEO (AIOSEO) 5.0.0.1\" \/>\n\t\t<meta property=\"og:locale\" content=\"pt_BR\" \/>\n\t\t<meta property=\"og:site_name\" content=\"Encontra Piracicaba | Not\u00edcias, eventos, informa\u00e7\u00f5es e dicas na cidade de Piracicaba e regi\u00e3o\" \/>\n\t\t<meta property=\"og:type\" content=\"article\" \/>\n\t\t<meta property=\"og:title\" content=\"Na tribuna, vereador faz reflex\u00f5es sobre a pol\u00edtica em Piracicaba | Encontra Piracicaba\" \/>\n\t\t<meta property=\"og:url\" content=\"https:\/\/www.encontrapiracicaba.com.br\/sobre\/na-tribuna-vereador-faz-reflexoes-sobre-a-politica-em-piracicaba\/\" \/>\n\t\t<meta property=\"article:published_time\" content=\"2026-08-05T04:39:09+00:00\" \/>\n\t\t<meta property=\"article:modified_time\" content=\"2026-08-05T04:39:09+00:00\" \/>\n\t\t<meta name=\"twitter:card\" content=\"summary\" \/>\n\t\t<meta name=\"twitter:title\" content=\"Na tribuna, vereador faz reflex\u00f5es sobre a pol\u00edtica em Piracicaba | Encontra Piracicaba\" \/>\n\t\t<script type=\"application\/ld+json\" class=\"aioseo-schema\">\n\t\t\t{\"@context\":\"https:\\\/\\\/schema.org\",\"@graph\":[{\"@type\":\"Article\",\"@id\":\"https:\\\/\\\/www.encontrapiracicaba.com.br\\\/sobre\\\/na-tribuna-vereador-faz-reflexoes-sobre-a-politica-em-piracicaba\\\/#article\",\"name\":\"Na tribuna, vereador faz reflex\\u00f5es sobre a pol\\u00edtica em Piracicaba | Encontra Piracicaba\",\"headline\":\"Na tribuna, vereador faz reflex\\u00f5es sobre a pol\\u00edtica em Piracicaba\",\"author\":{\"@id\":\"https:\\\/\\\/www.encontrapiracicaba.com.br\\\/sobre\\\/author\\\/epiracicaba\\\/#author\"},\"publisher\":{\"@id\":\"https:\\\/\\\/www.encontrapiracicaba.com.br\\\/sobre\\\/#organization\"},\"image\":{\"@type\":\"ImageObject\",\"url\":\"https:\\\/\\\/www.encontrapiracicaba.com.br\\\/sobre\\\/wp-content\\\/uploads\\\/na-tribuna-vereador-faz-reflexoes-sobre-a-politica-em-piracicaba.webp\",\"width\":280,\"height\":280,\"caption\":\"pol\\u00edtica em Piracicaba\"},\"datePublished\":\"2026-08-05T01:39:09-03:00\",\"dateModified\":\"2026-08-05T01:39:09-03:00\",\"inLanguage\":\"pt-BR\",\"mainEntityOfPage\":{\"@id\":\"https:\\\/\\\/www.encontrapiracicaba.com.br\\\/sobre\\\/na-tribuna-vereador-faz-reflexoes-sobre-a-politica-em-piracicaba\\\/#webpage\"},\"isPartOf\":{\"@id\":\"https:\\\/\\\/www.encontrapiracicaba.com.br\\\/sobre\\\/na-tribuna-vereador-faz-reflexoes-sobre-a-politica-em-piracicaba\\\/#webpage\"},\"articleSection\":\"Not\\u00edcias Piracicaba\"},{\"@type\":\"BreadcrumbList\",\"@id\":\"https:\\\/\\\/www.encontrapiracicaba.com.br\\\/sobre\\\/na-tribuna-vereador-faz-reflexoes-sobre-a-politica-em-piracicaba\\\/#breadcrumblist\",\"itemListElement\":[{\"@type\":\"ListItem\",\"@id\":\"https:\\\/\\\/www.encontrapiracicaba.com.br\\\/sobre#listItem\",\"position\":1,\"name\":\"In\\u00edcio\",\"item\":\"https:\\\/\\\/www.encontrapiracicaba.com.br\\\/sobre\",\"nextItem\":{\"@type\":\"ListItem\",\"@id\":\"https:\\\/\\\/www.encontrapiracicaba.com.br\\\/sobre\\\/noticias-em-piracicaba\\\/#listItem\",\"name\":\"Not\\u00edcias Piracicaba\"}},{\"@type\":\"ListItem\",\"@id\":\"https:\\\/\\\/www.encontrapiracicaba.com.br\\\/sobre\\\/noticias-em-piracicaba\\\/#listItem\",\"position\":2,\"name\":\"Not\\u00edcias Piracicaba\",\"item\":\"https:\\\/\\\/www.encontrapiracicaba.com.br\\\/sobre\\\/noticias-em-piracicaba\\\/\",\"nextItem\":{\"@type\":\"ListItem\",\"@id\":\"https:\\\/\\\/www.encontrapiracicaba.com.br\\\/sobre\\\/na-tribuna-vereador-faz-reflexoes-sobre-a-politica-em-piracicaba\\\/#listItem\",\"name\":\"Na tribuna, vereador faz reflex\\u00f5es sobre a pol\\u00edtica em Piracicaba\"},\"previousItem\":{\"@type\":\"ListItem\",\"@id\":\"https:\\\/\\\/www.encontrapiracicaba.com.br\\\/sobre#listItem\",\"name\":\"In\\u00edcio\"}},{\"@type\":\"ListItem\",\"@id\":\"https:\\\/\\\/www.encontrapiracicaba.com.br\\\/sobre\\\/na-tribuna-vereador-faz-reflexoes-sobre-a-politica-em-piracicaba\\\/#listItem\",\"position\":3,\"name\":\"Na tribuna, vereador faz reflex\\u00f5es sobre a pol\\u00edtica em Piracicaba\",\"previousItem\":{\"@type\":\"ListItem\",\"@id\":\"https:\\\/\\\/www.encontrapiracicaba.com.br\\\/sobre\\\/noticias-em-piracicaba\\\/#listItem\",\"name\":\"Not\\u00edcias Piracicaba\"}}]},{\"@type\":\"Organization\",\"@id\":\"https:\\\/\\\/www.encontrapiracicaba.com.br\\\/sobre\\\/#organization\",\"name\":\"Encontra Piracicaba\",\"description\":\"Not\\u00edcias, eventos, informa\\u00e7\\u00f5es e dicas na cidade de Piracicaba e regi\\u00e3o\",\"url\":\"https:\\\/\\\/www.encontrapiracicaba.com.br\\\/sobre\\\/\"},{\"@type\":\"Person\",\"@id\":\"https:\\\/\\\/www.encontrapiracicaba.com.br\\\/sobre\\\/author\\\/epiracicaba\\\/#author\",\"url\":\"https:\\\/\\\/www.encontrapiracicaba.com.br\\\/sobre\\\/author\\\/epiracicaba\\\/\",\"name\":\"Encontra Piracicaba\",\"image\":{\"@type\":\"ImageObject\",\"@id\":\"https:\\\/\\\/www.encontrapiracicaba.com.br\\\/sobre\\\/na-tribuna-vereador-faz-reflexoes-sobre-a-politica-em-piracicaba\\\/#authorImage\",\"url\":\"https:\\\/\\\/secure.gravatar.com\\\/avatar\\\/507340682b8270222e1f208e23198b6ae7e2c6a1033ae84e99bc6bce4f82a387?s=96&d=mm&r=g\",\"width\":96,\"height\":96,\"caption\":\"Encontra Piracicaba\"}},{\"@type\":\"WebPage\",\"@id\":\"https:\\\/\\\/www.encontrapiracicaba.com.br\\\/sobre\\\/na-tribuna-vereador-faz-reflexoes-sobre-a-politica-em-piracicaba\\\/#webpage\",\"url\":\"https:\\\/\\\/www.encontrapiracicaba.com.br\\\/sobre\\\/na-tribuna-vereador-faz-reflexoes-sobre-a-politica-em-piracicaba\\\/\",\"name\":\"Na tribuna, vereador faz reflex\\u00f5es sobre a pol\\u00edtica em Piracicaba | Encontra Piracicaba\",\"inLanguage\":\"pt-BR\",\"isPartOf\":{\"@id\":\"https:\\\/\\\/www.encontrapiracicaba.com.br\\\/sobre\\\/#website\"},\"breadcrumb\":{\"@id\":\"https:\\\/\\\/www.encontrapiracicaba.com.br\\\/sobre\\\/na-tribuna-vereador-faz-reflexoes-sobre-a-politica-em-piracicaba\\\/#breadcrumblist\"},\"author\":{\"@id\":\"https:\\\/\\\/www.encontrapiracicaba.com.br\\\/sobre\\\/author\\\/epiracicaba\\\/#author\"},\"creator\":{\"@id\":\"https:\\\/\\\/www.encontrapiracicaba.com.br\\\/sobre\\\/author\\\/epiracicaba\\\/#author\"},\"image\":{\"@type\":\"ImageObject\",\"url\":\"https:\\\/\\\/www.encontrapiracicaba.com.br\\\/sobre\\\/wp-content\\\/uploads\\\/na-tribuna-vereador-faz-reflexoes-sobre-a-politica-em-piracicaba.webp\",\"@id\":\"https:\\\/\\\/www.encontrapiracicaba.com.br\\\/sobre\\\/na-tribuna-vereador-faz-reflexoes-sobre-a-politica-em-piracicaba\\\/#mainImage\",\"width\":280,\"height\":280,\"caption\":\"pol\\u00edtica em Piracicaba\"},\"primaryImageOfPage\":{\"@id\":\"https:\\\/\\\/www.encontrapiracicaba.com.br\\\/sobre\\\/na-tribuna-vereador-faz-reflexoes-sobre-a-politica-em-piracicaba\\\/#mainImage\"},\"datePublished\":\"2026-08-05T01:39:09-03:00\",\"dateModified\":\"2026-08-05T01:39:09-03:00\"},{\"@type\":\"WebSite\",\"@id\":\"https:\\\/\\\/www.encontrapiracicaba.com.br\\\/sobre\\\/#website\",\"url\":\"https:\\\/\\\/www.encontrapiracicaba.com.br\\\/sobre\\\/\",\"name\":\"Encontra Piracicaba\",\"description\":\"Not\\u00edcias, eventos, informa\\u00e7\\u00f5es e dicas na cidade de Piracicaba e regi\\u00e3o\",\"inLanguage\":\"pt-BR\",\"publisher\":{\"@id\":\"https:\\\/\\\/www.encontrapiracicaba.com.br\\\/sobre\\\/#organization\"}}]}\n\t\t<\/script>\n\t\t<!-- All in One SEO -->\n\n","aioseo_head_json":{"title":"Na tribuna, vereador faz reflex\u00f5es sobre a pol\u00edtica em Piracicaba | Encontra Piracicaba","description":"","canonical_url":"https:\/\/www.encontrapiracicaba.com.br\/sobre\/na-tribuna-vereador-faz-reflexoes-sobre-a-politica-em-piracicaba\/","robots":"max-image-preview:large","keywords":"","webmasterTools":{"miscellaneous":""},"schema":{"@context":"https:\/\/schema.org","@graph":[{"@type":"Article","@id":"https:\/\/www.encontrapiracicaba.com.br\/sobre\/na-tribuna-vereador-faz-reflexoes-sobre-a-politica-em-piracicaba\/#article","name":"Na tribuna, vereador faz reflex\u00f5es sobre a pol\u00edtica em Piracicaba | Encontra Piracicaba","headline":"Na tribuna, vereador faz reflex\u00f5es sobre a pol\u00edtica em Piracicaba","author":{"@id":"https:\/\/www.encontrapiracicaba.com.br\/sobre\/author\/epiracicaba\/#author"},"publisher":{"@id":"https:\/\/www.encontrapiracicaba.com.br\/sobre\/#organization"},"image":{"@type":"ImageObject","url":"https:\/\/www.encontrapiracicaba.com.br\/sobre\/wp-content\/uploads\/na-tribuna-vereador-faz-reflexoes-sobre-a-politica-em-piracicaba.webp","width":280,"height":280,"caption":"pol\u00edtica em Piracicaba"},"datePublished":"2026-08-05T01:39:09-03:00","dateModified":"2026-08-05T01:39:09-03:00","inLanguage":"pt-BR","mainEntityOfPage":{"@id":"https:\/\/www.encontrapiracicaba.com.br\/sobre\/na-tribuna-vereador-faz-reflexoes-sobre-a-politica-em-piracicaba\/#webpage"},"isPartOf":{"@id":"https:\/\/www.encontrapiracicaba.com.br\/sobre\/na-tribuna-vereador-faz-reflexoes-sobre-a-politica-em-piracicaba\/#webpage"},"articleSection":"Not\u00edcias Piracicaba"},{"@type":"BreadcrumbList","@id":"https:\/\/www.encontrapiracicaba.com.br\/sobre\/na-tribuna-vereador-faz-reflexoes-sobre-a-politica-em-piracicaba\/#breadcrumblist","itemListElement":[{"@type":"ListItem","@id":"https:\/\/www.encontrapiracicaba.com.br\/sobre#listItem","position":1,"name":"In\u00edcio","item":"https:\/\/www.encontrapiracicaba.com.br\/sobre","nextItem":{"@type":"ListItem","@id":"https:\/\/www.encontrapiracicaba.com.br\/sobre\/noticias-em-piracicaba\/#listItem","name":"Not\u00edcias Piracicaba"}},{"@type":"ListItem","@id":"https:\/\/www.encontrapiracicaba.com.br\/sobre\/noticias-em-piracicaba\/#listItem","position":2,"name":"Not\u00edcias Piracicaba","item":"https:\/\/www.encontrapiracicaba.com.br\/sobre\/noticias-em-piracicaba\/","nextItem":{"@type":"ListItem","@id":"https:\/\/www.encontrapiracicaba.com.br\/sobre\/na-tribuna-vereador-faz-reflexoes-sobre-a-politica-em-piracicaba\/#listItem","name":"Na tribuna, vereador faz reflex\u00f5es sobre a pol\u00edtica em Piracicaba"},"previousItem":{"@type":"ListItem","@id":"https:\/\/www.encontrapiracicaba.com.br\/sobre#listItem","name":"In\u00edcio"}},{"@type":"ListItem","@id":"https:\/\/www.encontrapiracicaba.com.br\/sobre\/na-tribuna-vereador-faz-reflexoes-sobre-a-politica-em-piracicaba\/#listItem","position":3,"name":"Na tribuna, vereador faz reflex\u00f5es sobre a pol\u00edtica em Piracicaba","previousItem":{"@type":"ListItem","@id":"https:\/\/www.encontrapiracicaba.com.br\/sobre\/noticias-em-piracicaba\/#listItem","name":"Not\u00edcias Piracicaba"}}]},{"@type":"Organization","@id":"https:\/\/www.encontrapiracicaba.com.br\/sobre\/#organization","name":"Encontra Piracicaba","description":"Not\u00edcias, eventos, informa\u00e7\u00f5es e dicas na cidade de Piracicaba e regi\u00e3o","url":"https:\/\/www.encontrapiracicaba.com.br\/sobre\/"},{"@type":"Person","@id":"https:\/\/www.encontrapiracicaba.com.br\/sobre\/author\/epiracicaba\/#author","url":"https:\/\/www.encontrapiracicaba.com.br\/sobre\/author\/epiracicaba\/","name":"Encontra Piracicaba","image":{"@type":"ImageObject","@id":"https:\/\/www.encontrapiracicaba.com.br\/sobre\/na-tribuna-vereador-faz-reflexoes-sobre-a-politica-em-piracicaba\/#authorImage","url":"https:\/\/secure.gravatar.com\/avatar\/507340682b8270222e1f208e23198b6ae7e2c6a1033ae84e99bc6bce4f82a387?s=96&d=mm&r=g","width":96,"height":96,"caption":"Encontra Piracicaba"}},{"@type":"WebPage","@id":"https:\/\/www.encontrapiracicaba.com.br\/sobre\/na-tribuna-vereador-faz-reflexoes-sobre-a-politica-em-piracicaba\/#webpage","url":"https:\/\/www.encontrapiracicaba.com.br\/sobre\/na-tribuna-vereador-faz-reflexoes-sobre-a-politica-em-piracicaba\/","name":"Na tribuna, vereador faz reflex\u00f5es sobre a pol\u00edtica em Piracicaba | Encontra Piracicaba","inLanguage":"pt-BR","isPartOf":{"@id":"https:\/\/www.encontrapiracicaba.com.br\/sobre\/#website"},"breadcrumb":{"@id":"https:\/\/www.encontrapiracicaba.com.br\/sobre\/na-tribuna-vereador-faz-reflexoes-sobre-a-politica-em-piracicaba\/#breadcrumblist"},"author":{"@id":"https:\/\/www.encontrapiracicaba.com.br\/sobre\/author\/epiracicaba\/#author"},"creator":{"@id":"https:\/\/www.encontrapiracicaba.com.br\/sobre\/author\/epiracicaba\/#author"},"image":{"@type":"ImageObject","url":"https:\/\/www.encontrapiracicaba.com.br\/sobre\/wp-content\/uploads\/na-tribuna-vereador-faz-reflexoes-sobre-a-politica-em-piracicaba.webp","@id":"https:\/\/www.encontrapiracicaba.com.br\/sobre\/na-tribuna-vereador-faz-reflexoes-sobre-a-politica-em-piracicaba\/#mainImage","width":280,"height":280,"caption":"pol\u00edtica em Piracicaba"},"primaryImageOfPage":{"@id":"https:\/\/www.encontrapiracicaba.com.br\/sobre\/na-tribuna-vereador-faz-reflexoes-sobre-a-politica-em-piracicaba\/#mainImage"},"datePublished":"2026-08-05T01:39:09-03:00","dateModified":"2026-08-05T01:39:09-03:00"},{"@type":"WebSite","@id":"https:\/\/www.encontrapiracicaba.com.br\/sobre\/#website","url":"https:\/\/www.encontrapiracicaba.com.br\/sobre\/","name":"Encontra Piracicaba","description":"Not\u00edcias, eventos, informa\u00e7\u00f5es e dicas na cidade de Piracicaba e regi\u00e3o","inLanguage":"pt-BR","publisher":{"@id":"https:\/\/www.encontrapiracicaba.com.br\/sobre\/#organization"}}]},"og:locale":"pt_BR","og:site_name":"Encontra Piracicaba | Not\u00edcias, eventos, informa\u00e7\u00f5es e dicas na cidade de Piracicaba e regi\u00e3o","og:type":"article","og:title":"Na tribuna, vereador faz reflex\u00f5es sobre a pol\u00edtica em Piracicaba | Encontra Piracicaba","og:url":"https:\/\/www.encontrapiracicaba.com.br\/sobre\/na-tribuna-vereador-faz-reflexoes-sobre-a-politica-em-piracicaba\/","article:published_time":"2026-08-05T04:39:09+00:00","article:modified_time":"2026-08-05T04:39:09+00:00","twitter:card":"summary","twitter:title":"Na tribuna, vereador faz reflex\u00f5es sobre a pol\u00edtica em Piracicaba | Encontra Piracicaba"},"aioseo_meta_data":{"post_id":"5054","title":null,"description":null,"keywords":null,"keyphrases":null,"primary_term":null,"canonical_url":null,"og_title":null,"og_description":null,"og_object_type":"default","og_image_type":"default","og_image_url":null,"og_image_width":null,"og_image_height":null,"og_image_custom_url":null,"og_image_custom_fields":null,"og_video":null,"og_custom_url":null,"og_article_section":null,"og_article_tags":null,"twitter_use_og":false,"twitter_card":"default","twitter_image_type":"default","twitter_image_url":null,"twitter_image_custom_url":null,"twitter_image_custom_fields":null,"twitter_title":null,"twitter_description":null,"schema":{"blockGraphs":[],"customGraphs":[],"default":{"data":{"Article":[],"Course":[],"Dataset":[],"FAQPage":[],"Movie":[],"Person":[],"Product":[],"ProductReview":[],"Car":[],"Recipe":[],"Service":[],"SoftwareApplication":[],"WebPage":[]},"graphName":"Article","isEnabled":true},"graphs":[]},"schema_type":"default","schema_type_options":null,"pillar_content":false,"robots_default":true,"robots_noindex":false,"robots_noarchive":false,"robots_nosnippet":false,"robots_nofollow":false,"robots_noimageindex":false,"robots_noodp":false,"robots_notranslate":false,"robots_max_snippet":null,"robots_max_videopreview":null,"robots_max_imagepreview":"large","priority":null,"frequency":null,"local_seo":null,"breadcrumb_settings":null,"limit_modified_date":false,"ai":null,"created":"2026-08-05 04:39:09","updated":"2026-08-05 05:39:14","focus_keyword":null,"additional_keywords":null,"truseo_locale":null,"seo_analyzer_scan_date":null},"aioseo_breadcrumb":"<div class=\"aioseo-breadcrumbs\"><span class=\"aioseo-breadcrumb\">\n\t\t\t<a href=\"https:\/\/www.encontrapiracicaba.com.br\/sobre\" title=\"In\u00edcio\">In\u00edcio<\/a>\n\t\t<\/span><span class=\"aioseo-breadcrumb-separator\">&raquo;<\/span><span class=\"aioseo-breadcrumb\">\n\t\t\t<a href=\"https:\/\/www.encontrapiracicaba.com.br\/sobre\/noticias-em-piracicaba\/\" title=\"Not\u00edcias Piracicaba\">Not\u00edcias Piracicaba<\/a>\n\t\t<\/span><span class=\"aioseo-breadcrumb-separator\">&raquo;<\/span><span class=\"aioseo-breadcrumb\">\n\t\t\tNa tribuna, vereador faz reflex\u00f5es sobre a pol\u00edtica em Piracicaba\n\t\t<\/span><\/div>","aioseo_breadcrumb_json":[{"label":"In\u00edcio","link":"https:\/\/www.encontrapiracicaba.com.br\/sobre"},{"label":"Not\u00edcias Piracicaba","link":"https:\/\/www.encontrapiracicaba.com.br\/sobre\/noticias-em-piracicaba\/"},{"label":"Na tribuna, vereador faz reflex\u00f5es sobre a pol\u00edtica em Piracicaba","link":"https:\/\/www.encontrapiracicaba.com.br\/sobre\/na-tribuna-vereador-faz-reflexoes-sobre-a-politica-em-piracicaba\/"}],"_links":{"self":[{"href":"https:\/\/www.encontrapiracicaba.com.br\/sobre\/wp-json\/wp\/v2\/posts\/5054","targetHints":{"allow":["GET"]}}],"collection":[{"href":"https:\/\/www.encontrapiracicaba.com.br\/sobre\/wp-json\/wp\/v2\/posts"}],"about":[{"href":"https:\/\/www.encontrapiracicaba.com.br\/sobre\/wp-json\/wp\/v2\/types\/post"}],"author":[{"embeddable":true,"href":"https:\/\/www.encontrapiracicaba.com.br\/sobre\/wp-json\/wp\/v2\/users\/1"}],"replies":[{"embeddable":true,"href":"https:\/\/www.encontrapiracicaba.com.br\/sobre\/wp-json\/wp\/v2\/comments?post=5054"}],"version-history":[{"count":0,"href":"https:\/\/www.encontrapiracicaba.com.br\/sobre\/wp-json\/wp\/v2\/posts\/5054\/revisions"}],"wp:featuredmedia":[{"embeddable":true,"href":"https:\/\/www.encontrapiracicaba.com.br\/sobre\/wp-json\/wp\/v2\/media\/5053"}],"wp:attachment":[{"href":"https:\/\/www.encontrapiracicaba.com.br\/sobre\/wp-json\/wp\/v2\/media?parent=5054"}],"wp:term":[{"taxonomy":"category","embeddable":true,"href":"https:\/\/www.encontrapiracicaba.com.br\/sobre\/wp-json\/wp\/v2\/categories?post=5054"},{"taxonomy":"post_tag","embeddable":true,"href":"https:\/\/www.encontrapiracicaba.com.br\/sobre\/wp-json\/wp\/v2\/tags?post=5054"}],"curies":[{"name":"wp","href":"https:\/\/api.w.org\/{rel}","templated":true}]}}