{"id":5100,"date":"2026-08-12T06:11:15","date_gmt":"2026-08-12T09:11:15","guid":{"rendered":"https:\/\/www.encontrapiracicaba.com.br\/sobre\/solenidade-marca-o-aniversario-de-204-anos-da-camara-municipal-de-piracicaba\/"},"modified":"2026-08-12T06:11:15","modified_gmt":"2026-08-12T09:11:15","slug":"solenidade-marca-o-aniversario-de-204-anos-da-camara-municipal-de-piracicaba","status":"publish","type":"post","link":"https:\/\/www.encontrapiracicaba.com.br\/sobre\/solenidade-marca-o-aniversario-de-204-anos-da-camara-municipal-de-piracicaba\/","title":{"rendered":"Solenidade marca o anivers\u00e1rio de 204 anos da C\u00e2mara Municipal de Piracicaba"},"content":{"rendered":"<div class=\"85df007ed5c0c4d4b453fd13a37855e8\" data-index=\"1\" style=\"float: none; margin:0px;\">\n<!-- Anuncio display - global -->\r\n<ins class=\"adsbygoogle\"\r\n     style=\"display:block\"\r\n     data-ad-client=\"ca-pub-8585364105181520\"\r\n     data-ad-slot=\"8789329856\"\r\n     data-ad-format=\"auto\"\r\n     data-full-width-responsive=\"true\"><\/ins>\r\n<script>\r\n     (adsbygoogle = window.adsbygoogle || []).push({});\r\n<\/script>\n<\/div>\n<h2>A Hist\u00f3ria da C\u00e2mara Municipal de Piracicaba<\/h2>\n<p>A C\u00e2mara Municipal de Piracicaba \u00e9 uma das institui\u00e7\u00f5es legislativas mais antigas do Brasil, com sua origem remontando a 11 de agosto de 1822. Desde ent\u00e3o, este \u00f3rg\u00e3o tem exercido um papel fundamental na governan\u00e7a da cidade. Sua instala\u00e7\u00e3o foi um marco importante na forma\u00e7\u00e3o pol\u00edtica e social da regi\u00e3o, refletindo o desenvolvimento da cidade ao longo dos anos.<\/p>\n<p>Nesses 204 anos, a C\u00e2mara passou por diversas transforma\u00e7\u00f5es, adaptando-se \u00e0s novas demandas sociais e pol\u00edticas. Inicialmente, a C\u00e2mara Municipal de Piracicaba tinha como principal fun\u00e7\u00e3o legislar sobre quest\u00f5es locais, mas, com o passar do tempo, sua atua\u00e7\u00e3o se expandiu para incluir a fiscaliza\u00e7\u00e3o do Executivo e a promo\u00e7\u00e3o de pol\u00edticas p\u00fablicas que visam o bem-estar da popula\u00e7\u00e3o.<\/p>\n<h2>O que \u00e9 o T\u00edtulo de Destaque Legislativo?<\/h2>\n<p>O T\u00edtulo de Destaque Legislativo \u00e9 uma honraria concedida pela C\u00e2mara Municipal de Piracicaba a pessoas, empresas ou institui\u00e7\u00f5es que se destacam em suas contribui\u00e7\u00f5es \u00e0 sociedade. Esta cerim\u00f4nia de reconhecimento busca valorizar aqueles que, com seu empenho e dedica\u00e7\u00e3o, fazem a diferen\u00e7a na vida da comunidade.<\/p>\n<p><img decoding=\"async\" src=\"https:\/\/www.encontrapiracicaba.com.br\/sobre\/wp-content\/uploads\/solenidade-marca-o-aniversario-de-204-anos-da-camara-municipal-de-piracicaba.webp\" alt=\"C\u00e2mara Municipal de Piracicaba\" loading=\"lazy\" \/><\/p>\n<p>Esse t\u00edtulo \u00e9 uma forma de celebrar as realiza\u00e7\u00f5es e o impacto positivo que essas personalidades causam, destacando a import\u00e2ncia da colabora\u00e7\u00e3o entre o poder p\u00fablico e a sociedade civil. Durante a solenidade que comemora o anivers\u00e1rio da C\u00e2mara, \u00e9 comum que v\u00e1rias homenagens sejam feitas, representando um tributo ao legado deixado por esses indiv\u00edduos.<\/p>\n<h2>Homenagens a Personalidades Locais<\/h2>\n<p>Na noite de celebra\u00e7\u00e3o dos 204 anos da C\u00e2mara, v\u00e1rias personalidades locais foram homenageadas com o T\u00edtulo de Destaque Legislativo. Essas homenagens reconheceram esfor\u00e7os em diversas \u00e1reas, como educa\u00e7\u00e3o, cultura, assist\u00eancia social e empreendedorismo. Ao longo da hist\u00f3ria, a C\u00e2mara sempre buscou valorizar aqueles que contribu\u00edram significativamente para o desenvolvimento de Piracicaba.<\/p>\n<p>Entre os homenageados, foram escolhidos indiv\u00edduos e coletivos que se destacam pelo seu compromisso com a cidade. O evento \u00e9 uma oportunidade para unir a comunidade, incentivando o envolvimento c\u00edvico e a valoriza\u00e7\u00e3o do trabalho local.<\/p>\n<h2>Eventos Culturais Durante a Comemora\u00e7\u00e3o<\/h2>\n<p>As celebra\u00e7\u00f5es de anivers\u00e1rio da C\u00e2mara Municipal de Piracicaba s\u00e3o marcadas por uma rica programa\u00e7\u00e3o cultural. Na solenidade de 204 anos, o evento contou com apresenta\u00e7\u00f5es do Coral Tremendas Vozes, que encantou o p\u00fablico com can\u00e7\u00f5es emblem\u00e1ticas, al\u00e9m da participa\u00e7\u00e3o do Quarteto de Cordas da Orquestra Sinf\u00f4nica de Piracicaba.<\/p>\n<p>Essas apresenta\u00e7\u00f5es n\u00e3o apenas animam a cerim\u00f4nia, mas tamb\u00e9m refletem a riqueza cultural da cidade. A mistura de homenagens com entretenimento ajuda a enfatizar a import\u00e2ncia das artes na constru\u00e7\u00e3o da identidade piracicabana.<\/p>\n<h2>Reflex\u00f5es sobre os 204 anos da C\u00e2mara<\/h2>\n<p>Comemorar 204 anos de hist\u00f3ria \u00e9 um momento de reflex\u00e3o sobre os desafios e conquistas da C\u00e2mara Municipal de Piracicaba. Os vereadores que comp\u00f5em a Casa t\u00eam a responsabilidade de representar a vontade do povo e de agir em prol do progresso da cidade.<\/p>\n<p>Esse marco hist\u00f3rico \u00e9 tamb\u00e9m uma oportunidade de reavaliar as a\u00e7\u00f5es j\u00e1 realizadas e planejar novos projetos que atendam \u00e0s necessidades da popula\u00e7\u00e3o. A capacidade de adapta\u00e7\u00e3o \u00e0 din\u00e2mica social e pol\u00edtica \u00e9 fundamental para manter a relev\u00e2ncia da C\u00e2mara nas pr\u00f3ximas d\u00e9cadas.<\/p>\n<h2>A Import\u00e2ncia da C\u00e2mara na Sociedade<\/h2>\n<p>Al\u00e9m de legislar e fiscalizar, a C\u00e2mara Municipal de Piracicaba desempenha um papel vital no di\u00e1logo entre a popula\u00e7\u00e3o e o governo. Essa comunica\u00e7\u00e3o \u00e9 essencial para que as demandas dos cidad\u00e3os sejam levadas em considera\u00e7\u00e3o na administra\u00e7\u00e3o p\u00fablica.<\/p>\n<p>Atrav\u00e9s dos programas de inclus\u00e3o e dos servi\u00e7os prestados, a C\u00e2mara mostra que est\u00e1 atenta \u00e0s necessidades da comunidade. O trabalho dos vereadores \u00e9, assim, um reflexo das aspira\u00e7\u00f5es e anseios da popula\u00e7\u00e3o, fortalecendo a democracia local.<\/p>\n<h2>Depoimentos dos Homenageados<\/h2>\n<p>Os homenageados durante a solenidade expressaram seu agradecimento e honra em receber o T\u00edtulo de Destaque Legislativo. Muitos deles relataram a import\u00e2ncia de serem reconhecidos por suas a\u00e7\u00f5es, o que os motiva ainda mais a continuar contribuindo para a sociedade.<\/p>\n<p>Esses depoimentos s\u00e3o um lembrete do impacto que o trabalho de cada um pode ter na vida da comunidade, ressaltando a relev\u00e2ncia da colabora\u00e7\u00e3o e do apoio m\u00fatuo entre os cidad\u00e3os e o poder p\u00fablico.<\/p>\n<h2>Como a C\u00e2mara Contribui para Piracicaba<\/h2>\n<p>A C\u00e2mara Municipal \u00e9 um agente fundamental na promo\u00e7\u00e3o do desenvolvimento sustent\u00e1vel de Piracicaba. Por meio da elabora\u00e7\u00e3o de leis e fiscaliza\u00e7\u00e3o de a\u00e7\u00f5es do governo, a C\u00e2mara busca garantir que as pol\u00edticas p\u00fablicas sejam eficientes e justas.<\/p>\n<p>Al\u00e9m disso, a Casa atua em conjunto com diversas institui\u00e7\u00f5es locais, promovendo iniciativas que visam ao bem-estar coletivo, como programas de sa\u00fade, educa\u00e7\u00e3o e seguran\u00e7a. A atua\u00e7\u00e3o da C\u00e2mara \u00e9, portanto, essencial para a constru\u00e7\u00e3o de uma cidade melhor para todos os piracicabanos.<\/p>\n<h2>Expectativas para os Pr\u00f3ximos Anos<\/h2>\n<p>Olhando para o futuro, as expectativas para a atua\u00e7\u00e3o da C\u00e2mara Municipal de Piracicaba s\u00e3o positivas. Com a experi\u00eancia acumulada ao longo de mais de dois s\u00e9culos, os vereadores t\u00eam a capacidade de inovar e se adaptar \u00e0s novas realidades sociais.<\/p>\n<p>As futuras gest\u00f5es devem buscar um maior engajamento da popula\u00e7\u00e3o nas quest\u00f5es legislativas, promovendo di\u00e1logos constantes entre representantes e cidad\u00e3os. Isso permitir\u00e1 que a C\u00e2mara se mantenha sintonizada com os anseios da comunidade e possa avan\u00e7ar ainda mais em sua miss\u00e3o.<\/p>\n<h2>Celebra\u00e7\u00f5es Futuras na C\u00e2mara Municipal<\/h2>\n<p>As comemora\u00e7\u00f5es do anivers\u00e1rio da C\u00e2mara s\u00e3o apenas uma entre muitas atividades que ocorrer\u00e3o ao longo do ano. Eventos, audi\u00eancias p\u00fablicas e iniciativas de participa\u00e7\u00e3o da comunidade devem seguir a proposta de manter a C\u00e2mara pr\u00f3xima dos cidad\u00e3os.<\/p>\n<p>As futuras celebra\u00e7\u00f5es tamb\u00e9m poder\u00e3o incluir mais hist\u00f3rias e conquistas de piracicabanos, fortalecendo o sentimento de pertencimento e a identifica\u00e7\u00e3o dos moradores com a cidade. Ao celebrar a hist\u00f3ria e a cultura local, a C\u00e2mara reafirma seu compromisso com a cidadania e o desenvolvimento social.<\/p>\n\n<div style=\"font-size: 0px; height: 0px; line-height: 0px; margin: 0; padding: 0; clear: both;\"><\/div>","protected":false},"excerpt":{"rendered":"<p>C\u00e2mara Municipal de Piracicaba celebra 204 anos e realiza homenagens especiais.<\/p>\n","protected":false},"author":1,"featured_media":5099,"comment_status":"closed","ping_status":"closed","sticky":false,"template":"","format":"standard","meta":{"footnotes":""},"categories":[6],"tags":[],"class_list":["post-5100","post","type-post","status-publish","format-standard","has-post-thumbnail","hentry","category-noticias-em-piracicaba","has_thumb"],"aioseo_notices":[],"aioseo_head":"\n\t\t<!-- All in One SEO 5.0.0.1 - aioseo.com -->\n\t<meta name=\"robots\" content=\"max-image-preview:large\" \/>\n\t<meta name=\"author\" content=\"Encontra Piracicaba\"\/>\n\t<link rel=\"canonical\" href=\"https:\/\/www.encontrapiracicaba.com.br\/sobre\/solenidade-marca-o-aniversario-de-204-anos-da-camara-municipal-de-piracicaba\/\" \/>\n\t<meta name=\"generator\" content=\"All in One SEO (AIOSEO) 5.0.0.1\" \/>\n\t\t<meta property=\"og:locale\" content=\"pt_BR\" \/>\n\t\t<meta property=\"og:site_name\" content=\"Encontra Piracicaba | Not\u00edcias, eventos, informa\u00e7\u00f5es e dicas na cidade de Piracicaba e regi\u00e3o\" \/>\n\t\t<meta property=\"og:type\" content=\"article\" \/>\n\t\t<meta property=\"og:title\" content=\"Solenidade marca o anivers\u00e1rio de 204 anos da C\u00e2mara Municipal de Piracicaba | Encontra Piracicaba\" \/>\n\t\t<meta property=\"og:url\" content=\"https:\/\/www.encontrapiracicaba.com.br\/sobre\/solenidade-marca-o-aniversario-de-204-anos-da-camara-municipal-de-piracicaba\/\" \/>\n\t\t<meta property=\"article:published_time\" content=\"2026-08-12T09:11:15+00:00\" \/>\n\t\t<meta property=\"article:modified_time\" content=\"2026-08-12T09:11:15+00:00\" \/>\n\t\t<meta name=\"twitter:card\" content=\"summary\" \/>\n\t\t<meta name=\"twitter:title\" content=\"Solenidade marca o anivers\u00e1rio de 204 anos da C\u00e2mara Municipal de Piracicaba | Encontra Piracicaba\" \/>\n\t\t<script type=\"application\/ld+json\" class=\"aioseo-schema\">\n\t\t\t{\"@context\":\"https:\\\/\\\/schema.org\",\"@graph\":[{\"@type\":\"Article\",\"@id\":\"https:\\\/\\\/www.encontrapiracicaba.com.br\\\/sobre\\\/solenidade-marca-o-aniversario-de-204-anos-da-camara-municipal-de-piracicaba\\\/#article\",\"name\":\"Solenidade marca o anivers\\u00e1rio de 204 anos da C\\u00e2mara Municipal de Piracicaba | Encontra Piracicaba\",\"headline\":\"Solenidade marca o anivers\\u00e1rio de 204 anos da C\\u00e2mara Municipal de Piracicaba\",\"author\":{\"@id\":\"https:\\\/\\\/www.encontrapiracicaba.com.br\\\/sobre\\\/author\\\/epiracicaba\\\/#author\"},\"publisher\":{\"@id\":\"https:\\\/\\\/www.encontrapiracicaba.com.br\\\/sobre\\\/#organization\"},\"image\":{\"@type\":\"ImageObject\",\"url\":\"https:\\\/\\\/www.encontrapiracicaba.com.br\\\/sobre\\\/wp-content\\\/uploads\\\/solenidade-marca-o-aniversario-de-204-anos-da-camara-municipal-de-piracicaba.webp\",\"width\":280,\"height\":280,\"caption\":\"C\\u00e2mara Municipal de Piracicaba\"},\"datePublished\":\"2026-08-12T06:11:15-03:00\",\"dateModified\":\"2026-08-12T06:11:15-03:00\",\"inLanguage\":\"pt-BR\",\"mainEntityOfPage\":{\"@id\":\"https:\\\/\\\/www.encontrapiracicaba.com.br\\\/sobre\\\/solenidade-marca-o-aniversario-de-204-anos-da-camara-municipal-de-piracicaba\\\/#webpage\"},\"isPartOf\":{\"@id\":\"https:\\\/\\\/www.encontrapiracicaba.com.br\\\/sobre\\\/solenidade-marca-o-aniversario-de-204-anos-da-camara-municipal-de-piracicaba\\\/#webpage\"},\"articleSection\":\"Not\\u00edcias Piracicaba\"},{\"@type\":\"BreadcrumbList\",\"@id\":\"https:\\\/\\\/www.encontrapiracicaba.com.br\\\/sobre\\\/solenidade-marca-o-aniversario-de-204-anos-da-camara-municipal-de-piracicaba\\\/#breadcrumblist\",\"itemListElement\":[{\"@type\":\"ListItem\",\"@id\":\"https:\\\/\\\/www.encontrapiracicaba.com.br\\\/sobre#listItem\",\"position\":1,\"name\":\"In\\u00edcio\",\"item\":\"https:\\\/\\\/www.encontrapiracicaba.com.br\\\/sobre\",\"nextItem\":{\"@type\":\"ListItem\",\"@id\":\"https:\\\/\\\/www.encontrapiracicaba.com.br\\\/sobre\\\/noticias-em-piracicaba\\\/#listItem\",\"name\":\"Not\\u00edcias Piracicaba\"}},{\"@type\":\"ListItem\",\"@id\":\"https:\\\/\\\/www.encontrapiracicaba.com.br\\\/sobre\\\/noticias-em-piracicaba\\\/#listItem\",\"position\":2,\"name\":\"Not\\u00edcias Piracicaba\",\"item\":\"https:\\\/\\\/www.encontrapiracicaba.com.br\\\/sobre\\\/noticias-em-piracicaba\\\/\",\"nextItem\":{\"@type\":\"ListItem\",\"@id\":\"https:\\\/\\\/www.encontrapiracicaba.com.br\\\/sobre\\\/solenidade-marca-o-aniversario-de-204-anos-da-camara-municipal-de-piracicaba\\\/#listItem\",\"name\":\"Solenidade marca o anivers\\u00e1rio de 204 anos da C\\u00e2mara Municipal de Piracicaba\"},\"previousItem\":{\"@type\":\"ListItem\",\"@id\":\"https:\\\/\\\/www.encontrapiracicaba.com.br\\\/sobre#listItem\",\"name\":\"In\\u00edcio\"}},{\"@type\":\"ListItem\",\"@id\":\"https:\\\/\\\/www.encontrapiracicaba.com.br\\\/sobre\\\/solenidade-marca-o-aniversario-de-204-anos-da-camara-municipal-de-piracicaba\\\/#listItem\",\"position\":3,\"name\":\"Solenidade marca o anivers\\u00e1rio de 204 anos da C\\u00e2mara Municipal de Piracicaba\",\"previousItem\":{\"@type\":\"ListItem\",\"@id\":\"https:\\\/\\\/www.encontrapiracicaba.com.br\\\/sobre\\\/noticias-em-piracicaba\\\/#listItem\",\"name\":\"Not\\u00edcias Piracicaba\"}}]},{\"@type\":\"Organization\",\"@id\":\"https:\\\/\\\/www.encontrapiracicaba.com.br\\\/sobre\\\/#organization\",\"name\":\"Encontra Piracicaba\",\"description\":\"Not\\u00edcias, eventos, informa\\u00e7\\u00f5es e dicas na cidade de Piracicaba e regi\\u00e3o\",\"url\":\"https:\\\/\\\/www.encontrapiracicaba.com.br\\\/sobre\\\/\"},{\"@type\":\"Person\",\"@id\":\"https:\\\/\\\/www.encontrapiracicaba.com.br\\\/sobre\\\/author\\\/epiracicaba\\\/#author\",\"url\":\"https:\\\/\\\/www.encontrapiracicaba.com.br\\\/sobre\\\/author\\\/epiracicaba\\\/\",\"name\":\"Encontra Piracicaba\",\"image\":{\"@type\":\"ImageObject\",\"@id\":\"https:\\\/\\\/www.encontrapiracicaba.com.br\\\/sobre\\\/solenidade-marca-o-aniversario-de-204-anos-da-camara-municipal-de-piracicaba\\\/#authorImage\",\"url\":\"https:\\\/\\\/secure.gravatar.com\\\/avatar\\\/507340682b8270222e1f208e23198b6ae7e2c6a1033ae84e99bc6bce4f82a387?s=96&d=mm&r=g\",\"width\":96,\"height\":96,\"caption\":\"Encontra Piracicaba\"}},{\"@type\":\"WebPage\",\"@id\":\"https:\\\/\\\/www.encontrapiracicaba.com.br\\\/sobre\\\/solenidade-marca-o-aniversario-de-204-anos-da-camara-municipal-de-piracicaba\\\/#webpage\",\"url\":\"https:\\\/\\\/www.encontrapiracicaba.com.br\\\/sobre\\\/solenidade-marca-o-aniversario-de-204-anos-da-camara-municipal-de-piracicaba\\\/\",\"name\":\"Solenidade marca o anivers\\u00e1rio de 204 anos da C\\u00e2mara Municipal de Piracicaba | Encontra Piracicaba\",\"inLanguage\":\"pt-BR\",\"isPartOf\":{\"@id\":\"https:\\\/\\\/www.encontrapiracicaba.com.br\\\/sobre\\\/#website\"},\"breadcrumb\":{\"@id\":\"https:\\\/\\\/www.encontrapiracicaba.com.br\\\/sobre\\\/solenidade-marca-o-aniversario-de-204-anos-da-camara-municipal-de-piracicaba\\\/#breadcrumblist\"},\"author\":{\"@id\":\"https:\\\/\\\/www.encontrapiracicaba.com.br\\\/sobre\\\/author\\\/epiracicaba\\\/#author\"},\"creator\":{\"@id\":\"https:\\\/\\\/www.encontrapiracicaba.com.br\\\/sobre\\\/author\\\/epiracicaba\\\/#author\"},\"image\":{\"@type\":\"ImageObject\",\"url\":\"https:\\\/\\\/www.encontrapiracicaba.com.br\\\/sobre\\\/wp-content\\\/uploads\\\/solenidade-marca-o-aniversario-de-204-anos-da-camara-municipal-de-piracicaba.webp\",\"@id\":\"https:\\\/\\\/www.encontrapiracicaba.com.br\\\/sobre\\\/solenidade-marca-o-aniversario-de-204-anos-da-camara-municipal-de-piracicaba\\\/#mainImage\",\"width\":280,\"height\":280,\"caption\":\"C\\u00e2mara Municipal de Piracicaba\"},\"primaryImageOfPage\":{\"@id\":\"https:\\\/\\\/www.encontrapiracicaba.com.br\\\/sobre\\\/solenidade-marca-o-aniversario-de-204-anos-da-camara-municipal-de-piracicaba\\\/#mainImage\"},\"datePublished\":\"2026-08-12T06:11:15-03:00\",\"dateModified\":\"2026-08-12T06:11:15-03:00\"},{\"@type\":\"WebSite\",\"@id\":\"https:\\\/\\\/www.encontrapiracicaba.com.br\\\/sobre\\\/#website\",\"url\":\"https:\\\/\\\/www.encontrapiracicaba.com.br\\\/sobre\\\/\",\"name\":\"Encontra Piracicaba\",\"description\":\"Not\\u00edcias, eventos, informa\\u00e7\\u00f5es e dicas na cidade de Piracicaba e regi\\u00e3o\",\"inLanguage\":\"pt-BR\",\"publisher\":{\"@id\":\"https:\\\/\\\/www.encontrapiracicaba.com.br\\\/sobre\\\/#organization\"}}]}\n\t\t<\/script>\n\t\t<!-- All in One SEO -->\n\n","aioseo_head_json":{"title":"Solenidade marca o anivers\u00e1rio de 204 anos da C\u00e2mara Municipal de Piracicaba | Encontra Piracicaba","description":"","canonical_url":"https:\/\/www.encontrapiracicaba.com.br\/sobre\/solenidade-marca-o-aniversario-de-204-anos-da-camara-municipal-de-piracicaba\/","robots":"max-image-preview:large","keywords":"","webmasterTools":{"miscellaneous":""},"schema":{"@context":"https:\/\/schema.org","@graph":[{"@type":"Article","@id":"https:\/\/www.encontrapiracicaba.com.br\/sobre\/solenidade-marca-o-aniversario-de-204-anos-da-camara-municipal-de-piracicaba\/#article","name":"Solenidade marca o anivers\u00e1rio de 204 anos da C\u00e2mara Municipal de Piracicaba | Encontra Piracicaba","headline":"Solenidade marca o anivers\u00e1rio de 204 anos da C\u00e2mara Municipal de Piracicaba","author":{"@id":"https:\/\/www.encontrapiracicaba.com.br\/sobre\/author\/epiracicaba\/#author"},"publisher":{"@id":"https:\/\/www.encontrapiracicaba.com.br\/sobre\/#organization"},"image":{"@type":"ImageObject","url":"https:\/\/www.encontrapiracicaba.com.br\/sobre\/wp-content\/uploads\/solenidade-marca-o-aniversario-de-204-anos-da-camara-municipal-de-piracicaba.webp","width":280,"height":280,"caption":"C\u00e2mara Municipal de Piracicaba"},"datePublished":"2026-08-12T06:11:15-03:00","dateModified":"2026-08-12T06:11:15-03:00","inLanguage":"pt-BR","mainEntityOfPage":{"@id":"https:\/\/www.encontrapiracicaba.com.br\/sobre\/solenidade-marca-o-aniversario-de-204-anos-da-camara-municipal-de-piracicaba\/#webpage"},"isPartOf":{"@id":"https:\/\/www.encontrapiracicaba.com.br\/sobre\/solenidade-marca-o-aniversario-de-204-anos-da-camara-municipal-de-piracicaba\/#webpage"},"articleSection":"Not\u00edcias Piracicaba"},{"@type":"BreadcrumbList","@id":"https:\/\/www.encontrapiracicaba.com.br\/sobre\/solenidade-marca-o-aniversario-de-204-anos-da-camara-municipal-de-piracicaba\/#breadcrumblist","itemListElement":[{"@type":"ListItem","@id":"https:\/\/www.encontrapiracicaba.com.br\/sobre#listItem","position":1,"name":"In\u00edcio","item":"https:\/\/www.encontrapiracicaba.com.br\/sobre","nextItem":{"@type":"ListItem","@id":"https:\/\/www.encontrapiracicaba.com.br\/sobre\/noticias-em-piracicaba\/#listItem","name":"Not\u00edcias Piracicaba"}},{"@type":"ListItem","@id":"https:\/\/www.encontrapiracicaba.com.br\/sobre\/noticias-em-piracicaba\/#listItem","position":2,"name":"Not\u00edcias Piracicaba","item":"https:\/\/www.encontrapiracicaba.com.br\/sobre\/noticias-em-piracicaba\/","nextItem":{"@type":"ListItem","@id":"https:\/\/www.encontrapiracicaba.com.br\/sobre\/solenidade-marca-o-aniversario-de-204-anos-da-camara-municipal-de-piracicaba\/#listItem","name":"Solenidade marca o anivers\u00e1rio de 204 anos da C\u00e2mara Municipal de Piracicaba"},"previousItem":{"@type":"ListItem","@id":"https:\/\/www.encontrapiracicaba.com.br\/sobre#listItem","name":"In\u00edcio"}},{"@type":"ListItem","@id":"https:\/\/www.encontrapiracicaba.com.br\/sobre\/solenidade-marca-o-aniversario-de-204-anos-da-camara-municipal-de-piracicaba\/#listItem","position":3,"name":"Solenidade marca o anivers\u00e1rio de 204 anos da C\u00e2mara Municipal de Piracicaba","previousItem":{"@type":"ListItem","@id":"https:\/\/www.encontrapiracicaba.com.br\/sobre\/noticias-em-piracicaba\/#listItem","name":"Not\u00edcias Piracicaba"}}]},{"@type":"Organization","@id":"https:\/\/www.encontrapiracicaba.com.br\/sobre\/#organization","name":"Encontra Piracicaba","description":"Not\u00edcias, eventos, informa\u00e7\u00f5es e dicas na cidade de Piracicaba e regi\u00e3o","url":"https:\/\/www.encontrapiracicaba.com.br\/sobre\/"},{"@type":"Person","@id":"https:\/\/www.encontrapiracicaba.com.br\/sobre\/author\/epiracicaba\/#author","url":"https:\/\/www.encontrapiracicaba.com.br\/sobre\/author\/epiracicaba\/","name":"Encontra Piracicaba","image":{"@type":"ImageObject","@id":"https:\/\/www.encontrapiracicaba.com.br\/sobre\/solenidade-marca-o-aniversario-de-204-anos-da-camara-municipal-de-piracicaba\/#authorImage","url":"https:\/\/secure.gravatar.com\/avatar\/507340682b8270222e1f208e23198b6ae7e2c6a1033ae84e99bc6bce4f82a387?s=96&d=mm&r=g","width":96,"height":96,"caption":"Encontra Piracicaba"}},{"@type":"WebPage","@id":"https:\/\/www.encontrapiracicaba.com.br\/sobre\/solenidade-marca-o-aniversario-de-204-anos-da-camara-municipal-de-piracicaba\/#webpage","url":"https:\/\/www.encontrapiracicaba.com.br\/sobre\/solenidade-marca-o-aniversario-de-204-anos-da-camara-municipal-de-piracicaba\/","name":"Solenidade marca o anivers\u00e1rio de 204 anos da C\u00e2mara Municipal de Piracicaba | Encontra Piracicaba","inLanguage":"pt-BR","isPartOf":{"@id":"https:\/\/www.encontrapiracicaba.com.br\/sobre\/#website"},"breadcrumb":{"@id":"https:\/\/www.encontrapiracicaba.com.br\/sobre\/solenidade-marca-o-aniversario-de-204-anos-da-camara-municipal-de-piracicaba\/#breadcrumblist"},"author":{"@id":"https:\/\/www.encontrapiracicaba.com.br\/sobre\/author\/epiracicaba\/#author"},"creator":{"@id":"https:\/\/www.encontrapiracicaba.com.br\/sobre\/author\/epiracicaba\/#author"},"image":{"@type":"ImageObject","url":"https:\/\/www.encontrapiracicaba.com.br\/sobre\/wp-content\/uploads\/solenidade-marca-o-aniversario-de-204-anos-da-camara-municipal-de-piracicaba.webp","@id":"https:\/\/www.encontrapiracicaba.com.br\/sobre\/solenidade-marca-o-aniversario-de-204-anos-da-camara-municipal-de-piracicaba\/#mainImage","width":280,"height":280,"caption":"C\u00e2mara Municipal de Piracicaba"},"primaryImageOfPage":{"@id":"https:\/\/www.encontrapiracicaba.com.br\/sobre\/solenidade-marca-o-aniversario-de-204-anos-da-camara-municipal-de-piracicaba\/#mainImage"},"datePublished":"2026-08-12T06:11:15-03:00","dateModified":"2026-08-12T06:11:15-03:00"},{"@type":"WebSite","@id":"https:\/\/www.encontrapiracicaba.com.br\/sobre\/#website","url":"https:\/\/www.encontrapiracicaba.com.br\/sobre\/","name":"Encontra Piracicaba","description":"Not\u00edcias, eventos, informa\u00e7\u00f5es e dicas na cidade de Piracicaba e regi\u00e3o","inLanguage":"pt-BR","publisher":{"@id":"https:\/\/www.encontrapiracicaba.com.br\/sobre\/#organization"}}]},"og:locale":"pt_BR","og:site_name":"Encontra Piracicaba | Not\u00edcias, eventos, informa\u00e7\u00f5es e dicas na cidade de Piracicaba e regi\u00e3o","og:type":"article","og:title":"Solenidade marca o anivers\u00e1rio de 204 anos da C\u00e2mara Municipal de Piracicaba | Encontra Piracicaba","og:url":"https:\/\/www.encontrapiracicaba.com.br\/sobre\/solenidade-marca-o-aniversario-de-204-anos-da-camara-municipal-de-piracicaba\/","article:published_time":"2026-08-12T09:11:15+00:00","article:modified_time":"2026-08-12T09:11:15+00:00","twitter:card":"summary","twitter:title":"Solenidade marca o anivers\u00e1rio de 204 anos da C\u00e2mara Municipal de Piracicaba | Encontra Piracicaba"},"aioseo_meta_data":{"post_id":"5100","title":null,"description":null,"keywords":null,"keyphrases":null,"primary_term":null,"canonical_url":null,"og_title":null,"og_description":null,"og_object_type":"default","og_image_type":"default","og_image_url":null,"og_image_width":null,"og_image_height":null,"og_image_custom_url":null,"og_image_custom_fields":null,"og_video":null,"og_custom_url":null,"og_article_section":null,"og_article_tags":null,"twitter_use_og":false,"twitter_card":"default","twitter_image_type":"default","twitter_image_url":null,"twitter_image_custom_url":null,"twitter_image_custom_fields":null,"twitter_title":null,"twitter_description":null,"schema":{"blockGraphs":[],"customGraphs":[],"default":{"data":{"Article":[],"Course":[],"Dataset":[],"FAQPage":[],"Movie":[],"Person":[],"Product":[],"ProductReview":[],"Car":[],"Recipe":[],"Service":[],"SoftwareApplication":[],"WebPage":[]},"graphName":"Article","isEnabled":true},"graphs":[]},"schema_type":"default","schema_type_options":null,"pillar_content":false,"robots_default":true,"robots_noindex":false,"robots_noarchive":false,"robots_nosnippet":false,"robots_nofollow":false,"robots_noimageindex":false,"robots_noodp":false,"robots_notranslate":false,"robots_max_snippet":null,"robots_max_videopreview":null,"robots_max_imagepreview":"large","priority":null,"frequency":null,"local_seo":null,"breadcrumb_settings":null,"limit_modified_date":false,"ai":null,"created":"2026-08-12 09:11:16","updated":"2026-08-12 09:47:18","focus_keyword":null,"additional_keywords":null,"truseo_locale":null,"seo_analyzer_scan_date":null},"aioseo_breadcrumb":"<div class=\"aioseo-breadcrumbs\"><span class=\"aioseo-breadcrumb\">\n\t\t\t<a href=\"https:\/\/www.encontrapiracicaba.com.br\/sobre\" title=\"In\u00edcio\">In\u00edcio<\/a>\n\t\t<\/span><span class=\"aioseo-breadcrumb-separator\">&raquo;<\/span><span class=\"aioseo-breadcrumb\">\n\t\t\t<a href=\"https:\/\/www.encontrapiracicaba.com.br\/sobre\/noticias-em-piracicaba\/\" title=\"Not\u00edcias Piracicaba\">Not\u00edcias Piracicaba<\/a>\n\t\t<\/span><span class=\"aioseo-breadcrumb-separator\">&raquo;<\/span><span class=\"aioseo-breadcrumb\">\n\t\t\tSolenidade marca o anivers\u00e1rio de 204 anos da C\u00e2mara Municipal de Piracicaba\n\t\t<\/span><\/div>","aioseo_breadcrumb_json":[{"label":"In\u00edcio","link":"https:\/\/www.encontrapiracicaba.com.br\/sobre"},{"label":"Not\u00edcias Piracicaba","link":"https:\/\/www.encontrapiracicaba.com.br\/sobre\/noticias-em-piracicaba\/"},{"label":"Solenidade marca o anivers\u00e1rio de 204 anos da C\u00e2mara Municipal de Piracicaba","link":"https:\/\/www.encontrapiracicaba.com.br\/sobre\/solenidade-marca-o-aniversario-de-204-anos-da-camara-municipal-de-piracicaba\/"}],"_links":{"self":[{"href":"https:\/\/www.encontrapiracicaba.com.br\/sobre\/wp-json\/wp\/v2\/posts\/5100","targetHints":{"allow":["GET"]}}],"collection":[{"href":"https:\/\/www.encontrapiracicaba.com.br\/sobre\/wp-json\/wp\/v2\/posts"}],"about":[{"href":"https:\/\/www.encontrapiracicaba.com.br\/sobre\/wp-json\/wp\/v2\/types\/post"}],"author":[{"embeddable":true,"href":"https:\/\/www.encontrapiracicaba.com.br\/sobre\/wp-json\/wp\/v2\/users\/1"}],"replies":[{"embeddable":true,"href":"https:\/\/www.encontrapiracicaba.com.br\/sobre\/wp-json\/wp\/v2\/comments?post=5100"}],"version-history":[{"count":0,"href":"https:\/\/www.encontrapiracicaba.com.br\/sobre\/wp-json\/wp\/v2\/posts\/5100\/revisions"}],"wp:featuredmedia":[{"embeddable":true,"href":"https:\/\/www.encontrapiracicaba.com.br\/sobre\/wp-json\/wp\/v2\/media\/5099"}],"wp:attachment":[{"href":"https:\/\/www.encontrapiracicaba.com.br\/sobre\/wp-json\/wp\/v2\/media?parent=5100"}],"wp:term":[{"taxonomy":"category","embeddable":true,"href":"https:\/\/www.encontrapiracicaba.com.br\/sobre\/wp-json\/wp\/v2\/categories?post=5100"},{"taxonomy":"post_tag","embeddable":true,"href":"https:\/\/www.encontrapiracicaba.com.br\/sobre\/wp-json\/wp\/v2\/tags?post=5100"}],"curies":[{"name":"wp","href":"https:\/\/api.w.org\/{rel}","templated":true}]}}