{"id":5200,"date":"2026-08-26T21:29:29","date_gmt":"2026-08-27T00:29:29","guid":{"rendered":"https:\/\/www.encontrapiracicaba.com.br\/sobre\/tj-sp-suspende-decisao-que-determinava-reabertura-do-comercio-em-piracicaba\/"},"modified":"2026-08-26T21:29:29","modified_gmt":"2026-08-27T00:29:29","slug":"tj-sp-suspende-decisao-que-determinava-reabertura-do-comercio-em-piracicaba","status":"publish","type":"post","link":"https:\/\/www.encontrapiracicaba.com.br\/sobre\/tj-sp-suspende-decisao-que-determinava-reabertura-do-comercio-em-piracicaba\/","title":{"rendered":"TJ\/SP suspende decis\u00e3o que determinava reabertura do com\u00e9rcio em Piracicaba"},"content":{"rendered":"<div class=\"85df007ed5c0c4d4b453fd13a37855e8\" data-index=\"1\" style=\"float: none; margin:0px;\">\n<!-- Anuncio display - global -->\r\n<ins class=\"adsbygoogle\"\r\n     style=\"display:block\"\r\n     data-ad-client=\"ca-pub-8585364105181520\"\r\n     data-ad-slot=\"8789329856\"\r\n     data-ad-format=\"auto\"\r\n     data-full-width-responsive=\"true\"><\/ins>\r\n<script>\r\n     (adsbygoogle = window.adsbygoogle || []).push({});\r\n<\/script>\n<\/div>\n<h2>Contexto da Decis\u00e3o do TJ\/SP<\/h2>\n<p>Recentemente, a decis\u00e3o do Tribunal de Justi\u00e7a de S\u00e3o Paulo (TJ\/SP) trouxe \u00e0 tona quest\u00f5es relacionadas \u00e0 reabertura do com\u00e9rcio no munic\u00edpio de Piracicaba. O desembargador Geraldo Francisco Pinheiro Franco, presidente do TJ\/SP, determinou a suspens\u00e3o de uma senten\u00e7a anterior da 1\u00aa vara da Fazenda P\u00fablica local que havia autorizado a retomada das atividades comerciais. Essa a\u00e7\u00e3o foi motivada por uma solicita\u00e7\u00e3o de associa\u00e7\u00f5es de com\u00e9rcio e ind\u00fastria que buscavam a reabertura dos estabelecimentos comerciais em um momento cr\u00edtico da pandemia.<\/p>\n<h2>O Que Motivou a Suspens\u00e3o?<\/h2>\n<p>A necessidade de uma an\u00e1lise cuidadosa foi enfatizada pelo desembargador ao indicar que a reabertura poderia comprometer a sa\u00fade p\u00fablica e a ordem social. A decis\u00e3o original pretendia permitir que os com\u00e9rcios retornassem \u00e0s suas atividades normais, contanto que fossem seguidas as orienta\u00e7\u00f5es de sa\u00fade p\u00fablica, mas isso levantou preocupa\u00e7\u00f5es sobre os riscos associados a essa reabertura.<\/p>\n<h2>An\u00e1lise da Tutela de Urg\u00eancia<\/h2>\n<p>A tutela de urg\u00eancia, concedida inicialmente pelo juiz de primeira inst\u00e2ncia, determinava que a prefeitura adotasse as medidas cab\u00edveis para assegurar a reabertura, sob pena de san\u00e7\u00f5es. Contudo, o presidente do TJ\/SP entendeu que essa decis\u00e3o poderia representar um risco \u00e0 sa\u00fade da popula\u00e7\u00e3o. O argumento central foi que a emerg\u00eancia de sa\u00fade exigia prud\u00eancia e coordena\u00e7\u00e3o nas a\u00e7\u00f5es governamentais, n\u00e3o permitindo que uma decis\u00e3o judicial substitu\u00edsse a avalia\u00e7\u00e3o da Administra\u00e7\u00e3o P\u00fablica em situa\u00e7\u00f5es de crise.<\/p>\n<p><img decoding=\"async\" src=\"https:\/\/www.encontrapiracicaba.com.br\/sobre\/wp-content\/uploads\/tj-sp-suspende-decisao-que-determinava-reabertura-do-comercio-em-piracicaba.webp\" alt=\"TJ\/SP suspens\u00e3o com\u00e9rcio\" loading=\"lazy\" \/><\/p>\n<h2>Posi\u00e7\u00e3o do Presidente do TJ\/SP<\/h2>\n<p>O desembargador reafirmou que a interven\u00e7\u00e3o do Judici\u00e1rio n\u00e3o deveria interferir nos crit\u00e9rios administrativos durante per\u00edodos de calamidade. Ele salientou que a sa\u00fade p\u00fablica transcende quest\u00f5es ideol\u00f3gicas e deve ser tratada de forma coordenada e eficiente para evitar consequ\u00eancias negativas.<\/p>\n<h2>Consequ\u00eancias para os Comerciantes<\/h2>\n<p>Para os comerciantes de Piracicaba, essa suspens\u00e3o representa uma continuidade das dificuldades enfrentadas ao longo da pandemia. Muitos empres\u00e1rios estavam se preparando para reabrir, na esperan\u00e7a de que a volta das atividades comerciais pudesse mitigar os preju\u00edzos financeiros acumulados. A incerteza quanto ao futuro continua sendo uma preocupa\u00e7\u00e3o significativa para o setor.<\/p>\n<h2>Medidas da Administra\u00e7\u00e3o P\u00fablica<\/h2>\n<p>As autoridades locais e estaduais est\u00e3o sendo instadas a manter vigil\u00e2ncia rigorosa sobre as normas de sa\u00fade p\u00fablica. O TJ\/SP destacou a import\u00e2ncia de a\u00e7\u00f5es coordenadas para garantir que a reabertura do com\u00e9rcio aconte\u00e7a de forma que n\u00e3o coloque em risco a sa\u00fade da popula\u00e7\u00e3o. O foco deve ser na implementa\u00e7\u00e3o de medidas sanit\u00e1rias eficazes em vez de uma libera\u00e7\u00e3o indiscriminada das atividades comerciais.<\/p>\n<h2>Impacto na Ordem P\u00fablica<\/h2>\n<p>A decis\u00e3o de suspender a reabertura do com\u00e9rcio em Piracicaba era, portanto, uma salvaguarda para a manuten\u00e7\u00e3o da ordem p\u00fablica. O desembargador Pinheiro Franco argumentou que a sa\u00fade coletiva n\u00e3o pode ser colocada em segundo plano em nome do retorno \u00e0 normalidade, pois isso poderia ter repercuss\u00f5es s\u00e9rias e prolongadas para a sociedade.<\/p>\n<h2>Reflexos da Pandemia no Com\u00e9rcio<\/h2>\n<p>O impacto da Covid-19 sobre o com\u00e9rcio local tem sido severo, resultando em fechamentos tempor\u00e1rios de muitos neg\u00f3cios e perda de receita para aqueles que puderam operar apenas de forma limitada. O tribunal reconhece que, embora o aspecto econ\u00f4mico seja cr\u00edtico, a prote\u00e7\u00e3o da sa\u00fade p\u00fablica deve preceder outras considera\u00e7\u00f5es.<\/p>\n<h2>Coordena\u00e7\u00e3o no Combate \u00e0 Covid-19<\/h2>\n<p>A compreens\u00e3o clara de que a pandemia \u00e9 um problema coletivo e requer esfor\u00e7os conjuntos foi um ponto fundamental na decis\u00e3o. O desembargador destacou que pa\u00edses que seguem estrat\u00e9gias integradas e bem planejadas foram os que obtiveram \u00eaxitos mais significativos nesse combate, e o mesmo deve ser aplicado em n\u00edveis locais.<\/p>\n<h2>Expectativas Futuras para o Com\u00e9rcio<\/h2>\n<p>O futuro do com\u00e9rcio em Piracicaba e em outras regi\u00f5es do estado permanece incerto. A expectativa \u00e9 de que uma solu\u00e7\u00e3o sustent\u00e1vel para a opera\u00e7\u00e3o dos neg\u00f3cios seja encontrada, equilibrando a sa\u00fade p\u00fablica e as necessidades da economia local. O TJ\/SP, ao rejeitar a reabertura prematura, busca garantir que quaisquer medidas tomadas sejam seguras e eficazes.<\/p>\n\n<div style=\"font-size: 0px; height: 0px; line-height: 0px; margin: 0; padding: 0; clear: both;\"><\/div>","protected":false},"excerpt":{"rendered":"<p>TJ\/SP suspende reabertura do com\u00e9rcio em Piracicaba, gerando novas controv\u00e9rsias.<\/p>\n","protected":false},"author":1,"featured_media":5199,"comment_status":"closed","ping_status":"closed","sticky":false,"template":"","format":"standard","meta":{"footnotes":""},"categories":[6],"tags":[],"class_list":["post-5200","post","type-post","status-publish","format-standard","has-post-thumbnail","hentry","category-noticias-em-piracicaba","has_thumb"],"aioseo_notices":[],"aioseo_head":"\n\t\t<!-- All in One SEO 5.0.0.1 - aioseo.com -->\n\t<meta name=\"robots\" content=\"max-image-preview:large\" \/>\n\t<meta name=\"author\" content=\"Encontra Piracicaba\"\/>\n\t<link rel=\"canonical\" href=\"https:\/\/www.encontrapiracicaba.com.br\/sobre\/tj-sp-suspende-decisao-que-determinava-reabertura-do-comercio-em-piracicaba\/\" \/>\n\t<meta name=\"generator\" content=\"All in One SEO (AIOSEO) 5.0.0.1\" \/>\n\t\t<meta property=\"og:locale\" content=\"pt_BR\" \/>\n\t\t<meta property=\"og:site_name\" content=\"Encontra Piracicaba | Not\u00edcias, eventos, informa\u00e7\u00f5es e dicas na cidade de Piracicaba e regi\u00e3o\" \/>\n\t\t<meta property=\"og:type\" content=\"article\" \/>\n\t\t<meta property=\"og:title\" content=\"TJ\/SP suspende decis\u00e3o que determinava reabertura do com\u00e9rcio em Piracicaba | Encontra Piracicaba\" \/>\n\t\t<meta property=\"og:url\" content=\"https:\/\/www.encontrapiracicaba.com.br\/sobre\/tj-sp-suspende-decisao-que-determinava-reabertura-do-comercio-em-piracicaba\/\" \/>\n\t\t<meta property=\"article:published_time\" content=\"2026-08-27T00:29:29+00:00\" \/>\n\t\t<meta property=\"article:modified_time\" content=\"2026-08-27T00:29:29+00:00\" \/>\n\t\t<meta name=\"twitter:card\" content=\"summary\" \/>\n\t\t<meta name=\"twitter:title\" content=\"TJ\/SP suspende decis\u00e3o que determinava reabertura do com\u00e9rcio em Piracicaba | Encontra Piracicaba\" \/>\n\t\t<script type=\"application\/ld+json\" class=\"aioseo-schema\">\n\t\t\t{\"@context\":\"https:\\\/\\\/schema.org\",\"@graph\":[{\"@type\":\"Article\",\"@id\":\"https:\\\/\\\/www.encontrapiracicaba.com.br\\\/sobre\\\/tj-sp-suspende-decisao-que-determinava-reabertura-do-comercio-em-piracicaba\\\/#article\",\"name\":\"TJ\\\/SP suspende decis\\u00e3o que determinava reabertura do com\\u00e9rcio em Piracicaba | Encontra Piracicaba\",\"headline\":\"TJ\\\/SP suspende decis\\u00e3o que determinava reabertura do com\\u00e9rcio em Piracicaba\",\"author\":{\"@id\":\"https:\\\/\\\/www.encontrapiracicaba.com.br\\\/sobre\\\/author\\\/epiracicaba\\\/#author\"},\"publisher\":{\"@id\":\"https:\\\/\\\/www.encontrapiracicaba.com.br\\\/sobre\\\/#organization\"},\"image\":{\"@type\":\"ImageObject\",\"url\":\"https:\\\/\\\/www.encontrapiracicaba.com.br\\\/sobre\\\/wp-content\\\/uploads\\\/tj-sp-suspende-decisao-que-determinava-reabertura-do-comercio-em-piracicaba.webp\",\"width\":280,\"height\":280,\"caption\":\"TJ\\\/SP suspens\\u00e3o com\\u00e9rcio\"},\"datePublished\":\"2026-08-26T21:29:29-03:00\",\"dateModified\":\"2026-08-26T21:29:29-03:00\",\"inLanguage\":\"pt-BR\",\"mainEntityOfPage\":{\"@id\":\"https:\\\/\\\/www.encontrapiracicaba.com.br\\\/sobre\\\/tj-sp-suspende-decisao-que-determinava-reabertura-do-comercio-em-piracicaba\\\/#webpage\"},\"isPartOf\":{\"@id\":\"https:\\\/\\\/www.encontrapiracicaba.com.br\\\/sobre\\\/tj-sp-suspende-decisao-que-determinava-reabertura-do-comercio-em-piracicaba\\\/#webpage\"},\"articleSection\":\"Not\\u00edcias Piracicaba\"},{\"@type\":\"BreadcrumbList\",\"@id\":\"https:\\\/\\\/www.encontrapiracicaba.com.br\\\/sobre\\\/tj-sp-suspende-decisao-que-determinava-reabertura-do-comercio-em-piracicaba\\\/#breadcrumblist\",\"itemListElement\":[{\"@type\":\"ListItem\",\"@id\":\"https:\\\/\\\/www.encontrapiracicaba.com.br\\\/sobre#listItem\",\"position\":1,\"name\":\"In\\u00edcio\",\"item\":\"https:\\\/\\\/www.encontrapiracicaba.com.br\\\/sobre\",\"nextItem\":{\"@type\":\"ListItem\",\"@id\":\"https:\\\/\\\/www.encontrapiracicaba.com.br\\\/sobre\\\/noticias-em-piracicaba\\\/#listItem\",\"name\":\"Not\\u00edcias Piracicaba\"}},{\"@type\":\"ListItem\",\"@id\":\"https:\\\/\\\/www.encontrapiracicaba.com.br\\\/sobre\\\/noticias-em-piracicaba\\\/#listItem\",\"position\":2,\"name\":\"Not\\u00edcias Piracicaba\",\"item\":\"https:\\\/\\\/www.encontrapiracicaba.com.br\\\/sobre\\\/noticias-em-piracicaba\\\/\",\"nextItem\":{\"@type\":\"ListItem\",\"@id\":\"https:\\\/\\\/www.encontrapiracicaba.com.br\\\/sobre\\\/tj-sp-suspende-decisao-que-determinava-reabertura-do-comercio-em-piracicaba\\\/#listItem\",\"name\":\"TJ\\\/SP suspende decis\\u00e3o que determinava reabertura do com\\u00e9rcio em Piracicaba\"},\"previousItem\":{\"@type\":\"ListItem\",\"@id\":\"https:\\\/\\\/www.encontrapiracicaba.com.br\\\/sobre#listItem\",\"name\":\"In\\u00edcio\"}},{\"@type\":\"ListItem\",\"@id\":\"https:\\\/\\\/www.encontrapiracicaba.com.br\\\/sobre\\\/tj-sp-suspende-decisao-que-determinava-reabertura-do-comercio-em-piracicaba\\\/#listItem\",\"position\":3,\"name\":\"TJ\\\/SP suspende decis\\u00e3o que determinava reabertura do com\\u00e9rcio em Piracicaba\",\"previousItem\":{\"@type\":\"ListItem\",\"@id\":\"https:\\\/\\\/www.encontrapiracicaba.com.br\\\/sobre\\\/noticias-em-piracicaba\\\/#listItem\",\"name\":\"Not\\u00edcias Piracicaba\"}}]},{\"@type\":\"Organization\",\"@id\":\"https:\\\/\\\/www.encontrapiracicaba.com.br\\\/sobre\\\/#organization\",\"name\":\"Encontra Piracicaba\",\"description\":\"Not\\u00edcias, eventos, informa\\u00e7\\u00f5es e dicas na cidade de Piracicaba e regi\\u00e3o\",\"url\":\"https:\\\/\\\/www.encontrapiracicaba.com.br\\\/sobre\\\/\"},{\"@type\":\"Person\",\"@id\":\"https:\\\/\\\/www.encontrapiracicaba.com.br\\\/sobre\\\/author\\\/epiracicaba\\\/#author\",\"url\":\"https:\\\/\\\/www.encontrapiracicaba.com.br\\\/sobre\\\/author\\\/epiracicaba\\\/\",\"name\":\"Encontra Piracicaba\",\"image\":{\"@type\":\"ImageObject\",\"@id\":\"https:\\\/\\\/www.encontrapiracicaba.com.br\\\/sobre\\\/tj-sp-suspende-decisao-que-determinava-reabertura-do-comercio-em-piracicaba\\\/#authorImage\",\"url\":\"https:\\\/\\\/secure.gravatar.com\\\/avatar\\\/507340682b8270222e1f208e23198b6ae7e2c6a1033ae84e99bc6bce4f82a387?s=96&d=mm&r=g\",\"width\":96,\"height\":96,\"caption\":\"Encontra Piracicaba\"}},{\"@type\":\"WebPage\",\"@id\":\"https:\\\/\\\/www.encontrapiracicaba.com.br\\\/sobre\\\/tj-sp-suspende-decisao-que-determinava-reabertura-do-comercio-em-piracicaba\\\/#webpage\",\"url\":\"https:\\\/\\\/www.encontrapiracicaba.com.br\\\/sobre\\\/tj-sp-suspende-decisao-que-determinava-reabertura-do-comercio-em-piracicaba\\\/\",\"name\":\"TJ\\\/SP suspende decis\\u00e3o que determinava reabertura do com\\u00e9rcio em Piracicaba | Encontra Piracicaba\",\"inLanguage\":\"pt-BR\",\"isPartOf\":{\"@id\":\"https:\\\/\\\/www.encontrapiracicaba.com.br\\\/sobre\\\/#website\"},\"breadcrumb\":{\"@id\":\"https:\\\/\\\/www.encontrapiracicaba.com.br\\\/sobre\\\/tj-sp-suspende-decisao-que-determinava-reabertura-do-comercio-em-piracicaba\\\/#breadcrumblist\"},\"author\":{\"@id\":\"https:\\\/\\\/www.encontrapiracicaba.com.br\\\/sobre\\\/author\\\/epiracicaba\\\/#author\"},\"creator\":{\"@id\":\"https:\\\/\\\/www.encontrapiracicaba.com.br\\\/sobre\\\/author\\\/epiracicaba\\\/#author\"},\"image\":{\"@type\":\"ImageObject\",\"url\":\"https:\\\/\\\/www.encontrapiracicaba.com.br\\\/sobre\\\/wp-content\\\/uploads\\\/tj-sp-suspende-decisao-que-determinava-reabertura-do-comercio-em-piracicaba.webp\",\"@id\":\"https:\\\/\\\/www.encontrapiracicaba.com.br\\\/sobre\\\/tj-sp-suspende-decisao-que-determinava-reabertura-do-comercio-em-piracicaba\\\/#mainImage\",\"width\":280,\"height\":280,\"caption\":\"TJ\\\/SP suspens\\u00e3o com\\u00e9rcio\"},\"primaryImageOfPage\":{\"@id\":\"https:\\\/\\\/www.encontrapiracicaba.com.br\\\/sobre\\\/tj-sp-suspende-decisao-que-determinava-reabertura-do-comercio-em-piracicaba\\\/#mainImage\"},\"datePublished\":\"2026-08-26T21:29:29-03:00\",\"dateModified\":\"2026-08-26T21:29:29-03:00\"},{\"@type\":\"WebSite\",\"@id\":\"https:\\\/\\\/www.encontrapiracicaba.com.br\\\/sobre\\\/#website\",\"url\":\"https:\\\/\\\/www.encontrapiracicaba.com.br\\\/sobre\\\/\",\"name\":\"Encontra Piracicaba\",\"description\":\"Not\\u00edcias, eventos, informa\\u00e7\\u00f5es e dicas na cidade de Piracicaba e regi\\u00e3o\",\"inLanguage\":\"pt-BR\",\"publisher\":{\"@id\":\"https:\\\/\\\/www.encontrapiracicaba.com.br\\\/sobre\\\/#organization\"}}]}\n\t\t<\/script>\n\t\t<!-- All in One SEO -->\n\n","aioseo_head_json":{"title":"TJ\/SP suspende decis\u00e3o que determinava reabertura do com\u00e9rcio em Piracicaba | Encontra Piracicaba","description":"","canonical_url":"https:\/\/www.encontrapiracicaba.com.br\/sobre\/tj-sp-suspende-decisao-que-determinava-reabertura-do-comercio-em-piracicaba\/","robots":"max-image-preview:large","keywords":"","webmasterTools":{"miscellaneous":""},"schema":{"@context":"https:\/\/schema.org","@graph":[{"@type":"Article","@id":"https:\/\/www.encontrapiracicaba.com.br\/sobre\/tj-sp-suspende-decisao-que-determinava-reabertura-do-comercio-em-piracicaba\/#article","name":"TJ\/SP suspende decis\u00e3o que determinava reabertura do com\u00e9rcio em Piracicaba | Encontra Piracicaba","headline":"TJ\/SP suspende decis\u00e3o que determinava reabertura do com\u00e9rcio em Piracicaba","author":{"@id":"https:\/\/www.encontrapiracicaba.com.br\/sobre\/author\/epiracicaba\/#author"},"publisher":{"@id":"https:\/\/www.encontrapiracicaba.com.br\/sobre\/#organization"},"image":{"@type":"ImageObject","url":"https:\/\/www.encontrapiracicaba.com.br\/sobre\/wp-content\/uploads\/tj-sp-suspende-decisao-que-determinava-reabertura-do-comercio-em-piracicaba.webp","width":280,"height":280,"caption":"TJ\/SP suspens\u00e3o com\u00e9rcio"},"datePublished":"2026-08-26T21:29:29-03:00","dateModified":"2026-08-26T21:29:29-03:00","inLanguage":"pt-BR","mainEntityOfPage":{"@id":"https:\/\/www.encontrapiracicaba.com.br\/sobre\/tj-sp-suspende-decisao-que-determinava-reabertura-do-comercio-em-piracicaba\/#webpage"},"isPartOf":{"@id":"https:\/\/www.encontrapiracicaba.com.br\/sobre\/tj-sp-suspende-decisao-que-determinava-reabertura-do-comercio-em-piracicaba\/#webpage"},"articleSection":"Not\u00edcias Piracicaba"},{"@type":"BreadcrumbList","@id":"https:\/\/www.encontrapiracicaba.com.br\/sobre\/tj-sp-suspende-decisao-que-determinava-reabertura-do-comercio-em-piracicaba\/#breadcrumblist","itemListElement":[{"@type":"ListItem","@id":"https:\/\/www.encontrapiracicaba.com.br\/sobre#listItem","position":1,"name":"In\u00edcio","item":"https:\/\/www.encontrapiracicaba.com.br\/sobre","nextItem":{"@type":"ListItem","@id":"https:\/\/www.encontrapiracicaba.com.br\/sobre\/noticias-em-piracicaba\/#listItem","name":"Not\u00edcias Piracicaba"}},{"@type":"ListItem","@id":"https:\/\/www.encontrapiracicaba.com.br\/sobre\/noticias-em-piracicaba\/#listItem","position":2,"name":"Not\u00edcias Piracicaba","item":"https:\/\/www.encontrapiracicaba.com.br\/sobre\/noticias-em-piracicaba\/","nextItem":{"@type":"ListItem","@id":"https:\/\/www.encontrapiracicaba.com.br\/sobre\/tj-sp-suspende-decisao-que-determinava-reabertura-do-comercio-em-piracicaba\/#listItem","name":"TJ\/SP suspende decis\u00e3o que determinava reabertura do com\u00e9rcio em Piracicaba"},"previousItem":{"@type":"ListItem","@id":"https:\/\/www.encontrapiracicaba.com.br\/sobre#listItem","name":"In\u00edcio"}},{"@type":"ListItem","@id":"https:\/\/www.encontrapiracicaba.com.br\/sobre\/tj-sp-suspende-decisao-que-determinava-reabertura-do-comercio-em-piracicaba\/#listItem","position":3,"name":"TJ\/SP suspende decis\u00e3o que determinava reabertura do com\u00e9rcio em Piracicaba","previousItem":{"@type":"ListItem","@id":"https:\/\/www.encontrapiracicaba.com.br\/sobre\/noticias-em-piracicaba\/#listItem","name":"Not\u00edcias Piracicaba"}}]},{"@type":"Organization","@id":"https:\/\/www.encontrapiracicaba.com.br\/sobre\/#organization","name":"Encontra Piracicaba","description":"Not\u00edcias, eventos, informa\u00e7\u00f5es e dicas na cidade de Piracicaba e regi\u00e3o","url":"https:\/\/www.encontrapiracicaba.com.br\/sobre\/"},{"@type":"Person","@id":"https:\/\/www.encontrapiracicaba.com.br\/sobre\/author\/epiracicaba\/#author","url":"https:\/\/www.encontrapiracicaba.com.br\/sobre\/author\/epiracicaba\/","name":"Encontra Piracicaba","image":{"@type":"ImageObject","@id":"https:\/\/www.encontrapiracicaba.com.br\/sobre\/tj-sp-suspende-decisao-que-determinava-reabertura-do-comercio-em-piracicaba\/#authorImage","url":"https:\/\/secure.gravatar.com\/avatar\/507340682b8270222e1f208e23198b6ae7e2c6a1033ae84e99bc6bce4f82a387?s=96&d=mm&r=g","width":96,"height":96,"caption":"Encontra Piracicaba"}},{"@type":"WebPage","@id":"https:\/\/www.encontrapiracicaba.com.br\/sobre\/tj-sp-suspende-decisao-que-determinava-reabertura-do-comercio-em-piracicaba\/#webpage","url":"https:\/\/www.encontrapiracicaba.com.br\/sobre\/tj-sp-suspende-decisao-que-determinava-reabertura-do-comercio-em-piracicaba\/","name":"TJ\/SP suspende decis\u00e3o que determinava reabertura do com\u00e9rcio em Piracicaba | Encontra Piracicaba","inLanguage":"pt-BR","isPartOf":{"@id":"https:\/\/www.encontrapiracicaba.com.br\/sobre\/#website"},"breadcrumb":{"@id":"https:\/\/www.encontrapiracicaba.com.br\/sobre\/tj-sp-suspende-decisao-que-determinava-reabertura-do-comercio-em-piracicaba\/#breadcrumblist"},"author":{"@id":"https:\/\/www.encontrapiracicaba.com.br\/sobre\/author\/epiracicaba\/#author"},"creator":{"@id":"https:\/\/www.encontrapiracicaba.com.br\/sobre\/author\/epiracicaba\/#author"},"image":{"@type":"ImageObject","url":"https:\/\/www.encontrapiracicaba.com.br\/sobre\/wp-content\/uploads\/tj-sp-suspende-decisao-que-determinava-reabertura-do-comercio-em-piracicaba.webp","@id":"https:\/\/www.encontrapiracicaba.com.br\/sobre\/tj-sp-suspende-decisao-que-determinava-reabertura-do-comercio-em-piracicaba\/#mainImage","width":280,"height":280,"caption":"TJ\/SP suspens\u00e3o com\u00e9rcio"},"primaryImageOfPage":{"@id":"https:\/\/www.encontrapiracicaba.com.br\/sobre\/tj-sp-suspende-decisao-que-determinava-reabertura-do-comercio-em-piracicaba\/#mainImage"},"datePublished":"2026-08-26T21:29:29-03:00","dateModified":"2026-08-26T21:29:29-03:00"},{"@type":"WebSite","@id":"https:\/\/www.encontrapiracicaba.com.br\/sobre\/#website","url":"https:\/\/www.encontrapiracicaba.com.br\/sobre\/","name":"Encontra Piracicaba","description":"Not\u00edcias, eventos, informa\u00e7\u00f5es e dicas na cidade de Piracicaba e regi\u00e3o","inLanguage":"pt-BR","publisher":{"@id":"https:\/\/www.encontrapiracicaba.com.br\/sobre\/#organization"}}]},"og:locale":"pt_BR","og:site_name":"Encontra Piracicaba | Not\u00edcias, eventos, informa\u00e7\u00f5es e dicas na cidade de Piracicaba e regi\u00e3o","og:type":"article","og:title":"TJ\/SP suspende decis\u00e3o que determinava reabertura do com\u00e9rcio em Piracicaba | Encontra Piracicaba","og:url":"https:\/\/www.encontrapiracicaba.com.br\/sobre\/tj-sp-suspende-decisao-que-determinava-reabertura-do-comercio-em-piracicaba\/","article:published_time":"2026-08-27T00:29:29+00:00","article:modified_time":"2026-08-27T00:29:29+00:00","twitter:card":"summary","twitter:title":"TJ\/SP suspende decis\u00e3o que determinava reabertura do com\u00e9rcio em Piracicaba | Encontra Piracicaba"},"aioseo_meta_data":{"post_id":"5200","title":null,"description":null,"keywords":null,"keyphrases":null,"primary_term":null,"canonical_url":null,"og_title":null,"og_description":null,"og_object_type":"default","og_image_type":"default","og_image_url":null,"og_image_width":null,"og_image_height":null,"og_image_custom_url":null,"og_image_custom_fields":null,"og_video":null,"og_custom_url":null,"og_article_section":null,"og_article_tags":null,"twitter_use_og":false,"twitter_card":"default","twitter_image_type":"default","twitter_image_url":null,"twitter_image_custom_url":null,"twitter_image_custom_fields":null,"twitter_title":null,"twitter_description":null,"schema":{"blockGraphs":[],"customGraphs":[],"default":{"data":{"Article":[],"Course":[],"Dataset":[],"FAQPage":[],"Movie":[],"Person":[],"Product":[],"ProductReview":[],"Car":[],"Recipe":[],"Service":[],"SoftwareApplication":[],"WebPage":[]},"graphName":"Article","isEnabled":true},"graphs":[]},"schema_type":"default","schema_type_options":null,"pillar_content":false,"robots_default":true,"robots_noindex":false,"robots_noarchive":false,"robots_nosnippet":false,"robots_nofollow":false,"robots_noimageindex":false,"robots_noodp":false,"robots_notranslate":false,"robots_max_snippet":null,"robots_max_videopreview":null,"robots_max_imagepreview":"large","priority":null,"frequency":null,"local_seo":null,"breadcrumb_settings":null,"limit_modified_date":false,"ai":null,"created":"2026-08-27 00:29:29","updated":"2026-08-27 00:30:57","focus_keyword":null,"additional_keywords":null,"truseo_locale":null,"seo_analyzer_scan_date":null},"aioseo_breadcrumb":"<div class=\"aioseo-breadcrumbs\"><span class=\"aioseo-breadcrumb\">\n\t\t\t<a href=\"https:\/\/www.encontrapiracicaba.com.br\/sobre\" title=\"In\u00edcio\">In\u00edcio<\/a>\n\t\t<\/span><span class=\"aioseo-breadcrumb-separator\">&raquo;<\/span><span class=\"aioseo-breadcrumb\">\n\t\t\t<a href=\"https:\/\/www.encontrapiracicaba.com.br\/sobre\/noticias-em-piracicaba\/\" title=\"Not\u00edcias Piracicaba\">Not\u00edcias Piracicaba<\/a>\n\t\t<\/span><span class=\"aioseo-breadcrumb-separator\">&raquo;<\/span><span class=\"aioseo-breadcrumb\">\n\t\t\tTJ\/SP suspende decis\u00e3o que determinava reabertura do com\u00e9rcio em Piracicaba\n\t\t<\/span><\/div>","aioseo_breadcrumb_json":[{"label":"In\u00edcio","link":"https:\/\/www.encontrapiracicaba.com.br\/sobre"},{"label":"Not\u00edcias Piracicaba","link":"https:\/\/www.encontrapiracicaba.com.br\/sobre\/noticias-em-piracicaba\/"},{"label":"TJ\/SP suspende decis\u00e3o que determinava reabertura do com\u00e9rcio em Piracicaba","link":"https:\/\/www.encontrapiracicaba.com.br\/sobre\/tj-sp-suspende-decisao-que-determinava-reabertura-do-comercio-em-piracicaba\/"}],"_links":{"self":[{"href":"https:\/\/www.encontrapiracicaba.com.br\/sobre\/wp-json\/wp\/v2\/posts\/5200","targetHints":{"allow":["GET"]}}],"collection":[{"href":"https:\/\/www.encontrapiracicaba.com.br\/sobre\/wp-json\/wp\/v2\/posts"}],"about":[{"href":"https:\/\/www.encontrapiracicaba.com.br\/sobre\/wp-json\/wp\/v2\/types\/post"}],"author":[{"embeddable":true,"href":"https:\/\/www.encontrapiracicaba.com.br\/sobre\/wp-json\/wp\/v2\/users\/1"}],"replies":[{"embeddable":true,"href":"https:\/\/www.encontrapiracicaba.com.br\/sobre\/wp-json\/wp\/v2\/comments?post=5200"}],"version-history":[{"count":0,"href":"https:\/\/www.encontrapiracicaba.com.br\/sobre\/wp-json\/wp\/v2\/posts\/5200\/revisions"}],"wp:featuredmedia":[{"embeddable":true,"href":"https:\/\/www.encontrapiracicaba.com.br\/sobre\/wp-json\/wp\/v2\/media\/5199"}],"wp:attachment":[{"href":"https:\/\/www.encontrapiracicaba.com.br\/sobre\/wp-json\/wp\/v2\/media?parent=5200"}],"wp:term":[{"taxonomy":"category","embeddable":true,"href":"https:\/\/www.encontrapiracicaba.com.br\/sobre\/wp-json\/wp\/v2\/categories?post=5200"},{"taxonomy":"post_tag","embeddable":true,"href":"https:\/\/www.encontrapiracicaba.com.br\/sobre\/wp-json\/wp\/v2\/tags?post=5200"}],"curies":[{"name":"wp","href":"https:\/\/api.w.org\/{rel}","templated":true}]}}