{"id":5214,"date":"2026-08-28T05:03:24","date_gmt":"2026-08-28T08:03:24","guid":{"rendered":"https:\/\/www.encontrapiracicaba.com.br\/sobre\/adolescente-e-atacada-com-garrafadas-por-homem-apos-festa-em-piracicaba-sp\/"},"modified":"2026-08-28T05:03:24","modified_gmt":"2026-08-28T08:03:24","slug":"adolescente-e-atacada-com-garrafadas-por-homem-apos-festa-em-piracicaba-sp","status":"publish","type":"post","link":"https:\/\/www.encontrapiracicaba.com.br\/sobre\/adolescente-e-atacada-com-garrafadas-por-homem-apos-festa-em-piracicaba-sp\/","title":{"rendered":"Adolescente \u00e9 atacada com garrafadas por homem ap\u00f3s festa em Piracicaba (SP)"},"content":{"rendered":"<div class=\"85df007ed5c0c4d4b453fd13a37855e8\" data-index=\"1\" style=\"float: none; margin:0px;\">\n<!-- Anuncio display - global -->\r\n<ins class=\"adsbygoogle\"\r\n     style=\"display:block\"\r\n     data-ad-client=\"ca-pub-8585364105181520\"\r\n     data-ad-slot=\"8789329856\"\r\n     data-ad-format=\"auto\"\r\n     data-full-width-responsive=\"true\"><\/ins>\r\n<script>\r\n     (adsbygoogle = window.adsbygoogle || []).push({});\r\n<\/script>\n<\/div>\n<h2>O que aconteceu na festa em Piracicaba<\/h2>\n<p>No \u00faltimo final de semana, uma festa de forr\u00f3 em Piracicaba, S\u00e3o Paulo, terminou em trag\u00e9dia. A jovem Hillary, de 16 anos, estava se divertindo e dan\u00e7ando com sua irm\u00e3 mais velha em um evento animado, t\u00edpico da regi\u00e3o. Contudo, a euforia da celebra\u00e7\u00e3o se transformou em um pesadelo quando Hillary decidiu retornar para casa sozinha em uma madrugada bem avan\u00e7ada.<\/p>\n<p>A escolha do caminho mais curto, que n\u00e3o era o mais seguro, foi o fator determinante para que ela encontrasse seu agressor, um homem que n\u00e3o era conhecido por ela. Relatos indicam que, ao ser abordada pelo indiv\u00edduo, Hillary foi rejeitada em suas tentativas de aproxima\u00e7\u00e3o. Essa negativa levou o homem a atac\u00e1-la com uma garrafa, causando-lhe ferimentos graves.<\/p>\n<p>A natureza da festa, que traz a alegria da dan\u00e7a e do romantismo, se despediu em uma atmosfera de viol\u00eancia e medo que muitas vezes n\u00e3o est\u00e1 presente nas mem\u00f3rias que essas celebra\u00e7\u00f5es costumam deixar.<\/p>\n<p><img decoding=\"async\" src=\"https:\/\/www.encontrapiracicaba.com.br\/sobre\/wp-content\/uploads\/adolescente-e-atacada-com-garrafadas-por-homem-apos-festa-em-piracicaba-sp.webp\" alt=\"ataque a adolescente Piracicaba\" loading=\"lazy\" \/><\/p>\n<h2>Identidade da v\u00edtima e suas circunst\u00e2ncias<\/h2>\n<p>Hillary era uma adolescente comum, como muitos de seus pares, cheia de sonhos e desejos de aproveitar a vida. Sua escolha de ir a uma festa com a irm\u00e3 se baseou no desejo de socializar e se divertir. A situa\u00e7\u00e3o demonstra como a inseguran\u00e7a nas ruas pode transformar um dos momentos mais felizes da juventude em um evento traum\u00e1tico. Ap\u00f3s ser atacada, a jovem passou a noite desacordada devido aos ferimentos e despertou apenas pela manh\u00e3 para buscar ajuda.<\/p>\n<p>Quando encontrou socorro em uma empresa pr\u00f3xima, os funcion\u00e1rios ficaram alarmados com a fragilidade apresentada por Hillary, que havia sofrido cortes profundos em seu pesco\u00e7o. Este ataque, que deveria ser um epis\u00f3dio isolado, levanta quest\u00f5es sobre a seguran\u00e7a em ambientes urbanos, especialmente em eventos festivos.<\/p>\n<h2>Rea\u00e7\u00e3o da comunidade ao ataque<\/h2>\n<p>A comunidade de Piracicaba, conhecida por sua hospitalidade e calor humano, ficou em choque ap\u00f3s o incidente. A seguran\u00e7a nas festas e eventos locais passou a ser um tema de discuss\u00e3o acalorada entre os habitantes e lideran\u00e7as locais. N\u00e3o s\u00f3 se manifestaram preocupa\u00e7\u00f5es sobre a seguran\u00e7a de suas filhas e filhos, mas tamb\u00e9m um sentimento de revolta pela viol\u00eancia que se infiltrou em um espa\u00e7o que deveria ser de celebra\u00e7\u00e3o.<\/p>\n<p>As publica\u00e7\u00f5es nas redes sociais rapidamente se tornaram um canal para expressar indigna\u00e7\u00e3o e exigir a\u00e7\u00f5es concretas das autoridades locais. \u00c9 vis\u00edvel que a popula\u00e7\u00e3o se sente vulner\u00e1vel e deseja ver uma resposta efetiva da pol\u00edcia e gest\u00e3o p\u00fablica para assegurar um futuro mais seguro para seus jovens durante momentos de lazer.<\/p>\n<h2>Medidas de seguran\u00e7a propostas<\/h2>\n<p>Diante da situa\u00e7\u00e3o alarmante, j\u00e1 est\u00e3o sendo discutidas medidas de seguran\u00e7a para evitar que epis\u00f3dios como o de Hillary se repitam. Algumas dessas propostas incluem:<\/p>\n<ul>\n<li><strong>Monitoramento Policial:<\/strong> Aumento da presen\u00e7a de policiais em eventos e festas, com patrulhas constantes nas \u00e1reas adjacentes.<\/li>\n<li><strong>Ilumina\u00e7\u00e3o P\u00fablica:<\/strong> Melhorias na ilumina\u00e7\u00e3o das ruas e caminhos que s\u00e3o comumente usados por jovens durante a noite.<\/li>\n<li><strong>C\u00e2meras de Vigil\u00e2ncia:<\/strong> Instala\u00e7\u00e3o de c\u00e2meras em locais estrat\u00e9gicos a fim de inibir comportamentos violentos e registrar ocorr\u00eancias.<\/li>\n<li><strong>Educa\u00e7\u00e3o e Conscientiza\u00e7\u00e3o:<\/strong> Campanhas educativas para jovens sobre como se comportar em situa\u00e7\u00f5es de risco e a import\u00e2ncia de n\u00e3o sa\u00edrem sozinhos em \u00e1reas desertas.<\/li>\n<\/ul>\n<h2>Impacto psicol\u00f3gico em v\u00edtimas de viol\u00eancia<\/h2>\n<p>A viol\u00eancia, mesmo f\u00edsica, deixa marcas profundas. O impacto psicol\u00f3gico em v\u00edtimas de ataques como o enfrentado por Hillary pode ser devastador. O medo pode se transformar em traumas duradouros, levando a problemas como ansiedade, depress\u00e3o e fobias sociais.<\/p>\n<p>Um suporte psicol\u00f3gico pode ser crucial para ajudar as v\u00edtimas a lidarem com suas experi\u00eancias. Programas de acolhimento e reabilita\u00e7\u00e3o devem ser oferecidos em conjunto com o trabalho das autoridades para tratar n\u00e3o apenas as feridas f\u00edsicas, mas tamb\u00e9m as emocionais.<\/p>\n<h2>O papel da pol\u00edcia em ataques desse tipo<\/h2>\n<p>A atua\u00e7\u00e3o da pol\u00edcia \u00e9 fundamental para garantir a seguran\u00e7a p\u00fablica. No entanto, a rea\u00e7\u00e3o r\u00e1pida e eficaz das autoridades n\u00e3o deve ser somente ap\u00f3s o ocorrido, mas tamb\u00e9m uma preventiva, que se antecipa a situa\u00e7\u00f5es de viol\u00eancia. \u00c9 necess\u00e1rio construir uma rela\u00e7\u00e3o de confian\u00e7a entre a comunidade e a pol\u00edcia, onde as pessoas sintam-se \u00e0 vontade para relatar comportamentos suspeitos e colaborar com a seguran\u00e7a.<\/p>\n<p>Investiga\u00e7\u00f5es devem ser prontamente iniciadas para n\u00e3o apenas capturar os agressores, mas tamb\u00e9m para entender as din\u00e2micas que levam a tais agress\u00f5es. Uma abordagem proativa e abrangente pode ajudar a reduzir estat\u00edsticas alarmantes relacionadas a crimes violentos.<\/p>\n<h2>Relatos de outras v\u00edtimas na regi\u00e3o<\/h2>\n<p>A hist\u00f3ria de Hillary n\u00e3o \u00e9 um caso isolado. Outras v\u00edtimas de viol\u00eancia em eventos festivos t\u00eam surgido nas not\u00edcias locais. Algumas jovens relatam experi\u00eancias que v\u00e3o desde ass\u00e9dios at\u00e9 agress\u00f5es f\u00edsicas. Essa sequ\u00eancia de relatos destaca uma realidade preocupante que precisa ser abordada com seriedade pelas autoridades.<\/p>\n<p>Atrav\u00e9s do compartilhamento de hist\u00f3rias semelhantes, as v\u00edtimas n\u00e3o apenas quebram o sil\u00eancio que muitas vezes as silencia, mas tamb\u00e9m criam uma rede de apoio entre elas que pode ajudar a promover a cura e a conscientiza\u00e7\u00e3o sobre a gravidade do problema.<\/p>\n<h2>Como prevenir ataques em ambientes urbanos<\/h2>\n<p>A preven\u00e7\u00e3o de ataques em ambientes urbanos, como festas e eventos, exige uma combina\u00e7\u00e3o de seguran\u00e7a p\u00fablica e conscientiza\u00e7\u00e3o comunit\u00e1ria. Regras devem ser estabelecidas e respeitadas, como:<\/p>\n<ul>\n<li><strong>Forma\u00e7\u00e3o de Grupos:<\/strong> Incentivar amigos e familiares a se manterem juntos e acompanharem uns aos outros ao sair.<\/li>\n<li><strong>Uso de Transporte Seguro:<\/strong> Recomendar o uso de aplicativos de transporte, que garantam uma forma mais segura de voltar para casa.<\/li>\n<li><strong>Eventos Controlados:<\/strong> O planejamento de eventos deve incluir medidas de seguran\u00e7a concretas, como acesso controlado e equipe de seguran\u00e7a capacitada.<\/li>\n<li><strong>Comunitariza\u00e7\u00e3o:<\/strong> Incitar a participa\u00e7\u00e3o da comunidade em iniciativas de seguran\u00e7a, envolvendo moradores e empres\u00e1rios locais.<\/li>\n<\/ul>\n<h2>A import\u00e2ncia de denunciar agress\u00f5es<\/h2>\n<p>A den\u00fancia de agress\u00f5es \u00e9 um passo vital. N\u00e3o apenas para buscar justi\u00e7a no caso espec\u00edfico, mas tamb\u00e9m para criar um hist\u00f3rico que pode ajudar no combate \u00e0 viol\u00eancia em geral. Muitas v\u00edtimas hesitam em relatar e buscar ajuda devido ao medo de repres\u00e1lias ou \u00e0 cren\u00e7a nessa cren\u00e7a n\u00e3o ser levada a s\u00e9rio.<\/p>\n<p>Campanhas que promovam a valoriza\u00e7\u00e3o da voz da v\u00edtima e esclare\u00e7am os canais dispon\u00edveis para den\u00fancias s\u00e3o essenciais para que todos se sintam seguros ao procurar o amparo necess\u00e1rio. Al\u00e9m disso, a cria\u00e7\u00e3o de protocolos claros para atender e apoiar v\u00edtimas \u00e9 fundamental.<\/p>\n<h2>Discuss\u00f5es sobre seguran\u00e7a p\u00fablica em festas<\/h2>\n<p>Como visto no caso de Hillary, a seguran\u00e7a p\u00fablica em festas e eventos \u00e9 um tema que deve estar em constante debate. \u00c9 imperativo que as pol\u00edticas p\u00fablicas evoluam junto com as necessidades da comunidade. Espa\u00e7os de di\u00e1logo entre o governo, a pol\u00edcia e a popula\u00e7\u00e3o podem enriquecer a discuss\u00e3o, promovendo solu\u00e7\u00f5es inovadoras que, de fato, tornem os ambientes festivos mais seguros.<\/p>\n<p>Projetos que envolvam a colabora\u00e7\u00e3o entre diversas entidades, como ONGs e institui\u00e7\u00f5es de ensino, tamb\u00e9m devem ser explorados para criar uma rede de apoio eficaz. As festas n\u00e3o devem ser sin\u00f4nimo de risco, mas sim de celebra\u00e7\u00e3o e alegria. Portanto, iniciativas comunit\u00e1rias para refor\u00e7ar a seguran\u00e7a s\u00e3o imprescind\u00edveis.<\/p>\n\n<div style=\"font-size: 0px; height: 0px; line-height: 0px; margin: 0; padding: 0; clear: both;\"><\/div>","protected":false},"excerpt":{"rendered":"<p>Adolescente \u00e9 atacada com garrafadas ap\u00f3s festa em Piracicaba (SP).<\/p>\n","protected":false},"author":1,"featured_media":5213,"comment_status":"closed","ping_status":"closed","sticky":false,"template":"","format":"standard","meta":{"footnotes":""},"categories":[6],"tags":[],"class_list":["post-5214","post","type-post","status-publish","format-standard","has-post-thumbnail","hentry","category-noticias-em-piracicaba","has_thumb"],"aioseo_notices":[],"aioseo_head":"\n\t\t<!-- All in One SEO 5.0.0.1 - aioseo.com -->\n\t<meta name=\"robots\" content=\"max-image-preview:large\" \/>\n\t<meta name=\"author\" content=\"Encontra Piracicaba\"\/>\n\t<link rel=\"canonical\" href=\"https:\/\/www.encontrapiracicaba.com.br\/sobre\/adolescente-e-atacada-com-garrafadas-por-homem-apos-festa-em-piracicaba-sp\/\" \/>\n\t<meta name=\"generator\" content=\"All in One SEO (AIOSEO) 5.0.0.1\" \/>\n\t\t<meta property=\"og:locale\" content=\"pt_BR\" \/>\n\t\t<meta property=\"og:site_name\" content=\"Encontra Piracicaba | Not\u00edcias, eventos, informa\u00e7\u00f5es e dicas na cidade de Piracicaba e regi\u00e3o\" \/>\n\t\t<meta property=\"og:type\" content=\"article\" \/>\n\t\t<meta property=\"og:title\" content=\"Adolescente \u00e9 atacada com garrafadas por homem ap\u00f3s festa em Piracicaba (SP) | Encontra Piracicaba\" \/>\n\t\t<meta property=\"og:url\" content=\"https:\/\/www.encontrapiracicaba.com.br\/sobre\/adolescente-e-atacada-com-garrafadas-por-homem-apos-festa-em-piracicaba-sp\/\" \/>\n\t\t<meta property=\"article:published_time\" content=\"2026-08-28T08:03:24+00:00\" \/>\n\t\t<meta property=\"article:modified_time\" content=\"2026-08-28T08:03:24+00:00\" \/>\n\t\t<meta name=\"twitter:card\" content=\"summary\" \/>\n\t\t<meta name=\"twitter:title\" content=\"Adolescente \u00e9 atacada com garrafadas por homem ap\u00f3s festa em Piracicaba (SP) | Encontra Piracicaba\" \/>\n\t\t<script type=\"application\/ld+json\" class=\"aioseo-schema\">\n\t\t\t{\"@context\":\"https:\\\/\\\/schema.org\",\"@graph\":[{\"@type\":\"Article\",\"@id\":\"https:\\\/\\\/www.encontrapiracicaba.com.br\\\/sobre\\\/adolescente-e-atacada-com-garrafadas-por-homem-apos-festa-em-piracicaba-sp\\\/#article\",\"name\":\"Adolescente \\u00e9 atacada com garrafadas por homem ap\\u00f3s festa em Piracicaba (SP) | Encontra Piracicaba\",\"headline\":\"Adolescente \\u00e9 atacada com garrafadas por homem ap\\u00f3s festa em Piracicaba (SP)\",\"author\":{\"@id\":\"https:\\\/\\\/www.encontrapiracicaba.com.br\\\/sobre\\\/author\\\/epiracicaba\\\/#author\"},\"publisher\":{\"@id\":\"https:\\\/\\\/www.encontrapiracicaba.com.br\\\/sobre\\\/#organization\"},\"image\":{\"@type\":\"ImageObject\",\"url\":\"https:\\\/\\\/www.encontrapiracicaba.com.br\\\/sobre\\\/wp-content\\\/uploads\\\/adolescente-e-atacada-com-garrafadas-por-homem-apos-festa-em-piracicaba-sp.webp\",\"width\":280,\"height\":280,\"caption\":\"ataque a adolescente Piracicaba\"},\"datePublished\":\"2026-08-28T05:03:24-03:00\",\"dateModified\":\"2026-08-28T05:03:24-03:00\",\"inLanguage\":\"pt-BR\",\"mainEntityOfPage\":{\"@id\":\"https:\\\/\\\/www.encontrapiracicaba.com.br\\\/sobre\\\/adolescente-e-atacada-com-garrafadas-por-homem-apos-festa-em-piracicaba-sp\\\/#webpage\"},\"isPartOf\":{\"@id\":\"https:\\\/\\\/www.encontrapiracicaba.com.br\\\/sobre\\\/adolescente-e-atacada-com-garrafadas-por-homem-apos-festa-em-piracicaba-sp\\\/#webpage\"},\"articleSection\":\"Not\\u00edcias Piracicaba\"},{\"@type\":\"BreadcrumbList\",\"@id\":\"https:\\\/\\\/www.encontrapiracicaba.com.br\\\/sobre\\\/adolescente-e-atacada-com-garrafadas-por-homem-apos-festa-em-piracicaba-sp\\\/#breadcrumblist\",\"itemListElement\":[{\"@type\":\"ListItem\",\"@id\":\"https:\\\/\\\/www.encontrapiracicaba.com.br\\\/sobre#listItem\",\"position\":1,\"name\":\"In\\u00edcio\",\"item\":\"https:\\\/\\\/www.encontrapiracicaba.com.br\\\/sobre\",\"nextItem\":{\"@type\":\"ListItem\",\"@id\":\"https:\\\/\\\/www.encontrapiracicaba.com.br\\\/sobre\\\/noticias-em-piracicaba\\\/#listItem\",\"name\":\"Not\\u00edcias Piracicaba\"}},{\"@type\":\"ListItem\",\"@id\":\"https:\\\/\\\/www.encontrapiracicaba.com.br\\\/sobre\\\/noticias-em-piracicaba\\\/#listItem\",\"position\":2,\"name\":\"Not\\u00edcias Piracicaba\",\"item\":\"https:\\\/\\\/www.encontrapiracicaba.com.br\\\/sobre\\\/noticias-em-piracicaba\\\/\",\"nextItem\":{\"@type\":\"ListItem\",\"@id\":\"https:\\\/\\\/www.encontrapiracicaba.com.br\\\/sobre\\\/adolescente-e-atacada-com-garrafadas-por-homem-apos-festa-em-piracicaba-sp\\\/#listItem\",\"name\":\"Adolescente \\u00e9 atacada com garrafadas por homem ap\\u00f3s festa em Piracicaba (SP)\"},\"previousItem\":{\"@type\":\"ListItem\",\"@id\":\"https:\\\/\\\/www.encontrapiracicaba.com.br\\\/sobre#listItem\",\"name\":\"In\\u00edcio\"}},{\"@type\":\"ListItem\",\"@id\":\"https:\\\/\\\/www.encontrapiracicaba.com.br\\\/sobre\\\/adolescente-e-atacada-com-garrafadas-por-homem-apos-festa-em-piracicaba-sp\\\/#listItem\",\"position\":3,\"name\":\"Adolescente \\u00e9 atacada com garrafadas por homem ap\\u00f3s festa em Piracicaba (SP)\",\"previousItem\":{\"@type\":\"ListItem\",\"@id\":\"https:\\\/\\\/www.encontrapiracicaba.com.br\\\/sobre\\\/noticias-em-piracicaba\\\/#listItem\",\"name\":\"Not\\u00edcias Piracicaba\"}}]},{\"@type\":\"Organization\",\"@id\":\"https:\\\/\\\/www.encontrapiracicaba.com.br\\\/sobre\\\/#organization\",\"name\":\"Encontra Piracicaba\",\"description\":\"Not\\u00edcias, eventos, informa\\u00e7\\u00f5es e dicas na cidade de Piracicaba e regi\\u00e3o\",\"url\":\"https:\\\/\\\/www.encontrapiracicaba.com.br\\\/sobre\\\/\"},{\"@type\":\"Person\",\"@id\":\"https:\\\/\\\/www.encontrapiracicaba.com.br\\\/sobre\\\/author\\\/epiracicaba\\\/#author\",\"url\":\"https:\\\/\\\/www.encontrapiracicaba.com.br\\\/sobre\\\/author\\\/epiracicaba\\\/\",\"name\":\"Encontra Piracicaba\",\"image\":{\"@type\":\"ImageObject\",\"@id\":\"https:\\\/\\\/www.encontrapiracicaba.com.br\\\/sobre\\\/adolescente-e-atacada-com-garrafadas-por-homem-apos-festa-em-piracicaba-sp\\\/#authorImage\",\"url\":\"https:\\\/\\\/secure.gravatar.com\\\/avatar\\\/507340682b8270222e1f208e23198b6ae7e2c6a1033ae84e99bc6bce4f82a387?s=96&d=mm&r=g\",\"width\":96,\"height\":96,\"caption\":\"Encontra Piracicaba\"}},{\"@type\":\"WebPage\",\"@id\":\"https:\\\/\\\/www.encontrapiracicaba.com.br\\\/sobre\\\/adolescente-e-atacada-com-garrafadas-por-homem-apos-festa-em-piracicaba-sp\\\/#webpage\",\"url\":\"https:\\\/\\\/www.encontrapiracicaba.com.br\\\/sobre\\\/adolescente-e-atacada-com-garrafadas-por-homem-apos-festa-em-piracicaba-sp\\\/\",\"name\":\"Adolescente \\u00e9 atacada com garrafadas por homem ap\\u00f3s festa em Piracicaba (SP) | Encontra Piracicaba\",\"inLanguage\":\"pt-BR\",\"isPartOf\":{\"@id\":\"https:\\\/\\\/www.encontrapiracicaba.com.br\\\/sobre\\\/#website\"},\"breadcrumb\":{\"@id\":\"https:\\\/\\\/www.encontrapiracicaba.com.br\\\/sobre\\\/adolescente-e-atacada-com-garrafadas-por-homem-apos-festa-em-piracicaba-sp\\\/#breadcrumblist\"},\"author\":{\"@id\":\"https:\\\/\\\/www.encontrapiracicaba.com.br\\\/sobre\\\/author\\\/epiracicaba\\\/#author\"},\"creator\":{\"@id\":\"https:\\\/\\\/www.encontrapiracicaba.com.br\\\/sobre\\\/author\\\/epiracicaba\\\/#author\"},\"image\":{\"@type\":\"ImageObject\",\"url\":\"https:\\\/\\\/www.encontrapiracicaba.com.br\\\/sobre\\\/wp-content\\\/uploads\\\/adolescente-e-atacada-com-garrafadas-por-homem-apos-festa-em-piracicaba-sp.webp\",\"@id\":\"https:\\\/\\\/www.encontrapiracicaba.com.br\\\/sobre\\\/adolescente-e-atacada-com-garrafadas-por-homem-apos-festa-em-piracicaba-sp\\\/#mainImage\",\"width\":280,\"height\":280,\"caption\":\"ataque a adolescente Piracicaba\"},\"primaryImageOfPage\":{\"@id\":\"https:\\\/\\\/www.encontrapiracicaba.com.br\\\/sobre\\\/adolescente-e-atacada-com-garrafadas-por-homem-apos-festa-em-piracicaba-sp\\\/#mainImage\"},\"datePublished\":\"2026-08-28T05:03:24-03:00\",\"dateModified\":\"2026-08-28T05:03:24-03:00\"},{\"@type\":\"WebSite\",\"@id\":\"https:\\\/\\\/www.encontrapiracicaba.com.br\\\/sobre\\\/#website\",\"url\":\"https:\\\/\\\/www.encontrapiracicaba.com.br\\\/sobre\\\/\",\"name\":\"Encontra Piracicaba\",\"description\":\"Not\\u00edcias, eventos, informa\\u00e7\\u00f5es e dicas na cidade de Piracicaba e regi\\u00e3o\",\"inLanguage\":\"pt-BR\",\"publisher\":{\"@id\":\"https:\\\/\\\/www.encontrapiracicaba.com.br\\\/sobre\\\/#organization\"}}]}\n\t\t<\/script>\n\t\t<!-- All in One SEO -->\n\n","aioseo_head_json":{"title":"Adolescente \u00e9 atacada com garrafadas por homem ap\u00f3s festa em Piracicaba (SP) | Encontra Piracicaba","description":"","canonical_url":"https:\/\/www.encontrapiracicaba.com.br\/sobre\/adolescente-e-atacada-com-garrafadas-por-homem-apos-festa-em-piracicaba-sp\/","robots":"max-image-preview:large","keywords":"","webmasterTools":{"miscellaneous":""},"schema":{"@context":"https:\/\/schema.org","@graph":[{"@type":"Article","@id":"https:\/\/www.encontrapiracicaba.com.br\/sobre\/adolescente-e-atacada-com-garrafadas-por-homem-apos-festa-em-piracicaba-sp\/#article","name":"Adolescente \u00e9 atacada com garrafadas por homem ap\u00f3s festa em Piracicaba (SP) | Encontra Piracicaba","headline":"Adolescente \u00e9 atacada com garrafadas por homem ap\u00f3s festa em Piracicaba (SP)","author":{"@id":"https:\/\/www.encontrapiracicaba.com.br\/sobre\/author\/epiracicaba\/#author"},"publisher":{"@id":"https:\/\/www.encontrapiracicaba.com.br\/sobre\/#organization"},"image":{"@type":"ImageObject","url":"https:\/\/www.encontrapiracicaba.com.br\/sobre\/wp-content\/uploads\/adolescente-e-atacada-com-garrafadas-por-homem-apos-festa-em-piracicaba-sp.webp","width":280,"height":280,"caption":"ataque a adolescente Piracicaba"},"datePublished":"2026-08-28T05:03:24-03:00","dateModified":"2026-08-28T05:03:24-03:00","inLanguage":"pt-BR","mainEntityOfPage":{"@id":"https:\/\/www.encontrapiracicaba.com.br\/sobre\/adolescente-e-atacada-com-garrafadas-por-homem-apos-festa-em-piracicaba-sp\/#webpage"},"isPartOf":{"@id":"https:\/\/www.encontrapiracicaba.com.br\/sobre\/adolescente-e-atacada-com-garrafadas-por-homem-apos-festa-em-piracicaba-sp\/#webpage"},"articleSection":"Not\u00edcias Piracicaba"},{"@type":"BreadcrumbList","@id":"https:\/\/www.encontrapiracicaba.com.br\/sobre\/adolescente-e-atacada-com-garrafadas-por-homem-apos-festa-em-piracicaba-sp\/#breadcrumblist","itemListElement":[{"@type":"ListItem","@id":"https:\/\/www.encontrapiracicaba.com.br\/sobre#listItem","position":1,"name":"In\u00edcio","item":"https:\/\/www.encontrapiracicaba.com.br\/sobre","nextItem":{"@type":"ListItem","@id":"https:\/\/www.encontrapiracicaba.com.br\/sobre\/noticias-em-piracicaba\/#listItem","name":"Not\u00edcias Piracicaba"}},{"@type":"ListItem","@id":"https:\/\/www.encontrapiracicaba.com.br\/sobre\/noticias-em-piracicaba\/#listItem","position":2,"name":"Not\u00edcias Piracicaba","item":"https:\/\/www.encontrapiracicaba.com.br\/sobre\/noticias-em-piracicaba\/","nextItem":{"@type":"ListItem","@id":"https:\/\/www.encontrapiracicaba.com.br\/sobre\/adolescente-e-atacada-com-garrafadas-por-homem-apos-festa-em-piracicaba-sp\/#listItem","name":"Adolescente \u00e9 atacada com garrafadas por homem ap\u00f3s festa em Piracicaba (SP)"},"previousItem":{"@type":"ListItem","@id":"https:\/\/www.encontrapiracicaba.com.br\/sobre#listItem","name":"In\u00edcio"}},{"@type":"ListItem","@id":"https:\/\/www.encontrapiracicaba.com.br\/sobre\/adolescente-e-atacada-com-garrafadas-por-homem-apos-festa-em-piracicaba-sp\/#listItem","position":3,"name":"Adolescente \u00e9 atacada com garrafadas por homem ap\u00f3s festa em Piracicaba (SP)","previousItem":{"@type":"ListItem","@id":"https:\/\/www.encontrapiracicaba.com.br\/sobre\/noticias-em-piracicaba\/#listItem","name":"Not\u00edcias Piracicaba"}}]},{"@type":"Organization","@id":"https:\/\/www.encontrapiracicaba.com.br\/sobre\/#organization","name":"Encontra Piracicaba","description":"Not\u00edcias, eventos, informa\u00e7\u00f5es e dicas na cidade de Piracicaba e regi\u00e3o","url":"https:\/\/www.encontrapiracicaba.com.br\/sobre\/"},{"@type":"Person","@id":"https:\/\/www.encontrapiracicaba.com.br\/sobre\/author\/epiracicaba\/#author","url":"https:\/\/www.encontrapiracicaba.com.br\/sobre\/author\/epiracicaba\/","name":"Encontra Piracicaba","image":{"@type":"ImageObject","@id":"https:\/\/www.encontrapiracicaba.com.br\/sobre\/adolescente-e-atacada-com-garrafadas-por-homem-apos-festa-em-piracicaba-sp\/#authorImage","url":"https:\/\/secure.gravatar.com\/avatar\/507340682b8270222e1f208e23198b6ae7e2c6a1033ae84e99bc6bce4f82a387?s=96&d=mm&r=g","width":96,"height":96,"caption":"Encontra Piracicaba"}},{"@type":"WebPage","@id":"https:\/\/www.encontrapiracicaba.com.br\/sobre\/adolescente-e-atacada-com-garrafadas-por-homem-apos-festa-em-piracicaba-sp\/#webpage","url":"https:\/\/www.encontrapiracicaba.com.br\/sobre\/adolescente-e-atacada-com-garrafadas-por-homem-apos-festa-em-piracicaba-sp\/","name":"Adolescente \u00e9 atacada com garrafadas por homem ap\u00f3s festa em Piracicaba (SP) | Encontra Piracicaba","inLanguage":"pt-BR","isPartOf":{"@id":"https:\/\/www.encontrapiracicaba.com.br\/sobre\/#website"},"breadcrumb":{"@id":"https:\/\/www.encontrapiracicaba.com.br\/sobre\/adolescente-e-atacada-com-garrafadas-por-homem-apos-festa-em-piracicaba-sp\/#breadcrumblist"},"author":{"@id":"https:\/\/www.encontrapiracicaba.com.br\/sobre\/author\/epiracicaba\/#author"},"creator":{"@id":"https:\/\/www.encontrapiracicaba.com.br\/sobre\/author\/epiracicaba\/#author"},"image":{"@type":"ImageObject","url":"https:\/\/www.encontrapiracicaba.com.br\/sobre\/wp-content\/uploads\/adolescente-e-atacada-com-garrafadas-por-homem-apos-festa-em-piracicaba-sp.webp","@id":"https:\/\/www.encontrapiracicaba.com.br\/sobre\/adolescente-e-atacada-com-garrafadas-por-homem-apos-festa-em-piracicaba-sp\/#mainImage","width":280,"height":280,"caption":"ataque a adolescente Piracicaba"},"primaryImageOfPage":{"@id":"https:\/\/www.encontrapiracicaba.com.br\/sobre\/adolescente-e-atacada-com-garrafadas-por-homem-apos-festa-em-piracicaba-sp\/#mainImage"},"datePublished":"2026-08-28T05:03:24-03:00","dateModified":"2026-08-28T05:03:24-03:00"},{"@type":"WebSite","@id":"https:\/\/www.encontrapiracicaba.com.br\/sobre\/#website","url":"https:\/\/www.encontrapiracicaba.com.br\/sobre\/","name":"Encontra Piracicaba","description":"Not\u00edcias, eventos, informa\u00e7\u00f5es e dicas na cidade de Piracicaba e regi\u00e3o","inLanguage":"pt-BR","publisher":{"@id":"https:\/\/www.encontrapiracicaba.com.br\/sobre\/#organization"}}]},"og:locale":"pt_BR","og:site_name":"Encontra Piracicaba | Not\u00edcias, eventos, informa\u00e7\u00f5es e dicas na cidade de Piracicaba e regi\u00e3o","og:type":"article","og:title":"Adolescente \u00e9 atacada com garrafadas por homem ap\u00f3s festa em Piracicaba (SP) | Encontra Piracicaba","og:url":"https:\/\/www.encontrapiracicaba.com.br\/sobre\/adolescente-e-atacada-com-garrafadas-por-homem-apos-festa-em-piracicaba-sp\/","article:published_time":"2026-08-28T08:03:24+00:00","article:modified_time":"2026-08-28T08:03:24+00:00","twitter:card":"summary","twitter:title":"Adolescente \u00e9 atacada com garrafadas por homem ap\u00f3s festa em Piracicaba (SP) | Encontra Piracicaba"},"aioseo_meta_data":{"post_id":"5214","title":null,"description":null,"keywords":null,"keyphrases":null,"primary_term":null,"canonical_url":null,"og_title":null,"og_description":null,"og_object_type":"default","og_image_type":"default","og_image_url":null,"og_image_width":null,"og_image_height":null,"og_image_custom_url":null,"og_image_custom_fields":null,"og_video":null,"og_custom_url":null,"og_article_section":null,"og_article_tags":null,"twitter_use_og":false,"twitter_card":"default","twitter_image_type":"default","twitter_image_url":null,"twitter_image_custom_url":null,"twitter_image_custom_fields":null,"twitter_title":null,"twitter_description":null,"schema":{"blockGraphs":[],"customGraphs":[],"default":{"data":{"Article":[],"Course":[],"Dataset":[],"FAQPage":[],"Movie":[],"Person":[],"Product":[],"ProductReview":[],"Car":[],"Recipe":[],"Service":[],"SoftwareApplication":[],"WebPage":[]},"graphName":"Article","isEnabled":true},"graphs":[]},"schema_type":"default","schema_type_options":null,"pillar_content":false,"robots_default":true,"robots_noindex":false,"robots_noarchive":false,"robots_nosnippet":false,"robots_nofollow":false,"robots_noimageindex":false,"robots_noodp":false,"robots_notranslate":false,"robots_max_snippet":null,"robots_max_videopreview":null,"robots_max_imagepreview":"large","priority":null,"frequency":null,"local_seo":null,"breadcrumb_settings":null,"limit_modified_date":false,"ai":null,"created":"2026-08-28 08:03:24","updated":"2026-08-28 08:38:47","focus_keyword":null,"additional_keywords":null,"truseo_locale":null,"seo_analyzer_scan_date":null},"aioseo_breadcrumb":"<div class=\"aioseo-breadcrumbs\"><span class=\"aioseo-breadcrumb\">\n\t\t\t<a href=\"https:\/\/www.encontrapiracicaba.com.br\/sobre\" title=\"In\u00edcio\">In\u00edcio<\/a>\n\t\t<\/span><span class=\"aioseo-breadcrumb-separator\">&raquo;<\/span><span class=\"aioseo-breadcrumb\">\n\t\t\t<a href=\"https:\/\/www.encontrapiracicaba.com.br\/sobre\/noticias-em-piracicaba\/\" title=\"Not\u00edcias Piracicaba\">Not\u00edcias Piracicaba<\/a>\n\t\t<\/span><span class=\"aioseo-breadcrumb-separator\">&raquo;<\/span><span class=\"aioseo-breadcrumb\">\n\t\t\tAdolescente \u00e9 atacada com garrafadas por homem ap\u00f3s festa em Piracicaba (SP)\n\t\t<\/span><\/div>","aioseo_breadcrumb_json":[{"label":"In\u00edcio","link":"https:\/\/www.encontrapiracicaba.com.br\/sobre"},{"label":"Not\u00edcias Piracicaba","link":"https:\/\/www.encontrapiracicaba.com.br\/sobre\/noticias-em-piracicaba\/"},{"label":"Adolescente \u00e9 atacada com garrafadas por homem ap\u00f3s festa em Piracicaba (SP)","link":"https:\/\/www.encontrapiracicaba.com.br\/sobre\/adolescente-e-atacada-com-garrafadas-por-homem-apos-festa-em-piracicaba-sp\/"}],"_links":{"self":[{"href":"https:\/\/www.encontrapiracicaba.com.br\/sobre\/wp-json\/wp\/v2\/posts\/5214","targetHints":{"allow":["GET"]}}],"collection":[{"href":"https:\/\/www.encontrapiracicaba.com.br\/sobre\/wp-json\/wp\/v2\/posts"}],"about":[{"href":"https:\/\/www.encontrapiracicaba.com.br\/sobre\/wp-json\/wp\/v2\/types\/post"}],"author":[{"embeddable":true,"href":"https:\/\/www.encontrapiracicaba.com.br\/sobre\/wp-json\/wp\/v2\/users\/1"}],"replies":[{"embeddable":true,"href":"https:\/\/www.encontrapiracicaba.com.br\/sobre\/wp-json\/wp\/v2\/comments?post=5214"}],"version-history":[{"count":0,"href":"https:\/\/www.encontrapiracicaba.com.br\/sobre\/wp-json\/wp\/v2\/posts\/5214\/revisions"}],"wp:featuredmedia":[{"embeddable":true,"href":"https:\/\/www.encontrapiracicaba.com.br\/sobre\/wp-json\/wp\/v2\/media\/5213"}],"wp:attachment":[{"href":"https:\/\/www.encontrapiracicaba.com.br\/sobre\/wp-json\/wp\/v2\/media?parent=5214"}],"wp:term":[{"taxonomy":"category","embeddable":true,"href":"https:\/\/www.encontrapiracicaba.com.br\/sobre\/wp-json\/wp\/v2\/categories?post=5214"},{"taxonomy":"post_tag","embeddable":true,"href":"https:\/\/www.encontrapiracicaba.com.br\/sobre\/wp-json\/wp\/v2\/tags?post=5214"}],"curies":[{"name":"wp","href":"https:\/\/api.w.org\/{rel}","templated":true}]}}