{"id":5226,"date":"2026-08-29T05:02:47","date_gmt":"2026-08-29T08:02:47","guid":{"rendered":"https:\/\/www.encontrapiracicaba.com.br\/sobre\/caderneta-atrasada-regiao-de-piracicaba-tem-dia-d-de-multivacinacao-neste-sabado\/"},"modified":"2026-08-29T05:02:47","modified_gmt":"2026-08-29T08:02:47","slug":"caderneta-atrasada-regiao-de-piracicaba-tem-dia-d-de-multivacinacao-neste-sabado","status":"publish","type":"post","link":"https:\/\/www.encontrapiracicaba.com.br\/sobre\/caderneta-atrasada-regiao-de-piracicaba-tem-dia-d-de-multivacinacao-neste-sabado\/","title":{"rendered":"Caderneta atrasada? Regi\u00e3o de Piracicaba tem &#8216;Dia D&#8217; de multivacina\u00e7\u00e3o neste s\u00e1bado"},"content":{"rendered":"<div class=\"85df007ed5c0c4d4b453fd13a37855e8\" data-index=\"1\" style=\"float: none; margin:0px;\">\n<!-- Anuncio display - global -->\r\n<ins class=\"adsbygoogle\"\r\n     style=\"display:block\"\r\n     data-ad-client=\"ca-pub-8585364105181520\"\r\n     data-ad-slot=\"8789329856\"\r\n     data-ad-format=\"auto\"\r\n     data-full-width-responsive=\"true\"><\/ins>\r\n<script>\r\n     (adsbygoogle = window.adsbygoogle || []).push({});\r\n<\/script>\n<\/div>\n<h2>O que \u00e9 o Dia D de Multivacina\u00e7\u00e3o?<\/h2>\n<p>O Dia D de Multivacina\u00e7\u00e3o se refere a uma a\u00e7\u00e3o especial promovida pelo Minist\u00e9rio da Sa\u00fade, com o intuito de atualizar a caderneta de vacina\u00e7\u00e3o de crian\u00e7as e adolescentes que est\u00e3o com vacinas em atraso. Essa iniciativa ocorre em diversas cidades, com um foco particular na imuniza\u00e7\u00e3o de jovens menores de 15 anos, mas algumas localidades tamb\u00e9m oferecem vacinas para adultos.<\/p>\n<h2>Quem pode se vacinar?<\/h2>\n<p>O p\u00fablico-alvo principal dessa campanha s\u00e3o <strong>crian\u00e7as e adolescentes com menos de 15 anos<\/strong> que precisam completar suas vacinas de acordo com o calend\u00e1rio nacional. No entanto, em algumas cidades, a vacina\u00e7\u00e3o \u00e9 estendida a adultos e idosos, visando aumentar a cobertura vacinal em geral.<\/p>\n<h2>Documentos necess\u00e1rios para a vacina\u00e7\u00e3o<\/h2>\n<p>Para participar do Dia D de Multivacina\u00e7\u00e3o, \u00e9 necess\u00e1rio levar os seguintes documentos:<\/p>\n<p><img decoding=\"async\" src=\"https:\/\/www.encontrapiracicaba.com.br\/sobre\/wp-content\/uploads\/caderneta-atrasada-regiao-de-piracicaba-tem-dia-d-de-multivacinacao-neste-sabado.webp\" alt=\"Dia D de multivacina\u00e7\u00e3o\" loading=\"lazy\" \/><\/p>\n<ul>\n<li><strong>Caderneta de vacina\u00e7\u00e3o:<\/strong> Se dispon\u00edvel, \u00e9 importante levar a caderneta para que os profissionais de sa\u00fade possam verificar quais doses precisam ser aplicadas.<\/li>\n<li><strong>Documento de identifica\u00e7\u00e3o:<\/strong> Um documento pessoal com foto, como RG ou CPF, \u00e9 essencial para o registro da vacina\u00e7\u00e3o.<\/li>\n<\/ul>\n<h2>Cronograma de vacina\u00e7\u00e3o por cidade<\/h2>\n<p>O Dia D de Multivacina\u00e7\u00e3o acontece em diversas cidades da regi\u00e3o de Piracicaba. O in\u00edcio geralmente ocorre por volta das 7h da manh\u00e3 e as atividades podem se estender at\u00e9 a tarde, variando conforme a localidade. \u00c9 recomendado verificar os hor\u00e1rios espec\u00edficos em cada cidade.<\/p>\n<h2>Locais de vacina\u00e7\u00e3o em Piracicaba<\/h2>\n<p>Em Piracicaba, a vacina\u00e7\u00e3o ocorrer\u00e1 em v\u00e1rias Unidades B\u00e1sicas de Sa\u00fade (UBSs) e em locais especiais montados para facilitar o acesso da popula\u00e7\u00e3o. Aqui est\u00e3o alguns dos principais locais de vacina\u00e7\u00e3o:<\/p>\n<ul>\n<li><strong>UBS Novo Horizonte<\/strong><\/li>\n<li><strong>UBS Santa Teresinha<\/strong><\/li>\n<li><strong>UBS Vila Cristina<\/strong><\/li>\n<\/ul>\n<p>Al\u00e9m disso, haver\u00e1 atendimento em shopping centers, proporcionando mais op\u00e7\u00f5es para a popula\u00e7\u00e3o.<\/p>\n<h2>Vacinas dispon\u00edveis na campanha<\/h2>\n<p>Dentre as vacinas que ser\u00e3o oferecidas no Dia D, incluem-se:<\/p>\n<ul>\n<li><strong>Vacina contra poliomielite<\/strong><\/li>\n<li><strong>Vacina contra sarampo<\/strong><\/li>\n<li><strong>Vacinas para hepatites<\/strong><\/li>\n<li><strong>Vacinas contra meningites<\/strong><\/li>\n<li><strong>Vacina contra febre amarela<\/strong><\/li>\n<li><strong>Vacina contra gripe<\/strong><\/li>\n<li><strong>Vacinas contra Covid-19<\/strong><\/li>\n<li><strong>Vacina contra HPV<\/strong><\/li>\n<li><strong>Vacina contra dengue<\/strong><\/li>\n<li><strong>Pneumo 20<\/strong>: uma vacina nova que ser\u00e1 adicionada ao calend\u00e1rio para crian\u00e7as menores de 5 anos.<\/li>\n<\/ul>\n<h2>Import\u00e2ncia da vacina\u00e7\u00e3o em dia<\/h2>\n<p>A vacina\u00e7\u00e3o \u00e9 uma das maneiras mais eficazes de preven\u00e7\u00e3o de doen\u00e7as. Ter as vacinas em dia garante n\u00e3o apenas a prote\u00e7\u00e3o individual, mas tamb\u00e9m a prote\u00e7\u00e3o coletiva, contribuindo para a imunidade de rebanho e evitando surtos de doen\u00e7as. Manter a caderneta de vacina\u00e7\u00e3o atualizada \u00e9 fundamental para garantir a sa\u00fade e o bem-estar da popula\u00e7\u00e3o.<\/p>\n<h2>Como se preparar para o Dia D<\/h2>\n<p>Preparar-se para o Dia D de Multivacina\u00e7\u00e3o \u00e9 crucial para facilitar o processo. Aqui est\u00e3o algumas dicas:<\/p>\n<ul>\n<li><strong>Verifique a caderneta de vacina\u00e7\u00e3o:<\/strong> Antes do dia, analise as vacinas que faltam ser aplicadas.<\/li>\n<li><strong>Escolha o hor\u00e1rio e o local:<\/strong> Planeje-se para ir a um local menos movimentado, se poss\u00edvel.<\/li>\n<li><strong>Prepare os documentos:<\/strong> Separe a caderneta e os documentos de identifica\u00e7\u00e3o na noite anterior.<\/li>\n<\/ul>\n<h2>Dicas para uma vacina\u00e7\u00e3o tranquila<\/h2>\n<p>Para que a experi\u00eancia de vacina\u00e7\u00e3o seja mais tranquila, considere as seguintes sugest\u00f5es:<\/p>\n<ul>\n<li><strong>Leve algo que a crian\u00e7a goste:<\/strong> Brinquedos ou livros podem ajudar a distrair as crian\u00e7as.<\/li>\n<li><strong>Converse sobre a vacina\u00e7\u00e3o:<\/strong> Explique o processo e a import\u00e2ncia das vacinas de forma simples e tranquilizadora.<\/li>\n<li><strong>Vista roupas confort\u00e1veis:<\/strong> Facilite o acesso ao bra\u00e7o para a aplica\u00e7\u00e3o da vacina.<\/li>\n<\/ul>\n<h2>Campanhas adicionais de sa\u00fade na regi\u00e3o<\/h2>\n<p>Al\u00e9m do Dia D de Multivacina\u00e7\u00e3o, outras campanhas de promo\u00e7\u00e3o da sa\u00fade podem estar ocorrendo na regi\u00e3o, envolvendo desde exames preventivos a orienta\u00e7\u00f5es sobre doen\u00e7as. Fique atento \u00e0s informa\u00e7\u00f5es divulgadas pela Prefeitura e pela Secretaria de Sa\u00fade, pois estas a\u00e7\u00f5es s\u00e3o essenciais para a manuten\u00e7\u00e3o da sa\u00fade p\u00fablica e preven\u00e7\u00e3o de doen\u00e7as.<\/p>\n\n<div style=\"font-size: 0px; height: 0px; line-height: 0px; margin: 0; padding: 0; clear: both;\"><\/div>","protected":false},"excerpt":{"rendered":"<p>Dia D de multivacina\u00e7\u00e3o: descubra onde vacinar seus filhos em Piracicaba.<\/p>\n","protected":false},"author":1,"featured_media":5225,"comment_status":"closed","ping_status":"closed","sticky":false,"template":"","format":"standard","meta":{"footnotes":""},"categories":[6],"tags":[],"class_list":["post-5226","post","type-post","status-publish","format-standard","has-post-thumbnail","hentry","category-noticias-em-piracicaba","has_thumb"],"aioseo_notices":[],"aioseo_head":"\n\t\t<!-- All in One SEO 5.0.0.1 - aioseo.com -->\n\t<meta name=\"robots\" content=\"max-image-preview:large\" \/>\n\t<meta name=\"author\" content=\"Encontra Piracicaba\"\/>\n\t<link rel=\"canonical\" href=\"https:\/\/www.encontrapiracicaba.com.br\/sobre\/caderneta-atrasada-regiao-de-piracicaba-tem-dia-d-de-multivacinacao-neste-sabado\/\" \/>\n\t<meta name=\"generator\" content=\"All in One SEO (AIOSEO) 5.0.0.1\" \/>\n\t\t<meta property=\"og:locale\" content=\"pt_BR\" \/>\n\t\t<meta property=\"og:site_name\" content=\"Encontra Piracicaba | Not\u00edcias, eventos, informa\u00e7\u00f5es e dicas na cidade de Piracicaba e regi\u00e3o\" \/>\n\t\t<meta property=\"og:type\" content=\"article\" \/>\n\t\t<meta property=\"og:title\" content=\"Caderneta atrasada? Regi\u00e3o de Piracicaba tem \u2018Dia D\u2019 de multivacina\u00e7\u00e3o neste s\u00e1bado | Encontra Piracicaba\" \/>\n\t\t<meta property=\"og:url\" content=\"https:\/\/www.encontrapiracicaba.com.br\/sobre\/caderneta-atrasada-regiao-de-piracicaba-tem-dia-d-de-multivacinacao-neste-sabado\/\" \/>\n\t\t<meta property=\"article:published_time\" content=\"2026-08-29T08:02:47+00:00\" \/>\n\t\t<meta property=\"article:modified_time\" content=\"2026-08-29T08:02:47+00:00\" \/>\n\t\t<meta name=\"twitter:card\" content=\"summary\" \/>\n\t\t<meta name=\"twitter:title\" content=\"Caderneta atrasada? Regi\u00e3o de Piracicaba tem \u2018Dia D\u2019 de multivacina\u00e7\u00e3o neste s\u00e1bado | Encontra Piracicaba\" \/>\n\t\t<script type=\"application\/ld+json\" class=\"aioseo-schema\">\n\t\t\t{\"@context\":\"https:\\\/\\\/schema.org\",\"@graph\":[{\"@type\":\"Article\",\"@id\":\"https:\\\/\\\/www.encontrapiracicaba.com.br\\\/sobre\\\/caderneta-atrasada-regiao-de-piracicaba-tem-dia-d-de-multivacinacao-neste-sabado\\\/#article\",\"name\":\"Caderneta atrasada? Regi\\u00e3o de Piracicaba tem \\u2018Dia D\\u2019 de multivacina\\u00e7\\u00e3o neste s\\u00e1bado | Encontra Piracicaba\",\"headline\":\"Caderneta atrasada? Regi\\u00e3o de Piracicaba tem &#8216;Dia D&#8217; de multivacina\\u00e7\\u00e3o neste s\\u00e1bado\",\"author\":{\"@id\":\"https:\\\/\\\/www.encontrapiracicaba.com.br\\\/sobre\\\/author\\\/epiracicaba\\\/#author\"},\"publisher\":{\"@id\":\"https:\\\/\\\/www.encontrapiracicaba.com.br\\\/sobre\\\/#organization\"},\"image\":{\"@type\":\"ImageObject\",\"url\":\"https:\\\/\\\/www.encontrapiracicaba.com.br\\\/sobre\\\/wp-content\\\/uploads\\\/caderneta-atrasada-regiao-de-piracicaba-tem-dia-d-de-multivacinacao-neste-sabado.webp\",\"width\":280,\"height\":280,\"caption\":\"Dia D de multivacina\\u00e7\\u00e3o\"},\"datePublished\":\"2026-08-29T05:02:47-03:00\",\"dateModified\":\"2026-08-29T05:02:47-03:00\",\"inLanguage\":\"pt-BR\",\"mainEntityOfPage\":{\"@id\":\"https:\\\/\\\/www.encontrapiracicaba.com.br\\\/sobre\\\/caderneta-atrasada-regiao-de-piracicaba-tem-dia-d-de-multivacinacao-neste-sabado\\\/#webpage\"},\"isPartOf\":{\"@id\":\"https:\\\/\\\/www.encontrapiracicaba.com.br\\\/sobre\\\/caderneta-atrasada-regiao-de-piracicaba-tem-dia-d-de-multivacinacao-neste-sabado\\\/#webpage\"},\"articleSection\":\"Not\\u00edcias Piracicaba\"},{\"@type\":\"BreadcrumbList\",\"@id\":\"https:\\\/\\\/www.encontrapiracicaba.com.br\\\/sobre\\\/caderneta-atrasada-regiao-de-piracicaba-tem-dia-d-de-multivacinacao-neste-sabado\\\/#breadcrumblist\",\"itemListElement\":[{\"@type\":\"ListItem\",\"@id\":\"https:\\\/\\\/www.encontrapiracicaba.com.br\\\/sobre#listItem\",\"position\":1,\"name\":\"In\\u00edcio\",\"item\":\"https:\\\/\\\/www.encontrapiracicaba.com.br\\\/sobre\",\"nextItem\":{\"@type\":\"ListItem\",\"@id\":\"https:\\\/\\\/www.encontrapiracicaba.com.br\\\/sobre\\\/noticias-em-piracicaba\\\/#listItem\",\"name\":\"Not\\u00edcias Piracicaba\"}},{\"@type\":\"ListItem\",\"@id\":\"https:\\\/\\\/www.encontrapiracicaba.com.br\\\/sobre\\\/noticias-em-piracicaba\\\/#listItem\",\"position\":2,\"name\":\"Not\\u00edcias Piracicaba\",\"item\":\"https:\\\/\\\/www.encontrapiracicaba.com.br\\\/sobre\\\/noticias-em-piracicaba\\\/\",\"nextItem\":{\"@type\":\"ListItem\",\"@id\":\"https:\\\/\\\/www.encontrapiracicaba.com.br\\\/sobre\\\/caderneta-atrasada-regiao-de-piracicaba-tem-dia-d-de-multivacinacao-neste-sabado\\\/#listItem\",\"name\":\"Caderneta atrasada? Regi\\u00e3o de Piracicaba tem &#8216;Dia D&#8217; de multivacina\\u00e7\\u00e3o neste s\\u00e1bado\"},\"previousItem\":{\"@type\":\"ListItem\",\"@id\":\"https:\\\/\\\/www.encontrapiracicaba.com.br\\\/sobre#listItem\",\"name\":\"In\\u00edcio\"}},{\"@type\":\"ListItem\",\"@id\":\"https:\\\/\\\/www.encontrapiracicaba.com.br\\\/sobre\\\/caderneta-atrasada-regiao-de-piracicaba-tem-dia-d-de-multivacinacao-neste-sabado\\\/#listItem\",\"position\":3,\"name\":\"Caderneta atrasada? Regi\\u00e3o de Piracicaba tem &#8216;Dia D&#8217; de multivacina\\u00e7\\u00e3o neste s\\u00e1bado\",\"previousItem\":{\"@type\":\"ListItem\",\"@id\":\"https:\\\/\\\/www.encontrapiracicaba.com.br\\\/sobre\\\/noticias-em-piracicaba\\\/#listItem\",\"name\":\"Not\\u00edcias Piracicaba\"}}]},{\"@type\":\"Organization\",\"@id\":\"https:\\\/\\\/www.encontrapiracicaba.com.br\\\/sobre\\\/#organization\",\"name\":\"Encontra Piracicaba\",\"description\":\"Not\\u00edcias, eventos, informa\\u00e7\\u00f5es e dicas na cidade de Piracicaba e regi\\u00e3o\",\"url\":\"https:\\\/\\\/www.encontrapiracicaba.com.br\\\/sobre\\\/\"},{\"@type\":\"Person\",\"@id\":\"https:\\\/\\\/www.encontrapiracicaba.com.br\\\/sobre\\\/author\\\/epiracicaba\\\/#author\",\"url\":\"https:\\\/\\\/www.encontrapiracicaba.com.br\\\/sobre\\\/author\\\/epiracicaba\\\/\",\"name\":\"Encontra Piracicaba\",\"image\":{\"@type\":\"ImageObject\",\"@id\":\"https:\\\/\\\/www.encontrapiracicaba.com.br\\\/sobre\\\/caderneta-atrasada-regiao-de-piracicaba-tem-dia-d-de-multivacinacao-neste-sabado\\\/#authorImage\",\"url\":\"https:\\\/\\\/secure.gravatar.com\\\/avatar\\\/507340682b8270222e1f208e23198b6ae7e2c6a1033ae84e99bc6bce4f82a387?s=96&d=mm&r=g\",\"width\":96,\"height\":96,\"caption\":\"Encontra Piracicaba\"}},{\"@type\":\"WebPage\",\"@id\":\"https:\\\/\\\/www.encontrapiracicaba.com.br\\\/sobre\\\/caderneta-atrasada-regiao-de-piracicaba-tem-dia-d-de-multivacinacao-neste-sabado\\\/#webpage\",\"url\":\"https:\\\/\\\/www.encontrapiracicaba.com.br\\\/sobre\\\/caderneta-atrasada-regiao-de-piracicaba-tem-dia-d-de-multivacinacao-neste-sabado\\\/\",\"name\":\"Caderneta atrasada? Regi\\u00e3o de Piracicaba tem \\u2018Dia D\\u2019 de multivacina\\u00e7\\u00e3o neste s\\u00e1bado | Encontra Piracicaba\",\"inLanguage\":\"pt-BR\",\"isPartOf\":{\"@id\":\"https:\\\/\\\/www.encontrapiracicaba.com.br\\\/sobre\\\/#website\"},\"breadcrumb\":{\"@id\":\"https:\\\/\\\/www.encontrapiracicaba.com.br\\\/sobre\\\/caderneta-atrasada-regiao-de-piracicaba-tem-dia-d-de-multivacinacao-neste-sabado\\\/#breadcrumblist\"},\"author\":{\"@id\":\"https:\\\/\\\/www.encontrapiracicaba.com.br\\\/sobre\\\/author\\\/epiracicaba\\\/#author\"},\"creator\":{\"@id\":\"https:\\\/\\\/www.encontrapiracicaba.com.br\\\/sobre\\\/author\\\/epiracicaba\\\/#author\"},\"image\":{\"@type\":\"ImageObject\",\"url\":\"https:\\\/\\\/www.encontrapiracicaba.com.br\\\/sobre\\\/wp-content\\\/uploads\\\/caderneta-atrasada-regiao-de-piracicaba-tem-dia-d-de-multivacinacao-neste-sabado.webp\",\"@id\":\"https:\\\/\\\/www.encontrapiracicaba.com.br\\\/sobre\\\/caderneta-atrasada-regiao-de-piracicaba-tem-dia-d-de-multivacinacao-neste-sabado\\\/#mainImage\",\"width\":280,\"height\":280,\"caption\":\"Dia D de multivacina\\u00e7\\u00e3o\"},\"primaryImageOfPage\":{\"@id\":\"https:\\\/\\\/www.encontrapiracicaba.com.br\\\/sobre\\\/caderneta-atrasada-regiao-de-piracicaba-tem-dia-d-de-multivacinacao-neste-sabado\\\/#mainImage\"},\"datePublished\":\"2026-08-29T05:02:47-03:00\",\"dateModified\":\"2026-08-29T05:02:47-03:00\"},{\"@type\":\"WebSite\",\"@id\":\"https:\\\/\\\/www.encontrapiracicaba.com.br\\\/sobre\\\/#website\",\"url\":\"https:\\\/\\\/www.encontrapiracicaba.com.br\\\/sobre\\\/\",\"name\":\"Encontra Piracicaba\",\"description\":\"Not\\u00edcias, eventos, informa\\u00e7\\u00f5es e dicas na cidade de Piracicaba e regi\\u00e3o\",\"inLanguage\":\"pt-BR\",\"publisher\":{\"@id\":\"https:\\\/\\\/www.encontrapiracicaba.com.br\\\/sobre\\\/#organization\"}}]}\n\t\t<\/script>\n\t\t<!-- All in One SEO -->\n\n","aioseo_head_json":{"title":"Caderneta atrasada? Regi\u00e3o de Piracicaba tem \u2018Dia D\u2019 de multivacina\u00e7\u00e3o neste s\u00e1bado | Encontra Piracicaba","description":"","canonical_url":"https:\/\/www.encontrapiracicaba.com.br\/sobre\/caderneta-atrasada-regiao-de-piracicaba-tem-dia-d-de-multivacinacao-neste-sabado\/","robots":"max-image-preview:large","keywords":"","webmasterTools":{"miscellaneous":""},"schema":{"@context":"https:\/\/schema.org","@graph":[{"@type":"Article","@id":"https:\/\/www.encontrapiracicaba.com.br\/sobre\/caderneta-atrasada-regiao-de-piracicaba-tem-dia-d-de-multivacinacao-neste-sabado\/#article","name":"Caderneta atrasada? Regi\u00e3o de Piracicaba tem \u2018Dia D\u2019 de multivacina\u00e7\u00e3o neste s\u00e1bado | Encontra Piracicaba","headline":"Caderneta atrasada? Regi\u00e3o de Piracicaba tem &#8216;Dia D&#8217; de multivacina\u00e7\u00e3o neste s\u00e1bado","author":{"@id":"https:\/\/www.encontrapiracicaba.com.br\/sobre\/author\/epiracicaba\/#author"},"publisher":{"@id":"https:\/\/www.encontrapiracicaba.com.br\/sobre\/#organization"},"image":{"@type":"ImageObject","url":"https:\/\/www.encontrapiracicaba.com.br\/sobre\/wp-content\/uploads\/caderneta-atrasada-regiao-de-piracicaba-tem-dia-d-de-multivacinacao-neste-sabado.webp","width":280,"height":280,"caption":"Dia D de multivacina\u00e7\u00e3o"},"datePublished":"2026-08-29T05:02:47-03:00","dateModified":"2026-08-29T05:02:47-03:00","inLanguage":"pt-BR","mainEntityOfPage":{"@id":"https:\/\/www.encontrapiracicaba.com.br\/sobre\/caderneta-atrasada-regiao-de-piracicaba-tem-dia-d-de-multivacinacao-neste-sabado\/#webpage"},"isPartOf":{"@id":"https:\/\/www.encontrapiracicaba.com.br\/sobre\/caderneta-atrasada-regiao-de-piracicaba-tem-dia-d-de-multivacinacao-neste-sabado\/#webpage"},"articleSection":"Not\u00edcias Piracicaba"},{"@type":"BreadcrumbList","@id":"https:\/\/www.encontrapiracicaba.com.br\/sobre\/caderneta-atrasada-regiao-de-piracicaba-tem-dia-d-de-multivacinacao-neste-sabado\/#breadcrumblist","itemListElement":[{"@type":"ListItem","@id":"https:\/\/www.encontrapiracicaba.com.br\/sobre#listItem","position":1,"name":"In\u00edcio","item":"https:\/\/www.encontrapiracicaba.com.br\/sobre","nextItem":{"@type":"ListItem","@id":"https:\/\/www.encontrapiracicaba.com.br\/sobre\/noticias-em-piracicaba\/#listItem","name":"Not\u00edcias Piracicaba"}},{"@type":"ListItem","@id":"https:\/\/www.encontrapiracicaba.com.br\/sobre\/noticias-em-piracicaba\/#listItem","position":2,"name":"Not\u00edcias Piracicaba","item":"https:\/\/www.encontrapiracicaba.com.br\/sobre\/noticias-em-piracicaba\/","nextItem":{"@type":"ListItem","@id":"https:\/\/www.encontrapiracicaba.com.br\/sobre\/caderneta-atrasada-regiao-de-piracicaba-tem-dia-d-de-multivacinacao-neste-sabado\/#listItem","name":"Caderneta atrasada? Regi\u00e3o de Piracicaba tem &#8216;Dia D&#8217; de multivacina\u00e7\u00e3o neste s\u00e1bado"},"previousItem":{"@type":"ListItem","@id":"https:\/\/www.encontrapiracicaba.com.br\/sobre#listItem","name":"In\u00edcio"}},{"@type":"ListItem","@id":"https:\/\/www.encontrapiracicaba.com.br\/sobre\/caderneta-atrasada-regiao-de-piracicaba-tem-dia-d-de-multivacinacao-neste-sabado\/#listItem","position":3,"name":"Caderneta atrasada? Regi\u00e3o de Piracicaba tem &#8216;Dia D&#8217; de multivacina\u00e7\u00e3o neste s\u00e1bado","previousItem":{"@type":"ListItem","@id":"https:\/\/www.encontrapiracicaba.com.br\/sobre\/noticias-em-piracicaba\/#listItem","name":"Not\u00edcias Piracicaba"}}]},{"@type":"Organization","@id":"https:\/\/www.encontrapiracicaba.com.br\/sobre\/#organization","name":"Encontra Piracicaba","description":"Not\u00edcias, eventos, informa\u00e7\u00f5es e dicas na cidade de Piracicaba e regi\u00e3o","url":"https:\/\/www.encontrapiracicaba.com.br\/sobre\/"},{"@type":"Person","@id":"https:\/\/www.encontrapiracicaba.com.br\/sobre\/author\/epiracicaba\/#author","url":"https:\/\/www.encontrapiracicaba.com.br\/sobre\/author\/epiracicaba\/","name":"Encontra Piracicaba","image":{"@type":"ImageObject","@id":"https:\/\/www.encontrapiracicaba.com.br\/sobre\/caderneta-atrasada-regiao-de-piracicaba-tem-dia-d-de-multivacinacao-neste-sabado\/#authorImage","url":"https:\/\/secure.gravatar.com\/avatar\/507340682b8270222e1f208e23198b6ae7e2c6a1033ae84e99bc6bce4f82a387?s=96&d=mm&r=g","width":96,"height":96,"caption":"Encontra Piracicaba"}},{"@type":"WebPage","@id":"https:\/\/www.encontrapiracicaba.com.br\/sobre\/caderneta-atrasada-regiao-de-piracicaba-tem-dia-d-de-multivacinacao-neste-sabado\/#webpage","url":"https:\/\/www.encontrapiracicaba.com.br\/sobre\/caderneta-atrasada-regiao-de-piracicaba-tem-dia-d-de-multivacinacao-neste-sabado\/","name":"Caderneta atrasada? Regi\u00e3o de Piracicaba tem \u2018Dia D\u2019 de multivacina\u00e7\u00e3o neste s\u00e1bado | Encontra Piracicaba","inLanguage":"pt-BR","isPartOf":{"@id":"https:\/\/www.encontrapiracicaba.com.br\/sobre\/#website"},"breadcrumb":{"@id":"https:\/\/www.encontrapiracicaba.com.br\/sobre\/caderneta-atrasada-regiao-de-piracicaba-tem-dia-d-de-multivacinacao-neste-sabado\/#breadcrumblist"},"author":{"@id":"https:\/\/www.encontrapiracicaba.com.br\/sobre\/author\/epiracicaba\/#author"},"creator":{"@id":"https:\/\/www.encontrapiracicaba.com.br\/sobre\/author\/epiracicaba\/#author"},"image":{"@type":"ImageObject","url":"https:\/\/www.encontrapiracicaba.com.br\/sobre\/wp-content\/uploads\/caderneta-atrasada-regiao-de-piracicaba-tem-dia-d-de-multivacinacao-neste-sabado.webp","@id":"https:\/\/www.encontrapiracicaba.com.br\/sobre\/caderneta-atrasada-regiao-de-piracicaba-tem-dia-d-de-multivacinacao-neste-sabado\/#mainImage","width":280,"height":280,"caption":"Dia D de multivacina\u00e7\u00e3o"},"primaryImageOfPage":{"@id":"https:\/\/www.encontrapiracicaba.com.br\/sobre\/caderneta-atrasada-regiao-de-piracicaba-tem-dia-d-de-multivacinacao-neste-sabado\/#mainImage"},"datePublished":"2026-08-29T05:02:47-03:00","dateModified":"2026-08-29T05:02:47-03:00"},{"@type":"WebSite","@id":"https:\/\/www.encontrapiracicaba.com.br\/sobre\/#website","url":"https:\/\/www.encontrapiracicaba.com.br\/sobre\/","name":"Encontra Piracicaba","description":"Not\u00edcias, eventos, informa\u00e7\u00f5es e dicas na cidade de Piracicaba e regi\u00e3o","inLanguage":"pt-BR","publisher":{"@id":"https:\/\/www.encontrapiracicaba.com.br\/sobre\/#organization"}}]},"og:locale":"pt_BR","og:site_name":"Encontra Piracicaba | Not\u00edcias, eventos, informa\u00e7\u00f5es e dicas na cidade de Piracicaba e regi\u00e3o","og:type":"article","og:title":"Caderneta atrasada? Regi\u00e3o de Piracicaba tem \u2018Dia D\u2019 de multivacina\u00e7\u00e3o neste s\u00e1bado | Encontra Piracicaba","og:url":"https:\/\/www.encontrapiracicaba.com.br\/sobre\/caderneta-atrasada-regiao-de-piracicaba-tem-dia-d-de-multivacinacao-neste-sabado\/","article:published_time":"2026-08-29T08:02:47+00:00","article:modified_time":"2026-08-29T08:02:47+00:00","twitter:card":"summary","twitter:title":"Caderneta atrasada? Regi\u00e3o de Piracicaba tem \u2018Dia D\u2019 de multivacina\u00e7\u00e3o neste s\u00e1bado | Encontra Piracicaba"},"aioseo_meta_data":{"post_id":"5226","title":null,"description":null,"keywords":null,"keyphrases":null,"primary_term":null,"canonical_url":null,"og_title":null,"og_description":null,"og_object_type":"default","og_image_type":"default","og_image_url":null,"og_image_width":null,"og_image_height":null,"og_image_custom_url":null,"og_image_custom_fields":null,"og_video":null,"og_custom_url":null,"og_article_section":null,"og_article_tags":null,"twitter_use_og":false,"twitter_card":"default","twitter_image_type":"default","twitter_image_url":null,"twitter_image_custom_url":null,"twitter_image_custom_fields":null,"twitter_title":null,"twitter_description":null,"schema":{"blockGraphs":[],"customGraphs":[],"default":{"data":{"Article":[],"Course":[],"Dataset":[],"FAQPage":[],"Movie":[],"Person":[],"Product":[],"ProductReview":[],"Car":[],"Recipe":[],"Service":[],"SoftwareApplication":[],"WebPage":[]},"graphName":"Article","isEnabled":true},"graphs":[]},"schema_type":"default","schema_type_options":null,"pillar_content":false,"robots_default":true,"robots_noindex":false,"robots_noarchive":false,"robots_nosnippet":false,"robots_nofollow":false,"robots_noimageindex":false,"robots_noodp":false,"robots_notranslate":false,"robots_max_snippet":null,"robots_max_videopreview":null,"robots_max_imagepreview":"large","priority":null,"frequency":null,"local_seo":null,"breadcrumb_settings":null,"limit_modified_date":false,"ai":null,"created":"2026-08-29 08:02:47","updated":"2026-08-29 08:02:53","focus_keyword":null,"additional_keywords":null,"truseo_locale":null,"seo_analyzer_scan_date":null},"aioseo_breadcrumb":"<div class=\"aioseo-breadcrumbs\"><span class=\"aioseo-breadcrumb\">\n\t\t\t<a href=\"https:\/\/www.encontrapiracicaba.com.br\/sobre\" title=\"In\u00edcio\">In\u00edcio<\/a>\n\t\t<\/span><span class=\"aioseo-breadcrumb-separator\">&raquo;<\/span><span class=\"aioseo-breadcrumb\">\n\t\t\t<a href=\"https:\/\/www.encontrapiracicaba.com.br\/sobre\/noticias-em-piracicaba\/\" title=\"Not\u00edcias Piracicaba\">Not\u00edcias Piracicaba<\/a>\n\t\t<\/span><span class=\"aioseo-breadcrumb-separator\">&raquo;<\/span><span class=\"aioseo-breadcrumb\">\n\t\t\tCaderneta atrasada? Regi\u00e3o de Piracicaba tem \u2018Dia D\u2019 de multivacina\u00e7\u00e3o neste s\u00e1bado\n\t\t<\/span><\/div>","aioseo_breadcrumb_json":[{"label":"In\u00edcio","link":"https:\/\/www.encontrapiracicaba.com.br\/sobre"},{"label":"Not\u00edcias Piracicaba","link":"https:\/\/www.encontrapiracicaba.com.br\/sobre\/noticias-em-piracicaba\/"},{"label":"Caderneta atrasada? Regi\u00e3o de Piracicaba tem &#8216;Dia D&#8217; de multivacina\u00e7\u00e3o neste s\u00e1bado","link":"https:\/\/www.encontrapiracicaba.com.br\/sobre\/caderneta-atrasada-regiao-de-piracicaba-tem-dia-d-de-multivacinacao-neste-sabado\/"}],"_links":{"self":[{"href":"https:\/\/www.encontrapiracicaba.com.br\/sobre\/wp-json\/wp\/v2\/posts\/5226","targetHints":{"allow":["GET"]}}],"collection":[{"href":"https:\/\/www.encontrapiracicaba.com.br\/sobre\/wp-json\/wp\/v2\/posts"}],"about":[{"href":"https:\/\/www.encontrapiracicaba.com.br\/sobre\/wp-json\/wp\/v2\/types\/post"}],"author":[{"embeddable":true,"href":"https:\/\/www.encontrapiracicaba.com.br\/sobre\/wp-json\/wp\/v2\/users\/1"}],"replies":[{"embeddable":true,"href":"https:\/\/www.encontrapiracicaba.com.br\/sobre\/wp-json\/wp\/v2\/comments?post=5226"}],"version-history":[{"count":0,"href":"https:\/\/www.encontrapiracicaba.com.br\/sobre\/wp-json\/wp\/v2\/posts\/5226\/revisions"}],"wp:featuredmedia":[{"embeddable":true,"href":"https:\/\/www.encontrapiracicaba.com.br\/sobre\/wp-json\/wp\/v2\/media\/5225"}],"wp:attachment":[{"href":"https:\/\/www.encontrapiracicaba.com.br\/sobre\/wp-json\/wp\/v2\/media?parent=5226"}],"wp:term":[{"taxonomy":"category","embeddable":true,"href":"https:\/\/www.encontrapiracicaba.com.br\/sobre\/wp-json\/wp\/v2\/categories?post=5226"},{"taxonomy":"post_tag","embeddable":true,"href":"https:\/\/www.encontrapiracicaba.com.br\/sobre\/wp-json\/wp\/v2\/tags?post=5226"}],"curies":[{"name":"wp","href":"https:\/\/api.w.org\/{rel}","templated":true}]}}