{"id":5228,"date":"2026-08-29T05:03:54","date_gmt":"2026-08-29T08:03:54","guid":{"rendered":"https:\/\/www.encontrapiracicaba.com.br\/sobre\/gerente-administrativo\/"},"modified":"2026-08-29T05:03:54","modified_gmt":"2026-08-29T08:03:54","slug":"gerente-administrativo","status":"publish","type":"post","link":"https:\/\/www.encontrapiracicaba.com.br\/sobre\/gerente-administrativo\/","title":{"rendered":"Gerente Administrativo"},"content":{"rendered":"<div class=\"85df007ed5c0c4d4b453fd13a37855e8\" data-index=\"1\" style=\"float: none; margin:0px;\">\n<!-- Anuncio display - global -->\r\n<ins class=\"adsbygoogle\"\r\n     style=\"display:block\"\r\n     data-ad-client=\"ca-pub-8585364105181520\"\r\n     data-ad-slot=\"8789329856\"\r\n     data-ad-format=\"auto\"\r\n     data-full-width-responsive=\"true\"><\/ins>\r\n<script>\r\n     (adsbygoogle = window.adsbygoogle || []).push({});\r\n<\/script>\n<\/div>\n<h2>O que \u00e9 o Portal Sal\u00e1rio?<\/h2>\n<p>O <strong>Portal Sal\u00e1rio<\/strong> \u00e9 uma plataforma online que fornece informa\u00e7\u00f5es detalhadas sobre sal\u00e1rios de diversas profiss\u00f5es e segmentos no Brasil. Atrav\u00e9s de dados oficiais coletados do CAGED, o Portal oferece uma ampla gama de an\u00e1lise salarial, permitindo que usu\u00e1rios acessem informa\u00e7\u00f5es relevantes para a tomada de decis\u00f5es no mercado de trabalho.<\/p>\n<h2>Benef\u00edcios da Assinatura<\/h2>\n<p>Assinar o Portal Sal\u00e1rio traz uma s\u00e9rie de vantagens, entre elas:<\/p>\n<ul>\n<li><strong>Acesso a dados exclusivos:<\/strong> Informa\u00e7\u00f5es detalhadas que n\u00e3o est\u00e3o dispon\u00edveis ao p\u00fablico geral.<\/li>\n<li><strong>Atualiza\u00e7\u00f5es constantes:<\/strong> Base de dados atualizada mensalmente, garantindo que os usu\u00e1rios tenham acesso \u00e0s informa\u00e7\u00f5es mais recentes.<\/li>\n<li><strong>Ferramentas de an\u00e1lise:<\/strong> Recursos como o Meu Painel e o Construtor de Tabelas para an\u00e1lise aprofundada.<\/li>\n<li><strong>Relat\u00f3rios personaliz\u00e1veis:<\/strong> Possibilidade de baixar relat\u00f3rios em PDF, \u00fateis para apresenta\u00e7\u00f5es e reuni\u00f5es.<\/li>\n<\/ul>\n<h2>Acesso aos Dados Salariais<\/h2>\n<p>Ao se tornar um assinante, o acesso aos dados salariais se torna ilimitado. Os usu\u00e1rios poder\u00e3o consultar informa\u00e7\u00f5es sobre:<\/p>\n<p><img decoding=\"async\" src=\"https:\/\/www.encontrapiracicaba.com.br\/sobre\/wp-content\/uploads\/gerente-administrativo.webp\" alt=\"Assine o Portal Sal\u00e1rio\" loading=\"lazy\" \/><\/p>\n<ul>\n<li><strong>Tabela Salarial:<\/strong> Sal\u00e1rios m\u00e9dios, pisos e tetos salariais por profiss\u00e3o e segmento.<\/li>\n<li><strong>Demografia Salarial:<\/strong> Dados sobre disparidades salariais, como g\u00eanero e etnia.<\/li>\n<li><strong>Hist\u00f3rico salarial:<\/strong> Tend\u00eancias salariais ao longo do tempo, permitindo predi\u00e7\u00f5es mais informadas.<\/li>\n<\/ul>\n<h2>Planos de Assinatura Dispon\u00edveis<\/h2>\n<p>O Portal oferece diferentes planos de assinatura para atender necessidades variadas:<\/p>\n<ul>\n<li><strong>Semanal:<\/strong> 7 dias de acesso por R$59,90 para usu\u00e1rios que desejam explorar a plataforma sem compromisso.<\/li>\n<li><strong>Mensal:<\/strong> 30 dias por R$119,90, ideal para an\u00e1lises mais continuadas.<\/li>\n<li><strong>Trimestral:<\/strong> 90 dias por R$349,90, \u00f3timo para projetos de m\u00e9dio prazo, proporcionando um valor mais acess\u00edvel mensalmente.<\/li>\n<\/ul>\n<h2>Explorando a Tabela Salarial<\/h2>\n<p>A tabela salarial do Portal cont\u00e9m informa\u00e7\u00f5es detalhadas sobre cada cargo. Os usu\u00e1rios podem filtrar por localidade, categoria ou segmento, acessando os dados de maneira personalizada. \u00c9 poss\u00edvel tamb\u00e9m:<\/p>\n<ul>\n<li><strong>Comparar cargos:<\/strong> Analisar diferentes fun\u00e7\u00f5es dentro de um mesmo segmento.<\/li>\n<li><strong>Acessar relat\u00f3rios export\u00e1veis:<\/strong> Formatados em Excel ou PDF.<\/li>\n<li><strong>Visualizar a matriz de senioridade:<\/strong> Entender as expectativas salariais dentro de uma estrutura organizacional.<\/li>\n<\/ul>\n<h2>Cargos e Profiss\u00f5es no Portal<\/h2>\n<p>O Portal Sal\u00e1rio abriga uma diversidade de cargos, abrangendo setores como:<\/p>\n<ul>\n<li><strong>Ind\u00fastria:<\/strong> Exemplos incluem Engenheiro Mec\u00e2nico e Operador de M\u00e1quinas.<\/li>\n<li><strong>Sa\u00fade:<\/strong> Inclui profissionais como Enfermeiros e Biom\u00e9dicos.<\/li>\n<li><strong>Administra\u00e7\u00e3o:<\/strong> Abrangendo Assistentes Administrativos e Gerentes.<\/li>\n<li><strong>Tecnologia:<\/strong> Engenheiros de Software e Analistas de Sistemas.<\/li>\n<\/ul>\n<h2>An\u00e1lise de Mercado de Trabalho<\/h2>\n<p>Al\u00e9m dos dados salariais, o Portal tamb\u00e9m fornece uma an\u00e1lise abrangente do mercado de trabalho, incluindo:<\/p>\n<ul>\n<li><strong>\u00cdndice de Contrata\u00e7\u00e3o:<\/strong> Avalia\u00e7\u00e3o do volume de admiss\u00f5es e demiss\u00f5es.<\/li>\n<li><strong>Perspectivas de Crescimento:<\/strong> An\u00e1lises sobre quais segmentos est\u00e3o em expans\u00e3o.<\/li>\n<li><strong>Estimativas de Custos CLT:<\/strong> C\u00e1lculos sobre o custo de contrata\u00e7\u00e3o considerando todas as vari\u00e1veis.<\/li>\n<\/ul>\n<h2>Efeitos das Assinaturas no RH<\/h2>\n<p>Os dados do Portal Sal\u00e1rio s\u00e3o valiosos para equipes de Recursos Humanos. Atrav\u00e9s da plataforma, \u00e9 poss\u00edvel:<\/p>\n<ul>\n<li><strong>Realizar benchmarking:<\/strong> Comparar sal\u00e1rios internos com refer\u00eancias de mercado.<\/li>\n<li><strong>Planejar contrata\u00e7\u00f5es:<\/strong> Tomar decis\u00f5es informadas ao considerar sal\u00e1rios e demandas do mercado.<\/li>\n<li><strong>Desenvolver pol\u00edticas salariais:<\/strong> Utilizar dados concretos para formular estrat\u00e9gias de remunera\u00e7\u00e3o e reten\u00e7\u00e3o de talentos.<\/li>\n<\/ul>\n<h2>Dicas para Usar a Plataforma<\/h2>\n<p>Aproveite ao m\u00e1ximo sua assinatura no Portal Sal\u00e1rio com as seguintes dicas:<\/p>\n<ul>\n<li><strong>Explore regularmente:<\/strong> Acesse a plataforma frequentemente para se manter atualizado.<\/li>\n<li><strong>Utilize os relat\u00f3rios:<\/strong> Baixe PDFs para facilitar apresenta\u00e7\u00f5es e discuss\u00f5es em equipe.<\/li>\n<li><strong>Use as ferramentas dispon\u00edveis:<\/strong> Experimente as funcionalidades do Meu Painel e do Construtor de Tabelas para an\u00e1lises personalizadas.<\/li>\n<\/ul>\n<h2>Hist\u00f3rico do Portal Sal\u00e1rio<\/h2>\n<p>O Portal Sal\u00e1rio foi desenvolvido com o objetivo de democratizar o acesso a informa\u00e7\u00f5es salariais. Com mais de 8 anos de exist\u00eancia, \u00e9 uma refer\u00eancia no Brasil, utilizando dados do CAGED com metodologia pr\u00f3pria. Seu foco \u00e9 fornecer insights valiosos para profissionais de RH, gestores e indiv\u00edduos em busca de informa\u00e7\u00f5es sobre mercado de trabalho.<\/p>\n\n<div style=\"font-size: 0px; height: 0px; line-height: 0px; margin: 0; padding: 0; clear: both;\"><\/div>","protected":false},"excerpt":{"rendered":"<p>Assine o Portal Sal\u00e1rio e tenha acesso a dados completos sobre sal\u00e1rios.<\/p>\n","protected":false},"author":1,"featured_media":5227,"comment_status":"closed","ping_status":"closed","sticky":false,"template":"","format":"standard","meta":{"footnotes":""},"categories":[30],"tags":[],"class_list":["post-5228","post","type-post","status-publish","format-standard","has-post-thumbnail","hentry","category-educacao-em-piracicaba","has_thumb"],"aioseo_notices":[],"aioseo_head":"\n\t\t<!-- All in One SEO 5.0.0.1 - aioseo.com -->\n\t<meta name=\"robots\" content=\"max-image-preview:large\" \/>\n\t<meta name=\"author\" content=\"Encontra Piracicaba\"\/>\n\t<link rel=\"canonical\" href=\"https:\/\/www.encontrapiracicaba.com.br\/sobre\/gerente-administrativo\/\" \/>\n\t<meta name=\"generator\" content=\"All in One SEO (AIOSEO) 5.0.0.1\" \/>\n\t\t<meta property=\"og:locale\" content=\"pt_BR\" \/>\n\t\t<meta property=\"og:site_name\" content=\"Encontra Piracicaba | Not\u00edcias, eventos, informa\u00e7\u00f5es e dicas na cidade de Piracicaba e regi\u00e3o\" \/>\n\t\t<meta property=\"og:type\" content=\"article\" \/>\n\t\t<meta property=\"og:title\" content=\"Gerente Administrativo | Encontra Piracicaba\" \/>\n\t\t<meta property=\"og:url\" content=\"https:\/\/www.encontrapiracicaba.com.br\/sobre\/gerente-administrativo\/\" \/>\n\t\t<meta property=\"article:published_time\" content=\"2026-08-29T08:03:54+00:00\" \/>\n\t\t<meta property=\"article:modified_time\" content=\"2026-08-29T08:03:54+00:00\" \/>\n\t\t<meta name=\"twitter:card\" content=\"summary\" \/>\n\t\t<meta name=\"twitter:title\" content=\"Gerente Administrativo | Encontra Piracicaba\" \/>\n\t\t<script type=\"application\/ld+json\" class=\"aioseo-schema\">\n\t\t\t{\"@context\":\"https:\\\/\\\/schema.org\",\"@graph\":[{\"@type\":\"Article\",\"@id\":\"https:\\\/\\\/www.encontrapiracicaba.com.br\\\/sobre\\\/gerente-administrativo\\\/#article\",\"name\":\"Gerente Administrativo | Encontra Piracicaba\",\"headline\":\"Gerente Administrativo\",\"author\":{\"@id\":\"https:\\\/\\\/www.encontrapiracicaba.com.br\\\/sobre\\\/author\\\/epiracicaba\\\/#author\"},\"publisher\":{\"@id\":\"https:\\\/\\\/www.encontrapiracicaba.com.br\\\/sobre\\\/#organization\"},\"image\":{\"@type\":\"ImageObject\",\"url\":\"https:\\\/\\\/www.encontrapiracicaba.com.br\\\/sobre\\\/wp-content\\\/uploads\\\/gerente-administrativo.webp\",\"width\":280,\"height\":280,\"caption\":\"Assine o Portal Sal\\u00e1rio\"},\"datePublished\":\"2026-08-29T05:03:54-03:00\",\"dateModified\":\"2026-08-29T05:03:54-03:00\",\"inLanguage\":\"pt-BR\",\"mainEntityOfPage\":{\"@id\":\"https:\\\/\\\/www.encontrapiracicaba.com.br\\\/sobre\\\/gerente-administrativo\\\/#webpage\"},\"isPartOf\":{\"@id\":\"https:\\\/\\\/www.encontrapiracicaba.com.br\\\/sobre\\\/gerente-administrativo\\\/#webpage\"},\"articleSection\":\"Educa\\u00e7\\u00e3o Piracicaba\"},{\"@type\":\"BreadcrumbList\",\"@id\":\"https:\\\/\\\/www.encontrapiracicaba.com.br\\\/sobre\\\/gerente-administrativo\\\/#breadcrumblist\",\"itemListElement\":[{\"@type\":\"ListItem\",\"@id\":\"https:\\\/\\\/www.encontrapiracicaba.com.br\\\/sobre#listItem\",\"position\":1,\"name\":\"In\\u00edcio\",\"item\":\"https:\\\/\\\/www.encontrapiracicaba.com.br\\\/sobre\",\"nextItem\":{\"@type\":\"ListItem\",\"@id\":\"https:\\\/\\\/www.encontrapiracicaba.com.br\\\/sobre\\\/educacao-em-piracicaba\\\/#listItem\",\"name\":\"Educa\\u00e7\\u00e3o Piracicaba\"}},{\"@type\":\"ListItem\",\"@id\":\"https:\\\/\\\/www.encontrapiracicaba.com.br\\\/sobre\\\/educacao-em-piracicaba\\\/#listItem\",\"position\":2,\"name\":\"Educa\\u00e7\\u00e3o Piracicaba\",\"item\":\"https:\\\/\\\/www.encontrapiracicaba.com.br\\\/sobre\\\/educacao-em-piracicaba\\\/\",\"nextItem\":{\"@type\":\"ListItem\",\"@id\":\"https:\\\/\\\/www.encontrapiracicaba.com.br\\\/sobre\\\/gerente-administrativo\\\/#listItem\",\"name\":\"Gerente Administrativo\"},\"previousItem\":{\"@type\":\"ListItem\",\"@id\":\"https:\\\/\\\/www.encontrapiracicaba.com.br\\\/sobre#listItem\",\"name\":\"In\\u00edcio\"}},{\"@type\":\"ListItem\",\"@id\":\"https:\\\/\\\/www.encontrapiracicaba.com.br\\\/sobre\\\/gerente-administrativo\\\/#listItem\",\"position\":3,\"name\":\"Gerente Administrativo\",\"previousItem\":{\"@type\":\"ListItem\",\"@id\":\"https:\\\/\\\/www.encontrapiracicaba.com.br\\\/sobre\\\/educacao-em-piracicaba\\\/#listItem\",\"name\":\"Educa\\u00e7\\u00e3o Piracicaba\"}}]},{\"@type\":\"Organization\",\"@id\":\"https:\\\/\\\/www.encontrapiracicaba.com.br\\\/sobre\\\/#organization\",\"name\":\"Encontra Piracicaba\",\"description\":\"Not\\u00edcias, eventos, informa\\u00e7\\u00f5es e dicas na cidade de Piracicaba e regi\\u00e3o\",\"url\":\"https:\\\/\\\/www.encontrapiracicaba.com.br\\\/sobre\\\/\"},{\"@type\":\"Person\",\"@id\":\"https:\\\/\\\/www.encontrapiracicaba.com.br\\\/sobre\\\/author\\\/epiracicaba\\\/#author\",\"url\":\"https:\\\/\\\/www.encontrapiracicaba.com.br\\\/sobre\\\/author\\\/epiracicaba\\\/\",\"name\":\"Encontra Piracicaba\",\"image\":{\"@type\":\"ImageObject\",\"@id\":\"https:\\\/\\\/www.encontrapiracicaba.com.br\\\/sobre\\\/gerente-administrativo\\\/#authorImage\",\"url\":\"https:\\\/\\\/secure.gravatar.com\\\/avatar\\\/507340682b8270222e1f208e23198b6ae7e2c6a1033ae84e99bc6bce4f82a387?s=96&d=mm&r=g\",\"width\":96,\"height\":96,\"caption\":\"Encontra Piracicaba\"}},{\"@type\":\"WebPage\",\"@id\":\"https:\\\/\\\/www.encontrapiracicaba.com.br\\\/sobre\\\/gerente-administrativo\\\/#webpage\",\"url\":\"https:\\\/\\\/www.encontrapiracicaba.com.br\\\/sobre\\\/gerente-administrativo\\\/\",\"name\":\"Gerente Administrativo | Encontra Piracicaba\",\"inLanguage\":\"pt-BR\",\"isPartOf\":{\"@id\":\"https:\\\/\\\/www.encontrapiracicaba.com.br\\\/sobre\\\/#website\"},\"breadcrumb\":{\"@id\":\"https:\\\/\\\/www.encontrapiracicaba.com.br\\\/sobre\\\/gerente-administrativo\\\/#breadcrumblist\"},\"author\":{\"@id\":\"https:\\\/\\\/www.encontrapiracicaba.com.br\\\/sobre\\\/author\\\/epiracicaba\\\/#author\"},\"creator\":{\"@id\":\"https:\\\/\\\/www.encontrapiracicaba.com.br\\\/sobre\\\/author\\\/epiracicaba\\\/#author\"},\"image\":{\"@type\":\"ImageObject\",\"url\":\"https:\\\/\\\/www.encontrapiracicaba.com.br\\\/sobre\\\/wp-content\\\/uploads\\\/gerente-administrativo.webp\",\"@id\":\"https:\\\/\\\/www.encontrapiracicaba.com.br\\\/sobre\\\/gerente-administrativo\\\/#mainImage\",\"width\":280,\"height\":280,\"caption\":\"Assine o Portal Sal\\u00e1rio\"},\"primaryImageOfPage\":{\"@id\":\"https:\\\/\\\/www.encontrapiracicaba.com.br\\\/sobre\\\/gerente-administrativo\\\/#mainImage\"},\"datePublished\":\"2026-08-29T05:03:54-03:00\",\"dateModified\":\"2026-08-29T05:03:54-03:00\"},{\"@type\":\"WebSite\",\"@id\":\"https:\\\/\\\/www.encontrapiracicaba.com.br\\\/sobre\\\/#website\",\"url\":\"https:\\\/\\\/www.encontrapiracicaba.com.br\\\/sobre\\\/\",\"name\":\"Encontra Piracicaba\",\"description\":\"Not\\u00edcias, eventos, informa\\u00e7\\u00f5es e dicas na cidade de Piracicaba e regi\\u00e3o\",\"inLanguage\":\"pt-BR\",\"publisher\":{\"@id\":\"https:\\\/\\\/www.encontrapiracicaba.com.br\\\/sobre\\\/#organization\"}}]}\n\t\t<\/script>\n\t\t<!-- All in One SEO -->\n\n","aioseo_head_json":{"title":"Gerente Administrativo | Encontra Piracicaba","description":"","canonical_url":"https:\/\/www.encontrapiracicaba.com.br\/sobre\/gerente-administrativo\/","robots":"max-image-preview:large","keywords":"","webmasterTools":{"miscellaneous":""},"schema":{"@context":"https:\/\/schema.org","@graph":[{"@type":"Article","@id":"https:\/\/www.encontrapiracicaba.com.br\/sobre\/gerente-administrativo\/#article","name":"Gerente Administrativo | Encontra Piracicaba","headline":"Gerente Administrativo","author":{"@id":"https:\/\/www.encontrapiracicaba.com.br\/sobre\/author\/epiracicaba\/#author"},"publisher":{"@id":"https:\/\/www.encontrapiracicaba.com.br\/sobre\/#organization"},"image":{"@type":"ImageObject","url":"https:\/\/www.encontrapiracicaba.com.br\/sobre\/wp-content\/uploads\/gerente-administrativo.webp","width":280,"height":280,"caption":"Assine o Portal Sal\u00e1rio"},"datePublished":"2026-08-29T05:03:54-03:00","dateModified":"2026-08-29T05:03:54-03:00","inLanguage":"pt-BR","mainEntityOfPage":{"@id":"https:\/\/www.encontrapiracicaba.com.br\/sobre\/gerente-administrativo\/#webpage"},"isPartOf":{"@id":"https:\/\/www.encontrapiracicaba.com.br\/sobre\/gerente-administrativo\/#webpage"},"articleSection":"Educa\u00e7\u00e3o Piracicaba"},{"@type":"BreadcrumbList","@id":"https:\/\/www.encontrapiracicaba.com.br\/sobre\/gerente-administrativo\/#breadcrumblist","itemListElement":[{"@type":"ListItem","@id":"https:\/\/www.encontrapiracicaba.com.br\/sobre#listItem","position":1,"name":"In\u00edcio","item":"https:\/\/www.encontrapiracicaba.com.br\/sobre","nextItem":{"@type":"ListItem","@id":"https:\/\/www.encontrapiracicaba.com.br\/sobre\/educacao-em-piracicaba\/#listItem","name":"Educa\u00e7\u00e3o Piracicaba"}},{"@type":"ListItem","@id":"https:\/\/www.encontrapiracicaba.com.br\/sobre\/educacao-em-piracicaba\/#listItem","position":2,"name":"Educa\u00e7\u00e3o Piracicaba","item":"https:\/\/www.encontrapiracicaba.com.br\/sobre\/educacao-em-piracicaba\/","nextItem":{"@type":"ListItem","@id":"https:\/\/www.encontrapiracicaba.com.br\/sobre\/gerente-administrativo\/#listItem","name":"Gerente Administrativo"},"previousItem":{"@type":"ListItem","@id":"https:\/\/www.encontrapiracicaba.com.br\/sobre#listItem","name":"In\u00edcio"}},{"@type":"ListItem","@id":"https:\/\/www.encontrapiracicaba.com.br\/sobre\/gerente-administrativo\/#listItem","position":3,"name":"Gerente Administrativo","previousItem":{"@type":"ListItem","@id":"https:\/\/www.encontrapiracicaba.com.br\/sobre\/educacao-em-piracicaba\/#listItem","name":"Educa\u00e7\u00e3o Piracicaba"}}]},{"@type":"Organization","@id":"https:\/\/www.encontrapiracicaba.com.br\/sobre\/#organization","name":"Encontra Piracicaba","description":"Not\u00edcias, eventos, informa\u00e7\u00f5es e dicas na cidade de Piracicaba e regi\u00e3o","url":"https:\/\/www.encontrapiracicaba.com.br\/sobre\/"},{"@type":"Person","@id":"https:\/\/www.encontrapiracicaba.com.br\/sobre\/author\/epiracicaba\/#author","url":"https:\/\/www.encontrapiracicaba.com.br\/sobre\/author\/epiracicaba\/","name":"Encontra Piracicaba","image":{"@type":"ImageObject","@id":"https:\/\/www.encontrapiracicaba.com.br\/sobre\/gerente-administrativo\/#authorImage","url":"https:\/\/secure.gravatar.com\/avatar\/507340682b8270222e1f208e23198b6ae7e2c6a1033ae84e99bc6bce4f82a387?s=96&d=mm&r=g","width":96,"height":96,"caption":"Encontra Piracicaba"}},{"@type":"WebPage","@id":"https:\/\/www.encontrapiracicaba.com.br\/sobre\/gerente-administrativo\/#webpage","url":"https:\/\/www.encontrapiracicaba.com.br\/sobre\/gerente-administrativo\/","name":"Gerente Administrativo | Encontra Piracicaba","inLanguage":"pt-BR","isPartOf":{"@id":"https:\/\/www.encontrapiracicaba.com.br\/sobre\/#website"},"breadcrumb":{"@id":"https:\/\/www.encontrapiracicaba.com.br\/sobre\/gerente-administrativo\/#breadcrumblist"},"author":{"@id":"https:\/\/www.encontrapiracicaba.com.br\/sobre\/author\/epiracicaba\/#author"},"creator":{"@id":"https:\/\/www.encontrapiracicaba.com.br\/sobre\/author\/epiracicaba\/#author"},"image":{"@type":"ImageObject","url":"https:\/\/www.encontrapiracicaba.com.br\/sobre\/wp-content\/uploads\/gerente-administrativo.webp","@id":"https:\/\/www.encontrapiracicaba.com.br\/sobre\/gerente-administrativo\/#mainImage","width":280,"height":280,"caption":"Assine o Portal Sal\u00e1rio"},"primaryImageOfPage":{"@id":"https:\/\/www.encontrapiracicaba.com.br\/sobre\/gerente-administrativo\/#mainImage"},"datePublished":"2026-08-29T05:03:54-03:00","dateModified":"2026-08-29T05:03:54-03:00"},{"@type":"WebSite","@id":"https:\/\/www.encontrapiracicaba.com.br\/sobre\/#website","url":"https:\/\/www.encontrapiracicaba.com.br\/sobre\/","name":"Encontra Piracicaba","description":"Not\u00edcias, eventos, informa\u00e7\u00f5es e dicas na cidade de Piracicaba e regi\u00e3o","inLanguage":"pt-BR","publisher":{"@id":"https:\/\/www.encontrapiracicaba.com.br\/sobre\/#organization"}}]},"og:locale":"pt_BR","og:site_name":"Encontra Piracicaba | Not\u00edcias, eventos, informa\u00e7\u00f5es e dicas na cidade de Piracicaba e regi\u00e3o","og:type":"article","og:title":"Gerente Administrativo | Encontra Piracicaba","og:url":"https:\/\/www.encontrapiracicaba.com.br\/sobre\/gerente-administrativo\/","article:published_time":"2026-08-29T08:03:54+00:00","article:modified_time":"2026-08-29T08:03:54+00:00","twitter:card":"summary","twitter:title":"Gerente Administrativo | Encontra Piracicaba"},"aioseo_meta_data":{"post_id":"5228","title":null,"description":null,"keywords":null,"keyphrases":null,"primary_term":null,"canonical_url":null,"og_title":null,"og_description":null,"og_object_type":"default","og_image_type":"default","og_image_url":null,"og_image_width":null,"og_image_height":null,"og_image_custom_url":null,"og_image_custom_fields":null,"og_video":null,"og_custom_url":null,"og_article_section":null,"og_article_tags":null,"twitter_use_og":false,"twitter_card":"default","twitter_image_type":"default","twitter_image_url":null,"twitter_image_custom_url":null,"twitter_image_custom_fields":null,"twitter_title":null,"twitter_description":null,"schema":{"blockGraphs":[],"customGraphs":[],"default":{"data":{"Article":[],"Course":[],"Dataset":[],"FAQPage":[],"Movie":[],"Person":[],"Product":[],"ProductReview":[],"Car":[],"Recipe":[],"Service":[],"SoftwareApplication":[],"WebPage":[]},"graphName":"Article","isEnabled":true},"graphs":[]},"schema_type":"default","schema_type_options":null,"pillar_content":false,"robots_default":true,"robots_noindex":false,"robots_noarchive":false,"robots_nosnippet":false,"robots_nofollow":false,"robots_noimageindex":false,"robots_noodp":false,"robots_notranslate":false,"robots_max_snippet":null,"robots_max_videopreview":null,"robots_max_imagepreview":"large","priority":null,"frequency":null,"local_seo":null,"breadcrumb_settings":null,"limit_modified_date":false,"ai":null,"created":"2026-08-29 08:03:54","updated":"2026-08-29 09:01:05","focus_keyword":null,"additional_keywords":null,"truseo_locale":null,"seo_analyzer_scan_date":null},"aioseo_breadcrumb":"<div class=\"aioseo-breadcrumbs\"><span class=\"aioseo-breadcrumb\">\n\t\t\t<a href=\"https:\/\/www.encontrapiracicaba.com.br\/sobre\" title=\"In\u00edcio\">In\u00edcio<\/a>\n\t\t<\/span><span class=\"aioseo-breadcrumb-separator\">&raquo;<\/span><span class=\"aioseo-breadcrumb\">\n\t\t\t<a href=\"https:\/\/www.encontrapiracicaba.com.br\/sobre\/educacao-em-piracicaba\/\" title=\"Educa\u00e7\u00e3o Piracicaba\">Educa\u00e7\u00e3o Piracicaba<\/a>\n\t\t<\/span><span class=\"aioseo-breadcrumb-separator\">&raquo;<\/span><span class=\"aioseo-breadcrumb\">\n\t\t\tGerente Administrativo\n\t\t<\/span><\/div>","aioseo_breadcrumb_json":[{"label":"In\u00edcio","link":"https:\/\/www.encontrapiracicaba.com.br\/sobre"},{"label":"Educa\u00e7\u00e3o Piracicaba","link":"https:\/\/www.encontrapiracicaba.com.br\/sobre\/educacao-em-piracicaba\/"},{"label":"Gerente Administrativo","link":"https:\/\/www.encontrapiracicaba.com.br\/sobre\/gerente-administrativo\/"}],"_links":{"self":[{"href":"https:\/\/www.encontrapiracicaba.com.br\/sobre\/wp-json\/wp\/v2\/posts\/5228","targetHints":{"allow":["GET"]}}],"collection":[{"href":"https:\/\/www.encontrapiracicaba.com.br\/sobre\/wp-json\/wp\/v2\/posts"}],"about":[{"href":"https:\/\/www.encontrapiracicaba.com.br\/sobre\/wp-json\/wp\/v2\/types\/post"}],"author":[{"embeddable":true,"href":"https:\/\/www.encontrapiracicaba.com.br\/sobre\/wp-json\/wp\/v2\/users\/1"}],"replies":[{"embeddable":true,"href":"https:\/\/www.encontrapiracicaba.com.br\/sobre\/wp-json\/wp\/v2\/comments?post=5228"}],"version-history":[{"count":0,"href":"https:\/\/www.encontrapiracicaba.com.br\/sobre\/wp-json\/wp\/v2\/posts\/5228\/revisions"}],"wp:featuredmedia":[{"embeddable":true,"href":"https:\/\/www.encontrapiracicaba.com.br\/sobre\/wp-json\/wp\/v2\/media\/5227"}],"wp:attachment":[{"href":"https:\/\/www.encontrapiracicaba.com.br\/sobre\/wp-json\/wp\/v2\/media?parent=5228"}],"wp:term":[{"taxonomy":"category","embeddable":true,"href":"https:\/\/www.encontrapiracicaba.com.br\/sobre\/wp-json\/wp\/v2\/categories?post=5228"},{"taxonomy":"post_tag","embeddable":true,"href":"https:\/\/www.encontrapiracicaba.com.br\/sobre\/wp-json\/wp\/v2\/tags?post=5228"}],"curies":[{"name":"wp","href":"https:\/\/api.w.org\/{rel}","templated":true}]}}