{"id":5242,"date":"2026-08-30T21:18:17","date_gmt":"2026-08-31T00:18:17","guid":{"rendered":"https:\/\/www.encontrapiracicaba.com.br\/sobre\/eclipse-lunar-moradores-da-regiao-de-piracicaba-fotografam-fenomeno-veja-imagens\/"},"modified":"2026-08-30T21:18:17","modified_gmt":"2026-08-31T00:18:17","slug":"eclipse-lunar-moradores-da-regiao-de-piracicaba-fotografam-fenomeno-veja-imagens","status":"publish","type":"post","link":"https:\/\/www.encontrapiracicaba.com.br\/sobre\/eclipse-lunar-moradores-da-regiao-de-piracicaba-fotografam-fenomeno-veja-imagens\/","title":{"rendered":"Eclipse Lunar: moradores da regi\u00e3o de Piracicaba fotografam fen\u00f4meno; veja IMAGENS"},"content":{"rendered":"<div class=\"85df007ed5c0c4d4b453fd13a37855e8\" data-index=\"1\" style=\"float: none; margin:0px;\">\n<!-- Anuncio display - global -->\r\n<ins class=\"adsbygoogle\"\r\n     style=\"display:block\"\r\n     data-ad-client=\"ca-pub-8585364105181520\"\r\n     data-ad-slot=\"8789329856\"\r\n     data-ad-format=\"auto\"\r\n     data-full-width-responsive=\"true\"><\/ins>\r\n<script>\r\n     (adsbygoogle = window.adsbygoogle || []).push({});\r\n<\/script>\n<\/div>\n<h2>O que \u00e9 um eclipse lunar parcial?<\/h2>\n<p>Um eclipse lunar parcial \u00e9 um fen\u00f4meno astron\u00f4mico que ocorre quando apenas uma parte da Lua passa pela sombra da Terra. Durante esse evento, uma parte da superf\u00edcie lunar se torna escura, enquanto o restante permanece iluminado pelo Sol. Essa sombra projetada pela Terra \u00e9 composta por duas partes principais: a umbra, onde a luz do Sol \u00e9 completamente bloqueada, e a penumbra, onde a luz \u00e9 apenas parcialmente obstru\u00edda. Em um eclipse lunar parcial, a Lua atravessa a penumbra e a umbra, resultando em um visual impressionante para os observadores.<\/p>\n<h2>Como o eclipse ocorreu em Piracicaba<\/h2>\n<p>No dia 28 de agosto de 2026, moradores da regi\u00e3o de Piracicaba tiveram a oportunidade de presenciar um eclipse lunar parcial que foi registrado entre a noite de quinta-feira, dia 27, e a madrugada de sexta-feira. O auge do evento aconteceu \u00e0s 1h13, quando aproximadamente 96% da superf\u00edcie lunar estava coberta pela sombra da Terra. A visibilidade do fen\u00f4meno n\u00e3o se limitou \u00e0 cidade, mas tamb\u00e9m se estendeu a Limeira e Iracem\u00e1polis, onde muitos entusiastas da astronomia e cidad\u00e3os comuns capturaram imagens e v\u00eddeos.<\/p>\n<h2>Imagens impressionantes do eclipse<\/h2>\n<p>As fotos tiradas por moradores da regi\u00e3o de Piracicaba retrataram a beleza e a magnitude do eclipse lunar parcial. Entre os registros, aqueles feitos pelo cinegrafista Alexandre de Jesus, da EPTV, destacaram-se pela qualidade. As imagens mostraram a Lua parcialmente obscurecida, criando um cen\u00e1rio de contraste entre o brilho da parte iluminada e a escurid\u00e3o da regi\u00e3o coberta pela sombra. Os registros feitos pelos moradores se tornaram coletivos, com muitos compartilhando suas perspectivas \u00fanicas, o que adicionou uma dimens\u00e3o comunit\u00e1ria ao evento.<\/p>\n<p><img decoding=\"async\" src=\"https:\/\/www.encontrapiracicaba.com.br\/sobre\/wp-content\/uploads\/eclipse-lunar-moradores-da-regiao-de-piracicaba-fotografam-fenomeno-veja-imagens.webp\" alt=\"\" loading=\"lazy\" \/><\/p>\n<h2>A parte vis\u00edvel do fen\u00f4meno<\/h2>\n<p>Durante o eclipse, a parte vis\u00edvel da Lua proporcionou um espet\u00e1culo visual fascinante. O que se podia observar era um jogo de luz e sombra, em que a textura da superf\u00edcie lunar se tornava mais vis\u00edvel devido \u00e0s mudan\u00e7as de ilumina\u00e7\u00e3o. As crateras e montanhas lunares, frequentemente obscurecidas pela luz do Sol, emergiam com destaque enquanto a sombra se movia. O fen\u00f4meno foi melhor apreciado a olho nu, mas para aqueles com telesc\u00f3pios ou bin\u00f3culos, a experi\u00eancia foi ainda mais enriquecedora.<\/p>\n<h2>Rea\u00e7\u00e3o dos moradores e amantes de astronomia<\/h2>\n<p>A rea\u00e7\u00e3o dos moradores de Piracicaba e regi\u00e3o foi de pura empolga\u00e7\u00e3o e admira\u00e7\u00e3o. Muitos se reuniram em pra\u00e7as e varandas para avaliar o fen\u00f4meno. Para os amantes da astronomia, a emo\u00e7\u00e3o do eclipse lunar foi an\u00e1loga \u00e0 de avistar um cometa ou uma chuva de meteoros. Estudantes e entusiastas usaram o evento como uma oportunidade educativa, compartilhando informa\u00e7\u00f5es sobre a astronomia e a import\u00e2ncia dos eclipses lunares.<\/p>\n<h2>Onde mais o eclipse foi vis\u00edvel?<\/h2>\n<p>O eclipse lunar parcial n\u00e3o foi exclusivo da regi\u00e3o de Piracicaba. Ele p\u00f4de ser observado em v\u00e1rias partes do Brasil, bem como em outras regi\u00f5es do mundo, incluindo \u00e1reas da Am\u00e9rica do Sul, Am\u00e9rica Central, norte da Am\u00e9rica do Norte e partes da Europa e \u00c1frica. As condi\u00e7\u00f5es atmosf\u00e9ricas claras em muitas dessas localidades permitiram que espectadores em diferentes continentes apreciassem a beleza do fen\u00f4meno.<\/p>\n<h2>A ci\u00eancia por tr\u00e1s dos eclipses lunares<\/h2>\n<p>A ocorr\u00eancia de eclipses lunares \u00e9 um fen\u00f4meno natural resultante da intera\u00e7\u00e3o da Terra, Lua e Sol. Quando a Terra se posiciona entre a Lua e o Sol, ela projeta sua sombra na Lua, bloqueando a luz solar e criando o espet\u00e1culo do eclipse. A din\u00e2mica dos eclipses envolve c\u00e1lculos complexos sobre as \u00f3rbitas dos corpos celestes e suas posi\u00e7\u00f5es relativas. Existem tamb\u00e9m varia\u00e7\u00f5es nos tipos de eclipses lunares, que incluem eclipses totais e parciais, cada um apresentando caracter\u00edsticas \u00fanicas.<\/p>\n<h2>Eventos astron\u00f4micos futuros<\/h2>\n<p>O eclipse lunar parcial de agosto de 2026 n\u00e3o \u00e9 um evento isolado. V\u00e1rios outros eclipses lunares est\u00e3o programados para ocorrer nos pr\u00f3ximos anos. \u00c9 interessante notar que a expectativa por esses fen\u00f4menos muitas vezes leva os entusiastas da astronomia a se prepararem horas, ou at\u00e9 dias, antes do evento. Cada eclipse traz novas oportunidades para observa\u00e7\u00e3o e aprendizado sobre o cosmos.<\/p>\n<h2>Como fotografar um eclipse lunar<\/h2>\n<p>Fotografar um eclipse lunar pode ser uma experi\u00eancia gratificante, mas requer uma prepara\u00e7\u00e3o cuidadosa. Para capturar imagens impressionantes, os observadores devem considerar o uso de um trip\u00e9 para estabilidade e um lente telefoto para detalhes. O uso de filtros de densidade neutra ou filtros espec\u00edficos para astronomia pode ajudar a evitar a superexposi\u00e7\u00e3o. Para aqueles que usam smartphones, existem aplicativos que ajudam a temporizar as capturas e a ajustar configura\u00e7\u00f5es, como exposi\u00e7\u00e3o e ISO.<\/p>\n<h2>Import\u00e2ncia da observa\u00e7\u00e3o astron\u00f4mica<\/h2>\n<p>A observa\u00e7\u00e3o de fen\u00f4menos como eclipses lunares \u00e9 crucial n\u00e3o apenas para aprecia\u00e7\u00e3o est\u00e9tica, mas tamb\u00e9m para compreender o funcionamento do universo. Estimula o interesse pela ci\u00eancia e encoraja novas gera\u00e7\u00f5es a se envolverem com astronomia e outras disciplinas cient\u00edficas. Al\u00e9m disso, eventos como esses promovem a uni\u00e3o entre pessoas de diferentes origens, todas reunidas pela curiosidade e sentimento de admira\u00e7\u00e3o pelo cosmos.<\/p>\n\n<div style=\"font-size: 0px; height: 0px; line-height: 0px; margin: 0; padding: 0; clear: both;\"><\/div>","protected":false},"excerpt":{"rendered":"<p>Eclipse lunar parcial encobre 96% da Lua e impressiona a todos em Piracicaba.<\/p>\n","protected":false},"author":1,"featured_media":5241,"comment_status":"closed","ping_status":"closed","sticky":false,"template":"","format":"standard","meta":{"footnotes":""},"categories":[6],"tags":[],"class_list":["post-5242","post","type-post","status-publish","format-standard","has-post-thumbnail","hentry","category-noticias-em-piracicaba","has_thumb"],"aioseo_notices":[],"aioseo_head":"\n\t\t<!-- All in One SEO 5.0.0.1 - aioseo.com -->\n\t<meta name=\"robots\" content=\"max-image-preview:large\" \/>\n\t<meta name=\"author\" content=\"Encontra Piracicaba\"\/>\n\t<link rel=\"canonical\" href=\"https:\/\/www.encontrapiracicaba.com.br\/sobre\/eclipse-lunar-moradores-da-regiao-de-piracicaba-fotografam-fenomeno-veja-imagens\/\" \/>\n\t<meta name=\"generator\" content=\"All in One SEO (AIOSEO) 5.0.0.1\" \/>\n\t\t<meta property=\"og:locale\" content=\"pt_BR\" \/>\n\t\t<meta property=\"og:site_name\" content=\"Encontra Piracicaba | Not\u00edcias, eventos, informa\u00e7\u00f5es e dicas na cidade de Piracicaba e regi\u00e3o\" \/>\n\t\t<meta property=\"og:type\" content=\"article\" \/>\n\t\t<meta property=\"og:title\" content=\"Eclipse Lunar: moradores da regi\u00e3o de Piracicaba fotografam fen\u00f4meno; veja IMAGENS | Encontra Piracicaba\" \/>\n\t\t<meta property=\"og:url\" content=\"https:\/\/www.encontrapiracicaba.com.br\/sobre\/eclipse-lunar-moradores-da-regiao-de-piracicaba-fotografam-fenomeno-veja-imagens\/\" \/>\n\t\t<meta property=\"article:published_time\" content=\"2026-08-31T00:18:17+00:00\" \/>\n\t\t<meta property=\"article:modified_time\" content=\"2026-08-31T00:18:17+00:00\" \/>\n\t\t<meta name=\"twitter:card\" content=\"summary\" \/>\n\t\t<meta name=\"twitter:title\" content=\"Eclipse Lunar: moradores da regi\u00e3o de Piracicaba fotografam fen\u00f4meno; veja IMAGENS | Encontra Piracicaba\" \/>\n\t\t<script type=\"application\/ld+json\" class=\"aioseo-schema\">\n\t\t\t{\"@context\":\"https:\\\/\\\/schema.org\",\"@graph\":[{\"@type\":\"Article\",\"@id\":\"https:\\\/\\\/www.encontrapiracicaba.com.br\\\/sobre\\\/eclipse-lunar-moradores-da-regiao-de-piracicaba-fotografam-fenomeno-veja-imagens\\\/#article\",\"name\":\"Eclipse Lunar: moradores da regi\\u00e3o de Piracicaba fotografam fen\\u00f4meno; veja IMAGENS | Encontra Piracicaba\",\"headline\":\"Eclipse Lunar: moradores da regi\\u00e3o de Piracicaba fotografam fen\\u00f4meno; veja IMAGENS\",\"author\":{\"@id\":\"https:\\\/\\\/www.encontrapiracicaba.com.br\\\/sobre\\\/author\\\/epiracicaba\\\/#author\"},\"publisher\":{\"@id\":\"https:\\\/\\\/www.encontrapiracicaba.com.br\\\/sobre\\\/#organization\"},\"image\":{\"@type\":\"ImageObject\",\"url\":\"https:\\\/\\\/www.encontrapiracicaba.com.br\\\/sobre\\\/wp-content\\\/uploads\\\/eclipse-lunar-moradores-da-regiao-de-piracicaba-fotografam-fenomeno-veja-imagens.webp\",\"width\":280,\"height\":280},\"datePublished\":\"2026-08-30T21:18:17-03:00\",\"dateModified\":\"2026-08-30T21:18:17-03:00\",\"inLanguage\":\"pt-BR\",\"mainEntityOfPage\":{\"@id\":\"https:\\\/\\\/www.encontrapiracicaba.com.br\\\/sobre\\\/eclipse-lunar-moradores-da-regiao-de-piracicaba-fotografam-fenomeno-veja-imagens\\\/#webpage\"},\"isPartOf\":{\"@id\":\"https:\\\/\\\/www.encontrapiracicaba.com.br\\\/sobre\\\/eclipse-lunar-moradores-da-regiao-de-piracicaba-fotografam-fenomeno-veja-imagens\\\/#webpage\"},\"articleSection\":\"Not\\u00edcias Piracicaba\"},{\"@type\":\"BreadcrumbList\",\"@id\":\"https:\\\/\\\/www.encontrapiracicaba.com.br\\\/sobre\\\/eclipse-lunar-moradores-da-regiao-de-piracicaba-fotografam-fenomeno-veja-imagens\\\/#breadcrumblist\",\"itemListElement\":[{\"@type\":\"ListItem\",\"@id\":\"https:\\\/\\\/www.encontrapiracicaba.com.br\\\/sobre#listItem\",\"position\":1,\"name\":\"In\\u00edcio\",\"item\":\"https:\\\/\\\/www.encontrapiracicaba.com.br\\\/sobre\",\"nextItem\":{\"@type\":\"ListItem\",\"@id\":\"https:\\\/\\\/www.encontrapiracicaba.com.br\\\/sobre\\\/noticias-em-piracicaba\\\/#listItem\",\"name\":\"Not\\u00edcias Piracicaba\"}},{\"@type\":\"ListItem\",\"@id\":\"https:\\\/\\\/www.encontrapiracicaba.com.br\\\/sobre\\\/noticias-em-piracicaba\\\/#listItem\",\"position\":2,\"name\":\"Not\\u00edcias Piracicaba\",\"item\":\"https:\\\/\\\/www.encontrapiracicaba.com.br\\\/sobre\\\/noticias-em-piracicaba\\\/\",\"nextItem\":{\"@type\":\"ListItem\",\"@id\":\"https:\\\/\\\/www.encontrapiracicaba.com.br\\\/sobre\\\/eclipse-lunar-moradores-da-regiao-de-piracicaba-fotografam-fenomeno-veja-imagens\\\/#listItem\",\"name\":\"Eclipse Lunar: moradores da regi\\u00e3o de Piracicaba fotografam fen\\u00f4meno; veja IMAGENS\"},\"previousItem\":{\"@type\":\"ListItem\",\"@id\":\"https:\\\/\\\/www.encontrapiracicaba.com.br\\\/sobre#listItem\",\"name\":\"In\\u00edcio\"}},{\"@type\":\"ListItem\",\"@id\":\"https:\\\/\\\/www.encontrapiracicaba.com.br\\\/sobre\\\/eclipse-lunar-moradores-da-regiao-de-piracicaba-fotografam-fenomeno-veja-imagens\\\/#listItem\",\"position\":3,\"name\":\"Eclipse Lunar: moradores da regi\\u00e3o de Piracicaba fotografam fen\\u00f4meno; veja IMAGENS\",\"previousItem\":{\"@type\":\"ListItem\",\"@id\":\"https:\\\/\\\/www.encontrapiracicaba.com.br\\\/sobre\\\/noticias-em-piracicaba\\\/#listItem\",\"name\":\"Not\\u00edcias Piracicaba\"}}]},{\"@type\":\"Organization\",\"@id\":\"https:\\\/\\\/www.encontrapiracicaba.com.br\\\/sobre\\\/#organization\",\"name\":\"Encontra Piracicaba\",\"description\":\"Not\\u00edcias, eventos, informa\\u00e7\\u00f5es e dicas na cidade de Piracicaba e regi\\u00e3o\",\"url\":\"https:\\\/\\\/www.encontrapiracicaba.com.br\\\/sobre\\\/\"},{\"@type\":\"Person\",\"@id\":\"https:\\\/\\\/www.encontrapiracicaba.com.br\\\/sobre\\\/author\\\/epiracicaba\\\/#author\",\"url\":\"https:\\\/\\\/www.encontrapiracicaba.com.br\\\/sobre\\\/author\\\/epiracicaba\\\/\",\"name\":\"Encontra Piracicaba\",\"image\":{\"@type\":\"ImageObject\",\"@id\":\"https:\\\/\\\/www.encontrapiracicaba.com.br\\\/sobre\\\/eclipse-lunar-moradores-da-regiao-de-piracicaba-fotografam-fenomeno-veja-imagens\\\/#authorImage\",\"url\":\"https:\\\/\\\/secure.gravatar.com\\\/avatar\\\/507340682b8270222e1f208e23198b6ae7e2c6a1033ae84e99bc6bce4f82a387?s=96&d=mm&r=g\",\"width\":96,\"height\":96,\"caption\":\"Encontra Piracicaba\"}},{\"@type\":\"WebPage\",\"@id\":\"https:\\\/\\\/www.encontrapiracicaba.com.br\\\/sobre\\\/eclipse-lunar-moradores-da-regiao-de-piracicaba-fotografam-fenomeno-veja-imagens\\\/#webpage\",\"url\":\"https:\\\/\\\/www.encontrapiracicaba.com.br\\\/sobre\\\/eclipse-lunar-moradores-da-regiao-de-piracicaba-fotografam-fenomeno-veja-imagens\\\/\",\"name\":\"Eclipse Lunar: moradores da regi\\u00e3o de Piracicaba fotografam fen\\u00f4meno; veja IMAGENS | Encontra Piracicaba\",\"inLanguage\":\"pt-BR\",\"isPartOf\":{\"@id\":\"https:\\\/\\\/www.encontrapiracicaba.com.br\\\/sobre\\\/#website\"},\"breadcrumb\":{\"@id\":\"https:\\\/\\\/www.encontrapiracicaba.com.br\\\/sobre\\\/eclipse-lunar-moradores-da-regiao-de-piracicaba-fotografam-fenomeno-veja-imagens\\\/#breadcrumblist\"},\"author\":{\"@id\":\"https:\\\/\\\/www.encontrapiracicaba.com.br\\\/sobre\\\/author\\\/epiracicaba\\\/#author\"},\"creator\":{\"@id\":\"https:\\\/\\\/www.encontrapiracicaba.com.br\\\/sobre\\\/author\\\/epiracicaba\\\/#author\"},\"image\":{\"@type\":\"ImageObject\",\"url\":\"https:\\\/\\\/www.encontrapiracicaba.com.br\\\/sobre\\\/wp-content\\\/uploads\\\/eclipse-lunar-moradores-da-regiao-de-piracicaba-fotografam-fenomeno-veja-imagens.webp\",\"@id\":\"https:\\\/\\\/www.encontrapiracicaba.com.br\\\/sobre\\\/eclipse-lunar-moradores-da-regiao-de-piracicaba-fotografam-fenomeno-veja-imagens\\\/#mainImage\",\"width\":280,\"height\":280},\"primaryImageOfPage\":{\"@id\":\"https:\\\/\\\/www.encontrapiracicaba.com.br\\\/sobre\\\/eclipse-lunar-moradores-da-regiao-de-piracicaba-fotografam-fenomeno-veja-imagens\\\/#mainImage\"},\"datePublished\":\"2026-08-30T21:18:17-03:00\",\"dateModified\":\"2026-08-30T21:18:17-03:00\"},{\"@type\":\"WebSite\",\"@id\":\"https:\\\/\\\/www.encontrapiracicaba.com.br\\\/sobre\\\/#website\",\"url\":\"https:\\\/\\\/www.encontrapiracicaba.com.br\\\/sobre\\\/\",\"name\":\"Encontra Piracicaba\",\"description\":\"Not\\u00edcias, eventos, informa\\u00e7\\u00f5es e dicas na cidade de Piracicaba e regi\\u00e3o\",\"inLanguage\":\"pt-BR\",\"publisher\":{\"@id\":\"https:\\\/\\\/www.encontrapiracicaba.com.br\\\/sobre\\\/#organization\"}}]}\n\t\t<\/script>\n\t\t<!-- All in One SEO -->\n\n","aioseo_head_json":{"title":"Eclipse Lunar: moradores da regi\u00e3o de Piracicaba fotografam fen\u00f4meno; veja IMAGENS | Encontra Piracicaba","description":"","canonical_url":"https:\/\/www.encontrapiracicaba.com.br\/sobre\/eclipse-lunar-moradores-da-regiao-de-piracicaba-fotografam-fenomeno-veja-imagens\/","robots":"max-image-preview:large","keywords":"","webmasterTools":{"miscellaneous":""},"schema":{"@context":"https:\/\/schema.org","@graph":[{"@type":"Article","@id":"https:\/\/www.encontrapiracicaba.com.br\/sobre\/eclipse-lunar-moradores-da-regiao-de-piracicaba-fotografam-fenomeno-veja-imagens\/#article","name":"Eclipse Lunar: moradores da regi\u00e3o de Piracicaba fotografam fen\u00f4meno; veja IMAGENS | Encontra Piracicaba","headline":"Eclipse Lunar: moradores da regi\u00e3o de Piracicaba fotografam fen\u00f4meno; veja IMAGENS","author":{"@id":"https:\/\/www.encontrapiracicaba.com.br\/sobre\/author\/epiracicaba\/#author"},"publisher":{"@id":"https:\/\/www.encontrapiracicaba.com.br\/sobre\/#organization"},"image":{"@type":"ImageObject","url":"https:\/\/www.encontrapiracicaba.com.br\/sobre\/wp-content\/uploads\/eclipse-lunar-moradores-da-regiao-de-piracicaba-fotografam-fenomeno-veja-imagens.webp","width":280,"height":280},"datePublished":"2026-08-30T21:18:17-03:00","dateModified":"2026-08-30T21:18:17-03:00","inLanguage":"pt-BR","mainEntityOfPage":{"@id":"https:\/\/www.encontrapiracicaba.com.br\/sobre\/eclipse-lunar-moradores-da-regiao-de-piracicaba-fotografam-fenomeno-veja-imagens\/#webpage"},"isPartOf":{"@id":"https:\/\/www.encontrapiracicaba.com.br\/sobre\/eclipse-lunar-moradores-da-regiao-de-piracicaba-fotografam-fenomeno-veja-imagens\/#webpage"},"articleSection":"Not\u00edcias Piracicaba"},{"@type":"BreadcrumbList","@id":"https:\/\/www.encontrapiracicaba.com.br\/sobre\/eclipse-lunar-moradores-da-regiao-de-piracicaba-fotografam-fenomeno-veja-imagens\/#breadcrumblist","itemListElement":[{"@type":"ListItem","@id":"https:\/\/www.encontrapiracicaba.com.br\/sobre#listItem","position":1,"name":"In\u00edcio","item":"https:\/\/www.encontrapiracicaba.com.br\/sobre","nextItem":{"@type":"ListItem","@id":"https:\/\/www.encontrapiracicaba.com.br\/sobre\/noticias-em-piracicaba\/#listItem","name":"Not\u00edcias Piracicaba"}},{"@type":"ListItem","@id":"https:\/\/www.encontrapiracicaba.com.br\/sobre\/noticias-em-piracicaba\/#listItem","position":2,"name":"Not\u00edcias Piracicaba","item":"https:\/\/www.encontrapiracicaba.com.br\/sobre\/noticias-em-piracicaba\/","nextItem":{"@type":"ListItem","@id":"https:\/\/www.encontrapiracicaba.com.br\/sobre\/eclipse-lunar-moradores-da-regiao-de-piracicaba-fotografam-fenomeno-veja-imagens\/#listItem","name":"Eclipse Lunar: moradores da regi\u00e3o de Piracicaba fotografam fen\u00f4meno; veja IMAGENS"},"previousItem":{"@type":"ListItem","@id":"https:\/\/www.encontrapiracicaba.com.br\/sobre#listItem","name":"In\u00edcio"}},{"@type":"ListItem","@id":"https:\/\/www.encontrapiracicaba.com.br\/sobre\/eclipse-lunar-moradores-da-regiao-de-piracicaba-fotografam-fenomeno-veja-imagens\/#listItem","position":3,"name":"Eclipse Lunar: moradores da regi\u00e3o de Piracicaba fotografam fen\u00f4meno; veja IMAGENS","previousItem":{"@type":"ListItem","@id":"https:\/\/www.encontrapiracicaba.com.br\/sobre\/noticias-em-piracicaba\/#listItem","name":"Not\u00edcias Piracicaba"}}]},{"@type":"Organization","@id":"https:\/\/www.encontrapiracicaba.com.br\/sobre\/#organization","name":"Encontra Piracicaba","description":"Not\u00edcias, eventos, informa\u00e7\u00f5es e dicas na cidade de Piracicaba e regi\u00e3o","url":"https:\/\/www.encontrapiracicaba.com.br\/sobre\/"},{"@type":"Person","@id":"https:\/\/www.encontrapiracicaba.com.br\/sobre\/author\/epiracicaba\/#author","url":"https:\/\/www.encontrapiracicaba.com.br\/sobre\/author\/epiracicaba\/","name":"Encontra Piracicaba","image":{"@type":"ImageObject","@id":"https:\/\/www.encontrapiracicaba.com.br\/sobre\/eclipse-lunar-moradores-da-regiao-de-piracicaba-fotografam-fenomeno-veja-imagens\/#authorImage","url":"https:\/\/secure.gravatar.com\/avatar\/507340682b8270222e1f208e23198b6ae7e2c6a1033ae84e99bc6bce4f82a387?s=96&d=mm&r=g","width":96,"height":96,"caption":"Encontra Piracicaba"}},{"@type":"WebPage","@id":"https:\/\/www.encontrapiracicaba.com.br\/sobre\/eclipse-lunar-moradores-da-regiao-de-piracicaba-fotografam-fenomeno-veja-imagens\/#webpage","url":"https:\/\/www.encontrapiracicaba.com.br\/sobre\/eclipse-lunar-moradores-da-regiao-de-piracicaba-fotografam-fenomeno-veja-imagens\/","name":"Eclipse Lunar: moradores da regi\u00e3o de Piracicaba fotografam fen\u00f4meno; veja IMAGENS | Encontra Piracicaba","inLanguage":"pt-BR","isPartOf":{"@id":"https:\/\/www.encontrapiracicaba.com.br\/sobre\/#website"},"breadcrumb":{"@id":"https:\/\/www.encontrapiracicaba.com.br\/sobre\/eclipse-lunar-moradores-da-regiao-de-piracicaba-fotografam-fenomeno-veja-imagens\/#breadcrumblist"},"author":{"@id":"https:\/\/www.encontrapiracicaba.com.br\/sobre\/author\/epiracicaba\/#author"},"creator":{"@id":"https:\/\/www.encontrapiracicaba.com.br\/sobre\/author\/epiracicaba\/#author"},"image":{"@type":"ImageObject","url":"https:\/\/www.encontrapiracicaba.com.br\/sobre\/wp-content\/uploads\/eclipse-lunar-moradores-da-regiao-de-piracicaba-fotografam-fenomeno-veja-imagens.webp","@id":"https:\/\/www.encontrapiracicaba.com.br\/sobre\/eclipse-lunar-moradores-da-regiao-de-piracicaba-fotografam-fenomeno-veja-imagens\/#mainImage","width":280,"height":280},"primaryImageOfPage":{"@id":"https:\/\/www.encontrapiracicaba.com.br\/sobre\/eclipse-lunar-moradores-da-regiao-de-piracicaba-fotografam-fenomeno-veja-imagens\/#mainImage"},"datePublished":"2026-08-30T21:18:17-03:00","dateModified":"2026-08-30T21:18:17-03:00"},{"@type":"WebSite","@id":"https:\/\/www.encontrapiracicaba.com.br\/sobre\/#website","url":"https:\/\/www.encontrapiracicaba.com.br\/sobre\/","name":"Encontra Piracicaba","description":"Not\u00edcias, eventos, informa\u00e7\u00f5es e dicas na cidade de Piracicaba e regi\u00e3o","inLanguage":"pt-BR","publisher":{"@id":"https:\/\/www.encontrapiracicaba.com.br\/sobre\/#organization"}}]},"og:locale":"pt_BR","og:site_name":"Encontra Piracicaba | Not\u00edcias, eventos, informa\u00e7\u00f5es e dicas na cidade de Piracicaba e regi\u00e3o","og:type":"article","og:title":"Eclipse Lunar: moradores da regi\u00e3o de Piracicaba fotografam fen\u00f4meno; veja IMAGENS | Encontra Piracicaba","og:url":"https:\/\/www.encontrapiracicaba.com.br\/sobre\/eclipse-lunar-moradores-da-regiao-de-piracicaba-fotografam-fenomeno-veja-imagens\/","article:published_time":"2026-08-31T00:18:17+00:00","article:modified_time":"2026-08-31T00:18:17+00:00","twitter:card":"summary","twitter:title":"Eclipse Lunar: moradores da regi\u00e3o de Piracicaba fotografam fen\u00f4meno; veja IMAGENS | Encontra Piracicaba"},"aioseo_meta_data":{"post_id":"5242","title":null,"description":null,"keywords":null,"keyphrases":null,"primary_term":null,"canonical_url":null,"og_title":null,"og_description":null,"og_object_type":"default","og_image_type":"default","og_image_url":null,"og_image_width":null,"og_image_height":null,"og_image_custom_url":null,"og_image_custom_fields":null,"og_video":null,"og_custom_url":null,"og_article_section":null,"og_article_tags":null,"twitter_use_og":false,"twitter_card":"default","twitter_image_type":"default","twitter_image_url":null,"twitter_image_custom_url":null,"twitter_image_custom_fields":null,"twitter_title":null,"twitter_description":null,"schema":{"blockGraphs":[],"customGraphs":[],"default":{"data":{"Article":[],"Course":[],"Dataset":[],"FAQPage":[],"Movie":[],"Person":[],"Product":[],"ProductReview":[],"Car":[],"Recipe":[],"Service":[],"SoftwareApplication":[],"WebPage":[]},"graphName":"Article","isEnabled":true},"graphs":[]},"schema_type":"default","schema_type_options":null,"pillar_content":false,"robots_default":true,"robots_noindex":false,"robots_noarchive":false,"robots_nosnippet":false,"robots_nofollow":false,"robots_noimageindex":false,"robots_noodp":false,"robots_notranslate":false,"robots_max_snippet":null,"robots_max_videopreview":null,"robots_max_imagepreview":"large","priority":null,"frequency":null,"local_seo":null,"breadcrumb_settings":null,"limit_modified_date":false,"ai":null,"created":"2026-08-31 00:18:17","updated":"2026-08-31 00:20:11","focus_keyword":null,"additional_keywords":null,"truseo_locale":null,"seo_analyzer_scan_date":null},"aioseo_breadcrumb":"<div class=\"aioseo-breadcrumbs\"><span class=\"aioseo-breadcrumb\">\n\t\t\t<a href=\"https:\/\/www.encontrapiracicaba.com.br\/sobre\" title=\"In\u00edcio\">In\u00edcio<\/a>\n\t\t<\/span><span class=\"aioseo-breadcrumb-separator\">&raquo;<\/span><span class=\"aioseo-breadcrumb\">\n\t\t\t<a href=\"https:\/\/www.encontrapiracicaba.com.br\/sobre\/noticias-em-piracicaba\/\" title=\"Not\u00edcias Piracicaba\">Not\u00edcias Piracicaba<\/a>\n\t\t<\/span><span class=\"aioseo-breadcrumb-separator\">&raquo;<\/span><span class=\"aioseo-breadcrumb\">\n\t\t\tEclipse Lunar: moradores da regi\u00e3o de Piracicaba fotografam fen\u00f4meno; veja IMAGENS\n\t\t<\/span><\/div>","aioseo_breadcrumb_json":[{"label":"In\u00edcio","link":"https:\/\/www.encontrapiracicaba.com.br\/sobre"},{"label":"Not\u00edcias Piracicaba","link":"https:\/\/www.encontrapiracicaba.com.br\/sobre\/noticias-em-piracicaba\/"},{"label":"Eclipse Lunar: moradores da regi\u00e3o de Piracicaba fotografam fen\u00f4meno; veja IMAGENS","link":"https:\/\/www.encontrapiracicaba.com.br\/sobre\/eclipse-lunar-moradores-da-regiao-de-piracicaba-fotografam-fenomeno-veja-imagens\/"}],"_links":{"self":[{"href":"https:\/\/www.encontrapiracicaba.com.br\/sobre\/wp-json\/wp\/v2\/posts\/5242","targetHints":{"allow":["GET"]}}],"collection":[{"href":"https:\/\/www.encontrapiracicaba.com.br\/sobre\/wp-json\/wp\/v2\/posts"}],"about":[{"href":"https:\/\/www.encontrapiracicaba.com.br\/sobre\/wp-json\/wp\/v2\/types\/post"}],"author":[{"embeddable":true,"href":"https:\/\/www.encontrapiracicaba.com.br\/sobre\/wp-json\/wp\/v2\/users\/1"}],"replies":[{"embeddable":true,"href":"https:\/\/www.encontrapiracicaba.com.br\/sobre\/wp-json\/wp\/v2\/comments?post=5242"}],"version-history":[{"count":0,"href":"https:\/\/www.encontrapiracicaba.com.br\/sobre\/wp-json\/wp\/v2\/posts\/5242\/revisions"}],"wp:featuredmedia":[{"embeddable":true,"href":"https:\/\/www.encontrapiracicaba.com.br\/sobre\/wp-json\/wp\/v2\/media\/5241"}],"wp:attachment":[{"href":"https:\/\/www.encontrapiracicaba.com.br\/sobre\/wp-json\/wp\/v2\/media?parent=5242"}],"wp:term":[{"taxonomy":"category","embeddable":true,"href":"https:\/\/www.encontrapiracicaba.com.br\/sobre\/wp-json\/wp\/v2\/categories?post=5242"},{"taxonomy":"post_tag","embeddable":true,"href":"https:\/\/www.encontrapiracicaba.com.br\/sobre\/wp-json\/wp\/v2\/tags?post=5242"}],"curies":[{"name":"wp","href":"https:\/\/api.w.org\/{rel}","templated":true}]}}