{"id":623,"date":"2011-10-28T12:50:36","date_gmt":"2011-10-28T15:50:36","guid":{"rendered":"http:\/\/www.encontrapiracicaba.com.br\/noticias\/?p=623"},"modified":"2019-04-12T16:07:29","modified_gmt":"2019-04-12T19:07:29","slug":"finalista-da-impacto-zero-vai-beneficiar-2-comunidades-em-piracicaba-%e2%80%8e","status":"publish","type":"post","link":"https:\/\/www.encontrapiracicaba.com.br\/sobre\/finalista-da-impacto-zero-vai-beneficiar-2-comunidades-em-piracicaba-%e2%80%8e\/","title":{"rendered":"Finalista da Impacto Zero vai beneficiar 2 comunidades em Piracicaba ?"},"content":{"rendered":"<div class=\"85df007ed5c0c4d4b453fd13a37855e8\" data-index=\"1\" style=\"float: none; margin:0px;\">\n<!-- Anuncio display - global -->\r\n<ins class=\"adsbygoogle\"\r\n     style=\"display:block\"\r\n     data-ad-client=\"ca-pub-8585364105181520\"\r\n     data-ad-slot=\"8789329856\"\r\n     data-ad-format=\"auto\"\r\n     data-full-width-responsive=\"true\"><\/ins>\r\n<script>\r\n     (adsbygoogle = window.adsbygoogle || []).push({});\r\n<\/script>\n<\/div>\n<p>Gera\u00e7\u00e3o de renda e redu\u00e7\u00e3o das despesas. \u00c9 desta forma que duas comunidades da cidade de Piracicaba ser\u00e3o beneficiadas pela continuidade do projeto de alunos da Faculdade de Tecnologia de Piracicaba (Fatec), que foi finalista deste ano na Gincana Impacto Zero de sustentabilidade, promovida pelo SWU. Em nova etapa, o projeto agora ser\u00e1 aplicado com car\u00e1ter social, al\u00e9m do ecol\u00f3gico.<\/p>\n<p>De acordo com a professora coordenadora do estudo, M\u00e1rcia Nalesso Costa Harder, a etapa atual do projeto \u00e9 viabilizar a conclus\u00e3o de um ciclo sustent\u00e1vel perfeito. A din\u00e2mica do estudo tem in\u00edcio com a doa\u00e7\u00e3o de restos de \u00f3leo de cozinha pelas pessoas da comunidade. O l\u00edquido chega \u00e0 Fatec, que o converte em biodiesel e, do processo, resulta um res\u00edduo, a glicerina, que ainda n\u00e3o tinha um destino adequado.<\/p>\n<p>\u201cNeste momento, descobrimos uma forma de transformar a glicerina em sab\u00e3o, que ser\u00e1 doado de volta \u00e0s comunidades, encerrando o ciclo. Tamb\u00e9m oferecemos a eles a informa\u00e7\u00e3o t\u00e9cnica de produ\u00e7\u00e3o deste sab\u00e3o para contribuirmos para a gera\u00e7\u00e3o de renda\u201d, explica M\u00e1rcia.<\/p>\n<p>As duas comunidades beneficiadas s\u00e3o Santa S\u00e9 1 e 2. O projeto est\u00e1 inscrito em um novo concurso de estudos sustent\u00e1veis e, caso a institui\u00e7\u00e3o seja premiada, o projeto estar\u00e1 em pleno funcionamento num prazo de 90 dias.<\/p>\n<p>\u201cN\u00f3s temos muito gasto com equipamentos e reagentes. Caso o pr\u00eamio em dinheiro n\u00e3o sa\u00eda, vai demorar mais do que a gente gostaria para a implanta\u00e7\u00e3o, mas, ainda assim, \u00e9 vi\u00e1vel\u201d, explica a professora.<\/p>\n<p>Para a estudante Karen Lopes, de 20 anos, uma dos dez estdantes que trabalham na pesquisa, a grande gratifica\u00e7\u00e3o do projeto \u00e9 v\u00ea-lo transformado em benef\u00edcio para a sociedade.<\/p>\n<p>\u201cO grupo todo est\u00e1 confiante que vamos ganhar o pr\u00eamio. Vamos aplicar o projeto na comunidade e ajudar a gerar renda. Isso \u00e9 muito legal\u201d, disse.<br \/>\n<em><br \/>\nFonte: EpPiracicaba<\/em><\/p>\n\n<div style=\"font-size: 0px; height: 0px; line-height: 0px; margin: 0; padding: 0; clear: both;\"><\/div>","protected":false},"excerpt":{"rendered":"<p>Gera\u00e7\u00e3o de renda e redu\u00e7\u00e3o das despesas. \u00c9 desta forma que duas comunidades da cidade de Piracicaba ser\u00e3o beneficiadas pela continuidade do projeto de alunos da Faculdade de Tecnologia de Piracicaba (Fatec), que foi finalista deste ano na Gincana Impacto Zero de sustentabilidade, promovida pelo SWU. Em nova etapa, o projeto agora ser\u00e1 aplicado com car\u00e1ter social, al\u00e9m do ecol\u00f3gico. De acordo com a professora coordenadora do estudo, M\u00e1rcia Nalesso Costa Harder, a etapa atual do projeto \u00e9 viabilizar a conclus\u00e3o de um ciclo sustent\u00e1vel perfeito. A din\u00e2mica do estudo tem in\u00edcio com a doa\u00e7\u00e3o de restos de \u00f3leo de <\/p>\n","protected":false},"author":1,"featured_media":0,"comment_status":"open","ping_status":"closed","sticky":false,"template":"","format":"standard","meta":{"footnotes":""},"categories":[6],"tags":[],"class_list":["post-623","post","type-post","status-publish","format-standard","hentry","category-noticias-em-piracicaba"],"aioseo_notices":[],"aioseo_head":"\n\t\t<!-- All in One SEO 5.0.0.1 - aioseo.com -->\n\t<meta name=\"robots\" content=\"max-image-preview:large\" \/>\n\t<meta name=\"author\" content=\"Encontra Piracicaba\"\/>\n\t<link rel=\"canonical\" href=\"https:\/\/www.encontrapiracicaba.com.br\/sobre\/finalista-da-impacto-zero-vai-beneficiar-2-comunidades-em-piracicaba-%e2%80%8e\/\" \/>\n\t<meta name=\"generator\" content=\"All in One SEO (AIOSEO) 5.0.0.1\" \/>\n\t\t<meta property=\"og:locale\" content=\"pt_BR\" \/>\n\t\t<meta property=\"og:site_name\" content=\"Encontra Piracicaba | Not\u00edcias, eventos, informa\u00e7\u00f5es e dicas na cidade de Piracicaba e regi\u00e3o\" \/>\n\t\t<meta property=\"og:type\" content=\"article\" \/>\n\t\t<meta property=\"og:title\" content=\"Finalista da Impacto Zero vai beneficiar 2 comunidades em Piracicaba ? | Encontra Piracicaba\" \/>\n\t\t<meta property=\"og:url\" content=\"https:\/\/www.encontrapiracicaba.com.br\/sobre\/finalista-da-impacto-zero-vai-beneficiar-2-comunidades-em-piracicaba-%e2%80%8e\/\" \/>\n\t\t<meta property=\"article:published_time\" content=\"2011-10-28T15:50:36+00:00\" \/>\n\t\t<meta property=\"article:modified_time\" content=\"2019-04-12T19:07:29+00:00\" \/>\n\t\t<meta name=\"twitter:card\" content=\"summary\" \/>\n\t\t<meta name=\"twitter:title\" content=\"Finalista da Impacto Zero vai beneficiar 2 comunidades em Piracicaba ? | Encontra Piracicaba\" \/>\n\t\t<script type=\"application\/ld+json\" class=\"aioseo-schema\">\n\t\t\t{\"@context\":\"https:\\\/\\\/schema.org\",\"@graph\":[{\"@type\":\"Article\",\"@id\":\"https:\\\/\\\/www.encontrapiracicaba.com.br\\\/sobre\\\/finalista-da-impacto-zero-vai-beneficiar-2-comunidades-em-piracicaba-%e2%80%8e\\\/#article\",\"name\":\"Finalista da Impacto Zero vai beneficiar 2 comunidades em Piracicaba ? | Encontra Piracicaba\",\"headline\":\"Finalista da Impacto Zero vai beneficiar 2 comunidades em Piracicaba ?\",\"author\":{\"@id\":\"https:\\\/\\\/www.encontrapiracicaba.com.br\\\/sobre\\\/author\\\/epiracicaba\\\/#author\"},\"publisher\":{\"@id\":\"https:\\\/\\\/www.encontrapiracicaba.com.br\\\/sobre\\\/#organization\"},\"datePublished\":\"2011-10-28T12:50:36-03:00\",\"dateModified\":\"2019-04-12T16:07:29-03:00\",\"inLanguage\":\"pt-BR\",\"mainEntityOfPage\":{\"@id\":\"https:\\\/\\\/www.encontrapiracicaba.com.br\\\/sobre\\\/finalista-da-impacto-zero-vai-beneficiar-2-comunidades-em-piracicaba-%e2%80%8e\\\/#webpage\"},\"isPartOf\":{\"@id\":\"https:\\\/\\\/www.encontrapiracicaba.com.br\\\/sobre\\\/finalista-da-impacto-zero-vai-beneficiar-2-comunidades-em-piracicaba-%e2%80%8e\\\/#webpage\"},\"articleSection\":\"Not\\u00edcias Piracicaba\"},{\"@type\":\"BreadcrumbList\",\"@id\":\"https:\\\/\\\/www.encontrapiracicaba.com.br\\\/sobre\\\/finalista-da-impacto-zero-vai-beneficiar-2-comunidades-em-piracicaba-%e2%80%8e\\\/#breadcrumblist\",\"itemListElement\":[{\"@type\":\"ListItem\",\"@id\":\"https:\\\/\\\/www.encontrapiracicaba.com.br\\\/sobre#listItem\",\"position\":1,\"name\":\"In\\u00edcio\",\"item\":\"https:\\\/\\\/www.encontrapiracicaba.com.br\\\/sobre\",\"nextItem\":{\"@type\":\"ListItem\",\"@id\":\"https:\\\/\\\/www.encontrapiracicaba.com.br\\\/sobre\\\/noticias-em-piracicaba\\\/#listItem\",\"name\":\"Not\\u00edcias Piracicaba\"}},{\"@type\":\"ListItem\",\"@id\":\"https:\\\/\\\/www.encontrapiracicaba.com.br\\\/sobre\\\/noticias-em-piracicaba\\\/#listItem\",\"position\":2,\"name\":\"Not\\u00edcias Piracicaba\",\"item\":\"https:\\\/\\\/www.encontrapiracicaba.com.br\\\/sobre\\\/noticias-em-piracicaba\\\/\",\"nextItem\":{\"@type\":\"ListItem\",\"@id\":\"https:\\\/\\\/www.encontrapiracicaba.com.br\\\/sobre\\\/finalista-da-impacto-zero-vai-beneficiar-2-comunidades-em-piracicaba-%e2%80%8e\\\/#listItem\",\"name\":\"Finalista da Impacto Zero vai beneficiar 2 comunidades em Piracicaba ?\"},\"previousItem\":{\"@type\":\"ListItem\",\"@id\":\"https:\\\/\\\/www.encontrapiracicaba.com.br\\\/sobre#listItem\",\"name\":\"In\\u00edcio\"}},{\"@type\":\"ListItem\",\"@id\":\"https:\\\/\\\/www.encontrapiracicaba.com.br\\\/sobre\\\/finalista-da-impacto-zero-vai-beneficiar-2-comunidades-em-piracicaba-%e2%80%8e\\\/#listItem\",\"position\":3,\"name\":\"Finalista da Impacto Zero vai beneficiar 2 comunidades em Piracicaba ?\",\"previousItem\":{\"@type\":\"ListItem\",\"@id\":\"https:\\\/\\\/www.encontrapiracicaba.com.br\\\/sobre\\\/noticias-em-piracicaba\\\/#listItem\",\"name\":\"Not\\u00edcias Piracicaba\"}}]},{\"@type\":\"Organization\",\"@id\":\"https:\\\/\\\/www.encontrapiracicaba.com.br\\\/sobre\\\/#organization\",\"name\":\"Encontra Piracicaba\",\"description\":\"Not\\u00edcias, eventos, informa\\u00e7\\u00f5es e dicas na cidade de Piracicaba e regi\\u00e3o\",\"url\":\"https:\\\/\\\/www.encontrapiracicaba.com.br\\\/sobre\\\/\"},{\"@type\":\"Person\",\"@id\":\"https:\\\/\\\/www.encontrapiracicaba.com.br\\\/sobre\\\/author\\\/epiracicaba\\\/#author\",\"url\":\"https:\\\/\\\/www.encontrapiracicaba.com.br\\\/sobre\\\/author\\\/epiracicaba\\\/\",\"name\":\"Encontra Piracicaba\",\"image\":{\"@type\":\"ImageObject\",\"@id\":\"https:\\\/\\\/www.encontrapiracicaba.com.br\\\/sobre\\\/finalista-da-impacto-zero-vai-beneficiar-2-comunidades-em-piracicaba-%e2%80%8e\\\/#authorImage\",\"url\":\"https:\\\/\\\/secure.gravatar.com\\\/avatar\\\/507340682b8270222e1f208e23198b6ae7e2c6a1033ae84e99bc6bce4f82a387?s=96&d=mm&r=g\",\"width\":96,\"height\":96,\"caption\":\"Encontra Piracicaba\"}},{\"@type\":\"WebPage\",\"@id\":\"https:\\\/\\\/www.encontrapiracicaba.com.br\\\/sobre\\\/finalista-da-impacto-zero-vai-beneficiar-2-comunidades-em-piracicaba-%e2%80%8e\\\/#webpage\",\"url\":\"https:\\\/\\\/www.encontrapiracicaba.com.br\\\/sobre\\\/finalista-da-impacto-zero-vai-beneficiar-2-comunidades-em-piracicaba-%e2%80%8e\\\/\",\"name\":\"Finalista da Impacto Zero vai beneficiar 2 comunidades em Piracicaba ? | Encontra Piracicaba\",\"inLanguage\":\"pt-BR\",\"isPartOf\":{\"@id\":\"https:\\\/\\\/www.encontrapiracicaba.com.br\\\/sobre\\\/#website\"},\"breadcrumb\":{\"@id\":\"https:\\\/\\\/www.encontrapiracicaba.com.br\\\/sobre\\\/finalista-da-impacto-zero-vai-beneficiar-2-comunidades-em-piracicaba-%e2%80%8e\\\/#breadcrumblist\"},\"author\":{\"@id\":\"https:\\\/\\\/www.encontrapiracicaba.com.br\\\/sobre\\\/author\\\/epiracicaba\\\/#author\"},\"creator\":{\"@id\":\"https:\\\/\\\/www.encontrapiracicaba.com.br\\\/sobre\\\/author\\\/epiracicaba\\\/#author\"},\"datePublished\":\"2011-10-28T12:50:36-03:00\",\"dateModified\":\"2019-04-12T16:07:29-03:00\"},{\"@type\":\"WebSite\",\"@id\":\"https:\\\/\\\/www.encontrapiracicaba.com.br\\\/sobre\\\/#website\",\"url\":\"https:\\\/\\\/www.encontrapiracicaba.com.br\\\/sobre\\\/\",\"name\":\"Encontra Piracicaba\",\"description\":\"Not\\u00edcias, eventos, informa\\u00e7\\u00f5es e dicas na cidade de Piracicaba e regi\\u00e3o\",\"inLanguage\":\"pt-BR\",\"publisher\":{\"@id\":\"https:\\\/\\\/www.encontrapiracicaba.com.br\\\/sobre\\\/#organization\"}}]}\n\t\t<\/script>\n\t\t<!-- All in One SEO -->\n\n","aioseo_head_json":{"title":"Finalista da Impacto Zero vai beneficiar 2 comunidades em Piracicaba ? | Encontra Piracicaba","description":"","canonical_url":"https:\/\/www.encontrapiracicaba.com.br\/sobre\/finalista-da-impacto-zero-vai-beneficiar-2-comunidades-em-piracicaba-%e2%80%8e\/","robots":"max-image-preview:large","keywords":"","webmasterTools":{"miscellaneous":""},"schema":{"@context":"https:\/\/schema.org","@graph":[{"@type":"Article","@id":"https:\/\/www.encontrapiracicaba.com.br\/sobre\/finalista-da-impacto-zero-vai-beneficiar-2-comunidades-em-piracicaba-%e2%80%8e\/#article","name":"Finalista da Impacto Zero vai beneficiar 2 comunidades em Piracicaba ? | Encontra Piracicaba","headline":"Finalista da Impacto Zero vai beneficiar 2 comunidades em Piracicaba ?","author":{"@id":"https:\/\/www.encontrapiracicaba.com.br\/sobre\/author\/epiracicaba\/#author"},"publisher":{"@id":"https:\/\/www.encontrapiracicaba.com.br\/sobre\/#organization"},"datePublished":"2011-10-28T12:50:36-03:00","dateModified":"2019-04-12T16:07:29-03:00","inLanguage":"pt-BR","mainEntityOfPage":{"@id":"https:\/\/www.encontrapiracicaba.com.br\/sobre\/finalista-da-impacto-zero-vai-beneficiar-2-comunidades-em-piracicaba-%e2%80%8e\/#webpage"},"isPartOf":{"@id":"https:\/\/www.encontrapiracicaba.com.br\/sobre\/finalista-da-impacto-zero-vai-beneficiar-2-comunidades-em-piracicaba-%e2%80%8e\/#webpage"},"articleSection":"Not\u00edcias Piracicaba"},{"@type":"BreadcrumbList","@id":"https:\/\/www.encontrapiracicaba.com.br\/sobre\/finalista-da-impacto-zero-vai-beneficiar-2-comunidades-em-piracicaba-%e2%80%8e\/#breadcrumblist","itemListElement":[{"@type":"ListItem","@id":"https:\/\/www.encontrapiracicaba.com.br\/sobre#listItem","position":1,"name":"In\u00edcio","item":"https:\/\/www.encontrapiracicaba.com.br\/sobre","nextItem":{"@type":"ListItem","@id":"https:\/\/www.encontrapiracicaba.com.br\/sobre\/noticias-em-piracicaba\/#listItem","name":"Not\u00edcias Piracicaba"}},{"@type":"ListItem","@id":"https:\/\/www.encontrapiracicaba.com.br\/sobre\/noticias-em-piracicaba\/#listItem","position":2,"name":"Not\u00edcias Piracicaba","item":"https:\/\/www.encontrapiracicaba.com.br\/sobre\/noticias-em-piracicaba\/","nextItem":{"@type":"ListItem","@id":"https:\/\/www.encontrapiracicaba.com.br\/sobre\/finalista-da-impacto-zero-vai-beneficiar-2-comunidades-em-piracicaba-%e2%80%8e\/#listItem","name":"Finalista da Impacto Zero vai beneficiar 2 comunidades em Piracicaba ?"},"previousItem":{"@type":"ListItem","@id":"https:\/\/www.encontrapiracicaba.com.br\/sobre#listItem","name":"In\u00edcio"}},{"@type":"ListItem","@id":"https:\/\/www.encontrapiracicaba.com.br\/sobre\/finalista-da-impacto-zero-vai-beneficiar-2-comunidades-em-piracicaba-%e2%80%8e\/#listItem","position":3,"name":"Finalista da Impacto Zero vai beneficiar 2 comunidades em Piracicaba ?","previousItem":{"@type":"ListItem","@id":"https:\/\/www.encontrapiracicaba.com.br\/sobre\/noticias-em-piracicaba\/#listItem","name":"Not\u00edcias Piracicaba"}}]},{"@type":"Organization","@id":"https:\/\/www.encontrapiracicaba.com.br\/sobre\/#organization","name":"Encontra Piracicaba","description":"Not\u00edcias, eventos, informa\u00e7\u00f5es e dicas na cidade de Piracicaba e regi\u00e3o","url":"https:\/\/www.encontrapiracicaba.com.br\/sobre\/"},{"@type":"Person","@id":"https:\/\/www.encontrapiracicaba.com.br\/sobre\/author\/epiracicaba\/#author","url":"https:\/\/www.encontrapiracicaba.com.br\/sobre\/author\/epiracicaba\/","name":"Encontra Piracicaba","image":{"@type":"ImageObject","@id":"https:\/\/www.encontrapiracicaba.com.br\/sobre\/finalista-da-impacto-zero-vai-beneficiar-2-comunidades-em-piracicaba-%e2%80%8e\/#authorImage","url":"https:\/\/secure.gravatar.com\/avatar\/507340682b8270222e1f208e23198b6ae7e2c6a1033ae84e99bc6bce4f82a387?s=96&d=mm&r=g","width":96,"height":96,"caption":"Encontra Piracicaba"}},{"@type":"WebPage","@id":"https:\/\/www.encontrapiracicaba.com.br\/sobre\/finalista-da-impacto-zero-vai-beneficiar-2-comunidades-em-piracicaba-%e2%80%8e\/#webpage","url":"https:\/\/www.encontrapiracicaba.com.br\/sobre\/finalista-da-impacto-zero-vai-beneficiar-2-comunidades-em-piracicaba-%e2%80%8e\/","name":"Finalista da Impacto Zero vai beneficiar 2 comunidades em Piracicaba ? | Encontra Piracicaba","inLanguage":"pt-BR","isPartOf":{"@id":"https:\/\/www.encontrapiracicaba.com.br\/sobre\/#website"},"breadcrumb":{"@id":"https:\/\/www.encontrapiracicaba.com.br\/sobre\/finalista-da-impacto-zero-vai-beneficiar-2-comunidades-em-piracicaba-%e2%80%8e\/#breadcrumblist"},"author":{"@id":"https:\/\/www.encontrapiracicaba.com.br\/sobre\/author\/epiracicaba\/#author"},"creator":{"@id":"https:\/\/www.encontrapiracicaba.com.br\/sobre\/author\/epiracicaba\/#author"},"datePublished":"2011-10-28T12:50:36-03:00","dateModified":"2019-04-12T16:07:29-03:00"},{"@type":"WebSite","@id":"https:\/\/www.encontrapiracicaba.com.br\/sobre\/#website","url":"https:\/\/www.encontrapiracicaba.com.br\/sobre\/","name":"Encontra Piracicaba","description":"Not\u00edcias, eventos, informa\u00e7\u00f5es e dicas na cidade de Piracicaba e regi\u00e3o","inLanguage":"pt-BR","publisher":{"@id":"https:\/\/www.encontrapiracicaba.com.br\/sobre\/#organization"}}]},"og:locale":"pt_BR","og:site_name":"Encontra Piracicaba | Not\u00edcias, eventos, informa\u00e7\u00f5es e dicas na cidade de Piracicaba e regi\u00e3o","og:type":"article","og:title":"Finalista da Impacto Zero vai beneficiar 2 comunidades em Piracicaba ? | Encontra Piracicaba","og:url":"https:\/\/www.encontrapiracicaba.com.br\/sobre\/finalista-da-impacto-zero-vai-beneficiar-2-comunidades-em-piracicaba-%e2%80%8e\/","article:published_time":"2011-10-28T15:50:36+00:00","article:modified_time":"2019-04-12T19:07:29+00:00","twitter:card":"summary","twitter:title":"Finalista da Impacto Zero vai beneficiar 2 comunidades em Piracicaba ? | Encontra Piracicaba"},"aioseo_meta_data":{"post_id":"623","title":null,"description":null,"keywords":null,"keyphrases":null,"primary_term":null,"canonical_url":null,"og_title":null,"og_description":null,"og_object_type":"default","og_image_type":"default","og_image_url":null,"og_image_width":null,"og_image_height":null,"og_image_custom_url":null,"og_image_custom_fields":null,"og_video":null,"og_custom_url":null,"og_article_section":null,"og_article_tags":null,"twitter_use_og":false,"twitter_card":"default","twitter_image_type":"default","twitter_image_url":null,"twitter_image_custom_url":null,"twitter_image_custom_fields":null,"twitter_title":null,"twitter_description":null,"schema":{"blockGraphs":[],"customGraphs":[],"default":{"data":{"Article":[],"Course":[],"Dataset":[],"FAQPage":[],"Movie":[],"Person":[],"Product":[],"ProductReview":[],"Car":[],"Recipe":[],"Service":[],"SoftwareApplication":[],"WebPage":[]},"graphName":"Article","isEnabled":true},"graphs":[]},"schema_type":null,"schema_type_options":null,"pillar_content":false,"robots_default":true,"robots_noindex":false,"robots_noarchive":false,"robots_nosnippet":false,"robots_nofollow":false,"robots_noimageindex":false,"robots_noodp":false,"robots_notranslate":false,"robots_max_snippet":null,"robots_max_videopreview":null,"robots_max_imagepreview":"large","priority":null,"frequency":null,"local_seo":null,"breadcrumb_settings":null,"limit_modified_date":false,"ai":null,"created":"2021-08-13 21:11:14","updated":"2025-10-03 22:29:39","focus_keyword":null,"additional_keywords":null,"truseo_locale":null,"seo_analyzer_scan_date":null},"aioseo_breadcrumb":"<div class=\"aioseo-breadcrumbs\"><span class=\"aioseo-breadcrumb\">\n\t\t\t<a href=\"https:\/\/www.encontrapiracicaba.com.br\/sobre\" title=\"In\u00edcio\">In\u00edcio<\/a>\n\t\t<\/span><span class=\"aioseo-breadcrumb-separator\">&raquo;<\/span><span class=\"aioseo-breadcrumb\">\n\t\t\t<a href=\"https:\/\/www.encontrapiracicaba.com.br\/sobre\/noticias-em-piracicaba\/\" title=\"Not\u00edcias Piracicaba\">Not\u00edcias Piracicaba<\/a>\n\t\t<\/span><span class=\"aioseo-breadcrumb-separator\">&raquo;<\/span><span class=\"aioseo-breadcrumb\">\n\t\t\tFinalista da Impacto Zero vai beneficiar 2 comunidades em Piracicaba ?\n\t\t<\/span><\/div>","aioseo_breadcrumb_json":[{"label":"In\u00edcio","link":"https:\/\/www.encontrapiracicaba.com.br\/sobre"},{"label":"Not\u00edcias Piracicaba","link":"https:\/\/www.encontrapiracicaba.com.br\/sobre\/noticias-em-piracicaba\/"},{"label":"Finalista da Impacto Zero vai beneficiar 2 comunidades em Piracicaba ?","link":"https:\/\/www.encontrapiracicaba.com.br\/sobre\/finalista-da-impacto-zero-vai-beneficiar-2-comunidades-em-piracicaba-%e2%80%8e\/"}],"_links":{"self":[{"href":"https:\/\/www.encontrapiracicaba.com.br\/sobre\/wp-json\/wp\/v2\/posts\/623","targetHints":{"allow":["GET"]}}],"collection":[{"href":"https:\/\/www.encontrapiracicaba.com.br\/sobre\/wp-json\/wp\/v2\/posts"}],"about":[{"href":"https:\/\/www.encontrapiracicaba.com.br\/sobre\/wp-json\/wp\/v2\/types\/post"}],"author":[{"embeddable":true,"href":"https:\/\/www.encontrapiracicaba.com.br\/sobre\/wp-json\/wp\/v2\/users\/1"}],"replies":[{"embeddable":true,"href":"https:\/\/www.encontrapiracicaba.com.br\/sobre\/wp-json\/wp\/v2\/comments?post=623"}],"version-history":[{"count":2,"href":"https:\/\/www.encontrapiracicaba.com.br\/sobre\/wp-json\/wp\/v2\/posts\/623\/revisions"}],"predecessor-version":[{"id":1759,"href":"https:\/\/www.encontrapiracicaba.com.br\/sobre\/wp-json\/wp\/v2\/posts\/623\/revisions\/1759"}],"wp:attachment":[{"href":"https:\/\/www.encontrapiracicaba.com.br\/sobre\/wp-json\/wp\/v2\/media?parent=623"}],"wp:term":[{"taxonomy":"category","embeddable":true,"href":"https:\/\/www.encontrapiracicaba.com.br\/sobre\/wp-json\/wp\/v2\/categories?post=623"},{"taxonomy":"post_tag","embeddable":true,"href":"https:\/\/www.encontrapiracicaba.com.br\/sobre\/wp-json\/wp\/v2\/tags?post=623"}],"curies":[{"name":"wp","href":"https:\/\/api.w.org\/{rel}","templated":true}]}}