{"id":625,"date":"2011-10-28T12:52:30","date_gmt":"2011-10-28T15:52:30","guid":{"rendered":"http:\/\/www.encontrapiracicaba.com.br\/noticias\/?p=625"},"modified":"2019-04-12T16:07:29","modified_gmt":"2019-04-12T19:07:29","slug":"piracicaba-creche-diz-que-atitude-impulsiva-da-avo-levou-o-caso-a-policia-%e2%80%8e","status":"publish","type":"post","link":"https:\/\/www.encontrapiracicaba.com.br\/sobre\/piracicaba-creche-diz-que-atitude-impulsiva-da-avo-levou-o-caso-a-policia-%e2%80%8e\/","title":{"rendered":"Piracicaba: Creche diz que &#8220;atitude impulsiva&#8221; da av\u00f3 levou o caso \u00e0 pol\u00edcia ?"},"content":{"rendered":"<div class=\"85df007ed5c0c4d4b453fd13a37855e8\" data-index=\"1\" style=\"float: none; margin:0px;\">\n<!-- Anuncio display - global -->\r\n<ins class=\"adsbygoogle\"\r\n     style=\"display:block\"\r\n     data-ad-client=\"ca-pub-8585364105181520\"\r\n     data-ad-slot=\"8789329856\"\r\n     data-ad-format=\"auto\"\r\n     data-full-width-responsive=\"true\"><\/ins>\r\n<script>\r\n     (adsbygoogle = window.adsbygoogle || []).push({});\r\n<\/script>\n<\/div>\n<p>A creche Branca de Azevedo se manifestou pela primeira vez oficialmente nesta quinta-feira (27) \u00e0 tarde sobre o incidente com um de seus alunos, de 3 anos, que foi parar na delegacia, ap\u00f3s uma briga com a professora da institui\u00e7\u00e3o, na quarta-feira (26), no Centro de Encontra Piracicaba. Em nota, a institui\u00e7\u00e3o afirma que a \u201catitude impulsiva da av\u00f3\u201d \u00e9 que fez com que o caso fosse levado at\u00e9 a unidade policial.<\/p>\n<p>De acordo com a dire\u00e7\u00e3o da escola, \u201ca presen\u00e7a na delegacia n\u00e3o se deu em raz\u00e3o do ocorrido com a crian\u00e7a em nossa creche, mas em decorr\u00eancia da atitude da av\u00f3 com os funcion\u00e1rios da Institui\u00e7\u00e3o\u201d. A escola infantil \u00e9 presidida por Regina Godoy, mulher do secret\u00e1rio de Governo de Piraciacba, Jos\u00e9 Ant\u00f4nio de Godoy.<\/p>\n<p>A escola justificou, ainda, que se a diretora n\u00e3o tivesse se sentido \u201cagredida verbalmente e moralmente pela av\u00f3 da crian\u00e7a\u201d, jamais teria tomado atitude de chamar a pol\u00edcia por conta de um ato do garoto,pois, segundo versa a nota,\u00a0 \u201cn\u00e3o teria sentido e n\u00e3o seria juridicamente legal\u201d.<\/p>\n<p>A nota afirma, ainda, que foi registrado um \u00fanico boletim de ocorr\u00eancia contra a atitude da parente do garoto. Esta informa\u00e7\u00e3o, entretanto, diverge do que informou a Pol\u00edcia Civil, que garantiu que foram registrados dois boletins: um n\u00e3o-criminal sobre a atitude da crian\u00e7a e outro sobre o conflito entre a familiar e a educadora.<\/p>\n<p>A av\u00f3 da crian\u00e7a, Rute Camargo, n\u00e3o nega que tenha se exaltado. A dona de casa afirmou, entretanto, que o nervosismo foi porque, quando chegou \u00e0 escola, ela viu que o neto estava ferido e foi impedida de chegar perto do garoto, que ficou escoltado por tr\u00eas guardas. &#8220;Ele foi tratado como marginal&#8221;, disse.<\/p>\n<p>O caso<br \/>\nA crian\u00e7a de 3 anos de idade foi levada pela Guarda Municipal, de viatura, at\u00e9 a Delegacia de Defesa da Mulher, ap\u00f3s entrar em conflito com uma professora. Durante a confus\u00e3o, a professora disse ter sido agredida com um chute pela crian\u00e7a, que, em seguida, deu um soco em um vidro da sala.<\/p>\n<p>A av\u00f3 da crian\u00e7a, Rute Camargo, reclamou da maneira como o caso foi tratado. &#8220;Me ligaram e eu fui at\u00e9 a creche. Meu neto \u00e9 hiperativo, ele realmente d\u00e1 mais trabalho. Mas eu cheguei aqui e ele, uma crian\u00e7a de 3 anos, estava sendo tratado como se fosse um bandido, com tr\u00eas guardas municipais em volta da cadeira em que ele estava sentado. Isso \u00e9 um absurdo&#8221;, contou. &#8220;Precisava ter chamado a GM e ter feito tudo isso? \u00c9 uma crian\u00e7a&#8221;, questionou.<\/p>\n<p><em>Fonte: EpPiracicaba<\/em><\/p>\n\n<div style=\"font-size: 0px; height: 0px; line-height: 0px; margin: 0; padding: 0; clear: both;\"><\/div>","protected":false},"excerpt":{"rendered":"<p>A creche Branca de Azevedo se manifestou pela primeira vez oficialmente nesta quinta-feira (27) \u00e0 tarde sobre o incidente com um de seus alunos, de 3 anos, que foi parar na delegacia, ap\u00f3s uma briga com a professora da institui\u00e7\u00e3o, na quarta-feira (26), no Centro de Encontra Piracicaba. Em nota, a institui\u00e7\u00e3o afirma que a \u201catitude impulsiva da av\u00f3\u201d \u00e9 que fez com que o caso fosse levado at\u00e9 a unidade policial. De acordo com a dire\u00e7\u00e3o da escola, \u201ca presen\u00e7a na delegacia n\u00e3o se deu em raz\u00e3o do ocorrido com a crian\u00e7a em nossa creche, mas em decorr\u00eancia da <\/p>\n","protected":false},"author":1,"featured_media":0,"comment_status":"open","ping_status":"closed","sticky":false,"template":"","format":"standard","meta":{"footnotes":""},"categories":[6],"tags":[],"class_list":["post-625","post","type-post","status-publish","format-standard","hentry","category-noticias-em-piracicaba"],"aioseo_notices":[],"aioseo_head":"\n\t\t<!-- All in One SEO 5.0.0.1 - aioseo.com -->\n\t<meta name=\"robots\" content=\"max-image-preview:large\" \/>\n\t<meta name=\"author\" content=\"Encontra Piracicaba\"\/>\n\t<link rel=\"canonical\" href=\"https:\/\/www.encontrapiracicaba.com.br\/sobre\/piracicaba-creche-diz-que-atitude-impulsiva-da-avo-levou-o-caso-a-policia-%e2%80%8e\/\" \/>\n\t<meta name=\"generator\" content=\"All in One SEO (AIOSEO) 5.0.0.1\" \/>\n\t\t<meta property=\"og:locale\" content=\"pt_BR\" \/>\n\t\t<meta property=\"og:site_name\" content=\"Encontra Piracicaba | Not\u00edcias, eventos, informa\u00e7\u00f5es e dicas na cidade de Piracicaba e regi\u00e3o\" \/>\n\t\t<meta property=\"og:type\" content=\"article\" \/>\n\t\t<meta property=\"og:title\" content=\"Piracicaba: Creche diz que \u201catitude impulsiva\u201d da av\u00f3 levou o caso \u00e0 pol\u00edcia ? | Encontra Piracicaba\" \/>\n\t\t<meta property=\"og:url\" content=\"https:\/\/www.encontrapiracicaba.com.br\/sobre\/piracicaba-creche-diz-que-atitude-impulsiva-da-avo-levou-o-caso-a-policia-%e2%80%8e\/\" \/>\n\t\t<meta property=\"article:published_time\" content=\"2011-10-28T15:52:30+00:00\" \/>\n\t\t<meta property=\"article:modified_time\" content=\"2019-04-12T19:07:29+00:00\" \/>\n\t\t<meta name=\"twitter:card\" content=\"summary\" \/>\n\t\t<meta name=\"twitter:title\" content=\"Piracicaba: Creche diz que \u201catitude impulsiva\u201d da av\u00f3 levou o caso \u00e0 pol\u00edcia ? | Encontra Piracicaba\" \/>\n\t\t<script type=\"application\/ld+json\" class=\"aioseo-schema\">\n\t\t\t{\"@context\":\"https:\\\/\\\/schema.org\",\"@graph\":[{\"@type\":\"Article\",\"@id\":\"https:\\\/\\\/www.encontrapiracicaba.com.br\\\/sobre\\\/piracicaba-creche-diz-que-atitude-impulsiva-da-avo-levou-o-caso-a-policia-%e2%80%8e\\\/#article\",\"name\":\"Piracicaba: Creche diz que \\u201catitude impulsiva\\u201d da av\\u00f3 levou o caso \\u00e0 pol\\u00edcia ? | Encontra Piracicaba\",\"headline\":\"Piracicaba: Creche diz que &#8220;atitude impulsiva&#8221; da av\\u00f3 levou o caso \\u00e0 pol\\u00edcia ?\",\"author\":{\"@id\":\"https:\\\/\\\/www.encontrapiracicaba.com.br\\\/sobre\\\/author\\\/epiracicaba\\\/#author\"},\"publisher\":{\"@id\":\"https:\\\/\\\/www.encontrapiracicaba.com.br\\\/sobre\\\/#organization\"},\"datePublished\":\"2011-10-28T12:52:30-03:00\",\"dateModified\":\"2019-04-12T16:07:29-03:00\",\"inLanguage\":\"pt-BR\",\"mainEntityOfPage\":{\"@id\":\"https:\\\/\\\/www.encontrapiracicaba.com.br\\\/sobre\\\/piracicaba-creche-diz-que-atitude-impulsiva-da-avo-levou-o-caso-a-policia-%e2%80%8e\\\/#webpage\"},\"isPartOf\":{\"@id\":\"https:\\\/\\\/www.encontrapiracicaba.com.br\\\/sobre\\\/piracicaba-creche-diz-que-atitude-impulsiva-da-avo-levou-o-caso-a-policia-%e2%80%8e\\\/#webpage\"},\"articleSection\":\"Not\\u00edcias Piracicaba\"},{\"@type\":\"BreadcrumbList\",\"@id\":\"https:\\\/\\\/www.encontrapiracicaba.com.br\\\/sobre\\\/piracicaba-creche-diz-que-atitude-impulsiva-da-avo-levou-o-caso-a-policia-%e2%80%8e\\\/#breadcrumblist\",\"itemListElement\":[{\"@type\":\"ListItem\",\"@id\":\"https:\\\/\\\/www.encontrapiracicaba.com.br\\\/sobre#listItem\",\"position\":1,\"name\":\"In\\u00edcio\",\"item\":\"https:\\\/\\\/www.encontrapiracicaba.com.br\\\/sobre\",\"nextItem\":{\"@type\":\"ListItem\",\"@id\":\"https:\\\/\\\/www.encontrapiracicaba.com.br\\\/sobre\\\/noticias-em-piracicaba\\\/#listItem\",\"name\":\"Not\\u00edcias Piracicaba\"}},{\"@type\":\"ListItem\",\"@id\":\"https:\\\/\\\/www.encontrapiracicaba.com.br\\\/sobre\\\/noticias-em-piracicaba\\\/#listItem\",\"position\":2,\"name\":\"Not\\u00edcias Piracicaba\",\"item\":\"https:\\\/\\\/www.encontrapiracicaba.com.br\\\/sobre\\\/noticias-em-piracicaba\\\/\",\"nextItem\":{\"@type\":\"ListItem\",\"@id\":\"https:\\\/\\\/www.encontrapiracicaba.com.br\\\/sobre\\\/piracicaba-creche-diz-que-atitude-impulsiva-da-avo-levou-o-caso-a-policia-%e2%80%8e\\\/#listItem\",\"name\":\"Piracicaba: Creche diz que &#8220;atitude impulsiva&#8221; da av\\u00f3 levou o caso \\u00e0 pol\\u00edcia ?\"},\"previousItem\":{\"@type\":\"ListItem\",\"@id\":\"https:\\\/\\\/www.encontrapiracicaba.com.br\\\/sobre#listItem\",\"name\":\"In\\u00edcio\"}},{\"@type\":\"ListItem\",\"@id\":\"https:\\\/\\\/www.encontrapiracicaba.com.br\\\/sobre\\\/piracicaba-creche-diz-que-atitude-impulsiva-da-avo-levou-o-caso-a-policia-%e2%80%8e\\\/#listItem\",\"position\":3,\"name\":\"Piracicaba: Creche diz que &#8220;atitude impulsiva&#8221; da av\\u00f3 levou o caso \\u00e0 pol\\u00edcia ?\",\"previousItem\":{\"@type\":\"ListItem\",\"@id\":\"https:\\\/\\\/www.encontrapiracicaba.com.br\\\/sobre\\\/noticias-em-piracicaba\\\/#listItem\",\"name\":\"Not\\u00edcias Piracicaba\"}}]},{\"@type\":\"Organization\",\"@id\":\"https:\\\/\\\/www.encontrapiracicaba.com.br\\\/sobre\\\/#organization\",\"name\":\"Encontra Piracicaba\",\"description\":\"Not\\u00edcias, eventos, informa\\u00e7\\u00f5es e dicas na cidade de Piracicaba e regi\\u00e3o\",\"url\":\"https:\\\/\\\/www.encontrapiracicaba.com.br\\\/sobre\\\/\"},{\"@type\":\"Person\",\"@id\":\"https:\\\/\\\/www.encontrapiracicaba.com.br\\\/sobre\\\/author\\\/epiracicaba\\\/#author\",\"url\":\"https:\\\/\\\/www.encontrapiracicaba.com.br\\\/sobre\\\/author\\\/epiracicaba\\\/\",\"name\":\"Encontra Piracicaba\",\"image\":{\"@type\":\"ImageObject\",\"@id\":\"https:\\\/\\\/www.encontrapiracicaba.com.br\\\/sobre\\\/piracicaba-creche-diz-que-atitude-impulsiva-da-avo-levou-o-caso-a-policia-%e2%80%8e\\\/#authorImage\",\"url\":\"https:\\\/\\\/secure.gravatar.com\\\/avatar\\\/507340682b8270222e1f208e23198b6ae7e2c6a1033ae84e99bc6bce4f82a387?s=96&d=mm&r=g\",\"width\":96,\"height\":96,\"caption\":\"Encontra Piracicaba\"}},{\"@type\":\"WebPage\",\"@id\":\"https:\\\/\\\/www.encontrapiracicaba.com.br\\\/sobre\\\/piracicaba-creche-diz-que-atitude-impulsiva-da-avo-levou-o-caso-a-policia-%e2%80%8e\\\/#webpage\",\"url\":\"https:\\\/\\\/www.encontrapiracicaba.com.br\\\/sobre\\\/piracicaba-creche-diz-que-atitude-impulsiva-da-avo-levou-o-caso-a-policia-%e2%80%8e\\\/\",\"name\":\"Piracicaba: Creche diz que \\u201catitude impulsiva\\u201d da av\\u00f3 levou o caso \\u00e0 pol\\u00edcia ? | Encontra Piracicaba\",\"inLanguage\":\"pt-BR\",\"isPartOf\":{\"@id\":\"https:\\\/\\\/www.encontrapiracicaba.com.br\\\/sobre\\\/#website\"},\"breadcrumb\":{\"@id\":\"https:\\\/\\\/www.encontrapiracicaba.com.br\\\/sobre\\\/piracicaba-creche-diz-que-atitude-impulsiva-da-avo-levou-o-caso-a-policia-%e2%80%8e\\\/#breadcrumblist\"},\"author\":{\"@id\":\"https:\\\/\\\/www.encontrapiracicaba.com.br\\\/sobre\\\/author\\\/epiracicaba\\\/#author\"},\"creator\":{\"@id\":\"https:\\\/\\\/www.encontrapiracicaba.com.br\\\/sobre\\\/author\\\/epiracicaba\\\/#author\"},\"datePublished\":\"2011-10-28T12:52:30-03:00\",\"dateModified\":\"2019-04-12T16:07:29-03:00\"},{\"@type\":\"WebSite\",\"@id\":\"https:\\\/\\\/www.encontrapiracicaba.com.br\\\/sobre\\\/#website\",\"url\":\"https:\\\/\\\/www.encontrapiracicaba.com.br\\\/sobre\\\/\",\"name\":\"Encontra Piracicaba\",\"description\":\"Not\\u00edcias, eventos, informa\\u00e7\\u00f5es e dicas na cidade de Piracicaba e regi\\u00e3o\",\"inLanguage\":\"pt-BR\",\"publisher\":{\"@id\":\"https:\\\/\\\/www.encontrapiracicaba.com.br\\\/sobre\\\/#organization\"}}]}\n\t\t<\/script>\n\t\t<!-- All in One SEO -->\n\n","aioseo_head_json":{"title":"Piracicaba: Creche diz que \u201catitude impulsiva\u201d da av\u00f3 levou o caso \u00e0 pol\u00edcia ? | Encontra Piracicaba","description":"","canonical_url":"https:\/\/www.encontrapiracicaba.com.br\/sobre\/piracicaba-creche-diz-que-atitude-impulsiva-da-avo-levou-o-caso-a-policia-%e2%80%8e\/","robots":"max-image-preview:large","keywords":"","webmasterTools":{"miscellaneous":""},"schema":{"@context":"https:\/\/schema.org","@graph":[{"@type":"Article","@id":"https:\/\/www.encontrapiracicaba.com.br\/sobre\/piracicaba-creche-diz-que-atitude-impulsiva-da-avo-levou-o-caso-a-policia-%e2%80%8e\/#article","name":"Piracicaba: Creche diz que \u201catitude impulsiva\u201d da av\u00f3 levou o caso \u00e0 pol\u00edcia ? | Encontra Piracicaba","headline":"Piracicaba: Creche diz que &#8220;atitude impulsiva&#8221; da av\u00f3 levou o caso \u00e0 pol\u00edcia ?","author":{"@id":"https:\/\/www.encontrapiracicaba.com.br\/sobre\/author\/epiracicaba\/#author"},"publisher":{"@id":"https:\/\/www.encontrapiracicaba.com.br\/sobre\/#organization"},"datePublished":"2011-10-28T12:52:30-03:00","dateModified":"2019-04-12T16:07:29-03:00","inLanguage":"pt-BR","mainEntityOfPage":{"@id":"https:\/\/www.encontrapiracicaba.com.br\/sobre\/piracicaba-creche-diz-que-atitude-impulsiva-da-avo-levou-o-caso-a-policia-%e2%80%8e\/#webpage"},"isPartOf":{"@id":"https:\/\/www.encontrapiracicaba.com.br\/sobre\/piracicaba-creche-diz-que-atitude-impulsiva-da-avo-levou-o-caso-a-policia-%e2%80%8e\/#webpage"},"articleSection":"Not\u00edcias Piracicaba"},{"@type":"BreadcrumbList","@id":"https:\/\/www.encontrapiracicaba.com.br\/sobre\/piracicaba-creche-diz-que-atitude-impulsiva-da-avo-levou-o-caso-a-policia-%e2%80%8e\/#breadcrumblist","itemListElement":[{"@type":"ListItem","@id":"https:\/\/www.encontrapiracicaba.com.br\/sobre#listItem","position":1,"name":"In\u00edcio","item":"https:\/\/www.encontrapiracicaba.com.br\/sobre","nextItem":{"@type":"ListItem","@id":"https:\/\/www.encontrapiracicaba.com.br\/sobre\/noticias-em-piracicaba\/#listItem","name":"Not\u00edcias Piracicaba"}},{"@type":"ListItem","@id":"https:\/\/www.encontrapiracicaba.com.br\/sobre\/noticias-em-piracicaba\/#listItem","position":2,"name":"Not\u00edcias Piracicaba","item":"https:\/\/www.encontrapiracicaba.com.br\/sobre\/noticias-em-piracicaba\/","nextItem":{"@type":"ListItem","@id":"https:\/\/www.encontrapiracicaba.com.br\/sobre\/piracicaba-creche-diz-que-atitude-impulsiva-da-avo-levou-o-caso-a-policia-%e2%80%8e\/#listItem","name":"Piracicaba: Creche diz que &#8220;atitude impulsiva&#8221; da av\u00f3 levou o caso \u00e0 pol\u00edcia ?"},"previousItem":{"@type":"ListItem","@id":"https:\/\/www.encontrapiracicaba.com.br\/sobre#listItem","name":"In\u00edcio"}},{"@type":"ListItem","@id":"https:\/\/www.encontrapiracicaba.com.br\/sobre\/piracicaba-creche-diz-que-atitude-impulsiva-da-avo-levou-o-caso-a-policia-%e2%80%8e\/#listItem","position":3,"name":"Piracicaba: Creche diz que &#8220;atitude impulsiva&#8221; da av\u00f3 levou o caso \u00e0 pol\u00edcia ?","previousItem":{"@type":"ListItem","@id":"https:\/\/www.encontrapiracicaba.com.br\/sobre\/noticias-em-piracicaba\/#listItem","name":"Not\u00edcias Piracicaba"}}]},{"@type":"Organization","@id":"https:\/\/www.encontrapiracicaba.com.br\/sobre\/#organization","name":"Encontra Piracicaba","description":"Not\u00edcias, eventos, informa\u00e7\u00f5es e dicas na cidade de Piracicaba e regi\u00e3o","url":"https:\/\/www.encontrapiracicaba.com.br\/sobre\/"},{"@type":"Person","@id":"https:\/\/www.encontrapiracicaba.com.br\/sobre\/author\/epiracicaba\/#author","url":"https:\/\/www.encontrapiracicaba.com.br\/sobre\/author\/epiracicaba\/","name":"Encontra Piracicaba","image":{"@type":"ImageObject","@id":"https:\/\/www.encontrapiracicaba.com.br\/sobre\/piracicaba-creche-diz-que-atitude-impulsiva-da-avo-levou-o-caso-a-policia-%e2%80%8e\/#authorImage","url":"https:\/\/secure.gravatar.com\/avatar\/507340682b8270222e1f208e23198b6ae7e2c6a1033ae84e99bc6bce4f82a387?s=96&d=mm&r=g","width":96,"height":96,"caption":"Encontra Piracicaba"}},{"@type":"WebPage","@id":"https:\/\/www.encontrapiracicaba.com.br\/sobre\/piracicaba-creche-diz-que-atitude-impulsiva-da-avo-levou-o-caso-a-policia-%e2%80%8e\/#webpage","url":"https:\/\/www.encontrapiracicaba.com.br\/sobre\/piracicaba-creche-diz-que-atitude-impulsiva-da-avo-levou-o-caso-a-policia-%e2%80%8e\/","name":"Piracicaba: Creche diz que \u201catitude impulsiva\u201d da av\u00f3 levou o caso \u00e0 pol\u00edcia ? | Encontra Piracicaba","inLanguage":"pt-BR","isPartOf":{"@id":"https:\/\/www.encontrapiracicaba.com.br\/sobre\/#website"},"breadcrumb":{"@id":"https:\/\/www.encontrapiracicaba.com.br\/sobre\/piracicaba-creche-diz-que-atitude-impulsiva-da-avo-levou-o-caso-a-policia-%e2%80%8e\/#breadcrumblist"},"author":{"@id":"https:\/\/www.encontrapiracicaba.com.br\/sobre\/author\/epiracicaba\/#author"},"creator":{"@id":"https:\/\/www.encontrapiracicaba.com.br\/sobre\/author\/epiracicaba\/#author"},"datePublished":"2011-10-28T12:52:30-03:00","dateModified":"2019-04-12T16:07:29-03:00"},{"@type":"WebSite","@id":"https:\/\/www.encontrapiracicaba.com.br\/sobre\/#website","url":"https:\/\/www.encontrapiracicaba.com.br\/sobre\/","name":"Encontra Piracicaba","description":"Not\u00edcias, eventos, informa\u00e7\u00f5es e dicas na cidade de Piracicaba e regi\u00e3o","inLanguage":"pt-BR","publisher":{"@id":"https:\/\/www.encontrapiracicaba.com.br\/sobre\/#organization"}}]},"og:locale":"pt_BR","og:site_name":"Encontra Piracicaba | Not\u00edcias, eventos, informa\u00e7\u00f5es e dicas na cidade de Piracicaba e regi\u00e3o","og:type":"article","og:title":"Piracicaba: Creche diz que \u201catitude impulsiva\u201d da av\u00f3 levou o caso \u00e0 pol\u00edcia ? | Encontra Piracicaba","og:url":"https:\/\/www.encontrapiracicaba.com.br\/sobre\/piracicaba-creche-diz-que-atitude-impulsiva-da-avo-levou-o-caso-a-policia-%e2%80%8e\/","article:published_time":"2011-10-28T15:52:30+00:00","article:modified_time":"2019-04-12T19:07:29+00:00","twitter:card":"summary","twitter:title":"Piracicaba: Creche diz que \u201catitude impulsiva\u201d da av\u00f3 levou o caso \u00e0 pol\u00edcia ? | Encontra Piracicaba"},"aioseo_meta_data":{"post_id":"625","title":null,"description":null,"keywords":null,"keyphrases":null,"primary_term":null,"canonical_url":null,"og_title":null,"og_description":null,"og_object_type":"default","og_image_type":"default","og_image_url":null,"og_image_width":null,"og_image_height":null,"og_image_custom_url":null,"og_image_custom_fields":null,"og_video":null,"og_custom_url":null,"og_article_section":null,"og_article_tags":null,"twitter_use_og":false,"twitter_card":"default","twitter_image_type":"default","twitter_image_url":null,"twitter_image_custom_url":null,"twitter_image_custom_fields":null,"twitter_title":null,"twitter_description":null,"schema":{"blockGraphs":[],"customGraphs":[],"default":{"data":{"Article":[],"Course":[],"Dataset":[],"FAQPage":[],"Movie":[],"Person":[],"Product":[],"ProductReview":[],"Car":[],"Recipe":[],"Service":[],"SoftwareApplication":[],"WebPage":[]},"graphName":"Article","isEnabled":true},"graphs":[]},"schema_type":null,"schema_type_options":null,"pillar_content":false,"robots_default":true,"robots_noindex":false,"robots_noarchive":false,"robots_nosnippet":false,"robots_nofollow":false,"robots_noimageindex":false,"robots_noodp":false,"robots_notranslate":false,"robots_max_snippet":null,"robots_max_videopreview":null,"robots_max_imagepreview":"large","priority":null,"frequency":null,"local_seo":null,"breadcrumb_settings":null,"limit_modified_date":false,"ai":null,"created":"2021-08-13 21:11:14","updated":"2025-10-03 22:29:39","focus_keyword":null,"additional_keywords":null,"truseo_locale":null,"seo_analyzer_scan_date":null},"aioseo_breadcrumb":"<div class=\"aioseo-breadcrumbs\"><span class=\"aioseo-breadcrumb\">\n\t\t\t<a href=\"https:\/\/www.encontrapiracicaba.com.br\/sobre\" title=\"In\u00edcio\">In\u00edcio<\/a>\n\t\t<\/span><span class=\"aioseo-breadcrumb-separator\">&raquo;<\/span><span class=\"aioseo-breadcrumb\">\n\t\t\t<a href=\"https:\/\/www.encontrapiracicaba.com.br\/sobre\/noticias-em-piracicaba\/\" title=\"Not\u00edcias Piracicaba\">Not\u00edcias Piracicaba<\/a>\n\t\t<\/span><span class=\"aioseo-breadcrumb-separator\">&raquo;<\/span><span class=\"aioseo-breadcrumb\">\n\t\t\tPiracicaba: Creche diz que \u201catitude impulsiva\u201d da av\u00f3 levou o caso \u00e0 pol\u00edcia ?\n\t\t<\/span><\/div>","aioseo_breadcrumb_json":[{"label":"In\u00edcio","link":"https:\/\/www.encontrapiracicaba.com.br\/sobre"},{"label":"Not\u00edcias Piracicaba","link":"https:\/\/www.encontrapiracicaba.com.br\/sobre\/noticias-em-piracicaba\/"},{"label":"Piracicaba: Creche diz que &#8220;atitude impulsiva&#8221; da av\u00f3 levou o caso \u00e0 pol\u00edcia ?","link":"https:\/\/www.encontrapiracicaba.com.br\/sobre\/piracicaba-creche-diz-que-atitude-impulsiva-da-avo-levou-o-caso-a-policia-%e2%80%8e\/"}],"_links":{"self":[{"href":"https:\/\/www.encontrapiracicaba.com.br\/sobre\/wp-json\/wp\/v2\/posts\/625","targetHints":{"allow":["GET"]}}],"collection":[{"href":"https:\/\/www.encontrapiracicaba.com.br\/sobre\/wp-json\/wp\/v2\/posts"}],"about":[{"href":"https:\/\/www.encontrapiracicaba.com.br\/sobre\/wp-json\/wp\/v2\/types\/post"}],"author":[{"embeddable":true,"href":"https:\/\/www.encontrapiracicaba.com.br\/sobre\/wp-json\/wp\/v2\/users\/1"}],"replies":[{"embeddable":true,"href":"https:\/\/www.encontrapiracicaba.com.br\/sobre\/wp-json\/wp\/v2\/comments?post=625"}],"version-history":[{"count":2,"href":"https:\/\/www.encontrapiracicaba.com.br\/sobre\/wp-json\/wp\/v2\/posts\/625\/revisions"}],"predecessor-version":[{"id":1760,"href":"https:\/\/www.encontrapiracicaba.com.br\/sobre\/wp-json\/wp\/v2\/posts\/625\/revisions\/1760"}],"wp:attachment":[{"href":"https:\/\/www.encontrapiracicaba.com.br\/sobre\/wp-json\/wp\/v2\/media?parent=625"}],"wp:term":[{"taxonomy":"category","embeddable":true,"href":"https:\/\/www.encontrapiracicaba.com.br\/sobre\/wp-json\/wp\/v2\/categories?post=625"},{"taxonomy":"post_tag","embeddable":true,"href":"https:\/\/www.encontrapiracicaba.com.br\/sobre\/wp-json\/wp\/v2\/tags?post=625"}],"curies":[{"name":"wp","href":"https:\/\/api.w.org\/{rel}","templated":true}]}}