{"id":689,"date":"2011-12-06T12:16:43","date_gmt":"2011-12-06T15:16:43","guid":{"rendered":"http:\/\/www.encontrapiracicaba.com.br\/noticias\/?p=689"},"modified":"2019-04-12T16:07:28","modified_gmt":"2019-04-12T19:07:28","slug":"estado-quer-ativar-trem-rapido-ate-piracicaba-depois-de-2018-%e2%80%8e","status":"publish","type":"post","link":"https:\/\/www.encontrapiracicaba.com.br\/sobre\/estado-quer-ativar-trem-rapido-ate-piracicaba-depois-de-2018-%e2%80%8e\/","title":{"rendered":"Estado quer ativar trem r\u00e1pido at\u00e9 Piracicaba depois de 2018 ?"},"content":{"rendered":"<div class=\"85df007ed5c0c4d4b453fd13a37855e8\" data-index=\"1\" style=\"float: none; margin:0px;\">\n<!-- Anuncio display - global -->\r\n<ins class=\"adsbygoogle\"\r\n     style=\"display:block\"\r\n     data-ad-client=\"ca-pub-8585364105181520\"\r\n     data-ad-slot=\"8789329856\"\r\n     data-ad-format=\"auto\"\r\n     data-full-width-responsive=\"true\"><\/ins>\r\n<script>\r\n     (adsbygoogle = window.adsbygoogle || []).push({});\r\n<\/script>\n<\/div>\n<p>O governo do Estado de S\u00e3o Paulo quer ativar os ramais ferrovi\u00e1rios da cidade Piracicaba e Ribeir\u00e3o Preto, segundo afirmou o secret\u00e1rio estadual de Transportes Metropolitanos, Jurandir Fernandes. As duas linhas sairiam de Campinas e os estudos ser\u00e3o realizados entre 2014 e 2018, mesmo per\u00edodo previsto para entrega dos chamados trens r\u00e1pidos, ou regionais, que v\u00e3o ligar S\u00e3o Paulo a Jundia\u00ed, Sorocaba e Santos. Todos os &#8220;expressos&#8221; ser\u00e3o operados pela iniciativa privada.<\/p>\n<p>As linhas dos trens regionais dever\u00e3o ser estendidas at\u00e9 Piracicaba e Ribeir\u00e3o Preto para impulsionar o desenvolvimento regional. &#8220;As liga\u00e7\u00f5es v\u00e3o servir principalmente para as cidades mais pr\u00f3ximas a ela, dando um amplo crescimento regional aos servi\u00e7os de transportes&#8221;, disse Fernandes. O secret\u00e1rio lembrou ainda que a ativa\u00e7\u00e3o desses dois munic\u00edpios deve-se aos ramais j\u00e1 existentes no passado.<\/p>\n<p>Durante os quatro anos, o governo vai estudar o melhor tra\u00e7ado, a demanda de passageiros e os impactos ambientais para a ativa\u00e7\u00e3o dos ramais. &#8220;O Estado vai apenas ajudar com os estudos e apoio aos empreendedores&#8221;, disse Fernandes. Os trens regionais, ainda segundo ele, ser\u00e3o uma alternativa \u00e0s regi\u00f5es pr\u00f3ximas a Campinas que ser\u00e1 beneficiada pelo trem de alta velocidade (TAV).<\/p>\n<p>Os trens de passageiros ter\u00e3o velocidade m\u00e9dia de 120 quil\u00f4metros por hora. &#8220;Vamos avan\u00e7ar para estas cidades depois que Jundia\u00ed, Sorocaba e Santos foram ativadas at\u00e9 2018&#8221;, afirmou Fernandes. A velocidade m\u00e1xima do trem, de acordo com o secret\u00e1rio, ser\u00e1 de 180 quil\u00f4metros por hora. Os trens dever\u00e3o ter composi\u00e7\u00f5es compactas e modernas. Como as antigas ferrovias paulistas n\u00e3o comportam trens t\u00e3o r\u00e1pidos, o governo construir\u00e1 linhas novas.<\/p>\n<p>Jundia\u00ed<br \/>\nA primeira linha reativada ser\u00e1 em 2014 na regi\u00e3o de Jundia\u00ed. O trem ter\u00e1 capacidade para 600 pessoas sentadas. Ele sair\u00e1 de Jundia\u00ed e alcan\u00e7ar\u00e1 a esta\u00e7\u00e3o \u00c1gua Branca, na capital paulista, em 25 minutos. Ainda segundo Fernandes, o projeto executivo j\u00e1 foi contratado e as obras ter\u00e3o in\u00edcio no final do ano que vem. O trem ter\u00e1 internet sem fio e o pre\u00e7o ser\u00e1 pr\u00f3ximo aos dos \u00f4nibus. &#8220;O custo do projeto \u00e9 estimado em R$ 3 bilh\u00f5es&#8221;, afirmou.<\/p>\n<p><em>Fonte: Eptv.com<\/em><\/p>\n\n<div style=\"font-size: 0px; height: 0px; line-height: 0px; margin: 0; padding: 0; clear: both;\"><\/div>","protected":false},"excerpt":{"rendered":"<p>O governo do Estado de S\u00e3o Paulo quer ativar os ramais ferrovi\u00e1rios da cidade Piracicaba e Ribeir\u00e3o Preto, segundo afirmou o secret\u00e1rio estadual de Transportes Metropolitanos, Jurandir Fernandes. As duas linhas sairiam de Campinas e os estudos ser\u00e3o realizados entre 2014 e 2018, mesmo per\u00edodo previsto para entrega dos chamados trens r\u00e1pidos, ou regionais, que v\u00e3o ligar S\u00e3o Paulo a Jundia\u00ed, Sorocaba e Santos. Todos os &#8220;expressos&#8221; ser\u00e3o operados pela iniciativa privada. As linhas dos trens regionais dever\u00e3o ser estendidas at\u00e9 Piracicaba e Ribeir\u00e3o Preto para impulsionar o desenvolvimento regional. &#8220;As liga\u00e7\u00f5es v\u00e3o servir principalmente para as cidades mais pr\u00f3ximas <\/p>\n","protected":false},"author":1,"featured_media":0,"comment_status":"open","ping_status":"closed","sticky":false,"template":"","format":"standard","meta":{"footnotes":""},"categories":[6],"tags":[],"class_list":["post-689","post","type-post","status-publish","format-standard","hentry","category-noticias-em-piracicaba"],"aioseo_notices":[],"aioseo_head":"\n\t\t<!-- All in One SEO 5.0.0.1 - aioseo.com -->\n\t<meta name=\"robots\" content=\"max-image-preview:large\" \/>\n\t<meta name=\"author\" content=\"Encontra Piracicaba\"\/>\n\t<link rel=\"canonical\" href=\"https:\/\/www.encontrapiracicaba.com.br\/sobre\/estado-quer-ativar-trem-rapido-ate-piracicaba-depois-de-2018-%e2%80%8e\/\" \/>\n\t<meta name=\"generator\" content=\"All in One SEO (AIOSEO) 5.0.0.1\" \/>\n\t\t<meta property=\"og:locale\" content=\"pt_BR\" \/>\n\t\t<meta property=\"og:site_name\" content=\"Encontra Piracicaba | Not\u00edcias, eventos, informa\u00e7\u00f5es e dicas na cidade de Piracicaba e regi\u00e3o\" \/>\n\t\t<meta property=\"og:type\" content=\"article\" \/>\n\t\t<meta property=\"og:title\" content=\"Estado quer ativar trem r\u00e1pido at\u00e9 Piracicaba depois de 2018 ? | Encontra Piracicaba\" \/>\n\t\t<meta property=\"og:url\" content=\"https:\/\/www.encontrapiracicaba.com.br\/sobre\/estado-quer-ativar-trem-rapido-ate-piracicaba-depois-de-2018-%e2%80%8e\/\" \/>\n\t\t<meta property=\"article:published_time\" content=\"2011-12-06T15:16:43+00:00\" \/>\n\t\t<meta property=\"article:modified_time\" content=\"2019-04-12T19:07:28+00:00\" \/>\n\t\t<meta name=\"twitter:card\" content=\"summary\" \/>\n\t\t<meta name=\"twitter:title\" content=\"Estado quer ativar trem r\u00e1pido at\u00e9 Piracicaba depois de 2018 ? | Encontra Piracicaba\" \/>\n\t\t<script type=\"application\/ld+json\" class=\"aioseo-schema\">\n\t\t\t{\"@context\":\"https:\\\/\\\/schema.org\",\"@graph\":[{\"@type\":\"Article\",\"@id\":\"https:\\\/\\\/www.encontrapiracicaba.com.br\\\/sobre\\\/estado-quer-ativar-trem-rapido-ate-piracicaba-depois-de-2018-%e2%80%8e\\\/#article\",\"name\":\"Estado quer ativar trem r\\u00e1pido at\\u00e9 Piracicaba depois de 2018 ? | Encontra Piracicaba\",\"headline\":\"Estado quer ativar trem r\\u00e1pido at\\u00e9 Piracicaba depois de 2018 ?\",\"author\":{\"@id\":\"https:\\\/\\\/www.encontrapiracicaba.com.br\\\/sobre\\\/author\\\/epiracicaba\\\/#author\"},\"publisher\":{\"@id\":\"https:\\\/\\\/www.encontrapiracicaba.com.br\\\/sobre\\\/#organization\"},\"datePublished\":\"2011-12-06T12:16:43-03:00\",\"dateModified\":\"2019-04-12T16:07:28-03:00\",\"inLanguage\":\"pt-BR\",\"mainEntityOfPage\":{\"@id\":\"https:\\\/\\\/www.encontrapiracicaba.com.br\\\/sobre\\\/estado-quer-ativar-trem-rapido-ate-piracicaba-depois-de-2018-%e2%80%8e\\\/#webpage\"},\"isPartOf\":{\"@id\":\"https:\\\/\\\/www.encontrapiracicaba.com.br\\\/sobre\\\/estado-quer-ativar-trem-rapido-ate-piracicaba-depois-de-2018-%e2%80%8e\\\/#webpage\"},\"articleSection\":\"Not\\u00edcias Piracicaba\"},{\"@type\":\"BreadcrumbList\",\"@id\":\"https:\\\/\\\/www.encontrapiracicaba.com.br\\\/sobre\\\/estado-quer-ativar-trem-rapido-ate-piracicaba-depois-de-2018-%e2%80%8e\\\/#breadcrumblist\",\"itemListElement\":[{\"@type\":\"ListItem\",\"@id\":\"https:\\\/\\\/www.encontrapiracicaba.com.br\\\/sobre#listItem\",\"position\":1,\"name\":\"In\\u00edcio\",\"item\":\"https:\\\/\\\/www.encontrapiracicaba.com.br\\\/sobre\",\"nextItem\":{\"@type\":\"ListItem\",\"@id\":\"https:\\\/\\\/www.encontrapiracicaba.com.br\\\/sobre\\\/noticias-em-piracicaba\\\/#listItem\",\"name\":\"Not\\u00edcias Piracicaba\"}},{\"@type\":\"ListItem\",\"@id\":\"https:\\\/\\\/www.encontrapiracicaba.com.br\\\/sobre\\\/noticias-em-piracicaba\\\/#listItem\",\"position\":2,\"name\":\"Not\\u00edcias Piracicaba\",\"item\":\"https:\\\/\\\/www.encontrapiracicaba.com.br\\\/sobre\\\/noticias-em-piracicaba\\\/\",\"nextItem\":{\"@type\":\"ListItem\",\"@id\":\"https:\\\/\\\/www.encontrapiracicaba.com.br\\\/sobre\\\/estado-quer-ativar-trem-rapido-ate-piracicaba-depois-de-2018-%e2%80%8e\\\/#listItem\",\"name\":\"Estado quer ativar trem r\\u00e1pido at\\u00e9 Piracicaba depois de 2018 ?\"},\"previousItem\":{\"@type\":\"ListItem\",\"@id\":\"https:\\\/\\\/www.encontrapiracicaba.com.br\\\/sobre#listItem\",\"name\":\"In\\u00edcio\"}},{\"@type\":\"ListItem\",\"@id\":\"https:\\\/\\\/www.encontrapiracicaba.com.br\\\/sobre\\\/estado-quer-ativar-trem-rapido-ate-piracicaba-depois-de-2018-%e2%80%8e\\\/#listItem\",\"position\":3,\"name\":\"Estado quer ativar trem r\\u00e1pido at\\u00e9 Piracicaba depois de 2018 ?\",\"previousItem\":{\"@type\":\"ListItem\",\"@id\":\"https:\\\/\\\/www.encontrapiracicaba.com.br\\\/sobre\\\/noticias-em-piracicaba\\\/#listItem\",\"name\":\"Not\\u00edcias Piracicaba\"}}]},{\"@type\":\"Organization\",\"@id\":\"https:\\\/\\\/www.encontrapiracicaba.com.br\\\/sobre\\\/#organization\",\"name\":\"Encontra Piracicaba\",\"description\":\"Not\\u00edcias, eventos, informa\\u00e7\\u00f5es e dicas na cidade de Piracicaba e regi\\u00e3o\",\"url\":\"https:\\\/\\\/www.encontrapiracicaba.com.br\\\/sobre\\\/\"},{\"@type\":\"Person\",\"@id\":\"https:\\\/\\\/www.encontrapiracicaba.com.br\\\/sobre\\\/author\\\/epiracicaba\\\/#author\",\"url\":\"https:\\\/\\\/www.encontrapiracicaba.com.br\\\/sobre\\\/author\\\/epiracicaba\\\/\",\"name\":\"Encontra Piracicaba\",\"image\":{\"@type\":\"ImageObject\",\"@id\":\"https:\\\/\\\/www.encontrapiracicaba.com.br\\\/sobre\\\/estado-quer-ativar-trem-rapido-ate-piracicaba-depois-de-2018-%e2%80%8e\\\/#authorImage\",\"url\":\"https:\\\/\\\/secure.gravatar.com\\\/avatar\\\/507340682b8270222e1f208e23198b6ae7e2c6a1033ae84e99bc6bce4f82a387?s=96&d=mm&r=g\",\"width\":96,\"height\":96,\"caption\":\"Encontra Piracicaba\"}},{\"@type\":\"WebPage\",\"@id\":\"https:\\\/\\\/www.encontrapiracicaba.com.br\\\/sobre\\\/estado-quer-ativar-trem-rapido-ate-piracicaba-depois-de-2018-%e2%80%8e\\\/#webpage\",\"url\":\"https:\\\/\\\/www.encontrapiracicaba.com.br\\\/sobre\\\/estado-quer-ativar-trem-rapido-ate-piracicaba-depois-de-2018-%e2%80%8e\\\/\",\"name\":\"Estado quer ativar trem r\\u00e1pido at\\u00e9 Piracicaba depois de 2018 ? | Encontra Piracicaba\",\"inLanguage\":\"pt-BR\",\"isPartOf\":{\"@id\":\"https:\\\/\\\/www.encontrapiracicaba.com.br\\\/sobre\\\/#website\"},\"breadcrumb\":{\"@id\":\"https:\\\/\\\/www.encontrapiracicaba.com.br\\\/sobre\\\/estado-quer-ativar-trem-rapido-ate-piracicaba-depois-de-2018-%e2%80%8e\\\/#breadcrumblist\"},\"author\":{\"@id\":\"https:\\\/\\\/www.encontrapiracicaba.com.br\\\/sobre\\\/author\\\/epiracicaba\\\/#author\"},\"creator\":{\"@id\":\"https:\\\/\\\/www.encontrapiracicaba.com.br\\\/sobre\\\/author\\\/epiracicaba\\\/#author\"},\"datePublished\":\"2011-12-06T12:16:43-03:00\",\"dateModified\":\"2019-04-12T16:07:28-03:00\"},{\"@type\":\"WebSite\",\"@id\":\"https:\\\/\\\/www.encontrapiracicaba.com.br\\\/sobre\\\/#website\",\"url\":\"https:\\\/\\\/www.encontrapiracicaba.com.br\\\/sobre\\\/\",\"name\":\"Encontra Piracicaba\",\"description\":\"Not\\u00edcias, eventos, informa\\u00e7\\u00f5es e dicas na cidade de Piracicaba e regi\\u00e3o\",\"inLanguage\":\"pt-BR\",\"publisher\":{\"@id\":\"https:\\\/\\\/www.encontrapiracicaba.com.br\\\/sobre\\\/#organization\"}}]}\n\t\t<\/script>\n\t\t<!-- All in One SEO -->\n\n","aioseo_head_json":{"title":"Estado quer ativar trem r\u00e1pido at\u00e9 Piracicaba depois de 2018 ? | Encontra Piracicaba","description":"","canonical_url":"https:\/\/www.encontrapiracicaba.com.br\/sobre\/estado-quer-ativar-trem-rapido-ate-piracicaba-depois-de-2018-%e2%80%8e\/","robots":"max-image-preview:large","keywords":"","webmasterTools":{"miscellaneous":""},"schema":{"@context":"https:\/\/schema.org","@graph":[{"@type":"Article","@id":"https:\/\/www.encontrapiracicaba.com.br\/sobre\/estado-quer-ativar-trem-rapido-ate-piracicaba-depois-de-2018-%e2%80%8e\/#article","name":"Estado quer ativar trem r\u00e1pido at\u00e9 Piracicaba depois de 2018 ? | Encontra Piracicaba","headline":"Estado quer ativar trem r\u00e1pido at\u00e9 Piracicaba depois de 2018 ?","author":{"@id":"https:\/\/www.encontrapiracicaba.com.br\/sobre\/author\/epiracicaba\/#author"},"publisher":{"@id":"https:\/\/www.encontrapiracicaba.com.br\/sobre\/#organization"},"datePublished":"2011-12-06T12:16:43-03:00","dateModified":"2019-04-12T16:07:28-03:00","inLanguage":"pt-BR","mainEntityOfPage":{"@id":"https:\/\/www.encontrapiracicaba.com.br\/sobre\/estado-quer-ativar-trem-rapido-ate-piracicaba-depois-de-2018-%e2%80%8e\/#webpage"},"isPartOf":{"@id":"https:\/\/www.encontrapiracicaba.com.br\/sobre\/estado-quer-ativar-trem-rapido-ate-piracicaba-depois-de-2018-%e2%80%8e\/#webpage"},"articleSection":"Not\u00edcias Piracicaba"},{"@type":"BreadcrumbList","@id":"https:\/\/www.encontrapiracicaba.com.br\/sobre\/estado-quer-ativar-trem-rapido-ate-piracicaba-depois-de-2018-%e2%80%8e\/#breadcrumblist","itemListElement":[{"@type":"ListItem","@id":"https:\/\/www.encontrapiracicaba.com.br\/sobre#listItem","position":1,"name":"In\u00edcio","item":"https:\/\/www.encontrapiracicaba.com.br\/sobre","nextItem":{"@type":"ListItem","@id":"https:\/\/www.encontrapiracicaba.com.br\/sobre\/noticias-em-piracicaba\/#listItem","name":"Not\u00edcias Piracicaba"}},{"@type":"ListItem","@id":"https:\/\/www.encontrapiracicaba.com.br\/sobre\/noticias-em-piracicaba\/#listItem","position":2,"name":"Not\u00edcias Piracicaba","item":"https:\/\/www.encontrapiracicaba.com.br\/sobre\/noticias-em-piracicaba\/","nextItem":{"@type":"ListItem","@id":"https:\/\/www.encontrapiracicaba.com.br\/sobre\/estado-quer-ativar-trem-rapido-ate-piracicaba-depois-de-2018-%e2%80%8e\/#listItem","name":"Estado quer ativar trem r\u00e1pido at\u00e9 Piracicaba depois de 2018 ?"},"previousItem":{"@type":"ListItem","@id":"https:\/\/www.encontrapiracicaba.com.br\/sobre#listItem","name":"In\u00edcio"}},{"@type":"ListItem","@id":"https:\/\/www.encontrapiracicaba.com.br\/sobre\/estado-quer-ativar-trem-rapido-ate-piracicaba-depois-de-2018-%e2%80%8e\/#listItem","position":3,"name":"Estado quer ativar trem r\u00e1pido at\u00e9 Piracicaba depois de 2018 ?","previousItem":{"@type":"ListItem","@id":"https:\/\/www.encontrapiracicaba.com.br\/sobre\/noticias-em-piracicaba\/#listItem","name":"Not\u00edcias Piracicaba"}}]},{"@type":"Organization","@id":"https:\/\/www.encontrapiracicaba.com.br\/sobre\/#organization","name":"Encontra Piracicaba","description":"Not\u00edcias, eventos, informa\u00e7\u00f5es e dicas na cidade de Piracicaba e regi\u00e3o","url":"https:\/\/www.encontrapiracicaba.com.br\/sobre\/"},{"@type":"Person","@id":"https:\/\/www.encontrapiracicaba.com.br\/sobre\/author\/epiracicaba\/#author","url":"https:\/\/www.encontrapiracicaba.com.br\/sobre\/author\/epiracicaba\/","name":"Encontra Piracicaba","image":{"@type":"ImageObject","@id":"https:\/\/www.encontrapiracicaba.com.br\/sobre\/estado-quer-ativar-trem-rapido-ate-piracicaba-depois-de-2018-%e2%80%8e\/#authorImage","url":"https:\/\/secure.gravatar.com\/avatar\/507340682b8270222e1f208e23198b6ae7e2c6a1033ae84e99bc6bce4f82a387?s=96&d=mm&r=g","width":96,"height":96,"caption":"Encontra Piracicaba"}},{"@type":"WebPage","@id":"https:\/\/www.encontrapiracicaba.com.br\/sobre\/estado-quer-ativar-trem-rapido-ate-piracicaba-depois-de-2018-%e2%80%8e\/#webpage","url":"https:\/\/www.encontrapiracicaba.com.br\/sobre\/estado-quer-ativar-trem-rapido-ate-piracicaba-depois-de-2018-%e2%80%8e\/","name":"Estado quer ativar trem r\u00e1pido at\u00e9 Piracicaba depois de 2018 ? | Encontra Piracicaba","inLanguage":"pt-BR","isPartOf":{"@id":"https:\/\/www.encontrapiracicaba.com.br\/sobre\/#website"},"breadcrumb":{"@id":"https:\/\/www.encontrapiracicaba.com.br\/sobre\/estado-quer-ativar-trem-rapido-ate-piracicaba-depois-de-2018-%e2%80%8e\/#breadcrumblist"},"author":{"@id":"https:\/\/www.encontrapiracicaba.com.br\/sobre\/author\/epiracicaba\/#author"},"creator":{"@id":"https:\/\/www.encontrapiracicaba.com.br\/sobre\/author\/epiracicaba\/#author"},"datePublished":"2011-12-06T12:16:43-03:00","dateModified":"2019-04-12T16:07:28-03:00"},{"@type":"WebSite","@id":"https:\/\/www.encontrapiracicaba.com.br\/sobre\/#website","url":"https:\/\/www.encontrapiracicaba.com.br\/sobre\/","name":"Encontra Piracicaba","description":"Not\u00edcias, eventos, informa\u00e7\u00f5es e dicas na cidade de Piracicaba e regi\u00e3o","inLanguage":"pt-BR","publisher":{"@id":"https:\/\/www.encontrapiracicaba.com.br\/sobre\/#organization"}}]},"og:locale":"pt_BR","og:site_name":"Encontra Piracicaba | Not\u00edcias, eventos, informa\u00e7\u00f5es e dicas na cidade de Piracicaba e regi\u00e3o","og:type":"article","og:title":"Estado quer ativar trem r\u00e1pido at\u00e9 Piracicaba depois de 2018 ? | Encontra Piracicaba","og:url":"https:\/\/www.encontrapiracicaba.com.br\/sobre\/estado-quer-ativar-trem-rapido-ate-piracicaba-depois-de-2018-%e2%80%8e\/","article:published_time":"2011-12-06T15:16:43+00:00","article:modified_time":"2019-04-12T19:07:28+00:00","twitter:card":"summary","twitter:title":"Estado quer ativar trem r\u00e1pido at\u00e9 Piracicaba depois de 2018 ? | Encontra Piracicaba"},"aioseo_meta_data":{"post_id":"689","title":null,"description":null,"keywords":null,"keyphrases":null,"primary_term":null,"canonical_url":null,"og_title":null,"og_description":null,"og_object_type":"default","og_image_type":"default","og_image_url":null,"og_image_width":null,"og_image_height":null,"og_image_custom_url":null,"og_image_custom_fields":null,"og_video":null,"og_custom_url":null,"og_article_section":null,"og_article_tags":null,"twitter_use_og":false,"twitter_card":"default","twitter_image_type":"default","twitter_image_url":null,"twitter_image_custom_url":null,"twitter_image_custom_fields":null,"twitter_title":null,"twitter_description":null,"schema":{"blockGraphs":[],"customGraphs":[],"default":{"data":{"Article":[],"Course":[],"Dataset":[],"FAQPage":[],"Movie":[],"Person":[],"Product":[],"ProductReview":[],"Car":[],"Recipe":[],"Service":[],"SoftwareApplication":[],"WebPage":[]},"graphName":"Article","isEnabled":true},"graphs":[]},"schema_type":null,"schema_type_options":null,"pillar_content":false,"robots_default":true,"robots_noindex":false,"robots_noarchive":false,"robots_nosnippet":false,"robots_nofollow":false,"robots_noimageindex":false,"robots_noodp":false,"robots_notranslate":false,"robots_max_snippet":null,"robots_max_videopreview":null,"robots_max_imagepreview":"large","priority":null,"frequency":null,"local_seo":null,"breadcrumb_settings":null,"limit_modified_date":false,"ai":null,"created":"2021-08-13 21:06:56","updated":"2025-10-03 22:59:31","focus_keyword":null,"additional_keywords":null,"truseo_locale":null,"seo_analyzer_scan_date":null},"aioseo_breadcrumb":"<div class=\"aioseo-breadcrumbs\"><span class=\"aioseo-breadcrumb\">\n\t\t\t<a href=\"https:\/\/www.encontrapiracicaba.com.br\/sobre\" title=\"In\u00edcio\">In\u00edcio<\/a>\n\t\t<\/span><span class=\"aioseo-breadcrumb-separator\">&raquo;<\/span><span class=\"aioseo-breadcrumb\">\n\t\t\t<a href=\"https:\/\/www.encontrapiracicaba.com.br\/sobre\/noticias-em-piracicaba\/\" title=\"Not\u00edcias Piracicaba\">Not\u00edcias Piracicaba<\/a>\n\t\t<\/span><span class=\"aioseo-breadcrumb-separator\">&raquo;<\/span><span class=\"aioseo-breadcrumb\">\n\t\t\tEstado quer ativar trem r\u00e1pido at\u00e9 Piracicaba depois de 2018 ?\n\t\t<\/span><\/div>","aioseo_breadcrumb_json":[{"label":"In\u00edcio","link":"https:\/\/www.encontrapiracicaba.com.br\/sobre"},{"label":"Not\u00edcias Piracicaba","link":"https:\/\/www.encontrapiracicaba.com.br\/sobre\/noticias-em-piracicaba\/"},{"label":"Estado quer ativar trem r\u00e1pido at\u00e9 Piracicaba depois de 2018 ?","link":"https:\/\/www.encontrapiracicaba.com.br\/sobre\/estado-quer-ativar-trem-rapido-ate-piracicaba-depois-de-2018-%e2%80%8e\/"}],"_links":{"self":[{"href":"https:\/\/www.encontrapiracicaba.com.br\/sobre\/wp-json\/wp\/v2\/posts\/689","targetHints":{"allow":["GET"]}}],"collection":[{"href":"https:\/\/www.encontrapiracicaba.com.br\/sobre\/wp-json\/wp\/v2\/posts"}],"about":[{"href":"https:\/\/www.encontrapiracicaba.com.br\/sobre\/wp-json\/wp\/v2\/types\/post"}],"author":[{"embeddable":true,"href":"https:\/\/www.encontrapiracicaba.com.br\/sobre\/wp-json\/wp\/v2\/users\/1"}],"replies":[{"embeddable":true,"href":"https:\/\/www.encontrapiracicaba.com.br\/sobre\/wp-json\/wp\/v2\/comments?post=689"}],"version-history":[{"count":2,"href":"https:\/\/www.encontrapiracicaba.com.br\/sobre\/wp-json\/wp\/v2\/posts\/689\/revisions"}],"predecessor-version":[{"id":1786,"href":"https:\/\/www.encontrapiracicaba.com.br\/sobre\/wp-json\/wp\/v2\/posts\/689\/revisions\/1786"}],"wp:attachment":[{"href":"https:\/\/www.encontrapiracicaba.com.br\/sobre\/wp-json\/wp\/v2\/media?parent=689"}],"wp:term":[{"taxonomy":"category","embeddable":true,"href":"https:\/\/www.encontrapiracicaba.com.br\/sobre\/wp-json\/wp\/v2\/categories?post=689"},{"taxonomy":"post_tag","embeddable":true,"href":"https:\/\/www.encontrapiracicaba.com.br\/sobre\/wp-json\/wp\/v2\/tags?post=689"}],"curies":[{"name":"wp","href":"https:\/\/api.w.org\/{rel}","templated":true}]}}