{"id":691,"date":"2011-12-09T00:17:35","date_gmt":"2011-12-09T03:17:35","guid":{"rendered":"http:\/\/www.encontrapiracicaba.com.br\/noticias\/?p=691"},"modified":"2019-04-12T16:07:28","modified_gmt":"2019-04-12T19:07:28","slug":"o-movimento-ocupe-piracicaba-%e2%80%8e","status":"publish","type":"post","link":"https:\/\/www.encontrapiracicaba.com.br\/sobre\/o-movimento-ocupe-piracicaba-%e2%80%8e\/","title":{"rendered":"O movimento \u201cOcupe Piracicaba\u201d ?"},"content":{"rendered":"<div class=\"85df007ed5c0c4d4b453fd13a37855e8\" data-index=\"1\" style=\"float: none; margin:0px;\">\n<!-- Anuncio display - global -->\r\n<ins class=\"adsbygoogle\"\r\n     style=\"display:block\"\r\n     data-ad-client=\"ca-pub-8585364105181520\"\r\n     data-ad-slot=\"8789329856\"\r\n     data-ad-format=\"auto\"\r\n     data-full-width-responsive=\"true\"><\/ins>\r\n<script>\r\n     (adsbygoogle = window.adsbygoogle || []).push({});\r\n<\/script>\n<\/div>\n<p>Virou moda, \u00e9 verdade. Mas, tamb\u00e9m \u00e9 verdade, apesar do termo pejorativo, h\u00e1 \u201cmodas\u201d boas e, neste caso, com um sentido p\u00fablico ineg\u00e1vel. Nesta sexta-feira, 9, a partir das 11 horas, a cidade ter\u00e1 um grande ato contra a corrup\u00e7\u00e3o, uma esp\u00e9cie de \u201cOcupe Encontra Piracicaba\u201d, com diversas atividades art\u00edsticas e pol\u00edticas a c\u00e9u aberto, dispon\u00edvel para o p\u00fablico. Depois de Nova York e outras cidades norte-americanas, agora, recentemente, com a iniciativa em Bras\u00edlia, a proposta de \u201cocupar\u201d para ser visto chega \u00e0 Noiva da Colina.<\/p>\n<p>H\u00e1 muitos fatores positivos observados neste movimento, liderado por aqui pelo movimento de transpar\u00eancia social, formado por conta da Confer\u00eancia Municipal de Transpar\u00eancia e Controle Social (Consocial). O primeiro, mais evidente, \u00e9 o constante recha\u00e7o aos desvios de conduta que dificultam com que a riqueza de todo o pa\u00eds \u2013 mas tamb\u00e9m dos estados e munic\u00edpios \u2013 sejam transformadas em benef\u00edcios p\u00fablicos. Corrup\u00e7\u00e3o \u00e9 contestada h\u00e1 anos, por\u00e9m, agora \u00e9 preciso ocupar para deixar isso claro, e de uma vez por todas.<\/p>\n<p>Outro aspecto interessante nesta movimenta\u00e7\u00e3o, organizada com base no Dia Internacional de Combate \u00e0 Corrup\u00e7\u00e3o, \u00e9 a transpar\u00eancia. O sentido dos tr\u00eas poderes idealizado pelos iluministas est\u00e1 calcado na necessidade de todos enxergarem o que o outro faz. A imprensa, vista como o quarto poder, agora \u00e9 tamb\u00e9m \u201cvigiada\u201d pela popula\u00e7\u00e3o e, neste aspecto, \u00e9 ineg\u00e1vel a import\u00e2ncia das redes sociais, onde os movimentos mant\u00eam-se aquecidos e vigilantes, pressionando n\u00e3o s\u00f3 o poder p\u00fablico, mas tamb\u00e9m as empresas de car\u00e1ter p\u00fablico, como os meios de comunica\u00e7\u00e3o. E, a partir da\u00ed, vem o terceiro aspecto, a meu ver, ainda mais interessante nesta \u201cmoda\u201d toda.<\/p>\n<p>\u00c9 o movimento da ocupa\u00e7\u00e3o, o sentido de estar num local p\u00fablico e para ser visto, o qual, entende-se, \u00e9 poss\u00edvel for\u00e7ar o olhar alheio \u00e0 causa em quest\u00e3o. Termo cunhado pelo Movimento dos Trabalhadores Sem-Terra (MST), o \u201cocupar\u201d carrega o sentido pleno da cidadania, a qual est\u00e1 ligada diretamente \u00e0 vida urbana, em cidades, fundamental para o desenvolvimento de uma massa cr\u00edtica, formada de uma classe que tem a compreens\u00e3o exata de que vive-se aqui e, s\u00f3 daqui, ser\u00e3o reverberados os problemas e solu\u00e7\u00f5es.<\/p>\n<p>Apesar da for\u00e7a do movimento pela transpar\u00eancia e controle social dentro das redes sociais na web, s\u00f3 com um ato p\u00fablico, em frente ao Terminal Central de Integra\u00e7\u00e3o (TCI) que, de fato, a luta pela causa \u201cacontece\u201d. Sai-se \u00e0s ruas porque a vida em frente ao computador n\u00e3o \u00e9 suficiente. O mesmo, espera-se, acontecer\u00e1 aqui, da mesma forma como est\u00e1 em Bras\u00edlia, em Nova York, no Cairo e em Tripoli. \u00c9 da natureza humana falar atrav\u00e9s das cidades.<\/p>\n<p><em>Fonte: Tribuna Tp<\/em><\/p>\n\n<div style=\"font-size: 0px; height: 0px; line-height: 0px; margin: 0; padding: 0; clear: both;\"><\/div>","protected":false},"excerpt":{"rendered":"<p>Virou moda, \u00e9 verdade. Mas, tamb\u00e9m \u00e9 verdade, apesar do termo pejorativo, h\u00e1 \u201cmodas\u201d boas e, neste caso, com um sentido p\u00fablico ineg\u00e1vel. Nesta sexta-feira, 9, a partir das 11 horas, a cidade ter\u00e1 um grande ato contra a corrup\u00e7\u00e3o, uma esp\u00e9cie de \u201cOcupe Encontra Piracicaba\u201d, com diversas atividades art\u00edsticas e pol\u00edticas a c\u00e9u aberto, dispon\u00edvel para o p\u00fablico. Depois de Nova York e outras cidades norte-americanas, agora, recentemente, com a iniciativa em Bras\u00edlia, a proposta de \u201cocupar\u201d para ser visto chega \u00e0 Noiva da Colina. H\u00e1 muitos fatores positivos observados neste movimento, liderado por aqui pelo movimento de transpar\u00eancia <\/p>\n","protected":false},"author":1,"featured_media":0,"comment_status":"open","ping_status":"closed","sticky":false,"template":"","format":"standard","meta":{"footnotes":""},"categories":[6],"tags":[],"class_list":["post-691","post","type-post","status-publish","format-standard","hentry","category-noticias-em-piracicaba"],"aioseo_notices":[],"aioseo_head":"\n\t\t<!-- All in One SEO 5.0.0.1 - aioseo.com -->\n\t<meta name=\"robots\" content=\"max-image-preview:large\" \/>\n\t<meta name=\"author\" content=\"Encontra Piracicaba\"\/>\n\t<link rel=\"canonical\" href=\"https:\/\/www.encontrapiracicaba.com.br\/sobre\/o-movimento-ocupe-piracicaba-%e2%80%8e\/\" \/>\n\t<meta name=\"generator\" content=\"All in One SEO (AIOSEO) 5.0.0.1\" \/>\n\t\t<meta property=\"og:locale\" content=\"pt_BR\" \/>\n\t\t<meta property=\"og:site_name\" content=\"Encontra Piracicaba | Not\u00edcias, eventos, informa\u00e7\u00f5es e dicas na cidade de Piracicaba e regi\u00e3o\" \/>\n\t\t<meta property=\"og:type\" content=\"article\" \/>\n\t\t<meta property=\"og:title\" content=\"O movimento \u201cOcupe Piracicaba\u201d ? | Encontra Piracicaba\" \/>\n\t\t<meta property=\"og:url\" content=\"https:\/\/www.encontrapiracicaba.com.br\/sobre\/o-movimento-ocupe-piracicaba-%e2%80%8e\/\" \/>\n\t\t<meta property=\"article:published_time\" content=\"2011-12-09T03:17:35+00:00\" \/>\n\t\t<meta property=\"article:modified_time\" content=\"2019-04-12T19:07:28+00:00\" \/>\n\t\t<meta name=\"twitter:card\" content=\"summary\" \/>\n\t\t<meta name=\"twitter:title\" content=\"O movimento \u201cOcupe Piracicaba\u201d ? | Encontra Piracicaba\" \/>\n\t\t<script type=\"application\/ld+json\" class=\"aioseo-schema\">\n\t\t\t{\"@context\":\"https:\\\/\\\/schema.org\",\"@graph\":[{\"@type\":\"Article\",\"@id\":\"https:\\\/\\\/www.encontrapiracicaba.com.br\\\/sobre\\\/o-movimento-ocupe-piracicaba-%e2%80%8e\\\/#article\",\"name\":\"O movimento \\u201cOcupe Piracicaba\\u201d ? | Encontra Piracicaba\",\"headline\":\"O movimento \\u201cOcupe Piracicaba\\u201d ?\",\"author\":{\"@id\":\"https:\\\/\\\/www.encontrapiracicaba.com.br\\\/sobre\\\/author\\\/epiracicaba\\\/#author\"},\"publisher\":{\"@id\":\"https:\\\/\\\/www.encontrapiracicaba.com.br\\\/sobre\\\/#organization\"},\"datePublished\":\"2011-12-09T00:17:35-03:00\",\"dateModified\":\"2019-04-12T16:07:28-03:00\",\"inLanguage\":\"pt-BR\",\"mainEntityOfPage\":{\"@id\":\"https:\\\/\\\/www.encontrapiracicaba.com.br\\\/sobre\\\/o-movimento-ocupe-piracicaba-%e2%80%8e\\\/#webpage\"},\"isPartOf\":{\"@id\":\"https:\\\/\\\/www.encontrapiracicaba.com.br\\\/sobre\\\/o-movimento-ocupe-piracicaba-%e2%80%8e\\\/#webpage\"},\"articleSection\":\"Not\\u00edcias Piracicaba\"},{\"@type\":\"BreadcrumbList\",\"@id\":\"https:\\\/\\\/www.encontrapiracicaba.com.br\\\/sobre\\\/o-movimento-ocupe-piracicaba-%e2%80%8e\\\/#breadcrumblist\",\"itemListElement\":[{\"@type\":\"ListItem\",\"@id\":\"https:\\\/\\\/www.encontrapiracicaba.com.br\\\/sobre#listItem\",\"position\":1,\"name\":\"In\\u00edcio\",\"item\":\"https:\\\/\\\/www.encontrapiracicaba.com.br\\\/sobre\",\"nextItem\":{\"@type\":\"ListItem\",\"@id\":\"https:\\\/\\\/www.encontrapiracicaba.com.br\\\/sobre\\\/noticias-em-piracicaba\\\/#listItem\",\"name\":\"Not\\u00edcias Piracicaba\"}},{\"@type\":\"ListItem\",\"@id\":\"https:\\\/\\\/www.encontrapiracicaba.com.br\\\/sobre\\\/noticias-em-piracicaba\\\/#listItem\",\"position\":2,\"name\":\"Not\\u00edcias Piracicaba\",\"item\":\"https:\\\/\\\/www.encontrapiracicaba.com.br\\\/sobre\\\/noticias-em-piracicaba\\\/\",\"nextItem\":{\"@type\":\"ListItem\",\"@id\":\"https:\\\/\\\/www.encontrapiracicaba.com.br\\\/sobre\\\/o-movimento-ocupe-piracicaba-%e2%80%8e\\\/#listItem\",\"name\":\"O movimento \\u201cOcupe Piracicaba\\u201d ?\"},\"previousItem\":{\"@type\":\"ListItem\",\"@id\":\"https:\\\/\\\/www.encontrapiracicaba.com.br\\\/sobre#listItem\",\"name\":\"In\\u00edcio\"}},{\"@type\":\"ListItem\",\"@id\":\"https:\\\/\\\/www.encontrapiracicaba.com.br\\\/sobre\\\/o-movimento-ocupe-piracicaba-%e2%80%8e\\\/#listItem\",\"position\":3,\"name\":\"O movimento \\u201cOcupe Piracicaba\\u201d ?\",\"previousItem\":{\"@type\":\"ListItem\",\"@id\":\"https:\\\/\\\/www.encontrapiracicaba.com.br\\\/sobre\\\/noticias-em-piracicaba\\\/#listItem\",\"name\":\"Not\\u00edcias Piracicaba\"}}]},{\"@type\":\"Organization\",\"@id\":\"https:\\\/\\\/www.encontrapiracicaba.com.br\\\/sobre\\\/#organization\",\"name\":\"Encontra Piracicaba\",\"description\":\"Not\\u00edcias, eventos, informa\\u00e7\\u00f5es e dicas na cidade de Piracicaba e regi\\u00e3o\",\"url\":\"https:\\\/\\\/www.encontrapiracicaba.com.br\\\/sobre\\\/\"},{\"@type\":\"Person\",\"@id\":\"https:\\\/\\\/www.encontrapiracicaba.com.br\\\/sobre\\\/author\\\/epiracicaba\\\/#author\",\"url\":\"https:\\\/\\\/www.encontrapiracicaba.com.br\\\/sobre\\\/author\\\/epiracicaba\\\/\",\"name\":\"Encontra Piracicaba\",\"image\":{\"@type\":\"ImageObject\",\"@id\":\"https:\\\/\\\/www.encontrapiracicaba.com.br\\\/sobre\\\/o-movimento-ocupe-piracicaba-%e2%80%8e\\\/#authorImage\",\"url\":\"https:\\\/\\\/secure.gravatar.com\\\/avatar\\\/507340682b8270222e1f208e23198b6ae7e2c6a1033ae84e99bc6bce4f82a387?s=96&d=mm&r=g\",\"width\":96,\"height\":96,\"caption\":\"Encontra Piracicaba\"}},{\"@type\":\"WebPage\",\"@id\":\"https:\\\/\\\/www.encontrapiracicaba.com.br\\\/sobre\\\/o-movimento-ocupe-piracicaba-%e2%80%8e\\\/#webpage\",\"url\":\"https:\\\/\\\/www.encontrapiracicaba.com.br\\\/sobre\\\/o-movimento-ocupe-piracicaba-%e2%80%8e\\\/\",\"name\":\"O movimento \\u201cOcupe Piracicaba\\u201d ? | Encontra Piracicaba\",\"inLanguage\":\"pt-BR\",\"isPartOf\":{\"@id\":\"https:\\\/\\\/www.encontrapiracicaba.com.br\\\/sobre\\\/#website\"},\"breadcrumb\":{\"@id\":\"https:\\\/\\\/www.encontrapiracicaba.com.br\\\/sobre\\\/o-movimento-ocupe-piracicaba-%e2%80%8e\\\/#breadcrumblist\"},\"author\":{\"@id\":\"https:\\\/\\\/www.encontrapiracicaba.com.br\\\/sobre\\\/author\\\/epiracicaba\\\/#author\"},\"creator\":{\"@id\":\"https:\\\/\\\/www.encontrapiracicaba.com.br\\\/sobre\\\/author\\\/epiracicaba\\\/#author\"},\"datePublished\":\"2011-12-09T00:17:35-03:00\",\"dateModified\":\"2019-04-12T16:07:28-03:00\"},{\"@type\":\"WebSite\",\"@id\":\"https:\\\/\\\/www.encontrapiracicaba.com.br\\\/sobre\\\/#website\",\"url\":\"https:\\\/\\\/www.encontrapiracicaba.com.br\\\/sobre\\\/\",\"name\":\"Encontra Piracicaba\",\"description\":\"Not\\u00edcias, eventos, informa\\u00e7\\u00f5es e dicas na cidade de Piracicaba e regi\\u00e3o\",\"inLanguage\":\"pt-BR\",\"publisher\":{\"@id\":\"https:\\\/\\\/www.encontrapiracicaba.com.br\\\/sobre\\\/#organization\"}}]}\n\t\t<\/script>\n\t\t<!-- All in One SEO -->\n\n","aioseo_head_json":{"title":"O movimento \u201cOcupe Piracicaba\u201d ? | Encontra Piracicaba","description":"","canonical_url":"https:\/\/www.encontrapiracicaba.com.br\/sobre\/o-movimento-ocupe-piracicaba-%e2%80%8e\/","robots":"max-image-preview:large","keywords":"","webmasterTools":{"miscellaneous":""},"schema":{"@context":"https:\/\/schema.org","@graph":[{"@type":"Article","@id":"https:\/\/www.encontrapiracicaba.com.br\/sobre\/o-movimento-ocupe-piracicaba-%e2%80%8e\/#article","name":"O movimento \u201cOcupe Piracicaba\u201d ? | Encontra Piracicaba","headline":"O movimento \u201cOcupe Piracicaba\u201d ?","author":{"@id":"https:\/\/www.encontrapiracicaba.com.br\/sobre\/author\/epiracicaba\/#author"},"publisher":{"@id":"https:\/\/www.encontrapiracicaba.com.br\/sobre\/#organization"},"datePublished":"2011-12-09T00:17:35-03:00","dateModified":"2019-04-12T16:07:28-03:00","inLanguage":"pt-BR","mainEntityOfPage":{"@id":"https:\/\/www.encontrapiracicaba.com.br\/sobre\/o-movimento-ocupe-piracicaba-%e2%80%8e\/#webpage"},"isPartOf":{"@id":"https:\/\/www.encontrapiracicaba.com.br\/sobre\/o-movimento-ocupe-piracicaba-%e2%80%8e\/#webpage"},"articleSection":"Not\u00edcias Piracicaba"},{"@type":"BreadcrumbList","@id":"https:\/\/www.encontrapiracicaba.com.br\/sobre\/o-movimento-ocupe-piracicaba-%e2%80%8e\/#breadcrumblist","itemListElement":[{"@type":"ListItem","@id":"https:\/\/www.encontrapiracicaba.com.br\/sobre#listItem","position":1,"name":"In\u00edcio","item":"https:\/\/www.encontrapiracicaba.com.br\/sobre","nextItem":{"@type":"ListItem","@id":"https:\/\/www.encontrapiracicaba.com.br\/sobre\/noticias-em-piracicaba\/#listItem","name":"Not\u00edcias Piracicaba"}},{"@type":"ListItem","@id":"https:\/\/www.encontrapiracicaba.com.br\/sobre\/noticias-em-piracicaba\/#listItem","position":2,"name":"Not\u00edcias Piracicaba","item":"https:\/\/www.encontrapiracicaba.com.br\/sobre\/noticias-em-piracicaba\/","nextItem":{"@type":"ListItem","@id":"https:\/\/www.encontrapiracicaba.com.br\/sobre\/o-movimento-ocupe-piracicaba-%e2%80%8e\/#listItem","name":"O movimento \u201cOcupe Piracicaba\u201d ?"},"previousItem":{"@type":"ListItem","@id":"https:\/\/www.encontrapiracicaba.com.br\/sobre#listItem","name":"In\u00edcio"}},{"@type":"ListItem","@id":"https:\/\/www.encontrapiracicaba.com.br\/sobre\/o-movimento-ocupe-piracicaba-%e2%80%8e\/#listItem","position":3,"name":"O movimento \u201cOcupe Piracicaba\u201d ?","previousItem":{"@type":"ListItem","@id":"https:\/\/www.encontrapiracicaba.com.br\/sobre\/noticias-em-piracicaba\/#listItem","name":"Not\u00edcias Piracicaba"}}]},{"@type":"Organization","@id":"https:\/\/www.encontrapiracicaba.com.br\/sobre\/#organization","name":"Encontra Piracicaba","description":"Not\u00edcias, eventos, informa\u00e7\u00f5es e dicas na cidade de Piracicaba e regi\u00e3o","url":"https:\/\/www.encontrapiracicaba.com.br\/sobre\/"},{"@type":"Person","@id":"https:\/\/www.encontrapiracicaba.com.br\/sobre\/author\/epiracicaba\/#author","url":"https:\/\/www.encontrapiracicaba.com.br\/sobre\/author\/epiracicaba\/","name":"Encontra Piracicaba","image":{"@type":"ImageObject","@id":"https:\/\/www.encontrapiracicaba.com.br\/sobre\/o-movimento-ocupe-piracicaba-%e2%80%8e\/#authorImage","url":"https:\/\/secure.gravatar.com\/avatar\/507340682b8270222e1f208e23198b6ae7e2c6a1033ae84e99bc6bce4f82a387?s=96&d=mm&r=g","width":96,"height":96,"caption":"Encontra Piracicaba"}},{"@type":"WebPage","@id":"https:\/\/www.encontrapiracicaba.com.br\/sobre\/o-movimento-ocupe-piracicaba-%e2%80%8e\/#webpage","url":"https:\/\/www.encontrapiracicaba.com.br\/sobre\/o-movimento-ocupe-piracicaba-%e2%80%8e\/","name":"O movimento \u201cOcupe Piracicaba\u201d ? | Encontra Piracicaba","inLanguage":"pt-BR","isPartOf":{"@id":"https:\/\/www.encontrapiracicaba.com.br\/sobre\/#website"},"breadcrumb":{"@id":"https:\/\/www.encontrapiracicaba.com.br\/sobre\/o-movimento-ocupe-piracicaba-%e2%80%8e\/#breadcrumblist"},"author":{"@id":"https:\/\/www.encontrapiracicaba.com.br\/sobre\/author\/epiracicaba\/#author"},"creator":{"@id":"https:\/\/www.encontrapiracicaba.com.br\/sobre\/author\/epiracicaba\/#author"},"datePublished":"2011-12-09T00:17:35-03:00","dateModified":"2019-04-12T16:07:28-03:00"},{"@type":"WebSite","@id":"https:\/\/www.encontrapiracicaba.com.br\/sobre\/#website","url":"https:\/\/www.encontrapiracicaba.com.br\/sobre\/","name":"Encontra Piracicaba","description":"Not\u00edcias, eventos, informa\u00e7\u00f5es e dicas na cidade de Piracicaba e regi\u00e3o","inLanguage":"pt-BR","publisher":{"@id":"https:\/\/www.encontrapiracicaba.com.br\/sobre\/#organization"}}]},"og:locale":"pt_BR","og:site_name":"Encontra Piracicaba | Not\u00edcias, eventos, informa\u00e7\u00f5es e dicas na cidade de Piracicaba e regi\u00e3o","og:type":"article","og:title":"O movimento \u201cOcupe Piracicaba\u201d ? | Encontra Piracicaba","og:url":"https:\/\/www.encontrapiracicaba.com.br\/sobre\/o-movimento-ocupe-piracicaba-%e2%80%8e\/","article:published_time":"2011-12-09T03:17:35+00:00","article:modified_time":"2019-04-12T19:07:28+00:00","twitter:card":"summary","twitter:title":"O movimento \u201cOcupe Piracicaba\u201d ? | Encontra Piracicaba"},"aioseo_meta_data":{"post_id":"691","title":null,"description":null,"keywords":null,"keyphrases":null,"primary_term":null,"canonical_url":null,"og_title":null,"og_description":null,"og_object_type":"default","og_image_type":"default","og_image_url":null,"og_image_width":null,"og_image_height":null,"og_image_custom_url":null,"og_image_custom_fields":null,"og_video":null,"og_custom_url":null,"og_article_section":null,"og_article_tags":null,"twitter_use_og":false,"twitter_card":"default","twitter_image_type":"default","twitter_image_url":null,"twitter_image_custom_url":null,"twitter_image_custom_fields":null,"twitter_title":null,"twitter_description":null,"schema":{"blockGraphs":[],"customGraphs":[],"default":{"data":{"Article":[],"Course":[],"Dataset":[],"FAQPage":[],"Movie":[],"Person":[],"Product":[],"ProductReview":[],"Car":[],"Recipe":[],"Service":[],"SoftwareApplication":[],"WebPage":[]},"graphName":"Article","isEnabled":true},"graphs":[]},"schema_type":null,"schema_type_options":null,"pillar_content":false,"robots_default":true,"robots_noindex":false,"robots_noarchive":false,"robots_nosnippet":false,"robots_nofollow":false,"robots_noimageindex":false,"robots_noodp":false,"robots_notranslate":false,"robots_max_snippet":null,"robots_max_videopreview":null,"robots_max_imagepreview":"large","priority":null,"frequency":null,"local_seo":null,"breadcrumb_settings":null,"limit_modified_date":false,"ai":null,"created":"2021-08-13 21:06:56","updated":"2025-10-03 22:59:32","focus_keyword":null,"additional_keywords":null,"truseo_locale":null,"seo_analyzer_scan_date":null},"aioseo_breadcrumb":"<div class=\"aioseo-breadcrumbs\"><span class=\"aioseo-breadcrumb\">\n\t\t\t<a href=\"https:\/\/www.encontrapiracicaba.com.br\/sobre\" title=\"In\u00edcio\">In\u00edcio<\/a>\n\t\t<\/span><span class=\"aioseo-breadcrumb-separator\">&raquo;<\/span><span class=\"aioseo-breadcrumb\">\n\t\t\t<a href=\"https:\/\/www.encontrapiracicaba.com.br\/sobre\/noticias-em-piracicaba\/\" title=\"Not\u00edcias Piracicaba\">Not\u00edcias Piracicaba<\/a>\n\t\t<\/span><span class=\"aioseo-breadcrumb-separator\">&raquo;<\/span><span class=\"aioseo-breadcrumb\">\n\t\t\tO movimento \u201cOcupe Piracicaba\u201d ?\n\t\t<\/span><\/div>","aioseo_breadcrumb_json":[{"label":"In\u00edcio","link":"https:\/\/www.encontrapiracicaba.com.br\/sobre"},{"label":"Not\u00edcias Piracicaba","link":"https:\/\/www.encontrapiracicaba.com.br\/sobre\/noticias-em-piracicaba\/"},{"label":"O movimento \u201cOcupe Piracicaba\u201d ?","link":"https:\/\/www.encontrapiracicaba.com.br\/sobre\/o-movimento-ocupe-piracicaba-%e2%80%8e\/"}],"_links":{"self":[{"href":"https:\/\/www.encontrapiracicaba.com.br\/sobre\/wp-json\/wp\/v2\/posts\/691","targetHints":{"allow":["GET"]}}],"collection":[{"href":"https:\/\/www.encontrapiracicaba.com.br\/sobre\/wp-json\/wp\/v2\/posts"}],"about":[{"href":"https:\/\/www.encontrapiracicaba.com.br\/sobre\/wp-json\/wp\/v2\/types\/post"}],"author":[{"embeddable":true,"href":"https:\/\/www.encontrapiracicaba.com.br\/sobre\/wp-json\/wp\/v2\/users\/1"}],"replies":[{"embeddable":true,"href":"https:\/\/www.encontrapiracicaba.com.br\/sobre\/wp-json\/wp\/v2\/comments?post=691"}],"version-history":[{"count":2,"href":"https:\/\/www.encontrapiracicaba.com.br\/sobre\/wp-json\/wp\/v2\/posts\/691\/revisions"}],"predecessor-version":[{"id":1788,"href":"https:\/\/www.encontrapiracicaba.com.br\/sobre\/wp-json\/wp\/v2\/posts\/691\/revisions\/1788"}],"wp:attachment":[{"href":"https:\/\/www.encontrapiracicaba.com.br\/sobre\/wp-json\/wp\/v2\/media?parent=691"}],"wp:term":[{"taxonomy":"category","embeddable":true,"href":"https:\/\/www.encontrapiracicaba.com.br\/sobre\/wp-json\/wp\/v2\/categories?post=691"},{"taxonomy":"post_tag","embeddable":true,"href":"https:\/\/www.encontrapiracicaba.com.br\/sobre\/wp-json\/wp\/v2\/tags?post=691"}],"curies":[{"name":"wp","href":"https:\/\/api.w.org\/{rel}","templated":true}]}}