{"id":734,"date":"2012-01-10T13:26:15","date_gmt":"2012-01-10T16:26:15","guid":{"rendered":"http:\/\/www.encontrapiracicaba.com.br\/noticias\/?p=734"},"modified":"2019-04-12T16:05:50","modified_gmt":"2019-04-12T19:05:50","slug":"especial-de-ferias-em-piracicaba-traz-atividades-educativas-culturais-e-esportivas","status":"publish","type":"post","link":"https:\/\/www.encontrapiracicaba.com.br\/sobre\/especial-de-ferias-em-piracicaba-traz-atividades-educativas-culturais-e-esportivas\/","title":{"rendered":"Especial de f\u00e9rias em Piracicaba traz atividades educativas, culturais e esportivas"},"content":{"rendered":"<div class=\"85df007ed5c0c4d4b453fd13a37855e8\" data-index=\"1\" style=\"float: none; margin:0px;\">\n<!-- Anuncio display - global -->\r\n<ins class=\"adsbygoogle\"\r\n     style=\"display:block\"\r\n     data-ad-client=\"ca-pub-8585364105181520\"\r\n     data-ad-slot=\"8789329856\"\r\n     data-ad-format=\"auto\"\r\n     data-full-width-responsive=\"true\"><\/ins>\r\n<script>\r\n     (adsbygoogle = window.adsbygoogle || []).push({});\r\n<\/script>\n<\/div>\n<p>O Sesc da cidade Piracicaba preparou um especial de f\u00e9rias para as crian\u00e7as, que envolve jogos e artes. As atividades ser\u00e3o realizadas at\u00e9 sexta-feira (13), a partir das 14h.<\/p>\n<p>O Portarretrato de Gato, que ser\u00e1 promovido na ter\u00e7a (10) e na quinta-feira (12), estimula a criatividade e promove uma viv\u00eancia do l\u00fadico.<\/p>\n<p>Na mesma linha de est\u00edmulo \u00e0s crian\u00e7as, ser\u00e1 realizado o Jogo Mancala, na quarta (11) e na sexta-feira (13), sempre \u00e0s 14h. As atividades ser\u00e3o realizadas na Sala do Curumim.<\/p>\n<p><strong>Viv\u00eancias Esportivas<\/strong><br \/>\nO atletismo, esporte constitu\u00eddo por corridas, lan\u00e7amentos e saltos, foi a atividade escolhida para o per\u00edodo das f\u00e9rias, j\u00e1 que estimula as capacidades motoras b\u00e1sicas de uma crian\u00e7a que, auxiliando na for\u00e7a, equil\u00edbrio e velocidade.<\/p>\n<p>A programa\u00e7\u00e3o, que tamb\u00e9m tem in\u00edcio nesta ter\u00e7a, segue at\u00e9 dia 27 de janeiro, sempre \u00e0s 16h, no Gin\u00e1sio de Eventos. A atividade \u00e9 recomendada para crian\u00e7as de 7 a 12 anos.<\/p>\n<p>No domingo (15), a programa\u00e7\u00e3o inclui o Tacobol, \u00e0s 13h30, com o objetivo de promover encontros entre pais e filhos para resgatar o brincar na rua.<\/p>\n<p><strong>Exposi\u00e7\u00e3o<\/strong><br \/>\nAs imagens das atividades praticadas pelos alunos dos cursos de desenvolvimento f\u00edsico esportivos durante o ano de 2011 estar\u00e3o reunidas na exposi\u00e7\u00e3o \u201cFotografias de Todos N\u00f3s\u201d, a partir de sexta-feira (13).<\/p>\n<p>A mostra fica no hall de entrada do Sesc at\u00e9 dia 26 de fevereiro. Todas as atividades especiais de f\u00e9rias s\u00e3o gratuitas.<\/p>\n<p><strong>Servi\u00e7o<\/strong><br \/>\nO qu\u00ea: Especial de f\u00e9rias para crian\u00e7as<br \/>\nQuando: at\u00e9 27 de janeiro<br \/>\nOnde: Sesc Piracicaba (Rua Ipiranga, 155, Centro)<br \/>\nQuanto: gratuito<br \/>\nInforma\u00e7\u00f5es: (19) 3437-9292<\/p>\n<p><em>Fonte: EpPiracicaba<\/em><\/p>\n\n<div style=\"font-size: 0px; height: 0px; line-height: 0px; margin: 0; padding: 0; clear: both;\"><\/div>","protected":false},"excerpt":{"rendered":"<p>O Sesc da cidade Piracicaba preparou um especial de f\u00e9rias para as crian\u00e7as, que envolve jogos e artes. As atividades ser\u00e3o realizadas at\u00e9 sexta-feira (13), a partir das 14h. O Portarretrato de Gato, que ser\u00e1 promovido na ter\u00e7a (10) e na quinta-feira (12), estimula a criatividade e promove uma viv\u00eancia do l\u00fadico. Na mesma linha de est\u00edmulo \u00e0s crian\u00e7as, ser\u00e1 realizado o Jogo Mancala, na quarta (11) e na sexta-feira (13), sempre \u00e0s 14h. As atividades ser\u00e3o realizadas na Sala do Curumim. Viv\u00eancias Esportivas O atletismo, esporte constitu\u00eddo por corridas, lan\u00e7amentos e saltos, foi a atividade escolhida para o per\u00edodo <\/p>\n","protected":false},"author":1,"featured_media":0,"comment_status":"open","ping_status":"closed","sticky":false,"template":"","format":"standard","meta":{"footnotes":""},"categories":[6],"tags":[],"class_list":["post-734","post","type-post","status-publish","format-standard","hentry","category-noticias-em-piracicaba"],"aioseo_notices":[],"aioseo_head":"\n\t\t<!-- All in One SEO 5.0.0.1 - aioseo.com -->\n\t<meta name=\"robots\" content=\"max-image-preview:large\" \/>\n\t<meta name=\"author\" content=\"Encontra Piracicaba\"\/>\n\t<link rel=\"canonical\" href=\"https:\/\/www.encontrapiracicaba.com.br\/sobre\/especial-de-ferias-em-piracicaba-traz-atividades-educativas-culturais-e-esportivas\/\" \/>\n\t<meta name=\"generator\" content=\"All in One SEO (AIOSEO) 5.0.0.1\" \/>\n\t\t<meta property=\"og:locale\" content=\"pt_BR\" \/>\n\t\t<meta property=\"og:site_name\" content=\"Encontra Piracicaba | Not\u00edcias, eventos, informa\u00e7\u00f5es e dicas na cidade de Piracicaba e regi\u00e3o\" \/>\n\t\t<meta property=\"og:type\" content=\"article\" \/>\n\t\t<meta property=\"og:title\" content=\"Especial de f\u00e9rias em Piracicaba traz atividades educativas, culturais e esportivas | Encontra Piracicaba\" \/>\n\t\t<meta property=\"og:url\" content=\"https:\/\/www.encontrapiracicaba.com.br\/sobre\/especial-de-ferias-em-piracicaba-traz-atividades-educativas-culturais-e-esportivas\/\" \/>\n\t\t<meta property=\"article:published_time\" content=\"2012-01-10T16:26:15+00:00\" \/>\n\t\t<meta property=\"article:modified_time\" content=\"2019-04-12T19:05:50+00:00\" \/>\n\t\t<meta name=\"twitter:card\" content=\"summary\" \/>\n\t\t<meta name=\"twitter:title\" content=\"Especial de f\u00e9rias em Piracicaba traz atividades educativas, culturais e esportivas | Encontra Piracicaba\" \/>\n\t\t<script type=\"application\/ld+json\" class=\"aioseo-schema\">\n\t\t\t{\"@context\":\"https:\\\/\\\/schema.org\",\"@graph\":[{\"@type\":\"Article\",\"@id\":\"https:\\\/\\\/www.encontrapiracicaba.com.br\\\/sobre\\\/especial-de-ferias-em-piracicaba-traz-atividades-educativas-culturais-e-esportivas\\\/#article\",\"name\":\"Especial de f\\u00e9rias em Piracicaba traz atividades educativas, culturais e esportivas | Encontra Piracicaba\",\"headline\":\"Especial de f\\u00e9rias em Piracicaba traz atividades educativas, culturais e esportivas\",\"author\":{\"@id\":\"https:\\\/\\\/www.encontrapiracicaba.com.br\\\/sobre\\\/author\\\/epiracicaba\\\/#author\"},\"publisher\":{\"@id\":\"https:\\\/\\\/www.encontrapiracicaba.com.br\\\/sobre\\\/#organization\"},\"datePublished\":\"2012-01-10T13:26:15-03:00\",\"dateModified\":\"2019-04-12T16:05:50-03:00\",\"inLanguage\":\"pt-BR\",\"mainEntityOfPage\":{\"@id\":\"https:\\\/\\\/www.encontrapiracicaba.com.br\\\/sobre\\\/especial-de-ferias-em-piracicaba-traz-atividades-educativas-culturais-e-esportivas\\\/#webpage\"},\"isPartOf\":{\"@id\":\"https:\\\/\\\/www.encontrapiracicaba.com.br\\\/sobre\\\/especial-de-ferias-em-piracicaba-traz-atividades-educativas-culturais-e-esportivas\\\/#webpage\"},\"articleSection\":\"Not\\u00edcias Piracicaba\"},{\"@type\":\"BreadcrumbList\",\"@id\":\"https:\\\/\\\/www.encontrapiracicaba.com.br\\\/sobre\\\/especial-de-ferias-em-piracicaba-traz-atividades-educativas-culturais-e-esportivas\\\/#breadcrumblist\",\"itemListElement\":[{\"@type\":\"ListItem\",\"@id\":\"https:\\\/\\\/www.encontrapiracicaba.com.br\\\/sobre#listItem\",\"position\":1,\"name\":\"In\\u00edcio\",\"item\":\"https:\\\/\\\/www.encontrapiracicaba.com.br\\\/sobre\",\"nextItem\":{\"@type\":\"ListItem\",\"@id\":\"https:\\\/\\\/www.encontrapiracicaba.com.br\\\/sobre\\\/noticias-em-piracicaba\\\/#listItem\",\"name\":\"Not\\u00edcias Piracicaba\"}},{\"@type\":\"ListItem\",\"@id\":\"https:\\\/\\\/www.encontrapiracicaba.com.br\\\/sobre\\\/noticias-em-piracicaba\\\/#listItem\",\"position\":2,\"name\":\"Not\\u00edcias Piracicaba\",\"item\":\"https:\\\/\\\/www.encontrapiracicaba.com.br\\\/sobre\\\/noticias-em-piracicaba\\\/\",\"nextItem\":{\"@type\":\"ListItem\",\"@id\":\"https:\\\/\\\/www.encontrapiracicaba.com.br\\\/sobre\\\/especial-de-ferias-em-piracicaba-traz-atividades-educativas-culturais-e-esportivas\\\/#listItem\",\"name\":\"Especial de f\\u00e9rias em Piracicaba traz atividades educativas, culturais e esportivas\"},\"previousItem\":{\"@type\":\"ListItem\",\"@id\":\"https:\\\/\\\/www.encontrapiracicaba.com.br\\\/sobre#listItem\",\"name\":\"In\\u00edcio\"}},{\"@type\":\"ListItem\",\"@id\":\"https:\\\/\\\/www.encontrapiracicaba.com.br\\\/sobre\\\/especial-de-ferias-em-piracicaba-traz-atividades-educativas-culturais-e-esportivas\\\/#listItem\",\"position\":3,\"name\":\"Especial de f\\u00e9rias em Piracicaba traz atividades educativas, culturais e esportivas\",\"previousItem\":{\"@type\":\"ListItem\",\"@id\":\"https:\\\/\\\/www.encontrapiracicaba.com.br\\\/sobre\\\/noticias-em-piracicaba\\\/#listItem\",\"name\":\"Not\\u00edcias Piracicaba\"}}]},{\"@type\":\"Organization\",\"@id\":\"https:\\\/\\\/www.encontrapiracicaba.com.br\\\/sobre\\\/#organization\",\"name\":\"Encontra Piracicaba\",\"description\":\"Not\\u00edcias, eventos, informa\\u00e7\\u00f5es e dicas na cidade de Piracicaba e regi\\u00e3o\",\"url\":\"https:\\\/\\\/www.encontrapiracicaba.com.br\\\/sobre\\\/\"},{\"@type\":\"Person\",\"@id\":\"https:\\\/\\\/www.encontrapiracicaba.com.br\\\/sobre\\\/author\\\/epiracicaba\\\/#author\",\"url\":\"https:\\\/\\\/www.encontrapiracicaba.com.br\\\/sobre\\\/author\\\/epiracicaba\\\/\",\"name\":\"Encontra Piracicaba\",\"image\":{\"@type\":\"ImageObject\",\"@id\":\"https:\\\/\\\/www.encontrapiracicaba.com.br\\\/sobre\\\/especial-de-ferias-em-piracicaba-traz-atividades-educativas-culturais-e-esportivas\\\/#authorImage\",\"url\":\"https:\\\/\\\/secure.gravatar.com\\\/avatar\\\/507340682b8270222e1f208e23198b6ae7e2c6a1033ae84e99bc6bce4f82a387?s=96&d=mm&r=g\",\"width\":96,\"height\":96,\"caption\":\"Encontra Piracicaba\"}},{\"@type\":\"WebPage\",\"@id\":\"https:\\\/\\\/www.encontrapiracicaba.com.br\\\/sobre\\\/especial-de-ferias-em-piracicaba-traz-atividades-educativas-culturais-e-esportivas\\\/#webpage\",\"url\":\"https:\\\/\\\/www.encontrapiracicaba.com.br\\\/sobre\\\/especial-de-ferias-em-piracicaba-traz-atividades-educativas-culturais-e-esportivas\\\/\",\"name\":\"Especial de f\\u00e9rias em Piracicaba traz atividades educativas, culturais e esportivas | Encontra Piracicaba\",\"inLanguage\":\"pt-BR\",\"isPartOf\":{\"@id\":\"https:\\\/\\\/www.encontrapiracicaba.com.br\\\/sobre\\\/#website\"},\"breadcrumb\":{\"@id\":\"https:\\\/\\\/www.encontrapiracicaba.com.br\\\/sobre\\\/especial-de-ferias-em-piracicaba-traz-atividades-educativas-culturais-e-esportivas\\\/#breadcrumblist\"},\"author\":{\"@id\":\"https:\\\/\\\/www.encontrapiracicaba.com.br\\\/sobre\\\/author\\\/epiracicaba\\\/#author\"},\"creator\":{\"@id\":\"https:\\\/\\\/www.encontrapiracicaba.com.br\\\/sobre\\\/author\\\/epiracicaba\\\/#author\"},\"datePublished\":\"2012-01-10T13:26:15-03:00\",\"dateModified\":\"2019-04-12T16:05:50-03:00\"},{\"@type\":\"WebSite\",\"@id\":\"https:\\\/\\\/www.encontrapiracicaba.com.br\\\/sobre\\\/#website\",\"url\":\"https:\\\/\\\/www.encontrapiracicaba.com.br\\\/sobre\\\/\",\"name\":\"Encontra Piracicaba\",\"description\":\"Not\\u00edcias, eventos, informa\\u00e7\\u00f5es e dicas na cidade de Piracicaba e regi\\u00e3o\",\"inLanguage\":\"pt-BR\",\"publisher\":{\"@id\":\"https:\\\/\\\/www.encontrapiracicaba.com.br\\\/sobre\\\/#organization\"}}]}\n\t\t<\/script>\n\t\t<!-- All in One SEO -->\n\n","aioseo_head_json":{"title":"Especial de f\u00e9rias em Piracicaba traz atividades educativas, culturais e esportivas | Encontra Piracicaba","description":"","canonical_url":"https:\/\/www.encontrapiracicaba.com.br\/sobre\/especial-de-ferias-em-piracicaba-traz-atividades-educativas-culturais-e-esportivas\/","robots":"max-image-preview:large","keywords":"","webmasterTools":{"miscellaneous":""},"schema":{"@context":"https:\/\/schema.org","@graph":[{"@type":"Article","@id":"https:\/\/www.encontrapiracicaba.com.br\/sobre\/especial-de-ferias-em-piracicaba-traz-atividades-educativas-culturais-e-esportivas\/#article","name":"Especial de f\u00e9rias em Piracicaba traz atividades educativas, culturais e esportivas | Encontra Piracicaba","headline":"Especial de f\u00e9rias em Piracicaba traz atividades educativas, culturais e esportivas","author":{"@id":"https:\/\/www.encontrapiracicaba.com.br\/sobre\/author\/epiracicaba\/#author"},"publisher":{"@id":"https:\/\/www.encontrapiracicaba.com.br\/sobre\/#organization"},"datePublished":"2012-01-10T13:26:15-03:00","dateModified":"2019-04-12T16:05:50-03:00","inLanguage":"pt-BR","mainEntityOfPage":{"@id":"https:\/\/www.encontrapiracicaba.com.br\/sobre\/especial-de-ferias-em-piracicaba-traz-atividades-educativas-culturais-e-esportivas\/#webpage"},"isPartOf":{"@id":"https:\/\/www.encontrapiracicaba.com.br\/sobre\/especial-de-ferias-em-piracicaba-traz-atividades-educativas-culturais-e-esportivas\/#webpage"},"articleSection":"Not\u00edcias Piracicaba"},{"@type":"BreadcrumbList","@id":"https:\/\/www.encontrapiracicaba.com.br\/sobre\/especial-de-ferias-em-piracicaba-traz-atividades-educativas-culturais-e-esportivas\/#breadcrumblist","itemListElement":[{"@type":"ListItem","@id":"https:\/\/www.encontrapiracicaba.com.br\/sobre#listItem","position":1,"name":"In\u00edcio","item":"https:\/\/www.encontrapiracicaba.com.br\/sobre","nextItem":{"@type":"ListItem","@id":"https:\/\/www.encontrapiracicaba.com.br\/sobre\/noticias-em-piracicaba\/#listItem","name":"Not\u00edcias Piracicaba"}},{"@type":"ListItem","@id":"https:\/\/www.encontrapiracicaba.com.br\/sobre\/noticias-em-piracicaba\/#listItem","position":2,"name":"Not\u00edcias Piracicaba","item":"https:\/\/www.encontrapiracicaba.com.br\/sobre\/noticias-em-piracicaba\/","nextItem":{"@type":"ListItem","@id":"https:\/\/www.encontrapiracicaba.com.br\/sobre\/especial-de-ferias-em-piracicaba-traz-atividades-educativas-culturais-e-esportivas\/#listItem","name":"Especial de f\u00e9rias em Piracicaba traz atividades educativas, culturais e esportivas"},"previousItem":{"@type":"ListItem","@id":"https:\/\/www.encontrapiracicaba.com.br\/sobre#listItem","name":"In\u00edcio"}},{"@type":"ListItem","@id":"https:\/\/www.encontrapiracicaba.com.br\/sobre\/especial-de-ferias-em-piracicaba-traz-atividades-educativas-culturais-e-esportivas\/#listItem","position":3,"name":"Especial de f\u00e9rias em Piracicaba traz atividades educativas, culturais e esportivas","previousItem":{"@type":"ListItem","@id":"https:\/\/www.encontrapiracicaba.com.br\/sobre\/noticias-em-piracicaba\/#listItem","name":"Not\u00edcias Piracicaba"}}]},{"@type":"Organization","@id":"https:\/\/www.encontrapiracicaba.com.br\/sobre\/#organization","name":"Encontra Piracicaba","description":"Not\u00edcias, eventos, informa\u00e7\u00f5es e dicas na cidade de Piracicaba e regi\u00e3o","url":"https:\/\/www.encontrapiracicaba.com.br\/sobre\/"},{"@type":"Person","@id":"https:\/\/www.encontrapiracicaba.com.br\/sobre\/author\/epiracicaba\/#author","url":"https:\/\/www.encontrapiracicaba.com.br\/sobre\/author\/epiracicaba\/","name":"Encontra Piracicaba","image":{"@type":"ImageObject","@id":"https:\/\/www.encontrapiracicaba.com.br\/sobre\/especial-de-ferias-em-piracicaba-traz-atividades-educativas-culturais-e-esportivas\/#authorImage","url":"https:\/\/secure.gravatar.com\/avatar\/507340682b8270222e1f208e23198b6ae7e2c6a1033ae84e99bc6bce4f82a387?s=96&d=mm&r=g","width":96,"height":96,"caption":"Encontra Piracicaba"}},{"@type":"WebPage","@id":"https:\/\/www.encontrapiracicaba.com.br\/sobre\/especial-de-ferias-em-piracicaba-traz-atividades-educativas-culturais-e-esportivas\/#webpage","url":"https:\/\/www.encontrapiracicaba.com.br\/sobre\/especial-de-ferias-em-piracicaba-traz-atividades-educativas-culturais-e-esportivas\/","name":"Especial de f\u00e9rias em Piracicaba traz atividades educativas, culturais e esportivas | Encontra Piracicaba","inLanguage":"pt-BR","isPartOf":{"@id":"https:\/\/www.encontrapiracicaba.com.br\/sobre\/#website"},"breadcrumb":{"@id":"https:\/\/www.encontrapiracicaba.com.br\/sobre\/especial-de-ferias-em-piracicaba-traz-atividades-educativas-culturais-e-esportivas\/#breadcrumblist"},"author":{"@id":"https:\/\/www.encontrapiracicaba.com.br\/sobre\/author\/epiracicaba\/#author"},"creator":{"@id":"https:\/\/www.encontrapiracicaba.com.br\/sobre\/author\/epiracicaba\/#author"},"datePublished":"2012-01-10T13:26:15-03:00","dateModified":"2019-04-12T16:05:50-03:00"},{"@type":"WebSite","@id":"https:\/\/www.encontrapiracicaba.com.br\/sobre\/#website","url":"https:\/\/www.encontrapiracicaba.com.br\/sobre\/","name":"Encontra Piracicaba","description":"Not\u00edcias, eventos, informa\u00e7\u00f5es e dicas na cidade de Piracicaba e regi\u00e3o","inLanguage":"pt-BR","publisher":{"@id":"https:\/\/www.encontrapiracicaba.com.br\/sobre\/#organization"}}]},"og:locale":"pt_BR","og:site_name":"Encontra Piracicaba | Not\u00edcias, eventos, informa\u00e7\u00f5es e dicas na cidade de Piracicaba e regi\u00e3o","og:type":"article","og:title":"Especial de f\u00e9rias em Piracicaba traz atividades educativas, culturais e esportivas | Encontra Piracicaba","og:url":"https:\/\/www.encontrapiracicaba.com.br\/sobre\/especial-de-ferias-em-piracicaba-traz-atividades-educativas-culturais-e-esportivas\/","article:published_time":"2012-01-10T16:26:15+00:00","article:modified_time":"2019-04-12T19:05:50+00:00","twitter:card":"summary","twitter:title":"Especial de f\u00e9rias em Piracicaba traz atividades educativas, culturais e esportivas | Encontra Piracicaba"},"aioseo_meta_data":{"post_id":"734","title":null,"description":null,"keywords":null,"keyphrases":null,"primary_term":null,"canonical_url":null,"og_title":null,"og_description":null,"og_object_type":"default","og_image_type":"default","og_image_url":null,"og_image_width":null,"og_image_height":null,"og_image_custom_url":null,"og_image_custom_fields":null,"og_video":null,"og_custom_url":null,"og_article_section":null,"og_article_tags":null,"twitter_use_og":false,"twitter_card":"default","twitter_image_type":"default","twitter_image_url":null,"twitter_image_custom_url":null,"twitter_image_custom_fields":null,"twitter_title":null,"twitter_description":null,"schema":{"blockGraphs":[],"customGraphs":[],"default":{"data":{"Article":[],"Course":[],"Dataset":[],"FAQPage":[],"Movie":[],"Person":[],"Product":[],"ProductReview":[],"Car":[],"Recipe":[],"Service":[],"SoftwareApplication":[],"WebPage":[]},"graphName":"Article","isEnabled":true},"graphs":[]},"schema_type":null,"schema_type_options":null,"pillar_content":false,"robots_default":true,"robots_noindex":false,"robots_noarchive":false,"robots_nosnippet":false,"robots_nofollow":false,"robots_noimageindex":false,"robots_noodp":false,"robots_notranslate":false,"robots_max_snippet":null,"robots_max_videopreview":null,"robots_max_imagepreview":"large","priority":null,"frequency":null,"local_seo":null,"breadcrumb_settings":null,"limit_modified_date":false,"ai":null,"created":"2021-08-13 21:06:55","updated":"2025-10-03 23:04:22","focus_keyword":null,"additional_keywords":null,"truseo_locale":null,"seo_analyzer_scan_date":null},"aioseo_breadcrumb":"<div class=\"aioseo-breadcrumbs\"><span class=\"aioseo-breadcrumb\">\n\t\t\t<a href=\"https:\/\/www.encontrapiracicaba.com.br\/sobre\" title=\"In\u00edcio\">In\u00edcio<\/a>\n\t\t<\/span><span class=\"aioseo-breadcrumb-separator\">&raquo;<\/span><span class=\"aioseo-breadcrumb\">\n\t\t\t<a href=\"https:\/\/www.encontrapiracicaba.com.br\/sobre\/noticias-em-piracicaba\/\" title=\"Not\u00edcias Piracicaba\">Not\u00edcias Piracicaba<\/a>\n\t\t<\/span><span class=\"aioseo-breadcrumb-separator\">&raquo;<\/span><span class=\"aioseo-breadcrumb\">\n\t\t\tEspecial de f\u00e9rias em Piracicaba traz atividades educativas, culturais e esportivas\n\t\t<\/span><\/div>","aioseo_breadcrumb_json":[{"label":"In\u00edcio","link":"https:\/\/www.encontrapiracicaba.com.br\/sobre"},{"label":"Not\u00edcias Piracicaba","link":"https:\/\/www.encontrapiracicaba.com.br\/sobre\/noticias-em-piracicaba\/"},{"label":"Especial de f\u00e9rias em Piracicaba traz atividades educativas, culturais e esportivas","link":"https:\/\/www.encontrapiracicaba.com.br\/sobre\/especial-de-ferias-em-piracicaba-traz-atividades-educativas-culturais-e-esportivas\/"}],"_links":{"self":[{"href":"https:\/\/www.encontrapiracicaba.com.br\/sobre\/wp-json\/wp\/v2\/posts\/734","targetHints":{"allow":["GET"]}}],"collection":[{"href":"https:\/\/www.encontrapiracicaba.com.br\/sobre\/wp-json\/wp\/v2\/posts"}],"about":[{"href":"https:\/\/www.encontrapiracicaba.com.br\/sobre\/wp-json\/wp\/v2\/types\/post"}],"author":[{"embeddable":true,"href":"https:\/\/www.encontrapiracicaba.com.br\/sobre\/wp-json\/wp\/v2\/users\/1"}],"replies":[{"embeddable":true,"href":"https:\/\/www.encontrapiracicaba.com.br\/sobre\/wp-json\/wp\/v2\/comments?post=734"}],"version-history":[{"count":3,"href":"https:\/\/www.encontrapiracicaba.com.br\/sobre\/wp-json\/wp\/v2\/posts\/734\/revisions"}],"predecessor-version":[{"id":2154,"href":"https:\/\/www.encontrapiracicaba.com.br\/sobre\/wp-json\/wp\/v2\/posts\/734\/revisions\/2154"}],"wp:attachment":[{"href":"https:\/\/www.encontrapiracicaba.com.br\/sobre\/wp-json\/wp\/v2\/media?parent=734"}],"wp:term":[{"taxonomy":"category","embeddable":true,"href":"https:\/\/www.encontrapiracicaba.com.br\/sobre\/wp-json\/wp\/v2\/categories?post=734"},{"taxonomy":"post_tag","embeddable":true,"href":"https:\/\/www.encontrapiracicaba.com.br\/sobre\/wp-json\/wp\/v2\/tags?post=734"}],"curies":[{"name":"wp","href":"https:\/\/api.w.org\/{rel}","templated":true}]}}