{"id":741,"date":"2012-01-20T09:47:05","date_gmt":"2012-01-20T12:47:05","guid":{"rendered":"http:\/\/www.encontrapiracicaba.com.br\/noticias\/?p=741"},"modified":"2019-04-12T16:05:50","modified_gmt":"2019-04-12T19:05:50","slug":"rio-piracicaba-recua-e-defesa-civil-libera-o-transito-na-rua-do-porto","status":"publish","type":"post","link":"https:\/\/www.encontrapiracicaba.com.br\/sobre\/rio-piracicaba-recua-e-defesa-civil-libera-o-transito-na-rua-do-porto\/","title":{"rendered":"Rio Piracicaba recua e Defesa Civil libera o tr\u00e2nsito na Rua do Porto"},"content":{"rendered":"<div class=\"85df007ed5c0c4d4b453fd13a37855e8\" data-index=\"1\" style=\"float: none; margin:0px;\">\n<!-- Anuncio display - global -->\r\n<ins class=\"adsbygoogle\"\r\n     style=\"display:block\"\r\n     data-ad-client=\"ca-pub-8585364105181520\"\r\n     data-ad-slot=\"8789329856\"\r\n     data-ad-format=\"auto\"\r\n     data-full-width-responsive=\"true\"><\/ins>\r\n<script>\r\n     (adsbygoogle = window.adsbygoogle || []).push({});\r\n<\/script>\n<\/div>\n<p>A Rua do Porto, ponto tur\u00edstico e gastron\u00f4mico da cidade Piracicaba, interior de S\u00e3o Paulo, foi liberada para o tr\u00e2nsito de ve\u00edculos na tarde desta quinta-feira (19) pela Defesa Civil. A via foi interditada na madrugada desta quinta-feira devido ao alagamento com o retorno das \u00e1guas das chuvas pelas bocas de lobo da regi\u00e3o.<\/p>\n<p>A libera\u00e7\u00e3o ocorreu porque o n\u00edvel do rio, \u00e0s 17h, estava em 4,40 metros e o gr\u00e1fico indicativo da Defesa Civil mostra que o fluxo da \u00e1gua deve cair ainda mais nas pr\u00f3ximas horas. Para o rio transbordar, ele precisa atingir a marca dos cinco metros. As equipes da Defesa Civil permanecem no local at\u00e9 as 23h e, se mantiver este quadro de queda, o grupo encerra a opera\u00e7\u00e3o e retorna ao local a partir das 7h.<\/p>\n<p>A alta do rio fez com que pessoas fossem at\u00e9 o local pescar, o que \u00e9 proibido nesta \u00e9poca do ano por causa da Piracema, per\u00edodo de reprodu\u00e7\u00e3o de peixes, que se estende at\u00e9 o final de fevereiro. Uma equipe da EPTV flagrou tr\u00eas grupos de pescadores na regi\u00e3o.<\/p>\n<p><strong>Comportas<\/strong><\/p>\n<p>Mesmo com essa queda na altura do Piracicaba, a CPFL Renov\u00e1veis informou que as comportas da Pequena Centra Hidrel\u00e9trica (PCH) de Americana, instalada no Rio Atibaia, permanecer\u00e3o abertas at\u00e9 que o n\u00edvel do reservat\u00f3rio chegue ao \u00edndice normal.<\/p>\n<p><em>Fonte: EpPiracicaba<\/em><\/p>\n\n<div style=\"font-size: 0px; height: 0px; line-height: 0px; margin: 0; padding: 0; clear: both;\"><\/div>","protected":false},"excerpt":{"rendered":"<p>A Rua do Porto, ponto tur\u00edstico e gastron\u00f4mico da cidade Piracicaba, interior de S\u00e3o Paulo, foi liberada para o tr\u00e2nsito de ve\u00edculos na tarde desta quinta-feira (19) pela Defesa Civil. A via foi interditada na madrugada desta quinta-feira devido ao alagamento com o retorno das \u00e1guas das chuvas pelas bocas de lobo da regi\u00e3o. A libera\u00e7\u00e3o ocorreu porque o n\u00edvel do rio, \u00e0s 17h, estava em 4,40 metros e o gr\u00e1fico indicativo da Defesa Civil mostra que o fluxo da \u00e1gua deve cair ainda mais nas pr\u00f3ximas horas. Para o rio transbordar, ele precisa atingir a marca dos cinco metros. <\/p>\n","protected":false},"author":1,"featured_media":0,"comment_status":"open","ping_status":"closed","sticky":false,"template":"","format":"standard","meta":{"footnotes":""},"categories":[6],"tags":[],"class_list":["post-741","post","type-post","status-publish","format-standard","hentry","category-noticias-em-piracicaba"],"aioseo_notices":[],"aioseo_head":"\n\t\t<!-- All in One SEO 5.0.0.1 - aioseo.com -->\n\t<meta name=\"robots\" content=\"max-image-preview:large\" \/>\n\t<meta name=\"author\" content=\"Encontra Piracicaba\"\/>\n\t<link rel=\"canonical\" href=\"https:\/\/www.encontrapiracicaba.com.br\/sobre\/rio-piracicaba-recua-e-defesa-civil-libera-o-transito-na-rua-do-porto\/\" \/>\n\t<meta name=\"generator\" content=\"All in One SEO (AIOSEO) 5.0.0.1\" \/>\n\t\t<meta property=\"og:locale\" content=\"pt_BR\" \/>\n\t\t<meta property=\"og:site_name\" content=\"Encontra Piracicaba | Not\u00edcias, eventos, informa\u00e7\u00f5es e dicas na cidade de Piracicaba e regi\u00e3o\" \/>\n\t\t<meta property=\"og:type\" content=\"article\" \/>\n\t\t<meta property=\"og:title\" content=\"Rio Piracicaba recua e Defesa Civil libera o tr\u00e2nsito na Rua do Porto | Encontra Piracicaba\" \/>\n\t\t<meta property=\"og:url\" content=\"https:\/\/www.encontrapiracicaba.com.br\/sobre\/rio-piracicaba-recua-e-defesa-civil-libera-o-transito-na-rua-do-porto\/\" \/>\n\t\t<meta property=\"article:published_time\" content=\"2012-01-20T12:47:05+00:00\" \/>\n\t\t<meta property=\"article:modified_time\" content=\"2019-04-12T19:05:50+00:00\" \/>\n\t\t<meta name=\"twitter:card\" content=\"summary\" \/>\n\t\t<meta name=\"twitter:title\" content=\"Rio Piracicaba recua e Defesa Civil libera o tr\u00e2nsito na Rua do Porto | Encontra Piracicaba\" \/>\n\t\t<script type=\"application\/ld+json\" class=\"aioseo-schema\">\n\t\t\t{\"@context\":\"https:\\\/\\\/schema.org\",\"@graph\":[{\"@type\":\"Article\",\"@id\":\"https:\\\/\\\/www.encontrapiracicaba.com.br\\\/sobre\\\/rio-piracicaba-recua-e-defesa-civil-libera-o-transito-na-rua-do-porto\\\/#article\",\"name\":\"Rio Piracicaba recua e Defesa Civil libera o tr\\u00e2nsito na Rua do Porto | Encontra Piracicaba\",\"headline\":\"Rio Piracicaba recua e Defesa Civil libera o tr\\u00e2nsito na Rua do Porto\",\"author\":{\"@id\":\"https:\\\/\\\/www.encontrapiracicaba.com.br\\\/sobre\\\/author\\\/epiracicaba\\\/#author\"},\"publisher\":{\"@id\":\"https:\\\/\\\/www.encontrapiracicaba.com.br\\\/sobre\\\/#organization\"},\"datePublished\":\"2012-01-20T09:47:05-03:00\",\"dateModified\":\"2019-04-12T16:05:50-03:00\",\"inLanguage\":\"pt-BR\",\"mainEntityOfPage\":{\"@id\":\"https:\\\/\\\/www.encontrapiracicaba.com.br\\\/sobre\\\/rio-piracicaba-recua-e-defesa-civil-libera-o-transito-na-rua-do-porto\\\/#webpage\"},\"isPartOf\":{\"@id\":\"https:\\\/\\\/www.encontrapiracicaba.com.br\\\/sobre\\\/rio-piracicaba-recua-e-defesa-civil-libera-o-transito-na-rua-do-porto\\\/#webpage\"},\"articleSection\":\"Not\\u00edcias Piracicaba\"},{\"@type\":\"BreadcrumbList\",\"@id\":\"https:\\\/\\\/www.encontrapiracicaba.com.br\\\/sobre\\\/rio-piracicaba-recua-e-defesa-civil-libera-o-transito-na-rua-do-porto\\\/#breadcrumblist\",\"itemListElement\":[{\"@type\":\"ListItem\",\"@id\":\"https:\\\/\\\/www.encontrapiracicaba.com.br\\\/sobre#listItem\",\"position\":1,\"name\":\"In\\u00edcio\",\"item\":\"https:\\\/\\\/www.encontrapiracicaba.com.br\\\/sobre\",\"nextItem\":{\"@type\":\"ListItem\",\"@id\":\"https:\\\/\\\/www.encontrapiracicaba.com.br\\\/sobre\\\/noticias-em-piracicaba\\\/#listItem\",\"name\":\"Not\\u00edcias Piracicaba\"}},{\"@type\":\"ListItem\",\"@id\":\"https:\\\/\\\/www.encontrapiracicaba.com.br\\\/sobre\\\/noticias-em-piracicaba\\\/#listItem\",\"position\":2,\"name\":\"Not\\u00edcias Piracicaba\",\"item\":\"https:\\\/\\\/www.encontrapiracicaba.com.br\\\/sobre\\\/noticias-em-piracicaba\\\/\",\"nextItem\":{\"@type\":\"ListItem\",\"@id\":\"https:\\\/\\\/www.encontrapiracicaba.com.br\\\/sobre\\\/rio-piracicaba-recua-e-defesa-civil-libera-o-transito-na-rua-do-porto\\\/#listItem\",\"name\":\"Rio Piracicaba recua e Defesa Civil libera o tr\\u00e2nsito na Rua do Porto\"},\"previousItem\":{\"@type\":\"ListItem\",\"@id\":\"https:\\\/\\\/www.encontrapiracicaba.com.br\\\/sobre#listItem\",\"name\":\"In\\u00edcio\"}},{\"@type\":\"ListItem\",\"@id\":\"https:\\\/\\\/www.encontrapiracicaba.com.br\\\/sobre\\\/rio-piracicaba-recua-e-defesa-civil-libera-o-transito-na-rua-do-porto\\\/#listItem\",\"position\":3,\"name\":\"Rio Piracicaba recua e Defesa Civil libera o tr\\u00e2nsito na Rua do Porto\",\"previousItem\":{\"@type\":\"ListItem\",\"@id\":\"https:\\\/\\\/www.encontrapiracicaba.com.br\\\/sobre\\\/noticias-em-piracicaba\\\/#listItem\",\"name\":\"Not\\u00edcias Piracicaba\"}}]},{\"@type\":\"Organization\",\"@id\":\"https:\\\/\\\/www.encontrapiracicaba.com.br\\\/sobre\\\/#organization\",\"name\":\"Encontra Piracicaba\",\"description\":\"Not\\u00edcias, eventos, informa\\u00e7\\u00f5es e dicas na cidade de Piracicaba e regi\\u00e3o\",\"url\":\"https:\\\/\\\/www.encontrapiracicaba.com.br\\\/sobre\\\/\"},{\"@type\":\"Person\",\"@id\":\"https:\\\/\\\/www.encontrapiracicaba.com.br\\\/sobre\\\/author\\\/epiracicaba\\\/#author\",\"url\":\"https:\\\/\\\/www.encontrapiracicaba.com.br\\\/sobre\\\/author\\\/epiracicaba\\\/\",\"name\":\"Encontra Piracicaba\",\"image\":{\"@type\":\"ImageObject\",\"@id\":\"https:\\\/\\\/www.encontrapiracicaba.com.br\\\/sobre\\\/rio-piracicaba-recua-e-defesa-civil-libera-o-transito-na-rua-do-porto\\\/#authorImage\",\"url\":\"https:\\\/\\\/secure.gravatar.com\\\/avatar\\\/507340682b8270222e1f208e23198b6ae7e2c6a1033ae84e99bc6bce4f82a387?s=96&d=mm&r=g\",\"width\":96,\"height\":96,\"caption\":\"Encontra Piracicaba\"}},{\"@type\":\"WebPage\",\"@id\":\"https:\\\/\\\/www.encontrapiracicaba.com.br\\\/sobre\\\/rio-piracicaba-recua-e-defesa-civil-libera-o-transito-na-rua-do-porto\\\/#webpage\",\"url\":\"https:\\\/\\\/www.encontrapiracicaba.com.br\\\/sobre\\\/rio-piracicaba-recua-e-defesa-civil-libera-o-transito-na-rua-do-porto\\\/\",\"name\":\"Rio Piracicaba recua e Defesa Civil libera o tr\\u00e2nsito na Rua do Porto | Encontra Piracicaba\",\"inLanguage\":\"pt-BR\",\"isPartOf\":{\"@id\":\"https:\\\/\\\/www.encontrapiracicaba.com.br\\\/sobre\\\/#website\"},\"breadcrumb\":{\"@id\":\"https:\\\/\\\/www.encontrapiracicaba.com.br\\\/sobre\\\/rio-piracicaba-recua-e-defesa-civil-libera-o-transito-na-rua-do-porto\\\/#breadcrumblist\"},\"author\":{\"@id\":\"https:\\\/\\\/www.encontrapiracicaba.com.br\\\/sobre\\\/author\\\/epiracicaba\\\/#author\"},\"creator\":{\"@id\":\"https:\\\/\\\/www.encontrapiracicaba.com.br\\\/sobre\\\/author\\\/epiracicaba\\\/#author\"},\"datePublished\":\"2012-01-20T09:47:05-03:00\",\"dateModified\":\"2019-04-12T16:05:50-03:00\"},{\"@type\":\"WebSite\",\"@id\":\"https:\\\/\\\/www.encontrapiracicaba.com.br\\\/sobre\\\/#website\",\"url\":\"https:\\\/\\\/www.encontrapiracicaba.com.br\\\/sobre\\\/\",\"name\":\"Encontra Piracicaba\",\"description\":\"Not\\u00edcias, eventos, informa\\u00e7\\u00f5es e dicas na cidade de Piracicaba e regi\\u00e3o\",\"inLanguage\":\"pt-BR\",\"publisher\":{\"@id\":\"https:\\\/\\\/www.encontrapiracicaba.com.br\\\/sobre\\\/#organization\"}}]}\n\t\t<\/script>\n\t\t<!-- All in One SEO -->\n\n","aioseo_head_json":{"title":"Rio Piracicaba recua e Defesa Civil libera o tr\u00e2nsito na Rua do Porto | Encontra Piracicaba","description":"","canonical_url":"https:\/\/www.encontrapiracicaba.com.br\/sobre\/rio-piracicaba-recua-e-defesa-civil-libera-o-transito-na-rua-do-porto\/","robots":"max-image-preview:large","keywords":"","webmasterTools":{"miscellaneous":""},"schema":{"@context":"https:\/\/schema.org","@graph":[{"@type":"Article","@id":"https:\/\/www.encontrapiracicaba.com.br\/sobre\/rio-piracicaba-recua-e-defesa-civil-libera-o-transito-na-rua-do-porto\/#article","name":"Rio Piracicaba recua e Defesa Civil libera o tr\u00e2nsito na Rua do Porto | Encontra Piracicaba","headline":"Rio Piracicaba recua e Defesa Civil libera o tr\u00e2nsito na Rua do Porto","author":{"@id":"https:\/\/www.encontrapiracicaba.com.br\/sobre\/author\/epiracicaba\/#author"},"publisher":{"@id":"https:\/\/www.encontrapiracicaba.com.br\/sobre\/#organization"},"datePublished":"2012-01-20T09:47:05-03:00","dateModified":"2019-04-12T16:05:50-03:00","inLanguage":"pt-BR","mainEntityOfPage":{"@id":"https:\/\/www.encontrapiracicaba.com.br\/sobre\/rio-piracicaba-recua-e-defesa-civil-libera-o-transito-na-rua-do-porto\/#webpage"},"isPartOf":{"@id":"https:\/\/www.encontrapiracicaba.com.br\/sobre\/rio-piracicaba-recua-e-defesa-civil-libera-o-transito-na-rua-do-porto\/#webpage"},"articleSection":"Not\u00edcias Piracicaba"},{"@type":"BreadcrumbList","@id":"https:\/\/www.encontrapiracicaba.com.br\/sobre\/rio-piracicaba-recua-e-defesa-civil-libera-o-transito-na-rua-do-porto\/#breadcrumblist","itemListElement":[{"@type":"ListItem","@id":"https:\/\/www.encontrapiracicaba.com.br\/sobre#listItem","position":1,"name":"In\u00edcio","item":"https:\/\/www.encontrapiracicaba.com.br\/sobre","nextItem":{"@type":"ListItem","@id":"https:\/\/www.encontrapiracicaba.com.br\/sobre\/noticias-em-piracicaba\/#listItem","name":"Not\u00edcias Piracicaba"}},{"@type":"ListItem","@id":"https:\/\/www.encontrapiracicaba.com.br\/sobre\/noticias-em-piracicaba\/#listItem","position":2,"name":"Not\u00edcias Piracicaba","item":"https:\/\/www.encontrapiracicaba.com.br\/sobre\/noticias-em-piracicaba\/","nextItem":{"@type":"ListItem","@id":"https:\/\/www.encontrapiracicaba.com.br\/sobre\/rio-piracicaba-recua-e-defesa-civil-libera-o-transito-na-rua-do-porto\/#listItem","name":"Rio Piracicaba recua e Defesa Civil libera o tr\u00e2nsito na Rua do Porto"},"previousItem":{"@type":"ListItem","@id":"https:\/\/www.encontrapiracicaba.com.br\/sobre#listItem","name":"In\u00edcio"}},{"@type":"ListItem","@id":"https:\/\/www.encontrapiracicaba.com.br\/sobre\/rio-piracicaba-recua-e-defesa-civil-libera-o-transito-na-rua-do-porto\/#listItem","position":3,"name":"Rio Piracicaba recua e Defesa Civil libera o tr\u00e2nsito na Rua do Porto","previousItem":{"@type":"ListItem","@id":"https:\/\/www.encontrapiracicaba.com.br\/sobre\/noticias-em-piracicaba\/#listItem","name":"Not\u00edcias Piracicaba"}}]},{"@type":"Organization","@id":"https:\/\/www.encontrapiracicaba.com.br\/sobre\/#organization","name":"Encontra Piracicaba","description":"Not\u00edcias, eventos, informa\u00e7\u00f5es e dicas na cidade de Piracicaba e regi\u00e3o","url":"https:\/\/www.encontrapiracicaba.com.br\/sobre\/"},{"@type":"Person","@id":"https:\/\/www.encontrapiracicaba.com.br\/sobre\/author\/epiracicaba\/#author","url":"https:\/\/www.encontrapiracicaba.com.br\/sobre\/author\/epiracicaba\/","name":"Encontra Piracicaba","image":{"@type":"ImageObject","@id":"https:\/\/www.encontrapiracicaba.com.br\/sobre\/rio-piracicaba-recua-e-defesa-civil-libera-o-transito-na-rua-do-porto\/#authorImage","url":"https:\/\/secure.gravatar.com\/avatar\/507340682b8270222e1f208e23198b6ae7e2c6a1033ae84e99bc6bce4f82a387?s=96&d=mm&r=g","width":96,"height":96,"caption":"Encontra Piracicaba"}},{"@type":"WebPage","@id":"https:\/\/www.encontrapiracicaba.com.br\/sobre\/rio-piracicaba-recua-e-defesa-civil-libera-o-transito-na-rua-do-porto\/#webpage","url":"https:\/\/www.encontrapiracicaba.com.br\/sobre\/rio-piracicaba-recua-e-defesa-civil-libera-o-transito-na-rua-do-porto\/","name":"Rio Piracicaba recua e Defesa Civil libera o tr\u00e2nsito na Rua do Porto | Encontra Piracicaba","inLanguage":"pt-BR","isPartOf":{"@id":"https:\/\/www.encontrapiracicaba.com.br\/sobre\/#website"},"breadcrumb":{"@id":"https:\/\/www.encontrapiracicaba.com.br\/sobre\/rio-piracicaba-recua-e-defesa-civil-libera-o-transito-na-rua-do-porto\/#breadcrumblist"},"author":{"@id":"https:\/\/www.encontrapiracicaba.com.br\/sobre\/author\/epiracicaba\/#author"},"creator":{"@id":"https:\/\/www.encontrapiracicaba.com.br\/sobre\/author\/epiracicaba\/#author"},"datePublished":"2012-01-20T09:47:05-03:00","dateModified":"2019-04-12T16:05:50-03:00"},{"@type":"WebSite","@id":"https:\/\/www.encontrapiracicaba.com.br\/sobre\/#website","url":"https:\/\/www.encontrapiracicaba.com.br\/sobre\/","name":"Encontra Piracicaba","description":"Not\u00edcias, eventos, informa\u00e7\u00f5es e dicas na cidade de Piracicaba e regi\u00e3o","inLanguage":"pt-BR","publisher":{"@id":"https:\/\/www.encontrapiracicaba.com.br\/sobre\/#organization"}}]},"og:locale":"pt_BR","og:site_name":"Encontra Piracicaba | Not\u00edcias, eventos, informa\u00e7\u00f5es e dicas na cidade de Piracicaba e regi\u00e3o","og:type":"article","og:title":"Rio Piracicaba recua e Defesa Civil libera o tr\u00e2nsito na Rua do Porto | Encontra Piracicaba","og:url":"https:\/\/www.encontrapiracicaba.com.br\/sobre\/rio-piracicaba-recua-e-defesa-civil-libera-o-transito-na-rua-do-porto\/","article:published_time":"2012-01-20T12:47:05+00:00","article:modified_time":"2019-04-12T19:05:50+00:00","twitter:card":"summary","twitter:title":"Rio Piracicaba recua e Defesa Civil libera o tr\u00e2nsito na Rua do Porto | Encontra Piracicaba"},"aioseo_meta_data":{"post_id":"741","title":null,"description":null,"keywords":null,"keyphrases":null,"primary_term":null,"canonical_url":null,"og_title":null,"og_description":null,"og_object_type":"default","og_image_type":"default","og_image_url":null,"og_image_width":null,"og_image_height":null,"og_image_custom_url":null,"og_image_custom_fields":null,"og_video":null,"og_custom_url":null,"og_article_section":null,"og_article_tags":null,"twitter_use_og":false,"twitter_card":"default","twitter_image_type":"default","twitter_image_url":null,"twitter_image_custom_url":null,"twitter_image_custom_fields":null,"twitter_title":null,"twitter_description":null,"schema":{"blockGraphs":[],"customGraphs":[],"default":{"data":{"Article":[],"Course":[],"Dataset":[],"FAQPage":[],"Movie":[],"Person":[],"Product":[],"ProductReview":[],"Car":[],"Recipe":[],"Service":[],"SoftwareApplication":[],"WebPage":[]},"graphName":"Article","isEnabled":true},"graphs":[]},"schema_type":null,"schema_type_options":null,"pillar_content":false,"robots_default":true,"robots_noindex":false,"robots_noarchive":false,"robots_nosnippet":false,"robots_nofollow":false,"robots_noimageindex":false,"robots_noodp":false,"robots_notranslate":false,"robots_max_snippet":null,"robots_max_videopreview":null,"robots_max_imagepreview":"large","priority":null,"frequency":null,"local_seo":null,"breadcrumb_settings":null,"limit_modified_date":false,"ai":null,"created":"2021-08-13 21:06:55","updated":"2025-10-03 23:04:22","focus_keyword":null,"additional_keywords":null,"truseo_locale":null,"seo_analyzer_scan_date":null},"aioseo_breadcrumb":"<div class=\"aioseo-breadcrumbs\"><span class=\"aioseo-breadcrumb\">\n\t\t\t<a href=\"https:\/\/www.encontrapiracicaba.com.br\/sobre\" title=\"In\u00edcio\">In\u00edcio<\/a>\n\t\t<\/span><span class=\"aioseo-breadcrumb-separator\">&raquo;<\/span><span class=\"aioseo-breadcrumb\">\n\t\t\t<a href=\"https:\/\/www.encontrapiracicaba.com.br\/sobre\/noticias-em-piracicaba\/\" title=\"Not\u00edcias Piracicaba\">Not\u00edcias Piracicaba<\/a>\n\t\t<\/span><span class=\"aioseo-breadcrumb-separator\">&raquo;<\/span><span class=\"aioseo-breadcrumb\">\n\t\t\tRio Piracicaba recua e Defesa Civil libera o tr\u00e2nsito na Rua do Porto\n\t\t<\/span><\/div>","aioseo_breadcrumb_json":[{"label":"In\u00edcio","link":"https:\/\/www.encontrapiracicaba.com.br\/sobre"},{"label":"Not\u00edcias Piracicaba","link":"https:\/\/www.encontrapiracicaba.com.br\/sobre\/noticias-em-piracicaba\/"},{"label":"Rio Piracicaba recua e Defesa Civil libera o tr\u00e2nsito na Rua do Porto","link":"https:\/\/www.encontrapiracicaba.com.br\/sobre\/rio-piracicaba-recua-e-defesa-civil-libera-o-transito-na-rua-do-porto\/"}],"_links":{"self":[{"href":"https:\/\/www.encontrapiracicaba.com.br\/sobre\/wp-json\/wp\/v2\/posts\/741","targetHints":{"allow":["GET"]}}],"collection":[{"href":"https:\/\/www.encontrapiracicaba.com.br\/sobre\/wp-json\/wp\/v2\/posts"}],"about":[{"href":"https:\/\/www.encontrapiracicaba.com.br\/sobre\/wp-json\/wp\/v2\/types\/post"}],"author":[{"embeddable":true,"href":"https:\/\/www.encontrapiracicaba.com.br\/sobre\/wp-json\/wp\/v2\/users\/1"}],"replies":[{"embeddable":true,"href":"https:\/\/www.encontrapiracicaba.com.br\/sobre\/wp-json\/wp\/v2\/comments?post=741"}],"version-history":[{"count":3,"href":"https:\/\/www.encontrapiracicaba.com.br\/sobre\/wp-json\/wp\/v2\/posts\/741\/revisions"}],"predecessor-version":[{"id":2159,"href":"https:\/\/www.encontrapiracicaba.com.br\/sobre\/wp-json\/wp\/v2\/posts\/741\/revisions\/2159"}],"wp:attachment":[{"href":"https:\/\/www.encontrapiracicaba.com.br\/sobre\/wp-json\/wp\/v2\/media?parent=741"}],"wp:term":[{"taxonomy":"category","embeddable":true,"href":"https:\/\/www.encontrapiracicaba.com.br\/sobre\/wp-json\/wp\/v2\/categories?post=741"},{"taxonomy":"post_tag","embeddable":true,"href":"https:\/\/www.encontrapiracicaba.com.br\/sobre\/wp-json\/wp\/v2\/tags?post=741"}],"curies":[{"name":"wp","href":"https:\/\/api.w.org\/{rel}","templated":true}]}}