{"id":745,"date":"2012-01-20T09:50:58","date_gmt":"2012-01-20T12:50:58","guid":{"rendered":"http:\/\/www.encontrapiracicaba.com.br\/noticias\/?p=745"},"modified":"2019-04-12T16:05:50","modified_gmt":"2019-04-12T19:05:50","slug":"gaeco-de-piracicaba-vai-investigar-supostas-ameacas-a-jornalistas-de-limeira","status":"publish","type":"post","link":"https:\/\/www.encontrapiracicaba.com.br\/sobre\/gaeco-de-piracicaba-vai-investigar-supostas-ameacas-a-jornalistas-de-limeira\/","title":{"rendered":"Gaeco de Piracicaba vai investigar supostas amea\u00e7as a jornalistas de Limeira"},"content":{"rendered":"<div class=\"85df007ed5c0c4d4b453fd13a37855e8\" data-index=\"1\" style=\"float: none; margin:0px;\">\n<!-- Anuncio display - global -->\r\n<ins class=\"adsbygoogle\"\r\n     style=\"display:block\"\r\n     data-ad-client=\"ca-pub-8585364105181520\"\r\n     data-ad-slot=\"8789329856\"\r\n     data-ad-format=\"auto\"\r\n     data-full-width-responsive=\"true\"><\/ins>\r\n<script>\r\n     (adsbygoogle = window.adsbygoogle || []).push({});\r\n<\/script>\n<\/div>\n<p>O Grupo de Atua\u00e7\u00e3o Especial de Repress\u00e3o ao Crime Organizado (Gaeco) em Piracicaba vai investigar supostas amea\u00e7as feitas a jornalistas de Limeira ap\u00f3s a pris\u00e3o de familiares do prefeito Silvio F\u00e9lix (PDT), em novembro do ano passado. Segundo um dos promotores do grupo, Enzo Carrara Bomcompagni, ser\u00e1 aberto um inqu\u00e9rito para descobrir de onde partiram as intimida\u00e7\u00f5es, que foram enviadas por email \u00e0s v\u00edtimas.<\/p>\n<p>As amea\u00e7as foram endere\u00e7adas a funcion\u00e1rios do Jornal de Limeira, da Gazeta da cidade Limeira e tamb\u00e9m a um apresentador da TV Jornal dois dias depois das pris\u00f5es. No caso do apresentador Rodrigo Piscitelli, ele afirma que tamb\u00e9m foram furtadas as c\u00e2meras de seguran\u00e7a da casa onde mora.<\/p>\n<p>&#8220;Dois dias depois das amea\u00e7as, os equipamentos de seguran\u00e7a foram levados&#8221;, conta.<\/p>\n<p>Alguns dos emails faziam refer\u00eancia \u00e0 fam\u00edlia do apresentador. Uma das amea\u00e7as direcionadas a outro jornalista mencionava o nome de Rico Pinheiro, bra\u00e7o direito do prefeito que tamb\u00e9m foi preso durante a opera\u00e7\u00e3o do Minist\u00e9rio P\u00fablico, em uma &#8220;arma\u00e7\u00e3o&#8221; contra a profissional da imprensa.<\/p>\n<p>&#8220;Vamos abrir um procedimento de investiga\u00e7\u00e3o criminal dada a natureza da den\u00fancia feita pelos jornalistas de Limeira&#8221;, disse o promotor. O grupo j\u00e1 sabe que parte das mensagens foi enviada \u00e0s v\u00edtimas de um provedor da \u00c1ustria. &#8220;Para identificarmos o IP da m\u00e1quna da qual partiu esta amea\u00e7a, precisamos da infroma\u00e7\u00e3o do pa\u00eds onde ficam os outros provedores&#8221;, diz.<\/p>\n<p><em>Fonte: EpPiracicaba<\/em><\/p>\n\n<div style=\"font-size: 0px; height: 0px; line-height: 0px; margin: 0; padding: 0; clear: both;\"><\/div>","protected":false},"excerpt":{"rendered":"<p>O Grupo de Atua\u00e7\u00e3o Especial de Repress\u00e3o ao Crime Organizado (Gaeco) em Piracicaba vai investigar supostas amea\u00e7as feitas a jornalistas de Limeira ap\u00f3s a pris\u00e3o de familiares do prefeito Silvio F\u00e9lix (PDT), em novembro do ano passado. Segundo um dos promotores do grupo, Enzo Carrara Bomcompagni, ser\u00e1 aberto um inqu\u00e9rito para descobrir de onde partiram as intimida\u00e7\u00f5es, que foram enviadas por email \u00e0s v\u00edtimas. As amea\u00e7as foram endere\u00e7adas a funcion\u00e1rios do Jornal de Limeira, da Gazeta da cidade Limeira e tamb\u00e9m a um apresentador da TV Jornal dois dias depois das pris\u00f5es. No caso do apresentador Rodrigo Piscitelli, ele afirma <\/p>\n","protected":false},"author":1,"featured_media":0,"comment_status":"open","ping_status":"closed","sticky":false,"template":"","format":"standard","meta":{"footnotes":""},"categories":[6],"tags":[],"class_list":["post-745","post","type-post","status-publish","format-standard","hentry","category-noticias-em-piracicaba"],"aioseo_notices":[],"aioseo_head":"\n\t\t<!-- All in One SEO 5.0.0.1 - aioseo.com -->\n\t<meta name=\"robots\" content=\"max-image-preview:large\" \/>\n\t<meta name=\"author\" content=\"Encontra Piracicaba\"\/>\n\t<link rel=\"canonical\" href=\"https:\/\/www.encontrapiracicaba.com.br\/sobre\/gaeco-de-piracicaba-vai-investigar-supostas-ameacas-a-jornalistas-de-limeira\/\" \/>\n\t<meta name=\"generator\" content=\"All in One SEO (AIOSEO) 5.0.0.1\" \/>\n\t\t<meta property=\"og:locale\" content=\"pt_BR\" \/>\n\t\t<meta property=\"og:site_name\" content=\"Encontra Piracicaba | Not\u00edcias, eventos, informa\u00e7\u00f5es e dicas na cidade de Piracicaba e regi\u00e3o\" \/>\n\t\t<meta property=\"og:type\" content=\"article\" \/>\n\t\t<meta property=\"og:title\" content=\"Gaeco de Piracicaba vai investigar supostas amea\u00e7as a jornalistas de Limeira | Encontra Piracicaba\" \/>\n\t\t<meta property=\"og:url\" content=\"https:\/\/www.encontrapiracicaba.com.br\/sobre\/gaeco-de-piracicaba-vai-investigar-supostas-ameacas-a-jornalistas-de-limeira\/\" \/>\n\t\t<meta property=\"article:published_time\" content=\"2012-01-20T12:50:58+00:00\" \/>\n\t\t<meta property=\"article:modified_time\" content=\"2019-04-12T19:05:50+00:00\" \/>\n\t\t<meta name=\"twitter:card\" content=\"summary\" \/>\n\t\t<meta name=\"twitter:title\" content=\"Gaeco de Piracicaba vai investigar supostas amea\u00e7as a jornalistas de Limeira | Encontra Piracicaba\" \/>\n\t\t<script type=\"application\/ld+json\" class=\"aioseo-schema\">\n\t\t\t{\"@context\":\"https:\\\/\\\/schema.org\",\"@graph\":[{\"@type\":\"Article\",\"@id\":\"https:\\\/\\\/www.encontrapiracicaba.com.br\\\/sobre\\\/gaeco-de-piracicaba-vai-investigar-supostas-ameacas-a-jornalistas-de-limeira\\\/#article\",\"name\":\"Gaeco de Piracicaba vai investigar supostas amea\\u00e7as a jornalistas de Limeira | Encontra Piracicaba\",\"headline\":\"Gaeco de Piracicaba vai investigar supostas amea\\u00e7as a jornalistas de Limeira\",\"author\":{\"@id\":\"https:\\\/\\\/www.encontrapiracicaba.com.br\\\/sobre\\\/author\\\/epiracicaba\\\/#author\"},\"publisher\":{\"@id\":\"https:\\\/\\\/www.encontrapiracicaba.com.br\\\/sobre\\\/#organization\"},\"datePublished\":\"2012-01-20T09:50:58-03:00\",\"dateModified\":\"2019-04-12T16:05:50-03:00\",\"inLanguage\":\"pt-BR\",\"mainEntityOfPage\":{\"@id\":\"https:\\\/\\\/www.encontrapiracicaba.com.br\\\/sobre\\\/gaeco-de-piracicaba-vai-investigar-supostas-ameacas-a-jornalistas-de-limeira\\\/#webpage\"},\"isPartOf\":{\"@id\":\"https:\\\/\\\/www.encontrapiracicaba.com.br\\\/sobre\\\/gaeco-de-piracicaba-vai-investigar-supostas-ameacas-a-jornalistas-de-limeira\\\/#webpage\"},\"articleSection\":\"Not\\u00edcias Piracicaba\"},{\"@type\":\"BreadcrumbList\",\"@id\":\"https:\\\/\\\/www.encontrapiracicaba.com.br\\\/sobre\\\/gaeco-de-piracicaba-vai-investigar-supostas-ameacas-a-jornalistas-de-limeira\\\/#breadcrumblist\",\"itemListElement\":[{\"@type\":\"ListItem\",\"@id\":\"https:\\\/\\\/www.encontrapiracicaba.com.br\\\/sobre#listItem\",\"position\":1,\"name\":\"In\\u00edcio\",\"item\":\"https:\\\/\\\/www.encontrapiracicaba.com.br\\\/sobre\",\"nextItem\":{\"@type\":\"ListItem\",\"@id\":\"https:\\\/\\\/www.encontrapiracicaba.com.br\\\/sobre\\\/noticias-em-piracicaba\\\/#listItem\",\"name\":\"Not\\u00edcias Piracicaba\"}},{\"@type\":\"ListItem\",\"@id\":\"https:\\\/\\\/www.encontrapiracicaba.com.br\\\/sobre\\\/noticias-em-piracicaba\\\/#listItem\",\"position\":2,\"name\":\"Not\\u00edcias Piracicaba\",\"item\":\"https:\\\/\\\/www.encontrapiracicaba.com.br\\\/sobre\\\/noticias-em-piracicaba\\\/\",\"nextItem\":{\"@type\":\"ListItem\",\"@id\":\"https:\\\/\\\/www.encontrapiracicaba.com.br\\\/sobre\\\/gaeco-de-piracicaba-vai-investigar-supostas-ameacas-a-jornalistas-de-limeira\\\/#listItem\",\"name\":\"Gaeco de Piracicaba vai investigar supostas amea\\u00e7as a jornalistas de Limeira\"},\"previousItem\":{\"@type\":\"ListItem\",\"@id\":\"https:\\\/\\\/www.encontrapiracicaba.com.br\\\/sobre#listItem\",\"name\":\"In\\u00edcio\"}},{\"@type\":\"ListItem\",\"@id\":\"https:\\\/\\\/www.encontrapiracicaba.com.br\\\/sobre\\\/gaeco-de-piracicaba-vai-investigar-supostas-ameacas-a-jornalistas-de-limeira\\\/#listItem\",\"position\":3,\"name\":\"Gaeco de Piracicaba vai investigar supostas amea\\u00e7as a jornalistas de Limeira\",\"previousItem\":{\"@type\":\"ListItem\",\"@id\":\"https:\\\/\\\/www.encontrapiracicaba.com.br\\\/sobre\\\/noticias-em-piracicaba\\\/#listItem\",\"name\":\"Not\\u00edcias Piracicaba\"}}]},{\"@type\":\"Organization\",\"@id\":\"https:\\\/\\\/www.encontrapiracicaba.com.br\\\/sobre\\\/#organization\",\"name\":\"Encontra Piracicaba\",\"description\":\"Not\\u00edcias, eventos, informa\\u00e7\\u00f5es e dicas na cidade de Piracicaba e regi\\u00e3o\",\"url\":\"https:\\\/\\\/www.encontrapiracicaba.com.br\\\/sobre\\\/\"},{\"@type\":\"Person\",\"@id\":\"https:\\\/\\\/www.encontrapiracicaba.com.br\\\/sobre\\\/author\\\/epiracicaba\\\/#author\",\"url\":\"https:\\\/\\\/www.encontrapiracicaba.com.br\\\/sobre\\\/author\\\/epiracicaba\\\/\",\"name\":\"Encontra Piracicaba\",\"image\":{\"@type\":\"ImageObject\",\"@id\":\"https:\\\/\\\/www.encontrapiracicaba.com.br\\\/sobre\\\/gaeco-de-piracicaba-vai-investigar-supostas-ameacas-a-jornalistas-de-limeira\\\/#authorImage\",\"url\":\"https:\\\/\\\/secure.gravatar.com\\\/avatar\\\/507340682b8270222e1f208e23198b6ae7e2c6a1033ae84e99bc6bce4f82a387?s=96&d=mm&r=g\",\"width\":96,\"height\":96,\"caption\":\"Encontra Piracicaba\"}},{\"@type\":\"WebPage\",\"@id\":\"https:\\\/\\\/www.encontrapiracicaba.com.br\\\/sobre\\\/gaeco-de-piracicaba-vai-investigar-supostas-ameacas-a-jornalistas-de-limeira\\\/#webpage\",\"url\":\"https:\\\/\\\/www.encontrapiracicaba.com.br\\\/sobre\\\/gaeco-de-piracicaba-vai-investigar-supostas-ameacas-a-jornalistas-de-limeira\\\/\",\"name\":\"Gaeco de Piracicaba vai investigar supostas amea\\u00e7as a jornalistas de Limeira | Encontra Piracicaba\",\"inLanguage\":\"pt-BR\",\"isPartOf\":{\"@id\":\"https:\\\/\\\/www.encontrapiracicaba.com.br\\\/sobre\\\/#website\"},\"breadcrumb\":{\"@id\":\"https:\\\/\\\/www.encontrapiracicaba.com.br\\\/sobre\\\/gaeco-de-piracicaba-vai-investigar-supostas-ameacas-a-jornalistas-de-limeira\\\/#breadcrumblist\"},\"author\":{\"@id\":\"https:\\\/\\\/www.encontrapiracicaba.com.br\\\/sobre\\\/author\\\/epiracicaba\\\/#author\"},\"creator\":{\"@id\":\"https:\\\/\\\/www.encontrapiracicaba.com.br\\\/sobre\\\/author\\\/epiracicaba\\\/#author\"},\"datePublished\":\"2012-01-20T09:50:58-03:00\",\"dateModified\":\"2019-04-12T16:05:50-03:00\"},{\"@type\":\"WebSite\",\"@id\":\"https:\\\/\\\/www.encontrapiracicaba.com.br\\\/sobre\\\/#website\",\"url\":\"https:\\\/\\\/www.encontrapiracicaba.com.br\\\/sobre\\\/\",\"name\":\"Encontra Piracicaba\",\"description\":\"Not\\u00edcias, eventos, informa\\u00e7\\u00f5es e dicas na cidade de Piracicaba e regi\\u00e3o\",\"inLanguage\":\"pt-BR\",\"publisher\":{\"@id\":\"https:\\\/\\\/www.encontrapiracicaba.com.br\\\/sobre\\\/#organization\"}}]}\n\t\t<\/script>\n\t\t<!-- All in One SEO -->\n\n","aioseo_head_json":{"title":"Gaeco de Piracicaba vai investigar supostas amea\u00e7as a jornalistas de Limeira | Encontra Piracicaba","description":"","canonical_url":"https:\/\/www.encontrapiracicaba.com.br\/sobre\/gaeco-de-piracicaba-vai-investigar-supostas-ameacas-a-jornalistas-de-limeira\/","robots":"max-image-preview:large","keywords":"","webmasterTools":{"miscellaneous":""},"schema":{"@context":"https:\/\/schema.org","@graph":[{"@type":"Article","@id":"https:\/\/www.encontrapiracicaba.com.br\/sobre\/gaeco-de-piracicaba-vai-investigar-supostas-ameacas-a-jornalistas-de-limeira\/#article","name":"Gaeco de Piracicaba vai investigar supostas amea\u00e7as a jornalistas de Limeira | Encontra Piracicaba","headline":"Gaeco de Piracicaba vai investigar supostas amea\u00e7as a jornalistas de Limeira","author":{"@id":"https:\/\/www.encontrapiracicaba.com.br\/sobre\/author\/epiracicaba\/#author"},"publisher":{"@id":"https:\/\/www.encontrapiracicaba.com.br\/sobre\/#organization"},"datePublished":"2012-01-20T09:50:58-03:00","dateModified":"2019-04-12T16:05:50-03:00","inLanguage":"pt-BR","mainEntityOfPage":{"@id":"https:\/\/www.encontrapiracicaba.com.br\/sobre\/gaeco-de-piracicaba-vai-investigar-supostas-ameacas-a-jornalistas-de-limeira\/#webpage"},"isPartOf":{"@id":"https:\/\/www.encontrapiracicaba.com.br\/sobre\/gaeco-de-piracicaba-vai-investigar-supostas-ameacas-a-jornalistas-de-limeira\/#webpage"},"articleSection":"Not\u00edcias Piracicaba"},{"@type":"BreadcrumbList","@id":"https:\/\/www.encontrapiracicaba.com.br\/sobre\/gaeco-de-piracicaba-vai-investigar-supostas-ameacas-a-jornalistas-de-limeira\/#breadcrumblist","itemListElement":[{"@type":"ListItem","@id":"https:\/\/www.encontrapiracicaba.com.br\/sobre#listItem","position":1,"name":"In\u00edcio","item":"https:\/\/www.encontrapiracicaba.com.br\/sobre","nextItem":{"@type":"ListItem","@id":"https:\/\/www.encontrapiracicaba.com.br\/sobre\/noticias-em-piracicaba\/#listItem","name":"Not\u00edcias Piracicaba"}},{"@type":"ListItem","@id":"https:\/\/www.encontrapiracicaba.com.br\/sobre\/noticias-em-piracicaba\/#listItem","position":2,"name":"Not\u00edcias Piracicaba","item":"https:\/\/www.encontrapiracicaba.com.br\/sobre\/noticias-em-piracicaba\/","nextItem":{"@type":"ListItem","@id":"https:\/\/www.encontrapiracicaba.com.br\/sobre\/gaeco-de-piracicaba-vai-investigar-supostas-ameacas-a-jornalistas-de-limeira\/#listItem","name":"Gaeco de Piracicaba vai investigar supostas amea\u00e7as a jornalistas de Limeira"},"previousItem":{"@type":"ListItem","@id":"https:\/\/www.encontrapiracicaba.com.br\/sobre#listItem","name":"In\u00edcio"}},{"@type":"ListItem","@id":"https:\/\/www.encontrapiracicaba.com.br\/sobre\/gaeco-de-piracicaba-vai-investigar-supostas-ameacas-a-jornalistas-de-limeira\/#listItem","position":3,"name":"Gaeco de Piracicaba vai investigar supostas amea\u00e7as a jornalistas de Limeira","previousItem":{"@type":"ListItem","@id":"https:\/\/www.encontrapiracicaba.com.br\/sobre\/noticias-em-piracicaba\/#listItem","name":"Not\u00edcias Piracicaba"}}]},{"@type":"Organization","@id":"https:\/\/www.encontrapiracicaba.com.br\/sobre\/#organization","name":"Encontra Piracicaba","description":"Not\u00edcias, eventos, informa\u00e7\u00f5es e dicas na cidade de Piracicaba e regi\u00e3o","url":"https:\/\/www.encontrapiracicaba.com.br\/sobre\/"},{"@type":"Person","@id":"https:\/\/www.encontrapiracicaba.com.br\/sobre\/author\/epiracicaba\/#author","url":"https:\/\/www.encontrapiracicaba.com.br\/sobre\/author\/epiracicaba\/","name":"Encontra Piracicaba","image":{"@type":"ImageObject","@id":"https:\/\/www.encontrapiracicaba.com.br\/sobre\/gaeco-de-piracicaba-vai-investigar-supostas-ameacas-a-jornalistas-de-limeira\/#authorImage","url":"https:\/\/secure.gravatar.com\/avatar\/507340682b8270222e1f208e23198b6ae7e2c6a1033ae84e99bc6bce4f82a387?s=96&d=mm&r=g","width":96,"height":96,"caption":"Encontra Piracicaba"}},{"@type":"WebPage","@id":"https:\/\/www.encontrapiracicaba.com.br\/sobre\/gaeco-de-piracicaba-vai-investigar-supostas-ameacas-a-jornalistas-de-limeira\/#webpage","url":"https:\/\/www.encontrapiracicaba.com.br\/sobre\/gaeco-de-piracicaba-vai-investigar-supostas-ameacas-a-jornalistas-de-limeira\/","name":"Gaeco de Piracicaba vai investigar supostas amea\u00e7as a jornalistas de Limeira | Encontra Piracicaba","inLanguage":"pt-BR","isPartOf":{"@id":"https:\/\/www.encontrapiracicaba.com.br\/sobre\/#website"},"breadcrumb":{"@id":"https:\/\/www.encontrapiracicaba.com.br\/sobre\/gaeco-de-piracicaba-vai-investigar-supostas-ameacas-a-jornalistas-de-limeira\/#breadcrumblist"},"author":{"@id":"https:\/\/www.encontrapiracicaba.com.br\/sobre\/author\/epiracicaba\/#author"},"creator":{"@id":"https:\/\/www.encontrapiracicaba.com.br\/sobre\/author\/epiracicaba\/#author"},"datePublished":"2012-01-20T09:50:58-03:00","dateModified":"2019-04-12T16:05:50-03:00"},{"@type":"WebSite","@id":"https:\/\/www.encontrapiracicaba.com.br\/sobre\/#website","url":"https:\/\/www.encontrapiracicaba.com.br\/sobre\/","name":"Encontra Piracicaba","description":"Not\u00edcias, eventos, informa\u00e7\u00f5es e dicas na cidade de Piracicaba e regi\u00e3o","inLanguage":"pt-BR","publisher":{"@id":"https:\/\/www.encontrapiracicaba.com.br\/sobre\/#organization"}}]},"og:locale":"pt_BR","og:site_name":"Encontra Piracicaba | Not\u00edcias, eventos, informa\u00e7\u00f5es e dicas na cidade de Piracicaba e regi\u00e3o","og:type":"article","og:title":"Gaeco de Piracicaba vai investigar supostas amea\u00e7as a jornalistas de Limeira | Encontra Piracicaba","og:url":"https:\/\/www.encontrapiracicaba.com.br\/sobre\/gaeco-de-piracicaba-vai-investigar-supostas-ameacas-a-jornalistas-de-limeira\/","article:published_time":"2012-01-20T12:50:58+00:00","article:modified_time":"2019-04-12T19:05:50+00:00","twitter:card":"summary","twitter:title":"Gaeco de Piracicaba vai investigar supostas amea\u00e7as a jornalistas de Limeira | Encontra Piracicaba"},"aioseo_meta_data":{"post_id":"745","title":null,"description":null,"keywords":null,"keyphrases":null,"primary_term":null,"canonical_url":null,"og_title":null,"og_description":null,"og_object_type":"default","og_image_type":"default","og_image_url":null,"og_image_width":null,"og_image_height":null,"og_image_custom_url":null,"og_image_custom_fields":null,"og_video":null,"og_custom_url":null,"og_article_section":null,"og_article_tags":null,"twitter_use_og":false,"twitter_card":"default","twitter_image_type":"default","twitter_image_url":null,"twitter_image_custom_url":null,"twitter_image_custom_fields":null,"twitter_title":null,"twitter_description":null,"schema":{"blockGraphs":[],"customGraphs":[],"default":{"data":{"Article":[],"Course":[],"Dataset":[],"FAQPage":[],"Movie":[],"Person":[],"Product":[],"ProductReview":[],"Car":[],"Recipe":[],"Service":[],"SoftwareApplication":[],"WebPage":[]},"graphName":"Article","isEnabled":true},"graphs":[]},"schema_type":null,"schema_type_options":null,"pillar_content":false,"robots_default":true,"robots_noindex":false,"robots_noarchive":false,"robots_nosnippet":false,"robots_nofollow":false,"robots_noimageindex":false,"robots_noodp":false,"robots_notranslate":false,"robots_max_snippet":null,"robots_max_videopreview":null,"robots_max_imagepreview":"large","priority":null,"frequency":null,"local_seo":null,"breadcrumb_settings":null,"limit_modified_date":false,"ai":null,"created":"2021-08-13 21:06:55","updated":"2025-10-03 23:04:22","focus_keyword":null,"additional_keywords":null,"truseo_locale":null,"seo_analyzer_scan_date":null},"aioseo_breadcrumb":"<div class=\"aioseo-breadcrumbs\"><span class=\"aioseo-breadcrumb\">\n\t\t\t<a href=\"https:\/\/www.encontrapiracicaba.com.br\/sobre\" title=\"In\u00edcio\">In\u00edcio<\/a>\n\t\t<\/span><span class=\"aioseo-breadcrumb-separator\">&raquo;<\/span><span class=\"aioseo-breadcrumb\">\n\t\t\t<a href=\"https:\/\/www.encontrapiracicaba.com.br\/sobre\/noticias-em-piracicaba\/\" title=\"Not\u00edcias Piracicaba\">Not\u00edcias Piracicaba<\/a>\n\t\t<\/span><span class=\"aioseo-breadcrumb-separator\">&raquo;<\/span><span class=\"aioseo-breadcrumb\">\n\t\t\tGaeco de Piracicaba vai investigar supostas amea\u00e7as a jornalistas de Limeira\n\t\t<\/span><\/div>","aioseo_breadcrumb_json":[{"label":"In\u00edcio","link":"https:\/\/www.encontrapiracicaba.com.br\/sobre"},{"label":"Not\u00edcias Piracicaba","link":"https:\/\/www.encontrapiracicaba.com.br\/sobre\/noticias-em-piracicaba\/"},{"label":"Gaeco de Piracicaba vai investigar supostas amea\u00e7as a jornalistas de Limeira","link":"https:\/\/www.encontrapiracicaba.com.br\/sobre\/gaeco-de-piracicaba-vai-investigar-supostas-ameacas-a-jornalistas-de-limeira\/"}],"_links":{"self":[{"href":"https:\/\/www.encontrapiracicaba.com.br\/sobre\/wp-json\/wp\/v2\/posts\/745","targetHints":{"allow":["GET"]}}],"collection":[{"href":"https:\/\/www.encontrapiracicaba.com.br\/sobre\/wp-json\/wp\/v2\/posts"}],"about":[{"href":"https:\/\/www.encontrapiracicaba.com.br\/sobre\/wp-json\/wp\/v2\/types\/post"}],"author":[{"embeddable":true,"href":"https:\/\/www.encontrapiracicaba.com.br\/sobre\/wp-json\/wp\/v2\/users\/1"}],"replies":[{"embeddable":true,"href":"https:\/\/www.encontrapiracicaba.com.br\/sobre\/wp-json\/wp\/v2\/comments?post=745"}],"version-history":[{"count":5,"href":"https:\/\/www.encontrapiracicaba.com.br\/sobre\/wp-json\/wp\/v2\/posts\/745\/revisions"}],"predecessor-version":[{"id":2133,"href":"https:\/\/www.encontrapiracicaba.com.br\/sobre\/wp-json\/wp\/v2\/posts\/745\/revisions\/2133"}],"wp:attachment":[{"href":"https:\/\/www.encontrapiracicaba.com.br\/sobre\/wp-json\/wp\/v2\/media?parent=745"}],"wp:term":[{"taxonomy":"category","embeddable":true,"href":"https:\/\/www.encontrapiracicaba.com.br\/sobre\/wp-json\/wp\/v2\/categories?post=745"},{"taxonomy":"post_tag","embeddable":true,"href":"https:\/\/www.encontrapiracicaba.com.br\/sobre\/wp-json\/wp\/v2\/tags?post=745"}],"curies":[{"name":"wp","href":"https:\/\/api.w.org\/{rel}","templated":true}]}}