{"id":797,"date":"2012-02-23T10:33:13","date_gmt":"2012-02-23T13:33:13","guid":{"rendered":"http:\/\/www.encontrapiracicaba.com.br\/noticias\/?p=797"},"modified":"2019-04-12T16:05:49","modified_gmt":"2019-04-12T19:05:49","slug":"camara-de-piracicaba-ganha-canal-de-tv-digital-em-ano-de-eleicao","status":"publish","type":"post","link":"https:\/\/www.encontrapiracicaba.com.br\/sobre\/camara-de-piracicaba-ganha-canal-de-tv-digital-em-ano-de-eleicao\/","title":{"rendered":"C\u00e2mara de Piracicaba ganha canal de TV digital em ano de elei\u00e7\u00e3o"},"content":{"rendered":"<div class=\"85df007ed5c0c4d4b453fd13a37855e8\" data-index=\"1\" style=\"float: none; margin:0px;\">\n<!-- Anuncio display - global -->\r\n<ins class=\"adsbygoogle\"\r\n     style=\"display:block\"\r\n     data-ad-client=\"ca-pub-8585364105181520\"\r\n     data-ad-slot=\"8789329856\"\r\n     data-ad-format=\"auto\"\r\n     data-full-width-responsive=\"true\"><\/ins>\r\n<script>\r\n     (adsbygoogle = window.adsbygoogle || []).push({});\r\n<\/script>\n<\/div>\n<div id=\"materia-letra\">\n<div>\n<div>\n<p>A C\u00e2mara da cidade de Piracicaba, no interior de S\u00e3o Paulo, ter\u00e1 canal aberto em TV digital no primeiro semestre de 2012. A informa\u00e7\u00e3o foi dada nesta quarta-feira (22) pela diretora administrativa e financeira do Legislativo de Piracicaba, K\u00e1tia Garcia Mesquista. A expectativa \u00e9 que, entre maio e junho, os 16 vereadores que podem ser candidatos \u00e0 reelei\u00e7\u00e3o tenham espa\u00e7o garantido, 24 horas por dia, na tela. O canal poder\u00e1 ser sintonizado por aparelho equipado com o conversor digital.<\/p>\n<p>Hoje, as TVs C\u00e2maras locais s\u00e3o restritas a faixas limitadas em canais por assinatura ou hor\u00e1rios comprados em emissoras abertas. &#8220;A informa\u00e7\u00e3o que tenho \u00e9 que a libera\u00e7\u00e3o de Piracicaba sair\u00e1 no segundo lote&#8221;, afirmou K\u00e1tia. No primeiro pacote, que j\u00e1 tem 16 cidades liberadas, est\u00e3o capitais como S\u00e3o Paulo, Belo Horizonte, Fortaleza e Porto Alegre, al\u00e9m de munic\u00edpios do interior paulista como Campinas, Ribeir\u00e3o Preto, Bauru e as mineiras Lavras e Sete Lagoas.<\/p>\n<p>A transmiss\u00e3o da TV C\u00e2mara de Piracicaba atualmente \u00e9 feita pelo canal fechado NET. &#8220;O processo de aprova\u00e7\u00e3o est\u00e1 quase certo em Bras\u00edlia. Tenho esta informa\u00e7\u00e3o por meio de um deputado estadual&#8221;, afirmou K\u00e1tia. Ainda segundo ela, ao menos dez cidades devem ter a libera\u00e7\u00e3o de canal na TV aberta j\u00e1 em mar\u00e7o deste ano. &#8220;O objetivo \u00e9 promover a divulga\u00e7\u00e3o dos trabalhos e dos atos Legislativo da cidade&#8221;, finalizou.<\/p>\n<p>De acordo com a diretora da TV C\u00e2mara em Piracicaba, Marisa Libardi, o sinal digital j\u00e1 foi liberado pelo Minist\u00e9rio das Comunica\u00e7\u00f5es. Mas \u00e9 a C\u00e2mara dos Deputados, em Bras\u00edlia, que vai fazer o tr\u00e2mite entre os legislativos. &#8220;Estamos apenas esperando a assinatura do conv\u00eanio entre as c\u00e2maras, previsto para fevereiro&#8221;, afirmou. O atraso, segundo ela, deve-se \u00e0 amplia\u00e7\u00e3o do sinal para os estados de Goi\u00e1s e Mato Grosso. &#8220;Eles querem juntar tudo em um pacote s\u00f3&#8221;, afirmou.<\/p>\n<p>A TV C\u00e2mara de Piracicaba poder\u00e1 ser sintonizada pelo canal 61.<\/p>\n<p><strong>Prepara\u00e7\u00e3o<\/strong><br \/>\nA Casa j\u00e1 se prepara para a transmiss\u00e3o do sinal da C\u00e2mara via TV aberta. Seis novas c\u00e2meras robotizadas ser\u00e3o instaladas no Legislativo: tr\u00eas no plen\u00e1rio e tr\u00eas no sal\u00e3o nobre. O preg\u00e3o para licita\u00e7\u00e3o da compra dos equipamentos ser\u00e1 realizado na pr\u00f3xima sexta-feira (24), na pr\u00f3pria C\u00e2mara. &#8220;A proposta \u00e9 que elas sejam instaladas j\u00e1 em mar\u00e7o, quando devem terminar as obras de reforma do pr\u00e9dio&#8221;, afirmou K\u00e1tia.<\/p>\n<p>Com a instala\u00e7\u00e3o dos equipamentos, a C\u00e2mara pretende cortas as horas-extras de quatro funcion\u00e1rios que manipulam c\u00e2meras manuais para as sess\u00f5es camar\u00e1rias. &#8220;Os equipamentos robotizados n\u00e3o v\u00e3o precisar dos servidores que j\u00e1 atuam no per\u00edodo normal ao longo do dia. Terei apenas um deles \u00e0 noite para oper\u00e1-las&#8221;, finalizou K\u00e1tia. Ela n\u00e3o soube informar qual ser\u00e1 o custo investido nas c\u00e2meras, porque o processo de licita\u00e7\u00e3o ainda est\u00e1 aberto<\/p>\n<p><strong>TV C\u00e2mara<\/strong><br \/>\nA chefe do n\u00facleo de conte\u00fado e programa\u00e7\u00e3o da TV C\u00e2mara de Bras\u00edlia, Alessandra Anselmo, confirmou que Piracicaba \u00e9 uma das cidades com as quais a C\u00e2mara dos Deputados assinou um acordo para implanta\u00e7\u00e3o do canal digital. Mas ela n\u00e3o soube dizer o prazo para a instala\u00e7\u00e3o.<\/p>\n<p><em>Fonte: G1<\/em><\/p>\n<\/div>\n<\/div>\n<\/div>\n\n<div style=\"font-size: 0px; height: 0px; line-height: 0px; margin: 0; padding: 0; clear: both;\"><\/div>","protected":false},"excerpt":{"rendered":"<p>A C\u00e2mara da cidade de Piracicaba, no interior de S\u00e3o Paulo, ter\u00e1 canal aberto em TV digital no primeiro semestre de 2012. A informa\u00e7\u00e3o foi dada nesta quarta-feira (22) pela diretora administrativa e financeira do Legislativo de Piracicaba, K\u00e1tia Garcia Mesquista. A expectativa \u00e9 que, entre maio e junho, os 16 vereadores que podem ser candidatos \u00e0 reelei\u00e7\u00e3o tenham espa\u00e7o garantido, 24 horas por dia, na tela. O canal poder\u00e1 ser sintonizado por aparelho equipado com o conversor digital. Hoje, as TVs C\u00e2maras locais s\u00e3o restritas a faixas limitadas em canais por assinatura ou hor\u00e1rios comprados em emissoras abertas. &#8220;A <\/p>\n","protected":false},"author":1,"featured_media":0,"comment_status":"open","ping_status":"closed","sticky":false,"template":"","format":"standard","meta":{"footnotes":""},"categories":[6],"tags":[],"class_list":["post-797","post","type-post","status-publish","format-standard","hentry","category-noticias-em-piracicaba"],"aioseo_notices":[],"aioseo_head":"\n\t\t<!-- All in One SEO 5.0.0.1 - aioseo.com -->\n\t<meta name=\"robots\" content=\"max-image-preview:large\" \/>\n\t<meta name=\"author\" content=\"Encontra Piracicaba\"\/>\n\t<link rel=\"canonical\" href=\"https:\/\/www.encontrapiracicaba.com.br\/sobre\/camara-de-piracicaba-ganha-canal-de-tv-digital-em-ano-de-eleicao\/\" \/>\n\t<meta name=\"generator\" content=\"All in One SEO (AIOSEO) 5.0.0.1\" \/>\n\t\t<meta property=\"og:locale\" content=\"pt_BR\" \/>\n\t\t<meta property=\"og:site_name\" content=\"Encontra Piracicaba | Not\u00edcias, eventos, informa\u00e7\u00f5es e dicas na cidade de Piracicaba e regi\u00e3o\" \/>\n\t\t<meta property=\"og:type\" content=\"article\" \/>\n\t\t<meta property=\"og:title\" content=\"C\u00e2mara de Piracicaba ganha canal de TV digital em ano de elei\u00e7\u00e3o | Encontra Piracicaba\" \/>\n\t\t<meta property=\"og:url\" content=\"https:\/\/www.encontrapiracicaba.com.br\/sobre\/camara-de-piracicaba-ganha-canal-de-tv-digital-em-ano-de-eleicao\/\" \/>\n\t\t<meta property=\"article:published_time\" content=\"2012-02-23T13:33:13+00:00\" \/>\n\t\t<meta property=\"article:modified_time\" content=\"2019-04-12T19:05:49+00:00\" \/>\n\t\t<meta name=\"twitter:card\" content=\"summary\" \/>\n\t\t<meta name=\"twitter:title\" content=\"C\u00e2mara de Piracicaba ganha canal de TV digital em ano de elei\u00e7\u00e3o | Encontra Piracicaba\" \/>\n\t\t<script type=\"application\/ld+json\" class=\"aioseo-schema\">\n\t\t\t{\"@context\":\"https:\\\/\\\/schema.org\",\"@graph\":[{\"@type\":\"Article\",\"@id\":\"https:\\\/\\\/www.encontrapiracicaba.com.br\\\/sobre\\\/camara-de-piracicaba-ganha-canal-de-tv-digital-em-ano-de-eleicao\\\/#article\",\"name\":\"C\\u00e2mara de Piracicaba ganha canal de TV digital em ano de elei\\u00e7\\u00e3o | Encontra Piracicaba\",\"headline\":\"C\\u00e2mara de Piracicaba ganha canal de TV digital em ano de elei\\u00e7\\u00e3o\",\"author\":{\"@id\":\"https:\\\/\\\/www.encontrapiracicaba.com.br\\\/sobre\\\/author\\\/epiracicaba\\\/#author\"},\"publisher\":{\"@id\":\"https:\\\/\\\/www.encontrapiracicaba.com.br\\\/sobre\\\/#organization\"},\"datePublished\":\"2012-02-23T10:33:13-03:00\",\"dateModified\":\"2019-04-12T16:05:49-03:00\",\"inLanguage\":\"pt-BR\",\"mainEntityOfPage\":{\"@id\":\"https:\\\/\\\/www.encontrapiracicaba.com.br\\\/sobre\\\/camara-de-piracicaba-ganha-canal-de-tv-digital-em-ano-de-eleicao\\\/#webpage\"},\"isPartOf\":{\"@id\":\"https:\\\/\\\/www.encontrapiracicaba.com.br\\\/sobre\\\/camara-de-piracicaba-ganha-canal-de-tv-digital-em-ano-de-eleicao\\\/#webpage\"},\"articleSection\":\"Not\\u00edcias Piracicaba\"},{\"@type\":\"BreadcrumbList\",\"@id\":\"https:\\\/\\\/www.encontrapiracicaba.com.br\\\/sobre\\\/camara-de-piracicaba-ganha-canal-de-tv-digital-em-ano-de-eleicao\\\/#breadcrumblist\",\"itemListElement\":[{\"@type\":\"ListItem\",\"@id\":\"https:\\\/\\\/www.encontrapiracicaba.com.br\\\/sobre#listItem\",\"position\":1,\"name\":\"In\\u00edcio\",\"item\":\"https:\\\/\\\/www.encontrapiracicaba.com.br\\\/sobre\",\"nextItem\":{\"@type\":\"ListItem\",\"@id\":\"https:\\\/\\\/www.encontrapiracicaba.com.br\\\/sobre\\\/noticias-em-piracicaba\\\/#listItem\",\"name\":\"Not\\u00edcias Piracicaba\"}},{\"@type\":\"ListItem\",\"@id\":\"https:\\\/\\\/www.encontrapiracicaba.com.br\\\/sobre\\\/noticias-em-piracicaba\\\/#listItem\",\"position\":2,\"name\":\"Not\\u00edcias Piracicaba\",\"item\":\"https:\\\/\\\/www.encontrapiracicaba.com.br\\\/sobre\\\/noticias-em-piracicaba\\\/\",\"nextItem\":{\"@type\":\"ListItem\",\"@id\":\"https:\\\/\\\/www.encontrapiracicaba.com.br\\\/sobre\\\/camara-de-piracicaba-ganha-canal-de-tv-digital-em-ano-de-eleicao\\\/#listItem\",\"name\":\"C\\u00e2mara de Piracicaba ganha canal de TV digital em ano de elei\\u00e7\\u00e3o\"},\"previousItem\":{\"@type\":\"ListItem\",\"@id\":\"https:\\\/\\\/www.encontrapiracicaba.com.br\\\/sobre#listItem\",\"name\":\"In\\u00edcio\"}},{\"@type\":\"ListItem\",\"@id\":\"https:\\\/\\\/www.encontrapiracicaba.com.br\\\/sobre\\\/camara-de-piracicaba-ganha-canal-de-tv-digital-em-ano-de-eleicao\\\/#listItem\",\"position\":3,\"name\":\"C\\u00e2mara de Piracicaba ganha canal de TV digital em ano de elei\\u00e7\\u00e3o\",\"previousItem\":{\"@type\":\"ListItem\",\"@id\":\"https:\\\/\\\/www.encontrapiracicaba.com.br\\\/sobre\\\/noticias-em-piracicaba\\\/#listItem\",\"name\":\"Not\\u00edcias Piracicaba\"}}]},{\"@type\":\"Organization\",\"@id\":\"https:\\\/\\\/www.encontrapiracicaba.com.br\\\/sobre\\\/#organization\",\"name\":\"Encontra Piracicaba\",\"description\":\"Not\\u00edcias, eventos, informa\\u00e7\\u00f5es e dicas na cidade de Piracicaba e regi\\u00e3o\",\"url\":\"https:\\\/\\\/www.encontrapiracicaba.com.br\\\/sobre\\\/\"},{\"@type\":\"Person\",\"@id\":\"https:\\\/\\\/www.encontrapiracicaba.com.br\\\/sobre\\\/author\\\/epiracicaba\\\/#author\",\"url\":\"https:\\\/\\\/www.encontrapiracicaba.com.br\\\/sobre\\\/author\\\/epiracicaba\\\/\",\"name\":\"Encontra Piracicaba\",\"image\":{\"@type\":\"ImageObject\",\"@id\":\"https:\\\/\\\/www.encontrapiracicaba.com.br\\\/sobre\\\/camara-de-piracicaba-ganha-canal-de-tv-digital-em-ano-de-eleicao\\\/#authorImage\",\"url\":\"https:\\\/\\\/secure.gravatar.com\\\/avatar\\\/507340682b8270222e1f208e23198b6ae7e2c6a1033ae84e99bc6bce4f82a387?s=96&d=mm&r=g\",\"width\":96,\"height\":96,\"caption\":\"Encontra Piracicaba\"}},{\"@type\":\"WebPage\",\"@id\":\"https:\\\/\\\/www.encontrapiracicaba.com.br\\\/sobre\\\/camara-de-piracicaba-ganha-canal-de-tv-digital-em-ano-de-eleicao\\\/#webpage\",\"url\":\"https:\\\/\\\/www.encontrapiracicaba.com.br\\\/sobre\\\/camara-de-piracicaba-ganha-canal-de-tv-digital-em-ano-de-eleicao\\\/\",\"name\":\"C\\u00e2mara de Piracicaba ganha canal de TV digital em ano de elei\\u00e7\\u00e3o | Encontra Piracicaba\",\"inLanguage\":\"pt-BR\",\"isPartOf\":{\"@id\":\"https:\\\/\\\/www.encontrapiracicaba.com.br\\\/sobre\\\/#website\"},\"breadcrumb\":{\"@id\":\"https:\\\/\\\/www.encontrapiracicaba.com.br\\\/sobre\\\/camara-de-piracicaba-ganha-canal-de-tv-digital-em-ano-de-eleicao\\\/#breadcrumblist\"},\"author\":{\"@id\":\"https:\\\/\\\/www.encontrapiracicaba.com.br\\\/sobre\\\/author\\\/epiracicaba\\\/#author\"},\"creator\":{\"@id\":\"https:\\\/\\\/www.encontrapiracicaba.com.br\\\/sobre\\\/author\\\/epiracicaba\\\/#author\"},\"datePublished\":\"2012-02-23T10:33:13-03:00\",\"dateModified\":\"2019-04-12T16:05:49-03:00\"},{\"@type\":\"WebSite\",\"@id\":\"https:\\\/\\\/www.encontrapiracicaba.com.br\\\/sobre\\\/#website\",\"url\":\"https:\\\/\\\/www.encontrapiracicaba.com.br\\\/sobre\\\/\",\"name\":\"Encontra Piracicaba\",\"description\":\"Not\\u00edcias, eventos, informa\\u00e7\\u00f5es e dicas na cidade de Piracicaba e regi\\u00e3o\",\"inLanguage\":\"pt-BR\",\"publisher\":{\"@id\":\"https:\\\/\\\/www.encontrapiracicaba.com.br\\\/sobre\\\/#organization\"}}]}\n\t\t<\/script>\n\t\t<!-- All in One SEO -->\n\n","aioseo_head_json":{"title":"C\u00e2mara de Piracicaba ganha canal de TV digital em ano de elei\u00e7\u00e3o | Encontra Piracicaba","description":"","canonical_url":"https:\/\/www.encontrapiracicaba.com.br\/sobre\/camara-de-piracicaba-ganha-canal-de-tv-digital-em-ano-de-eleicao\/","robots":"max-image-preview:large","keywords":"","webmasterTools":{"miscellaneous":""},"schema":{"@context":"https:\/\/schema.org","@graph":[{"@type":"Article","@id":"https:\/\/www.encontrapiracicaba.com.br\/sobre\/camara-de-piracicaba-ganha-canal-de-tv-digital-em-ano-de-eleicao\/#article","name":"C\u00e2mara de Piracicaba ganha canal de TV digital em ano de elei\u00e7\u00e3o | Encontra Piracicaba","headline":"C\u00e2mara de Piracicaba ganha canal de TV digital em ano de elei\u00e7\u00e3o","author":{"@id":"https:\/\/www.encontrapiracicaba.com.br\/sobre\/author\/epiracicaba\/#author"},"publisher":{"@id":"https:\/\/www.encontrapiracicaba.com.br\/sobre\/#organization"},"datePublished":"2012-02-23T10:33:13-03:00","dateModified":"2019-04-12T16:05:49-03:00","inLanguage":"pt-BR","mainEntityOfPage":{"@id":"https:\/\/www.encontrapiracicaba.com.br\/sobre\/camara-de-piracicaba-ganha-canal-de-tv-digital-em-ano-de-eleicao\/#webpage"},"isPartOf":{"@id":"https:\/\/www.encontrapiracicaba.com.br\/sobre\/camara-de-piracicaba-ganha-canal-de-tv-digital-em-ano-de-eleicao\/#webpage"},"articleSection":"Not\u00edcias Piracicaba"},{"@type":"BreadcrumbList","@id":"https:\/\/www.encontrapiracicaba.com.br\/sobre\/camara-de-piracicaba-ganha-canal-de-tv-digital-em-ano-de-eleicao\/#breadcrumblist","itemListElement":[{"@type":"ListItem","@id":"https:\/\/www.encontrapiracicaba.com.br\/sobre#listItem","position":1,"name":"In\u00edcio","item":"https:\/\/www.encontrapiracicaba.com.br\/sobre","nextItem":{"@type":"ListItem","@id":"https:\/\/www.encontrapiracicaba.com.br\/sobre\/noticias-em-piracicaba\/#listItem","name":"Not\u00edcias Piracicaba"}},{"@type":"ListItem","@id":"https:\/\/www.encontrapiracicaba.com.br\/sobre\/noticias-em-piracicaba\/#listItem","position":2,"name":"Not\u00edcias Piracicaba","item":"https:\/\/www.encontrapiracicaba.com.br\/sobre\/noticias-em-piracicaba\/","nextItem":{"@type":"ListItem","@id":"https:\/\/www.encontrapiracicaba.com.br\/sobre\/camara-de-piracicaba-ganha-canal-de-tv-digital-em-ano-de-eleicao\/#listItem","name":"C\u00e2mara de Piracicaba ganha canal de TV digital em ano de elei\u00e7\u00e3o"},"previousItem":{"@type":"ListItem","@id":"https:\/\/www.encontrapiracicaba.com.br\/sobre#listItem","name":"In\u00edcio"}},{"@type":"ListItem","@id":"https:\/\/www.encontrapiracicaba.com.br\/sobre\/camara-de-piracicaba-ganha-canal-de-tv-digital-em-ano-de-eleicao\/#listItem","position":3,"name":"C\u00e2mara de Piracicaba ganha canal de TV digital em ano de elei\u00e7\u00e3o","previousItem":{"@type":"ListItem","@id":"https:\/\/www.encontrapiracicaba.com.br\/sobre\/noticias-em-piracicaba\/#listItem","name":"Not\u00edcias Piracicaba"}}]},{"@type":"Organization","@id":"https:\/\/www.encontrapiracicaba.com.br\/sobre\/#organization","name":"Encontra Piracicaba","description":"Not\u00edcias, eventos, informa\u00e7\u00f5es e dicas na cidade de Piracicaba e regi\u00e3o","url":"https:\/\/www.encontrapiracicaba.com.br\/sobre\/"},{"@type":"Person","@id":"https:\/\/www.encontrapiracicaba.com.br\/sobre\/author\/epiracicaba\/#author","url":"https:\/\/www.encontrapiracicaba.com.br\/sobre\/author\/epiracicaba\/","name":"Encontra Piracicaba","image":{"@type":"ImageObject","@id":"https:\/\/www.encontrapiracicaba.com.br\/sobre\/camara-de-piracicaba-ganha-canal-de-tv-digital-em-ano-de-eleicao\/#authorImage","url":"https:\/\/secure.gravatar.com\/avatar\/507340682b8270222e1f208e23198b6ae7e2c6a1033ae84e99bc6bce4f82a387?s=96&d=mm&r=g","width":96,"height":96,"caption":"Encontra Piracicaba"}},{"@type":"WebPage","@id":"https:\/\/www.encontrapiracicaba.com.br\/sobre\/camara-de-piracicaba-ganha-canal-de-tv-digital-em-ano-de-eleicao\/#webpage","url":"https:\/\/www.encontrapiracicaba.com.br\/sobre\/camara-de-piracicaba-ganha-canal-de-tv-digital-em-ano-de-eleicao\/","name":"C\u00e2mara de Piracicaba ganha canal de TV digital em ano de elei\u00e7\u00e3o | Encontra Piracicaba","inLanguage":"pt-BR","isPartOf":{"@id":"https:\/\/www.encontrapiracicaba.com.br\/sobre\/#website"},"breadcrumb":{"@id":"https:\/\/www.encontrapiracicaba.com.br\/sobre\/camara-de-piracicaba-ganha-canal-de-tv-digital-em-ano-de-eleicao\/#breadcrumblist"},"author":{"@id":"https:\/\/www.encontrapiracicaba.com.br\/sobre\/author\/epiracicaba\/#author"},"creator":{"@id":"https:\/\/www.encontrapiracicaba.com.br\/sobre\/author\/epiracicaba\/#author"},"datePublished":"2012-02-23T10:33:13-03:00","dateModified":"2019-04-12T16:05:49-03:00"},{"@type":"WebSite","@id":"https:\/\/www.encontrapiracicaba.com.br\/sobre\/#website","url":"https:\/\/www.encontrapiracicaba.com.br\/sobre\/","name":"Encontra Piracicaba","description":"Not\u00edcias, eventos, informa\u00e7\u00f5es e dicas na cidade de Piracicaba e regi\u00e3o","inLanguage":"pt-BR","publisher":{"@id":"https:\/\/www.encontrapiracicaba.com.br\/sobre\/#organization"}}]},"og:locale":"pt_BR","og:site_name":"Encontra Piracicaba | Not\u00edcias, eventos, informa\u00e7\u00f5es e dicas na cidade de Piracicaba e regi\u00e3o","og:type":"article","og:title":"C\u00e2mara de Piracicaba ganha canal de TV digital em ano de elei\u00e7\u00e3o | Encontra Piracicaba","og:url":"https:\/\/www.encontrapiracicaba.com.br\/sobre\/camara-de-piracicaba-ganha-canal-de-tv-digital-em-ano-de-eleicao\/","article:published_time":"2012-02-23T13:33:13+00:00","article:modified_time":"2019-04-12T19:05:49+00:00","twitter:card":"summary","twitter:title":"C\u00e2mara de Piracicaba ganha canal de TV digital em ano de elei\u00e7\u00e3o | Encontra Piracicaba"},"aioseo_meta_data":{"post_id":"797","title":null,"description":null,"keywords":null,"keyphrases":null,"primary_term":null,"canonical_url":null,"og_title":null,"og_description":null,"og_object_type":"default","og_image_type":"default","og_image_url":null,"og_image_width":null,"og_image_height":null,"og_image_custom_url":null,"og_image_custom_fields":null,"og_video":null,"og_custom_url":null,"og_article_section":null,"og_article_tags":null,"twitter_use_og":false,"twitter_card":"default","twitter_image_type":"default","twitter_image_url":null,"twitter_image_custom_url":null,"twitter_image_custom_fields":null,"twitter_title":null,"twitter_description":null,"schema":{"blockGraphs":[],"customGraphs":[],"default":{"data":{"Article":[],"Course":[],"Dataset":[],"FAQPage":[],"Movie":[],"Person":[],"Product":[],"ProductReview":[],"Car":[],"Recipe":[],"Service":[],"SoftwareApplication":[],"WebPage":[]},"graphName":"Article","isEnabled":true},"graphs":[]},"schema_type":null,"schema_type_options":null,"pillar_content":false,"robots_default":true,"robots_noindex":false,"robots_noarchive":false,"robots_nosnippet":false,"robots_nofollow":false,"robots_noimageindex":false,"robots_noodp":false,"robots_notranslate":false,"robots_max_snippet":null,"robots_max_videopreview":null,"robots_max_imagepreview":"large","priority":null,"frequency":null,"local_seo":null,"breadcrumb_settings":null,"limit_modified_date":false,"ai":null,"created":"2021-08-13 20:59:26","updated":"2025-10-03 23:18:50","focus_keyword":null,"additional_keywords":null,"truseo_locale":null,"seo_analyzer_scan_date":null},"aioseo_breadcrumb":"<div class=\"aioseo-breadcrumbs\"><span class=\"aioseo-breadcrumb\">\n\t\t\t<a href=\"https:\/\/www.encontrapiracicaba.com.br\/sobre\" title=\"In\u00edcio\">In\u00edcio<\/a>\n\t\t<\/span><span class=\"aioseo-breadcrumb-separator\">&raquo;<\/span><span class=\"aioseo-breadcrumb\">\n\t\t\t<a href=\"https:\/\/www.encontrapiracicaba.com.br\/sobre\/noticias-em-piracicaba\/\" title=\"Not\u00edcias Piracicaba\">Not\u00edcias Piracicaba<\/a>\n\t\t<\/span><span class=\"aioseo-breadcrumb-separator\">&raquo;<\/span><span class=\"aioseo-breadcrumb\">\n\t\t\tC\u00e2mara de Piracicaba ganha canal de TV digital em ano de elei\u00e7\u00e3o\n\t\t<\/span><\/div>","aioseo_breadcrumb_json":[{"label":"In\u00edcio","link":"https:\/\/www.encontrapiracicaba.com.br\/sobre"},{"label":"Not\u00edcias Piracicaba","link":"https:\/\/www.encontrapiracicaba.com.br\/sobre\/noticias-em-piracicaba\/"},{"label":"C\u00e2mara de Piracicaba ganha canal de TV digital em ano de elei\u00e7\u00e3o","link":"https:\/\/www.encontrapiracicaba.com.br\/sobre\/camara-de-piracicaba-ganha-canal-de-tv-digital-em-ano-de-eleicao\/"}],"_links":{"self":[{"href":"https:\/\/www.encontrapiracicaba.com.br\/sobre\/wp-json\/wp\/v2\/posts\/797","targetHints":{"allow":["GET"]}}],"collection":[{"href":"https:\/\/www.encontrapiracicaba.com.br\/sobre\/wp-json\/wp\/v2\/posts"}],"about":[{"href":"https:\/\/www.encontrapiracicaba.com.br\/sobre\/wp-json\/wp\/v2\/types\/post"}],"author":[{"embeddable":true,"href":"https:\/\/www.encontrapiracicaba.com.br\/sobre\/wp-json\/wp\/v2\/users\/1"}],"replies":[{"embeddable":true,"href":"https:\/\/www.encontrapiracicaba.com.br\/sobre\/wp-json\/wp\/v2\/comments?post=797"}],"version-history":[{"count":2,"href":"https:\/\/www.encontrapiracicaba.com.br\/sobre\/wp-json\/wp\/v2\/posts\/797\/revisions"}],"predecessor-version":[{"id":1818,"href":"https:\/\/www.encontrapiracicaba.com.br\/sobre\/wp-json\/wp\/v2\/posts\/797\/revisions\/1818"}],"wp:attachment":[{"href":"https:\/\/www.encontrapiracicaba.com.br\/sobre\/wp-json\/wp\/v2\/media?parent=797"}],"wp:term":[{"taxonomy":"category","embeddable":true,"href":"https:\/\/www.encontrapiracicaba.com.br\/sobre\/wp-json\/wp\/v2\/categories?post=797"},{"taxonomy":"post_tag","embeddable":true,"href":"https:\/\/www.encontrapiracicaba.com.br\/sobre\/wp-json\/wp\/v2\/tags?post=797"}],"curies":[{"name":"wp","href":"https:\/\/api.w.org\/{rel}","templated":true}]}}