{"id":844,"date":"2012-03-19T14:21:59","date_gmt":"2012-03-19T17:21:59","guid":{"rendered":"http:\/\/www.encontrapiracicaba.com.br\/noticias\/?p=844"},"modified":"2019-04-12T16:05:49","modified_gmt":"2019-04-12T19:05:49","slug":"sem-alvaras-bares-do-bosques-sao-alvos-do-trafico-em-piracicaba-diz-pm","status":"publish","type":"post","link":"https:\/\/www.encontrapiracicaba.com.br\/sobre\/sem-alvaras-bares-do-bosques-sao-alvos-do-trafico-em-piracicaba-diz-pm\/","title":{"rendered":"Sem alvar\u00e1s, bares do Bosques s\u00e3o alvos do tr\u00e1fico em Piracicaba, diz PM"},"content":{"rendered":"<div class=\"85df007ed5c0c4d4b453fd13a37855e8\" data-index=\"1\" style=\"float: none; margin:0px;\">\n<!-- Anuncio display - global -->\r\n<ins class=\"adsbygoogle\"\r\n     style=\"display:block\"\r\n     data-ad-client=\"ca-pub-8585364105181520\"\r\n     data-ad-slot=\"8789329856\"\r\n     data-ad-format=\"auto\"\r\n     data-full-width-responsive=\"true\"><\/ins>\r\n<script>\r\n     (adsbygoogle = window.adsbygoogle || []).push({});\r\n<\/script>\n<\/div>\n<p>A falta de alvar\u00e1 dos bares do bairro Bosques do Lenheiro, na cidade de Piracicaba, no interior de S\u00e3o Paulo, influencia a presen\u00e7a do tr\u00e1fico de drogas nesses locais. A afirma\u00e7\u00e3o \u00e9 do tenente-coronel da Pol\u00edcia Militar Otac\u00edlio Jos\u00e9 de Souza. &#8220;Falta fiscaliza\u00e7\u00e3o da Prefeitura. Nenhum bar do bairro tem alvar\u00e1 e isso estimula o tr\u00e1fico&#8221;, disse Souza ao G1 Piracicaba e Regi\u00e3o.<\/p>\n<p>O bairro tem sido palco de confrontos entre pol\u00edcia e popula\u00e7\u00e3o desde o final de 2011. Em fevereiro deste ano os problemas se intensificaram, depois que a PM realizou pris\u00f5es na regi\u00e3o, a ponto de policias serem recebidos com roj\u00f5es e pedradas. At\u00e9 um \u00f4nibus foi queimado em repres\u00e1lia \u00e0s a\u00e7\u00f5es. Como seguran\u00e7a, foi preciso fazer escolta aos ve\u00edculos no Bosques e no Jardim Gilda. &#8220;N\u00f3s j\u00e1 fizemos um relat\u00f3rio de imposi\u00e7\u00e3o e infra\u00e7\u00e3o administrativa, que foi enviado para a Prefeitura. Precisa ter fiscaliza\u00e7\u00e3o nesses locais&#8221;, completou o tenente.<\/p>\n<p>Os moradores do bairro, entretanto, n\u00e3o compartilham da mesma opini\u00e3o da PM e questionam o ponto de vista de Souza. O comerciante Jos\u00e9 Aparecido da Silva, 33 anos, dono de um bar no Bosques, contou sua experi\u00eancia de 13 anos como propriet\u00e1rio de um estabelecimento comercial no local.<\/p>\n<p>&#8220;A falta de alvar\u00e1 \u00e9 um absurdo. Mas isso n\u00e3o influencia em nada a presen\u00e7a ou n\u00e3o do tr\u00e1fico dentro do bar. Entra quem quer no local e ter ou n\u00e3o alvar\u00e1 n\u00e3o muda em nada. O problema \u00e9 que h\u00e1 13 anos eu tenho bar aqui e j\u00e1 tentei in\u00fameras vezes fazer o alvar\u00e1 na Prefeitura, mas nunca consegui. O bairro inteiro n\u00e3o \u00e9 regularizado por eles, ent\u00e3o os im\u00f3veis n\u00e3o t\u00eam o habits necess\u00e1rio para que seja feito o alvar\u00e1&#8221;, disse Silva.<\/p>\n<p>O comerciante ainda reclamou e questionou as multas que levou por v\u00e1rias vezes do Executivo. &#8220;J\u00e1 fui multado tr\u00eas vezes pela Prefeitura. E justamente pelo qu\u00ea? Pela falta de alvar\u00e1. O mesmo alvar\u00e1 que o poder p\u00fablico n\u00e3o faz para mim. Eu j\u00e1 perguntei, com que base legal eles me multam se o bairro inteiro n\u00e3o \u00e9 regularizado? Para onde vai esse dinheiro?&#8221;, completou Silva.<\/p>\n<p><strong>Posi\u00e7\u00e3o<\/strong><br \/>\nO presidente da associa\u00e7\u00e3o de moradores do Bosques do Lenheiro, Jorge Alexandre da Silva, reclamou da maneira como as abordagens da PM s\u00e3o feitas no bairro. &#8220;N\u00e3o s\u00e3o s\u00f3 os bares do Bosques que n\u00e3o t\u00eam alvar\u00e1, nenhum com\u00e9rcio aqui tem. Se o bairro n\u00e3o \u00e9 legalizado na Prefeitura, por que o com\u00e9rcio seria? O que n\u00e3o pode \u00e9 os policiais fazerem as opera\u00e7\u00f5es aqui e tratarem todo mundo como bandido. Eles acham que todo mundo que mora aqui \u00e9 traficante. De 7 mil moradores, uns 30 fazem as coisas erradas e todo mundo acaba pagando por isso&#8221;, disse Silva.<\/p>\n<p><strong>Prefeitura<\/strong><br \/>\nO Executivo de Piracicaba, por meio de sua assessoria de imprensa, n\u00e3o respondeu a todos os questionamentos feitos pela reportagem do G1 Piracicaba e Regi\u00e3o. A nota se limitou a informar que a Prefeitura est\u00e1 em contato com a Pol\u00edcia Militar para identificar os estabelecimentos irregulares no Bosques do Lenheiro.<\/p>\n<p>A nota afirmou tamb\u00e9m que a Prefeitura pedir\u00e1 apoio \u00e0 PM para uma a\u00e7\u00e3o no bairro, junto a esses estabelecimentos. A assessoria disse ainda que o prefeito Barjas Negri (PSDB) tamb\u00e9m est\u00e1 organizando uma reuni\u00e3o com o comandante do (Comando de Policiamento do Interior) CPI 9, para tratar deste e de outros assuntos relacionados \u00e0quela regi\u00e3o.<\/p>\n<p><em>Fonte: G1<\/em><\/p>\n\n<div style=\"font-size: 0px; height: 0px; line-height: 0px; margin: 0; padding: 0; clear: both;\"><\/div>","protected":false},"excerpt":{"rendered":"<p>A falta de alvar\u00e1 dos bares do bairro Bosques do Lenheiro, na cidade de Piracicaba, no interior de S\u00e3o Paulo, influencia a presen\u00e7a do tr\u00e1fico de drogas nesses locais. A afirma\u00e7\u00e3o \u00e9 do tenente-coronel da Pol\u00edcia Militar Otac\u00edlio Jos\u00e9 de Souza. &#8220;Falta fiscaliza\u00e7\u00e3o da Prefeitura. Nenhum bar do bairro tem alvar\u00e1 e isso estimula o tr\u00e1fico&#8221;, disse Souza ao G1 Piracicaba e Regi\u00e3o. O bairro tem sido palco de confrontos entre pol\u00edcia e popula\u00e7\u00e3o desde o final de 2011. Em fevereiro deste ano os problemas se intensificaram, depois que a PM realizou pris\u00f5es na regi\u00e3o, a ponto de policias serem <\/p>\n","protected":false},"author":1,"featured_media":0,"comment_status":"open","ping_status":"closed","sticky":false,"template":"","format":"standard","meta":{"footnotes":""},"categories":[6],"tags":[],"class_list":["post-844","post","type-post","status-publish","format-standard","hentry","category-noticias-em-piracicaba"],"aioseo_notices":[],"aioseo_head":"\n\t\t<!-- All in One SEO 5.0.0.1 - aioseo.com -->\n\t<meta name=\"robots\" content=\"max-image-preview:large\" \/>\n\t<meta name=\"author\" content=\"Encontra Piracicaba\"\/>\n\t<link rel=\"canonical\" href=\"https:\/\/www.encontrapiracicaba.com.br\/sobre\/sem-alvaras-bares-do-bosques-sao-alvos-do-trafico-em-piracicaba-diz-pm\/\" \/>\n\t<meta name=\"generator\" content=\"All in One SEO (AIOSEO) 5.0.0.1\" \/>\n\t\t<meta property=\"og:locale\" content=\"pt_BR\" \/>\n\t\t<meta property=\"og:site_name\" content=\"Encontra Piracicaba | Not\u00edcias, eventos, informa\u00e7\u00f5es e dicas na cidade de Piracicaba e regi\u00e3o\" \/>\n\t\t<meta property=\"og:type\" content=\"article\" \/>\n\t\t<meta property=\"og:title\" content=\"Sem alvar\u00e1s, bares do Bosques s\u00e3o alvos do tr\u00e1fico em Piracicaba, diz PM | Encontra Piracicaba\" \/>\n\t\t<meta property=\"og:url\" content=\"https:\/\/www.encontrapiracicaba.com.br\/sobre\/sem-alvaras-bares-do-bosques-sao-alvos-do-trafico-em-piracicaba-diz-pm\/\" \/>\n\t\t<meta property=\"article:published_time\" content=\"2012-03-19T17:21:59+00:00\" \/>\n\t\t<meta property=\"article:modified_time\" content=\"2019-04-12T19:05:49+00:00\" \/>\n\t\t<meta name=\"twitter:card\" content=\"summary\" \/>\n\t\t<meta name=\"twitter:title\" content=\"Sem alvar\u00e1s, bares do Bosques s\u00e3o alvos do tr\u00e1fico em Piracicaba, diz PM | Encontra Piracicaba\" \/>\n\t\t<script type=\"application\/ld+json\" class=\"aioseo-schema\">\n\t\t\t{\"@context\":\"https:\\\/\\\/schema.org\",\"@graph\":[{\"@type\":\"Article\",\"@id\":\"https:\\\/\\\/www.encontrapiracicaba.com.br\\\/sobre\\\/sem-alvaras-bares-do-bosques-sao-alvos-do-trafico-em-piracicaba-diz-pm\\\/#article\",\"name\":\"Sem alvar\\u00e1s, bares do Bosques s\\u00e3o alvos do tr\\u00e1fico em Piracicaba, diz PM | Encontra Piracicaba\",\"headline\":\"Sem alvar\\u00e1s, bares do Bosques s\\u00e3o alvos do tr\\u00e1fico em Piracicaba, diz PM\",\"author\":{\"@id\":\"https:\\\/\\\/www.encontrapiracicaba.com.br\\\/sobre\\\/author\\\/epiracicaba\\\/#author\"},\"publisher\":{\"@id\":\"https:\\\/\\\/www.encontrapiracicaba.com.br\\\/sobre\\\/#organization\"},\"datePublished\":\"2012-03-19T14:21:59-03:00\",\"dateModified\":\"2019-04-12T16:05:49-03:00\",\"inLanguage\":\"pt-BR\",\"mainEntityOfPage\":{\"@id\":\"https:\\\/\\\/www.encontrapiracicaba.com.br\\\/sobre\\\/sem-alvaras-bares-do-bosques-sao-alvos-do-trafico-em-piracicaba-diz-pm\\\/#webpage\"},\"isPartOf\":{\"@id\":\"https:\\\/\\\/www.encontrapiracicaba.com.br\\\/sobre\\\/sem-alvaras-bares-do-bosques-sao-alvos-do-trafico-em-piracicaba-diz-pm\\\/#webpage\"},\"articleSection\":\"Not\\u00edcias Piracicaba\"},{\"@type\":\"BreadcrumbList\",\"@id\":\"https:\\\/\\\/www.encontrapiracicaba.com.br\\\/sobre\\\/sem-alvaras-bares-do-bosques-sao-alvos-do-trafico-em-piracicaba-diz-pm\\\/#breadcrumblist\",\"itemListElement\":[{\"@type\":\"ListItem\",\"@id\":\"https:\\\/\\\/www.encontrapiracicaba.com.br\\\/sobre#listItem\",\"position\":1,\"name\":\"In\\u00edcio\",\"item\":\"https:\\\/\\\/www.encontrapiracicaba.com.br\\\/sobre\",\"nextItem\":{\"@type\":\"ListItem\",\"@id\":\"https:\\\/\\\/www.encontrapiracicaba.com.br\\\/sobre\\\/noticias-em-piracicaba\\\/#listItem\",\"name\":\"Not\\u00edcias Piracicaba\"}},{\"@type\":\"ListItem\",\"@id\":\"https:\\\/\\\/www.encontrapiracicaba.com.br\\\/sobre\\\/noticias-em-piracicaba\\\/#listItem\",\"position\":2,\"name\":\"Not\\u00edcias Piracicaba\",\"item\":\"https:\\\/\\\/www.encontrapiracicaba.com.br\\\/sobre\\\/noticias-em-piracicaba\\\/\",\"nextItem\":{\"@type\":\"ListItem\",\"@id\":\"https:\\\/\\\/www.encontrapiracicaba.com.br\\\/sobre\\\/sem-alvaras-bares-do-bosques-sao-alvos-do-trafico-em-piracicaba-diz-pm\\\/#listItem\",\"name\":\"Sem alvar\\u00e1s, bares do Bosques s\\u00e3o alvos do tr\\u00e1fico em Piracicaba, diz PM\"},\"previousItem\":{\"@type\":\"ListItem\",\"@id\":\"https:\\\/\\\/www.encontrapiracicaba.com.br\\\/sobre#listItem\",\"name\":\"In\\u00edcio\"}},{\"@type\":\"ListItem\",\"@id\":\"https:\\\/\\\/www.encontrapiracicaba.com.br\\\/sobre\\\/sem-alvaras-bares-do-bosques-sao-alvos-do-trafico-em-piracicaba-diz-pm\\\/#listItem\",\"position\":3,\"name\":\"Sem alvar\\u00e1s, bares do Bosques s\\u00e3o alvos do tr\\u00e1fico em Piracicaba, diz PM\",\"previousItem\":{\"@type\":\"ListItem\",\"@id\":\"https:\\\/\\\/www.encontrapiracicaba.com.br\\\/sobre\\\/noticias-em-piracicaba\\\/#listItem\",\"name\":\"Not\\u00edcias Piracicaba\"}}]},{\"@type\":\"Organization\",\"@id\":\"https:\\\/\\\/www.encontrapiracicaba.com.br\\\/sobre\\\/#organization\",\"name\":\"Encontra Piracicaba\",\"description\":\"Not\\u00edcias, eventos, informa\\u00e7\\u00f5es e dicas na cidade de Piracicaba e regi\\u00e3o\",\"url\":\"https:\\\/\\\/www.encontrapiracicaba.com.br\\\/sobre\\\/\"},{\"@type\":\"Person\",\"@id\":\"https:\\\/\\\/www.encontrapiracicaba.com.br\\\/sobre\\\/author\\\/epiracicaba\\\/#author\",\"url\":\"https:\\\/\\\/www.encontrapiracicaba.com.br\\\/sobre\\\/author\\\/epiracicaba\\\/\",\"name\":\"Encontra Piracicaba\",\"image\":{\"@type\":\"ImageObject\",\"@id\":\"https:\\\/\\\/www.encontrapiracicaba.com.br\\\/sobre\\\/sem-alvaras-bares-do-bosques-sao-alvos-do-trafico-em-piracicaba-diz-pm\\\/#authorImage\",\"url\":\"https:\\\/\\\/secure.gravatar.com\\\/avatar\\\/507340682b8270222e1f208e23198b6ae7e2c6a1033ae84e99bc6bce4f82a387?s=96&d=mm&r=g\",\"width\":96,\"height\":96,\"caption\":\"Encontra Piracicaba\"}},{\"@type\":\"WebPage\",\"@id\":\"https:\\\/\\\/www.encontrapiracicaba.com.br\\\/sobre\\\/sem-alvaras-bares-do-bosques-sao-alvos-do-trafico-em-piracicaba-diz-pm\\\/#webpage\",\"url\":\"https:\\\/\\\/www.encontrapiracicaba.com.br\\\/sobre\\\/sem-alvaras-bares-do-bosques-sao-alvos-do-trafico-em-piracicaba-diz-pm\\\/\",\"name\":\"Sem alvar\\u00e1s, bares do Bosques s\\u00e3o alvos do tr\\u00e1fico em Piracicaba, diz PM | Encontra Piracicaba\",\"inLanguage\":\"pt-BR\",\"isPartOf\":{\"@id\":\"https:\\\/\\\/www.encontrapiracicaba.com.br\\\/sobre\\\/#website\"},\"breadcrumb\":{\"@id\":\"https:\\\/\\\/www.encontrapiracicaba.com.br\\\/sobre\\\/sem-alvaras-bares-do-bosques-sao-alvos-do-trafico-em-piracicaba-diz-pm\\\/#breadcrumblist\"},\"author\":{\"@id\":\"https:\\\/\\\/www.encontrapiracicaba.com.br\\\/sobre\\\/author\\\/epiracicaba\\\/#author\"},\"creator\":{\"@id\":\"https:\\\/\\\/www.encontrapiracicaba.com.br\\\/sobre\\\/author\\\/epiracicaba\\\/#author\"},\"datePublished\":\"2012-03-19T14:21:59-03:00\",\"dateModified\":\"2019-04-12T16:05:49-03:00\"},{\"@type\":\"WebSite\",\"@id\":\"https:\\\/\\\/www.encontrapiracicaba.com.br\\\/sobre\\\/#website\",\"url\":\"https:\\\/\\\/www.encontrapiracicaba.com.br\\\/sobre\\\/\",\"name\":\"Encontra Piracicaba\",\"description\":\"Not\\u00edcias, eventos, informa\\u00e7\\u00f5es e dicas na cidade de Piracicaba e regi\\u00e3o\",\"inLanguage\":\"pt-BR\",\"publisher\":{\"@id\":\"https:\\\/\\\/www.encontrapiracicaba.com.br\\\/sobre\\\/#organization\"}}]}\n\t\t<\/script>\n\t\t<!-- All in One SEO -->\n\n","aioseo_head_json":{"title":"Sem alvar\u00e1s, bares do Bosques s\u00e3o alvos do tr\u00e1fico em Piracicaba, diz PM | Encontra Piracicaba","description":"","canonical_url":"https:\/\/www.encontrapiracicaba.com.br\/sobre\/sem-alvaras-bares-do-bosques-sao-alvos-do-trafico-em-piracicaba-diz-pm\/","robots":"max-image-preview:large","keywords":"","webmasterTools":{"miscellaneous":""},"schema":{"@context":"https:\/\/schema.org","@graph":[{"@type":"Article","@id":"https:\/\/www.encontrapiracicaba.com.br\/sobre\/sem-alvaras-bares-do-bosques-sao-alvos-do-trafico-em-piracicaba-diz-pm\/#article","name":"Sem alvar\u00e1s, bares do Bosques s\u00e3o alvos do tr\u00e1fico em Piracicaba, diz PM | Encontra Piracicaba","headline":"Sem alvar\u00e1s, bares do Bosques s\u00e3o alvos do tr\u00e1fico em Piracicaba, diz PM","author":{"@id":"https:\/\/www.encontrapiracicaba.com.br\/sobre\/author\/epiracicaba\/#author"},"publisher":{"@id":"https:\/\/www.encontrapiracicaba.com.br\/sobre\/#organization"},"datePublished":"2012-03-19T14:21:59-03:00","dateModified":"2019-04-12T16:05:49-03:00","inLanguage":"pt-BR","mainEntityOfPage":{"@id":"https:\/\/www.encontrapiracicaba.com.br\/sobre\/sem-alvaras-bares-do-bosques-sao-alvos-do-trafico-em-piracicaba-diz-pm\/#webpage"},"isPartOf":{"@id":"https:\/\/www.encontrapiracicaba.com.br\/sobre\/sem-alvaras-bares-do-bosques-sao-alvos-do-trafico-em-piracicaba-diz-pm\/#webpage"},"articleSection":"Not\u00edcias Piracicaba"},{"@type":"BreadcrumbList","@id":"https:\/\/www.encontrapiracicaba.com.br\/sobre\/sem-alvaras-bares-do-bosques-sao-alvos-do-trafico-em-piracicaba-diz-pm\/#breadcrumblist","itemListElement":[{"@type":"ListItem","@id":"https:\/\/www.encontrapiracicaba.com.br\/sobre#listItem","position":1,"name":"In\u00edcio","item":"https:\/\/www.encontrapiracicaba.com.br\/sobre","nextItem":{"@type":"ListItem","@id":"https:\/\/www.encontrapiracicaba.com.br\/sobre\/noticias-em-piracicaba\/#listItem","name":"Not\u00edcias Piracicaba"}},{"@type":"ListItem","@id":"https:\/\/www.encontrapiracicaba.com.br\/sobre\/noticias-em-piracicaba\/#listItem","position":2,"name":"Not\u00edcias Piracicaba","item":"https:\/\/www.encontrapiracicaba.com.br\/sobre\/noticias-em-piracicaba\/","nextItem":{"@type":"ListItem","@id":"https:\/\/www.encontrapiracicaba.com.br\/sobre\/sem-alvaras-bares-do-bosques-sao-alvos-do-trafico-em-piracicaba-diz-pm\/#listItem","name":"Sem alvar\u00e1s, bares do Bosques s\u00e3o alvos do tr\u00e1fico em Piracicaba, diz PM"},"previousItem":{"@type":"ListItem","@id":"https:\/\/www.encontrapiracicaba.com.br\/sobre#listItem","name":"In\u00edcio"}},{"@type":"ListItem","@id":"https:\/\/www.encontrapiracicaba.com.br\/sobre\/sem-alvaras-bares-do-bosques-sao-alvos-do-trafico-em-piracicaba-diz-pm\/#listItem","position":3,"name":"Sem alvar\u00e1s, bares do Bosques s\u00e3o alvos do tr\u00e1fico em Piracicaba, diz PM","previousItem":{"@type":"ListItem","@id":"https:\/\/www.encontrapiracicaba.com.br\/sobre\/noticias-em-piracicaba\/#listItem","name":"Not\u00edcias Piracicaba"}}]},{"@type":"Organization","@id":"https:\/\/www.encontrapiracicaba.com.br\/sobre\/#organization","name":"Encontra Piracicaba","description":"Not\u00edcias, eventos, informa\u00e7\u00f5es e dicas na cidade de Piracicaba e regi\u00e3o","url":"https:\/\/www.encontrapiracicaba.com.br\/sobre\/"},{"@type":"Person","@id":"https:\/\/www.encontrapiracicaba.com.br\/sobre\/author\/epiracicaba\/#author","url":"https:\/\/www.encontrapiracicaba.com.br\/sobre\/author\/epiracicaba\/","name":"Encontra Piracicaba","image":{"@type":"ImageObject","@id":"https:\/\/www.encontrapiracicaba.com.br\/sobre\/sem-alvaras-bares-do-bosques-sao-alvos-do-trafico-em-piracicaba-diz-pm\/#authorImage","url":"https:\/\/secure.gravatar.com\/avatar\/507340682b8270222e1f208e23198b6ae7e2c6a1033ae84e99bc6bce4f82a387?s=96&d=mm&r=g","width":96,"height":96,"caption":"Encontra Piracicaba"}},{"@type":"WebPage","@id":"https:\/\/www.encontrapiracicaba.com.br\/sobre\/sem-alvaras-bares-do-bosques-sao-alvos-do-trafico-em-piracicaba-diz-pm\/#webpage","url":"https:\/\/www.encontrapiracicaba.com.br\/sobre\/sem-alvaras-bares-do-bosques-sao-alvos-do-trafico-em-piracicaba-diz-pm\/","name":"Sem alvar\u00e1s, bares do Bosques s\u00e3o alvos do tr\u00e1fico em Piracicaba, diz PM | Encontra Piracicaba","inLanguage":"pt-BR","isPartOf":{"@id":"https:\/\/www.encontrapiracicaba.com.br\/sobre\/#website"},"breadcrumb":{"@id":"https:\/\/www.encontrapiracicaba.com.br\/sobre\/sem-alvaras-bares-do-bosques-sao-alvos-do-trafico-em-piracicaba-diz-pm\/#breadcrumblist"},"author":{"@id":"https:\/\/www.encontrapiracicaba.com.br\/sobre\/author\/epiracicaba\/#author"},"creator":{"@id":"https:\/\/www.encontrapiracicaba.com.br\/sobre\/author\/epiracicaba\/#author"},"datePublished":"2012-03-19T14:21:59-03:00","dateModified":"2019-04-12T16:05:49-03:00"},{"@type":"WebSite","@id":"https:\/\/www.encontrapiracicaba.com.br\/sobre\/#website","url":"https:\/\/www.encontrapiracicaba.com.br\/sobre\/","name":"Encontra Piracicaba","description":"Not\u00edcias, eventos, informa\u00e7\u00f5es e dicas na cidade de Piracicaba e regi\u00e3o","inLanguage":"pt-BR","publisher":{"@id":"https:\/\/www.encontrapiracicaba.com.br\/sobre\/#organization"}}]},"og:locale":"pt_BR","og:site_name":"Encontra Piracicaba | Not\u00edcias, eventos, informa\u00e7\u00f5es e dicas na cidade de Piracicaba e regi\u00e3o","og:type":"article","og:title":"Sem alvar\u00e1s, bares do Bosques s\u00e3o alvos do tr\u00e1fico em Piracicaba, diz PM | Encontra Piracicaba","og:url":"https:\/\/www.encontrapiracicaba.com.br\/sobre\/sem-alvaras-bares-do-bosques-sao-alvos-do-trafico-em-piracicaba-diz-pm\/","article:published_time":"2012-03-19T17:21:59+00:00","article:modified_time":"2019-04-12T19:05:49+00:00","twitter:card":"summary","twitter:title":"Sem alvar\u00e1s, bares do Bosques s\u00e3o alvos do tr\u00e1fico em Piracicaba, diz PM | Encontra Piracicaba"},"aioseo_meta_data":{"post_id":"844","title":null,"description":null,"keywords":null,"keyphrases":null,"primary_term":null,"canonical_url":null,"og_title":null,"og_description":null,"og_object_type":"default","og_image_type":"default","og_image_url":null,"og_image_width":null,"og_image_height":null,"og_image_custom_url":null,"og_image_custom_fields":null,"og_video":null,"og_custom_url":null,"og_article_section":null,"og_article_tags":null,"twitter_use_og":false,"twitter_card":"default","twitter_image_type":"default","twitter_image_url":null,"twitter_image_custom_url":null,"twitter_image_custom_fields":null,"twitter_title":null,"twitter_description":null,"schema":{"blockGraphs":[],"customGraphs":[],"default":{"data":{"Article":[],"Course":[],"Dataset":[],"FAQPage":[],"Movie":[],"Person":[],"Product":[],"ProductReview":[],"Car":[],"Recipe":[],"Service":[],"SoftwareApplication":[],"WebPage":[]},"graphName":"Article","isEnabled":true},"graphs":[]},"schema_type":null,"schema_type_options":null,"pillar_content":false,"robots_default":true,"robots_noindex":false,"robots_noarchive":false,"robots_nosnippet":false,"robots_nofollow":false,"robots_noimageindex":false,"robots_noodp":false,"robots_notranslate":false,"robots_max_snippet":null,"robots_max_videopreview":null,"robots_max_imagepreview":"large","priority":null,"frequency":null,"local_seo":null,"breadcrumb_settings":null,"limit_modified_date":false,"ai":null,"created":"2021-08-13 20:59:25","updated":"2025-10-03 23:48:27","focus_keyword":null,"additional_keywords":null,"truseo_locale":null,"seo_analyzer_scan_date":null},"aioseo_breadcrumb":"<div class=\"aioseo-breadcrumbs\"><span class=\"aioseo-breadcrumb\">\n\t\t\t<a href=\"https:\/\/www.encontrapiracicaba.com.br\/sobre\" title=\"In\u00edcio\">In\u00edcio<\/a>\n\t\t<\/span><span class=\"aioseo-breadcrumb-separator\">&raquo;<\/span><span class=\"aioseo-breadcrumb\">\n\t\t\t<a href=\"https:\/\/www.encontrapiracicaba.com.br\/sobre\/noticias-em-piracicaba\/\" title=\"Not\u00edcias Piracicaba\">Not\u00edcias Piracicaba<\/a>\n\t\t<\/span><span class=\"aioseo-breadcrumb-separator\">&raquo;<\/span><span class=\"aioseo-breadcrumb\">\n\t\t\tSem alvar\u00e1s, bares do Bosques s\u00e3o alvos do tr\u00e1fico em Piracicaba, diz PM\n\t\t<\/span><\/div>","aioseo_breadcrumb_json":[{"label":"In\u00edcio","link":"https:\/\/www.encontrapiracicaba.com.br\/sobre"},{"label":"Not\u00edcias Piracicaba","link":"https:\/\/www.encontrapiracicaba.com.br\/sobre\/noticias-em-piracicaba\/"},{"label":"Sem alvar\u00e1s, bares do Bosques s\u00e3o alvos do tr\u00e1fico em Piracicaba, diz PM","link":"https:\/\/www.encontrapiracicaba.com.br\/sobre\/sem-alvaras-bares-do-bosques-sao-alvos-do-trafico-em-piracicaba-diz-pm\/"}],"_links":{"self":[{"href":"https:\/\/www.encontrapiracicaba.com.br\/sobre\/wp-json\/wp\/v2\/posts\/844","targetHints":{"allow":["GET"]}}],"collection":[{"href":"https:\/\/www.encontrapiracicaba.com.br\/sobre\/wp-json\/wp\/v2\/posts"}],"about":[{"href":"https:\/\/www.encontrapiracicaba.com.br\/sobre\/wp-json\/wp\/v2\/types\/post"}],"author":[{"embeddable":true,"href":"https:\/\/www.encontrapiracicaba.com.br\/sobre\/wp-json\/wp\/v2\/users\/1"}],"replies":[{"embeddable":true,"href":"https:\/\/www.encontrapiracicaba.com.br\/sobre\/wp-json\/wp\/v2\/comments?post=844"}],"version-history":[{"count":3,"href":"https:\/\/www.encontrapiracicaba.com.br\/sobre\/wp-json\/wp\/v2\/posts\/844\/revisions"}],"predecessor-version":[{"id":846,"href":"https:\/\/www.encontrapiracicaba.com.br\/sobre\/wp-json\/wp\/v2\/posts\/844\/revisions\/846"}],"wp:attachment":[{"href":"https:\/\/www.encontrapiracicaba.com.br\/sobre\/wp-json\/wp\/v2\/media?parent=844"}],"wp:term":[{"taxonomy":"category","embeddable":true,"href":"https:\/\/www.encontrapiracicaba.com.br\/sobre\/wp-json\/wp\/v2\/categories?post=844"},{"taxonomy":"post_tag","embeddable":true,"href":"https:\/\/www.encontrapiracicaba.com.br\/sobre\/wp-json\/wp\/v2\/tags?post=844"}],"curies":[{"name":"wp","href":"https:\/\/api.w.org\/{rel}","templated":true}]}}