{"id":862,"date":"2012-04-04T12:08:34","date_gmt":"2012-04-04T15:08:34","guid":{"rendered":"http:\/\/www.encontrapiracicaba.com.br\/noticias\/?p=862"},"modified":"2019-04-12T16:05:48","modified_gmt":"2019-04-12T19:05:48","slug":"piracicaba-e-limeira-ficam-sem-o-selo-verde-azul-do-estado-de-sao-paulo","status":"publish","type":"post","link":"https:\/\/www.encontrapiracicaba.com.br\/sobre\/piracicaba-e-limeira-ficam-sem-o-selo-verde-azul-do-estado-de-sao-paulo\/","title":{"rendered":"Piracicaba e Limeira ficam sem o selo &#8216;Verde Azul&#8217; do Estado de S\u00e3o Paulo"},"content":{"rendered":"<div class=\"85df007ed5c0c4d4b453fd13a37855e8\" data-index=\"1\" style=\"float: none; margin:0px;\">\n<!-- Anuncio display - global -->\r\n<ins class=\"adsbygoogle\"\r\n     style=\"display:block\"\r\n     data-ad-client=\"ca-pub-8585364105181520\"\r\n     data-ad-slot=\"8789329856\"\r\n     data-ad-format=\"auto\"\r\n     data-full-width-responsive=\"true\"><\/ins>\r\n<script>\r\n     (adsbygoogle = window.adsbygoogle || []).push({});\r\n<\/script>\n<\/div>\n<p title=\"Cidade de Limeira\">Cidade Piracicaba, cidade de Limeira e outras 15 cidades da regi\u00e3o n\u00e3o receberam o\u00a0 selo do Programa Munic\u00edpio Verde Azul, distribu\u00eddo pela Secretaria de Estado do Meio Ambiente na tarde desta segunda-feira (2). O certificado, que avalia o desempenho das cidades quanto \u00e0 preocupa\u00e7\u00e3o ambiental, garante \u00e0 administra\u00e7\u00e3o a prioridade na capta\u00e7\u00e3o de recursos junto \u00e0 secretaria, por meio do Fundo Estadual de Preven\u00e7\u00e3o e Controle da Polui\u00e7\u00e3o (FECOP).<\/p>\n<p>Os munic\u00edpios recebem uma nota ambiental que avalia o seu desempenho em dez diretivas que regem o Programa Munic\u00edpio Verde Azul no ano de 2011. Foram avaliadas a\u00e7\u00f5es nas \u00e1reas: esgoto tratado, lixo, recupera\u00e7\u00e3o da mata ciliar, arboriza\u00e7\u00e3o urbana, educa\u00e7\u00e3o ambiental, habita\u00e7\u00e3o sustent\u00e1vel, uso da \u00e1gua, polui\u00e7\u00e3o do ar, estrutura ambiental e conselho de meio ambiente.<\/p>\n<p>Receberam o selo 158 cidades do Estado de S\u00e3o Paulo que tiraram nota superior a 80, em uma escala que vai de zero a 100 no ranking ambiental elaborado pela pasta em junho de 2007. Em 2008, na divulga\u00e7\u00e3o do primeiro ranking, 44 munic\u00edpios alcan\u00e7aram nota igual ou superior a 80. Em 2009, foram 168. J\u00e1 em 2010, 144 munic\u00edpios receberam a certifica\u00e7\u00e3o.<\/p>\n<p><strong>Regi\u00e3o de Piracicaba<\/strong><br \/>\nDas 17 cidades do entorno de Piracicaba, Limeira e Cosm\u00f3polis foram as que receberam as melhores notas: 76,33 e 71,84. Piracicaba ficou com 69,37. Os demais munic\u00edpios da regi\u00e3o que tiveram baixo desempenho foram: Santa B\u00e1rbara d&#8217;Oeste (64,38), Capivari (58), Nova Odessa (49,14), Cordeir\u00f3polis (23,43), Charqueada (22,50), Elias Fausto (21,30), Iracem\u00e1polis (20,72), Mombuca (17,36), Saltinho (16,55), Ipe\u00fana (16,23), Rio das Pedras (15,24), \u00c1guas de S\u00e3o Pedro (7,25), Engenheiro Coelho (4,84) e Rafard (3,30).<\/p>\n<p><strong>Prefeituras de Piracicaba e Limeira<\/strong><br \/>\nA <a title=\"Prefeitura de Piracicaba\" href=\"http:\/\/www.encontrapiracicaba.com.br\/piracicaba\/prefeitura-de-piracicaba.shtml\">Prefeitura de Piracicaba<\/a> foi procurada pela reportagem do G1, por meio de sua assessoria de imprensa, mas n\u00e3o houve retorno at\u00e9 as 15h20 desta data.<\/p>\n<p>J\u00e1 a Prefeitura de Limeira informou, por meio de sua assessoria de imprensa, que a Secretaria de Meio Ambiente de Limeira relatou que &#8220;todos os itens foram completados pelo munic\u00edpio. Faltaram apenas 2,7 pontos para alcan\u00e7ar a nota 80. A Secretaria est\u00e1 evoluindo de ano a ano e espera-se conseguir, ainda este ano, o selo Munic\u00edpio Verde Azul. Ainda h\u00e1 algumas quest\u00f5es a serem tratadas para que alcance o selo&#8221;.<\/p>\n<p><em>Fonte: G1<\/em><\/p>\n\n<div style=\"font-size: 0px; height: 0px; line-height: 0px; margin: 0; padding: 0; clear: both;\"><\/div>","protected":false},"excerpt":{"rendered":"<p>Cidade Piracicaba, cidade de Limeira e outras 15 cidades da regi\u00e3o n\u00e3o receberam o\u00a0 selo do Programa Munic\u00edpio Verde Azul, distribu\u00eddo pela Secretaria de Estado do Meio Ambiente na tarde desta segunda-feira (2). O certificado, que avalia o desempenho das cidades quanto \u00e0 preocupa\u00e7\u00e3o ambiental, garante \u00e0 administra\u00e7\u00e3o a prioridade na capta\u00e7\u00e3o de recursos junto \u00e0 secretaria, por meio do Fundo Estadual de Preven\u00e7\u00e3o e Controle da Polui\u00e7\u00e3o (FECOP). Os munic\u00edpios recebem uma nota ambiental que avalia o seu desempenho em dez diretivas que regem o Programa Munic\u00edpio Verde Azul no ano de 2011. Foram avaliadas a\u00e7\u00f5es nas \u00e1reas: esgoto <\/p>\n","protected":false},"author":1,"featured_media":0,"comment_status":"open","ping_status":"closed","sticky":false,"template":"","format":"standard","meta":{"footnotes":""},"categories":[6],"tags":[],"class_list":["post-862","post","type-post","status-publish","format-standard","hentry","category-noticias-em-piracicaba"],"aioseo_notices":[],"aioseo_head":"\n\t\t<!-- All in One SEO 5.0.0.1 - aioseo.com -->\n\t<meta name=\"robots\" content=\"max-image-preview:large\" \/>\n\t<meta name=\"author\" content=\"Encontra Piracicaba\"\/>\n\t<link rel=\"canonical\" href=\"https:\/\/www.encontrapiracicaba.com.br\/sobre\/piracicaba-e-limeira-ficam-sem-o-selo-verde-azul-do-estado-de-sao-paulo\/\" \/>\n\t<meta name=\"generator\" content=\"All in One SEO (AIOSEO) 5.0.0.1\" \/>\n\t\t<meta property=\"og:locale\" content=\"pt_BR\" \/>\n\t\t<meta property=\"og:site_name\" content=\"Encontra Piracicaba | Not\u00edcias, eventos, informa\u00e7\u00f5es e dicas na cidade de Piracicaba e regi\u00e3o\" \/>\n\t\t<meta property=\"og:type\" content=\"article\" \/>\n\t\t<meta property=\"og:title\" content=\"Piracicaba e Limeira ficam sem o selo \u2018Verde Azul\u2019 do Estado de S\u00e3o Paulo | Encontra Piracicaba\" \/>\n\t\t<meta property=\"og:url\" content=\"https:\/\/www.encontrapiracicaba.com.br\/sobre\/piracicaba-e-limeira-ficam-sem-o-selo-verde-azul-do-estado-de-sao-paulo\/\" \/>\n\t\t<meta property=\"article:published_time\" content=\"2012-04-04T15:08:34+00:00\" \/>\n\t\t<meta property=\"article:modified_time\" content=\"2019-04-12T19:05:48+00:00\" \/>\n\t\t<meta name=\"twitter:card\" content=\"summary\" \/>\n\t\t<meta name=\"twitter:title\" content=\"Piracicaba e Limeira ficam sem o selo \u2018Verde Azul\u2019 do Estado de S\u00e3o Paulo | Encontra Piracicaba\" \/>\n\t\t<script type=\"application\/ld+json\" class=\"aioseo-schema\">\n\t\t\t{\"@context\":\"https:\\\/\\\/schema.org\",\"@graph\":[{\"@type\":\"Article\",\"@id\":\"https:\\\/\\\/www.encontrapiracicaba.com.br\\\/sobre\\\/piracicaba-e-limeira-ficam-sem-o-selo-verde-azul-do-estado-de-sao-paulo\\\/#article\",\"name\":\"Piracicaba e Limeira ficam sem o selo \\u2018Verde Azul\\u2019 do Estado de S\\u00e3o Paulo | Encontra Piracicaba\",\"headline\":\"Piracicaba e Limeira ficam sem o selo &#8216;Verde Azul&#8217; do Estado de S\\u00e3o Paulo\",\"author\":{\"@id\":\"https:\\\/\\\/www.encontrapiracicaba.com.br\\\/sobre\\\/author\\\/epiracicaba\\\/#author\"},\"publisher\":{\"@id\":\"https:\\\/\\\/www.encontrapiracicaba.com.br\\\/sobre\\\/#organization\"},\"datePublished\":\"2012-04-04T12:08:34-03:00\",\"dateModified\":\"2019-04-12T16:05:48-03:00\",\"inLanguage\":\"pt-BR\",\"mainEntityOfPage\":{\"@id\":\"https:\\\/\\\/www.encontrapiracicaba.com.br\\\/sobre\\\/piracicaba-e-limeira-ficam-sem-o-selo-verde-azul-do-estado-de-sao-paulo\\\/#webpage\"},\"isPartOf\":{\"@id\":\"https:\\\/\\\/www.encontrapiracicaba.com.br\\\/sobre\\\/piracicaba-e-limeira-ficam-sem-o-selo-verde-azul-do-estado-de-sao-paulo\\\/#webpage\"},\"articleSection\":\"Not\\u00edcias Piracicaba\"},{\"@type\":\"BreadcrumbList\",\"@id\":\"https:\\\/\\\/www.encontrapiracicaba.com.br\\\/sobre\\\/piracicaba-e-limeira-ficam-sem-o-selo-verde-azul-do-estado-de-sao-paulo\\\/#breadcrumblist\",\"itemListElement\":[{\"@type\":\"ListItem\",\"@id\":\"https:\\\/\\\/www.encontrapiracicaba.com.br\\\/sobre#listItem\",\"position\":1,\"name\":\"In\\u00edcio\",\"item\":\"https:\\\/\\\/www.encontrapiracicaba.com.br\\\/sobre\",\"nextItem\":{\"@type\":\"ListItem\",\"@id\":\"https:\\\/\\\/www.encontrapiracicaba.com.br\\\/sobre\\\/noticias-em-piracicaba\\\/#listItem\",\"name\":\"Not\\u00edcias Piracicaba\"}},{\"@type\":\"ListItem\",\"@id\":\"https:\\\/\\\/www.encontrapiracicaba.com.br\\\/sobre\\\/noticias-em-piracicaba\\\/#listItem\",\"position\":2,\"name\":\"Not\\u00edcias Piracicaba\",\"item\":\"https:\\\/\\\/www.encontrapiracicaba.com.br\\\/sobre\\\/noticias-em-piracicaba\\\/\",\"nextItem\":{\"@type\":\"ListItem\",\"@id\":\"https:\\\/\\\/www.encontrapiracicaba.com.br\\\/sobre\\\/piracicaba-e-limeira-ficam-sem-o-selo-verde-azul-do-estado-de-sao-paulo\\\/#listItem\",\"name\":\"Piracicaba e Limeira ficam sem o selo &#8216;Verde Azul&#8217; do Estado de S\\u00e3o Paulo\"},\"previousItem\":{\"@type\":\"ListItem\",\"@id\":\"https:\\\/\\\/www.encontrapiracicaba.com.br\\\/sobre#listItem\",\"name\":\"In\\u00edcio\"}},{\"@type\":\"ListItem\",\"@id\":\"https:\\\/\\\/www.encontrapiracicaba.com.br\\\/sobre\\\/piracicaba-e-limeira-ficam-sem-o-selo-verde-azul-do-estado-de-sao-paulo\\\/#listItem\",\"position\":3,\"name\":\"Piracicaba e Limeira ficam sem o selo &#8216;Verde Azul&#8217; do Estado de S\\u00e3o Paulo\",\"previousItem\":{\"@type\":\"ListItem\",\"@id\":\"https:\\\/\\\/www.encontrapiracicaba.com.br\\\/sobre\\\/noticias-em-piracicaba\\\/#listItem\",\"name\":\"Not\\u00edcias Piracicaba\"}}]},{\"@type\":\"Organization\",\"@id\":\"https:\\\/\\\/www.encontrapiracicaba.com.br\\\/sobre\\\/#organization\",\"name\":\"Encontra Piracicaba\",\"description\":\"Not\\u00edcias, eventos, informa\\u00e7\\u00f5es e dicas na cidade de Piracicaba e regi\\u00e3o\",\"url\":\"https:\\\/\\\/www.encontrapiracicaba.com.br\\\/sobre\\\/\"},{\"@type\":\"Person\",\"@id\":\"https:\\\/\\\/www.encontrapiracicaba.com.br\\\/sobre\\\/author\\\/epiracicaba\\\/#author\",\"url\":\"https:\\\/\\\/www.encontrapiracicaba.com.br\\\/sobre\\\/author\\\/epiracicaba\\\/\",\"name\":\"Encontra Piracicaba\",\"image\":{\"@type\":\"ImageObject\",\"@id\":\"https:\\\/\\\/www.encontrapiracicaba.com.br\\\/sobre\\\/piracicaba-e-limeira-ficam-sem-o-selo-verde-azul-do-estado-de-sao-paulo\\\/#authorImage\",\"url\":\"https:\\\/\\\/secure.gravatar.com\\\/avatar\\\/507340682b8270222e1f208e23198b6ae7e2c6a1033ae84e99bc6bce4f82a387?s=96&d=mm&r=g\",\"width\":96,\"height\":96,\"caption\":\"Encontra Piracicaba\"}},{\"@type\":\"WebPage\",\"@id\":\"https:\\\/\\\/www.encontrapiracicaba.com.br\\\/sobre\\\/piracicaba-e-limeira-ficam-sem-o-selo-verde-azul-do-estado-de-sao-paulo\\\/#webpage\",\"url\":\"https:\\\/\\\/www.encontrapiracicaba.com.br\\\/sobre\\\/piracicaba-e-limeira-ficam-sem-o-selo-verde-azul-do-estado-de-sao-paulo\\\/\",\"name\":\"Piracicaba e Limeira ficam sem o selo \\u2018Verde Azul\\u2019 do Estado de S\\u00e3o Paulo | Encontra Piracicaba\",\"inLanguage\":\"pt-BR\",\"isPartOf\":{\"@id\":\"https:\\\/\\\/www.encontrapiracicaba.com.br\\\/sobre\\\/#website\"},\"breadcrumb\":{\"@id\":\"https:\\\/\\\/www.encontrapiracicaba.com.br\\\/sobre\\\/piracicaba-e-limeira-ficam-sem-o-selo-verde-azul-do-estado-de-sao-paulo\\\/#breadcrumblist\"},\"author\":{\"@id\":\"https:\\\/\\\/www.encontrapiracicaba.com.br\\\/sobre\\\/author\\\/epiracicaba\\\/#author\"},\"creator\":{\"@id\":\"https:\\\/\\\/www.encontrapiracicaba.com.br\\\/sobre\\\/author\\\/epiracicaba\\\/#author\"},\"datePublished\":\"2012-04-04T12:08:34-03:00\",\"dateModified\":\"2019-04-12T16:05:48-03:00\"},{\"@type\":\"WebSite\",\"@id\":\"https:\\\/\\\/www.encontrapiracicaba.com.br\\\/sobre\\\/#website\",\"url\":\"https:\\\/\\\/www.encontrapiracicaba.com.br\\\/sobre\\\/\",\"name\":\"Encontra Piracicaba\",\"description\":\"Not\\u00edcias, eventos, informa\\u00e7\\u00f5es e dicas na cidade de Piracicaba e regi\\u00e3o\",\"inLanguage\":\"pt-BR\",\"publisher\":{\"@id\":\"https:\\\/\\\/www.encontrapiracicaba.com.br\\\/sobre\\\/#organization\"}}]}\n\t\t<\/script>\n\t\t<!-- All in One SEO -->\n\n","aioseo_head_json":{"title":"Piracicaba e Limeira ficam sem o selo \u2018Verde Azul\u2019 do Estado de S\u00e3o Paulo | Encontra Piracicaba","description":"","canonical_url":"https:\/\/www.encontrapiracicaba.com.br\/sobre\/piracicaba-e-limeira-ficam-sem-o-selo-verde-azul-do-estado-de-sao-paulo\/","robots":"max-image-preview:large","keywords":"","webmasterTools":{"miscellaneous":""},"schema":{"@context":"https:\/\/schema.org","@graph":[{"@type":"Article","@id":"https:\/\/www.encontrapiracicaba.com.br\/sobre\/piracicaba-e-limeira-ficam-sem-o-selo-verde-azul-do-estado-de-sao-paulo\/#article","name":"Piracicaba e Limeira ficam sem o selo \u2018Verde Azul\u2019 do Estado de S\u00e3o Paulo | Encontra Piracicaba","headline":"Piracicaba e Limeira ficam sem o selo &#8216;Verde Azul&#8217; do Estado de S\u00e3o Paulo","author":{"@id":"https:\/\/www.encontrapiracicaba.com.br\/sobre\/author\/epiracicaba\/#author"},"publisher":{"@id":"https:\/\/www.encontrapiracicaba.com.br\/sobre\/#organization"},"datePublished":"2012-04-04T12:08:34-03:00","dateModified":"2019-04-12T16:05:48-03:00","inLanguage":"pt-BR","mainEntityOfPage":{"@id":"https:\/\/www.encontrapiracicaba.com.br\/sobre\/piracicaba-e-limeira-ficam-sem-o-selo-verde-azul-do-estado-de-sao-paulo\/#webpage"},"isPartOf":{"@id":"https:\/\/www.encontrapiracicaba.com.br\/sobre\/piracicaba-e-limeira-ficam-sem-o-selo-verde-azul-do-estado-de-sao-paulo\/#webpage"},"articleSection":"Not\u00edcias Piracicaba"},{"@type":"BreadcrumbList","@id":"https:\/\/www.encontrapiracicaba.com.br\/sobre\/piracicaba-e-limeira-ficam-sem-o-selo-verde-azul-do-estado-de-sao-paulo\/#breadcrumblist","itemListElement":[{"@type":"ListItem","@id":"https:\/\/www.encontrapiracicaba.com.br\/sobre#listItem","position":1,"name":"In\u00edcio","item":"https:\/\/www.encontrapiracicaba.com.br\/sobre","nextItem":{"@type":"ListItem","@id":"https:\/\/www.encontrapiracicaba.com.br\/sobre\/noticias-em-piracicaba\/#listItem","name":"Not\u00edcias Piracicaba"}},{"@type":"ListItem","@id":"https:\/\/www.encontrapiracicaba.com.br\/sobre\/noticias-em-piracicaba\/#listItem","position":2,"name":"Not\u00edcias Piracicaba","item":"https:\/\/www.encontrapiracicaba.com.br\/sobre\/noticias-em-piracicaba\/","nextItem":{"@type":"ListItem","@id":"https:\/\/www.encontrapiracicaba.com.br\/sobre\/piracicaba-e-limeira-ficam-sem-o-selo-verde-azul-do-estado-de-sao-paulo\/#listItem","name":"Piracicaba e Limeira ficam sem o selo &#8216;Verde Azul&#8217; do Estado de S\u00e3o Paulo"},"previousItem":{"@type":"ListItem","@id":"https:\/\/www.encontrapiracicaba.com.br\/sobre#listItem","name":"In\u00edcio"}},{"@type":"ListItem","@id":"https:\/\/www.encontrapiracicaba.com.br\/sobre\/piracicaba-e-limeira-ficam-sem-o-selo-verde-azul-do-estado-de-sao-paulo\/#listItem","position":3,"name":"Piracicaba e Limeira ficam sem o selo &#8216;Verde Azul&#8217; do Estado de S\u00e3o Paulo","previousItem":{"@type":"ListItem","@id":"https:\/\/www.encontrapiracicaba.com.br\/sobre\/noticias-em-piracicaba\/#listItem","name":"Not\u00edcias Piracicaba"}}]},{"@type":"Organization","@id":"https:\/\/www.encontrapiracicaba.com.br\/sobre\/#organization","name":"Encontra Piracicaba","description":"Not\u00edcias, eventos, informa\u00e7\u00f5es e dicas na cidade de Piracicaba e regi\u00e3o","url":"https:\/\/www.encontrapiracicaba.com.br\/sobre\/"},{"@type":"Person","@id":"https:\/\/www.encontrapiracicaba.com.br\/sobre\/author\/epiracicaba\/#author","url":"https:\/\/www.encontrapiracicaba.com.br\/sobre\/author\/epiracicaba\/","name":"Encontra Piracicaba","image":{"@type":"ImageObject","@id":"https:\/\/www.encontrapiracicaba.com.br\/sobre\/piracicaba-e-limeira-ficam-sem-o-selo-verde-azul-do-estado-de-sao-paulo\/#authorImage","url":"https:\/\/secure.gravatar.com\/avatar\/507340682b8270222e1f208e23198b6ae7e2c6a1033ae84e99bc6bce4f82a387?s=96&d=mm&r=g","width":96,"height":96,"caption":"Encontra Piracicaba"}},{"@type":"WebPage","@id":"https:\/\/www.encontrapiracicaba.com.br\/sobre\/piracicaba-e-limeira-ficam-sem-o-selo-verde-azul-do-estado-de-sao-paulo\/#webpage","url":"https:\/\/www.encontrapiracicaba.com.br\/sobre\/piracicaba-e-limeira-ficam-sem-o-selo-verde-azul-do-estado-de-sao-paulo\/","name":"Piracicaba e Limeira ficam sem o selo \u2018Verde Azul\u2019 do Estado de S\u00e3o Paulo | Encontra Piracicaba","inLanguage":"pt-BR","isPartOf":{"@id":"https:\/\/www.encontrapiracicaba.com.br\/sobre\/#website"},"breadcrumb":{"@id":"https:\/\/www.encontrapiracicaba.com.br\/sobre\/piracicaba-e-limeira-ficam-sem-o-selo-verde-azul-do-estado-de-sao-paulo\/#breadcrumblist"},"author":{"@id":"https:\/\/www.encontrapiracicaba.com.br\/sobre\/author\/epiracicaba\/#author"},"creator":{"@id":"https:\/\/www.encontrapiracicaba.com.br\/sobre\/author\/epiracicaba\/#author"},"datePublished":"2012-04-04T12:08:34-03:00","dateModified":"2019-04-12T16:05:48-03:00"},{"@type":"WebSite","@id":"https:\/\/www.encontrapiracicaba.com.br\/sobre\/#website","url":"https:\/\/www.encontrapiracicaba.com.br\/sobre\/","name":"Encontra Piracicaba","description":"Not\u00edcias, eventos, informa\u00e7\u00f5es e dicas na cidade de Piracicaba e regi\u00e3o","inLanguage":"pt-BR","publisher":{"@id":"https:\/\/www.encontrapiracicaba.com.br\/sobre\/#organization"}}]},"og:locale":"pt_BR","og:site_name":"Encontra Piracicaba | Not\u00edcias, eventos, informa\u00e7\u00f5es e dicas na cidade de Piracicaba e regi\u00e3o","og:type":"article","og:title":"Piracicaba e Limeira ficam sem o selo \u2018Verde Azul\u2019 do Estado de S\u00e3o Paulo | Encontra Piracicaba","og:url":"https:\/\/www.encontrapiracicaba.com.br\/sobre\/piracicaba-e-limeira-ficam-sem-o-selo-verde-azul-do-estado-de-sao-paulo\/","article:published_time":"2012-04-04T15:08:34+00:00","article:modified_time":"2019-04-12T19:05:48+00:00","twitter:card":"summary","twitter:title":"Piracicaba e Limeira ficam sem o selo \u2018Verde Azul\u2019 do Estado de S\u00e3o Paulo | Encontra Piracicaba"},"aioseo_meta_data":{"post_id":"862","title":null,"description":null,"keywords":null,"keyphrases":null,"primary_term":null,"canonical_url":null,"og_title":null,"og_description":null,"og_object_type":"default","og_image_type":"default","og_image_url":null,"og_image_width":null,"og_image_height":null,"og_image_custom_url":null,"og_image_custom_fields":null,"og_video":null,"og_custom_url":null,"og_article_section":null,"og_article_tags":null,"twitter_use_og":false,"twitter_card":"default","twitter_image_type":"default","twitter_image_url":null,"twitter_image_custom_url":null,"twitter_image_custom_fields":null,"twitter_title":null,"twitter_description":null,"schema":{"blockGraphs":[],"customGraphs":[],"default":{"data":{"Article":[],"Course":[],"Dataset":[],"FAQPage":[],"Movie":[],"Person":[],"Product":[],"ProductReview":[],"Car":[],"Recipe":[],"Service":[],"SoftwareApplication":[],"WebPage":[]},"graphName":"Article","isEnabled":true},"graphs":[]},"schema_type":null,"schema_type_options":null,"pillar_content":false,"robots_default":true,"robots_noindex":false,"robots_noarchive":false,"robots_nosnippet":false,"robots_nofollow":false,"robots_noimageindex":false,"robots_noodp":false,"robots_notranslate":false,"robots_max_snippet":null,"robots_max_videopreview":null,"robots_max_imagepreview":"large","priority":null,"frequency":null,"local_seo":null,"breadcrumb_settings":null,"limit_modified_date":false,"ai":null,"created":"2021-08-13 20:59:25","updated":"2025-10-03 23:48:27","focus_keyword":null,"additional_keywords":null,"truseo_locale":null,"seo_analyzer_scan_date":null},"aioseo_breadcrumb":"<div class=\"aioseo-breadcrumbs\"><span class=\"aioseo-breadcrumb\">\n\t\t\t<a href=\"https:\/\/www.encontrapiracicaba.com.br\/sobre\" title=\"In\u00edcio\">In\u00edcio<\/a>\n\t\t<\/span><span class=\"aioseo-breadcrumb-separator\">&raquo;<\/span><span class=\"aioseo-breadcrumb\">\n\t\t\t<a href=\"https:\/\/www.encontrapiracicaba.com.br\/sobre\/noticias-em-piracicaba\/\" title=\"Not\u00edcias Piracicaba\">Not\u00edcias Piracicaba<\/a>\n\t\t<\/span><span class=\"aioseo-breadcrumb-separator\">&raquo;<\/span><span class=\"aioseo-breadcrumb\">\n\t\t\tPiracicaba e Limeira ficam sem o selo \u2018Verde Azul\u2019 do Estado de S\u00e3o Paulo\n\t\t<\/span><\/div>","aioseo_breadcrumb_json":[{"label":"In\u00edcio","link":"https:\/\/www.encontrapiracicaba.com.br\/sobre"},{"label":"Not\u00edcias Piracicaba","link":"https:\/\/www.encontrapiracicaba.com.br\/sobre\/noticias-em-piracicaba\/"},{"label":"Piracicaba e Limeira ficam sem o selo &#8216;Verde Azul&#8217; do Estado de S\u00e3o Paulo","link":"https:\/\/www.encontrapiracicaba.com.br\/sobre\/piracicaba-e-limeira-ficam-sem-o-selo-verde-azul-do-estado-de-sao-paulo\/"}],"_links":{"self":[{"href":"https:\/\/www.encontrapiracicaba.com.br\/sobre\/wp-json\/wp\/v2\/posts\/862","targetHints":{"allow":["GET"]}}],"collection":[{"href":"https:\/\/www.encontrapiracicaba.com.br\/sobre\/wp-json\/wp\/v2\/posts"}],"about":[{"href":"https:\/\/www.encontrapiracicaba.com.br\/sobre\/wp-json\/wp\/v2\/types\/post"}],"author":[{"embeddable":true,"href":"https:\/\/www.encontrapiracicaba.com.br\/sobre\/wp-json\/wp\/v2\/users\/1"}],"replies":[{"embeddable":true,"href":"https:\/\/www.encontrapiracicaba.com.br\/sobre\/wp-json\/wp\/v2\/comments?post=862"}],"version-history":[{"count":4,"href":"https:\/\/www.encontrapiracicaba.com.br\/sobre\/wp-json\/wp\/v2\/posts\/862\/revisions"}],"predecessor-version":[{"id":2296,"href":"https:\/\/www.encontrapiracicaba.com.br\/sobre\/wp-json\/wp\/v2\/posts\/862\/revisions\/2296"}],"wp:attachment":[{"href":"https:\/\/www.encontrapiracicaba.com.br\/sobre\/wp-json\/wp\/v2\/media?parent=862"}],"wp:term":[{"taxonomy":"category","embeddable":true,"href":"https:\/\/www.encontrapiracicaba.com.br\/sobre\/wp-json\/wp\/v2\/categories?post=862"},{"taxonomy":"post_tag","embeddable":true,"href":"https:\/\/www.encontrapiracicaba.com.br\/sobre\/wp-json\/wp\/v2\/tags?post=862"}],"curies":[{"name":"wp","href":"https:\/\/api.w.org\/{rel}","templated":true}]}}