{"id":864,"date":"2012-04-04T12:13:30","date_gmt":"2012-04-04T15:13:30","guid":{"rendered":"http:\/\/www.encontrapiracicaba.com.br\/noticias\/?p=864"},"modified":"2019-04-12T16:05:48","modified_gmt":"2019-04-12T19:05:48","slug":"piracicaba-tem-marcelo-jeneci-e-martnalia-na-virada-cultural","status":"publish","type":"post","link":"https:\/\/www.encontrapiracicaba.com.br\/sobre\/piracicaba-tem-marcelo-jeneci-e-martnalia-na-virada-cultural\/","title":{"rendered":"Piracicaba tem Marcelo Jeneci e MartN\u00e1lia na Virada Cultural"},"content":{"rendered":"<div class=\"85df007ed5c0c4d4b453fd13a37855e8\" data-index=\"1\" style=\"float: none; margin:0px;\">\n<!-- Anuncio display - global -->\r\n<ins class=\"adsbygoogle\"\r\n     style=\"display:block\"\r\n     data-ad-client=\"ca-pub-8585364105181520\"\r\n     data-ad-slot=\"8789329856\"\r\n     data-ad-format=\"auto\"\r\n     data-full-width-responsive=\"true\"><\/ins>\r\n<script>\r\n     (adsbygoogle = window.adsbygoogle || []).push({});\r\n<\/script>\n<\/div>\n<p>A Virada Cultural\u00a0 Paulista 2012, que ser\u00e1 realizada em 27 cidades nos dias 19 e 20 de maio, traz para a cidade vizinha de Piracicaba (39 km da cidade Rio Claro) Marcelo Jeneci, Daniel Gonzaga (filho do compositor Gonzaguinha), Baile do Simonal, Thiago Pethit e Mart\u2019N\u00e1lia.<\/p>\n<p>S\u00e3o os nomes mais badalados da nova m\u00fasica popular brasileira e estar\u00e3o tocando de gra\u00e7a no Engenho Central e Teatro Municipal.<\/p>\n<p>Tamb\u00e9m em Piracicaba, a Focus Cia. de Dan\u00e7a apresenta &#8220;As Can\u00e7\u00f5es que Voc\u00ea Dan\u00e7ou Pra Mim&#8221;, inspirado nas m\u00fasicas do cantor e compositor Roberto Carlos.<\/p>\n<p><strong>Programa\u00e7\u00e3o dos Eventos:<\/strong><\/p>\n<p><strong>Engenho Central<\/strong><\/p>\n<p>18h30 \u2013 DJ George S<br \/>\n19h30 \u2013 5 A Seco<br \/>\n20h30 \u2013 Gigante Produ\u00e7\u00f5es \u2013 Alegria de Palha\u00e7o \u00e9 Ver a Virada Pegar Fogo!<br \/>\n21h \u2013 Retroverso<br \/>\n22h \u2013 Gigante Produ\u00e7\u00f5es \u2013 Malabares no Ar, Malabares na M\u00e3o<br \/>\n22h30 \u2013 Daniel Gonzaga<br \/>\n23h30 \u2013 Gigante Produ\u00e7\u00f5es \u2013 Estripulias (interven\u00e7\u00e3o circense)<br \/>\n0h \u2013 Baile do Simonal<br \/>\n1h30 \u2013 DJ George S<br \/>\n15h \u2013 Sebasti\u00e3o Marinho e Luzivan Matias<br \/>\n16h \u2013 Los Circo Los \u2013 Circulando<br \/>\n16h30 \u2013 Banda Gl\u00f3ria<br \/>\n17h30 \u2013 Los Circo Los \u2013 Circulando<br \/>\n18h \u2013 Mart\u2019nalia<\/p>\n<p><a title=\"Teatro Municipal Doutor Losso Netto\" href=\"http:\/\/www.encontrapiracicaba.com.br\/piracicaba\/teatro-municipal-dr-em-piracicaba.shtml\" target=\"_blank\"><strong>Teatro Municipal Doutor Losso Netto<\/strong><\/a><br \/>\n<a title=\"Avenida Independ\u00eancia\" href=\"http:\/\/www.encontrasp.com.br\/piracicaba-centro\/guia-de-ruas\/avenida-independencia.html\">Avenida Independ\u00eancia<\/a>, 277, Centro<\/p>\n<p><strong><\/strong>18h \u2013 Abertura oficial<br \/>\n18h30 \u2013 Focus Cia de Dan\u00e7a<br \/>\n19h30 \u2013 Cris Oliveira (dan\u00e7a)<br \/>\n20h30 \u2013 Cia de Teatro Parafernalia \u2013 Maria Lavadeira<br \/>\n21h30 \u2013 Cris Oliveira (dan\u00e7a)<br \/>\n22h30 \u2013 Anna Setton<br \/>\n23h30 \u2013 Cris Oliveira (dan\u00e7a)<br \/>\n0h30 \u2013 Thiago Pethit<br \/>\n2h \u2013 Cris Oliveira (dan\u00e7a)<br \/>\n2h30 \u2013 Ruddy Landucci (stand up)<br \/>\n10h30 \u2013 Cia Trucks \u2013 Zoo-il\u00f3gico (teatro infantil)<br \/>\n13h \u2013 Seres de luz \u2013 A-las-pi-pe-tu\u00e1!!<br \/>\n13h30 \u2013 Circo de \u00c9banos<br \/>\n14h30 \u2013 Seres de luz \u2013 A-las-pi-pe-tu\u00e1!!<br \/>\n15h \u2013 Marcelo Jeneci<br \/>\n16h \u2013 Seres de Luz \u2013 A-las-pi-pe-tu\u00e1!!<br \/>\n16h30 \u2013 Letuce<\/p>\n<p><em>Fonte: Secretaria Estadual de Cultura<\/em><\/p>\n\n<div style=\"font-size: 0px; height: 0px; line-height: 0px; margin: 0; padding: 0; clear: both;\"><\/div>","protected":false},"excerpt":{"rendered":"<p>A Virada Cultural\u00a0 Paulista 2012, que ser\u00e1 realizada em 27 cidades nos dias 19 e 20 de maio, traz para a cidade vizinha de Piracicaba (39 km da cidade Rio Claro) Marcelo Jeneci, Daniel Gonzaga (filho do compositor Gonzaguinha), Baile do Simonal, Thiago Pethit e Mart\u2019N\u00e1lia. S\u00e3o os nomes mais badalados da nova m\u00fasica popular brasileira e estar\u00e3o tocando de gra\u00e7a no Engenho Central e Teatro Municipal. Tamb\u00e9m em Piracicaba, a Focus Cia. de Dan\u00e7a apresenta &#8220;As Can\u00e7\u00f5es que Voc\u00ea Dan\u00e7ou Pra Mim&#8221;, inspirado nas m\u00fasicas do cantor e compositor Roberto Carlos. Programa\u00e7\u00e3o dos Eventos: Engenho Central 18h30 \u2013 DJ <\/p>\n","protected":false},"author":1,"featured_media":0,"comment_status":"open","ping_status":"closed","sticky":false,"template":"","format":"standard","meta":{"footnotes":""},"categories":[6],"tags":[],"class_list":["post-864","post","type-post","status-publish","format-standard","hentry","category-noticias-em-piracicaba"],"aioseo_notices":[],"aioseo_head":"\n\t\t<!-- All in One SEO 5.0.0.1 - aioseo.com -->\n\t<meta name=\"robots\" content=\"max-image-preview:large\" \/>\n\t<meta name=\"author\" content=\"Encontra Piracicaba\"\/>\n\t<link rel=\"canonical\" href=\"https:\/\/www.encontrapiracicaba.com.br\/sobre\/piracicaba-tem-marcelo-jeneci-e-martnalia-na-virada-cultural\/\" \/>\n\t<meta name=\"generator\" content=\"All in One SEO (AIOSEO) 5.0.0.1\" \/>\n\t\t<meta property=\"og:locale\" content=\"pt_BR\" \/>\n\t\t<meta property=\"og:site_name\" content=\"Encontra Piracicaba | Not\u00edcias, eventos, informa\u00e7\u00f5es e dicas na cidade de Piracicaba e regi\u00e3o\" \/>\n\t\t<meta property=\"og:type\" content=\"article\" \/>\n\t\t<meta property=\"og:title\" content=\"Piracicaba tem Marcelo Jeneci e MartN\u00e1lia na Virada Cultural | Encontra Piracicaba\" \/>\n\t\t<meta property=\"og:url\" content=\"https:\/\/www.encontrapiracicaba.com.br\/sobre\/piracicaba-tem-marcelo-jeneci-e-martnalia-na-virada-cultural\/\" \/>\n\t\t<meta property=\"article:published_time\" content=\"2012-04-04T15:13:30+00:00\" \/>\n\t\t<meta property=\"article:modified_time\" content=\"2019-04-12T19:05:48+00:00\" \/>\n\t\t<meta name=\"twitter:card\" content=\"summary\" \/>\n\t\t<meta name=\"twitter:title\" content=\"Piracicaba tem Marcelo Jeneci e MartN\u00e1lia na Virada Cultural | Encontra Piracicaba\" \/>\n\t\t<script type=\"application\/ld+json\" class=\"aioseo-schema\">\n\t\t\t{\"@context\":\"https:\\\/\\\/schema.org\",\"@graph\":[{\"@type\":\"Article\",\"@id\":\"https:\\\/\\\/www.encontrapiracicaba.com.br\\\/sobre\\\/piracicaba-tem-marcelo-jeneci-e-martnalia-na-virada-cultural\\\/#article\",\"name\":\"Piracicaba tem Marcelo Jeneci e MartN\\u00e1lia na Virada Cultural | Encontra Piracicaba\",\"headline\":\"Piracicaba tem Marcelo Jeneci e MartN\\u00e1lia na Virada Cultural\",\"author\":{\"@id\":\"https:\\\/\\\/www.encontrapiracicaba.com.br\\\/sobre\\\/author\\\/epiracicaba\\\/#author\"},\"publisher\":{\"@id\":\"https:\\\/\\\/www.encontrapiracicaba.com.br\\\/sobre\\\/#organization\"},\"datePublished\":\"2012-04-04T12:13:30-03:00\",\"dateModified\":\"2019-04-12T16:05:48-03:00\",\"inLanguage\":\"pt-BR\",\"mainEntityOfPage\":{\"@id\":\"https:\\\/\\\/www.encontrapiracicaba.com.br\\\/sobre\\\/piracicaba-tem-marcelo-jeneci-e-martnalia-na-virada-cultural\\\/#webpage\"},\"isPartOf\":{\"@id\":\"https:\\\/\\\/www.encontrapiracicaba.com.br\\\/sobre\\\/piracicaba-tem-marcelo-jeneci-e-martnalia-na-virada-cultural\\\/#webpage\"},\"articleSection\":\"Not\\u00edcias Piracicaba\"},{\"@type\":\"BreadcrumbList\",\"@id\":\"https:\\\/\\\/www.encontrapiracicaba.com.br\\\/sobre\\\/piracicaba-tem-marcelo-jeneci-e-martnalia-na-virada-cultural\\\/#breadcrumblist\",\"itemListElement\":[{\"@type\":\"ListItem\",\"@id\":\"https:\\\/\\\/www.encontrapiracicaba.com.br\\\/sobre#listItem\",\"position\":1,\"name\":\"In\\u00edcio\",\"item\":\"https:\\\/\\\/www.encontrapiracicaba.com.br\\\/sobre\",\"nextItem\":{\"@type\":\"ListItem\",\"@id\":\"https:\\\/\\\/www.encontrapiracicaba.com.br\\\/sobre\\\/noticias-em-piracicaba\\\/#listItem\",\"name\":\"Not\\u00edcias Piracicaba\"}},{\"@type\":\"ListItem\",\"@id\":\"https:\\\/\\\/www.encontrapiracicaba.com.br\\\/sobre\\\/noticias-em-piracicaba\\\/#listItem\",\"position\":2,\"name\":\"Not\\u00edcias Piracicaba\",\"item\":\"https:\\\/\\\/www.encontrapiracicaba.com.br\\\/sobre\\\/noticias-em-piracicaba\\\/\",\"nextItem\":{\"@type\":\"ListItem\",\"@id\":\"https:\\\/\\\/www.encontrapiracicaba.com.br\\\/sobre\\\/piracicaba-tem-marcelo-jeneci-e-martnalia-na-virada-cultural\\\/#listItem\",\"name\":\"Piracicaba tem Marcelo Jeneci e MartN\\u00e1lia na Virada Cultural\"},\"previousItem\":{\"@type\":\"ListItem\",\"@id\":\"https:\\\/\\\/www.encontrapiracicaba.com.br\\\/sobre#listItem\",\"name\":\"In\\u00edcio\"}},{\"@type\":\"ListItem\",\"@id\":\"https:\\\/\\\/www.encontrapiracicaba.com.br\\\/sobre\\\/piracicaba-tem-marcelo-jeneci-e-martnalia-na-virada-cultural\\\/#listItem\",\"position\":3,\"name\":\"Piracicaba tem Marcelo Jeneci e MartN\\u00e1lia na Virada Cultural\",\"previousItem\":{\"@type\":\"ListItem\",\"@id\":\"https:\\\/\\\/www.encontrapiracicaba.com.br\\\/sobre\\\/noticias-em-piracicaba\\\/#listItem\",\"name\":\"Not\\u00edcias Piracicaba\"}}]},{\"@type\":\"Organization\",\"@id\":\"https:\\\/\\\/www.encontrapiracicaba.com.br\\\/sobre\\\/#organization\",\"name\":\"Encontra Piracicaba\",\"description\":\"Not\\u00edcias, eventos, informa\\u00e7\\u00f5es e dicas na cidade de Piracicaba e regi\\u00e3o\",\"url\":\"https:\\\/\\\/www.encontrapiracicaba.com.br\\\/sobre\\\/\"},{\"@type\":\"Person\",\"@id\":\"https:\\\/\\\/www.encontrapiracicaba.com.br\\\/sobre\\\/author\\\/epiracicaba\\\/#author\",\"url\":\"https:\\\/\\\/www.encontrapiracicaba.com.br\\\/sobre\\\/author\\\/epiracicaba\\\/\",\"name\":\"Encontra Piracicaba\",\"image\":{\"@type\":\"ImageObject\",\"@id\":\"https:\\\/\\\/www.encontrapiracicaba.com.br\\\/sobre\\\/piracicaba-tem-marcelo-jeneci-e-martnalia-na-virada-cultural\\\/#authorImage\",\"url\":\"https:\\\/\\\/secure.gravatar.com\\\/avatar\\\/507340682b8270222e1f208e23198b6ae7e2c6a1033ae84e99bc6bce4f82a387?s=96&d=mm&r=g\",\"width\":96,\"height\":96,\"caption\":\"Encontra Piracicaba\"}},{\"@type\":\"WebPage\",\"@id\":\"https:\\\/\\\/www.encontrapiracicaba.com.br\\\/sobre\\\/piracicaba-tem-marcelo-jeneci-e-martnalia-na-virada-cultural\\\/#webpage\",\"url\":\"https:\\\/\\\/www.encontrapiracicaba.com.br\\\/sobre\\\/piracicaba-tem-marcelo-jeneci-e-martnalia-na-virada-cultural\\\/\",\"name\":\"Piracicaba tem Marcelo Jeneci e MartN\\u00e1lia na Virada Cultural | Encontra Piracicaba\",\"inLanguage\":\"pt-BR\",\"isPartOf\":{\"@id\":\"https:\\\/\\\/www.encontrapiracicaba.com.br\\\/sobre\\\/#website\"},\"breadcrumb\":{\"@id\":\"https:\\\/\\\/www.encontrapiracicaba.com.br\\\/sobre\\\/piracicaba-tem-marcelo-jeneci-e-martnalia-na-virada-cultural\\\/#breadcrumblist\"},\"author\":{\"@id\":\"https:\\\/\\\/www.encontrapiracicaba.com.br\\\/sobre\\\/author\\\/epiracicaba\\\/#author\"},\"creator\":{\"@id\":\"https:\\\/\\\/www.encontrapiracicaba.com.br\\\/sobre\\\/author\\\/epiracicaba\\\/#author\"},\"datePublished\":\"2012-04-04T12:13:30-03:00\",\"dateModified\":\"2019-04-12T16:05:48-03:00\"},{\"@type\":\"WebSite\",\"@id\":\"https:\\\/\\\/www.encontrapiracicaba.com.br\\\/sobre\\\/#website\",\"url\":\"https:\\\/\\\/www.encontrapiracicaba.com.br\\\/sobre\\\/\",\"name\":\"Encontra Piracicaba\",\"description\":\"Not\\u00edcias, eventos, informa\\u00e7\\u00f5es e dicas na cidade de Piracicaba e regi\\u00e3o\",\"inLanguage\":\"pt-BR\",\"publisher\":{\"@id\":\"https:\\\/\\\/www.encontrapiracicaba.com.br\\\/sobre\\\/#organization\"}}]}\n\t\t<\/script>\n\t\t<!-- All in One SEO -->\n\n","aioseo_head_json":{"title":"Piracicaba tem Marcelo Jeneci e MartN\u00e1lia na Virada Cultural | Encontra Piracicaba","description":"","canonical_url":"https:\/\/www.encontrapiracicaba.com.br\/sobre\/piracicaba-tem-marcelo-jeneci-e-martnalia-na-virada-cultural\/","robots":"max-image-preview:large","keywords":"","webmasterTools":{"miscellaneous":""},"schema":{"@context":"https:\/\/schema.org","@graph":[{"@type":"Article","@id":"https:\/\/www.encontrapiracicaba.com.br\/sobre\/piracicaba-tem-marcelo-jeneci-e-martnalia-na-virada-cultural\/#article","name":"Piracicaba tem Marcelo Jeneci e MartN\u00e1lia na Virada Cultural | Encontra Piracicaba","headline":"Piracicaba tem Marcelo Jeneci e MartN\u00e1lia na Virada Cultural","author":{"@id":"https:\/\/www.encontrapiracicaba.com.br\/sobre\/author\/epiracicaba\/#author"},"publisher":{"@id":"https:\/\/www.encontrapiracicaba.com.br\/sobre\/#organization"},"datePublished":"2012-04-04T12:13:30-03:00","dateModified":"2019-04-12T16:05:48-03:00","inLanguage":"pt-BR","mainEntityOfPage":{"@id":"https:\/\/www.encontrapiracicaba.com.br\/sobre\/piracicaba-tem-marcelo-jeneci-e-martnalia-na-virada-cultural\/#webpage"},"isPartOf":{"@id":"https:\/\/www.encontrapiracicaba.com.br\/sobre\/piracicaba-tem-marcelo-jeneci-e-martnalia-na-virada-cultural\/#webpage"},"articleSection":"Not\u00edcias Piracicaba"},{"@type":"BreadcrumbList","@id":"https:\/\/www.encontrapiracicaba.com.br\/sobre\/piracicaba-tem-marcelo-jeneci-e-martnalia-na-virada-cultural\/#breadcrumblist","itemListElement":[{"@type":"ListItem","@id":"https:\/\/www.encontrapiracicaba.com.br\/sobre#listItem","position":1,"name":"In\u00edcio","item":"https:\/\/www.encontrapiracicaba.com.br\/sobre","nextItem":{"@type":"ListItem","@id":"https:\/\/www.encontrapiracicaba.com.br\/sobre\/noticias-em-piracicaba\/#listItem","name":"Not\u00edcias Piracicaba"}},{"@type":"ListItem","@id":"https:\/\/www.encontrapiracicaba.com.br\/sobre\/noticias-em-piracicaba\/#listItem","position":2,"name":"Not\u00edcias Piracicaba","item":"https:\/\/www.encontrapiracicaba.com.br\/sobre\/noticias-em-piracicaba\/","nextItem":{"@type":"ListItem","@id":"https:\/\/www.encontrapiracicaba.com.br\/sobre\/piracicaba-tem-marcelo-jeneci-e-martnalia-na-virada-cultural\/#listItem","name":"Piracicaba tem Marcelo Jeneci e MartN\u00e1lia na Virada Cultural"},"previousItem":{"@type":"ListItem","@id":"https:\/\/www.encontrapiracicaba.com.br\/sobre#listItem","name":"In\u00edcio"}},{"@type":"ListItem","@id":"https:\/\/www.encontrapiracicaba.com.br\/sobre\/piracicaba-tem-marcelo-jeneci-e-martnalia-na-virada-cultural\/#listItem","position":3,"name":"Piracicaba tem Marcelo Jeneci e MartN\u00e1lia na Virada Cultural","previousItem":{"@type":"ListItem","@id":"https:\/\/www.encontrapiracicaba.com.br\/sobre\/noticias-em-piracicaba\/#listItem","name":"Not\u00edcias Piracicaba"}}]},{"@type":"Organization","@id":"https:\/\/www.encontrapiracicaba.com.br\/sobre\/#organization","name":"Encontra Piracicaba","description":"Not\u00edcias, eventos, informa\u00e7\u00f5es e dicas na cidade de Piracicaba e regi\u00e3o","url":"https:\/\/www.encontrapiracicaba.com.br\/sobre\/"},{"@type":"Person","@id":"https:\/\/www.encontrapiracicaba.com.br\/sobre\/author\/epiracicaba\/#author","url":"https:\/\/www.encontrapiracicaba.com.br\/sobre\/author\/epiracicaba\/","name":"Encontra Piracicaba","image":{"@type":"ImageObject","@id":"https:\/\/www.encontrapiracicaba.com.br\/sobre\/piracicaba-tem-marcelo-jeneci-e-martnalia-na-virada-cultural\/#authorImage","url":"https:\/\/secure.gravatar.com\/avatar\/507340682b8270222e1f208e23198b6ae7e2c6a1033ae84e99bc6bce4f82a387?s=96&d=mm&r=g","width":96,"height":96,"caption":"Encontra Piracicaba"}},{"@type":"WebPage","@id":"https:\/\/www.encontrapiracicaba.com.br\/sobre\/piracicaba-tem-marcelo-jeneci-e-martnalia-na-virada-cultural\/#webpage","url":"https:\/\/www.encontrapiracicaba.com.br\/sobre\/piracicaba-tem-marcelo-jeneci-e-martnalia-na-virada-cultural\/","name":"Piracicaba tem Marcelo Jeneci e MartN\u00e1lia na Virada Cultural | Encontra Piracicaba","inLanguage":"pt-BR","isPartOf":{"@id":"https:\/\/www.encontrapiracicaba.com.br\/sobre\/#website"},"breadcrumb":{"@id":"https:\/\/www.encontrapiracicaba.com.br\/sobre\/piracicaba-tem-marcelo-jeneci-e-martnalia-na-virada-cultural\/#breadcrumblist"},"author":{"@id":"https:\/\/www.encontrapiracicaba.com.br\/sobre\/author\/epiracicaba\/#author"},"creator":{"@id":"https:\/\/www.encontrapiracicaba.com.br\/sobre\/author\/epiracicaba\/#author"},"datePublished":"2012-04-04T12:13:30-03:00","dateModified":"2019-04-12T16:05:48-03:00"},{"@type":"WebSite","@id":"https:\/\/www.encontrapiracicaba.com.br\/sobre\/#website","url":"https:\/\/www.encontrapiracicaba.com.br\/sobre\/","name":"Encontra Piracicaba","description":"Not\u00edcias, eventos, informa\u00e7\u00f5es e dicas na cidade de Piracicaba e regi\u00e3o","inLanguage":"pt-BR","publisher":{"@id":"https:\/\/www.encontrapiracicaba.com.br\/sobre\/#organization"}}]},"og:locale":"pt_BR","og:site_name":"Encontra Piracicaba | Not\u00edcias, eventos, informa\u00e7\u00f5es e dicas na cidade de Piracicaba e regi\u00e3o","og:type":"article","og:title":"Piracicaba tem Marcelo Jeneci e MartN\u00e1lia na Virada Cultural | Encontra Piracicaba","og:url":"https:\/\/www.encontrapiracicaba.com.br\/sobre\/piracicaba-tem-marcelo-jeneci-e-martnalia-na-virada-cultural\/","article:published_time":"2012-04-04T15:13:30+00:00","article:modified_time":"2019-04-12T19:05:48+00:00","twitter:card":"summary","twitter:title":"Piracicaba tem Marcelo Jeneci e MartN\u00e1lia na Virada Cultural | Encontra Piracicaba"},"aioseo_meta_data":{"post_id":"864","title":null,"description":null,"keywords":null,"keyphrases":null,"primary_term":null,"canonical_url":null,"og_title":null,"og_description":null,"og_object_type":"default","og_image_type":"default","og_image_url":null,"og_image_width":null,"og_image_height":null,"og_image_custom_url":null,"og_image_custom_fields":null,"og_video":null,"og_custom_url":null,"og_article_section":null,"og_article_tags":null,"twitter_use_og":false,"twitter_card":"default","twitter_image_type":"default","twitter_image_url":null,"twitter_image_custom_url":null,"twitter_image_custom_fields":null,"twitter_title":null,"twitter_description":null,"schema":{"blockGraphs":[],"customGraphs":[],"default":{"data":{"Article":[],"Course":[],"Dataset":[],"FAQPage":[],"Movie":[],"Person":[],"Product":[],"ProductReview":[],"Car":[],"Recipe":[],"Service":[],"SoftwareApplication":[],"WebPage":[]},"graphName":"Article","isEnabled":true},"graphs":[]},"schema_type":null,"schema_type_options":null,"pillar_content":false,"robots_default":true,"robots_noindex":false,"robots_noarchive":false,"robots_nosnippet":false,"robots_nofollow":false,"robots_noimageindex":false,"robots_noodp":false,"robots_notranslate":false,"robots_max_snippet":null,"robots_max_videopreview":null,"robots_max_imagepreview":"large","priority":null,"frequency":null,"local_seo":null,"breadcrumb_settings":null,"limit_modified_date":false,"ai":null,"created":"2021-08-13 20:59:25","updated":"2025-10-03 23:48:27","focus_keyword":null,"additional_keywords":null,"truseo_locale":null,"seo_analyzer_scan_date":null},"aioseo_breadcrumb":"<div class=\"aioseo-breadcrumbs\"><span class=\"aioseo-breadcrumb\">\n\t\t\t<a href=\"https:\/\/www.encontrapiracicaba.com.br\/sobre\" title=\"In\u00edcio\">In\u00edcio<\/a>\n\t\t<\/span><span class=\"aioseo-breadcrumb-separator\">&raquo;<\/span><span class=\"aioseo-breadcrumb\">\n\t\t\t<a href=\"https:\/\/www.encontrapiracicaba.com.br\/sobre\/noticias-em-piracicaba\/\" title=\"Not\u00edcias Piracicaba\">Not\u00edcias Piracicaba<\/a>\n\t\t<\/span><span class=\"aioseo-breadcrumb-separator\">&raquo;<\/span><span class=\"aioseo-breadcrumb\">\n\t\t\tPiracicaba tem Marcelo Jeneci e MartN\u00e1lia na Virada Cultural\n\t\t<\/span><\/div>","aioseo_breadcrumb_json":[{"label":"In\u00edcio","link":"https:\/\/www.encontrapiracicaba.com.br\/sobre"},{"label":"Not\u00edcias Piracicaba","link":"https:\/\/www.encontrapiracicaba.com.br\/sobre\/noticias-em-piracicaba\/"},{"label":"Piracicaba tem Marcelo Jeneci e MartN\u00e1lia na Virada Cultural","link":"https:\/\/www.encontrapiracicaba.com.br\/sobre\/piracicaba-tem-marcelo-jeneci-e-martnalia-na-virada-cultural\/"}],"_links":{"self":[{"href":"https:\/\/www.encontrapiracicaba.com.br\/sobre\/wp-json\/wp\/v2\/posts\/864","targetHints":{"allow":["GET"]}}],"collection":[{"href":"https:\/\/www.encontrapiracicaba.com.br\/sobre\/wp-json\/wp\/v2\/posts"}],"about":[{"href":"https:\/\/www.encontrapiracicaba.com.br\/sobre\/wp-json\/wp\/v2\/types\/post"}],"author":[{"embeddable":true,"href":"https:\/\/www.encontrapiracicaba.com.br\/sobre\/wp-json\/wp\/v2\/users\/1"}],"replies":[{"embeddable":true,"href":"https:\/\/www.encontrapiracicaba.com.br\/sobre\/wp-json\/wp\/v2\/comments?post=864"}],"version-history":[{"count":4,"href":"https:\/\/www.encontrapiracicaba.com.br\/sobre\/wp-json\/wp\/v2\/posts\/864\/revisions"}],"predecessor-version":[{"id":2693,"href":"https:\/\/www.encontrapiracicaba.com.br\/sobre\/wp-json\/wp\/v2\/posts\/864\/revisions\/2693"}],"wp:attachment":[{"href":"https:\/\/www.encontrapiracicaba.com.br\/sobre\/wp-json\/wp\/v2\/media?parent=864"}],"wp:term":[{"taxonomy":"category","embeddable":true,"href":"https:\/\/www.encontrapiracicaba.com.br\/sobre\/wp-json\/wp\/v2\/categories?post=864"},{"taxonomy":"post_tag","embeddable":true,"href":"https:\/\/www.encontrapiracicaba.com.br\/sobre\/wp-json\/wp\/v2\/tags?post=864"}],"curies":[{"name":"wp","href":"https:\/\/api.w.org\/{rel}","templated":true}]}}