{"id":878,"date":"2012-04-18T13:20:28","date_gmt":"2012-04-18T16:20:28","guid":{"rendered":"http:\/\/www.encontrapiracicaba.com.br\/noticias\/?p=878"},"modified":"2019-04-12T16:05:48","modified_gmt":"2019-04-12T19:05:48","slug":"a-duas-semanas-do-prazo-59-ainda-nao-declararam-o-irpf-em-piracicaba","status":"publish","type":"post","link":"https:\/\/www.encontrapiracicaba.com.br\/sobre\/a-duas-semanas-do-prazo-59-ainda-nao-declararam-o-irpf-em-piracicaba\/","title":{"rendered":"A duas semanas do prazo, 59% ainda n\u00e3o declararam o IRPF em Piracicaba"},"content":{"rendered":"<div class=\"85df007ed5c0c4d4b453fd13a37855e8\" data-index=\"1\" style=\"float: none; margin:0px;\">\n<!-- Anuncio display - global -->\r\n<ins class=\"adsbygoogle\"\r\n     style=\"display:block\"\r\n     data-ad-client=\"ca-pub-8585364105181520\"\r\n     data-ad-slot=\"8789329856\"\r\n     data-ad-format=\"auto\"\r\n     data-full-width-responsive=\"true\"><\/ins>\r\n<script>\r\n     (adsbygoogle = window.adsbygoogle || []).push({});\r\n<\/script>\n<\/div>\n<p>A duas semanas do fim do prazo para entrega do Imposto de Renda da Pessoa F\u00edsica (IRPF), 59% da popula\u00e7\u00e3o de Piracicaba (SP) ainda n\u00e3o fez a declara\u00e7\u00e3o, segundo dados da Delegacia Regional da Receita Federal. A expectativa \u00e9 que 81 mil pessoas apresentem o documento no munic\u00edpio, mas at\u00e9 agora somente 32.760 o fizeram.<\/p>\n<p>\u201cN\u00f3s nunca tivemos problemas de recep\u00e7\u00e3o nos \u00faltimos dias, mas estamos preocupados com esse montante que \u00e9 mais da metade do que temos que receber\u201d, explicou o delegado regional da Receita Federal Luiz Antonio Arthuso.<\/p>\n<p>Segundo ele, 12 a 15% das pessoas entregam a declara\u00e7\u00e3o apenas no dia 29 de abril, v\u00e9spera do encerramento do prazo, data em que normalmente \u00e9 a mais movimentada. \u201cAs pessoas t\u00eam dificuldades para encontrar os documentos e v\u00e3o deixando para a \u00faltima hora, mas \u00e9 importante tentar adiantar ao m\u00e1ximo a declara\u00e7\u00e3o para n\u00e3o ter problemas no final.\u201d, afirmou Arthuso. O imposto de renda deve ser declarado por todos os trabalhadores que ganharam a partir de R$ 23.499 no ano de 2011.<\/p>\n<p><strong>Regi\u00e3o<\/strong><br \/>\nEm rela\u00e7\u00e3o \u00e0 regi\u00e3o de Piracicaba, que abrange 25 cidades da jurisdi\u00e7\u00e3o da delegacia da Receita Federal, a expectativa \u00e9 que sejam recebidas 266.210 declara\u00e7\u00f5es. Entretanto, at\u00e9 o momento chegaram somente 110.763 e ainda faltam 58% de declara\u00e7\u00f5es.<\/p>\n<p><strong>Como declarar<\/strong><br \/>\nO programa do IR deste ano e o aplicativo necess\u00e1rio para enviar o documento est\u00e3o dispon\u00edveis para download no site da Receita Federal. O programa n\u00e3o pode ser baixado em tablets ou smartphones.<\/p>\n<p>A declara\u00e7\u00e3o poder\u00e1 ser enviada at\u00e9 30 de abril pela internet ou via disquete nas ag\u00eancias do Banco do Brasil ou da Caixa Econ\u00f4mica Federal, durante o seu hor\u00e1rio de expediente. A entrega do documento, via formul\u00e1rio, foi extinta em 2010.<\/p>\n<p><em>Fonte: G1<\/em><\/p>\n\n<div style=\"font-size: 0px; height: 0px; line-height: 0px; margin: 0; padding: 0; clear: both;\"><\/div>","protected":false},"excerpt":{"rendered":"<p>A duas semanas do fim do prazo para entrega do Imposto de Renda da Pessoa F\u00edsica (IRPF), 59% da popula\u00e7\u00e3o de Piracicaba (SP) ainda n\u00e3o fez a declara\u00e7\u00e3o, segundo dados da Delegacia Regional da Receita Federal. A expectativa \u00e9 que 81 mil pessoas apresentem o documento no munic\u00edpio, mas at\u00e9 agora somente 32.760 o fizeram. \u201cN\u00f3s nunca tivemos problemas de recep\u00e7\u00e3o nos \u00faltimos dias, mas estamos preocupados com esse montante que \u00e9 mais da metade do que temos que receber\u201d, explicou o delegado regional da Receita Federal Luiz Antonio Arthuso. Segundo ele, 12 a 15% das pessoas entregam a declara\u00e7\u00e3o <\/p>\n","protected":false},"author":1,"featured_media":0,"comment_status":"open","ping_status":"closed","sticky":false,"template":"","format":"standard","meta":{"footnotes":""},"categories":[6],"tags":[],"class_list":["post-878","post","type-post","status-publish","format-standard","hentry","category-noticias-em-piracicaba"],"aioseo_notices":[],"aioseo_head":"\n\t\t<!-- All in One SEO 5.0.0.1 - aioseo.com -->\n\t<meta name=\"robots\" content=\"max-image-preview:large\" \/>\n\t<meta name=\"author\" content=\"Encontra Piracicaba\"\/>\n\t<link rel=\"canonical\" href=\"https:\/\/www.encontrapiracicaba.com.br\/sobre\/a-duas-semanas-do-prazo-59-ainda-nao-declararam-o-irpf-em-piracicaba\/\" \/>\n\t<meta name=\"generator\" content=\"All in One SEO (AIOSEO) 5.0.0.1\" \/>\n\t\t<meta property=\"og:locale\" content=\"pt_BR\" \/>\n\t\t<meta property=\"og:site_name\" content=\"Encontra Piracicaba | Not\u00edcias, eventos, informa\u00e7\u00f5es e dicas na cidade de Piracicaba e regi\u00e3o\" \/>\n\t\t<meta property=\"og:type\" content=\"article\" \/>\n\t\t<meta property=\"og:title\" content=\"A duas semanas do prazo, 59% ainda n\u00e3o declararam o IRPF em Piracicaba | Encontra Piracicaba\" \/>\n\t\t<meta property=\"og:url\" content=\"https:\/\/www.encontrapiracicaba.com.br\/sobre\/a-duas-semanas-do-prazo-59-ainda-nao-declararam-o-irpf-em-piracicaba\/\" \/>\n\t\t<meta property=\"article:published_time\" content=\"2012-04-18T16:20:28+00:00\" \/>\n\t\t<meta property=\"article:modified_time\" content=\"2019-04-12T19:05:48+00:00\" \/>\n\t\t<meta name=\"twitter:card\" content=\"summary\" \/>\n\t\t<meta name=\"twitter:title\" content=\"A duas semanas do prazo, 59% ainda n\u00e3o declararam o IRPF em Piracicaba | Encontra Piracicaba\" \/>\n\t\t<script type=\"application\/ld+json\" class=\"aioseo-schema\">\n\t\t\t{\"@context\":\"https:\\\/\\\/schema.org\",\"@graph\":[{\"@type\":\"Article\",\"@id\":\"https:\\\/\\\/www.encontrapiracicaba.com.br\\\/sobre\\\/a-duas-semanas-do-prazo-59-ainda-nao-declararam-o-irpf-em-piracicaba\\\/#article\",\"name\":\"A duas semanas do prazo, 59% ainda n\\u00e3o declararam o IRPF em Piracicaba | Encontra Piracicaba\",\"headline\":\"A duas semanas do prazo, 59% ainda n\\u00e3o declararam o IRPF em Piracicaba\",\"author\":{\"@id\":\"https:\\\/\\\/www.encontrapiracicaba.com.br\\\/sobre\\\/author\\\/epiracicaba\\\/#author\"},\"publisher\":{\"@id\":\"https:\\\/\\\/www.encontrapiracicaba.com.br\\\/sobre\\\/#organization\"},\"datePublished\":\"2012-04-18T13:20:28-03:00\",\"dateModified\":\"2019-04-12T16:05:48-03:00\",\"inLanguage\":\"pt-BR\",\"mainEntityOfPage\":{\"@id\":\"https:\\\/\\\/www.encontrapiracicaba.com.br\\\/sobre\\\/a-duas-semanas-do-prazo-59-ainda-nao-declararam-o-irpf-em-piracicaba\\\/#webpage\"},\"isPartOf\":{\"@id\":\"https:\\\/\\\/www.encontrapiracicaba.com.br\\\/sobre\\\/a-duas-semanas-do-prazo-59-ainda-nao-declararam-o-irpf-em-piracicaba\\\/#webpage\"},\"articleSection\":\"Not\\u00edcias Piracicaba\"},{\"@type\":\"BreadcrumbList\",\"@id\":\"https:\\\/\\\/www.encontrapiracicaba.com.br\\\/sobre\\\/a-duas-semanas-do-prazo-59-ainda-nao-declararam-o-irpf-em-piracicaba\\\/#breadcrumblist\",\"itemListElement\":[{\"@type\":\"ListItem\",\"@id\":\"https:\\\/\\\/www.encontrapiracicaba.com.br\\\/sobre#listItem\",\"position\":1,\"name\":\"In\\u00edcio\",\"item\":\"https:\\\/\\\/www.encontrapiracicaba.com.br\\\/sobre\",\"nextItem\":{\"@type\":\"ListItem\",\"@id\":\"https:\\\/\\\/www.encontrapiracicaba.com.br\\\/sobre\\\/noticias-em-piracicaba\\\/#listItem\",\"name\":\"Not\\u00edcias Piracicaba\"}},{\"@type\":\"ListItem\",\"@id\":\"https:\\\/\\\/www.encontrapiracicaba.com.br\\\/sobre\\\/noticias-em-piracicaba\\\/#listItem\",\"position\":2,\"name\":\"Not\\u00edcias Piracicaba\",\"item\":\"https:\\\/\\\/www.encontrapiracicaba.com.br\\\/sobre\\\/noticias-em-piracicaba\\\/\",\"nextItem\":{\"@type\":\"ListItem\",\"@id\":\"https:\\\/\\\/www.encontrapiracicaba.com.br\\\/sobre\\\/a-duas-semanas-do-prazo-59-ainda-nao-declararam-o-irpf-em-piracicaba\\\/#listItem\",\"name\":\"A duas semanas do prazo, 59% ainda n\\u00e3o declararam o IRPF em Piracicaba\"},\"previousItem\":{\"@type\":\"ListItem\",\"@id\":\"https:\\\/\\\/www.encontrapiracicaba.com.br\\\/sobre#listItem\",\"name\":\"In\\u00edcio\"}},{\"@type\":\"ListItem\",\"@id\":\"https:\\\/\\\/www.encontrapiracicaba.com.br\\\/sobre\\\/a-duas-semanas-do-prazo-59-ainda-nao-declararam-o-irpf-em-piracicaba\\\/#listItem\",\"position\":3,\"name\":\"A duas semanas do prazo, 59% ainda n\\u00e3o declararam o IRPF em Piracicaba\",\"previousItem\":{\"@type\":\"ListItem\",\"@id\":\"https:\\\/\\\/www.encontrapiracicaba.com.br\\\/sobre\\\/noticias-em-piracicaba\\\/#listItem\",\"name\":\"Not\\u00edcias Piracicaba\"}}]},{\"@type\":\"Organization\",\"@id\":\"https:\\\/\\\/www.encontrapiracicaba.com.br\\\/sobre\\\/#organization\",\"name\":\"Encontra Piracicaba\",\"description\":\"Not\\u00edcias, eventos, informa\\u00e7\\u00f5es e dicas na cidade de Piracicaba e regi\\u00e3o\",\"url\":\"https:\\\/\\\/www.encontrapiracicaba.com.br\\\/sobre\\\/\"},{\"@type\":\"Person\",\"@id\":\"https:\\\/\\\/www.encontrapiracicaba.com.br\\\/sobre\\\/author\\\/epiracicaba\\\/#author\",\"url\":\"https:\\\/\\\/www.encontrapiracicaba.com.br\\\/sobre\\\/author\\\/epiracicaba\\\/\",\"name\":\"Encontra Piracicaba\",\"image\":{\"@type\":\"ImageObject\",\"@id\":\"https:\\\/\\\/www.encontrapiracicaba.com.br\\\/sobre\\\/a-duas-semanas-do-prazo-59-ainda-nao-declararam-o-irpf-em-piracicaba\\\/#authorImage\",\"url\":\"https:\\\/\\\/secure.gravatar.com\\\/avatar\\\/507340682b8270222e1f208e23198b6ae7e2c6a1033ae84e99bc6bce4f82a387?s=96&d=mm&r=g\",\"width\":96,\"height\":96,\"caption\":\"Encontra Piracicaba\"}},{\"@type\":\"WebPage\",\"@id\":\"https:\\\/\\\/www.encontrapiracicaba.com.br\\\/sobre\\\/a-duas-semanas-do-prazo-59-ainda-nao-declararam-o-irpf-em-piracicaba\\\/#webpage\",\"url\":\"https:\\\/\\\/www.encontrapiracicaba.com.br\\\/sobre\\\/a-duas-semanas-do-prazo-59-ainda-nao-declararam-o-irpf-em-piracicaba\\\/\",\"name\":\"A duas semanas do prazo, 59% ainda n\\u00e3o declararam o IRPF em Piracicaba | Encontra Piracicaba\",\"inLanguage\":\"pt-BR\",\"isPartOf\":{\"@id\":\"https:\\\/\\\/www.encontrapiracicaba.com.br\\\/sobre\\\/#website\"},\"breadcrumb\":{\"@id\":\"https:\\\/\\\/www.encontrapiracicaba.com.br\\\/sobre\\\/a-duas-semanas-do-prazo-59-ainda-nao-declararam-o-irpf-em-piracicaba\\\/#breadcrumblist\"},\"author\":{\"@id\":\"https:\\\/\\\/www.encontrapiracicaba.com.br\\\/sobre\\\/author\\\/epiracicaba\\\/#author\"},\"creator\":{\"@id\":\"https:\\\/\\\/www.encontrapiracicaba.com.br\\\/sobre\\\/author\\\/epiracicaba\\\/#author\"},\"datePublished\":\"2012-04-18T13:20:28-03:00\",\"dateModified\":\"2019-04-12T16:05:48-03:00\"},{\"@type\":\"WebSite\",\"@id\":\"https:\\\/\\\/www.encontrapiracicaba.com.br\\\/sobre\\\/#website\",\"url\":\"https:\\\/\\\/www.encontrapiracicaba.com.br\\\/sobre\\\/\",\"name\":\"Encontra Piracicaba\",\"description\":\"Not\\u00edcias, eventos, informa\\u00e7\\u00f5es e dicas na cidade de Piracicaba e regi\\u00e3o\",\"inLanguage\":\"pt-BR\",\"publisher\":{\"@id\":\"https:\\\/\\\/www.encontrapiracicaba.com.br\\\/sobre\\\/#organization\"}}]}\n\t\t<\/script>\n\t\t<!-- All in One SEO -->\n\n","aioseo_head_json":{"title":"A duas semanas do prazo, 59% ainda n\u00e3o declararam o IRPF em Piracicaba | Encontra Piracicaba","description":"","canonical_url":"https:\/\/www.encontrapiracicaba.com.br\/sobre\/a-duas-semanas-do-prazo-59-ainda-nao-declararam-o-irpf-em-piracicaba\/","robots":"max-image-preview:large","keywords":"","webmasterTools":{"miscellaneous":""},"schema":{"@context":"https:\/\/schema.org","@graph":[{"@type":"Article","@id":"https:\/\/www.encontrapiracicaba.com.br\/sobre\/a-duas-semanas-do-prazo-59-ainda-nao-declararam-o-irpf-em-piracicaba\/#article","name":"A duas semanas do prazo, 59% ainda n\u00e3o declararam o IRPF em Piracicaba | Encontra Piracicaba","headline":"A duas semanas do prazo, 59% ainda n\u00e3o declararam o IRPF em Piracicaba","author":{"@id":"https:\/\/www.encontrapiracicaba.com.br\/sobre\/author\/epiracicaba\/#author"},"publisher":{"@id":"https:\/\/www.encontrapiracicaba.com.br\/sobre\/#organization"},"datePublished":"2012-04-18T13:20:28-03:00","dateModified":"2019-04-12T16:05:48-03:00","inLanguage":"pt-BR","mainEntityOfPage":{"@id":"https:\/\/www.encontrapiracicaba.com.br\/sobre\/a-duas-semanas-do-prazo-59-ainda-nao-declararam-o-irpf-em-piracicaba\/#webpage"},"isPartOf":{"@id":"https:\/\/www.encontrapiracicaba.com.br\/sobre\/a-duas-semanas-do-prazo-59-ainda-nao-declararam-o-irpf-em-piracicaba\/#webpage"},"articleSection":"Not\u00edcias Piracicaba"},{"@type":"BreadcrumbList","@id":"https:\/\/www.encontrapiracicaba.com.br\/sobre\/a-duas-semanas-do-prazo-59-ainda-nao-declararam-o-irpf-em-piracicaba\/#breadcrumblist","itemListElement":[{"@type":"ListItem","@id":"https:\/\/www.encontrapiracicaba.com.br\/sobre#listItem","position":1,"name":"In\u00edcio","item":"https:\/\/www.encontrapiracicaba.com.br\/sobre","nextItem":{"@type":"ListItem","@id":"https:\/\/www.encontrapiracicaba.com.br\/sobre\/noticias-em-piracicaba\/#listItem","name":"Not\u00edcias Piracicaba"}},{"@type":"ListItem","@id":"https:\/\/www.encontrapiracicaba.com.br\/sobre\/noticias-em-piracicaba\/#listItem","position":2,"name":"Not\u00edcias Piracicaba","item":"https:\/\/www.encontrapiracicaba.com.br\/sobre\/noticias-em-piracicaba\/","nextItem":{"@type":"ListItem","@id":"https:\/\/www.encontrapiracicaba.com.br\/sobre\/a-duas-semanas-do-prazo-59-ainda-nao-declararam-o-irpf-em-piracicaba\/#listItem","name":"A duas semanas do prazo, 59% ainda n\u00e3o declararam o IRPF em Piracicaba"},"previousItem":{"@type":"ListItem","@id":"https:\/\/www.encontrapiracicaba.com.br\/sobre#listItem","name":"In\u00edcio"}},{"@type":"ListItem","@id":"https:\/\/www.encontrapiracicaba.com.br\/sobre\/a-duas-semanas-do-prazo-59-ainda-nao-declararam-o-irpf-em-piracicaba\/#listItem","position":3,"name":"A duas semanas do prazo, 59% ainda n\u00e3o declararam o IRPF em Piracicaba","previousItem":{"@type":"ListItem","@id":"https:\/\/www.encontrapiracicaba.com.br\/sobre\/noticias-em-piracicaba\/#listItem","name":"Not\u00edcias Piracicaba"}}]},{"@type":"Organization","@id":"https:\/\/www.encontrapiracicaba.com.br\/sobre\/#organization","name":"Encontra Piracicaba","description":"Not\u00edcias, eventos, informa\u00e7\u00f5es e dicas na cidade de Piracicaba e regi\u00e3o","url":"https:\/\/www.encontrapiracicaba.com.br\/sobre\/"},{"@type":"Person","@id":"https:\/\/www.encontrapiracicaba.com.br\/sobre\/author\/epiracicaba\/#author","url":"https:\/\/www.encontrapiracicaba.com.br\/sobre\/author\/epiracicaba\/","name":"Encontra Piracicaba","image":{"@type":"ImageObject","@id":"https:\/\/www.encontrapiracicaba.com.br\/sobre\/a-duas-semanas-do-prazo-59-ainda-nao-declararam-o-irpf-em-piracicaba\/#authorImage","url":"https:\/\/secure.gravatar.com\/avatar\/507340682b8270222e1f208e23198b6ae7e2c6a1033ae84e99bc6bce4f82a387?s=96&d=mm&r=g","width":96,"height":96,"caption":"Encontra Piracicaba"}},{"@type":"WebPage","@id":"https:\/\/www.encontrapiracicaba.com.br\/sobre\/a-duas-semanas-do-prazo-59-ainda-nao-declararam-o-irpf-em-piracicaba\/#webpage","url":"https:\/\/www.encontrapiracicaba.com.br\/sobre\/a-duas-semanas-do-prazo-59-ainda-nao-declararam-o-irpf-em-piracicaba\/","name":"A duas semanas do prazo, 59% ainda n\u00e3o declararam o IRPF em Piracicaba | Encontra Piracicaba","inLanguage":"pt-BR","isPartOf":{"@id":"https:\/\/www.encontrapiracicaba.com.br\/sobre\/#website"},"breadcrumb":{"@id":"https:\/\/www.encontrapiracicaba.com.br\/sobre\/a-duas-semanas-do-prazo-59-ainda-nao-declararam-o-irpf-em-piracicaba\/#breadcrumblist"},"author":{"@id":"https:\/\/www.encontrapiracicaba.com.br\/sobre\/author\/epiracicaba\/#author"},"creator":{"@id":"https:\/\/www.encontrapiracicaba.com.br\/sobre\/author\/epiracicaba\/#author"},"datePublished":"2012-04-18T13:20:28-03:00","dateModified":"2019-04-12T16:05:48-03:00"},{"@type":"WebSite","@id":"https:\/\/www.encontrapiracicaba.com.br\/sobre\/#website","url":"https:\/\/www.encontrapiracicaba.com.br\/sobre\/","name":"Encontra Piracicaba","description":"Not\u00edcias, eventos, informa\u00e7\u00f5es e dicas na cidade de Piracicaba e regi\u00e3o","inLanguage":"pt-BR","publisher":{"@id":"https:\/\/www.encontrapiracicaba.com.br\/sobre\/#organization"}}]},"og:locale":"pt_BR","og:site_name":"Encontra Piracicaba | Not\u00edcias, eventos, informa\u00e7\u00f5es e dicas na cidade de Piracicaba e regi\u00e3o","og:type":"article","og:title":"A duas semanas do prazo, 59% ainda n\u00e3o declararam o IRPF em Piracicaba | Encontra Piracicaba","og:url":"https:\/\/www.encontrapiracicaba.com.br\/sobre\/a-duas-semanas-do-prazo-59-ainda-nao-declararam-o-irpf-em-piracicaba\/","article:published_time":"2012-04-18T16:20:28+00:00","article:modified_time":"2019-04-12T19:05:48+00:00","twitter:card":"summary","twitter:title":"A duas semanas do prazo, 59% ainda n\u00e3o declararam o IRPF em Piracicaba | Encontra Piracicaba"},"aioseo_meta_data":{"post_id":"878","title":null,"description":null,"keywords":null,"keyphrases":null,"primary_term":null,"canonical_url":null,"og_title":null,"og_description":null,"og_object_type":"default","og_image_type":"default","og_image_url":null,"og_image_width":null,"og_image_height":null,"og_image_custom_url":null,"og_image_custom_fields":null,"og_video":null,"og_custom_url":null,"og_article_section":null,"og_article_tags":null,"twitter_use_og":false,"twitter_card":"default","twitter_image_type":"default","twitter_image_url":null,"twitter_image_custom_url":null,"twitter_image_custom_fields":null,"twitter_title":null,"twitter_description":null,"schema":{"blockGraphs":[],"customGraphs":[],"default":{"data":{"Article":[],"Course":[],"Dataset":[],"FAQPage":[],"Movie":[],"Person":[],"Product":[],"ProductReview":[],"Car":[],"Recipe":[],"Service":[],"SoftwareApplication":[],"WebPage":[]},"graphName":"Article","isEnabled":true},"graphs":[]},"schema_type":null,"schema_type_options":null,"pillar_content":false,"robots_default":true,"robots_noindex":false,"robots_noarchive":false,"robots_nosnippet":false,"robots_nofollow":false,"robots_noimageindex":false,"robots_noodp":false,"robots_notranslate":false,"robots_max_snippet":null,"robots_max_videopreview":null,"robots_max_imagepreview":"large","priority":null,"frequency":null,"local_seo":null,"breadcrumb_settings":null,"limit_modified_date":false,"ai":null,"created":"2021-08-13 20:59:25","updated":"2025-10-03 23:57:38","focus_keyword":null,"additional_keywords":null,"truseo_locale":null,"seo_analyzer_scan_date":null},"aioseo_breadcrumb":"<div class=\"aioseo-breadcrumbs\"><span class=\"aioseo-breadcrumb\">\n\t\t\t<a href=\"https:\/\/www.encontrapiracicaba.com.br\/sobre\" title=\"In\u00edcio\">In\u00edcio<\/a>\n\t\t<\/span><span class=\"aioseo-breadcrumb-separator\">&raquo;<\/span><span class=\"aioseo-breadcrumb\">\n\t\t\t<a href=\"https:\/\/www.encontrapiracicaba.com.br\/sobre\/noticias-em-piracicaba\/\" title=\"Not\u00edcias Piracicaba\">Not\u00edcias Piracicaba<\/a>\n\t\t<\/span><span class=\"aioseo-breadcrumb-separator\">&raquo;<\/span><span class=\"aioseo-breadcrumb\">\n\t\t\tA duas semanas do prazo, 59% ainda n\u00e3o declararam o IRPF em Piracicaba\n\t\t<\/span><\/div>","aioseo_breadcrumb_json":[{"label":"In\u00edcio","link":"https:\/\/www.encontrapiracicaba.com.br\/sobre"},{"label":"Not\u00edcias Piracicaba","link":"https:\/\/www.encontrapiracicaba.com.br\/sobre\/noticias-em-piracicaba\/"},{"label":"A duas semanas do prazo, 59% ainda n\u00e3o declararam o IRPF em Piracicaba","link":"https:\/\/www.encontrapiracicaba.com.br\/sobre\/a-duas-semanas-do-prazo-59-ainda-nao-declararam-o-irpf-em-piracicaba\/"}],"_links":{"self":[{"href":"https:\/\/www.encontrapiracicaba.com.br\/sobre\/wp-json\/wp\/v2\/posts\/878","targetHints":{"allow":["GET"]}}],"collection":[{"href":"https:\/\/www.encontrapiracicaba.com.br\/sobre\/wp-json\/wp\/v2\/posts"}],"about":[{"href":"https:\/\/www.encontrapiracicaba.com.br\/sobre\/wp-json\/wp\/v2\/types\/post"}],"author":[{"embeddable":true,"href":"https:\/\/www.encontrapiracicaba.com.br\/sobre\/wp-json\/wp\/v2\/users\/1"}],"replies":[{"embeddable":true,"href":"https:\/\/www.encontrapiracicaba.com.br\/sobre\/wp-json\/wp\/v2\/comments?post=878"}],"version-history":[{"count":2,"href":"https:\/\/www.encontrapiracicaba.com.br\/sobre\/wp-json\/wp\/v2\/posts\/878\/revisions"}],"predecessor-version":[{"id":2235,"href":"https:\/\/www.encontrapiracicaba.com.br\/sobre\/wp-json\/wp\/v2\/posts\/878\/revisions\/2235"}],"wp:attachment":[{"href":"https:\/\/www.encontrapiracicaba.com.br\/sobre\/wp-json\/wp\/v2\/media?parent=878"}],"wp:term":[{"taxonomy":"category","embeddable":true,"href":"https:\/\/www.encontrapiracicaba.com.br\/sobre\/wp-json\/wp\/v2\/categories?post=878"},{"taxonomy":"post_tag","embeddable":true,"href":"https:\/\/www.encontrapiracicaba.com.br\/sobre\/wp-json\/wp\/v2\/tags?post=878"}],"curies":[{"name":"wp","href":"https:\/\/api.w.org\/{rel}","templated":true}]}}