{"id":899,"date":"2012-05-03T09:52:41","date_gmt":"2012-05-03T12:52:41","guid":{"rendered":"http:\/\/www.encontrapiracicaba.com.br\/noticias\/?p=899"},"modified":"2019-04-12T16:05:48","modified_gmt":"2019-04-12T19:05:48","slug":"arnaldo-antunes-faz-show-em-piracicaba","status":"publish","type":"post","link":"https:\/\/www.encontrapiracicaba.com.br\/sobre\/arnaldo-antunes-faz-show-em-piracicaba\/","title":{"rendered":"Arnaldo Antunes faz show em Piracicaba"},"content":{"rendered":"<div class=\"85df007ed5c0c4d4b453fd13a37855e8\" data-index=\"1\" style=\"float: none; margin:0px;\">\n<!-- Anuncio display - global -->\r\n<ins class=\"adsbygoogle\"\r\n     style=\"display:block\"\r\n     data-ad-client=\"ca-pub-8585364105181520\"\r\n     data-ad-slot=\"8789329856\"\r\n     data-ad-format=\"auto\"\r\n     data-full-width-responsive=\"true\"><\/ins>\r\n<script>\r\n     (adsbygoogle = window.adsbygoogle || []).push({});\r\n<\/script>\n<\/div>\n<p>Arnaldo Antunes comemora os 30 anos de carreira com a produ\u00e7\u00e3o do \u201cAc\u00fastico MTV\u201d, projeto gravado em dezembro do ano passado e com lan\u00e7amento previsto para o dia 3 de maio na MTV e dispon\u00edveis nas lojas em CD, DVD e Blue-Ray a partir do dia 10. Em Piracicaba, o p\u00fablico poder\u00e1 conferir o show in\u00e9dito no Palco do SESC Piracicaba em 16 de maio, \u00e0s 21h, o primeiro da turn\u00ea que o cantor percorrer\u00e1 o Brasil.<\/p>\n<p>Os ingressos come\u00e7ar\u00e3o a ser vendidos \u00e0s 11h deste dia 1\u00ba de maio pelos seguintes valores antecipados: R$ 5,00 (trabalhadores do com\u00e9rcio de bens e servi\u00e7os matriculados); R$ 10,00 (usu\u00e1rios, estudantes, idosos e professores de rede p\u00fablica) e R$ 20,00 (p\u00fablico em geral). No dia do evento os valores ser\u00e3o R$ 7,50; R$ 15,00 e R$ 30,00 respectivamente.<\/p>\n<p>Com produ\u00e7\u00e3o musical de Liminha e dire\u00e7\u00e3o de Roger Carlomagno, o projeto \u201cAc\u00fastico MTV\u201d re\u00fane banda formada por Edgard Scandurra, Curumin, Marcelo Jeneci, Bet\u00e3o Aguiar e Chico Salem. O repert\u00f3rio transita por temas j\u00e1 gravados com os Tit\u00e3s, com os Tribalistas e sucessos de sua carreira solo, iniciada em 1993, como A Nossa Casa, Debaixo d\u2019\u00c1gua, Sem Voc\u00ea e M\u00fasica Para Ouvir.<\/p>\n<p><em>Fonte: JC Rio Claro<\/em><\/p>\n\n<div style=\"font-size: 0px; height: 0px; line-height: 0px; margin: 0; padding: 0; clear: both;\"><\/div>","protected":false},"excerpt":{"rendered":"<p>Arnaldo Antunes comemora os 30 anos de carreira com a produ\u00e7\u00e3o do \u201cAc\u00fastico MTV\u201d, projeto gravado em dezembro do ano passado e com lan\u00e7amento previsto para o dia 3 de maio na MTV e dispon\u00edveis nas lojas em CD, DVD e Blue-Ray a partir do dia 10. Em Piracicaba, o p\u00fablico poder\u00e1 conferir o show in\u00e9dito no Palco do SESC Piracicaba em 16 de maio, \u00e0s 21h, o primeiro da turn\u00ea que o cantor percorrer\u00e1 o Brasil. Os ingressos come\u00e7ar\u00e3o a ser vendidos \u00e0s 11h deste dia 1\u00ba de maio pelos seguintes valores antecipados: R$ 5,00 (trabalhadores do com\u00e9rcio de <\/p>\n","protected":false},"author":1,"featured_media":0,"comment_status":"open","ping_status":"closed","sticky":false,"template":"","format":"standard","meta":{"footnotes":""},"categories":[9],"tags":[],"class_list":["post-899","post","type-post","status-publish","format-standard","hentry","category-shows-em-piracicaba"],"aioseo_notices":[],"_links":{"self":[{"href":"https:\/\/www.encontrapiracicaba.com.br\/sobre\/wp-json\/wp\/v2\/posts\/899","targetHints":{"allow":["GET"]}}],"collection":[{"href":"https:\/\/www.encontrapiracicaba.com.br\/sobre\/wp-json\/wp\/v2\/posts"}],"about":[{"href":"https:\/\/www.encontrapiracicaba.com.br\/sobre\/wp-json\/wp\/v2\/types\/post"}],"author":[{"embeddable":true,"href":"https:\/\/www.encontrapiracicaba.com.br\/sobre\/wp-json\/wp\/v2\/users\/1"}],"replies":[{"embeddable":true,"href":"https:\/\/www.encontrapiracicaba.com.br\/sobre\/wp-json\/wp\/v2\/comments?post=899"}],"version-history":[{"count":2,"href":"https:\/\/www.encontrapiracicaba.com.br\/sobre\/wp-json\/wp\/v2\/posts\/899\/revisions"}],"predecessor-version":[{"id":2342,"href":"https:\/\/www.encontrapiracicaba.com.br\/sobre\/wp-json\/wp\/v2\/posts\/899\/revisions\/2342"}],"wp:attachment":[{"href":"https:\/\/www.encontrapiracicaba.com.br\/sobre\/wp-json\/wp\/v2\/media?parent=899"}],"wp:term":[{"taxonomy":"category","embeddable":true,"href":"https:\/\/www.encontrapiracicaba.com.br\/sobre\/wp-json\/wp\/v2\/categories?post=899"},{"taxonomy":"post_tag","embeddable":true,"href":"https:\/\/www.encontrapiracicaba.com.br\/sobre\/wp-json\/wp\/v2\/tags?post=899"}],"curies":[{"name":"wp","href":"https:\/\/api.w.org\/{rel}","templated":true}]}}